{"id":9357,"date":"2020-01-09T13:13:43","date_gmt":"2020-01-09T19:13:43","guid":{"rendered":"http:\/\/informante.mx\/?p=9357"},"modified":"2020-01-09T13:13:43","modified_gmt":"2020-01-09T19:13:43","slug":"necesario-fortalecer-al-ivm-nora-lagunes","status":"publish","type":"post","link":"https:\/\/informante.mx\/?p=9357","title":{"rendered":"Necesario fortalecer al IVM: Nora Lagunes"},"content":{"rendered":"\n<p><\/p>\n\n\n\n<p>La realidad que viven las mujeres en el estado hace necesario que se fortalezca la vinculaci\u00f3n con las instituciones de procuraci\u00f3n de justicia, con las de atenci\u00f3n a v\u00edctimas, adem\u00e1s del asesoramiento a municipios en \u00e9stas materias; declar\u00f3 la diputada local Nora Lagunes.<\/p>\n\n\n\n<p>Durante su participaci\u00f3n en la novena sesi\u00f3n ordinaria, la legisladora panista present\u00f3 una iniciativa para reformar la Ley que crea el Instituto Veracruzano de las Mujeres a fin de ampliar las atribuciones del Instituto, para responder al momento hist\u00f3rico que vive el pa\u00eds en materia de derechos humanos de las mujeres, que requiere de fortalecer a la instituci\u00f3n rectora de la igualdad en el estado.<\/p>\n\n\n\n<p>A decir de la vocal de la Comisi\u00f3n para la Igualdad de G\u00e9nero, si bien muchas atribuciones ya las ejerce en su dimensi\u00f3n material, como el apoyo y asesor\u00eda a las autoridades municipales, la capacitaci\u00f3n a las unidades de g\u00e9nero, as\u00ed como su coordinaci\u00f3n con las autoridades responsables de procurar e impartir justicia y de atenci\u00f3n a v\u00edctimas; es fundamental que se se\u00f1alen en la ley para que sean atribuciones formales de la instituci\u00f3n y con ello, dar fuerza vinculatoria a su tarea por la igualdad entre mujeres y hombres.<\/p>\n\n\n\n<p>\u201cPara el funcionamiento eficaz de los Institutos de las Mujeres, es indispensable se les dote de atribuciones espec\u00edficas para que tengan oportunidades reales de ejercer influencia en la formulaci\u00f3n de todas las pol\u00edticas gubernamentales y que se dispongan de suficientes recursos presupuestarios y capacidad profesional  para fortalecerlos, es el motivo principal de la presente iniciativa, consolidar nuestra instituci\u00f3n rectora de la igualdad de g\u00e9nero en el estado\u201d.<\/p>\n\n\n\n<p>La diputada local del Distrito XVIII dijo que con esta iniciativa se busca adicionar otras atribuciones que por la misma naturaleza del Instituto debe realizar, para poder incidir en las pol\u00edticas p\u00fablicas y vigilar que las metas e indicadores se hagan efectivas en los programas presupuestarios, as\u00ed como dar seguimiento a los indicadores con perspectiva de g\u00e9nero de las dependencias y entidades del Poder Ejecutivo, para evaluar el impacto de los programas presupuestarios.<\/p>\n\n\n\n<p>Por \u00faltimo afirm\u00f3 que es importante fortalecer las oficinas regionales del IVM y que \u00e9stas deben contar con personal especializado de acuerdo a las necesidades de las mujeres de la regi\u00f3n donde se establezcan, por ejemplo en las zonas ind\u00edgenas la atenci\u00f3n debe ser con enfoque intercultural, las que se encuentran en zonas urbanas, considerar las condiciones de vida de las mujeres que habitan en las ciudades.<\/p>\n\n\n\n<p>A la iniciativa se sumaron todas las fuerzas pol\u00edticas que conforman la LXV legislatura.<\/p>\n","protected":false},"excerpt":{"rendered":"<p>La realidad que viven las mujeres en el estado hace necesario que se fortalezca la vinculaci\u00f3n con las instituciones de procuraci\u00f3n de justicia, con las de atenci\u00f3n a v\u00edctimas, adem\u00e1s del asesoramiento a municipios en \u00e9stas materias; declar\u00f3 la diputada local Nora Lagunes. Durante su participaci\u00f3n en la novena sesi\u00f3n ordinaria, la legisladora panista present\u00f3 [&hellip;]<\/p>\n","protected":false},"author":1,"featured_media":0,"comment_status":"open","ping_status":"closed","sticky":false,"template":"","format":"standard","meta":{"_uag_custom_page_level_css":"","jetpack_post_was_ever_published":false,"footnotes":""},"categories":[7],"tags":[],"class_list":["post-9357","post","type-post","status-publish","format-standard","hentry","category-legislatura"],"yoast_head":"<!-- This site is optimized with the Yoast SEO plugin v27.3 - https:\/\/yoast.com\/product\/yoast-seo-wordpress\/ -->\n<title>Necesario fortalecer al IVM: Nora Lagunes - Informante.mx<\/title>\n<meta name=\"robots\" content=\"index, follow, max-snippet:-1, max-image-preview:large, max-video-preview:-1\" \/>\n<link rel=\"canonical\" href=\"https:\/\/informante.mx\/?p=9357\" \/>\n<meta property=\"og:locale\" content=\"es_ES\" \/>\n<meta property=\"og:type\" content=\"article\" \/>\n<meta property=\"og:title\" content=\"Necesario fortalecer al IVM: Nora Lagunes - Informante.mx\" \/>\n<meta property=\"og:description\" content=\"La realidad que viven las mujeres en el estado hace necesario que se fortalezca la vinculaci\u00f3n con las instituciones de procuraci\u00f3n de justicia, con las de atenci\u00f3n a v\u00edctimas, adem\u00e1s del asesoramiento a municipios en \u00e9stas materias; declar\u00f3 la diputada local Nora Lagunes. Durante su participaci\u00f3n en la novena sesi\u00f3n ordinaria, la legisladora panista present\u00f3 [&hellip;]\" \/>\n<meta property=\"og:url\" content=\"https:\/\/informante.mx\/?p=9357\" \/>\n<meta property=\"og:site_name\" content=\"Informante.mx\" \/>\n<meta property=\"article:publisher\" content=\"https:\/\/www.facebook.com\/MX.Informante\" \/>\n<meta property=\"article:published_time\" content=\"2020-01-09T19:13:43+00:00\" \/>\n<meta property=\"og:image\" content=\"https:\/\/i0.wp.com\/informante.mx\/wp-content\/uploads\/2020\/01\/NORA.jpeg?fit=1280%2C854&ssl=1\" \/>\n\t<meta property=\"og:image:width\" content=\"1280\" \/>\n\t<meta property=\"og:image:height\" content=\"854\" \/>\n\t<meta property=\"og:image:type\" content=\"image\/jpeg\" \/>\n<meta name=\"author\" content=\"InformanteMX\" \/>\n<meta name=\"twitter:card\" content=\"summary_large_image\" \/>\n<meta name=\"twitter:creator\" content=\"@mx_informante\" \/>\n<meta name=\"twitter:site\" content=\"@mx_informante\" \/>\n<meta name=\"twitter:label1\" content=\"Escrito por\" \/>\n\t<meta name=\"twitter:data1\" content=\"InformanteMX\" \/>\n\t<meta name=\"twitter:label2\" content=\"Tiempo de lectura\" \/>\n\t<meta name=\"twitter:data2\" content=\"2 minutos\" \/>\n<script type=\"application\/ld+json\" class=\"yoast-schema-graph\">{\"@context\":\"https:\\\/\\\/schema.org\",\"@graph\":[{\"@type\":\"NewsArticle\",\"@id\":\"https:\\\/\\\/informante.mx\\\/?p=9357#article\",\"isPartOf\":{\"@id\":\"https:\\\/\\\/informante.mx\\\/?p=9357\"},\"author\":{\"name\":\"InformanteMX\",\"@id\":\"https:\\\/\\\/informante.mx\\\/#\\\/schema\\\/person\\\/3eff91989d2ea76b0a330b416325946c\"},\"headline\":\"Necesario fortalecer al IVM: Nora Lagunes\",\"datePublished\":\"2020-01-09T19:13:43+00:00\",\"mainEntityOfPage\":{\"@id\":\"https:\\\/\\\/informante.mx\\\/?p=9357\"},\"wordCount\":458,\"commentCount\":0,\"publisher\":{\"@id\":\"https:\\\/\\\/informante.mx\\\/#organization\"},\"articleSection\":[\"Legislatura\"],\"inLanguage\":\"es\",\"potentialAction\":[{\"@type\":\"CommentAction\",\"name\":\"Comment\",\"target\":[\"https:\\\/\\\/informante.mx\\\/?p=9357#respond\"]}]},{\"@type\":\"WebPage\",\"@id\":\"https:\\\/\\\/informante.mx\\\/?p=9357\",\"url\":\"https:\\\/\\\/informante.mx\\\/?p=9357\",\"name\":\"Necesario fortalecer al IVM: Nora Lagunes - Informante.mx\",\"isPartOf\":{\"@id\":\"https:\\\/\\\/informante.mx\\\/#website\"},\"datePublished\":\"2020-01-09T19:13:43+00:00\",\"breadcrumb\":{\"@id\":\"https:\\\/\\\/informante.mx\\\/?p=9357#breadcrumb\"},\"inLanguage\":\"es\",\"potentialAction\":[{\"@type\":\"ReadAction\",\"target\":[\"https:\\\/\\\/informante.mx\\\/?p=9357\"]}]},{\"@type\":\"BreadcrumbList\",\"@id\":\"https:\\\/\\\/informante.mx\\\/?p=9357#breadcrumb\",\"itemListElement\":[{\"@type\":\"ListItem\",\"position\":1,\"name\":\"Portada\",\"item\":\"https:\\\/\\\/informante.mx\\\/\"},{\"@type\":\"ListItem\",\"position\":2,\"name\":\"Necesario fortalecer al IVM: Nora Lagunes\"}]},{\"@type\":\"WebSite\",\"@id\":\"https:\\\/\\\/informante.mx\\\/#website\",\"url\":\"https:\\\/\\\/informante.mx\\\/\",\"name\":\"Informante.mx\",\"description\":\"\",\"publisher\":{\"@id\":\"https:\\\/\\\/informante.mx\\\/#organization\"},\"potentialAction\":[{\"@type\":\"SearchAction\",\"target\":{\"@type\":\"EntryPoint\",\"urlTemplate\":\"https:\\\/\\\/informante.mx\\\/?s={search_term_string}\"},\"query-input\":{\"@type\":\"PropertyValueSpecification\",\"valueRequired\":true,\"valueName\":\"search_term_string\"}}],\"inLanguage\":\"es\"},{\"@type\":\"Organization\",\"@id\":\"https:\\\/\\\/informante.mx\\\/#organization\",\"name\":\"Informante.mx\",\"url\":\"https:\\\/\\\/informante.mx\\\/\",\"logo\":{\"@type\":\"ImageObject\",\"inLanguage\":\"es\",\"@id\":\"https:\\\/\\\/informante.mx\\\/#\\\/schema\\\/logo\\\/image\\\/\",\"url\":\"https:\\\/\\\/informante.mx\\\/wp-content\\\/uploads\\\/2019\\\/12\\\/cropped-LOGO-Verde-Apaisado-1024x360O-1.png\",\"contentUrl\":\"https:\\\/\\\/informante.mx\\\/wp-content\\\/uploads\\\/2019\\\/12\\\/cropped-LOGO-Verde-Apaisado-1024x360O-1.png\",\"width\":923,\"height\":180,\"caption\":\"Informante.mx\"},\"image\":{\"@id\":\"https:\\\/\\\/informante.mx\\\/#\\\/schema\\\/logo\\\/image\\\/\"},\"sameAs\":[\"https:\\\/\\\/www.facebook.com\\\/MX.Informante\",\"https:\\\/\\\/x.com\\\/mx_informante\"]},{\"@type\":\"Person\",\"@id\":\"https:\\\/\\\/informante.mx\\\/#\\\/schema\\\/person\\\/3eff91989d2ea76b0a330b416325946c\",\"name\":\"InformanteMX\",\"image\":{\"@type\":\"ImageObject\",\"inLanguage\":\"es\",\"@id\":\"https:\\\/\\\/secure.gravatar.com\\\/avatar\\\/10d802aa739e832aedd2f3fd8544d878871eb22e6ca86fe9a548573e34a28f0e?s=96&d=mm&r=g\",\"url\":\"https:\\\/\\\/secure.gravatar.com\\\/avatar\\\/10d802aa739e832aedd2f3fd8544d878871eb22e6ca86fe9a548573e34a28f0e?s=96&d=mm&r=g\",\"contentUrl\":\"https:\\\/\\\/secure.gravatar.com\\\/avatar\\\/10d802aa739e832aedd2f3fd8544d878871eb22e6ca86fe9a548573e34a28f0e?s=96&d=mm&r=g\",\"caption\":\"InformanteMX\"},\"url\":\"https:\\\/\\\/informante.mx\\\/?author=1\"}]}<\/script>\n<!-- \/ Yoast SEO plugin. -->","yoast_head_json":{"title":"Necesario fortalecer al IVM: Nora Lagunes - Informante.mx","robots":{"index":"index","follow":"follow","max-snippet":"max-snippet:-1","max-image-preview":"max-image-preview:large","max-video-preview":"max-video-preview:-1"},"canonical":"https:\/\/informante.mx\/?p=9357","og_locale":"es_ES","og_type":"article","og_title":"Necesario fortalecer al IVM: Nora Lagunes - Informante.mx","og_description":"La realidad que viven las mujeres en el estado hace necesario que se fortalezca la vinculaci\u00f3n con las instituciones de procuraci\u00f3n de justicia, con las de atenci\u00f3n a v\u00edctimas, adem\u00e1s del asesoramiento a municipios en \u00e9stas materias; declar\u00f3 la diputada local Nora Lagunes. Durante su participaci\u00f3n en la novena sesi\u00f3n ordinaria, la legisladora panista present\u00f3 [&hellip;]","og_url":"https:\/\/informante.mx\/?p=9357","og_site_name":"Informante.mx","article_publisher":"https:\/\/www.facebook.com\/MX.Informante","article_published_time":"2020-01-09T19:13:43+00:00","og_image":[{"width":1280,"height":854,"url":"https:\/\/i0.wp.com\/informante.mx\/wp-content\/uploads\/2020\/01\/NORA.jpeg?fit=1280%2C854&ssl=1","type":"image\/jpeg"}],"author":"InformanteMX","twitter_card":"summary_large_image","twitter_creator":"@mx_informante","twitter_site":"@mx_informante","twitter_misc":{"Escrito por":"InformanteMX","Tiempo de lectura":"2 minutos"},"schema":{"@context":"https:\/\/schema.org","@graph":[{"@type":"NewsArticle","@id":"https:\/\/informante.mx\/?p=9357#article","isPartOf":{"@id":"https:\/\/informante.mx\/?p=9357"},"author":{"name":"InformanteMX","@id":"https:\/\/informante.mx\/#\/schema\/person\/3eff91989d2ea76b0a330b416325946c"},"headline":"Necesario fortalecer al IVM: Nora Lagunes","datePublished":"2020-01-09T19:13:43+00:00","mainEntityOfPage":{"@id":"https:\/\/informante.mx\/?p=9357"},"wordCount":458,"commentCount":0,"publisher":{"@id":"https:\/\/informante.mx\/#organization"},"articleSection":["Legislatura"],"inLanguage":"es","potentialAction":[{"@type":"CommentAction","name":"Comment","target":["https:\/\/informante.mx\/?p=9357#respond"]}]},{"@type":"WebPage","@id":"https:\/\/informante.mx\/?p=9357","url":"https:\/\/informante.mx\/?p=9357","name":"Necesario fortalecer al IVM: Nora Lagunes - Informante.mx","isPartOf":{"@id":"https:\/\/informante.mx\/#website"},"datePublished":"2020-01-09T19:13:43+00:00","breadcrumb":{"@id":"https:\/\/informante.mx\/?p=9357#breadcrumb"},"inLanguage":"es","potentialAction":[{"@type":"ReadAction","target":["https:\/\/informante.mx\/?p=9357"]}]},{"@type":"BreadcrumbList","@id":"https:\/\/informante.mx\/?p=9357#breadcrumb","itemListElement":[{"@type":"ListItem","position":1,"name":"Portada","item":"https:\/\/informante.mx\/"},{"@type":"ListItem","position":2,"name":"Necesario fortalecer al IVM: Nora Lagunes"}]},{"@type":"WebSite","@id":"https:\/\/informante.mx\/#website","url":"https:\/\/informante.mx\/","name":"Informante.mx","description":"","publisher":{"@id":"https:\/\/informante.mx\/#organization"},"potentialAction":[{"@type":"SearchAction","target":{"@type":"EntryPoint","urlTemplate":"https:\/\/informante.mx\/?s={search_term_string}"},"query-input":{"@type":"PropertyValueSpecification","valueRequired":true,"valueName":"search_term_string"}}],"inLanguage":"es"},{"@type":"Organization","@id":"https:\/\/informante.mx\/#organization","name":"Informante.mx","url":"https:\/\/informante.mx\/","logo":{"@type":"ImageObject","inLanguage":"es","@id":"https:\/\/informante.mx\/#\/schema\/logo\/image\/","url":"https:\/\/informante.mx\/wp-content\/uploads\/2019\/12\/cropped-LOGO-Verde-Apaisado-1024x360O-1.png","contentUrl":"https:\/\/informante.mx\/wp-content\/uploads\/2019\/12\/cropped-LOGO-Verde-Apaisado-1024x360O-1.png","width":923,"height":180,"caption":"Informante.mx"},"image":{"@id":"https:\/\/informante.mx\/#\/schema\/logo\/image\/"},"sameAs":["https:\/\/www.facebook.com\/MX.Informante","https:\/\/x.com\/mx_informante"]},{"@type":"Person","@id":"https:\/\/informante.mx\/#\/schema\/person\/3eff91989d2ea76b0a330b416325946c","name":"InformanteMX","image":{"@type":"ImageObject","inLanguage":"es","@id":"https:\/\/secure.gravatar.com\/avatar\/10d802aa739e832aedd2f3fd8544d878871eb22e6ca86fe9a548573e34a28f0e?s=96&d=mm&r=g","url":"https:\/\/secure.gravatar.com\/avatar\/10d802aa739e832aedd2f3fd8544d878871eb22e6ca86fe9a548573e34a28f0e?s=96&d=mm&r=g","contentUrl":"https:\/\/secure.gravatar.com\/avatar\/10d802aa739e832aedd2f3fd8544d878871eb22e6ca86fe9a548573e34a28f0e?s=96&d=mm&r=g","caption":"InformanteMX"},"url":"https:\/\/informante.mx\/?author=1"}]}},"jetpack_featured_media_url":"","uagb_featured_image_src":{"full":false,"thumbnail":false,"medium":false,"medium_large":false,"large":false,"1536x1536":false,"2048x2048":false,"td_0x420":false,"td_0x420_retina":false,"td_80x60":false,"td_80x60_retina":false,"td_100x75":false,"td_100x75_retina":false,"td_180x135":false,"td_180x135_retina":false,"td_238x178":false,"td_238x178_retina":false,"td_265x198":false,"td_265x198_retina":false,"td_300x160":false,"td_300x160_retina":false,"td_300x194":false,"td_300x194_retina":false,"td_300x350":false,"td_300x350_retina":false,"td_341x220":false,"td_341x220_retina":false,"td_341x400":false,"td_341x400_retina":false,"td_511x400":false,"td_511x400_retina":false,"td_537x360":false,"td_537x360_retina":false,"td_640x0":false,"td_640x0_retina":false,"td_640x350":false,"td_640x350_retina":false,"td_681x0":false,"td_681x0_retina":false,"td_681x400":false,"td_681x400_retina":false,"td_741x486":false,"td_741x486_retina":false,"td_1021x580":false,"td_1021x580_retina":false},"uagb_author_info":{"display_name":"InformanteMX","author_link":"https:\/\/informante.mx\/?author=1"},"uagb_comment_info":0,"uagb_excerpt":"La realidad que viven las mujeres en el estado hace necesario que se fortalezca la vinculaci\u00f3n con las instituciones de procuraci\u00f3n de justicia, con las de atenci\u00f3n a v\u00edctimas, adem\u00e1s del asesoramiento a municipios en \u00e9stas materias; declar\u00f3 la diputada local Nora Lagunes. Durante su participaci\u00f3n en la novena sesi\u00f3n ordinaria, la legisladora panista present\u00f3&hellip;","_links":{"self":[{"href":"https:\/\/informante.mx\/index.php?rest_route=\/wp\/v2\/posts\/9357","targetHints":{"allow":["GET"]}}],"collection":[{"href":"https:\/\/informante.mx\/index.php?rest_route=\/wp\/v2\/posts"}],"about":[{"href":"https:\/\/informante.mx\/index.php?rest_route=\/wp\/v2\/types\/post"}],"author":[{"embeddable":true,"href":"https:\/\/informante.mx\/index.php?rest_route=\/wp\/v2\/users\/1"}],"replies":[{"embeddable":true,"href":"https:\/\/informante.mx\/index.php?rest_route=%2Fwp%2Fv2%2Fcomments&post=9357"}],"version-history":[{"count":1,"href":"https:\/\/informante.mx\/index.php?rest_route=\/wp\/v2\/posts\/9357\/revisions"}],"predecessor-version":[{"id":9359,"href":"https:\/\/informante.mx\/index.php?rest_route=\/wp\/v2\/posts\/9357\/revisions\/9359"}],"wp:attachment":[{"href":"https:\/\/informante.mx\/index.php?rest_route=%2Fwp%2Fv2%2Fmedia&parent=9357"}],"wp:term":[{"taxonomy":"category","embeddable":true,"href":"https:\/\/informante.mx\/index.php?rest_route=%2Fwp%2Fv2%2Fcategories&post=9357"},{"taxonomy":"post_tag","embeddable":true,"href":"https:\/\/informante.mx\/index.php?rest_route=%2Fwp%2Fv2%2Ftags&post=9357"}],"curies":[{"name":"wp","href":"https:\/\/api.w.org\/{rel}","templated":true}]}}