{"id":9346,"date":"2020-01-09T11:44:21","date_gmt":"2020-01-09T17:44:21","guid":{"rendered":"http:\/\/informante.mx\/?p=9346"},"modified":"2020-01-09T13:22:24","modified_gmt":"2020-01-09T19:22:24","slug":"vinculan-a-proceso-de-pedro-n-por-los-delitos-de-abuso-de-autoridad-e-incumplimiento-de-un-deber-legal","status":"publish","type":"post","link":"https:\/\/informante.mx\/?p=9346","title":{"rendered":"Vinculan a proceso de Pedro \u201cN\u201d  por los delitos de abuso de autoridad e incumplimiento de un deber legal"},"content":{"rendered":"\n<p>La Fiscal\u00eda Especializada en Combate a la Corrupci\u00f3n (FECC) obtuvo la vinculaci\u00f3n a proceso en contra de Pedro \u00abN\u00bb por su presunta responsabilidad en los delitos de incumplimiento de un deber legal y abuso de autoridad, presuntamente cometidos en agravio del patrimonio p\u00fablico del ayuntamiento de Actopan, otorg\u00e1ndose 4 meses de investigaci\u00f3n complementaria.<\/p>\n\n\n\n<p> Este mi\u00e9rcoles los fiscales de la FECC obtuvieron la vinculaci\u00f3n a proceso de Pedro \u201cN\u201d logrando que la juez fijara las siguientes medidas cautelares:<\/p>\n\n\n\n<p>Presentaci\u00f3n peri\u00f3dica cada quince d\u00edas; el pago de una garant\u00eda econ\u00f3mica de 40 mil pesos; prohibici\u00f3n de salir de la entidad federativa y la suspensi\u00f3n temporal del cargo como tesorero del ayuntamiento de Tuxpan.<\/p>\n\n\n\n<p>Debido a que los delitos que se le imputan no se encuentran dentro del cat\u00e1logo establecido en el art\u00edculo 19 de la Constituci\u00f3n Pol\u00edtica de M\u00e9xico, no se orden\u00f3 la prisi\u00f3n preventiva como medida cautelar.<\/p>\n","protected":false},"excerpt":{"rendered":"<p>FECC solicit\u00f3 su separaci\u00f3n como tesorero del ayuntamiento de Tuxpan<\/p>\n","protected":false},"author":1,"featured_media":0,"comment_status":"open","ping_status":"closed","sticky":false,"template":"","format":"standard","meta":{"_uag_custom_page_level_css":"","jetpack_post_was_ever_published":false,"footnotes":""},"categories":[6],"tags":[],"class_list":["post-9346","post","type-post","status-publish","format-standard","hentry","category-gobierno"],"yoast_head":"<!-- This site is optimized with the Yoast SEO plugin v27.3 - https:\/\/yoast.com\/product\/yoast-seo-wordpress\/ -->\n<title>Vinculan a proceso de Pedro \u201cN\u201d por los delitos de abuso de autoridad e incumplimiento de un deber legal - Informante.mx<\/title>\n<meta name=\"robots\" content=\"index, follow, max-snippet:-1, max-image-preview:large, max-video-preview:-1\" \/>\n<link rel=\"canonical\" href=\"https:\/\/informante.mx\/?p=9346\" \/>\n<meta property=\"og:locale\" content=\"es_ES\" \/>\n<meta property=\"og:type\" content=\"article\" \/>\n<meta property=\"og:title\" content=\"Vinculan a proceso de Pedro \u201cN\u201d por los delitos de abuso de autoridad e incumplimiento de un deber legal - Informante.mx\" \/>\n<meta property=\"og:description\" content=\"FECC solicit\u00f3 su separaci\u00f3n como tesorero del ayuntamiento de Tuxpan\" \/>\n<meta property=\"og:url\" content=\"https:\/\/informante.mx\/?p=9346\" \/>\n<meta property=\"og:site_name\" content=\"Informante.mx\" \/>\n<meta property=\"article:publisher\" content=\"https:\/\/www.facebook.com\/MX.Informante\" \/>\n<meta property=\"article:published_time\" content=\"2020-01-09T17:44:21+00:00\" \/>\n<meta property=\"article:modified_time\" content=\"2020-01-09T19:22:24+00:00\" \/>\n<meta property=\"og:image\" content=\"https:\/\/i0.wp.com\/informante.mx\/wp-content\/uploads\/2020\/01\/pedro.jpg?fit=1024%2C682&ssl=1\" \/>\n\t<meta property=\"og:image:width\" content=\"1024\" \/>\n\t<meta property=\"og:image:height\" content=\"682\" \/>\n\t<meta property=\"og:image:type\" content=\"image\/jpeg\" \/>\n<meta name=\"author\" content=\"InformanteMX\" \/>\n<meta name=\"twitter:card\" content=\"summary_large_image\" \/>\n<meta name=\"twitter:creator\" content=\"@mx_informante\" \/>\n<meta name=\"twitter:site\" content=\"@mx_informante\" \/>\n<meta name=\"twitter:label1\" content=\"Escrito por\" \/>\n\t<meta name=\"twitter:data1\" content=\"InformanteMX\" \/>\n\t<meta name=\"twitter:label2\" content=\"Tiempo de lectura\" \/>\n\t<meta name=\"twitter:data2\" content=\"1 minuto\" \/>\n<script type=\"application\/ld+json\" class=\"yoast-schema-graph\">{\"@context\":\"https:\\\/\\\/schema.org\",\"@graph\":[{\"@type\":\"NewsArticle\",\"@id\":\"https:\\\/\\\/informante.mx\\\/?p=9346#article\",\"isPartOf\":{\"@id\":\"https:\\\/\\\/informante.mx\\\/?p=9346\"},\"author\":{\"name\":\"InformanteMX\",\"@id\":\"https:\\\/\\\/informante.mx\\\/#\\\/schema\\\/person\\\/3eff91989d2ea76b0a330b416325946c\"},\"headline\":\"Vinculan a proceso de Pedro \u201cN\u201d por los delitos de abuso de autoridad e incumplimiento de un deber legal\",\"datePublished\":\"2020-01-09T17:44:21+00:00\",\"dateModified\":\"2020-01-09T19:22:24+00:00\",\"mainEntityOfPage\":{\"@id\":\"https:\\\/\\\/informante.mx\\\/?p=9346\"},\"wordCount\":183,\"commentCount\":0,\"publisher\":{\"@id\":\"https:\\\/\\\/informante.mx\\\/#organization\"},\"articleSection\":[\"Gobierno\"],\"inLanguage\":\"es\",\"potentialAction\":[{\"@type\":\"CommentAction\",\"name\":\"Comment\",\"target\":[\"https:\\\/\\\/informante.mx\\\/?p=9346#respond\"]}]},{\"@type\":\"WebPage\",\"@id\":\"https:\\\/\\\/informante.mx\\\/?p=9346\",\"url\":\"https:\\\/\\\/informante.mx\\\/?p=9346\",\"name\":\"Vinculan a proceso de Pedro \u201cN\u201d por los delitos de abuso de autoridad e incumplimiento de un deber legal - Informante.mx\",\"isPartOf\":{\"@id\":\"https:\\\/\\\/informante.mx\\\/#website\"},\"datePublished\":\"2020-01-09T17:44:21+00:00\",\"dateModified\":\"2020-01-09T19:22:24+00:00\",\"breadcrumb\":{\"@id\":\"https:\\\/\\\/informante.mx\\\/?p=9346#breadcrumb\"},\"inLanguage\":\"es\",\"potentialAction\":[{\"@type\":\"ReadAction\",\"target\":[\"https:\\\/\\\/informante.mx\\\/?p=9346\"]}]},{\"@type\":\"BreadcrumbList\",\"@id\":\"https:\\\/\\\/informante.mx\\\/?p=9346#breadcrumb\",\"itemListElement\":[{\"@type\":\"ListItem\",\"position\":1,\"name\":\"Portada\",\"item\":\"https:\\\/\\\/informante.mx\\\/\"},{\"@type\":\"ListItem\",\"position\":2,\"name\":\"Vinculan a proceso de Pedro \u201cN\u201d por los delitos de abuso de autoridad e incumplimiento de un deber legal\"}]},{\"@type\":\"WebSite\",\"@id\":\"https:\\\/\\\/informante.mx\\\/#website\",\"url\":\"https:\\\/\\\/informante.mx\\\/\",\"name\":\"Informante.mx\",\"description\":\"\",\"publisher\":{\"@id\":\"https:\\\/\\\/informante.mx\\\/#organization\"},\"potentialAction\":[{\"@type\":\"SearchAction\",\"target\":{\"@type\":\"EntryPoint\",\"urlTemplate\":\"https:\\\/\\\/informante.mx\\\/?s={search_term_string}\"},\"query-input\":{\"@type\":\"PropertyValueSpecification\",\"valueRequired\":true,\"valueName\":\"search_term_string\"}}],\"inLanguage\":\"es\"},{\"@type\":\"Organization\",\"@id\":\"https:\\\/\\\/informante.mx\\\/#organization\",\"name\":\"Informante.mx\",\"url\":\"https:\\\/\\\/informante.mx\\\/\",\"logo\":{\"@type\":\"ImageObject\",\"inLanguage\":\"es\",\"@id\":\"https:\\\/\\\/informante.mx\\\/#\\\/schema\\\/logo\\\/image\\\/\",\"url\":\"https:\\\/\\\/informante.mx\\\/wp-content\\\/uploads\\\/2019\\\/12\\\/cropped-LOGO-Verde-Apaisado-1024x360O-1.png\",\"contentUrl\":\"https:\\\/\\\/informante.mx\\\/wp-content\\\/uploads\\\/2019\\\/12\\\/cropped-LOGO-Verde-Apaisado-1024x360O-1.png\",\"width\":923,\"height\":180,\"caption\":\"Informante.mx\"},\"image\":{\"@id\":\"https:\\\/\\\/informante.mx\\\/#\\\/schema\\\/logo\\\/image\\\/\"},\"sameAs\":[\"https:\\\/\\\/www.facebook.com\\\/MX.Informante\",\"https:\\\/\\\/x.com\\\/mx_informante\"]},{\"@type\":\"Person\",\"@id\":\"https:\\\/\\\/informante.mx\\\/#\\\/schema\\\/person\\\/3eff91989d2ea76b0a330b416325946c\",\"name\":\"InformanteMX\",\"image\":{\"@type\":\"ImageObject\",\"inLanguage\":\"es\",\"@id\":\"https:\\\/\\\/secure.gravatar.com\\\/avatar\\\/10d802aa739e832aedd2f3fd8544d878871eb22e6ca86fe9a548573e34a28f0e?s=96&d=mm&r=g\",\"url\":\"https:\\\/\\\/secure.gravatar.com\\\/avatar\\\/10d802aa739e832aedd2f3fd8544d878871eb22e6ca86fe9a548573e34a28f0e?s=96&d=mm&r=g\",\"contentUrl\":\"https:\\\/\\\/secure.gravatar.com\\\/avatar\\\/10d802aa739e832aedd2f3fd8544d878871eb22e6ca86fe9a548573e34a28f0e?s=96&d=mm&r=g\",\"caption\":\"InformanteMX\"},\"url\":\"https:\\\/\\\/informante.mx\\\/?author=1\"}]}<\/script>\n<!-- \/ Yoast SEO plugin. -->","yoast_head_json":{"title":"Vinculan a proceso de Pedro \u201cN\u201d por los delitos de abuso de autoridad e incumplimiento de un deber legal - Informante.mx","robots":{"index":"index","follow":"follow","max-snippet":"max-snippet:-1","max-image-preview":"max-image-preview:large","max-video-preview":"max-video-preview:-1"},"canonical":"https:\/\/informante.mx\/?p=9346","og_locale":"es_ES","og_type":"article","og_title":"Vinculan a proceso de Pedro \u201cN\u201d por los delitos de abuso de autoridad e incumplimiento de un deber legal - Informante.mx","og_description":"FECC solicit\u00f3 su separaci\u00f3n como tesorero del ayuntamiento de Tuxpan","og_url":"https:\/\/informante.mx\/?p=9346","og_site_name":"Informante.mx","article_publisher":"https:\/\/www.facebook.com\/MX.Informante","article_published_time":"2020-01-09T17:44:21+00:00","article_modified_time":"2020-01-09T19:22:24+00:00","og_image":[{"width":1024,"height":682,"url":"https:\/\/i0.wp.com\/informante.mx\/wp-content\/uploads\/2020\/01\/pedro.jpg?fit=1024%2C682&ssl=1","type":"image\/jpeg"}],"author":"InformanteMX","twitter_card":"summary_large_image","twitter_creator":"@mx_informante","twitter_site":"@mx_informante","twitter_misc":{"Escrito por":"InformanteMX","Tiempo de lectura":"1 minuto"},"schema":{"@context":"https:\/\/schema.org","@graph":[{"@type":"NewsArticle","@id":"https:\/\/informante.mx\/?p=9346#article","isPartOf":{"@id":"https:\/\/informante.mx\/?p=9346"},"author":{"name":"InformanteMX","@id":"https:\/\/informante.mx\/#\/schema\/person\/3eff91989d2ea76b0a330b416325946c"},"headline":"Vinculan a proceso de Pedro \u201cN\u201d por los delitos de abuso de autoridad e incumplimiento de un deber legal","datePublished":"2020-01-09T17:44:21+00:00","dateModified":"2020-01-09T19:22:24+00:00","mainEntityOfPage":{"@id":"https:\/\/informante.mx\/?p=9346"},"wordCount":183,"commentCount":0,"publisher":{"@id":"https:\/\/informante.mx\/#organization"},"articleSection":["Gobierno"],"inLanguage":"es","potentialAction":[{"@type":"CommentAction","name":"Comment","target":["https:\/\/informante.mx\/?p=9346#respond"]}]},{"@type":"WebPage","@id":"https:\/\/informante.mx\/?p=9346","url":"https:\/\/informante.mx\/?p=9346","name":"Vinculan a proceso de Pedro \u201cN\u201d por los delitos de abuso de autoridad e incumplimiento de un deber legal - Informante.mx","isPartOf":{"@id":"https:\/\/informante.mx\/#website"},"datePublished":"2020-01-09T17:44:21+00:00","dateModified":"2020-01-09T19:22:24+00:00","breadcrumb":{"@id":"https:\/\/informante.mx\/?p=9346#breadcrumb"},"inLanguage":"es","potentialAction":[{"@type":"ReadAction","target":["https:\/\/informante.mx\/?p=9346"]}]},{"@type":"BreadcrumbList","@id":"https:\/\/informante.mx\/?p=9346#breadcrumb","itemListElement":[{"@type":"ListItem","position":1,"name":"Portada","item":"https:\/\/informante.mx\/"},{"@type":"ListItem","position":2,"name":"Vinculan a proceso de Pedro \u201cN\u201d por los delitos de abuso de autoridad e incumplimiento de un deber legal"}]},{"@type":"WebSite","@id":"https:\/\/informante.mx\/#website","url":"https:\/\/informante.mx\/","name":"Informante.mx","description":"","publisher":{"@id":"https:\/\/informante.mx\/#organization"},"potentialAction":[{"@type":"SearchAction","target":{"@type":"EntryPoint","urlTemplate":"https:\/\/informante.mx\/?s={search_term_string}"},"query-input":{"@type":"PropertyValueSpecification","valueRequired":true,"valueName":"search_term_string"}}],"inLanguage":"es"},{"@type":"Organization","@id":"https:\/\/informante.mx\/#organization","name":"Informante.mx","url":"https:\/\/informante.mx\/","logo":{"@type":"ImageObject","inLanguage":"es","@id":"https:\/\/informante.mx\/#\/schema\/logo\/image\/","url":"https:\/\/informante.mx\/wp-content\/uploads\/2019\/12\/cropped-LOGO-Verde-Apaisado-1024x360O-1.png","contentUrl":"https:\/\/informante.mx\/wp-content\/uploads\/2019\/12\/cropped-LOGO-Verde-Apaisado-1024x360O-1.png","width":923,"height":180,"caption":"Informante.mx"},"image":{"@id":"https:\/\/informante.mx\/#\/schema\/logo\/image\/"},"sameAs":["https:\/\/www.facebook.com\/MX.Informante","https:\/\/x.com\/mx_informante"]},{"@type":"Person","@id":"https:\/\/informante.mx\/#\/schema\/person\/3eff91989d2ea76b0a330b416325946c","name":"InformanteMX","image":{"@type":"ImageObject","inLanguage":"es","@id":"https:\/\/secure.gravatar.com\/avatar\/10d802aa739e832aedd2f3fd8544d878871eb22e6ca86fe9a548573e34a28f0e?s=96&d=mm&r=g","url":"https:\/\/secure.gravatar.com\/avatar\/10d802aa739e832aedd2f3fd8544d878871eb22e6ca86fe9a548573e34a28f0e?s=96&d=mm&r=g","contentUrl":"https:\/\/secure.gravatar.com\/avatar\/10d802aa739e832aedd2f3fd8544d878871eb22e6ca86fe9a548573e34a28f0e?s=96&d=mm&r=g","caption":"InformanteMX"},"url":"https:\/\/informante.mx\/?author=1"}]}},"jetpack_featured_media_url":"","uagb_featured_image_src":{"full":false,"thumbnail":false,"medium":false,"medium_large":false,"large":false,"1536x1536":false,"2048x2048":false,"td_0x420":false,"td_0x420_retina":false,"td_80x60":false,"td_80x60_retina":false,"td_100x75":false,"td_100x75_retina":false,"td_180x135":false,"td_180x135_retina":false,"td_238x178":false,"td_238x178_retina":false,"td_265x198":false,"td_265x198_retina":false,"td_300x160":false,"td_300x160_retina":false,"td_300x194":false,"td_300x194_retina":false,"td_300x350":false,"td_300x350_retina":false,"td_341x220":false,"td_341x220_retina":false,"td_341x400":false,"td_341x400_retina":false,"td_511x400":false,"td_511x400_retina":false,"td_537x360":false,"td_537x360_retina":false,"td_640x0":false,"td_640x0_retina":false,"td_640x350":false,"td_640x350_retina":false,"td_681x0":false,"td_681x0_retina":false,"td_681x400":false,"td_681x400_retina":false,"td_741x486":false,"td_741x486_retina":false,"td_1021x580":false,"td_1021x580_retina":false},"uagb_author_info":{"display_name":"InformanteMX","author_link":"https:\/\/informante.mx\/?author=1"},"uagb_comment_info":0,"uagb_excerpt":"FECC solicit\u00f3 su separaci\u00f3n como tesorero del ayuntamiento de Tuxpan","_links":{"self":[{"href":"https:\/\/informante.mx\/index.php?rest_route=\/wp\/v2\/posts\/9346","targetHints":{"allow":["GET"]}}],"collection":[{"href":"https:\/\/informante.mx\/index.php?rest_route=\/wp\/v2\/posts"}],"about":[{"href":"https:\/\/informante.mx\/index.php?rest_route=\/wp\/v2\/types\/post"}],"author":[{"embeddable":true,"href":"https:\/\/informante.mx\/index.php?rest_route=\/wp\/v2\/users\/1"}],"replies":[{"embeddable":true,"href":"https:\/\/informante.mx\/index.php?rest_route=%2Fwp%2Fv2%2Fcomments&post=9346"}],"version-history":[{"count":2,"href":"https:\/\/informante.mx\/index.php?rest_route=\/wp\/v2\/posts\/9346\/revisions"}],"predecessor-version":[{"id":9367,"href":"https:\/\/informante.mx\/index.php?rest_route=\/wp\/v2\/posts\/9346\/revisions\/9367"}],"wp:attachment":[{"href":"https:\/\/informante.mx\/index.php?rest_route=%2Fwp%2Fv2%2Fmedia&parent=9346"}],"wp:term":[{"taxonomy":"category","embeddable":true,"href":"https:\/\/informante.mx\/index.php?rest_route=%2Fwp%2Fv2%2Fcategories&post=9346"},{"taxonomy":"post_tag","embeddable":true,"href":"https:\/\/informante.mx\/index.php?rest_route=%2Fwp%2Fv2%2Ftags&post=9346"}],"curies":[{"name":"wp","href":"https:\/\/api.w.org\/{rel}","templated":true}]}}