{"id":8663,"date":"2019-12-13T10:14:08","date_gmt":"2019-12-13T16:14:08","guid":{"rendered":"https:\/\/informantever.wordpress.com\/?p=8663"},"modified":"2019-12-13T10:14:08","modified_gmt":"2019-12-13T16:14:08","slug":"no-habra-sancion-para-empresa-encargada-de-obra-donde-fallecio-trabajador-en-xalapa","status":"publish","type":"post","link":"https:\/\/informante.mx\/?p=8663","title":{"rendered":"No habr\u00e1 sanci\u00f3n a empresa encargada de obra donde falleci\u00f3 trabajador en Xalapa"},"content":{"rendered":"<p class=\"p1\" style=\"text-align:justify;\">No habr\u00e1 sanci\u00f3n a la empresa Rogin SA de C.V., la cual realiza la obra donde falleci\u00f3 el joven Eleazar Garc\u00eda Alarcon, ya que se trat\u00f3 de un accidente, se\u00f1al\u00f3 la directora de Obras P\u00fablicas, Sulekey Citlalli Hern\u00e1ndez Garrido.<\/p>\n<p class=\"p1\" style=\"text-align:justify;\">Inform\u00f3 que se le exhort\u00f3 a la empresa que cumpliera con las obligaciones que tiene con su personal, adem\u00e1s por parte del Ayuntamiento de Xalapa se le est\u00e1 dando el apoyo jur\u00eddico y legal a los familiares del ex trabajador.<\/p>\n<p class=\"p1\" style=\"text-align:justify;\">Hern\u00e1ndez Garrido dijo que redoblar\u00e1n la vigilancia de la obra, debido al incidente donde perdi\u00f3 la vida un hombre al ser sepultado por un alud de tierra.<\/p>\n<p class=\"p1\" style=\"text-align:justify;\">Subray\u00f3 que en los contratos que hacen con el Ayuntamiento se le pide que deben cumplir con la normativa vigente y medidas de seguridad.<\/p>\n","protected":false},"excerpt":{"rendered":"<p>No habr\u00e1 sanci\u00f3n a la empresa Rogin SA de C.V., la cual realiza la obra donde falleci\u00f3 el joven Eleazar Garc\u00eda Alarcon, ya que se trat\u00f3 de un accidente, se\u00f1al\u00f3 la directora de Obras P\u00fablicas, Sulekey Citlalli Hern\u00e1ndez Garrido. Inform\u00f3 que se le exhort\u00f3 a la empresa que cumpliera con las obligaciones que tiene con [&hellip;]<\/p>\n","protected":false},"author":1,"featured_media":0,"comment_status":"open","ping_status":"closed","sticky":false,"template":"","format":"standard","meta":{"_uag_custom_page_level_css":"","jetpack_post_was_ever_published":false,"footnotes":""},"categories":[8],"tags":[],"class_list":["post-8663","post","type-post","status-publish","format-standard","hentry","category-local"],"yoast_head":"<!-- This site is optimized with the Yoast SEO plugin v27.3 - https:\/\/yoast.com\/product\/yoast-seo-wordpress\/ -->\n<title>No habr\u00e1 sanci\u00f3n a empresa encargada de obra donde falleci\u00f3 trabajador en Xalapa - Informante.mx<\/title>\n<meta name=\"robots\" content=\"index, follow, max-snippet:-1, max-image-preview:large, max-video-preview:-1\" \/>\n<link rel=\"canonical\" href=\"https:\/\/informante.mx\/?p=8663\" \/>\n<meta property=\"og:locale\" content=\"es_ES\" \/>\n<meta property=\"og:type\" content=\"article\" \/>\n<meta property=\"og:title\" content=\"No habr\u00e1 sanci\u00f3n a empresa encargada de obra donde falleci\u00f3 trabajador en Xalapa - Informante.mx\" \/>\n<meta property=\"og:description\" content=\"No habr\u00e1 sanci\u00f3n a la empresa Rogin SA de C.V., la cual realiza la obra donde falleci\u00f3 el joven Eleazar Garc\u00eda Alarcon, ya que se trat\u00f3 de un accidente, se\u00f1al\u00f3 la directora de Obras P\u00fablicas, Sulekey Citlalli Hern\u00e1ndez Garrido. Inform\u00f3 que se le exhort\u00f3 a la empresa que cumpliera con las obligaciones que tiene con [&hellip;]\" \/>\n<meta property=\"og:url\" content=\"https:\/\/informante.mx\/?p=8663\" \/>\n<meta property=\"og:site_name\" content=\"Informante.mx\" \/>\n<meta property=\"article:publisher\" content=\"https:\/\/www.facebook.com\/MX.Informante\" \/>\n<meta property=\"article:published_time\" content=\"2019-12-13T16:14:08+00:00\" \/>\n<meta property=\"og:image\" content=\"https:\/\/i0.wp.com\/informante.mx\/wp-content\/uploads\/2019\/12\/sulekey.jpeg?fit=1280%2C720&ssl=1\" \/>\n\t<meta property=\"og:image:width\" content=\"1280\" \/>\n\t<meta property=\"og:image:height\" content=\"720\" \/>\n\t<meta property=\"og:image:type\" content=\"image\/jpeg\" \/>\n<meta name=\"author\" content=\"InformanteMX\" \/>\n<meta name=\"twitter:card\" content=\"summary_large_image\" \/>\n<meta name=\"twitter:creator\" content=\"@mx_informante\" \/>\n<meta name=\"twitter:site\" content=\"@mx_informante\" \/>\n<meta name=\"twitter:label1\" content=\"Escrito por\" \/>\n\t<meta name=\"twitter:data1\" content=\"InformanteMX\" \/>\n\t<meta name=\"twitter:label2\" content=\"Tiempo de lectura\" \/>\n\t<meta name=\"twitter:data2\" content=\"1 minuto\" \/>\n<script type=\"application\/ld+json\" class=\"yoast-schema-graph\">{\"@context\":\"https:\\\/\\\/schema.org\",\"@graph\":[{\"@type\":\"NewsArticle\",\"@id\":\"https:\\\/\\\/informante.mx\\\/?p=8663#article\",\"isPartOf\":{\"@id\":\"https:\\\/\\\/informante.mx\\\/?p=8663\"},\"author\":{\"name\":\"InformanteMX\",\"@id\":\"https:\\\/\\\/informante.mx\\\/#\\\/schema\\\/person\\\/3eff91989d2ea76b0a330b416325946c\"},\"headline\":\"No habr\u00e1 sanci\u00f3n a empresa encargada de obra donde falleci\u00f3 trabajador en Xalapa\",\"datePublished\":\"2019-12-13T16:14:08+00:00\",\"mainEntityOfPage\":{\"@id\":\"https:\\\/\\\/informante.mx\\\/?p=8663\"},\"wordCount\":154,\"commentCount\":0,\"publisher\":{\"@id\":\"https:\\\/\\\/informante.mx\\\/#organization\"},\"articleSection\":[\"Local\"],\"inLanguage\":\"es\",\"potentialAction\":[{\"@type\":\"CommentAction\",\"name\":\"Comment\",\"target\":[\"https:\\\/\\\/informante.mx\\\/?p=8663#respond\"]}]},{\"@type\":\"WebPage\",\"@id\":\"https:\\\/\\\/informante.mx\\\/?p=8663\",\"url\":\"https:\\\/\\\/informante.mx\\\/?p=8663\",\"name\":\"No habr\u00e1 sanci\u00f3n a empresa encargada de obra donde falleci\u00f3 trabajador en Xalapa - Informante.mx\",\"isPartOf\":{\"@id\":\"https:\\\/\\\/informante.mx\\\/#website\"},\"datePublished\":\"2019-12-13T16:14:08+00:00\",\"breadcrumb\":{\"@id\":\"https:\\\/\\\/informante.mx\\\/?p=8663#breadcrumb\"},\"inLanguage\":\"es\",\"potentialAction\":[{\"@type\":\"ReadAction\",\"target\":[\"https:\\\/\\\/informante.mx\\\/?p=8663\"]}]},{\"@type\":\"BreadcrumbList\",\"@id\":\"https:\\\/\\\/informante.mx\\\/?p=8663#breadcrumb\",\"itemListElement\":[{\"@type\":\"ListItem\",\"position\":1,\"name\":\"Portada\",\"item\":\"https:\\\/\\\/informante.mx\\\/\"},{\"@type\":\"ListItem\",\"position\":2,\"name\":\"No habr\u00e1 sanci\u00f3n a empresa encargada de obra donde falleci\u00f3 trabajador en Xalapa\"}]},{\"@type\":\"WebSite\",\"@id\":\"https:\\\/\\\/informante.mx\\\/#website\",\"url\":\"https:\\\/\\\/informante.mx\\\/\",\"name\":\"Informante.mx\",\"description\":\"\",\"publisher\":{\"@id\":\"https:\\\/\\\/informante.mx\\\/#organization\"},\"potentialAction\":[{\"@type\":\"SearchAction\",\"target\":{\"@type\":\"EntryPoint\",\"urlTemplate\":\"https:\\\/\\\/informante.mx\\\/?s={search_term_string}\"},\"query-input\":{\"@type\":\"PropertyValueSpecification\",\"valueRequired\":true,\"valueName\":\"search_term_string\"}}],\"inLanguage\":\"es\"},{\"@type\":\"Organization\",\"@id\":\"https:\\\/\\\/informante.mx\\\/#organization\",\"name\":\"Informante.mx\",\"url\":\"https:\\\/\\\/informante.mx\\\/\",\"logo\":{\"@type\":\"ImageObject\",\"inLanguage\":\"es\",\"@id\":\"https:\\\/\\\/informante.mx\\\/#\\\/schema\\\/logo\\\/image\\\/\",\"url\":\"https:\\\/\\\/informante.mx\\\/wp-content\\\/uploads\\\/2019\\\/12\\\/cropped-LOGO-Verde-Apaisado-1024x360O-1.png\",\"contentUrl\":\"https:\\\/\\\/informante.mx\\\/wp-content\\\/uploads\\\/2019\\\/12\\\/cropped-LOGO-Verde-Apaisado-1024x360O-1.png\",\"width\":923,\"height\":180,\"caption\":\"Informante.mx\"},\"image\":{\"@id\":\"https:\\\/\\\/informante.mx\\\/#\\\/schema\\\/logo\\\/image\\\/\"},\"sameAs\":[\"https:\\\/\\\/www.facebook.com\\\/MX.Informante\",\"https:\\\/\\\/x.com\\\/mx_informante\"]},{\"@type\":\"Person\",\"@id\":\"https:\\\/\\\/informante.mx\\\/#\\\/schema\\\/person\\\/3eff91989d2ea76b0a330b416325946c\",\"name\":\"InformanteMX\",\"image\":{\"@type\":\"ImageObject\",\"inLanguage\":\"es\",\"@id\":\"https:\\\/\\\/secure.gravatar.com\\\/avatar\\\/10d802aa739e832aedd2f3fd8544d878871eb22e6ca86fe9a548573e34a28f0e?s=96&d=mm&r=g\",\"url\":\"https:\\\/\\\/secure.gravatar.com\\\/avatar\\\/10d802aa739e832aedd2f3fd8544d878871eb22e6ca86fe9a548573e34a28f0e?s=96&d=mm&r=g\",\"contentUrl\":\"https:\\\/\\\/secure.gravatar.com\\\/avatar\\\/10d802aa739e832aedd2f3fd8544d878871eb22e6ca86fe9a548573e34a28f0e?s=96&d=mm&r=g\",\"caption\":\"InformanteMX\"},\"url\":\"https:\\\/\\\/informante.mx\\\/?author=1\"}]}<\/script>\n<!-- \/ Yoast SEO plugin. -->","yoast_head_json":{"title":"No habr\u00e1 sanci\u00f3n a empresa encargada de obra donde falleci\u00f3 trabajador en Xalapa - Informante.mx","robots":{"index":"index","follow":"follow","max-snippet":"max-snippet:-1","max-image-preview":"max-image-preview:large","max-video-preview":"max-video-preview:-1"},"canonical":"https:\/\/informante.mx\/?p=8663","og_locale":"es_ES","og_type":"article","og_title":"No habr\u00e1 sanci\u00f3n a empresa encargada de obra donde falleci\u00f3 trabajador en Xalapa - Informante.mx","og_description":"No habr\u00e1 sanci\u00f3n a la empresa Rogin SA de C.V., la cual realiza la obra donde falleci\u00f3 el joven Eleazar Garc\u00eda Alarcon, ya que se trat\u00f3 de un accidente, se\u00f1al\u00f3 la directora de Obras P\u00fablicas, Sulekey Citlalli Hern\u00e1ndez Garrido. Inform\u00f3 que se le exhort\u00f3 a la empresa que cumpliera con las obligaciones que tiene con [&hellip;]","og_url":"https:\/\/informante.mx\/?p=8663","og_site_name":"Informante.mx","article_publisher":"https:\/\/www.facebook.com\/MX.Informante","article_published_time":"2019-12-13T16:14:08+00:00","og_image":[{"width":1280,"height":720,"url":"https:\/\/i0.wp.com\/informante.mx\/wp-content\/uploads\/2019\/12\/sulekey.jpeg?fit=1280%2C720&ssl=1","type":"image\/jpeg"}],"author":"InformanteMX","twitter_card":"summary_large_image","twitter_creator":"@mx_informante","twitter_site":"@mx_informante","twitter_misc":{"Escrito por":"InformanteMX","Tiempo de lectura":"1 minuto"},"schema":{"@context":"https:\/\/schema.org","@graph":[{"@type":"NewsArticle","@id":"https:\/\/informante.mx\/?p=8663#article","isPartOf":{"@id":"https:\/\/informante.mx\/?p=8663"},"author":{"name":"InformanteMX","@id":"https:\/\/informante.mx\/#\/schema\/person\/3eff91989d2ea76b0a330b416325946c"},"headline":"No habr\u00e1 sanci\u00f3n a empresa encargada de obra donde falleci\u00f3 trabajador en Xalapa","datePublished":"2019-12-13T16:14:08+00:00","mainEntityOfPage":{"@id":"https:\/\/informante.mx\/?p=8663"},"wordCount":154,"commentCount":0,"publisher":{"@id":"https:\/\/informante.mx\/#organization"},"articleSection":["Local"],"inLanguage":"es","potentialAction":[{"@type":"CommentAction","name":"Comment","target":["https:\/\/informante.mx\/?p=8663#respond"]}]},{"@type":"WebPage","@id":"https:\/\/informante.mx\/?p=8663","url":"https:\/\/informante.mx\/?p=8663","name":"No habr\u00e1 sanci\u00f3n a empresa encargada de obra donde falleci\u00f3 trabajador en Xalapa - Informante.mx","isPartOf":{"@id":"https:\/\/informante.mx\/#website"},"datePublished":"2019-12-13T16:14:08+00:00","breadcrumb":{"@id":"https:\/\/informante.mx\/?p=8663#breadcrumb"},"inLanguage":"es","potentialAction":[{"@type":"ReadAction","target":["https:\/\/informante.mx\/?p=8663"]}]},{"@type":"BreadcrumbList","@id":"https:\/\/informante.mx\/?p=8663#breadcrumb","itemListElement":[{"@type":"ListItem","position":1,"name":"Portada","item":"https:\/\/informante.mx\/"},{"@type":"ListItem","position":2,"name":"No habr\u00e1 sanci\u00f3n a empresa encargada de obra donde falleci\u00f3 trabajador en Xalapa"}]},{"@type":"WebSite","@id":"https:\/\/informante.mx\/#website","url":"https:\/\/informante.mx\/","name":"Informante.mx","description":"","publisher":{"@id":"https:\/\/informante.mx\/#organization"},"potentialAction":[{"@type":"SearchAction","target":{"@type":"EntryPoint","urlTemplate":"https:\/\/informante.mx\/?s={search_term_string}"},"query-input":{"@type":"PropertyValueSpecification","valueRequired":true,"valueName":"search_term_string"}}],"inLanguage":"es"},{"@type":"Organization","@id":"https:\/\/informante.mx\/#organization","name":"Informante.mx","url":"https:\/\/informante.mx\/","logo":{"@type":"ImageObject","inLanguage":"es","@id":"https:\/\/informante.mx\/#\/schema\/logo\/image\/","url":"https:\/\/informante.mx\/wp-content\/uploads\/2019\/12\/cropped-LOGO-Verde-Apaisado-1024x360O-1.png","contentUrl":"https:\/\/informante.mx\/wp-content\/uploads\/2019\/12\/cropped-LOGO-Verde-Apaisado-1024x360O-1.png","width":923,"height":180,"caption":"Informante.mx"},"image":{"@id":"https:\/\/informante.mx\/#\/schema\/logo\/image\/"},"sameAs":["https:\/\/www.facebook.com\/MX.Informante","https:\/\/x.com\/mx_informante"]},{"@type":"Person","@id":"https:\/\/informante.mx\/#\/schema\/person\/3eff91989d2ea76b0a330b416325946c","name":"InformanteMX","image":{"@type":"ImageObject","inLanguage":"es","@id":"https:\/\/secure.gravatar.com\/avatar\/10d802aa739e832aedd2f3fd8544d878871eb22e6ca86fe9a548573e34a28f0e?s=96&d=mm&r=g","url":"https:\/\/secure.gravatar.com\/avatar\/10d802aa739e832aedd2f3fd8544d878871eb22e6ca86fe9a548573e34a28f0e?s=96&d=mm&r=g","contentUrl":"https:\/\/secure.gravatar.com\/avatar\/10d802aa739e832aedd2f3fd8544d878871eb22e6ca86fe9a548573e34a28f0e?s=96&d=mm&r=g","caption":"InformanteMX"},"url":"https:\/\/informante.mx\/?author=1"}]}},"jetpack_featured_media_url":"","uagb_featured_image_src":{"full":false,"thumbnail":false,"medium":false,"medium_large":false,"large":false,"1536x1536":false,"2048x2048":false,"td_0x420":false,"td_0x420_retina":false,"td_80x60":false,"td_80x60_retina":false,"td_100x75":false,"td_100x75_retina":false,"td_180x135":false,"td_180x135_retina":false,"td_238x178":false,"td_238x178_retina":false,"td_265x198":false,"td_265x198_retina":false,"td_300x160":false,"td_300x160_retina":false,"td_300x194":false,"td_300x194_retina":false,"td_300x350":false,"td_300x350_retina":false,"td_341x220":false,"td_341x220_retina":false,"td_341x400":false,"td_341x400_retina":false,"td_511x400":false,"td_511x400_retina":false,"td_537x360":false,"td_537x360_retina":false,"td_640x0":false,"td_640x0_retina":false,"td_640x350":false,"td_640x350_retina":false,"td_681x0":false,"td_681x0_retina":false,"td_681x400":false,"td_681x400_retina":false,"td_741x486":false,"td_741x486_retina":false,"td_1021x580":false,"td_1021x580_retina":false},"uagb_author_info":{"display_name":"InformanteMX","author_link":"https:\/\/informante.mx\/?author=1"},"uagb_comment_info":0,"uagb_excerpt":"No habr\u00e1 sanci\u00f3n a la empresa Rogin SA de C.V., la cual realiza la obra donde falleci\u00f3 el joven Eleazar Garc\u00eda Alarcon, ya que se trat\u00f3 de un accidente, se\u00f1al\u00f3 la directora de Obras P\u00fablicas, Sulekey Citlalli Hern\u00e1ndez Garrido. Inform\u00f3 que se le exhort\u00f3 a la empresa que cumpliera con las obligaciones que tiene con&hellip;","_links":{"self":[{"href":"https:\/\/informante.mx\/index.php?rest_route=\/wp\/v2\/posts\/8663","targetHints":{"allow":["GET"]}}],"collection":[{"href":"https:\/\/informante.mx\/index.php?rest_route=\/wp\/v2\/posts"}],"about":[{"href":"https:\/\/informante.mx\/index.php?rest_route=\/wp\/v2\/types\/post"}],"author":[{"embeddable":true,"href":"https:\/\/informante.mx\/index.php?rest_route=\/wp\/v2\/users\/1"}],"replies":[{"embeddable":true,"href":"https:\/\/informante.mx\/index.php?rest_route=%2Fwp%2Fv2%2Fcomments&post=8663"}],"version-history":[{"count":0,"href":"https:\/\/informante.mx\/index.php?rest_route=\/wp\/v2\/posts\/8663\/revisions"}],"wp:attachment":[{"href":"https:\/\/informante.mx\/index.php?rest_route=%2Fwp%2Fv2%2Fmedia&parent=8663"}],"wp:term":[{"taxonomy":"category","embeddable":true,"href":"https:\/\/informante.mx\/index.php?rest_route=%2Fwp%2Fv2%2Fcategories&post=8663"},{"taxonomy":"post_tag","embeddable":true,"href":"https:\/\/informante.mx\/index.php?rest_route=%2Fwp%2Fv2%2Ftags&post=8663"}],"curies":[{"name":"wp","href":"https:\/\/api.w.org\/{rel}","templated":true}]}}