{"id":747,"date":"2015-07-06T14:06:11","date_gmt":"2015-07-06T19:06:11","guid":{"rendered":"https:\/\/informantever.wordpress.com\/?p=747"},"modified":"2015-07-06T14:06:11","modified_gmt":"2015-07-06T19:06:11","slug":"taxistas-bloquean-para-pedir-echar-abajo-reglamento-de-transito","status":"publish","type":"post","link":"https:\/\/informante.mx\/?p=747","title":{"rendered":"Taxistas bloquean para pedir echar abajo reglamento de tr\u00e1nsito"},"content":{"rendered":"<p><strong><a href=\"https:\/\/informantever.files.wordpress.com\/2015\/07\/image46.jpg\"><img loading=\"lazy\" decoding=\"async\" class=\"aligncenter size-large wp-image-734\" src=\"https:\/\/informantever.files.wordpress.com\/2015\/07\/image46.jpg?w=700\" alt=\"image\" width=\"700\" height=\"464\" \/><\/a>Xalapa, Ver.-<\/strong> Medio centenar de taxistas bloqueo el centro de Xalapa para demandar a las autoridades estatales y legisladores locales que echen abajo el nuevo reglamento de Tr\u00e1nsito debido a que atenta contra la econ\u00f3mica de los veracruzanos, pero sobre todo a ellos como taxistas.<\/p>\n<p>\u00abEste nuevo reglamento no solamente me va a pegar a mi como taxista, le va a pegar a los particulares, a las madres que a veces llevan a sus hijos a la escuela, esto es para todos. Es necesario que las autoridades nos escuchen y que nos puedan atender, las personas a las que represento pensamos que esto es recaudatorio, para recaudar dinero\u00bb, sostuvo Ra\u00fal Salas L\u00f3pez de la Uni\u00f3n de Taxistas Organizaci\u00f3n 62.<\/p>\n<p>Los inconformes atravesaron sus unidades en la calle Juan de la Luz Enr\u00edquez a fin de que se les atienda de manera pronta, y es que insistieron en todo momento que las nuevas disposiciones de la normatividad lastiman la econom\u00eda de todos los veracruzanos, pues las elevadas multas no solo impactan en el sector transportista, sino a todos los ciudadanos.<\/p>\n<p>Finalmente destac\u00f3 que prev\u00e9n la posibilidad de promover diversos recursos de amparo ante la nueva legislaci\u00f3n, pues consideran imposible pagar multas de hasta 30 mil pesos como considera el reglamento.<\/p>\n","protected":false},"excerpt":{"rendered":"<p>Las nuevas disposiciones de la normatividad lastiman la econom\u00eda de todos los veracruzanos, pues las elevadas multas no solo impactan en el sector transportista, sino a todos los ciudadanos.<\/p>\n","protected":false},"author":1,"featured_media":0,"comment_status":"open","ping_status":"closed","sticky":false,"template":"","format":"standard","meta":{"_uag_custom_page_level_css":"","jetpack_post_was_ever_published":false,"footnotes":""},"categories":[4,8],"tags":[],"class_list":["post-747","post","type-post","status-publish","format-standard","hentry","category-estatal","category-local"],"yoast_head":"<!-- This site is optimized with the Yoast SEO plugin v27.3 - https:\/\/yoast.com\/product\/yoast-seo-wordpress\/ -->\n<title>Taxistas bloquean para pedir echar abajo reglamento de tr\u00e1nsito - Informante.mx<\/title>\n<meta name=\"robots\" content=\"index, follow, max-snippet:-1, max-image-preview:large, max-video-preview:-1\" \/>\n<link rel=\"canonical\" href=\"https:\/\/informante.mx\/?p=747\" \/>\n<meta property=\"og:locale\" content=\"es_ES\" \/>\n<meta property=\"og:type\" content=\"article\" \/>\n<meta property=\"og:title\" content=\"Taxistas bloquean para pedir echar abajo reglamento de tr\u00e1nsito - Informante.mx\" \/>\n<meta property=\"og:description\" content=\"Las nuevas disposiciones de la normatividad lastiman la econom\u00eda de todos los veracruzanos, pues las elevadas multas no solo impactan en el sector transportista, sino a todos los ciudadanos.\" \/>\n<meta property=\"og:url\" content=\"https:\/\/informante.mx\/?p=747\" \/>\n<meta property=\"og:site_name\" content=\"Informante.mx\" \/>\n<meta property=\"article:publisher\" content=\"https:\/\/www.facebook.com\/MX.Informante\" \/>\n<meta property=\"article:published_time\" content=\"2015-07-06T19:06:11+00:00\" \/>\n<meta property=\"og:image\" content=\"https:\/\/i0.wp.com\/informante.mx\/wp-content\/uploads\/2015\/07\/image47.jpg?fit=2464%2C1632&ssl=1\" \/>\n\t<meta property=\"og:image:width\" content=\"2464\" \/>\n\t<meta property=\"og:image:height\" content=\"1632\" \/>\n\t<meta property=\"og:image:type\" content=\"image\/jpeg\" \/>\n<meta name=\"author\" content=\"InformanteMX\" \/>\n<meta name=\"twitter:card\" content=\"summary_large_image\" \/>\n<meta name=\"twitter:creator\" content=\"@mx_informante\" \/>\n<meta name=\"twitter:site\" content=\"@mx_informante\" \/>\n<meta name=\"twitter:label1\" content=\"Escrito por\" \/>\n\t<meta name=\"twitter:data1\" content=\"InformanteMX\" \/>\n\t<meta name=\"twitter:label2\" content=\"Tiempo de lectura\" \/>\n\t<meta name=\"twitter:data2\" content=\"1 minuto\" \/>\n<script type=\"application\/ld+json\" class=\"yoast-schema-graph\">{\"@context\":\"https:\\\/\\\/schema.org\",\"@graph\":[{\"@type\":\"NewsArticle\",\"@id\":\"https:\\\/\\\/informante.mx\\\/?p=747#article\",\"isPartOf\":{\"@id\":\"https:\\\/\\\/informante.mx\\\/?p=747\"},\"author\":{\"name\":\"InformanteMX\",\"@id\":\"https:\\\/\\\/informante.mx\\\/#\\\/schema\\\/person\\\/3eff91989d2ea76b0a330b416325946c\"},\"headline\":\"Taxistas bloquean para pedir echar abajo reglamento de tr\u00e1nsito\",\"datePublished\":\"2015-07-06T19:06:11+00:00\",\"mainEntityOfPage\":{\"@id\":\"https:\\\/\\\/informante.mx\\\/?p=747\"},\"wordCount\":228,\"commentCount\":0,\"publisher\":{\"@id\":\"https:\\\/\\\/informante.mx\\\/#organization\"},\"image\":{\"@id\":\"https:\\\/\\\/informante.mx\\\/?p=747#primaryimage\"},\"thumbnailUrl\":\"https:\\\/\\\/informantever.files.wordpress.com\\\/2015\\\/07\\\/image46.jpg?w=700\",\"articleSection\":[\"Estatal\",\"Local\"],\"inLanguage\":\"es\",\"potentialAction\":[{\"@type\":\"CommentAction\",\"name\":\"Comment\",\"target\":[\"https:\\\/\\\/informante.mx\\\/?p=747#respond\"]}]},{\"@type\":\"WebPage\",\"@id\":\"https:\\\/\\\/informante.mx\\\/?p=747\",\"url\":\"https:\\\/\\\/informante.mx\\\/?p=747\",\"name\":\"Taxistas bloquean para pedir echar abajo reglamento de tr\u00e1nsito - Informante.mx\",\"isPartOf\":{\"@id\":\"https:\\\/\\\/informante.mx\\\/#website\"},\"primaryImageOfPage\":{\"@id\":\"https:\\\/\\\/informante.mx\\\/?p=747#primaryimage\"},\"image\":{\"@id\":\"https:\\\/\\\/informante.mx\\\/?p=747#primaryimage\"},\"thumbnailUrl\":\"https:\\\/\\\/informantever.files.wordpress.com\\\/2015\\\/07\\\/image46.jpg?w=700\",\"datePublished\":\"2015-07-06T19:06:11+00:00\",\"breadcrumb\":{\"@id\":\"https:\\\/\\\/informante.mx\\\/?p=747#breadcrumb\"},\"inLanguage\":\"es\",\"potentialAction\":[{\"@type\":\"ReadAction\",\"target\":[\"https:\\\/\\\/informante.mx\\\/?p=747\"]}]},{\"@type\":\"ImageObject\",\"inLanguage\":\"es\",\"@id\":\"https:\\\/\\\/informante.mx\\\/?p=747#primaryimage\",\"url\":\"https:\\\/\\\/informantever.files.wordpress.com\\\/2015\\\/07\\\/image46.jpg?w=700\",\"contentUrl\":\"https:\\\/\\\/informantever.files.wordpress.com\\\/2015\\\/07\\\/image46.jpg?w=700\"},{\"@type\":\"BreadcrumbList\",\"@id\":\"https:\\\/\\\/informante.mx\\\/?p=747#breadcrumb\",\"itemListElement\":[{\"@type\":\"ListItem\",\"position\":1,\"name\":\"Portada\",\"item\":\"https:\\\/\\\/informante.mx\\\/\"},{\"@type\":\"ListItem\",\"position\":2,\"name\":\"Taxistas bloquean para pedir echar abajo reglamento de tr\u00e1nsito\"}]},{\"@type\":\"WebSite\",\"@id\":\"https:\\\/\\\/informante.mx\\\/#website\",\"url\":\"https:\\\/\\\/informante.mx\\\/\",\"name\":\"Informante.mx\",\"description\":\"\",\"publisher\":{\"@id\":\"https:\\\/\\\/informante.mx\\\/#organization\"},\"potentialAction\":[{\"@type\":\"SearchAction\",\"target\":{\"@type\":\"EntryPoint\",\"urlTemplate\":\"https:\\\/\\\/informante.mx\\\/?s={search_term_string}\"},\"query-input\":{\"@type\":\"PropertyValueSpecification\",\"valueRequired\":true,\"valueName\":\"search_term_string\"}}],\"inLanguage\":\"es\"},{\"@type\":\"Organization\",\"@id\":\"https:\\\/\\\/informante.mx\\\/#organization\",\"name\":\"Informante.mx\",\"url\":\"https:\\\/\\\/informante.mx\\\/\",\"logo\":{\"@type\":\"ImageObject\",\"inLanguage\":\"es\",\"@id\":\"https:\\\/\\\/informante.mx\\\/#\\\/schema\\\/logo\\\/image\\\/\",\"url\":\"https:\\\/\\\/informante.mx\\\/wp-content\\\/uploads\\\/2019\\\/12\\\/cropped-LOGO-Verde-Apaisado-1024x360O-1.png\",\"contentUrl\":\"https:\\\/\\\/informante.mx\\\/wp-content\\\/uploads\\\/2019\\\/12\\\/cropped-LOGO-Verde-Apaisado-1024x360O-1.png\",\"width\":923,\"height\":180,\"caption\":\"Informante.mx\"},\"image\":{\"@id\":\"https:\\\/\\\/informante.mx\\\/#\\\/schema\\\/logo\\\/image\\\/\"},\"sameAs\":[\"https:\\\/\\\/www.facebook.com\\\/MX.Informante\",\"https:\\\/\\\/x.com\\\/mx_informante\"]},{\"@type\":\"Person\",\"@id\":\"https:\\\/\\\/informante.mx\\\/#\\\/schema\\\/person\\\/3eff91989d2ea76b0a330b416325946c\",\"name\":\"InformanteMX\",\"image\":{\"@type\":\"ImageObject\",\"inLanguage\":\"es\",\"@id\":\"https:\\\/\\\/secure.gravatar.com\\\/avatar\\\/10d802aa739e832aedd2f3fd8544d878871eb22e6ca86fe9a548573e34a28f0e?s=96&d=mm&r=g\",\"url\":\"https:\\\/\\\/secure.gravatar.com\\\/avatar\\\/10d802aa739e832aedd2f3fd8544d878871eb22e6ca86fe9a548573e34a28f0e?s=96&d=mm&r=g\",\"contentUrl\":\"https:\\\/\\\/secure.gravatar.com\\\/avatar\\\/10d802aa739e832aedd2f3fd8544d878871eb22e6ca86fe9a548573e34a28f0e?s=96&d=mm&r=g\",\"caption\":\"InformanteMX\"},\"url\":\"https:\\\/\\\/informante.mx\\\/?author=1\"}]}<\/script>\n<!-- \/ Yoast SEO plugin. -->","yoast_head_json":{"title":"Taxistas bloquean para pedir echar abajo reglamento de tr\u00e1nsito - Informante.mx","robots":{"index":"index","follow":"follow","max-snippet":"max-snippet:-1","max-image-preview":"max-image-preview:large","max-video-preview":"max-video-preview:-1"},"canonical":"https:\/\/informante.mx\/?p=747","og_locale":"es_ES","og_type":"article","og_title":"Taxistas bloquean para pedir echar abajo reglamento de tr\u00e1nsito - Informante.mx","og_description":"Las nuevas disposiciones de la normatividad lastiman la econom\u00eda de todos los veracruzanos, pues las elevadas multas no solo impactan en el sector transportista, sino a todos los ciudadanos.","og_url":"https:\/\/informante.mx\/?p=747","og_site_name":"Informante.mx","article_publisher":"https:\/\/www.facebook.com\/MX.Informante","article_published_time":"2015-07-06T19:06:11+00:00","og_image":[{"width":2464,"height":1632,"url":"https:\/\/i0.wp.com\/informante.mx\/wp-content\/uploads\/2015\/07\/image47.jpg?fit=2464%2C1632&ssl=1","type":"image\/jpeg"}],"author":"InformanteMX","twitter_card":"summary_large_image","twitter_creator":"@mx_informante","twitter_site":"@mx_informante","twitter_misc":{"Escrito por":"InformanteMX","Tiempo de lectura":"1 minuto"},"schema":{"@context":"https:\/\/schema.org","@graph":[{"@type":"NewsArticle","@id":"https:\/\/informante.mx\/?p=747#article","isPartOf":{"@id":"https:\/\/informante.mx\/?p=747"},"author":{"name":"InformanteMX","@id":"https:\/\/informante.mx\/#\/schema\/person\/3eff91989d2ea76b0a330b416325946c"},"headline":"Taxistas bloquean para pedir echar abajo reglamento de tr\u00e1nsito","datePublished":"2015-07-06T19:06:11+00:00","mainEntityOfPage":{"@id":"https:\/\/informante.mx\/?p=747"},"wordCount":228,"commentCount":0,"publisher":{"@id":"https:\/\/informante.mx\/#organization"},"image":{"@id":"https:\/\/informante.mx\/?p=747#primaryimage"},"thumbnailUrl":"https:\/\/informantever.files.wordpress.com\/2015\/07\/image46.jpg?w=700","articleSection":["Estatal","Local"],"inLanguage":"es","potentialAction":[{"@type":"CommentAction","name":"Comment","target":["https:\/\/informante.mx\/?p=747#respond"]}]},{"@type":"WebPage","@id":"https:\/\/informante.mx\/?p=747","url":"https:\/\/informante.mx\/?p=747","name":"Taxistas bloquean para pedir echar abajo reglamento de tr\u00e1nsito - Informante.mx","isPartOf":{"@id":"https:\/\/informante.mx\/#website"},"primaryImageOfPage":{"@id":"https:\/\/informante.mx\/?p=747#primaryimage"},"image":{"@id":"https:\/\/informante.mx\/?p=747#primaryimage"},"thumbnailUrl":"https:\/\/informantever.files.wordpress.com\/2015\/07\/image46.jpg?w=700","datePublished":"2015-07-06T19:06:11+00:00","breadcrumb":{"@id":"https:\/\/informante.mx\/?p=747#breadcrumb"},"inLanguage":"es","potentialAction":[{"@type":"ReadAction","target":["https:\/\/informante.mx\/?p=747"]}]},{"@type":"ImageObject","inLanguage":"es","@id":"https:\/\/informante.mx\/?p=747#primaryimage","url":"https:\/\/informantever.files.wordpress.com\/2015\/07\/image46.jpg?w=700","contentUrl":"https:\/\/informantever.files.wordpress.com\/2015\/07\/image46.jpg?w=700"},{"@type":"BreadcrumbList","@id":"https:\/\/informante.mx\/?p=747#breadcrumb","itemListElement":[{"@type":"ListItem","position":1,"name":"Portada","item":"https:\/\/informante.mx\/"},{"@type":"ListItem","position":2,"name":"Taxistas bloquean para pedir echar abajo reglamento de tr\u00e1nsito"}]},{"@type":"WebSite","@id":"https:\/\/informante.mx\/#website","url":"https:\/\/informante.mx\/","name":"Informante.mx","description":"","publisher":{"@id":"https:\/\/informante.mx\/#organization"},"potentialAction":[{"@type":"SearchAction","target":{"@type":"EntryPoint","urlTemplate":"https:\/\/informante.mx\/?s={search_term_string}"},"query-input":{"@type":"PropertyValueSpecification","valueRequired":true,"valueName":"search_term_string"}}],"inLanguage":"es"},{"@type":"Organization","@id":"https:\/\/informante.mx\/#organization","name":"Informante.mx","url":"https:\/\/informante.mx\/","logo":{"@type":"ImageObject","inLanguage":"es","@id":"https:\/\/informante.mx\/#\/schema\/logo\/image\/","url":"https:\/\/informante.mx\/wp-content\/uploads\/2019\/12\/cropped-LOGO-Verde-Apaisado-1024x360O-1.png","contentUrl":"https:\/\/informante.mx\/wp-content\/uploads\/2019\/12\/cropped-LOGO-Verde-Apaisado-1024x360O-1.png","width":923,"height":180,"caption":"Informante.mx"},"image":{"@id":"https:\/\/informante.mx\/#\/schema\/logo\/image\/"},"sameAs":["https:\/\/www.facebook.com\/MX.Informante","https:\/\/x.com\/mx_informante"]},{"@type":"Person","@id":"https:\/\/informante.mx\/#\/schema\/person\/3eff91989d2ea76b0a330b416325946c","name":"InformanteMX","image":{"@type":"ImageObject","inLanguage":"es","@id":"https:\/\/secure.gravatar.com\/avatar\/10d802aa739e832aedd2f3fd8544d878871eb22e6ca86fe9a548573e34a28f0e?s=96&d=mm&r=g","url":"https:\/\/secure.gravatar.com\/avatar\/10d802aa739e832aedd2f3fd8544d878871eb22e6ca86fe9a548573e34a28f0e?s=96&d=mm&r=g","contentUrl":"https:\/\/secure.gravatar.com\/avatar\/10d802aa739e832aedd2f3fd8544d878871eb22e6ca86fe9a548573e34a28f0e?s=96&d=mm&r=g","caption":"InformanteMX"},"url":"https:\/\/informante.mx\/?author=1"}]}},"jetpack_featured_media_url":"","uagb_featured_image_src":{"full":false,"thumbnail":false,"medium":false,"medium_large":false,"large":false,"1536x1536":false,"2048x2048":false,"td_0x420":false,"td_0x420_retina":false,"td_80x60":false,"td_80x60_retina":false,"td_100x75":false,"td_100x75_retina":false,"td_180x135":false,"td_180x135_retina":false,"td_238x178":false,"td_238x178_retina":false,"td_265x198":false,"td_265x198_retina":false,"td_300x160":false,"td_300x160_retina":false,"td_300x194":false,"td_300x194_retina":false,"td_300x350":false,"td_300x350_retina":false,"td_341x220":false,"td_341x220_retina":false,"td_341x400":false,"td_341x400_retina":false,"td_511x400":false,"td_511x400_retina":false,"td_537x360":false,"td_537x360_retina":false,"td_640x0":false,"td_640x0_retina":false,"td_640x350":false,"td_640x350_retina":false,"td_681x0":false,"td_681x0_retina":false,"td_681x400":false,"td_681x400_retina":false,"td_741x486":false,"td_741x486_retina":false,"td_1021x580":false,"td_1021x580_retina":false},"uagb_author_info":{"display_name":"InformanteMX","author_link":"https:\/\/informante.mx\/?author=1"},"uagb_comment_info":0,"uagb_excerpt":"Las nuevas disposiciones de la normatividad lastiman la econom\u00eda de todos los veracruzanos, pues las elevadas multas no solo impactan en el sector transportista, sino a todos los ciudadanos.","_links":{"self":[{"href":"https:\/\/informante.mx\/index.php?rest_route=\/wp\/v2\/posts\/747","targetHints":{"allow":["GET"]}}],"collection":[{"href":"https:\/\/informante.mx\/index.php?rest_route=\/wp\/v2\/posts"}],"about":[{"href":"https:\/\/informante.mx\/index.php?rest_route=\/wp\/v2\/types\/post"}],"author":[{"embeddable":true,"href":"https:\/\/informante.mx\/index.php?rest_route=\/wp\/v2\/users\/1"}],"replies":[{"embeddable":true,"href":"https:\/\/informante.mx\/index.php?rest_route=%2Fwp%2Fv2%2Fcomments&post=747"}],"version-history":[{"count":0,"href":"https:\/\/informante.mx\/index.php?rest_route=\/wp\/v2\/posts\/747\/revisions"}],"wp:attachment":[{"href":"https:\/\/informante.mx\/index.php?rest_route=%2Fwp%2Fv2%2Fmedia&parent=747"}],"wp:term":[{"taxonomy":"category","embeddable":true,"href":"https:\/\/informante.mx\/index.php?rest_route=%2Fwp%2Fv2%2Fcategories&post=747"},{"taxonomy":"post_tag","embeddable":true,"href":"https:\/\/informante.mx\/index.php?rest_route=%2Fwp%2Fv2%2Ftags&post=747"}],"curies":[{"name":"wp","href":"https:\/\/api.w.org\/{rel}","templated":true}]}}