{"id":58179,"date":"2026-04-30T11:54:50","date_gmt":"2026-04-30T17:54:50","guid":{"rendered":"https:\/\/informante.mx\/?p=58179"},"modified":"2026-04-30T12:00:24","modified_gmt":"2026-04-30T18:00:24","slug":"exige-eu-entregar-a-rocha-por-narco","status":"publish","type":"post","link":"https:\/\/informante.mx\/?p=58179","title":{"rendered":"Exige EU entregar a Rocha por narco"},"content":{"rendered":"\n<h2 class=\"wp-block-heading\">La administraci\u00f3n de Donald Trump acusa al gobernador de Sinaloa de encabezar un \u00abnarcogobierno\u00bb y colaborar con el C\u00e1rtel de Sinaloa en el tr\u00e1fico de fentanilo y actos de violencia; el Gobierno de M\u00e9xico califica la medida como una violaci\u00f3n a la soberan\u00eda.<\/h2>\n\n\n\n<p><strong>Redacci\u00f3n Informante<\/strong><\/p>\n\n\n\n<p><strong>Ciudad de M\u00e9xico \/ Washington D.C.<\/strong> \u2013 En lo que representa una crisis diplom\u00e1tica sin precedentes entre M\u00e9xico y Estados Unidos, el Departamento de Justicia estadounidense ha formalizado una orden de detenci\u00f3n con fines de extradici\u00f3n en contra del gobernador de Sinaloa, Rub\u00e9n Rocha Moya. La solicitud, entregada a la Canciller\u00eda mexicana este 28 de abril, marca la primera vez en la historia moderna que Washington busca procesar a un mandatario estatal mexicano en funciones bajo cargos de delincuencia organizada.<\/p>\n\n\n\n<p><strong>El expediente de Nueva York<\/strong><br>La acusaci\u00f3n, radicada en una corte federal de Nueva York y respaldada por investigaciones de la DEA, se\u00f1ala a Rocha Moya como una pieza clave en la infraestructura log\u00edstica del C\u00e1rtel de Sinaloa. El expediente judicial sostiene que, bajo el amparo de su cargo p\u00fablico, el gobernador facilit\u00f3 la protecci\u00f3n de rutas cr\u00edticas para el env\u00edo de sustancias sint\u00e9ticas, espec\u00edficamente fentanilo, hacia territorio estadounidense.<\/p>\n\n\n\n<p>Seg\u00fan los documentos desclasificados, el gobernador no habr\u00eda actuado solo. La acusaci\u00f3n incluye a otros nueve funcionarios de su administraci\u00f3n, describiendo una red donde las instituciones de seguridad estatal operaban presuntamente como brazo log\u00edstico de la organizaci\u00f3n criminal. Entre los cargos m\u00e1s severos destaca la supuesta participaci\u00f3n en actos violentos de alto impacto, incluyendo el secuestro y asesinato de una fuente confidencial de la DEA.<\/p>\n\n\n\n<p><strong>Evidencias y sobornos pol\u00edticos<\/strong><br>La investigaci\u00f3n se sustenta en testimonios de testigos protegidos, intervenciones de comunicaciones y registros financieros. Se alega que el gobernador acept\u00f3 sobornos millonarios que no solo beneficiaron su patrimonio, sino que financiaron campa\u00f1as pol\u00edticas para asegurar la continuidad de una estructura favorable al c\u00e1rtel en la regi\u00f3n del Pac\u00edfico.<\/p>\n\n\n\n<p>Reportes de inteligencia sugieren que la colaboraci\u00f3n inclu\u00eda el intercambio de informaci\u00f3n estrat\u00e9gica sobre operativos federales, permitiendo a los l\u00edderes criminales evadir la justicia. La postura de Estados Unidos es tajante: consideran que la estabilidad de la frontera sur est\u00e1 comprometida mientras existan v\u00ednculos de este nivel entre la clase pol\u00edtica y el narcotr\u00e1fico.<\/p>\n\n\n\n<p><strong>Reacci\u00f3n del Estado Mexicano<\/strong><br>En la Ciudad de M\u00e9xico, la noticia gener\u00f3 un sismo pol\u00edtico. La presidenta Claudia Sheinbaum expres\u00f3 su firme rechazo a la solicitud, calific\u00e1ndola como un acto de \u00abinjerencia extranjera\u00bb. La mandataria asegur\u00f3 que, hasta el momento, Estados Unidos no ha compartido pruebas contundentes que justifiquen una acci\u00f3n de tal magnitud contra un funcionario electo.<\/p>\n\n\n\n<p>Por su parte, la Canciller\u00eda inform\u00f3 que analizar\u00e1 la solicitud bajo el marco legal del Tratado de Extradici\u00f3n vigente, pero enfatiz\u00f3 que no se permitir\u00e1n detenciones basadas en \u00abespeculaciones pol\u00edticas\u00bb. La defensa legal de Rocha Moya ya busca amparos para evitar cualquier intento de captura.<\/p>\n\n\n\n<p><strong>El gobernador ante las acusaciones<\/strong><br>Rub\u00e9n Rocha Moya ha negado categ\u00f3ricamente todas las imputaciones. En declaraciones recientes, afirm\u00f3 estar \u00abtranquilo\u00bb y con la conciencia limpia, argumentando que las acusaciones son una fabricaci\u00f3n derivada de tensiones pol\u00edticas. Confirm\u00f3 que mantiene comunicaci\u00f3n constante con el Ejecutivo Federal para coordinar su defensa.<\/p>\n\n\n\n<p>Sin embargo, el clima en Sinaloa es de incertidumbre. La presencia de fuerzas federales se ha intensificado, mientras la opini\u00f3n p\u00fablica observa el desenlace de un conflicto que podr\u00eda redefinir la relaci\u00f3n bilateral en materia de seguridad. Este caso pone a prueba la cooperaci\u00f3n entre las administraciones de Sheinbaum y Trump, en un escenario donde la presi\u00f3n diplom\u00e1tica escala d\u00eda con d\u00eda.<\/p>\n\n\n\n<hr class=\"wp-block-separator has-alpha-channel-opacity\"\/>\n\n\n\n<p class=\"has-text-align-center\" style=\"font-size:17px\"><strong><i>Toda la informaci\u00f3n que necesitas saber la encuentras en nuestras <\/i><strong style=\"\"><em style=\"font-style: italic;\">redes sociales y canal de <\/em><\/strong><\/strong><a href=\"https:\/\/t.me\/informantemx\" target=\"_blank\" rel=\"noreferrer noopener\"><strong><em>Telegram<\/em><\/strong><\/a>. <\/p>\n\n\n\n<p class=\"has-text-align-center\" style=\"font-size:17px\"><strong><em>!\u00danete!<\/em><\/strong><\/p>\n\n\n\n<div class=\"wp-block-uagb-image aligncenter uagb-block-3acd28e8 wp-block-uagb-image--layout-default wp-block-uagb-image--effect-zoomin wp-block-uagb-image--align-center\"><figure class=\"wp-block-uagb-image__figure\"><a class=\"\" href=\"https:\/\/t.me\/informantemx\" target=\"\" rel=\"noopener\"><img decoding=\"async\" srcset=\"https:\/\/informante.mx\/wp-content\/uploads\/2023\/08\/Banner-Telegram-Verde-800x60-1.png ,https:\/\/informante.mx\/wp-content\/uploads\/2023\/08\/Banner-Telegram-Verde-800x60-1.png 780w, https:\/\/informante.mx\/wp-content\/uploads\/2023\/08\/Banner-Telegram-Verde-800x60-1.png 360w\" sizes=\"auto, (max-width: 480px) 150px\" src=\"https:\/\/informante.mx\/wp-content\/uploads\/2023\/08\/Banner-Telegram-Verde-800x60-1.png\" alt=\"\" class=\"uag-image-23275\" width=\"800\" height=\"60\" title=\"\" loading=\"lazy\" role=\"img\"\/><\/a><\/figure><\/div>\n\n\n\n<div class=\"wp-block-uagb-image aligncenter uagb-block-45ea2b31 wp-block-uagb-image--layout-default wp-block-uagb-image--effect-zoomin wp-block-uagb-image--align-center\"><figure class=\"wp-block-uagb-image__figure\"><a class=\"\" href=\"https:\/\/www.facebook.com\/MX.Informante\" target=\"\" rel=\"noopener\"><img decoding=\"async\" srcset=\"https:\/\/informante.mx\/wp-content\/uploads\/2023\/08\/Banner-Facebook-Verde-800x60-1.png ,https:\/\/informante.mx\/wp-content\/uploads\/2023\/08\/Banner-Facebook-Verde-800x60-1.png 780w, https:\/\/informante.mx\/wp-content\/uploads\/2023\/08\/Banner-Facebook-Verde-800x60-1.png 360w\" sizes=\"auto, (max-width: 480px) 150px\" src=\"https:\/\/informante.mx\/wp-content\/uploads\/2023\/08\/Banner-Facebook-Verde-800x60-1.png\" alt=\"\" class=\"uag-image-23274\" width=\"800\" height=\"60\" title=\"\" loading=\"lazy\" role=\"img\"\/><\/a><\/figure><\/div>\n\n\n\n<div class=\"wp-block-uagb-image aligncenter uagb-block-2ce4c51b wp-block-uagb-image--layout-default wp-block-uagb-image--effect-zoomin wp-block-uagb-image--align-center\"><figure class=\"wp-block-uagb-image__figure\"><a class=\"\" href=\"https:\/\/twitter.com\/mx_informante\" target=\"\" rel=\"noopener\"><img decoding=\"async\" srcset=\"https:\/\/informante.mx\/wp-content\/uploads\/2023\/08\/Banner-Twitter-Verde-800x60-1.png ,https:\/\/informante.mx\/wp-content\/uploads\/2023\/08\/Banner-Twitter-Verde-800x60-1.png 780w, https:\/\/informante.mx\/wp-content\/uploads\/2023\/08\/Banner-Twitter-Verde-800x60-1.png 360w\" sizes=\"auto, (max-width: 480px) 150px\" src=\"https:\/\/informante.mx\/wp-content\/uploads\/2023\/08\/Banner-Twitter-Verde-800x60-1.png\" alt=\"\" class=\"uag-image-23273\" width=\"800\" height=\"60\" title=\"\" loading=\"lazy\" role=\"img\"\/><\/a><\/figure><\/div>\n\n\n\n<div style=\"height:50px\" aria-hidden=\"true\" class=\"wp-block-spacer\"><\/div>\n","protected":false},"excerpt":{"rendered":"<p>La administraci\u00f3n de Donald Trump acusa al gobernador de Sinaloa de encabezar un \u00abnarcogobierno\u00bb y colaborar con el C\u00e1rtel de Sinaloa en el tr\u00e1fico de fentanilo y actos de violencia; el Gobierno de M\u00e9xico califica la medida como una violaci\u00f3n a la soberan\u00eda.<\/p>\n","protected":false},"author":1,"featured_media":58180,"comment_status":"open","ping_status":"closed","sticky":false,"template":"","format":"standard","meta":{"_uag_custom_page_level_css":"","jetpack_post_was_ever_published":false,"footnotes":""},"categories":[9],"tags":[31],"class_list":["post-58179","post","type-post","status-publish","format-standard","has-post-thumbnail","hentry","category-nacional","tag-nacional"],"yoast_head":"<!-- This site is optimized with the Yoast SEO plugin v27.3 - https:\/\/yoast.com\/product\/yoast-seo-wordpress\/ -->\n<title>Exige EU entregar a Rocha por narco - Informante.mx<\/title>\n<meta name=\"robots\" content=\"index, follow, max-snippet:-1, max-image-preview:large, max-video-preview:-1\" \/>\n<link rel=\"canonical\" href=\"https:\/\/informante.mx\/?p=58179\" \/>\n<meta property=\"og:locale\" content=\"es_ES\" \/>\n<meta property=\"og:type\" content=\"article\" \/>\n<meta property=\"og:title\" content=\"Exige EU entregar a Rocha por narco - Informante.mx\" \/>\n<meta property=\"og:description\" content=\"La administraci\u00f3n de Donald Trump acusa al gobernador de Sinaloa de encabezar un &quot;narcogobierno&quot; y colaborar con el C\u00e1rtel de Sinaloa en el tr\u00e1fico de fentanilo y actos de violencia; el Gobierno de M\u00e9xico califica la medida como una violaci\u00f3n a la soberan\u00eda.\" \/>\n<meta property=\"og:url\" content=\"https:\/\/informante.mx\/?p=58179\" \/>\n<meta property=\"og:site_name\" content=\"Informante.mx\" \/>\n<meta property=\"article:publisher\" content=\"https:\/\/www.facebook.com\/MX.Informante\" \/>\n<meta property=\"article:published_time\" content=\"2026-04-30T17:54:50+00:00\" \/>\n<meta property=\"article:modified_time\" content=\"2026-04-30T18:00:24+00:00\" \/>\n<meta property=\"og:image\" content=\"https:\/\/informante.mx\/wp-content\/uploads\/2026\/04\/Rocha-Moya-el-padrino.jpg\" \/>\n\t<meta property=\"og:image:width\" content=\"1100\" \/>\n\t<meta property=\"og:image:height\" content=\"700\" \/>\n\t<meta property=\"og:image:type\" content=\"image\/jpeg\" \/>\n<meta name=\"author\" content=\"InformanteMX\" \/>\n<meta name=\"twitter:card\" content=\"summary_large_image\" \/>\n<meta name=\"twitter:creator\" content=\"@mx_informante\" \/>\n<meta name=\"twitter:site\" content=\"@mx_informante\" \/>\n<meta name=\"twitter:label1\" content=\"Escrito por\" \/>\n\t<meta name=\"twitter:data1\" content=\"InformanteMX\" \/>\n\t<meta name=\"twitter:label2\" content=\"Tiempo de lectura\" \/>\n\t<meta name=\"twitter:data2\" content=\"3 minutos\" \/>\n<script type=\"application\/ld+json\" class=\"yoast-schema-graph\">{\"@context\":\"https:\\\/\\\/schema.org\",\"@graph\":[{\"@type\":\"NewsArticle\",\"@id\":\"https:\\\/\\\/informante.mx\\\/?p=58179#article\",\"isPartOf\":{\"@id\":\"https:\\\/\\\/informante.mx\\\/?p=58179\"},\"author\":{\"name\":\"InformanteMX\",\"@id\":\"https:\\\/\\\/informante.mx\\\/#\\\/schema\\\/person\\\/3eff91989d2ea76b0a330b416325946c\"},\"headline\":\"Exige EU entregar a Rocha por narco\",\"datePublished\":\"2026-04-30T17:54:50+00:00\",\"dateModified\":\"2026-04-30T18:00:24+00:00\",\"mainEntityOfPage\":{\"@id\":\"https:\\\/\\\/informante.mx\\\/?p=58179\"},\"wordCount\":652,\"commentCount\":0,\"publisher\":{\"@id\":\"https:\\\/\\\/informante.mx\\\/#organization\"},\"image\":{\"@id\":\"https:\\\/\\\/informante.mx\\\/?p=58179#primaryimage\"},\"thumbnailUrl\":\"https:\\\/\\\/informante.mx\\\/wp-content\\\/uploads\\\/2026\\\/04\\\/Rocha-Moya-el-padrino.jpg\",\"keywords\":[\"Nacional\"],\"articleSection\":[\"Nacional\"],\"inLanguage\":\"es\",\"potentialAction\":[{\"@type\":\"CommentAction\",\"name\":\"Comment\",\"target\":[\"https:\\\/\\\/informante.mx\\\/?p=58179#respond\"]}]},{\"@type\":\"WebPage\",\"@id\":\"https:\\\/\\\/informante.mx\\\/?p=58179\",\"url\":\"https:\\\/\\\/informante.mx\\\/?p=58179\",\"name\":\"Exige EU entregar a Rocha por narco - Informante.mx\",\"isPartOf\":{\"@id\":\"https:\\\/\\\/informante.mx\\\/#website\"},\"primaryImageOfPage\":{\"@id\":\"https:\\\/\\\/informante.mx\\\/?p=58179#primaryimage\"},\"image\":{\"@id\":\"https:\\\/\\\/informante.mx\\\/?p=58179#primaryimage\"},\"thumbnailUrl\":\"https:\\\/\\\/informante.mx\\\/wp-content\\\/uploads\\\/2026\\\/04\\\/Rocha-Moya-el-padrino.jpg\",\"datePublished\":\"2026-04-30T17:54:50+00:00\",\"dateModified\":\"2026-04-30T18:00:24+00:00\",\"breadcrumb\":{\"@id\":\"https:\\\/\\\/informante.mx\\\/?p=58179#breadcrumb\"},\"inLanguage\":\"es\",\"potentialAction\":[{\"@type\":\"ReadAction\",\"target\":[\"https:\\\/\\\/informante.mx\\\/?p=58179\"]}]},{\"@type\":\"ImageObject\",\"inLanguage\":\"es\",\"@id\":\"https:\\\/\\\/informante.mx\\\/?p=58179#primaryimage\",\"url\":\"https:\\\/\\\/informante.mx\\\/wp-content\\\/uploads\\\/2026\\\/04\\\/Rocha-Moya-el-padrino.jpg\",\"contentUrl\":\"https:\\\/\\\/informante.mx\\\/wp-content\\\/uploads\\\/2026\\\/04\\\/Rocha-Moya-el-padrino.jpg\",\"width\":1100,\"height\":700},{\"@type\":\"BreadcrumbList\",\"@id\":\"https:\\\/\\\/informante.mx\\\/?p=58179#breadcrumb\",\"itemListElement\":[{\"@type\":\"ListItem\",\"position\":1,\"name\":\"Portada\",\"item\":\"https:\\\/\\\/informante.mx\\\/\"},{\"@type\":\"ListItem\",\"position\":2,\"name\":\"Exige EU entregar a Rocha por narco\"}]},{\"@type\":\"WebSite\",\"@id\":\"https:\\\/\\\/informante.mx\\\/#website\",\"url\":\"https:\\\/\\\/informante.mx\\\/\",\"name\":\"Informante.mx\",\"description\":\"\",\"publisher\":{\"@id\":\"https:\\\/\\\/informante.mx\\\/#organization\"},\"potentialAction\":[{\"@type\":\"SearchAction\",\"target\":{\"@type\":\"EntryPoint\",\"urlTemplate\":\"https:\\\/\\\/informante.mx\\\/?s={search_term_string}\"},\"query-input\":{\"@type\":\"PropertyValueSpecification\",\"valueRequired\":true,\"valueName\":\"search_term_string\"}}],\"inLanguage\":\"es\"},{\"@type\":\"Organization\",\"@id\":\"https:\\\/\\\/informante.mx\\\/#organization\",\"name\":\"Informante.mx\",\"url\":\"https:\\\/\\\/informante.mx\\\/\",\"logo\":{\"@type\":\"ImageObject\",\"inLanguage\":\"es\",\"@id\":\"https:\\\/\\\/informante.mx\\\/#\\\/schema\\\/logo\\\/image\\\/\",\"url\":\"https:\\\/\\\/informante.mx\\\/wp-content\\\/uploads\\\/2019\\\/12\\\/cropped-LOGO-Verde-Apaisado-1024x360O-1.png\",\"contentUrl\":\"https:\\\/\\\/informante.mx\\\/wp-content\\\/uploads\\\/2019\\\/12\\\/cropped-LOGO-Verde-Apaisado-1024x360O-1.png\",\"width\":923,\"height\":180,\"caption\":\"Informante.mx\"},\"image\":{\"@id\":\"https:\\\/\\\/informante.mx\\\/#\\\/schema\\\/logo\\\/image\\\/\"},\"sameAs\":[\"https:\\\/\\\/www.facebook.com\\\/MX.Informante\",\"https:\\\/\\\/x.com\\\/mx_informante\"]},{\"@type\":\"Person\",\"@id\":\"https:\\\/\\\/informante.mx\\\/#\\\/schema\\\/person\\\/3eff91989d2ea76b0a330b416325946c\",\"name\":\"InformanteMX\",\"image\":{\"@type\":\"ImageObject\",\"inLanguage\":\"es\",\"@id\":\"https:\\\/\\\/secure.gravatar.com\\\/avatar\\\/10d802aa739e832aedd2f3fd8544d878871eb22e6ca86fe9a548573e34a28f0e?s=96&d=mm&r=g\",\"url\":\"https:\\\/\\\/secure.gravatar.com\\\/avatar\\\/10d802aa739e832aedd2f3fd8544d878871eb22e6ca86fe9a548573e34a28f0e?s=96&d=mm&r=g\",\"contentUrl\":\"https:\\\/\\\/secure.gravatar.com\\\/avatar\\\/10d802aa739e832aedd2f3fd8544d878871eb22e6ca86fe9a548573e34a28f0e?s=96&d=mm&r=g\",\"caption\":\"InformanteMX\"},\"url\":\"https:\\\/\\\/informante.mx\\\/?author=1\"}]}<\/script>\n<!-- \/ Yoast SEO plugin. -->","yoast_head_json":{"title":"Exige EU entregar a Rocha por narco - Informante.mx","robots":{"index":"index","follow":"follow","max-snippet":"max-snippet:-1","max-image-preview":"max-image-preview:large","max-video-preview":"max-video-preview:-1"},"canonical":"https:\/\/informante.mx\/?p=58179","og_locale":"es_ES","og_type":"article","og_title":"Exige EU entregar a Rocha por narco - Informante.mx","og_description":"La administraci\u00f3n de Donald Trump acusa al gobernador de Sinaloa de encabezar un \"narcogobierno\" y colaborar con el C\u00e1rtel de Sinaloa en el tr\u00e1fico de fentanilo y actos de violencia; el Gobierno de M\u00e9xico califica la medida como una violaci\u00f3n a la soberan\u00eda.","og_url":"https:\/\/informante.mx\/?p=58179","og_site_name":"Informante.mx","article_publisher":"https:\/\/www.facebook.com\/MX.Informante","article_published_time":"2026-04-30T17:54:50+00:00","article_modified_time":"2026-04-30T18:00:24+00:00","og_image":[{"width":1100,"height":700,"url":"https:\/\/informante.mx\/wp-content\/uploads\/2026\/04\/Rocha-Moya-el-padrino.jpg","type":"image\/jpeg"}],"author":"InformanteMX","twitter_card":"summary_large_image","twitter_creator":"@mx_informante","twitter_site":"@mx_informante","twitter_misc":{"Escrito por":"InformanteMX","Tiempo de lectura":"3 minutos"},"schema":{"@context":"https:\/\/schema.org","@graph":[{"@type":"NewsArticle","@id":"https:\/\/informante.mx\/?p=58179#article","isPartOf":{"@id":"https:\/\/informante.mx\/?p=58179"},"author":{"name":"InformanteMX","@id":"https:\/\/informante.mx\/#\/schema\/person\/3eff91989d2ea76b0a330b416325946c"},"headline":"Exige EU entregar a Rocha por narco","datePublished":"2026-04-30T17:54:50+00:00","dateModified":"2026-04-30T18:00:24+00:00","mainEntityOfPage":{"@id":"https:\/\/informante.mx\/?p=58179"},"wordCount":652,"commentCount":0,"publisher":{"@id":"https:\/\/informante.mx\/#organization"},"image":{"@id":"https:\/\/informante.mx\/?p=58179#primaryimage"},"thumbnailUrl":"https:\/\/informante.mx\/wp-content\/uploads\/2026\/04\/Rocha-Moya-el-padrino.jpg","keywords":["Nacional"],"articleSection":["Nacional"],"inLanguage":"es","potentialAction":[{"@type":"CommentAction","name":"Comment","target":["https:\/\/informante.mx\/?p=58179#respond"]}]},{"@type":"WebPage","@id":"https:\/\/informante.mx\/?p=58179","url":"https:\/\/informante.mx\/?p=58179","name":"Exige EU entregar a Rocha por narco - Informante.mx","isPartOf":{"@id":"https:\/\/informante.mx\/#website"},"primaryImageOfPage":{"@id":"https:\/\/informante.mx\/?p=58179#primaryimage"},"image":{"@id":"https:\/\/informante.mx\/?p=58179#primaryimage"},"thumbnailUrl":"https:\/\/informante.mx\/wp-content\/uploads\/2026\/04\/Rocha-Moya-el-padrino.jpg","datePublished":"2026-04-30T17:54:50+00:00","dateModified":"2026-04-30T18:00:24+00:00","breadcrumb":{"@id":"https:\/\/informante.mx\/?p=58179#breadcrumb"},"inLanguage":"es","potentialAction":[{"@type":"ReadAction","target":["https:\/\/informante.mx\/?p=58179"]}]},{"@type":"ImageObject","inLanguage":"es","@id":"https:\/\/informante.mx\/?p=58179#primaryimage","url":"https:\/\/informante.mx\/wp-content\/uploads\/2026\/04\/Rocha-Moya-el-padrino.jpg","contentUrl":"https:\/\/informante.mx\/wp-content\/uploads\/2026\/04\/Rocha-Moya-el-padrino.jpg","width":1100,"height":700},{"@type":"BreadcrumbList","@id":"https:\/\/informante.mx\/?p=58179#breadcrumb","itemListElement":[{"@type":"ListItem","position":1,"name":"Portada","item":"https:\/\/informante.mx\/"},{"@type":"ListItem","position":2,"name":"Exige EU entregar a Rocha por narco"}]},{"@type":"WebSite","@id":"https:\/\/informante.mx\/#website","url":"https:\/\/informante.mx\/","name":"Informante.mx","description":"","publisher":{"@id":"https:\/\/informante.mx\/#organization"},"potentialAction":[{"@type":"SearchAction","target":{"@type":"EntryPoint","urlTemplate":"https:\/\/informante.mx\/?s={search_term_string}"},"query-input":{"@type":"PropertyValueSpecification","valueRequired":true,"valueName":"search_term_string"}}],"inLanguage":"es"},{"@type":"Organization","@id":"https:\/\/informante.mx\/#organization","name":"Informante.mx","url":"https:\/\/informante.mx\/","logo":{"@type":"ImageObject","inLanguage":"es","@id":"https:\/\/informante.mx\/#\/schema\/logo\/image\/","url":"https:\/\/informante.mx\/wp-content\/uploads\/2019\/12\/cropped-LOGO-Verde-Apaisado-1024x360O-1.png","contentUrl":"https:\/\/informante.mx\/wp-content\/uploads\/2019\/12\/cropped-LOGO-Verde-Apaisado-1024x360O-1.png","width":923,"height":180,"caption":"Informante.mx"},"image":{"@id":"https:\/\/informante.mx\/#\/schema\/logo\/image\/"},"sameAs":["https:\/\/www.facebook.com\/MX.Informante","https:\/\/x.com\/mx_informante"]},{"@type":"Person","@id":"https:\/\/informante.mx\/#\/schema\/person\/3eff91989d2ea76b0a330b416325946c","name":"InformanteMX","image":{"@type":"ImageObject","inLanguage":"es","@id":"https:\/\/secure.gravatar.com\/avatar\/10d802aa739e832aedd2f3fd8544d878871eb22e6ca86fe9a548573e34a28f0e?s=96&d=mm&r=g","url":"https:\/\/secure.gravatar.com\/avatar\/10d802aa739e832aedd2f3fd8544d878871eb22e6ca86fe9a548573e34a28f0e?s=96&d=mm&r=g","contentUrl":"https:\/\/secure.gravatar.com\/avatar\/10d802aa739e832aedd2f3fd8544d878871eb22e6ca86fe9a548573e34a28f0e?s=96&d=mm&r=g","caption":"InformanteMX"},"url":"https:\/\/informante.mx\/?author=1"}]}},"jetpack_featured_media_url":"https:\/\/informante.mx\/wp-content\/uploads\/2026\/04\/Rocha-Moya-el-padrino.jpg","uagb_featured_image_src":{"full":["https:\/\/informante.mx\/wp-content\/uploads\/2026\/04\/Rocha-Moya-el-padrino.jpg",1100,700,false],"thumbnail":["https:\/\/informante.mx\/wp-content\/uploads\/2026\/04\/Rocha-Moya-el-padrino-150x95.jpg",150,95,true],"medium":["https:\/\/informante.mx\/wp-content\/uploads\/2026\/04\/Rocha-Moya-el-padrino-300x191.jpg",300,191,true],"medium_large":["https:\/\/informante.mx\/wp-content\/uploads\/2026\/04\/Rocha-Moya-el-padrino-768x489.jpg",640,408,true],"large":["https:\/\/informante.mx\/wp-content\/uploads\/2026\/04\/Rocha-Moya-el-padrino-1024x652.jpg",640,408,true],"1536x1536":["https:\/\/informante.mx\/wp-content\/uploads\/2026\/04\/Rocha-Moya-el-padrino.jpg",1100,700,false],"2048x2048":["https:\/\/informante.mx\/wp-content\/uploads\/2026\/04\/Rocha-Moya-el-padrino.jpg",1100,700,false],"td_0x420":["https:\/\/informante.mx\/wp-content\/uploads\/2026\/04\/Rocha-Moya-el-padrino-660x420.jpg",660,420,true],"td_0x420_retina":["https:\/\/informante.mx\/wp-content\/uploads\/2026\/04\/Rocha-Moya-el-padrino.jpg",1100,700,false],"td_80x60":["https:\/\/informante.mx\/wp-content\/uploads\/2026\/04\/Rocha-Moya-el-padrino-80x60.jpg",80,60,true],"td_80x60_retina":["https:\/\/informante.mx\/wp-content\/uploads\/2026\/04\/Rocha-Moya-el-padrino-160x120.jpg",160,120,true],"td_100x75":["https:\/\/informante.mx\/wp-content\/uploads\/2026\/04\/Rocha-Moya-el-padrino-100x75.jpg",100,75,true],"td_100x75_retina":["https:\/\/informante.mx\/wp-content\/uploads\/2026\/04\/Rocha-Moya-el-padrino-200x150.jpg",200,150,true],"td_180x135":["https:\/\/informante.mx\/wp-content\/uploads\/2026\/04\/Rocha-Moya-el-padrino-180x135.jpg",180,135,true],"td_180x135_retina":["https:\/\/informante.mx\/wp-content\/uploads\/2026\/04\/Rocha-Moya-el-padrino-360x270.jpg",360,270,true],"td_238x178":["https:\/\/informante.mx\/wp-content\/uploads\/2026\/04\/Rocha-Moya-el-padrino-238x178.jpg",238,178,true],"td_238x178_retina":["https:\/\/informante.mx\/wp-content\/uploads\/2026\/04\/Rocha-Moya-el-padrino-476x356.jpg",476,356,true],"td_265x198":["https:\/\/informante.mx\/wp-content\/uploads\/2026\/04\/Rocha-Moya-el-padrino-265x198.jpg",265,198,true],"td_265x198_retina":["https:\/\/informante.mx\/wp-content\/uploads\/2026\/04\/Rocha-Moya-el-padrino-530x396.jpg",530,396,true],"td_300x160":["https:\/\/informante.mx\/wp-content\/uploads\/2026\/04\/Rocha-Moya-el-padrino-300x160.jpg",300,160,true],"td_300x160_retina":["https:\/\/informante.mx\/wp-content\/uploads\/2026\/04\/Rocha-Moya-el-padrino-600x320.jpg",600,320,true],"td_300x194":["https:\/\/informante.mx\/wp-content\/uploads\/2026\/04\/Rocha-Moya-el-padrino-300x194.jpg",300,194,true],"td_300x194_retina":["https:\/\/informante.mx\/wp-content\/uploads\/2026\/04\/Rocha-Moya-el-padrino-600x388.jpg",600,388,true],"td_300x350":["https:\/\/informante.mx\/wp-content\/uploads\/2026\/04\/Rocha-Moya-el-padrino-300x350.jpg",300,350,true],"td_300x350_retina":["https:\/\/informante.mx\/wp-content\/uploads\/2026\/04\/Rocha-Moya-el-padrino-600x700.jpg",600,700,true],"td_341x220":["https:\/\/informante.mx\/wp-content\/uploads\/2026\/04\/Rocha-Moya-el-padrino-341x220.jpg",341,220,true],"td_341x220_retina":["https:\/\/informante.mx\/wp-content\/uploads\/2026\/04\/Rocha-Moya-el-padrino-682x440.jpg",682,440,true],"td_341x400":["https:\/\/informante.mx\/wp-content\/uploads\/2026\/04\/Rocha-Moya-el-padrino-341x400.jpg",341,400,true],"td_341x400_retina":["https:\/\/informante.mx\/wp-content\/uploads\/2026\/04\/Rocha-Moya-el-padrino-682x700.jpg",682,700,true],"td_511x400":["https:\/\/informante.mx\/wp-content\/uploads\/2026\/04\/Rocha-Moya-el-padrino-511x400.jpg",511,400,true],"td_511x400_retina":["https:\/\/informante.mx\/wp-content\/uploads\/2026\/04\/Rocha-Moya-el-padrino-1022x700.jpg",1022,700,true],"td_537x360":["https:\/\/informante.mx\/wp-content\/uploads\/2026\/04\/Rocha-Moya-el-padrino-537x360.jpg",537,360,true],"td_537x360_retina":["https:\/\/informante.mx\/wp-content\/uploads\/2026\/04\/Rocha-Moya-el-padrino-1074x700.jpg",1074,700,true],"td_640x0":["https:\/\/informante.mx\/wp-content\/uploads\/2026\/04\/Rocha-Moya-el-padrino-640x407.jpg",640,407,true],"td_640x0_retina":["https:\/\/informante.mx\/wp-content\/uploads\/2026\/04\/Rocha-Moya-el-padrino.jpg",1100,700,false],"td_640x350":["https:\/\/informante.mx\/wp-content\/uploads\/2026\/04\/Rocha-Moya-el-padrino-640x350.jpg",640,350,true],"td_640x350_retina":["https:\/\/informante.mx\/wp-content\/uploads\/2026\/04\/Rocha-Moya-el-padrino.jpg",1100,700,false],"td_681x0":["https:\/\/informante.mx\/wp-content\/uploads\/2026\/04\/Rocha-Moya-el-padrino-681x433.jpg",681,433,true],"td_681x0_retina":["https:\/\/informante.mx\/wp-content\/uploads\/2026\/04\/Rocha-Moya-el-padrino.jpg",1100,700,false],"td_681x400":["https:\/\/informante.mx\/wp-content\/uploads\/2026\/04\/Rocha-Moya-el-padrino-681x400.jpg",681,400,true],"td_681x400_retina":["https:\/\/informante.mx\/wp-content\/uploads\/2026\/04\/Rocha-Moya-el-padrino.jpg",1100,700,false],"td_741x486":["https:\/\/informante.mx\/wp-content\/uploads\/2026\/04\/Rocha-Moya-el-padrino-741x486.jpg",741,486,true],"td_741x486_retina":["https:\/\/informante.mx\/wp-content\/uploads\/2026\/04\/Rocha-Moya-el-padrino.jpg",1100,700,false],"td_1021x580":["https:\/\/informante.mx\/wp-content\/uploads\/2026\/04\/Rocha-Moya-el-padrino-1021x580.jpg",1021,580,true],"td_1021x580_retina":["https:\/\/informante.mx\/wp-content\/uploads\/2026\/04\/Rocha-Moya-el-padrino.jpg",1100,700,false]},"uagb_author_info":{"display_name":"InformanteMX","author_link":"https:\/\/informante.mx\/?author=1"},"uagb_comment_info":0,"uagb_excerpt":"La administraci\u00f3n de Donald Trump acusa al gobernador de Sinaloa de encabezar un \"narcogobierno\" y colaborar con el C\u00e1rtel de Sinaloa en el tr\u00e1fico de fentanilo y actos de violencia; el Gobierno de M\u00e9xico califica la medida como una violaci\u00f3n a la soberan\u00eda.","_links":{"self":[{"href":"https:\/\/informante.mx\/index.php?rest_route=\/wp\/v2\/posts\/58179","targetHints":{"allow":["GET"]}}],"collection":[{"href":"https:\/\/informante.mx\/index.php?rest_route=\/wp\/v2\/posts"}],"about":[{"href":"https:\/\/informante.mx\/index.php?rest_route=\/wp\/v2\/types\/post"}],"author":[{"embeddable":true,"href":"https:\/\/informante.mx\/index.php?rest_route=\/wp\/v2\/users\/1"}],"replies":[{"embeddable":true,"href":"https:\/\/informante.mx\/index.php?rest_route=%2Fwp%2Fv2%2Fcomments&post=58179"}],"version-history":[{"count":2,"href":"https:\/\/informante.mx\/index.php?rest_route=\/wp\/v2\/posts\/58179\/revisions"}],"predecessor-version":[{"id":58182,"href":"https:\/\/informante.mx\/index.php?rest_route=\/wp\/v2\/posts\/58179\/revisions\/58182"}],"wp:featuredmedia":[{"embeddable":true,"href":"https:\/\/informante.mx\/index.php?rest_route=\/wp\/v2\/media\/58180"}],"wp:attachment":[{"href":"https:\/\/informante.mx\/index.php?rest_route=%2Fwp%2Fv2%2Fmedia&parent=58179"}],"wp:term":[{"taxonomy":"category","embeddable":true,"href":"https:\/\/informante.mx\/index.php?rest_route=%2Fwp%2Fv2%2Fcategories&post=58179"},{"taxonomy":"post_tag","embeddable":true,"href":"https:\/\/informante.mx\/index.php?rest_route=%2Fwp%2Fv2%2Ftags&post=58179"}],"curies":[{"name":"wp","href":"https:\/\/api.w.org\/{rel}","templated":true}]}}