{"id":58169,"date":"2026-04-29T13:02:47","date_gmt":"2026-04-29T19:02:47","guid":{"rendered":"https:\/\/informante.mx\/?p=58169"},"modified":"2026-04-29T13:02:52","modified_gmt":"2026-04-29T19:02:52","slug":"no-hay-ningun-problema-respondenahle-ante-declaraciones-de-atanasio-garcia","status":"publish","type":"post","link":"https:\/\/informante.mx\/?p=58169","title":{"rendered":"\u00abNo hay ning\u00fan problema\u00bb, respondeNahle ante declaraciones de Atanasio Garc\u00eda"},"content":{"rendered":"\n<h2 class=\"wp-block-heading\">La gobernadora afirm\u00f3 que respeta las opiniones del exdiputado y sostiene que el movimiento se mantiene s\u00f3lido en Veracruz<\/h2>\n\n\n\n<p><strong>Ada Reyes<\/strong><\/p>\n\n\n\n<p><strong>Papantla, Ver.- <\/strong>La gobernadora de Veracruz, Roc\u00edo Nahle Garc\u00eda, descart\u00f3 cualquier confrontaci\u00f3n con el exdiputado y acad\u00e9mico Atanasio Garc\u00eda Dur\u00e1n, luego de los se\u00f1alamientos que este realiz\u00f3 recientemente en su contra.<\/p>\n\n\n\n<p>En entrevista, la mandataria subray\u00f3 que mantiene respeto hacia el integrante de la Universidad Veracruzana y minimiz\u00f3 sus declaraciones al calificarlas como opiniones personales.<\/p>\n\n\n\n<p>\u201cLo respeto mucho, lo conozco desde hace tiempo y no hay ning\u00fan problema\u201d, expres\u00f3.<\/p>\n\n\n\n<p>Nahle Garc\u00eda tambi\u00e9n rechaz\u00f3 que exista fractura o divisionismo al interior de Morena en la entidad, al asegurar que el movimiento se mantiene unido y enfocado en su agenda de trabajo.<\/p>\n\n\n\n<p>Indic\u00f3 que posturas externas, incluso de figuras vinculadas a administraciones pasadas, no inciden en el rumbo de su gobierno.<\/p>\n\n\n\n<p>Finalmente, reiter\u00f3 que continuar\u00e1 recorriendo el estado para supervisar obras de infraestructura, con el objetivo de mejorar la conectividad entre municipios.<\/p>\n\n\n\n<p>Cabe recordar que Atanasio Garc\u00eda pap\u00e1 del ex gobernador Cuitlahuac Garc\u00eda declar\u00f3 que fue un \u00aberror\u00bb votar por alguien no nacido en Veracruz, criticando con ello la capacidad para gobernar en la entidad.<\/p>\n\n\n\n<hr class=\"wp-block-separator has-alpha-channel-opacity\"\/>\n\n\n\n<p class=\"has-text-align-center\" style=\"font-size:17px\"><strong><i>Toda la informaci\u00f3n que necesitas saber la encuentras en nuestras <\/i><strong style=\"\"><em style=\"font-style: italic;\">redes sociales y canal de <\/em><\/strong><\/strong><a href=\"https:\/\/t.me\/informantemx\" target=\"_blank\" rel=\"noreferrer noopener\"><strong><em>Telegram<\/em><\/strong><\/a>. <\/p>\n\n\n\n<p class=\"has-text-align-center\" style=\"font-size:17px\"><strong><em>!\u00danete!<\/em><\/strong><\/p>\n\n\n\n<div class=\"wp-block-uagb-image aligncenter uagb-block-3acd28e8 wp-block-uagb-image--layout-default wp-block-uagb-image--effect-zoomin wp-block-uagb-image--align-center\"><figure class=\"wp-block-uagb-image__figure\"><a class=\"\" href=\"https:\/\/t.me\/informantemx\" target=\"\" rel=\"noopener\"><img decoding=\"async\" srcset=\"https:\/\/informante.mx\/wp-content\/uploads\/2023\/08\/Banner-Telegram-Verde-800x60-1.png ,https:\/\/informante.mx\/wp-content\/uploads\/2023\/08\/Banner-Telegram-Verde-800x60-1.png 780w, https:\/\/informante.mx\/wp-content\/uploads\/2023\/08\/Banner-Telegram-Verde-800x60-1.png 360w\" sizes=\"auto, (max-width: 480px) 150px\" src=\"https:\/\/informante.mx\/wp-content\/uploads\/2023\/08\/Banner-Telegram-Verde-800x60-1.png\" alt=\"\" class=\"uag-image-23275\" width=\"800\" height=\"60\" title=\"\" loading=\"lazy\" role=\"img\"\/><\/a><\/figure><\/div>\n\n\n\n<div class=\"wp-block-uagb-image aligncenter uagb-block-45ea2b31 wp-block-uagb-image--layout-default wp-block-uagb-image--effect-zoomin wp-block-uagb-image--align-center\"><figure class=\"wp-block-uagb-image__figure\"><a class=\"\" href=\"https:\/\/www.facebook.com\/MX.Informante\" target=\"\" rel=\"noopener\"><img decoding=\"async\" srcset=\"https:\/\/informante.mx\/wp-content\/uploads\/2023\/08\/Banner-Facebook-Verde-800x60-1.png ,https:\/\/informante.mx\/wp-content\/uploads\/2023\/08\/Banner-Facebook-Verde-800x60-1.png 780w, https:\/\/informante.mx\/wp-content\/uploads\/2023\/08\/Banner-Facebook-Verde-800x60-1.png 360w\" sizes=\"auto, (max-width: 480px) 150px\" src=\"https:\/\/informante.mx\/wp-content\/uploads\/2023\/08\/Banner-Facebook-Verde-800x60-1.png\" alt=\"\" class=\"uag-image-23274\" width=\"800\" height=\"60\" title=\"\" loading=\"lazy\" role=\"img\"\/><\/a><\/figure><\/div>\n\n\n\n<div class=\"wp-block-uagb-image aligncenter uagb-block-2ce4c51b wp-block-uagb-image--layout-default wp-block-uagb-image--effect-zoomin wp-block-uagb-image--align-center\"><figure class=\"wp-block-uagb-image__figure\"><a class=\"\" href=\"https:\/\/twitter.com\/mx_informante\" target=\"\" rel=\"noopener\"><img decoding=\"async\" srcset=\"https:\/\/informante.mx\/wp-content\/uploads\/2023\/08\/Banner-Twitter-Verde-800x60-1.png ,https:\/\/informante.mx\/wp-content\/uploads\/2023\/08\/Banner-Twitter-Verde-800x60-1.png 780w, https:\/\/informante.mx\/wp-content\/uploads\/2023\/08\/Banner-Twitter-Verde-800x60-1.png 360w\" sizes=\"auto, (max-width: 480px) 150px\" src=\"https:\/\/informante.mx\/wp-content\/uploads\/2023\/08\/Banner-Twitter-Verde-800x60-1.png\" alt=\"\" class=\"uag-image-23273\" width=\"800\" height=\"60\" title=\"\" loading=\"lazy\" role=\"img\"\/><\/a><\/figure><\/div>\n\n\n\n<div style=\"height:50px\" aria-hidden=\"true\" class=\"wp-block-spacer\"><\/div>\n","protected":false},"excerpt":{"rendered":"<p>La gobernadora afirm\u00f3 que respeta las opiniones del exdiputado y sostiene que el movimiento se mantiene s\u00f3lido en Veracruz<\/p>\n","protected":false},"author":1,"featured_media":46804,"comment_status":"open","ping_status":"closed","sticky":false,"template":"","format":"standard","meta":{"_uag_custom_page_level_css":"","jetpack_post_was_ever_published":false,"footnotes":""},"categories":[4],"tags":[32,33],"class_list":["post-58169","post","type-post","status-publish","format-standard","has-post-thumbnail","hentry","category-estatal","tag-estado","tag-veracruz"],"yoast_head":"<!-- This site is optimized with the Yoast SEO plugin v27.3 - https:\/\/yoast.com\/product\/yoast-seo-wordpress\/ -->\n<title>&quot;No hay ning\u00fan problema&quot;, respondeNahle ante declaraciones de Atanasio Garc\u00eda - Informante.mx<\/title>\n<meta name=\"robots\" content=\"index, follow, max-snippet:-1, max-image-preview:large, max-video-preview:-1\" \/>\n<link rel=\"canonical\" href=\"https:\/\/informante.mx\/?p=58169\" \/>\n<meta property=\"og:locale\" content=\"es_ES\" \/>\n<meta property=\"og:type\" content=\"article\" \/>\n<meta property=\"og:title\" content=\"&quot;No hay ning\u00fan problema&quot;, respondeNahle ante declaraciones de Atanasio Garc\u00eda - Informante.mx\" \/>\n<meta property=\"og:description\" content=\"La gobernadora afirm\u00f3 que respeta las opiniones del exdiputado y sostiene que el movimiento se mantiene s\u00f3lido en Veracruz\" \/>\n<meta property=\"og:url\" content=\"https:\/\/informante.mx\/?p=58169\" \/>\n<meta property=\"og:site_name\" content=\"Informante.mx\" \/>\n<meta property=\"article:publisher\" content=\"https:\/\/www.facebook.com\/MX.Informante\" \/>\n<meta property=\"article:published_time\" content=\"2026-04-29T19:02:47+00:00\" \/>\n<meta property=\"article:modified_time\" content=\"2026-04-29T19:02:52+00:00\" \/>\n<meta property=\"og:image\" content=\"https:\/\/informante.mx\/wp-content\/uploads\/2025\/03\/Rocio-Nahle-2-e1745446518249.jpg\" \/>\n\t<meta property=\"og:image:width\" content=\"1158\" \/>\n\t<meta property=\"og:image:height\" content=\"698\" \/>\n\t<meta property=\"og:image:type\" content=\"image\/jpeg\" \/>\n<meta name=\"author\" content=\"InformanteMX\" \/>\n<meta name=\"twitter:card\" content=\"summary_large_image\" \/>\n<meta name=\"twitter:creator\" content=\"@mx_informante\" \/>\n<meta name=\"twitter:site\" content=\"@mx_informante\" \/>\n<meta name=\"twitter:label1\" content=\"Escrito por\" \/>\n\t<meta name=\"twitter:data1\" content=\"InformanteMX\" \/>\n\t<meta name=\"twitter:label2\" content=\"Tiempo de lectura\" \/>\n\t<meta name=\"twitter:data2\" content=\"1 minuto\" \/>\n<script type=\"application\/ld+json\" class=\"yoast-schema-graph\">{\"@context\":\"https:\\\/\\\/schema.org\",\"@graph\":[{\"@type\":\"NewsArticle\",\"@id\":\"https:\\\/\\\/informante.mx\\\/?p=58169#article\",\"isPartOf\":{\"@id\":\"https:\\\/\\\/informante.mx\\\/?p=58169\"},\"author\":{\"name\":\"InformanteMX\",\"@id\":\"https:\\\/\\\/informante.mx\\\/#\\\/schema\\\/person\\\/3eff91989d2ea76b0a330b416325946c\"},\"headline\":\"\u00abNo hay ning\u00fan problema\u00bb, respondeNahle ante declaraciones de Atanasio Garc\u00eda\",\"datePublished\":\"2026-04-29T19:02:47+00:00\",\"dateModified\":\"2026-04-29T19:02:52+00:00\",\"mainEntityOfPage\":{\"@id\":\"https:\\\/\\\/informante.mx\\\/?p=58169\"},\"wordCount\":220,\"commentCount\":0,\"publisher\":{\"@id\":\"https:\\\/\\\/informante.mx\\\/#organization\"},\"image\":{\"@id\":\"https:\\\/\\\/informante.mx\\\/?p=58169#primaryimage\"},\"thumbnailUrl\":\"https:\\\/\\\/informante.mx\\\/wp-content\\\/uploads\\\/2025\\\/03\\\/Rocio-Nahle-2-e1745446518249.jpg\",\"keywords\":[\"Estado\",\"Veracruz\"],\"articleSection\":[\"Estatal\"],\"inLanguage\":\"es\",\"potentialAction\":[{\"@type\":\"CommentAction\",\"name\":\"Comment\",\"target\":[\"https:\\\/\\\/informante.mx\\\/?p=58169#respond\"]}]},{\"@type\":\"WebPage\",\"@id\":\"https:\\\/\\\/informante.mx\\\/?p=58169\",\"url\":\"https:\\\/\\\/informante.mx\\\/?p=58169\",\"name\":\"\\\"No hay ning\u00fan problema\\\", respondeNahle ante declaraciones de Atanasio Garc\u00eda - Informante.mx\",\"isPartOf\":{\"@id\":\"https:\\\/\\\/informante.mx\\\/#website\"},\"primaryImageOfPage\":{\"@id\":\"https:\\\/\\\/informante.mx\\\/?p=58169#primaryimage\"},\"image\":{\"@id\":\"https:\\\/\\\/informante.mx\\\/?p=58169#primaryimage\"},\"thumbnailUrl\":\"https:\\\/\\\/informante.mx\\\/wp-content\\\/uploads\\\/2025\\\/03\\\/Rocio-Nahle-2-e1745446518249.jpg\",\"datePublished\":\"2026-04-29T19:02:47+00:00\",\"dateModified\":\"2026-04-29T19:02:52+00:00\",\"breadcrumb\":{\"@id\":\"https:\\\/\\\/informante.mx\\\/?p=58169#breadcrumb\"},\"inLanguage\":\"es\",\"potentialAction\":[{\"@type\":\"ReadAction\",\"target\":[\"https:\\\/\\\/informante.mx\\\/?p=58169\"]}]},{\"@type\":\"ImageObject\",\"inLanguage\":\"es\",\"@id\":\"https:\\\/\\\/informante.mx\\\/?p=58169#primaryimage\",\"url\":\"https:\\\/\\\/informante.mx\\\/wp-content\\\/uploads\\\/2025\\\/03\\\/Rocio-Nahle-2-e1745446518249.jpg\",\"contentUrl\":\"https:\\\/\\\/informante.mx\\\/wp-content\\\/uploads\\\/2025\\\/03\\\/Rocio-Nahle-2-e1745446518249.jpg\",\"width\":1158,\"height\":698},{\"@type\":\"BreadcrumbList\",\"@id\":\"https:\\\/\\\/informante.mx\\\/?p=58169#breadcrumb\",\"itemListElement\":[{\"@type\":\"ListItem\",\"position\":1,\"name\":\"Portada\",\"item\":\"https:\\\/\\\/informante.mx\\\/\"},{\"@type\":\"ListItem\",\"position\":2,\"name\":\"\u00abNo hay ning\u00fan problema\u00bb, respondeNahle ante declaraciones de Atanasio Garc\u00eda\"}]},{\"@type\":\"WebSite\",\"@id\":\"https:\\\/\\\/informante.mx\\\/#website\",\"url\":\"https:\\\/\\\/informante.mx\\\/\",\"name\":\"Informante.mx\",\"description\":\"\",\"publisher\":{\"@id\":\"https:\\\/\\\/informante.mx\\\/#organization\"},\"potentialAction\":[{\"@type\":\"SearchAction\",\"target\":{\"@type\":\"EntryPoint\",\"urlTemplate\":\"https:\\\/\\\/informante.mx\\\/?s={search_term_string}\"},\"query-input\":{\"@type\":\"PropertyValueSpecification\",\"valueRequired\":true,\"valueName\":\"search_term_string\"}}],\"inLanguage\":\"es\"},{\"@type\":\"Organization\",\"@id\":\"https:\\\/\\\/informante.mx\\\/#organization\",\"name\":\"Informante.mx\",\"url\":\"https:\\\/\\\/informante.mx\\\/\",\"logo\":{\"@type\":\"ImageObject\",\"inLanguage\":\"es\",\"@id\":\"https:\\\/\\\/informante.mx\\\/#\\\/schema\\\/logo\\\/image\\\/\",\"url\":\"https:\\\/\\\/informante.mx\\\/wp-content\\\/uploads\\\/2019\\\/12\\\/cropped-LOGO-Verde-Apaisado-1024x360O-1.png\",\"contentUrl\":\"https:\\\/\\\/informante.mx\\\/wp-content\\\/uploads\\\/2019\\\/12\\\/cropped-LOGO-Verde-Apaisado-1024x360O-1.png\",\"width\":923,\"height\":180,\"caption\":\"Informante.mx\"},\"image\":{\"@id\":\"https:\\\/\\\/informante.mx\\\/#\\\/schema\\\/logo\\\/image\\\/\"},\"sameAs\":[\"https:\\\/\\\/www.facebook.com\\\/MX.Informante\",\"https:\\\/\\\/x.com\\\/mx_informante\"]},{\"@type\":\"Person\",\"@id\":\"https:\\\/\\\/informante.mx\\\/#\\\/schema\\\/person\\\/3eff91989d2ea76b0a330b416325946c\",\"name\":\"InformanteMX\",\"image\":{\"@type\":\"ImageObject\",\"inLanguage\":\"es\",\"@id\":\"https:\\\/\\\/secure.gravatar.com\\\/avatar\\\/10d802aa739e832aedd2f3fd8544d878871eb22e6ca86fe9a548573e34a28f0e?s=96&d=mm&r=g\",\"url\":\"https:\\\/\\\/secure.gravatar.com\\\/avatar\\\/10d802aa739e832aedd2f3fd8544d878871eb22e6ca86fe9a548573e34a28f0e?s=96&d=mm&r=g\",\"contentUrl\":\"https:\\\/\\\/secure.gravatar.com\\\/avatar\\\/10d802aa739e832aedd2f3fd8544d878871eb22e6ca86fe9a548573e34a28f0e?s=96&d=mm&r=g\",\"caption\":\"InformanteMX\"},\"url\":\"https:\\\/\\\/informante.mx\\\/?author=1\"}]}<\/script>\n<!-- \/ Yoast SEO plugin. -->","yoast_head_json":{"title":"\"No hay ning\u00fan problema\", respondeNahle ante declaraciones de Atanasio Garc\u00eda - Informante.mx","robots":{"index":"index","follow":"follow","max-snippet":"max-snippet:-1","max-image-preview":"max-image-preview:large","max-video-preview":"max-video-preview:-1"},"canonical":"https:\/\/informante.mx\/?p=58169","og_locale":"es_ES","og_type":"article","og_title":"\"No hay ning\u00fan problema\", respondeNahle ante declaraciones de Atanasio Garc\u00eda - Informante.mx","og_description":"La gobernadora afirm\u00f3 que respeta las opiniones del exdiputado y sostiene que el movimiento se mantiene s\u00f3lido en Veracruz","og_url":"https:\/\/informante.mx\/?p=58169","og_site_name":"Informante.mx","article_publisher":"https:\/\/www.facebook.com\/MX.Informante","article_published_time":"2026-04-29T19:02:47+00:00","article_modified_time":"2026-04-29T19:02:52+00:00","og_image":[{"width":1158,"height":698,"url":"https:\/\/informante.mx\/wp-content\/uploads\/2025\/03\/Rocio-Nahle-2-e1745446518249.jpg","type":"image\/jpeg"}],"author":"InformanteMX","twitter_card":"summary_large_image","twitter_creator":"@mx_informante","twitter_site":"@mx_informante","twitter_misc":{"Escrito por":"InformanteMX","Tiempo de lectura":"1 minuto"},"schema":{"@context":"https:\/\/schema.org","@graph":[{"@type":"NewsArticle","@id":"https:\/\/informante.mx\/?p=58169#article","isPartOf":{"@id":"https:\/\/informante.mx\/?p=58169"},"author":{"name":"InformanteMX","@id":"https:\/\/informante.mx\/#\/schema\/person\/3eff91989d2ea76b0a330b416325946c"},"headline":"\u00abNo hay ning\u00fan problema\u00bb, respondeNahle ante declaraciones de Atanasio Garc\u00eda","datePublished":"2026-04-29T19:02:47+00:00","dateModified":"2026-04-29T19:02:52+00:00","mainEntityOfPage":{"@id":"https:\/\/informante.mx\/?p=58169"},"wordCount":220,"commentCount":0,"publisher":{"@id":"https:\/\/informante.mx\/#organization"},"image":{"@id":"https:\/\/informante.mx\/?p=58169#primaryimage"},"thumbnailUrl":"https:\/\/informante.mx\/wp-content\/uploads\/2025\/03\/Rocio-Nahle-2-e1745446518249.jpg","keywords":["Estado","Veracruz"],"articleSection":["Estatal"],"inLanguage":"es","potentialAction":[{"@type":"CommentAction","name":"Comment","target":["https:\/\/informante.mx\/?p=58169#respond"]}]},{"@type":"WebPage","@id":"https:\/\/informante.mx\/?p=58169","url":"https:\/\/informante.mx\/?p=58169","name":"\"No hay ning\u00fan problema\", respondeNahle ante declaraciones de Atanasio Garc\u00eda - Informante.mx","isPartOf":{"@id":"https:\/\/informante.mx\/#website"},"primaryImageOfPage":{"@id":"https:\/\/informante.mx\/?p=58169#primaryimage"},"image":{"@id":"https:\/\/informante.mx\/?p=58169#primaryimage"},"thumbnailUrl":"https:\/\/informante.mx\/wp-content\/uploads\/2025\/03\/Rocio-Nahle-2-e1745446518249.jpg","datePublished":"2026-04-29T19:02:47+00:00","dateModified":"2026-04-29T19:02:52+00:00","breadcrumb":{"@id":"https:\/\/informante.mx\/?p=58169#breadcrumb"},"inLanguage":"es","potentialAction":[{"@type":"ReadAction","target":["https:\/\/informante.mx\/?p=58169"]}]},{"@type":"ImageObject","inLanguage":"es","@id":"https:\/\/informante.mx\/?p=58169#primaryimage","url":"https:\/\/informante.mx\/wp-content\/uploads\/2025\/03\/Rocio-Nahle-2-e1745446518249.jpg","contentUrl":"https:\/\/informante.mx\/wp-content\/uploads\/2025\/03\/Rocio-Nahle-2-e1745446518249.jpg","width":1158,"height":698},{"@type":"BreadcrumbList","@id":"https:\/\/informante.mx\/?p=58169#breadcrumb","itemListElement":[{"@type":"ListItem","position":1,"name":"Portada","item":"https:\/\/informante.mx\/"},{"@type":"ListItem","position":2,"name":"\u00abNo hay ning\u00fan problema\u00bb, respondeNahle ante declaraciones de Atanasio Garc\u00eda"}]},{"@type":"WebSite","@id":"https:\/\/informante.mx\/#website","url":"https:\/\/informante.mx\/","name":"Informante.mx","description":"","publisher":{"@id":"https:\/\/informante.mx\/#organization"},"potentialAction":[{"@type":"SearchAction","target":{"@type":"EntryPoint","urlTemplate":"https:\/\/informante.mx\/?s={search_term_string}"},"query-input":{"@type":"PropertyValueSpecification","valueRequired":true,"valueName":"search_term_string"}}],"inLanguage":"es"},{"@type":"Organization","@id":"https:\/\/informante.mx\/#organization","name":"Informante.mx","url":"https:\/\/informante.mx\/","logo":{"@type":"ImageObject","inLanguage":"es","@id":"https:\/\/informante.mx\/#\/schema\/logo\/image\/","url":"https:\/\/informante.mx\/wp-content\/uploads\/2019\/12\/cropped-LOGO-Verde-Apaisado-1024x360O-1.png","contentUrl":"https:\/\/informante.mx\/wp-content\/uploads\/2019\/12\/cropped-LOGO-Verde-Apaisado-1024x360O-1.png","width":923,"height":180,"caption":"Informante.mx"},"image":{"@id":"https:\/\/informante.mx\/#\/schema\/logo\/image\/"},"sameAs":["https:\/\/www.facebook.com\/MX.Informante","https:\/\/x.com\/mx_informante"]},{"@type":"Person","@id":"https:\/\/informante.mx\/#\/schema\/person\/3eff91989d2ea76b0a330b416325946c","name":"InformanteMX","image":{"@type":"ImageObject","inLanguage":"es","@id":"https:\/\/secure.gravatar.com\/avatar\/10d802aa739e832aedd2f3fd8544d878871eb22e6ca86fe9a548573e34a28f0e?s=96&d=mm&r=g","url":"https:\/\/secure.gravatar.com\/avatar\/10d802aa739e832aedd2f3fd8544d878871eb22e6ca86fe9a548573e34a28f0e?s=96&d=mm&r=g","contentUrl":"https:\/\/secure.gravatar.com\/avatar\/10d802aa739e832aedd2f3fd8544d878871eb22e6ca86fe9a548573e34a28f0e?s=96&d=mm&r=g","caption":"InformanteMX"},"url":"https:\/\/informante.mx\/?author=1"}]}},"jetpack_featured_media_url":"https:\/\/informante.mx\/wp-content\/uploads\/2025\/03\/Rocio-Nahle-2-e1745446518249.jpg","uagb_featured_image_src":{"full":["https:\/\/informante.mx\/wp-content\/uploads\/2025\/03\/Rocio-Nahle-2-e1745446518249.jpg",1158,698,false],"thumbnail":["https:\/\/informante.mx\/wp-content\/uploads\/2025\/03\/Rocio-Nahle-2-e1745446518249-150x90.jpg",150,90,true],"medium":["https:\/\/informante.mx\/wp-content\/uploads\/2025\/03\/Rocio-Nahle-2-e1745446518249-300x181.jpg",300,181,true],"medium_large":["https:\/\/informante.mx\/wp-content\/uploads\/2025\/03\/Rocio-Nahle-2-e1745446518249-768x463.jpg",640,386,true],"large":["https:\/\/informante.mx\/wp-content\/uploads\/2025\/03\/Rocio-Nahle-2-e1745446518249-1024x617.jpg",640,386,true],"1536x1536":["https:\/\/informante.mx\/wp-content\/uploads\/2025\/03\/Rocio-Nahle-2-e1745446518249.jpg",1158,698,false],"2048x2048":["https:\/\/informante.mx\/wp-content\/uploads\/2025\/03\/Rocio-Nahle-2-e1745446518249.jpg",1158,698,false],"td_0x420":["https:\/\/informante.mx\/wp-content\/uploads\/2025\/03\/Rocio-Nahle-2-e1745446518249-697x420.jpg",697,420,true],"td_0x420_retina":["https:\/\/informante.mx\/wp-content\/uploads\/2025\/03\/Rocio-Nahle-2-e1745446518249.jpg",1158,698,false],"td_80x60":["https:\/\/informante.mx\/wp-content\/uploads\/2025\/03\/Rocio-Nahle-2-e1745446518249-80x60.jpg",80,60,true],"td_80x60_retina":["https:\/\/informante.mx\/wp-content\/uploads\/2025\/03\/Rocio-Nahle-2-e1745446518249-160x120.jpg",160,120,true],"td_100x75":["https:\/\/informante.mx\/wp-content\/uploads\/2025\/03\/Rocio-Nahle-2-e1745446518249-100x75.jpg",100,75,true],"td_100x75_retina":["https:\/\/informante.mx\/wp-content\/uploads\/2025\/03\/Rocio-Nahle-2-e1745446518249-200x150.jpg",200,150,true],"td_180x135":["https:\/\/informante.mx\/wp-content\/uploads\/2025\/03\/Rocio-Nahle-2-e1745446518249-180x135.jpg",180,135,true],"td_180x135_retina":["https:\/\/informante.mx\/wp-content\/uploads\/2025\/03\/Rocio-Nahle-2-e1745446518249-360x270.jpg",360,270,true],"td_238x178":["https:\/\/informante.mx\/wp-content\/uploads\/2025\/03\/Rocio-Nahle-2-e1745446518249-238x178.jpg",238,178,true],"td_238x178_retina":["https:\/\/informante.mx\/wp-content\/uploads\/2025\/03\/Rocio-Nahle-2-e1745446518249-476x356.jpg",476,356,true],"td_265x198":["https:\/\/informante.mx\/wp-content\/uploads\/2025\/03\/Rocio-Nahle-2-e1745446518249-265x198.jpg",265,198,true],"td_265x198_retina":["https:\/\/informante.mx\/wp-content\/uploads\/2025\/03\/Rocio-Nahle-2-e1745446518249-530x396.jpg",530,396,true],"td_300x160":["https:\/\/informante.mx\/wp-content\/uploads\/2025\/03\/Rocio-Nahle-2-e1745446518249-300x160.jpg",300,160,true],"td_300x160_retina":["https:\/\/informante.mx\/wp-content\/uploads\/2025\/03\/Rocio-Nahle-2-e1745446518249-600x320.jpg",600,320,true],"td_300x194":["https:\/\/informante.mx\/wp-content\/uploads\/2025\/03\/Rocio-Nahle-2-e1745446518249-300x194.jpg",300,194,true],"td_300x194_retina":["https:\/\/informante.mx\/wp-content\/uploads\/2025\/03\/Rocio-Nahle-2-e1745446518249-600x388.jpg",600,388,true],"td_300x350":["https:\/\/informante.mx\/wp-content\/uploads\/2025\/03\/Rocio-Nahle-2-e1745446518249-300x350.jpg",300,350,true],"td_300x350_retina":["https:\/\/informante.mx\/wp-content\/uploads\/2025\/03\/Rocio-Nahle-2-e1745446518249-600x698.jpg",600,698,true],"td_341x220":["https:\/\/informante.mx\/wp-content\/uploads\/2025\/03\/Rocio-Nahle-2-e1745446518249-341x220.jpg",341,220,true],"td_341x220_retina":["https:\/\/informante.mx\/wp-content\/uploads\/2025\/03\/Rocio-Nahle-2-e1745446518249-682x440.jpg",682,440,true],"td_341x400":["https:\/\/informante.mx\/wp-content\/uploads\/2025\/03\/Rocio-Nahle-2-e1745446518249-341x400.jpg",341,400,true],"td_341x400_retina":["https:\/\/informante.mx\/wp-content\/uploads\/2025\/03\/Rocio-Nahle-2-e1745446518249-682x698.jpg",682,698,true],"td_511x400":["https:\/\/informante.mx\/wp-content\/uploads\/2025\/03\/Rocio-Nahle-2-e1745446518249-511x400.jpg",511,400,true],"td_511x400_retina":["https:\/\/informante.mx\/wp-content\/uploads\/2025\/03\/Rocio-Nahle-2-e1745446518249-1022x698.jpg",1022,698,true],"td_537x360":["https:\/\/informante.mx\/wp-content\/uploads\/2025\/03\/Rocio-Nahle-2-e1745446518249-537x360.jpg",537,360,true],"td_537x360_retina":["https:\/\/informante.mx\/wp-content\/uploads\/2025\/03\/Rocio-Nahle-2-e1745446518249-1074x698.jpg",1074,698,true],"td_640x0":["https:\/\/informante.mx\/wp-content\/uploads\/2025\/03\/Rocio-Nahle-2-e1745446518249-640x386.jpg",640,386,true],"td_640x0_retina":["https:\/\/informante.mx\/wp-content\/uploads\/2025\/03\/Rocio-Nahle-2-e1745446518249.jpg",1158,698,false],"td_640x350":["https:\/\/informante.mx\/wp-content\/uploads\/2025\/03\/Rocio-Nahle-2-e1745446518249-640x350.jpg",640,350,true],"td_640x350_retina":["https:\/\/informante.mx\/wp-content\/uploads\/2025\/03\/Rocio-Nahle-2-e1745446518249.jpg",1158,698,false],"td_681x0":["https:\/\/informante.mx\/wp-content\/uploads\/2025\/03\/Rocio-Nahle-2-e1745446518249-681x410.jpg",681,410,true],"td_681x0_retina":["https:\/\/informante.mx\/wp-content\/uploads\/2025\/03\/Rocio-Nahle-2-e1745446518249.jpg",1158,698,false],"td_681x400":["https:\/\/informante.mx\/wp-content\/uploads\/2025\/03\/Rocio-Nahle-2-e1745446518249-681x400.jpg",681,400,true],"td_681x400_retina":["https:\/\/informante.mx\/wp-content\/uploads\/2025\/03\/Rocio-Nahle-2-e1745446518249.jpg",1158,698,false],"td_741x486":["https:\/\/informante.mx\/wp-content\/uploads\/2025\/03\/Rocio-Nahle-2-e1745446518249-741x486.jpg",741,486,true],"td_741x486_retina":["https:\/\/informante.mx\/wp-content\/uploads\/2025\/03\/Rocio-Nahle-2-e1745446518249.jpg",1158,698,false],"td_1021x580":["https:\/\/informante.mx\/wp-content\/uploads\/2025\/03\/Rocio-Nahle-2-e1745446518249-1021x580.jpg",1021,580,true],"td_1021x580_retina":["https:\/\/informante.mx\/wp-content\/uploads\/2025\/03\/Rocio-Nahle-2-e1745446518249.jpg",1158,698,false]},"uagb_author_info":{"display_name":"InformanteMX","author_link":"https:\/\/informante.mx\/?author=1"},"uagb_comment_info":0,"uagb_excerpt":"La gobernadora afirm\u00f3 que respeta las opiniones del exdiputado y sostiene que el movimiento se mantiene s\u00f3lido en Veracruz","_links":{"self":[{"href":"https:\/\/informante.mx\/index.php?rest_route=\/wp\/v2\/posts\/58169","targetHints":{"allow":["GET"]}}],"collection":[{"href":"https:\/\/informante.mx\/index.php?rest_route=\/wp\/v2\/posts"}],"about":[{"href":"https:\/\/informante.mx\/index.php?rest_route=\/wp\/v2\/types\/post"}],"author":[{"embeddable":true,"href":"https:\/\/informante.mx\/index.php?rest_route=\/wp\/v2\/users\/1"}],"replies":[{"embeddable":true,"href":"https:\/\/informante.mx\/index.php?rest_route=%2Fwp%2Fv2%2Fcomments&post=58169"}],"version-history":[{"count":1,"href":"https:\/\/informante.mx\/index.php?rest_route=\/wp\/v2\/posts\/58169\/revisions"}],"predecessor-version":[{"id":58170,"href":"https:\/\/informante.mx\/index.php?rest_route=\/wp\/v2\/posts\/58169\/revisions\/58170"}],"wp:featuredmedia":[{"embeddable":true,"href":"https:\/\/informante.mx\/index.php?rest_route=\/wp\/v2\/media\/46804"}],"wp:attachment":[{"href":"https:\/\/informante.mx\/index.php?rest_route=%2Fwp%2Fv2%2Fmedia&parent=58169"}],"wp:term":[{"taxonomy":"category","embeddable":true,"href":"https:\/\/informante.mx\/index.php?rest_route=%2Fwp%2Fv2%2Fcategories&post=58169"},{"taxonomy":"post_tag","embeddable":true,"href":"https:\/\/informante.mx\/index.php?rest_route=%2Fwp%2Fv2%2Ftags&post=58169"}],"curies":[{"name":"wp","href":"https:\/\/api.w.org\/{rel}","templated":true}]}}