{"id":58159,"date":"2026-04-29T12:34:09","date_gmt":"2026-04-29T18:34:09","guid":{"rendered":"https:\/\/informante.mx\/?p=58159"},"modified":"2026-04-29T12:34:14","modified_gmt":"2026-04-29T18:34:14","slug":"sindicatos-llaman-a-protestar-el-1-de-mayo-denuncian-adeudos-y-rezagos-laborales","status":"publish","type":"post","link":"https:\/\/informante.mx\/?p=58159","title":{"rendered":"Sindicatos llaman a protestar el 1 de mayo; denuncian adeudos y rezagos laborales"},"content":{"rendered":"\n<h2 class=\"wp-block-heading\">L\u00edderes acusan incumplimientos de autoridades y advierten que persistir\u00e1n movilizaciones para exigir pago de laudos, mejoras salariales y respeto a derechos<\/h2>\n\n\n\n<p><strong>Redacci\u00f3n Informante<\/strong><\/p>\n\n\n\n<p><strong>Xalapa, Ver.-<\/strong> Representantes sindicales convocaron a los trabajadores a manifestarse de manera libre durante el pr\u00f3ximo desfile del D\u00eda del Trabajo, en medio de denuncias por incumplimientos laborales, adeudos hist\u00f3ricos y falta de respuesta de autoridades estatales y federales.<\/p>\n\n\n\n<p>En conferencia de prensa, el dirigente V\u00edctor Hugo Jos\u00e9 Benito Ruiz afirm\u00f3 que la protesta es un derecho leg\u00edtimo ante las irregularidades que, dijo, persisten en diversas dependencias. \u201cQue protesten y se\u00f1alen a las autoridades d\u00f3nde les est\u00e1n fallando\u201d, expres\u00f3.<\/p>\n\n\n\n<p>Aunque reconoci\u00f3 que ha habido avances mediante el di\u00e1logo con instancias como la Secretar\u00eda del Trabajo, advirti\u00f3 que los rezagos acumulados durante a\u00f1os no se resolver\u00e1n a corto plazo.<\/p>\n\n\n\n<p>Entre las principales demandas, destac\u00f3 afectaciones en pensiones, la revisi\u00f3n del salario regulador y la necesidad de reformas legales en materia laboral.<\/p>\n\n\n\n<p>Asimismo, se\u00f1al\u00f3 que, si bien algunos gremios han conseguido mejoras tras movilizaciones recientes, a\u00fan prevalecen m\u00faltiples pendientes, por lo que llam\u00f3 a la unidad sindical para fortalecer la defensa de los trabajadores.<\/p>\n\n\n\n<p>En paralelo, otros representantes denunciaron que el gobierno estatal mantiene adeudos millonarios derivados de laudos laborales y ha incumplido acuerdos, incluso en casos donde existen amparos federales.<\/p>\n\n\n\n<p>Tambi\u00e9n acusaron falta de seguimiento a mesas de trabajo y opacidad en recursos destinados a prestaciones como seguros de vida.<\/p>\n\n\n\n<p>Entre los casos m\u00e1s graves, mencionaron despidos en la Secretar\u00eda de Medio Ambiente, incluidos brigadistas contra incendios que no han sido reinstalados, as\u00ed como fallecimientos por riesgos de trabajo cuyos beneficiarios no han recibido indemnizaciones.<\/p>\n\n\n\n<p>Los l\u00edderes sindicales advirtieron que continuar\u00e1n con movilizaciones y presi\u00f3n p\u00fablica hasta lograr el cumplimiento de sus demandas.<\/p>\n\n\n\n<p>Finalmente, informaron que, ante las altas temperaturas previstas para el desfile, se instalar\u00e1n m\u00f3dulos de hidrataci\u00f3n y atenci\u00f3n m\u00e9dica para proteger a los participantes.<\/p>\n\n\n\n<hr class=\"wp-block-separator has-alpha-channel-opacity\"\/>\n\n\n\n<p class=\"has-text-align-center\" style=\"font-size:17px\"><strong><i>Toda la informaci\u00f3n que necesitas saber la encuentras en nuestras <\/i><strong style=\"\"><em style=\"font-style: italic;\">redes sociales y canal de <\/em><\/strong><\/strong><a href=\"https:\/\/t.me\/informantemx\" target=\"_blank\" rel=\"noreferrer noopener\"><strong><em>Telegram<\/em><\/strong><\/a>. <\/p>\n\n\n\n<p class=\"has-text-align-center\" style=\"font-size:17px\"><strong><em>!\u00danete!<\/em><\/strong><\/p>\n\n\n\n<div class=\"wp-block-uagb-image aligncenter uagb-block-3acd28e8 wp-block-uagb-image--layout-default wp-block-uagb-image--effect-zoomin wp-block-uagb-image--align-center\"><figure class=\"wp-block-uagb-image__figure\"><a class=\"\" href=\"https:\/\/t.me\/informantemx\" target=\"\" rel=\"noopener\"><img decoding=\"async\" srcset=\"https:\/\/informante.mx\/wp-content\/uploads\/2023\/08\/Banner-Telegram-Verde-800x60-1.png ,https:\/\/informante.mx\/wp-content\/uploads\/2023\/08\/Banner-Telegram-Verde-800x60-1.png 780w, https:\/\/informante.mx\/wp-content\/uploads\/2023\/08\/Banner-Telegram-Verde-800x60-1.png 360w\" sizes=\"auto, (max-width: 480px) 150px\" src=\"https:\/\/informante.mx\/wp-content\/uploads\/2023\/08\/Banner-Telegram-Verde-800x60-1.png\" alt=\"\" class=\"uag-image-23275\" width=\"800\" height=\"60\" title=\"\" loading=\"lazy\" role=\"img\"\/><\/a><\/figure><\/div>\n\n\n\n<div class=\"wp-block-uagb-image aligncenter uagb-block-45ea2b31 wp-block-uagb-image--layout-default wp-block-uagb-image--effect-zoomin wp-block-uagb-image--align-center\"><figure class=\"wp-block-uagb-image__figure\"><a class=\"\" href=\"https:\/\/www.facebook.com\/MX.Informante\" target=\"\" rel=\"noopener\"><img decoding=\"async\" srcset=\"https:\/\/informante.mx\/wp-content\/uploads\/2023\/08\/Banner-Facebook-Verde-800x60-1.png ,https:\/\/informante.mx\/wp-content\/uploads\/2023\/08\/Banner-Facebook-Verde-800x60-1.png 780w, https:\/\/informante.mx\/wp-content\/uploads\/2023\/08\/Banner-Facebook-Verde-800x60-1.png 360w\" sizes=\"auto, (max-width: 480px) 150px\" src=\"https:\/\/informante.mx\/wp-content\/uploads\/2023\/08\/Banner-Facebook-Verde-800x60-1.png\" alt=\"\" class=\"uag-image-23274\" width=\"800\" height=\"60\" title=\"\" loading=\"lazy\" role=\"img\"\/><\/a><\/figure><\/div>\n\n\n\n<div class=\"wp-block-uagb-image aligncenter uagb-block-2ce4c51b wp-block-uagb-image--layout-default wp-block-uagb-image--effect-zoomin wp-block-uagb-image--align-center\"><figure class=\"wp-block-uagb-image__figure\"><a class=\"\" href=\"https:\/\/twitter.com\/mx_informante\" target=\"\" rel=\"noopener\"><img decoding=\"async\" srcset=\"https:\/\/informante.mx\/wp-content\/uploads\/2023\/08\/Banner-Twitter-Verde-800x60-1.png ,https:\/\/informante.mx\/wp-content\/uploads\/2023\/08\/Banner-Twitter-Verde-800x60-1.png 780w, https:\/\/informante.mx\/wp-content\/uploads\/2023\/08\/Banner-Twitter-Verde-800x60-1.png 360w\" sizes=\"auto, (max-width: 480px) 150px\" src=\"https:\/\/informante.mx\/wp-content\/uploads\/2023\/08\/Banner-Twitter-Verde-800x60-1.png\" alt=\"\" class=\"uag-image-23273\" width=\"800\" height=\"60\" title=\"\" loading=\"lazy\" role=\"img\"\/><\/a><\/figure><\/div>\n\n\n\n<div style=\"height:50px\" aria-hidden=\"true\" class=\"wp-block-spacer\"><\/div>\n","protected":false},"excerpt":{"rendered":"<p>L\u00edderes acusan incumplimientos de autoridades y advierten que persistir\u00e1n movilizaciones para exigir pago de laudos, mejoras salariales y respeto a derechos<\/p>\n","protected":false},"author":1,"featured_media":58160,"comment_status":"open","ping_status":"closed","sticky":false,"template":"","format":"standard","meta":{"_uag_custom_page_level_css":"","jetpack_post_was_ever_published":false,"footnotes":""},"categories":[4],"tags":[32,33],"class_list":["post-58159","post","type-post","status-publish","format-standard","has-post-thumbnail","hentry","category-estatal","tag-estado","tag-veracruz"],"yoast_head":"<!-- This site is optimized with the Yoast SEO plugin v27.3 - https:\/\/yoast.com\/product\/yoast-seo-wordpress\/ -->\n<title>Sindicatos llaman a protestar el 1 de mayo; denuncian adeudos y rezagos laborales - Informante.mx<\/title>\n<meta name=\"robots\" content=\"index, follow, max-snippet:-1, max-image-preview:large, max-video-preview:-1\" \/>\n<link rel=\"canonical\" href=\"https:\/\/informante.mx\/?p=58159\" \/>\n<meta property=\"og:locale\" content=\"es_ES\" \/>\n<meta property=\"og:type\" content=\"article\" \/>\n<meta property=\"og:title\" content=\"Sindicatos llaman a protestar el 1 de mayo; denuncian adeudos y rezagos laborales - Informante.mx\" \/>\n<meta property=\"og:description\" content=\"L\u00edderes acusan incumplimientos de autoridades y advierten que persistir\u00e1n movilizaciones para exigir pago de laudos, mejoras salariales y respeto a derechos\" \/>\n<meta property=\"og:url\" content=\"https:\/\/informante.mx\/?p=58159\" \/>\n<meta property=\"og:site_name\" content=\"Informante.mx\" \/>\n<meta property=\"article:publisher\" content=\"https:\/\/www.facebook.com\/MX.Informante\" \/>\n<meta property=\"article:published_time\" content=\"2026-04-29T18:34:09+00:00\" \/>\n<meta property=\"article:modified_time\" content=\"2026-04-29T18:34:14+00:00\" \/>\n<meta property=\"og:image\" content=\"https:\/\/informante.mx\/wp-content\/uploads\/2026\/04\/REUNION.jpg\" \/>\n\t<meta property=\"og:image:width\" content=\"1100\" \/>\n\t<meta property=\"og:image:height\" content=\"700\" \/>\n\t<meta property=\"og:image:type\" content=\"image\/jpeg\" \/>\n<meta name=\"author\" content=\"InformanteMX\" \/>\n<meta name=\"twitter:card\" content=\"summary_large_image\" \/>\n<meta name=\"twitter:creator\" content=\"@mx_informante\" \/>\n<meta name=\"twitter:site\" content=\"@mx_informante\" \/>\n<meta name=\"twitter:label1\" content=\"Escrito por\" \/>\n\t<meta name=\"twitter:data1\" content=\"InformanteMX\" \/>\n\t<meta name=\"twitter:label2\" content=\"Tiempo de lectura\" \/>\n\t<meta name=\"twitter:data2\" content=\"2 minutos\" \/>\n<script type=\"application\/ld+json\" class=\"yoast-schema-graph\">{\"@context\":\"https:\\\/\\\/schema.org\",\"@graph\":[{\"@type\":\"NewsArticle\",\"@id\":\"https:\\\/\\\/informante.mx\\\/?p=58159#article\",\"isPartOf\":{\"@id\":\"https:\\\/\\\/informante.mx\\\/?p=58159\"},\"author\":{\"name\":\"InformanteMX\",\"@id\":\"https:\\\/\\\/informante.mx\\\/#\\\/schema\\\/person\\\/3eff91989d2ea76b0a330b416325946c\"},\"headline\":\"Sindicatos llaman a protestar el 1 de mayo; denuncian adeudos y rezagos laborales\",\"datePublished\":\"2026-04-29T18:34:09+00:00\",\"dateModified\":\"2026-04-29T18:34:14+00:00\",\"mainEntityOfPage\":{\"@id\":\"https:\\\/\\\/informante.mx\\\/?p=58159\"},\"wordCount\":350,\"commentCount\":0,\"publisher\":{\"@id\":\"https:\\\/\\\/informante.mx\\\/#organization\"},\"image\":{\"@id\":\"https:\\\/\\\/informante.mx\\\/?p=58159#primaryimage\"},\"thumbnailUrl\":\"https:\\\/\\\/informante.mx\\\/wp-content\\\/uploads\\\/2026\\\/04\\\/REUNION.jpg\",\"keywords\":[\"Estado\",\"Veracruz\"],\"articleSection\":[\"Estatal\"],\"inLanguage\":\"es\",\"potentialAction\":[{\"@type\":\"CommentAction\",\"name\":\"Comment\",\"target\":[\"https:\\\/\\\/informante.mx\\\/?p=58159#respond\"]}]},{\"@type\":\"WebPage\",\"@id\":\"https:\\\/\\\/informante.mx\\\/?p=58159\",\"url\":\"https:\\\/\\\/informante.mx\\\/?p=58159\",\"name\":\"Sindicatos llaman a protestar el 1 de mayo; denuncian adeudos y rezagos laborales - Informante.mx\",\"isPartOf\":{\"@id\":\"https:\\\/\\\/informante.mx\\\/#website\"},\"primaryImageOfPage\":{\"@id\":\"https:\\\/\\\/informante.mx\\\/?p=58159#primaryimage\"},\"image\":{\"@id\":\"https:\\\/\\\/informante.mx\\\/?p=58159#primaryimage\"},\"thumbnailUrl\":\"https:\\\/\\\/informante.mx\\\/wp-content\\\/uploads\\\/2026\\\/04\\\/REUNION.jpg\",\"datePublished\":\"2026-04-29T18:34:09+00:00\",\"dateModified\":\"2026-04-29T18:34:14+00:00\",\"breadcrumb\":{\"@id\":\"https:\\\/\\\/informante.mx\\\/?p=58159#breadcrumb\"},\"inLanguage\":\"es\",\"potentialAction\":[{\"@type\":\"ReadAction\",\"target\":[\"https:\\\/\\\/informante.mx\\\/?p=58159\"]}]},{\"@type\":\"ImageObject\",\"inLanguage\":\"es\",\"@id\":\"https:\\\/\\\/informante.mx\\\/?p=58159#primaryimage\",\"url\":\"https:\\\/\\\/informante.mx\\\/wp-content\\\/uploads\\\/2026\\\/04\\\/REUNION.jpg\",\"contentUrl\":\"https:\\\/\\\/informante.mx\\\/wp-content\\\/uploads\\\/2026\\\/04\\\/REUNION.jpg\",\"width\":1100,\"height\":700},{\"@type\":\"BreadcrumbList\",\"@id\":\"https:\\\/\\\/informante.mx\\\/?p=58159#breadcrumb\",\"itemListElement\":[{\"@type\":\"ListItem\",\"position\":1,\"name\":\"Portada\",\"item\":\"https:\\\/\\\/informante.mx\\\/\"},{\"@type\":\"ListItem\",\"position\":2,\"name\":\"Sindicatos llaman a protestar el 1 de mayo; denuncian adeudos y rezagos laborales\"}]},{\"@type\":\"WebSite\",\"@id\":\"https:\\\/\\\/informante.mx\\\/#website\",\"url\":\"https:\\\/\\\/informante.mx\\\/\",\"name\":\"Informante.mx\",\"description\":\"\",\"publisher\":{\"@id\":\"https:\\\/\\\/informante.mx\\\/#organization\"},\"potentialAction\":[{\"@type\":\"SearchAction\",\"target\":{\"@type\":\"EntryPoint\",\"urlTemplate\":\"https:\\\/\\\/informante.mx\\\/?s={search_term_string}\"},\"query-input\":{\"@type\":\"PropertyValueSpecification\",\"valueRequired\":true,\"valueName\":\"search_term_string\"}}],\"inLanguage\":\"es\"},{\"@type\":\"Organization\",\"@id\":\"https:\\\/\\\/informante.mx\\\/#organization\",\"name\":\"Informante.mx\",\"url\":\"https:\\\/\\\/informante.mx\\\/\",\"logo\":{\"@type\":\"ImageObject\",\"inLanguage\":\"es\",\"@id\":\"https:\\\/\\\/informante.mx\\\/#\\\/schema\\\/logo\\\/image\\\/\",\"url\":\"https:\\\/\\\/informante.mx\\\/wp-content\\\/uploads\\\/2019\\\/12\\\/cropped-LOGO-Verde-Apaisado-1024x360O-1.png\",\"contentUrl\":\"https:\\\/\\\/informante.mx\\\/wp-content\\\/uploads\\\/2019\\\/12\\\/cropped-LOGO-Verde-Apaisado-1024x360O-1.png\",\"width\":923,\"height\":180,\"caption\":\"Informante.mx\"},\"image\":{\"@id\":\"https:\\\/\\\/informante.mx\\\/#\\\/schema\\\/logo\\\/image\\\/\"},\"sameAs\":[\"https:\\\/\\\/www.facebook.com\\\/MX.Informante\",\"https:\\\/\\\/x.com\\\/mx_informante\"]},{\"@type\":\"Person\",\"@id\":\"https:\\\/\\\/informante.mx\\\/#\\\/schema\\\/person\\\/3eff91989d2ea76b0a330b416325946c\",\"name\":\"InformanteMX\",\"image\":{\"@type\":\"ImageObject\",\"inLanguage\":\"es\",\"@id\":\"https:\\\/\\\/secure.gravatar.com\\\/avatar\\\/10d802aa739e832aedd2f3fd8544d878871eb22e6ca86fe9a548573e34a28f0e?s=96&d=mm&r=g\",\"url\":\"https:\\\/\\\/secure.gravatar.com\\\/avatar\\\/10d802aa739e832aedd2f3fd8544d878871eb22e6ca86fe9a548573e34a28f0e?s=96&d=mm&r=g\",\"contentUrl\":\"https:\\\/\\\/secure.gravatar.com\\\/avatar\\\/10d802aa739e832aedd2f3fd8544d878871eb22e6ca86fe9a548573e34a28f0e?s=96&d=mm&r=g\",\"caption\":\"InformanteMX\"},\"url\":\"https:\\\/\\\/informante.mx\\\/?author=1\"}]}<\/script>\n<!-- \/ Yoast SEO plugin. -->","yoast_head_json":{"title":"Sindicatos llaman a protestar el 1 de mayo; denuncian adeudos y rezagos laborales - Informante.mx","robots":{"index":"index","follow":"follow","max-snippet":"max-snippet:-1","max-image-preview":"max-image-preview:large","max-video-preview":"max-video-preview:-1"},"canonical":"https:\/\/informante.mx\/?p=58159","og_locale":"es_ES","og_type":"article","og_title":"Sindicatos llaman a protestar el 1 de mayo; denuncian adeudos y rezagos laborales - Informante.mx","og_description":"L\u00edderes acusan incumplimientos de autoridades y advierten que persistir\u00e1n movilizaciones para exigir pago de laudos, mejoras salariales y respeto a derechos","og_url":"https:\/\/informante.mx\/?p=58159","og_site_name":"Informante.mx","article_publisher":"https:\/\/www.facebook.com\/MX.Informante","article_published_time":"2026-04-29T18:34:09+00:00","article_modified_time":"2026-04-29T18:34:14+00:00","og_image":[{"width":1100,"height":700,"url":"https:\/\/informante.mx\/wp-content\/uploads\/2026\/04\/REUNION.jpg","type":"image\/jpeg"}],"author":"InformanteMX","twitter_card":"summary_large_image","twitter_creator":"@mx_informante","twitter_site":"@mx_informante","twitter_misc":{"Escrito por":"InformanteMX","Tiempo de lectura":"2 minutos"},"schema":{"@context":"https:\/\/schema.org","@graph":[{"@type":"NewsArticle","@id":"https:\/\/informante.mx\/?p=58159#article","isPartOf":{"@id":"https:\/\/informante.mx\/?p=58159"},"author":{"name":"InformanteMX","@id":"https:\/\/informante.mx\/#\/schema\/person\/3eff91989d2ea76b0a330b416325946c"},"headline":"Sindicatos llaman a protestar el 1 de mayo; denuncian adeudos y rezagos laborales","datePublished":"2026-04-29T18:34:09+00:00","dateModified":"2026-04-29T18:34:14+00:00","mainEntityOfPage":{"@id":"https:\/\/informante.mx\/?p=58159"},"wordCount":350,"commentCount":0,"publisher":{"@id":"https:\/\/informante.mx\/#organization"},"image":{"@id":"https:\/\/informante.mx\/?p=58159#primaryimage"},"thumbnailUrl":"https:\/\/informante.mx\/wp-content\/uploads\/2026\/04\/REUNION.jpg","keywords":["Estado","Veracruz"],"articleSection":["Estatal"],"inLanguage":"es","potentialAction":[{"@type":"CommentAction","name":"Comment","target":["https:\/\/informante.mx\/?p=58159#respond"]}]},{"@type":"WebPage","@id":"https:\/\/informante.mx\/?p=58159","url":"https:\/\/informante.mx\/?p=58159","name":"Sindicatos llaman a protestar el 1 de mayo; denuncian adeudos y rezagos laborales - Informante.mx","isPartOf":{"@id":"https:\/\/informante.mx\/#website"},"primaryImageOfPage":{"@id":"https:\/\/informante.mx\/?p=58159#primaryimage"},"image":{"@id":"https:\/\/informante.mx\/?p=58159#primaryimage"},"thumbnailUrl":"https:\/\/informante.mx\/wp-content\/uploads\/2026\/04\/REUNION.jpg","datePublished":"2026-04-29T18:34:09+00:00","dateModified":"2026-04-29T18:34:14+00:00","breadcrumb":{"@id":"https:\/\/informante.mx\/?p=58159#breadcrumb"},"inLanguage":"es","potentialAction":[{"@type":"ReadAction","target":["https:\/\/informante.mx\/?p=58159"]}]},{"@type":"ImageObject","inLanguage":"es","@id":"https:\/\/informante.mx\/?p=58159#primaryimage","url":"https:\/\/informante.mx\/wp-content\/uploads\/2026\/04\/REUNION.jpg","contentUrl":"https:\/\/informante.mx\/wp-content\/uploads\/2026\/04\/REUNION.jpg","width":1100,"height":700},{"@type":"BreadcrumbList","@id":"https:\/\/informante.mx\/?p=58159#breadcrumb","itemListElement":[{"@type":"ListItem","position":1,"name":"Portada","item":"https:\/\/informante.mx\/"},{"@type":"ListItem","position":2,"name":"Sindicatos llaman a protestar el 1 de mayo; denuncian adeudos y rezagos laborales"}]},{"@type":"WebSite","@id":"https:\/\/informante.mx\/#website","url":"https:\/\/informante.mx\/","name":"Informante.mx","description":"","publisher":{"@id":"https:\/\/informante.mx\/#organization"},"potentialAction":[{"@type":"SearchAction","target":{"@type":"EntryPoint","urlTemplate":"https:\/\/informante.mx\/?s={search_term_string}"},"query-input":{"@type":"PropertyValueSpecification","valueRequired":true,"valueName":"search_term_string"}}],"inLanguage":"es"},{"@type":"Organization","@id":"https:\/\/informante.mx\/#organization","name":"Informante.mx","url":"https:\/\/informante.mx\/","logo":{"@type":"ImageObject","inLanguage":"es","@id":"https:\/\/informante.mx\/#\/schema\/logo\/image\/","url":"https:\/\/informante.mx\/wp-content\/uploads\/2019\/12\/cropped-LOGO-Verde-Apaisado-1024x360O-1.png","contentUrl":"https:\/\/informante.mx\/wp-content\/uploads\/2019\/12\/cropped-LOGO-Verde-Apaisado-1024x360O-1.png","width":923,"height":180,"caption":"Informante.mx"},"image":{"@id":"https:\/\/informante.mx\/#\/schema\/logo\/image\/"},"sameAs":["https:\/\/www.facebook.com\/MX.Informante","https:\/\/x.com\/mx_informante"]},{"@type":"Person","@id":"https:\/\/informante.mx\/#\/schema\/person\/3eff91989d2ea76b0a330b416325946c","name":"InformanteMX","image":{"@type":"ImageObject","inLanguage":"es","@id":"https:\/\/secure.gravatar.com\/avatar\/10d802aa739e832aedd2f3fd8544d878871eb22e6ca86fe9a548573e34a28f0e?s=96&d=mm&r=g","url":"https:\/\/secure.gravatar.com\/avatar\/10d802aa739e832aedd2f3fd8544d878871eb22e6ca86fe9a548573e34a28f0e?s=96&d=mm&r=g","contentUrl":"https:\/\/secure.gravatar.com\/avatar\/10d802aa739e832aedd2f3fd8544d878871eb22e6ca86fe9a548573e34a28f0e?s=96&d=mm&r=g","caption":"InformanteMX"},"url":"https:\/\/informante.mx\/?author=1"}]}},"jetpack_featured_media_url":"https:\/\/informante.mx\/wp-content\/uploads\/2026\/04\/REUNION.jpg","uagb_featured_image_src":{"full":["https:\/\/informante.mx\/wp-content\/uploads\/2026\/04\/REUNION.jpg",1100,700,false],"thumbnail":["https:\/\/informante.mx\/wp-content\/uploads\/2026\/04\/REUNION-150x95.jpg",150,95,true],"medium":["https:\/\/informante.mx\/wp-content\/uploads\/2026\/04\/REUNION-300x191.jpg",300,191,true],"medium_large":["https:\/\/informante.mx\/wp-content\/uploads\/2026\/04\/REUNION-768x489.jpg",640,408,true],"large":["https:\/\/informante.mx\/wp-content\/uploads\/2026\/04\/REUNION-1024x652.jpg",640,408,true],"1536x1536":["https:\/\/informante.mx\/wp-content\/uploads\/2026\/04\/REUNION.jpg",1100,700,false],"2048x2048":["https:\/\/informante.mx\/wp-content\/uploads\/2026\/04\/REUNION.jpg",1100,700,false],"td_0x420":["https:\/\/informante.mx\/wp-content\/uploads\/2026\/04\/REUNION-660x420.jpg",660,420,true],"td_0x420_retina":["https:\/\/informante.mx\/wp-content\/uploads\/2026\/04\/REUNION.jpg",1100,700,false],"td_80x60":["https:\/\/informante.mx\/wp-content\/uploads\/2026\/04\/REUNION-80x60.jpg",80,60,true],"td_80x60_retina":["https:\/\/informante.mx\/wp-content\/uploads\/2026\/04\/REUNION-160x120.jpg",160,120,true],"td_100x75":["https:\/\/informante.mx\/wp-content\/uploads\/2026\/04\/REUNION-100x75.jpg",100,75,true],"td_100x75_retina":["https:\/\/informante.mx\/wp-content\/uploads\/2026\/04\/REUNION-200x150.jpg",200,150,true],"td_180x135":["https:\/\/informante.mx\/wp-content\/uploads\/2026\/04\/REUNION-180x135.jpg",180,135,true],"td_180x135_retina":["https:\/\/informante.mx\/wp-content\/uploads\/2026\/04\/REUNION-360x270.jpg",360,270,true],"td_238x178":["https:\/\/informante.mx\/wp-content\/uploads\/2026\/04\/REUNION-238x178.jpg",238,178,true],"td_238x178_retina":["https:\/\/informante.mx\/wp-content\/uploads\/2026\/04\/REUNION-476x356.jpg",476,356,true],"td_265x198":["https:\/\/informante.mx\/wp-content\/uploads\/2026\/04\/REUNION-265x198.jpg",265,198,true],"td_265x198_retina":["https:\/\/informante.mx\/wp-content\/uploads\/2026\/04\/REUNION-530x396.jpg",530,396,true],"td_300x160":["https:\/\/informante.mx\/wp-content\/uploads\/2026\/04\/REUNION-300x160.jpg",300,160,true],"td_300x160_retina":["https:\/\/informante.mx\/wp-content\/uploads\/2026\/04\/REUNION-600x320.jpg",600,320,true],"td_300x194":["https:\/\/informante.mx\/wp-content\/uploads\/2026\/04\/REUNION-300x194.jpg",300,194,true],"td_300x194_retina":["https:\/\/informante.mx\/wp-content\/uploads\/2026\/04\/REUNION-600x388.jpg",600,388,true],"td_300x350":["https:\/\/informante.mx\/wp-content\/uploads\/2026\/04\/REUNION-300x350.jpg",300,350,true],"td_300x350_retina":["https:\/\/informante.mx\/wp-content\/uploads\/2026\/04\/REUNION-600x700.jpg",600,700,true],"td_341x220":["https:\/\/informante.mx\/wp-content\/uploads\/2026\/04\/REUNION-341x220.jpg",341,220,true],"td_341x220_retina":["https:\/\/informante.mx\/wp-content\/uploads\/2026\/04\/REUNION-682x440.jpg",682,440,true],"td_341x400":["https:\/\/informante.mx\/wp-content\/uploads\/2026\/04\/REUNION-341x400.jpg",341,400,true],"td_341x400_retina":["https:\/\/informante.mx\/wp-content\/uploads\/2026\/04\/REUNION-682x700.jpg",682,700,true],"td_511x400":["https:\/\/informante.mx\/wp-content\/uploads\/2026\/04\/REUNION-511x400.jpg",511,400,true],"td_511x400_retina":["https:\/\/informante.mx\/wp-content\/uploads\/2026\/04\/REUNION-1022x700.jpg",1022,700,true],"td_537x360":["https:\/\/informante.mx\/wp-content\/uploads\/2026\/04\/REUNION-537x360.jpg",537,360,true],"td_537x360_retina":["https:\/\/informante.mx\/wp-content\/uploads\/2026\/04\/REUNION-1074x700.jpg",1074,700,true],"td_640x0":["https:\/\/informante.mx\/wp-content\/uploads\/2026\/04\/REUNION-640x407.jpg",640,407,true],"td_640x0_retina":["https:\/\/informante.mx\/wp-content\/uploads\/2026\/04\/REUNION.jpg",1100,700,false],"td_640x350":["https:\/\/informante.mx\/wp-content\/uploads\/2026\/04\/REUNION-640x350.jpg",640,350,true],"td_640x350_retina":["https:\/\/informante.mx\/wp-content\/uploads\/2026\/04\/REUNION.jpg",1100,700,false],"td_681x0":["https:\/\/informante.mx\/wp-content\/uploads\/2026\/04\/REUNION-681x433.jpg",681,433,true],"td_681x0_retina":["https:\/\/informante.mx\/wp-content\/uploads\/2026\/04\/REUNION.jpg",1100,700,false],"td_681x400":["https:\/\/informante.mx\/wp-content\/uploads\/2026\/04\/REUNION-681x400.jpg",681,400,true],"td_681x400_retina":["https:\/\/informante.mx\/wp-content\/uploads\/2026\/04\/REUNION.jpg",1100,700,false],"td_741x486":["https:\/\/informante.mx\/wp-content\/uploads\/2026\/04\/REUNION-741x486.jpg",741,486,true],"td_741x486_retina":["https:\/\/informante.mx\/wp-content\/uploads\/2026\/04\/REUNION.jpg",1100,700,false],"td_1021x580":["https:\/\/informante.mx\/wp-content\/uploads\/2026\/04\/REUNION-1021x580.jpg",1021,580,true],"td_1021x580_retina":["https:\/\/informante.mx\/wp-content\/uploads\/2026\/04\/REUNION.jpg",1100,700,false]},"uagb_author_info":{"display_name":"InformanteMX","author_link":"https:\/\/informante.mx\/?author=1"},"uagb_comment_info":0,"uagb_excerpt":"L\u00edderes acusan incumplimientos de autoridades y advierten que persistir\u00e1n movilizaciones para exigir pago de laudos, mejoras salariales y respeto a derechos","_links":{"self":[{"href":"https:\/\/informante.mx\/index.php?rest_route=\/wp\/v2\/posts\/58159","targetHints":{"allow":["GET"]}}],"collection":[{"href":"https:\/\/informante.mx\/index.php?rest_route=\/wp\/v2\/posts"}],"about":[{"href":"https:\/\/informante.mx\/index.php?rest_route=\/wp\/v2\/types\/post"}],"author":[{"embeddable":true,"href":"https:\/\/informante.mx\/index.php?rest_route=\/wp\/v2\/users\/1"}],"replies":[{"embeddable":true,"href":"https:\/\/informante.mx\/index.php?rest_route=%2Fwp%2Fv2%2Fcomments&post=58159"}],"version-history":[{"count":1,"href":"https:\/\/informante.mx\/index.php?rest_route=\/wp\/v2\/posts\/58159\/revisions"}],"predecessor-version":[{"id":58161,"href":"https:\/\/informante.mx\/index.php?rest_route=\/wp\/v2\/posts\/58159\/revisions\/58161"}],"wp:featuredmedia":[{"embeddable":true,"href":"https:\/\/informante.mx\/index.php?rest_route=\/wp\/v2\/media\/58160"}],"wp:attachment":[{"href":"https:\/\/informante.mx\/index.php?rest_route=%2Fwp%2Fv2%2Fmedia&parent=58159"}],"wp:term":[{"taxonomy":"category","embeddable":true,"href":"https:\/\/informante.mx\/index.php?rest_route=%2Fwp%2Fv2%2Fcategories&post=58159"},{"taxonomy":"post_tag","embeddable":true,"href":"https:\/\/informante.mx\/index.php?rest_route=%2Fwp%2Fv2%2Ftags&post=58159"}],"curies":[{"name":"wp","href":"https:\/\/api.w.org\/{rel}","templated":true}]}}