{"id":58146,"date":"2026-04-29T10:15:45","date_gmt":"2026-04-29T16:15:45","guid":{"rendered":"https:\/\/informante.mx\/?p=58146"},"modified":"2026-04-29T10:15:52","modified_gmt":"2026-04-29T16:15:52","slug":"relevo-en-bienestar-experiencia-y-lealtad-en-el-corazon-de-la-4t","status":"publish","type":"post","link":"https:\/\/informante.mx\/?p=58146","title":{"rendered":"Relevo en Bienestar: experiencia y lealtad en el coraz\u00f3n de la 4T"},"content":{"rendered":"\n<p><strong>Redacci\u00f3n Informante<\/strong><\/p>\n\n\n\n<p>La pol\u00edtica, cuando se ejerce con convicci\u00f3n, no es m\u00e1s que una carrera de relevos donde la meta siempre es el pueblo. Ma\u00f1ana mi\u00e9rcoles 29 de abril, la Secretar\u00eda de Bienestar inicia una nueva etapa bajo la conducci\u00f3n de Leticia Ram\u00edrez Amaya, una figura cuya trayectoria como luchadora social de izquierda y dem\u00f3crata precede cualquier presentaci\u00f3n. Su llegada no es obra del azar, sino la consecuencia natural de una vida dedicada a la b\u00fasqueda de igualdad y la mejora de las condiciones de vida de los grupos m\u00e1s vulnerables.<\/p>\n\n\n\n<p>Leticia no es ajena a los grandes desaf\u00edos. Apenas en el sexenio anterior, la profesora y sindicalista asumi\u00f3 las riendas de la Secretar\u00eda de Educaci\u00f3n P\u00fablica bajo el mandato de Andr\u00e9s Manuel L\u00f3pez Obrador. En esa trinchera, logr\u00f3 lo que pocos: construir consensos internos y fortalecer la instituci\u00f3n desde sus bases, coronando d\u00e9cadas de esfuerzo con resultados tangibles.<\/p>\n\n\n\n<p>Hoy, ese curr\u00edculum de hierro le permite ocupar el espacio que deja la arquitecta Ariadna Montiel. Tras m\u00e1s de cuatro a\u00f1os de una gesti\u00f3n marcada por el respeto institucional, Montiel se despide para avanzar en \u00abotras tareas del movimiento\u00bb, dejando un legado imborrable: la transformaci\u00f3n de los programas sociales convertidos en derechos constitucionales y un esquema ascendente de recursos bimestrales para los adultos mayores. No es sorpresa que la presidenta Claudia Sheinbaum la reconozca como un instrumento humano invaluable para las masas.<\/p>\n\n\n\n<p><strong>Presencia Jarocha en Palacio Nacional<\/strong><\/p>\n\n\n\n<p>En el coraz\u00f3n de este anuncio de renovaci\u00f3n, un detalle no pas\u00f3 desapercibido para los analistas pol\u00edticos, pues en palacio nacional, como invitado especial y muy cerca de la presidenta Sheinbaum, se encontraba el delegado de Veracruz Juan Javier G\u00f3mez Cazar\u00edn.<\/p>\n\n\n\n<p>Su presencia en un evento de tal magnitud no es solo un gesto de cortes\u00eda; es una validaci\u00f3n del estatus que representa como coordinador y un mensaje claro sobre su peso espec\u00edfico en la estructura federal. La presidenta conoce a fondo el desempe\u00f1o de G\u00f3mez Cazar\u00edn en la entidad veracruzana, donde ha logrado imprimir una fortaleza inusual al servicio p\u00fablico.<\/p>\n\n\n\n<p>G\u00f3mez Cazar\u00edn se ha consolidado como un funcionario ejemplar que garantiza resultados, manteniendo esa conexi\u00f3n vital con la tierra que lo vio nacer. Al ser ratificado como los \u00abojos y o\u00eddos\u00bb de la presidenta en territorio jarocho, se confirma que en Veracruz la transformaci\u00f3n tiene un guardi\u00e1n de absoluta confianza. El relevo en Bienestar y la solidez de sus cuadros operativos auguran que el bienestar social seguir\u00e1 siendo el eje central de este gobierno.<\/p>\n\n\n\n<hr class=\"wp-block-separator has-alpha-channel-opacity\"\/>\n\n\n\n<p class=\"has-text-align-center\" style=\"font-size:17px\"><strong><i>Toda la informaci\u00f3n que necesitas saber la encuentras en nuestras <\/i><strong style=\"\"><em style=\"font-style: italic;\">redes sociales y canal de <\/em><\/strong><\/strong><a href=\"https:\/\/t.me\/informantemx\" target=\"_blank\" rel=\"noreferrer noopener\"><strong><em>Telegram<\/em><\/strong><\/a>. <\/p>\n\n\n\n<p class=\"has-text-align-center\" style=\"font-size:17px\"><strong><em>!\u00danete!<\/em><\/strong><\/p>\n\n\n\n<div class=\"wp-block-uagb-image aligncenter uagb-block-3acd28e8 wp-block-uagb-image--layout-default wp-block-uagb-image--effect-zoomin wp-block-uagb-image--align-center\"><figure class=\"wp-block-uagb-image__figure\"><a class=\"\" href=\"https:\/\/t.me\/informantemx\" target=\"\" rel=\"noopener\"><img decoding=\"async\" srcset=\"https:\/\/informante.mx\/wp-content\/uploads\/2023\/08\/Banner-Telegram-Verde-800x60-1.png ,https:\/\/informante.mx\/wp-content\/uploads\/2023\/08\/Banner-Telegram-Verde-800x60-1.png 780w, https:\/\/informante.mx\/wp-content\/uploads\/2023\/08\/Banner-Telegram-Verde-800x60-1.png 360w\" sizes=\"auto, (max-width: 480px) 150px\" src=\"https:\/\/informante.mx\/wp-content\/uploads\/2023\/08\/Banner-Telegram-Verde-800x60-1.png\" alt=\"\" class=\"uag-image-23275\" width=\"800\" height=\"60\" title=\"\" loading=\"lazy\" role=\"img\"\/><\/a><\/figure><\/div>\n\n\n\n<div class=\"wp-block-uagb-image aligncenter uagb-block-45ea2b31 wp-block-uagb-image--layout-default wp-block-uagb-image--effect-zoomin wp-block-uagb-image--align-center\"><figure class=\"wp-block-uagb-image__figure\"><a class=\"\" href=\"https:\/\/www.facebook.com\/MX.Informante\" target=\"\" rel=\"noopener\"><img decoding=\"async\" srcset=\"https:\/\/informante.mx\/wp-content\/uploads\/2023\/08\/Banner-Facebook-Verde-800x60-1.png ,https:\/\/informante.mx\/wp-content\/uploads\/2023\/08\/Banner-Facebook-Verde-800x60-1.png 780w, https:\/\/informante.mx\/wp-content\/uploads\/2023\/08\/Banner-Facebook-Verde-800x60-1.png 360w\" sizes=\"auto, (max-width: 480px) 150px\" src=\"https:\/\/informante.mx\/wp-content\/uploads\/2023\/08\/Banner-Facebook-Verde-800x60-1.png\" alt=\"\" class=\"uag-image-23274\" width=\"800\" height=\"60\" title=\"\" loading=\"lazy\" role=\"img\"\/><\/a><\/figure><\/div>\n\n\n\n<div class=\"wp-block-uagb-image aligncenter uagb-block-2ce4c51b wp-block-uagb-image--layout-default wp-block-uagb-image--effect-zoomin wp-block-uagb-image--align-center\"><figure class=\"wp-block-uagb-image__figure\"><a class=\"\" href=\"https:\/\/twitter.com\/mx_informante\" target=\"\" rel=\"noopener\"><img decoding=\"async\" srcset=\"https:\/\/informante.mx\/wp-content\/uploads\/2023\/08\/Banner-Twitter-Verde-800x60-1.png ,https:\/\/informante.mx\/wp-content\/uploads\/2023\/08\/Banner-Twitter-Verde-800x60-1.png 780w, https:\/\/informante.mx\/wp-content\/uploads\/2023\/08\/Banner-Twitter-Verde-800x60-1.png 360w\" sizes=\"auto, (max-width: 480px) 150px\" src=\"https:\/\/informante.mx\/wp-content\/uploads\/2023\/08\/Banner-Twitter-Verde-800x60-1.png\" alt=\"\" class=\"uag-image-23273\" width=\"800\" height=\"60\" title=\"\" loading=\"lazy\" role=\"img\"\/><\/a><\/figure><\/div>\n\n\n\n<div style=\"height:50px\" aria-hidden=\"true\" class=\"wp-block-spacer\"><\/div>\n","protected":false},"excerpt":{"rendered":"<p>La pol\u00edtica, cuando se ejerce con convicci\u00f3n, no es m\u00e1s que una carrera de relevos donde la meta siempre es el pueblo. Ma\u00f1ana mi\u00e9rcoles 29 de abril, la Secretar\u00eda de Bienestar inicia una nueva etapa bajo la conducci\u00f3n de Leticia Ram\u00edrez Amaya, una figura cuya trayectoria como luchadora social de izquierda y dem\u00f3crata precede cualquier [&hellip;]<\/p>\n","protected":false},"author":1,"featured_media":58147,"comment_status":"open","ping_status":"closed","sticky":false,"template":"","format":"standard","meta":{"_uag_custom_page_level_css":"","jetpack_post_was_ever_published":false,"footnotes":""},"categories":[4],"tags":[32,33],"class_list":["post-58146","post","type-post","status-publish","format-standard","has-post-thumbnail","hentry","category-estatal","tag-estado","tag-veracruz"],"yoast_head":"<!-- This site is optimized with the Yoast SEO plugin v27.3 - https:\/\/yoast.com\/product\/yoast-seo-wordpress\/ -->\n<title>Relevo en Bienestar: experiencia y lealtad en el coraz\u00f3n de la 4T - Informante.mx<\/title>\n<meta name=\"robots\" content=\"index, follow, max-snippet:-1, max-image-preview:large, max-video-preview:-1\" \/>\n<link rel=\"canonical\" href=\"https:\/\/informante.mx\/?p=58146\" \/>\n<meta property=\"og:locale\" content=\"es_ES\" \/>\n<meta property=\"og:type\" content=\"article\" \/>\n<meta property=\"og:title\" content=\"Relevo en Bienestar: experiencia y lealtad en el coraz\u00f3n de la 4T - Informante.mx\" \/>\n<meta property=\"og:description\" content=\"La pol\u00edtica, cuando se ejerce con convicci\u00f3n, no es m\u00e1s que una carrera de relevos donde la meta siempre es el pueblo. Ma\u00f1ana mi\u00e9rcoles 29 de abril, la Secretar\u00eda de Bienestar inicia una nueva etapa bajo la conducci\u00f3n de Leticia Ram\u00edrez Amaya, una figura cuya trayectoria como luchadora social de izquierda y dem\u00f3crata precede cualquier [&hellip;]\" \/>\n<meta property=\"og:url\" content=\"https:\/\/informante.mx\/?p=58146\" \/>\n<meta property=\"og:site_name\" content=\"Informante.mx\" \/>\n<meta property=\"article:publisher\" content=\"https:\/\/www.facebook.com\/MX.Informante\" \/>\n<meta property=\"article:published_time\" content=\"2026-04-29T16:15:45+00:00\" \/>\n<meta property=\"article:modified_time\" content=\"2026-04-29T16:15:52+00:00\" \/>\n<meta property=\"og:image\" content=\"https:\/\/informante.mx\/wp-content\/uploads\/2026\/04\/CAZARIN-290426.jpg\" \/>\n\t<meta property=\"og:image:width\" content=\"1100\" \/>\n\t<meta property=\"og:image:height\" content=\"700\" \/>\n\t<meta property=\"og:image:type\" content=\"image\/jpeg\" \/>\n<meta name=\"author\" content=\"InformanteMX\" \/>\n<meta name=\"twitter:card\" content=\"summary_large_image\" \/>\n<meta name=\"twitter:creator\" content=\"@mx_informante\" \/>\n<meta name=\"twitter:site\" content=\"@mx_informante\" \/>\n<meta name=\"twitter:label1\" content=\"Escrito por\" \/>\n\t<meta name=\"twitter:data1\" content=\"InformanteMX\" \/>\n\t<meta name=\"twitter:label2\" content=\"Tiempo de lectura\" \/>\n\t<meta name=\"twitter:data2\" content=\"2 minutos\" \/>\n<script type=\"application\/ld+json\" class=\"yoast-schema-graph\">{\"@context\":\"https:\\\/\\\/schema.org\",\"@graph\":[{\"@type\":\"NewsArticle\",\"@id\":\"https:\\\/\\\/informante.mx\\\/?p=58146#article\",\"isPartOf\":{\"@id\":\"https:\\\/\\\/informante.mx\\\/?p=58146\"},\"author\":{\"name\":\"InformanteMX\",\"@id\":\"https:\\\/\\\/informante.mx\\\/#\\\/schema\\\/person\\\/3eff91989d2ea76b0a330b416325946c\"},\"headline\":\"Relevo en Bienestar: experiencia y lealtad en el coraz\u00f3n de la 4T\",\"datePublished\":\"2026-04-29T16:15:45+00:00\",\"dateModified\":\"2026-04-29T16:15:52+00:00\",\"mainEntityOfPage\":{\"@id\":\"https:\\\/\\\/informante.mx\\\/?p=58146\"},\"wordCount\":464,\"commentCount\":0,\"publisher\":{\"@id\":\"https:\\\/\\\/informante.mx\\\/#organization\"},\"image\":{\"@id\":\"https:\\\/\\\/informante.mx\\\/?p=58146#primaryimage\"},\"thumbnailUrl\":\"https:\\\/\\\/informante.mx\\\/wp-content\\\/uploads\\\/2026\\\/04\\\/CAZARIN-290426.jpg\",\"keywords\":[\"Estado\",\"Veracruz\"],\"articleSection\":[\"Estatal\"],\"inLanguage\":\"es\",\"potentialAction\":[{\"@type\":\"CommentAction\",\"name\":\"Comment\",\"target\":[\"https:\\\/\\\/informante.mx\\\/?p=58146#respond\"]}]},{\"@type\":\"WebPage\",\"@id\":\"https:\\\/\\\/informante.mx\\\/?p=58146\",\"url\":\"https:\\\/\\\/informante.mx\\\/?p=58146\",\"name\":\"Relevo en Bienestar: experiencia y lealtad en el coraz\u00f3n de la 4T - Informante.mx\",\"isPartOf\":{\"@id\":\"https:\\\/\\\/informante.mx\\\/#website\"},\"primaryImageOfPage\":{\"@id\":\"https:\\\/\\\/informante.mx\\\/?p=58146#primaryimage\"},\"image\":{\"@id\":\"https:\\\/\\\/informante.mx\\\/?p=58146#primaryimage\"},\"thumbnailUrl\":\"https:\\\/\\\/informante.mx\\\/wp-content\\\/uploads\\\/2026\\\/04\\\/CAZARIN-290426.jpg\",\"datePublished\":\"2026-04-29T16:15:45+00:00\",\"dateModified\":\"2026-04-29T16:15:52+00:00\",\"breadcrumb\":{\"@id\":\"https:\\\/\\\/informante.mx\\\/?p=58146#breadcrumb\"},\"inLanguage\":\"es\",\"potentialAction\":[{\"@type\":\"ReadAction\",\"target\":[\"https:\\\/\\\/informante.mx\\\/?p=58146\"]}]},{\"@type\":\"ImageObject\",\"inLanguage\":\"es\",\"@id\":\"https:\\\/\\\/informante.mx\\\/?p=58146#primaryimage\",\"url\":\"https:\\\/\\\/informante.mx\\\/wp-content\\\/uploads\\\/2026\\\/04\\\/CAZARIN-290426.jpg\",\"contentUrl\":\"https:\\\/\\\/informante.mx\\\/wp-content\\\/uploads\\\/2026\\\/04\\\/CAZARIN-290426.jpg\",\"width\":1100,\"height\":700},{\"@type\":\"BreadcrumbList\",\"@id\":\"https:\\\/\\\/informante.mx\\\/?p=58146#breadcrumb\",\"itemListElement\":[{\"@type\":\"ListItem\",\"position\":1,\"name\":\"Portada\",\"item\":\"https:\\\/\\\/informante.mx\\\/\"},{\"@type\":\"ListItem\",\"position\":2,\"name\":\"Relevo en Bienestar: experiencia y lealtad en el coraz\u00f3n de la 4T\"}]},{\"@type\":\"WebSite\",\"@id\":\"https:\\\/\\\/informante.mx\\\/#website\",\"url\":\"https:\\\/\\\/informante.mx\\\/\",\"name\":\"Informante.mx\",\"description\":\"\",\"publisher\":{\"@id\":\"https:\\\/\\\/informante.mx\\\/#organization\"},\"potentialAction\":[{\"@type\":\"SearchAction\",\"target\":{\"@type\":\"EntryPoint\",\"urlTemplate\":\"https:\\\/\\\/informante.mx\\\/?s={search_term_string}\"},\"query-input\":{\"@type\":\"PropertyValueSpecification\",\"valueRequired\":true,\"valueName\":\"search_term_string\"}}],\"inLanguage\":\"es\"},{\"@type\":\"Organization\",\"@id\":\"https:\\\/\\\/informante.mx\\\/#organization\",\"name\":\"Informante.mx\",\"url\":\"https:\\\/\\\/informante.mx\\\/\",\"logo\":{\"@type\":\"ImageObject\",\"inLanguage\":\"es\",\"@id\":\"https:\\\/\\\/informante.mx\\\/#\\\/schema\\\/logo\\\/image\\\/\",\"url\":\"https:\\\/\\\/informante.mx\\\/wp-content\\\/uploads\\\/2019\\\/12\\\/cropped-LOGO-Verde-Apaisado-1024x360O-1.png\",\"contentUrl\":\"https:\\\/\\\/informante.mx\\\/wp-content\\\/uploads\\\/2019\\\/12\\\/cropped-LOGO-Verde-Apaisado-1024x360O-1.png\",\"width\":923,\"height\":180,\"caption\":\"Informante.mx\"},\"image\":{\"@id\":\"https:\\\/\\\/informante.mx\\\/#\\\/schema\\\/logo\\\/image\\\/\"},\"sameAs\":[\"https:\\\/\\\/www.facebook.com\\\/MX.Informante\",\"https:\\\/\\\/x.com\\\/mx_informante\"]},{\"@type\":\"Person\",\"@id\":\"https:\\\/\\\/informante.mx\\\/#\\\/schema\\\/person\\\/3eff91989d2ea76b0a330b416325946c\",\"name\":\"InformanteMX\",\"image\":{\"@type\":\"ImageObject\",\"inLanguage\":\"es\",\"@id\":\"https:\\\/\\\/secure.gravatar.com\\\/avatar\\\/10d802aa739e832aedd2f3fd8544d878871eb22e6ca86fe9a548573e34a28f0e?s=96&d=mm&r=g\",\"url\":\"https:\\\/\\\/secure.gravatar.com\\\/avatar\\\/10d802aa739e832aedd2f3fd8544d878871eb22e6ca86fe9a548573e34a28f0e?s=96&d=mm&r=g\",\"contentUrl\":\"https:\\\/\\\/secure.gravatar.com\\\/avatar\\\/10d802aa739e832aedd2f3fd8544d878871eb22e6ca86fe9a548573e34a28f0e?s=96&d=mm&r=g\",\"caption\":\"InformanteMX\"},\"url\":\"https:\\\/\\\/informante.mx\\\/?author=1\"}]}<\/script>\n<!-- \/ Yoast SEO plugin. -->","yoast_head_json":{"title":"Relevo en Bienestar: experiencia y lealtad en el coraz\u00f3n de la 4T - Informante.mx","robots":{"index":"index","follow":"follow","max-snippet":"max-snippet:-1","max-image-preview":"max-image-preview:large","max-video-preview":"max-video-preview:-1"},"canonical":"https:\/\/informante.mx\/?p=58146","og_locale":"es_ES","og_type":"article","og_title":"Relevo en Bienestar: experiencia y lealtad en el coraz\u00f3n de la 4T - Informante.mx","og_description":"La pol\u00edtica, cuando se ejerce con convicci\u00f3n, no es m\u00e1s que una carrera de relevos donde la meta siempre es el pueblo. Ma\u00f1ana mi\u00e9rcoles 29 de abril, la Secretar\u00eda de Bienestar inicia una nueva etapa bajo la conducci\u00f3n de Leticia Ram\u00edrez Amaya, una figura cuya trayectoria como luchadora social de izquierda y dem\u00f3crata precede cualquier [&hellip;]","og_url":"https:\/\/informante.mx\/?p=58146","og_site_name":"Informante.mx","article_publisher":"https:\/\/www.facebook.com\/MX.Informante","article_published_time":"2026-04-29T16:15:45+00:00","article_modified_time":"2026-04-29T16:15:52+00:00","og_image":[{"width":1100,"height":700,"url":"https:\/\/informante.mx\/wp-content\/uploads\/2026\/04\/CAZARIN-290426.jpg","type":"image\/jpeg"}],"author":"InformanteMX","twitter_card":"summary_large_image","twitter_creator":"@mx_informante","twitter_site":"@mx_informante","twitter_misc":{"Escrito por":"InformanteMX","Tiempo de lectura":"2 minutos"},"schema":{"@context":"https:\/\/schema.org","@graph":[{"@type":"NewsArticle","@id":"https:\/\/informante.mx\/?p=58146#article","isPartOf":{"@id":"https:\/\/informante.mx\/?p=58146"},"author":{"name":"InformanteMX","@id":"https:\/\/informante.mx\/#\/schema\/person\/3eff91989d2ea76b0a330b416325946c"},"headline":"Relevo en Bienestar: experiencia y lealtad en el coraz\u00f3n de la 4T","datePublished":"2026-04-29T16:15:45+00:00","dateModified":"2026-04-29T16:15:52+00:00","mainEntityOfPage":{"@id":"https:\/\/informante.mx\/?p=58146"},"wordCount":464,"commentCount":0,"publisher":{"@id":"https:\/\/informante.mx\/#organization"},"image":{"@id":"https:\/\/informante.mx\/?p=58146#primaryimage"},"thumbnailUrl":"https:\/\/informante.mx\/wp-content\/uploads\/2026\/04\/CAZARIN-290426.jpg","keywords":["Estado","Veracruz"],"articleSection":["Estatal"],"inLanguage":"es","potentialAction":[{"@type":"CommentAction","name":"Comment","target":["https:\/\/informante.mx\/?p=58146#respond"]}]},{"@type":"WebPage","@id":"https:\/\/informante.mx\/?p=58146","url":"https:\/\/informante.mx\/?p=58146","name":"Relevo en Bienestar: experiencia y lealtad en el coraz\u00f3n de la 4T - Informante.mx","isPartOf":{"@id":"https:\/\/informante.mx\/#website"},"primaryImageOfPage":{"@id":"https:\/\/informante.mx\/?p=58146#primaryimage"},"image":{"@id":"https:\/\/informante.mx\/?p=58146#primaryimage"},"thumbnailUrl":"https:\/\/informante.mx\/wp-content\/uploads\/2026\/04\/CAZARIN-290426.jpg","datePublished":"2026-04-29T16:15:45+00:00","dateModified":"2026-04-29T16:15:52+00:00","breadcrumb":{"@id":"https:\/\/informante.mx\/?p=58146#breadcrumb"},"inLanguage":"es","potentialAction":[{"@type":"ReadAction","target":["https:\/\/informante.mx\/?p=58146"]}]},{"@type":"ImageObject","inLanguage":"es","@id":"https:\/\/informante.mx\/?p=58146#primaryimage","url":"https:\/\/informante.mx\/wp-content\/uploads\/2026\/04\/CAZARIN-290426.jpg","contentUrl":"https:\/\/informante.mx\/wp-content\/uploads\/2026\/04\/CAZARIN-290426.jpg","width":1100,"height":700},{"@type":"BreadcrumbList","@id":"https:\/\/informante.mx\/?p=58146#breadcrumb","itemListElement":[{"@type":"ListItem","position":1,"name":"Portada","item":"https:\/\/informante.mx\/"},{"@type":"ListItem","position":2,"name":"Relevo en Bienestar: experiencia y lealtad en el coraz\u00f3n de la 4T"}]},{"@type":"WebSite","@id":"https:\/\/informante.mx\/#website","url":"https:\/\/informante.mx\/","name":"Informante.mx","description":"","publisher":{"@id":"https:\/\/informante.mx\/#organization"},"potentialAction":[{"@type":"SearchAction","target":{"@type":"EntryPoint","urlTemplate":"https:\/\/informante.mx\/?s={search_term_string}"},"query-input":{"@type":"PropertyValueSpecification","valueRequired":true,"valueName":"search_term_string"}}],"inLanguage":"es"},{"@type":"Organization","@id":"https:\/\/informante.mx\/#organization","name":"Informante.mx","url":"https:\/\/informante.mx\/","logo":{"@type":"ImageObject","inLanguage":"es","@id":"https:\/\/informante.mx\/#\/schema\/logo\/image\/","url":"https:\/\/informante.mx\/wp-content\/uploads\/2019\/12\/cropped-LOGO-Verde-Apaisado-1024x360O-1.png","contentUrl":"https:\/\/informante.mx\/wp-content\/uploads\/2019\/12\/cropped-LOGO-Verde-Apaisado-1024x360O-1.png","width":923,"height":180,"caption":"Informante.mx"},"image":{"@id":"https:\/\/informante.mx\/#\/schema\/logo\/image\/"},"sameAs":["https:\/\/www.facebook.com\/MX.Informante","https:\/\/x.com\/mx_informante"]},{"@type":"Person","@id":"https:\/\/informante.mx\/#\/schema\/person\/3eff91989d2ea76b0a330b416325946c","name":"InformanteMX","image":{"@type":"ImageObject","inLanguage":"es","@id":"https:\/\/secure.gravatar.com\/avatar\/10d802aa739e832aedd2f3fd8544d878871eb22e6ca86fe9a548573e34a28f0e?s=96&d=mm&r=g","url":"https:\/\/secure.gravatar.com\/avatar\/10d802aa739e832aedd2f3fd8544d878871eb22e6ca86fe9a548573e34a28f0e?s=96&d=mm&r=g","contentUrl":"https:\/\/secure.gravatar.com\/avatar\/10d802aa739e832aedd2f3fd8544d878871eb22e6ca86fe9a548573e34a28f0e?s=96&d=mm&r=g","caption":"InformanteMX"},"url":"https:\/\/informante.mx\/?author=1"}]}},"jetpack_featured_media_url":"https:\/\/informante.mx\/wp-content\/uploads\/2026\/04\/CAZARIN-290426.jpg","uagb_featured_image_src":{"full":["https:\/\/informante.mx\/wp-content\/uploads\/2026\/04\/CAZARIN-290426.jpg",1100,700,false],"thumbnail":["https:\/\/informante.mx\/wp-content\/uploads\/2026\/04\/CAZARIN-290426-150x95.jpg",150,95,true],"medium":["https:\/\/informante.mx\/wp-content\/uploads\/2026\/04\/CAZARIN-290426-300x191.jpg",300,191,true],"medium_large":["https:\/\/informante.mx\/wp-content\/uploads\/2026\/04\/CAZARIN-290426-768x489.jpg",640,408,true],"large":["https:\/\/informante.mx\/wp-content\/uploads\/2026\/04\/CAZARIN-290426-1024x652.jpg",640,408,true],"1536x1536":["https:\/\/informante.mx\/wp-content\/uploads\/2026\/04\/CAZARIN-290426.jpg",1100,700,false],"2048x2048":["https:\/\/informante.mx\/wp-content\/uploads\/2026\/04\/CAZARIN-290426.jpg",1100,700,false],"td_0x420":["https:\/\/informante.mx\/wp-content\/uploads\/2026\/04\/CAZARIN-290426-660x420.jpg",660,420,true],"td_0x420_retina":["https:\/\/informante.mx\/wp-content\/uploads\/2026\/04\/CAZARIN-290426.jpg",1100,700,false],"td_80x60":["https:\/\/informante.mx\/wp-content\/uploads\/2026\/04\/CAZARIN-290426-80x60.jpg",80,60,true],"td_80x60_retina":["https:\/\/informante.mx\/wp-content\/uploads\/2026\/04\/CAZARIN-290426-160x120.jpg",160,120,true],"td_100x75":["https:\/\/informante.mx\/wp-content\/uploads\/2026\/04\/CAZARIN-290426-100x75.jpg",100,75,true],"td_100x75_retina":["https:\/\/informante.mx\/wp-content\/uploads\/2026\/04\/CAZARIN-290426-200x150.jpg",200,150,true],"td_180x135":["https:\/\/informante.mx\/wp-content\/uploads\/2026\/04\/CAZARIN-290426-180x135.jpg",180,135,true],"td_180x135_retina":["https:\/\/informante.mx\/wp-content\/uploads\/2026\/04\/CAZARIN-290426-360x270.jpg",360,270,true],"td_238x178":["https:\/\/informante.mx\/wp-content\/uploads\/2026\/04\/CAZARIN-290426-238x178.jpg",238,178,true],"td_238x178_retina":["https:\/\/informante.mx\/wp-content\/uploads\/2026\/04\/CAZARIN-290426-476x356.jpg",476,356,true],"td_265x198":["https:\/\/informante.mx\/wp-content\/uploads\/2026\/04\/CAZARIN-290426-265x198.jpg",265,198,true],"td_265x198_retina":["https:\/\/informante.mx\/wp-content\/uploads\/2026\/04\/CAZARIN-290426-530x396.jpg",530,396,true],"td_300x160":["https:\/\/informante.mx\/wp-content\/uploads\/2026\/04\/CAZARIN-290426-300x160.jpg",300,160,true],"td_300x160_retina":["https:\/\/informante.mx\/wp-content\/uploads\/2026\/04\/CAZARIN-290426-600x320.jpg",600,320,true],"td_300x194":["https:\/\/informante.mx\/wp-content\/uploads\/2026\/04\/CAZARIN-290426-300x194.jpg",300,194,true],"td_300x194_retina":["https:\/\/informante.mx\/wp-content\/uploads\/2026\/04\/CAZARIN-290426-600x388.jpg",600,388,true],"td_300x350":["https:\/\/informante.mx\/wp-content\/uploads\/2026\/04\/CAZARIN-290426-300x350.jpg",300,350,true],"td_300x350_retina":["https:\/\/informante.mx\/wp-content\/uploads\/2026\/04\/CAZARIN-290426-600x700.jpg",600,700,true],"td_341x220":["https:\/\/informante.mx\/wp-content\/uploads\/2026\/04\/CAZARIN-290426-341x220.jpg",341,220,true],"td_341x220_retina":["https:\/\/informante.mx\/wp-content\/uploads\/2026\/04\/CAZARIN-290426-682x440.jpg",682,440,true],"td_341x400":["https:\/\/informante.mx\/wp-content\/uploads\/2026\/04\/CAZARIN-290426-341x400.jpg",341,400,true],"td_341x400_retina":["https:\/\/informante.mx\/wp-content\/uploads\/2026\/04\/CAZARIN-290426-682x700.jpg",682,700,true],"td_511x400":["https:\/\/informante.mx\/wp-content\/uploads\/2026\/04\/CAZARIN-290426-511x400.jpg",511,400,true],"td_511x400_retina":["https:\/\/informante.mx\/wp-content\/uploads\/2026\/04\/CAZARIN-290426-1022x700.jpg",1022,700,true],"td_537x360":["https:\/\/informante.mx\/wp-content\/uploads\/2026\/04\/CAZARIN-290426-537x360.jpg",537,360,true],"td_537x360_retina":["https:\/\/informante.mx\/wp-content\/uploads\/2026\/04\/CAZARIN-290426-1074x700.jpg",1074,700,true],"td_640x0":["https:\/\/informante.mx\/wp-content\/uploads\/2026\/04\/CAZARIN-290426-640x407.jpg",640,407,true],"td_640x0_retina":["https:\/\/informante.mx\/wp-content\/uploads\/2026\/04\/CAZARIN-290426.jpg",1100,700,false],"td_640x350":["https:\/\/informante.mx\/wp-content\/uploads\/2026\/04\/CAZARIN-290426-640x350.jpg",640,350,true],"td_640x350_retina":["https:\/\/informante.mx\/wp-content\/uploads\/2026\/04\/CAZARIN-290426.jpg",1100,700,false],"td_681x0":["https:\/\/informante.mx\/wp-content\/uploads\/2026\/04\/CAZARIN-290426-681x433.jpg",681,433,true],"td_681x0_retina":["https:\/\/informante.mx\/wp-content\/uploads\/2026\/04\/CAZARIN-290426.jpg",1100,700,false],"td_681x400":["https:\/\/informante.mx\/wp-content\/uploads\/2026\/04\/CAZARIN-290426-681x400.jpg",681,400,true],"td_681x400_retina":["https:\/\/informante.mx\/wp-content\/uploads\/2026\/04\/CAZARIN-290426.jpg",1100,700,false],"td_741x486":["https:\/\/informante.mx\/wp-content\/uploads\/2026\/04\/CAZARIN-290426-741x486.jpg",741,486,true],"td_741x486_retina":["https:\/\/informante.mx\/wp-content\/uploads\/2026\/04\/CAZARIN-290426.jpg",1100,700,false],"td_1021x580":["https:\/\/informante.mx\/wp-content\/uploads\/2026\/04\/CAZARIN-290426-1021x580.jpg",1021,580,true],"td_1021x580_retina":["https:\/\/informante.mx\/wp-content\/uploads\/2026\/04\/CAZARIN-290426.jpg",1100,700,false]},"uagb_author_info":{"display_name":"InformanteMX","author_link":"https:\/\/informante.mx\/?author=1"},"uagb_comment_info":0,"uagb_excerpt":"La pol\u00edtica, cuando se ejerce con convicci\u00f3n, no es m\u00e1s que una carrera de relevos donde la meta siempre es el pueblo. Ma\u00f1ana mi\u00e9rcoles 29 de abril, la Secretar\u00eda de Bienestar inicia una nueva etapa bajo la conducci\u00f3n de Leticia Ram\u00edrez Amaya, una figura cuya trayectoria como luchadora social de izquierda y dem\u00f3crata precede cualquier&hellip;","_links":{"self":[{"href":"https:\/\/informante.mx\/index.php?rest_route=\/wp\/v2\/posts\/58146","targetHints":{"allow":["GET"]}}],"collection":[{"href":"https:\/\/informante.mx\/index.php?rest_route=\/wp\/v2\/posts"}],"about":[{"href":"https:\/\/informante.mx\/index.php?rest_route=\/wp\/v2\/types\/post"}],"author":[{"embeddable":true,"href":"https:\/\/informante.mx\/index.php?rest_route=\/wp\/v2\/users\/1"}],"replies":[{"embeddable":true,"href":"https:\/\/informante.mx\/index.php?rest_route=%2Fwp%2Fv2%2Fcomments&post=58146"}],"version-history":[{"count":1,"href":"https:\/\/informante.mx\/index.php?rest_route=\/wp\/v2\/posts\/58146\/revisions"}],"predecessor-version":[{"id":58148,"href":"https:\/\/informante.mx\/index.php?rest_route=\/wp\/v2\/posts\/58146\/revisions\/58148"}],"wp:featuredmedia":[{"embeddable":true,"href":"https:\/\/informante.mx\/index.php?rest_route=\/wp\/v2\/media\/58147"}],"wp:attachment":[{"href":"https:\/\/informante.mx\/index.php?rest_route=%2Fwp%2Fv2%2Fmedia&parent=58146"}],"wp:term":[{"taxonomy":"category","embeddable":true,"href":"https:\/\/informante.mx\/index.php?rest_route=%2Fwp%2Fv2%2Fcategories&post=58146"},{"taxonomy":"post_tag","embeddable":true,"href":"https:\/\/informante.mx\/index.php?rest_route=%2Fwp%2Fv2%2Ftags&post=58146"}],"curies":[{"name":"wp","href":"https:\/\/api.w.org\/{rel}","templated":true}]}}