{"id":58137,"date":"2026-04-28T16:20:43","date_gmt":"2026-04-28T22:20:43","guid":{"rendered":"https:\/\/informante.mx\/?p=58137"},"modified":"2026-04-28T16:20:49","modified_gmt":"2026-04-28T22:20:49","slug":"adultos-mayores-no-pueden-quedar-fuera-propone-elizabeth-morales-atencion-sin-barreras-digitales","status":"publish","type":"post","link":"https:\/\/informante.mx\/?p=58137","title":{"rendered":"Adultos mayores no pueden quedar fuera: propone El\u00edzabeth Morales atenci\u00f3n sin barreras digitales"},"content":{"rendered":"\n<p>Redacci\u00f3n InformanteMX <br><br>Xalapa, Ver.- La diputada local por el Partido del Trabajo (PT), El\u00edzabeth Morales Garc\u00eda, present\u00f3 una Iniciativa con Proyecto de Decreto que reforma y adiciona diversas disposiciones de la Ley de los Derechos de las Personas Adultas Mayores del Estado de Veracruz, con el objetivo de garantizar una atenci\u00f3n inclusiva y accesible en los diferentes servicios, principalmente en materia de salud.<\/p>\n\n\n\n<p>La propuesta surge ante un contexto en el que, de acuerdo con estimaciones recientes, en Veracruz, m\u00e1s de un mill\u00f3n de personas adultas mayores enfrentan diariamente obst\u00e1culos como pobreza, limitaciones f\u00edsicas o falta de acceso a tecnolog\u00eda, lo que se agrava cuando los servicios solo est\u00e1n disponibles por medios digitales.<\/p>\n\n\n\n<p>La iniciativa plantea incorporar en la legislaci\u00f3n el derecho a una atenci\u00f3n inclusiva, estableciendo que ninguna persona adulta mayor sea obligada a utilizar herramientas digitales para acceder a servicios.<\/p>\n\n\n\n<p>Del mismo modo que las instituciones p\u00fablicas y privadas garanticen alternativas reales de atenci\u00f3n, como servicios presenciales, telef\u00f3nicos o asistidos, con personal capacitado, mecanismos visibles y un trato digno.<\/p>\n\n\n\n<p>\u201cHoy en d\u00eda, realizar tr\u00e1mites, acceder a servicios de salud o interactuar con instituciones requiere el uso de plataformas digitales, aplicaciones m\u00f3viles o c\u00f3digos QR. Para muchas personas adultas mayores, esto no representa una facilidad, sino una barrera\u201d, se\u00f1al\u00f3.<\/p>\n\n\n\n<p>En este sentido, la legisladora advirti\u00f3 que la creciente digitalizaci\u00f3n de servicios p\u00fablicos y privados, aunque representa avances en eficiencia, tambi\u00e9n ha generado nuevas formas de exclusi\u00f3n, particularmente para quienes no cuentan con acceso a dispositivos electr\u00f3nicos, conectividad o conocimientos digitales.<\/p>\n\n\n\n<p>Morales Garc\u00eda subray\u00f3 que esta situaci\u00f3n constituye una forma de discriminaci\u00f3n indirecta, prohibida por el marco constitucional mexicano y los est\u00e1ndares internacionales en materia de derechos humanos, al afectar de manera desproporcionada a un grupo en condici\u00f3n de vulnerabilidad.<\/p>\n\n\n\n<p>Por lo anterior, puntualiz\u00f3 que esta iniciativa busca asegurar que el acceso a los derechos no dependa del dominio de la tecnolog\u00eda, y reafirmar que en Veracruz la modernizaci\u00f3n debe ir de la mano con la inclusi\u00f3n.<\/p>\n\n\n\n<p>Las medidas propuestas no implican la creaci\u00f3n de nuevas estructuras ni un incremento en el gasto p\u00fablico, sino un cambio en la forma en que se brinda la atenci\u00f3n, priorizando la inclusi\u00f3n.<\/p>\n","protected":false},"excerpt":{"rendered":"<p>Redacci\u00f3n InformanteMX Xalapa, Ver.- La diputada local por el Partido del Trabajo (PT), El\u00edzabeth Morales Garc\u00eda, present\u00f3 una Iniciativa con Proyecto de Decreto que reforma y adiciona diversas disposiciones de la Ley de los Derechos de las Personas Adultas Mayores del Estado de Veracruz, con el objetivo de garantizar una atenci\u00f3n inclusiva y accesible en [&hellip;]<\/p>\n","protected":false},"author":1,"featured_media":46130,"comment_status":"open","ping_status":"closed","sticky":false,"template":"","format":"standard","meta":{"_uag_custom_page_level_css":"","jetpack_post_was_ever_published":false,"footnotes":""},"categories":[7],"tags":[33],"class_list":["post-58137","post","type-post","status-publish","format-standard","has-post-thumbnail","hentry","category-legislatura","tag-veracruz"],"yoast_head":"<!-- This site is optimized with the Yoast SEO plugin v27.3 - https:\/\/yoast.com\/product\/yoast-seo-wordpress\/ -->\n<title>Adultos mayores no pueden quedar fuera: propone El\u00edzabeth Morales atenci\u00f3n sin barreras digitales - Informante.mx<\/title>\n<meta name=\"robots\" content=\"index, follow, max-snippet:-1, max-image-preview:large, max-video-preview:-1\" \/>\n<link rel=\"canonical\" href=\"https:\/\/informante.mx\/?p=58137\" \/>\n<meta property=\"og:locale\" content=\"es_ES\" \/>\n<meta property=\"og:type\" content=\"article\" \/>\n<meta property=\"og:title\" content=\"Adultos mayores no pueden quedar fuera: propone El\u00edzabeth Morales atenci\u00f3n sin barreras digitales - Informante.mx\" \/>\n<meta property=\"og:description\" content=\"Redacci\u00f3n InformanteMX Xalapa, Ver.- La diputada local por el Partido del Trabajo (PT), El\u00edzabeth Morales Garc\u00eda, present\u00f3 una Iniciativa con Proyecto de Decreto que reforma y adiciona diversas disposiciones de la Ley de los Derechos de las Personas Adultas Mayores del Estado de Veracruz, con el objetivo de garantizar una atenci\u00f3n inclusiva y accesible en [&hellip;]\" \/>\n<meta property=\"og:url\" content=\"https:\/\/informante.mx\/?p=58137\" \/>\n<meta property=\"og:site_name\" content=\"Informante.mx\" \/>\n<meta property=\"article:publisher\" content=\"https:\/\/www.facebook.com\/MX.Informante\" \/>\n<meta property=\"article:published_time\" content=\"2026-04-28T22:20:43+00:00\" \/>\n<meta property=\"article:modified_time\" content=\"2026-04-28T22:20:49+00:00\" \/>\n<meta property=\"og:image\" content=\"https:\/\/informante.mx\/wp-content\/uploads\/2025\/03\/Elizabeth-Morales-Garcia.jpg\" \/>\n\t<meta property=\"og:image:width\" content=\"1200\" \/>\n\t<meta property=\"og:image:height\" content=\"700\" \/>\n\t<meta property=\"og:image:type\" content=\"image\/jpeg\" \/>\n<meta name=\"author\" content=\"InformanteMX\" \/>\n<meta name=\"twitter:card\" content=\"summary_large_image\" \/>\n<meta name=\"twitter:creator\" content=\"@mx_informante\" \/>\n<meta name=\"twitter:site\" content=\"@mx_informante\" \/>\n<meta name=\"twitter:label1\" content=\"Escrito por\" \/>\n\t<meta name=\"twitter:data1\" content=\"InformanteMX\" \/>\n\t<meta name=\"twitter:label2\" content=\"Tiempo de lectura\" \/>\n\t<meta name=\"twitter:data2\" content=\"2 minutos\" \/>\n<script type=\"application\/ld+json\" class=\"yoast-schema-graph\">{\"@context\":\"https:\\\/\\\/schema.org\",\"@graph\":[{\"@type\":\"NewsArticle\",\"@id\":\"https:\\\/\\\/informante.mx\\\/?p=58137#article\",\"isPartOf\":{\"@id\":\"https:\\\/\\\/informante.mx\\\/?p=58137\"},\"author\":{\"name\":\"InformanteMX\",\"@id\":\"https:\\\/\\\/informante.mx\\\/#\\\/schema\\\/person\\\/3eff91989d2ea76b0a330b416325946c\"},\"headline\":\"Adultos mayores no pueden quedar fuera: propone El\u00edzabeth Morales atenci\u00f3n sin barreras digitales\",\"datePublished\":\"2026-04-28T22:20:43+00:00\",\"dateModified\":\"2026-04-28T22:20:49+00:00\",\"mainEntityOfPage\":{\"@id\":\"https:\\\/\\\/informante.mx\\\/?p=58137\"},\"wordCount\":412,\"commentCount\":0,\"publisher\":{\"@id\":\"https:\\\/\\\/informante.mx\\\/#organization\"},\"image\":{\"@id\":\"https:\\\/\\\/informante.mx\\\/?p=58137#primaryimage\"},\"thumbnailUrl\":\"https:\\\/\\\/informante.mx\\\/wp-content\\\/uploads\\\/2025\\\/03\\\/Elizabeth-Morales-Garcia.jpg\",\"keywords\":[\"Veracruz\"],\"articleSection\":[\"Legislatura\"],\"inLanguage\":\"es\",\"potentialAction\":[{\"@type\":\"CommentAction\",\"name\":\"Comment\",\"target\":[\"https:\\\/\\\/informante.mx\\\/?p=58137#respond\"]}]},{\"@type\":\"WebPage\",\"@id\":\"https:\\\/\\\/informante.mx\\\/?p=58137\",\"url\":\"https:\\\/\\\/informante.mx\\\/?p=58137\",\"name\":\"Adultos mayores no pueden quedar fuera: propone El\u00edzabeth Morales atenci\u00f3n sin barreras digitales - Informante.mx\",\"isPartOf\":{\"@id\":\"https:\\\/\\\/informante.mx\\\/#website\"},\"primaryImageOfPage\":{\"@id\":\"https:\\\/\\\/informante.mx\\\/?p=58137#primaryimage\"},\"image\":{\"@id\":\"https:\\\/\\\/informante.mx\\\/?p=58137#primaryimage\"},\"thumbnailUrl\":\"https:\\\/\\\/informante.mx\\\/wp-content\\\/uploads\\\/2025\\\/03\\\/Elizabeth-Morales-Garcia.jpg\",\"datePublished\":\"2026-04-28T22:20:43+00:00\",\"dateModified\":\"2026-04-28T22:20:49+00:00\",\"breadcrumb\":{\"@id\":\"https:\\\/\\\/informante.mx\\\/?p=58137#breadcrumb\"},\"inLanguage\":\"es\",\"potentialAction\":[{\"@type\":\"ReadAction\",\"target\":[\"https:\\\/\\\/informante.mx\\\/?p=58137\"]}]},{\"@type\":\"ImageObject\",\"inLanguage\":\"es\",\"@id\":\"https:\\\/\\\/informante.mx\\\/?p=58137#primaryimage\",\"url\":\"https:\\\/\\\/informante.mx\\\/wp-content\\\/uploads\\\/2025\\\/03\\\/Elizabeth-Morales-Garcia.jpg\",\"contentUrl\":\"https:\\\/\\\/informante.mx\\\/wp-content\\\/uploads\\\/2025\\\/03\\\/Elizabeth-Morales-Garcia.jpg\",\"width\":1200,\"height\":700},{\"@type\":\"BreadcrumbList\",\"@id\":\"https:\\\/\\\/informante.mx\\\/?p=58137#breadcrumb\",\"itemListElement\":[{\"@type\":\"ListItem\",\"position\":1,\"name\":\"Portada\",\"item\":\"https:\\\/\\\/informante.mx\\\/\"},{\"@type\":\"ListItem\",\"position\":2,\"name\":\"Adultos mayores no pueden quedar fuera: propone El\u00edzabeth Morales atenci\u00f3n sin barreras digitales\"}]},{\"@type\":\"WebSite\",\"@id\":\"https:\\\/\\\/informante.mx\\\/#website\",\"url\":\"https:\\\/\\\/informante.mx\\\/\",\"name\":\"Informante.mx\",\"description\":\"\",\"publisher\":{\"@id\":\"https:\\\/\\\/informante.mx\\\/#organization\"},\"potentialAction\":[{\"@type\":\"SearchAction\",\"target\":{\"@type\":\"EntryPoint\",\"urlTemplate\":\"https:\\\/\\\/informante.mx\\\/?s={search_term_string}\"},\"query-input\":{\"@type\":\"PropertyValueSpecification\",\"valueRequired\":true,\"valueName\":\"search_term_string\"}}],\"inLanguage\":\"es\"},{\"@type\":\"Organization\",\"@id\":\"https:\\\/\\\/informante.mx\\\/#organization\",\"name\":\"Informante.mx\",\"url\":\"https:\\\/\\\/informante.mx\\\/\",\"logo\":{\"@type\":\"ImageObject\",\"inLanguage\":\"es\",\"@id\":\"https:\\\/\\\/informante.mx\\\/#\\\/schema\\\/logo\\\/image\\\/\",\"url\":\"https:\\\/\\\/informante.mx\\\/wp-content\\\/uploads\\\/2019\\\/12\\\/cropped-LOGO-Verde-Apaisado-1024x360O-1.png\",\"contentUrl\":\"https:\\\/\\\/informante.mx\\\/wp-content\\\/uploads\\\/2019\\\/12\\\/cropped-LOGO-Verde-Apaisado-1024x360O-1.png\",\"width\":923,\"height\":180,\"caption\":\"Informante.mx\"},\"image\":{\"@id\":\"https:\\\/\\\/informante.mx\\\/#\\\/schema\\\/logo\\\/image\\\/\"},\"sameAs\":[\"https:\\\/\\\/www.facebook.com\\\/MX.Informante\",\"https:\\\/\\\/x.com\\\/mx_informante\"]},{\"@type\":\"Person\",\"@id\":\"https:\\\/\\\/informante.mx\\\/#\\\/schema\\\/person\\\/3eff91989d2ea76b0a330b416325946c\",\"name\":\"InformanteMX\",\"image\":{\"@type\":\"ImageObject\",\"inLanguage\":\"es\",\"@id\":\"https:\\\/\\\/secure.gravatar.com\\\/avatar\\\/10d802aa739e832aedd2f3fd8544d878871eb22e6ca86fe9a548573e34a28f0e?s=96&d=mm&r=g\",\"url\":\"https:\\\/\\\/secure.gravatar.com\\\/avatar\\\/10d802aa739e832aedd2f3fd8544d878871eb22e6ca86fe9a548573e34a28f0e?s=96&d=mm&r=g\",\"contentUrl\":\"https:\\\/\\\/secure.gravatar.com\\\/avatar\\\/10d802aa739e832aedd2f3fd8544d878871eb22e6ca86fe9a548573e34a28f0e?s=96&d=mm&r=g\",\"caption\":\"InformanteMX\"},\"url\":\"https:\\\/\\\/informante.mx\\\/?author=1\"}]}<\/script>\n<!-- \/ Yoast SEO plugin. -->","yoast_head_json":{"title":"Adultos mayores no pueden quedar fuera: propone El\u00edzabeth Morales atenci\u00f3n sin barreras digitales - Informante.mx","robots":{"index":"index","follow":"follow","max-snippet":"max-snippet:-1","max-image-preview":"max-image-preview:large","max-video-preview":"max-video-preview:-1"},"canonical":"https:\/\/informante.mx\/?p=58137","og_locale":"es_ES","og_type":"article","og_title":"Adultos mayores no pueden quedar fuera: propone El\u00edzabeth Morales atenci\u00f3n sin barreras digitales - Informante.mx","og_description":"Redacci\u00f3n InformanteMX Xalapa, Ver.- La diputada local por el Partido del Trabajo (PT), El\u00edzabeth Morales Garc\u00eda, present\u00f3 una Iniciativa con Proyecto de Decreto que reforma y adiciona diversas disposiciones de la Ley de los Derechos de las Personas Adultas Mayores del Estado de Veracruz, con el objetivo de garantizar una atenci\u00f3n inclusiva y accesible en [&hellip;]","og_url":"https:\/\/informante.mx\/?p=58137","og_site_name":"Informante.mx","article_publisher":"https:\/\/www.facebook.com\/MX.Informante","article_published_time":"2026-04-28T22:20:43+00:00","article_modified_time":"2026-04-28T22:20:49+00:00","og_image":[{"width":1200,"height":700,"url":"https:\/\/informante.mx\/wp-content\/uploads\/2025\/03\/Elizabeth-Morales-Garcia.jpg","type":"image\/jpeg"}],"author":"InformanteMX","twitter_card":"summary_large_image","twitter_creator":"@mx_informante","twitter_site":"@mx_informante","twitter_misc":{"Escrito por":"InformanteMX","Tiempo de lectura":"2 minutos"},"schema":{"@context":"https:\/\/schema.org","@graph":[{"@type":"NewsArticle","@id":"https:\/\/informante.mx\/?p=58137#article","isPartOf":{"@id":"https:\/\/informante.mx\/?p=58137"},"author":{"name":"InformanteMX","@id":"https:\/\/informante.mx\/#\/schema\/person\/3eff91989d2ea76b0a330b416325946c"},"headline":"Adultos mayores no pueden quedar fuera: propone El\u00edzabeth Morales atenci\u00f3n sin barreras digitales","datePublished":"2026-04-28T22:20:43+00:00","dateModified":"2026-04-28T22:20:49+00:00","mainEntityOfPage":{"@id":"https:\/\/informante.mx\/?p=58137"},"wordCount":412,"commentCount":0,"publisher":{"@id":"https:\/\/informante.mx\/#organization"},"image":{"@id":"https:\/\/informante.mx\/?p=58137#primaryimage"},"thumbnailUrl":"https:\/\/informante.mx\/wp-content\/uploads\/2025\/03\/Elizabeth-Morales-Garcia.jpg","keywords":["Veracruz"],"articleSection":["Legislatura"],"inLanguage":"es","potentialAction":[{"@type":"CommentAction","name":"Comment","target":["https:\/\/informante.mx\/?p=58137#respond"]}]},{"@type":"WebPage","@id":"https:\/\/informante.mx\/?p=58137","url":"https:\/\/informante.mx\/?p=58137","name":"Adultos mayores no pueden quedar fuera: propone El\u00edzabeth Morales atenci\u00f3n sin barreras digitales - Informante.mx","isPartOf":{"@id":"https:\/\/informante.mx\/#website"},"primaryImageOfPage":{"@id":"https:\/\/informante.mx\/?p=58137#primaryimage"},"image":{"@id":"https:\/\/informante.mx\/?p=58137#primaryimage"},"thumbnailUrl":"https:\/\/informante.mx\/wp-content\/uploads\/2025\/03\/Elizabeth-Morales-Garcia.jpg","datePublished":"2026-04-28T22:20:43+00:00","dateModified":"2026-04-28T22:20:49+00:00","breadcrumb":{"@id":"https:\/\/informante.mx\/?p=58137#breadcrumb"},"inLanguage":"es","potentialAction":[{"@type":"ReadAction","target":["https:\/\/informante.mx\/?p=58137"]}]},{"@type":"ImageObject","inLanguage":"es","@id":"https:\/\/informante.mx\/?p=58137#primaryimage","url":"https:\/\/informante.mx\/wp-content\/uploads\/2025\/03\/Elizabeth-Morales-Garcia.jpg","contentUrl":"https:\/\/informante.mx\/wp-content\/uploads\/2025\/03\/Elizabeth-Morales-Garcia.jpg","width":1200,"height":700},{"@type":"BreadcrumbList","@id":"https:\/\/informante.mx\/?p=58137#breadcrumb","itemListElement":[{"@type":"ListItem","position":1,"name":"Portada","item":"https:\/\/informante.mx\/"},{"@type":"ListItem","position":2,"name":"Adultos mayores no pueden quedar fuera: propone El\u00edzabeth Morales atenci\u00f3n sin barreras digitales"}]},{"@type":"WebSite","@id":"https:\/\/informante.mx\/#website","url":"https:\/\/informante.mx\/","name":"Informante.mx","description":"","publisher":{"@id":"https:\/\/informante.mx\/#organization"},"potentialAction":[{"@type":"SearchAction","target":{"@type":"EntryPoint","urlTemplate":"https:\/\/informante.mx\/?s={search_term_string}"},"query-input":{"@type":"PropertyValueSpecification","valueRequired":true,"valueName":"search_term_string"}}],"inLanguage":"es"},{"@type":"Organization","@id":"https:\/\/informante.mx\/#organization","name":"Informante.mx","url":"https:\/\/informante.mx\/","logo":{"@type":"ImageObject","inLanguage":"es","@id":"https:\/\/informante.mx\/#\/schema\/logo\/image\/","url":"https:\/\/informante.mx\/wp-content\/uploads\/2019\/12\/cropped-LOGO-Verde-Apaisado-1024x360O-1.png","contentUrl":"https:\/\/informante.mx\/wp-content\/uploads\/2019\/12\/cropped-LOGO-Verde-Apaisado-1024x360O-1.png","width":923,"height":180,"caption":"Informante.mx"},"image":{"@id":"https:\/\/informante.mx\/#\/schema\/logo\/image\/"},"sameAs":["https:\/\/www.facebook.com\/MX.Informante","https:\/\/x.com\/mx_informante"]},{"@type":"Person","@id":"https:\/\/informante.mx\/#\/schema\/person\/3eff91989d2ea76b0a330b416325946c","name":"InformanteMX","image":{"@type":"ImageObject","inLanguage":"es","@id":"https:\/\/secure.gravatar.com\/avatar\/10d802aa739e832aedd2f3fd8544d878871eb22e6ca86fe9a548573e34a28f0e?s=96&d=mm&r=g","url":"https:\/\/secure.gravatar.com\/avatar\/10d802aa739e832aedd2f3fd8544d878871eb22e6ca86fe9a548573e34a28f0e?s=96&d=mm&r=g","contentUrl":"https:\/\/secure.gravatar.com\/avatar\/10d802aa739e832aedd2f3fd8544d878871eb22e6ca86fe9a548573e34a28f0e?s=96&d=mm&r=g","caption":"InformanteMX"},"url":"https:\/\/informante.mx\/?author=1"}]}},"jetpack_featured_media_url":"https:\/\/informante.mx\/wp-content\/uploads\/2025\/03\/Elizabeth-Morales-Garcia.jpg","uagb_featured_image_src":{"full":["https:\/\/informante.mx\/wp-content\/uploads\/2025\/03\/Elizabeth-Morales-Garcia.jpg",1200,700,false],"thumbnail":["https:\/\/informante.mx\/wp-content\/uploads\/2025\/03\/Elizabeth-Morales-Garcia-150x88.jpg",150,88,true],"medium":["https:\/\/informante.mx\/wp-content\/uploads\/2025\/03\/Elizabeth-Morales-Garcia-300x175.jpg",300,175,true],"medium_large":["https:\/\/informante.mx\/wp-content\/uploads\/2025\/03\/Elizabeth-Morales-Garcia-768x448.jpg",640,373,true],"large":["https:\/\/informante.mx\/wp-content\/uploads\/2025\/03\/Elizabeth-Morales-Garcia-1024x597.jpg",640,373,true],"1536x1536":["https:\/\/informante.mx\/wp-content\/uploads\/2025\/03\/Elizabeth-Morales-Garcia.jpg",1200,700,false],"2048x2048":["https:\/\/informante.mx\/wp-content\/uploads\/2025\/03\/Elizabeth-Morales-Garcia.jpg",1200,700,false],"td_0x420":["https:\/\/informante.mx\/wp-content\/uploads\/2025\/03\/Elizabeth-Morales-Garcia-720x420.jpg",720,420,true],"td_0x420_retina":["https:\/\/informante.mx\/wp-content\/uploads\/2025\/03\/Elizabeth-Morales-Garcia.jpg",1200,700,false],"td_80x60":["https:\/\/informante.mx\/wp-content\/uploads\/2025\/03\/Elizabeth-Morales-Garcia-80x60.jpg",80,60,true],"td_80x60_retina":["https:\/\/informante.mx\/wp-content\/uploads\/2025\/03\/Elizabeth-Morales-Garcia-160x120.jpg",160,120,true],"td_100x75":["https:\/\/informante.mx\/wp-content\/uploads\/2025\/03\/Elizabeth-Morales-Garcia-100x75.jpg",100,75,true],"td_100x75_retina":["https:\/\/informante.mx\/wp-content\/uploads\/2025\/03\/Elizabeth-Morales-Garcia-200x150.jpg",200,150,true],"td_180x135":["https:\/\/informante.mx\/wp-content\/uploads\/2025\/03\/Elizabeth-Morales-Garcia-180x135.jpg",180,135,true],"td_180x135_retina":["https:\/\/informante.mx\/wp-content\/uploads\/2025\/03\/Elizabeth-Morales-Garcia-360x270.jpg",360,270,true],"td_238x178":["https:\/\/informante.mx\/wp-content\/uploads\/2025\/03\/Elizabeth-Morales-Garcia-238x178.jpg",238,178,true],"td_238x178_retina":["https:\/\/informante.mx\/wp-content\/uploads\/2025\/03\/Elizabeth-Morales-Garcia-476x356.jpg",476,356,true],"td_265x198":["https:\/\/informante.mx\/wp-content\/uploads\/2025\/03\/Elizabeth-Morales-Garcia-265x198.jpg",265,198,true],"td_265x198_retina":["https:\/\/informante.mx\/wp-content\/uploads\/2025\/03\/Elizabeth-Morales-Garcia-530x396.jpg",530,396,true],"td_300x160":["https:\/\/informante.mx\/wp-content\/uploads\/2025\/03\/Elizabeth-Morales-Garcia-300x160.jpg",300,160,true],"td_300x160_retina":["https:\/\/informante.mx\/wp-content\/uploads\/2025\/03\/Elizabeth-Morales-Garcia-600x320.jpg",600,320,true],"td_300x194":["https:\/\/informante.mx\/wp-content\/uploads\/2025\/03\/Elizabeth-Morales-Garcia-300x194.jpg",300,194,true],"td_300x194_retina":["https:\/\/informante.mx\/wp-content\/uploads\/2025\/03\/Elizabeth-Morales-Garcia-600x388.jpg",600,388,true],"td_300x350":["https:\/\/informante.mx\/wp-content\/uploads\/2025\/03\/Elizabeth-Morales-Garcia-300x350.jpg",300,350,true],"td_300x350_retina":["https:\/\/informante.mx\/wp-content\/uploads\/2025\/03\/Elizabeth-Morales-Garcia-600x700.jpg",600,700,true],"td_341x220":["https:\/\/informante.mx\/wp-content\/uploads\/2025\/03\/Elizabeth-Morales-Garcia-341x220.jpg",341,220,true],"td_341x220_retina":["https:\/\/informante.mx\/wp-content\/uploads\/2025\/03\/Elizabeth-Morales-Garcia-682x440.jpg",682,440,true],"td_341x400":["https:\/\/informante.mx\/wp-content\/uploads\/2025\/03\/Elizabeth-Morales-Garcia-341x400.jpg",341,400,true],"td_341x400_retina":["https:\/\/informante.mx\/wp-content\/uploads\/2025\/03\/Elizabeth-Morales-Garcia-682x700.jpg",682,700,true],"td_511x400":["https:\/\/informante.mx\/wp-content\/uploads\/2025\/03\/Elizabeth-Morales-Garcia-511x400.jpg",511,400,true],"td_511x400_retina":["https:\/\/informante.mx\/wp-content\/uploads\/2025\/03\/Elizabeth-Morales-Garcia-1022x700.jpg",1022,700,true],"td_537x360":["https:\/\/informante.mx\/wp-content\/uploads\/2025\/03\/Elizabeth-Morales-Garcia-537x360.jpg",537,360,true],"td_537x360_retina":["https:\/\/informante.mx\/wp-content\/uploads\/2025\/03\/Elizabeth-Morales-Garcia-1074x700.jpg",1074,700,true],"td_640x0":["https:\/\/informante.mx\/wp-content\/uploads\/2025\/03\/Elizabeth-Morales-Garcia-640x373.jpg",640,373,true],"td_640x0_retina":["https:\/\/informante.mx\/wp-content\/uploads\/2025\/03\/Elizabeth-Morales-Garcia.jpg",1200,700,false],"td_640x350":["https:\/\/informante.mx\/wp-content\/uploads\/2025\/03\/Elizabeth-Morales-Garcia-640x350.jpg",640,350,true],"td_640x350_retina":["https:\/\/informante.mx\/wp-content\/uploads\/2025\/03\/Elizabeth-Morales-Garcia.jpg",1200,700,false],"td_681x0":["https:\/\/informante.mx\/wp-content\/uploads\/2025\/03\/Elizabeth-Morales-Garcia-681x397.jpg",681,397,true],"td_681x0_retina":["https:\/\/informante.mx\/wp-content\/uploads\/2025\/03\/Elizabeth-Morales-Garcia.jpg",1200,700,false],"td_681x400":["https:\/\/informante.mx\/wp-content\/uploads\/2025\/03\/Elizabeth-Morales-Garcia-681x400.jpg",681,400,true],"td_681x400_retina":["https:\/\/informante.mx\/wp-content\/uploads\/2025\/03\/Elizabeth-Morales-Garcia.jpg",1200,700,false],"td_741x486":["https:\/\/informante.mx\/wp-content\/uploads\/2025\/03\/Elizabeth-Morales-Garcia-741x486.jpg",741,486,true],"td_741x486_retina":["https:\/\/informante.mx\/wp-content\/uploads\/2025\/03\/Elizabeth-Morales-Garcia.jpg",1200,700,false],"td_1021x580":["https:\/\/informante.mx\/wp-content\/uploads\/2025\/03\/Elizabeth-Morales-Garcia-1021x580.jpg",1021,580,true],"td_1021x580_retina":["https:\/\/informante.mx\/wp-content\/uploads\/2025\/03\/Elizabeth-Morales-Garcia.jpg",1200,700,false]},"uagb_author_info":{"display_name":"InformanteMX","author_link":"https:\/\/informante.mx\/?author=1"},"uagb_comment_info":0,"uagb_excerpt":"Redacci\u00f3n InformanteMX Xalapa, Ver.- La diputada local por el Partido del Trabajo (PT), El\u00edzabeth Morales Garc\u00eda, present\u00f3 una Iniciativa con Proyecto de Decreto que reforma y adiciona diversas disposiciones de la Ley de los Derechos de las Personas Adultas Mayores del Estado de Veracruz, con el objetivo de garantizar una atenci\u00f3n inclusiva y accesible en&hellip;","_links":{"self":[{"href":"https:\/\/informante.mx\/index.php?rest_route=\/wp\/v2\/posts\/58137","targetHints":{"allow":["GET"]}}],"collection":[{"href":"https:\/\/informante.mx\/index.php?rest_route=\/wp\/v2\/posts"}],"about":[{"href":"https:\/\/informante.mx\/index.php?rest_route=\/wp\/v2\/types\/post"}],"author":[{"embeddable":true,"href":"https:\/\/informante.mx\/index.php?rest_route=\/wp\/v2\/users\/1"}],"replies":[{"embeddable":true,"href":"https:\/\/informante.mx\/index.php?rest_route=%2Fwp%2Fv2%2Fcomments&post=58137"}],"version-history":[{"count":1,"href":"https:\/\/informante.mx\/index.php?rest_route=\/wp\/v2\/posts\/58137\/revisions"}],"predecessor-version":[{"id":58138,"href":"https:\/\/informante.mx\/index.php?rest_route=\/wp\/v2\/posts\/58137\/revisions\/58138"}],"wp:featuredmedia":[{"embeddable":true,"href":"https:\/\/informante.mx\/index.php?rest_route=\/wp\/v2\/media\/46130"}],"wp:attachment":[{"href":"https:\/\/informante.mx\/index.php?rest_route=%2Fwp%2Fv2%2Fmedia&parent=58137"}],"wp:term":[{"taxonomy":"category","embeddable":true,"href":"https:\/\/informante.mx\/index.php?rest_route=%2Fwp%2Fv2%2Fcategories&post=58137"},{"taxonomy":"post_tag","embeddable":true,"href":"https:\/\/informante.mx\/index.php?rest_route=%2Fwp%2Fv2%2Ftags&post=58137"}],"curies":[{"name":"wp","href":"https:\/\/api.w.org\/{rel}","templated":true}]}}