{"id":58134,"date":"2026-04-28T16:18:43","date_gmt":"2026-04-28T22:18:43","guid":{"rendered":"https:\/\/informante.mx\/?p=58134"},"modified":"2026-04-28T16:18:49","modified_gmt":"2026-04-28T22:18:49","slug":"rescata-alcaldesa-de-veracruz-fuentes-emblematicas-del-centro-historico","status":"publish","type":"post","link":"https:\/\/informante.mx\/?p=58134","title":{"rendered":"Rescata alcaldesa de Veracruz fuentes emblem\u00e1ticas del Centro Hist\u00f3rico"},"content":{"rendered":"\n<p>Redacci\u00f3n Informante<br><br>Veracruz, Ver.- La alcaldesa de Veracruz, Rosa Mar\u00eda Hern\u00e1ndez Espejo, instruy\u00f3 la rehabilitaci\u00f3n integral de once fuentes ubicadas en el Centro Hist\u00f3rico como parte de la estrategia para recuperar la imagen urbana y fortalecer el patrimonio municipal, a trav\u00e9s de la Direcci\u00f3n de Espacios P\u00fablicos estas estructuras han sido puestas nuevamente en operaci\u00f3n luego de a\u00f1os de abandono e inactividad.<\/p>\n\n\n\n<p>Al inicio de la actual administraci\u00f3n, la mayor\u00eda de las fuentes se encontraban inoperantes, por lo que fue necesario implementar un plan de intervenci\u00f3n para restituir su funcionalidad como puntos de encuentro y atractivo tur\u00edstico, acciones que forman parte de una pol\u00edtica orientada a dignificar las \u00e1reas comunes en beneficio de la ciudadan\u00eda.<\/p>\n\n\n\n<p>Uno de los casos m\u00e1s representativos es la fuente de la Plazuela La Campana, que permaneci\u00f3 sin funcionar durante 15 a\u00f1os, para su rescate se realizaron trabajos intensivos de limpieza manual extrayendo alrededor de 60 cubetas de lodo acumulado, de igual forma se atendieron condiciones similares en los callejones de La Lagunilla y Dehesa, donde adem\u00e1s se recuperaron sistemas hidr\u00e1ulicos severamente deteriorados.<\/p>\n\n\n\n<p>Tambi\u00e9n se intervinieron puntos emblem\u00e1ticos como la fuente del Z\u00f3calo, que llevaba meses fuera de servicio, as\u00ed como las seis fuentes ubicadas en la Plaza de la Rep\u00fablica, en donde fue necesario sustituir bombas, rehabilitar mecanismos y eliminar acumulaciones de \u00f3xido y suciedad, garantizando un trabajo continuo y adecuado.<\/p>\n\n\n\n<p>Como parte final de las labores, se realizaron trabajos de herrer\u00eda para la reparaci\u00f3n de rejillas en todas las fuentes intervenidas, el gobierno municipal logr\u00f3 rescatar estos once espacios en menos de tres meses, reafirmando su compromiso con la recuperaci\u00f3n del entorno urbano y el disfrute de las familias veracruzanas y visitantes.<\/p>\n","protected":false},"excerpt":{"rendered":"<p>El gobierno municipal impulsa la rehabilitaci\u00f3n de espacios p\u00fablicos, devolviendo funcionalidad y valor al patrimonio urbano<\/p>\n","protected":false},"author":1,"featured_media":58135,"comment_status":"open","ping_status":"closed","sticky":false,"template":"","format":"standard","meta":{"_uag_custom_page_level_css":"","jetpack_post_was_ever_published":false,"footnotes":""},"categories":[4],"tags":[33],"class_list":["post-58134","post","type-post","status-publish","format-standard","has-post-thumbnail","hentry","category-estatal","tag-veracruz"],"yoast_head":"<!-- This site is optimized with the Yoast SEO plugin v27.3 - https:\/\/yoast.com\/product\/yoast-seo-wordpress\/ -->\n<title>Rescata alcaldesa de Veracruz fuentes emblem\u00e1ticas del Centro Hist\u00f3rico - Informante.mx<\/title>\n<meta name=\"robots\" content=\"index, follow, max-snippet:-1, max-image-preview:large, max-video-preview:-1\" \/>\n<link rel=\"canonical\" href=\"https:\/\/informante.mx\/?p=58134\" \/>\n<meta property=\"og:locale\" content=\"es_ES\" \/>\n<meta property=\"og:type\" content=\"article\" \/>\n<meta property=\"og:title\" content=\"Rescata alcaldesa de Veracruz fuentes emblem\u00e1ticas del Centro Hist\u00f3rico - Informante.mx\" \/>\n<meta property=\"og:description\" content=\"El gobierno municipal impulsa la rehabilitaci\u00f3n de espacios p\u00fablicos, devolviendo funcionalidad y valor al patrimonio urbano\" \/>\n<meta property=\"og:url\" content=\"https:\/\/informante.mx\/?p=58134\" \/>\n<meta property=\"og:site_name\" content=\"Informante.mx\" \/>\n<meta property=\"article:publisher\" content=\"https:\/\/www.facebook.com\/MX.Informante\" \/>\n<meta property=\"article:published_time\" content=\"2026-04-28T22:18:43+00:00\" \/>\n<meta property=\"article:modified_time\" content=\"2026-04-28T22:18:49+00:00\" \/>\n<meta property=\"og:image\" content=\"https:\/\/informante.mx\/wp-content\/uploads\/2026\/04\/WhatsApp-Image-2026-04-28-at-15.43.25.jpeg\" \/>\n\t<meta property=\"og:image:width\" content=\"1280\" \/>\n\t<meta property=\"og:image:height\" content=\"854\" \/>\n\t<meta property=\"og:image:type\" content=\"image\/jpeg\" \/>\n<meta name=\"author\" content=\"InformanteMX\" \/>\n<meta name=\"twitter:card\" content=\"summary_large_image\" \/>\n<meta name=\"twitter:creator\" content=\"@mx_informante\" \/>\n<meta name=\"twitter:site\" content=\"@mx_informante\" \/>\n<meta name=\"twitter:label1\" content=\"Escrito por\" \/>\n\t<meta name=\"twitter:data1\" content=\"InformanteMX\" \/>\n\t<meta name=\"twitter:label2\" content=\"Tiempo de lectura\" \/>\n\t<meta name=\"twitter:data2\" content=\"2 minutos\" \/>\n<script type=\"application\/ld+json\" class=\"yoast-schema-graph\">{\"@context\":\"https:\\\/\\\/schema.org\",\"@graph\":[{\"@type\":\"NewsArticle\",\"@id\":\"https:\\\/\\\/informante.mx\\\/?p=58134#article\",\"isPartOf\":{\"@id\":\"https:\\\/\\\/informante.mx\\\/?p=58134\"},\"author\":{\"name\":\"InformanteMX\",\"@id\":\"https:\\\/\\\/informante.mx\\\/#\\\/schema\\\/person\\\/3eff91989d2ea76b0a330b416325946c\"},\"headline\":\"Rescata alcaldesa de Veracruz fuentes emblem\u00e1ticas del Centro Hist\u00f3rico\",\"datePublished\":\"2026-04-28T22:18:43+00:00\",\"dateModified\":\"2026-04-28T22:18:49+00:00\",\"mainEntityOfPage\":{\"@id\":\"https:\\\/\\\/informante.mx\\\/?p=58134\"},\"wordCount\":315,\"commentCount\":0,\"publisher\":{\"@id\":\"https:\\\/\\\/informante.mx\\\/#organization\"},\"image\":{\"@id\":\"https:\\\/\\\/informante.mx\\\/?p=58134#primaryimage\"},\"thumbnailUrl\":\"https:\\\/\\\/informante.mx\\\/wp-content\\\/uploads\\\/2026\\\/04\\\/WhatsApp-Image-2026-04-28-at-15.43.25.jpeg\",\"keywords\":[\"Veracruz\"],\"articleSection\":[\"Estatal\"],\"inLanguage\":\"es\",\"potentialAction\":[{\"@type\":\"CommentAction\",\"name\":\"Comment\",\"target\":[\"https:\\\/\\\/informante.mx\\\/?p=58134#respond\"]}]},{\"@type\":\"WebPage\",\"@id\":\"https:\\\/\\\/informante.mx\\\/?p=58134\",\"url\":\"https:\\\/\\\/informante.mx\\\/?p=58134\",\"name\":\"Rescata alcaldesa de Veracruz fuentes emblem\u00e1ticas del Centro Hist\u00f3rico - Informante.mx\",\"isPartOf\":{\"@id\":\"https:\\\/\\\/informante.mx\\\/#website\"},\"primaryImageOfPage\":{\"@id\":\"https:\\\/\\\/informante.mx\\\/?p=58134#primaryimage\"},\"image\":{\"@id\":\"https:\\\/\\\/informante.mx\\\/?p=58134#primaryimage\"},\"thumbnailUrl\":\"https:\\\/\\\/informante.mx\\\/wp-content\\\/uploads\\\/2026\\\/04\\\/WhatsApp-Image-2026-04-28-at-15.43.25.jpeg\",\"datePublished\":\"2026-04-28T22:18:43+00:00\",\"dateModified\":\"2026-04-28T22:18:49+00:00\",\"breadcrumb\":{\"@id\":\"https:\\\/\\\/informante.mx\\\/?p=58134#breadcrumb\"},\"inLanguage\":\"es\",\"potentialAction\":[{\"@type\":\"ReadAction\",\"target\":[\"https:\\\/\\\/informante.mx\\\/?p=58134\"]}]},{\"@type\":\"ImageObject\",\"inLanguage\":\"es\",\"@id\":\"https:\\\/\\\/informante.mx\\\/?p=58134#primaryimage\",\"url\":\"https:\\\/\\\/informante.mx\\\/wp-content\\\/uploads\\\/2026\\\/04\\\/WhatsApp-Image-2026-04-28-at-15.43.25.jpeg\",\"contentUrl\":\"https:\\\/\\\/informante.mx\\\/wp-content\\\/uploads\\\/2026\\\/04\\\/WhatsApp-Image-2026-04-28-at-15.43.25.jpeg\",\"width\":1280,\"height\":854},{\"@type\":\"BreadcrumbList\",\"@id\":\"https:\\\/\\\/informante.mx\\\/?p=58134#breadcrumb\",\"itemListElement\":[{\"@type\":\"ListItem\",\"position\":1,\"name\":\"Portada\",\"item\":\"https:\\\/\\\/informante.mx\\\/\"},{\"@type\":\"ListItem\",\"position\":2,\"name\":\"Rescata alcaldesa de Veracruz fuentes emblem\u00e1ticas del Centro Hist\u00f3rico\"}]},{\"@type\":\"WebSite\",\"@id\":\"https:\\\/\\\/informante.mx\\\/#website\",\"url\":\"https:\\\/\\\/informante.mx\\\/\",\"name\":\"Informante.mx\",\"description\":\"\",\"publisher\":{\"@id\":\"https:\\\/\\\/informante.mx\\\/#organization\"},\"potentialAction\":[{\"@type\":\"SearchAction\",\"target\":{\"@type\":\"EntryPoint\",\"urlTemplate\":\"https:\\\/\\\/informante.mx\\\/?s={search_term_string}\"},\"query-input\":{\"@type\":\"PropertyValueSpecification\",\"valueRequired\":true,\"valueName\":\"search_term_string\"}}],\"inLanguage\":\"es\"},{\"@type\":\"Organization\",\"@id\":\"https:\\\/\\\/informante.mx\\\/#organization\",\"name\":\"Informante.mx\",\"url\":\"https:\\\/\\\/informante.mx\\\/\",\"logo\":{\"@type\":\"ImageObject\",\"inLanguage\":\"es\",\"@id\":\"https:\\\/\\\/informante.mx\\\/#\\\/schema\\\/logo\\\/image\\\/\",\"url\":\"https:\\\/\\\/informante.mx\\\/wp-content\\\/uploads\\\/2019\\\/12\\\/cropped-LOGO-Verde-Apaisado-1024x360O-1.png\",\"contentUrl\":\"https:\\\/\\\/informante.mx\\\/wp-content\\\/uploads\\\/2019\\\/12\\\/cropped-LOGO-Verde-Apaisado-1024x360O-1.png\",\"width\":923,\"height\":180,\"caption\":\"Informante.mx\"},\"image\":{\"@id\":\"https:\\\/\\\/informante.mx\\\/#\\\/schema\\\/logo\\\/image\\\/\"},\"sameAs\":[\"https:\\\/\\\/www.facebook.com\\\/MX.Informante\",\"https:\\\/\\\/x.com\\\/mx_informante\"]},{\"@type\":\"Person\",\"@id\":\"https:\\\/\\\/informante.mx\\\/#\\\/schema\\\/person\\\/3eff91989d2ea76b0a330b416325946c\",\"name\":\"InformanteMX\",\"image\":{\"@type\":\"ImageObject\",\"inLanguage\":\"es\",\"@id\":\"https:\\\/\\\/secure.gravatar.com\\\/avatar\\\/10d802aa739e832aedd2f3fd8544d878871eb22e6ca86fe9a548573e34a28f0e?s=96&d=mm&r=g\",\"url\":\"https:\\\/\\\/secure.gravatar.com\\\/avatar\\\/10d802aa739e832aedd2f3fd8544d878871eb22e6ca86fe9a548573e34a28f0e?s=96&d=mm&r=g\",\"contentUrl\":\"https:\\\/\\\/secure.gravatar.com\\\/avatar\\\/10d802aa739e832aedd2f3fd8544d878871eb22e6ca86fe9a548573e34a28f0e?s=96&d=mm&r=g\",\"caption\":\"InformanteMX\"},\"url\":\"https:\\\/\\\/informante.mx\\\/?author=1\"}]}<\/script>\n<!-- \/ Yoast SEO plugin. -->","yoast_head_json":{"title":"Rescata alcaldesa de Veracruz fuentes emblem\u00e1ticas del Centro Hist\u00f3rico - Informante.mx","robots":{"index":"index","follow":"follow","max-snippet":"max-snippet:-1","max-image-preview":"max-image-preview:large","max-video-preview":"max-video-preview:-1"},"canonical":"https:\/\/informante.mx\/?p=58134","og_locale":"es_ES","og_type":"article","og_title":"Rescata alcaldesa de Veracruz fuentes emblem\u00e1ticas del Centro Hist\u00f3rico - Informante.mx","og_description":"El gobierno municipal impulsa la rehabilitaci\u00f3n de espacios p\u00fablicos, devolviendo funcionalidad y valor al patrimonio urbano","og_url":"https:\/\/informante.mx\/?p=58134","og_site_name":"Informante.mx","article_publisher":"https:\/\/www.facebook.com\/MX.Informante","article_published_time":"2026-04-28T22:18:43+00:00","article_modified_time":"2026-04-28T22:18:49+00:00","og_image":[{"width":1280,"height":854,"url":"https:\/\/informante.mx\/wp-content\/uploads\/2026\/04\/WhatsApp-Image-2026-04-28-at-15.43.25.jpeg","type":"image\/jpeg"}],"author":"InformanteMX","twitter_card":"summary_large_image","twitter_creator":"@mx_informante","twitter_site":"@mx_informante","twitter_misc":{"Escrito por":"InformanteMX","Tiempo de lectura":"2 minutos"},"schema":{"@context":"https:\/\/schema.org","@graph":[{"@type":"NewsArticle","@id":"https:\/\/informante.mx\/?p=58134#article","isPartOf":{"@id":"https:\/\/informante.mx\/?p=58134"},"author":{"name":"InformanteMX","@id":"https:\/\/informante.mx\/#\/schema\/person\/3eff91989d2ea76b0a330b416325946c"},"headline":"Rescata alcaldesa de Veracruz fuentes emblem\u00e1ticas del Centro Hist\u00f3rico","datePublished":"2026-04-28T22:18:43+00:00","dateModified":"2026-04-28T22:18:49+00:00","mainEntityOfPage":{"@id":"https:\/\/informante.mx\/?p=58134"},"wordCount":315,"commentCount":0,"publisher":{"@id":"https:\/\/informante.mx\/#organization"},"image":{"@id":"https:\/\/informante.mx\/?p=58134#primaryimage"},"thumbnailUrl":"https:\/\/informante.mx\/wp-content\/uploads\/2026\/04\/WhatsApp-Image-2026-04-28-at-15.43.25.jpeg","keywords":["Veracruz"],"articleSection":["Estatal"],"inLanguage":"es","potentialAction":[{"@type":"CommentAction","name":"Comment","target":["https:\/\/informante.mx\/?p=58134#respond"]}]},{"@type":"WebPage","@id":"https:\/\/informante.mx\/?p=58134","url":"https:\/\/informante.mx\/?p=58134","name":"Rescata alcaldesa de Veracruz fuentes emblem\u00e1ticas del Centro Hist\u00f3rico - Informante.mx","isPartOf":{"@id":"https:\/\/informante.mx\/#website"},"primaryImageOfPage":{"@id":"https:\/\/informante.mx\/?p=58134#primaryimage"},"image":{"@id":"https:\/\/informante.mx\/?p=58134#primaryimage"},"thumbnailUrl":"https:\/\/informante.mx\/wp-content\/uploads\/2026\/04\/WhatsApp-Image-2026-04-28-at-15.43.25.jpeg","datePublished":"2026-04-28T22:18:43+00:00","dateModified":"2026-04-28T22:18:49+00:00","breadcrumb":{"@id":"https:\/\/informante.mx\/?p=58134#breadcrumb"},"inLanguage":"es","potentialAction":[{"@type":"ReadAction","target":["https:\/\/informante.mx\/?p=58134"]}]},{"@type":"ImageObject","inLanguage":"es","@id":"https:\/\/informante.mx\/?p=58134#primaryimage","url":"https:\/\/informante.mx\/wp-content\/uploads\/2026\/04\/WhatsApp-Image-2026-04-28-at-15.43.25.jpeg","contentUrl":"https:\/\/informante.mx\/wp-content\/uploads\/2026\/04\/WhatsApp-Image-2026-04-28-at-15.43.25.jpeg","width":1280,"height":854},{"@type":"BreadcrumbList","@id":"https:\/\/informante.mx\/?p=58134#breadcrumb","itemListElement":[{"@type":"ListItem","position":1,"name":"Portada","item":"https:\/\/informante.mx\/"},{"@type":"ListItem","position":2,"name":"Rescata alcaldesa de Veracruz fuentes emblem\u00e1ticas del Centro Hist\u00f3rico"}]},{"@type":"WebSite","@id":"https:\/\/informante.mx\/#website","url":"https:\/\/informante.mx\/","name":"Informante.mx","description":"","publisher":{"@id":"https:\/\/informante.mx\/#organization"},"potentialAction":[{"@type":"SearchAction","target":{"@type":"EntryPoint","urlTemplate":"https:\/\/informante.mx\/?s={search_term_string}"},"query-input":{"@type":"PropertyValueSpecification","valueRequired":true,"valueName":"search_term_string"}}],"inLanguage":"es"},{"@type":"Organization","@id":"https:\/\/informante.mx\/#organization","name":"Informante.mx","url":"https:\/\/informante.mx\/","logo":{"@type":"ImageObject","inLanguage":"es","@id":"https:\/\/informante.mx\/#\/schema\/logo\/image\/","url":"https:\/\/informante.mx\/wp-content\/uploads\/2019\/12\/cropped-LOGO-Verde-Apaisado-1024x360O-1.png","contentUrl":"https:\/\/informante.mx\/wp-content\/uploads\/2019\/12\/cropped-LOGO-Verde-Apaisado-1024x360O-1.png","width":923,"height":180,"caption":"Informante.mx"},"image":{"@id":"https:\/\/informante.mx\/#\/schema\/logo\/image\/"},"sameAs":["https:\/\/www.facebook.com\/MX.Informante","https:\/\/x.com\/mx_informante"]},{"@type":"Person","@id":"https:\/\/informante.mx\/#\/schema\/person\/3eff91989d2ea76b0a330b416325946c","name":"InformanteMX","image":{"@type":"ImageObject","inLanguage":"es","@id":"https:\/\/secure.gravatar.com\/avatar\/10d802aa739e832aedd2f3fd8544d878871eb22e6ca86fe9a548573e34a28f0e?s=96&d=mm&r=g","url":"https:\/\/secure.gravatar.com\/avatar\/10d802aa739e832aedd2f3fd8544d878871eb22e6ca86fe9a548573e34a28f0e?s=96&d=mm&r=g","contentUrl":"https:\/\/secure.gravatar.com\/avatar\/10d802aa739e832aedd2f3fd8544d878871eb22e6ca86fe9a548573e34a28f0e?s=96&d=mm&r=g","caption":"InformanteMX"},"url":"https:\/\/informante.mx\/?author=1"}]}},"jetpack_featured_media_url":"https:\/\/informante.mx\/wp-content\/uploads\/2026\/04\/WhatsApp-Image-2026-04-28-at-15.43.25.jpeg","uagb_featured_image_src":{"full":["https:\/\/informante.mx\/wp-content\/uploads\/2026\/04\/WhatsApp-Image-2026-04-28-at-15.43.25.jpeg",1280,854,false],"thumbnail":["https:\/\/informante.mx\/wp-content\/uploads\/2026\/04\/WhatsApp-Image-2026-04-28-at-15.43.25-150x100.jpeg",150,100,true],"medium":["https:\/\/informante.mx\/wp-content\/uploads\/2026\/04\/WhatsApp-Image-2026-04-28-at-15.43.25-300x200.jpeg",300,200,true],"medium_large":["https:\/\/informante.mx\/wp-content\/uploads\/2026\/04\/WhatsApp-Image-2026-04-28-at-15.43.25-768x512.jpeg",640,427,true],"large":["https:\/\/informante.mx\/wp-content\/uploads\/2026\/04\/WhatsApp-Image-2026-04-28-at-15.43.25-1024x683.jpeg",640,427,true],"1536x1536":["https:\/\/informante.mx\/wp-content\/uploads\/2026\/04\/WhatsApp-Image-2026-04-28-at-15.43.25.jpeg",1280,854,false],"2048x2048":["https:\/\/informante.mx\/wp-content\/uploads\/2026\/04\/WhatsApp-Image-2026-04-28-at-15.43.25.jpeg",1280,854,false],"td_0x420":["https:\/\/informante.mx\/wp-content\/uploads\/2026\/04\/WhatsApp-Image-2026-04-28-at-15.43.25-630x420.jpeg",630,420,true],"td_0x420_retina":["https:\/\/informante.mx\/wp-content\/uploads\/2026\/04\/WhatsApp-Image-2026-04-28-at-15.43.25-1259x840.jpeg",1259,840,true],"td_80x60":["https:\/\/informante.mx\/wp-content\/uploads\/2026\/04\/WhatsApp-Image-2026-04-28-at-15.43.25-80x60.jpeg",80,60,true],"td_80x60_retina":["https:\/\/informante.mx\/wp-content\/uploads\/2026\/04\/WhatsApp-Image-2026-04-28-at-15.43.25-160x120.jpeg",160,120,true],"td_100x75":["https:\/\/informante.mx\/wp-content\/uploads\/2026\/04\/WhatsApp-Image-2026-04-28-at-15.43.25-100x75.jpeg",100,75,true],"td_100x75_retina":["https:\/\/informante.mx\/wp-content\/uploads\/2026\/04\/WhatsApp-Image-2026-04-28-at-15.43.25-200x150.jpeg",200,150,true],"td_180x135":["https:\/\/informante.mx\/wp-content\/uploads\/2026\/04\/WhatsApp-Image-2026-04-28-at-15.43.25-180x135.jpeg",180,135,true],"td_180x135_retina":["https:\/\/informante.mx\/wp-content\/uploads\/2026\/04\/WhatsApp-Image-2026-04-28-at-15.43.25-360x270.jpeg",360,270,true],"td_238x178":["https:\/\/informante.mx\/wp-content\/uploads\/2026\/04\/WhatsApp-Image-2026-04-28-at-15.43.25-238x178.jpeg",238,178,true],"td_238x178_retina":["https:\/\/informante.mx\/wp-content\/uploads\/2026\/04\/WhatsApp-Image-2026-04-28-at-15.43.25-476x356.jpeg",476,356,true],"td_265x198":["https:\/\/informante.mx\/wp-content\/uploads\/2026\/04\/WhatsApp-Image-2026-04-28-at-15.43.25-265x198.jpeg",265,198,true],"td_265x198_retina":["https:\/\/informante.mx\/wp-content\/uploads\/2026\/04\/WhatsApp-Image-2026-04-28-at-15.43.25-530x396.jpeg",530,396,true],"td_300x160":["https:\/\/informante.mx\/wp-content\/uploads\/2026\/04\/WhatsApp-Image-2026-04-28-at-15.43.25-300x160.jpeg",300,160,true],"td_300x160_retina":["https:\/\/informante.mx\/wp-content\/uploads\/2026\/04\/WhatsApp-Image-2026-04-28-at-15.43.25-600x320.jpeg",600,320,true],"td_300x194":["https:\/\/informante.mx\/wp-content\/uploads\/2026\/04\/WhatsApp-Image-2026-04-28-at-15.43.25-300x194.jpeg",300,194,true],"td_300x194_retina":["https:\/\/informante.mx\/wp-content\/uploads\/2026\/04\/WhatsApp-Image-2026-04-28-at-15.43.25-600x388.jpeg",600,388,true],"td_300x350":["https:\/\/informante.mx\/wp-content\/uploads\/2026\/04\/WhatsApp-Image-2026-04-28-at-15.43.25-300x350.jpeg",300,350,true],"td_300x350_retina":["https:\/\/informante.mx\/wp-content\/uploads\/2026\/04\/WhatsApp-Image-2026-04-28-at-15.43.25-600x700.jpeg",600,700,true],"td_341x220":["https:\/\/informante.mx\/wp-content\/uploads\/2026\/04\/WhatsApp-Image-2026-04-28-at-15.43.25-341x220.jpeg",341,220,true],"td_341x220_retina":["https:\/\/informante.mx\/wp-content\/uploads\/2026\/04\/WhatsApp-Image-2026-04-28-at-15.43.25-682x440.jpeg",682,440,true],"td_341x400":["https:\/\/informante.mx\/wp-content\/uploads\/2026\/04\/WhatsApp-Image-2026-04-28-at-15.43.25-341x400.jpeg",341,400,true],"td_341x400_retina":["https:\/\/informante.mx\/wp-content\/uploads\/2026\/04\/WhatsApp-Image-2026-04-28-at-15.43.25-682x800.jpeg",682,800,true],"td_511x400":["https:\/\/informante.mx\/wp-content\/uploads\/2026\/04\/WhatsApp-Image-2026-04-28-at-15.43.25-511x400.jpeg",511,400,true],"td_511x400_retina":["https:\/\/informante.mx\/wp-content\/uploads\/2026\/04\/WhatsApp-Image-2026-04-28-at-15.43.25-1022x800.jpeg",1022,800,true],"td_537x360":["https:\/\/informante.mx\/wp-content\/uploads\/2026\/04\/WhatsApp-Image-2026-04-28-at-15.43.25-537x360.jpeg",537,360,true],"td_537x360_retina":["https:\/\/informante.mx\/wp-content\/uploads\/2026\/04\/WhatsApp-Image-2026-04-28-at-15.43.25-1074x720.jpeg",1074,720,true],"td_640x0":["https:\/\/informante.mx\/wp-content\/uploads\/2026\/04\/WhatsApp-Image-2026-04-28-at-15.43.25-640x427.jpeg",640,427,true],"td_640x0_retina":["https:\/\/informante.mx\/wp-content\/uploads\/2026\/04\/WhatsApp-Image-2026-04-28-at-15.43.25.jpeg",1280,854,false],"td_640x350":["https:\/\/informante.mx\/wp-content\/uploads\/2026\/04\/WhatsApp-Image-2026-04-28-at-15.43.25-640x350.jpeg",640,350,true],"td_640x350_retina":["https:\/\/informante.mx\/wp-content\/uploads\/2026\/04\/WhatsApp-Image-2026-04-28-at-15.43.25-1280x700.jpeg",1280,700,true],"td_681x0":["https:\/\/informante.mx\/wp-content\/uploads\/2026\/04\/WhatsApp-Image-2026-04-28-at-15.43.25-681x454.jpeg",681,454,true],"td_681x0_retina":["https:\/\/informante.mx\/wp-content\/uploads\/2026\/04\/WhatsApp-Image-2026-04-28-at-15.43.25.jpeg",1280,854,false],"td_681x400":["https:\/\/informante.mx\/wp-content\/uploads\/2026\/04\/WhatsApp-Image-2026-04-28-at-15.43.25-681x400.jpeg",681,400,true],"td_681x400_retina":["https:\/\/informante.mx\/wp-content\/uploads\/2026\/04\/WhatsApp-Image-2026-04-28-at-15.43.25-1280x800.jpeg",1280,800,true],"td_741x486":["https:\/\/informante.mx\/wp-content\/uploads\/2026\/04\/WhatsApp-Image-2026-04-28-at-15.43.25-741x486.jpeg",741,486,true],"td_741x486_retina":["https:\/\/informante.mx\/wp-content\/uploads\/2026\/04\/WhatsApp-Image-2026-04-28-at-15.43.25.jpeg",1280,854,false],"td_1021x580":["https:\/\/informante.mx\/wp-content\/uploads\/2026\/04\/WhatsApp-Image-2026-04-28-at-15.43.25-1021x580.jpeg",1021,580,true],"td_1021x580_retina":["https:\/\/informante.mx\/wp-content\/uploads\/2026\/04\/WhatsApp-Image-2026-04-28-at-15.43.25.jpeg",1280,854,false]},"uagb_author_info":{"display_name":"InformanteMX","author_link":"https:\/\/informante.mx\/?author=1"},"uagb_comment_info":0,"uagb_excerpt":"El gobierno municipal impulsa la rehabilitaci\u00f3n de espacios p\u00fablicos, devolviendo funcionalidad y valor al patrimonio urbano","_links":{"self":[{"href":"https:\/\/informante.mx\/index.php?rest_route=\/wp\/v2\/posts\/58134","targetHints":{"allow":["GET"]}}],"collection":[{"href":"https:\/\/informante.mx\/index.php?rest_route=\/wp\/v2\/posts"}],"about":[{"href":"https:\/\/informante.mx\/index.php?rest_route=\/wp\/v2\/types\/post"}],"author":[{"embeddable":true,"href":"https:\/\/informante.mx\/index.php?rest_route=\/wp\/v2\/users\/1"}],"replies":[{"embeddable":true,"href":"https:\/\/informante.mx\/index.php?rest_route=%2Fwp%2Fv2%2Fcomments&post=58134"}],"version-history":[{"count":1,"href":"https:\/\/informante.mx\/index.php?rest_route=\/wp\/v2\/posts\/58134\/revisions"}],"predecessor-version":[{"id":58136,"href":"https:\/\/informante.mx\/index.php?rest_route=\/wp\/v2\/posts\/58134\/revisions\/58136"}],"wp:featuredmedia":[{"embeddable":true,"href":"https:\/\/informante.mx\/index.php?rest_route=\/wp\/v2\/media\/58135"}],"wp:attachment":[{"href":"https:\/\/informante.mx\/index.php?rest_route=%2Fwp%2Fv2%2Fmedia&parent=58134"}],"wp:term":[{"taxonomy":"category","embeddable":true,"href":"https:\/\/informante.mx\/index.php?rest_route=%2Fwp%2Fv2%2Fcategories&post=58134"},{"taxonomy":"post_tag","embeddable":true,"href":"https:\/\/informante.mx\/index.php?rest_route=%2Fwp%2Fv2%2Ftags&post=58134"}],"curies":[{"name":"wp","href":"https:\/\/api.w.org\/{rel}","templated":true}]}}