{"id":58131,"date":"2026-04-28T16:13:35","date_gmt":"2026-04-28T22:13:35","guid":{"rendered":"https:\/\/informante.mx\/?p=58131"},"modified":"2026-04-28T16:13:40","modified_gmt":"2026-04-28T22:13:40","slug":"atanasio-garcia-critica-trabajo-de-nahle-al-frente-del-gobierno-de-veracruz","status":"publish","type":"post","link":"https:\/\/informante.mx\/?p=58131","title":{"rendered":"Atanasio Garc\u00eda critica trabajo de Nahle al frente del gobierno de Veracruz"},"content":{"rendered":"\n<p>\u201cNo se alcanza a dimensionar lo que realmente necesita Veracruz\u201d, expres\u00f3.<\/p>\n\n\n\n<p>Ada Reyes<\/p>\n\n\n\n<p>Xalapa, Ver.\u2014 El exdiputado local Atanasio Garc\u00eda Dur\u00e1n lanz\u00f3 cr\u00edticas a la actual administraci\u00f3n estatal al se\u00f1alar que no se observa una estrategia clara para aprovechar el potencial econ\u00f3mico de Veracruz, pese a las condiciones favorables, que asegur\u00f3, dej\u00f3 el gobierno anterior.<\/p>\n\n\n\n<p>En entrevista, sostuvo que confiar el gobierno a una persona originaria de otro estado fue un error. <\/p>\n\n\n\n<p>El tambi\u00e9n padre del exgobernador Cuitl\u00e1huac Garc\u00eda consider\u00f3 que uno de los factores que han influido en el rumbo del estado es la falta de conocimiento del contexto local por parte de la titular del Ejecutivo.<\/p>\n\n\n\n<p>\u201cNo se alcanza a dimensionar lo que realmente necesita Veracruz\u201d, expres\u00f3.<\/p>\n\n\n\n<p>Sostuvo que la entidad cuenta con amplios recursos, pero advirti\u00f3 que no est\u00e1n siendo detonados de manera efectiva. En ese sentido, se\u00f1al\u00f3 que la administraci\u00f3n actual carece de visi\u00f3n y planeaci\u00f3n, lo que podr\u00eda traducirse en un creciente descontento ciudadano.<\/p>\n\n\n\n<p>\u201cYa hay se\u00f1ales de malestar. Los resultados en elecciones recientes pueden interpretarse como un term\u00f3metro de lo que est\u00e1 pasando\u201d, afirm\u00f3, al tiempo que advirti\u00f3 que este escenario podr\u00eda impactar a Morena en futuros comicios.<\/p>\n\n\n\n<p>Garc\u00eda Dur\u00e1n subray\u00f3 la importancia de permitir la autocr\u00edtica al interior del partido, al considerar que es fundamental para corregir decisiones y fortalecer su proyecto pol\u00edtico.<\/p>\n\n\n\n<p>En otro tema, defendi\u00f3 la gesti\u00f3n estatal anterior al asegurar que durante ese periodo se implementaron medidas de austeridad que permitieron reducir la deuda p\u00fablica. Cuestion\u00f3, adem\u00e1s, los se\u00f1alamientos actuales sobre un presunto incremento en los pasivos.<\/p>\n\n\n\n<p>\u201cSi se afirma que hay m\u00e1s deuda, debe demostrarse con datos\u201d, indic\u00f3.<\/p>\n","protected":false},"excerpt":{"rendered":"<p>Afirm\u00f3 que confiar Veracruz a alguien de otro estado fue un \u00aberror\u00bb. <\/p>\n","protected":false},"author":1,"featured_media":58132,"comment_status":"open","ping_status":"closed","sticky":false,"template":"","format":"standard","meta":{"_uag_custom_page_level_css":"","jetpack_post_was_ever_published":false,"footnotes":""},"categories":[4],"tags":[32,33],"class_list":["post-58131","post","type-post","status-publish","format-standard","has-post-thumbnail","hentry","category-estatal","tag-estado","tag-veracruz"],"yoast_head":"<!-- This site is optimized with the Yoast SEO plugin v27.3 - https:\/\/yoast.com\/product\/yoast-seo-wordpress\/ -->\n<title>Atanasio Garc\u00eda critica trabajo de Nahle al frente del gobierno de Veracruz - Informante.mx<\/title>\n<meta name=\"robots\" content=\"index, follow, max-snippet:-1, max-image-preview:large, max-video-preview:-1\" \/>\n<link rel=\"canonical\" href=\"https:\/\/informante.mx\/?p=58131\" \/>\n<meta property=\"og:locale\" content=\"es_ES\" \/>\n<meta property=\"og:type\" content=\"article\" \/>\n<meta property=\"og:title\" content=\"Atanasio Garc\u00eda critica trabajo de Nahle al frente del gobierno de Veracruz - Informante.mx\" \/>\n<meta property=\"og:description\" content=\"Afirm\u00f3 que confiar Veracruz a alguien de otro estado fue un &quot;error&quot;.\" \/>\n<meta property=\"og:url\" content=\"https:\/\/informante.mx\/?p=58131\" \/>\n<meta property=\"og:site_name\" content=\"Informante.mx\" \/>\n<meta property=\"article:publisher\" content=\"https:\/\/www.facebook.com\/MX.Informante\" \/>\n<meta property=\"article:published_time\" content=\"2026-04-28T22:13:35+00:00\" \/>\n<meta property=\"article:modified_time\" content=\"2026-04-28T22:13:40+00:00\" \/>\n<meta property=\"og:image\" content=\"https:\/\/informante.mx\/wp-content\/uploads\/2026\/04\/WhatsApp-Image-2026-04-28-at-16.08.26.jpeg\" \/>\n\t<meta property=\"og:image:width\" content=\"1600\" \/>\n\t<meta property=\"og:image:height\" content=\"900\" \/>\n\t<meta property=\"og:image:type\" content=\"image\/jpeg\" \/>\n<meta name=\"author\" content=\"InformanteMX\" \/>\n<meta name=\"twitter:card\" content=\"summary_large_image\" \/>\n<meta name=\"twitter:creator\" content=\"@mx_informante\" \/>\n<meta name=\"twitter:site\" content=\"@mx_informante\" \/>\n<meta name=\"twitter:label1\" content=\"Escrito por\" \/>\n\t<meta name=\"twitter:data1\" content=\"InformanteMX\" \/>\n\t<meta name=\"twitter:label2\" content=\"Tiempo de lectura\" \/>\n\t<meta name=\"twitter:data2\" content=\"1 minuto\" \/>\n<script type=\"application\/ld+json\" class=\"yoast-schema-graph\">{\"@context\":\"https:\\\/\\\/schema.org\",\"@graph\":[{\"@type\":\"NewsArticle\",\"@id\":\"https:\\\/\\\/informante.mx\\\/?p=58131#article\",\"isPartOf\":{\"@id\":\"https:\\\/\\\/informante.mx\\\/?p=58131\"},\"author\":{\"name\":\"InformanteMX\",\"@id\":\"https:\\\/\\\/informante.mx\\\/#\\\/schema\\\/person\\\/3eff91989d2ea76b0a330b416325946c\"},\"headline\":\"Atanasio Garc\u00eda critica trabajo de Nahle al frente del gobierno de Veracruz\",\"datePublished\":\"2026-04-28T22:13:35+00:00\",\"dateModified\":\"2026-04-28T22:13:40+00:00\",\"mainEntityOfPage\":{\"@id\":\"https:\\\/\\\/informante.mx\\\/?p=58131\"},\"wordCount\":309,\"commentCount\":0,\"publisher\":{\"@id\":\"https:\\\/\\\/informante.mx\\\/#organization\"},\"image\":{\"@id\":\"https:\\\/\\\/informante.mx\\\/?p=58131#primaryimage\"},\"thumbnailUrl\":\"https:\\\/\\\/informante.mx\\\/wp-content\\\/uploads\\\/2026\\\/04\\\/WhatsApp-Image-2026-04-28-at-16.08.26.jpeg\",\"keywords\":[\"Estado\",\"Veracruz\"],\"articleSection\":[\"Estatal\"],\"inLanguage\":\"es\",\"potentialAction\":[{\"@type\":\"CommentAction\",\"name\":\"Comment\",\"target\":[\"https:\\\/\\\/informante.mx\\\/?p=58131#respond\"]}]},{\"@type\":\"WebPage\",\"@id\":\"https:\\\/\\\/informante.mx\\\/?p=58131\",\"url\":\"https:\\\/\\\/informante.mx\\\/?p=58131\",\"name\":\"Atanasio Garc\u00eda critica trabajo de Nahle al frente del gobierno de Veracruz - Informante.mx\",\"isPartOf\":{\"@id\":\"https:\\\/\\\/informante.mx\\\/#website\"},\"primaryImageOfPage\":{\"@id\":\"https:\\\/\\\/informante.mx\\\/?p=58131#primaryimage\"},\"image\":{\"@id\":\"https:\\\/\\\/informante.mx\\\/?p=58131#primaryimage\"},\"thumbnailUrl\":\"https:\\\/\\\/informante.mx\\\/wp-content\\\/uploads\\\/2026\\\/04\\\/WhatsApp-Image-2026-04-28-at-16.08.26.jpeg\",\"datePublished\":\"2026-04-28T22:13:35+00:00\",\"dateModified\":\"2026-04-28T22:13:40+00:00\",\"breadcrumb\":{\"@id\":\"https:\\\/\\\/informante.mx\\\/?p=58131#breadcrumb\"},\"inLanguage\":\"es\",\"potentialAction\":[{\"@type\":\"ReadAction\",\"target\":[\"https:\\\/\\\/informante.mx\\\/?p=58131\"]}]},{\"@type\":\"ImageObject\",\"inLanguage\":\"es\",\"@id\":\"https:\\\/\\\/informante.mx\\\/?p=58131#primaryimage\",\"url\":\"https:\\\/\\\/informante.mx\\\/wp-content\\\/uploads\\\/2026\\\/04\\\/WhatsApp-Image-2026-04-28-at-16.08.26.jpeg\",\"contentUrl\":\"https:\\\/\\\/informante.mx\\\/wp-content\\\/uploads\\\/2026\\\/04\\\/WhatsApp-Image-2026-04-28-at-16.08.26.jpeg\",\"width\":1600,\"height\":900},{\"@type\":\"BreadcrumbList\",\"@id\":\"https:\\\/\\\/informante.mx\\\/?p=58131#breadcrumb\",\"itemListElement\":[{\"@type\":\"ListItem\",\"position\":1,\"name\":\"Portada\",\"item\":\"https:\\\/\\\/informante.mx\\\/\"},{\"@type\":\"ListItem\",\"position\":2,\"name\":\"Atanasio Garc\u00eda critica trabajo de Nahle al frente del gobierno de Veracruz\"}]},{\"@type\":\"WebSite\",\"@id\":\"https:\\\/\\\/informante.mx\\\/#website\",\"url\":\"https:\\\/\\\/informante.mx\\\/\",\"name\":\"Informante.mx\",\"description\":\"\",\"publisher\":{\"@id\":\"https:\\\/\\\/informante.mx\\\/#organization\"},\"potentialAction\":[{\"@type\":\"SearchAction\",\"target\":{\"@type\":\"EntryPoint\",\"urlTemplate\":\"https:\\\/\\\/informante.mx\\\/?s={search_term_string}\"},\"query-input\":{\"@type\":\"PropertyValueSpecification\",\"valueRequired\":true,\"valueName\":\"search_term_string\"}}],\"inLanguage\":\"es\"},{\"@type\":\"Organization\",\"@id\":\"https:\\\/\\\/informante.mx\\\/#organization\",\"name\":\"Informante.mx\",\"url\":\"https:\\\/\\\/informante.mx\\\/\",\"logo\":{\"@type\":\"ImageObject\",\"inLanguage\":\"es\",\"@id\":\"https:\\\/\\\/informante.mx\\\/#\\\/schema\\\/logo\\\/image\\\/\",\"url\":\"https:\\\/\\\/informante.mx\\\/wp-content\\\/uploads\\\/2019\\\/12\\\/cropped-LOGO-Verde-Apaisado-1024x360O-1.png\",\"contentUrl\":\"https:\\\/\\\/informante.mx\\\/wp-content\\\/uploads\\\/2019\\\/12\\\/cropped-LOGO-Verde-Apaisado-1024x360O-1.png\",\"width\":923,\"height\":180,\"caption\":\"Informante.mx\"},\"image\":{\"@id\":\"https:\\\/\\\/informante.mx\\\/#\\\/schema\\\/logo\\\/image\\\/\"},\"sameAs\":[\"https:\\\/\\\/www.facebook.com\\\/MX.Informante\",\"https:\\\/\\\/x.com\\\/mx_informante\"]},{\"@type\":\"Person\",\"@id\":\"https:\\\/\\\/informante.mx\\\/#\\\/schema\\\/person\\\/3eff91989d2ea76b0a330b416325946c\",\"name\":\"InformanteMX\",\"image\":{\"@type\":\"ImageObject\",\"inLanguage\":\"es\",\"@id\":\"https:\\\/\\\/secure.gravatar.com\\\/avatar\\\/10d802aa739e832aedd2f3fd8544d878871eb22e6ca86fe9a548573e34a28f0e?s=96&d=mm&r=g\",\"url\":\"https:\\\/\\\/secure.gravatar.com\\\/avatar\\\/10d802aa739e832aedd2f3fd8544d878871eb22e6ca86fe9a548573e34a28f0e?s=96&d=mm&r=g\",\"contentUrl\":\"https:\\\/\\\/secure.gravatar.com\\\/avatar\\\/10d802aa739e832aedd2f3fd8544d878871eb22e6ca86fe9a548573e34a28f0e?s=96&d=mm&r=g\",\"caption\":\"InformanteMX\"},\"url\":\"https:\\\/\\\/informante.mx\\\/?author=1\"}]}<\/script>\n<!-- \/ Yoast SEO plugin. -->","yoast_head_json":{"title":"Atanasio Garc\u00eda critica trabajo de Nahle al frente del gobierno de Veracruz - Informante.mx","robots":{"index":"index","follow":"follow","max-snippet":"max-snippet:-1","max-image-preview":"max-image-preview:large","max-video-preview":"max-video-preview:-1"},"canonical":"https:\/\/informante.mx\/?p=58131","og_locale":"es_ES","og_type":"article","og_title":"Atanasio Garc\u00eda critica trabajo de Nahle al frente del gobierno de Veracruz - Informante.mx","og_description":"Afirm\u00f3 que confiar Veracruz a alguien de otro estado fue un \"error\".","og_url":"https:\/\/informante.mx\/?p=58131","og_site_name":"Informante.mx","article_publisher":"https:\/\/www.facebook.com\/MX.Informante","article_published_time":"2026-04-28T22:13:35+00:00","article_modified_time":"2026-04-28T22:13:40+00:00","og_image":[{"width":1600,"height":900,"url":"https:\/\/informante.mx\/wp-content\/uploads\/2026\/04\/WhatsApp-Image-2026-04-28-at-16.08.26.jpeg","type":"image\/jpeg"}],"author":"InformanteMX","twitter_card":"summary_large_image","twitter_creator":"@mx_informante","twitter_site":"@mx_informante","twitter_misc":{"Escrito por":"InformanteMX","Tiempo de lectura":"1 minuto"},"schema":{"@context":"https:\/\/schema.org","@graph":[{"@type":"NewsArticle","@id":"https:\/\/informante.mx\/?p=58131#article","isPartOf":{"@id":"https:\/\/informante.mx\/?p=58131"},"author":{"name":"InformanteMX","@id":"https:\/\/informante.mx\/#\/schema\/person\/3eff91989d2ea76b0a330b416325946c"},"headline":"Atanasio Garc\u00eda critica trabajo de Nahle al frente del gobierno de Veracruz","datePublished":"2026-04-28T22:13:35+00:00","dateModified":"2026-04-28T22:13:40+00:00","mainEntityOfPage":{"@id":"https:\/\/informante.mx\/?p=58131"},"wordCount":309,"commentCount":0,"publisher":{"@id":"https:\/\/informante.mx\/#organization"},"image":{"@id":"https:\/\/informante.mx\/?p=58131#primaryimage"},"thumbnailUrl":"https:\/\/informante.mx\/wp-content\/uploads\/2026\/04\/WhatsApp-Image-2026-04-28-at-16.08.26.jpeg","keywords":["Estado","Veracruz"],"articleSection":["Estatal"],"inLanguage":"es","potentialAction":[{"@type":"CommentAction","name":"Comment","target":["https:\/\/informante.mx\/?p=58131#respond"]}]},{"@type":"WebPage","@id":"https:\/\/informante.mx\/?p=58131","url":"https:\/\/informante.mx\/?p=58131","name":"Atanasio Garc\u00eda critica trabajo de Nahle al frente del gobierno de Veracruz - Informante.mx","isPartOf":{"@id":"https:\/\/informante.mx\/#website"},"primaryImageOfPage":{"@id":"https:\/\/informante.mx\/?p=58131#primaryimage"},"image":{"@id":"https:\/\/informante.mx\/?p=58131#primaryimage"},"thumbnailUrl":"https:\/\/informante.mx\/wp-content\/uploads\/2026\/04\/WhatsApp-Image-2026-04-28-at-16.08.26.jpeg","datePublished":"2026-04-28T22:13:35+00:00","dateModified":"2026-04-28T22:13:40+00:00","breadcrumb":{"@id":"https:\/\/informante.mx\/?p=58131#breadcrumb"},"inLanguage":"es","potentialAction":[{"@type":"ReadAction","target":["https:\/\/informante.mx\/?p=58131"]}]},{"@type":"ImageObject","inLanguage":"es","@id":"https:\/\/informante.mx\/?p=58131#primaryimage","url":"https:\/\/informante.mx\/wp-content\/uploads\/2026\/04\/WhatsApp-Image-2026-04-28-at-16.08.26.jpeg","contentUrl":"https:\/\/informante.mx\/wp-content\/uploads\/2026\/04\/WhatsApp-Image-2026-04-28-at-16.08.26.jpeg","width":1600,"height":900},{"@type":"BreadcrumbList","@id":"https:\/\/informante.mx\/?p=58131#breadcrumb","itemListElement":[{"@type":"ListItem","position":1,"name":"Portada","item":"https:\/\/informante.mx\/"},{"@type":"ListItem","position":2,"name":"Atanasio Garc\u00eda critica trabajo de Nahle al frente del gobierno de Veracruz"}]},{"@type":"WebSite","@id":"https:\/\/informante.mx\/#website","url":"https:\/\/informante.mx\/","name":"Informante.mx","description":"","publisher":{"@id":"https:\/\/informante.mx\/#organization"},"potentialAction":[{"@type":"SearchAction","target":{"@type":"EntryPoint","urlTemplate":"https:\/\/informante.mx\/?s={search_term_string}"},"query-input":{"@type":"PropertyValueSpecification","valueRequired":true,"valueName":"search_term_string"}}],"inLanguage":"es"},{"@type":"Organization","@id":"https:\/\/informante.mx\/#organization","name":"Informante.mx","url":"https:\/\/informante.mx\/","logo":{"@type":"ImageObject","inLanguage":"es","@id":"https:\/\/informante.mx\/#\/schema\/logo\/image\/","url":"https:\/\/informante.mx\/wp-content\/uploads\/2019\/12\/cropped-LOGO-Verde-Apaisado-1024x360O-1.png","contentUrl":"https:\/\/informante.mx\/wp-content\/uploads\/2019\/12\/cropped-LOGO-Verde-Apaisado-1024x360O-1.png","width":923,"height":180,"caption":"Informante.mx"},"image":{"@id":"https:\/\/informante.mx\/#\/schema\/logo\/image\/"},"sameAs":["https:\/\/www.facebook.com\/MX.Informante","https:\/\/x.com\/mx_informante"]},{"@type":"Person","@id":"https:\/\/informante.mx\/#\/schema\/person\/3eff91989d2ea76b0a330b416325946c","name":"InformanteMX","image":{"@type":"ImageObject","inLanguage":"es","@id":"https:\/\/secure.gravatar.com\/avatar\/10d802aa739e832aedd2f3fd8544d878871eb22e6ca86fe9a548573e34a28f0e?s=96&d=mm&r=g","url":"https:\/\/secure.gravatar.com\/avatar\/10d802aa739e832aedd2f3fd8544d878871eb22e6ca86fe9a548573e34a28f0e?s=96&d=mm&r=g","contentUrl":"https:\/\/secure.gravatar.com\/avatar\/10d802aa739e832aedd2f3fd8544d878871eb22e6ca86fe9a548573e34a28f0e?s=96&d=mm&r=g","caption":"InformanteMX"},"url":"https:\/\/informante.mx\/?author=1"}]}},"jetpack_featured_media_url":"https:\/\/informante.mx\/wp-content\/uploads\/2026\/04\/WhatsApp-Image-2026-04-28-at-16.08.26.jpeg","uagb_featured_image_src":{"full":["https:\/\/informante.mx\/wp-content\/uploads\/2026\/04\/WhatsApp-Image-2026-04-28-at-16.08.26.jpeg",1600,900,false],"thumbnail":["https:\/\/informante.mx\/wp-content\/uploads\/2026\/04\/WhatsApp-Image-2026-04-28-at-16.08.26-150x84.jpeg",150,84,true],"medium":["https:\/\/informante.mx\/wp-content\/uploads\/2026\/04\/WhatsApp-Image-2026-04-28-at-16.08.26-300x169.jpeg",300,169,true],"medium_large":["https:\/\/informante.mx\/wp-content\/uploads\/2026\/04\/WhatsApp-Image-2026-04-28-at-16.08.26-768x432.jpeg",640,360,true],"large":["https:\/\/informante.mx\/wp-content\/uploads\/2026\/04\/WhatsApp-Image-2026-04-28-at-16.08.26-1024x576.jpeg",640,360,true],"1536x1536":["https:\/\/informante.mx\/wp-content\/uploads\/2026\/04\/WhatsApp-Image-2026-04-28-at-16.08.26-1536x864.jpeg",1536,864,true],"2048x2048":["https:\/\/informante.mx\/wp-content\/uploads\/2026\/04\/WhatsApp-Image-2026-04-28-at-16.08.26.jpeg",1600,900,false],"td_0x420":["https:\/\/informante.mx\/wp-content\/uploads\/2026\/04\/WhatsApp-Image-2026-04-28-at-16.08.26-747x420.jpeg",747,420,true],"td_0x420_retina":["https:\/\/informante.mx\/wp-content\/uploads\/2026\/04\/WhatsApp-Image-2026-04-28-at-16.08.26-1493x840.jpeg",1493,840,true],"td_80x60":["https:\/\/informante.mx\/wp-content\/uploads\/2026\/04\/WhatsApp-Image-2026-04-28-at-16.08.26-80x60.jpeg",80,60,true],"td_80x60_retina":["https:\/\/informante.mx\/wp-content\/uploads\/2026\/04\/WhatsApp-Image-2026-04-28-at-16.08.26-160x120.jpeg",160,120,true],"td_100x75":["https:\/\/informante.mx\/wp-content\/uploads\/2026\/04\/WhatsApp-Image-2026-04-28-at-16.08.26-100x75.jpeg",100,75,true],"td_100x75_retina":["https:\/\/informante.mx\/wp-content\/uploads\/2026\/04\/WhatsApp-Image-2026-04-28-at-16.08.26-200x150.jpeg",200,150,true],"td_180x135":["https:\/\/informante.mx\/wp-content\/uploads\/2026\/04\/WhatsApp-Image-2026-04-28-at-16.08.26-180x135.jpeg",180,135,true],"td_180x135_retina":["https:\/\/informante.mx\/wp-content\/uploads\/2026\/04\/WhatsApp-Image-2026-04-28-at-16.08.26-360x270.jpeg",360,270,true],"td_238x178":["https:\/\/informante.mx\/wp-content\/uploads\/2026\/04\/WhatsApp-Image-2026-04-28-at-16.08.26-238x178.jpeg",238,178,true],"td_238x178_retina":["https:\/\/informante.mx\/wp-content\/uploads\/2026\/04\/WhatsApp-Image-2026-04-28-at-16.08.26-476x356.jpeg",476,356,true],"td_265x198":["https:\/\/informante.mx\/wp-content\/uploads\/2026\/04\/WhatsApp-Image-2026-04-28-at-16.08.26-265x198.jpeg",265,198,true],"td_265x198_retina":["https:\/\/informante.mx\/wp-content\/uploads\/2026\/04\/WhatsApp-Image-2026-04-28-at-16.08.26-530x396.jpeg",530,396,true],"td_300x160":["https:\/\/informante.mx\/wp-content\/uploads\/2026\/04\/WhatsApp-Image-2026-04-28-at-16.08.26-300x160.jpeg",300,160,true],"td_300x160_retina":["https:\/\/informante.mx\/wp-content\/uploads\/2026\/04\/WhatsApp-Image-2026-04-28-at-16.08.26-600x320.jpeg",600,320,true],"td_300x194":["https:\/\/informante.mx\/wp-content\/uploads\/2026\/04\/WhatsApp-Image-2026-04-28-at-16.08.26-300x194.jpeg",300,194,true],"td_300x194_retina":["https:\/\/informante.mx\/wp-content\/uploads\/2026\/04\/WhatsApp-Image-2026-04-28-at-16.08.26-600x388.jpeg",600,388,true],"td_300x350":["https:\/\/informante.mx\/wp-content\/uploads\/2026\/04\/WhatsApp-Image-2026-04-28-at-16.08.26-300x350.jpeg",300,350,true],"td_300x350_retina":["https:\/\/informante.mx\/wp-content\/uploads\/2026\/04\/WhatsApp-Image-2026-04-28-at-16.08.26-600x700.jpeg",600,700,true],"td_341x220":["https:\/\/informante.mx\/wp-content\/uploads\/2026\/04\/WhatsApp-Image-2026-04-28-at-16.08.26-341x220.jpeg",341,220,true],"td_341x220_retina":["https:\/\/informante.mx\/wp-content\/uploads\/2026\/04\/WhatsApp-Image-2026-04-28-at-16.08.26-682x440.jpeg",682,440,true],"td_341x400":["https:\/\/informante.mx\/wp-content\/uploads\/2026\/04\/WhatsApp-Image-2026-04-28-at-16.08.26-341x400.jpeg",341,400,true],"td_341x400_retina":["https:\/\/informante.mx\/wp-content\/uploads\/2026\/04\/WhatsApp-Image-2026-04-28-at-16.08.26-682x800.jpeg",682,800,true],"td_511x400":["https:\/\/informante.mx\/wp-content\/uploads\/2026\/04\/WhatsApp-Image-2026-04-28-at-16.08.26-511x400.jpeg",511,400,true],"td_511x400_retina":["https:\/\/informante.mx\/wp-content\/uploads\/2026\/04\/WhatsApp-Image-2026-04-28-at-16.08.26-1022x800.jpeg",1022,800,true],"td_537x360":["https:\/\/informante.mx\/wp-content\/uploads\/2026\/04\/WhatsApp-Image-2026-04-28-at-16.08.26-537x360.jpeg",537,360,true],"td_537x360_retina":["https:\/\/informante.mx\/wp-content\/uploads\/2026\/04\/WhatsApp-Image-2026-04-28-at-16.08.26-1074x720.jpeg",1074,720,true],"td_640x0":["https:\/\/informante.mx\/wp-content\/uploads\/2026\/04\/WhatsApp-Image-2026-04-28-at-16.08.26-640x360.jpeg",640,360,true],"td_640x0_retina":["https:\/\/informante.mx\/wp-content\/uploads\/2026\/04\/WhatsApp-Image-2026-04-28-at-16.08.26-1280x720.jpeg",1280,720,true],"td_640x350":["https:\/\/informante.mx\/wp-content\/uploads\/2026\/04\/WhatsApp-Image-2026-04-28-at-16.08.26-640x350.jpeg",640,350,true],"td_640x350_retina":["https:\/\/informante.mx\/wp-content\/uploads\/2026\/04\/WhatsApp-Image-2026-04-28-at-16.08.26-1280x700.jpeg",1280,700,true],"td_681x0":["https:\/\/informante.mx\/wp-content\/uploads\/2026\/04\/WhatsApp-Image-2026-04-28-at-16.08.26-681x383.jpeg",681,383,true],"td_681x0_retina":["https:\/\/informante.mx\/wp-content\/uploads\/2026\/04\/WhatsApp-Image-2026-04-28-at-16.08.26-1362x766.jpeg",1362,766,true],"td_681x400":["https:\/\/informante.mx\/wp-content\/uploads\/2026\/04\/WhatsApp-Image-2026-04-28-at-16.08.26-681x400.jpeg",681,400,true],"td_681x400_retina":["https:\/\/informante.mx\/wp-content\/uploads\/2026\/04\/WhatsApp-Image-2026-04-28-at-16.08.26-1362x800.jpeg",1362,800,true],"td_741x486":["https:\/\/informante.mx\/wp-content\/uploads\/2026\/04\/WhatsApp-Image-2026-04-28-at-16.08.26-741x486.jpeg",741,486,true],"td_741x486_retina":["https:\/\/informante.mx\/wp-content\/uploads\/2026\/04\/WhatsApp-Image-2026-04-28-at-16.08.26-1482x900.jpeg",1482,900,true],"td_1021x580":["https:\/\/informante.mx\/wp-content\/uploads\/2026\/04\/WhatsApp-Image-2026-04-28-at-16.08.26-1021x580.jpeg",1021,580,true],"td_1021x580_retina":["https:\/\/informante.mx\/wp-content\/uploads\/2026\/04\/WhatsApp-Image-2026-04-28-at-16.08.26.jpeg",1600,900,false]},"uagb_author_info":{"display_name":"InformanteMX","author_link":"https:\/\/informante.mx\/?author=1"},"uagb_comment_info":0,"uagb_excerpt":"Afirm\u00f3 que confiar Veracruz a alguien de otro estado fue un \"error\".","_links":{"self":[{"href":"https:\/\/informante.mx\/index.php?rest_route=\/wp\/v2\/posts\/58131","targetHints":{"allow":["GET"]}}],"collection":[{"href":"https:\/\/informante.mx\/index.php?rest_route=\/wp\/v2\/posts"}],"about":[{"href":"https:\/\/informante.mx\/index.php?rest_route=\/wp\/v2\/types\/post"}],"author":[{"embeddable":true,"href":"https:\/\/informante.mx\/index.php?rest_route=\/wp\/v2\/users\/1"}],"replies":[{"embeddable":true,"href":"https:\/\/informante.mx\/index.php?rest_route=%2Fwp%2Fv2%2Fcomments&post=58131"}],"version-history":[{"count":1,"href":"https:\/\/informante.mx\/index.php?rest_route=\/wp\/v2\/posts\/58131\/revisions"}],"predecessor-version":[{"id":58133,"href":"https:\/\/informante.mx\/index.php?rest_route=\/wp\/v2\/posts\/58131\/revisions\/58133"}],"wp:featuredmedia":[{"embeddable":true,"href":"https:\/\/informante.mx\/index.php?rest_route=\/wp\/v2\/media\/58132"}],"wp:attachment":[{"href":"https:\/\/informante.mx\/index.php?rest_route=%2Fwp%2Fv2%2Fmedia&parent=58131"}],"wp:term":[{"taxonomy":"category","embeddable":true,"href":"https:\/\/informante.mx\/index.php?rest_route=%2Fwp%2Fv2%2Fcategories&post=58131"},{"taxonomy":"post_tag","embeddable":true,"href":"https:\/\/informante.mx\/index.php?rest_route=%2Fwp%2Fv2%2Ftags&post=58131"}],"curies":[{"name":"wp","href":"https:\/\/api.w.org\/{rel}","templated":true}]}}