{"id":58127,"date":"2026-04-28T11:42:34","date_gmt":"2026-04-28T17:42:34","guid":{"rendered":"https:\/\/informante.mx\/?p=58127"},"modified":"2026-04-28T11:42:39","modified_gmt":"2026-04-28T17:42:39","slug":"el-partido-verde-traza-ruta-independiente-en-cdmx-jesus-sesma-la-apuesta-para-la-jefatura-de-gobierno-en-2030","status":"publish","type":"post","link":"https:\/\/informante.mx\/?p=58127","title":{"rendered":"El Partido Verde traza ruta independiente en CDMX: Jes\u00fas Sesma, la apuesta para la Jefatura de Gobierno en 2030"},"content":{"rendered":"\n<h2 class=\"wp-block-heading\">En un movimiento que sacude la estructura de la coalici\u00f3n oficialista, el PVEM rompe filas con Morena en la capital y anuncia su estrategia de consolidaci\u00f3n rumbo a la pr\u00f3xima d\u00e9cada, impulsando una estructura propia de \u201cGuardianes Verdes\u201d.<\/h2>\n\n\n\n<p><strong>Redacci\u00f3n Informante<\/strong><\/p>\n\n\n\n<p><strong>CIUDAD DE M\u00c9XICO.<\/strong>&nbsp;\u2013 En un giro inesperado que redefine el tablero pol\u00edtico de la Ciudad de M\u00e9xico, el Partido Verde Ecologista de M\u00e9xico (PVEM) ha formalizado su intenci\u00f3n de competir de manera aut\u00f3noma por el control de la capital. Durante un acto masivo frente a simpatizantes y liderazgos regionales, la dirigencia partidista realiz\u00f3 el \u201cdestape\u201d oficial de Jes\u00fas Sesma Su\u00e1rez como su carta fuerte para contender por la Jefatura de Gobierno en el proceso electoral de 2030.<\/p>\n\n\n\n<p>Este anuncio no solo marca el inicio de una campa\u00f1a a largo plazo, sino que subraya un distanciamiento cr\u00edtico con Morena, partido con el que ha mantenido una alianza estrat\u00e9gica en los \u00faltimos a\u00f1os a nivel federal, pero con el que hoy reconoce tener una relaci\u00f3n fracturada en el \u00e1mbito local.<\/p>\n\n\n\n<p><strong>El fin de la \u00abuni\u00f3n\u00bb capitalina<\/strong><\/p>\n\n\n\n<p>Jes\u00fas Sesma, actual dirigente del PVEM en la Ciudad de M\u00e9xico, fue enf\u00e1tico al declarar que, bajo las condiciones actuales, el partido no contempla caminar junto a Morena en los comicios intermedios de 2027 ni en la sucesi\u00f3n de 2030. \u201cHoy no existe una relaci\u00f3n partidista con Morena en la capital\u201d, afirm\u00f3 Sesma, argumentando que el Partido Verde ha alcanzado la madurez necesaria para presentar una oferta pol\u00edtica propia que responda a las necesidades espec\u00edficas de los capitalinos, m\u00e1s all\u00e1 de las directrices de la coalici\u00f3n.<\/p>\n\n\n\n<p>Esta postura representa un desaf\u00edo directo a la hegemon\u00eda morenista en la metr\u00f3poli. Si bien el PVEM mantiene su respaldo a la agenda del Gobierno Federal, en el terreno local la estrategia ha cambiado: el objetivo es dejar de ser un partido de apoyo para convertirse en un protagonista con capacidad de gesti\u00f3n y movilizaci\u00f3n independiente.<\/p>\n\n\n\n<p><strong>\u00abGuardianes Verdes\u00bb: La nueva maquinaria electoral<\/strong><\/p>\n\n\n\n<p>Para respaldar esta ambici\u00f3n, el partido lanz\u00f3 el programa \u00abGuardianes Verdes\u00bb, una red civil que pretende desplegar a m\u00e1s de 35,000 voluntarios en las 16 alcald\u00edas de la ciudad. Seg\u00fan los lineamientos presentados, estos brigadistas no solo funcionar\u00e1n como gestores sociales para resolver problemas de servicios p\u00fablicos y tr\u00e1mites ciudadanos, sino que constituir\u00e1n la base estructural del partido en cada secci\u00f3n electoral.<\/p>\n\n\n\n<p>La meta fijada por la dirigencia es ambiciosa: el PVEM aspira a captar un mill\u00f3n y medio de votos para el a\u00f1o 2027. De lograrlo, el partido se posicionar\u00eda como la segunda fuerza pol\u00edtica en la capital, desplazando a bloques opositores tradicionales y forzando a Morena a una renegociaci\u00f3n de fuerzas o, en su defecto, enfrent\u00e1ndolos directamente en las urnas bajo un esquema de competencia tripartita.<\/p>\n\n\n\n<p><strong>El reto de las encuestas y la percepci\u00f3n ciudadana<\/strong><\/p>\n\n\n\n<p>A pesar del optimismo proyectado en el evento, el camino hacia 2030 presenta obst\u00e1culos considerables. Los datos demosc\u00f3picos m\u00e1s recientes sit\u00faan a Morena con una intenci\u00f3n de voto superior al 50%, mientras que el Partido Verde oscila entre el 3.5% y el 5% en la Ciudad de M\u00e9xico.<\/p>\n\n\n\n<p>No obstante, la estrategia de Sesma apuesta por el desgaste de las marcas pol\u00edticas tradicionales y la capitalizaci\u00f3n de un sector del electorado que busca soluciones ambientales y de seguridad social sin el peso ideol\u00f3gico de los partidos de masas. El \u00abdestape\u00bb temprano busca, seg\u00fan analistas, elevar el valor de negociaci\u00f3n del PVEM y construir una identidad de marca que desvincule a Sesma de la imagen de subordinaci\u00f3n que ha caracterizado al partido en ciclos anteriores.<\/p>\n\n\n\n<p><strong>Hacia una nueva configuraci\u00f3n pol\u00edtica<\/strong><\/p>\n\n\n\n<p>El anuncio de Jes\u00fas Sesma para 2030 es un mensaje claro para el Palacio del Ayuntamiento y para las sedes de los partidos pol\u00edticos: el Partido Verde ya no se conforma con las migajas de las candidaturas comunes. Con una estructura de \u00abGuardianes\u00bb en formaci\u00f3n y un discurso de independencia, el PVEM busca demostrar que puede sobrevivir \u2014y crecer\u2014 fuera de la sombra de su aliado mayoritario.<\/p>\n\n\n\n<p>La respuesta de Morena y de la oposici\u00f3n definir\u00e1 si esta movida es el inicio de una tercera v\u00eda real en la capital o un calculado esfuerzo de presi\u00f3n pol\u00edtica. Por ahora, el PVEM ha puesto la primera piedra de un proyecto que pretende culminar en la toma de protesta del primer Jefe de Gobierno ecologista en la historia de la Ciudad de M\u00e9xico.<\/p>\n\n\n\n<hr class=\"wp-block-separator has-alpha-channel-opacity\"\/>\n\n\n\n<p class=\"has-text-align-center\" style=\"font-size:17px\"><strong><i>Toda la informaci\u00f3n que necesitas saber la encuentras en nuestras <\/i><strong style=\"\"><em style=\"font-style: italic;\">redes sociales y canal de <\/em><\/strong><\/strong><a href=\"https:\/\/t.me\/informantemx\" target=\"_blank\" rel=\"noreferrer noopener\"><strong><em>Telegram<\/em><\/strong><\/a>. <\/p>\n\n\n\n<p class=\"has-text-align-center\" style=\"font-size:17px\"><strong><em>!\u00danete!<\/em><\/strong><\/p>\n\n\n\n<div class=\"wp-block-uagb-image aligncenter uagb-block-3acd28e8 wp-block-uagb-image--layout-default wp-block-uagb-image--effect-zoomin wp-block-uagb-image--align-center\"><figure class=\"wp-block-uagb-image__figure\"><a class=\"\" href=\"https:\/\/t.me\/informantemx\" target=\"\" rel=\"noopener\"><img decoding=\"async\" srcset=\"https:\/\/informante.mx\/wp-content\/uploads\/2023\/08\/Banner-Telegram-Verde-800x60-1.png ,https:\/\/informante.mx\/wp-content\/uploads\/2023\/08\/Banner-Telegram-Verde-800x60-1.png 780w, https:\/\/informante.mx\/wp-content\/uploads\/2023\/08\/Banner-Telegram-Verde-800x60-1.png 360w\" sizes=\"auto, (max-width: 480px) 150px\" src=\"https:\/\/informante.mx\/wp-content\/uploads\/2023\/08\/Banner-Telegram-Verde-800x60-1.png\" alt=\"\" class=\"uag-image-23275\" width=\"800\" height=\"60\" title=\"\" loading=\"lazy\" role=\"img\"\/><\/a><\/figure><\/div>\n\n\n\n<div class=\"wp-block-uagb-image aligncenter uagb-block-45ea2b31 wp-block-uagb-image--layout-default wp-block-uagb-image--effect-zoomin wp-block-uagb-image--align-center\"><figure class=\"wp-block-uagb-image__figure\"><a class=\"\" href=\"https:\/\/www.facebook.com\/MX.Informante\" target=\"\" rel=\"noopener\"><img decoding=\"async\" srcset=\"https:\/\/informante.mx\/wp-content\/uploads\/2023\/08\/Banner-Facebook-Verde-800x60-1.png ,https:\/\/informante.mx\/wp-content\/uploads\/2023\/08\/Banner-Facebook-Verde-800x60-1.png 780w, https:\/\/informante.mx\/wp-content\/uploads\/2023\/08\/Banner-Facebook-Verde-800x60-1.png 360w\" sizes=\"auto, (max-width: 480px) 150px\" src=\"https:\/\/informante.mx\/wp-content\/uploads\/2023\/08\/Banner-Facebook-Verde-800x60-1.png\" alt=\"\" class=\"uag-image-23274\" width=\"800\" height=\"60\" title=\"\" loading=\"lazy\" role=\"img\"\/><\/a><\/figure><\/div>\n\n\n\n<div class=\"wp-block-uagb-image aligncenter uagb-block-2ce4c51b wp-block-uagb-image--layout-default wp-block-uagb-image--effect-zoomin wp-block-uagb-image--align-center\"><figure class=\"wp-block-uagb-image__figure\"><a class=\"\" href=\"https:\/\/twitter.com\/mx_informante\" target=\"\" rel=\"noopener\"><img decoding=\"async\" srcset=\"https:\/\/informante.mx\/wp-content\/uploads\/2023\/08\/Banner-Twitter-Verde-800x60-1.png ,https:\/\/informante.mx\/wp-content\/uploads\/2023\/08\/Banner-Twitter-Verde-800x60-1.png 780w, https:\/\/informante.mx\/wp-content\/uploads\/2023\/08\/Banner-Twitter-Verde-800x60-1.png 360w\" sizes=\"auto, (max-width: 480px) 150px\" src=\"https:\/\/informante.mx\/wp-content\/uploads\/2023\/08\/Banner-Twitter-Verde-800x60-1.png\" alt=\"\" class=\"uag-image-23273\" width=\"800\" height=\"60\" title=\"\" loading=\"lazy\" role=\"img\"\/><\/a><\/figure><\/div>\n\n\n\n<div style=\"height:50px\" aria-hidden=\"true\" class=\"wp-block-spacer\"><\/div>\n","protected":false},"excerpt":{"rendered":"<p>En un movimiento que sacude la estructura de la coalici\u00f3n oficialista, el PVEM rompe filas con Morena en la capital y anuncia su estrategia de consolidaci\u00f3n rumbo a la pr\u00f3xima d\u00e9cada, impulsando una estructura propia de \u201cGuardianes Verdes\u201d. CIUDAD DE M\u00c9XICO.&nbsp;\u2013 En un giro inesperado que redefine el tablero pol\u00edtico de la Ciudad de M\u00e9xico, [&hellip;]<\/p>\n","protected":false},"author":1,"featured_media":58128,"comment_status":"open","ping_status":"closed","sticky":false,"template":"","format":"standard","meta":{"_uag_custom_page_level_css":"","jetpack_post_was_ever_published":false,"footnotes":""},"categories":[9],"tags":[31],"class_list":["post-58127","post","type-post","status-publish","format-standard","has-post-thumbnail","hentry","category-nacional","tag-nacional"],"yoast_head":"<!-- This site is optimized with the Yoast SEO plugin v27.3 - https:\/\/yoast.com\/product\/yoast-seo-wordpress\/ -->\n<title>El Partido Verde traza ruta independiente en CDMX: Jes\u00fas Sesma, la apuesta para la Jefatura de Gobierno en 2030 - Informante.mx<\/title>\n<meta name=\"robots\" content=\"index, follow, max-snippet:-1, max-image-preview:large, max-video-preview:-1\" \/>\n<link rel=\"canonical\" href=\"https:\/\/informante.mx\/?p=58127\" \/>\n<meta property=\"og:locale\" content=\"es_ES\" \/>\n<meta property=\"og:type\" content=\"article\" \/>\n<meta property=\"og:title\" content=\"El Partido Verde traza ruta independiente en CDMX: Jes\u00fas Sesma, la apuesta para la Jefatura de Gobierno en 2030 - Informante.mx\" \/>\n<meta property=\"og:description\" content=\"En un movimiento que sacude la estructura de la coalici\u00f3n oficialista, el PVEM rompe filas con Morena en la capital y anuncia su estrategia de consolidaci\u00f3n rumbo a la pr\u00f3xima d\u00e9cada, impulsando una estructura propia de \u201cGuardianes Verdes\u201d. CIUDAD DE M\u00c9XICO.&nbsp;\u2013 En un giro inesperado que redefine el tablero pol\u00edtico de la Ciudad de M\u00e9xico, [&hellip;]\" \/>\n<meta property=\"og:url\" content=\"https:\/\/informante.mx\/?p=58127\" \/>\n<meta property=\"og:site_name\" content=\"Informante.mx\" \/>\n<meta property=\"article:publisher\" content=\"https:\/\/www.facebook.com\/MX.Informante\" \/>\n<meta property=\"article:published_time\" content=\"2026-04-28T17:42:34+00:00\" \/>\n<meta property=\"article:modified_time\" content=\"2026-04-28T17:42:39+00:00\" \/>\n<meta property=\"og:image\" content=\"https:\/\/informante.mx\/wp-content\/uploads\/2026\/04\/Jesus-Sesma.jpg\" \/>\n\t<meta property=\"og:image:width\" content=\"1100\" \/>\n\t<meta property=\"og:image:height\" content=\"700\" \/>\n\t<meta property=\"og:image:type\" content=\"image\/jpeg\" \/>\n<meta name=\"author\" content=\"InformanteMX\" \/>\n<meta name=\"twitter:card\" content=\"summary_large_image\" \/>\n<meta name=\"twitter:creator\" content=\"@mx_informante\" \/>\n<meta name=\"twitter:site\" content=\"@mx_informante\" \/>\n<meta name=\"twitter:label1\" content=\"Escrito por\" \/>\n\t<meta name=\"twitter:data1\" content=\"InformanteMX\" \/>\n\t<meta name=\"twitter:label2\" content=\"Tiempo de lectura\" \/>\n\t<meta name=\"twitter:data2\" content=\"4 minutos\" \/>\n<script type=\"application\/ld+json\" class=\"yoast-schema-graph\">{\"@context\":\"https:\\\/\\\/schema.org\",\"@graph\":[{\"@type\":\"NewsArticle\",\"@id\":\"https:\\\/\\\/informante.mx\\\/?p=58127#article\",\"isPartOf\":{\"@id\":\"https:\\\/\\\/informante.mx\\\/?p=58127\"},\"author\":{\"name\":\"InformanteMX\",\"@id\":\"https:\\\/\\\/informante.mx\\\/#\\\/schema\\\/person\\\/3eff91989d2ea76b0a330b416325946c\"},\"headline\":\"El Partido Verde traza ruta independiente en CDMX: Jes\u00fas Sesma, la apuesta para la Jefatura de Gobierno en 2030\",\"datePublished\":\"2026-04-28T17:42:34+00:00\",\"dateModified\":\"2026-04-28T17:42:39+00:00\",\"mainEntityOfPage\":{\"@id\":\"https:\\\/\\\/informante.mx\\\/?p=58127\"},\"wordCount\":796,\"commentCount\":0,\"publisher\":{\"@id\":\"https:\\\/\\\/informante.mx\\\/#organization\"},\"image\":{\"@id\":\"https:\\\/\\\/informante.mx\\\/?p=58127#primaryimage\"},\"thumbnailUrl\":\"https:\\\/\\\/informante.mx\\\/wp-content\\\/uploads\\\/2026\\\/04\\\/Jesus-Sesma.jpg\",\"keywords\":[\"Nacional\"],\"articleSection\":[\"Nacional\"],\"inLanguage\":\"es\",\"potentialAction\":[{\"@type\":\"CommentAction\",\"name\":\"Comment\",\"target\":[\"https:\\\/\\\/informante.mx\\\/?p=58127#respond\"]}]},{\"@type\":\"WebPage\",\"@id\":\"https:\\\/\\\/informante.mx\\\/?p=58127\",\"url\":\"https:\\\/\\\/informante.mx\\\/?p=58127\",\"name\":\"El Partido Verde traza ruta independiente en CDMX: Jes\u00fas Sesma, la apuesta para la Jefatura de Gobierno en 2030 - Informante.mx\",\"isPartOf\":{\"@id\":\"https:\\\/\\\/informante.mx\\\/#website\"},\"primaryImageOfPage\":{\"@id\":\"https:\\\/\\\/informante.mx\\\/?p=58127#primaryimage\"},\"image\":{\"@id\":\"https:\\\/\\\/informante.mx\\\/?p=58127#primaryimage\"},\"thumbnailUrl\":\"https:\\\/\\\/informante.mx\\\/wp-content\\\/uploads\\\/2026\\\/04\\\/Jesus-Sesma.jpg\",\"datePublished\":\"2026-04-28T17:42:34+00:00\",\"dateModified\":\"2026-04-28T17:42:39+00:00\",\"breadcrumb\":{\"@id\":\"https:\\\/\\\/informante.mx\\\/?p=58127#breadcrumb\"},\"inLanguage\":\"es\",\"potentialAction\":[{\"@type\":\"ReadAction\",\"target\":[\"https:\\\/\\\/informante.mx\\\/?p=58127\"]}]},{\"@type\":\"ImageObject\",\"inLanguage\":\"es\",\"@id\":\"https:\\\/\\\/informante.mx\\\/?p=58127#primaryimage\",\"url\":\"https:\\\/\\\/informante.mx\\\/wp-content\\\/uploads\\\/2026\\\/04\\\/Jesus-Sesma.jpg\",\"contentUrl\":\"https:\\\/\\\/informante.mx\\\/wp-content\\\/uploads\\\/2026\\\/04\\\/Jesus-Sesma.jpg\",\"width\":1100,\"height\":700},{\"@type\":\"BreadcrumbList\",\"@id\":\"https:\\\/\\\/informante.mx\\\/?p=58127#breadcrumb\",\"itemListElement\":[{\"@type\":\"ListItem\",\"position\":1,\"name\":\"Portada\",\"item\":\"https:\\\/\\\/informante.mx\\\/\"},{\"@type\":\"ListItem\",\"position\":2,\"name\":\"El Partido Verde traza ruta independiente en CDMX: Jes\u00fas Sesma, la apuesta para la Jefatura de Gobierno en 2030\"}]},{\"@type\":\"WebSite\",\"@id\":\"https:\\\/\\\/informante.mx\\\/#website\",\"url\":\"https:\\\/\\\/informante.mx\\\/\",\"name\":\"Informante.mx\",\"description\":\"\",\"publisher\":{\"@id\":\"https:\\\/\\\/informante.mx\\\/#organization\"},\"potentialAction\":[{\"@type\":\"SearchAction\",\"target\":{\"@type\":\"EntryPoint\",\"urlTemplate\":\"https:\\\/\\\/informante.mx\\\/?s={search_term_string}\"},\"query-input\":{\"@type\":\"PropertyValueSpecification\",\"valueRequired\":true,\"valueName\":\"search_term_string\"}}],\"inLanguage\":\"es\"},{\"@type\":\"Organization\",\"@id\":\"https:\\\/\\\/informante.mx\\\/#organization\",\"name\":\"Informante.mx\",\"url\":\"https:\\\/\\\/informante.mx\\\/\",\"logo\":{\"@type\":\"ImageObject\",\"inLanguage\":\"es\",\"@id\":\"https:\\\/\\\/informante.mx\\\/#\\\/schema\\\/logo\\\/image\\\/\",\"url\":\"https:\\\/\\\/informante.mx\\\/wp-content\\\/uploads\\\/2019\\\/12\\\/cropped-LOGO-Verde-Apaisado-1024x360O-1.png\",\"contentUrl\":\"https:\\\/\\\/informante.mx\\\/wp-content\\\/uploads\\\/2019\\\/12\\\/cropped-LOGO-Verde-Apaisado-1024x360O-1.png\",\"width\":923,\"height\":180,\"caption\":\"Informante.mx\"},\"image\":{\"@id\":\"https:\\\/\\\/informante.mx\\\/#\\\/schema\\\/logo\\\/image\\\/\"},\"sameAs\":[\"https:\\\/\\\/www.facebook.com\\\/MX.Informante\",\"https:\\\/\\\/x.com\\\/mx_informante\"]},{\"@type\":\"Person\",\"@id\":\"https:\\\/\\\/informante.mx\\\/#\\\/schema\\\/person\\\/3eff91989d2ea76b0a330b416325946c\",\"name\":\"InformanteMX\",\"image\":{\"@type\":\"ImageObject\",\"inLanguage\":\"es\",\"@id\":\"https:\\\/\\\/secure.gravatar.com\\\/avatar\\\/10d802aa739e832aedd2f3fd8544d878871eb22e6ca86fe9a548573e34a28f0e?s=96&d=mm&r=g\",\"url\":\"https:\\\/\\\/secure.gravatar.com\\\/avatar\\\/10d802aa739e832aedd2f3fd8544d878871eb22e6ca86fe9a548573e34a28f0e?s=96&d=mm&r=g\",\"contentUrl\":\"https:\\\/\\\/secure.gravatar.com\\\/avatar\\\/10d802aa739e832aedd2f3fd8544d878871eb22e6ca86fe9a548573e34a28f0e?s=96&d=mm&r=g\",\"caption\":\"InformanteMX\"},\"url\":\"https:\\\/\\\/informante.mx\\\/?author=1\"}]}<\/script>\n<!-- \/ Yoast SEO plugin. -->","yoast_head_json":{"title":"El Partido Verde traza ruta independiente en CDMX: Jes\u00fas Sesma, la apuesta para la Jefatura de Gobierno en 2030 - Informante.mx","robots":{"index":"index","follow":"follow","max-snippet":"max-snippet:-1","max-image-preview":"max-image-preview:large","max-video-preview":"max-video-preview:-1"},"canonical":"https:\/\/informante.mx\/?p=58127","og_locale":"es_ES","og_type":"article","og_title":"El Partido Verde traza ruta independiente en CDMX: Jes\u00fas Sesma, la apuesta para la Jefatura de Gobierno en 2030 - Informante.mx","og_description":"En un movimiento que sacude la estructura de la coalici\u00f3n oficialista, el PVEM rompe filas con Morena en la capital y anuncia su estrategia de consolidaci\u00f3n rumbo a la pr\u00f3xima d\u00e9cada, impulsando una estructura propia de \u201cGuardianes Verdes\u201d. CIUDAD DE M\u00c9XICO.&nbsp;\u2013 En un giro inesperado que redefine el tablero pol\u00edtico de la Ciudad de M\u00e9xico, [&hellip;]","og_url":"https:\/\/informante.mx\/?p=58127","og_site_name":"Informante.mx","article_publisher":"https:\/\/www.facebook.com\/MX.Informante","article_published_time":"2026-04-28T17:42:34+00:00","article_modified_time":"2026-04-28T17:42:39+00:00","og_image":[{"width":1100,"height":700,"url":"https:\/\/informante.mx\/wp-content\/uploads\/2026\/04\/Jesus-Sesma.jpg","type":"image\/jpeg"}],"author":"InformanteMX","twitter_card":"summary_large_image","twitter_creator":"@mx_informante","twitter_site":"@mx_informante","twitter_misc":{"Escrito por":"InformanteMX","Tiempo de lectura":"4 minutos"},"schema":{"@context":"https:\/\/schema.org","@graph":[{"@type":"NewsArticle","@id":"https:\/\/informante.mx\/?p=58127#article","isPartOf":{"@id":"https:\/\/informante.mx\/?p=58127"},"author":{"name":"InformanteMX","@id":"https:\/\/informante.mx\/#\/schema\/person\/3eff91989d2ea76b0a330b416325946c"},"headline":"El Partido Verde traza ruta independiente en CDMX: Jes\u00fas Sesma, la apuesta para la Jefatura de Gobierno en 2030","datePublished":"2026-04-28T17:42:34+00:00","dateModified":"2026-04-28T17:42:39+00:00","mainEntityOfPage":{"@id":"https:\/\/informante.mx\/?p=58127"},"wordCount":796,"commentCount":0,"publisher":{"@id":"https:\/\/informante.mx\/#organization"},"image":{"@id":"https:\/\/informante.mx\/?p=58127#primaryimage"},"thumbnailUrl":"https:\/\/informante.mx\/wp-content\/uploads\/2026\/04\/Jesus-Sesma.jpg","keywords":["Nacional"],"articleSection":["Nacional"],"inLanguage":"es","potentialAction":[{"@type":"CommentAction","name":"Comment","target":["https:\/\/informante.mx\/?p=58127#respond"]}]},{"@type":"WebPage","@id":"https:\/\/informante.mx\/?p=58127","url":"https:\/\/informante.mx\/?p=58127","name":"El Partido Verde traza ruta independiente en CDMX: Jes\u00fas Sesma, la apuesta para la Jefatura de Gobierno en 2030 - Informante.mx","isPartOf":{"@id":"https:\/\/informante.mx\/#website"},"primaryImageOfPage":{"@id":"https:\/\/informante.mx\/?p=58127#primaryimage"},"image":{"@id":"https:\/\/informante.mx\/?p=58127#primaryimage"},"thumbnailUrl":"https:\/\/informante.mx\/wp-content\/uploads\/2026\/04\/Jesus-Sesma.jpg","datePublished":"2026-04-28T17:42:34+00:00","dateModified":"2026-04-28T17:42:39+00:00","breadcrumb":{"@id":"https:\/\/informante.mx\/?p=58127#breadcrumb"},"inLanguage":"es","potentialAction":[{"@type":"ReadAction","target":["https:\/\/informante.mx\/?p=58127"]}]},{"@type":"ImageObject","inLanguage":"es","@id":"https:\/\/informante.mx\/?p=58127#primaryimage","url":"https:\/\/informante.mx\/wp-content\/uploads\/2026\/04\/Jesus-Sesma.jpg","contentUrl":"https:\/\/informante.mx\/wp-content\/uploads\/2026\/04\/Jesus-Sesma.jpg","width":1100,"height":700},{"@type":"BreadcrumbList","@id":"https:\/\/informante.mx\/?p=58127#breadcrumb","itemListElement":[{"@type":"ListItem","position":1,"name":"Portada","item":"https:\/\/informante.mx\/"},{"@type":"ListItem","position":2,"name":"El Partido Verde traza ruta independiente en CDMX: Jes\u00fas Sesma, la apuesta para la Jefatura de Gobierno en 2030"}]},{"@type":"WebSite","@id":"https:\/\/informante.mx\/#website","url":"https:\/\/informante.mx\/","name":"Informante.mx","description":"","publisher":{"@id":"https:\/\/informante.mx\/#organization"},"potentialAction":[{"@type":"SearchAction","target":{"@type":"EntryPoint","urlTemplate":"https:\/\/informante.mx\/?s={search_term_string}"},"query-input":{"@type":"PropertyValueSpecification","valueRequired":true,"valueName":"search_term_string"}}],"inLanguage":"es"},{"@type":"Organization","@id":"https:\/\/informante.mx\/#organization","name":"Informante.mx","url":"https:\/\/informante.mx\/","logo":{"@type":"ImageObject","inLanguage":"es","@id":"https:\/\/informante.mx\/#\/schema\/logo\/image\/","url":"https:\/\/informante.mx\/wp-content\/uploads\/2019\/12\/cropped-LOGO-Verde-Apaisado-1024x360O-1.png","contentUrl":"https:\/\/informante.mx\/wp-content\/uploads\/2019\/12\/cropped-LOGO-Verde-Apaisado-1024x360O-1.png","width":923,"height":180,"caption":"Informante.mx"},"image":{"@id":"https:\/\/informante.mx\/#\/schema\/logo\/image\/"},"sameAs":["https:\/\/www.facebook.com\/MX.Informante","https:\/\/x.com\/mx_informante"]},{"@type":"Person","@id":"https:\/\/informante.mx\/#\/schema\/person\/3eff91989d2ea76b0a330b416325946c","name":"InformanteMX","image":{"@type":"ImageObject","inLanguage":"es","@id":"https:\/\/secure.gravatar.com\/avatar\/10d802aa739e832aedd2f3fd8544d878871eb22e6ca86fe9a548573e34a28f0e?s=96&d=mm&r=g","url":"https:\/\/secure.gravatar.com\/avatar\/10d802aa739e832aedd2f3fd8544d878871eb22e6ca86fe9a548573e34a28f0e?s=96&d=mm&r=g","contentUrl":"https:\/\/secure.gravatar.com\/avatar\/10d802aa739e832aedd2f3fd8544d878871eb22e6ca86fe9a548573e34a28f0e?s=96&d=mm&r=g","caption":"InformanteMX"},"url":"https:\/\/informante.mx\/?author=1"}]}},"jetpack_featured_media_url":"https:\/\/informante.mx\/wp-content\/uploads\/2026\/04\/Jesus-Sesma.jpg","uagb_featured_image_src":{"full":["https:\/\/informante.mx\/wp-content\/uploads\/2026\/04\/Jesus-Sesma.jpg",1100,700,false],"thumbnail":["https:\/\/informante.mx\/wp-content\/uploads\/2026\/04\/Jesus-Sesma-150x95.jpg",150,95,true],"medium":["https:\/\/informante.mx\/wp-content\/uploads\/2026\/04\/Jesus-Sesma-300x191.jpg",300,191,true],"medium_large":["https:\/\/informante.mx\/wp-content\/uploads\/2026\/04\/Jesus-Sesma-768x489.jpg",640,408,true],"large":["https:\/\/informante.mx\/wp-content\/uploads\/2026\/04\/Jesus-Sesma-1024x652.jpg",640,408,true],"1536x1536":["https:\/\/informante.mx\/wp-content\/uploads\/2026\/04\/Jesus-Sesma.jpg",1100,700,false],"2048x2048":["https:\/\/informante.mx\/wp-content\/uploads\/2026\/04\/Jesus-Sesma.jpg",1100,700,false],"td_0x420":["https:\/\/informante.mx\/wp-content\/uploads\/2026\/04\/Jesus-Sesma-660x420.jpg",660,420,true],"td_0x420_retina":["https:\/\/informante.mx\/wp-content\/uploads\/2026\/04\/Jesus-Sesma.jpg",1100,700,false],"td_80x60":["https:\/\/informante.mx\/wp-content\/uploads\/2026\/04\/Jesus-Sesma-80x60.jpg",80,60,true],"td_80x60_retina":["https:\/\/informante.mx\/wp-content\/uploads\/2026\/04\/Jesus-Sesma-160x120.jpg",160,120,true],"td_100x75":["https:\/\/informante.mx\/wp-content\/uploads\/2026\/04\/Jesus-Sesma-100x75.jpg",100,75,true],"td_100x75_retina":["https:\/\/informante.mx\/wp-content\/uploads\/2026\/04\/Jesus-Sesma-200x150.jpg",200,150,true],"td_180x135":["https:\/\/informante.mx\/wp-content\/uploads\/2026\/04\/Jesus-Sesma-180x135.jpg",180,135,true],"td_180x135_retina":["https:\/\/informante.mx\/wp-content\/uploads\/2026\/04\/Jesus-Sesma-360x270.jpg",360,270,true],"td_238x178":["https:\/\/informante.mx\/wp-content\/uploads\/2026\/04\/Jesus-Sesma-238x178.jpg",238,178,true],"td_238x178_retina":["https:\/\/informante.mx\/wp-content\/uploads\/2026\/04\/Jesus-Sesma-476x356.jpg",476,356,true],"td_265x198":["https:\/\/informante.mx\/wp-content\/uploads\/2026\/04\/Jesus-Sesma-265x198.jpg",265,198,true],"td_265x198_retina":["https:\/\/informante.mx\/wp-content\/uploads\/2026\/04\/Jesus-Sesma-530x396.jpg",530,396,true],"td_300x160":["https:\/\/informante.mx\/wp-content\/uploads\/2026\/04\/Jesus-Sesma-300x160.jpg",300,160,true],"td_300x160_retina":["https:\/\/informante.mx\/wp-content\/uploads\/2026\/04\/Jesus-Sesma-600x320.jpg",600,320,true],"td_300x194":["https:\/\/informante.mx\/wp-content\/uploads\/2026\/04\/Jesus-Sesma-300x194.jpg",300,194,true],"td_300x194_retina":["https:\/\/informante.mx\/wp-content\/uploads\/2026\/04\/Jesus-Sesma-600x388.jpg",600,388,true],"td_300x350":["https:\/\/informante.mx\/wp-content\/uploads\/2026\/04\/Jesus-Sesma-300x350.jpg",300,350,true],"td_300x350_retina":["https:\/\/informante.mx\/wp-content\/uploads\/2026\/04\/Jesus-Sesma-600x700.jpg",600,700,true],"td_341x220":["https:\/\/informante.mx\/wp-content\/uploads\/2026\/04\/Jesus-Sesma-341x220.jpg",341,220,true],"td_341x220_retina":["https:\/\/informante.mx\/wp-content\/uploads\/2026\/04\/Jesus-Sesma-682x440.jpg",682,440,true],"td_341x400":["https:\/\/informante.mx\/wp-content\/uploads\/2026\/04\/Jesus-Sesma-341x400.jpg",341,400,true],"td_341x400_retina":["https:\/\/informante.mx\/wp-content\/uploads\/2026\/04\/Jesus-Sesma-682x700.jpg",682,700,true],"td_511x400":["https:\/\/informante.mx\/wp-content\/uploads\/2026\/04\/Jesus-Sesma-511x400.jpg",511,400,true],"td_511x400_retina":["https:\/\/informante.mx\/wp-content\/uploads\/2026\/04\/Jesus-Sesma-1022x700.jpg",1022,700,true],"td_537x360":["https:\/\/informante.mx\/wp-content\/uploads\/2026\/04\/Jesus-Sesma-537x360.jpg",537,360,true],"td_537x360_retina":["https:\/\/informante.mx\/wp-content\/uploads\/2026\/04\/Jesus-Sesma-1074x700.jpg",1074,700,true],"td_640x0":["https:\/\/informante.mx\/wp-content\/uploads\/2026\/04\/Jesus-Sesma-640x407.jpg",640,407,true],"td_640x0_retina":["https:\/\/informante.mx\/wp-content\/uploads\/2026\/04\/Jesus-Sesma.jpg",1100,700,false],"td_640x350":["https:\/\/informante.mx\/wp-content\/uploads\/2026\/04\/Jesus-Sesma-640x350.jpg",640,350,true],"td_640x350_retina":["https:\/\/informante.mx\/wp-content\/uploads\/2026\/04\/Jesus-Sesma.jpg",1100,700,false],"td_681x0":["https:\/\/informante.mx\/wp-content\/uploads\/2026\/04\/Jesus-Sesma-681x433.jpg",681,433,true],"td_681x0_retina":["https:\/\/informante.mx\/wp-content\/uploads\/2026\/04\/Jesus-Sesma.jpg",1100,700,false],"td_681x400":["https:\/\/informante.mx\/wp-content\/uploads\/2026\/04\/Jesus-Sesma-681x400.jpg",681,400,true],"td_681x400_retina":["https:\/\/informante.mx\/wp-content\/uploads\/2026\/04\/Jesus-Sesma.jpg",1100,700,false],"td_741x486":["https:\/\/informante.mx\/wp-content\/uploads\/2026\/04\/Jesus-Sesma-741x486.jpg",741,486,true],"td_741x486_retina":["https:\/\/informante.mx\/wp-content\/uploads\/2026\/04\/Jesus-Sesma.jpg",1100,700,false],"td_1021x580":["https:\/\/informante.mx\/wp-content\/uploads\/2026\/04\/Jesus-Sesma-1021x580.jpg",1021,580,true],"td_1021x580_retina":["https:\/\/informante.mx\/wp-content\/uploads\/2026\/04\/Jesus-Sesma.jpg",1100,700,false]},"uagb_author_info":{"display_name":"InformanteMX","author_link":"https:\/\/informante.mx\/?author=1"},"uagb_comment_info":0,"uagb_excerpt":"En un movimiento que sacude la estructura de la coalici\u00f3n oficialista, el PVEM rompe filas con Morena en la capital y anuncia su estrategia de consolidaci\u00f3n rumbo a la pr\u00f3xima d\u00e9cada, impulsando una estructura propia de \u201cGuardianes Verdes\u201d. CIUDAD DE M\u00c9XICO.&nbsp;\u2013 En un giro inesperado que redefine el tablero pol\u00edtico de la Ciudad de M\u00e9xico,&hellip;","_links":{"self":[{"href":"https:\/\/informante.mx\/index.php?rest_route=\/wp\/v2\/posts\/58127","targetHints":{"allow":["GET"]}}],"collection":[{"href":"https:\/\/informante.mx\/index.php?rest_route=\/wp\/v2\/posts"}],"about":[{"href":"https:\/\/informante.mx\/index.php?rest_route=\/wp\/v2\/types\/post"}],"author":[{"embeddable":true,"href":"https:\/\/informante.mx\/index.php?rest_route=\/wp\/v2\/users\/1"}],"replies":[{"embeddable":true,"href":"https:\/\/informante.mx\/index.php?rest_route=%2Fwp%2Fv2%2Fcomments&post=58127"}],"version-history":[{"count":1,"href":"https:\/\/informante.mx\/index.php?rest_route=\/wp\/v2\/posts\/58127\/revisions"}],"predecessor-version":[{"id":58129,"href":"https:\/\/informante.mx\/index.php?rest_route=\/wp\/v2\/posts\/58127\/revisions\/58129"}],"wp:featuredmedia":[{"embeddable":true,"href":"https:\/\/informante.mx\/index.php?rest_route=\/wp\/v2\/media\/58128"}],"wp:attachment":[{"href":"https:\/\/informante.mx\/index.php?rest_route=%2Fwp%2Fv2%2Fmedia&parent=58127"}],"wp:term":[{"taxonomy":"category","embeddable":true,"href":"https:\/\/informante.mx\/index.php?rest_route=%2Fwp%2Fv2%2Fcategories&post=58127"},{"taxonomy":"post_tag","embeddable":true,"href":"https:\/\/informante.mx\/index.php?rest_route=%2Fwp%2Fv2%2Ftags&post=58127"}],"curies":[{"name":"wp","href":"https:\/\/api.w.org\/{rel}","templated":true}]}}