{"id":58120,"date":"2026-04-28T10:13:50","date_gmt":"2026-04-28T16:13:50","guid":{"rendered":"https:\/\/informante.mx\/?p=58120"},"modified":"2026-04-28T10:13:55","modified_gmt":"2026-04-28T16:13:55","slug":"golpe-estrategico-al-cjng-caen-en-nayarit-y-jalisco-el-sucesor-de-el-mencho-y-su-operador-financiero","status":"publish","type":"post","link":"https:\/\/informante.mx\/?p=58120","title":{"rendered":"Golpe estrat\u00e9gico al CJNG: Caen en Nayarit y Jalisco el sucesor de \u201cEl Mencho\u201d y su operador financiero"},"content":{"rendered":"\n<h2 class=\"wp-block-heading\">En un operativo coordinado por fuerzas federales, se logr\u00f3 la captura de Audias Flores Silva, alias \u201cEl Jardinero\u201d, y de C\u00e9sar Alejandro \u201cN\u201d, alias \u201cEl G\u00fcero Conta\u201d, desarticulando la c\u00fapula de mando y la estructura log\u00edstica del c\u00e1rtel tras la muerte de su fundador.<\/h2>\n\n\n\n<p><strong>Redacci\u00f3n Informante<\/strong><\/p>\n\n\n\n<p><strong>CIUDAD DE M\u00c9XICO.<\/strong>&nbsp;\u2013 El Gobierno Federal, a trav\u00e9s de una acci\u00f3n conjunta entre la Secretar\u00eda de Marina (SEMAR), el Ej\u00e9rcito Mexicano y la Guardia Nacional, confirm\u00f3 este martes un golpe determinante a la estructura de mando del C\u00e1rtel Jalisco Nueva Generaci\u00f3n (CJNG). En dos intervenciones t\u00e1cticas realizadas en los estados de Nayarit y Jalisco, las autoridades capturaron a Audias Flores Silva, apodado \u201cEl Jardinero\u201d, identificado como el sucesor natural de Nemesio Oseguera Cervantes, y a su principal operador financiero, C\u00e9sar Alejandro \u201cN\u201d, conocido como \u201cEl G\u00fcero Conta\u201d.<\/p>\n\n\n\n<p>Estas detenciones representan el avance m\u00e1s significativo en la estrategia de seguridad nacional en lo que va del a\u00f1o, ocurriendo apenas dos meses despu\u00e9s de que se confirmara el fallecimiento de \u201cEl Mencho\u201d, evento que hab\u00eda desatado una pugna interna por el control de la organizaci\u00f3n criminal.<\/p>\n\n\n\n<p><strong>El ascenso y ca\u00edda de \u201cEl Jardinero\u201d<\/strong><\/p>\n\n\n\n<p>Audias Flores Silva no era un objetivo menor. Considerado por las agencias de inteligencia como el jefe regional en la zona de Nayarit, Jalisco y partes de Michoac\u00e1n, \u201cEl Jardinero\u201d hab\u00eda escalado posiciones gracias a su control sobre la producci\u00f3n de drogas sint\u00e9ticas y la gesti\u00f3n de laboratorios clandestinos. Su captura se registr\u00f3 el pasado 27 de abril en una zona residencial del estado de Nayarit, mediante un despliegue de Fuerzas Especiales que evit\u00f3 el enfrentamiento armado en zonas civiles.<\/p>\n\n\n\n<p>Sobre Flores Silva pesaban m\u00faltiples \u00f3rdenes de aprehensi\u00f3n tanto en M\u00e9xico como en Estados Unidos. El Departamento de Justicia estadounidense manten\u00eda una recompensa vigente de 5 millones de d\u00f3lares, se\u00f1al\u00e1ndolo como una amenaza para la seguridad binacional debido a su capacidad para coordinar el trasiego de fentanilo y metanfetaminas hacia el norte. Seg\u00fan los informes de inteligencia, tras la muerte de Oseguera Cervantes, Flores Silva hab\u00eda comenzado a consolidar el mando, buscando unificar a las facciones del c\u00e1rtel que quedaron a la deriva.<\/p>\n\n\n\n<p><strong>El quiebre de la estructura financiera<\/strong><\/p>\n\n\n\n<p>De manera casi simult\u00e1nea, en el municipio de Zapopan, Jalisco, elementos de la Secretar\u00eda de la Defensa Nacional (SEDENA) y la Guardia Nacional cumplimentaron una orden de cateo que deriv\u00f3 en la detenci\u00f3n de C\u00e9sar Alejandro \u201cN\u201d, alias \u201cEl G\u00fcero Conta\u201d.<\/p>\n\n\n\n<p>De acuerdo con la Secretar\u00eda de Seguridad y Protecci\u00f3n Ciudadana (SSPC), este individuo no solo fung\u00eda como el contador personal de \u201cEl Jardinero\u201d, sino que era el cerebro detr\u00e1s del lavado de dinero y la dispersi\u00f3n de n\u00f3minas para los brazos armados de la organizaci\u00f3n en la regi\u00f3n del Pac\u00edfico. Su captura es vista como un \u201cgolpe seco\u201d a la log\u00edstica del grupo, pues con \u00e9l se habr\u00edan asegurado equipos de c\u00f3mputo y documentaci\u00f3n que detallan las rutas financieras y los activos utilizados para ocultar los ingresos il\u00edcitos del c\u00e1rtel.<\/p>\n\n\n\n<p><strong>Implicaciones para la seguridad nacional<\/strong><\/p>\n\n\n\n<p>El titular de la SSPC, Omar Garc\u00eda Harfuch, se\u00f1al\u00f3 en conferencia de prensa que estos arrestos no son hechos aislados, sino el resultado de semanas de seguimiento t\u00e9cnico y trabajo de campo. \u00abLa neutralizaci\u00f3n de estos objetivos prioritarios debilita significativamente la capacidad operativa y de regeneraci\u00f3n del grupo delictivo\u00bb, afirm\u00f3 el secretario.<\/p>\n\n\n\n<p>Con la ca\u00edda del sucesor y su gestor de finanzas, el CJNG enfrenta una crisis de liderazgo sin precedentes. Analistas de seguridad advierten que, aunque la organizaci\u00f3n queda descabezada, las fuerzas de seguridad mantendr\u00e1n un estado de alerta m\u00e1xima ante posibles represalias o fracturas internas que puedan generar picos de violencia en las zonas de influencia del grupo.<\/p>\n\n\n\n<p><strong>El futuro del c\u00e1rtel<\/strong><\/p>\n\n\n\n<p>La administraci\u00f3n federal ha reiterado que el objetivo actual es evitar que nuevos liderazgos tomen el control de las plazas vacantes. La detenci\u00f3n de \u201cEl Jardinero\u201d corta la l\u00ednea sucesoria m\u00e1s s\u00f3lida que ten\u00eda el c\u00e1rtel, dejando un vac\u00edo de poder que el Estado busca ocupar mediante el reforzamiento de la presencia militar en el Baj\u00edo y la costa del Pac\u00edfico.<\/p>\n\n\n\n<p>Por el momento, ambos detenidos han sido trasladados bajo estrictas medidas de seguridad a la Ciudad de M\u00e9xico, donde quedar\u00e1n a disposici\u00f3n de la Fiscal\u00eda General de la Rep\u00fablica (FGR) para iniciar sus respectivos procesos judiciales. Se espera que, en el caso de Flores Silva, el proceso de extradici\u00f3n solicitado por el gobierno de Estados Unidos comience en las pr\u00f3ximas semanas, una vez agotadas las instancias legales en territorio mexicano.<\/p>\n\n\n\n<hr class=\"wp-block-separator has-alpha-channel-opacity\"\/>\n\n\n\n<p class=\"has-text-align-center\" style=\"font-size:17px\"><strong><i>Toda la informaci\u00f3n que necesitas saber la encuentras en nuestras <\/i><strong style=\"\"><em style=\"font-style: italic;\">redes sociales y canal de <\/em><\/strong><\/strong><a href=\"https:\/\/t.me\/informantemx\" target=\"_blank\" rel=\"noreferrer noopener\"><strong><em>Telegram<\/em><\/strong><\/a>. <\/p>\n\n\n\n<p class=\"has-text-align-center\" style=\"font-size:17px\"><strong><em>!\u00danete!<\/em><\/strong><\/p>\n\n\n\n<div class=\"wp-block-uagb-image aligncenter uagb-block-3acd28e8 wp-block-uagb-image--layout-default wp-block-uagb-image--effect-zoomin wp-block-uagb-image--align-center\"><figure class=\"wp-block-uagb-image__figure\"><a class=\"\" href=\"https:\/\/t.me\/informantemx\" target=\"\" rel=\"noopener\"><img decoding=\"async\" srcset=\"https:\/\/informante.mx\/wp-content\/uploads\/2023\/08\/Banner-Telegram-Verde-800x60-1.png ,https:\/\/informante.mx\/wp-content\/uploads\/2023\/08\/Banner-Telegram-Verde-800x60-1.png 780w, https:\/\/informante.mx\/wp-content\/uploads\/2023\/08\/Banner-Telegram-Verde-800x60-1.png 360w\" sizes=\"auto, (max-width: 480px) 150px\" src=\"https:\/\/informante.mx\/wp-content\/uploads\/2023\/08\/Banner-Telegram-Verde-800x60-1.png\" alt=\"\" class=\"uag-image-23275\" width=\"800\" height=\"60\" title=\"\" loading=\"lazy\" role=\"img\"\/><\/a><\/figure><\/div>\n\n\n\n<div class=\"wp-block-uagb-image aligncenter uagb-block-45ea2b31 wp-block-uagb-image--layout-default wp-block-uagb-image--effect-zoomin wp-block-uagb-image--align-center\"><figure class=\"wp-block-uagb-image__figure\"><a class=\"\" href=\"https:\/\/www.facebook.com\/MX.Informante\" target=\"\" rel=\"noopener\"><img decoding=\"async\" srcset=\"https:\/\/informante.mx\/wp-content\/uploads\/2023\/08\/Banner-Facebook-Verde-800x60-1.png ,https:\/\/informante.mx\/wp-content\/uploads\/2023\/08\/Banner-Facebook-Verde-800x60-1.png 780w, https:\/\/informante.mx\/wp-content\/uploads\/2023\/08\/Banner-Facebook-Verde-800x60-1.png 360w\" sizes=\"auto, (max-width: 480px) 150px\" src=\"https:\/\/informante.mx\/wp-content\/uploads\/2023\/08\/Banner-Facebook-Verde-800x60-1.png\" alt=\"\" class=\"uag-image-23274\" width=\"800\" height=\"60\" title=\"\" loading=\"lazy\" role=\"img\"\/><\/a><\/figure><\/div>\n\n\n\n<div class=\"wp-block-uagb-image aligncenter uagb-block-2ce4c51b wp-block-uagb-image--layout-default wp-block-uagb-image--effect-zoomin wp-block-uagb-image--align-center\"><figure class=\"wp-block-uagb-image__figure\"><a class=\"\" href=\"https:\/\/twitter.com\/mx_informante\" target=\"\" rel=\"noopener\"><img decoding=\"async\" srcset=\"https:\/\/informante.mx\/wp-content\/uploads\/2023\/08\/Banner-Twitter-Verde-800x60-1.png ,https:\/\/informante.mx\/wp-content\/uploads\/2023\/08\/Banner-Twitter-Verde-800x60-1.png 780w, https:\/\/informante.mx\/wp-content\/uploads\/2023\/08\/Banner-Twitter-Verde-800x60-1.png 360w\" sizes=\"auto, (max-width: 480px) 150px\" src=\"https:\/\/informante.mx\/wp-content\/uploads\/2023\/08\/Banner-Twitter-Verde-800x60-1.png\" alt=\"\" class=\"uag-image-23273\" width=\"800\" height=\"60\" title=\"\" loading=\"lazy\" role=\"img\"\/><\/a><\/figure><\/div>\n\n\n\n<div style=\"height:50px\" aria-hidden=\"true\" class=\"wp-block-spacer\"><\/div>\n","protected":false},"excerpt":{"rendered":"<p>En un operativo coordinado por fuerzas federales, se logr\u00f3 la captura de Audias Flores Silva, alias \u201cEl Jardinero\u201d, y de C\u00e9sar Alejandro \u201cN\u201d, alias \u201cEl G\u00fcero Conta\u201d, desarticulando la c\u00fapula de mando y la estructura log\u00edstica del c\u00e1rtel tras la muerte de su fundador.<\/p>\n","protected":false},"author":1,"featured_media":58121,"comment_status":"open","ping_status":"closed","sticky":false,"template":"","format":"standard","meta":{"_uag_custom_page_level_css":"","jetpack_post_was_ever_published":false,"footnotes":""},"categories":[9],"tags":[31],"class_list":["post-58120","post","type-post","status-publish","format-standard","has-post-thumbnail","hentry","category-nacional","tag-nacional"],"yoast_head":"<!-- This site is optimized with the Yoast SEO plugin v27.3 - https:\/\/yoast.com\/product\/yoast-seo-wordpress\/ -->\n<title>Golpe estrat\u00e9gico al CJNG: Caen en Nayarit y Jalisco el sucesor de \u201cEl Mencho\u201d y su operador financiero - Informante.mx<\/title>\n<meta name=\"robots\" content=\"index, follow, max-snippet:-1, max-image-preview:large, max-video-preview:-1\" \/>\n<link rel=\"canonical\" href=\"https:\/\/informante.mx\/?p=58120\" \/>\n<meta property=\"og:locale\" content=\"es_ES\" \/>\n<meta property=\"og:type\" content=\"article\" \/>\n<meta property=\"og:title\" content=\"Golpe estrat\u00e9gico al CJNG: Caen en Nayarit y Jalisco el sucesor de \u201cEl Mencho\u201d y su operador financiero - Informante.mx\" \/>\n<meta property=\"og:description\" content=\"En un operativo coordinado por fuerzas federales, se logr\u00f3 la captura de Audias Flores Silva, alias \u201cEl Jardinero\u201d, y de C\u00e9sar Alejandro \u201cN\u201d, alias \u201cEl G\u00fcero Conta\u201d, desarticulando la c\u00fapula de mando y la estructura log\u00edstica del c\u00e1rtel tras la muerte de su fundador.\" \/>\n<meta property=\"og:url\" content=\"https:\/\/informante.mx\/?p=58120\" \/>\n<meta property=\"og:site_name\" content=\"Informante.mx\" \/>\n<meta property=\"article:publisher\" content=\"https:\/\/www.facebook.com\/MX.Informante\" \/>\n<meta property=\"article:published_time\" content=\"2026-04-28T16:13:50+00:00\" \/>\n<meta property=\"article:modified_time\" content=\"2026-04-28T16:13:55+00:00\" \/>\n<meta property=\"og:image\" content=\"https:\/\/informante.mx\/wp-content\/uploads\/2026\/04\/Drogas-Operativo.jpg\" \/>\n\t<meta property=\"og:image:width\" content=\"1100\" \/>\n\t<meta property=\"og:image:height\" content=\"700\" \/>\n\t<meta property=\"og:image:type\" content=\"image\/jpeg\" \/>\n<meta name=\"author\" content=\"InformanteMX\" \/>\n<meta name=\"twitter:card\" content=\"summary_large_image\" \/>\n<meta name=\"twitter:creator\" content=\"@mx_informante\" \/>\n<meta name=\"twitter:site\" content=\"@mx_informante\" \/>\n<meta name=\"twitter:label1\" content=\"Escrito por\" \/>\n\t<meta name=\"twitter:data1\" content=\"InformanteMX\" \/>\n\t<meta name=\"twitter:label2\" content=\"Tiempo de lectura\" \/>\n\t<meta name=\"twitter:data2\" content=\"4 minutos\" \/>\n<script type=\"application\/ld+json\" class=\"yoast-schema-graph\">{\"@context\":\"https:\\\/\\\/schema.org\",\"@graph\":[{\"@type\":\"NewsArticle\",\"@id\":\"https:\\\/\\\/informante.mx\\\/?p=58120#article\",\"isPartOf\":{\"@id\":\"https:\\\/\\\/informante.mx\\\/?p=58120\"},\"author\":{\"name\":\"InformanteMX\",\"@id\":\"https:\\\/\\\/informante.mx\\\/#\\\/schema\\\/person\\\/3eff91989d2ea76b0a330b416325946c\"},\"headline\":\"Golpe estrat\u00e9gico al CJNG: Caen en Nayarit y Jalisco el sucesor de \u201cEl Mencho\u201d y su operador financiero\",\"datePublished\":\"2026-04-28T16:13:50+00:00\",\"dateModified\":\"2026-04-28T16:13:55+00:00\",\"mainEntityOfPage\":{\"@id\":\"https:\\\/\\\/informante.mx\\\/?p=58120\"},\"wordCount\":836,\"commentCount\":0,\"publisher\":{\"@id\":\"https:\\\/\\\/informante.mx\\\/#organization\"},\"image\":{\"@id\":\"https:\\\/\\\/informante.mx\\\/?p=58120#primaryimage\"},\"thumbnailUrl\":\"https:\\\/\\\/informante.mx\\\/wp-content\\\/uploads\\\/2026\\\/04\\\/Drogas-Operativo.jpg\",\"keywords\":[\"Nacional\"],\"articleSection\":[\"Nacional\"],\"inLanguage\":\"es\",\"potentialAction\":[{\"@type\":\"CommentAction\",\"name\":\"Comment\",\"target\":[\"https:\\\/\\\/informante.mx\\\/?p=58120#respond\"]}]},{\"@type\":\"WebPage\",\"@id\":\"https:\\\/\\\/informante.mx\\\/?p=58120\",\"url\":\"https:\\\/\\\/informante.mx\\\/?p=58120\",\"name\":\"Golpe estrat\u00e9gico al CJNG: Caen en Nayarit y Jalisco el sucesor de \u201cEl Mencho\u201d y su operador financiero - Informante.mx\",\"isPartOf\":{\"@id\":\"https:\\\/\\\/informante.mx\\\/#website\"},\"primaryImageOfPage\":{\"@id\":\"https:\\\/\\\/informante.mx\\\/?p=58120#primaryimage\"},\"image\":{\"@id\":\"https:\\\/\\\/informante.mx\\\/?p=58120#primaryimage\"},\"thumbnailUrl\":\"https:\\\/\\\/informante.mx\\\/wp-content\\\/uploads\\\/2026\\\/04\\\/Drogas-Operativo.jpg\",\"datePublished\":\"2026-04-28T16:13:50+00:00\",\"dateModified\":\"2026-04-28T16:13:55+00:00\",\"breadcrumb\":{\"@id\":\"https:\\\/\\\/informante.mx\\\/?p=58120#breadcrumb\"},\"inLanguage\":\"es\",\"potentialAction\":[{\"@type\":\"ReadAction\",\"target\":[\"https:\\\/\\\/informante.mx\\\/?p=58120\"]}]},{\"@type\":\"ImageObject\",\"inLanguage\":\"es\",\"@id\":\"https:\\\/\\\/informante.mx\\\/?p=58120#primaryimage\",\"url\":\"https:\\\/\\\/informante.mx\\\/wp-content\\\/uploads\\\/2026\\\/04\\\/Drogas-Operativo.jpg\",\"contentUrl\":\"https:\\\/\\\/informante.mx\\\/wp-content\\\/uploads\\\/2026\\\/04\\\/Drogas-Operativo.jpg\",\"width\":1100,\"height\":700},{\"@type\":\"BreadcrumbList\",\"@id\":\"https:\\\/\\\/informante.mx\\\/?p=58120#breadcrumb\",\"itemListElement\":[{\"@type\":\"ListItem\",\"position\":1,\"name\":\"Portada\",\"item\":\"https:\\\/\\\/informante.mx\\\/\"},{\"@type\":\"ListItem\",\"position\":2,\"name\":\"Golpe estrat\u00e9gico al CJNG: Caen en Nayarit y Jalisco el sucesor de \u201cEl Mencho\u201d y su operador financiero\"}]},{\"@type\":\"WebSite\",\"@id\":\"https:\\\/\\\/informante.mx\\\/#website\",\"url\":\"https:\\\/\\\/informante.mx\\\/\",\"name\":\"Informante.mx\",\"description\":\"\",\"publisher\":{\"@id\":\"https:\\\/\\\/informante.mx\\\/#organization\"},\"potentialAction\":[{\"@type\":\"SearchAction\",\"target\":{\"@type\":\"EntryPoint\",\"urlTemplate\":\"https:\\\/\\\/informante.mx\\\/?s={search_term_string}\"},\"query-input\":{\"@type\":\"PropertyValueSpecification\",\"valueRequired\":true,\"valueName\":\"search_term_string\"}}],\"inLanguage\":\"es\"},{\"@type\":\"Organization\",\"@id\":\"https:\\\/\\\/informante.mx\\\/#organization\",\"name\":\"Informante.mx\",\"url\":\"https:\\\/\\\/informante.mx\\\/\",\"logo\":{\"@type\":\"ImageObject\",\"inLanguage\":\"es\",\"@id\":\"https:\\\/\\\/informante.mx\\\/#\\\/schema\\\/logo\\\/image\\\/\",\"url\":\"https:\\\/\\\/informante.mx\\\/wp-content\\\/uploads\\\/2019\\\/12\\\/cropped-LOGO-Verde-Apaisado-1024x360O-1.png\",\"contentUrl\":\"https:\\\/\\\/informante.mx\\\/wp-content\\\/uploads\\\/2019\\\/12\\\/cropped-LOGO-Verde-Apaisado-1024x360O-1.png\",\"width\":923,\"height\":180,\"caption\":\"Informante.mx\"},\"image\":{\"@id\":\"https:\\\/\\\/informante.mx\\\/#\\\/schema\\\/logo\\\/image\\\/\"},\"sameAs\":[\"https:\\\/\\\/www.facebook.com\\\/MX.Informante\",\"https:\\\/\\\/x.com\\\/mx_informante\"]},{\"@type\":\"Person\",\"@id\":\"https:\\\/\\\/informante.mx\\\/#\\\/schema\\\/person\\\/3eff91989d2ea76b0a330b416325946c\",\"name\":\"InformanteMX\",\"image\":{\"@type\":\"ImageObject\",\"inLanguage\":\"es\",\"@id\":\"https:\\\/\\\/secure.gravatar.com\\\/avatar\\\/10d802aa739e832aedd2f3fd8544d878871eb22e6ca86fe9a548573e34a28f0e?s=96&d=mm&r=g\",\"url\":\"https:\\\/\\\/secure.gravatar.com\\\/avatar\\\/10d802aa739e832aedd2f3fd8544d878871eb22e6ca86fe9a548573e34a28f0e?s=96&d=mm&r=g\",\"contentUrl\":\"https:\\\/\\\/secure.gravatar.com\\\/avatar\\\/10d802aa739e832aedd2f3fd8544d878871eb22e6ca86fe9a548573e34a28f0e?s=96&d=mm&r=g\",\"caption\":\"InformanteMX\"},\"url\":\"https:\\\/\\\/informante.mx\\\/?author=1\"}]}<\/script>\n<!-- \/ Yoast SEO plugin. -->","yoast_head_json":{"title":"Golpe estrat\u00e9gico al CJNG: Caen en Nayarit y Jalisco el sucesor de \u201cEl Mencho\u201d y su operador financiero - Informante.mx","robots":{"index":"index","follow":"follow","max-snippet":"max-snippet:-1","max-image-preview":"max-image-preview:large","max-video-preview":"max-video-preview:-1"},"canonical":"https:\/\/informante.mx\/?p=58120","og_locale":"es_ES","og_type":"article","og_title":"Golpe estrat\u00e9gico al CJNG: Caen en Nayarit y Jalisco el sucesor de \u201cEl Mencho\u201d y su operador financiero - Informante.mx","og_description":"En un operativo coordinado por fuerzas federales, se logr\u00f3 la captura de Audias Flores Silva, alias \u201cEl Jardinero\u201d, y de C\u00e9sar Alejandro \u201cN\u201d, alias \u201cEl G\u00fcero Conta\u201d, desarticulando la c\u00fapula de mando y la estructura log\u00edstica del c\u00e1rtel tras la muerte de su fundador.","og_url":"https:\/\/informante.mx\/?p=58120","og_site_name":"Informante.mx","article_publisher":"https:\/\/www.facebook.com\/MX.Informante","article_published_time":"2026-04-28T16:13:50+00:00","article_modified_time":"2026-04-28T16:13:55+00:00","og_image":[{"width":1100,"height":700,"url":"https:\/\/informante.mx\/wp-content\/uploads\/2026\/04\/Drogas-Operativo.jpg","type":"image\/jpeg"}],"author":"InformanteMX","twitter_card":"summary_large_image","twitter_creator":"@mx_informante","twitter_site":"@mx_informante","twitter_misc":{"Escrito por":"InformanteMX","Tiempo de lectura":"4 minutos"},"schema":{"@context":"https:\/\/schema.org","@graph":[{"@type":"NewsArticle","@id":"https:\/\/informante.mx\/?p=58120#article","isPartOf":{"@id":"https:\/\/informante.mx\/?p=58120"},"author":{"name":"InformanteMX","@id":"https:\/\/informante.mx\/#\/schema\/person\/3eff91989d2ea76b0a330b416325946c"},"headline":"Golpe estrat\u00e9gico al CJNG: Caen en Nayarit y Jalisco el sucesor de \u201cEl Mencho\u201d y su operador financiero","datePublished":"2026-04-28T16:13:50+00:00","dateModified":"2026-04-28T16:13:55+00:00","mainEntityOfPage":{"@id":"https:\/\/informante.mx\/?p=58120"},"wordCount":836,"commentCount":0,"publisher":{"@id":"https:\/\/informante.mx\/#organization"},"image":{"@id":"https:\/\/informante.mx\/?p=58120#primaryimage"},"thumbnailUrl":"https:\/\/informante.mx\/wp-content\/uploads\/2026\/04\/Drogas-Operativo.jpg","keywords":["Nacional"],"articleSection":["Nacional"],"inLanguage":"es","potentialAction":[{"@type":"CommentAction","name":"Comment","target":["https:\/\/informante.mx\/?p=58120#respond"]}]},{"@type":"WebPage","@id":"https:\/\/informante.mx\/?p=58120","url":"https:\/\/informante.mx\/?p=58120","name":"Golpe estrat\u00e9gico al CJNG: Caen en Nayarit y Jalisco el sucesor de \u201cEl Mencho\u201d y su operador financiero - Informante.mx","isPartOf":{"@id":"https:\/\/informante.mx\/#website"},"primaryImageOfPage":{"@id":"https:\/\/informante.mx\/?p=58120#primaryimage"},"image":{"@id":"https:\/\/informante.mx\/?p=58120#primaryimage"},"thumbnailUrl":"https:\/\/informante.mx\/wp-content\/uploads\/2026\/04\/Drogas-Operativo.jpg","datePublished":"2026-04-28T16:13:50+00:00","dateModified":"2026-04-28T16:13:55+00:00","breadcrumb":{"@id":"https:\/\/informante.mx\/?p=58120#breadcrumb"},"inLanguage":"es","potentialAction":[{"@type":"ReadAction","target":["https:\/\/informante.mx\/?p=58120"]}]},{"@type":"ImageObject","inLanguage":"es","@id":"https:\/\/informante.mx\/?p=58120#primaryimage","url":"https:\/\/informante.mx\/wp-content\/uploads\/2026\/04\/Drogas-Operativo.jpg","contentUrl":"https:\/\/informante.mx\/wp-content\/uploads\/2026\/04\/Drogas-Operativo.jpg","width":1100,"height":700},{"@type":"BreadcrumbList","@id":"https:\/\/informante.mx\/?p=58120#breadcrumb","itemListElement":[{"@type":"ListItem","position":1,"name":"Portada","item":"https:\/\/informante.mx\/"},{"@type":"ListItem","position":2,"name":"Golpe estrat\u00e9gico al CJNG: Caen en Nayarit y Jalisco el sucesor de \u201cEl Mencho\u201d y su operador financiero"}]},{"@type":"WebSite","@id":"https:\/\/informante.mx\/#website","url":"https:\/\/informante.mx\/","name":"Informante.mx","description":"","publisher":{"@id":"https:\/\/informante.mx\/#organization"},"potentialAction":[{"@type":"SearchAction","target":{"@type":"EntryPoint","urlTemplate":"https:\/\/informante.mx\/?s={search_term_string}"},"query-input":{"@type":"PropertyValueSpecification","valueRequired":true,"valueName":"search_term_string"}}],"inLanguage":"es"},{"@type":"Organization","@id":"https:\/\/informante.mx\/#organization","name":"Informante.mx","url":"https:\/\/informante.mx\/","logo":{"@type":"ImageObject","inLanguage":"es","@id":"https:\/\/informante.mx\/#\/schema\/logo\/image\/","url":"https:\/\/informante.mx\/wp-content\/uploads\/2019\/12\/cropped-LOGO-Verde-Apaisado-1024x360O-1.png","contentUrl":"https:\/\/informante.mx\/wp-content\/uploads\/2019\/12\/cropped-LOGO-Verde-Apaisado-1024x360O-1.png","width":923,"height":180,"caption":"Informante.mx"},"image":{"@id":"https:\/\/informante.mx\/#\/schema\/logo\/image\/"},"sameAs":["https:\/\/www.facebook.com\/MX.Informante","https:\/\/x.com\/mx_informante"]},{"@type":"Person","@id":"https:\/\/informante.mx\/#\/schema\/person\/3eff91989d2ea76b0a330b416325946c","name":"InformanteMX","image":{"@type":"ImageObject","inLanguage":"es","@id":"https:\/\/secure.gravatar.com\/avatar\/10d802aa739e832aedd2f3fd8544d878871eb22e6ca86fe9a548573e34a28f0e?s=96&d=mm&r=g","url":"https:\/\/secure.gravatar.com\/avatar\/10d802aa739e832aedd2f3fd8544d878871eb22e6ca86fe9a548573e34a28f0e?s=96&d=mm&r=g","contentUrl":"https:\/\/secure.gravatar.com\/avatar\/10d802aa739e832aedd2f3fd8544d878871eb22e6ca86fe9a548573e34a28f0e?s=96&d=mm&r=g","caption":"InformanteMX"},"url":"https:\/\/informante.mx\/?author=1"}]}},"jetpack_featured_media_url":"https:\/\/informante.mx\/wp-content\/uploads\/2026\/04\/Drogas-Operativo.jpg","uagb_featured_image_src":{"full":["https:\/\/informante.mx\/wp-content\/uploads\/2026\/04\/Drogas-Operativo.jpg",1100,700,false],"thumbnail":["https:\/\/informante.mx\/wp-content\/uploads\/2026\/04\/Drogas-Operativo-150x95.jpg",150,95,true],"medium":["https:\/\/informante.mx\/wp-content\/uploads\/2026\/04\/Drogas-Operativo-300x191.jpg",300,191,true],"medium_large":["https:\/\/informante.mx\/wp-content\/uploads\/2026\/04\/Drogas-Operativo-768x489.jpg",640,408,true],"large":["https:\/\/informante.mx\/wp-content\/uploads\/2026\/04\/Drogas-Operativo-1024x652.jpg",640,408,true],"1536x1536":["https:\/\/informante.mx\/wp-content\/uploads\/2026\/04\/Drogas-Operativo.jpg",1100,700,false],"2048x2048":["https:\/\/informante.mx\/wp-content\/uploads\/2026\/04\/Drogas-Operativo.jpg",1100,700,false],"td_0x420":["https:\/\/informante.mx\/wp-content\/uploads\/2026\/04\/Drogas-Operativo-660x420.jpg",660,420,true],"td_0x420_retina":["https:\/\/informante.mx\/wp-content\/uploads\/2026\/04\/Drogas-Operativo.jpg",1100,700,false],"td_80x60":["https:\/\/informante.mx\/wp-content\/uploads\/2026\/04\/Drogas-Operativo-80x60.jpg",80,60,true],"td_80x60_retina":["https:\/\/informante.mx\/wp-content\/uploads\/2026\/04\/Drogas-Operativo-160x120.jpg",160,120,true],"td_100x75":["https:\/\/informante.mx\/wp-content\/uploads\/2026\/04\/Drogas-Operativo-100x75.jpg",100,75,true],"td_100x75_retina":["https:\/\/informante.mx\/wp-content\/uploads\/2026\/04\/Drogas-Operativo-200x150.jpg",200,150,true],"td_180x135":["https:\/\/informante.mx\/wp-content\/uploads\/2026\/04\/Drogas-Operativo-180x135.jpg",180,135,true],"td_180x135_retina":["https:\/\/informante.mx\/wp-content\/uploads\/2026\/04\/Drogas-Operativo-360x270.jpg",360,270,true],"td_238x178":["https:\/\/informante.mx\/wp-content\/uploads\/2026\/04\/Drogas-Operativo-238x178.jpg",238,178,true],"td_238x178_retina":["https:\/\/informante.mx\/wp-content\/uploads\/2026\/04\/Drogas-Operativo-476x356.jpg",476,356,true],"td_265x198":["https:\/\/informante.mx\/wp-content\/uploads\/2026\/04\/Drogas-Operativo-265x198.jpg",265,198,true],"td_265x198_retina":["https:\/\/informante.mx\/wp-content\/uploads\/2026\/04\/Drogas-Operativo-530x396.jpg",530,396,true],"td_300x160":["https:\/\/informante.mx\/wp-content\/uploads\/2026\/04\/Drogas-Operativo-300x160.jpg",300,160,true],"td_300x160_retina":["https:\/\/informante.mx\/wp-content\/uploads\/2026\/04\/Drogas-Operativo-600x320.jpg",600,320,true],"td_300x194":["https:\/\/informante.mx\/wp-content\/uploads\/2026\/04\/Drogas-Operativo-300x194.jpg",300,194,true],"td_300x194_retina":["https:\/\/informante.mx\/wp-content\/uploads\/2026\/04\/Drogas-Operativo-600x388.jpg",600,388,true],"td_300x350":["https:\/\/informante.mx\/wp-content\/uploads\/2026\/04\/Drogas-Operativo-300x350.jpg",300,350,true],"td_300x350_retina":["https:\/\/informante.mx\/wp-content\/uploads\/2026\/04\/Drogas-Operativo-600x700.jpg",600,700,true],"td_341x220":["https:\/\/informante.mx\/wp-content\/uploads\/2026\/04\/Drogas-Operativo-341x220.jpg",341,220,true],"td_341x220_retina":["https:\/\/informante.mx\/wp-content\/uploads\/2026\/04\/Drogas-Operativo-682x440.jpg",682,440,true],"td_341x400":["https:\/\/informante.mx\/wp-content\/uploads\/2026\/04\/Drogas-Operativo-341x400.jpg",341,400,true],"td_341x400_retina":["https:\/\/informante.mx\/wp-content\/uploads\/2026\/04\/Drogas-Operativo-682x700.jpg",682,700,true],"td_511x400":["https:\/\/informante.mx\/wp-content\/uploads\/2026\/04\/Drogas-Operativo-511x400.jpg",511,400,true],"td_511x400_retina":["https:\/\/informante.mx\/wp-content\/uploads\/2026\/04\/Drogas-Operativo-1022x700.jpg",1022,700,true],"td_537x360":["https:\/\/informante.mx\/wp-content\/uploads\/2026\/04\/Drogas-Operativo-537x360.jpg",537,360,true],"td_537x360_retina":["https:\/\/informante.mx\/wp-content\/uploads\/2026\/04\/Drogas-Operativo-1074x700.jpg",1074,700,true],"td_640x0":["https:\/\/informante.mx\/wp-content\/uploads\/2026\/04\/Drogas-Operativo-640x407.jpg",640,407,true],"td_640x0_retina":["https:\/\/informante.mx\/wp-content\/uploads\/2026\/04\/Drogas-Operativo.jpg",1100,700,false],"td_640x350":["https:\/\/informante.mx\/wp-content\/uploads\/2026\/04\/Drogas-Operativo-640x350.jpg",640,350,true],"td_640x350_retina":["https:\/\/informante.mx\/wp-content\/uploads\/2026\/04\/Drogas-Operativo.jpg",1100,700,false],"td_681x0":["https:\/\/informante.mx\/wp-content\/uploads\/2026\/04\/Drogas-Operativo-681x433.jpg",681,433,true],"td_681x0_retina":["https:\/\/informante.mx\/wp-content\/uploads\/2026\/04\/Drogas-Operativo.jpg",1100,700,false],"td_681x400":["https:\/\/informante.mx\/wp-content\/uploads\/2026\/04\/Drogas-Operativo-681x400.jpg",681,400,true],"td_681x400_retina":["https:\/\/informante.mx\/wp-content\/uploads\/2026\/04\/Drogas-Operativo.jpg",1100,700,false],"td_741x486":["https:\/\/informante.mx\/wp-content\/uploads\/2026\/04\/Drogas-Operativo-741x486.jpg",741,486,true],"td_741x486_retina":["https:\/\/informante.mx\/wp-content\/uploads\/2026\/04\/Drogas-Operativo.jpg",1100,700,false],"td_1021x580":["https:\/\/informante.mx\/wp-content\/uploads\/2026\/04\/Drogas-Operativo-1021x580.jpg",1021,580,true],"td_1021x580_retina":["https:\/\/informante.mx\/wp-content\/uploads\/2026\/04\/Drogas-Operativo.jpg",1100,700,false]},"uagb_author_info":{"display_name":"InformanteMX","author_link":"https:\/\/informante.mx\/?author=1"},"uagb_comment_info":0,"uagb_excerpt":"En un operativo coordinado por fuerzas federales, se logr\u00f3 la captura de Audias Flores Silva, alias \u201cEl Jardinero\u201d, y de C\u00e9sar Alejandro \u201cN\u201d, alias \u201cEl G\u00fcero Conta\u201d, desarticulando la c\u00fapula de mando y la estructura log\u00edstica del c\u00e1rtel tras la muerte de su fundador.","_links":{"self":[{"href":"https:\/\/informante.mx\/index.php?rest_route=\/wp\/v2\/posts\/58120","targetHints":{"allow":["GET"]}}],"collection":[{"href":"https:\/\/informante.mx\/index.php?rest_route=\/wp\/v2\/posts"}],"about":[{"href":"https:\/\/informante.mx\/index.php?rest_route=\/wp\/v2\/types\/post"}],"author":[{"embeddable":true,"href":"https:\/\/informante.mx\/index.php?rest_route=\/wp\/v2\/users\/1"}],"replies":[{"embeddable":true,"href":"https:\/\/informante.mx\/index.php?rest_route=%2Fwp%2Fv2%2Fcomments&post=58120"}],"version-history":[{"count":1,"href":"https:\/\/informante.mx\/index.php?rest_route=\/wp\/v2\/posts\/58120\/revisions"}],"predecessor-version":[{"id":58122,"href":"https:\/\/informante.mx\/index.php?rest_route=\/wp\/v2\/posts\/58120\/revisions\/58122"}],"wp:featuredmedia":[{"embeddable":true,"href":"https:\/\/informante.mx\/index.php?rest_route=\/wp\/v2\/media\/58121"}],"wp:attachment":[{"href":"https:\/\/informante.mx\/index.php?rest_route=%2Fwp%2Fv2%2Fmedia&parent=58120"}],"wp:term":[{"taxonomy":"category","embeddable":true,"href":"https:\/\/informante.mx\/index.php?rest_route=%2Fwp%2Fv2%2Fcategories&post=58120"},{"taxonomy":"post_tag","embeddable":true,"href":"https:\/\/informante.mx\/index.php?rest_route=%2Fwp%2Fv2%2Ftags&post=58120"}],"curies":[{"name":"wp","href":"https:\/\/api.w.org\/{rel}","templated":true}]}}