{"id":58112,"date":"2026-04-28T09:52:01","date_gmt":"2026-04-28T15:52:01","guid":{"rendered":"https:\/\/informante.mx\/?p=58112"},"modified":"2026-04-28T09:52:07","modified_gmt":"2026-04-28T15:52:07","slug":"renuncia-el-fiscal-general-de-chihuahua-tras-operativo-ilegal-con-agentes-de-la-cia","status":"publish","type":"post","link":"https:\/\/informante.mx\/?p=58112","title":{"rendered":"Renuncia el Fiscal General de Chihuahua tras operativo ilegal con agentes de la CIA"},"content":{"rendered":"\n<h2 class=\"wp-block-heading\">La dimisi\u00f3n de C\u00e9sar J\u00e1uregui Moreno ocurre en medio de una crisis de soberan\u00eda nacional y bajo el se\u00f1alamiento directo del Gobierno Federal por la incursi\u00f3n no autorizada de inteligencia extranjera en territorio estatal.<\/h2>\n\n\n\n<p><strong>Redacci\u00f3n Informante<\/strong><\/p>\n\n\n\n<p><strong>CHIHUAHUA, CHIH.<\/strong>&nbsp;\u2013 En una jornada marcada por la tensi\u00f3n pol\u00edtica y el escrutinio diplom\u00e1tico, C\u00e9sar J\u00e1uregui Moreno present\u00f3 este lunes su renuncia irrevocable al cargo de Fiscal General del Estado de Chihuahua. La salida del funcionario es la consecuencia inmediata de un esc\u00e1ndalo internacional que involucra la participaci\u00f3n de agentes de la Agencia Central de Inteligencia (CIA) de los Estados Unidos en un operativo antidrogas en suelo mexicano, realizado sin los protocolos legales ni el consentimiento de las autoridades federales.<\/p>\n\n\n\n<p>El anuncio de la dimisi\u00f3n se produce apenas una semana despu\u00e9s de que un aparente accidente de tr\u00e1nsito pusiera al descubierto una operaci\u00f3n clandestina que ha sido calificada por el Ejecutivo Federal como una \u201cflagrante violaci\u00f3n a la soberan\u00eda nacional\u201d. La crisis ha escalado hasta convertirse en el episodio de fricci\u00f3n m\u00e1s grave entre la administraci\u00f3n de la presidenta Claudia Sheinbaum y el gobierno de Chihuahua, reabriendo el debate sobre los l\u00edmites de la cooperaci\u00f3n binacional en materia de seguridad.<\/p>\n\n\n\n<p><strong>El origen del conflicto: un accidente revelador<\/strong><\/p>\n\n\n\n<p>La cronolog\u00eda de los hechos se remonta al pasado 19 de abril. Lo que inicialmente fue reportado por las autoridades estatales como un desafortunado accidente automovil\u00edstico en una zona rural del estado, pronto revel\u00f3 una realidad mucho m\u00e1s compleja. En el siniestro perdieron la vida cuatro personas: dos elementos de las fuerzas locales y dos ciudadanos estadounidenses cuya presencia en la zona no hab\u00eda sido reportada oficialmente.<\/p>\n\n\n\n<p>Investigaciones posteriores, impulsadas por reportes de inteligencia federal, confirmaron que los extranjeros fallecidos eran agentes activos de la CIA. Seg\u00fan los informes t\u00e9cnicos, el veh\u00edculo en el que viajaban formaba parte de una avanzada que regresaba de una incursi\u00f3n para la localizaci\u00f3n y destrucci\u00f3n de laboratorios clandestinos de drogas sint\u00e9ticas.<\/p>\n\n\n\n<p>La gravedad del asunto radica en que, bajo el marco jur\u00eddico mexicano y los acuerdos internacionales vigentes, cualquier agente extranjero que realice labores de apoyo o inteligencia en territorio nacional debe estar debidamente acreditado ante la Secretar\u00eda de Relaciones Exteriores (SRE) y su actuaci\u00f3n debe ser supervisada por la Secretar\u00eda de la Defensa Nacional (SEDENA) o la Marina. En este caso, ninguna de estas instancias fue notificada, operando los agentes estadounidenses bajo un esquema de \u00abcooperaci\u00f3n informal\u00bb directamente con la Fiscal\u00eda estatal.<\/p>\n\n\n\n<p><strong>La postura del Gobierno Federal<\/strong><\/p>\n\n\n\n<p>Desde el Palacio Nacional, la postura fue tajante. La presidenta Claudia Sheinbaum denunci\u00f3 que el operativo no solo fue ilegal por la falta de permisos, sino que represent\u00f3 una falta de lealtad institucional por parte del gobierno estatal hacia el pacto federal. \u00abNo permitiremos que ninguna agencia extranjera opere fuera de la ley en nuestro pa\u00eds, ni que autoridades locales ignoren la Constituci\u00f3n bajo el pretexto de la seguridad\u00bb, declar\u00f3 la mandataria en d\u00edas previos a la renuncia del fiscal.<\/p>\n\n\n\n<p>Por su parte, la Secretar\u00eda de Gobernaci\u00f3n se\u00f1al\u00f3 que este evento pone en riesgo los canales de confianza establecidos con Washington. La presencia de la CIA en tareas operativas \u2014y no solo de inteligencia compartida\u2014 contraviene las reformas a la Ley de Seguridad Nacional aprobadas hace a\u00f1os para regular precisamente a los agentes extranjeros en M\u00e9xico.<\/p>\n\n\n\n<p><strong>La defensa y ca\u00edda de J\u00e1uregui<\/strong><\/p>\n\n\n\n<p>En su comparecencia de despedida, C\u00e9sar J\u00e1uregui Moreno admiti\u00f3 que la comunicaci\u00f3n inicial sobre los hechos fue \u00abinconsistente\u00bb. Si bien intent\u00f3 justificar la colaboraci\u00f3n con los agentes estadounidenses como una medida de \u00abeficacia necesaria\u00bb ante el poder de los grupos criminales en la entidad, termin\u00f3 por reconocer que la estructura del operativo no se ajust\u00f3 a los canales diplom\u00e1ticos obligatorios.<\/p>\n\n\n\n<p>Fuentes cercanas a la Fiscal\u00eda estatal sugieren que la presi\u00f3n de la Fiscal\u00eda General de la Rep\u00fablica (FGR), que ha abierto una carpeta de investigaci\u00f3n por el delito de ejercicio il\u00edcito del servicio p\u00fablico y violaciones a la Ley de Seguridad Nacional, hizo que la posici\u00f3n de J\u00e1uregui fuera insostenible. Su renuncia se interpreta no solo como un acto de asunci\u00f3n de responsabilidad, sino como un intento del gobierno estatal por contener los da\u00f1os ante una posible intervenci\u00f3n federal mayor.<\/p>\n\n\n\n<p><strong>Implicaciones y lo que sigue<\/strong><\/p>\n\n\n\n<p>La ca\u00edda del fiscal general de Chihuahua deja un vac\u00edo de poder en una de las zonas m\u00e1s convulsas del pa\u00eds por el narcotr\u00e1fico. Sin embargo, las repercusiones van m\u00e1s all\u00e1 de la pol\u00edtica local. La FGR mantiene bajo custodia los peritajes del accidente y los equipos de comunicaci\u00f3n recuperados en la escena, los cuales podr\u00edan contener informaci\u00f3n sobre otros operativos similares realizados en el pasado reciente.<\/p>\n\n\n\n<p>Este incidente obliga a una revisi\u00f3n profunda de los acuerdos de seguridad entre M\u00e9xico y Estados Unidos. Mientras el Departamento de Estado en Washington ha mantenido un perfil bajo, limit\u00e1ndose a confirmar el deceso de sus ciudadanos sin profundizar en su estatus operativo, en M\u00e9xico el Congreso ya prepara una serie de citatorios para que los responsables de la pol\u00edtica exterior y de seguridad expliquen c\u00f3mo fue posible que este grupo operara bajo el radar de las fuerzas armadas.<\/p>\n\n\n\n<p>La salida de J\u00e1uregui es, previsiblemente, el primer eslab\u00f3n de una cadena de responsabilidades que podr\u00eda alcanzar a otros mandos operativos. El estado de Chihuahua se encuentra ahora en un proceso de transici\u00f3n forzada, mientras la sombra de la incursi\u00f3n extranjera ilegal marca un precedente sombr\u00edo en la relaci\u00f3n binacional de la presente d\u00e9cada.<\/p>\n\n\n\n<hr class=\"wp-block-separator has-alpha-channel-opacity\"\/>\n\n\n\n<p class=\"has-text-align-center\" style=\"font-size:17px\"><strong><i>Toda la informaci\u00f3n que necesitas saber la encuentras en nuestras <\/i><strong style=\"\"><em style=\"font-style: italic;\">redes sociales y canal de <\/em><\/strong><\/strong><a href=\"https:\/\/t.me\/informantemx\" target=\"_blank\" rel=\"noreferrer noopener\"><strong><em>Telegram<\/em><\/strong><\/a>. <\/p>\n\n\n\n<p class=\"has-text-align-center\" style=\"font-size:17px\"><strong><em>!\u00danete!<\/em><\/strong><\/p>\n\n\n\n<div class=\"wp-block-uagb-image aligncenter uagb-block-3acd28e8 wp-block-uagb-image--layout-default wp-block-uagb-image--effect-zoomin wp-block-uagb-image--align-center\"><figure class=\"wp-block-uagb-image__figure\"><a class=\"\" href=\"https:\/\/t.me\/informantemx\" target=\"\" rel=\"noopener\"><img decoding=\"async\" srcset=\"https:\/\/informante.mx\/wp-content\/uploads\/2023\/08\/Banner-Telegram-Verde-800x60-1.png ,https:\/\/informante.mx\/wp-content\/uploads\/2023\/08\/Banner-Telegram-Verde-800x60-1.png 780w, https:\/\/informante.mx\/wp-content\/uploads\/2023\/08\/Banner-Telegram-Verde-800x60-1.png 360w\" sizes=\"auto, (max-width: 480px) 150px\" src=\"https:\/\/informante.mx\/wp-content\/uploads\/2023\/08\/Banner-Telegram-Verde-800x60-1.png\" alt=\"\" class=\"uag-image-23275\" width=\"800\" height=\"60\" title=\"\" loading=\"lazy\" role=\"img\"\/><\/a><\/figure><\/div>\n\n\n\n<div class=\"wp-block-uagb-image aligncenter uagb-block-45ea2b31 wp-block-uagb-image--layout-default wp-block-uagb-image--effect-zoomin wp-block-uagb-image--align-center\"><figure class=\"wp-block-uagb-image__figure\"><a class=\"\" href=\"https:\/\/www.facebook.com\/MX.Informante\" target=\"\" rel=\"noopener\"><img decoding=\"async\" srcset=\"https:\/\/informante.mx\/wp-content\/uploads\/2023\/08\/Banner-Facebook-Verde-800x60-1.png ,https:\/\/informante.mx\/wp-content\/uploads\/2023\/08\/Banner-Facebook-Verde-800x60-1.png 780w, https:\/\/informante.mx\/wp-content\/uploads\/2023\/08\/Banner-Facebook-Verde-800x60-1.png 360w\" sizes=\"auto, (max-width: 480px) 150px\" src=\"https:\/\/informante.mx\/wp-content\/uploads\/2023\/08\/Banner-Facebook-Verde-800x60-1.png\" alt=\"\" class=\"uag-image-23274\" width=\"800\" height=\"60\" title=\"\" loading=\"lazy\" role=\"img\"\/><\/a><\/figure><\/div>\n\n\n\n<div class=\"wp-block-uagb-image aligncenter uagb-block-2ce4c51b wp-block-uagb-image--layout-default wp-block-uagb-image--effect-zoomin wp-block-uagb-image--align-center\"><figure class=\"wp-block-uagb-image__figure\"><a class=\"\" href=\"https:\/\/twitter.com\/mx_informante\" target=\"\" rel=\"noopener\"><img decoding=\"async\" srcset=\"https:\/\/informante.mx\/wp-content\/uploads\/2023\/08\/Banner-Twitter-Verde-800x60-1.png ,https:\/\/informante.mx\/wp-content\/uploads\/2023\/08\/Banner-Twitter-Verde-800x60-1.png 780w, https:\/\/informante.mx\/wp-content\/uploads\/2023\/08\/Banner-Twitter-Verde-800x60-1.png 360w\" sizes=\"auto, (max-width: 480px) 150px\" src=\"https:\/\/informante.mx\/wp-content\/uploads\/2023\/08\/Banner-Twitter-Verde-800x60-1.png\" alt=\"\" class=\"uag-image-23273\" width=\"800\" height=\"60\" title=\"\" loading=\"lazy\" role=\"img\"\/><\/a><\/figure><\/div>\n\n\n\n<div style=\"height:50px\" aria-hidden=\"true\" class=\"wp-block-spacer\"><\/div>\n","protected":false},"excerpt":{"rendered":"<p>La dimisi\u00f3n de C\u00e9sar J\u00e1uregui Moreno ocurre en medio de una crisis de soberan\u00eda nacional y bajo el se\u00f1alamiento directo del Gobierno Federal por la incursi\u00f3n no autorizada de inteligencia extranjera en territorio estatal.<\/p>\n","protected":false},"author":1,"featured_media":58113,"comment_status":"open","ping_status":"closed","sticky":false,"template":"","format":"standard","meta":{"_uag_custom_page_level_css":"","jetpack_post_was_ever_published":false,"footnotes":""},"categories":[9],"tags":[31],"class_list":["post-58112","post","type-post","status-publish","format-standard","has-post-thumbnail","hentry","category-nacional","tag-nacional"],"yoast_head":"<!-- This site is optimized with the Yoast SEO plugin v27.3 - https:\/\/yoast.com\/product\/yoast-seo-wordpress\/ -->\n<title>Renuncia el Fiscal General de Chihuahua tras operativo ilegal con agentes de la CIA - Informante.mx<\/title>\n<meta name=\"robots\" content=\"index, follow, max-snippet:-1, max-image-preview:large, max-video-preview:-1\" \/>\n<link rel=\"canonical\" href=\"https:\/\/informante.mx\/?p=58112\" \/>\n<meta property=\"og:locale\" content=\"es_ES\" \/>\n<meta property=\"og:type\" content=\"article\" \/>\n<meta property=\"og:title\" content=\"Renuncia el Fiscal General de Chihuahua tras operativo ilegal con agentes de la CIA - Informante.mx\" \/>\n<meta property=\"og:description\" content=\"La dimisi\u00f3n de C\u00e9sar J\u00e1uregui Moreno ocurre en medio de una crisis de soberan\u00eda nacional y bajo el se\u00f1alamiento directo del Gobierno Federal por la incursi\u00f3n no autorizada de inteligencia extranjera en territorio estatal.\" \/>\n<meta property=\"og:url\" content=\"https:\/\/informante.mx\/?p=58112\" \/>\n<meta property=\"og:site_name\" content=\"Informante.mx\" \/>\n<meta property=\"article:publisher\" content=\"https:\/\/www.facebook.com\/MX.Informante\" \/>\n<meta property=\"article:published_time\" content=\"2026-04-28T15:52:01+00:00\" \/>\n<meta property=\"article:modified_time\" content=\"2026-04-28T15:52:07+00:00\" \/>\n<meta property=\"og:image\" content=\"https:\/\/informante.mx\/wp-content\/uploads\/2026\/04\/Fiscal-Chihuahua.jpg\" \/>\n\t<meta property=\"og:image:width\" content=\"1100\" \/>\n\t<meta property=\"og:image:height\" content=\"700\" \/>\n\t<meta property=\"og:image:type\" content=\"image\/jpeg\" \/>\n<meta name=\"author\" content=\"InformanteMX\" \/>\n<meta name=\"twitter:card\" content=\"summary_large_image\" \/>\n<meta name=\"twitter:creator\" content=\"@mx_informante\" \/>\n<meta name=\"twitter:site\" content=\"@mx_informante\" \/>\n<meta name=\"twitter:label1\" content=\"Escrito por\" \/>\n\t<meta name=\"twitter:data1\" content=\"InformanteMX\" \/>\n\t<meta name=\"twitter:label2\" content=\"Tiempo de lectura\" \/>\n\t<meta name=\"twitter:data2\" content=\"5 minutos\" \/>\n<script type=\"application\/ld+json\" class=\"yoast-schema-graph\">{\"@context\":\"https:\\\/\\\/schema.org\",\"@graph\":[{\"@type\":\"NewsArticle\",\"@id\":\"https:\\\/\\\/informante.mx\\\/?p=58112#article\",\"isPartOf\":{\"@id\":\"https:\\\/\\\/informante.mx\\\/?p=58112\"},\"author\":{\"name\":\"InformanteMX\",\"@id\":\"https:\\\/\\\/informante.mx\\\/#\\\/schema\\\/person\\\/3eff91989d2ea76b0a330b416325946c\"},\"headline\":\"Renuncia el Fiscal General de Chihuahua tras operativo ilegal con agentes de la CIA\",\"datePublished\":\"2026-04-28T15:52:01+00:00\",\"dateModified\":\"2026-04-28T15:52:07+00:00\",\"mainEntityOfPage\":{\"@id\":\"https:\\\/\\\/informante.mx\\\/?p=58112\"},\"wordCount\":998,\"commentCount\":0,\"publisher\":{\"@id\":\"https:\\\/\\\/informante.mx\\\/#organization\"},\"image\":{\"@id\":\"https:\\\/\\\/informante.mx\\\/?p=58112#primaryimage\"},\"thumbnailUrl\":\"https:\\\/\\\/informante.mx\\\/wp-content\\\/uploads\\\/2026\\\/04\\\/Fiscal-Chihuahua.jpg\",\"keywords\":[\"Nacional\"],\"articleSection\":[\"Nacional\"],\"inLanguage\":\"es\",\"potentialAction\":[{\"@type\":\"CommentAction\",\"name\":\"Comment\",\"target\":[\"https:\\\/\\\/informante.mx\\\/?p=58112#respond\"]}]},{\"@type\":\"WebPage\",\"@id\":\"https:\\\/\\\/informante.mx\\\/?p=58112\",\"url\":\"https:\\\/\\\/informante.mx\\\/?p=58112\",\"name\":\"Renuncia el Fiscal General de Chihuahua tras operativo ilegal con agentes de la CIA - Informante.mx\",\"isPartOf\":{\"@id\":\"https:\\\/\\\/informante.mx\\\/#website\"},\"primaryImageOfPage\":{\"@id\":\"https:\\\/\\\/informante.mx\\\/?p=58112#primaryimage\"},\"image\":{\"@id\":\"https:\\\/\\\/informante.mx\\\/?p=58112#primaryimage\"},\"thumbnailUrl\":\"https:\\\/\\\/informante.mx\\\/wp-content\\\/uploads\\\/2026\\\/04\\\/Fiscal-Chihuahua.jpg\",\"datePublished\":\"2026-04-28T15:52:01+00:00\",\"dateModified\":\"2026-04-28T15:52:07+00:00\",\"breadcrumb\":{\"@id\":\"https:\\\/\\\/informante.mx\\\/?p=58112#breadcrumb\"},\"inLanguage\":\"es\",\"potentialAction\":[{\"@type\":\"ReadAction\",\"target\":[\"https:\\\/\\\/informante.mx\\\/?p=58112\"]}]},{\"@type\":\"ImageObject\",\"inLanguage\":\"es\",\"@id\":\"https:\\\/\\\/informante.mx\\\/?p=58112#primaryimage\",\"url\":\"https:\\\/\\\/informante.mx\\\/wp-content\\\/uploads\\\/2026\\\/04\\\/Fiscal-Chihuahua.jpg\",\"contentUrl\":\"https:\\\/\\\/informante.mx\\\/wp-content\\\/uploads\\\/2026\\\/04\\\/Fiscal-Chihuahua.jpg\",\"width\":1100,\"height\":700},{\"@type\":\"BreadcrumbList\",\"@id\":\"https:\\\/\\\/informante.mx\\\/?p=58112#breadcrumb\",\"itemListElement\":[{\"@type\":\"ListItem\",\"position\":1,\"name\":\"Portada\",\"item\":\"https:\\\/\\\/informante.mx\\\/\"},{\"@type\":\"ListItem\",\"position\":2,\"name\":\"Renuncia el Fiscal General de Chihuahua tras operativo ilegal con agentes de la CIA\"}]},{\"@type\":\"WebSite\",\"@id\":\"https:\\\/\\\/informante.mx\\\/#website\",\"url\":\"https:\\\/\\\/informante.mx\\\/\",\"name\":\"Informante.mx\",\"description\":\"\",\"publisher\":{\"@id\":\"https:\\\/\\\/informante.mx\\\/#organization\"},\"potentialAction\":[{\"@type\":\"SearchAction\",\"target\":{\"@type\":\"EntryPoint\",\"urlTemplate\":\"https:\\\/\\\/informante.mx\\\/?s={search_term_string}\"},\"query-input\":{\"@type\":\"PropertyValueSpecification\",\"valueRequired\":true,\"valueName\":\"search_term_string\"}}],\"inLanguage\":\"es\"},{\"@type\":\"Organization\",\"@id\":\"https:\\\/\\\/informante.mx\\\/#organization\",\"name\":\"Informante.mx\",\"url\":\"https:\\\/\\\/informante.mx\\\/\",\"logo\":{\"@type\":\"ImageObject\",\"inLanguage\":\"es\",\"@id\":\"https:\\\/\\\/informante.mx\\\/#\\\/schema\\\/logo\\\/image\\\/\",\"url\":\"https:\\\/\\\/informante.mx\\\/wp-content\\\/uploads\\\/2019\\\/12\\\/cropped-LOGO-Verde-Apaisado-1024x360O-1.png\",\"contentUrl\":\"https:\\\/\\\/informante.mx\\\/wp-content\\\/uploads\\\/2019\\\/12\\\/cropped-LOGO-Verde-Apaisado-1024x360O-1.png\",\"width\":923,\"height\":180,\"caption\":\"Informante.mx\"},\"image\":{\"@id\":\"https:\\\/\\\/informante.mx\\\/#\\\/schema\\\/logo\\\/image\\\/\"},\"sameAs\":[\"https:\\\/\\\/www.facebook.com\\\/MX.Informante\",\"https:\\\/\\\/x.com\\\/mx_informante\"]},{\"@type\":\"Person\",\"@id\":\"https:\\\/\\\/informante.mx\\\/#\\\/schema\\\/person\\\/3eff91989d2ea76b0a330b416325946c\",\"name\":\"InformanteMX\",\"image\":{\"@type\":\"ImageObject\",\"inLanguage\":\"es\",\"@id\":\"https:\\\/\\\/secure.gravatar.com\\\/avatar\\\/10d802aa739e832aedd2f3fd8544d878871eb22e6ca86fe9a548573e34a28f0e?s=96&d=mm&r=g\",\"url\":\"https:\\\/\\\/secure.gravatar.com\\\/avatar\\\/10d802aa739e832aedd2f3fd8544d878871eb22e6ca86fe9a548573e34a28f0e?s=96&d=mm&r=g\",\"contentUrl\":\"https:\\\/\\\/secure.gravatar.com\\\/avatar\\\/10d802aa739e832aedd2f3fd8544d878871eb22e6ca86fe9a548573e34a28f0e?s=96&d=mm&r=g\",\"caption\":\"InformanteMX\"},\"url\":\"https:\\\/\\\/informante.mx\\\/?author=1\"}]}<\/script>\n<!-- \/ Yoast SEO plugin. -->","yoast_head_json":{"title":"Renuncia el Fiscal General de Chihuahua tras operativo ilegal con agentes de la CIA - Informante.mx","robots":{"index":"index","follow":"follow","max-snippet":"max-snippet:-1","max-image-preview":"max-image-preview:large","max-video-preview":"max-video-preview:-1"},"canonical":"https:\/\/informante.mx\/?p=58112","og_locale":"es_ES","og_type":"article","og_title":"Renuncia el Fiscal General de Chihuahua tras operativo ilegal con agentes de la CIA - Informante.mx","og_description":"La dimisi\u00f3n de C\u00e9sar J\u00e1uregui Moreno ocurre en medio de una crisis de soberan\u00eda nacional y bajo el se\u00f1alamiento directo del Gobierno Federal por la incursi\u00f3n no autorizada de inteligencia extranjera en territorio estatal.","og_url":"https:\/\/informante.mx\/?p=58112","og_site_name":"Informante.mx","article_publisher":"https:\/\/www.facebook.com\/MX.Informante","article_published_time":"2026-04-28T15:52:01+00:00","article_modified_time":"2026-04-28T15:52:07+00:00","og_image":[{"width":1100,"height":700,"url":"https:\/\/informante.mx\/wp-content\/uploads\/2026\/04\/Fiscal-Chihuahua.jpg","type":"image\/jpeg"}],"author":"InformanteMX","twitter_card":"summary_large_image","twitter_creator":"@mx_informante","twitter_site":"@mx_informante","twitter_misc":{"Escrito por":"InformanteMX","Tiempo de lectura":"5 minutos"},"schema":{"@context":"https:\/\/schema.org","@graph":[{"@type":"NewsArticle","@id":"https:\/\/informante.mx\/?p=58112#article","isPartOf":{"@id":"https:\/\/informante.mx\/?p=58112"},"author":{"name":"InformanteMX","@id":"https:\/\/informante.mx\/#\/schema\/person\/3eff91989d2ea76b0a330b416325946c"},"headline":"Renuncia el Fiscal General de Chihuahua tras operativo ilegal con agentes de la CIA","datePublished":"2026-04-28T15:52:01+00:00","dateModified":"2026-04-28T15:52:07+00:00","mainEntityOfPage":{"@id":"https:\/\/informante.mx\/?p=58112"},"wordCount":998,"commentCount":0,"publisher":{"@id":"https:\/\/informante.mx\/#organization"},"image":{"@id":"https:\/\/informante.mx\/?p=58112#primaryimage"},"thumbnailUrl":"https:\/\/informante.mx\/wp-content\/uploads\/2026\/04\/Fiscal-Chihuahua.jpg","keywords":["Nacional"],"articleSection":["Nacional"],"inLanguage":"es","potentialAction":[{"@type":"CommentAction","name":"Comment","target":["https:\/\/informante.mx\/?p=58112#respond"]}]},{"@type":"WebPage","@id":"https:\/\/informante.mx\/?p=58112","url":"https:\/\/informante.mx\/?p=58112","name":"Renuncia el Fiscal General de Chihuahua tras operativo ilegal con agentes de la CIA - Informante.mx","isPartOf":{"@id":"https:\/\/informante.mx\/#website"},"primaryImageOfPage":{"@id":"https:\/\/informante.mx\/?p=58112#primaryimage"},"image":{"@id":"https:\/\/informante.mx\/?p=58112#primaryimage"},"thumbnailUrl":"https:\/\/informante.mx\/wp-content\/uploads\/2026\/04\/Fiscal-Chihuahua.jpg","datePublished":"2026-04-28T15:52:01+00:00","dateModified":"2026-04-28T15:52:07+00:00","breadcrumb":{"@id":"https:\/\/informante.mx\/?p=58112#breadcrumb"},"inLanguage":"es","potentialAction":[{"@type":"ReadAction","target":["https:\/\/informante.mx\/?p=58112"]}]},{"@type":"ImageObject","inLanguage":"es","@id":"https:\/\/informante.mx\/?p=58112#primaryimage","url":"https:\/\/informante.mx\/wp-content\/uploads\/2026\/04\/Fiscal-Chihuahua.jpg","contentUrl":"https:\/\/informante.mx\/wp-content\/uploads\/2026\/04\/Fiscal-Chihuahua.jpg","width":1100,"height":700},{"@type":"BreadcrumbList","@id":"https:\/\/informante.mx\/?p=58112#breadcrumb","itemListElement":[{"@type":"ListItem","position":1,"name":"Portada","item":"https:\/\/informante.mx\/"},{"@type":"ListItem","position":2,"name":"Renuncia el Fiscal General de Chihuahua tras operativo ilegal con agentes de la CIA"}]},{"@type":"WebSite","@id":"https:\/\/informante.mx\/#website","url":"https:\/\/informante.mx\/","name":"Informante.mx","description":"","publisher":{"@id":"https:\/\/informante.mx\/#organization"},"potentialAction":[{"@type":"SearchAction","target":{"@type":"EntryPoint","urlTemplate":"https:\/\/informante.mx\/?s={search_term_string}"},"query-input":{"@type":"PropertyValueSpecification","valueRequired":true,"valueName":"search_term_string"}}],"inLanguage":"es"},{"@type":"Organization","@id":"https:\/\/informante.mx\/#organization","name":"Informante.mx","url":"https:\/\/informante.mx\/","logo":{"@type":"ImageObject","inLanguage":"es","@id":"https:\/\/informante.mx\/#\/schema\/logo\/image\/","url":"https:\/\/informante.mx\/wp-content\/uploads\/2019\/12\/cropped-LOGO-Verde-Apaisado-1024x360O-1.png","contentUrl":"https:\/\/informante.mx\/wp-content\/uploads\/2019\/12\/cropped-LOGO-Verde-Apaisado-1024x360O-1.png","width":923,"height":180,"caption":"Informante.mx"},"image":{"@id":"https:\/\/informante.mx\/#\/schema\/logo\/image\/"},"sameAs":["https:\/\/www.facebook.com\/MX.Informante","https:\/\/x.com\/mx_informante"]},{"@type":"Person","@id":"https:\/\/informante.mx\/#\/schema\/person\/3eff91989d2ea76b0a330b416325946c","name":"InformanteMX","image":{"@type":"ImageObject","inLanguage":"es","@id":"https:\/\/secure.gravatar.com\/avatar\/10d802aa739e832aedd2f3fd8544d878871eb22e6ca86fe9a548573e34a28f0e?s=96&d=mm&r=g","url":"https:\/\/secure.gravatar.com\/avatar\/10d802aa739e832aedd2f3fd8544d878871eb22e6ca86fe9a548573e34a28f0e?s=96&d=mm&r=g","contentUrl":"https:\/\/secure.gravatar.com\/avatar\/10d802aa739e832aedd2f3fd8544d878871eb22e6ca86fe9a548573e34a28f0e?s=96&d=mm&r=g","caption":"InformanteMX"},"url":"https:\/\/informante.mx\/?author=1"}]}},"jetpack_featured_media_url":"https:\/\/informante.mx\/wp-content\/uploads\/2026\/04\/Fiscal-Chihuahua.jpg","uagb_featured_image_src":{"full":["https:\/\/informante.mx\/wp-content\/uploads\/2026\/04\/Fiscal-Chihuahua.jpg",1100,700,false],"thumbnail":["https:\/\/informante.mx\/wp-content\/uploads\/2026\/04\/Fiscal-Chihuahua-150x95.jpg",150,95,true],"medium":["https:\/\/informante.mx\/wp-content\/uploads\/2026\/04\/Fiscal-Chihuahua-300x191.jpg",300,191,true],"medium_large":["https:\/\/informante.mx\/wp-content\/uploads\/2026\/04\/Fiscal-Chihuahua-768x489.jpg",640,408,true],"large":["https:\/\/informante.mx\/wp-content\/uploads\/2026\/04\/Fiscal-Chihuahua-1024x652.jpg",640,408,true],"1536x1536":["https:\/\/informante.mx\/wp-content\/uploads\/2026\/04\/Fiscal-Chihuahua.jpg",1100,700,false],"2048x2048":["https:\/\/informante.mx\/wp-content\/uploads\/2026\/04\/Fiscal-Chihuahua.jpg",1100,700,false],"td_0x420":["https:\/\/informante.mx\/wp-content\/uploads\/2026\/04\/Fiscal-Chihuahua-660x420.jpg",660,420,true],"td_0x420_retina":["https:\/\/informante.mx\/wp-content\/uploads\/2026\/04\/Fiscal-Chihuahua.jpg",1100,700,false],"td_80x60":["https:\/\/informante.mx\/wp-content\/uploads\/2026\/04\/Fiscal-Chihuahua-80x60.jpg",80,60,true],"td_80x60_retina":["https:\/\/informante.mx\/wp-content\/uploads\/2026\/04\/Fiscal-Chihuahua-160x120.jpg",160,120,true],"td_100x75":["https:\/\/informante.mx\/wp-content\/uploads\/2026\/04\/Fiscal-Chihuahua-100x75.jpg",100,75,true],"td_100x75_retina":["https:\/\/informante.mx\/wp-content\/uploads\/2026\/04\/Fiscal-Chihuahua-200x150.jpg",200,150,true],"td_180x135":["https:\/\/informante.mx\/wp-content\/uploads\/2026\/04\/Fiscal-Chihuahua-180x135.jpg",180,135,true],"td_180x135_retina":["https:\/\/informante.mx\/wp-content\/uploads\/2026\/04\/Fiscal-Chihuahua-360x270.jpg",360,270,true],"td_238x178":["https:\/\/informante.mx\/wp-content\/uploads\/2026\/04\/Fiscal-Chihuahua-238x178.jpg",238,178,true],"td_238x178_retina":["https:\/\/informante.mx\/wp-content\/uploads\/2026\/04\/Fiscal-Chihuahua-476x356.jpg",476,356,true],"td_265x198":["https:\/\/informante.mx\/wp-content\/uploads\/2026\/04\/Fiscal-Chihuahua-265x198.jpg",265,198,true],"td_265x198_retina":["https:\/\/informante.mx\/wp-content\/uploads\/2026\/04\/Fiscal-Chihuahua-530x396.jpg",530,396,true],"td_300x160":["https:\/\/informante.mx\/wp-content\/uploads\/2026\/04\/Fiscal-Chihuahua-300x160.jpg",300,160,true],"td_300x160_retina":["https:\/\/informante.mx\/wp-content\/uploads\/2026\/04\/Fiscal-Chihuahua-600x320.jpg",600,320,true],"td_300x194":["https:\/\/informante.mx\/wp-content\/uploads\/2026\/04\/Fiscal-Chihuahua-300x194.jpg",300,194,true],"td_300x194_retina":["https:\/\/informante.mx\/wp-content\/uploads\/2026\/04\/Fiscal-Chihuahua-600x388.jpg",600,388,true],"td_300x350":["https:\/\/informante.mx\/wp-content\/uploads\/2026\/04\/Fiscal-Chihuahua-300x350.jpg",300,350,true],"td_300x350_retina":["https:\/\/informante.mx\/wp-content\/uploads\/2026\/04\/Fiscal-Chihuahua-600x700.jpg",600,700,true],"td_341x220":["https:\/\/informante.mx\/wp-content\/uploads\/2026\/04\/Fiscal-Chihuahua-341x220.jpg",341,220,true],"td_341x220_retina":["https:\/\/informante.mx\/wp-content\/uploads\/2026\/04\/Fiscal-Chihuahua-682x440.jpg",682,440,true],"td_341x400":["https:\/\/informante.mx\/wp-content\/uploads\/2026\/04\/Fiscal-Chihuahua-341x400.jpg",341,400,true],"td_341x400_retina":["https:\/\/informante.mx\/wp-content\/uploads\/2026\/04\/Fiscal-Chihuahua-682x700.jpg",682,700,true],"td_511x400":["https:\/\/informante.mx\/wp-content\/uploads\/2026\/04\/Fiscal-Chihuahua-511x400.jpg",511,400,true],"td_511x400_retina":["https:\/\/informante.mx\/wp-content\/uploads\/2026\/04\/Fiscal-Chihuahua-1022x700.jpg",1022,700,true],"td_537x360":["https:\/\/informante.mx\/wp-content\/uploads\/2026\/04\/Fiscal-Chihuahua-537x360.jpg",537,360,true],"td_537x360_retina":["https:\/\/informante.mx\/wp-content\/uploads\/2026\/04\/Fiscal-Chihuahua-1074x700.jpg",1074,700,true],"td_640x0":["https:\/\/informante.mx\/wp-content\/uploads\/2026\/04\/Fiscal-Chihuahua-640x407.jpg",640,407,true],"td_640x0_retina":["https:\/\/informante.mx\/wp-content\/uploads\/2026\/04\/Fiscal-Chihuahua.jpg",1100,700,false],"td_640x350":["https:\/\/informante.mx\/wp-content\/uploads\/2026\/04\/Fiscal-Chihuahua-640x350.jpg",640,350,true],"td_640x350_retina":["https:\/\/informante.mx\/wp-content\/uploads\/2026\/04\/Fiscal-Chihuahua.jpg",1100,700,false],"td_681x0":["https:\/\/informante.mx\/wp-content\/uploads\/2026\/04\/Fiscal-Chihuahua-681x433.jpg",681,433,true],"td_681x0_retina":["https:\/\/informante.mx\/wp-content\/uploads\/2026\/04\/Fiscal-Chihuahua.jpg",1100,700,false],"td_681x400":["https:\/\/informante.mx\/wp-content\/uploads\/2026\/04\/Fiscal-Chihuahua-681x400.jpg",681,400,true],"td_681x400_retina":["https:\/\/informante.mx\/wp-content\/uploads\/2026\/04\/Fiscal-Chihuahua.jpg",1100,700,false],"td_741x486":["https:\/\/informante.mx\/wp-content\/uploads\/2026\/04\/Fiscal-Chihuahua-741x486.jpg",741,486,true],"td_741x486_retina":["https:\/\/informante.mx\/wp-content\/uploads\/2026\/04\/Fiscal-Chihuahua.jpg",1100,700,false],"td_1021x580":["https:\/\/informante.mx\/wp-content\/uploads\/2026\/04\/Fiscal-Chihuahua-1021x580.jpg",1021,580,true],"td_1021x580_retina":["https:\/\/informante.mx\/wp-content\/uploads\/2026\/04\/Fiscal-Chihuahua.jpg",1100,700,false]},"uagb_author_info":{"display_name":"InformanteMX","author_link":"https:\/\/informante.mx\/?author=1"},"uagb_comment_info":0,"uagb_excerpt":"La dimisi\u00f3n de C\u00e9sar J\u00e1uregui Moreno ocurre en medio de una crisis de soberan\u00eda nacional y bajo el se\u00f1alamiento directo del Gobierno Federal por la incursi\u00f3n no autorizada de inteligencia extranjera en territorio estatal.","_links":{"self":[{"href":"https:\/\/informante.mx\/index.php?rest_route=\/wp\/v2\/posts\/58112","targetHints":{"allow":["GET"]}}],"collection":[{"href":"https:\/\/informante.mx\/index.php?rest_route=\/wp\/v2\/posts"}],"about":[{"href":"https:\/\/informante.mx\/index.php?rest_route=\/wp\/v2\/types\/post"}],"author":[{"embeddable":true,"href":"https:\/\/informante.mx\/index.php?rest_route=\/wp\/v2\/users\/1"}],"replies":[{"embeddable":true,"href":"https:\/\/informante.mx\/index.php?rest_route=%2Fwp%2Fv2%2Fcomments&post=58112"}],"version-history":[{"count":1,"href":"https:\/\/informante.mx\/index.php?rest_route=\/wp\/v2\/posts\/58112\/revisions"}],"predecessor-version":[{"id":58114,"href":"https:\/\/informante.mx\/index.php?rest_route=\/wp\/v2\/posts\/58112\/revisions\/58114"}],"wp:featuredmedia":[{"embeddable":true,"href":"https:\/\/informante.mx\/index.php?rest_route=\/wp\/v2\/media\/58113"}],"wp:attachment":[{"href":"https:\/\/informante.mx\/index.php?rest_route=%2Fwp%2Fv2%2Fmedia&parent=58112"}],"wp:term":[{"taxonomy":"category","embeddable":true,"href":"https:\/\/informante.mx\/index.php?rest_route=%2Fwp%2Fv2%2Fcategories&post=58112"},{"taxonomy":"post_tag","embeddable":true,"href":"https:\/\/informante.mx\/index.php?rest_route=%2Fwp%2Fv2%2Ftags&post=58112"}],"curies":[{"name":"wp","href":"https:\/\/api.w.org\/{rel}","templated":true}]}}