{"id":58109,"date":"2026-04-27T15:14:47","date_gmt":"2026-04-27T21:14:47","guid":{"rendered":"https:\/\/informante.mx\/?p=58109"},"modified":"2026-04-27T15:14:52","modified_gmt":"2026-04-27T21:14:52","slug":"celebra-ayuntamiento-de-san-andres-tuxtla-segunda-sesion-de-cabildo-abierto","status":"publish","type":"post","link":"https:\/\/informante.mx\/?p=58109","title":{"rendered":"Celebra Ayuntamiento de San Andr\u00e9s Tuxtla Segunda Sesi\u00f3n de Cabildo abierto"},"content":{"rendered":"\n<p>San Andr\u00e9s Tuxtla, Ver., 27 de abril de 2026.- Este lunes, el cuerpo edilicio de la ciudad, encabez\u00f3 la Segunda Sesi\u00f3n de Cabildo Abierto para abordar con di\u00e1logo y transparencia el tema de Tr\u00e1nsito y Vialidad.&nbsp;<\/p>\n\n\n\n<p>Para continuar fortaleciendo los lazos de comunicaci\u00f3n y atenci\u00f3n a la ciudadan\u00eda, se escuch\u00f3 en Sala de Cabildos a la poblaci\u00f3n previamente registrada para participar con su exposici\u00f3n de problem\u00e1ticas o comentarios hacia el Gobierno Municipal y las acciones aplicadas, en el tema correspondiente. &nbsp;<\/p>\n\n\n\n<p>Dentro de lo expuesto, los participantes manifestaron su agradecimiento al presidente municipal Rafa Fararoni Maga\u00f1a por los cambios en la circulaci\u00f3n vial que se han venido realizando desde el inicio de la administraci\u00f3n en el centro de la ciudad, as\u00ed como la liberaci\u00f3n de las calles Bernardo Pe\u00f1a y Manuel A. de la Cabada.&nbsp;<\/p>\n\n\n\n<p>Tambi\u00e9n, reconocieron cada labor aplicada en la imagen urbana que embellecen las arterias principales, el orden establecido para el estacionamiento de motocicletas y destacaron el programa de retiro de Autos Maceta con lo cual se da mayor seguridad a las personas en las colonias donde ya fueron retirados.&nbsp;<\/p>\n\n\n\n<p>Asimismo, un representante de las colonias Bosque Fovissste, Emiliano Zapata y Villa San Andr\u00e9s, expuso que el cambio de vialidad en la calle Ejidatarios ha generado conflicto vial en la zona, por lo que solicit\u00f3 al cabildo la revisi\u00f3n del tema, al igual que la intervenci\u00f3n de la administraci\u00f3n por el retiro de una parada de autobuses debido a la construcci\u00f3n de una gasolinera en la zona.&nbsp;<\/p>\n\n\n\n<p>En esta segunda sesi\u00f3n de cabildo abierto, solicitaron al Ayuntamiento mantener los operativos de revisi\u00f3n de motos y veh\u00edculos por parte de la delegaci\u00f3n de Tr\u00e1nsito y Vialidad, as\u00ed como un operativo carrusel en la entrada y salida de escuelas para un mejor flujo vehicular en horas pico.&nbsp;<\/p>\n\n\n\n<p>Antes de la clausura de este ejercicio de transparencia entre sociedad y gobierno, el presidente municipal agradeci\u00f3 cada comentario expuesto durante la sesi\u00f3n, lo cual abona a la mejora de acciones en el municipio, y refrend\u00f3 su postura de acercar su administraci\u00f3n a la gente con di\u00e1logo y soluciones.&nbsp;<\/p>\n\n\n\n<p>Participaron en la sesi\u00f3n las y los ciudadanos: Karla Daniela Seba Toto, Jaqueline Cobaxin Mart\u00ednez, Alan Jafet Cobaxin Temich, Mar\u00eda de los \u00c1ngeles Coba Aguirre, y Le\u00f3n Magno Agust\u00edn Francisco Flores Oca\u00f1a.<\/p>\n","protected":false},"excerpt":{"rendered":"<p>San Andr\u00e9s Tuxtla, Ver., 27 de abril de 2026.- Este lunes, el cuerpo edilicio de la ciudad, encabez\u00f3 la Segunda Sesi\u00f3n de Cabildo Abierto para abordar con di\u00e1logo y transparencia el tema de Tr\u00e1nsito y Vialidad.&nbsp; Para continuar fortaleciendo los lazos de comunicaci\u00f3n y atenci\u00f3n a la ciudadan\u00eda, se escuch\u00f3 en Sala de Cabildos a [&hellip;]<\/p>\n","protected":false},"author":1,"featured_media":58110,"comment_status":"open","ping_status":"closed","sticky":false,"template":"","format":"standard","meta":{"_uag_custom_page_level_css":"","jetpack_post_was_ever_published":false,"footnotes":""},"categories":[4],"tags":[123,33],"class_list":["post-58109","post","type-post","status-publish","format-standard","has-post-thumbnail","hentry","category-estatal","tag-san-andres-2","tag-veracruz"],"yoast_head":"<!-- This site is optimized with the Yoast SEO plugin v27.3 - https:\/\/yoast.com\/product\/yoast-seo-wordpress\/ -->\n<title>Celebra Ayuntamiento de San Andr\u00e9s Tuxtla Segunda Sesi\u00f3n de Cabildo abierto - Informante.mx<\/title>\n<meta name=\"robots\" content=\"index, follow, max-snippet:-1, max-image-preview:large, max-video-preview:-1\" \/>\n<link rel=\"canonical\" href=\"https:\/\/informante.mx\/?p=58109\" \/>\n<meta property=\"og:locale\" content=\"es_ES\" \/>\n<meta property=\"og:type\" content=\"article\" \/>\n<meta property=\"og:title\" content=\"Celebra Ayuntamiento de San Andr\u00e9s Tuxtla Segunda Sesi\u00f3n de Cabildo abierto - Informante.mx\" \/>\n<meta property=\"og:description\" content=\"San Andr\u00e9s Tuxtla, Ver., 27 de abril de 2026.- Este lunes, el cuerpo edilicio de la ciudad, encabez\u00f3 la Segunda Sesi\u00f3n de Cabildo Abierto para abordar con di\u00e1logo y transparencia el tema de Tr\u00e1nsito y Vialidad.&nbsp; Para continuar fortaleciendo los lazos de comunicaci\u00f3n y atenci\u00f3n a la ciudadan\u00eda, se escuch\u00f3 en Sala de Cabildos a [&hellip;]\" \/>\n<meta property=\"og:url\" content=\"https:\/\/informante.mx\/?p=58109\" \/>\n<meta property=\"og:site_name\" content=\"Informante.mx\" \/>\n<meta property=\"article:publisher\" content=\"https:\/\/www.facebook.com\/MX.Informante\" \/>\n<meta property=\"article:published_time\" content=\"2026-04-27T21:14:47+00:00\" \/>\n<meta property=\"article:modified_time\" content=\"2026-04-27T21:14:52+00:00\" \/>\n<meta property=\"og:image\" content=\"https:\/\/informante.mx\/wp-content\/uploads\/2026\/04\/WhatsApp-Image-2026-04-27-at-14.59.22.jpeg\" \/>\n\t<meta property=\"og:image:width\" content=\"2560\" \/>\n\t<meta property=\"og:image:height\" content=\"1706\" \/>\n\t<meta property=\"og:image:type\" content=\"image\/jpeg\" \/>\n<meta name=\"author\" content=\"InformanteMX\" \/>\n<meta name=\"twitter:card\" content=\"summary_large_image\" \/>\n<meta name=\"twitter:creator\" content=\"@mx_informante\" \/>\n<meta name=\"twitter:site\" content=\"@mx_informante\" \/>\n<meta name=\"twitter:label1\" content=\"Escrito por\" \/>\n\t<meta name=\"twitter:data1\" content=\"InformanteMX\" \/>\n\t<meta name=\"twitter:label2\" content=\"Tiempo de lectura\" \/>\n\t<meta name=\"twitter:data2\" content=\"2 minutos\" \/>\n<script type=\"application\/ld+json\" class=\"yoast-schema-graph\">{\"@context\":\"https:\\\/\\\/schema.org\",\"@graph\":[{\"@type\":\"NewsArticle\",\"@id\":\"https:\\\/\\\/informante.mx\\\/?p=58109#article\",\"isPartOf\":{\"@id\":\"https:\\\/\\\/informante.mx\\\/?p=58109\"},\"author\":{\"name\":\"InformanteMX\",\"@id\":\"https:\\\/\\\/informante.mx\\\/#\\\/schema\\\/person\\\/3eff91989d2ea76b0a330b416325946c\"},\"headline\":\"Celebra Ayuntamiento de San Andr\u00e9s Tuxtla Segunda Sesi\u00f3n de Cabildo abierto\",\"datePublished\":\"2026-04-27T21:14:47+00:00\",\"dateModified\":\"2026-04-27T21:14:52+00:00\",\"mainEntityOfPage\":{\"@id\":\"https:\\\/\\\/informante.mx\\\/?p=58109\"},\"wordCount\":432,\"commentCount\":0,\"publisher\":{\"@id\":\"https:\\\/\\\/informante.mx\\\/#organization\"},\"image\":{\"@id\":\"https:\\\/\\\/informante.mx\\\/?p=58109#primaryimage\"},\"thumbnailUrl\":\"https:\\\/\\\/informante.mx\\\/wp-content\\\/uploads\\\/2026\\\/04\\\/WhatsApp-Image-2026-04-27-at-14.59.22.jpeg\",\"keywords\":[\"SAN ANDRES\",\"Veracruz\"],\"articleSection\":[\"Estatal\"],\"inLanguage\":\"es\",\"potentialAction\":[{\"@type\":\"CommentAction\",\"name\":\"Comment\",\"target\":[\"https:\\\/\\\/informante.mx\\\/?p=58109#respond\"]}]},{\"@type\":\"WebPage\",\"@id\":\"https:\\\/\\\/informante.mx\\\/?p=58109\",\"url\":\"https:\\\/\\\/informante.mx\\\/?p=58109\",\"name\":\"Celebra Ayuntamiento de San Andr\u00e9s Tuxtla Segunda Sesi\u00f3n de Cabildo abierto - Informante.mx\",\"isPartOf\":{\"@id\":\"https:\\\/\\\/informante.mx\\\/#website\"},\"primaryImageOfPage\":{\"@id\":\"https:\\\/\\\/informante.mx\\\/?p=58109#primaryimage\"},\"image\":{\"@id\":\"https:\\\/\\\/informante.mx\\\/?p=58109#primaryimage\"},\"thumbnailUrl\":\"https:\\\/\\\/informante.mx\\\/wp-content\\\/uploads\\\/2026\\\/04\\\/WhatsApp-Image-2026-04-27-at-14.59.22.jpeg\",\"datePublished\":\"2026-04-27T21:14:47+00:00\",\"dateModified\":\"2026-04-27T21:14:52+00:00\",\"breadcrumb\":{\"@id\":\"https:\\\/\\\/informante.mx\\\/?p=58109#breadcrumb\"},\"inLanguage\":\"es\",\"potentialAction\":[{\"@type\":\"ReadAction\",\"target\":[\"https:\\\/\\\/informante.mx\\\/?p=58109\"]}]},{\"@type\":\"ImageObject\",\"inLanguage\":\"es\",\"@id\":\"https:\\\/\\\/informante.mx\\\/?p=58109#primaryimage\",\"url\":\"https:\\\/\\\/informante.mx\\\/wp-content\\\/uploads\\\/2026\\\/04\\\/WhatsApp-Image-2026-04-27-at-14.59.22.jpeg\",\"contentUrl\":\"https:\\\/\\\/informante.mx\\\/wp-content\\\/uploads\\\/2026\\\/04\\\/WhatsApp-Image-2026-04-27-at-14.59.22.jpeg\",\"width\":2560,\"height\":1706},{\"@type\":\"BreadcrumbList\",\"@id\":\"https:\\\/\\\/informante.mx\\\/?p=58109#breadcrumb\",\"itemListElement\":[{\"@type\":\"ListItem\",\"position\":1,\"name\":\"Portada\",\"item\":\"https:\\\/\\\/informante.mx\\\/\"},{\"@type\":\"ListItem\",\"position\":2,\"name\":\"Celebra Ayuntamiento de San Andr\u00e9s Tuxtla Segunda Sesi\u00f3n de Cabildo abierto\"}]},{\"@type\":\"WebSite\",\"@id\":\"https:\\\/\\\/informante.mx\\\/#website\",\"url\":\"https:\\\/\\\/informante.mx\\\/\",\"name\":\"Informante.mx\",\"description\":\"\",\"publisher\":{\"@id\":\"https:\\\/\\\/informante.mx\\\/#organization\"},\"potentialAction\":[{\"@type\":\"SearchAction\",\"target\":{\"@type\":\"EntryPoint\",\"urlTemplate\":\"https:\\\/\\\/informante.mx\\\/?s={search_term_string}\"},\"query-input\":{\"@type\":\"PropertyValueSpecification\",\"valueRequired\":true,\"valueName\":\"search_term_string\"}}],\"inLanguage\":\"es\"},{\"@type\":\"Organization\",\"@id\":\"https:\\\/\\\/informante.mx\\\/#organization\",\"name\":\"Informante.mx\",\"url\":\"https:\\\/\\\/informante.mx\\\/\",\"logo\":{\"@type\":\"ImageObject\",\"inLanguage\":\"es\",\"@id\":\"https:\\\/\\\/informante.mx\\\/#\\\/schema\\\/logo\\\/image\\\/\",\"url\":\"https:\\\/\\\/informante.mx\\\/wp-content\\\/uploads\\\/2019\\\/12\\\/cropped-LOGO-Verde-Apaisado-1024x360O-1.png\",\"contentUrl\":\"https:\\\/\\\/informante.mx\\\/wp-content\\\/uploads\\\/2019\\\/12\\\/cropped-LOGO-Verde-Apaisado-1024x360O-1.png\",\"width\":923,\"height\":180,\"caption\":\"Informante.mx\"},\"image\":{\"@id\":\"https:\\\/\\\/informante.mx\\\/#\\\/schema\\\/logo\\\/image\\\/\"},\"sameAs\":[\"https:\\\/\\\/www.facebook.com\\\/MX.Informante\",\"https:\\\/\\\/x.com\\\/mx_informante\"]},{\"@type\":\"Person\",\"@id\":\"https:\\\/\\\/informante.mx\\\/#\\\/schema\\\/person\\\/3eff91989d2ea76b0a330b416325946c\",\"name\":\"InformanteMX\",\"image\":{\"@type\":\"ImageObject\",\"inLanguage\":\"es\",\"@id\":\"https:\\\/\\\/secure.gravatar.com\\\/avatar\\\/10d802aa739e832aedd2f3fd8544d878871eb22e6ca86fe9a548573e34a28f0e?s=96&d=mm&r=g\",\"url\":\"https:\\\/\\\/secure.gravatar.com\\\/avatar\\\/10d802aa739e832aedd2f3fd8544d878871eb22e6ca86fe9a548573e34a28f0e?s=96&d=mm&r=g\",\"contentUrl\":\"https:\\\/\\\/secure.gravatar.com\\\/avatar\\\/10d802aa739e832aedd2f3fd8544d878871eb22e6ca86fe9a548573e34a28f0e?s=96&d=mm&r=g\",\"caption\":\"InformanteMX\"},\"url\":\"https:\\\/\\\/informante.mx\\\/?author=1\"}]}<\/script>\n<!-- \/ Yoast SEO plugin. -->","yoast_head_json":{"title":"Celebra Ayuntamiento de San Andr\u00e9s Tuxtla Segunda Sesi\u00f3n de Cabildo abierto - Informante.mx","robots":{"index":"index","follow":"follow","max-snippet":"max-snippet:-1","max-image-preview":"max-image-preview:large","max-video-preview":"max-video-preview:-1"},"canonical":"https:\/\/informante.mx\/?p=58109","og_locale":"es_ES","og_type":"article","og_title":"Celebra Ayuntamiento de San Andr\u00e9s Tuxtla Segunda Sesi\u00f3n de Cabildo abierto - Informante.mx","og_description":"San Andr\u00e9s Tuxtla, Ver., 27 de abril de 2026.- Este lunes, el cuerpo edilicio de la ciudad, encabez\u00f3 la Segunda Sesi\u00f3n de Cabildo Abierto para abordar con di\u00e1logo y transparencia el tema de Tr\u00e1nsito y Vialidad.&nbsp; Para continuar fortaleciendo los lazos de comunicaci\u00f3n y atenci\u00f3n a la ciudadan\u00eda, se escuch\u00f3 en Sala de Cabildos a [&hellip;]","og_url":"https:\/\/informante.mx\/?p=58109","og_site_name":"Informante.mx","article_publisher":"https:\/\/www.facebook.com\/MX.Informante","article_published_time":"2026-04-27T21:14:47+00:00","article_modified_time":"2026-04-27T21:14:52+00:00","og_image":[{"width":2560,"height":1706,"url":"https:\/\/informante.mx\/wp-content\/uploads\/2026\/04\/WhatsApp-Image-2026-04-27-at-14.59.22.jpeg","type":"image\/jpeg"}],"author":"InformanteMX","twitter_card":"summary_large_image","twitter_creator":"@mx_informante","twitter_site":"@mx_informante","twitter_misc":{"Escrito por":"InformanteMX","Tiempo de lectura":"2 minutos"},"schema":{"@context":"https:\/\/schema.org","@graph":[{"@type":"NewsArticle","@id":"https:\/\/informante.mx\/?p=58109#article","isPartOf":{"@id":"https:\/\/informante.mx\/?p=58109"},"author":{"name":"InformanteMX","@id":"https:\/\/informante.mx\/#\/schema\/person\/3eff91989d2ea76b0a330b416325946c"},"headline":"Celebra Ayuntamiento de San Andr\u00e9s Tuxtla Segunda Sesi\u00f3n de Cabildo abierto","datePublished":"2026-04-27T21:14:47+00:00","dateModified":"2026-04-27T21:14:52+00:00","mainEntityOfPage":{"@id":"https:\/\/informante.mx\/?p=58109"},"wordCount":432,"commentCount":0,"publisher":{"@id":"https:\/\/informante.mx\/#organization"},"image":{"@id":"https:\/\/informante.mx\/?p=58109#primaryimage"},"thumbnailUrl":"https:\/\/informante.mx\/wp-content\/uploads\/2026\/04\/WhatsApp-Image-2026-04-27-at-14.59.22.jpeg","keywords":["SAN ANDRES","Veracruz"],"articleSection":["Estatal"],"inLanguage":"es","potentialAction":[{"@type":"CommentAction","name":"Comment","target":["https:\/\/informante.mx\/?p=58109#respond"]}]},{"@type":"WebPage","@id":"https:\/\/informante.mx\/?p=58109","url":"https:\/\/informante.mx\/?p=58109","name":"Celebra Ayuntamiento de San Andr\u00e9s Tuxtla Segunda Sesi\u00f3n de Cabildo abierto - Informante.mx","isPartOf":{"@id":"https:\/\/informante.mx\/#website"},"primaryImageOfPage":{"@id":"https:\/\/informante.mx\/?p=58109#primaryimage"},"image":{"@id":"https:\/\/informante.mx\/?p=58109#primaryimage"},"thumbnailUrl":"https:\/\/informante.mx\/wp-content\/uploads\/2026\/04\/WhatsApp-Image-2026-04-27-at-14.59.22.jpeg","datePublished":"2026-04-27T21:14:47+00:00","dateModified":"2026-04-27T21:14:52+00:00","breadcrumb":{"@id":"https:\/\/informante.mx\/?p=58109#breadcrumb"},"inLanguage":"es","potentialAction":[{"@type":"ReadAction","target":["https:\/\/informante.mx\/?p=58109"]}]},{"@type":"ImageObject","inLanguage":"es","@id":"https:\/\/informante.mx\/?p=58109#primaryimage","url":"https:\/\/informante.mx\/wp-content\/uploads\/2026\/04\/WhatsApp-Image-2026-04-27-at-14.59.22.jpeg","contentUrl":"https:\/\/informante.mx\/wp-content\/uploads\/2026\/04\/WhatsApp-Image-2026-04-27-at-14.59.22.jpeg","width":2560,"height":1706},{"@type":"BreadcrumbList","@id":"https:\/\/informante.mx\/?p=58109#breadcrumb","itemListElement":[{"@type":"ListItem","position":1,"name":"Portada","item":"https:\/\/informante.mx\/"},{"@type":"ListItem","position":2,"name":"Celebra Ayuntamiento de San Andr\u00e9s Tuxtla Segunda Sesi\u00f3n de Cabildo abierto"}]},{"@type":"WebSite","@id":"https:\/\/informante.mx\/#website","url":"https:\/\/informante.mx\/","name":"Informante.mx","description":"","publisher":{"@id":"https:\/\/informante.mx\/#organization"},"potentialAction":[{"@type":"SearchAction","target":{"@type":"EntryPoint","urlTemplate":"https:\/\/informante.mx\/?s={search_term_string}"},"query-input":{"@type":"PropertyValueSpecification","valueRequired":true,"valueName":"search_term_string"}}],"inLanguage":"es"},{"@type":"Organization","@id":"https:\/\/informante.mx\/#organization","name":"Informante.mx","url":"https:\/\/informante.mx\/","logo":{"@type":"ImageObject","inLanguage":"es","@id":"https:\/\/informante.mx\/#\/schema\/logo\/image\/","url":"https:\/\/informante.mx\/wp-content\/uploads\/2019\/12\/cropped-LOGO-Verde-Apaisado-1024x360O-1.png","contentUrl":"https:\/\/informante.mx\/wp-content\/uploads\/2019\/12\/cropped-LOGO-Verde-Apaisado-1024x360O-1.png","width":923,"height":180,"caption":"Informante.mx"},"image":{"@id":"https:\/\/informante.mx\/#\/schema\/logo\/image\/"},"sameAs":["https:\/\/www.facebook.com\/MX.Informante","https:\/\/x.com\/mx_informante"]},{"@type":"Person","@id":"https:\/\/informante.mx\/#\/schema\/person\/3eff91989d2ea76b0a330b416325946c","name":"InformanteMX","image":{"@type":"ImageObject","inLanguage":"es","@id":"https:\/\/secure.gravatar.com\/avatar\/10d802aa739e832aedd2f3fd8544d878871eb22e6ca86fe9a548573e34a28f0e?s=96&d=mm&r=g","url":"https:\/\/secure.gravatar.com\/avatar\/10d802aa739e832aedd2f3fd8544d878871eb22e6ca86fe9a548573e34a28f0e?s=96&d=mm&r=g","contentUrl":"https:\/\/secure.gravatar.com\/avatar\/10d802aa739e832aedd2f3fd8544d878871eb22e6ca86fe9a548573e34a28f0e?s=96&d=mm&r=g","caption":"InformanteMX"},"url":"https:\/\/informante.mx\/?author=1"}]}},"jetpack_featured_media_url":"https:\/\/informante.mx\/wp-content\/uploads\/2026\/04\/WhatsApp-Image-2026-04-27-at-14.59.22.jpeg","uagb_featured_image_src":{"full":["https:\/\/informante.mx\/wp-content\/uploads\/2026\/04\/WhatsApp-Image-2026-04-27-at-14.59.22.jpeg",2560,1706,false],"thumbnail":["https:\/\/informante.mx\/wp-content\/uploads\/2026\/04\/WhatsApp-Image-2026-04-27-at-14.59.22-150x100.jpeg",150,100,true],"medium":["https:\/\/informante.mx\/wp-content\/uploads\/2026\/04\/WhatsApp-Image-2026-04-27-at-14.59.22-300x200.jpeg",300,200,true],"medium_large":["https:\/\/informante.mx\/wp-content\/uploads\/2026\/04\/WhatsApp-Image-2026-04-27-at-14.59.22-768x512.jpeg",640,427,true],"large":["https:\/\/informante.mx\/wp-content\/uploads\/2026\/04\/WhatsApp-Image-2026-04-27-at-14.59.22-1024x682.jpeg",640,426,true],"1536x1536":["https:\/\/informante.mx\/wp-content\/uploads\/2026\/04\/WhatsApp-Image-2026-04-27-at-14.59.22-1536x1024.jpeg",1536,1024,true],"2048x2048":["https:\/\/informante.mx\/wp-content\/uploads\/2026\/04\/WhatsApp-Image-2026-04-27-at-14.59.22-2048x1365.jpeg",2048,1365,true],"td_0x420":["https:\/\/informante.mx\/wp-content\/uploads\/2026\/04\/WhatsApp-Image-2026-04-27-at-14.59.22-630x420.jpeg",630,420,true],"td_0x420_retina":["https:\/\/informante.mx\/wp-content\/uploads\/2026\/04\/WhatsApp-Image-2026-04-27-at-14.59.22-1260x840.jpeg",1260,840,true],"td_80x60":["https:\/\/informante.mx\/wp-content\/uploads\/2026\/04\/WhatsApp-Image-2026-04-27-at-14.59.22-80x60.jpeg",80,60,true],"td_80x60_retina":["https:\/\/informante.mx\/wp-content\/uploads\/2026\/04\/WhatsApp-Image-2026-04-27-at-14.59.22-160x120.jpeg",160,120,true],"td_100x75":["https:\/\/informante.mx\/wp-content\/uploads\/2026\/04\/WhatsApp-Image-2026-04-27-at-14.59.22-100x75.jpeg",100,75,true],"td_100x75_retina":["https:\/\/informante.mx\/wp-content\/uploads\/2026\/04\/WhatsApp-Image-2026-04-27-at-14.59.22-200x150.jpeg",200,150,true],"td_180x135":["https:\/\/informante.mx\/wp-content\/uploads\/2026\/04\/WhatsApp-Image-2026-04-27-at-14.59.22-180x135.jpeg",180,135,true],"td_180x135_retina":["https:\/\/informante.mx\/wp-content\/uploads\/2026\/04\/WhatsApp-Image-2026-04-27-at-14.59.22-360x270.jpeg",360,270,true],"td_238x178":["https:\/\/informante.mx\/wp-content\/uploads\/2026\/04\/WhatsApp-Image-2026-04-27-at-14.59.22-238x178.jpeg",238,178,true],"td_238x178_retina":["https:\/\/informante.mx\/wp-content\/uploads\/2026\/04\/WhatsApp-Image-2026-04-27-at-14.59.22-476x356.jpeg",476,356,true],"td_265x198":["https:\/\/informante.mx\/wp-content\/uploads\/2026\/04\/WhatsApp-Image-2026-04-27-at-14.59.22-265x198.jpeg",265,198,true],"td_265x198_retina":["https:\/\/informante.mx\/wp-content\/uploads\/2026\/04\/WhatsApp-Image-2026-04-27-at-14.59.22-530x396.jpeg",530,396,true],"td_300x160":["https:\/\/informante.mx\/wp-content\/uploads\/2026\/04\/WhatsApp-Image-2026-04-27-at-14.59.22-300x160.jpeg",300,160,true],"td_300x160_retina":["https:\/\/informante.mx\/wp-content\/uploads\/2026\/04\/WhatsApp-Image-2026-04-27-at-14.59.22-600x320.jpeg",600,320,true],"td_300x194":["https:\/\/informante.mx\/wp-content\/uploads\/2026\/04\/WhatsApp-Image-2026-04-27-at-14.59.22-300x194.jpeg",300,194,true],"td_300x194_retina":["https:\/\/informante.mx\/wp-content\/uploads\/2026\/04\/WhatsApp-Image-2026-04-27-at-14.59.22-600x388.jpeg",600,388,true],"td_300x350":["https:\/\/informante.mx\/wp-content\/uploads\/2026\/04\/WhatsApp-Image-2026-04-27-at-14.59.22-300x350.jpeg",300,350,true],"td_300x350_retina":["https:\/\/informante.mx\/wp-content\/uploads\/2026\/04\/WhatsApp-Image-2026-04-27-at-14.59.22-600x700.jpeg",600,700,true],"td_341x220":["https:\/\/informante.mx\/wp-content\/uploads\/2026\/04\/WhatsApp-Image-2026-04-27-at-14.59.22-341x220.jpeg",341,220,true],"td_341x220_retina":["https:\/\/informante.mx\/wp-content\/uploads\/2026\/04\/WhatsApp-Image-2026-04-27-at-14.59.22-682x440.jpeg",682,440,true],"td_341x400":["https:\/\/informante.mx\/wp-content\/uploads\/2026\/04\/WhatsApp-Image-2026-04-27-at-14.59.22-341x400.jpeg",341,400,true],"td_341x400_retina":["https:\/\/informante.mx\/wp-content\/uploads\/2026\/04\/WhatsApp-Image-2026-04-27-at-14.59.22-682x800.jpeg",682,800,true],"td_511x400":["https:\/\/informante.mx\/wp-content\/uploads\/2026\/04\/WhatsApp-Image-2026-04-27-at-14.59.22-511x400.jpeg",511,400,true],"td_511x400_retina":["https:\/\/informante.mx\/wp-content\/uploads\/2026\/04\/WhatsApp-Image-2026-04-27-at-14.59.22-1022x800.jpeg",1022,800,true],"td_537x360":["https:\/\/informante.mx\/wp-content\/uploads\/2026\/04\/WhatsApp-Image-2026-04-27-at-14.59.22-537x360.jpeg",537,360,true],"td_537x360_retina":["https:\/\/informante.mx\/wp-content\/uploads\/2026\/04\/WhatsApp-Image-2026-04-27-at-14.59.22-1074x720.jpeg",1074,720,true],"td_640x0":["https:\/\/informante.mx\/wp-content\/uploads\/2026\/04\/WhatsApp-Image-2026-04-27-at-14.59.22-640x427.jpeg",640,427,true],"td_640x0_retina":["https:\/\/informante.mx\/wp-content\/uploads\/2026\/04\/WhatsApp-Image-2026-04-27-at-14.59.22-1280x853.jpeg",1280,853,true],"td_640x350":["https:\/\/informante.mx\/wp-content\/uploads\/2026\/04\/WhatsApp-Image-2026-04-27-at-14.59.22-640x350.jpeg",640,350,true],"td_640x350_retina":["https:\/\/informante.mx\/wp-content\/uploads\/2026\/04\/WhatsApp-Image-2026-04-27-at-14.59.22-1280x700.jpeg",1280,700,true],"td_681x0":["https:\/\/informante.mx\/wp-content\/uploads\/2026\/04\/WhatsApp-Image-2026-04-27-at-14.59.22-681x454.jpeg",681,454,true],"td_681x0_retina":["https:\/\/informante.mx\/wp-content\/uploads\/2026\/04\/WhatsApp-Image-2026-04-27-at-14.59.22-1362x908.jpeg",1362,908,true],"td_681x400":["https:\/\/informante.mx\/wp-content\/uploads\/2026\/04\/WhatsApp-Image-2026-04-27-at-14.59.22-681x400.jpeg",681,400,true],"td_681x400_retina":["https:\/\/informante.mx\/wp-content\/uploads\/2026\/04\/WhatsApp-Image-2026-04-27-at-14.59.22-1362x800.jpeg",1362,800,true],"td_741x486":["https:\/\/informante.mx\/wp-content\/uploads\/2026\/04\/WhatsApp-Image-2026-04-27-at-14.59.22-741x486.jpeg",741,486,true],"td_741x486_retina":["https:\/\/informante.mx\/wp-content\/uploads\/2026\/04\/WhatsApp-Image-2026-04-27-at-14.59.22-1482x972.jpeg",1482,972,true],"td_1021x580":["https:\/\/informante.mx\/wp-content\/uploads\/2026\/04\/WhatsApp-Image-2026-04-27-at-14.59.22-1021x580.jpeg",1021,580,true],"td_1021x580_retina":["https:\/\/informante.mx\/wp-content\/uploads\/2026\/04\/WhatsApp-Image-2026-04-27-at-14.59.22-2042x1160.jpeg",2042,1160,true]},"uagb_author_info":{"display_name":"InformanteMX","author_link":"https:\/\/informante.mx\/?author=1"},"uagb_comment_info":0,"uagb_excerpt":"San Andr\u00e9s Tuxtla, Ver., 27 de abril de 2026.- Este lunes, el cuerpo edilicio de la ciudad, encabez\u00f3 la Segunda Sesi\u00f3n de Cabildo Abierto para abordar con di\u00e1logo y transparencia el tema de Tr\u00e1nsito y Vialidad.&nbsp; Para continuar fortaleciendo los lazos de comunicaci\u00f3n y atenci\u00f3n a la ciudadan\u00eda, se escuch\u00f3 en Sala de Cabildos a&hellip;","_links":{"self":[{"href":"https:\/\/informante.mx\/index.php?rest_route=\/wp\/v2\/posts\/58109","targetHints":{"allow":["GET"]}}],"collection":[{"href":"https:\/\/informante.mx\/index.php?rest_route=\/wp\/v2\/posts"}],"about":[{"href":"https:\/\/informante.mx\/index.php?rest_route=\/wp\/v2\/types\/post"}],"author":[{"embeddable":true,"href":"https:\/\/informante.mx\/index.php?rest_route=\/wp\/v2\/users\/1"}],"replies":[{"embeddable":true,"href":"https:\/\/informante.mx\/index.php?rest_route=%2Fwp%2Fv2%2Fcomments&post=58109"}],"version-history":[{"count":1,"href":"https:\/\/informante.mx\/index.php?rest_route=\/wp\/v2\/posts\/58109\/revisions"}],"predecessor-version":[{"id":58111,"href":"https:\/\/informante.mx\/index.php?rest_route=\/wp\/v2\/posts\/58109\/revisions\/58111"}],"wp:featuredmedia":[{"embeddable":true,"href":"https:\/\/informante.mx\/index.php?rest_route=\/wp\/v2\/media\/58110"}],"wp:attachment":[{"href":"https:\/\/informante.mx\/index.php?rest_route=%2Fwp%2Fv2%2Fmedia&parent=58109"}],"wp:term":[{"taxonomy":"category","embeddable":true,"href":"https:\/\/informante.mx\/index.php?rest_route=%2Fwp%2Fv2%2Fcategories&post=58109"},{"taxonomy":"post_tag","embeddable":true,"href":"https:\/\/informante.mx\/index.php?rest_route=%2Fwp%2Fv2%2Ftags&post=58109"}],"curies":[{"name":"wp","href":"https:\/\/api.w.org\/{rel}","templated":true}]}}