{"id":58098,"date":"2026-04-27T10:11:18","date_gmt":"2026-04-27T16:11:18","guid":{"rendered":"https:\/\/informante.mx\/?p=58098"},"modified":"2026-04-27T10:11:22","modified_gmt":"2026-04-27T16:11:22","slug":"morena-define-rumbo-hacia-2027-ariadna-montiel-se-perfila-para-la-dirigencia-nacional-en-congreso-extraordinario","status":"publish","type":"post","link":"https:\/\/informante.mx\/?p=58098","title":{"rendered":"Morena define rumbo hacia 2027: Ariadna Montiel se perfila para la dirigencia nacional en Congreso Extraordinario"},"content":{"rendered":"\n<h2 class=\"wp-block-heading\">El pr\u00f3ximo domingo 3 de mayo, el partido oficialista renovar\u00e1 su presidencia y la Secretar\u00eda de Finanzas; la actual titular de Bienestar deber\u00e1 dejar el gabinete federal para asumir el control del aparato partidista.<\/h2>\n\n\n\n<p><strong>Redacci\u00f3n Informante<\/strong><\/p>\n\n\n\n<p><strong>CIUDAD DE M\u00c9XICO.<\/strong>&nbsp;\u2013 En un movimiento estrat\u00e9gico que busca consolidar la estructura operativa y el control territorial del partido en el poder, el Movimiento de Regeneraci\u00f3n Nacional (Morena) ha formalizado la convocatoria para su VIII Congreso Nacional Extraordinario. La cita, programada para el pr\u00f3ximo domingo 3 de mayo a las 11:00 horas en el World Trade Center de la capital del pa\u00eds, tiene como objetivo central la elecci\u00f3n de la nueva presidencia del Comit\u00e9 Ejecutivo Nacional (CEN), cargo que, seg\u00fan fuentes internas y proyecciones pol\u00edticas, recaer\u00e1 en Ariadna Montiel Reyes.<\/p>\n\n\n\n<p>La urgencia de este congreso surge tras la salida de Luisa Mar\u00eda Alcalde, dejando una vacante en la posici\u00f3n de mando m\u00e1s importante del partido. La renovaci\u00f3n no es menor, pues ocurre en un momento clave de la administraci\u00f3n de la presidenta Claudia Sheinbaum Pardo, quien ha enfatizado la importancia de mantener la unidad y la disciplina partidaria para garantizar la continuidad del proyecto pol\u00edtico de la denominada Cuarta Transformaci\u00f3n.<\/p>\n\n\n\n<p><strong>El ascenso de Ariadna Montiel<\/strong><\/p>\n\n\n\n<p>Ariadna Montiel Reyes no es una figura nueva en el esquema de poder del movimiento. Su gesti\u00f3n al frente de la Secretar\u00eda de Bienestar la ha posicionado como una de las operadoras m\u00e1s eficaces y con mayor conocimiento del territorio nacional. Bajo su mando, la dispersi\u00f3n de programas sociales se convirti\u00f3 en el pilar de la pol\u00edtica interna del gobierno, lo que le ha otorgado una base de apoyo s\u00f3lida entre la militancia y los cuadros operativos del partido.<\/p>\n\n\n\n<p>Sin embargo, su llegada a la presidencia de Morena implica un sacrificio administrativo. Durante sus recientes conferencias matutinas, la presidenta Sheinbaum ha sido tajante: no puede haber duplicidad de funciones. Bajo este principio de \u00abseparaci\u00f3n entre partido y gobierno\u00bb, Montiel Reyes deber\u00e1 presentar su renuncia formal a la Secretar\u00eda de Bienestar antes de tomar protesta como dirigente partidista. Este relevo en el gabinete federal abrir\u00e1, a su vez, una nueva etapa en la gesti\u00f3n de la pol\u00edtica social del pa\u00eds.<\/p>\n\n\n\n<p><strong>El redise\u00f1o de la c\u00fapula partidista<\/strong><\/p>\n\n\n\n<p>El Congreso Nacional Extraordinario no solo se limitar\u00e1 a la elecci\u00f3n de la presidencia. El orden del d\u00eda incluye la renovaci\u00f3n de la Secretar\u00eda de Finanzas del CEN, una posici\u00f3n neur\u00e1lgica que administra los recursos del partido con el mayor presupuesto p\u00fablico en la historia de M\u00e9xico. De acuerdo con los estatutos, quienes resulten electos este domingo permanecer\u00e1n en sus funciones hasta el 1 de octubre de 2027, cubriendo as\u00ed el ciclo que incluye las cruciales elecciones intermedias.<\/p>\n\n\n\n<p>Un dato que destaca en la configuraci\u00f3n del nuevo comit\u00e9 es la continuidad. Se ha confirmado que Andr\u00e9s Manuel L\u00f3pez Beltr\u00e1n se mantendr\u00e1 al frente de la Secretar\u00eda de Organizaci\u00f3n. Esta permanencia garantiza un puente directo con las bases fundadoras del movimiento y asegura que el trabajo de afiliaci\u00f3n y estructuraci\u00f3n de comit\u00e9s de base no pierda el ritmo de cara a los desaf\u00edos electorales que se avecinan.<\/p>\n\n\n\n<p><strong>Hacia la consolidaci\u00f3n de 2027<\/strong><\/p>\n\n\n\n<p>El cambio de mando en Morena se interpreta como una preparaci\u00f3n para la batalla electoral de 2027, donde se renovar\u00e1 la C\u00e1mara de Diputados y diversas gubernaturas. La elecci\u00f3n de una figura como Montiel, con amplia experiencia en la movilizaci\u00f3n y el manejo de estructuras, sugiere que Morena busca profesionalizar a\u00fan m\u00e1s su aparato electoral y cerrar filas frente a la oposici\u00f3n.<\/p>\n\n\n\n<p>Los delegados nacionales, que representan a todas las entidades federativas, han comenzado a arribar a la Ciudad de M\u00e9xico para participar en la votaci\u00f3n. Aunque se espera que la designaci\u00f3n de Montiel sea por consenso o una mayor\u00eda abrumadora, el Congreso tambi\u00e9n servir\u00e1 como term\u00f3metro para medir las corrientes internas y la cohesi\u00f3n de los distintos liderazgos estatales.<\/p>\n\n\n\n<p>Con este relevo, Morena no solo busca llenar un vac\u00edo de liderazgo, sino reafirmar su identidad como una organizaci\u00f3n capaz de renovarse internamente sin fracturas evidentes, manteniendo la lealtad absoluta al mando pol\u00edtico que reside en Palacio Nacional, pero con una direcci\u00f3n operativa propia y fortalecida.<\/p>\n\n\n\n<hr class=\"wp-block-separator has-alpha-channel-opacity\"\/>\n\n\n\n<p class=\"has-text-align-center\" style=\"font-size:17px\"><strong><i>Toda la informaci\u00f3n que necesitas saber la encuentras en nuestras <\/i><strong style=\"\"><em style=\"font-style: italic;\">redes sociales y canal de <\/em><\/strong><\/strong><a href=\"https:\/\/t.me\/informantemx\" target=\"_blank\" rel=\"noreferrer noopener\"><strong><em>Telegram<\/em><\/strong><\/a>. <\/p>\n\n\n\n<p class=\"has-text-align-center\" style=\"font-size:17px\"><strong><em>!\u00danete!<\/em><\/strong><\/p>\n\n\n\n<div class=\"wp-block-uagb-image aligncenter uagb-block-3acd28e8 wp-block-uagb-image--layout-default wp-block-uagb-image--effect-zoomin wp-block-uagb-image--align-center\"><figure class=\"wp-block-uagb-image__figure\"><a class=\"\" href=\"https:\/\/t.me\/informantemx\" target=\"\" rel=\"noopener\"><img decoding=\"async\" srcset=\"https:\/\/informante.mx\/wp-content\/uploads\/2023\/08\/Banner-Telegram-Verde-800x60-1.png ,https:\/\/informante.mx\/wp-content\/uploads\/2023\/08\/Banner-Telegram-Verde-800x60-1.png 780w, https:\/\/informante.mx\/wp-content\/uploads\/2023\/08\/Banner-Telegram-Verde-800x60-1.png 360w\" sizes=\"auto, (max-width: 480px) 150px\" src=\"https:\/\/informante.mx\/wp-content\/uploads\/2023\/08\/Banner-Telegram-Verde-800x60-1.png\" alt=\"\" class=\"uag-image-23275\" width=\"800\" height=\"60\" title=\"\" loading=\"lazy\" role=\"img\"\/><\/a><\/figure><\/div>\n\n\n\n<div class=\"wp-block-uagb-image aligncenter uagb-block-45ea2b31 wp-block-uagb-image--layout-default wp-block-uagb-image--effect-zoomin wp-block-uagb-image--align-center\"><figure class=\"wp-block-uagb-image__figure\"><a class=\"\" href=\"https:\/\/www.facebook.com\/MX.Informante\" target=\"\" rel=\"noopener\"><img decoding=\"async\" srcset=\"https:\/\/informante.mx\/wp-content\/uploads\/2023\/08\/Banner-Facebook-Verde-800x60-1.png ,https:\/\/informante.mx\/wp-content\/uploads\/2023\/08\/Banner-Facebook-Verde-800x60-1.png 780w, https:\/\/informante.mx\/wp-content\/uploads\/2023\/08\/Banner-Facebook-Verde-800x60-1.png 360w\" sizes=\"auto, (max-width: 480px) 150px\" src=\"https:\/\/informante.mx\/wp-content\/uploads\/2023\/08\/Banner-Facebook-Verde-800x60-1.png\" alt=\"\" class=\"uag-image-23274\" width=\"800\" height=\"60\" title=\"\" loading=\"lazy\" role=\"img\"\/><\/a><\/figure><\/div>\n\n\n\n<div class=\"wp-block-uagb-image aligncenter uagb-block-2ce4c51b wp-block-uagb-image--layout-default wp-block-uagb-image--effect-zoomin wp-block-uagb-image--align-center\"><figure class=\"wp-block-uagb-image__figure\"><a class=\"\" href=\"https:\/\/twitter.com\/mx_informante\" target=\"\" rel=\"noopener\"><img decoding=\"async\" srcset=\"https:\/\/informante.mx\/wp-content\/uploads\/2023\/08\/Banner-Twitter-Verde-800x60-1.png ,https:\/\/informante.mx\/wp-content\/uploads\/2023\/08\/Banner-Twitter-Verde-800x60-1.png 780w, https:\/\/informante.mx\/wp-content\/uploads\/2023\/08\/Banner-Twitter-Verde-800x60-1.png 360w\" sizes=\"auto, (max-width: 480px) 150px\" src=\"https:\/\/informante.mx\/wp-content\/uploads\/2023\/08\/Banner-Twitter-Verde-800x60-1.png\" alt=\"\" class=\"uag-image-23273\" width=\"800\" height=\"60\" title=\"\" loading=\"lazy\" role=\"img\"\/><\/a><\/figure><\/div>\n\n\n\n<div style=\"height:50px\" aria-hidden=\"true\" class=\"wp-block-spacer\"><\/div>\n","protected":false},"excerpt":{"rendered":"<p>El pr\u00f3ximo domingo 3 de mayo, el partido oficialista renovar\u00e1 su presidencia y la Secretar\u00eda de Finanzas; la actual titular de Bienestar deber\u00e1 dejar el gabinete federal para asumir el control del aparato partidista.<\/p>\n","protected":false},"author":1,"featured_media":39868,"comment_status":"open","ping_status":"closed","sticky":false,"template":"","format":"standard","meta":{"_uag_custom_page_level_css":"","jetpack_post_was_ever_published":false,"footnotes":""},"categories":[9],"tags":[],"class_list":["post-58098","post","type-post","status-publish","format-standard","has-post-thumbnail","hentry","category-nacional"],"yoast_head":"<!-- This site is optimized with the Yoast SEO plugin v27.3 - https:\/\/yoast.com\/product\/yoast-seo-wordpress\/ -->\n<title>Morena define rumbo hacia 2027: Ariadna Montiel se perfila para la dirigencia nacional en Congreso Extraordinario - Informante.mx<\/title>\n<meta name=\"robots\" content=\"index, follow, max-snippet:-1, max-image-preview:large, max-video-preview:-1\" \/>\n<link rel=\"canonical\" href=\"https:\/\/informante.mx\/?p=58098\" \/>\n<meta property=\"og:locale\" content=\"es_ES\" \/>\n<meta property=\"og:type\" content=\"article\" \/>\n<meta property=\"og:title\" content=\"Morena define rumbo hacia 2027: Ariadna Montiel se perfila para la dirigencia nacional en Congreso Extraordinario - Informante.mx\" \/>\n<meta property=\"og:description\" content=\"El pr\u00f3ximo domingo 3 de mayo, el partido oficialista renovar\u00e1 su presidencia y la Secretar\u00eda de Finanzas; la actual titular de Bienestar deber\u00e1 dejar el gabinete federal para asumir el control del aparato partidista.\" \/>\n<meta property=\"og:url\" content=\"https:\/\/informante.mx\/?p=58098\" \/>\n<meta property=\"og:site_name\" content=\"Informante.mx\" \/>\n<meta property=\"article:publisher\" content=\"https:\/\/www.facebook.com\/MX.Informante\" \/>\n<meta property=\"article:published_time\" content=\"2026-04-27T16:11:18+00:00\" \/>\n<meta property=\"article:modified_time\" content=\"2026-04-27T16:11:22+00:00\" \/>\n<meta property=\"og:image\" content=\"https:\/\/informante.mx\/wp-content\/uploads\/2024\/09\/MORENA.jpg\" \/>\n\t<meta property=\"og:image:width\" content=\"1200\" \/>\n\t<meta property=\"og:image:height\" content=\"700\" \/>\n\t<meta property=\"og:image:type\" content=\"image\/jpeg\" \/>\n<meta name=\"author\" content=\"InformanteMX\" \/>\n<meta name=\"twitter:card\" content=\"summary_large_image\" \/>\n<meta name=\"twitter:creator\" content=\"@mx_informante\" \/>\n<meta name=\"twitter:site\" content=\"@mx_informante\" \/>\n<meta name=\"twitter:label1\" content=\"Escrito por\" \/>\n\t<meta name=\"twitter:data1\" content=\"InformanteMX\" \/>\n\t<meta name=\"twitter:label2\" content=\"Tiempo de lectura\" \/>\n\t<meta name=\"twitter:data2\" content=\"4 minutos\" \/>\n<script type=\"application\/ld+json\" class=\"yoast-schema-graph\">{\"@context\":\"https:\\\/\\\/schema.org\",\"@graph\":[{\"@type\":\"NewsArticle\",\"@id\":\"https:\\\/\\\/informante.mx\\\/?p=58098#article\",\"isPartOf\":{\"@id\":\"https:\\\/\\\/informante.mx\\\/?p=58098\"},\"author\":{\"name\":\"InformanteMX\",\"@id\":\"https:\\\/\\\/informante.mx\\\/#\\\/schema\\\/person\\\/3eff91989d2ea76b0a330b416325946c\"},\"headline\":\"Morena define rumbo hacia 2027: Ariadna Montiel se perfila para la dirigencia nacional en Congreso Extraordinario\",\"datePublished\":\"2026-04-27T16:11:18+00:00\",\"dateModified\":\"2026-04-27T16:11:22+00:00\",\"mainEntityOfPage\":{\"@id\":\"https:\\\/\\\/informante.mx\\\/?p=58098\"},\"wordCount\":758,\"commentCount\":0,\"publisher\":{\"@id\":\"https:\\\/\\\/informante.mx\\\/#organization\"},\"image\":{\"@id\":\"https:\\\/\\\/informante.mx\\\/?p=58098#primaryimage\"},\"thumbnailUrl\":\"https:\\\/\\\/informante.mx\\\/wp-content\\\/uploads\\\/2024\\\/09\\\/MORENA.jpg\",\"articleSection\":[\"Nacional\"],\"inLanguage\":\"es\",\"potentialAction\":[{\"@type\":\"CommentAction\",\"name\":\"Comment\",\"target\":[\"https:\\\/\\\/informante.mx\\\/?p=58098#respond\"]}]},{\"@type\":\"WebPage\",\"@id\":\"https:\\\/\\\/informante.mx\\\/?p=58098\",\"url\":\"https:\\\/\\\/informante.mx\\\/?p=58098\",\"name\":\"Morena define rumbo hacia 2027: Ariadna Montiel se perfila para la dirigencia nacional en Congreso Extraordinario - Informante.mx\",\"isPartOf\":{\"@id\":\"https:\\\/\\\/informante.mx\\\/#website\"},\"primaryImageOfPage\":{\"@id\":\"https:\\\/\\\/informante.mx\\\/?p=58098#primaryimage\"},\"image\":{\"@id\":\"https:\\\/\\\/informante.mx\\\/?p=58098#primaryimage\"},\"thumbnailUrl\":\"https:\\\/\\\/informante.mx\\\/wp-content\\\/uploads\\\/2024\\\/09\\\/MORENA.jpg\",\"datePublished\":\"2026-04-27T16:11:18+00:00\",\"dateModified\":\"2026-04-27T16:11:22+00:00\",\"breadcrumb\":{\"@id\":\"https:\\\/\\\/informante.mx\\\/?p=58098#breadcrumb\"},\"inLanguage\":\"es\",\"potentialAction\":[{\"@type\":\"ReadAction\",\"target\":[\"https:\\\/\\\/informante.mx\\\/?p=58098\"]}]},{\"@type\":\"ImageObject\",\"inLanguage\":\"es\",\"@id\":\"https:\\\/\\\/informante.mx\\\/?p=58098#primaryimage\",\"url\":\"https:\\\/\\\/informante.mx\\\/wp-content\\\/uploads\\\/2024\\\/09\\\/MORENA.jpg\",\"contentUrl\":\"https:\\\/\\\/informante.mx\\\/wp-content\\\/uploads\\\/2024\\\/09\\\/MORENA.jpg\",\"width\":1200,\"height\":700},{\"@type\":\"BreadcrumbList\",\"@id\":\"https:\\\/\\\/informante.mx\\\/?p=58098#breadcrumb\",\"itemListElement\":[{\"@type\":\"ListItem\",\"position\":1,\"name\":\"Portada\",\"item\":\"https:\\\/\\\/informante.mx\\\/\"},{\"@type\":\"ListItem\",\"position\":2,\"name\":\"Morena define rumbo hacia 2027: Ariadna Montiel se perfila para la dirigencia nacional en Congreso Extraordinario\"}]},{\"@type\":\"WebSite\",\"@id\":\"https:\\\/\\\/informante.mx\\\/#website\",\"url\":\"https:\\\/\\\/informante.mx\\\/\",\"name\":\"Informante.mx\",\"description\":\"\",\"publisher\":{\"@id\":\"https:\\\/\\\/informante.mx\\\/#organization\"},\"potentialAction\":[{\"@type\":\"SearchAction\",\"target\":{\"@type\":\"EntryPoint\",\"urlTemplate\":\"https:\\\/\\\/informante.mx\\\/?s={search_term_string}\"},\"query-input\":{\"@type\":\"PropertyValueSpecification\",\"valueRequired\":true,\"valueName\":\"search_term_string\"}}],\"inLanguage\":\"es\"},{\"@type\":\"Organization\",\"@id\":\"https:\\\/\\\/informante.mx\\\/#organization\",\"name\":\"Informante.mx\",\"url\":\"https:\\\/\\\/informante.mx\\\/\",\"logo\":{\"@type\":\"ImageObject\",\"inLanguage\":\"es\",\"@id\":\"https:\\\/\\\/informante.mx\\\/#\\\/schema\\\/logo\\\/image\\\/\",\"url\":\"https:\\\/\\\/informante.mx\\\/wp-content\\\/uploads\\\/2019\\\/12\\\/cropped-LOGO-Verde-Apaisado-1024x360O-1.png\",\"contentUrl\":\"https:\\\/\\\/informante.mx\\\/wp-content\\\/uploads\\\/2019\\\/12\\\/cropped-LOGO-Verde-Apaisado-1024x360O-1.png\",\"width\":923,\"height\":180,\"caption\":\"Informante.mx\"},\"image\":{\"@id\":\"https:\\\/\\\/informante.mx\\\/#\\\/schema\\\/logo\\\/image\\\/\"},\"sameAs\":[\"https:\\\/\\\/www.facebook.com\\\/MX.Informante\",\"https:\\\/\\\/x.com\\\/mx_informante\"]},{\"@type\":\"Person\",\"@id\":\"https:\\\/\\\/informante.mx\\\/#\\\/schema\\\/person\\\/3eff91989d2ea76b0a330b416325946c\",\"name\":\"InformanteMX\",\"image\":{\"@type\":\"ImageObject\",\"inLanguage\":\"es\",\"@id\":\"https:\\\/\\\/secure.gravatar.com\\\/avatar\\\/10d802aa739e832aedd2f3fd8544d878871eb22e6ca86fe9a548573e34a28f0e?s=96&d=mm&r=g\",\"url\":\"https:\\\/\\\/secure.gravatar.com\\\/avatar\\\/10d802aa739e832aedd2f3fd8544d878871eb22e6ca86fe9a548573e34a28f0e?s=96&d=mm&r=g\",\"contentUrl\":\"https:\\\/\\\/secure.gravatar.com\\\/avatar\\\/10d802aa739e832aedd2f3fd8544d878871eb22e6ca86fe9a548573e34a28f0e?s=96&d=mm&r=g\",\"caption\":\"InformanteMX\"},\"url\":\"https:\\\/\\\/informante.mx\\\/?author=1\"}]}<\/script>\n<!-- \/ Yoast SEO plugin. -->","yoast_head_json":{"title":"Morena define rumbo hacia 2027: Ariadna Montiel se perfila para la dirigencia nacional en Congreso Extraordinario - Informante.mx","robots":{"index":"index","follow":"follow","max-snippet":"max-snippet:-1","max-image-preview":"max-image-preview:large","max-video-preview":"max-video-preview:-1"},"canonical":"https:\/\/informante.mx\/?p=58098","og_locale":"es_ES","og_type":"article","og_title":"Morena define rumbo hacia 2027: Ariadna Montiel se perfila para la dirigencia nacional en Congreso Extraordinario - Informante.mx","og_description":"El pr\u00f3ximo domingo 3 de mayo, el partido oficialista renovar\u00e1 su presidencia y la Secretar\u00eda de Finanzas; la actual titular de Bienestar deber\u00e1 dejar el gabinete federal para asumir el control del aparato partidista.","og_url":"https:\/\/informante.mx\/?p=58098","og_site_name":"Informante.mx","article_publisher":"https:\/\/www.facebook.com\/MX.Informante","article_published_time":"2026-04-27T16:11:18+00:00","article_modified_time":"2026-04-27T16:11:22+00:00","og_image":[{"width":1200,"height":700,"url":"https:\/\/informante.mx\/wp-content\/uploads\/2024\/09\/MORENA.jpg","type":"image\/jpeg"}],"author":"InformanteMX","twitter_card":"summary_large_image","twitter_creator":"@mx_informante","twitter_site":"@mx_informante","twitter_misc":{"Escrito por":"InformanteMX","Tiempo de lectura":"4 minutos"},"schema":{"@context":"https:\/\/schema.org","@graph":[{"@type":"NewsArticle","@id":"https:\/\/informante.mx\/?p=58098#article","isPartOf":{"@id":"https:\/\/informante.mx\/?p=58098"},"author":{"name":"InformanteMX","@id":"https:\/\/informante.mx\/#\/schema\/person\/3eff91989d2ea76b0a330b416325946c"},"headline":"Morena define rumbo hacia 2027: Ariadna Montiel se perfila para la dirigencia nacional en Congreso Extraordinario","datePublished":"2026-04-27T16:11:18+00:00","dateModified":"2026-04-27T16:11:22+00:00","mainEntityOfPage":{"@id":"https:\/\/informante.mx\/?p=58098"},"wordCount":758,"commentCount":0,"publisher":{"@id":"https:\/\/informante.mx\/#organization"},"image":{"@id":"https:\/\/informante.mx\/?p=58098#primaryimage"},"thumbnailUrl":"https:\/\/informante.mx\/wp-content\/uploads\/2024\/09\/MORENA.jpg","articleSection":["Nacional"],"inLanguage":"es","potentialAction":[{"@type":"CommentAction","name":"Comment","target":["https:\/\/informante.mx\/?p=58098#respond"]}]},{"@type":"WebPage","@id":"https:\/\/informante.mx\/?p=58098","url":"https:\/\/informante.mx\/?p=58098","name":"Morena define rumbo hacia 2027: Ariadna Montiel se perfila para la dirigencia nacional en Congreso Extraordinario - Informante.mx","isPartOf":{"@id":"https:\/\/informante.mx\/#website"},"primaryImageOfPage":{"@id":"https:\/\/informante.mx\/?p=58098#primaryimage"},"image":{"@id":"https:\/\/informante.mx\/?p=58098#primaryimage"},"thumbnailUrl":"https:\/\/informante.mx\/wp-content\/uploads\/2024\/09\/MORENA.jpg","datePublished":"2026-04-27T16:11:18+00:00","dateModified":"2026-04-27T16:11:22+00:00","breadcrumb":{"@id":"https:\/\/informante.mx\/?p=58098#breadcrumb"},"inLanguage":"es","potentialAction":[{"@type":"ReadAction","target":["https:\/\/informante.mx\/?p=58098"]}]},{"@type":"ImageObject","inLanguage":"es","@id":"https:\/\/informante.mx\/?p=58098#primaryimage","url":"https:\/\/informante.mx\/wp-content\/uploads\/2024\/09\/MORENA.jpg","contentUrl":"https:\/\/informante.mx\/wp-content\/uploads\/2024\/09\/MORENA.jpg","width":1200,"height":700},{"@type":"BreadcrumbList","@id":"https:\/\/informante.mx\/?p=58098#breadcrumb","itemListElement":[{"@type":"ListItem","position":1,"name":"Portada","item":"https:\/\/informante.mx\/"},{"@type":"ListItem","position":2,"name":"Morena define rumbo hacia 2027: Ariadna Montiel se perfila para la dirigencia nacional en Congreso Extraordinario"}]},{"@type":"WebSite","@id":"https:\/\/informante.mx\/#website","url":"https:\/\/informante.mx\/","name":"Informante.mx","description":"","publisher":{"@id":"https:\/\/informante.mx\/#organization"},"potentialAction":[{"@type":"SearchAction","target":{"@type":"EntryPoint","urlTemplate":"https:\/\/informante.mx\/?s={search_term_string}"},"query-input":{"@type":"PropertyValueSpecification","valueRequired":true,"valueName":"search_term_string"}}],"inLanguage":"es"},{"@type":"Organization","@id":"https:\/\/informante.mx\/#organization","name":"Informante.mx","url":"https:\/\/informante.mx\/","logo":{"@type":"ImageObject","inLanguage":"es","@id":"https:\/\/informante.mx\/#\/schema\/logo\/image\/","url":"https:\/\/informante.mx\/wp-content\/uploads\/2019\/12\/cropped-LOGO-Verde-Apaisado-1024x360O-1.png","contentUrl":"https:\/\/informante.mx\/wp-content\/uploads\/2019\/12\/cropped-LOGO-Verde-Apaisado-1024x360O-1.png","width":923,"height":180,"caption":"Informante.mx"},"image":{"@id":"https:\/\/informante.mx\/#\/schema\/logo\/image\/"},"sameAs":["https:\/\/www.facebook.com\/MX.Informante","https:\/\/x.com\/mx_informante"]},{"@type":"Person","@id":"https:\/\/informante.mx\/#\/schema\/person\/3eff91989d2ea76b0a330b416325946c","name":"InformanteMX","image":{"@type":"ImageObject","inLanguage":"es","@id":"https:\/\/secure.gravatar.com\/avatar\/10d802aa739e832aedd2f3fd8544d878871eb22e6ca86fe9a548573e34a28f0e?s=96&d=mm&r=g","url":"https:\/\/secure.gravatar.com\/avatar\/10d802aa739e832aedd2f3fd8544d878871eb22e6ca86fe9a548573e34a28f0e?s=96&d=mm&r=g","contentUrl":"https:\/\/secure.gravatar.com\/avatar\/10d802aa739e832aedd2f3fd8544d878871eb22e6ca86fe9a548573e34a28f0e?s=96&d=mm&r=g","caption":"InformanteMX"},"url":"https:\/\/informante.mx\/?author=1"}]}},"jetpack_featured_media_url":"https:\/\/informante.mx\/wp-content\/uploads\/2024\/09\/MORENA.jpg","uagb_featured_image_src":{"full":["https:\/\/informante.mx\/wp-content\/uploads\/2024\/09\/MORENA.jpg",1200,700,false],"thumbnail":["https:\/\/informante.mx\/wp-content\/uploads\/2024\/09\/MORENA-150x88.jpg",150,88,true],"medium":["https:\/\/informante.mx\/wp-content\/uploads\/2024\/09\/MORENA-300x175.jpg",300,175,true],"medium_large":["https:\/\/informante.mx\/wp-content\/uploads\/2024\/09\/MORENA-768x448.jpg",640,373,true],"large":["https:\/\/informante.mx\/wp-content\/uploads\/2024\/09\/MORENA-1024x597.jpg",640,373,true],"1536x1536":["https:\/\/informante.mx\/wp-content\/uploads\/2024\/09\/MORENA.jpg",1200,700,false],"2048x2048":["https:\/\/informante.mx\/wp-content\/uploads\/2024\/09\/MORENA.jpg",1200,700,false],"td_0x420":["https:\/\/informante.mx\/wp-content\/uploads\/2024\/09\/MORENA-720x420.jpg",720,420,true],"td_0x420_retina":["https:\/\/informante.mx\/wp-content\/uploads\/2024\/09\/MORENA.jpg",1200,700,false],"td_80x60":["https:\/\/informante.mx\/wp-content\/uploads\/2024\/09\/MORENA-80x60.jpg",80,60,true],"td_80x60_retina":["https:\/\/informante.mx\/wp-content\/uploads\/2024\/09\/MORENA-160x120.jpg",160,120,true],"td_100x75":["https:\/\/informante.mx\/wp-content\/uploads\/2024\/09\/MORENA-100x75.jpg",100,75,true],"td_100x75_retina":["https:\/\/informante.mx\/wp-content\/uploads\/2024\/09\/MORENA-200x150.jpg",200,150,true],"td_180x135":["https:\/\/informante.mx\/wp-content\/uploads\/2024\/09\/MORENA-180x135.jpg",180,135,true],"td_180x135_retina":["https:\/\/informante.mx\/wp-content\/uploads\/2024\/09\/MORENA-360x270.jpg",360,270,true],"td_238x178":["https:\/\/informante.mx\/wp-content\/uploads\/2024\/09\/MORENA-238x178.jpg",238,178,true],"td_238x178_retina":["https:\/\/informante.mx\/wp-content\/uploads\/2024\/09\/MORENA-476x356.jpg",476,356,true],"td_265x198":["https:\/\/informante.mx\/wp-content\/uploads\/2024\/09\/MORENA-265x198.jpg",265,198,true],"td_265x198_retina":["https:\/\/informante.mx\/wp-content\/uploads\/2024\/09\/MORENA-530x396.jpg",530,396,true],"td_300x160":["https:\/\/informante.mx\/wp-content\/uploads\/2024\/09\/MORENA-300x160.jpg",300,160,true],"td_300x160_retina":["https:\/\/informante.mx\/wp-content\/uploads\/2024\/09\/MORENA-600x320.jpg",600,320,true],"td_300x194":["https:\/\/informante.mx\/wp-content\/uploads\/2024\/09\/MORENA-300x194.jpg",300,194,true],"td_300x194_retina":["https:\/\/informante.mx\/wp-content\/uploads\/2024\/09\/MORENA-600x388.jpg",600,388,true],"td_300x350":["https:\/\/informante.mx\/wp-content\/uploads\/2024\/09\/MORENA-300x350.jpg",300,350,true],"td_300x350_retina":["https:\/\/informante.mx\/wp-content\/uploads\/2024\/09\/MORENA-600x700.jpg",600,700,true],"td_341x220":["https:\/\/informante.mx\/wp-content\/uploads\/2024\/09\/MORENA-341x220.jpg",341,220,true],"td_341x220_retina":["https:\/\/informante.mx\/wp-content\/uploads\/2024\/09\/MORENA-682x440.jpg",682,440,true],"td_341x400":["https:\/\/informante.mx\/wp-content\/uploads\/2024\/09\/MORENA-341x400.jpg",341,400,true],"td_341x400_retina":["https:\/\/informante.mx\/wp-content\/uploads\/2024\/09\/MORENA-682x700.jpg",682,700,true],"td_511x400":["https:\/\/informante.mx\/wp-content\/uploads\/2024\/09\/MORENA-511x400.jpg",511,400,true],"td_511x400_retina":["https:\/\/informante.mx\/wp-content\/uploads\/2024\/09\/MORENA-1022x700.jpg",1022,700,true],"td_537x360":["https:\/\/informante.mx\/wp-content\/uploads\/2024\/09\/MORENA-537x360.jpg",537,360,true],"td_537x360_retina":["https:\/\/informante.mx\/wp-content\/uploads\/2024\/09\/MORENA-1074x700.jpg",1074,700,true],"td_640x0":["https:\/\/informante.mx\/wp-content\/uploads\/2024\/09\/MORENA-640x373.jpg",640,373,true],"td_640x0_retina":["https:\/\/informante.mx\/wp-content\/uploads\/2024\/09\/MORENA.jpg",1200,700,false],"td_640x350":["https:\/\/informante.mx\/wp-content\/uploads\/2024\/09\/MORENA-640x350.jpg",640,350,true],"td_640x350_retina":["https:\/\/informante.mx\/wp-content\/uploads\/2024\/09\/MORENA.jpg",1200,700,false],"td_681x0":["https:\/\/informante.mx\/wp-content\/uploads\/2024\/09\/MORENA-681x397.jpg",681,397,true],"td_681x0_retina":["https:\/\/informante.mx\/wp-content\/uploads\/2024\/09\/MORENA.jpg",1200,700,false],"td_681x400":["https:\/\/informante.mx\/wp-content\/uploads\/2024\/09\/MORENA-681x400.jpg",681,400,true],"td_681x400_retina":["https:\/\/informante.mx\/wp-content\/uploads\/2024\/09\/MORENA.jpg",1200,700,false],"td_741x486":["https:\/\/informante.mx\/wp-content\/uploads\/2024\/09\/MORENA-741x486.jpg",741,486,true],"td_741x486_retina":["https:\/\/informante.mx\/wp-content\/uploads\/2024\/09\/MORENA.jpg",1200,700,false],"td_1021x580":["https:\/\/informante.mx\/wp-content\/uploads\/2024\/09\/MORENA-1021x580.jpg",1021,580,true],"td_1021x580_retina":["https:\/\/informante.mx\/wp-content\/uploads\/2024\/09\/MORENA.jpg",1200,700,false]},"uagb_author_info":{"display_name":"InformanteMX","author_link":"https:\/\/informante.mx\/?author=1"},"uagb_comment_info":0,"uagb_excerpt":"El pr\u00f3ximo domingo 3 de mayo, el partido oficialista renovar\u00e1 su presidencia y la Secretar\u00eda de Finanzas; la actual titular de Bienestar deber\u00e1 dejar el gabinete federal para asumir el control del aparato partidista.","_links":{"self":[{"href":"https:\/\/informante.mx\/index.php?rest_route=\/wp\/v2\/posts\/58098","targetHints":{"allow":["GET"]}}],"collection":[{"href":"https:\/\/informante.mx\/index.php?rest_route=\/wp\/v2\/posts"}],"about":[{"href":"https:\/\/informante.mx\/index.php?rest_route=\/wp\/v2\/types\/post"}],"author":[{"embeddable":true,"href":"https:\/\/informante.mx\/index.php?rest_route=\/wp\/v2\/users\/1"}],"replies":[{"embeddable":true,"href":"https:\/\/informante.mx\/index.php?rest_route=%2Fwp%2Fv2%2Fcomments&post=58098"}],"version-history":[{"count":1,"href":"https:\/\/informante.mx\/index.php?rest_route=\/wp\/v2\/posts\/58098\/revisions"}],"predecessor-version":[{"id":58099,"href":"https:\/\/informante.mx\/index.php?rest_route=\/wp\/v2\/posts\/58098\/revisions\/58099"}],"wp:featuredmedia":[{"embeddable":true,"href":"https:\/\/informante.mx\/index.php?rest_route=\/wp\/v2\/media\/39868"}],"wp:attachment":[{"href":"https:\/\/informante.mx\/index.php?rest_route=%2Fwp%2Fv2%2Fmedia&parent=58098"}],"wp:term":[{"taxonomy":"category","embeddable":true,"href":"https:\/\/informante.mx\/index.php?rest_route=%2Fwp%2Fv2%2Fcategories&post=58098"},{"taxonomy":"post_tag","embeddable":true,"href":"https:\/\/informante.mx\/index.php?rest_route=%2Fwp%2Fv2%2Ftags&post=58098"}],"curies":[{"name":"wp","href":"https:\/\/api.w.org\/{rel}","templated":true}]}}