{"id":58095,"date":"2026-04-27T10:07:10","date_gmt":"2026-04-27T16:07:10","guid":{"rendered":"https:\/\/informante.mx\/?p=58095"},"modified":"2026-04-27T10:07:15","modified_gmt":"2026-04-27T16:07:15","slug":"inauguran-la-conexion-ferroviaria-al-aifa-tras-dos-anos-de-desafios-tecnicos-y-sociales","status":"publish","type":"post","link":"https:\/\/informante.mx\/?p=58095","title":{"rendered":"\u00a0Inauguran la Conexi\u00f3n Ferroviaria al AIFA tras dos a\u00f1os de desaf\u00edos t\u00e9cnicos y sociales"},"content":{"rendered":"\n<h2 class=\"wp-block-heading\">La presidenta Claudia Sheinbaum encabez\u00f3 la apertura del ramal del Tren Suburbano, una obra de 25,800 millones de pesos que promete transformar la conectividad entre la Ciudad de M\u00e9xico y el Aeropuerto Internacional Felipe \u00c1ngeles en menos de 45 minutos.<\/h2>\n\n\n\n<p><strong>Redacci\u00f3n Informante<\/strong><\/p>\n\n\n\n<p><strong>CIUDAD DE M\u00c9XICO<\/strong>&nbsp;\u2013 En un evento que marca un hito en la infraestructura de transporte masivo de la presente administraci\u00f3n, la presidenta de M\u00e9xico, Claudia Sheinbaum Pardo, inaugur\u00f3 oficialmente la extensi\u00f3n del Tren Suburbano que conecta la estaci\u00f3n Lecher\u00eda con el Aeropuerto Internacional Felipe \u00c1ngeles (AIFA). Tras un periodo de construcci\u00f3n marcado por retrasos log\u00edsticos y una inversi\u00f3n que ascendi\u00f3 a los 25,800 millones de pesos, la v\u00eda f\u00e9rrea entra finalmente en operaci\u00f3n para aliviar la carga de tr\u00e1nsito terrestre hacia la terminal a\u00e9rea de Santa Luc\u00eda.<\/p>\n\n\n\n<p>Durante la ceremonia de corte de list\u00f3n, la mandataria destac\u00f3 que este proyecto no solo representa una mejora log\u00edstica para los viajeros, sino que constituye un eje de justicia social para los municipios mexiquenses que anteriormente carec\u00edan de opciones de movilidad eficientes. \u00abHoy no solo inauguramos v\u00edas y estaciones; estamos consolidando un sistema de transporte digno, moderno y accesible que coloca a M\u00e9xico a la vanguardia de la conectividad multimodal\u00bb, afirm\u00f3 Sheinbaum ante funcionarios federales y representantes del sector privado.<\/p>\n\n\n\n<p><strong>Un trayecto estrat\u00e9gico: Estaciones y Tiempos<\/strong><\/p>\n\n\n\n<p>El nuevo ramal se desprende de la l\u00ednea principal del Tren Suburbano en la estaci\u00f3n Lecher\u00eda. A partir de ese punto, el recorrido abarca 23 kil\u00f3metros de v\u00eda doble electrificada, integrando seis estaciones intermedias estrat\u00e9gicamente distribuidas: Cueyamil, La Loma, Teyahualco, Prado Sur, Cajiga y Xaltoc\u00e1n.<\/p>\n\n\n\n<p>El beneficio principal para los usuarios radica en la previsibilidad de los traslados. Seg\u00fan datos t\u00e9cnicos de la Secretar\u00eda de Infraestructura, Comunicaciones y Transportes (SICT), el tiempo de viaje desde la terminal de Buenavista, en el coraz\u00f3n de la capital, hasta la terminal del AIFA ser\u00e1 de aproximadamente 43 a 45 minutos. Este avance elimina la incertidumbre de los embotellamientos en la autopista M\u00e9xico-Pachuca, reduciendo los tiempos de traslado que anteriormente pod\u00edan superar las dos horas en horas pico.<\/p>\n\n\n\n<p>Para incentivar el uso de este transporte, el Gobierno Federal anunci\u00f3 una tarifa promocional de lanzamiento de 45 pesos para el trayecto largo. Los trenes operar\u00e1n con una frecuencia de 15 minutos, garantizando un flujo constante de pasajeros en un horario extendido de 05:00 a 00:30 horas, cubriendo as\u00ed la mayor\u00eda de los itinerarios de vuelos comerciales.<\/p>\n\n\n\n<p><strong>Los obst\u00e1culos de una obra compleja<\/strong><\/p>\n\n\n\n<p>A pesar del entusiasmo gubernamental, la entrega de la obra se realiz\u00f3 con un desfase de dos a\u00f1os respecto al cronograma original establecido en la administraci\u00f3n anterior. Este retraso fue atribuido a una combinaci\u00f3n de factores t\u00e9cnicos, sociales y financieros que pusieron a prueba la capacidad de ejecuci\u00f3n del proyecto.<\/p>\n\n\n\n<p>Uno de los principales desaf\u00edos fue la liberaci\u00f3n del derecho de v\u00eda. La construcci\u00f3n atraves\u00f3 zonas densamente pobladas del Estado de M\u00e9xico, lo que deriv\u00f3 en una serie de conflictos sociales. Pobladores de municipios como Tultepec y Tultitl\u00e1n realizaron diversos bloqueos y manifestaciones, exigiendo obras de mitigaci\u00f3n, pasos peatonales y mejoras en la infraestructura hidr\u00e1ulica local a cambio de permitir el paso del tren. El gobierno tuvo que establecer mesas de negociaci\u00f3n prolongadas para alcanzar acuerdos que permitieran la continuidad de los trabajos.<\/p>\n\n\n\n<p>En el aspecto t\u00e9cnico, la obra enfrent\u00f3 la necesidad de reubicar ductos de Petr\u00f3leos Mexicanos (Pemex) y l\u00edneas de alta tensi\u00f3n de la Comisi\u00f3n Federal de Electricidad (CFE), adem\u00e1s de integrar sistemas de se\u00f1alizaci\u00f3n de \u00faltima generaci\u00f3n para permitir la convivencia del tren de pasajeros con el transporte de carga que circula por la zona.<\/p>\n\n\n\n<p><strong>Inversi\u00f3n y Futuro<\/strong><\/p>\n\n\n\n<p>La inversi\u00f3n final de 25,800 millones de pesos fue financiada mediante un esquema mixto, aunque la administraci\u00f3n federal tom\u00f3 un rol m\u00e1s activo en la fase final del proyecto para garantizar su conclusi\u00f3n. La presidenta Sheinbaum enfatiz\u00f3 que el Tren Suburbano al AIFA es solo el primer paso de un plan m\u00e1s ambicioso que busca reactivar el transporte ferroviario de pasajeros en todo el pa\u00eds.<\/p>\n\n\n\n<p>Expertos en urbanismo se\u00f1alan que el \u00e9xito del AIFA como terminal a\u00e9rea depend\u00eda cr\u00edticamente de esta conexi\u00f3n ferroviaria. Con el tren en funcionamiento, se espera que la demanda de vuelos desde Santa Luc\u00eda incremente sustancialmente, al ofrecer una alternativa econ\u00f3mica y r\u00e1pida para los habitantes de la Ciudad de M\u00e9xico y el \u00e1rea metropolitana.<\/p>\n\n\n\n<p>Con la puesta en marcha de este servicio, se cierra un cap\u00edtulo de incertidumbre log\u00edstica y se abre una nueva etapa para la movilidad en el centro del pa\u00eds. El reto ahora ser\u00e1 mantener la eficiencia operativa y garantizar la seguridad de los miles de usuarios que, a partir de hoy, ver\u00e1n en el Tren Suburbano su principal aliado para llegar al cielo.<\/p>\n\n\n\n<hr class=\"wp-block-separator has-alpha-channel-opacity\"\/>\n\n\n\n<p class=\"has-text-align-center\" style=\"font-size:17px\"><strong><i>Toda la informaci\u00f3n que necesitas saber la encuentras en nuestras <\/i><strong style=\"\"><em style=\"font-style: italic;\">redes sociales y canal de <\/em><\/strong><\/strong><a href=\"https:\/\/t.me\/informantemx\" target=\"_blank\" rel=\"noreferrer noopener\"><strong><em>Telegram<\/em><\/strong><\/a>. <\/p>\n\n\n\n<p class=\"has-text-align-center\" style=\"font-size:17px\"><strong><em>!\u00danete!<\/em><\/strong><\/p>\n\n\n\n<div class=\"wp-block-uagb-image aligncenter uagb-block-3acd28e8 wp-block-uagb-image--layout-default wp-block-uagb-image--effect-zoomin wp-block-uagb-image--align-center\"><figure class=\"wp-block-uagb-image__figure\"><a class=\"\" href=\"https:\/\/t.me\/informantemx\" target=\"\" rel=\"noopener\"><img decoding=\"async\" srcset=\"https:\/\/informante.mx\/wp-content\/uploads\/2023\/08\/Banner-Telegram-Verde-800x60-1.png ,https:\/\/informante.mx\/wp-content\/uploads\/2023\/08\/Banner-Telegram-Verde-800x60-1.png 780w, https:\/\/informante.mx\/wp-content\/uploads\/2023\/08\/Banner-Telegram-Verde-800x60-1.png 360w\" sizes=\"auto, (max-width: 480px) 150px\" src=\"https:\/\/informante.mx\/wp-content\/uploads\/2023\/08\/Banner-Telegram-Verde-800x60-1.png\" alt=\"\" class=\"uag-image-23275\" width=\"800\" height=\"60\" title=\"\" loading=\"lazy\" role=\"img\"\/><\/a><\/figure><\/div>\n\n\n\n<div class=\"wp-block-uagb-image aligncenter uagb-block-45ea2b31 wp-block-uagb-image--layout-default wp-block-uagb-image--effect-zoomin wp-block-uagb-image--align-center\"><figure class=\"wp-block-uagb-image__figure\"><a class=\"\" href=\"https:\/\/www.facebook.com\/MX.Informante\" target=\"\" rel=\"noopener\"><img decoding=\"async\" srcset=\"https:\/\/informante.mx\/wp-content\/uploads\/2023\/08\/Banner-Facebook-Verde-800x60-1.png ,https:\/\/informante.mx\/wp-content\/uploads\/2023\/08\/Banner-Facebook-Verde-800x60-1.png 780w, https:\/\/informante.mx\/wp-content\/uploads\/2023\/08\/Banner-Facebook-Verde-800x60-1.png 360w\" sizes=\"auto, (max-width: 480px) 150px\" src=\"https:\/\/informante.mx\/wp-content\/uploads\/2023\/08\/Banner-Facebook-Verde-800x60-1.png\" alt=\"\" class=\"uag-image-23274\" width=\"800\" height=\"60\" title=\"\" loading=\"lazy\" role=\"img\"\/><\/a><\/figure><\/div>\n\n\n\n<div class=\"wp-block-uagb-image aligncenter uagb-block-2ce4c51b wp-block-uagb-image--layout-default wp-block-uagb-image--effect-zoomin wp-block-uagb-image--align-center\"><figure class=\"wp-block-uagb-image__figure\"><a class=\"\" href=\"https:\/\/twitter.com\/mx_informante\" target=\"\" rel=\"noopener\"><img decoding=\"async\" srcset=\"https:\/\/informante.mx\/wp-content\/uploads\/2023\/08\/Banner-Twitter-Verde-800x60-1.png ,https:\/\/informante.mx\/wp-content\/uploads\/2023\/08\/Banner-Twitter-Verde-800x60-1.png 780w, https:\/\/informante.mx\/wp-content\/uploads\/2023\/08\/Banner-Twitter-Verde-800x60-1.png 360w\" sizes=\"auto, (max-width: 480px) 150px\" src=\"https:\/\/informante.mx\/wp-content\/uploads\/2023\/08\/Banner-Twitter-Verde-800x60-1.png\" alt=\"\" class=\"uag-image-23273\" width=\"800\" height=\"60\" title=\"\" loading=\"lazy\" role=\"img\"\/><\/a><\/figure><\/div>\n\n\n\n<div style=\"height:50px\" aria-hidden=\"true\" class=\"wp-block-spacer\"><\/div>\n","protected":false},"excerpt":{"rendered":"<p>La presidenta Claudia Sheinbaum encabez\u00f3 la apertura del ramal del Tren Suburbano, una obra de 25,800 millones de pesos que promete transformar la conectividad entre la Ciudad de M\u00e9xico y el Aeropuerto Internacional Felipe \u00c1ngeles en menos de 45 minutos.<\/p>\n","protected":false},"author":1,"featured_media":58096,"comment_status":"open","ping_status":"closed","sticky":false,"template":"","format":"standard","meta":{"_uag_custom_page_level_css":"","jetpack_post_was_ever_published":false,"footnotes":""},"categories":[9],"tags":[31],"class_list":["post-58095","post","type-post","status-publish","format-standard","has-post-thumbnail","hentry","category-nacional","tag-nacional"],"yoast_head":"<!-- This site is optimized with the Yoast SEO plugin v27.3 - https:\/\/yoast.com\/product\/yoast-seo-wordpress\/ -->\n<title>\u00a0Inauguran la Conexi\u00f3n Ferroviaria al AIFA tras dos a\u00f1os de desaf\u00edos t\u00e9cnicos y sociales - Informante.mx<\/title>\n<meta name=\"robots\" content=\"index, follow, max-snippet:-1, max-image-preview:large, max-video-preview:-1\" \/>\n<link rel=\"canonical\" href=\"https:\/\/informante.mx\/?p=58095\" \/>\n<meta property=\"og:locale\" content=\"es_ES\" \/>\n<meta property=\"og:type\" content=\"article\" \/>\n<meta property=\"og:title\" content=\"\u00a0Inauguran la Conexi\u00f3n Ferroviaria al AIFA tras dos a\u00f1os de desaf\u00edos t\u00e9cnicos y sociales - Informante.mx\" \/>\n<meta property=\"og:description\" content=\"La presidenta Claudia Sheinbaum encabez\u00f3 la apertura del ramal del Tren Suburbano, una obra de 25,800 millones de pesos que promete transformar la conectividad entre la Ciudad de M\u00e9xico y el Aeropuerto Internacional Felipe \u00c1ngeles en menos de 45 minutos.\" \/>\n<meta property=\"og:url\" content=\"https:\/\/informante.mx\/?p=58095\" \/>\n<meta property=\"og:site_name\" content=\"Informante.mx\" \/>\n<meta property=\"article:publisher\" content=\"https:\/\/www.facebook.com\/MX.Informante\" \/>\n<meta property=\"article:published_time\" content=\"2026-04-27T16:07:10+00:00\" \/>\n<meta property=\"article:modified_time\" content=\"2026-04-27T16:07:15+00:00\" \/>\n<meta property=\"og:image\" content=\"https:\/\/informante.mx\/wp-content\/uploads\/2026\/04\/Tren.jpg\" \/>\n\t<meta property=\"og:image:width\" content=\"1100\" \/>\n\t<meta property=\"og:image:height\" content=\"700\" \/>\n\t<meta property=\"og:image:type\" content=\"image\/jpeg\" \/>\n<meta name=\"author\" content=\"InformanteMX\" \/>\n<meta name=\"twitter:card\" content=\"summary_large_image\" \/>\n<meta name=\"twitter:creator\" content=\"@mx_informante\" \/>\n<meta name=\"twitter:site\" content=\"@mx_informante\" \/>\n<meta name=\"twitter:label1\" content=\"Escrito por\" \/>\n\t<meta name=\"twitter:data1\" content=\"InformanteMX\" \/>\n\t<meta name=\"twitter:label2\" content=\"Tiempo de lectura\" \/>\n\t<meta name=\"twitter:data2\" content=\"4 minutos\" \/>\n<script type=\"application\/ld+json\" class=\"yoast-schema-graph\">{\"@context\":\"https:\\\/\\\/schema.org\",\"@graph\":[{\"@type\":\"NewsArticle\",\"@id\":\"https:\\\/\\\/informante.mx\\\/?p=58095#article\",\"isPartOf\":{\"@id\":\"https:\\\/\\\/informante.mx\\\/?p=58095\"},\"author\":{\"name\":\"InformanteMX\",\"@id\":\"https:\\\/\\\/informante.mx\\\/#\\\/schema\\\/person\\\/3eff91989d2ea76b0a330b416325946c\"},\"headline\":\"\u00a0Inauguran la Conexi\u00f3n Ferroviaria al AIFA tras dos a\u00f1os de desaf\u00edos t\u00e9cnicos y sociales\",\"datePublished\":\"2026-04-27T16:07:10+00:00\",\"dateModified\":\"2026-04-27T16:07:15+00:00\",\"mainEntityOfPage\":{\"@id\":\"https:\\\/\\\/informante.mx\\\/?p=58095\"},\"wordCount\":862,\"commentCount\":0,\"publisher\":{\"@id\":\"https:\\\/\\\/informante.mx\\\/#organization\"},\"image\":{\"@id\":\"https:\\\/\\\/informante.mx\\\/?p=58095#primaryimage\"},\"thumbnailUrl\":\"https:\\\/\\\/informante.mx\\\/wp-content\\\/uploads\\\/2026\\\/04\\\/Tren.jpg\",\"keywords\":[\"Nacional\"],\"articleSection\":[\"Nacional\"],\"inLanguage\":\"es\",\"potentialAction\":[{\"@type\":\"CommentAction\",\"name\":\"Comment\",\"target\":[\"https:\\\/\\\/informante.mx\\\/?p=58095#respond\"]}]},{\"@type\":\"WebPage\",\"@id\":\"https:\\\/\\\/informante.mx\\\/?p=58095\",\"url\":\"https:\\\/\\\/informante.mx\\\/?p=58095\",\"name\":\"\u00a0Inauguran la Conexi\u00f3n Ferroviaria al AIFA tras dos a\u00f1os de desaf\u00edos t\u00e9cnicos y sociales - Informante.mx\",\"isPartOf\":{\"@id\":\"https:\\\/\\\/informante.mx\\\/#website\"},\"primaryImageOfPage\":{\"@id\":\"https:\\\/\\\/informante.mx\\\/?p=58095#primaryimage\"},\"image\":{\"@id\":\"https:\\\/\\\/informante.mx\\\/?p=58095#primaryimage\"},\"thumbnailUrl\":\"https:\\\/\\\/informante.mx\\\/wp-content\\\/uploads\\\/2026\\\/04\\\/Tren.jpg\",\"datePublished\":\"2026-04-27T16:07:10+00:00\",\"dateModified\":\"2026-04-27T16:07:15+00:00\",\"breadcrumb\":{\"@id\":\"https:\\\/\\\/informante.mx\\\/?p=58095#breadcrumb\"},\"inLanguage\":\"es\",\"potentialAction\":[{\"@type\":\"ReadAction\",\"target\":[\"https:\\\/\\\/informante.mx\\\/?p=58095\"]}]},{\"@type\":\"ImageObject\",\"inLanguage\":\"es\",\"@id\":\"https:\\\/\\\/informante.mx\\\/?p=58095#primaryimage\",\"url\":\"https:\\\/\\\/informante.mx\\\/wp-content\\\/uploads\\\/2026\\\/04\\\/Tren.jpg\",\"contentUrl\":\"https:\\\/\\\/informante.mx\\\/wp-content\\\/uploads\\\/2026\\\/04\\\/Tren.jpg\",\"width\":1100,\"height\":700},{\"@type\":\"BreadcrumbList\",\"@id\":\"https:\\\/\\\/informante.mx\\\/?p=58095#breadcrumb\",\"itemListElement\":[{\"@type\":\"ListItem\",\"position\":1,\"name\":\"Portada\",\"item\":\"https:\\\/\\\/informante.mx\\\/\"},{\"@type\":\"ListItem\",\"position\":2,\"name\":\"\u00a0Inauguran la Conexi\u00f3n Ferroviaria al AIFA tras dos a\u00f1os de desaf\u00edos t\u00e9cnicos y sociales\"}]},{\"@type\":\"WebSite\",\"@id\":\"https:\\\/\\\/informante.mx\\\/#website\",\"url\":\"https:\\\/\\\/informante.mx\\\/\",\"name\":\"Informante.mx\",\"description\":\"\",\"publisher\":{\"@id\":\"https:\\\/\\\/informante.mx\\\/#organization\"},\"potentialAction\":[{\"@type\":\"SearchAction\",\"target\":{\"@type\":\"EntryPoint\",\"urlTemplate\":\"https:\\\/\\\/informante.mx\\\/?s={search_term_string}\"},\"query-input\":{\"@type\":\"PropertyValueSpecification\",\"valueRequired\":true,\"valueName\":\"search_term_string\"}}],\"inLanguage\":\"es\"},{\"@type\":\"Organization\",\"@id\":\"https:\\\/\\\/informante.mx\\\/#organization\",\"name\":\"Informante.mx\",\"url\":\"https:\\\/\\\/informante.mx\\\/\",\"logo\":{\"@type\":\"ImageObject\",\"inLanguage\":\"es\",\"@id\":\"https:\\\/\\\/informante.mx\\\/#\\\/schema\\\/logo\\\/image\\\/\",\"url\":\"https:\\\/\\\/informante.mx\\\/wp-content\\\/uploads\\\/2019\\\/12\\\/cropped-LOGO-Verde-Apaisado-1024x360O-1.png\",\"contentUrl\":\"https:\\\/\\\/informante.mx\\\/wp-content\\\/uploads\\\/2019\\\/12\\\/cropped-LOGO-Verde-Apaisado-1024x360O-1.png\",\"width\":923,\"height\":180,\"caption\":\"Informante.mx\"},\"image\":{\"@id\":\"https:\\\/\\\/informante.mx\\\/#\\\/schema\\\/logo\\\/image\\\/\"},\"sameAs\":[\"https:\\\/\\\/www.facebook.com\\\/MX.Informante\",\"https:\\\/\\\/x.com\\\/mx_informante\"]},{\"@type\":\"Person\",\"@id\":\"https:\\\/\\\/informante.mx\\\/#\\\/schema\\\/person\\\/3eff91989d2ea76b0a330b416325946c\",\"name\":\"InformanteMX\",\"image\":{\"@type\":\"ImageObject\",\"inLanguage\":\"es\",\"@id\":\"https:\\\/\\\/secure.gravatar.com\\\/avatar\\\/10d802aa739e832aedd2f3fd8544d878871eb22e6ca86fe9a548573e34a28f0e?s=96&d=mm&r=g\",\"url\":\"https:\\\/\\\/secure.gravatar.com\\\/avatar\\\/10d802aa739e832aedd2f3fd8544d878871eb22e6ca86fe9a548573e34a28f0e?s=96&d=mm&r=g\",\"contentUrl\":\"https:\\\/\\\/secure.gravatar.com\\\/avatar\\\/10d802aa739e832aedd2f3fd8544d878871eb22e6ca86fe9a548573e34a28f0e?s=96&d=mm&r=g\",\"caption\":\"InformanteMX\"},\"url\":\"https:\\\/\\\/informante.mx\\\/?author=1\"}]}<\/script>\n<!-- \/ Yoast SEO plugin. -->","yoast_head_json":{"title":"\u00a0Inauguran la Conexi\u00f3n Ferroviaria al AIFA tras dos a\u00f1os de desaf\u00edos t\u00e9cnicos y sociales - Informante.mx","robots":{"index":"index","follow":"follow","max-snippet":"max-snippet:-1","max-image-preview":"max-image-preview:large","max-video-preview":"max-video-preview:-1"},"canonical":"https:\/\/informante.mx\/?p=58095","og_locale":"es_ES","og_type":"article","og_title":"\u00a0Inauguran la Conexi\u00f3n Ferroviaria al AIFA tras dos a\u00f1os de desaf\u00edos t\u00e9cnicos y sociales - Informante.mx","og_description":"La presidenta Claudia Sheinbaum encabez\u00f3 la apertura del ramal del Tren Suburbano, una obra de 25,800 millones de pesos que promete transformar la conectividad entre la Ciudad de M\u00e9xico y el Aeropuerto Internacional Felipe \u00c1ngeles en menos de 45 minutos.","og_url":"https:\/\/informante.mx\/?p=58095","og_site_name":"Informante.mx","article_publisher":"https:\/\/www.facebook.com\/MX.Informante","article_published_time":"2026-04-27T16:07:10+00:00","article_modified_time":"2026-04-27T16:07:15+00:00","og_image":[{"width":1100,"height":700,"url":"https:\/\/informante.mx\/wp-content\/uploads\/2026\/04\/Tren.jpg","type":"image\/jpeg"}],"author":"InformanteMX","twitter_card":"summary_large_image","twitter_creator":"@mx_informante","twitter_site":"@mx_informante","twitter_misc":{"Escrito por":"InformanteMX","Tiempo de lectura":"4 minutos"},"schema":{"@context":"https:\/\/schema.org","@graph":[{"@type":"NewsArticle","@id":"https:\/\/informante.mx\/?p=58095#article","isPartOf":{"@id":"https:\/\/informante.mx\/?p=58095"},"author":{"name":"InformanteMX","@id":"https:\/\/informante.mx\/#\/schema\/person\/3eff91989d2ea76b0a330b416325946c"},"headline":"\u00a0Inauguran la Conexi\u00f3n Ferroviaria al AIFA tras dos a\u00f1os de desaf\u00edos t\u00e9cnicos y sociales","datePublished":"2026-04-27T16:07:10+00:00","dateModified":"2026-04-27T16:07:15+00:00","mainEntityOfPage":{"@id":"https:\/\/informante.mx\/?p=58095"},"wordCount":862,"commentCount":0,"publisher":{"@id":"https:\/\/informante.mx\/#organization"},"image":{"@id":"https:\/\/informante.mx\/?p=58095#primaryimage"},"thumbnailUrl":"https:\/\/informante.mx\/wp-content\/uploads\/2026\/04\/Tren.jpg","keywords":["Nacional"],"articleSection":["Nacional"],"inLanguage":"es","potentialAction":[{"@type":"CommentAction","name":"Comment","target":["https:\/\/informante.mx\/?p=58095#respond"]}]},{"@type":"WebPage","@id":"https:\/\/informante.mx\/?p=58095","url":"https:\/\/informante.mx\/?p=58095","name":"\u00a0Inauguran la Conexi\u00f3n Ferroviaria al AIFA tras dos a\u00f1os de desaf\u00edos t\u00e9cnicos y sociales - Informante.mx","isPartOf":{"@id":"https:\/\/informante.mx\/#website"},"primaryImageOfPage":{"@id":"https:\/\/informante.mx\/?p=58095#primaryimage"},"image":{"@id":"https:\/\/informante.mx\/?p=58095#primaryimage"},"thumbnailUrl":"https:\/\/informante.mx\/wp-content\/uploads\/2026\/04\/Tren.jpg","datePublished":"2026-04-27T16:07:10+00:00","dateModified":"2026-04-27T16:07:15+00:00","breadcrumb":{"@id":"https:\/\/informante.mx\/?p=58095#breadcrumb"},"inLanguage":"es","potentialAction":[{"@type":"ReadAction","target":["https:\/\/informante.mx\/?p=58095"]}]},{"@type":"ImageObject","inLanguage":"es","@id":"https:\/\/informante.mx\/?p=58095#primaryimage","url":"https:\/\/informante.mx\/wp-content\/uploads\/2026\/04\/Tren.jpg","contentUrl":"https:\/\/informante.mx\/wp-content\/uploads\/2026\/04\/Tren.jpg","width":1100,"height":700},{"@type":"BreadcrumbList","@id":"https:\/\/informante.mx\/?p=58095#breadcrumb","itemListElement":[{"@type":"ListItem","position":1,"name":"Portada","item":"https:\/\/informante.mx\/"},{"@type":"ListItem","position":2,"name":"\u00a0Inauguran la Conexi\u00f3n Ferroviaria al AIFA tras dos a\u00f1os de desaf\u00edos t\u00e9cnicos y sociales"}]},{"@type":"WebSite","@id":"https:\/\/informante.mx\/#website","url":"https:\/\/informante.mx\/","name":"Informante.mx","description":"","publisher":{"@id":"https:\/\/informante.mx\/#organization"},"potentialAction":[{"@type":"SearchAction","target":{"@type":"EntryPoint","urlTemplate":"https:\/\/informante.mx\/?s={search_term_string}"},"query-input":{"@type":"PropertyValueSpecification","valueRequired":true,"valueName":"search_term_string"}}],"inLanguage":"es"},{"@type":"Organization","@id":"https:\/\/informante.mx\/#organization","name":"Informante.mx","url":"https:\/\/informante.mx\/","logo":{"@type":"ImageObject","inLanguage":"es","@id":"https:\/\/informante.mx\/#\/schema\/logo\/image\/","url":"https:\/\/informante.mx\/wp-content\/uploads\/2019\/12\/cropped-LOGO-Verde-Apaisado-1024x360O-1.png","contentUrl":"https:\/\/informante.mx\/wp-content\/uploads\/2019\/12\/cropped-LOGO-Verde-Apaisado-1024x360O-1.png","width":923,"height":180,"caption":"Informante.mx"},"image":{"@id":"https:\/\/informante.mx\/#\/schema\/logo\/image\/"},"sameAs":["https:\/\/www.facebook.com\/MX.Informante","https:\/\/x.com\/mx_informante"]},{"@type":"Person","@id":"https:\/\/informante.mx\/#\/schema\/person\/3eff91989d2ea76b0a330b416325946c","name":"InformanteMX","image":{"@type":"ImageObject","inLanguage":"es","@id":"https:\/\/secure.gravatar.com\/avatar\/10d802aa739e832aedd2f3fd8544d878871eb22e6ca86fe9a548573e34a28f0e?s=96&d=mm&r=g","url":"https:\/\/secure.gravatar.com\/avatar\/10d802aa739e832aedd2f3fd8544d878871eb22e6ca86fe9a548573e34a28f0e?s=96&d=mm&r=g","contentUrl":"https:\/\/secure.gravatar.com\/avatar\/10d802aa739e832aedd2f3fd8544d878871eb22e6ca86fe9a548573e34a28f0e?s=96&d=mm&r=g","caption":"InformanteMX"},"url":"https:\/\/informante.mx\/?author=1"}]}},"jetpack_featured_media_url":"https:\/\/informante.mx\/wp-content\/uploads\/2026\/04\/Tren.jpg","uagb_featured_image_src":{"full":["https:\/\/informante.mx\/wp-content\/uploads\/2026\/04\/Tren.jpg",1100,700,false],"thumbnail":["https:\/\/informante.mx\/wp-content\/uploads\/2026\/04\/Tren-150x95.jpg",150,95,true],"medium":["https:\/\/informante.mx\/wp-content\/uploads\/2026\/04\/Tren-300x191.jpg",300,191,true],"medium_large":["https:\/\/informante.mx\/wp-content\/uploads\/2026\/04\/Tren-768x489.jpg",640,408,true],"large":["https:\/\/informante.mx\/wp-content\/uploads\/2026\/04\/Tren-1024x652.jpg",640,408,true],"1536x1536":["https:\/\/informante.mx\/wp-content\/uploads\/2026\/04\/Tren.jpg",1100,700,false],"2048x2048":["https:\/\/informante.mx\/wp-content\/uploads\/2026\/04\/Tren.jpg",1100,700,false],"td_0x420":["https:\/\/informante.mx\/wp-content\/uploads\/2026\/04\/Tren-660x420.jpg",660,420,true],"td_0x420_retina":["https:\/\/informante.mx\/wp-content\/uploads\/2026\/04\/Tren.jpg",1100,700,false],"td_80x60":["https:\/\/informante.mx\/wp-content\/uploads\/2026\/04\/Tren-80x60.jpg",80,60,true],"td_80x60_retina":["https:\/\/informante.mx\/wp-content\/uploads\/2026\/04\/Tren-160x120.jpg",160,120,true],"td_100x75":["https:\/\/informante.mx\/wp-content\/uploads\/2026\/04\/Tren-100x75.jpg",100,75,true],"td_100x75_retina":["https:\/\/informante.mx\/wp-content\/uploads\/2026\/04\/Tren-200x150.jpg",200,150,true],"td_180x135":["https:\/\/informante.mx\/wp-content\/uploads\/2026\/04\/Tren-180x135.jpg",180,135,true],"td_180x135_retina":["https:\/\/informante.mx\/wp-content\/uploads\/2026\/04\/Tren-360x270.jpg",360,270,true],"td_238x178":["https:\/\/informante.mx\/wp-content\/uploads\/2026\/04\/Tren-238x178.jpg",238,178,true],"td_238x178_retina":["https:\/\/informante.mx\/wp-content\/uploads\/2026\/04\/Tren-476x356.jpg",476,356,true],"td_265x198":["https:\/\/informante.mx\/wp-content\/uploads\/2026\/04\/Tren-265x198.jpg",265,198,true],"td_265x198_retina":["https:\/\/informante.mx\/wp-content\/uploads\/2026\/04\/Tren-530x396.jpg",530,396,true],"td_300x160":["https:\/\/informante.mx\/wp-content\/uploads\/2026\/04\/Tren-300x160.jpg",300,160,true],"td_300x160_retina":["https:\/\/informante.mx\/wp-content\/uploads\/2026\/04\/Tren-600x320.jpg",600,320,true],"td_300x194":["https:\/\/informante.mx\/wp-content\/uploads\/2026\/04\/Tren-300x194.jpg",300,194,true],"td_300x194_retina":["https:\/\/informante.mx\/wp-content\/uploads\/2026\/04\/Tren-600x388.jpg",600,388,true],"td_300x350":["https:\/\/informante.mx\/wp-content\/uploads\/2026\/04\/Tren-300x350.jpg",300,350,true],"td_300x350_retina":["https:\/\/informante.mx\/wp-content\/uploads\/2026\/04\/Tren-600x700.jpg",600,700,true],"td_341x220":["https:\/\/informante.mx\/wp-content\/uploads\/2026\/04\/Tren-341x220.jpg",341,220,true],"td_341x220_retina":["https:\/\/informante.mx\/wp-content\/uploads\/2026\/04\/Tren-682x440.jpg",682,440,true],"td_341x400":["https:\/\/informante.mx\/wp-content\/uploads\/2026\/04\/Tren-341x400.jpg",341,400,true],"td_341x400_retina":["https:\/\/informante.mx\/wp-content\/uploads\/2026\/04\/Tren-682x700.jpg",682,700,true],"td_511x400":["https:\/\/informante.mx\/wp-content\/uploads\/2026\/04\/Tren-511x400.jpg",511,400,true],"td_511x400_retina":["https:\/\/informante.mx\/wp-content\/uploads\/2026\/04\/Tren-1022x700.jpg",1022,700,true],"td_537x360":["https:\/\/informante.mx\/wp-content\/uploads\/2026\/04\/Tren-537x360.jpg",537,360,true],"td_537x360_retina":["https:\/\/informante.mx\/wp-content\/uploads\/2026\/04\/Tren-1074x700.jpg",1074,700,true],"td_640x0":["https:\/\/informante.mx\/wp-content\/uploads\/2026\/04\/Tren-640x407.jpg",640,407,true],"td_640x0_retina":["https:\/\/informante.mx\/wp-content\/uploads\/2026\/04\/Tren.jpg",1100,700,false],"td_640x350":["https:\/\/informante.mx\/wp-content\/uploads\/2026\/04\/Tren-640x350.jpg",640,350,true],"td_640x350_retina":["https:\/\/informante.mx\/wp-content\/uploads\/2026\/04\/Tren.jpg",1100,700,false],"td_681x0":["https:\/\/informante.mx\/wp-content\/uploads\/2026\/04\/Tren-681x433.jpg",681,433,true],"td_681x0_retina":["https:\/\/informante.mx\/wp-content\/uploads\/2026\/04\/Tren.jpg",1100,700,false],"td_681x400":["https:\/\/informante.mx\/wp-content\/uploads\/2026\/04\/Tren-681x400.jpg",681,400,true],"td_681x400_retina":["https:\/\/informante.mx\/wp-content\/uploads\/2026\/04\/Tren.jpg",1100,700,false],"td_741x486":["https:\/\/informante.mx\/wp-content\/uploads\/2026\/04\/Tren-741x486.jpg",741,486,true],"td_741x486_retina":["https:\/\/informante.mx\/wp-content\/uploads\/2026\/04\/Tren.jpg",1100,700,false],"td_1021x580":["https:\/\/informante.mx\/wp-content\/uploads\/2026\/04\/Tren-1021x580.jpg",1021,580,true],"td_1021x580_retina":["https:\/\/informante.mx\/wp-content\/uploads\/2026\/04\/Tren.jpg",1100,700,false]},"uagb_author_info":{"display_name":"InformanteMX","author_link":"https:\/\/informante.mx\/?author=1"},"uagb_comment_info":0,"uagb_excerpt":"La presidenta Claudia Sheinbaum encabez\u00f3 la apertura del ramal del Tren Suburbano, una obra de 25,800 millones de pesos que promete transformar la conectividad entre la Ciudad de M\u00e9xico y el Aeropuerto Internacional Felipe \u00c1ngeles en menos de 45 minutos.","_links":{"self":[{"href":"https:\/\/informante.mx\/index.php?rest_route=\/wp\/v2\/posts\/58095","targetHints":{"allow":["GET"]}}],"collection":[{"href":"https:\/\/informante.mx\/index.php?rest_route=\/wp\/v2\/posts"}],"about":[{"href":"https:\/\/informante.mx\/index.php?rest_route=\/wp\/v2\/types\/post"}],"author":[{"embeddable":true,"href":"https:\/\/informante.mx\/index.php?rest_route=\/wp\/v2\/users\/1"}],"replies":[{"embeddable":true,"href":"https:\/\/informante.mx\/index.php?rest_route=%2Fwp%2Fv2%2Fcomments&post=58095"}],"version-history":[{"count":1,"href":"https:\/\/informante.mx\/index.php?rest_route=\/wp\/v2\/posts\/58095\/revisions"}],"predecessor-version":[{"id":58097,"href":"https:\/\/informante.mx\/index.php?rest_route=\/wp\/v2\/posts\/58095\/revisions\/58097"}],"wp:featuredmedia":[{"embeddable":true,"href":"https:\/\/informante.mx\/index.php?rest_route=\/wp\/v2\/media\/58096"}],"wp:attachment":[{"href":"https:\/\/informante.mx\/index.php?rest_route=%2Fwp%2Fv2%2Fmedia&parent=58095"}],"wp:term":[{"taxonomy":"category","embeddable":true,"href":"https:\/\/informante.mx\/index.php?rest_route=%2Fwp%2Fv2%2Fcategories&post=58095"},{"taxonomy":"post_tag","embeddable":true,"href":"https:\/\/informante.mx\/index.php?rest_route=%2Fwp%2Fv2%2Ftags&post=58095"}],"curies":[{"name":"wp","href":"https:\/\/api.w.org\/{rel}","templated":true}]}}