{"id":58092,"date":"2026-04-27T09:58:17","date_gmt":"2026-04-27T15:58:17","guid":{"rendered":"https:\/\/informante.mx\/?p=58092"},"modified":"2026-04-27T09:58:20","modified_gmt":"2026-04-27T15:58:20","slug":"el-magisterio-desafia-al-estado-cnte-anuncia-paro-nacional-indefinido-durante-el-mundial-de-futbol-2026","status":"publish","type":"post","link":"https:\/\/informante.mx\/?p=58092","title":{"rendered":"El magisterio desaf\u00eda al Estado: CNTE anuncia paro nacional indefinido durante el Mundial de Futbol 2026"},"content":{"rendered":"\n<h2 class=\"wp-block-heading\">Ante el estancamiento de las mesas de negociaci\u00f3n con la Secretar\u00eda de Gobernaci\u00f3n, la Coordinadora ratifica una movilizaci\u00f3n masiva que busca visibilizar sus demandas ante la mirada de la comunidad internacional.<\/h2>\n\n\n\n<p><strong>Redacci\u00f3n Informante<\/strong><\/p>\n\n\n\n<p><strong>CIUDAD DE M\u00c9XICO.<\/strong>&nbsp;\u2014 En lo que representa el desaf\u00edo m\u00e1s frontal al sistema educativo y a la estabilidad social en el inicio del sexenio, la Coordinadora Nacional de Trabajadores de la Educaci\u00f3n (CNTE) ha formalizado su plan de acci\u00f3n para los pr\u00f3ximos meses. Tras la sesi\u00f3n de la Asamblea Nacional Representativa (ANR), el magisterio disidente determin\u00f3 que, ante la falta de acuerdos tangibles con la Secretar\u00eda de Gobernaci\u00f3n (Segob) y el Ejecutivo Federal, iniciar\u00e1 un paro nacional indefinido de labores en junio de 2026, coincidiendo estrat\u00e9gicamente con la celebraci\u00f3n de la Copa Mundial de la FIFA.<\/p>\n\n\n\n<p>La decisi\u00f3n, descrita por los dirigentes de las secciones de Oaxaca, Chiapas, Guerrero y la Ciudad de M\u00e9xico como un \u00ab\u00faltimo recurso ante la cerraz\u00f3n institucional\u00bb, no solo implica el cese de actividades escolares en diversas entidades del pa\u00eds, sino tambi\u00e9n un despliegue de movilizaciones en las ciudades sede del torneo internacional. Bajo la consigna \u00abSi no hay soluci\u00f3n, no rodar\u00e1 el bal\u00f3n\u00bb, el magisterio busca presionar al Gobierno Federal utilizando la exposici\u00f3n medi\u00e1tica global que atraer\u00e1 el evento deportivo.<\/p>\n\n\n\n<p><strong>El origen de la ruptura<\/strong><\/p>\n\n\n\n<p>A pesar de los intentos de acercamiento durante los \u00faltimos meses, los representantes sindicales sostienen que las respuestas de la Segob han sido \u00abdilatorias y superficiales\u00bb. La CNTE argumenta que, aunque se han restablecido canales de comunicaci\u00f3n, no ha habido avances reales en los puntos nodales de su pliego petitorio. El descontento se centra en la percepci\u00f3n de que las reformas implementadas en administraciones pasadas contin\u00faan operando bajo diferentes nombres, manteniendo a los trabajadores de la educaci\u00f3n en un r\u00e9gimen de \u00abexcepci\u00f3n laboral\u00bb.<\/p>\n\n\n\n<p>El punto de mayor fricci\u00f3n radica en la demanda de la abrogaci\u00f3n total de la Ley del ISSSTE de 2007. Para el magisterio, el sistema actual de cuentas individuales representa una condena a pensiones precarias para los futuros jubilados. Exigen el retorno a un r\u00e9gimen de reparto solidario que garantice una vejez digna para el personal docente y administrativo.<\/p>\n\n\n\n<p><strong>Un pliego petitorio sin concesiones<\/strong><\/p>\n\n\n\n<p>La plataforma de lucha ratificada por la ANR para este paro nacional se sustenta en cuatro ejes fundamentales que, seg\u00fan la Coordinadora, son innegociables para el levantamiento de cualquier medida de fuerza:<\/p>\n\n\n\n<ol class=\"wp-block-list\">\n<li><strong>Justicia Laboral y Salarial:<\/strong>\u00a0La exigencia de un aumento salarial que supere el \u00edndice inflacionario de manera real y efectiva, as\u00ed como la basificaci\u00f3n de miles de trabajadores que actualmente laboran bajo esquemas de interinato o contratos temporales.<\/li>\n\n\n\n<li><strong>Desmantelamiento de la Reforma Educativa:<\/strong>\u00a0Si bien se han realizado cambios constitucionales, la CNTE insiste en que persisten mecanismos de evaluaci\u00f3n vinculados a la permanencia y procesos de promoci\u00f3n que vulneran los derechos escalafonarios tradicionales.<\/li>\n\n\n\n<li><strong>Seguridad Social:<\/strong>\u00a0La reestructuraci\u00f3n inmediata del sistema de pensiones y el abasto total de medicamentos y servicios m\u00e9dicos en las cl\u00ednicas del ISSSTE, las cuales \u2014denuncian\u2014 se encuentran en un estado de colapso operativo.<\/li>\n\n\n\n<li><strong>Resarcimiento de Da\u00f1os:<\/strong>\u00a0La reinstalaci\u00f3n inmediata de los maestros que fueron cesados en a\u00f1os anteriores por participar en movimientos de protesta, as\u00ed como la cancelaci\u00f3n de \u00f3rdenes de aprehensi\u00f3n y procesos administrativos contra sus l\u00edderes.<\/li>\n<\/ol>\n\n\n\n<p><strong>El Mundial como escenario de protesta<\/strong><\/p>\n\n\n\n<p>La elecci\u00f3n de junio de 2026 como fecha para el paro nacional no es fortuita. Al ser M\u00e9xico uno de los pa\u00edses anfitriones de la m\u00e1xima justa futbol\u00edstica, la CNTE pretende internacionalizar sus demandas. El plan de acci\u00f3n contempla bloqueos en los accesos a los estadios, manifestaciones en las inmediaciones de los hoteles de concentraci\u00f3n de las selecciones extranjeras y marchas masivas en las principales arterias de la Ciudad de M\u00e9xico, Guadalajara y Monterrey.<\/p>\n\n\n\n<p>\u00abNo es nuestra intenci\u00f3n afectar al aficionado, pero el Estado nos ha obligado a buscar escenarios donde no puedan ignorarnos\u00bb, declar\u00f3 un vocero de la Coordinadora. Por su parte, analistas pol\u00edticos advierten que esta medida pone en una situaci\u00f3n comprometedora la imagen de M\u00e9xico ante el mundo, obligando a las autoridades de seguridad y gobernanza a decidir entre el uso de la fuerza p\u00fablica para garantizar el desarrollo del evento o la cesi\u00f3n ante las demandas hist\u00f3ricas del sindicato.<\/p>\n\n\n\n<p><strong>Movilizaciones previas: El 1 de mayo<\/strong><\/p>\n\n\n\n<p>Como antesala al paro indefinido, la CNTE ha convocado a una movilizaci\u00f3n nacional este pr\u00f3ximo 1 de mayo, en el marco del D\u00eda del Trabajo. Se espera que miles de docentes de todo el pa\u00eds converjan en la capital para realizar una marcha que partir\u00e1 del Monumento a la Revoluci\u00f3n con destino al Z\u00f3calo capitalino. Esta jornada servir\u00e1 como un term\u00f3metro de la capacidad de convocatoria y de la cohesi\u00f3n interna del movimiento frente a los retos que enfrentar\u00e1n en 2026.<\/p>\n\n\n\n<p>Hasta el momento, la Secretar\u00eda de Educaci\u00f3n P\u00fablica (SEP) y la Secretar\u00eda de Gobernaci\u00f3n han mantenido una postura de cautela, haciendo llamados al di\u00e1logo y exhortando a no afectar el derecho a la educaci\u00f3n de millones de ni\u00f1os y j\u00f3venes. Sin embargo, para la CNTE, el tiempo del di\u00e1logo sin resultados ha terminado. El pa\u00eds se encamina a un verano de 2026 donde la pasi\u00f3n deportiva y el conflicto social parecen destinados a colisionar en las calles de la Rep\u00fablica.<\/p>\n\n\n\n<hr class=\"wp-block-separator has-alpha-channel-opacity\"\/>\n\n\n\n<p class=\"has-text-align-center\" style=\"font-size:17px\"><strong><i>Toda la informaci\u00f3n que necesitas saber la encuentras en nuestras <\/i><strong style=\"\"><em style=\"font-style: italic;\">redes sociales y canal de <\/em><\/strong><\/strong><a href=\"https:\/\/t.me\/informantemx\" target=\"_blank\" rel=\"noreferrer noopener\"><strong><em>Telegram<\/em><\/strong><\/a>. <\/p>\n\n\n\n<p class=\"has-text-align-center\" style=\"font-size:17px\"><strong><em>!\u00danete!<\/em><\/strong><\/p>\n\n\n\n<div class=\"wp-block-uagb-image aligncenter uagb-block-3acd28e8 wp-block-uagb-image--layout-default wp-block-uagb-image--effect-zoomin wp-block-uagb-image--align-center\"><figure class=\"wp-block-uagb-image__figure\"><a class=\"\" href=\"https:\/\/t.me\/informantemx\" target=\"\" rel=\"noopener\"><img decoding=\"async\" srcset=\"https:\/\/informante.mx\/wp-content\/uploads\/2023\/08\/Banner-Telegram-Verde-800x60-1.png ,https:\/\/informante.mx\/wp-content\/uploads\/2023\/08\/Banner-Telegram-Verde-800x60-1.png 780w, https:\/\/informante.mx\/wp-content\/uploads\/2023\/08\/Banner-Telegram-Verde-800x60-1.png 360w\" sizes=\"auto, (max-width: 480px) 150px\" src=\"https:\/\/informante.mx\/wp-content\/uploads\/2023\/08\/Banner-Telegram-Verde-800x60-1.png\" alt=\"\" class=\"uag-image-23275\" width=\"800\" height=\"60\" title=\"\" loading=\"lazy\" role=\"img\"\/><\/a><\/figure><\/div>\n\n\n\n<div class=\"wp-block-uagb-image aligncenter uagb-block-45ea2b31 wp-block-uagb-image--layout-default wp-block-uagb-image--effect-zoomin wp-block-uagb-image--align-center\"><figure class=\"wp-block-uagb-image__figure\"><a class=\"\" href=\"https:\/\/www.facebook.com\/MX.Informante\" target=\"\" rel=\"noopener\"><img decoding=\"async\" srcset=\"https:\/\/informante.mx\/wp-content\/uploads\/2023\/08\/Banner-Facebook-Verde-800x60-1.png ,https:\/\/informante.mx\/wp-content\/uploads\/2023\/08\/Banner-Facebook-Verde-800x60-1.png 780w, https:\/\/informante.mx\/wp-content\/uploads\/2023\/08\/Banner-Facebook-Verde-800x60-1.png 360w\" sizes=\"auto, (max-width: 480px) 150px\" src=\"https:\/\/informante.mx\/wp-content\/uploads\/2023\/08\/Banner-Facebook-Verde-800x60-1.png\" alt=\"\" class=\"uag-image-23274\" width=\"800\" height=\"60\" title=\"\" loading=\"lazy\" role=\"img\"\/><\/a><\/figure><\/div>\n\n\n\n<div class=\"wp-block-uagb-image aligncenter uagb-block-2ce4c51b wp-block-uagb-image--layout-default wp-block-uagb-image--effect-zoomin wp-block-uagb-image--align-center\"><figure class=\"wp-block-uagb-image__figure\"><a class=\"\" href=\"https:\/\/twitter.com\/mx_informante\" target=\"\" rel=\"noopener\"><img decoding=\"async\" srcset=\"https:\/\/informante.mx\/wp-content\/uploads\/2023\/08\/Banner-Twitter-Verde-800x60-1.png ,https:\/\/informante.mx\/wp-content\/uploads\/2023\/08\/Banner-Twitter-Verde-800x60-1.png 780w, https:\/\/informante.mx\/wp-content\/uploads\/2023\/08\/Banner-Twitter-Verde-800x60-1.png 360w\" sizes=\"auto, (max-width: 480px) 150px\" src=\"https:\/\/informante.mx\/wp-content\/uploads\/2023\/08\/Banner-Twitter-Verde-800x60-1.png\" alt=\"\" class=\"uag-image-23273\" width=\"800\" height=\"60\" title=\"\" loading=\"lazy\" role=\"img\"\/><\/a><\/figure><\/div>\n\n\n\n<div style=\"height:50px\" aria-hidden=\"true\" class=\"wp-block-spacer\"><\/div>\n","protected":false},"excerpt":{"rendered":"<p>Ante el estancamiento de las mesas de negociaci\u00f3n con la Secretar\u00eda de Gobernaci\u00f3n, la Coordinadora ratifica una movilizaci\u00f3n masiva que busca visibilizar sus demandas ante la mirada de la comunidad internacional.<\/p>\n","protected":false},"author":1,"featured_media":31771,"comment_status":"open","ping_status":"closed","sticky":false,"template":"","format":"standard","meta":{"_uag_custom_page_level_css":"","jetpack_post_was_ever_published":false,"footnotes":""},"categories":[9],"tags":[31],"class_list":["post-58092","post","type-post","status-publish","format-standard","has-post-thumbnail","hentry","category-nacional","tag-nacional"],"yoast_head":"<!-- This site is optimized with the Yoast SEO plugin v27.3 - https:\/\/yoast.com\/product\/yoast-seo-wordpress\/ -->\n<title>El magisterio desaf\u00eda al Estado: CNTE anuncia paro nacional indefinido durante el Mundial de Futbol 2026 - Informante.mx<\/title>\n<meta name=\"robots\" content=\"index, follow, max-snippet:-1, max-image-preview:large, max-video-preview:-1\" \/>\n<link rel=\"canonical\" href=\"https:\/\/informante.mx\/?p=58092\" \/>\n<meta property=\"og:locale\" content=\"es_ES\" \/>\n<meta property=\"og:type\" content=\"article\" \/>\n<meta property=\"og:title\" content=\"El magisterio desaf\u00eda al Estado: CNTE anuncia paro nacional indefinido durante el Mundial de Futbol 2026 - Informante.mx\" \/>\n<meta property=\"og:description\" content=\"Ante el estancamiento de las mesas de negociaci\u00f3n con la Secretar\u00eda de Gobernaci\u00f3n, la Coordinadora ratifica una movilizaci\u00f3n masiva que busca visibilizar sus demandas ante la mirada de la comunidad internacional.\" \/>\n<meta property=\"og:url\" content=\"https:\/\/informante.mx\/?p=58092\" \/>\n<meta property=\"og:site_name\" content=\"Informante.mx\" \/>\n<meta property=\"article:publisher\" content=\"https:\/\/www.facebook.com\/MX.Informante\" \/>\n<meta property=\"article:published_time\" content=\"2026-04-27T15:58:17+00:00\" \/>\n<meta property=\"article:modified_time\" content=\"2026-04-27T15:58:20+00:00\" \/>\n<meta property=\"og:image\" content=\"https:\/\/informante.mx\/wp-content\/uploads\/2024\/04\/CNTE-paro-nacional.jpg\" \/>\n\t<meta property=\"og:image:width\" content=\"1200\" \/>\n\t<meta property=\"og:image:height\" content=\"700\" \/>\n\t<meta property=\"og:image:type\" content=\"image\/jpeg\" \/>\n<meta name=\"author\" content=\"InformanteMX\" \/>\n<meta name=\"twitter:card\" content=\"summary_large_image\" \/>\n<meta name=\"twitter:creator\" content=\"@mx_informante\" \/>\n<meta name=\"twitter:site\" content=\"@mx_informante\" \/>\n<meta name=\"twitter:label1\" content=\"Escrito por\" \/>\n\t<meta name=\"twitter:data1\" content=\"InformanteMX\" \/>\n\t<meta name=\"twitter:label2\" content=\"Tiempo de lectura\" \/>\n\t<meta name=\"twitter:data2\" content=\"5 minutos\" \/>\n<script type=\"application\/ld+json\" class=\"yoast-schema-graph\">{\"@context\":\"https:\\\/\\\/schema.org\",\"@graph\":[{\"@type\":\"NewsArticle\",\"@id\":\"https:\\\/\\\/informante.mx\\\/?p=58092#article\",\"isPartOf\":{\"@id\":\"https:\\\/\\\/informante.mx\\\/?p=58092\"},\"author\":{\"name\":\"InformanteMX\",\"@id\":\"https:\\\/\\\/informante.mx\\\/#\\\/schema\\\/person\\\/3eff91989d2ea76b0a330b416325946c\"},\"headline\":\"El magisterio desaf\u00eda al Estado: CNTE anuncia paro nacional indefinido durante el Mundial de Futbol 2026\",\"datePublished\":\"2026-04-27T15:58:17+00:00\",\"dateModified\":\"2026-04-27T15:58:20+00:00\",\"mainEntityOfPage\":{\"@id\":\"https:\\\/\\\/informante.mx\\\/?p=58092\"},\"wordCount\":952,\"commentCount\":0,\"publisher\":{\"@id\":\"https:\\\/\\\/informante.mx\\\/#organization\"},\"image\":{\"@id\":\"https:\\\/\\\/informante.mx\\\/?p=58092#primaryimage\"},\"thumbnailUrl\":\"https:\\\/\\\/informante.mx\\\/wp-content\\\/uploads\\\/2024\\\/04\\\/CNTE-paro-nacional.jpg\",\"keywords\":[\"Nacional\"],\"articleSection\":[\"Nacional\"],\"inLanguage\":\"es\",\"potentialAction\":[{\"@type\":\"CommentAction\",\"name\":\"Comment\",\"target\":[\"https:\\\/\\\/informante.mx\\\/?p=58092#respond\"]}]},{\"@type\":\"WebPage\",\"@id\":\"https:\\\/\\\/informante.mx\\\/?p=58092\",\"url\":\"https:\\\/\\\/informante.mx\\\/?p=58092\",\"name\":\"El magisterio desaf\u00eda al Estado: CNTE anuncia paro nacional indefinido durante el Mundial de Futbol 2026 - Informante.mx\",\"isPartOf\":{\"@id\":\"https:\\\/\\\/informante.mx\\\/#website\"},\"primaryImageOfPage\":{\"@id\":\"https:\\\/\\\/informante.mx\\\/?p=58092#primaryimage\"},\"image\":{\"@id\":\"https:\\\/\\\/informante.mx\\\/?p=58092#primaryimage\"},\"thumbnailUrl\":\"https:\\\/\\\/informante.mx\\\/wp-content\\\/uploads\\\/2024\\\/04\\\/CNTE-paro-nacional.jpg\",\"datePublished\":\"2026-04-27T15:58:17+00:00\",\"dateModified\":\"2026-04-27T15:58:20+00:00\",\"breadcrumb\":{\"@id\":\"https:\\\/\\\/informante.mx\\\/?p=58092#breadcrumb\"},\"inLanguage\":\"es\",\"potentialAction\":[{\"@type\":\"ReadAction\",\"target\":[\"https:\\\/\\\/informante.mx\\\/?p=58092\"]}]},{\"@type\":\"ImageObject\",\"inLanguage\":\"es\",\"@id\":\"https:\\\/\\\/informante.mx\\\/?p=58092#primaryimage\",\"url\":\"https:\\\/\\\/informante.mx\\\/wp-content\\\/uploads\\\/2024\\\/04\\\/CNTE-paro-nacional.jpg\",\"contentUrl\":\"https:\\\/\\\/informante.mx\\\/wp-content\\\/uploads\\\/2024\\\/04\\\/CNTE-paro-nacional.jpg\",\"width\":1200,\"height\":700},{\"@type\":\"BreadcrumbList\",\"@id\":\"https:\\\/\\\/informante.mx\\\/?p=58092#breadcrumb\",\"itemListElement\":[{\"@type\":\"ListItem\",\"position\":1,\"name\":\"Portada\",\"item\":\"https:\\\/\\\/informante.mx\\\/\"},{\"@type\":\"ListItem\",\"position\":2,\"name\":\"El magisterio desaf\u00eda al Estado: CNTE anuncia paro nacional indefinido durante el Mundial de Futbol 2026\"}]},{\"@type\":\"WebSite\",\"@id\":\"https:\\\/\\\/informante.mx\\\/#website\",\"url\":\"https:\\\/\\\/informante.mx\\\/\",\"name\":\"Informante.mx\",\"description\":\"\",\"publisher\":{\"@id\":\"https:\\\/\\\/informante.mx\\\/#organization\"},\"potentialAction\":[{\"@type\":\"SearchAction\",\"target\":{\"@type\":\"EntryPoint\",\"urlTemplate\":\"https:\\\/\\\/informante.mx\\\/?s={search_term_string}\"},\"query-input\":{\"@type\":\"PropertyValueSpecification\",\"valueRequired\":true,\"valueName\":\"search_term_string\"}}],\"inLanguage\":\"es\"},{\"@type\":\"Organization\",\"@id\":\"https:\\\/\\\/informante.mx\\\/#organization\",\"name\":\"Informante.mx\",\"url\":\"https:\\\/\\\/informante.mx\\\/\",\"logo\":{\"@type\":\"ImageObject\",\"inLanguage\":\"es\",\"@id\":\"https:\\\/\\\/informante.mx\\\/#\\\/schema\\\/logo\\\/image\\\/\",\"url\":\"https:\\\/\\\/informante.mx\\\/wp-content\\\/uploads\\\/2019\\\/12\\\/cropped-LOGO-Verde-Apaisado-1024x360O-1.png\",\"contentUrl\":\"https:\\\/\\\/informante.mx\\\/wp-content\\\/uploads\\\/2019\\\/12\\\/cropped-LOGO-Verde-Apaisado-1024x360O-1.png\",\"width\":923,\"height\":180,\"caption\":\"Informante.mx\"},\"image\":{\"@id\":\"https:\\\/\\\/informante.mx\\\/#\\\/schema\\\/logo\\\/image\\\/\"},\"sameAs\":[\"https:\\\/\\\/www.facebook.com\\\/MX.Informante\",\"https:\\\/\\\/x.com\\\/mx_informante\"]},{\"@type\":\"Person\",\"@id\":\"https:\\\/\\\/informante.mx\\\/#\\\/schema\\\/person\\\/3eff91989d2ea76b0a330b416325946c\",\"name\":\"InformanteMX\",\"image\":{\"@type\":\"ImageObject\",\"inLanguage\":\"es\",\"@id\":\"https:\\\/\\\/secure.gravatar.com\\\/avatar\\\/10d802aa739e832aedd2f3fd8544d878871eb22e6ca86fe9a548573e34a28f0e?s=96&d=mm&r=g\",\"url\":\"https:\\\/\\\/secure.gravatar.com\\\/avatar\\\/10d802aa739e832aedd2f3fd8544d878871eb22e6ca86fe9a548573e34a28f0e?s=96&d=mm&r=g\",\"contentUrl\":\"https:\\\/\\\/secure.gravatar.com\\\/avatar\\\/10d802aa739e832aedd2f3fd8544d878871eb22e6ca86fe9a548573e34a28f0e?s=96&d=mm&r=g\",\"caption\":\"InformanteMX\"},\"url\":\"https:\\\/\\\/informante.mx\\\/?author=1\"}]}<\/script>\n<!-- \/ Yoast SEO plugin. -->","yoast_head_json":{"title":"El magisterio desaf\u00eda al Estado: CNTE anuncia paro nacional indefinido durante el Mundial de Futbol 2026 - Informante.mx","robots":{"index":"index","follow":"follow","max-snippet":"max-snippet:-1","max-image-preview":"max-image-preview:large","max-video-preview":"max-video-preview:-1"},"canonical":"https:\/\/informante.mx\/?p=58092","og_locale":"es_ES","og_type":"article","og_title":"El magisterio desaf\u00eda al Estado: CNTE anuncia paro nacional indefinido durante el Mundial de Futbol 2026 - Informante.mx","og_description":"Ante el estancamiento de las mesas de negociaci\u00f3n con la Secretar\u00eda de Gobernaci\u00f3n, la Coordinadora ratifica una movilizaci\u00f3n masiva que busca visibilizar sus demandas ante la mirada de la comunidad internacional.","og_url":"https:\/\/informante.mx\/?p=58092","og_site_name":"Informante.mx","article_publisher":"https:\/\/www.facebook.com\/MX.Informante","article_published_time":"2026-04-27T15:58:17+00:00","article_modified_time":"2026-04-27T15:58:20+00:00","og_image":[{"width":1200,"height":700,"url":"https:\/\/informante.mx\/wp-content\/uploads\/2024\/04\/CNTE-paro-nacional.jpg","type":"image\/jpeg"}],"author":"InformanteMX","twitter_card":"summary_large_image","twitter_creator":"@mx_informante","twitter_site":"@mx_informante","twitter_misc":{"Escrito por":"InformanteMX","Tiempo de lectura":"5 minutos"},"schema":{"@context":"https:\/\/schema.org","@graph":[{"@type":"NewsArticle","@id":"https:\/\/informante.mx\/?p=58092#article","isPartOf":{"@id":"https:\/\/informante.mx\/?p=58092"},"author":{"name":"InformanteMX","@id":"https:\/\/informante.mx\/#\/schema\/person\/3eff91989d2ea76b0a330b416325946c"},"headline":"El magisterio desaf\u00eda al Estado: CNTE anuncia paro nacional indefinido durante el Mundial de Futbol 2026","datePublished":"2026-04-27T15:58:17+00:00","dateModified":"2026-04-27T15:58:20+00:00","mainEntityOfPage":{"@id":"https:\/\/informante.mx\/?p=58092"},"wordCount":952,"commentCount":0,"publisher":{"@id":"https:\/\/informante.mx\/#organization"},"image":{"@id":"https:\/\/informante.mx\/?p=58092#primaryimage"},"thumbnailUrl":"https:\/\/informante.mx\/wp-content\/uploads\/2024\/04\/CNTE-paro-nacional.jpg","keywords":["Nacional"],"articleSection":["Nacional"],"inLanguage":"es","potentialAction":[{"@type":"CommentAction","name":"Comment","target":["https:\/\/informante.mx\/?p=58092#respond"]}]},{"@type":"WebPage","@id":"https:\/\/informante.mx\/?p=58092","url":"https:\/\/informante.mx\/?p=58092","name":"El magisterio desaf\u00eda al Estado: CNTE anuncia paro nacional indefinido durante el Mundial de Futbol 2026 - Informante.mx","isPartOf":{"@id":"https:\/\/informante.mx\/#website"},"primaryImageOfPage":{"@id":"https:\/\/informante.mx\/?p=58092#primaryimage"},"image":{"@id":"https:\/\/informante.mx\/?p=58092#primaryimage"},"thumbnailUrl":"https:\/\/informante.mx\/wp-content\/uploads\/2024\/04\/CNTE-paro-nacional.jpg","datePublished":"2026-04-27T15:58:17+00:00","dateModified":"2026-04-27T15:58:20+00:00","breadcrumb":{"@id":"https:\/\/informante.mx\/?p=58092#breadcrumb"},"inLanguage":"es","potentialAction":[{"@type":"ReadAction","target":["https:\/\/informante.mx\/?p=58092"]}]},{"@type":"ImageObject","inLanguage":"es","@id":"https:\/\/informante.mx\/?p=58092#primaryimage","url":"https:\/\/informante.mx\/wp-content\/uploads\/2024\/04\/CNTE-paro-nacional.jpg","contentUrl":"https:\/\/informante.mx\/wp-content\/uploads\/2024\/04\/CNTE-paro-nacional.jpg","width":1200,"height":700},{"@type":"BreadcrumbList","@id":"https:\/\/informante.mx\/?p=58092#breadcrumb","itemListElement":[{"@type":"ListItem","position":1,"name":"Portada","item":"https:\/\/informante.mx\/"},{"@type":"ListItem","position":2,"name":"El magisterio desaf\u00eda al Estado: CNTE anuncia paro nacional indefinido durante el Mundial de Futbol 2026"}]},{"@type":"WebSite","@id":"https:\/\/informante.mx\/#website","url":"https:\/\/informante.mx\/","name":"Informante.mx","description":"","publisher":{"@id":"https:\/\/informante.mx\/#organization"},"potentialAction":[{"@type":"SearchAction","target":{"@type":"EntryPoint","urlTemplate":"https:\/\/informante.mx\/?s={search_term_string}"},"query-input":{"@type":"PropertyValueSpecification","valueRequired":true,"valueName":"search_term_string"}}],"inLanguage":"es"},{"@type":"Organization","@id":"https:\/\/informante.mx\/#organization","name":"Informante.mx","url":"https:\/\/informante.mx\/","logo":{"@type":"ImageObject","inLanguage":"es","@id":"https:\/\/informante.mx\/#\/schema\/logo\/image\/","url":"https:\/\/informante.mx\/wp-content\/uploads\/2019\/12\/cropped-LOGO-Verde-Apaisado-1024x360O-1.png","contentUrl":"https:\/\/informante.mx\/wp-content\/uploads\/2019\/12\/cropped-LOGO-Verde-Apaisado-1024x360O-1.png","width":923,"height":180,"caption":"Informante.mx"},"image":{"@id":"https:\/\/informante.mx\/#\/schema\/logo\/image\/"},"sameAs":["https:\/\/www.facebook.com\/MX.Informante","https:\/\/x.com\/mx_informante"]},{"@type":"Person","@id":"https:\/\/informante.mx\/#\/schema\/person\/3eff91989d2ea76b0a330b416325946c","name":"InformanteMX","image":{"@type":"ImageObject","inLanguage":"es","@id":"https:\/\/secure.gravatar.com\/avatar\/10d802aa739e832aedd2f3fd8544d878871eb22e6ca86fe9a548573e34a28f0e?s=96&d=mm&r=g","url":"https:\/\/secure.gravatar.com\/avatar\/10d802aa739e832aedd2f3fd8544d878871eb22e6ca86fe9a548573e34a28f0e?s=96&d=mm&r=g","contentUrl":"https:\/\/secure.gravatar.com\/avatar\/10d802aa739e832aedd2f3fd8544d878871eb22e6ca86fe9a548573e34a28f0e?s=96&d=mm&r=g","caption":"InformanteMX"},"url":"https:\/\/informante.mx\/?author=1"}]}},"jetpack_featured_media_url":"https:\/\/informante.mx\/wp-content\/uploads\/2024\/04\/CNTE-paro-nacional.jpg","uagb_featured_image_src":{"full":["https:\/\/informante.mx\/wp-content\/uploads\/2024\/04\/CNTE-paro-nacional.jpg",1200,700,false],"thumbnail":["https:\/\/informante.mx\/wp-content\/uploads\/2024\/04\/CNTE-paro-nacional-150x88.jpg",150,88,true],"medium":["https:\/\/informante.mx\/wp-content\/uploads\/2024\/04\/CNTE-paro-nacional-300x175.jpg",300,175,true],"medium_large":["https:\/\/informante.mx\/wp-content\/uploads\/2024\/04\/CNTE-paro-nacional-768x448.jpg",640,373,true],"large":["https:\/\/informante.mx\/wp-content\/uploads\/2024\/04\/CNTE-paro-nacional-1024x597.jpg",640,373,true],"1536x1536":["https:\/\/informante.mx\/wp-content\/uploads\/2024\/04\/CNTE-paro-nacional.jpg",1200,700,false],"2048x2048":["https:\/\/informante.mx\/wp-content\/uploads\/2024\/04\/CNTE-paro-nacional.jpg",1200,700,false],"td_0x420":["https:\/\/informante.mx\/wp-content\/uploads\/2024\/04\/CNTE-paro-nacional-720x420.jpg",720,420,true],"td_0x420_retina":["https:\/\/informante.mx\/wp-content\/uploads\/2024\/04\/CNTE-paro-nacional.jpg",1200,700,false],"td_80x60":["https:\/\/informante.mx\/wp-content\/uploads\/2024\/04\/CNTE-paro-nacional-80x60.jpg",80,60,true],"td_80x60_retina":["https:\/\/informante.mx\/wp-content\/uploads\/2024\/04\/CNTE-paro-nacional-160x120.jpg",160,120,true],"td_100x75":["https:\/\/informante.mx\/wp-content\/uploads\/2024\/04\/CNTE-paro-nacional-100x75.jpg",100,75,true],"td_100x75_retina":["https:\/\/informante.mx\/wp-content\/uploads\/2024\/04\/CNTE-paro-nacional-200x150.jpg",200,150,true],"td_180x135":["https:\/\/informante.mx\/wp-content\/uploads\/2024\/04\/CNTE-paro-nacional-180x135.jpg",180,135,true],"td_180x135_retina":["https:\/\/informante.mx\/wp-content\/uploads\/2024\/04\/CNTE-paro-nacional-360x270.jpg",360,270,true],"td_238x178":["https:\/\/informante.mx\/wp-content\/uploads\/2024\/04\/CNTE-paro-nacional-238x178.jpg",238,178,true],"td_238x178_retina":["https:\/\/informante.mx\/wp-content\/uploads\/2024\/04\/CNTE-paro-nacional-476x356.jpg",476,356,true],"td_265x198":["https:\/\/informante.mx\/wp-content\/uploads\/2024\/04\/CNTE-paro-nacional-265x198.jpg",265,198,true],"td_265x198_retina":["https:\/\/informante.mx\/wp-content\/uploads\/2024\/04\/CNTE-paro-nacional-530x396.jpg",530,396,true],"td_300x160":["https:\/\/informante.mx\/wp-content\/uploads\/2024\/04\/CNTE-paro-nacional-300x160.jpg",300,160,true],"td_300x160_retina":["https:\/\/informante.mx\/wp-content\/uploads\/2024\/04\/CNTE-paro-nacional-600x320.jpg",600,320,true],"td_300x194":["https:\/\/informante.mx\/wp-content\/uploads\/2024\/04\/CNTE-paro-nacional-300x194.jpg",300,194,true],"td_300x194_retina":["https:\/\/informante.mx\/wp-content\/uploads\/2024\/04\/CNTE-paro-nacional-600x388.jpg",600,388,true],"td_300x350":["https:\/\/informante.mx\/wp-content\/uploads\/2024\/04\/CNTE-paro-nacional-300x350.jpg",300,350,true],"td_300x350_retina":["https:\/\/informante.mx\/wp-content\/uploads\/2024\/04\/CNTE-paro-nacional-600x700.jpg",600,700,true],"td_341x220":["https:\/\/informante.mx\/wp-content\/uploads\/2024\/04\/CNTE-paro-nacional-341x220.jpg",341,220,true],"td_341x220_retina":["https:\/\/informante.mx\/wp-content\/uploads\/2024\/04\/CNTE-paro-nacional-682x440.jpg",682,440,true],"td_341x400":["https:\/\/informante.mx\/wp-content\/uploads\/2024\/04\/CNTE-paro-nacional-341x400.jpg",341,400,true],"td_341x400_retina":["https:\/\/informante.mx\/wp-content\/uploads\/2024\/04\/CNTE-paro-nacional-682x700.jpg",682,700,true],"td_511x400":["https:\/\/informante.mx\/wp-content\/uploads\/2024\/04\/CNTE-paro-nacional-511x400.jpg",511,400,true],"td_511x400_retina":["https:\/\/informante.mx\/wp-content\/uploads\/2024\/04\/CNTE-paro-nacional-1022x700.jpg",1022,700,true],"td_537x360":["https:\/\/informante.mx\/wp-content\/uploads\/2024\/04\/CNTE-paro-nacional-537x360.jpg",537,360,true],"td_537x360_retina":["https:\/\/informante.mx\/wp-content\/uploads\/2024\/04\/CNTE-paro-nacional-1074x700.jpg",1074,700,true],"td_640x0":["https:\/\/informante.mx\/wp-content\/uploads\/2024\/04\/CNTE-paro-nacional-640x373.jpg",640,373,true],"td_640x0_retina":["https:\/\/informante.mx\/wp-content\/uploads\/2024\/04\/CNTE-paro-nacional.jpg",1200,700,false],"td_640x350":["https:\/\/informante.mx\/wp-content\/uploads\/2024\/04\/CNTE-paro-nacional-640x350.jpg",640,350,true],"td_640x350_retina":["https:\/\/informante.mx\/wp-content\/uploads\/2024\/04\/CNTE-paro-nacional.jpg",1200,700,false],"td_681x0":["https:\/\/informante.mx\/wp-content\/uploads\/2024\/04\/CNTE-paro-nacional-681x397.jpg",681,397,true],"td_681x0_retina":["https:\/\/informante.mx\/wp-content\/uploads\/2024\/04\/CNTE-paro-nacional.jpg",1200,700,false],"td_681x400":["https:\/\/informante.mx\/wp-content\/uploads\/2024\/04\/CNTE-paro-nacional-681x400.jpg",681,400,true],"td_681x400_retina":["https:\/\/informante.mx\/wp-content\/uploads\/2024\/04\/CNTE-paro-nacional.jpg",1200,700,false],"td_741x486":["https:\/\/informante.mx\/wp-content\/uploads\/2024\/04\/CNTE-paro-nacional-741x486.jpg",741,486,true],"td_741x486_retina":["https:\/\/informante.mx\/wp-content\/uploads\/2024\/04\/CNTE-paro-nacional.jpg",1200,700,false],"td_1021x580":["https:\/\/informante.mx\/wp-content\/uploads\/2024\/04\/CNTE-paro-nacional-1021x580.jpg",1021,580,true],"td_1021x580_retina":["https:\/\/informante.mx\/wp-content\/uploads\/2024\/04\/CNTE-paro-nacional.jpg",1200,700,false]},"uagb_author_info":{"display_name":"InformanteMX","author_link":"https:\/\/informante.mx\/?author=1"},"uagb_comment_info":0,"uagb_excerpt":"Ante el estancamiento de las mesas de negociaci\u00f3n con la Secretar\u00eda de Gobernaci\u00f3n, la Coordinadora ratifica una movilizaci\u00f3n masiva que busca visibilizar sus demandas ante la mirada de la comunidad internacional.","_links":{"self":[{"href":"https:\/\/informante.mx\/index.php?rest_route=\/wp\/v2\/posts\/58092","targetHints":{"allow":["GET"]}}],"collection":[{"href":"https:\/\/informante.mx\/index.php?rest_route=\/wp\/v2\/posts"}],"about":[{"href":"https:\/\/informante.mx\/index.php?rest_route=\/wp\/v2\/types\/post"}],"author":[{"embeddable":true,"href":"https:\/\/informante.mx\/index.php?rest_route=\/wp\/v2\/users\/1"}],"replies":[{"embeddable":true,"href":"https:\/\/informante.mx\/index.php?rest_route=%2Fwp%2Fv2%2Fcomments&post=58092"}],"version-history":[{"count":1,"href":"https:\/\/informante.mx\/index.php?rest_route=\/wp\/v2\/posts\/58092\/revisions"}],"predecessor-version":[{"id":58093,"href":"https:\/\/informante.mx\/index.php?rest_route=\/wp\/v2\/posts\/58092\/revisions\/58093"}],"wp:featuredmedia":[{"embeddable":true,"href":"https:\/\/informante.mx\/index.php?rest_route=\/wp\/v2\/media\/31771"}],"wp:attachment":[{"href":"https:\/\/informante.mx\/index.php?rest_route=%2Fwp%2Fv2%2Fmedia&parent=58092"}],"wp:term":[{"taxonomy":"category","embeddable":true,"href":"https:\/\/informante.mx\/index.php?rest_route=%2Fwp%2Fv2%2Fcategories&post=58092"},{"taxonomy":"post_tag","embeddable":true,"href":"https:\/\/informante.mx\/index.php?rest_route=%2Fwp%2Fv2%2Ftags&post=58092"}],"curies":[{"name":"wp","href":"https:\/\/api.w.org\/{rel}","templated":true}]}}