{"id":58090,"date":"2026-04-26T13:43:38","date_gmt":"2026-04-26T19:43:38","guid":{"rendered":"https:\/\/informante.mx\/?p=58090"},"modified":"2026-04-26T13:43:42","modified_gmt":"2026-04-26T19:43:42","slug":"proteccion-civil-xalapa-emite-recomendaciones-para-prevenir-riesgos-a-la-salud-ante-la-ola-de-calor","status":"publish","type":"post","link":"https:\/\/informante.mx\/?p=58090","title":{"rendered":"Protecci\u00f3n Civil Xalapa emite recomendaciones para prevenir riesgos a la salud ante la ola de calor"},"content":{"rendered":"\n<p>Xalapa, Ver., 26 de abril de 2026.- La Direcci\u00f3n de Protecci\u00f3n Civil del Ayuntamiento de Xalapa emiti\u00f3 un aviso preventivo ante el incremento de temperaturas previsto del 27 de abril al 1 de mayo, periodo en el que se esperan valores superiores a los 30 grados Celsius.<\/p>\n\n\n\n<p>Autoridades de la dependencia refieren que estas condiciones atmosf\u00e9ricas provocar\u00e1n una sensaci\u00f3n t\u00e9rmica elevada, por lo que se exhorta a tomar medidas preventivas para evitar afectaciones como deshidrataci\u00f3n, insolaci\u00f3n, golpe de calor y otros problemas de salud.<\/p>\n\n\n\n<p>Entre las principales recomendaciones se encuentran beber suficiente agua en el transcurso del d\u00eda, evitar la exposici\u00f3n directa al sol entre las 11:00 y las 16:00 horas, as\u00ed como utilizar sombrilla, sombrero, bloqueador solar y ropa ligera que permita la transpiraci\u00f3n.<\/p>\n\n\n\n<p>Asimismo, se sugiere que las personas que realizan actividades al aire libre o en espacios descubiertos se hidraten cada 30 minutos y tomen descansos de al menos 10 minutos cada dos horas para refrescarse.<\/p>\n\n\n\n<p>La dependencia tambi\u00e9n hizo un llamado especial de atenci\u00f3n a grupos vulnerables como ni\u00f1as y ni\u00f1os, personas adultas mayores, personas con discapacidad y aquellas que requieren cuidados de terceros, ya que son m\u00e1s propensas a sufrir complicaciones por el calor.<\/p>\n\n\n\n<p>De igual forma, se recomienda garantizar agua y sombra suficiente para los animales de compa\u00f1\u00eda y de producci\u00f3n.<\/p>\n\n\n\n<p>El Ayuntamiento reitera que la prevenci\u00f3n es fundamental para proteger la salud de la poblaci\u00f3n, por lo que exhorta a seguir estas recomendaciones durante los pr\u00f3ximos d\u00edas.<\/p>\n","protected":false},"excerpt":{"rendered":"<p>Xalapa, Ver., 26 de abril de 2026.- La Direcci\u00f3n de Protecci\u00f3n Civil del Ayuntamiento de Xalapa emiti\u00f3 un aviso preventivo ante el incremento de temperaturas previsto del 27 de abril al 1 de mayo, periodo en el que se esperan valores superiores a los 30 grados Celsius. Autoridades de la dependencia refieren que estas condiciones [&hellip;]<\/p>\n","protected":false},"author":1,"featured_media":15521,"comment_status":"open","ping_status":"closed","sticky":false,"template":"","format":"standard","meta":{"_uag_custom_page_level_css":"","jetpack_post_was_ever_published":false,"footnotes":""},"categories":[8],"tags":[46],"class_list":["post-58090","post","type-post","status-publish","format-standard","has-post-thumbnail","hentry","category-local","tag-xalapa"],"yoast_head":"<!-- This site is optimized with the Yoast SEO plugin v27.3 - https:\/\/yoast.com\/product\/yoast-seo-wordpress\/ -->\n<title>Protecci\u00f3n Civil Xalapa emite recomendaciones para prevenir riesgos a la salud ante la ola de calor - Informante.mx<\/title>\n<meta name=\"robots\" content=\"index, follow, max-snippet:-1, max-image-preview:large, max-video-preview:-1\" \/>\n<link rel=\"canonical\" href=\"https:\/\/informante.mx\/?p=58090\" \/>\n<meta property=\"og:locale\" content=\"es_ES\" \/>\n<meta property=\"og:type\" content=\"article\" \/>\n<meta property=\"og:title\" content=\"Protecci\u00f3n Civil Xalapa emite recomendaciones para prevenir riesgos a la salud ante la ola de calor - Informante.mx\" \/>\n<meta property=\"og:description\" content=\"Xalapa, Ver., 26 de abril de 2026.- La Direcci\u00f3n de Protecci\u00f3n Civil del Ayuntamiento de Xalapa emiti\u00f3 un aviso preventivo ante el incremento de temperaturas previsto del 27 de abril al 1 de mayo, periodo en el que se esperan valores superiores a los 30 grados Celsius. Autoridades de la dependencia refieren que estas condiciones [&hellip;]\" \/>\n<meta property=\"og:url\" content=\"https:\/\/informante.mx\/?p=58090\" \/>\n<meta property=\"og:site_name\" content=\"Informante.mx\" \/>\n<meta property=\"article:publisher\" content=\"https:\/\/www.facebook.com\/MX.Informante\" \/>\n<meta property=\"article:published_time\" content=\"2026-04-26T19:43:38+00:00\" \/>\n<meta property=\"article:modified_time\" content=\"2026-04-26T19:43:42+00:00\" \/>\n<meta property=\"og:image\" content=\"https:\/\/informante.mx\/wp-content\/uploads\/2020\/04\/calor.jpg\" \/>\n\t<meta property=\"og:image:width\" content=\"2000\" \/>\n\t<meta property=\"og:image:height\" content=\"1180\" \/>\n\t<meta property=\"og:image:type\" content=\"image\/jpeg\" \/>\n<meta name=\"author\" content=\"InformanteMX\" \/>\n<meta name=\"twitter:card\" content=\"summary_large_image\" \/>\n<meta name=\"twitter:creator\" content=\"@mx_informante\" \/>\n<meta name=\"twitter:site\" content=\"@mx_informante\" \/>\n<meta name=\"twitter:label1\" content=\"Escrito por\" \/>\n\t<meta name=\"twitter:data1\" content=\"InformanteMX\" \/>\n\t<meta name=\"twitter:label2\" content=\"Tiempo de lectura\" \/>\n\t<meta name=\"twitter:data2\" content=\"1 minuto\" \/>\n<script type=\"application\/ld+json\" class=\"yoast-schema-graph\">{\"@context\":\"https:\\\/\\\/schema.org\",\"@graph\":[{\"@type\":\"NewsArticle\",\"@id\":\"https:\\\/\\\/informante.mx\\\/?p=58090#article\",\"isPartOf\":{\"@id\":\"https:\\\/\\\/informante.mx\\\/?p=58090\"},\"author\":{\"name\":\"InformanteMX\",\"@id\":\"https:\\\/\\\/informante.mx\\\/#\\\/schema\\\/person\\\/3eff91989d2ea76b0a330b416325946c\"},\"headline\":\"Protecci\u00f3n Civil Xalapa emite recomendaciones para prevenir riesgos a la salud ante la ola de calor\",\"datePublished\":\"2026-04-26T19:43:38+00:00\",\"dateModified\":\"2026-04-26T19:43:42+00:00\",\"mainEntityOfPage\":{\"@id\":\"https:\\\/\\\/informante.mx\\\/?p=58090\"},\"wordCount\":275,\"commentCount\":0,\"publisher\":{\"@id\":\"https:\\\/\\\/informante.mx\\\/#organization\"},\"image\":{\"@id\":\"https:\\\/\\\/informante.mx\\\/?p=58090#primaryimage\"},\"thumbnailUrl\":\"https:\\\/\\\/informante.mx\\\/wp-content\\\/uploads\\\/2020\\\/04\\\/calor.jpg\",\"keywords\":[\"Xalapa\"],\"articleSection\":[\"Local\"],\"inLanguage\":\"es\",\"potentialAction\":[{\"@type\":\"CommentAction\",\"name\":\"Comment\",\"target\":[\"https:\\\/\\\/informante.mx\\\/?p=58090#respond\"]}]},{\"@type\":\"WebPage\",\"@id\":\"https:\\\/\\\/informante.mx\\\/?p=58090\",\"url\":\"https:\\\/\\\/informante.mx\\\/?p=58090\",\"name\":\"Protecci\u00f3n Civil Xalapa emite recomendaciones para prevenir riesgos a la salud ante la ola de calor - Informante.mx\",\"isPartOf\":{\"@id\":\"https:\\\/\\\/informante.mx\\\/#website\"},\"primaryImageOfPage\":{\"@id\":\"https:\\\/\\\/informante.mx\\\/?p=58090#primaryimage\"},\"image\":{\"@id\":\"https:\\\/\\\/informante.mx\\\/?p=58090#primaryimage\"},\"thumbnailUrl\":\"https:\\\/\\\/informante.mx\\\/wp-content\\\/uploads\\\/2020\\\/04\\\/calor.jpg\",\"datePublished\":\"2026-04-26T19:43:38+00:00\",\"dateModified\":\"2026-04-26T19:43:42+00:00\",\"breadcrumb\":{\"@id\":\"https:\\\/\\\/informante.mx\\\/?p=58090#breadcrumb\"},\"inLanguage\":\"es\",\"potentialAction\":[{\"@type\":\"ReadAction\",\"target\":[\"https:\\\/\\\/informante.mx\\\/?p=58090\"]}]},{\"@type\":\"ImageObject\",\"inLanguage\":\"es\",\"@id\":\"https:\\\/\\\/informante.mx\\\/?p=58090#primaryimage\",\"url\":\"https:\\\/\\\/informante.mx\\\/wp-content\\\/uploads\\\/2020\\\/04\\\/calor.jpg\",\"contentUrl\":\"https:\\\/\\\/informante.mx\\\/wp-content\\\/uploads\\\/2020\\\/04\\\/calor.jpg\",\"width\":2000,\"height\":1180},{\"@type\":\"BreadcrumbList\",\"@id\":\"https:\\\/\\\/informante.mx\\\/?p=58090#breadcrumb\",\"itemListElement\":[{\"@type\":\"ListItem\",\"position\":1,\"name\":\"Portada\",\"item\":\"https:\\\/\\\/informante.mx\\\/\"},{\"@type\":\"ListItem\",\"position\":2,\"name\":\"Protecci\u00f3n Civil Xalapa emite recomendaciones para prevenir riesgos a la salud ante la ola de calor\"}]},{\"@type\":\"WebSite\",\"@id\":\"https:\\\/\\\/informante.mx\\\/#website\",\"url\":\"https:\\\/\\\/informante.mx\\\/\",\"name\":\"Informante.mx\",\"description\":\"\",\"publisher\":{\"@id\":\"https:\\\/\\\/informante.mx\\\/#organization\"},\"potentialAction\":[{\"@type\":\"SearchAction\",\"target\":{\"@type\":\"EntryPoint\",\"urlTemplate\":\"https:\\\/\\\/informante.mx\\\/?s={search_term_string}\"},\"query-input\":{\"@type\":\"PropertyValueSpecification\",\"valueRequired\":true,\"valueName\":\"search_term_string\"}}],\"inLanguage\":\"es\"},{\"@type\":\"Organization\",\"@id\":\"https:\\\/\\\/informante.mx\\\/#organization\",\"name\":\"Informante.mx\",\"url\":\"https:\\\/\\\/informante.mx\\\/\",\"logo\":{\"@type\":\"ImageObject\",\"inLanguage\":\"es\",\"@id\":\"https:\\\/\\\/informante.mx\\\/#\\\/schema\\\/logo\\\/image\\\/\",\"url\":\"https:\\\/\\\/informante.mx\\\/wp-content\\\/uploads\\\/2019\\\/12\\\/cropped-LOGO-Verde-Apaisado-1024x360O-1.png\",\"contentUrl\":\"https:\\\/\\\/informante.mx\\\/wp-content\\\/uploads\\\/2019\\\/12\\\/cropped-LOGO-Verde-Apaisado-1024x360O-1.png\",\"width\":923,\"height\":180,\"caption\":\"Informante.mx\"},\"image\":{\"@id\":\"https:\\\/\\\/informante.mx\\\/#\\\/schema\\\/logo\\\/image\\\/\"},\"sameAs\":[\"https:\\\/\\\/www.facebook.com\\\/MX.Informante\",\"https:\\\/\\\/x.com\\\/mx_informante\"]},{\"@type\":\"Person\",\"@id\":\"https:\\\/\\\/informante.mx\\\/#\\\/schema\\\/person\\\/3eff91989d2ea76b0a330b416325946c\",\"name\":\"InformanteMX\",\"image\":{\"@type\":\"ImageObject\",\"inLanguage\":\"es\",\"@id\":\"https:\\\/\\\/secure.gravatar.com\\\/avatar\\\/10d802aa739e832aedd2f3fd8544d878871eb22e6ca86fe9a548573e34a28f0e?s=96&d=mm&r=g\",\"url\":\"https:\\\/\\\/secure.gravatar.com\\\/avatar\\\/10d802aa739e832aedd2f3fd8544d878871eb22e6ca86fe9a548573e34a28f0e?s=96&d=mm&r=g\",\"contentUrl\":\"https:\\\/\\\/secure.gravatar.com\\\/avatar\\\/10d802aa739e832aedd2f3fd8544d878871eb22e6ca86fe9a548573e34a28f0e?s=96&d=mm&r=g\",\"caption\":\"InformanteMX\"},\"url\":\"https:\\\/\\\/informante.mx\\\/?author=1\"}]}<\/script>\n<!-- \/ Yoast SEO plugin. -->","yoast_head_json":{"title":"Protecci\u00f3n Civil Xalapa emite recomendaciones para prevenir riesgos a la salud ante la ola de calor - Informante.mx","robots":{"index":"index","follow":"follow","max-snippet":"max-snippet:-1","max-image-preview":"max-image-preview:large","max-video-preview":"max-video-preview:-1"},"canonical":"https:\/\/informante.mx\/?p=58090","og_locale":"es_ES","og_type":"article","og_title":"Protecci\u00f3n Civil Xalapa emite recomendaciones para prevenir riesgos a la salud ante la ola de calor - Informante.mx","og_description":"Xalapa, Ver., 26 de abril de 2026.- La Direcci\u00f3n de Protecci\u00f3n Civil del Ayuntamiento de Xalapa emiti\u00f3 un aviso preventivo ante el incremento de temperaturas previsto del 27 de abril al 1 de mayo, periodo en el que se esperan valores superiores a los 30 grados Celsius. Autoridades de la dependencia refieren que estas condiciones [&hellip;]","og_url":"https:\/\/informante.mx\/?p=58090","og_site_name":"Informante.mx","article_publisher":"https:\/\/www.facebook.com\/MX.Informante","article_published_time":"2026-04-26T19:43:38+00:00","article_modified_time":"2026-04-26T19:43:42+00:00","og_image":[{"width":2000,"height":1180,"url":"https:\/\/informante.mx\/wp-content\/uploads\/2020\/04\/calor.jpg","type":"image\/jpeg"}],"author":"InformanteMX","twitter_card":"summary_large_image","twitter_creator":"@mx_informante","twitter_site":"@mx_informante","twitter_misc":{"Escrito por":"InformanteMX","Tiempo de lectura":"1 minuto"},"schema":{"@context":"https:\/\/schema.org","@graph":[{"@type":"NewsArticle","@id":"https:\/\/informante.mx\/?p=58090#article","isPartOf":{"@id":"https:\/\/informante.mx\/?p=58090"},"author":{"name":"InformanteMX","@id":"https:\/\/informante.mx\/#\/schema\/person\/3eff91989d2ea76b0a330b416325946c"},"headline":"Protecci\u00f3n Civil Xalapa emite recomendaciones para prevenir riesgos a la salud ante la ola de calor","datePublished":"2026-04-26T19:43:38+00:00","dateModified":"2026-04-26T19:43:42+00:00","mainEntityOfPage":{"@id":"https:\/\/informante.mx\/?p=58090"},"wordCount":275,"commentCount":0,"publisher":{"@id":"https:\/\/informante.mx\/#organization"},"image":{"@id":"https:\/\/informante.mx\/?p=58090#primaryimage"},"thumbnailUrl":"https:\/\/informante.mx\/wp-content\/uploads\/2020\/04\/calor.jpg","keywords":["Xalapa"],"articleSection":["Local"],"inLanguage":"es","potentialAction":[{"@type":"CommentAction","name":"Comment","target":["https:\/\/informante.mx\/?p=58090#respond"]}]},{"@type":"WebPage","@id":"https:\/\/informante.mx\/?p=58090","url":"https:\/\/informante.mx\/?p=58090","name":"Protecci\u00f3n Civil Xalapa emite recomendaciones para prevenir riesgos a la salud ante la ola de calor - Informante.mx","isPartOf":{"@id":"https:\/\/informante.mx\/#website"},"primaryImageOfPage":{"@id":"https:\/\/informante.mx\/?p=58090#primaryimage"},"image":{"@id":"https:\/\/informante.mx\/?p=58090#primaryimage"},"thumbnailUrl":"https:\/\/informante.mx\/wp-content\/uploads\/2020\/04\/calor.jpg","datePublished":"2026-04-26T19:43:38+00:00","dateModified":"2026-04-26T19:43:42+00:00","breadcrumb":{"@id":"https:\/\/informante.mx\/?p=58090#breadcrumb"},"inLanguage":"es","potentialAction":[{"@type":"ReadAction","target":["https:\/\/informante.mx\/?p=58090"]}]},{"@type":"ImageObject","inLanguage":"es","@id":"https:\/\/informante.mx\/?p=58090#primaryimage","url":"https:\/\/informante.mx\/wp-content\/uploads\/2020\/04\/calor.jpg","contentUrl":"https:\/\/informante.mx\/wp-content\/uploads\/2020\/04\/calor.jpg","width":2000,"height":1180},{"@type":"BreadcrumbList","@id":"https:\/\/informante.mx\/?p=58090#breadcrumb","itemListElement":[{"@type":"ListItem","position":1,"name":"Portada","item":"https:\/\/informante.mx\/"},{"@type":"ListItem","position":2,"name":"Protecci\u00f3n Civil Xalapa emite recomendaciones para prevenir riesgos a la salud ante la ola de calor"}]},{"@type":"WebSite","@id":"https:\/\/informante.mx\/#website","url":"https:\/\/informante.mx\/","name":"Informante.mx","description":"","publisher":{"@id":"https:\/\/informante.mx\/#organization"},"potentialAction":[{"@type":"SearchAction","target":{"@type":"EntryPoint","urlTemplate":"https:\/\/informante.mx\/?s={search_term_string}"},"query-input":{"@type":"PropertyValueSpecification","valueRequired":true,"valueName":"search_term_string"}}],"inLanguage":"es"},{"@type":"Organization","@id":"https:\/\/informante.mx\/#organization","name":"Informante.mx","url":"https:\/\/informante.mx\/","logo":{"@type":"ImageObject","inLanguage":"es","@id":"https:\/\/informante.mx\/#\/schema\/logo\/image\/","url":"https:\/\/informante.mx\/wp-content\/uploads\/2019\/12\/cropped-LOGO-Verde-Apaisado-1024x360O-1.png","contentUrl":"https:\/\/informante.mx\/wp-content\/uploads\/2019\/12\/cropped-LOGO-Verde-Apaisado-1024x360O-1.png","width":923,"height":180,"caption":"Informante.mx"},"image":{"@id":"https:\/\/informante.mx\/#\/schema\/logo\/image\/"},"sameAs":["https:\/\/www.facebook.com\/MX.Informante","https:\/\/x.com\/mx_informante"]},{"@type":"Person","@id":"https:\/\/informante.mx\/#\/schema\/person\/3eff91989d2ea76b0a330b416325946c","name":"InformanteMX","image":{"@type":"ImageObject","inLanguage":"es","@id":"https:\/\/secure.gravatar.com\/avatar\/10d802aa739e832aedd2f3fd8544d878871eb22e6ca86fe9a548573e34a28f0e?s=96&d=mm&r=g","url":"https:\/\/secure.gravatar.com\/avatar\/10d802aa739e832aedd2f3fd8544d878871eb22e6ca86fe9a548573e34a28f0e?s=96&d=mm&r=g","contentUrl":"https:\/\/secure.gravatar.com\/avatar\/10d802aa739e832aedd2f3fd8544d878871eb22e6ca86fe9a548573e34a28f0e?s=96&d=mm&r=g","caption":"InformanteMX"},"url":"https:\/\/informante.mx\/?author=1"}]}},"jetpack_featured_media_url":"https:\/\/informante.mx\/wp-content\/uploads\/2020\/04\/calor.jpg","uagb_featured_image_src":{"full":["https:\/\/informante.mx\/wp-content\/uploads\/2020\/04\/calor.jpg",2000,1180,false],"thumbnail":["https:\/\/informante.mx\/wp-content\/uploads\/2020\/04\/calor-150x89.jpg",150,89,true],"medium":["https:\/\/informante.mx\/wp-content\/uploads\/2020\/04\/calor-300x177.jpg",300,177,true],"medium_large":["https:\/\/informante.mx\/wp-content\/uploads\/2020\/04\/calor-768x453.jpg",640,378,true],"large":["https:\/\/informante.mx\/wp-content\/uploads\/2020\/04\/calor-1024x604.jpg",640,378,true],"1536x1536":["https:\/\/informante.mx\/wp-content\/uploads\/2020\/04\/calor-1536x906.jpg",1536,906,true],"2048x2048":["https:\/\/informante.mx\/wp-content\/uploads\/2020\/04\/calor.jpg",2000,1180,false],"td_0x420":["https:\/\/informante.mx\/wp-content\/uploads\/2020\/04\/calor-712x420.jpg",712,420,true],"td_0x420_retina":["https:\/\/informante.mx\/wp-content\/uploads\/2020\/04\/calor.jpg",1424,840,false],"td_80x60":["https:\/\/informante.mx\/wp-content\/uploads\/2020\/04\/calor-80x60.jpg",80,60,true],"td_80x60_retina":["https:\/\/informante.mx\/wp-content\/uploads\/2020\/04\/calor.jpg",160,94,false],"td_100x75":["https:\/\/informante.mx\/wp-content\/uploads\/2020\/04\/calor-100x75.jpg",100,75,true],"td_100x75_retina":["https:\/\/informante.mx\/wp-content\/uploads\/2020\/04\/calor.jpg",200,118,false],"td_180x135":["https:\/\/informante.mx\/wp-content\/uploads\/2020\/04\/calor-180x135.jpg",180,135,true],"td_180x135_retina":["https:\/\/informante.mx\/wp-content\/uploads\/2020\/04\/calor.jpg",360,212,false],"td_238x178":["https:\/\/informante.mx\/wp-content\/uploads\/2020\/04\/calor-238x178.jpg",238,178,true],"td_238x178_retina":["https:\/\/informante.mx\/wp-content\/uploads\/2020\/04\/calor.jpg",476,281,false],"td_265x198":["https:\/\/informante.mx\/wp-content\/uploads\/2020\/04\/calor-265x198.jpg",265,198,true],"td_265x198_retina":["https:\/\/informante.mx\/wp-content\/uploads\/2020\/04\/calor.jpg",530,313,false],"td_300x160":["https:\/\/informante.mx\/wp-content\/uploads\/2020\/04\/calor-300x160.jpg",300,160,true],"td_300x160_retina":["https:\/\/informante.mx\/wp-content\/uploads\/2020\/04\/calor.jpg",542,320,false],"td_300x194":["https:\/\/informante.mx\/wp-content\/uploads\/2020\/04\/calor-300x194.jpg",300,194,true],"td_300x194_retina":["https:\/\/informante.mx\/wp-content\/uploads\/2020\/04\/calor.jpg",600,354,false],"td_300x350":["https:\/\/informante.mx\/wp-content\/uploads\/2020\/04\/calor-300x350.jpg",300,350,true],"td_300x350_retina":["https:\/\/informante.mx\/wp-content\/uploads\/2020\/04\/calor.jpg",600,354,false],"td_341x220":["https:\/\/informante.mx\/wp-content\/uploads\/2020\/04\/calor-341x220.jpg",341,220,true],"td_341x220_retina":["https:\/\/informante.mx\/wp-content\/uploads\/2020\/04\/calor.jpg",682,402,false],"td_341x400":["https:\/\/informante.mx\/wp-content\/uploads\/2020\/04\/calor-341x400.jpg",341,400,true],"td_341x400_retina":["https:\/\/informante.mx\/wp-content\/uploads\/2020\/04\/calor.jpg",682,402,false],"td_511x400":["https:\/\/informante.mx\/wp-content\/uploads\/2020\/04\/calor-511x400.jpg",511,400,true],"td_511x400_retina":["https:\/\/informante.mx\/wp-content\/uploads\/2020\/04\/calor.jpg",1022,603,false],"td_537x360":["https:\/\/informante.mx\/wp-content\/uploads\/2020\/04\/calor-537x360.jpg",537,360,true],"td_537x360_retina":["https:\/\/informante.mx\/wp-content\/uploads\/2020\/04\/calor.jpg",1074,634,false],"td_640x0":["https:\/\/informante.mx\/wp-content\/uploads\/2020\/04\/calor-640x378.jpg",640,378,true],"td_640x0_retina":["https:\/\/informante.mx\/wp-content\/uploads\/2020\/04\/calor.jpg",1280,755,false],"td_640x350":["https:\/\/informante.mx\/wp-content\/uploads\/2020\/04\/calor-640x350.jpg",640,350,true],"td_640x350_retina":["https:\/\/informante.mx\/wp-content\/uploads\/2020\/04\/calor.jpg",1186,700,false],"td_681x0":["https:\/\/informante.mx\/wp-content\/uploads\/2020\/04\/calor-681x402.jpg",681,402,true],"td_681x0_retina":["https:\/\/informante.mx\/wp-content\/uploads\/2020\/04\/calor.jpg",1362,804,false],"td_681x400":["https:\/\/informante.mx\/wp-content\/uploads\/2020\/04\/calor-681x400.jpg",681,400,true],"td_681x400_retina":["https:\/\/informante.mx\/wp-content\/uploads\/2020\/04\/calor.jpg",1356,800,false],"td_741x486":["https:\/\/informante.mx\/wp-content\/uploads\/2020\/04\/calor-741x486.jpg",741,486,true],"td_741x486_retina":["https:\/\/informante.mx\/wp-content\/uploads\/2020\/04\/calor.jpg",1482,874,false],"td_1021x580":["https:\/\/informante.mx\/wp-content\/uploads\/2020\/04\/calor-1021x580.jpg",1021,580,true],"td_1021x580_retina":["https:\/\/informante.mx\/wp-content\/uploads\/2020\/04\/calor.jpg",1966,1160,false]},"uagb_author_info":{"display_name":"InformanteMX","author_link":"https:\/\/informante.mx\/?author=1"},"uagb_comment_info":0,"uagb_excerpt":"Xalapa, Ver., 26 de abril de 2026.- La Direcci\u00f3n de Protecci\u00f3n Civil del Ayuntamiento de Xalapa emiti\u00f3 un aviso preventivo ante el incremento de temperaturas previsto del 27 de abril al 1 de mayo, periodo en el que se esperan valores superiores a los 30 grados Celsius. Autoridades de la dependencia refieren que estas condiciones&hellip;","_links":{"self":[{"href":"https:\/\/informante.mx\/index.php?rest_route=\/wp\/v2\/posts\/58090","targetHints":{"allow":["GET"]}}],"collection":[{"href":"https:\/\/informante.mx\/index.php?rest_route=\/wp\/v2\/posts"}],"about":[{"href":"https:\/\/informante.mx\/index.php?rest_route=\/wp\/v2\/types\/post"}],"author":[{"embeddable":true,"href":"https:\/\/informante.mx\/index.php?rest_route=\/wp\/v2\/users\/1"}],"replies":[{"embeddable":true,"href":"https:\/\/informante.mx\/index.php?rest_route=%2Fwp%2Fv2%2Fcomments&post=58090"}],"version-history":[{"count":1,"href":"https:\/\/informante.mx\/index.php?rest_route=\/wp\/v2\/posts\/58090\/revisions"}],"predecessor-version":[{"id":58091,"href":"https:\/\/informante.mx\/index.php?rest_route=\/wp\/v2\/posts\/58090\/revisions\/58091"}],"wp:featuredmedia":[{"embeddable":true,"href":"https:\/\/informante.mx\/index.php?rest_route=\/wp\/v2\/media\/15521"}],"wp:attachment":[{"href":"https:\/\/informante.mx\/index.php?rest_route=%2Fwp%2Fv2%2Fmedia&parent=58090"}],"wp:term":[{"taxonomy":"category","embeddable":true,"href":"https:\/\/informante.mx\/index.php?rest_route=%2Fwp%2Fv2%2Fcategories&post=58090"},{"taxonomy":"post_tag","embeddable":true,"href":"https:\/\/informante.mx\/index.php?rest_route=%2Fwp%2Fv2%2Ftags&post=58090"}],"curies":[{"name":"wp","href":"https:\/\/api.w.org\/{rel}","templated":true}]}}