{"id":58085,"date":"2026-04-26T13:29:05","date_gmt":"2026-04-26T19:29:05","guid":{"rendered":"https:\/\/informante.mx\/?p=58085"},"modified":"2026-04-26T13:29:10","modified_gmt":"2026-04-26T19:29:10","slug":"analizaran-venta-de-aeronaves-en-el-congreso-de-veracruz","status":"publish","type":"post","link":"https:\/\/informante.mx\/?p=58085","title":{"rendered":"Analizar\u00e1n venta de aeronaves en el Congreso de Veracruz"},"content":{"rendered":"\n<p>Ada Reyes <br><\/p>\n\n\n\n<p>Xalapa, Ver.- El presidente de la Jucopo del Congreso local, Esteban Bautista Hern\u00e1ndez, inform\u00f3 que en pr\u00f3xima sesi\u00f3n se analizar\u00e1 la solicitud de la gobernadora para enajenar ocho aeronaves, las cuales podr\u00edan representar un riesgo por su antig\u00fcedad.<\/p>\n\n\n\n<p>Indic\u00f3 que el tema ser\u00e1 revisado previamente en la Jucopo y que se aplicar\u00e1n aval\u00faos y peritajes t\u00e9cnicos para garantizar un proceso transparente y sin irregularidades.<\/p>\n\n\n\n<p>\u201cEl proceso no se har\u00e1 de manera irregular; se realizar\u00e1n aval\u00faos y revisiones con especialistas para garantizar transparencia\u201d, afirm\u00f3.<\/p>\n\n\n\n<p>En otro tema, sobre el conflicto en Tatahuicapan por el posible cierre de v\u00e1lvulas de agua, el legislador llam\u00f3 al di\u00e1logo entre autoridades y comunidades para evitar confrontaciones, al tratarse de un asunto sensible en zonas ind\u00edgenas.<\/p>\n\n\n\n<p>Exhort\u00f3 a municipios como Coatzacoalcos, Minatitl\u00e1n y Zaragoza a establecer mesas de negociaci\u00f3n y evitar medidas que puedan derivar en delitos como la extorsi\u00f3n.<\/p>\n","protected":false},"excerpt":{"rendered":"<p>El presidente de la Jucopo del Congreso local, Esteban Bautista Hern\u00e1ndez, inform\u00f3 que en pr\u00f3xima sesi\u00f3n se analizar\u00e1 la solicitud de la gobernadora. <\/p>\n","protected":false},"author":1,"featured_media":50660,"comment_status":"open","ping_status":"closed","sticky":false,"template":"","format":"standard","meta":{"_uag_custom_page_level_css":"","jetpack_post_was_ever_published":false,"footnotes":""},"categories":[4,7],"tags":[33],"class_list":["post-58085","post","type-post","status-publish","format-standard","has-post-thumbnail","hentry","category-estatal","category-legislatura","tag-veracruz"],"yoast_head":"<!-- This site is optimized with the Yoast SEO plugin v27.3 - https:\/\/yoast.com\/product\/yoast-seo-wordpress\/ -->\n<title>Analizar\u00e1n venta de aeronaves en el Congreso de Veracruz - Informante.mx<\/title>\n<meta name=\"robots\" content=\"index, follow, max-snippet:-1, max-image-preview:large, max-video-preview:-1\" \/>\n<link rel=\"canonical\" href=\"https:\/\/informante.mx\/?p=58085\" \/>\n<meta property=\"og:locale\" content=\"es_ES\" \/>\n<meta property=\"og:type\" content=\"article\" \/>\n<meta property=\"og:title\" content=\"Analizar\u00e1n venta de aeronaves en el Congreso de Veracruz - Informante.mx\" \/>\n<meta property=\"og:description\" content=\"El presidente de la Jucopo del Congreso local, Esteban Bautista Hern\u00e1ndez, inform\u00f3 que en pr\u00f3xima sesi\u00f3n se analizar\u00e1 la solicitud de la gobernadora.\" \/>\n<meta property=\"og:url\" content=\"https:\/\/informante.mx\/?p=58085\" \/>\n<meta property=\"og:site_name\" content=\"Informante.mx\" \/>\n<meta property=\"article:publisher\" content=\"https:\/\/www.facebook.com\/MX.Informante\" \/>\n<meta property=\"article:published_time\" content=\"2026-04-26T19:29:05+00:00\" \/>\n<meta property=\"article:modified_time\" content=\"2026-04-26T19:29:10+00:00\" \/>\n<meta property=\"og:image\" content=\"https:\/\/informante.mx\/wp-content\/uploads\/2025\/07\/Esteban-Bautista-e1763485793172.jpg\" \/>\n\t<meta property=\"og:image:width\" content=\"1078\" \/>\n\t<meta property=\"og:image:height\" content=\"698\" \/>\n\t<meta property=\"og:image:type\" content=\"image\/jpeg\" \/>\n<meta name=\"author\" content=\"InformanteMX\" \/>\n<meta name=\"twitter:card\" content=\"summary_large_image\" \/>\n<meta name=\"twitter:creator\" content=\"@mx_informante\" \/>\n<meta name=\"twitter:site\" content=\"@mx_informante\" \/>\n<meta name=\"twitter:label1\" content=\"Escrito por\" \/>\n\t<meta name=\"twitter:data1\" content=\"InformanteMX\" \/>\n\t<meta name=\"twitter:label2\" content=\"Tiempo de lectura\" \/>\n\t<meta name=\"twitter:data2\" content=\"1 minuto\" \/>\n<script type=\"application\/ld+json\" class=\"yoast-schema-graph\">{\"@context\":\"https:\\\/\\\/schema.org\",\"@graph\":[{\"@type\":\"NewsArticle\",\"@id\":\"https:\\\/\\\/informante.mx\\\/?p=58085#article\",\"isPartOf\":{\"@id\":\"https:\\\/\\\/informante.mx\\\/?p=58085\"},\"author\":{\"name\":\"InformanteMX\",\"@id\":\"https:\\\/\\\/informante.mx\\\/#\\\/schema\\\/person\\\/3eff91989d2ea76b0a330b416325946c\"},\"headline\":\"Analizar\u00e1n venta de aeronaves en el Congreso de Veracruz\",\"datePublished\":\"2026-04-26T19:29:05+00:00\",\"dateModified\":\"2026-04-26T19:29:10+00:00\",\"mainEntityOfPage\":{\"@id\":\"https:\\\/\\\/informante.mx\\\/?p=58085\"},\"wordCount\":173,\"commentCount\":0,\"publisher\":{\"@id\":\"https:\\\/\\\/informante.mx\\\/#organization\"},\"image\":{\"@id\":\"https:\\\/\\\/informante.mx\\\/?p=58085#primaryimage\"},\"thumbnailUrl\":\"https:\\\/\\\/informante.mx\\\/wp-content\\\/uploads\\\/2025\\\/07\\\/Esteban-Bautista-e1763485793172.jpg\",\"keywords\":[\"Veracruz\"],\"articleSection\":[\"Estatal\",\"Legislatura\"],\"inLanguage\":\"es\",\"potentialAction\":[{\"@type\":\"CommentAction\",\"name\":\"Comment\",\"target\":[\"https:\\\/\\\/informante.mx\\\/?p=58085#respond\"]}]},{\"@type\":\"WebPage\",\"@id\":\"https:\\\/\\\/informante.mx\\\/?p=58085\",\"url\":\"https:\\\/\\\/informante.mx\\\/?p=58085\",\"name\":\"Analizar\u00e1n venta de aeronaves en el Congreso de Veracruz - Informante.mx\",\"isPartOf\":{\"@id\":\"https:\\\/\\\/informante.mx\\\/#website\"},\"primaryImageOfPage\":{\"@id\":\"https:\\\/\\\/informante.mx\\\/?p=58085#primaryimage\"},\"image\":{\"@id\":\"https:\\\/\\\/informante.mx\\\/?p=58085#primaryimage\"},\"thumbnailUrl\":\"https:\\\/\\\/informante.mx\\\/wp-content\\\/uploads\\\/2025\\\/07\\\/Esteban-Bautista-e1763485793172.jpg\",\"datePublished\":\"2026-04-26T19:29:05+00:00\",\"dateModified\":\"2026-04-26T19:29:10+00:00\",\"breadcrumb\":{\"@id\":\"https:\\\/\\\/informante.mx\\\/?p=58085#breadcrumb\"},\"inLanguage\":\"es\",\"potentialAction\":[{\"@type\":\"ReadAction\",\"target\":[\"https:\\\/\\\/informante.mx\\\/?p=58085\"]}]},{\"@type\":\"ImageObject\",\"inLanguage\":\"es\",\"@id\":\"https:\\\/\\\/informante.mx\\\/?p=58085#primaryimage\",\"url\":\"https:\\\/\\\/informante.mx\\\/wp-content\\\/uploads\\\/2025\\\/07\\\/Esteban-Bautista-e1763485793172.jpg\",\"contentUrl\":\"https:\\\/\\\/informante.mx\\\/wp-content\\\/uploads\\\/2025\\\/07\\\/Esteban-Bautista-e1763485793172.jpg\",\"width\":1078,\"height\":698},{\"@type\":\"BreadcrumbList\",\"@id\":\"https:\\\/\\\/informante.mx\\\/?p=58085#breadcrumb\",\"itemListElement\":[{\"@type\":\"ListItem\",\"position\":1,\"name\":\"Portada\",\"item\":\"https:\\\/\\\/informante.mx\\\/\"},{\"@type\":\"ListItem\",\"position\":2,\"name\":\"Analizar\u00e1n venta de aeronaves en el Congreso de Veracruz\"}]},{\"@type\":\"WebSite\",\"@id\":\"https:\\\/\\\/informante.mx\\\/#website\",\"url\":\"https:\\\/\\\/informante.mx\\\/\",\"name\":\"Informante.mx\",\"description\":\"\",\"publisher\":{\"@id\":\"https:\\\/\\\/informante.mx\\\/#organization\"},\"potentialAction\":[{\"@type\":\"SearchAction\",\"target\":{\"@type\":\"EntryPoint\",\"urlTemplate\":\"https:\\\/\\\/informante.mx\\\/?s={search_term_string}\"},\"query-input\":{\"@type\":\"PropertyValueSpecification\",\"valueRequired\":true,\"valueName\":\"search_term_string\"}}],\"inLanguage\":\"es\"},{\"@type\":\"Organization\",\"@id\":\"https:\\\/\\\/informante.mx\\\/#organization\",\"name\":\"Informante.mx\",\"url\":\"https:\\\/\\\/informante.mx\\\/\",\"logo\":{\"@type\":\"ImageObject\",\"inLanguage\":\"es\",\"@id\":\"https:\\\/\\\/informante.mx\\\/#\\\/schema\\\/logo\\\/image\\\/\",\"url\":\"https:\\\/\\\/informante.mx\\\/wp-content\\\/uploads\\\/2019\\\/12\\\/cropped-LOGO-Verde-Apaisado-1024x360O-1.png\",\"contentUrl\":\"https:\\\/\\\/informante.mx\\\/wp-content\\\/uploads\\\/2019\\\/12\\\/cropped-LOGO-Verde-Apaisado-1024x360O-1.png\",\"width\":923,\"height\":180,\"caption\":\"Informante.mx\"},\"image\":{\"@id\":\"https:\\\/\\\/informante.mx\\\/#\\\/schema\\\/logo\\\/image\\\/\"},\"sameAs\":[\"https:\\\/\\\/www.facebook.com\\\/MX.Informante\",\"https:\\\/\\\/x.com\\\/mx_informante\"]},{\"@type\":\"Person\",\"@id\":\"https:\\\/\\\/informante.mx\\\/#\\\/schema\\\/person\\\/3eff91989d2ea76b0a330b416325946c\",\"name\":\"InformanteMX\",\"image\":{\"@type\":\"ImageObject\",\"inLanguage\":\"es\",\"@id\":\"https:\\\/\\\/secure.gravatar.com\\\/avatar\\\/10d802aa739e832aedd2f3fd8544d878871eb22e6ca86fe9a548573e34a28f0e?s=96&d=mm&r=g\",\"url\":\"https:\\\/\\\/secure.gravatar.com\\\/avatar\\\/10d802aa739e832aedd2f3fd8544d878871eb22e6ca86fe9a548573e34a28f0e?s=96&d=mm&r=g\",\"contentUrl\":\"https:\\\/\\\/secure.gravatar.com\\\/avatar\\\/10d802aa739e832aedd2f3fd8544d878871eb22e6ca86fe9a548573e34a28f0e?s=96&d=mm&r=g\",\"caption\":\"InformanteMX\"},\"url\":\"https:\\\/\\\/informante.mx\\\/?author=1\"}]}<\/script>\n<!-- \/ Yoast SEO plugin. -->","yoast_head_json":{"title":"Analizar\u00e1n venta de aeronaves en el Congreso de Veracruz - Informante.mx","robots":{"index":"index","follow":"follow","max-snippet":"max-snippet:-1","max-image-preview":"max-image-preview:large","max-video-preview":"max-video-preview:-1"},"canonical":"https:\/\/informante.mx\/?p=58085","og_locale":"es_ES","og_type":"article","og_title":"Analizar\u00e1n venta de aeronaves en el Congreso de Veracruz - Informante.mx","og_description":"El presidente de la Jucopo del Congreso local, Esteban Bautista Hern\u00e1ndez, inform\u00f3 que en pr\u00f3xima sesi\u00f3n se analizar\u00e1 la solicitud de la gobernadora.","og_url":"https:\/\/informante.mx\/?p=58085","og_site_name":"Informante.mx","article_publisher":"https:\/\/www.facebook.com\/MX.Informante","article_published_time":"2026-04-26T19:29:05+00:00","article_modified_time":"2026-04-26T19:29:10+00:00","og_image":[{"width":1078,"height":698,"url":"https:\/\/informante.mx\/wp-content\/uploads\/2025\/07\/Esteban-Bautista-e1763485793172.jpg","type":"image\/jpeg"}],"author":"InformanteMX","twitter_card":"summary_large_image","twitter_creator":"@mx_informante","twitter_site":"@mx_informante","twitter_misc":{"Escrito por":"InformanteMX","Tiempo de lectura":"1 minuto"},"schema":{"@context":"https:\/\/schema.org","@graph":[{"@type":"NewsArticle","@id":"https:\/\/informante.mx\/?p=58085#article","isPartOf":{"@id":"https:\/\/informante.mx\/?p=58085"},"author":{"name":"InformanteMX","@id":"https:\/\/informante.mx\/#\/schema\/person\/3eff91989d2ea76b0a330b416325946c"},"headline":"Analizar\u00e1n venta de aeronaves en el Congreso de Veracruz","datePublished":"2026-04-26T19:29:05+00:00","dateModified":"2026-04-26T19:29:10+00:00","mainEntityOfPage":{"@id":"https:\/\/informante.mx\/?p=58085"},"wordCount":173,"commentCount":0,"publisher":{"@id":"https:\/\/informante.mx\/#organization"},"image":{"@id":"https:\/\/informante.mx\/?p=58085#primaryimage"},"thumbnailUrl":"https:\/\/informante.mx\/wp-content\/uploads\/2025\/07\/Esteban-Bautista-e1763485793172.jpg","keywords":["Veracruz"],"articleSection":["Estatal","Legislatura"],"inLanguage":"es","potentialAction":[{"@type":"CommentAction","name":"Comment","target":["https:\/\/informante.mx\/?p=58085#respond"]}]},{"@type":"WebPage","@id":"https:\/\/informante.mx\/?p=58085","url":"https:\/\/informante.mx\/?p=58085","name":"Analizar\u00e1n venta de aeronaves en el Congreso de Veracruz - Informante.mx","isPartOf":{"@id":"https:\/\/informante.mx\/#website"},"primaryImageOfPage":{"@id":"https:\/\/informante.mx\/?p=58085#primaryimage"},"image":{"@id":"https:\/\/informante.mx\/?p=58085#primaryimage"},"thumbnailUrl":"https:\/\/informante.mx\/wp-content\/uploads\/2025\/07\/Esteban-Bautista-e1763485793172.jpg","datePublished":"2026-04-26T19:29:05+00:00","dateModified":"2026-04-26T19:29:10+00:00","breadcrumb":{"@id":"https:\/\/informante.mx\/?p=58085#breadcrumb"},"inLanguage":"es","potentialAction":[{"@type":"ReadAction","target":["https:\/\/informante.mx\/?p=58085"]}]},{"@type":"ImageObject","inLanguage":"es","@id":"https:\/\/informante.mx\/?p=58085#primaryimage","url":"https:\/\/informante.mx\/wp-content\/uploads\/2025\/07\/Esteban-Bautista-e1763485793172.jpg","contentUrl":"https:\/\/informante.mx\/wp-content\/uploads\/2025\/07\/Esteban-Bautista-e1763485793172.jpg","width":1078,"height":698},{"@type":"BreadcrumbList","@id":"https:\/\/informante.mx\/?p=58085#breadcrumb","itemListElement":[{"@type":"ListItem","position":1,"name":"Portada","item":"https:\/\/informante.mx\/"},{"@type":"ListItem","position":2,"name":"Analizar\u00e1n venta de aeronaves en el Congreso de Veracruz"}]},{"@type":"WebSite","@id":"https:\/\/informante.mx\/#website","url":"https:\/\/informante.mx\/","name":"Informante.mx","description":"","publisher":{"@id":"https:\/\/informante.mx\/#organization"},"potentialAction":[{"@type":"SearchAction","target":{"@type":"EntryPoint","urlTemplate":"https:\/\/informante.mx\/?s={search_term_string}"},"query-input":{"@type":"PropertyValueSpecification","valueRequired":true,"valueName":"search_term_string"}}],"inLanguage":"es"},{"@type":"Organization","@id":"https:\/\/informante.mx\/#organization","name":"Informante.mx","url":"https:\/\/informante.mx\/","logo":{"@type":"ImageObject","inLanguage":"es","@id":"https:\/\/informante.mx\/#\/schema\/logo\/image\/","url":"https:\/\/informante.mx\/wp-content\/uploads\/2019\/12\/cropped-LOGO-Verde-Apaisado-1024x360O-1.png","contentUrl":"https:\/\/informante.mx\/wp-content\/uploads\/2019\/12\/cropped-LOGO-Verde-Apaisado-1024x360O-1.png","width":923,"height":180,"caption":"Informante.mx"},"image":{"@id":"https:\/\/informante.mx\/#\/schema\/logo\/image\/"},"sameAs":["https:\/\/www.facebook.com\/MX.Informante","https:\/\/x.com\/mx_informante"]},{"@type":"Person","@id":"https:\/\/informante.mx\/#\/schema\/person\/3eff91989d2ea76b0a330b416325946c","name":"InformanteMX","image":{"@type":"ImageObject","inLanguage":"es","@id":"https:\/\/secure.gravatar.com\/avatar\/10d802aa739e832aedd2f3fd8544d878871eb22e6ca86fe9a548573e34a28f0e?s=96&d=mm&r=g","url":"https:\/\/secure.gravatar.com\/avatar\/10d802aa739e832aedd2f3fd8544d878871eb22e6ca86fe9a548573e34a28f0e?s=96&d=mm&r=g","contentUrl":"https:\/\/secure.gravatar.com\/avatar\/10d802aa739e832aedd2f3fd8544d878871eb22e6ca86fe9a548573e34a28f0e?s=96&d=mm&r=g","caption":"InformanteMX"},"url":"https:\/\/informante.mx\/?author=1"}]}},"jetpack_featured_media_url":"https:\/\/informante.mx\/wp-content\/uploads\/2025\/07\/Esteban-Bautista-e1763485793172.jpg","uagb_featured_image_src":{"full":["https:\/\/informante.mx\/wp-content\/uploads\/2025\/07\/Esteban-Bautista-e1763485793172.jpg",1078,698,false],"thumbnail":["https:\/\/informante.mx\/wp-content\/uploads\/2025\/07\/Esteban-Bautista-e1763485793172-150x97.jpg",150,97,true],"medium":["https:\/\/informante.mx\/wp-content\/uploads\/2025\/07\/Esteban-Bautista-e1763485793172-300x194.jpg",300,194,true],"medium_large":["https:\/\/informante.mx\/wp-content\/uploads\/2025\/07\/Esteban-Bautista-e1763485793172-768x497.jpg",640,414,true],"large":["https:\/\/informante.mx\/wp-content\/uploads\/2025\/07\/Esteban-Bautista-e1763485793172-1024x663.jpg",640,414,true],"1536x1536":["https:\/\/informante.mx\/wp-content\/uploads\/2025\/07\/Esteban-Bautista-e1763485793172.jpg",1078,698,false],"2048x2048":["https:\/\/informante.mx\/wp-content\/uploads\/2025\/07\/Esteban-Bautista-e1763485793172.jpg",1078,698,false],"td_0x420":["https:\/\/informante.mx\/wp-content\/uploads\/2025\/07\/Esteban-Bautista-e1763485793172-649x420.jpg",649,420,true],"td_0x420_retina":["https:\/\/informante.mx\/wp-content\/uploads\/2025\/07\/Esteban-Bautista-e1763485793172.jpg",1078,698,false],"td_80x60":["https:\/\/informante.mx\/wp-content\/uploads\/2025\/07\/Esteban-Bautista-e1763485793172-80x60.jpg",80,60,true],"td_80x60_retina":["https:\/\/informante.mx\/wp-content\/uploads\/2025\/07\/Esteban-Bautista-e1763485793172-160x120.jpg",160,120,true],"td_100x75":["https:\/\/informante.mx\/wp-content\/uploads\/2025\/07\/Esteban-Bautista-e1763485793172-100x75.jpg",100,75,true],"td_100x75_retina":["https:\/\/informante.mx\/wp-content\/uploads\/2025\/07\/Esteban-Bautista-e1763485793172-200x150.jpg",200,150,true],"td_180x135":["https:\/\/informante.mx\/wp-content\/uploads\/2025\/07\/Esteban-Bautista-e1763485793172-180x135.jpg",180,135,true],"td_180x135_retina":["https:\/\/informante.mx\/wp-content\/uploads\/2025\/07\/Esteban-Bautista-e1763485793172-360x270.jpg",360,270,true],"td_238x178":["https:\/\/informante.mx\/wp-content\/uploads\/2025\/07\/Esteban-Bautista-e1763485793172-238x178.jpg",238,178,true],"td_238x178_retina":["https:\/\/informante.mx\/wp-content\/uploads\/2025\/07\/Esteban-Bautista-e1763485793172-476x356.jpg",476,356,true],"td_265x198":["https:\/\/informante.mx\/wp-content\/uploads\/2025\/07\/Esteban-Bautista-e1763485793172-265x198.jpg",265,198,true],"td_265x198_retina":["https:\/\/informante.mx\/wp-content\/uploads\/2025\/07\/Esteban-Bautista-e1763485793172-530x396.jpg",530,396,true],"td_300x160":["https:\/\/informante.mx\/wp-content\/uploads\/2025\/07\/Esteban-Bautista-e1763485793172-300x160.jpg",300,160,true],"td_300x160_retina":["https:\/\/informante.mx\/wp-content\/uploads\/2025\/07\/Esteban-Bautista-e1763485793172-600x320.jpg",600,320,true],"td_300x194":["https:\/\/informante.mx\/wp-content\/uploads\/2025\/07\/Esteban-Bautista-e1763485793172-300x194.jpg",300,194,true],"td_300x194_retina":["https:\/\/informante.mx\/wp-content\/uploads\/2025\/07\/Esteban-Bautista-e1763485793172-600x388.jpg",600,388,true],"td_300x350":["https:\/\/informante.mx\/wp-content\/uploads\/2025\/07\/Esteban-Bautista-e1763485793172-300x350.jpg",300,350,true],"td_300x350_retina":["https:\/\/informante.mx\/wp-content\/uploads\/2025\/07\/Esteban-Bautista-e1763485793172-600x698.jpg",600,698,true],"td_341x220":["https:\/\/informante.mx\/wp-content\/uploads\/2025\/07\/Esteban-Bautista-e1763485793172-341x220.jpg",341,220,true],"td_341x220_retina":["https:\/\/informante.mx\/wp-content\/uploads\/2025\/07\/Esteban-Bautista-e1763485793172-682x440.jpg",682,440,true],"td_341x400":["https:\/\/informante.mx\/wp-content\/uploads\/2025\/07\/Esteban-Bautista-e1763485793172-341x400.jpg",341,400,true],"td_341x400_retina":["https:\/\/informante.mx\/wp-content\/uploads\/2025\/07\/Esteban-Bautista-e1763485793172-682x698.jpg",682,698,true],"td_511x400":["https:\/\/informante.mx\/wp-content\/uploads\/2025\/07\/Esteban-Bautista-e1763485793172-511x400.jpg",511,400,true],"td_511x400_retina":["https:\/\/informante.mx\/wp-content\/uploads\/2025\/07\/Esteban-Bautista-e1763485793172-1022x698.jpg",1022,698,true],"td_537x360":["https:\/\/informante.mx\/wp-content\/uploads\/2025\/07\/Esteban-Bautista-e1763485793172-537x360.jpg",537,360,true],"td_537x360_retina":["https:\/\/informante.mx\/wp-content\/uploads\/2025\/07\/Esteban-Bautista-e1763485793172-1074x698.jpg",1074,698,true],"td_640x0":["https:\/\/informante.mx\/wp-content\/uploads\/2025\/07\/Esteban-Bautista-e1763485793172-640x414.jpg",640,414,true],"td_640x0_retina":["https:\/\/informante.mx\/wp-content\/uploads\/2025\/07\/Esteban-Bautista-e1763485793172.jpg",1078,698,false],"td_640x350":["https:\/\/informante.mx\/wp-content\/uploads\/2025\/07\/Esteban-Bautista-e1763485793172-640x350.jpg",640,350,true],"td_640x350_retina":["https:\/\/informante.mx\/wp-content\/uploads\/2025\/07\/Esteban-Bautista-e1763485793172.jpg",1078,698,false],"td_681x0":["https:\/\/informante.mx\/wp-content\/uploads\/2025\/07\/Esteban-Bautista-e1763485793172-681x441.jpg",681,441,true],"td_681x0_retina":["https:\/\/informante.mx\/wp-content\/uploads\/2025\/07\/Esteban-Bautista-e1763485793172.jpg",1078,698,false],"td_681x400":["https:\/\/informante.mx\/wp-content\/uploads\/2025\/07\/Esteban-Bautista-e1763485793172-681x400.jpg",681,400,true],"td_681x400_retina":["https:\/\/informante.mx\/wp-content\/uploads\/2025\/07\/Esteban-Bautista-e1763485793172.jpg",1078,698,false],"td_741x486":["https:\/\/informante.mx\/wp-content\/uploads\/2025\/07\/Esteban-Bautista-e1763485793172-741x486.jpg",741,486,true],"td_741x486_retina":["https:\/\/informante.mx\/wp-content\/uploads\/2025\/07\/Esteban-Bautista-e1763485793172.jpg",1078,698,false],"td_1021x580":["https:\/\/informante.mx\/wp-content\/uploads\/2025\/07\/Esteban-Bautista-e1763485793172-1021x580.jpg",1021,580,true],"td_1021x580_retina":["https:\/\/informante.mx\/wp-content\/uploads\/2025\/07\/Esteban-Bautista-e1763485793172.jpg",1078,698,false]},"uagb_author_info":{"display_name":"InformanteMX","author_link":"https:\/\/informante.mx\/?author=1"},"uagb_comment_info":0,"uagb_excerpt":"El presidente de la Jucopo del Congreso local, Esteban Bautista Hern\u00e1ndez, inform\u00f3 que en pr\u00f3xima sesi\u00f3n se analizar\u00e1 la solicitud de la gobernadora.","_links":{"self":[{"href":"https:\/\/informante.mx\/index.php?rest_route=\/wp\/v2\/posts\/58085","targetHints":{"allow":["GET"]}}],"collection":[{"href":"https:\/\/informante.mx\/index.php?rest_route=\/wp\/v2\/posts"}],"about":[{"href":"https:\/\/informante.mx\/index.php?rest_route=\/wp\/v2\/types\/post"}],"author":[{"embeddable":true,"href":"https:\/\/informante.mx\/index.php?rest_route=\/wp\/v2\/users\/1"}],"replies":[{"embeddable":true,"href":"https:\/\/informante.mx\/index.php?rest_route=%2Fwp%2Fv2%2Fcomments&post=58085"}],"version-history":[{"count":1,"href":"https:\/\/informante.mx\/index.php?rest_route=\/wp\/v2\/posts\/58085\/revisions"}],"predecessor-version":[{"id":58086,"href":"https:\/\/informante.mx\/index.php?rest_route=\/wp\/v2\/posts\/58085\/revisions\/58086"}],"wp:featuredmedia":[{"embeddable":true,"href":"https:\/\/informante.mx\/index.php?rest_route=\/wp\/v2\/media\/50660"}],"wp:attachment":[{"href":"https:\/\/informante.mx\/index.php?rest_route=%2Fwp%2Fv2%2Fmedia&parent=58085"}],"wp:term":[{"taxonomy":"category","embeddable":true,"href":"https:\/\/informante.mx\/index.php?rest_route=%2Fwp%2Fv2%2Fcategories&post=58085"},{"taxonomy":"post_tag","embeddable":true,"href":"https:\/\/informante.mx\/index.php?rest_route=%2Fwp%2Fv2%2Ftags&post=58085"}],"curies":[{"name":"wp","href":"https:\/\/api.w.org\/{rel}","templated":true}]}}