{"id":548,"date":"2015-07-01T12:23:31","date_gmt":"2015-07-01T17:23:31","guid":{"rendered":"https:\/\/informantever.wordpress.com\/?p=548"},"modified":"2015-07-01T12:23:31","modified_gmt":"2015-07-01T17:23:31","slug":"denuncian-mujeres-de-xalapa-acoso-por-parte-de-taxistas-ana-karina","status":"publish","type":"post","link":"https:\/\/informante.mx\/?p=548","title":{"rendered":"Denuncian mujeres de Xalapa acoso por parte de taxistas: Ana Karina"},"content":{"rendered":"<p><strong><a href=\"https:\/\/informantever.files.wordpress.com\/2015\/07\/image.jpg\"><img loading=\"lazy\" decoding=\"async\" class=\"aligncenter size-full wp-image-563\" src=\"https:\/\/informantever.files.wordpress.com\/2015\/07\/image.jpg\" alt=\"image\" width=\"532\" height=\"342\" \/><\/a>Xalapa, Ver.-<\/strong> A trav\u00e9s de las redes sociales, mujeres de Xalapa han denunciado ser v\u00edctima de acoso por parte de taxistas -quienes acusan- les dicen palabras obscenas, les tocan las piernas y hay quienes hasta se han masturbado mientras manejan.<\/p>\n<p>En su mayor\u00eda son f\u00e9minas que van de los 18 hasta los 35 a\u00f1os y quienes con mensajes alertando a las dem\u00e1s personas, se busca que se evite tomar las unidades denunciadas de manera p\u00fablica para evitar se victimas de cualquier acto il\u00edcito y que vaya en contra de su integridad f\u00edsica.<\/p>\n<p>Al decir de la regidora y titular de la comisi\u00f3n de Equidad y G\u00e9nero del Ayuntamiento de Xalapa, Ana Karina Platas C\u00f3rdoba, se tiene el conocimiento de que hay mujeres que ya han denunciado este tipo de actos en su contra, sin embargo dijo desconocer a fondo los datos.<\/p>\n<p>Al entrevistarla asegur\u00f3 que se ha sancionado no tan s\u00f3lo a quien comente el delito, que en este caso seria el chofer, sino que tambi\u00e9n al due\u00f1o de la concesionario.<\/p>\n<p>\u00abNo tengo el n\u00famero de denuncias que se ha tenido ahorita de manera oficial pero si se que se tienen este tipo de casos y que se han tomado cartas en el asunto y que han sancionado tanto a la persona se va en el volante como al concesionario, porque hay gente que si ha denunciado\u00bb.<\/p>\n<p>Platas C\u00f3rdoba lament\u00f3 que este tipo de hechos se registren en la cuidad, \u00abme enterado a trav\u00e9s de las redes sociales y de otros medios que se est\u00e1n dando estos casos en contra de las mujeres y tenemos que actuar ya\u00bb.<\/p>\n<p>Y es que reconoci\u00f3 que actualmente, muchas mujeres prefieren evitar el transporte p\u00fablico en su modalidad taxi, pues si bien es con algo con lo que deben de sentirse seguras para regresar a sus hogares o trasladarse a otro punto de la cuidad, cuentan con miedo de que pueda ser acosas e incluso violadas.<\/p>\n<p>\u00abEs un riesgo para las mujeres viajar en el transporte p\u00fablico, en muchas veces las mujeres tienen miedo y es importante tomar ciertas precauciones no nada m\u00e1s es en el d\u00eda, sino que tambi\u00e9n es en la noche cuando salimos a divertirnos, y queremos regresarnos en un taxi seguras pero no es as\u00ed\u00bb.<\/p>\n<p>Por tal raz\u00f3n, la regidora solicit\u00f3 a las mujeres que se vean afectadas en este tema a que denuncien al 066 o al 089 que es un n\u00famero para denuncias an\u00f3nimas; agreg\u00f3 que lo \u00fanico que deben de hacer es dar el n\u00famero de taxi y su localidad.<\/p>\n<p>\u00abEsto no es la primera vez que pasa, muchas mujeres no denuncian porque no saben a donde acudir, no saben como denunciar y ni siquiera se atreven a ponerlo en redes sociales\u00bb.<\/p>\n","protected":false},"excerpt":{"rendered":"<p>se busca que se evite tomar las unidades denunciadas de manera p\u00fablica para evitar se victimas de cualquier acto il\u00edcito y que vaya en contra de su integridad f\u00edsica. <\/p>\n","protected":false},"author":1,"featured_media":0,"comment_status":"open","ping_status":"closed","sticky":false,"template":"","format":"standard","meta":{"_uag_custom_page_level_css":"","jetpack_post_was_ever_published":false,"footnotes":""},"categories":[8],"tags":[],"class_list":["post-548","post","type-post","status-publish","format-standard","hentry","category-local"],"yoast_head":"<!-- This site is optimized with the Yoast SEO plugin v27.3 - https:\/\/yoast.com\/product\/yoast-seo-wordpress\/ -->\n<title>Denuncian mujeres de Xalapa acoso por parte de taxistas: Ana Karina - Informante.mx<\/title>\n<meta name=\"robots\" content=\"index, follow, max-snippet:-1, max-image-preview:large, max-video-preview:-1\" \/>\n<link rel=\"canonical\" href=\"https:\/\/informante.mx\/?p=548\" \/>\n<meta property=\"og:locale\" content=\"es_ES\" \/>\n<meta property=\"og:type\" content=\"article\" \/>\n<meta property=\"og:title\" content=\"Denuncian mujeres de Xalapa acoso por parte de taxistas: Ana Karina - Informante.mx\" \/>\n<meta property=\"og:description\" content=\"se busca que se evite tomar las unidades denunciadas de manera p\u00fablica para evitar se victimas de cualquier acto il\u00edcito y que vaya en contra de su integridad f\u00edsica.\" \/>\n<meta property=\"og:url\" content=\"https:\/\/informante.mx\/?p=548\" \/>\n<meta property=\"og:site_name\" content=\"Informante.mx\" \/>\n<meta property=\"article:publisher\" content=\"https:\/\/www.facebook.com\/MX.Informante\" \/>\n<meta property=\"article:published_time\" content=\"2015-07-01T17:23:31+00:00\" \/>\n<meta property=\"og:image\" content=\"https:\/\/i0.wp.com\/informante.mx\/wp-content\/uploads\/2015\/07\/image.jpg?fit=532%2C342&ssl=1\" \/>\n\t<meta property=\"og:image:width\" content=\"532\" \/>\n\t<meta property=\"og:image:height\" content=\"342\" \/>\n\t<meta property=\"og:image:type\" content=\"image\/jpeg\" \/>\n<meta name=\"author\" content=\"InformanteMX\" \/>\n<meta name=\"twitter:card\" content=\"summary_large_image\" \/>\n<meta name=\"twitter:creator\" content=\"@mx_informante\" \/>\n<meta name=\"twitter:site\" content=\"@mx_informante\" \/>\n<meta name=\"twitter:label1\" content=\"Escrito por\" \/>\n\t<meta name=\"twitter:data1\" content=\"InformanteMX\" \/>\n\t<meta name=\"twitter:label2\" content=\"Tiempo de lectura\" \/>\n\t<meta name=\"twitter:data2\" content=\"2 minutos\" \/>\n<script type=\"application\/ld+json\" class=\"yoast-schema-graph\">{\"@context\":\"https:\\\/\\\/schema.org\",\"@graph\":[{\"@type\":\"NewsArticle\",\"@id\":\"https:\\\/\\\/informante.mx\\\/?p=548#article\",\"isPartOf\":{\"@id\":\"https:\\\/\\\/informante.mx\\\/?p=548\"},\"author\":{\"name\":\"InformanteMX\",\"@id\":\"https:\\\/\\\/informante.mx\\\/#\\\/schema\\\/person\\\/3eff91989d2ea76b0a330b416325946c\"},\"headline\":\"Denuncian mujeres de Xalapa acoso por parte de taxistas: Ana Karina\",\"datePublished\":\"2015-07-01T17:23:31+00:00\",\"mainEntityOfPage\":{\"@id\":\"https:\\\/\\\/informante.mx\\\/?p=548\"},\"wordCount\":491,\"commentCount\":0,\"publisher\":{\"@id\":\"https:\\\/\\\/informante.mx\\\/#organization\"},\"image\":{\"@id\":\"https:\\\/\\\/informante.mx\\\/?p=548#primaryimage\"},\"thumbnailUrl\":\"https:\\\/\\\/informantever.files.wordpress.com\\\/2015\\\/07\\\/image.jpg\",\"articleSection\":[\"Local\"],\"inLanguage\":\"es\",\"potentialAction\":[{\"@type\":\"CommentAction\",\"name\":\"Comment\",\"target\":[\"https:\\\/\\\/informante.mx\\\/?p=548#respond\"]}]},{\"@type\":\"WebPage\",\"@id\":\"https:\\\/\\\/informante.mx\\\/?p=548\",\"url\":\"https:\\\/\\\/informante.mx\\\/?p=548\",\"name\":\"Denuncian mujeres de Xalapa acoso por parte de taxistas: Ana Karina - Informante.mx\",\"isPartOf\":{\"@id\":\"https:\\\/\\\/informante.mx\\\/#website\"},\"primaryImageOfPage\":{\"@id\":\"https:\\\/\\\/informante.mx\\\/?p=548#primaryimage\"},\"image\":{\"@id\":\"https:\\\/\\\/informante.mx\\\/?p=548#primaryimage\"},\"thumbnailUrl\":\"https:\\\/\\\/informantever.files.wordpress.com\\\/2015\\\/07\\\/image.jpg\",\"datePublished\":\"2015-07-01T17:23:31+00:00\",\"breadcrumb\":{\"@id\":\"https:\\\/\\\/informante.mx\\\/?p=548#breadcrumb\"},\"inLanguage\":\"es\",\"potentialAction\":[{\"@type\":\"ReadAction\",\"target\":[\"https:\\\/\\\/informante.mx\\\/?p=548\"]}]},{\"@type\":\"ImageObject\",\"inLanguage\":\"es\",\"@id\":\"https:\\\/\\\/informante.mx\\\/?p=548#primaryimage\",\"url\":\"https:\\\/\\\/informantever.files.wordpress.com\\\/2015\\\/07\\\/image.jpg\",\"contentUrl\":\"https:\\\/\\\/informantever.files.wordpress.com\\\/2015\\\/07\\\/image.jpg\"},{\"@type\":\"BreadcrumbList\",\"@id\":\"https:\\\/\\\/informante.mx\\\/?p=548#breadcrumb\",\"itemListElement\":[{\"@type\":\"ListItem\",\"position\":1,\"name\":\"Portada\",\"item\":\"https:\\\/\\\/informante.mx\\\/\"},{\"@type\":\"ListItem\",\"position\":2,\"name\":\"Denuncian mujeres de Xalapa acoso por parte de taxistas: Ana Karina\"}]},{\"@type\":\"WebSite\",\"@id\":\"https:\\\/\\\/informante.mx\\\/#website\",\"url\":\"https:\\\/\\\/informante.mx\\\/\",\"name\":\"Informante.mx\",\"description\":\"\",\"publisher\":{\"@id\":\"https:\\\/\\\/informante.mx\\\/#organization\"},\"potentialAction\":[{\"@type\":\"SearchAction\",\"target\":{\"@type\":\"EntryPoint\",\"urlTemplate\":\"https:\\\/\\\/informante.mx\\\/?s={search_term_string}\"},\"query-input\":{\"@type\":\"PropertyValueSpecification\",\"valueRequired\":true,\"valueName\":\"search_term_string\"}}],\"inLanguage\":\"es\"},{\"@type\":\"Organization\",\"@id\":\"https:\\\/\\\/informante.mx\\\/#organization\",\"name\":\"Informante.mx\",\"url\":\"https:\\\/\\\/informante.mx\\\/\",\"logo\":{\"@type\":\"ImageObject\",\"inLanguage\":\"es\",\"@id\":\"https:\\\/\\\/informante.mx\\\/#\\\/schema\\\/logo\\\/image\\\/\",\"url\":\"https:\\\/\\\/informante.mx\\\/wp-content\\\/uploads\\\/2019\\\/12\\\/cropped-LOGO-Verde-Apaisado-1024x360O-1.png\",\"contentUrl\":\"https:\\\/\\\/informante.mx\\\/wp-content\\\/uploads\\\/2019\\\/12\\\/cropped-LOGO-Verde-Apaisado-1024x360O-1.png\",\"width\":923,\"height\":180,\"caption\":\"Informante.mx\"},\"image\":{\"@id\":\"https:\\\/\\\/informante.mx\\\/#\\\/schema\\\/logo\\\/image\\\/\"},\"sameAs\":[\"https:\\\/\\\/www.facebook.com\\\/MX.Informante\",\"https:\\\/\\\/x.com\\\/mx_informante\"]},{\"@type\":\"Person\",\"@id\":\"https:\\\/\\\/informante.mx\\\/#\\\/schema\\\/person\\\/3eff91989d2ea76b0a330b416325946c\",\"name\":\"InformanteMX\",\"image\":{\"@type\":\"ImageObject\",\"inLanguage\":\"es\",\"@id\":\"https:\\\/\\\/secure.gravatar.com\\\/avatar\\\/10d802aa739e832aedd2f3fd8544d878871eb22e6ca86fe9a548573e34a28f0e?s=96&d=mm&r=g\",\"url\":\"https:\\\/\\\/secure.gravatar.com\\\/avatar\\\/10d802aa739e832aedd2f3fd8544d878871eb22e6ca86fe9a548573e34a28f0e?s=96&d=mm&r=g\",\"contentUrl\":\"https:\\\/\\\/secure.gravatar.com\\\/avatar\\\/10d802aa739e832aedd2f3fd8544d878871eb22e6ca86fe9a548573e34a28f0e?s=96&d=mm&r=g\",\"caption\":\"InformanteMX\"},\"url\":\"https:\\\/\\\/informante.mx\\\/?author=1\"}]}<\/script>\n<!-- \/ Yoast SEO plugin. -->","yoast_head_json":{"title":"Denuncian mujeres de Xalapa acoso por parte de taxistas: Ana Karina - Informante.mx","robots":{"index":"index","follow":"follow","max-snippet":"max-snippet:-1","max-image-preview":"max-image-preview:large","max-video-preview":"max-video-preview:-1"},"canonical":"https:\/\/informante.mx\/?p=548","og_locale":"es_ES","og_type":"article","og_title":"Denuncian mujeres de Xalapa acoso por parte de taxistas: Ana Karina - Informante.mx","og_description":"se busca que se evite tomar las unidades denunciadas de manera p\u00fablica para evitar se victimas de cualquier acto il\u00edcito y que vaya en contra de su integridad f\u00edsica.","og_url":"https:\/\/informante.mx\/?p=548","og_site_name":"Informante.mx","article_publisher":"https:\/\/www.facebook.com\/MX.Informante","article_published_time":"2015-07-01T17:23:31+00:00","og_image":[{"width":532,"height":342,"url":"https:\/\/i0.wp.com\/informante.mx\/wp-content\/uploads\/2015\/07\/image.jpg?fit=532%2C342&ssl=1","type":"image\/jpeg"}],"author":"InformanteMX","twitter_card":"summary_large_image","twitter_creator":"@mx_informante","twitter_site":"@mx_informante","twitter_misc":{"Escrito por":"InformanteMX","Tiempo de lectura":"2 minutos"},"schema":{"@context":"https:\/\/schema.org","@graph":[{"@type":"NewsArticle","@id":"https:\/\/informante.mx\/?p=548#article","isPartOf":{"@id":"https:\/\/informante.mx\/?p=548"},"author":{"name":"InformanteMX","@id":"https:\/\/informante.mx\/#\/schema\/person\/3eff91989d2ea76b0a330b416325946c"},"headline":"Denuncian mujeres de Xalapa acoso por parte de taxistas: Ana Karina","datePublished":"2015-07-01T17:23:31+00:00","mainEntityOfPage":{"@id":"https:\/\/informante.mx\/?p=548"},"wordCount":491,"commentCount":0,"publisher":{"@id":"https:\/\/informante.mx\/#organization"},"image":{"@id":"https:\/\/informante.mx\/?p=548#primaryimage"},"thumbnailUrl":"https:\/\/informantever.files.wordpress.com\/2015\/07\/image.jpg","articleSection":["Local"],"inLanguage":"es","potentialAction":[{"@type":"CommentAction","name":"Comment","target":["https:\/\/informante.mx\/?p=548#respond"]}]},{"@type":"WebPage","@id":"https:\/\/informante.mx\/?p=548","url":"https:\/\/informante.mx\/?p=548","name":"Denuncian mujeres de Xalapa acoso por parte de taxistas: Ana Karina - Informante.mx","isPartOf":{"@id":"https:\/\/informante.mx\/#website"},"primaryImageOfPage":{"@id":"https:\/\/informante.mx\/?p=548#primaryimage"},"image":{"@id":"https:\/\/informante.mx\/?p=548#primaryimage"},"thumbnailUrl":"https:\/\/informantever.files.wordpress.com\/2015\/07\/image.jpg","datePublished":"2015-07-01T17:23:31+00:00","breadcrumb":{"@id":"https:\/\/informante.mx\/?p=548#breadcrumb"},"inLanguage":"es","potentialAction":[{"@type":"ReadAction","target":["https:\/\/informante.mx\/?p=548"]}]},{"@type":"ImageObject","inLanguage":"es","@id":"https:\/\/informante.mx\/?p=548#primaryimage","url":"https:\/\/informantever.files.wordpress.com\/2015\/07\/image.jpg","contentUrl":"https:\/\/informantever.files.wordpress.com\/2015\/07\/image.jpg"},{"@type":"BreadcrumbList","@id":"https:\/\/informante.mx\/?p=548#breadcrumb","itemListElement":[{"@type":"ListItem","position":1,"name":"Portada","item":"https:\/\/informante.mx\/"},{"@type":"ListItem","position":2,"name":"Denuncian mujeres de Xalapa acoso por parte de taxistas: Ana Karina"}]},{"@type":"WebSite","@id":"https:\/\/informante.mx\/#website","url":"https:\/\/informante.mx\/","name":"Informante.mx","description":"","publisher":{"@id":"https:\/\/informante.mx\/#organization"},"potentialAction":[{"@type":"SearchAction","target":{"@type":"EntryPoint","urlTemplate":"https:\/\/informante.mx\/?s={search_term_string}"},"query-input":{"@type":"PropertyValueSpecification","valueRequired":true,"valueName":"search_term_string"}}],"inLanguage":"es"},{"@type":"Organization","@id":"https:\/\/informante.mx\/#organization","name":"Informante.mx","url":"https:\/\/informante.mx\/","logo":{"@type":"ImageObject","inLanguage":"es","@id":"https:\/\/informante.mx\/#\/schema\/logo\/image\/","url":"https:\/\/informante.mx\/wp-content\/uploads\/2019\/12\/cropped-LOGO-Verde-Apaisado-1024x360O-1.png","contentUrl":"https:\/\/informante.mx\/wp-content\/uploads\/2019\/12\/cropped-LOGO-Verde-Apaisado-1024x360O-1.png","width":923,"height":180,"caption":"Informante.mx"},"image":{"@id":"https:\/\/informante.mx\/#\/schema\/logo\/image\/"},"sameAs":["https:\/\/www.facebook.com\/MX.Informante","https:\/\/x.com\/mx_informante"]},{"@type":"Person","@id":"https:\/\/informante.mx\/#\/schema\/person\/3eff91989d2ea76b0a330b416325946c","name":"InformanteMX","image":{"@type":"ImageObject","inLanguage":"es","@id":"https:\/\/secure.gravatar.com\/avatar\/10d802aa739e832aedd2f3fd8544d878871eb22e6ca86fe9a548573e34a28f0e?s=96&d=mm&r=g","url":"https:\/\/secure.gravatar.com\/avatar\/10d802aa739e832aedd2f3fd8544d878871eb22e6ca86fe9a548573e34a28f0e?s=96&d=mm&r=g","contentUrl":"https:\/\/secure.gravatar.com\/avatar\/10d802aa739e832aedd2f3fd8544d878871eb22e6ca86fe9a548573e34a28f0e?s=96&d=mm&r=g","caption":"InformanteMX"},"url":"https:\/\/informante.mx\/?author=1"}]}},"jetpack_featured_media_url":"","uagb_featured_image_src":{"full":false,"thumbnail":false,"medium":false,"medium_large":false,"large":false,"1536x1536":false,"2048x2048":false,"td_0x420":false,"td_0x420_retina":false,"td_80x60":false,"td_80x60_retina":false,"td_100x75":false,"td_100x75_retina":false,"td_180x135":false,"td_180x135_retina":false,"td_238x178":false,"td_238x178_retina":false,"td_265x198":false,"td_265x198_retina":false,"td_300x160":false,"td_300x160_retina":false,"td_300x194":false,"td_300x194_retina":false,"td_300x350":false,"td_300x350_retina":false,"td_341x220":false,"td_341x220_retina":false,"td_341x400":false,"td_341x400_retina":false,"td_511x400":false,"td_511x400_retina":false,"td_537x360":false,"td_537x360_retina":false,"td_640x0":false,"td_640x0_retina":false,"td_640x350":false,"td_640x350_retina":false,"td_681x0":false,"td_681x0_retina":false,"td_681x400":false,"td_681x400_retina":false,"td_741x486":false,"td_741x486_retina":false,"td_1021x580":false,"td_1021x580_retina":false},"uagb_author_info":{"display_name":"InformanteMX","author_link":"https:\/\/informante.mx\/?author=1"},"uagb_comment_info":0,"uagb_excerpt":"se busca que se evite tomar las unidades denunciadas de manera p\u00fablica para evitar se victimas de cualquier acto il\u00edcito y que vaya en contra de su integridad f\u00edsica.","_links":{"self":[{"href":"https:\/\/informante.mx\/index.php?rest_route=\/wp\/v2\/posts\/548","targetHints":{"allow":["GET"]}}],"collection":[{"href":"https:\/\/informante.mx\/index.php?rest_route=\/wp\/v2\/posts"}],"about":[{"href":"https:\/\/informante.mx\/index.php?rest_route=\/wp\/v2\/types\/post"}],"author":[{"embeddable":true,"href":"https:\/\/informante.mx\/index.php?rest_route=\/wp\/v2\/users\/1"}],"replies":[{"embeddable":true,"href":"https:\/\/informante.mx\/index.php?rest_route=%2Fwp%2Fv2%2Fcomments&post=548"}],"version-history":[{"count":0,"href":"https:\/\/informante.mx\/index.php?rest_route=\/wp\/v2\/posts\/548\/revisions"}],"wp:attachment":[{"href":"https:\/\/informante.mx\/index.php?rest_route=%2Fwp%2Fv2%2Fmedia&parent=548"}],"wp:term":[{"taxonomy":"category","embeddable":true,"href":"https:\/\/informante.mx\/index.php?rest_route=%2Fwp%2Fv2%2Fcategories&post=548"},{"taxonomy":"post_tag","embeddable":true,"href":"https:\/\/informante.mx\/index.php?rest_route=%2Fwp%2Fv2%2Ftags&post=548"}],"curies":[{"name":"wp","href":"https:\/\/api.w.org\/{rel}","templated":true}]}}