{"id":52395,"date":"2025-09-09T18:23:55","date_gmt":"2025-09-10T00:23:55","guid":{"rendered":"https:\/\/informante.mx\/?p=52395"},"modified":"2025-09-09T18:25:23","modified_gmt":"2025-09-10T00:25:23","slug":"entrevistan-a-aspirantes-a-la-comision-estatal-de-atencion-integral-a-victimas","status":"publish","type":"post","link":"https:\/\/informante.mx\/?p=52395","title":{"rendered":"Entrevistan a aspirantes a la Comisi\u00f3n Estatal de Atenci\u00f3n Integral a V\u00edctimas"},"content":{"rendered":"\n<p><\/p>\n\n\n\n<p>Xalapa, Ver., 09 de septiembre de 2025.- En cumplimiento del Acuerdo aprobado por el Pleno de la LXVII Legislatura el pasado 29 de agosto, la Comisi\u00f3n Permanente de Derechos Humanos y Atenci\u00f3n a Grupos Vulnerables realiz\u00f3 las entrevistas con las ciudadanas Namiko Matzumoto Ben\u00edtez y Raquel Rivera S\u00e1nchez y con el ciudadano Luis \u00c1ngel Rodr\u00edguez Lino, aspirantes a la titularidad de la Comisi\u00f3n Ejecutiva Estatal de Atenci\u00f3n Integral a V\u00edctimas.<\/p>\n\n\n\n<p>En la Sala Venustiano Carranza del Palacio Legislativo, los diputados Omar Edmundo Blanco Mart\u00ednez y H\u00e9ctor Yunes Landa y la diputada Victoria Guti\u00e9rrez P\u00e9rez, presidente, secretario y vocal, respectivamente, de la referida instancia legislativa, llevaron a cabo este procedimiento y entrevistaron a las personas integrantes de la terna, propuesta de la gobernadora de Veracruz, Roc\u00edo Nahle Garc\u00eda.<\/p>\n\n\n\n<p>Cada aspirante cont\u00f3 con un lapso de cinco minutos para una exposici\u00f3n inicial, en la cual ampliaron detalles sobre su formaci\u00f3n acad\u00e9mica, trayectoria profesional y las razones por las que desea ser designada o designado titular de la Comisi\u00f3n estatal.<\/p>\n\n\n\n<p>Posteriormente y de acuerdo con el procedimiento establecido, cada participante extrajo de una urna el n\u00famero que correspond\u00eda a la pregunta que le realiz\u00f3 la Comisi\u00f3n Permanente y cont\u00f3 con un m\u00e1ximo de cinco minutos para responder, pudiendo hacer uso de los medios digitales que consideraran pertinentes.<\/p>\n\n\n\n<p>Las preguntas que formularon la y los integrantes de la Comisi\u00f3n tuvieron relaci\u00f3n con c\u00f3mo hacer efectivo en cada una de las actuaciones de la dependencia el principio de igualdad y no discriminaci\u00f3n; las medidas previstas en la ley para garantizar la reparaci\u00f3n integral del da\u00f1o y de qu\u00e9 manera la Comisi\u00f3n estatal atender\u00eda de forma efectiva las necesidades de los diversos grupos vulnerables.<\/p>\n\n\n\n<p>Tras la conclusi\u00f3n de este ciclo de entrevistas, la Comisi\u00f3n inform\u00f3 que, de acuerdo con el procedimiento, elaborar\u00e1 un informe sobre lo actuado y lo remitir\u00e1 a la Junta de Coordinaci\u00f3n Pol\u00edtica para lo conducente.<\/p>\n\n\n\n<p>La Comisi\u00f3n Ejecutiva Estatal de Atenci\u00f3n Integral a V\u00edctimas es la instancia encargada de dar atenci\u00f3n oportuna a las v\u00edctimas de delitos, garantizando el ejercicio efectivo de sus derechos, a trav\u00e9s de acciones y mecanismos en conjunto con las instituciones federales, estatales y municipales.<\/p>\n","protected":false},"excerpt":{"rendered":"<p>Las ciudadanas Namiko Matzumoto y Raquel Rivera y el ciudadano Luis \u00c1ngel Rodr\u00edguez comparecieron ante la Comisi\u00f3n de Derechos Humanos y Atenci\u00f3n a Grupos Vulnerables.<\/p>\n","protected":false},"author":1,"featured_media":52396,"comment_status":"open","ping_status":"closed","sticky":false,"template":"","format":"standard","meta":{"_uag_custom_page_level_css":"","jetpack_post_was_ever_published":false,"footnotes":""},"categories":[7],"tags":[33],"class_list":["post-52395","post","type-post","status-publish","format-standard","has-post-thumbnail","hentry","category-legislatura","tag-veracruz"],"yoast_head":"<!-- This site is optimized with the Yoast SEO plugin v27.3 - https:\/\/yoast.com\/product\/yoast-seo-wordpress\/ -->\n<title>Entrevistan a aspirantes a la Comisi\u00f3n Estatal de Atenci\u00f3n Integral a V\u00edctimas - Informante.mx<\/title>\n<meta name=\"robots\" content=\"index, follow, max-snippet:-1, max-image-preview:large, max-video-preview:-1\" \/>\n<link rel=\"canonical\" href=\"https:\/\/informante.mx\/?p=52395\" \/>\n<meta property=\"og:locale\" content=\"es_ES\" \/>\n<meta property=\"og:type\" content=\"article\" \/>\n<meta property=\"og:title\" content=\"Entrevistan a aspirantes a la Comisi\u00f3n Estatal de Atenci\u00f3n Integral a V\u00edctimas - Informante.mx\" \/>\n<meta property=\"og:description\" content=\"Las ciudadanas Namiko Matzumoto y Raquel Rivera y el ciudadano Luis \u00c1ngel Rodr\u00edguez comparecieron ante la Comisi\u00f3n de Derechos Humanos y Atenci\u00f3n a Grupos Vulnerables.\" \/>\n<meta property=\"og:url\" content=\"https:\/\/informante.mx\/?p=52395\" \/>\n<meta property=\"og:site_name\" content=\"Informante.mx\" \/>\n<meta property=\"article:publisher\" content=\"https:\/\/www.facebook.com\/MX.Informante\" \/>\n<meta property=\"article:published_time\" content=\"2025-09-10T00:23:55+00:00\" \/>\n<meta property=\"article:modified_time\" content=\"2025-09-10T00:25:23+00:00\" \/>\n<meta property=\"og:image\" content=\"https:\/\/informante.mx\/wp-content\/uploads\/2025\/09\/congreso-1.jpeg\" \/>\n\t<meta property=\"og:image:width\" content=\"1600\" \/>\n\t<meta property=\"og:image:height\" content=\"1067\" \/>\n\t<meta property=\"og:image:type\" content=\"image\/jpeg\" \/>\n<meta name=\"author\" content=\"InformanteMX\" \/>\n<meta name=\"twitter:card\" content=\"summary_large_image\" \/>\n<meta name=\"twitter:creator\" content=\"@mx_informante\" \/>\n<meta name=\"twitter:site\" content=\"@mx_informante\" \/>\n<meta name=\"twitter:label1\" content=\"Escrito por\" \/>\n\t<meta name=\"twitter:data1\" content=\"InformanteMX\" \/>\n\t<meta name=\"twitter:label2\" content=\"Tiempo de lectura\" \/>\n\t<meta name=\"twitter:data2\" content=\"2 minutos\" \/>\n<script type=\"application\/ld+json\" class=\"yoast-schema-graph\">{\"@context\":\"https:\\\/\\\/schema.org\",\"@graph\":[{\"@type\":\"NewsArticle\",\"@id\":\"https:\\\/\\\/informante.mx\\\/?p=52395#article\",\"isPartOf\":{\"@id\":\"https:\\\/\\\/informante.mx\\\/?p=52395\"},\"author\":{\"name\":\"InformanteMX\",\"@id\":\"https:\\\/\\\/informante.mx\\\/#\\\/schema\\\/person\\\/3eff91989d2ea76b0a330b416325946c\"},\"headline\":\"Entrevistan a aspirantes a la Comisi\u00f3n Estatal de Atenci\u00f3n Integral a V\u00edctimas\",\"datePublished\":\"2025-09-10T00:23:55+00:00\",\"dateModified\":\"2025-09-10T00:25:23+00:00\",\"mainEntityOfPage\":{\"@id\":\"https:\\\/\\\/informante.mx\\\/?p=52395\"},\"wordCount\":410,\"commentCount\":0,\"publisher\":{\"@id\":\"https:\\\/\\\/informante.mx\\\/#organization\"},\"image\":{\"@id\":\"https:\\\/\\\/informante.mx\\\/?p=52395#primaryimage\"},\"thumbnailUrl\":\"https:\\\/\\\/informante.mx\\\/wp-content\\\/uploads\\\/2025\\\/09\\\/congreso-1.jpeg\",\"keywords\":[\"Veracruz\"],\"articleSection\":[\"Legislatura\"],\"inLanguage\":\"es\",\"potentialAction\":[{\"@type\":\"CommentAction\",\"name\":\"Comment\",\"target\":[\"https:\\\/\\\/informante.mx\\\/?p=52395#respond\"]}]},{\"@type\":\"WebPage\",\"@id\":\"https:\\\/\\\/informante.mx\\\/?p=52395\",\"url\":\"https:\\\/\\\/informante.mx\\\/?p=52395\",\"name\":\"Entrevistan a aspirantes a la Comisi\u00f3n Estatal de Atenci\u00f3n Integral a V\u00edctimas - Informante.mx\",\"isPartOf\":{\"@id\":\"https:\\\/\\\/informante.mx\\\/#website\"},\"primaryImageOfPage\":{\"@id\":\"https:\\\/\\\/informante.mx\\\/?p=52395#primaryimage\"},\"image\":{\"@id\":\"https:\\\/\\\/informante.mx\\\/?p=52395#primaryimage\"},\"thumbnailUrl\":\"https:\\\/\\\/informante.mx\\\/wp-content\\\/uploads\\\/2025\\\/09\\\/congreso-1.jpeg\",\"datePublished\":\"2025-09-10T00:23:55+00:00\",\"dateModified\":\"2025-09-10T00:25:23+00:00\",\"breadcrumb\":{\"@id\":\"https:\\\/\\\/informante.mx\\\/?p=52395#breadcrumb\"},\"inLanguage\":\"es\",\"potentialAction\":[{\"@type\":\"ReadAction\",\"target\":[\"https:\\\/\\\/informante.mx\\\/?p=52395\"]}]},{\"@type\":\"ImageObject\",\"inLanguage\":\"es\",\"@id\":\"https:\\\/\\\/informante.mx\\\/?p=52395#primaryimage\",\"url\":\"https:\\\/\\\/informante.mx\\\/wp-content\\\/uploads\\\/2025\\\/09\\\/congreso-1.jpeg\",\"contentUrl\":\"https:\\\/\\\/informante.mx\\\/wp-content\\\/uploads\\\/2025\\\/09\\\/congreso-1.jpeg\",\"width\":1600,\"height\":1067},{\"@type\":\"BreadcrumbList\",\"@id\":\"https:\\\/\\\/informante.mx\\\/?p=52395#breadcrumb\",\"itemListElement\":[{\"@type\":\"ListItem\",\"position\":1,\"name\":\"Portada\",\"item\":\"https:\\\/\\\/informante.mx\\\/\"},{\"@type\":\"ListItem\",\"position\":2,\"name\":\"Entrevistan a aspirantes a la Comisi\u00f3n Estatal de Atenci\u00f3n Integral a V\u00edctimas\"}]},{\"@type\":\"WebSite\",\"@id\":\"https:\\\/\\\/informante.mx\\\/#website\",\"url\":\"https:\\\/\\\/informante.mx\\\/\",\"name\":\"Informante.mx\",\"description\":\"\",\"publisher\":{\"@id\":\"https:\\\/\\\/informante.mx\\\/#organization\"},\"potentialAction\":[{\"@type\":\"SearchAction\",\"target\":{\"@type\":\"EntryPoint\",\"urlTemplate\":\"https:\\\/\\\/informante.mx\\\/?s={search_term_string}\"},\"query-input\":{\"@type\":\"PropertyValueSpecification\",\"valueRequired\":true,\"valueName\":\"search_term_string\"}}],\"inLanguage\":\"es\"},{\"@type\":\"Organization\",\"@id\":\"https:\\\/\\\/informante.mx\\\/#organization\",\"name\":\"Informante.mx\",\"url\":\"https:\\\/\\\/informante.mx\\\/\",\"logo\":{\"@type\":\"ImageObject\",\"inLanguage\":\"es\",\"@id\":\"https:\\\/\\\/informante.mx\\\/#\\\/schema\\\/logo\\\/image\\\/\",\"url\":\"https:\\\/\\\/informante.mx\\\/wp-content\\\/uploads\\\/2019\\\/12\\\/cropped-LOGO-Verde-Apaisado-1024x360O-1.png\",\"contentUrl\":\"https:\\\/\\\/informante.mx\\\/wp-content\\\/uploads\\\/2019\\\/12\\\/cropped-LOGO-Verde-Apaisado-1024x360O-1.png\",\"width\":923,\"height\":180,\"caption\":\"Informante.mx\"},\"image\":{\"@id\":\"https:\\\/\\\/informante.mx\\\/#\\\/schema\\\/logo\\\/image\\\/\"},\"sameAs\":[\"https:\\\/\\\/www.facebook.com\\\/MX.Informante\",\"https:\\\/\\\/x.com\\\/mx_informante\"]},{\"@type\":\"Person\",\"@id\":\"https:\\\/\\\/informante.mx\\\/#\\\/schema\\\/person\\\/3eff91989d2ea76b0a330b416325946c\",\"name\":\"InformanteMX\",\"image\":{\"@type\":\"ImageObject\",\"inLanguage\":\"es\",\"@id\":\"https:\\\/\\\/secure.gravatar.com\\\/avatar\\\/10d802aa739e832aedd2f3fd8544d878871eb22e6ca86fe9a548573e34a28f0e?s=96&d=mm&r=g\",\"url\":\"https:\\\/\\\/secure.gravatar.com\\\/avatar\\\/10d802aa739e832aedd2f3fd8544d878871eb22e6ca86fe9a548573e34a28f0e?s=96&d=mm&r=g\",\"contentUrl\":\"https:\\\/\\\/secure.gravatar.com\\\/avatar\\\/10d802aa739e832aedd2f3fd8544d878871eb22e6ca86fe9a548573e34a28f0e?s=96&d=mm&r=g\",\"caption\":\"InformanteMX\"},\"url\":\"https:\\\/\\\/informante.mx\\\/?author=1\"}]}<\/script>\n<!-- \/ Yoast SEO plugin. -->","yoast_head_json":{"title":"Entrevistan a aspirantes a la Comisi\u00f3n Estatal de Atenci\u00f3n Integral a V\u00edctimas - Informante.mx","robots":{"index":"index","follow":"follow","max-snippet":"max-snippet:-1","max-image-preview":"max-image-preview:large","max-video-preview":"max-video-preview:-1"},"canonical":"https:\/\/informante.mx\/?p=52395","og_locale":"es_ES","og_type":"article","og_title":"Entrevistan a aspirantes a la Comisi\u00f3n Estatal de Atenci\u00f3n Integral a V\u00edctimas - Informante.mx","og_description":"Las ciudadanas Namiko Matzumoto y Raquel Rivera y el ciudadano Luis \u00c1ngel Rodr\u00edguez comparecieron ante la Comisi\u00f3n de Derechos Humanos y Atenci\u00f3n a Grupos Vulnerables.","og_url":"https:\/\/informante.mx\/?p=52395","og_site_name":"Informante.mx","article_publisher":"https:\/\/www.facebook.com\/MX.Informante","article_published_time":"2025-09-10T00:23:55+00:00","article_modified_time":"2025-09-10T00:25:23+00:00","og_image":[{"width":1600,"height":1067,"url":"https:\/\/informante.mx\/wp-content\/uploads\/2025\/09\/congreso-1.jpeg","type":"image\/jpeg"}],"author":"InformanteMX","twitter_card":"summary_large_image","twitter_creator":"@mx_informante","twitter_site":"@mx_informante","twitter_misc":{"Escrito por":"InformanteMX","Tiempo de lectura":"2 minutos"},"schema":{"@context":"https:\/\/schema.org","@graph":[{"@type":"NewsArticle","@id":"https:\/\/informante.mx\/?p=52395#article","isPartOf":{"@id":"https:\/\/informante.mx\/?p=52395"},"author":{"name":"InformanteMX","@id":"https:\/\/informante.mx\/#\/schema\/person\/3eff91989d2ea76b0a330b416325946c"},"headline":"Entrevistan a aspirantes a la Comisi\u00f3n Estatal de Atenci\u00f3n Integral a V\u00edctimas","datePublished":"2025-09-10T00:23:55+00:00","dateModified":"2025-09-10T00:25:23+00:00","mainEntityOfPage":{"@id":"https:\/\/informante.mx\/?p=52395"},"wordCount":410,"commentCount":0,"publisher":{"@id":"https:\/\/informante.mx\/#organization"},"image":{"@id":"https:\/\/informante.mx\/?p=52395#primaryimage"},"thumbnailUrl":"https:\/\/informante.mx\/wp-content\/uploads\/2025\/09\/congreso-1.jpeg","keywords":["Veracruz"],"articleSection":["Legislatura"],"inLanguage":"es","potentialAction":[{"@type":"CommentAction","name":"Comment","target":["https:\/\/informante.mx\/?p=52395#respond"]}]},{"@type":"WebPage","@id":"https:\/\/informante.mx\/?p=52395","url":"https:\/\/informante.mx\/?p=52395","name":"Entrevistan a aspirantes a la Comisi\u00f3n Estatal de Atenci\u00f3n Integral a V\u00edctimas - Informante.mx","isPartOf":{"@id":"https:\/\/informante.mx\/#website"},"primaryImageOfPage":{"@id":"https:\/\/informante.mx\/?p=52395#primaryimage"},"image":{"@id":"https:\/\/informante.mx\/?p=52395#primaryimage"},"thumbnailUrl":"https:\/\/informante.mx\/wp-content\/uploads\/2025\/09\/congreso-1.jpeg","datePublished":"2025-09-10T00:23:55+00:00","dateModified":"2025-09-10T00:25:23+00:00","breadcrumb":{"@id":"https:\/\/informante.mx\/?p=52395#breadcrumb"},"inLanguage":"es","potentialAction":[{"@type":"ReadAction","target":["https:\/\/informante.mx\/?p=52395"]}]},{"@type":"ImageObject","inLanguage":"es","@id":"https:\/\/informante.mx\/?p=52395#primaryimage","url":"https:\/\/informante.mx\/wp-content\/uploads\/2025\/09\/congreso-1.jpeg","contentUrl":"https:\/\/informante.mx\/wp-content\/uploads\/2025\/09\/congreso-1.jpeg","width":1600,"height":1067},{"@type":"BreadcrumbList","@id":"https:\/\/informante.mx\/?p=52395#breadcrumb","itemListElement":[{"@type":"ListItem","position":1,"name":"Portada","item":"https:\/\/informante.mx\/"},{"@type":"ListItem","position":2,"name":"Entrevistan a aspirantes a la Comisi\u00f3n Estatal de Atenci\u00f3n Integral a V\u00edctimas"}]},{"@type":"WebSite","@id":"https:\/\/informante.mx\/#website","url":"https:\/\/informante.mx\/","name":"Informante.mx","description":"","publisher":{"@id":"https:\/\/informante.mx\/#organization"},"potentialAction":[{"@type":"SearchAction","target":{"@type":"EntryPoint","urlTemplate":"https:\/\/informante.mx\/?s={search_term_string}"},"query-input":{"@type":"PropertyValueSpecification","valueRequired":true,"valueName":"search_term_string"}}],"inLanguage":"es"},{"@type":"Organization","@id":"https:\/\/informante.mx\/#organization","name":"Informante.mx","url":"https:\/\/informante.mx\/","logo":{"@type":"ImageObject","inLanguage":"es","@id":"https:\/\/informante.mx\/#\/schema\/logo\/image\/","url":"https:\/\/informante.mx\/wp-content\/uploads\/2019\/12\/cropped-LOGO-Verde-Apaisado-1024x360O-1.png","contentUrl":"https:\/\/informante.mx\/wp-content\/uploads\/2019\/12\/cropped-LOGO-Verde-Apaisado-1024x360O-1.png","width":923,"height":180,"caption":"Informante.mx"},"image":{"@id":"https:\/\/informante.mx\/#\/schema\/logo\/image\/"},"sameAs":["https:\/\/www.facebook.com\/MX.Informante","https:\/\/x.com\/mx_informante"]},{"@type":"Person","@id":"https:\/\/informante.mx\/#\/schema\/person\/3eff91989d2ea76b0a330b416325946c","name":"InformanteMX","image":{"@type":"ImageObject","inLanguage":"es","@id":"https:\/\/secure.gravatar.com\/avatar\/10d802aa739e832aedd2f3fd8544d878871eb22e6ca86fe9a548573e34a28f0e?s=96&d=mm&r=g","url":"https:\/\/secure.gravatar.com\/avatar\/10d802aa739e832aedd2f3fd8544d878871eb22e6ca86fe9a548573e34a28f0e?s=96&d=mm&r=g","contentUrl":"https:\/\/secure.gravatar.com\/avatar\/10d802aa739e832aedd2f3fd8544d878871eb22e6ca86fe9a548573e34a28f0e?s=96&d=mm&r=g","caption":"InformanteMX"},"url":"https:\/\/informante.mx\/?author=1"}]}},"jetpack_featured_media_url":"https:\/\/informante.mx\/wp-content\/uploads\/2025\/09\/congreso-1.jpeg","uagb_featured_image_src":{"full":["https:\/\/informante.mx\/wp-content\/uploads\/2025\/09\/congreso-1.jpeg",1600,1067,false],"thumbnail":["https:\/\/informante.mx\/wp-content\/uploads\/2025\/09\/congreso-1-150x100.jpeg",150,100,true],"medium":["https:\/\/informante.mx\/wp-content\/uploads\/2025\/09\/congreso-1-300x200.jpeg",300,200,true],"medium_large":["https:\/\/informante.mx\/wp-content\/uploads\/2025\/09\/congreso-1-768x512.jpeg",640,427,true],"large":["https:\/\/informante.mx\/wp-content\/uploads\/2025\/09\/congreso-1-1024x683.jpeg",640,427,true],"1536x1536":["https:\/\/informante.mx\/wp-content\/uploads\/2025\/09\/congreso-1-1536x1024.jpeg",1536,1024,true],"2048x2048":["https:\/\/informante.mx\/wp-content\/uploads\/2025\/09\/congreso-1.jpeg",1600,1067,false],"td_0x420":["https:\/\/informante.mx\/wp-content\/uploads\/2025\/09\/congreso-1-630x420.jpeg",630,420,true],"td_0x420_retina":["https:\/\/informante.mx\/wp-content\/uploads\/2025\/09\/congreso-1-1260x840.jpeg",1260,840,true],"td_80x60":["https:\/\/informante.mx\/wp-content\/uploads\/2025\/09\/congreso-1-80x60.jpeg",80,60,true],"td_80x60_retina":["https:\/\/informante.mx\/wp-content\/uploads\/2025\/09\/congreso-1-160x120.jpeg",160,120,true],"td_100x75":["https:\/\/informante.mx\/wp-content\/uploads\/2025\/09\/congreso-1-100x75.jpeg",100,75,true],"td_100x75_retina":["https:\/\/informante.mx\/wp-content\/uploads\/2025\/09\/congreso-1-200x150.jpeg",200,150,true],"td_180x135":["https:\/\/informante.mx\/wp-content\/uploads\/2025\/09\/congreso-1-180x135.jpeg",180,135,true],"td_180x135_retina":["https:\/\/informante.mx\/wp-content\/uploads\/2025\/09\/congreso-1-360x270.jpeg",360,270,true],"td_238x178":["https:\/\/informante.mx\/wp-content\/uploads\/2025\/09\/congreso-1-238x178.jpeg",238,178,true],"td_238x178_retina":["https:\/\/informante.mx\/wp-content\/uploads\/2025\/09\/congreso-1-476x356.jpeg",476,356,true],"td_265x198":["https:\/\/informante.mx\/wp-content\/uploads\/2025\/09\/congreso-1-265x198.jpeg",265,198,true],"td_265x198_retina":["https:\/\/informante.mx\/wp-content\/uploads\/2025\/09\/congreso-1-530x396.jpeg",530,396,true],"td_300x160":["https:\/\/informante.mx\/wp-content\/uploads\/2025\/09\/congreso-1-300x160.jpeg",300,160,true],"td_300x160_retina":["https:\/\/informante.mx\/wp-content\/uploads\/2025\/09\/congreso-1-600x320.jpeg",600,320,true],"td_300x194":["https:\/\/informante.mx\/wp-content\/uploads\/2025\/09\/congreso-1-300x194.jpeg",300,194,true],"td_300x194_retina":["https:\/\/informante.mx\/wp-content\/uploads\/2025\/09\/congreso-1-600x388.jpeg",600,388,true],"td_300x350":["https:\/\/informante.mx\/wp-content\/uploads\/2025\/09\/congreso-1-300x350.jpeg",300,350,true],"td_300x350_retina":["https:\/\/informante.mx\/wp-content\/uploads\/2025\/09\/congreso-1-600x700.jpeg",600,700,true],"td_341x220":["https:\/\/informante.mx\/wp-content\/uploads\/2025\/09\/congreso-1-341x220.jpeg",341,220,true],"td_341x220_retina":["https:\/\/informante.mx\/wp-content\/uploads\/2025\/09\/congreso-1-682x440.jpeg",682,440,true],"td_341x400":["https:\/\/informante.mx\/wp-content\/uploads\/2025\/09\/congreso-1-341x400.jpeg",341,400,true],"td_341x400_retina":["https:\/\/informante.mx\/wp-content\/uploads\/2025\/09\/congreso-1-682x800.jpeg",682,800,true],"td_511x400":["https:\/\/informante.mx\/wp-content\/uploads\/2025\/09\/congreso-1-511x400.jpeg",511,400,true],"td_511x400_retina":["https:\/\/informante.mx\/wp-content\/uploads\/2025\/09\/congreso-1-1022x800.jpeg",1022,800,true],"td_537x360":["https:\/\/informante.mx\/wp-content\/uploads\/2025\/09\/congreso-1-537x360.jpeg",537,360,true],"td_537x360_retina":["https:\/\/informante.mx\/wp-content\/uploads\/2025\/09\/congreso-1-1074x720.jpeg",1074,720,true],"td_640x0":["https:\/\/informante.mx\/wp-content\/uploads\/2025\/09\/congreso-1-640x427.jpeg",640,427,true],"td_640x0_retina":["https:\/\/informante.mx\/wp-content\/uploads\/2025\/09\/congreso-1-1280x854.jpeg",1280,854,true],"td_640x350":["https:\/\/informante.mx\/wp-content\/uploads\/2025\/09\/congreso-1-640x350.jpeg",640,350,true],"td_640x350_retina":["https:\/\/informante.mx\/wp-content\/uploads\/2025\/09\/congreso-1-1280x700.jpeg",1280,700,true],"td_681x0":["https:\/\/informante.mx\/wp-content\/uploads\/2025\/09\/congreso-1-681x454.jpeg",681,454,true],"td_681x0_retina":["https:\/\/informante.mx\/wp-content\/uploads\/2025\/09\/congreso-1-1362x908.jpeg",1362,908,true],"td_681x400":["https:\/\/informante.mx\/wp-content\/uploads\/2025\/09\/congreso-1-681x400.jpeg",681,400,true],"td_681x400_retina":["https:\/\/informante.mx\/wp-content\/uploads\/2025\/09\/congreso-1-1362x800.jpeg",1362,800,true],"td_741x486":["https:\/\/informante.mx\/wp-content\/uploads\/2025\/09\/congreso-1-741x486.jpeg",741,486,true],"td_741x486_retina":["https:\/\/informante.mx\/wp-content\/uploads\/2025\/09\/congreso-1-1482x972.jpeg",1482,972,true],"td_1021x580":["https:\/\/informante.mx\/wp-content\/uploads\/2025\/09\/congreso-1-1021x580.jpeg",1021,580,true],"td_1021x580_retina":["https:\/\/informante.mx\/wp-content\/uploads\/2025\/09\/congreso-1.jpeg",1600,1067,false]},"uagb_author_info":{"display_name":"InformanteMX","author_link":"https:\/\/informante.mx\/?author=1"},"uagb_comment_info":0,"uagb_excerpt":"Las ciudadanas Namiko Matzumoto y Raquel Rivera y el ciudadano Luis \u00c1ngel Rodr\u00edguez comparecieron ante la Comisi\u00f3n de Derechos Humanos y Atenci\u00f3n a Grupos Vulnerables.","_links":{"self":[{"href":"https:\/\/informante.mx\/index.php?rest_route=\/wp\/v2\/posts\/52395","targetHints":{"allow":["GET"]}}],"collection":[{"href":"https:\/\/informante.mx\/index.php?rest_route=\/wp\/v2\/posts"}],"about":[{"href":"https:\/\/informante.mx\/index.php?rest_route=\/wp\/v2\/types\/post"}],"author":[{"embeddable":true,"href":"https:\/\/informante.mx\/index.php?rest_route=\/wp\/v2\/users\/1"}],"replies":[{"embeddable":true,"href":"https:\/\/informante.mx\/index.php?rest_route=%2Fwp%2Fv2%2Fcomments&post=52395"}],"version-history":[{"count":1,"href":"https:\/\/informante.mx\/index.php?rest_route=\/wp\/v2\/posts\/52395\/revisions"}],"predecessor-version":[{"id":52397,"href":"https:\/\/informante.mx\/index.php?rest_route=\/wp\/v2\/posts\/52395\/revisions\/52397"}],"wp:featuredmedia":[{"embeddable":true,"href":"https:\/\/informante.mx\/index.php?rest_route=\/wp\/v2\/media\/52396"}],"wp:attachment":[{"href":"https:\/\/informante.mx\/index.php?rest_route=%2Fwp%2Fv2%2Fmedia&parent=52395"}],"wp:term":[{"taxonomy":"category","embeddable":true,"href":"https:\/\/informante.mx\/index.php?rest_route=%2Fwp%2Fv2%2Fcategories&post=52395"},{"taxonomy":"post_tag","embeddable":true,"href":"https:\/\/informante.mx\/index.php?rest_route=%2Fwp%2Fv2%2Ftags&post=52395"}],"curies":[{"name":"wp","href":"https:\/\/api.w.org\/{rel}","templated":true}]}}