{"id":51658,"date":"2025-08-15T12:26:13","date_gmt":"2025-08-15T18:26:13","guid":{"rendered":"https:\/\/informante.mx\/?p=51658"},"modified":"2025-08-15T12:26:19","modified_gmt":"2025-08-15T18:26:19","slug":"en-cordoba-buscan-cobrar-a-escuelas-publicas-el-servicio-de-recoleccion-de-basura","status":"publish","type":"post","link":"https:\/\/informante.mx\/?p=51658","title":{"rendered":"En C\u00f3rdoba, buscan cobrar a escuelas p\u00fablicas el servicio de recolecci\u00f3n de basura"},"content":{"rendered":"\n<h2 class=\"wp-block-heading\">Ser\u00eda de 290 pesos mensuales, el proyecto ya est\u00e1 en el congreso local para su aprobaci\u00f3n.<\/h2>\n\n\n\n<p><strong>Ana Lilia Vel\u00e1zquez<\/strong><\/p>\n\n\n\n<p><strong>Xalapa, Ver.- <\/strong>El ayuntamiento de C\u00f3rdoba, que preside el morenista Juan Mart\u00ednez Flores, pretende convertirse en el primer municipio veracruzano que cobre 290 pesos por la recolecci\u00f3n d basura a escuelas p\u00fablicas de ese municipio.<\/p>\n\n\n\n<p>El regidor pri\u00edsta Sergio de la Llave, pidi\u00f3 al congreso local echar abajo dicha iniciativa que se encuentra en comisiones para su estudio y dictamen.<\/p>\n\n\n\n<p>\u00abSe me hace una total incongruencia presentar una reforma al C\u00f3digo Hacendario a escasos cuatro meses que concluya la actual administraci\u00f3n municipal, que adem\u00e1s no tiene pies ni cabeza, empezando por precisamente eso de establecer el cobro del servicio de recolecci\u00f3n de la basura a escuelas p\u00fablicas\u00bb.<\/p>\n\n\n\n<p>En entrevista, el regidor cordob\u00e9s explic\u00f3 que muchas escuelas p\u00fablicas enfrentan necesidades en materia de toda \u00edndole y \u00abahora este cobro se lo van a cargar a los padres de familia\u00bb.<\/p>\n\n\n\n<p>De aprobarse por el congreso local \u00abser\u00eda el primer municipio de Veracruz que establecer\u00eda este cobro del derecho a escuelas p\u00fablicas\u00bb.<\/p>\n\n\n\n<p>Otro de los impuestos que pretende el ayuntamiento es el impuesto de traslado de dominio.<\/p>\n\n\n\n<p>\u00abLo est\u00e1n pretendiendo incrementar del 1 por ciento que es la actual a un 2.5 por ciento, es decir, un crecimiento del 150 por ciento a una actividad econ\u00f3mica, tambi\u00e9n del sector inmobiliario que est\u00e1 incipiente y se est\u00e1 empezando a mover en nuestro municipio\u00bb.<\/p>\n\n\n\n<p>Cabe mencionar que el pasado 1 de agosto, el cabildo de C\u00f3rdoba, aprob\u00f3 cobrar por el servicio de recolecci\u00f3n de basura a las escuelas p\u00fablicas y privadas.<\/p>\n\n\n\n<p>La propuesta al Congreso Local tras su aprobaci\u00f3n por mayor\u00eda en sesi\u00f3n de Cabildo.<\/p>\n\n\n\n<hr class=\"wp-block-separator has-alpha-channel-opacity\"\/>\n\n\n\n<p class=\"has-text-align-center\" style=\"font-size:17px\"><strong><i>Toda la informaci\u00f3n que necesitas saber la encuentras en nuestras <\/i><strong style=\"\"><em style=\"font-style: italic;\">redes sociales y canal de <\/em><\/strong><\/strong><a href=\"https:\/\/t.me\/informantemx\" target=\"_blank\" rel=\"noreferrer noopener\"><strong><em>Telegram<\/em><\/strong><\/a>. <\/p>\n\n\n\n<p class=\"has-text-align-center\" style=\"font-size:17px\"><strong><em>!\u00danete!<\/em><\/strong><\/p>\n\n\n\n<div class=\"wp-block-uagb-image aligncenter uagb-block-3acd28e8 wp-block-uagb-image--layout-default wp-block-uagb-image--effect-zoomin wp-block-uagb-image--align-center\"><figure class=\"wp-block-uagb-image__figure\"><a class=\"\" href=\"https:\/\/t.me\/informantemx\" target=\"\" rel=\"noopener\"><img decoding=\"async\" srcset=\"https:\/\/informante.mx\/wp-content\/uploads\/2023\/08\/Banner-Telegram-Verde-800x60-1.png ,https:\/\/informante.mx\/wp-content\/uploads\/2023\/08\/Banner-Telegram-Verde-800x60-1.png 780w, https:\/\/informante.mx\/wp-content\/uploads\/2023\/08\/Banner-Telegram-Verde-800x60-1.png 360w\" sizes=\"auto, (max-width: 480px) 150px\" src=\"https:\/\/informante.mx\/wp-content\/uploads\/2023\/08\/Banner-Telegram-Verde-800x60-1.png\" alt=\"\" class=\"uag-image-23275\" width=\"800\" height=\"60\" title=\"\" loading=\"lazy\" role=\"img\"\/><\/a><\/figure><\/div>\n\n\n\n<div class=\"wp-block-uagb-image aligncenter uagb-block-45ea2b31 wp-block-uagb-image--layout-default wp-block-uagb-image--effect-zoomin wp-block-uagb-image--align-center\"><figure class=\"wp-block-uagb-image__figure\"><a class=\"\" href=\"https:\/\/www.facebook.com\/MX.Informante\" target=\"\" rel=\"noopener\"><img decoding=\"async\" srcset=\"https:\/\/informante.mx\/wp-content\/uploads\/2023\/08\/Banner-Facebook-Verde-800x60-1.png ,https:\/\/informante.mx\/wp-content\/uploads\/2023\/08\/Banner-Facebook-Verde-800x60-1.png 780w, https:\/\/informante.mx\/wp-content\/uploads\/2023\/08\/Banner-Facebook-Verde-800x60-1.png 360w\" sizes=\"auto, (max-width: 480px) 150px\" src=\"https:\/\/informante.mx\/wp-content\/uploads\/2023\/08\/Banner-Facebook-Verde-800x60-1.png\" alt=\"\" class=\"uag-image-23274\" width=\"800\" height=\"60\" title=\"\" loading=\"lazy\" role=\"img\"\/><\/a><\/figure><\/div>\n\n\n\n<div class=\"wp-block-uagb-image aligncenter uagb-block-2ce4c51b wp-block-uagb-image--layout-default wp-block-uagb-image--effect-zoomin wp-block-uagb-image--align-center\"><figure class=\"wp-block-uagb-image__figure\"><a class=\"\" href=\"https:\/\/twitter.com\/mx_informante\" target=\"\" rel=\"noopener\"><img decoding=\"async\" srcset=\"https:\/\/informante.mx\/wp-content\/uploads\/2023\/08\/Banner-Twitter-Verde-800x60-1.png ,https:\/\/informante.mx\/wp-content\/uploads\/2023\/08\/Banner-Twitter-Verde-800x60-1.png 780w, https:\/\/informante.mx\/wp-content\/uploads\/2023\/08\/Banner-Twitter-Verde-800x60-1.png 360w\" sizes=\"auto, (max-width: 480px) 150px\" src=\"https:\/\/informante.mx\/wp-content\/uploads\/2023\/08\/Banner-Twitter-Verde-800x60-1.png\" alt=\"\" class=\"uag-image-23273\" width=\"800\" height=\"60\" title=\"\" loading=\"lazy\" role=\"img\"\/><\/a><\/figure><\/div>\n\n\n\n<div style=\"height:50px\" aria-hidden=\"true\" class=\"wp-block-spacer\"><\/div>\n","protected":false},"excerpt":{"rendered":"<p>Ser\u00eda de 290 pesos mensuales, el proyecto ya est\u00e1 en el congreso local para su aprobaci\u00f3n. Ana Lilia Vel\u00e1zquez Xalapa, Ver.- El ayuntamiento de C\u00f3rdoba, que preside el morenista Juan Mart\u00ednez Flores, pretende convertirse en el primer municipio veracruzano que cobre 290 pesos por la recolecci\u00f3n d basura a escuelas p\u00fablicas de ese municipio. El [&hellip;]<\/p>\n","protected":false},"author":1,"featured_media":51659,"comment_status":"open","ping_status":"closed","sticky":false,"template":"","format":"standard","meta":{"_uag_custom_page_level_css":"","jetpack_post_was_ever_published":false,"footnotes":""},"categories":[4],"tags":[32,33],"class_list":["post-51658","post","type-post","status-publish","format-standard","has-post-thumbnail","hentry","category-estatal","tag-estado","tag-veracruz"],"yoast_head":"<!-- This site is optimized with the Yoast SEO plugin v27.3 - https:\/\/yoast.com\/product\/yoast-seo-wordpress\/ -->\n<title>En C\u00f3rdoba, buscan cobrar a escuelas p\u00fablicas el servicio de recolecci\u00f3n de basura - Informante.mx<\/title>\n<meta name=\"robots\" content=\"index, follow, max-snippet:-1, max-image-preview:large, max-video-preview:-1\" \/>\n<link rel=\"canonical\" href=\"https:\/\/informante.mx\/?p=51658\" \/>\n<meta property=\"og:locale\" content=\"es_ES\" \/>\n<meta property=\"og:type\" content=\"article\" \/>\n<meta property=\"og:title\" content=\"En C\u00f3rdoba, buscan cobrar a escuelas p\u00fablicas el servicio de recolecci\u00f3n de basura - Informante.mx\" \/>\n<meta property=\"og:description\" content=\"Ser\u00eda de 290 pesos mensuales, el proyecto ya est\u00e1 en el congreso local para su aprobaci\u00f3n. Ana Lilia Vel\u00e1zquez Xalapa, Ver.- El ayuntamiento de C\u00f3rdoba, que preside el morenista Juan Mart\u00ednez Flores, pretende convertirse en el primer municipio veracruzano que cobre 290 pesos por la recolecci\u00f3n d basura a escuelas p\u00fablicas de ese municipio. El [&hellip;]\" \/>\n<meta property=\"og:url\" content=\"https:\/\/informante.mx\/?p=51658\" \/>\n<meta property=\"og:site_name\" content=\"Informante.mx\" \/>\n<meta property=\"article:publisher\" content=\"https:\/\/www.facebook.com\/MX.Informante\" \/>\n<meta property=\"article:published_time\" content=\"2025-08-15T18:26:13+00:00\" \/>\n<meta property=\"article:modified_time\" content=\"2025-08-15T18:26:19+00:00\" \/>\n<meta property=\"og:image\" content=\"https:\/\/informante.mx\/wp-content\/uploads\/2025\/08\/Basura-Recolectores-Residuos.jpg\" \/>\n\t<meta property=\"og:image:width\" content=\"1100\" \/>\n\t<meta property=\"og:image:height\" content=\"700\" \/>\n\t<meta property=\"og:image:type\" content=\"image\/jpeg\" \/>\n<meta name=\"author\" content=\"InformanteMX\" \/>\n<meta name=\"twitter:card\" content=\"summary_large_image\" \/>\n<meta name=\"twitter:creator\" content=\"@mx_informante\" \/>\n<meta name=\"twitter:site\" content=\"@mx_informante\" \/>\n<meta name=\"twitter:label1\" content=\"Escrito por\" \/>\n\t<meta name=\"twitter:data1\" content=\"InformanteMX\" \/>\n\t<meta name=\"twitter:label2\" content=\"Tiempo de lectura\" \/>\n\t<meta name=\"twitter:data2\" content=\"2 minutos\" \/>\n<script type=\"application\/ld+json\" class=\"yoast-schema-graph\">{\"@context\":\"https:\\\/\\\/schema.org\",\"@graph\":[{\"@type\":\"NewsArticle\",\"@id\":\"https:\\\/\\\/informante.mx\\\/?p=51658#article\",\"isPartOf\":{\"@id\":\"https:\\\/\\\/informante.mx\\\/?p=51658\"},\"author\":{\"name\":\"InformanteMX\",\"@id\":\"https:\\\/\\\/informante.mx\\\/#\\\/schema\\\/person\\\/3eff91989d2ea76b0a330b416325946c\"},\"headline\":\"En C\u00f3rdoba, buscan cobrar a escuelas p\u00fablicas el servicio de recolecci\u00f3n de basura\",\"datePublished\":\"2025-08-15T18:26:13+00:00\",\"dateModified\":\"2025-08-15T18:26:19+00:00\",\"mainEntityOfPage\":{\"@id\":\"https:\\\/\\\/informante.mx\\\/?p=51658\"},\"wordCount\":317,\"commentCount\":0,\"publisher\":{\"@id\":\"https:\\\/\\\/informante.mx\\\/#organization\"},\"image\":{\"@id\":\"https:\\\/\\\/informante.mx\\\/?p=51658#primaryimage\"},\"thumbnailUrl\":\"https:\\\/\\\/informante.mx\\\/wp-content\\\/uploads\\\/2025\\\/08\\\/Basura-Recolectores-Residuos.jpg\",\"keywords\":[\"Estado\",\"Veracruz\"],\"articleSection\":[\"Estatal\"],\"inLanguage\":\"es\",\"potentialAction\":[{\"@type\":\"CommentAction\",\"name\":\"Comment\",\"target\":[\"https:\\\/\\\/informante.mx\\\/?p=51658#respond\"]}]},{\"@type\":\"WebPage\",\"@id\":\"https:\\\/\\\/informante.mx\\\/?p=51658\",\"url\":\"https:\\\/\\\/informante.mx\\\/?p=51658\",\"name\":\"En C\u00f3rdoba, buscan cobrar a escuelas p\u00fablicas el servicio de recolecci\u00f3n de basura - Informante.mx\",\"isPartOf\":{\"@id\":\"https:\\\/\\\/informante.mx\\\/#website\"},\"primaryImageOfPage\":{\"@id\":\"https:\\\/\\\/informante.mx\\\/?p=51658#primaryimage\"},\"image\":{\"@id\":\"https:\\\/\\\/informante.mx\\\/?p=51658#primaryimage\"},\"thumbnailUrl\":\"https:\\\/\\\/informante.mx\\\/wp-content\\\/uploads\\\/2025\\\/08\\\/Basura-Recolectores-Residuos.jpg\",\"datePublished\":\"2025-08-15T18:26:13+00:00\",\"dateModified\":\"2025-08-15T18:26:19+00:00\",\"breadcrumb\":{\"@id\":\"https:\\\/\\\/informante.mx\\\/?p=51658#breadcrumb\"},\"inLanguage\":\"es\",\"potentialAction\":[{\"@type\":\"ReadAction\",\"target\":[\"https:\\\/\\\/informante.mx\\\/?p=51658\"]}]},{\"@type\":\"ImageObject\",\"inLanguage\":\"es\",\"@id\":\"https:\\\/\\\/informante.mx\\\/?p=51658#primaryimage\",\"url\":\"https:\\\/\\\/informante.mx\\\/wp-content\\\/uploads\\\/2025\\\/08\\\/Basura-Recolectores-Residuos.jpg\",\"contentUrl\":\"https:\\\/\\\/informante.mx\\\/wp-content\\\/uploads\\\/2025\\\/08\\\/Basura-Recolectores-Residuos.jpg\",\"width\":1100,\"height\":700},{\"@type\":\"BreadcrumbList\",\"@id\":\"https:\\\/\\\/informante.mx\\\/?p=51658#breadcrumb\",\"itemListElement\":[{\"@type\":\"ListItem\",\"position\":1,\"name\":\"Portada\",\"item\":\"https:\\\/\\\/informante.mx\\\/\"},{\"@type\":\"ListItem\",\"position\":2,\"name\":\"En C\u00f3rdoba, buscan cobrar a escuelas p\u00fablicas el servicio de recolecci\u00f3n de basura\"}]},{\"@type\":\"WebSite\",\"@id\":\"https:\\\/\\\/informante.mx\\\/#website\",\"url\":\"https:\\\/\\\/informante.mx\\\/\",\"name\":\"Informante.mx\",\"description\":\"\",\"publisher\":{\"@id\":\"https:\\\/\\\/informante.mx\\\/#organization\"},\"potentialAction\":[{\"@type\":\"SearchAction\",\"target\":{\"@type\":\"EntryPoint\",\"urlTemplate\":\"https:\\\/\\\/informante.mx\\\/?s={search_term_string}\"},\"query-input\":{\"@type\":\"PropertyValueSpecification\",\"valueRequired\":true,\"valueName\":\"search_term_string\"}}],\"inLanguage\":\"es\"},{\"@type\":\"Organization\",\"@id\":\"https:\\\/\\\/informante.mx\\\/#organization\",\"name\":\"Informante.mx\",\"url\":\"https:\\\/\\\/informante.mx\\\/\",\"logo\":{\"@type\":\"ImageObject\",\"inLanguage\":\"es\",\"@id\":\"https:\\\/\\\/informante.mx\\\/#\\\/schema\\\/logo\\\/image\\\/\",\"url\":\"https:\\\/\\\/informante.mx\\\/wp-content\\\/uploads\\\/2019\\\/12\\\/cropped-LOGO-Verde-Apaisado-1024x360O-1.png\",\"contentUrl\":\"https:\\\/\\\/informante.mx\\\/wp-content\\\/uploads\\\/2019\\\/12\\\/cropped-LOGO-Verde-Apaisado-1024x360O-1.png\",\"width\":923,\"height\":180,\"caption\":\"Informante.mx\"},\"image\":{\"@id\":\"https:\\\/\\\/informante.mx\\\/#\\\/schema\\\/logo\\\/image\\\/\"},\"sameAs\":[\"https:\\\/\\\/www.facebook.com\\\/MX.Informante\",\"https:\\\/\\\/x.com\\\/mx_informante\"]},{\"@type\":\"Person\",\"@id\":\"https:\\\/\\\/informante.mx\\\/#\\\/schema\\\/person\\\/3eff91989d2ea76b0a330b416325946c\",\"name\":\"InformanteMX\",\"image\":{\"@type\":\"ImageObject\",\"inLanguage\":\"es\",\"@id\":\"https:\\\/\\\/secure.gravatar.com\\\/avatar\\\/10d802aa739e832aedd2f3fd8544d878871eb22e6ca86fe9a548573e34a28f0e?s=96&d=mm&r=g\",\"url\":\"https:\\\/\\\/secure.gravatar.com\\\/avatar\\\/10d802aa739e832aedd2f3fd8544d878871eb22e6ca86fe9a548573e34a28f0e?s=96&d=mm&r=g\",\"contentUrl\":\"https:\\\/\\\/secure.gravatar.com\\\/avatar\\\/10d802aa739e832aedd2f3fd8544d878871eb22e6ca86fe9a548573e34a28f0e?s=96&d=mm&r=g\",\"caption\":\"InformanteMX\"},\"url\":\"https:\\\/\\\/informante.mx\\\/?author=1\"}]}<\/script>\n<!-- \/ Yoast SEO plugin. -->","yoast_head_json":{"title":"En C\u00f3rdoba, buscan cobrar a escuelas p\u00fablicas el servicio de recolecci\u00f3n de basura - Informante.mx","robots":{"index":"index","follow":"follow","max-snippet":"max-snippet:-1","max-image-preview":"max-image-preview:large","max-video-preview":"max-video-preview:-1"},"canonical":"https:\/\/informante.mx\/?p=51658","og_locale":"es_ES","og_type":"article","og_title":"En C\u00f3rdoba, buscan cobrar a escuelas p\u00fablicas el servicio de recolecci\u00f3n de basura - Informante.mx","og_description":"Ser\u00eda de 290 pesos mensuales, el proyecto ya est\u00e1 en el congreso local para su aprobaci\u00f3n. Ana Lilia Vel\u00e1zquez Xalapa, Ver.- El ayuntamiento de C\u00f3rdoba, que preside el morenista Juan Mart\u00ednez Flores, pretende convertirse en el primer municipio veracruzano que cobre 290 pesos por la recolecci\u00f3n d basura a escuelas p\u00fablicas de ese municipio. El [&hellip;]","og_url":"https:\/\/informante.mx\/?p=51658","og_site_name":"Informante.mx","article_publisher":"https:\/\/www.facebook.com\/MX.Informante","article_published_time":"2025-08-15T18:26:13+00:00","article_modified_time":"2025-08-15T18:26:19+00:00","og_image":[{"width":1100,"height":700,"url":"https:\/\/informante.mx\/wp-content\/uploads\/2025\/08\/Basura-Recolectores-Residuos.jpg","type":"image\/jpeg"}],"author":"InformanteMX","twitter_card":"summary_large_image","twitter_creator":"@mx_informante","twitter_site":"@mx_informante","twitter_misc":{"Escrito por":"InformanteMX","Tiempo de lectura":"2 minutos"},"schema":{"@context":"https:\/\/schema.org","@graph":[{"@type":"NewsArticle","@id":"https:\/\/informante.mx\/?p=51658#article","isPartOf":{"@id":"https:\/\/informante.mx\/?p=51658"},"author":{"name":"InformanteMX","@id":"https:\/\/informante.mx\/#\/schema\/person\/3eff91989d2ea76b0a330b416325946c"},"headline":"En C\u00f3rdoba, buscan cobrar a escuelas p\u00fablicas el servicio de recolecci\u00f3n de basura","datePublished":"2025-08-15T18:26:13+00:00","dateModified":"2025-08-15T18:26:19+00:00","mainEntityOfPage":{"@id":"https:\/\/informante.mx\/?p=51658"},"wordCount":317,"commentCount":0,"publisher":{"@id":"https:\/\/informante.mx\/#organization"},"image":{"@id":"https:\/\/informante.mx\/?p=51658#primaryimage"},"thumbnailUrl":"https:\/\/informante.mx\/wp-content\/uploads\/2025\/08\/Basura-Recolectores-Residuos.jpg","keywords":["Estado","Veracruz"],"articleSection":["Estatal"],"inLanguage":"es","potentialAction":[{"@type":"CommentAction","name":"Comment","target":["https:\/\/informante.mx\/?p=51658#respond"]}]},{"@type":"WebPage","@id":"https:\/\/informante.mx\/?p=51658","url":"https:\/\/informante.mx\/?p=51658","name":"En C\u00f3rdoba, buscan cobrar a escuelas p\u00fablicas el servicio de recolecci\u00f3n de basura - Informante.mx","isPartOf":{"@id":"https:\/\/informante.mx\/#website"},"primaryImageOfPage":{"@id":"https:\/\/informante.mx\/?p=51658#primaryimage"},"image":{"@id":"https:\/\/informante.mx\/?p=51658#primaryimage"},"thumbnailUrl":"https:\/\/informante.mx\/wp-content\/uploads\/2025\/08\/Basura-Recolectores-Residuos.jpg","datePublished":"2025-08-15T18:26:13+00:00","dateModified":"2025-08-15T18:26:19+00:00","breadcrumb":{"@id":"https:\/\/informante.mx\/?p=51658#breadcrumb"},"inLanguage":"es","potentialAction":[{"@type":"ReadAction","target":["https:\/\/informante.mx\/?p=51658"]}]},{"@type":"ImageObject","inLanguage":"es","@id":"https:\/\/informante.mx\/?p=51658#primaryimage","url":"https:\/\/informante.mx\/wp-content\/uploads\/2025\/08\/Basura-Recolectores-Residuos.jpg","contentUrl":"https:\/\/informante.mx\/wp-content\/uploads\/2025\/08\/Basura-Recolectores-Residuos.jpg","width":1100,"height":700},{"@type":"BreadcrumbList","@id":"https:\/\/informante.mx\/?p=51658#breadcrumb","itemListElement":[{"@type":"ListItem","position":1,"name":"Portada","item":"https:\/\/informante.mx\/"},{"@type":"ListItem","position":2,"name":"En C\u00f3rdoba, buscan cobrar a escuelas p\u00fablicas el servicio de recolecci\u00f3n de basura"}]},{"@type":"WebSite","@id":"https:\/\/informante.mx\/#website","url":"https:\/\/informante.mx\/","name":"Informante.mx","description":"","publisher":{"@id":"https:\/\/informante.mx\/#organization"},"potentialAction":[{"@type":"SearchAction","target":{"@type":"EntryPoint","urlTemplate":"https:\/\/informante.mx\/?s={search_term_string}"},"query-input":{"@type":"PropertyValueSpecification","valueRequired":true,"valueName":"search_term_string"}}],"inLanguage":"es"},{"@type":"Organization","@id":"https:\/\/informante.mx\/#organization","name":"Informante.mx","url":"https:\/\/informante.mx\/","logo":{"@type":"ImageObject","inLanguage":"es","@id":"https:\/\/informante.mx\/#\/schema\/logo\/image\/","url":"https:\/\/informante.mx\/wp-content\/uploads\/2019\/12\/cropped-LOGO-Verde-Apaisado-1024x360O-1.png","contentUrl":"https:\/\/informante.mx\/wp-content\/uploads\/2019\/12\/cropped-LOGO-Verde-Apaisado-1024x360O-1.png","width":923,"height":180,"caption":"Informante.mx"},"image":{"@id":"https:\/\/informante.mx\/#\/schema\/logo\/image\/"},"sameAs":["https:\/\/www.facebook.com\/MX.Informante","https:\/\/x.com\/mx_informante"]},{"@type":"Person","@id":"https:\/\/informante.mx\/#\/schema\/person\/3eff91989d2ea76b0a330b416325946c","name":"InformanteMX","image":{"@type":"ImageObject","inLanguage":"es","@id":"https:\/\/secure.gravatar.com\/avatar\/10d802aa739e832aedd2f3fd8544d878871eb22e6ca86fe9a548573e34a28f0e?s=96&d=mm&r=g","url":"https:\/\/secure.gravatar.com\/avatar\/10d802aa739e832aedd2f3fd8544d878871eb22e6ca86fe9a548573e34a28f0e?s=96&d=mm&r=g","contentUrl":"https:\/\/secure.gravatar.com\/avatar\/10d802aa739e832aedd2f3fd8544d878871eb22e6ca86fe9a548573e34a28f0e?s=96&d=mm&r=g","caption":"InformanteMX"},"url":"https:\/\/informante.mx\/?author=1"}]}},"jetpack_featured_media_url":"https:\/\/informante.mx\/wp-content\/uploads\/2025\/08\/Basura-Recolectores-Residuos.jpg","uagb_featured_image_src":{"full":["https:\/\/informante.mx\/wp-content\/uploads\/2025\/08\/Basura-Recolectores-Residuos.jpg",1100,700,false],"thumbnail":["https:\/\/informante.mx\/wp-content\/uploads\/2025\/08\/Basura-Recolectores-Residuos-150x95.jpg",150,95,true],"medium":["https:\/\/informante.mx\/wp-content\/uploads\/2025\/08\/Basura-Recolectores-Residuos-300x191.jpg",300,191,true],"medium_large":["https:\/\/informante.mx\/wp-content\/uploads\/2025\/08\/Basura-Recolectores-Residuos-768x489.jpg",640,408,true],"large":["https:\/\/informante.mx\/wp-content\/uploads\/2025\/08\/Basura-Recolectores-Residuos-1024x652.jpg",640,408,true],"1536x1536":["https:\/\/informante.mx\/wp-content\/uploads\/2025\/08\/Basura-Recolectores-Residuos.jpg",1100,700,false],"2048x2048":["https:\/\/informante.mx\/wp-content\/uploads\/2025\/08\/Basura-Recolectores-Residuos.jpg",1100,700,false],"td_0x420":["https:\/\/informante.mx\/wp-content\/uploads\/2025\/08\/Basura-Recolectores-Residuos-660x420.jpg",660,420,true],"td_0x420_retina":["https:\/\/informante.mx\/wp-content\/uploads\/2025\/08\/Basura-Recolectores-Residuos.jpg",1100,700,false],"td_80x60":["https:\/\/informante.mx\/wp-content\/uploads\/2025\/08\/Basura-Recolectores-Residuos-80x60.jpg",80,60,true],"td_80x60_retina":["https:\/\/informante.mx\/wp-content\/uploads\/2025\/08\/Basura-Recolectores-Residuos-160x120.jpg",160,120,true],"td_100x75":["https:\/\/informante.mx\/wp-content\/uploads\/2025\/08\/Basura-Recolectores-Residuos-100x75.jpg",100,75,true],"td_100x75_retina":["https:\/\/informante.mx\/wp-content\/uploads\/2025\/08\/Basura-Recolectores-Residuos-200x150.jpg",200,150,true],"td_180x135":["https:\/\/informante.mx\/wp-content\/uploads\/2025\/08\/Basura-Recolectores-Residuos-180x135.jpg",180,135,true],"td_180x135_retina":["https:\/\/informante.mx\/wp-content\/uploads\/2025\/08\/Basura-Recolectores-Residuos-360x270.jpg",360,270,true],"td_238x178":["https:\/\/informante.mx\/wp-content\/uploads\/2025\/08\/Basura-Recolectores-Residuos-238x178.jpg",238,178,true],"td_238x178_retina":["https:\/\/informante.mx\/wp-content\/uploads\/2025\/08\/Basura-Recolectores-Residuos-476x356.jpg",476,356,true],"td_265x198":["https:\/\/informante.mx\/wp-content\/uploads\/2025\/08\/Basura-Recolectores-Residuos-265x198.jpg",265,198,true],"td_265x198_retina":["https:\/\/informante.mx\/wp-content\/uploads\/2025\/08\/Basura-Recolectores-Residuos-530x396.jpg",530,396,true],"td_300x160":["https:\/\/informante.mx\/wp-content\/uploads\/2025\/08\/Basura-Recolectores-Residuos-300x160.jpg",300,160,true],"td_300x160_retina":["https:\/\/informante.mx\/wp-content\/uploads\/2025\/08\/Basura-Recolectores-Residuos-600x320.jpg",600,320,true],"td_300x194":["https:\/\/informante.mx\/wp-content\/uploads\/2025\/08\/Basura-Recolectores-Residuos-300x194.jpg",300,194,true],"td_300x194_retina":["https:\/\/informante.mx\/wp-content\/uploads\/2025\/08\/Basura-Recolectores-Residuos-600x388.jpg",600,388,true],"td_300x350":["https:\/\/informante.mx\/wp-content\/uploads\/2025\/08\/Basura-Recolectores-Residuos-300x350.jpg",300,350,true],"td_300x350_retina":["https:\/\/informante.mx\/wp-content\/uploads\/2025\/08\/Basura-Recolectores-Residuos-600x700.jpg",600,700,true],"td_341x220":["https:\/\/informante.mx\/wp-content\/uploads\/2025\/08\/Basura-Recolectores-Residuos-341x220.jpg",341,220,true],"td_341x220_retina":["https:\/\/informante.mx\/wp-content\/uploads\/2025\/08\/Basura-Recolectores-Residuos-682x440.jpg",682,440,true],"td_341x400":["https:\/\/informante.mx\/wp-content\/uploads\/2025\/08\/Basura-Recolectores-Residuos-341x400.jpg",341,400,true],"td_341x400_retina":["https:\/\/informante.mx\/wp-content\/uploads\/2025\/08\/Basura-Recolectores-Residuos-682x700.jpg",682,700,true],"td_511x400":["https:\/\/informante.mx\/wp-content\/uploads\/2025\/08\/Basura-Recolectores-Residuos-511x400.jpg",511,400,true],"td_511x400_retina":["https:\/\/informante.mx\/wp-content\/uploads\/2025\/08\/Basura-Recolectores-Residuos-1022x700.jpg",1022,700,true],"td_537x360":["https:\/\/informante.mx\/wp-content\/uploads\/2025\/08\/Basura-Recolectores-Residuos-537x360.jpg",537,360,true],"td_537x360_retina":["https:\/\/informante.mx\/wp-content\/uploads\/2025\/08\/Basura-Recolectores-Residuos-1074x700.jpg",1074,700,true],"td_640x0":["https:\/\/informante.mx\/wp-content\/uploads\/2025\/08\/Basura-Recolectores-Residuos-640x407.jpg",640,407,true],"td_640x0_retina":["https:\/\/informante.mx\/wp-content\/uploads\/2025\/08\/Basura-Recolectores-Residuos.jpg",1100,700,false],"td_640x350":["https:\/\/informante.mx\/wp-content\/uploads\/2025\/08\/Basura-Recolectores-Residuos-640x350.jpg",640,350,true],"td_640x350_retina":["https:\/\/informante.mx\/wp-content\/uploads\/2025\/08\/Basura-Recolectores-Residuos.jpg",1100,700,false],"td_681x0":["https:\/\/informante.mx\/wp-content\/uploads\/2025\/08\/Basura-Recolectores-Residuos-681x433.jpg",681,433,true],"td_681x0_retina":["https:\/\/informante.mx\/wp-content\/uploads\/2025\/08\/Basura-Recolectores-Residuos.jpg",1100,700,false],"td_681x400":["https:\/\/informante.mx\/wp-content\/uploads\/2025\/08\/Basura-Recolectores-Residuos-681x400.jpg",681,400,true],"td_681x400_retina":["https:\/\/informante.mx\/wp-content\/uploads\/2025\/08\/Basura-Recolectores-Residuos.jpg",1100,700,false],"td_741x486":["https:\/\/informante.mx\/wp-content\/uploads\/2025\/08\/Basura-Recolectores-Residuos-741x486.jpg",741,486,true],"td_741x486_retina":["https:\/\/informante.mx\/wp-content\/uploads\/2025\/08\/Basura-Recolectores-Residuos.jpg",1100,700,false],"td_1021x580":["https:\/\/informante.mx\/wp-content\/uploads\/2025\/08\/Basura-Recolectores-Residuos-1021x580.jpg",1021,580,true],"td_1021x580_retina":["https:\/\/informante.mx\/wp-content\/uploads\/2025\/08\/Basura-Recolectores-Residuos.jpg",1100,700,false]},"uagb_author_info":{"display_name":"InformanteMX","author_link":"https:\/\/informante.mx\/?author=1"},"uagb_comment_info":0,"uagb_excerpt":"Ser\u00eda de 290 pesos mensuales, el proyecto ya est\u00e1 en el congreso local para su aprobaci\u00f3n. Ana Lilia Vel\u00e1zquez Xalapa, Ver.- El ayuntamiento de C\u00f3rdoba, que preside el morenista Juan Mart\u00ednez Flores, pretende convertirse en el primer municipio veracruzano que cobre 290 pesos por la recolecci\u00f3n d basura a escuelas p\u00fablicas de ese municipio. El&hellip;","_links":{"self":[{"href":"https:\/\/informante.mx\/index.php?rest_route=\/wp\/v2\/posts\/51658","targetHints":{"allow":["GET"]}}],"collection":[{"href":"https:\/\/informante.mx\/index.php?rest_route=\/wp\/v2\/posts"}],"about":[{"href":"https:\/\/informante.mx\/index.php?rest_route=\/wp\/v2\/types\/post"}],"author":[{"embeddable":true,"href":"https:\/\/informante.mx\/index.php?rest_route=\/wp\/v2\/users\/1"}],"replies":[{"embeddable":true,"href":"https:\/\/informante.mx\/index.php?rest_route=%2Fwp%2Fv2%2Fcomments&post=51658"}],"version-history":[{"count":1,"href":"https:\/\/informante.mx\/index.php?rest_route=\/wp\/v2\/posts\/51658\/revisions"}],"predecessor-version":[{"id":51660,"href":"https:\/\/informante.mx\/index.php?rest_route=\/wp\/v2\/posts\/51658\/revisions\/51660"}],"wp:featuredmedia":[{"embeddable":true,"href":"https:\/\/informante.mx\/index.php?rest_route=\/wp\/v2\/media\/51659"}],"wp:attachment":[{"href":"https:\/\/informante.mx\/index.php?rest_route=%2Fwp%2Fv2%2Fmedia&parent=51658"}],"wp:term":[{"taxonomy":"category","embeddable":true,"href":"https:\/\/informante.mx\/index.php?rest_route=%2Fwp%2Fv2%2Fcategories&post=51658"},{"taxonomy":"post_tag","embeddable":true,"href":"https:\/\/informante.mx\/index.php?rest_route=%2Fwp%2Fv2%2Ftags&post=51658"}],"curies":[{"name":"wp","href":"https:\/\/api.w.org\/{rel}","templated":true}]}}