{"id":51619,"date":"2025-08-13T15:23:51","date_gmt":"2025-08-13T21:23:51","guid":{"rendered":"https:\/\/informante.mx\/?p=51619"},"modified":"2025-08-14T12:09:08","modified_gmt":"2025-08-14T18:09:08","slug":"mas-de-4-mil-veracruzanos-han-regresado-de-eu","status":"publish","type":"post","link":"https:\/\/informante.mx\/?p=51619","title":{"rendered":"M\u00e1s de 4 mil veracruzanos han regresado de EU.\u00a0"},"content":{"rendered":"\n<p><\/p>\n\n\n\n<p>Dario Pale&nbsp;<\/p>\n\n\n\n<p>Xalapa, Ver.- Enrique Quintero Hern\u00e1ndez, Jefe del Departamento de Enlaces y Proyectos en Materia Migratoria de la Direcci\u00f3n General de Atenci\u00f3n a Migrantes, dio a conocer que hasta junio de este a\u00f1o son casi 4,300 veracruzanos que han sido retornados de los Estados Unidos.<\/p>\n\n\n\n<p>\u201cActualmente nuestra fuente de informaci\u00f3n es la Secretar\u00eda de Gobernaci\u00f3n Federal a trav\u00e9s de la Unidad Pol\u00edtica Migratoria Registro de Identidad de Personas, ha crecido, a junio de este a\u00f1o tenemos casi 4,300 veracruzanos que han sido retornados de los Estados Unidos, es importante destacar que estamos m\u00e1s abajo que el a\u00f1o pasado, estamos m\u00e1s o menos unos 1,500, a 2,000 personas abajo del a\u00f1o pasado\u201d, se\u00f1al\u00f3.<\/p>\n\n\n\n<p>\u201cLas detenciones, el proceso para deportaci\u00f3n es muy r\u00e1pido, afortunadamente los paisanos no permanecen tanto tiempo detenidos o retenidos en los Estados Unidos, estamos hablando de 15 a 20 d\u00edas, es un proceso, y pues como todo nacional o toda persona que ha estado m\u00e1s de dos a\u00f1os o tres viviendo en Estados Unidos, tienen el derecho muchos a regularizarse\u201d, agreg\u00f3.<\/p>\n\n\n\n<p>Dio a conocer que trav\u00e9s de la Canciller\u00eda, o de una aplicaci\u00f3n que pueden utilizar cuando son detenido, pueden reportar la detenci\u00f3n y recibir la asesor\u00eda, muy independientemente del apoyo consular que pudiesen tener, los migrantes pueden tener un abogado migratorio para poder evaluar si tienen las condiciones para permanecer en Estados Unidos.<\/p>\n\n\n\n<p>\u201cLas personas detenidas cumplen su proceso y son repartidas a nuestro territorio mexicano, en donde son bien recibidas en los 11 centros de atenci\u00f3n a personas migrantes que se encuentran en la frontera dentro del programa M\u00e9xico Te Abraza\u201d, coment\u00f3.<\/p>\n\n\n\n<p>Se\u00f1al\u00f3 que actualmente han atendido cerca de 50 veracruzanos que se han acercado a las oficinas para beneficiarse con \u201cel plan veracruzano de atenci\u00f3n integral\u201d, la cual es una conjunci\u00f3n de ejercicio de varias dependencias del gobierno del Estado en donde la Direcci\u00f3n de Atenci\u00f3n a Migrantes recibe al migrante, lo valora, eval\u00faa su situaci\u00f3n y los vincula a las dependencias dependiendo de sus necesidades.<\/p>\n\n\n\n<p>\u201cEl gobierno mexicano a trav\u00e9s de su programa Soy M\u00e9xico, que es la atenci\u00f3n una vez que toquen suelo mexicano, el veracruzano se acerca a nuestras oficinas con la intenci\u00f3n, la mayor\u00eda es para buscar reincorporarse a un trabajo, buscar trabajo en Veracruz, entonces nosotros como direcci\u00f3n de atenci\u00f3n, evaluamos sus capacidades y hacemos la vinculaci\u00f3n en este caso con el Servicio Nacional de Empleo, sus oficinas aqu\u00ed en Veracruz, que son los que nos apoyan para vincularlos a las empresas que necesitan ese tipo y ese expertise que traen los migrantes de Estados Unidos\u201d, inform\u00f3.<\/p>\n\n\n\n<p>Las personas que han regresado al estado son de diferentes municipios de todo el estado, ya que todo el estado es migrante, pero principalmente llegan aqu\u00ed a la ciudad de Xalapa, a la ciudad de Veracruz, la zona de las monta\u00f1as, C\u00f3rdoba, Orizaba, Coscomatepec y afortunadamente a todos se les ha logrado dar un empleo.<\/p>\n\n\n\n<p>Finalmente en otro orden de ideas en lo que se refiere a los centroamericanos que se encuentran en el penal de Tuxpan dijo que, \u201ctenemos conocimiento de lo de Tuxpan, es m\u00e1s, estamos ya en contacto con la representaci\u00f3n consular de Guatemala aqu\u00ed en Veracruz, que se encuentra en Acayucan, a efecto de poder coadyuvar si va a poder existir una repatriaci\u00f3n o un traslado de esas personas, pero eso involucra ya tambi\u00e9n cuestiones de la fiscal\u00eda, cu\u00e1l es su situaci\u00f3n legal, cuestiones ya que la Direcci\u00f3n de Atenci\u00f3n a Migrantes ya acceder\u00eda a su competencia para intervenir en esto\u201d.&nbsp;<\/p>\n","protected":false},"excerpt":{"rendered":"<p>As\u00ed lo dio a conocer Enrique Quintero Hern\u00e1ndez, Jefe del Departamento de Enlaces y Proyectos en Materia Migratoria de la Direcci\u00f3n General de Atenci\u00f3n a Migrantes.\u00a0<\/p>\n","protected":false},"author":1,"featured_media":33570,"comment_status":"open","ping_status":"closed","sticky":false,"template":"","format":"standard","meta":{"_uag_custom_page_level_css":"","jetpack_post_was_ever_published":false,"footnotes":""},"categories":[16,4],"tags":[],"class_list":["post-51619","post","type-post","status-publish","format-standard","has-post-thumbnail","hentry","category-enterate","category-estatal"],"yoast_head":"<!-- This site is optimized with the Yoast SEO plugin v27.3 - https:\/\/yoast.com\/product\/yoast-seo-wordpress\/ -->\n<title>M\u00e1s de 4 mil veracruzanos han regresado de EU.\u00a0 - Informante.mx<\/title>\n<meta name=\"robots\" content=\"index, follow, max-snippet:-1, max-image-preview:large, max-video-preview:-1\" \/>\n<link rel=\"canonical\" href=\"https:\/\/informante.mx\/?p=51619\" \/>\n<meta property=\"og:locale\" content=\"es_ES\" \/>\n<meta property=\"og:type\" content=\"article\" \/>\n<meta property=\"og:title\" content=\"M\u00e1s de 4 mil veracruzanos han regresado de EU.\u00a0 - Informante.mx\" \/>\n<meta property=\"og:description\" content=\"As\u00ed lo dio a conocer Enrique Quintero Hern\u00e1ndez, Jefe del Departamento de Enlaces y Proyectos en Materia Migratoria de la Direcci\u00f3n General de Atenci\u00f3n a Migrantes.\u00a0\" \/>\n<meta property=\"og:url\" content=\"https:\/\/informante.mx\/?p=51619\" \/>\n<meta property=\"og:site_name\" content=\"Informante.mx\" \/>\n<meta property=\"article:publisher\" content=\"https:\/\/www.facebook.com\/MX.Informante\" \/>\n<meta property=\"article:published_time\" content=\"2025-08-13T21:23:51+00:00\" \/>\n<meta property=\"article:modified_time\" content=\"2025-08-14T18:09:08+00:00\" \/>\n<meta property=\"og:image\" content=\"https:\/\/informante.mx\/wp-content\/uploads\/2024\/05\/Migrantes.jpg\" \/>\n\t<meta property=\"og:image:width\" content=\"1200\" \/>\n\t<meta property=\"og:image:height\" content=\"700\" \/>\n\t<meta property=\"og:image:type\" content=\"image\/jpeg\" \/>\n<meta name=\"author\" content=\"InformanteMX\" \/>\n<meta name=\"twitter:card\" content=\"summary_large_image\" \/>\n<meta name=\"twitter:creator\" content=\"@mx_informante\" \/>\n<meta name=\"twitter:site\" content=\"@mx_informante\" \/>\n<meta name=\"twitter:label1\" content=\"Escrito por\" \/>\n\t<meta name=\"twitter:data1\" content=\"InformanteMX\" \/>\n\t<meta name=\"twitter:label2\" content=\"Tiempo de lectura\" \/>\n\t<meta name=\"twitter:data2\" content=\"3 minutos\" \/>\n<script type=\"application\/ld+json\" class=\"yoast-schema-graph\">{\"@context\":\"https:\\\/\\\/schema.org\",\"@graph\":[{\"@type\":\"NewsArticle\",\"@id\":\"https:\\\/\\\/informante.mx\\\/?p=51619#article\",\"isPartOf\":{\"@id\":\"https:\\\/\\\/informante.mx\\\/?p=51619\"},\"author\":{\"name\":\"InformanteMX\",\"@id\":\"https:\\\/\\\/informante.mx\\\/#\\\/schema\\\/person\\\/3eff91989d2ea76b0a330b416325946c\"},\"headline\":\"M\u00e1s de 4 mil veracruzanos han regresado de EU.\u00a0\",\"datePublished\":\"2025-08-13T21:23:51+00:00\",\"dateModified\":\"2025-08-14T18:09:08+00:00\",\"mainEntityOfPage\":{\"@id\":\"https:\\\/\\\/informante.mx\\\/?p=51619\"},\"wordCount\":641,\"commentCount\":0,\"publisher\":{\"@id\":\"https:\\\/\\\/informante.mx\\\/#organization\"},\"image\":{\"@id\":\"https:\\\/\\\/informante.mx\\\/?p=51619#primaryimage\"},\"thumbnailUrl\":\"https:\\\/\\\/informante.mx\\\/wp-content\\\/uploads\\\/2024\\\/05\\\/Migrantes.jpg\",\"articleSection\":[\"Ent\u00e9rate\",\"Estatal\"],\"inLanguage\":\"es\",\"potentialAction\":[{\"@type\":\"CommentAction\",\"name\":\"Comment\",\"target\":[\"https:\\\/\\\/informante.mx\\\/?p=51619#respond\"]}]},{\"@type\":\"WebPage\",\"@id\":\"https:\\\/\\\/informante.mx\\\/?p=51619\",\"url\":\"https:\\\/\\\/informante.mx\\\/?p=51619\",\"name\":\"M\u00e1s de 4 mil veracruzanos han regresado de EU.\u00a0 - Informante.mx\",\"isPartOf\":{\"@id\":\"https:\\\/\\\/informante.mx\\\/#website\"},\"primaryImageOfPage\":{\"@id\":\"https:\\\/\\\/informante.mx\\\/?p=51619#primaryimage\"},\"image\":{\"@id\":\"https:\\\/\\\/informante.mx\\\/?p=51619#primaryimage\"},\"thumbnailUrl\":\"https:\\\/\\\/informante.mx\\\/wp-content\\\/uploads\\\/2024\\\/05\\\/Migrantes.jpg\",\"datePublished\":\"2025-08-13T21:23:51+00:00\",\"dateModified\":\"2025-08-14T18:09:08+00:00\",\"breadcrumb\":{\"@id\":\"https:\\\/\\\/informante.mx\\\/?p=51619#breadcrumb\"},\"inLanguage\":\"es\",\"potentialAction\":[{\"@type\":\"ReadAction\",\"target\":[\"https:\\\/\\\/informante.mx\\\/?p=51619\"]}]},{\"@type\":\"ImageObject\",\"inLanguage\":\"es\",\"@id\":\"https:\\\/\\\/informante.mx\\\/?p=51619#primaryimage\",\"url\":\"https:\\\/\\\/informante.mx\\\/wp-content\\\/uploads\\\/2024\\\/05\\\/Migrantes.jpg\",\"contentUrl\":\"https:\\\/\\\/informante.mx\\\/wp-content\\\/uploads\\\/2024\\\/05\\\/Migrantes.jpg\",\"width\":1200,\"height\":700},{\"@type\":\"BreadcrumbList\",\"@id\":\"https:\\\/\\\/informante.mx\\\/?p=51619#breadcrumb\",\"itemListElement\":[{\"@type\":\"ListItem\",\"position\":1,\"name\":\"Portada\",\"item\":\"https:\\\/\\\/informante.mx\\\/\"},{\"@type\":\"ListItem\",\"position\":2,\"name\":\"M\u00e1s de 4 mil veracruzanos han regresado de EU.\u00a0\"}]},{\"@type\":\"WebSite\",\"@id\":\"https:\\\/\\\/informante.mx\\\/#website\",\"url\":\"https:\\\/\\\/informante.mx\\\/\",\"name\":\"Informante.mx\",\"description\":\"\",\"publisher\":{\"@id\":\"https:\\\/\\\/informante.mx\\\/#organization\"},\"potentialAction\":[{\"@type\":\"SearchAction\",\"target\":{\"@type\":\"EntryPoint\",\"urlTemplate\":\"https:\\\/\\\/informante.mx\\\/?s={search_term_string}\"},\"query-input\":{\"@type\":\"PropertyValueSpecification\",\"valueRequired\":true,\"valueName\":\"search_term_string\"}}],\"inLanguage\":\"es\"},{\"@type\":\"Organization\",\"@id\":\"https:\\\/\\\/informante.mx\\\/#organization\",\"name\":\"Informante.mx\",\"url\":\"https:\\\/\\\/informante.mx\\\/\",\"logo\":{\"@type\":\"ImageObject\",\"inLanguage\":\"es\",\"@id\":\"https:\\\/\\\/informante.mx\\\/#\\\/schema\\\/logo\\\/image\\\/\",\"url\":\"https:\\\/\\\/informante.mx\\\/wp-content\\\/uploads\\\/2019\\\/12\\\/cropped-LOGO-Verde-Apaisado-1024x360O-1.png\",\"contentUrl\":\"https:\\\/\\\/informante.mx\\\/wp-content\\\/uploads\\\/2019\\\/12\\\/cropped-LOGO-Verde-Apaisado-1024x360O-1.png\",\"width\":923,\"height\":180,\"caption\":\"Informante.mx\"},\"image\":{\"@id\":\"https:\\\/\\\/informante.mx\\\/#\\\/schema\\\/logo\\\/image\\\/\"},\"sameAs\":[\"https:\\\/\\\/www.facebook.com\\\/MX.Informante\",\"https:\\\/\\\/x.com\\\/mx_informante\"]},{\"@type\":\"Person\",\"@id\":\"https:\\\/\\\/informante.mx\\\/#\\\/schema\\\/person\\\/3eff91989d2ea76b0a330b416325946c\",\"name\":\"InformanteMX\",\"image\":{\"@type\":\"ImageObject\",\"inLanguage\":\"es\",\"@id\":\"https:\\\/\\\/secure.gravatar.com\\\/avatar\\\/10d802aa739e832aedd2f3fd8544d878871eb22e6ca86fe9a548573e34a28f0e?s=96&d=mm&r=g\",\"url\":\"https:\\\/\\\/secure.gravatar.com\\\/avatar\\\/10d802aa739e832aedd2f3fd8544d878871eb22e6ca86fe9a548573e34a28f0e?s=96&d=mm&r=g\",\"contentUrl\":\"https:\\\/\\\/secure.gravatar.com\\\/avatar\\\/10d802aa739e832aedd2f3fd8544d878871eb22e6ca86fe9a548573e34a28f0e?s=96&d=mm&r=g\",\"caption\":\"InformanteMX\"},\"url\":\"https:\\\/\\\/informante.mx\\\/?author=1\"}]}<\/script>\n<!-- \/ Yoast SEO plugin. -->","yoast_head_json":{"title":"M\u00e1s de 4 mil veracruzanos han regresado de EU.\u00a0 - Informante.mx","robots":{"index":"index","follow":"follow","max-snippet":"max-snippet:-1","max-image-preview":"max-image-preview:large","max-video-preview":"max-video-preview:-1"},"canonical":"https:\/\/informante.mx\/?p=51619","og_locale":"es_ES","og_type":"article","og_title":"M\u00e1s de 4 mil veracruzanos han regresado de EU.\u00a0 - Informante.mx","og_description":"As\u00ed lo dio a conocer Enrique Quintero Hern\u00e1ndez, Jefe del Departamento de Enlaces y Proyectos en Materia Migratoria de la Direcci\u00f3n General de Atenci\u00f3n a Migrantes.\u00a0","og_url":"https:\/\/informante.mx\/?p=51619","og_site_name":"Informante.mx","article_publisher":"https:\/\/www.facebook.com\/MX.Informante","article_published_time":"2025-08-13T21:23:51+00:00","article_modified_time":"2025-08-14T18:09:08+00:00","og_image":[{"width":1200,"height":700,"url":"https:\/\/informante.mx\/wp-content\/uploads\/2024\/05\/Migrantes.jpg","type":"image\/jpeg"}],"author":"InformanteMX","twitter_card":"summary_large_image","twitter_creator":"@mx_informante","twitter_site":"@mx_informante","twitter_misc":{"Escrito por":"InformanteMX","Tiempo de lectura":"3 minutos"},"schema":{"@context":"https:\/\/schema.org","@graph":[{"@type":"NewsArticle","@id":"https:\/\/informante.mx\/?p=51619#article","isPartOf":{"@id":"https:\/\/informante.mx\/?p=51619"},"author":{"name":"InformanteMX","@id":"https:\/\/informante.mx\/#\/schema\/person\/3eff91989d2ea76b0a330b416325946c"},"headline":"M\u00e1s de 4 mil veracruzanos han regresado de EU.\u00a0","datePublished":"2025-08-13T21:23:51+00:00","dateModified":"2025-08-14T18:09:08+00:00","mainEntityOfPage":{"@id":"https:\/\/informante.mx\/?p=51619"},"wordCount":641,"commentCount":0,"publisher":{"@id":"https:\/\/informante.mx\/#organization"},"image":{"@id":"https:\/\/informante.mx\/?p=51619#primaryimage"},"thumbnailUrl":"https:\/\/informante.mx\/wp-content\/uploads\/2024\/05\/Migrantes.jpg","articleSection":["Ent\u00e9rate","Estatal"],"inLanguage":"es","potentialAction":[{"@type":"CommentAction","name":"Comment","target":["https:\/\/informante.mx\/?p=51619#respond"]}]},{"@type":"WebPage","@id":"https:\/\/informante.mx\/?p=51619","url":"https:\/\/informante.mx\/?p=51619","name":"M\u00e1s de 4 mil veracruzanos han regresado de EU.\u00a0 - Informante.mx","isPartOf":{"@id":"https:\/\/informante.mx\/#website"},"primaryImageOfPage":{"@id":"https:\/\/informante.mx\/?p=51619#primaryimage"},"image":{"@id":"https:\/\/informante.mx\/?p=51619#primaryimage"},"thumbnailUrl":"https:\/\/informante.mx\/wp-content\/uploads\/2024\/05\/Migrantes.jpg","datePublished":"2025-08-13T21:23:51+00:00","dateModified":"2025-08-14T18:09:08+00:00","breadcrumb":{"@id":"https:\/\/informante.mx\/?p=51619#breadcrumb"},"inLanguage":"es","potentialAction":[{"@type":"ReadAction","target":["https:\/\/informante.mx\/?p=51619"]}]},{"@type":"ImageObject","inLanguage":"es","@id":"https:\/\/informante.mx\/?p=51619#primaryimage","url":"https:\/\/informante.mx\/wp-content\/uploads\/2024\/05\/Migrantes.jpg","contentUrl":"https:\/\/informante.mx\/wp-content\/uploads\/2024\/05\/Migrantes.jpg","width":1200,"height":700},{"@type":"BreadcrumbList","@id":"https:\/\/informante.mx\/?p=51619#breadcrumb","itemListElement":[{"@type":"ListItem","position":1,"name":"Portada","item":"https:\/\/informante.mx\/"},{"@type":"ListItem","position":2,"name":"M\u00e1s de 4 mil veracruzanos han regresado de EU.\u00a0"}]},{"@type":"WebSite","@id":"https:\/\/informante.mx\/#website","url":"https:\/\/informante.mx\/","name":"Informante.mx","description":"","publisher":{"@id":"https:\/\/informante.mx\/#organization"},"potentialAction":[{"@type":"SearchAction","target":{"@type":"EntryPoint","urlTemplate":"https:\/\/informante.mx\/?s={search_term_string}"},"query-input":{"@type":"PropertyValueSpecification","valueRequired":true,"valueName":"search_term_string"}}],"inLanguage":"es"},{"@type":"Organization","@id":"https:\/\/informante.mx\/#organization","name":"Informante.mx","url":"https:\/\/informante.mx\/","logo":{"@type":"ImageObject","inLanguage":"es","@id":"https:\/\/informante.mx\/#\/schema\/logo\/image\/","url":"https:\/\/informante.mx\/wp-content\/uploads\/2019\/12\/cropped-LOGO-Verde-Apaisado-1024x360O-1.png","contentUrl":"https:\/\/informante.mx\/wp-content\/uploads\/2019\/12\/cropped-LOGO-Verde-Apaisado-1024x360O-1.png","width":923,"height":180,"caption":"Informante.mx"},"image":{"@id":"https:\/\/informante.mx\/#\/schema\/logo\/image\/"},"sameAs":["https:\/\/www.facebook.com\/MX.Informante","https:\/\/x.com\/mx_informante"]},{"@type":"Person","@id":"https:\/\/informante.mx\/#\/schema\/person\/3eff91989d2ea76b0a330b416325946c","name":"InformanteMX","image":{"@type":"ImageObject","inLanguage":"es","@id":"https:\/\/secure.gravatar.com\/avatar\/10d802aa739e832aedd2f3fd8544d878871eb22e6ca86fe9a548573e34a28f0e?s=96&d=mm&r=g","url":"https:\/\/secure.gravatar.com\/avatar\/10d802aa739e832aedd2f3fd8544d878871eb22e6ca86fe9a548573e34a28f0e?s=96&d=mm&r=g","contentUrl":"https:\/\/secure.gravatar.com\/avatar\/10d802aa739e832aedd2f3fd8544d878871eb22e6ca86fe9a548573e34a28f0e?s=96&d=mm&r=g","caption":"InformanteMX"},"url":"https:\/\/informante.mx\/?author=1"}]}},"jetpack_featured_media_url":"https:\/\/informante.mx\/wp-content\/uploads\/2024\/05\/Migrantes.jpg","uagb_featured_image_src":{"full":["https:\/\/informante.mx\/wp-content\/uploads\/2024\/05\/Migrantes.jpg",1200,700,false],"thumbnail":["https:\/\/informante.mx\/wp-content\/uploads\/2024\/05\/Migrantes-150x88.jpg",150,88,true],"medium":["https:\/\/informante.mx\/wp-content\/uploads\/2024\/05\/Migrantes-300x175.jpg",300,175,true],"medium_large":["https:\/\/informante.mx\/wp-content\/uploads\/2024\/05\/Migrantes-768x448.jpg",640,373,true],"large":["https:\/\/informante.mx\/wp-content\/uploads\/2024\/05\/Migrantes-1024x597.jpg",640,373,true],"1536x1536":["https:\/\/informante.mx\/wp-content\/uploads\/2024\/05\/Migrantes.jpg",1200,700,false],"2048x2048":["https:\/\/informante.mx\/wp-content\/uploads\/2024\/05\/Migrantes.jpg",1200,700,false],"td_0x420":["https:\/\/informante.mx\/wp-content\/uploads\/2024\/05\/Migrantes-720x420.jpg",720,420,true],"td_0x420_retina":["https:\/\/informante.mx\/wp-content\/uploads\/2024\/05\/Migrantes.jpg",1200,700,false],"td_80x60":["https:\/\/informante.mx\/wp-content\/uploads\/2024\/05\/Migrantes-80x60.jpg",80,60,true],"td_80x60_retina":["https:\/\/informante.mx\/wp-content\/uploads\/2024\/05\/Migrantes-160x120.jpg",160,120,true],"td_100x75":["https:\/\/informante.mx\/wp-content\/uploads\/2024\/05\/Migrantes-100x75.jpg",100,75,true],"td_100x75_retina":["https:\/\/informante.mx\/wp-content\/uploads\/2024\/05\/Migrantes-200x150.jpg",200,150,true],"td_180x135":["https:\/\/informante.mx\/wp-content\/uploads\/2024\/05\/Migrantes-180x135.jpg",180,135,true],"td_180x135_retina":["https:\/\/informante.mx\/wp-content\/uploads\/2024\/05\/Migrantes-360x270.jpg",360,270,true],"td_238x178":["https:\/\/informante.mx\/wp-content\/uploads\/2024\/05\/Migrantes-238x178.jpg",238,178,true],"td_238x178_retina":["https:\/\/informante.mx\/wp-content\/uploads\/2024\/05\/Migrantes-476x356.jpg",476,356,true],"td_265x198":["https:\/\/informante.mx\/wp-content\/uploads\/2024\/05\/Migrantes-265x198.jpg",265,198,true],"td_265x198_retina":["https:\/\/informante.mx\/wp-content\/uploads\/2024\/05\/Migrantes-530x396.jpg",530,396,true],"td_300x160":["https:\/\/informante.mx\/wp-content\/uploads\/2024\/05\/Migrantes-300x160.jpg",300,160,true],"td_300x160_retina":["https:\/\/informante.mx\/wp-content\/uploads\/2024\/05\/Migrantes-600x320.jpg",600,320,true],"td_300x194":["https:\/\/informante.mx\/wp-content\/uploads\/2024\/05\/Migrantes-300x194.jpg",300,194,true],"td_300x194_retina":["https:\/\/informante.mx\/wp-content\/uploads\/2024\/05\/Migrantes-600x388.jpg",600,388,true],"td_300x350":["https:\/\/informante.mx\/wp-content\/uploads\/2024\/05\/Migrantes-300x350.jpg",300,350,true],"td_300x350_retina":["https:\/\/informante.mx\/wp-content\/uploads\/2024\/05\/Migrantes-600x700.jpg",600,700,true],"td_341x220":["https:\/\/informante.mx\/wp-content\/uploads\/2024\/05\/Migrantes-341x220.jpg",341,220,true],"td_341x220_retina":["https:\/\/informante.mx\/wp-content\/uploads\/2024\/05\/Migrantes-682x440.jpg",682,440,true],"td_341x400":["https:\/\/informante.mx\/wp-content\/uploads\/2024\/05\/Migrantes-341x400.jpg",341,400,true],"td_341x400_retina":["https:\/\/informante.mx\/wp-content\/uploads\/2024\/05\/Migrantes-682x700.jpg",682,700,true],"td_511x400":["https:\/\/informante.mx\/wp-content\/uploads\/2024\/05\/Migrantes-511x400.jpg",511,400,true],"td_511x400_retina":["https:\/\/informante.mx\/wp-content\/uploads\/2024\/05\/Migrantes-1022x700.jpg",1022,700,true],"td_537x360":["https:\/\/informante.mx\/wp-content\/uploads\/2024\/05\/Migrantes-537x360.jpg",537,360,true],"td_537x360_retina":["https:\/\/informante.mx\/wp-content\/uploads\/2024\/05\/Migrantes-1074x700.jpg",1074,700,true],"td_640x0":["https:\/\/informante.mx\/wp-content\/uploads\/2024\/05\/Migrantes-640x373.jpg",640,373,true],"td_640x0_retina":["https:\/\/informante.mx\/wp-content\/uploads\/2024\/05\/Migrantes.jpg",1200,700,false],"td_640x350":["https:\/\/informante.mx\/wp-content\/uploads\/2024\/05\/Migrantes-640x350.jpg",640,350,true],"td_640x350_retina":["https:\/\/informante.mx\/wp-content\/uploads\/2024\/05\/Migrantes.jpg",1200,700,false],"td_681x0":["https:\/\/informante.mx\/wp-content\/uploads\/2024\/05\/Migrantes-681x397.jpg",681,397,true],"td_681x0_retina":["https:\/\/informante.mx\/wp-content\/uploads\/2024\/05\/Migrantes.jpg",1200,700,false],"td_681x400":["https:\/\/informante.mx\/wp-content\/uploads\/2024\/05\/Migrantes-681x400.jpg",681,400,true],"td_681x400_retina":["https:\/\/informante.mx\/wp-content\/uploads\/2024\/05\/Migrantes.jpg",1200,700,false],"td_741x486":["https:\/\/informante.mx\/wp-content\/uploads\/2024\/05\/Migrantes-741x486.jpg",741,486,true],"td_741x486_retina":["https:\/\/informante.mx\/wp-content\/uploads\/2024\/05\/Migrantes.jpg",1200,700,false],"td_1021x580":["https:\/\/informante.mx\/wp-content\/uploads\/2024\/05\/Migrantes-1021x580.jpg",1021,580,true],"td_1021x580_retina":["https:\/\/informante.mx\/wp-content\/uploads\/2024\/05\/Migrantes.jpg",1200,700,false]},"uagb_author_info":{"display_name":"InformanteMX","author_link":"https:\/\/informante.mx\/?author=1"},"uagb_comment_info":0,"uagb_excerpt":"As\u00ed lo dio a conocer Enrique Quintero Hern\u00e1ndez, Jefe del Departamento de Enlaces y Proyectos en Materia Migratoria de la Direcci\u00f3n General de Atenci\u00f3n a Migrantes.\u00a0","_links":{"self":[{"href":"https:\/\/informante.mx\/index.php?rest_route=\/wp\/v2\/posts\/51619","targetHints":{"allow":["GET"]}}],"collection":[{"href":"https:\/\/informante.mx\/index.php?rest_route=\/wp\/v2\/posts"}],"about":[{"href":"https:\/\/informante.mx\/index.php?rest_route=\/wp\/v2\/types\/post"}],"author":[{"embeddable":true,"href":"https:\/\/informante.mx\/index.php?rest_route=\/wp\/v2\/users\/1"}],"replies":[{"embeddable":true,"href":"https:\/\/informante.mx\/index.php?rest_route=%2Fwp%2Fv2%2Fcomments&post=51619"}],"version-history":[{"count":1,"href":"https:\/\/informante.mx\/index.php?rest_route=\/wp\/v2\/posts\/51619\/revisions"}],"predecessor-version":[{"id":51620,"href":"https:\/\/informante.mx\/index.php?rest_route=\/wp\/v2\/posts\/51619\/revisions\/51620"}],"wp:featuredmedia":[{"embeddable":true,"href":"https:\/\/informante.mx\/index.php?rest_route=\/wp\/v2\/media\/33570"}],"wp:attachment":[{"href":"https:\/\/informante.mx\/index.php?rest_route=%2Fwp%2Fv2%2Fmedia&parent=51619"}],"wp:term":[{"taxonomy":"category","embeddable":true,"href":"https:\/\/informante.mx\/index.php?rest_route=%2Fwp%2Fv2%2Fcategories&post=51619"},{"taxonomy":"post_tag","embeddable":true,"href":"https:\/\/informante.mx\/index.php?rest_route=%2Fwp%2Fv2%2Ftags&post=51619"}],"curies":[{"name":"wp","href":"https:\/\/api.w.org\/{rel}","templated":true}]}}