{"id":51038,"date":"2025-07-23T13:36:37","date_gmt":"2025-07-23T19:36:37","guid":{"rendered":"https:\/\/informante.mx\/?p=51038"},"modified":"2025-07-23T13:36:43","modified_gmt":"2025-07-23T19:36:43","slug":"se-reune-nahle-con-alcaldes-electos-del-pri","status":"publish","type":"post","link":"https:\/\/informante.mx\/?p=51038","title":{"rendered":"Se re\u00fane Nahle con alcaldes electos del PRI\u00a0"},"content":{"rendered":"\n<p><\/p>\n\n\n\n<p>Ana Lilia Vel\u00e1zquez&nbsp;<\/p>\n\n\n\n<p>Xalapa, Ver.- Este mi\u00e9rcoles, la gobernadora Norma Roc\u00edo Nahle Garc\u00eda, recibi\u00f3 a los 23 alcaldes electos del PRI en palacio de gobierno.<\/p>\n\n\n\n<p>El presidente estatal del partido, Adolfo Ram\u00edrez Arana, dej\u00f3 en claro que ante las diferencias deber\u00e1 prevalecer&nbsp; la civilidad pol\u00edtica\u201d.<\/p>\n\n\n\n<p>De ah\u00ed que los alcaldes priistas est\u00e1n dispuestos a colaborar y coordinarse con el gobierno estatal, pero no lo har\u00e1n bajo un acto de sumisi\u00f3n.<\/p>\n\n\n\n<p>\u201cDesde el PRI se afirma que se ejercer\u00e1 una oposici\u00f3n fuerte, aguerrida, cr\u00edtica, responsable y constructiva, sin dejar de lado el compromiso con el servicio p\u00fablico\u201d.<\/p>\n\n\n\n<p>Los alcaldes emanados de ese partido,&nbsp; tienen como prioridad gobernar bien, coordinar esfuerzos, gestionar recursos y trabajar por el bienestar del pueblo veracruzano.<\/p>\n\n\n\n<p>Descart\u00f3 el riesgo de que alcaldes se vayan a MORENA.<\/p>\n\n\n\n<p>&nbsp;\u201cTuvimos una reuni\u00f3n previa y no lo vemos as\u00ed. Est\u00e1n leales a su partido, agradecidos con su militancia y m\u00e1s ocupados en c\u00f3mo ser\u00e1n buenos servidores p\u00fablicos que en cuestiones partidistas\u201d.<\/p>\n\n\n\n<p>La gobernadora Norma Roc\u00edo Nahle Garc\u00eda est\u00e1 pendiente por recibir a los alcaldes electos del PAN y de Movimiento Ciudadano, con este \u00faltimo partido tiene ser\u00edas diferencias.<\/p>\n","protected":false},"excerpt":{"rendered":"<p>Ana Lilia Vel\u00e1zquez&nbsp; Xalapa, Ver.- Este mi\u00e9rcoles, la gobernadora Norma Roc\u00edo Nahle Garc\u00eda, recibi\u00f3 a los 23 alcaldes electos del PRI en palacio de gobierno. El presidente estatal del partido, Adolfo Ram\u00edrez Arana, dej\u00f3 en claro que ante las diferencias deber\u00e1 prevalecer&nbsp; la civilidad pol\u00edtica\u201d. De ah\u00ed que los alcaldes priistas est\u00e1n dispuestos a colaborar [&hellip;]<\/p>\n","protected":false},"author":1,"featured_media":25446,"comment_status":"open","ping_status":"closed","sticky":false,"template":"","format":"standard","meta":{"_uag_custom_page_level_css":"","jetpack_post_was_ever_published":false,"footnotes":""},"categories":[4],"tags":[33],"class_list":["post-51038","post","type-post","status-publish","format-standard","has-post-thumbnail","hentry","category-estatal","tag-veracruz"],"yoast_head":"<!-- This site is optimized with the Yoast SEO plugin v27.3 - https:\/\/yoast.com\/product\/yoast-seo-wordpress\/ -->\n<title>Se re\u00fane Nahle con alcaldes electos del PRI\u00a0 - Informante.mx<\/title>\n<meta name=\"robots\" content=\"index, follow, max-snippet:-1, max-image-preview:large, max-video-preview:-1\" \/>\n<link rel=\"canonical\" href=\"https:\/\/informante.mx\/?p=51038\" \/>\n<meta property=\"og:locale\" content=\"es_ES\" \/>\n<meta property=\"og:type\" content=\"article\" \/>\n<meta property=\"og:title\" content=\"Se re\u00fane Nahle con alcaldes electos del PRI\u00a0 - Informante.mx\" \/>\n<meta property=\"og:description\" content=\"Ana Lilia Vel\u00e1zquez&nbsp; Xalapa, Ver.- Este mi\u00e9rcoles, la gobernadora Norma Roc\u00edo Nahle Garc\u00eda, recibi\u00f3 a los 23 alcaldes electos del PRI en palacio de gobierno. El presidente estatal del partido, Adolfo Ram\u00edrez Arana, dej\u00f3 en claro que ante las diferencias deber\u00e1 prevalecer&nbsp; la civilidad pol\u00edtica\u201d. De ah\u00ed que los alcaldes priistas est\u00e1n dispuestos a colaborar [&hellip;]\" \/>\n<meta property=\"og:url\" content=\"https:\/\/informante.mx\/?p=51038\" \/>\n<meta property=\"og:site_name\" content=\"Informante.mx\" \/>\n<meta property=\"article:publisher\" content=\"https:\/\/www.facebook.com\/MX.Informante\" \/>\n<meta property=\"article:published_time\" content=\"2025-07-23T19:36:37+00:00\" \/>\n<meta property=\"article:modified_time\" content=\"2025-07-23T19:36:43+00:00\" \/>\n<meta property=\"og:image\" content=\"https:\/\/informante.mx\/wp-content\/uploads\/2023\/10\/Arana.jpg\" \/>\n\t<meta property=\"og:image:width\" content=\"1024\" \/>\n\t<meta property=\"og:image:height\" content=\"683\" \/>\n\t<meta property=\"og:image:type\" content=\"image\/jpeg\" \/>\n<meta name=\"author\" content=\"InformanteMX\" \/>\n<meta name=\"twitter:card\" content=\"summary_large_image\" \/>\n<meta name=\"twitter:creator\" content=\"@mx_informante\" \/>\n<meta name=\"twitter:site\" content=\"@mx_informante\" \/>\n<meta name=\"twitter:label1\" content=\"Escrito por\" \/>\n\t<meta name=\"twitter:data1\" content=\"InformanteMX\" \/>\n\t<meta name=\"twitter:label2\" content=\"Tiempo de lectura\" \/>\n\t<meta name=\"twitter:data2\" content=\"1 minuto\" \/>\n<script type=\"application\/ld+json\" class=\"yoast-schema-graph\">{\"@context\":\"https:\\\/\\\/schema.org\",\"@graph\":[{\"@type\":\"NewsArticle\",\"@id\":\"https:\\\/\\\/informante.mx\\\/?p=51038#article\",\"isPartOf\":{\"@id\":\"https:\\\/\\\/informante.mx\\\/?p=51038\"},\"author\":{\"name\":\"InformanteMX\",\"@id\":\"https:\\\/\\\/informante.mx\\\/#\\\/schema\\\/person\\\/3eff91989d2ea76b0a330b416325946c\"},\"headline\":\"Se re\u00fane Nahle con alcaldes electos del PRI\u00a0\",\"datePublished\":\"2025-07-23T19:36:37+00:00\",\"dateModified\":\"2025-07-23T19:36:43+00:00\",\"mainEntityOfPage\":{\"@id\":\"https:\\\/\\\/informante.mx\\\/?p=51038\"},\"wordCount\":221,\"commentCount\":0,\"publisher\":{\"@id\":\"https:\\\/\\\/informante.mx\\\/#organization\"},\"image\":{\"@id\":\"https:\\\/\\\/informante.mx\\\/?p=51038#primaryimage\"},\"thumbnailUrl\":\"https:\\\/\\\/informante.mx\\\/wp-content\\\/uploads\\\/2023\\\/10\\\/Arana.jpg\",\"keywords\":[\"Veracruz\"],\"articleSection\":[\"Estatal\"],\"inLanguage\":\"es\",\"potentialAction\":[{\"@type\":\"CommentAction\",\"name\":\"Comment\",\"target\":[\"https:\\\/\\\/informante.mx\\\/?p=51038#respond\"]}]},{\"@type\":\"WebPage\",\"@id\":\"https:\\\/\\\/informante.mx\\\/?p=51038\",\"url\":\"https:\\\/\\\/informante.mx\\\/?p=51038\",\"name\":\"Se re\u00fane Nahle con alcaldes electos del PRI\u00a0 - Informante.mx\",\"isPartOf\":{\"@id\":\"https:\\\/\\\/informante.mx\\\/#website\"},\"primaryImageOfPage\":{\"@id\":\"https:\\\/\\\/informante.mx\\\/?p=51038#primaryimage\"},\"image\":{\"@id\":\"https:\\\/\\\/informante.mx\\\/?p=51038#primaryimage\"},\"thumbnailUrl\":\"https:\\\/\\\/informante.mx\\\/wp-content\\\/uploads\\\/2023\\\/10\\\/Arana.jpg\",\"datePublished\":\"2025-07-23T19:36:37+00:00\",\"dateModified\":\"2025-07-23T19:36:43+00:00\",\"breadcrumb\":{\"@id\":\"https:\\\/\\\/informante.mx\\\/?p=51038#breadcrumb\"},\"inLanguage\":\"es\",\"potentialAction\":[{\"@type\":\"ReadAction\",\"target\":[\"https:\\\/\\\/informante.mx\\\/?p=51038\"]}]},{\"@type\":\"ImageObject\",\"inLanguage\":\"es\",\"@id\":\"https:\\\/\\\/informante.mx\\\/?p=51038#primaryimage\",\"url\":\"https:\\\/\\\/informante.mx\\\/wp-content\\\/uploads\\\/2023\\\/10\\\/Arana.jpg\",\"contentUrl\":\"https:\\\/\\\/informante.mx\\\/wp-content\\\/uploads\\\/2023\\\/10\\\/Arana.jpg\",\"width\":1024,\"height\":683},{\"@type\":\"BreadcrumbList\",\"@id\":\"https:\\\/\\\/informante.mx\\\/?p=51038#breadcrumb\",\"itemListElement\":[{\"@type\":\"ListItem\",\"position\":1,\"name\":\"Portada\",\"item\":\"https:\\\/\\\/informante.mx\\\/\"},{\"@type\":\"ListItem\",\"position\":2,\"name\":\"Se re\u00fane Nahle con alcaldes electos del PRI\u00a0\"}]},{\"@type\":\"WebSite\",\"@id\":\"https:\\\/\\\/informante.mx\\\/#website\",\"url\":\"https:\\\/\\\/informante.mx\\\/\",\"name\":\"Informante.mx\",\"description\":\"\",\"publisher\":{\"@id\":\"https:\\\/\\\/informante.mx\\\/#organization\"},\"potentialAction\":[{\"@type\":\"SearchAction\",\"target\":{\"@type\":\"EntryPoint\",\"urlTemplate\":\"https:\\\/\\\/informante.mx\\\/?s={search_term_string}\"},\"query-input\":{\"@type\":\"PropertyValueSpecification\",\"valueRequired\":true,\"valueName\":\"search_term_string\"}}],\"inLanguage\":\"es\"},{\"@type\":\"Organization\",\"@id\":\"https:\\\/\\\/informante.mx\\\/#organization\",\"name\":\"Informante.mx\",\"url\":\"https:\\\/\\\/informante.mx\\\/\",\"logo\":{\"@type\":\"ImageObject\",\"inLanguage\":\"es\",\"@id\":\"https:\\\/\\\/informante.mx\\\/#\\\/schema\\\/logo\\\/image\\\/\",\"url\":\"https:\\\/\\\/informante.mx\\\/wp-content\\\/uploads\\\/2019\\\/12\\\/cropped-LOGO-Verde-Apaisado-1024x360O-1.png\",\"contentUrl\":\"https:\\\/\\\/informante.mx\\\/wp-content\\\/uploads\\\/2019\\\/12\\\/cropped-LOGO-Verde-Apaisado-1024x360O-1.png\",\"width\":923,\"height\":180,\"caption\":\"Informante.mx\"},\"image\":{\"@id\":\"https:\\\/\\\/informante.mx\\\/#\\\/schema\\\/logo\\\/image\\\/\"},\"sameAs\":[\"https:\\\/\\\/www.facebook.com\\\/MX.Informante\",\"https:\\\/\\\/x.com\\\/mx_informante\"]},{\"@type\":\"Person\",\"@id\":\"https:\\\/\\\/informante.mx\\\/#\\\/schema\\\/person\\\/3eff91989d2ea76b0a330b416325946c\",\"name\":\"InformanteMX\",\"image\":{\"@type\":\"ImageObject\",\"inLanguage\":\"es\",\"@id\":\"https:\\\/\\\/secure.gravatar.com\\\/avatar\\\/10d802aa739e832aedd2f3fd8544d878871eb22e6ca86fe9a548573e34a28f0e?s=96&d=mm&r=g\",\"url\":\"https:\\\/\\\/secure.gravatar.com\\\/avatar\\\/10d802aa739e832aedd2f3fd8544d878871eb22e6ca86fe9a548573e34a28f0e?s=96&d=mm&r=g\",\"contentUrl\":\"https:\\\/\\\/secure.gravatar.com\\\/avatar\\\/10d802aa739e832aedd2f3fd8544d878871eb22e6ca86fe9a548573e34a28f0e?s=96&d=mm&r=g\",\"caption\":\"InformanteMX\"},\"url\":\"https:\\\/\\\/informante.mx\\\/?author=1\"}]}<\/script>\n<!-- \/ Yoast SEO plugin. -->","yoast_head_json":{"title":"Se re\u00fane Nahle con alcaldes electos del PRI\u00a0 - Informante.mx","robots":{"index":"index","follow":"follow","max-snippet":"max-snippet:-1","max-image-preview":"max-image-preview:large","max-video-preview":"max-video-preview:-1"},"canonical":"https:\/\/informante.mx\/?p=51038","og_locale":"es_ES","og_type":"article","og_title":"Se re\u00fane Nahle con alcaldes electos del PRI\u00a0 - Informante.mx","og_description":"Ana Lilia Vel\u00e1zquez&nbsp; Xalapa, Ver.- Este mi\u00e9rcoles, la gobernadora Norma Roc\u00edo Nahle Garc\u00eda, recibi\u00f3 a los 23 alcaldes electos del PRI en palacio de gobierno. El presidente estatal del partido, Adolfo Ram\u00edrez Arana, dej\u00f3 en claro que ante las diferencias deber\u00e1 prevalecer&nbsp; la civilidad pol\u00edtica\u201d. De ah\u00ed que los alcaldes priistas est\u00e1n dispuestos a colaborar [&hellip;]","og_url":"https:\/\/informante.mx\/?p=51038","og_site_name":"Informante.mx","article_publisher":"https:\/\/www.facebook.com\/MX.Informante","article_published_time":"2025-07-23T19:36:37+00:00","article_modified_time":"2025-07-23T19:36:43+00:00","og_image":[{"width":1024,"height":683,"url":"https:\/\/informante.mx\/wp-content\/uploads\/2023\/10\/Arana.jpg","type":"image\/jpeg"}],"author":"InformanteMX","twitter_card":"summary_large_image","twitter_creator":"@mx_informante","twitter_site":"@mx_informante","twitter_misc":{"Escrito por":"InformanteMX","Tiempo de lectura":"1 minuto"},"schema":{"@context":"https:\/\/schema.org","@graph":[{"@type":"NewsArticle","@id":"https:\/\/informante.mx\/?p=51038#article","isPartOf":{"@id":"https:\/\/informante.mx\/?p=51038"},"author":{"name":"InformanteMX","@id":"https:\/\/informante.mx\/#\/schema\/person\/3eff91989d2ea76b0a330b416325946c"},"headline":"Se re\u00fane Nahle con alcaldes electos del PRI\u00a0","datePublished":"2025-07-23T19:36:37+00:00","dateModified":"2025-07-23T19:36:43+00:00","mainEntityOfPage":{"@id":"https:\/\/informante.mx\/?p=51038"},"wordCount":221,"commentCount":0,"publisher":{"@id":"https:\/\/informante.mx\/#organization"},"image":{"@id":"https:\/\/informante.mx\/?p=51038#primaryimage"},"thumbnailUrl":"https:\/\/informante.mx\/wp-content\/uploads\/2023\/10\/Arana.jpg","keywords":["Veracruz"],"articleSection":["Estatal"],"inLanguage":"es","potentialAction":[{"@type":"CommentAction","name":"Comment","target":["https:\/\/informante.mx\/?p=51038#respond"]}]},{"@type":"WebPage","@id":"https:\/\/informante.mx\/?p=51038","url":"https:\/\/informante.mx\/?p=51038","name":"Se re\u00fane Nahle con alcaldes electos del PRI\u00a0 - Informante.mx","isPartOf":{"@id":"https:\/\/informante.mx\/#website"},"primaryImageOfPage":{"@id":"https:\/\/informante.mx\/?p=51038#primaryimage"},"image":{"@id":"https:\/\/informante.mx\/?p=51038#primaryimage"},"thumbnailUrl":"https:\/\/informante.mx\/wp-content\/uploads\/2023\/10\/Arana.jpg","datePublished":"2025-07-23T19:36:37+00:00","dateModified":"2025-07-23T19:36:43+00:00","breadcrumb":{"@id":"https:\/\/informante.mx\/?p=51038#breadcrumb"},"inLanguage":"es","potentialAction":[{"@type":"ReadAction","target":["https:\/\/informante.mx\/?p=51038"]}]},{"@type":"ImageObject","inLanguage":"es","@id":"https:\/\/informante.mx\/?p=51038#primaryimage","url":"https:\/\/informante.mx\/wp-content\/uploads\/2023\/10\/Arana.jpg","contentUrl":"https:\/\/informante.mx\/wp-content\/uploads\/2023\/10\/Arana.jpg","width":1024,"height":683},{"@type":"BreadcrumbList","@id":"https:\/\/informante.mx\/?p=51038#breadcrumb","itemListElement":[{"@type":"ListItem","position":1,"name":"Portada","item":"https:\/\/informante.mx\/"},{"@type":"ListItem","position":2,"name":"Se re\u00fane Nahle con alcaldes electos del PRI\u00a0"}]},{"@type":"WebSite","@id":"https:\/\/informante.mx\/#website","url":"https:\/\/informante.mx\/","name":"Informante.mx","description":"","publisher":{"@id":"https:\/\/informante.mx\/#organization"},"potentialAction":[{"@type":"SearchAction","target":{"@type":"EntryPoint","urlTemplate":"https:\/\/informante.mx\/?s={search_term_string}"},"query-input":{"@type":"PropertyValueSpecification","valueRequired":true,"valueName":"search_term_string"}}],"inLanguage":"es"},{"@type":"Organization","@id":"https:\/\/informante.mx\/#organization","name":"Informante.mx","url":"https:\/\/informante.mx\/","logo":{"@type":"ImageObject","inLanguage":"es","@id":"https:\/\/informante.mx\/#\/schema\/logo\/image\/","url":"https:\/\/informante.mx\/wp-content\/uploads\/2019\/12\/cropped-LOGO-Verde-Apaisado-1024x360O-1.png","contentUrl":"https:\/\/informante.mx\/wp-content\/uploads\/2019\/12\/cropped-LOGO-Verde-Apaisado-1024x360O-1.png","width":923,"height":180,"caption":"Informante.mx"},"image":{"@id":"https:\/\/informante.mx\/#\/schema\/logo\/image\/"},"sameAs":["https:\/\/www.facebook.com\/MX.Informante","https:\/\/x.com\/mx_informante"]},{"@type":"Person","@id":"https:\/\/informante.mx\/#\/schema\/person\/3eff91989d2ea76b0a330b416325946c","name":"InformanteMX","image":{"@type":"ImageObject","inLanguage":"es","@id":"https:\/\/secure.gravatar.com\/avatar\/10d802aa739e832aedd2f3fd8544d878871eb22e6ca86fe9a548573e34a28f0e?s=96&d=mm&r=g","url":"https:\/\/secure.gravatar.com\/avatar\/10d802aa739e832aedd2f3fd8544d878871eb22e6ca86fe9a548573e34a28f0e?s=96&d=mm&r=g","contentUrl":"https:\/\/secure.gravatar.com\/avatar\/10d802aa739e832aedd2f3fd8544d878871eb22e6ca86fe9a548573e34a28f0e?s=96&d=mm&r=g","caption":"InformanteMX"},"url":"https:\/\/informante.mx\/?author=1"}]}},"jetpack_featured_media_url":"https:\/\/informante.mx\/wp-content\/uploads\/2023\/10\/Arana.jpg","uagb_featured_image_src":{"full":["https:\/\/informante.mx\/wp-content\/uploads\/2023\/10\/Arana.jpg",1024,683,false],"thumbnail":["https:\/\/informante.mx\/wp-content\/uploads\/2023\/10\/Arana-150x100.jpg",150,100,true],"medium":["https:\/\/informante.mx\/wp-content\/uploads\/2023\/10\/Arana-300x200.jpg",300,200,true],"medium_large":["https:\/\/informante.mx\/wp-content\/uploads\/2023\/10\/Arana-768x512.jpg",640,427,true],"large":["https:\/\/informante.mx\/wp-content\/uploads\/2023\/10\/Arana.jpg",640,427,false],"1536x1536":["https:\/\/informante.mx\/wp-content\/uploads\/2023\/10\/Arana.jpg",1024,683,false],"2048x2048":["https:\/\/informante.mx\/wp-content\/uploads\/2023\/10\/Arana.jpg",1024,683,false],"td_0x420":["https:\/\/informante.mx\/wp-content\/uploads\/2023\/10\/Arana-630x420.jpg",630,420,true],"td_0x420_retina":["https:\/\/informante.mx\/wp-content\/uploads\/2023\/10\/Arana.jpg",1024,683,false],"td_80x60":["https:\/\/informante.mx\/wp-content\/uploads\/2023\/10\/Arana-80x60.jpg",80,60,true],"td_80x60_retina":["https:\/\/informante.mx\/wp-content\/uploads\/2023\/10\/Arana-160x120.jpg",160,120,true],"td_100x75":["https:\/\/informante.mx\/wp-content\/uploads\/2023\/10\/Arana-100x75.jpg",100,75,true],"td_100x75_retina":["https:\/\/informante.mx\/wp-content\/uploads\/2023\/10\/Arana-200x150.jpg",200,150,true],"td_180x135":["https:\/\/informante.mx\/wp-content\/uploads\/2023\/10\/Arana-180x135.jpg",180,135,true],"td_180x135_retina":["https:\/\/informante.mx\/wp-content\/uploads\/2023\/10\/Arana-360x270.jpg",360,270,true],"td_238x178":["https:\/\/informante.mx\/wp-content\/uploads\/2023\/10\/Arana-238x178.jpg",238,178,true],"td_238x178_retina":["https:\/\/informante.mx\/wp-content\/uploads\/2023\/10\/Arana-476x356.jpg",476,356,true],"td_265x198":["https:\/\/informante.mx\/wp-content\/uploads\/2023\/10\/Arana-265x198.jpg",265,198,true],"td_265x198_retina":["https:\/\/informante.mx\/wp-content\/uploads\/2023\/10\/Arana-530x396.jpg",530,396,true],"td_300x160":["https:\/\/informante.mx\/wp-content\/uploads\/2023\/10\/Arana-300x160.jpg",300,160,true],"td_300x160_retina":["https:\/\/informante.mx\/wp-content\/uploads\/2023\/10\/Arana-600x320.jpg",600,320,true],"td_300x194":["https:\/\/informante.mx\/wp-content\/uploads\/2023\/10\/Arana-300x194.jpg",300,194,true],"td_300x194_retina":["https:\/\/informante.mx\/wp-content\/uploads\/2023\/10\/Arana-600x388.jpg",600,388,true],"td_300x350":["https:\/\/informante.mx\/wp-content\/uploads\/2023\/10\/Arana-300x350.jpg",300,350,true],"td_300x350_retina":["https:\/\/informante.mx\/wp-content\/uploads\/2023\/10\/Arana-600x683.jpg",600,683,true],"td_341x220":["https:\/\/informante.mx\/wp-content\/uploads\/2023\/10\/Arana-341x220.jpg",341,220,true],"td_341x220_retina":["https:\/\/informante.mx\/wp-content\/uploads\/2023\/10\/Arana-682x440.jpg",682,440,true],"td_341x400":["https:\/\/informante.mx\/wp-content\/uploads\/2023\/10\/Arana-341x400.jpg",341,400,true],"td_341x400_retina":["https:\/\/informante.mx\/wp-content\/uploads\/2023\/10\/Arana-682x683.jpg",682,683,true],"td_511x400":["https:\/\/informante.mx\/wp-content\/uploads\/2023\/10\/Arana-511x400.jpg",511,400,true],"td_511x400_retina":["https:\/\/informante.mx\/wp-content\/uploads\/2023\/10\/Arana-1022x683.jpg",1022,683,true],"td_537x360":["https:\/\/informante.mx\/wp-content\/uploads\/2023\/10\/Arana-537x360.jpg",537,360,true],"td_537x360_retina":["https:\/\/informante.mx\/wp-content\/uploads\/2023\/10\/Arana.jpg",1024,683,false],"td_640x0":["https:\/\/informante.mx\/wp-content\/uploads\/2023\/10\/Arana-640x427.jpg",640,427,true],"td_640x0_retina":["https:\/\/informante.mx\/wp-content\/uploads\/2023\/10\/Arana.jpg",1024,683,false],"td_640x350":["https:\/\/informante.mx\/wp-content\/uploads\/2023\/10\/Arana-640x350.jpg",640,350,true],"td_640x350_retina":["https:\/\/informante.mx\/wp-content\/uploads\/2023\/10\/Arana.jpg",1024,683,false],"td_681x0":["https:\/\/informante.mx\/wp-content\/uploads\/2023\/10\/Arana-681x454.jpg",681,454,true],"td_681x0_retina":["https:\/\/informante.mx\/wp-content\/uploads\/2023\/10\/Arana.jpg",1024,683,false],"td_681x400":["https:\/\/informante.mx\/wp-content\/uploads\/2023\/10\/Arana-681x400.jpg",681,400,true],"td_681x400_retina":["https:\/\/informante.mx\/wp-content\/uploads\/2023\/10\/Arana.jpg",1024,683,false],"td_741x486":["https:\/\/informante.mx\/wp-content\/uploads\/2023\/10\/Arana-741x486.jpg",741,486,true],"td_741x486_retina":["https:\/\/informante.mx\/wp-content\/uploads\/2023\/10\/Arana.jpg",1024,683,false],"td_1021x580":["https:\/\/informante.mx\/wp-content\/uploads\/2023\/10\/Arana-1021x580.jpg",1021,580,true],"td_1021x580_retina":["https:\/\/informante.mx\/wp-content\/uploads\/2023\/10\/Arana.jpg",1024,683,false]},"uagb_author_info":{"display_name":"InformanteMX","author_link":"https:\/\/informante.mx\/?author=1"},"uagb_comment_info":0,"uagb_excerpt":"Ana Lilia Vel\u00e1zquez&nbsp; Xalapa, Ver.- Este mi\u00e9rcoles, la gobernadora Norma Roc\u00edo Nahle Garc\u00eda, recibi\u00f3 a los 23 alcaldes electos del PRI en palacio de gobierno. El presidente estatal del partido, Adolfo Ram\u00edrez Arana, dej\u00f3 en claro que ante las diferencias deber\u00e1 prevalecer&nbsp; la civilidad pol\u00edtica\u201d. De ah\u00ed que los alcaldes priistas est\u00e1n dispuestos a colaborar&hellip;","_links":{"self":[{"href":"https:\/\/informante.mx\/index.php?rest_route=\/wp\/v2\/posts\/51038","targetHints":{"allow":["GET"]}}],"collection":[{"href":"https:\/\/informante.mx\/index.php?rest_route=\/wp\/v2\/posts"}],"about":[{"href":"https:\/\/informante.mx\/index.php?rest_route=\/wp\/v2\/types\/post"}],"author":[{"embeddable":true,"href":"https:\/\/informante.mx\/index.php?rest_route=\/wp\/v2\/users\/1"}],"replies":[{"embeddable":true,"href":"https:\/\/informante.mx\/index.php?rest_route=%2Fwp%2Fv2%2Fcomments&post=51038"}],"version-history":[{"count":1,"href":"https:\/\/informante.mx\/index.php?rest_route=\/wp\/v2\/posts\/51038\/revisions"}],"predecessor-version":[{"id":51039,"href":"https:\/\/informante.mx\/index.php?rest_route=\/wp\/v2\/posts\/51038\/revisions\/51039"}],"wp:featuredmedia":[{"embeddable":true,"href":"https:\/\/informante.mx\/index.php?rest_route=\/wp\/v2\/media\/25446"}],"wp:attachment":[{"href":"https:\/\/informante.mx\/index.php?rest_route=%2Fwp%2Fv2%2Fmedia&parent=51038"}],"wp:term":[{"taxonomy":"category","embeddable":true,"href":"https:\/\/informante.mx\/index.php?rest_route=%2Fwp%2Fv2%2Fcategories&post=51038"},{"taxonomy":"post_tag","embeddable":true,"href":"https:\/\/informante.mx\/index.php?rest_route=%2Fwp%2Fv2%2Ftags&post=51038"}],"curies":[{"name":"wp","href":"https:\/\/api.w.org\/{rel}","templated":true}]}}