{"id":50505,"date":"2025-07-08T11:59:51","date_gmt":"2025-07-08T17:59:51","guid":{"rendered":"https:\/\/informante.mx\/?p=50505"},"modified":"2025-07-08T11:59:57","modified_gmt":"2025-07-08T17:59:57","slug":"segun-gobierno-federal-homicidios-en-mexico-caen-a-su-nivel-mas-bajo-desde-2016","status":"publish","type":"post","link":"https:\/\/informante.mx\/?p=50505","title":{"rendered":"Seg\u00fan Gobierno Federal: Homicidios en M\u00e9xico caen a su nivel m\u00e1s bajo desde 2016"},"content":{"rendered":"\n<h2 class=\"wp-block-heading\">M\u00e9xico registr\u00f3 en junio de 2025 su menor nivel de homicidios desde 2016. Harfuch reporta una ca\u00edda del 24.5% respecto a 2024 y la detenci\u00f3n de m\u00e1s de 25 mil personas<\/h2>\n\n\n\n<p><strong>Redacci\u00f3n Informante<\/strong><\/p>\n\n\n\n<p>Durante junio de 2025, M\u00e9xico alcanz\u00f3 su cifra m\u00e1s baja de\u00a0<strong>homicidios dolosos<\/strong>\u00a0desde 2016, con un promedio de 65.6 casos diarios, revel\u00f3 Marcela Figueroa, titular del Secretariado Ejecutivo del Sistema Nacional de Seguridad P\u00fablica (SESNSP). La funcionaria present\u00f3 el informe este lunes 8 de julio en Palacio Nacional, como parte de la conferencia matutina del gobierno federal.<\/p>\n\n\n\n<p>De acuerdo con los datos oficiales, esta cifra representa una disminuci\u00f3n del 24.5% en comparaci\u00f3n con septiembre de 2024, cuando se registraban en promedio 86.9 homicidios por d\u00eda. El resultado forma parte de una tendencia descendente sostenida durante los \u00faltimos nueve meses, atribuida a la estrategia nacional de seguridad impulsada por la administraci\u00f3n de la presidenta Claudia Sheinbaum.<\/p>\n\n\n\n<h3 class=\"wp-block-heading\">Reducci\u00f3n de homicidios en M\u00e9xico: cifras clave por entidad y comparaci\u00f3n anual<\/h3>\n\n\n\n<p>El informe del SESNSP incluye una revisi\u00f3n detallada de los\u00a0<strong>homicidios dolosos<\/strong>\u00a0por entidad federativa y su evoluci\u00f3n entre el primer semestre de 2024 y el de 2025. En total, 25 estados del pa\u00eds lograron reducir sus tasas de homicidio.<\/p>\n\n\n\n<p>Entre los casos m\u00e1s destacados se encuentran:<\/p>\n\n\n\n<ul class=\"wp-block-list\">\n<li>Zacatecas: -61.2%<\/li>\n\n\n\n<li>Chiapas: -58.2%<\/li>\n\n\n\n<li>Quintana Roo: -51.3%<\/li>\n\n\n\n<li>Tamaulipas: -50.4%<\/li>\n<\/ul>\n\n\n\n<figure class=\"wp-block-image\"><img decoding=\"async\" src=\"https:\/\/assets.ejecentral.com.mx\/dims4\/default\/f581a70\/2147483647\/strip\/true\/crop\/1364x768+1+0\/resize\/1000x563!\/quality\/90\/?url=https%3A%2F%2Fk3-prod-ejecentral.s3.us-west-2.amazonaws.com%2Fbrightspot%2F6f%2Fc7%2F951a6d5f4368ba256dd65b778f46%2Fcifras-de-seguridad-junio.jpg\" alt=\"Cifras de Seguridad Junio.jpg\"\/><\/figure>\n\n\n\n<figure class=\"wp-block-image\"><img decoding=\"async\" src=\"https:\/\/assets.ejecentral.com.mx\/dims4\/default\/c1d182c\/2147483647\/strip\/true\/crop\/1364x768+1+0\/resize\/1000x563!\/quality\/90\/?url=https%3A%2F%2Fk3-prod-ejecentral.s3.us-west-2.amazonaws.com%2Fbrightspot%2F6a%2F2f%2F70265d454e7387ad434dad0a6771%2Fcifras-de-seguridad-junio1.jpg\" alt=\"Cifras de Seguridad Junio1.jpg\"\/><\/figure>\n\n\n\n<p>En contraste, los seis estados que concentraron el mayor n\u00famero de homicidios en junio de 2025 fueron:<\/p>\n\n\n\n<ol start=\"1\" class=\"wp-block-list\">\n<li>Sinaloa (10.5% del total nacional)<\/li>\n\n\n\n<li>Guanajuato (8.7%)<\/li>\n\n\n\n<li>Baja California (8.2%)<\/li>\n\n\n\n<li>Chihuahua (8.1%)<\/li>\n\n\n\n<li>Estado de M\u00e9xico (6.8%)<\/li>\n\n\n\n<li>Michoac\u00e1n (6.6%)<\/li>\n<\/ol>\n\n\n\n<p>El promedio diario de homicidios durante el primer semestre de 2025 fue de 70.5, el m\u00e1s bajo desde que existen registros detallados (2015). Comparado con el mismo periodo de 2018, el descenso alcanza el 29.9%.https:\/\/www.youtube.com\/embed\/S-OpQd_QZ-8?enablejsapi=1<\/p>\n\n\n\n<p>Otros delitos con reducciones y \u00fanico delito al alza (en vi\u00f1etas)<\/p>\n\n\n\n<ul class=\"wp-block-list\">\n<li>\u2705 Secuestro: -72.2%<\/li>\n\n\n\n<li>\u2705 Robo a negocio con violencia: -55.6%<\/li>\n\n\n\n<li>\u2705 Robo de veh\u00edculo con violencia: -42.4%<\/li>\n\n\n\n<li>\u2705 Feminicidio: -24.2%<\/li>\n\n\n\n<li>\u26a0\ufe0f Extorsi\u00f3n: \u00fanico delito que no mostr\u00f3 reducci\u00f3n en el periodo<\/li>\n<\/ul>\n\n\n\n<h3 class=\"wp-block-heading\">Harfuch reporta operativos que respaldan baja de homicidios<\/h3>\n\n\n\n<p>Durante la misma conferencia, Omar Garc\u00eda Harfuch, secretario de Seguridad y Protecci\u00f3n Ciudadana, present\u00f3 un informe sobre los resultados operativos del gobierno federal entre el 1 de octubre de 2024 y el 3 de julio de 2025.<\/p>\n\n\n\n<p>Entre las acciones destacadas:<\/p>\n\n\n\n<ul class=\"wp-block-list\">\n<li>25,255 personas detenidas por delitos de alto impacto<\/li>\n\n\n\n<li>188 toneladas de droga aseguradas, incluyendo 1,425 kg y m\u00e1s de 3 millones de pastillas de fentanilo<\/li>\n\n\n\n<li>13,275 armas de fuego decomisadas<\/li>\n\n\n\n<li>1,160 laboratorios clandestinos destruidos en 21 estados<\/li>\n<\/ul>\n\n\n\n<p>En las \u00faltimas dos semanas: 1,137 detenciones, 17 toneladas de droga incautadas, 865 armas aseguradas y 20 laboratorios destruidos<a><\/a><\/p>\n\n\n\n<figure class=\"wp-block-image\"><img decoding=\"async\" src=\"https:\/\/assets.ejecentral.com.mx\/dims4\/default\/3cb60da\/2147483647\/strip\/true\/crop\/1364x768+1+0\/resize\/1000x563!\/quality\/90\/?url=https%3A%2F%2Fk3-prod-ejecentral.s3.us-west-2.amazonaws.com%2Fbrightspot%2Fca%2F40%2F366552884f3e93a70058c69d6e43%2Fcifras-de-seguridad-junio3.jpg\" alt=\"Cifras de Seguridad Junio3.jpg\"\/><\/figure>\n\n\n\n<figure class=\"wp-block-image\"><img decoding=\"async\" src=\"https:\/\/assets.ejecentral.com.mx\/dims4\/default\/c07f418\/2147483647\/strip\/true\/crop\/1364x768+1+0\/resize\/1000x563!\/quality\/90\/?url=https%3A%2F%2Fk3-prod-ejecentral.s3.us-west-2.amazonaws.com%2Fbrightspot%2F4b%2Fc2%2F658c28294306aa8a8c2e8a02e81a%2Fcifras-de-seguridad-junio2.jpg\" alt=\"Cifras de Seguridad Junio2.jpg\"\/><\/figure>\n\n\n\n<p>Harfuch explic\u00f3 que estas operaciones est\u00e1n dirigidas a debilitar financieramente a las organizaciones criminales y a evitar que contin\u00faen expandi\u00e9ndose en el territorio nacional.<\/p>\n\n\n\n<p>Los datos presentados por Marcela Figueroa y complementados por Garc\u00eda Harfuch reflejan una disminuci\u00f3n sostenida en la violencia letal en M\u00e9xico, con junio de 2025 como el mes con menos homicidios registrados en nueve a\u00f1os. Esta ca\u00edda coincide con una intensificaci\u00f3n de operativos de seguridad y coordinaci\u00f3n con estados, impulsada por el gobierno federal.<\/p>\n\n\n\n<p>Aunque persisten focos de alta incidencia en algunas entidades, la tendencia nacional sugiere que las medidas adoptadas est\u00e1n teniendo un efecto real y medible, tanto en t\u00e9rminos operativos como estad\u00edsticos.<\/p>\n\n\n\n<p><em>EjeCentral<\/em><\/p>\n\n\n\n<hr class=\"wp-block-separator has-alpha-channel-opacity\"\/>\n\n\n\n<p class=\"has-text-align-center\" style=\"font-size:17px\"><strong><i>Toda la informaci\u00f3n que necesitas saber la encuentras en nuestras <\/i><strong style=\"\"><em style=\"font-style: italic;\">redes sociales y canal de <\/em><\/strong><\/strong><a href=\"https:\/\/t.me\/informantemx\" target=\"_blank\" rel=\"noreferrer noopener\"><strong><em>Telegram<\/em><\/strong><\/a>. <\/p>\n\n\n\n<p class=\"has-text-align-center\" style=\"font-size:17px\"><strong><em>!\u00danete!<\/em><\/strong><\/p>\n\n\n\n<div class=\"wp-block-uagb-image aligncenter uagb-block-3acd28e8 wp-block-uagb-image--layout-default wp-block-uagb-image--effect-zoomin wp-block-uagb-image--align-center\"><figure class=\"wp-block-uagb-image__figure\"><a class=\"\" href=\"https:\/\/t.me\/informantemx\" target=\"\" rel=\"noopener\"><img decoding=\"async\" srcset=\"https:\/\/informante.mx\/wp-content\/uploads\/2023\/08\/Banner-Telegram-Verde-800x60-1.png ,https:\/\/informante.mx\/wp-content\/uploads\/2023\/08\/Banner-Telegram-Verde-800x60-1.png 780w, https:\/\/informante.mx\/wp-content\/uploads\/2023\/08\/Banner-Telegram-Verde-800x60-1.png 360w\" sizes=\"auto, (max-width: 480px) 150px\" src=\"https:\/\/informante.mx\/wp-content\/uploads\/2023\/08\/Banner-Telegram-Verde-800x60-1.png\" alt=\"\" class=\"uag-image-23275\" width=\"800\" height=\"60\" title=\"\" loading=\"lazy\" role=\"img\"\/><\/a><\/figure><\/div>\n\n\n\n<div class=\"wp-block-uagb-image aligncenter uagb-block-45ea2b31 wp-block-uagb-image--layout-default wp-block-uagb-image--effect-zoomin wp-block-uagb-image--align-center\"><figure class=\"wp-block-uagb-image__figure\"><a class=\"\" href=\"https:\/\/www.facebook.com\/MX.Informante\" target=\"\" rel=\"noopener\"><img decoding=\"async\" srcset=\"https:\/\/informante.mx\/wp-content\/uploads\/2023\/08\/Banner-Facebook-Verde-800x60-1.png ,https:\/\/informante.mx\/wp-content\/uploads\/2023\/08\/Banner-Facebook-Verde-800x60-1.png 780w, https:\/\/informante.mx\/wp-content\/uploads\/2023\/08\/Banner-Facebook-Verde-800x60-1.png 360w\" sizes=\"auto, (max-width: 480px) 150px\" src=\"https:\/\/informante.mx\/wp-content\/uploads\/2023\/08\/Banner-Facebook-Verde-800x60-1.png\" alt=\"\" class=\"uag-image-23274\" width=\"800\" height=\"60\" title=\"\" loading=\"lazy\" role=\"img\"\/><\/a><\/figure><\/div>\n\n\n\n<div class=\"wp-block-uagb-image aligncenter uagb-block-2ce4c51b wp-block-uagb-image--layout-default wp-block-uagb-image--effect-zoomin wp-block-uagb-image--align-center\"><figure class=\"wp-block-uagb-image__figure\"><a class=\"\" href=\"https:\/\/twitter.com\/mx_informante\" target=\"\" rel=\"noopener\"><img decoding=\"async\" srcset=\"https:\/\/informante.mx\/wp-content\/uploads\/2023\/08\/Banner-Twitter-Verde-800x60-1.png ,https:\/\/informante.mx\/wp-content\/uploads\/2023\/08\/Banner-Twitter-Verde-800x60-1.png 780w, https:\/\/informante.mx\/wp-content\/uploads\/2023\/08\/Banner-Twitter-Verde-800x60-1.png 360w\" sizes=\"auto, (max-width: 480px) 150px\" src=\"https:\/\/informante.mx\/wp-content\/uploads\/2023\/08\/Banner-Twitter-Verde-800x60-1.png\" alt=\"\" class=\"uag-image-23273\" width=\"800\" height=\"60\" title=\"\" loading=\"lazy\" role=\"img\"\/><\/a><\/figure><\/div>\n\n\n\n<div style=\"height:50px\" aria-hidden=\"true\" class=\"wp-block-spacer\"><\/div>\n","protected":false},"excerpt":{"rendered":"<p>M\u00e9xico registr\u00f3 en junio de 2025 su menor nivel de homicidios desde 2016. Harfuch reporta una ca\u00edda del 24.5% respecto a 2024 y la detenci\u00f3n de m\u00e1s de 25 mil personas<\/p>\n","protected":false},"author":1,"featured_media":44786,"comment_status":"open","ping_status":"closed","sticky":false,"template":"","format":"standard","meta":{"_uag_custom_page_level_css":"","jetpack_post_was_ever_published":false,"footnotes":""},"categories":[9],"tags":[31],"class_list":["post-50505","post","type-post","status-publish","format-standard","has-post-thumbnail","hentry","category-nacional","tag-nacional"],"yoast_head":"<!-- This site is optimized with the Yoast SEO plugin v27.3 - https:\/\/yoast.com\/product\/yoast-seo-wordpress\/ -->\n<title>Seg\u00fan Gobierno Federal: Homicidios en M\u00e9xico caen a su nivel m\u00e1s bajo desde 2016 - Informante.mx<\/title>\n<meta name=\"robots\" content=\"index, follow, max-snippet:-1, max-image-preview:large, max-video-preview:-1\" \/>\n<link rel=\"canonical\" href=\"https:\/\/informante.mx\/?p=50505\" \/>\n<meta property=\"og:locale\" content=\"es_ES\" \/>\n<meta property=\"og:type\" content=\"article\" \/>\n<meta property=\"og:title\" content=\"Seg\u00fan Gobierno Federal: Homicidios en M\u00e9xico caen a su nivel m\u00e1s bajo desde 2016 - Informante.mx\" \/>\n<meta property=\"og:description\" content=\"M\u00e9xico registr\u00f3 en junio de 2025 su menor nivel de homicidios desde 2016. Harfuch reporta una ca\u00edda del 24.5% respecto a 2024 y la detenci\u00f3n de m\u00e1s de 25 mil personas\" \/>\n<meta property=\"og:url\" content=\"https:\/\/informante.mx\/?p=50505\" \/>\n<meta property=\"og:site_name\" content=\"Informante.mx\" \/>\n<meta property=\"article:publisher\" content=\"https:\/\/www.facebook.com\/MX.Informante\" \/>\n<meta property=\"article:published_time\" content=\"2025-07-08T17:59:51+00:00\" \/>\n<meta property=\"article:modified_time\" content=\"2025-07-08T17:59:57+00:00\" \/>\n<meta property=\"og:image\" content=\"https:\/\/informante.mx\/wp-content\/uploads\/2025\/01\/Cinta-Policiaca-SEMEFO-Fosas-Calndestinas.jpg\" \/>\n\t<meta property=\"og:image:width\" content=\"1200\" \/>\n\t<meta property=\"og:image:height\" content=\"700\" \/>\n\t<meta property=\"og:image:type\" content=\"image\/jpeg\" \/>\n<meta name=\"author\" content=\"InformanteMX\" \/>\n<meta name=\"twitter:card\" content=\"summary_large_image\" \/>\n<meta name=\"twitter:creator\" content=\"@mx_informante\" \/>\n<meta name=\"twitter:site\" content=\"@mx_informante\" \/>\n<meta name=\"twitter:label1\" content=\"Escrito por\" \/>\n\t<meta name=\"twitter:data1\" content=\"InformanteMX\" \/>\n\t<meta name=\"twitter:label2\" content=\"Tiempo de lectura\" \/>\n\t<meta name=\"twitter:data2\" content=\"3 minutos\" \/>\n<script type=\"application\/ld+json\" class=\"yoast-schema-graph\">{\"@context\":\"https:\\\/\\\/schema.org\",\"@graph\":[{\"@type\":\"NewsArticle\",\"@id\":\"https:\\\/\\\/informante.mx\\\/?p=50505#article\",\"isPartOf\":{\"@id\":\"https:\\\/\\\/informante.mx\\\/?p=50505\"},\"author\":{\"name\":\"InformanteMX\",\"@id\":\"https:\\\/\\\/informante.mx\\\/#\\\/schema\\\/person\\\/3eff91989d2ea76b0a330b416325946c\"},\"headline\":\"Seg\u00fan Gobierno Federal: Homicidios en M\u00e9xico caen a su nivel m\u00e1s bajo desde 2016\",\"datePublished\":\"2025-07-08T17:59:51+00:00\",\"dateModified\":\"2025-07-08T17:59:57+00:00\",\"mainEntityOfPage\":{\"@id\":\"https:\\\/\\\/informante.mx\\\/?p=50505\"},\"wordCount\":559,\"commentCount\":0,\"publisher\":{\"@id\":\"https:\\\/\\\/informante.mx\\\/#organization\"},\"image\":{\"@id\":\"https:\\\/\\\/informante.mx\\\/?p=50505#primaryimage\"},\"thumbnailUrl\":\"https:\\\/\\\/informante.mx\\\/wp-content\\\/uploads\\\/2025\\\/01\\\/Cinta-Policiaca-SEMEFO-Fosas-Calndestinas.jpg\",\"keywords\":[\"Nacional\"],\"articleSection\":[\"Nacional\"],\"inLanguage\":\"es\",\"potentialAction\":[{\"@type\":\"CommentAction\",\"name\":\"Comment\",\"target\":[\"https:\\\/\\\/informante.mx\\\/?p=50505#respond\"]}]},{\"@type\":\"WebPage\",\"@id\":\"https:\\\/\\\/informante.mx\\\/?p=50505\",\"url\":\"https:\\\/\\\/informante.mx\\\/?p=50505\",\"name\":\"Seg\u00fan Gobierno Federal: Homicidios en M\u00e9xico caen a su nivel m\u00e1s bajo desde 2016 - Informante.mx\",\"isPartOf\":{\"@id\":\"https:\\\/\\\/informante.mx\\\/#website\"},\"primaryImageOfPage\":{\"@id\":\"https:\\\/\\\/informante.mx\\\/?p=50505#primaryimage\"},\"image\":{\"@id\":\"https:\\\/\\\/informante.mx\\\/?p=50505#primaryimage\"},\"thumbnailUrl\":\"https:\\\/\\\/informante.mx\\\/wp-content\\\/uploads\\\/2025\\\/01\\\/Cinta-Policiaca-SEMEFO-Fosas-Calndestinas.jpg\",\"datePublished\":\"2025-07-08T17:59:51+00:00\",\"dateModified\":\"2025-07-08T17:59:57+00:00\",\"breadcrumb\":{\"@id\":\"https:\\\/\\\/informante.mx\\\/?p=50505#breadcrumb\"},\"inLanguage\":\"es\",\"potentialAction\":[{\"@type\":\"ReadAction\",\"target\":[\"https:\\\/\\\/informante.mx\\\/?p=50505\"]}]},{\"@type\":\"ImageObject\",\"inLanguage\":\"es\",\"@id\":\"https:\\\/\\\/informante.mx\\\/?p=50505#primaryimage\",\"url\":\"https:\\\/\\\/informante.mx\\\/wp-content\\\/uploads\\\/2025\\\/01\\\/Cinta-Policiaca-SEMEFO-Fosas-Calndestinas.jpg\",\"contentUrl\":\"https:\\\/\\\/informante.mx\\\/wp-content\\\/uploads\\\/2025\\\/01\\\/Cinta-Policiaca-SEMEFO-Fosas-Calndestinas.jpg\",\"width\":1200,\"height\":700},{\"@type\":\"BreadcrumbList\",\"@id\":\"https:\\\/\\\/informante.mx\\\/?p=50505#breadcrumb\",\"itemListElement\":[{\"@type\":\"ListItem\",\"position\":1,\"name\":\"Portada\",\"item\":\"https:\\\/\\\/informante.mx\\\/\"},{\"@type\":\"ListItem\",\"position\":2,\"name\":\"Seg\u00fan Gobierno Federal: Homicidios en M\u00e9xico caen a su nivel m\u00e1s bajo desde 2016\"}]},{\"@type\":\"WebSite\",\"@id\":\"https:\\\/\\\/informante.mx\\\/#website\",\"url\":\"https:\\\/\\\/informante.mx\\\/\",\"name\":\"Informante.mx\",\"description\":\"\",\"publisher\":{\"@id\":\"https:\\\/\\\/informante.mx\\\/#organization\"},\"potentialAction\":[{\"@type\":\"SearchAction\",\"target\":{\"@type\":\"EntryPoint\",\"urlTemplate\":\"https:\\\/\\\/informante.mx\\\/?s={search_term_string}\"},\"query-input\":{\"@type\":\"PropertyValueSpecification\",\"valueRequired\":true,\"valueName\":\"search_term_string\"}}],\"inLanguage\":\"es\"},{\"@type\":\"Organization\",\"@id\":\"https:\\\/\\\/informante.mx\\\/#organization\",\"name\":\"Informante.mx\",\"url\":\"https:\\\/\\\/informante.mx\\\/\",\"logo\":{\"@type\":\"ImageObject\",\"inLanguage\":\"es\",\"@id\":\"https:\\\/\\\/informante.mx\\\/#\\\/schema\\\/logo\\\/image\\\/\",\"url\":\"https:\\\/\\\/informante.mx\\\/wp-content\\\/uploads\\\/2019\\\/12\\\/cropped-LOGO-Verde-Apaisado-1024x360O-1.png\",\"contentUrl\":\"https:\\\/\\\/informante.mx\\\/wp-content\\\/uploads\\\/2019\\\/12\\\/cropped-LOGO-Verde-Apaisado-1024x360O-1.png\",\"width\":923,\"height\":180,\"caption\":\"Informante.mx\"},\"image\":{\"@id\":\"https:\\\/\\\/informante.mx\\\/#\\\/schema\\\/logo\\\/image\\\/\"},\"sameAs\":[\"https:\\\/\\\/www.facebook.com\\\/MX.Informante\",\"https:\\\/\\\/x.com\\\/mx_informante\"]},{\"@type\":\"Person\",\"@id\":\"https:\\\/\\\/informante.mx\\\/#\\\/schema\\\/person\\\/3eff91989d2ea76b0a330b416325946c\",\"name\":\"InformanteMX\",\"image\":{\"@type\":\"ImageObject\",\"inLanguage\":\"es\",\"@id\":\"https:\\\/\\\/secure.gravatar.com\\\/avatar\\\/10d802aa739e832aedd2f3fd8544d878871eb22e6ca86fe9a548573e34a28f0e?s=96&d=mm&r=g\",\"url\":\"https:\\\/\\\/secure.gravatar.com\\\/avatar\\\/10d802aa739e832aedd2f3fd8544d878871eb22e6ca86fe9a548573e34a28f0e?s=96&d=mm&r=g\",\"contentUrl\":\"https:\\\/\\\/secure.gravatar.com\\\/avatar\\\/10d802aa739e832aedd2f3fd8544d878871eb22e6ca86fe9a548573e34a28f0e?s=96&d=mm&r=g\",\"caption\":\"InformanteMX\"},\"url\":\"https:\\\/\\\/informante.mx\\\/?author=1\"}]}<\/script>\n<!-- \/ Yoast SEO plugin. -->","yoast_head_json":{"title":"Seg\u00fan Gobierno Federal: Homicidios en M\u00e9xico caen a su nivel m\u00e1s bajo desde 2016 - Informante.mx","robots":{"index":"index","follow":"follow","max-snippet":"max-snippet:-1","max-image-preview":"max-image-preview:large","max-video-preview":"max-video-preview:-1"},"canonical":"https:\/\/informante.mx\/?p=50505","og_locale":"es_ES","og_type":"article","og_title":"Seg\u00fan Gobierno Federal: Homicidios en M\u00e9xico caen a su nivel m\u00e1s bajo desde 2016 - Informante.mx","og_description":"M\u00e9xico registr\u00f3 en junio de 2025 su menor nivel de homicidios desde 2016. Harfuch reporta una ca\u00edda del 24.5% respecto a 2024 y la detenci\u00f3n de m\u00e1s de 25 mil personas","og_url":"https:\/\/informante.mx\/?p=50505","og_site_name":"Informante.mx","article_publisher":"https:\/\/www.facebook.com\/MX.Informante","article_published_time":"2025-07-08T17:59:51+00:00","article_modified_time":"2025-07-08T17:59:57+00:00","og_image":[{"width":1200,"height":700,"url":"https:\/\/informante.mx\/wp-content\/uploads\/2025\/01\/Cinta-Policiaca-SEMEFO-Fosas-Calndestinas.jpg","type":"image\/jpeg"}],"author":"InformanteMX","twitter_card":"summary_large_image","twitter_creator":"@mx_informante","twitter_site":"@mx_informante","twitter_misc":{"Escrito por":"InformanteMX","Tiempo de lectura":"3 minutos"},"schema":{"@context":"https:\/\/schema.org","@graph":[{"@type":"NewsArticle","@id":"https:\/\/informante.mx\/?p=50505#article","isPartOf":{"@id":"https:\/\/informante.mx\/?p=50505"},"author":{"name":"InformanteMX","@id":"https:\/\/informante.mx\/#\/schema\/person\/3eff91989d2ea76b0a330b416325946c"},"headline":"Seg\u00fan Gobierno Federal: Homicidios en M\u00e9xico caen a su nivel m\u00e1s bajo desde 2016","datePublished":"2025-07-08T17:59:51+00:00","dateModified":"2025-07-08T17:59:57+00:00","mainEntityOfPage":{"@id":"https:\/\/informante.mx\/?p=50505"},"wordCount":559,"commentCount":0,"publisher":{"@id":"https:\/\/informante.mx\/#organization"},"image":{"@id":"https:\/\/informante.mx\/?p=50505#primaryimage"},"thumbnailUrl":"https:\/\/informante.mx\/wp-content\/uploads\/2025\/01\/Cinta-Policiaca-SEMEFO-Fosas-Calndestinas.jpg","keywords":["Nacional"],"articleSection":["Nacional"],"inLanguage":"es","potentialAction":[{"@type":"CommentAction","name":"Comment","target":["https:\/\/informante.mx\/?p=50505#respond"]}]},{"@type":"WebPage","@id":"https:\/\/informante.mx\/?p=50505","url":"https:\/\/informante.mx\/?p=50505","name":"Seg\u00fan Gobierno Federal: Homicidios en M\u00e9xico caen a su nivel m\u00e1s bajo desde 2016 - Informante.mx","isPartOf":{"@id":"https:\/\/informante.mx\/#website"},"primaryImageOfPage":{"@id":"https:\/\/informante.mx\/?p=50505#primaryimage"},"image":{"@id":"https:\/\/informante.mx\/?p=50505#primaryimage"},"thumbnailUrl":"https:\/\/informante.mx\/wp-content\/uploads\/2025\/01\/Cinta-Policiaca-SEMEFO-Fosas-Calndestinas.jpg","datePublished":"2025-07-08T17:59:51+00:00","dateModified":"2025-07-08T17:59:57+00:00","breadcrumb":{"@id":"https:\/\/informante.mx\/?p=50505#breadcrumb"},"inLanguage":"es","potentialAction":[{"@type":"ReadAction","target":["https:\/\/informante.mx\/?p=50505"]}]},{"@type":"ImageObject","inLanguage":"es","@id":"https:\/\/informante.mx\/?p=50505#primaryimage","url":"https:\/\/informante.mx\/wp-content\/uploads\/2025\/01\/Cinta-Policiaca-SEMEFO-Fosas-Calndestinas.jpg","contentUrl":"https:\/\/informante.mx\/wp-content\/uploads\/2025\/01\/Cinta-Policiaca-SEMEFO-Fosas-Calndestinas.jpg","width":1200,"height":700},{"@type":"BreadcrumbList","@id":"https:\/\/informante.mx\/?p=50505#breadcrumb","itemListElement":[{"@type":"ListItem","position":1,"name":"Portada","item":"https:\/\/informante.mx\/"},{"@type":"ListItem","position":2,"name":"Seg\u00fan Gobierno Federal: Homicidios en M\u00e9xico caen a su nivel m\u00e1s bajo desde 2016"}]},{"@type":"WebSite","@id":"https:\/\/informante.mx\/#website","url":"https:\/\/informante.mx\/","name":"Informante.mx","description":"","publisher":{"@id":"https:\/\/informante.mx\/#organization"},"potentialAction":[{"@type":"SearchAction","target":{"@type":"EntryPoint","urlTemplate":"https:\/\/informante.mx\/?s={search_term_string}"},"query-input":{"@type":"PropertyValueSpecification","valueRequired":true,"valueName":"search_term_string"}}],"inLanguage":"es"},{"@type":"Organization","@id":"https:\/\/informante.mx\/#organization","name":"Informante.mx","url":"https:\/\/informante.mx\/","logo":{"@type":"ImageObject","inLanguage":"es","@id":"https:\/\/informante.mx\/#\/schema\/logo\/image\/","url":"https:\/\/informante.mx\/wp-content\/uploads\/2019\/12\/cropped-LOGO-Verde-Apaisado-1024x360O-1.png","contentUrl":"https:\/\/informante.mx\/wp-content\/uploads\/2019\/12\/cropped-LOGO-Verde-Apaisado-1024x360O-1.png","width":923,"height":180,"caption":"Informante.mx"},"image":{"@id":"https:\/\/informante.mx\/#\/schema\/logo\/image\/"},"sameAs":["https:\/\/www.facebook.com\/MX.Informante","https:\/\/x.com\/mx_informante"]},{"@type":"Person","@id":"https:\/\/informante.mx\/#\/schema\/person\/3eff91989d2ea76b0a330b416325946c","name":"InformanteMX","image":{"@type":"ImageObject","inLanguage":"es","@id":"https:\/\/secure.gravatar.com\/avatar\/10d802aa739e832aedd2f3fd8544d878871eb22e6ca86fe9a548573e34a28f0e?s=96&d=mm&r=g","url":"https:\/\/secure.gravatar.com\/avatar\/10d802aa739e832aedd2f3fd8544d878871eb22e6ca86fe9a548573e34a28f0e?s=96&d=mm&r=g","contentUrl":"https:\/\/secure.gravatar.com\/avatar\/10d802aa739e832aedd2f3fd8544d878871eb22e6ca86fe9a548573e34a28f0e?s=96&d=mm&r=g","caption":"InformanteMX"},"url":"https:\/\/informante.mx\/?author=1"}]}},"jetpack_featured_media_url":"https:\/\/informante.mx\/wp-content\/uploads\/2025\/01\/Cinta-Policiaca-SEMEFO-Fosas-Calndestinas.jpg","uagb_featured_image_src":{"full":["https:\/\/informante.mx\/wp-content\/uploads\/2025\/01\/Cinta-Policiaca-SEMEFO-Fosas-Calndestinas.jpg",1200,700,false],"thumbnail":["https:\/\/informante.mx\/wp-content\/uploads\/2025\/01\/Cinta-Policiaca-SEMEFO-Fosas-Calndestinas-150x88.jpg",150,88,true],"medium":["https:\/\/informante.mx\/wp-content\/uploads\/2025\/01\/Cinta-Policiaca-SEMEFO-Fosas-Calndestinas-300x175.jpg",300,175,true],"medium_large":["https:\/\/informante.mx\/wp-content\/uploads\/2025\/01\/Cinta-Policiaca-SEMEFO-Fosas-Calndestinas-768x448.jpg",640,373,true],"large":["https:\/\/informante.mx\/wp-content\/uploads\/2025\/01\/Cinta-Policiaca-SEMEFO-Fosas-Calndestinas-1024x597.jpg",640,373,true],"1536x1536":["https:\/\/informante.mx\/wp-content\/uploads\/2025\/01\/Cinta-Policiaca-SEMEFO-Fosas-Calndestinas.jpg",1200,700,false],"2048x2048":["https:\/\/informante.mx\/wp-content\/uploads\/2025\/01\/Cinta-Policiaca-SEMEFO-Fosas-Calndestinas.jpg",1200,700,false],"td_0x420":["https:\/\/informante.mx\/wp-content\/uploads\/2025\/01\/Cinta-Policiaca-SEMEFO-Fosas-Calndestinas-720x420.jpg",720,420,true],"td_0x420_retina":["https:\/\/informante.mx\/wp-content\/uploads\/2025\/01\/Cinta-Policiaca-SEMEFO-Fosas-Calndestinas.jpg",1200,700,false],"td_80x60":["https:\/\/informante.mx\/wp-content\/uploads\/2025\/01\/Cinta-Policiaca-SEMEFO-Fosas-Calndestinas-80x60.jpg",80,60,true],"td_80x60_retina":["https:\/\/informante.mx\/wp-content\/uploads\/2025\/01\/Cinta-Policiaca-SEMEFO-Fosas-Calndestinas-160x120.jpg",160,120,true],"td_100x75":["https:\/\/informante.mx\/wp-content\/uploads\/2025\/01\/Cinta-Policiaca-SEMEFO-Fosas-Calndestinas-100x75.jpg",100,75,true],"td_100x75_retina":["https:\/\/informante.mx\/wp-content\/uploads\/2025\/01\/Cinta-Policiaca-SEMEFO-Fosas-Calndestinas-200x150.jpg",200,150,true],"td_180x135":["https:\/\/informante.mx\/wp-content\/uploads\/2025\/01\/Cinta-Policiaca-SEMEFO-Fosas-Calndestinas-180x135.jpg",180,135,true],"td_180x135_retina":["https:\/\/informante.mx\/wp-content\/uploads\/2025\/01\/Cinta-Policiaca-SEMEFO-Fosas-Calndestinas-360x270.jpg",360,270,true],"td_238x178":["https:\/\/informante.mx\/wp-content\/uploads\/2025\/01\/Cinta-Policiaca-SEMEFO-Fosas-Calndestinas-238x178.jpg",238,178,true],"td_238x178_retina":["https:\/\/informante.mx\/wp-content\/uploads\/2025\/01\/Cinta-Policiaca-SEMEFO-Fosas-Calndestinas-476x356.jpg",476,356,true],"td_265x198":["https:\/\/informante.mx\/wp-content\/uploads\/2025\/01\/Cinta-Policiaca-SEMEFO-Fosas-Calndestinas-265x198.jpg",265,198,true],"td_265x198_retina":["https:\/\/informante.mx\/wp-content\/uploads\/2025\/01\/Cinta-Policiaca-SEMEFO-Fosas-Calndestinas-530x396.jpg",530,396,true],"td_300x160":["https:\/\/informante.mx\/wp-content\/uploads\/2025\/01\/Cinta-Policiaca-SEMEFO-Fosas-Calndestinas-300x160.jpg",300,160,true],"td_300x160_retina":["https:\/\/informante.mx\/wp-content\/uploads\/2025\/01\/Cinta-Policiaca-SEMEFO-Fosas-Calndestinas-600x320.jpg",600,320,true],"td_300x194":["https:\/\/informante.mx\/wp-content\/uploads\/2025\/01\/Cinta-Policiaca-SEMEFO-Fosas-Calndestinas-300x194.jpg",300,194,true],"td_300x194_retina":["https:\/\/informante.mx\/wp-content\/uploads\/2025\/01\/Cinta-Policiaca-SEMEFO-Fosas-Calndestinas-600x388.jpg",600,388,true],"td_300x350":["https:\/\/informante.mx\/wp-content\/uploads\/2025\/01\/Cinta-Policiaca-SEMEFO-Fosas-Calndestinas-300x350.jpg",300,350,true],"td_300x350_retina":["https:\/\/informante.mx\/wp-content\/uploads\/2025\/01\/Cinta-Policiaca-SEMEFO-Fosas-Calndestinas-600x700.jpg",600,700,true],"td_341x220":["https:\/\/informante.mx\/wp-content\/uploads\/2025\/01\/Cinta-Policiaca-SEMEFO-Fosas-Calndestinas-341x220.jpg",341,220,true],"td_341x220_retina":["https:\/\/informante.mx\/wp-content\/uploads\/2025\/01\/Cinta-Policiaca-SEMEFO-Fosas-Calndestinas-682x440.jpg",682,440,true],"td_341x400":["https:\/\/informante.mx\/wp-content\/uploads\/2025\/01\/Cinta-Policiaca-SEMEFO-Fosas-Calndestinas-341x400.jpg",341,400,true],"td_341x400_retina":["https:\/\/informante.mx\/wp-content\/uploads\/2025\/01\/Cinta-Policiaca-SEMEFO-Fosas-Calndestinas-682x700.jpg",682,700,true],"td_511x400":["https:\/\/informante.mx\/wp-content\/uploads\/2025\/01\/Cinta-Policiaca-SEMEFO-Fosas-Calndestinas-511x400.jpg",511,400,true],"td_511x400_retina":["https:\/\/informante.mx\/wp-content\/uploads\/2025\/01\/Cinta-Policiaca-SEMEFO-Fosas-Calndestinas-1022x700.jpg",1022,700,true],"td_537x360":["https:\/\/informante.mx\/wp-content\/uploads\/2025\/01\/Cinta-Policiaca-SEMEFO-Fosas-Calndestinas-537x360.jpg",537,360,true],"td_537x360_retina":["https:\/\/informante.mx\/wp-content\/uploads\/2025\/01\/Cinta-Policiaca-SEMEFO-Fosas-Calndestinas-1074x700.jpg",1074,700,true],"td_640x0":["https:\/\/informante.mx\/wp-content\/uploads\/2025\/01\/Cinta-Policiaca-SEMEFO-Fosas-Calndestinas-640x373.jpg",640,373,true],"td_640x0_retina":["https:\/\/informante.mx\/wp-content\/uploads\/2025\/01\/Cinta-Policiaca-SEMEFO-Fosas-Calndestinas.jpg",1200,700,false],"td_640x350":["https:\/\/informante.mx\/wp-content\/uploads\/2025\/01\/Cinta-Policiaca-SEMEFO-Fosas-Calndestinas-640x350.jpg",640,350,true],"td_640x350_retina":["https:\/\/informante.mx\/wp-content\/uploads\/2025\/01\/Cinta-Policiaca-SEMEFO-Fosas-Calndestinas.jpg",1200,700,false],"td_681x0":["https:\/\/informante.mx\/wp-content\/uploads\/2025\/01\/Cinta-Policiaca-SEMEFO-Fosas-Calndestinas-681x397.jpg",681,397,true],"td_681x0_retina":["https:\/\/informante.mx\/wp-content\/uploads\/2025\/01\/Cinta-Policiaca-SEMEFO-Fosas-Calndestinas.jpg",1200,700,false],"td_681x400":["https:\/\/informante.mx\/wp-content\/uploads\/2025\/01\/Cinta-Policiaca-SEMEFO-Fosas-Calndestinas-681x400.jpg",681,400,true],"td_681x400_retina":["https:\/\/informante.mx\/wp-content\/uploads\/2025\/01\/Cinta-Policiaca-SEMEFO-Fosas-Calndestinas.jpg",1200,700,false],"td_741x486":["https:\/\/informante.mx\/wp-content\/uploads\/2025\/01\/Cinta-Policiaca-SEMEFO-Fosas-Calndestinas-741x486.jpg",741,486,true],"td_741x486_retina":["https:\/\/informante.mx\/wp-content\/uploads\/2025\/01\/Cinta-Policiaca-SEMEFO-Fosas-Calndestinas.jpg",1200,700,false],"td_1021x580":["https:\/\/informante.mx\/wp-content\/uploads\/2025\/01\/Cinta-Policiaca-SEMEFO-Fosas-Calndestinas-1021x580.jpg",1021,580,true],"td_1021x580_retina":["https:\/\/informante.mx\/wp-content\/uploads\/2025\/01\/Cinta-Policiaca-SEMEFO-Fosas-Calndestinas.jpg",1200,700,false]},"uagb_author_info":{"display_name":"InformanteMX","author_link":"https:\/\/informante.mx\/?author=1"},"uagb_comment_info":0,"uagb_excerpt":"M\u00e9xico registr\u00f3 en junio de 2025 su menor nivel de homicidios desde 2016. Harfuch reporta una ca\u00edda del 24.5% respecto a 2024 y la detenci\u00f3n de m\u00e1s de 25 mil personas","_links":{"self":[{"href":"https:\/\/informante.mx\/index.php?rest_route=\/wp\/v2\/posts\/50505","targetHints":{"allow":["GET"]}}],"collection":[{"href":"https:\/\/informante.mx\/index.php?rest_route=\/wp\/v2\/posts"}],"about":[{"href":"https:\/\/informante.mx\/index.php?rest_route=\/wp\/v2\/types\/post"}],"author":[{"embeddable":true,"href":"https:\/\/informante.mx\/index.php?rest_route=\/wp\/v2\/users\/1"}],"replies":[{"embeddable":true,"href":"https:\/\/informante.mx\/index.php?rest_route=%2Fwp%2Fv2%2Fcomments&post=50505"}],"version-history":[{"count":1,"href":"https:\/\/informante.mx\/index.php?rest_route=\/wp\/v2\/posts\/50505\/revisions"}],"predecessor-version":[{"id":50506,"href":"https:\/\/informante.mx\/index.php?rest_route=\/wp\/v2\/posts\/50505\/revisions\/50506"}],"wp:featuredmedia":[{"embeddable":true,"href":"https:\/\/informante.mx\/index.php?rest_route=\/wp\/v2\/media\/44786"}],"wp:attachment":[{"href":"https:\/\/informante.mx\/index.php?rest_route=%2Fwp%2Fv2%2Fmedia&parent=50505"}],"wp:term":[{"taxonomy":"category","embeddable":true,"href":"https:\/\/informante.mx\/index.php?rest_route=%2Fwp%2Fv2%2Fcategories&post=50505"},{"taxonomy":"post_tag","embeddable":true,"href":"https:\/\/informante.mx\/index.php?rest_route=%2Fwp%2Fv2%2Ftags&post=50505"}],"curies":[{"name":"wp","href":"https:\/\/api.w.org\/{rel}","templated":true}]}}