{"id":50499,"date":"2025-07-07T14:51:44","date_gmt":"2025-07-07T20:51:44","guid":{"rendered":"https:\/\/informante.mx\/?p=50499"},"modified":"2025-07-07T14:51:51","modified_gmt":"2025-07-07T20:51:51","slug":"veracruz-en-tercer-lugar-a-nivel-nacional-en-embarazo-infantil","status":"publish","type":"post","link":"https:\/\/informante.mx\/?p=50499","title":{"rendered":"Veracruz, en tercer lugar a nivel nacional en embarazo infantil\u00a0"},"content":{"rendered":"\n<p><\/p>\n\n\n\n<p>Xalapa, Ver.- Veracruz se mantiene como uno de los estados con mayor incidencia de embarazo infantil a nivel nacional, de ah\u00ed, la importancia de que se denuncie a los agresores.&nbsp;<\/p>\n\n\n\n<p>Lo anterior lo dio a conocer la integrante de Equifon\u00eda A.C. Araceli Gonz\u00e1lez Saavedra, quien lament\u00f3 que Veracruz ocupe el tercer lugar en embarazados infantiles.&nbsp;<\/p>\n\n\n\n<p>En ese sentido, coincidi\u00f3 en que el embarazo infantil es consecuencia de la violencia sexual y que se debe mejorar la coordinaci\u00f3n entre el sector salud y las Fiscal\u00edas estatales en cada uno de los casos.&nbsp;<\/p>\n\n\n\n<p>\u201cDebe haber una mejora urgente. Urge que desde el Gobierno federal se impulsen medidas efectivas para garantizar esta coordinaci\u00f3n interinstitucional, incluyendo el acompa\u00f1amiento que las Procuradur\u00edas municipales deben otorgar\u201d, se\u00f1al\u00f3.<\/p>\n\n\n\n<p>\u201cNos parece que tanto la gobernadora como la fiscal del Estado tendr\u00edan que estar informando respecto cu\u00e1les son las medidas que se aplican para garantizar esta coordinaci\u00f3n, porque cada nacimiento que ocurre en ni\u00f1as menores de 15 a\u00f1os es un fracaso del gobierno\u201d, agreg\u00f3.<\/p>\n\n\n\n<p>Araceli Gonz\u00e1lez reiter\u00f3 la advertencia respecto a que cada embarazo infantil constituye un delito, por lo que llam\u00f3 a fortalecer la denuncia y la atenci\u00f3n interinstitucional; ya que a las v\u00edctimas no se les est\u00e1 garantizando el derecho a la interrupci\u00f3n legal del embarazo.&nbsp;<\/p>\n","protected":false},"excerpt":{"rendered":"<p>se debe mejorar la coordinaci\u00f3n entre el sector salud y las Fiscal\u00edas estatales en cada uno de los casos.\u00a0<\/p>\n","protected":false},"author":1,"featured_media":50500,"comment_status":"open","ping_status":"closed","sticky":false,"template":"","format":"standard","meta":{"_uag_custom_page_level_css":"","jetpack_post_was_ever_published":false,"footnotes":""},"categories":[4],"tags":[33],"class_list":["post-50499","post","type-post","status-publish","format-standard","has-post-thumbnail","hentry","category-estatal","tag-veracruz"],"yoast_head":"<!-- This site is optimized with the Yoast SEO plugin v27.3 - https:\/\/yoast.com\/product\/yoast-seo-wordpress\/ -->\n<title>Veracruz, en tercer lugar a nivel nacional en embarazo infantil\u00a0 - Informante.mx<\/title>\n<meta name=\"robots\" content=\"index, follow, max-snippet:-1, max-image-preview:large, max-video-preview:-1\" \/>\n<link rel=\"canonical\" href=\"https:\/\/informante.mx\/?p=50499\" \/>\n<meta property=\"og:locale\" content=\"es_ES\" \/>\n<meta property=\"og:type\" content=\"article\" \/>\n<meta property=\"og:title\" content=\"Veracruz, en tercer lugar a nivel nacional en embarazo infantil\u00a0 - Informante.mx\" \/>\n<meta property=\"og:description\" content=\"se debe mejorar la coordinaci\u00f3n entre el sector salud y las Fiscal\u00edas estatales en cada uno de los casos.\u00a0\" \/>\n<meta property=\"og:url\" content=\"https:\/\/informante.mx\/?p=50499\" \/>\n<meta property=\"og:site_name\" content=\"Informante.mx\" \/>\n<meta property=\"article:publisher\" content=\"https:\/\/www.facebook.com\/MX.Informante\" \/>\n<meta property=\"article:published_time\" content=\"2025-07-07T20:51:44+00:00\" \/>\n<meta property=\"article:modified_time\" content=\"2025-07-07T20:51:51+00:00\" \/>\n<meta property=\"og:image\" content=\"https:\/\/informante.mx\/wp-content\/uploads\/2025\/07\/Captura-de-Pantalla-2025-07-07-a-las-14.51.11.png\" \/>\n\t<meta property=\"og:image:width\" content=\"664\" \/>\n\t<meta property=\"og:image:height\" content=\"378\" \/>\n\t<meta property=\"og:image:type\" content=\"image\/png\" \/>\n<meta name=\"author\" content=\"InformanteMX\" \/>\n<meta name=\"twitter:card\" content=\"summary_large_image\" \/>\n<meta name=\"twitter:creator\" content=\"@mx_informante\" \/>\n<meta name=\"twitter:site\" content=\"@mx_informante\" \/>\n<meta name=\"twitter:label1\" content=\"Escrito por\" \/>\n\t<meta name=\"twitter:data1\" content=\"InformanteMX\" \/>\n\t<meta name=\"twitter:label2\" content=\"Tiempo de lectura\" \/>\n\t<meta name=\"twitter:data2\" content=\"1 minuto\" \/>\n<script type=\"application\/ld+json\" class=\"yoast-schema-graph\">{\"@context\":\"https:\\\/\\\/schema.org\",\"@graph\":[{\"@type\":\"NewsArticle\",\"@id\":\"https:\\\/\\\/informante.mx\\\/?p=50499#article\",\"isPartOf\":{\"@id\":\"https:\\\/\\\/informante.mx\\\/?p=50499\"},\"author\":{\"name\":\"InformanteMX\",\"@id\":\"https:\\\/\\\/informante.mx\\\/#\\\/schema\\\/person\\\/3eff91989d2ea76b0a330b416325946c\"},\"headline\":\"Veracruz, en tercer lugar a nivel nacional en embarazo infantil\u00a0\",\"datePublished\":\"2025-07-07T20:51:44+00:00\",\"dateModified\":\"2025-07-07T20:51:51+00:00\",\"mainEntityOfPage\":{\"@id\":\"https:\\\/\\\/informante.mx\\\/?p=50499\"},\"wordCount\":241,\"commentCount\":0,\"publisher\":{\"@id\":\"https:\\\/\\\/informante.mx\\\/#organization\"},\"image\":{\"@id\":\"https:\\\/\\\/informante.mx\\\/?p=50499#primaryimage\"},\"thumbnailUrl\":\"https:\\\/\\\/informante.mx\\\/wp-content\\\/uploads\\\/2025\\\/07\\\/Captura-de-Pantalla-2025-07-07-a-las-14.51.11.png\",\"keywords\":[\"Veracruz\"],\"articleSection\":[\"Estatal\"],\"inLanguage\":\"es\",\"potentialAction\":[{\"@type\":\"CommentAction\",\"name\":\"Comment\",\"target\":[\"https:\\\/\\\/informante.mx\\\/?p=50499#respond\"]}]},{\"@type\":\"WebPage\",\"@id\":\"https:\\\/\\\/informante.mx\\\/?p=50499\",\"url\":\"https:\\\/\\\/informante.mx\\\/?p=50499\",\"name\":\"Veracruz, en tercer lugar a nivel nacional en embarazo infantil\u00a0 - Informante.mx\",\"isPartOf\":{\"@id\":\"https:\\\/\\\/informante.mx\\\/#website\"},\"primaryImageOfPage\":{\"@id\":\"https:\\\/\\\/informante.mx\\\/?p=50499#primaryimage\"},\"image\":{\"@id\":\"https:\\\/\\\/informante.mx\\\/?p=50499#primaryimage\"},\"thumbnailUrl\":\"https:\\\/\\\/informante.mx\\\/wp-content\\\/uploads\\\/2025\\\/07\\\/Captura-de-Pantalla-2025-07-07-a-las-14.51.11.png\",\"datePublished\":\"2025-07-07T20:51:44+00:00\",\"dateModified\":\"2025-07-07T20:51:51+00:00\",\"breadcrumb\":{\"@id\":\"https:\\\/\\\/informante.mx\\\/?p=50499#breadcrumb\"},\"inLanguage\":\"es\",\"potentialAction\":[{\"@type\":\"ReadAction\",\"target\":[\"https:\\\/\\\/informante.mx\\\/?p=50499\"]}]},{\"@type\":\"ImageObject\",\"inLanguage\":\"es\",\"@id\":\"https:\\\/\\\/informante.mx\\\/?p=50499#primaryimage\",\"url\":\"https:\\\/\\\/informante.mx\\\/wp-content\\\/uploads\\\/2025\\\/07\\\/Captura-de-Pantalla-2025-07-07-a-las-14.51.11.png\",\"contentUrl\":\"https:\\\/\\\/informante.mx\\\/wp-content\\\/uploads\\\/2025\\\/07\\\/Captura-de-Pantalla-2025-07-07-a-las-14.51.11.png\",\"width\":664,\"height\":378},{\"@type\":\"BreadcrumbList\",\"@id\":\"https:\\\/\\\/informante.mx\\\/?p=50499#breadcrumb\",\"itemListElement\":[{\"@type\":\"ListItem\",\"position\":1,\"name\":\"Portada\",\"item\":\"https:\\\/\\\/informante.mx\\\/\"},{\"@type\":\"ListItem\",\"position\":2,\"name\":\"Veracruz, en tercer lugar a nivel nacional en embarazo infantil\u00a0\"}]},{\"@type\":\"WebSite\",\"@id\":\"https:\\\/\\\/informante.mx\\\/#website\",\"url\":\"https:\\\/\\\/informante.mx\\\/\",\"name\":\"Informante.mx\",\"description\":\"\",\"publisher\":{\"@id\":\"https:\\\/\\\/informante.mx\\\/#organization\"},\"potentialAction\":[{\"@type\":\"SearchAction\",\"target\":{\"@type\":\"EntryPoint\",\"urlTemplate\":\"https:\\\/\\\/informante.mx\\\/?s={search_term_string}\"},\"query-input\":{\"@type\":\"PropertyValueSpecification\",\"valueRequired\":true,\"valueName\":\"search_term_string\"}}],\"inLanguage\":\"es\"},{\"@type\":\"Organization\",\"@id\":\"https:\\\/\\\/informante.mx\\\/#organization\",\"name\":\"Informante.mx\",\"url\":\"https:\\\/\\\/informante.mx\\\/\",\"logo\":{\"@type\":\"ImageObject\",\"inLanguage\":\"es\",\"@id\":\"https:\\\/\\\/informante.mx\\\/#\\\/schema\\\/logo\\\/image\\\/\",\"url\":\"https:\\\/\\\/informante.mx\\\/wp-content\\\/uploads\\\/2019\\\/12\\\/cropped-LOGO-Verde-Apaisado-1024x360O-1.png\",\"contentUrl\":\"https:\\\/\\\/informante.mx\\\/wp-content\\\/uploads\\\/2019\\\/12\\\/cropped-LOGO-Verde-Apaisado-1024x360O-1.png\",\"width\":923,\"height\":180,\"caption\":\"Informante.mx\"},\"image\":{\"@id\":\"https:\\\/\\\/informante.mx\\\/#\\\/schema\\\/logo\\\/image\\\/\"},\"sameAs\":[\"https:\\\/\\\/www.facebook.com\\\/MX.Informante\",\"https:\\\/\\\/x.com\\\/mx_informante\"]},{\"@type\":\"Person\",\"@id\":\"https:\\\/\\\/informante.mx\\\/#\\\/schema\\\/person\\\/3eff91989d2ea76b0a330b416325946c\",\"name\":\"InformanteMX\",\"image\":{\"@type\":\"ImageObject\",\"inLanguage\":\"es\",\"@id\":\"https:\\\/\\\/secure.gravatar.com\\\/avatar\\\/10d802aa739e832aedd2f3fd8544d878871eb22e6ca86fe9a548573e34a28f0e?s=96&d=mm&r=g\",\"url\":\"https:\\\/\\\/secure.gravatar.com\\\/avatar\\\/10d802aa739e832aedd2f3fd8544d878871eb22e6ca86fe9a548573e34a28f0e?s=96&d=mm&r=g\",\"contentUrl\":\"https:\\\/\\\/secure.gravatar.com\\\/avatar\\\/10d802aa739e832aedd2f3fd8544d878871eb22e6ca86fe9a548573e34a28f0e?s=96&d=mm&r=g\",\"caption\":\"InformanteMX\"},\"url\":\"https:\\\/\\\/informante.mx\\\/?author=1\"}]}<\/script>\n<!-- \/ Yoast SEO plugin. -->","yoast_head_json":{"title":"Veracruz, en tercer lugar a nivel nacional en embarazo infantil\u00a0 - Informante.mx","robots":{"index":"index","follow":"follow","max-snippet":"max-snippet:-1","max-image-preview":"max-image-preview:large","max-video-preview":"max-video-preview:-1"},"canonical":"https:\/\/informante.mx\/?p=50499","og_locale":"es_ES","og_type":"article","og_title":"Veracruz, en tercer lugar a nivel nacional en embarazo infantil\u00a0 - Informante.mx","og_description":"se debe mejorar la coordinaci\u00f3n entre el sector salud y las Fiscal\u00edas estatales en cada uno de los casos.\u00a0","og_url":"https:\/\/informante.mx\/?p=50499","og_site_name":"Informante.mx","article_publisher":"https:\/\/www.facebook.com\/MX.Informante","article_published_time":"2025-07-07T20:51:44+00:00","article_modified_time":"2025-07-07T20:51:51+00:00","og_image":[{"width":664,"height":378,"url":"https:\/\/informante.mx\/wp-content\/uploads\/2025\/07\/Captura-de-Pantalla-2025-07-07-a-las-14.51.11.png","type":"image\/png"}],"author":"InformanteMX","twitter_card":"summary_large_image","twitter_creator":"@mx_informante","twitter_site":"@mx_informante","twitter_misc":{"Escrito por":"InformanteMX","Tiempo de lectura":"1 minuto"},"schema":{"@context":"https:\/\/schema.org","@graph":[{"@type":"NewsArticle","@id":"https:\/\/informante.mx\/?p=50499#article","isPartOf":{"@id":"https:\/\/informante.mx\/?p=50499"},"author":{"name":"InformanteMX","@id":"https:\/\/informante.mx\/#\/schema\/person\/3eff91989d2ea76b0a330b416325946c"},"headline":"Veracruz, en tercer lugar a nivel nacional en embarazo infantil\u00a0","datePublished":"2025-07-07T20:51:44+00:00","dateModified":"2025-07-07T20:51:51+00:00","mainEntityOfPage":{"@id":"https:\/\/informante.mx\/?p=50499"},"wordCount":241,"commentCount":0,"publisher":{"@id":"https:\/\/informante.mx\/#organization"},"image":{"@id":"https:\/\/informante.mx\/?p=50499#primaryimage"},"thumbnailUrl":"https:\/\/informante.mx\/wp-content\/uploads\/2025\/07\/Captura-de-Pantalla-2025-07-07-a-las-14.51.11.png","keywords":["Veracruz"],"articleSection":["Estatal"],"inLanguage":"es","potentialAction":[{"@type":"CommentAction","name":"Comment","target":["https:\/\/informante.mx\/?p=50499#respond"]}]},{"@type":"WebPage","@id":"https:\/\/informante.mx\/?p=50499","url":"https:\/\/informante.mx\/?p=50499","name":"Veracruz, en tercer lugar a nivel nacional en embarazo infantil\u00a0 - Informante.mx","isPartOf":{"@id":"https:\/\/informante.mx\/#website"},"primaryImageOfPage":{"@id":"https:\/\/informante.mx\/?p=50499#primaryimage"},"image":{"@id":"https:\/\/informante.mx\/?p=50499#primaryimage"},"thumbnailUrl":"https:\/\/informante.mx\/wp-content\/uploads\/2025\/07\/Captura-de-Pantalla-2025-07-07-a-las-14.51.11.png","datePublished":"2025-07-07T20:51:44+00:00","dateModified":"2025-07-07T20:51:51+00:00","breadcrumb":{"@id":"https:\/\/informante.mx\/?p=50499#breadcrumb"},"inLanguage":"es","potentialAction":[{"@type":"ReadAction","target":["https:\/\/informante.mx\/?p=50499"]}]},{"@type":"ImageObject","inLanguage":"es","@id":"https:\/\/informante.mx\/?p=50499#primaryimage","url":"https:\/\/informante.mx\/wp-content\/uploads\/2025\/07\/Captura-de-Pantalla-2025-07-07-a-las-14.51.11.png","contentUrl":"https:\/\/informante.mx\/wp-content\/uploads\/2025\/07\/Captura-de-Pantalla-2025-07-07-a-las-14.51.11.png","width":664,"height":378},{"@type":"BreadcrumbList","@id":"https:\/\/informante.mx\/?p=50499#breadcrumb","itemListElement":[{"@type":"ListItem","position":1,"name":"Portada","item":"https:\/\/informante.mx\/"},{"@type":"ListItem","position":2,"name":"Veracruz, en tercer lugar a nivel nacional en embarazo infantil\u00a0"}]},{"@type":"WebSite","@id":"https:\/\/informante.mx\/#website","url":"https:\/\/informante.mx\/","name":"Informante.mx","description":"","publisher":{"@id":"https:\/\/informante.mx\/#organization"},"potentialAction":[{"@type":"SearchAction","target":{"@type":"EntryPoint","urlTemplate":"https:\/\/informante.mx\/?s={search_term_string}"},"query-input":{"@type":"PropertyValueSpecification","valueRequired":true,"valueName":"search_term_string"}}],"inLanguage":"es"},{"@type":"Organization","@id":"https:\/\/informante.mx\/#organization","name":"Informante.mx","url":"https:\/\/informante.mx\/","logo":{"@type":"ImageObject","inLanguage":"es","@id":"https:\/\/informante.mx\/#\/schema\/logo\/image\/","url":"https:\/\/informante.mx\/wp-content\/uploads\/2019\/12\/cropped-LOGO-Verde-Apaisado-1024x360O-1.png","contentUrl":"https:\/\/informante.mx\/wp-content\/uploads\/2019\/12\/cropped-LOGO-Verde-Apaisado-1024x360O-1.png","width":923,"height":180,"caption":"Informante.mx"},"image":{"@id":"https:\/\/informante.mx\/#\/schema\/logo\/image\/"},"sameAs":["https:\/\/www.facebook.com\/MX.Informante","https:\/\/x.com\/mx_informante"]},{"@type":"Person","@id":"https:\/\/informante.mx\/#\/schema\/person\/3eff91989d2ea76b0a330b416325946c","name":"InformanteMX","image":{"@type":"ImageObject","inLanguage":"es","@id":"https:\/\/secure.gravatar.com\/avatar\/10d802aa739e832aedd2f3fd8544d878871eb22e6ca86fe9a548573e34a28f0e?s=96&d=mm&r=g","url":"https:\/\/secure.gravatar.com\/avatar\/10d802aa739e832aedd2f3fd8544d878871eb22e6ca86fe9a548573e34a28f0e?s=96&d=mm&r=g","contentUrl":"https:\/\/secure.gravatar.com\/avatar\/10d802aa739e832aedd2f3fd8544d878871eb22e6ca86fe9a548573e34a28f0e?s=96&d=mm&r=g","caption":"InformanteMX"},"url":"https:\/\/informante.mx\/?author=1"}]}},"jetpack_featured_media_url":"https:\/\/informante.mx\/wp-content\/uploads\/2025\/07\/Captura-de-Pantalla-2025-07-07-a-las-14.51.11.png","uagb_featured_image_src":{"full":["https:\/\/informante.mx\/wp-content\/uploads\/2025\/07\/Captura-de-Pantalla-2025-07-07-a-las-14.51.11.png",664,378,false],"thumbnail":["https:\/\/informante.mx\/wp-content\/uploads\/2025\/07\/Captura-de-Pantalla-2025-07-07-a-las-14.51.11-150x85.png",150,85,true],"medium":["https:\/\/informante.mx\/wp-content\/uploads\/2025\/07\/Captura-de-Pantalla-2025-07-07-a-las-14.51.11-300x171.png",300,171,true],"medium_large":["https:\/\/informante.mx\/wp-content\/uploads\/2025\/07\/Captura-de-Pantalla-2025-07-07-a-las-14.51.11.png",640,364,false],"large":["https:\/\/informante.mx\/wp-content\/uploads\/2025\/07\/Captura-de-Pantalla-2025-07-07-a-las-14.51.11.png",640,364,false],"1536x1536":["https:\/\/informante.mx\/wp-content\/uploads\/2025\/07\/Captura-de-Pantalla-2025-07-07-a-las-14.51.11.png",664,378,false],"2048x2048":["https:\/\/informante.mx\/wp-content\/uploads\/2025\/07\/Captura-de-Pantalla-2025-07-07-a-las-14.51.11.png",664,378,false],"td_0x420":["https:\/\/informante.mx\/wp-content\/uploads\/2025\/07\/Captura-de-Pantalla-2025-07-07-a-las-14.51.11.png",664,378,false],"td_0x420_retina":["https:\/\/informante.mx\/wp-content\/uploads\/2025\/07\/Captura-de-Pantalla-2025-07-07-a-las-14.51.11.png",664,378,false],"td_80x60":["https:\/\/informante.mx\/wp-content\/uploads\/2025\/07\/Captura-de-Pantalla-2025-07-07-a-las-14.51.11-80x60.png",80,60,true],"td_80x60_retina":["https:\/\/informante.mx\/wp-content\/uploads\/2025\/07\/Captura-de-Pantalla-2025-07-07-a-las-14.51.11-160x120.png",160,120,true],"td_100x75":["https:\/\/informante.mx\/wp-content\/uploads\/2025\/07\/Captura-de-Pantalla-2025-07-07-a-las-14.51.11-100x75.png",100,75,true],"td_100x75_retina":["https:\/\/informante.mx\/wp-content\/uploads\/2025\/07\/Captura-de-Pantalla-2025-07-07-a-las-14.51.11-200x150.png",200,150,true],"td_180x135":["https:\/\/informante.mx\/wp-content\/uploads\/2025\/07\/Captura-de-Pantalla-2025-07-07-a-las-14.51.11-180x135.png",180,135,true],"td_180x135_retina":["https:\/\/informante.mx\/wp-content\/uploads\/2025\/07\/Captura-de-Pantalla-2025-07-07-a-las-14.51.11-360x270.png",360,270,true],"td_238x178":["https:\/\/informante.mx\/wp-content\/uploads\/2025\/07\/Captura-de-Pantalla-2025-07-07-a-las-14.51.11-238x178.png",238,178,true],"td_238x178_retina":["https:\/\/informante.mx\/wp-content\/uploads\/2025\/07\/Captura-de-Pantalla-2025-07-07-a-las-14.51.11-476x356.png",476,356,true],"td_265x198":["https:\/\/informante.mx\/wp-content\/uploads\/2025\/07\/Captura-de-Pantalla-2025-07-07-a-las-14.51.11-265x198.png",265,198,true],"td_265x198_retina":["https:\/\/informante.mx\/wp-content\/uploads\/2025\/07\/Captura-de-Pantalla-2025-07-07-a-las-14.51.11-530x378.png",530,378,true],"td_300x160":["https:\/\/informante.mx\/wp-content\/uploads\/2025\/07\/Captura-de-Pantalla-2025-07-07-a-las-14.51.11-300x160.png",300,160,true],"td_300x160_retina":["https:\/\/informante.mx\/wp-content\/uploads\/2025\/07\/Captura-de-Pantalla-2025-07-07-a-las-14.51.11-600x320.png",600,320,true],"td_300x194":["https:\/\/informante.mx\/wp-content\/uploads\/2025\/07\/Captura-de-Pantalla-2025-07-07-a-las-14.51.11-300x194.png",300,194,true],"td_300x194_retina":["https:\/\/informante.mx\/wp-content\/uploads\/2025\/07\/Captura-de-Pantalla-2025-07-07-a-las-14.51.11-600x378.png",600,378,true],"td_300x350":["https:\/\/informante.mx\/wp-content\/uploads\/2025\/07\/Captura-de-Pantalla-2025-07-07-a-las-14.51.11-300x350.png",300,350,true],"td_300x350_retina":["https:\/\/informante.mx\/wp-content\/uploads\/2025\/07\/Captura-de-Pantalla-2025-07-07-a-las-14.51.11-600x378.png",600,378,true],"td_341x220":["https:\/\/informante.mx\/wp-content\/uploads\/2025\/07\/Captura-de-Pantalla-2025-07-07-a-las-14.51.11-341x220.png",341,220,true],"td_341x220_retina":["https:\/\/informante.mx\/wp-content\/uploads\/2025\/07\/Captura-de-Pantalla-2025-07-07-a-las-14.51.11.png",664,378,false],"td_341x400":["https:\/\/informante.mx\/wp-content\/uploads\/2025\/07\/Captura-de-Pantalla-2025-07-07-a-las-14.51.11-341x378.png",341,378,true],"td_341x400_retina":["https:\/\/informante.mx\/wp-content\/uploads\/2025\/07\/Captura-de-Pantalla-2025-07-07-a-las-14.51.11.png",664,378,false],"td_511x400":["https:\/\/informante.mx\/wp-content\/uploads\/2025\/07\/Captura-de-Pantalla-2025-07-07-a-las-14.51.11-511x378.png",511,378,true],"td_511x400_retina":["https:\/\/informante.mx\/wp-content\/uploads\/2025\/07\/Captura-de-Pantalla-2025-07-07-a-las-14.51.11.png",664,378,false],"td_537x360":["https:\/\/informante.mx\/wp-content\/uploads\/2025\/07\/Captura-de-Pantalla-2025-07-07-a-las-14.51.11-537x360.png",537,360,true],"td_537x360_retina":["https:\/\/informante.mx\/wp-content\/uploads\/2025\/07\/Captura-de-Pantalla-2025-07-07-a-las-14.51.11.png",664,378,false],"td_640x0":["https:\/\/informante.mx\/wp-content\/uploads\/2025\/07\/Captura-de-Pantalla-2025-07-07-a-las-14.51.11-640x364.png",640,364,true],"td_640x0_retina":["https:\/\/informante.mx\/wp-content\/uploads\/2025\/07\/Captura-de-Pantalla-2025-07-07-a-las-14.51.11.png",664,378,false],"td_640x350":["https:\/\/informante.mx\/wp-content\/uploads\/2025\/07\/Captura-de-Pantalla-2025-07-07-a-las-14.51.11-640x350.png",640,350,true],"td_640x350_retina":["https:\/\/informante.mx\/wp-content\/uploads\/2025\/07\/Captura-de-Pantalla-2025-07-07-a-las-14.51.11.png",664,378,false],"td_681x0":["https:\/\/informante.mx\/wp-content\/uploads\/2025\/07\/Captura-de-Pantalla-2025-07-07-a-las-14.51.11.png",664,378,false],"td_681x0_retina":["https:\/\/informante.mx\/wp-content\/uploads\/2025\/07\/Captura-de-Pantalla-2025-07-07-a-las-14.51.11.png",664,378,false],"td_681x400":["https:\/\/informante.mx\/wp-content\/uploads\/2025\/07\/Captura-de-Pantalla-2025-07-07-a-las-14.51.11.png",664,378,false],"td_681x400_retina":["https:\/\/informante.mx\/wp-content\/uploads\/2025\/07\/Captura-de-Pantalla-2025-07-07-a-las-14.51.11.png",664,378,false],"td_741x486":["https:\/\/informante.mx\/wp-content\/uploads\/2025\/07\/Captura-de-Pantalla-2025-07-07-a-las-14.51.11.png",664,378,false],"td_741x486_retina":["https:\/\/informante.mx\/wp-content\/uploads\/2025\/07\/Captura-de-Pantalla-2025-07-07-a-las-14.51.11.png",664,378,false],"td_1021x580":["https:\/\/informante.mx\/wp-content\/uploads\/2025\/07\/Captura-de-Pantalla-2025-07-07-a-las-14.51.11.png",664,378,false],"td_1021x580_retina":["https:\/\/informante.mx\/wp-content\/uploads\/2025\/07\/Captura-de-Pantalla-2025-07-07-a-las-14.51.11.png",664,378,false]},"uagb_author_info":{"display_name":"InformanteMX","author_link":"https:\/\/informante.mx\/?author=1"},"uagb_comment_info":0,"uagb_excerpt":"se debe mejorar la coordinaci\u00f3n entre el sector salud y las Fiscal\u00edas estatales en cada uno de los casos.\u00a0","_links":{"self":[{"href":"https:\/\/informante.mx\/index.php?rest_route=\/wp\/v2\/posts\/50499","targetHints":{"allow":["GET"]}}],"collection":[{"href":"https:\/\/informante.mx\/index.php?rest_route=\/wp\/v2\/posts"}],"about":[{"href":"https:\/\/informante.mx\/index.php?rest_route=\/wp\/v2\/types\/post"}],"author":[{"embeddable":true,"href":"https:\/\/informante.mx\/index.php?rest_route=\/wp\/v2\/users\/1"}],"replies":[{"embeddable":true,"href":"https:\/\/informante.mx\/index.php?rest_route=%2Fwp%2Fv2%2Fcomments&post=50499"}],"version-history":[{"count":1,"href":"https:\/\/informante.mx\/index.php?rest_route=\/wp\/v2\/posts\/50499\/revisions"}],"predecessor-version":[{"id":50501,"href":"https:\/\/informante.mx\/index.php?rest_route=\/wp\/v2\/posts\/50499\/revisions\/50501"}],"wp:featuredmedia":[{"embeddable":true,"href":"https:\/\/informante.mx\/index.php?rest_route=\/wp\/v2\/media\/50500"}],"wp:attachment":[{"href":"https:\/\/informante.mx\/index.php?rest_route=%2Fwp%2Fv2%2Fmedia&parent=50499"}],"wp:term":[{"taxonomy":"category","embeddable":true,"href":"https:\/\/informante.mx\/index.php?rest_route=%2Fwp%2Fv2%2Fcategories&post=50499"},{"taxonomy":"post_tag","embeddable":true,"href":"https:\/\/informante.mx\/index.php?rest_route=%2Fwp%2Fv2%2Ftags&post=50499"}],"curies":[{"name":"wp","href":"https:\/\/api.w.org\/{rel}","templated":true}]}}