{"id":50192,"date":"2025-06-27T11:57:23","date_gmt":"2025-06-27T17:57:23","guid":{"rendered":"https:\/\/informante.mx\/?p=50192"},"modified":"2025-06-27T12:01:14","modified_gmt":"2025-06-27T18:01:14","slug":"aprueba-congreso-nuevas-leyes-de-transparencia-y-de-proteccion-de-datos","status":"publish","type":"post","link":"https:\/\/informante.mx\/?p=50192","title":{"rendered":"Aprueba Congreso nuevas leyes de Transparencia y de Protecci\u00f3n de Datos"},"content":{"rendered":"\n<h2 class=\"wp-block-heading\">Avalan diputadas y diputados la nueva legislaci\u00f3n, propuestas por la gobernadora de Veracruz, Roc\u00edo Nahle, que dar\u00e1 certeza al derecho de acceso a la informaci\u00f3n y protecci\u00f3n de datos.<\/h2>\n\n\n\n<p><strong>Redacci\u00f3n Informante<\/strong><\/p>\n\n\n\n<p><strong>Xalapa, Ver., 26 de junio de 2025.- <\/strong>Por mayor\u00eda de votos, el Pleno de la LXVII Legislatura aprob\u00f3 las nuevas leyes De Transparencia y Acceso a la Informaci\u00f3n P\u00fablica y De Protecci\u00f3n de Datos Personales en Posesi\u00f3n de Sujetos Obligados, ambas del estado, propuestas el pasado 19 de junio por la gobernadora de Veracruz, Roc\u00edo Nahle Garc\u00eda.<\/p>\n\n\n\n<p>En la d\u00e9cima sesi\u00f3n, \u00faltima del Segundo Periodo Ordinario, se puso a consideraci\u00f3n del Pleno, por separado, cada uno de los dict\u00e1menes emitidos por la Comisi\u00f3n Permanente de Transparencia, Acceso a la Informaci\u00f3n y Parlamento Abierto. Con esta acci\u00f3n se ajusta la legislaci\u00f3n local con las disposiciones federales en la materia y se da cumplimiento ante la extinci\u00f3n del Instituto Veracruzano de Acceso a la Informaci\u00f3n y Protecci\u00f3n de Datos Personales (IVAI).<\/p>\n\n\n\n<p>La nueva Ley de Transparencia y Acceso a la Informaci\u00f3n P\u00fablica, que registr\u00f3 37 votos a favor y seis en contra, contiene sinton\u00eda con el modelo de la norma general y reconoce a las autoridades garantes como las competentes para la implementaci\u00f3n de acciones en materia de acceso a la informaci\u00f3n p\u00fablica, y de modo preponderante, la resoluci\u00f3n de recursos de revisi\u00f3n.<\/p>\n\n\n\n<p>Las nuevas autoridades garantes son la Contralor\u00eda General del Estado (CGE) respecto a las dependencias y entidades del Poder Ejecutivo, as\u00ed como de los municipios, las contralor\u00edas de los Poderes Legislativo y Judicial y los \u00f3rganos internos de control de los organismos aut\u00f3nomos del Estado.<\/p>\n\n\n\n<p>Se crear\u00e1 el Subsistema de Transparencia del Estado, el cual funcionar\u00e1 a trav\u00e9s de un Comit\u00e9 en el que participar\u00e1n los representantes de los \u00f3rganos encargados de la contralor\u00eda u hom\u00f3logos de los tres poderes y se mantiene el deber de los sujetos obligados de cumplir con sus funciones en materia de acceso a la informaci\u00f3n y transparencia, a trav\u00e9s de la carga peri\u00f3dica en la Plataforma Nacional de Transparencia.<\/p>\n\n\n\n<p>La Ley de Protecci\u00f3n de Datos Personales en Posesi\u00f3n de Sujetos Obligados, respaldada con 36 votos y que registr\u00f3 seis en contra, tiene por objeto establecer las bases, principios y procedimientos para garantizar el derecho que tiene toda persona a la protecci\u00f3n de sus datos personales, en posesi\u00f3n de sujetos obligados.<\/p>\n\n\n\n<p>Establece las bases m\u00ednimas y condiciones homog\u00e9neas que regir\u00e1n el tratamiento de los datos personales y el ejercicio de los derechos de acceso, rectificaci\u00f3n, cancelaci\u00f3n y oposici\u00f3n, mediante procedimientos sencillos y expeditos y garantiza la observancia de los principios de protecci\u00f3n de datos personales previstos en la Ley.<\/p>\n\n\n\n<p>Protege los datos personales en posesi\u00f3n de cualquier autoridad, entidad, \u00f3rgano y organismo de los poderes Ejecutivo, Legislativo y Judicial, organismos aut\u00f3nomos del Estado, fideicomisos y fondos p\u00fablicos del Estado, partidos pol\u00edticos y municipios.<\/p>\n\n\n\n<p>Los textos \u00edntegros de estas leyes pueden consultarse en los anexos B y C de la Gaceta Legislativa n\u00famero 43, publicada en la p\u00e1gina oficial de este Congreso.<\/p>\n\n\n\n<p>Posicionamientos Ley de Transparencia<\/p>\n\n\n\n<p>Por el Grupo Legislativo de Morena, la diputada Luc\u00eda Bego\u00f1a Canales Barturen inform\u00f3 el voto a favor del dictamen e indic\u00f3 que la propuesta de la gobernadora Roc\u00edo Nahle Garc\u00eda es acertada, toda vez que se trata de una nueva legislaci\u00f3n que hace que la transparencia funcione y sea cercana a la ciudadan\u00eda y que se ejerza con responsabilidad, evitando el dispendio.<\/p>\n\n\n\n<p>Tras enlistar algunas disposiciones como los \u00f3rganos garantes de la transparencia, la eficiencia administrativa y el combate a la corrupci\u00f3n, la diputada se\u00f1al\u00f3 que se da un paso necesario para dejar de lado un modelo que fracas\u00f3 y pasar a uno m\u00e1s funcional y que refleja el momento hist\u00f3rico que vive Veracruz.<\/p>\n\n\n\n<p>Por Movimiento Ciudadano (MC), la diputada Mar\u00eda Elena C\u00f3rdova Molina adelant\u00f3 su voto en contra y se\u00f1al\u00f3 que las disposiciones en materia de transparencia no se ajustan a la realidad que impera en Veracruz y calific\u00f3 la ley como un \u201ccandado\u201d para el ejercicio del derecho a la transparencia y acceso a la informaci\u00f3n.<\/p>\n\n\n\n<p>El legislador del Partido del Trabajo (PT), Ram\u00f3n D\u00edaz \u00c1vila respald\u00f3 la propuesta al considerar que contiene herramientas novedosas para la transparencia en la entidad, y la diputada Luz Alicia Delf\u00edn Rodr\u00edguez, del Grupo Legislativo del Partido Acci\u00f3n Nacional (PAN), expres\u00f3 su voto en contra y manifest\u00f3 que con esta legislaci\u00f3n se ocultar\u00e1 la informaci\u00f3n y se restringir\u00e1n derechos elementales del ciudadano.<\/p>\n\n\n\n<p>En el debate general participaron los legisladores Adri\u00e1n Sigfrido \u00c1vila Estrada y Luis Vicente Aguilar Castillo, as\u00ed como la diputada Montserrat Ortega Ruiz.<\/p>\n\n\n\n<p>Posicionamientos Ley de Protecci\u00f3n de Datos Personales<\/p>\n\n\n\n<p>El diputado Daniel Cortina Mart\u00ednez, del Grupo Legislativo de Morena, precis\u00f3 que esta ley corrige las pr\u00e1cticas del pasado en la que la protecci\u00f3n de datos era delegada a instituciones con poco alcance y que carec\u00edan de legitimidad. \u201cHoy se cambia con contralor\u00edas de los tres poderes, de los \u00f3rganos internos de control y los municipios que asumir\u00e1n la funci\u00f3n de protecci\u00f3n de datos personales\u201d.<\/p>\n\n\n\n<p>A\u00f1adi\u00f3 que se realiza bajo los principios de legalidad y responsabilidad y que, lejos de debilitar la ley, se fortalece desde adentro con mayor alcance y con estructuras que responden al inter\u00e9s p\u00fablico.<\/p>\n\n\n\n<p>El diputado de MC, Adri\u00e1n Sigfrido \u00c1vila Estrada, critic\u00f3 el proceso legislativo y asever\u00f3 que esta norma elimina la posibilidad de presentar un recurso de inconformidad y solo deja al juicio de amparo como \u00fanico medio de impugnaci\u00f3n<\/p>\n\n\n\n<p>Por el grupo mixto Veracruz nos Une, la legisladora Ana Rosa Vald\u00e9s Salazar precis\u00f3 que esta ley es similar a la General y que se deja en estado de indefensi\u00f3n a la ciudadan\u00eda en materia de protecci\u00f3n de datos. Ambos adelantaron su voto en contra.<\/p>\n\n\n\n<p>En el debate general participaron las diputadas Montserrat Ortega Ruiz y Mar\u00eda Elena C\u00f3rdova Molina.<\/p>\n\n\n\n<hr class=\"wp-block-separator has-alpha-channel-opacity\"\/>\n\n\n\n<p class=\"has-text-align-center\" style=\"font-size:17px\"><strong><i>Toda la informaci\u00f3n que necesitas saber la encuentras en nuestras <\/i><strong style=\"\"><em style=\"font-style: italic;\">redes sociales y canal de <\/em><\/strong><\/strong><a href=\"https:\/\/t.me\/informantemx\" target=\"_blank\" rel=\"noreferrer noopener\"><strong><em>Telegram<\/em><\/strong><\/a>. <\/p>\n\n\n\n<p class=\"has-text-align-center\" style=\"font-size:17px\"><strong><em>!\u00danete!<\/em><\/strong><\/p>\n\n\n\n<div class=\"wp-block-uagb-image aligncenter uagb-block-3acd28e8 wp-block-uagb-image--layout-default wp-block-uagb-image--effect-zoomin wp-block-uagb-image--align-center\"><figure class=\"wp-block-uagb-image__figure\"><a class=\"\" href=\"https:\/\/t.me\/informantemx\" target=\"\" rel=\"noopener\"><img decoding=\"async\" srcset=\"https:\/\/informante.mx\/wp-content\/uploads\/2023\/08\/Banner-Telegram-Verde-800x60-1.png ,https:\/\/informante.mx\/wp-content\/uploads\/2023\/08\/Banner-Telegram-Verde-800x60-1.png 780w, https:\/\/informante.mx\/wp-content\/uploads\/2023\/08\/Banner-Telegram-Verde-800x60-1.png 360w\" sizes=\"auto, (max-width: 480px) 150px\" src=\"https:\/\/informante.mx\/wp-content\/uploads\/2023\/08\/Banner-Telegram-Verde-800x60-1.png\" alt=\"\" class=\"uag-image-23275\" width=\"800\" height=\"60\" title=\"\" loading=\"lazy\" role=\"img\"\/><\/a><\/figure><\/div>\n\n\n\n<div class=\"wp-block-uagb-image aligncenter uagb-block-45ea2b31 wp-block-uagb-image--layout-default wp-block-uagb-image--effect-zoomin wp-block-uagb-image--align-center\"><figure class=\"wp-block-uagb-image__figure\"><a class=\"\" href=\"https:\/\/www.facebook.com\/MX.Informante\" target=\"\" rel=\"noopener\"><img decoding=\"async\" srcset=\"https:\/\/informante.mx\/wp-content\/uploads\/2023\/08\/Banner-Facebook-Verde-800x60-1.png ,https:\/\/informante.mx\/wp-content\/uploads\/2023\/08\/Banner-Facebook-Verde-800x60-1.png 780w, https:\/\/informante.mx\/wp-content\/uploads\/2023\/08\/Banner-Facebook-Verde-800x60-1.png 360w\" sizes=\"auto, (max-width: 480px) 150px\" src=\"https:\/\/informante.mx\/wp-content\/uploads\/2023\/08\/Banner-Facebook-Verde-800x60-1.png\" alt=\"\" class=\"uag-image-23274\" width=\"800\" height=\"60\" title=\"\" loading=\"lazy\" role=\"img\"\/><\/a><\/figure><\/div>\n\n\n\n<div class=\"wp-block-uagb-image aligncenter uagb-block-2ce4c51b wp-block-uagb-image--layout-default wp-block-uagb-image--effect-zoomin wp-block-uagb-image--align-center\"><figure class=\"wp-block-uagb-image__figure\"><a class=\"\" href=\"https:\/\/twitter.com\/mx_informante\" target=\"\" rel=\"noopener\"><img decoding=\"async\" srcset=\"https:\/\/informante.mx\/wp-content\/uploads\/2023\/08\/Banner-Twitter-Verde-800x60-1.png ,https:\/\/informante.mx\/wp-content\/uploads\/2023\/08\/Banner-Twitter-Verde-800x60-1.png 780w, https:\/\/informante.mx\/wp-content\/uploads\/2023\/08\/Banner-Twitter-Verde-800x60-1.png 360w\" sizes=\"auto, (max-width: 480px) 150px\" src=\"https:\/\/informante.mx\/wp-content\/uploads\/2023\/08\/Banner-Twitter-Verde-800x60-1.png\" alt=\"\" class=\"uag-image-23273\" width=\"800\" height=\"60\" title=\"\" loading=\"lazy\" role=\"img\"\/><\/a><\/figure><\/div>\n\n\n\n<div style=\"height:50px\" aria-hidden=\"true\" class=\"wp-block-spacer\"><\/div>\n","protected":false},"excerpt":{"rendered":"<p>Avalan diputadas y diputados la nueva legislaci\u00f3n, propuestas por la gobernadora de Veracruz, Roc\u00edo Nahle, que dar\u00e1 certeza al derecho de acceso a la informaci\u00f3n y protecci\u00f3n de datos.<\/p>\n","protected":false},"author":1,"featured_media":50188,"comment_status":"open","ping_status":"closed","sticky":false,"template":"","format":"standard","meta":{"_uag_custom_page_level_css":"","jetpack_post_was_ever_published":false,"footnotes":""},"categories":[7],"tags":[42,32,33],"class_list":["post-50192","post","type-post","status-publish","format-standard","has-post-thumbnail","hentry","category-legislatura","tag-congreso","tag-estado","tag-veracruz"],"yoast_head":"<!-- This site is optimized with the Yoast SEO plugin v27.3 - https:\/\/yoast.com\/product\/yoast-seo-wordpress\/ -->\n<title>Aprueba Congreso nuevas leyes de Transparencia y de Protecci\u00f3n de Datos - Informante.mx<\/title>\n<meta name=\"robots\" content=\"index, follow, max-snippet:-1, max-image-preview:large, max-video-preview:-1\" \/>\n<link rel=\"canonical\" href=\"https:\/\/informante.mx\/?p=50192\" \/>\n<meta property=\"og:locale\" content=\"es_ES\" \/>\n<meta property=\"og:type\" content=\"article\" \/>\n<meta property=\"og:title\" content=\"Aprueba Congreso nuevas leyes de Transparencia y de Protecci\u00f3n de Datos - Informante.mx\" \/>\n<meta property=\"og:description\" content=\"Avalan diputadas y diputados la nueva legislaci\u00f3n, propuestas por la gobernadora de Veracruz, Roc\u00edo Nahle, que dar\u00e1 certeza al derecho de acceso a la informaci\u00f3n y protecci\u00f3n de datos.\" \/>\n<meta property=\"og:url\" content=\"https:\/\/informante.mx\/?p=50192\" \/>\n<meta property=\"og:site_name\" content=\"Informante.mx\" \/>\n<meta property=\"article:publisher\" content=\"https:\/\/www.facebook.com\/MX.Informante\" \/>\n<meta property=\"article:published_time\" content=\"2025-06-27T17:57:23+00:00\" \/>\n<meta property=\"article:modified_time\" content=\"2025-06-27T18:01:14+00:00\" \/>\n<meta property=\"og:image\" content=\"https:\/\/informante.mx\/wp-content\/uploads\/2025\/06\/LEGISVER-270625-2.jpg\" \/>\n\t<meta property=\"og:image:width\" content=\"1100\" \/>\n\t<meta property=\"og:image:height\" content=\"700\" \/>\n\t<meta property=\"og:image:type\" content=\"image\/jpeg\" \/>\n<meta name=\"author\" content=\"InformanteMX\" \/>\n<meta name=\"twitter:card\" content=\"summary_large_image\" \/>\n<meta name=\"twitter:creator\" content=\"@mx_informante\" \/>\n<meta name=\"twitter:site\" content=\"@mx_informante\" \/>\n<meta name=\"twitter:label1\" content=\"Escrito por\" \/>\n\t<meta name=\"twitter:data1\" content=\"InformanteMX\" \/>\n\t<meta name=\"twitter:label2\" content=\"Tiempo de lectura\" \/>\n\t<meta name=\"twitter:data2\" content=\"5 minutos\" \/>\n<script type=\"application\/ld+json\" class=\"yoast-schema-graph\">{\"@context\":\"https:\\\/\\\/schema.org\",\"@graph\":[{\"@type\":\"NewsArticle\",\"@id\":\"https:\\\/\\\/informante.mx\\\/?p=50192#article\",\"isPartOf\":{\"@id\":\"https:\\\/\\\/informante.mx\\\/?p=50192\"},\"author\":{\"name\":\"InformanteMX\",\"@id\":\"https:\\\/\\\/informante.mx\\\/#\\\/schema\\\/person\\\/3eff91989d2ea76b0a330b416325946c\"},\"headline\":\"Aprueba Congreso nuevas leyes de Transparencia y de Protecci\u00f3n de Datos\",\"datePublished\":\"2025-06-27T17:57:23+00:00\",\"dateModified\":\"2025-06-27T18:01:14+00:00\",\"mainEntityOfPage\":{\"@id\":\"https:\\\/\\\/informante.mx\\\/?p=50192\"},\"wordCount\":1063,\"commentCount\":0,\"publisher\":{\"@id\":\"https:\\\/\\\/informante.mx\\\/#organization\"},\"image\":{\"@id\":\"https:\\\/\\\/informante.mx\\\/?p=50192#primaryimage\"},\"thumbnailUrl\":\"https:\\\/\\\/informante.mx\\\/wp-content\\\/uploads\\\/2025\\\/06\\\/LEGISVER-270625-2.jpg\",\"keywords\":[\"Congreso\",\"Estado\",\"Veracruz\"],\"articleSection\":[\"Legislatura\"],\"inLanguage\":\"es\",\"potentialAction\":[{\"@type\":\"CommentAction\",\"name\":\"Comment\",\"target\":[\"https:\\\/\\\/informante.mx\\\/?p=50192#respond\"]}]},{\"@type\":\"WebPage\",\"@id\":\"https:\\\/\\\/informante.mx\\\/?p=50192\",\"url\":\"https:\\\/\\\/informante.mx\\\/?p=50192\",\"name\":\"Aprueba Congreso nuevas leyes de Transparencia y de Protecci\u00f3n de Datos - Informante.mx\",\"isPartOf\":{\"@id\":\"https:\\\/\\\/informante.mx\\\/#website\"},\"primaryImageOfPage\":{\"@id\":\"https:\\\/\\\/informante.mx\\\/?p=50192#primaryimage\"},\"image\":{\"@id\":\"https:\\\/\\\/informante.mx\\\/?p=50192#primaryimage\"},\"thumbnailUrl\":\"https:\\\/\\\/informante.mx\\\/wp-content\\\/uploads\\\/2025\\\/06\\\/LEGISVER-270625-2.jpg\",\"datePublished\":\"2025-06-27T17:57:23+00:00\",\"dateModified\":\"2025-06-27T18:01:14+00:00\",\"breadcrumb\":{\"@id\":\"https:\\\/\\\/informante.mx\\\/?p=50192#breadcrumb\"},\"inLanguage\":\"es\",\"potentialAction\":[{\"@type\":\"ReadAction\",\"target\":[\"https:\\\/\\\/informante.mx\\\/?p=50192\"]}]},{\"@type\":\"ImageObject\",\"inLanguage\":\"es\",\"@id\":\"https:\\\/\\\/informante.mx\\\/?p=50192#primaryimage\",\"url\":\"https:\\\/\\\/informante.mx\\\/wp-content\\\/uploads\\\/2025\\\/06\\\/LEGISVER-270625-2.jpg\",\"contentUrl\":\"https:\\\/\\\/informante.mx\\\/wp-content\\\/uploads\\\/2025\\\/06\\\/LEGISVER-270625-2.jpg\",\"width\":1100,\"height\":700},{\"@type\":\"BreadcrumbList\",\"@id\":\"https:\\\/\\\/informante.mx\\\/?p=50192#breadcrumb\",\"itemListElement\":[{\"@type\":\"ListItem\",\"position\":1,\"name\":\"Portada\",\"item\":\"https:\\\/\\\/informante.mx\\\/\"},{\"@type\":\"ListItem\",\"position\":2,\"name\":\"Aprueba Congreso nuevas leyes de Transparencia y de Protecci\u00f3n de Datos\"}]},{\"@type\":\"WebSite\",\"@id\":\"https:\\\/\\\/informante.mx\\\/#website\",\"url\":\"https:\\\/\\\/informante.mx\\\/\",\"name\":\"Informante.mx\",\"description\":\"\",\"publisher\":{\"@id\":\"https:\\\/\\\/informante.mx\\\/#organization\"},\"potentialAction\":[{\"@type\":\"SearchAction\",\"target\":{\"@type\":\"EntryPoint\",\"urlTemplate\":\"https:\\\/\\\/informante.mx\\\/?s={search_term_string}\"},\"query-input\":{\"@type\":\"PropertyValueSpecification\",\"valueRequired\":true,\"valueName\":\"search_term_string\"}}],\"inLanguage\":\"es\"},{\"@type\":\"Organization\",\"@id\":\"https:\\\/\\\/informante.mx\\\/#organization\",\"name\":\"Informante.mx\",\"url\":\"https:\\\/\\\/informante.mx\\\/\",\"logo\":{\"@type\":\"ImageObject\",\"inLanguage\":\"es\",\"@id\":\"https:\\\/\\\/informante.mx\\\/#\\\/schema\\\/logo\\\/image\\\/\",\"url\":\"https:\\\/\\\/informante.mx\\\/wp-content\\\/uploads\\\/2019\\\/12\\\/cropped-LOGO-Verde-Apaisado-1024x360O-1.png\",\"contentUrl\":\"https:\\\/\\\/informante.mx\\\/wp-content\\\/uploads\\\/2019\\\/12\\\/cropped-LOGO-Verde-Apaisado-1024x360O-1.png\",\"width\":923,\"height\":180,\"caption\":\"Informante.mx\"},\"image\":{\"@id\":\"https:\\\/\\\/informante.mx\\\/#\\\/schema\\\/logo\\\/image\\\/\"},\"sameAs\":[\"https:\\\/\\\/www.facebook.com\\\/MX.Informante\",\"https:\\\/\\\/x.com\\\/mx_informante\"]},{\"@type\":\"Person\",\"@id\":\"https:\\\/\\\/informante.mx\\\/#\\\/schema\\\/person\\\/3eff91989d2ea76b0a330b416325946c\",\"name\":\"InformanteMX\",\"image\":{\"@type\":\"ImageObject\",\"inLanguage\":\"es\",\"@id\":\"https:\\\/\\\/secure.gravatar.com\\\/avatar\\\/10d802aa739e832aedd2f3fd8544d878871eb22e6ca86fe9a548573e34a28f0e?s=96&d=mm&r=g\",\"url\":\"https:\\\/\\\/secure.gravatar.com\\\/avatar\\\/10d802aa739e832aedd2f3fd8544d878871eb22e6ca86fe9a548573e34a28f0e?s=96&d=mm&r=g\",\"contentUrl\":\"https:\\\/\\\/secure.gravatar.com\\\/avatar\\\/10d802aa739e832aedd2f3fd8544d878871eb22e6ca86fe9a548573e34a28f0e?s=96&d=mm&r=g\",\"caption\":\"InformanteMX\"},\"url\":\"https:\\\/\\\/informante.mx\\\/?author=1\"}]}<\/script>\n<!-- \/ Yoast SEO plugin. -->","yoast_head_json":{"title":"Aprueba Congreso nuevas leyes de Transparencia y de Protecci\u00f3n de Datos - Informante.mx","robots":{"index":"index","follow":"follow","max-snippet":"max-snippet:-1","max-image-preview":"max-image-preview:large","max-video-preview":"max-video-preview:-1"},"canonical":"https:\/\/informante.mx\/?p=50192","og_locale":"es_ES","og_type":"article","og_title":"Aprueba Congreso nuevas leyes de Transparencia y de Protecci\u00f3n de Datos - Informante.mx","og_description":"Avalan diputadas y diputados la nueva legislaci\u00f3n, propuestas por la gobernadora de Veracruz, Roc\u00edo Nahle, que dar\u00e1 certeza al derecho de acceso a la informaci\u00f3n y protecci\u00f3n de datos.","og_url":"https:\/\/informante.mx\/?p=50192","og_site_name":"Informante.mx","article_publisher":"https:\/\/www.facebook.com\/MX.Informante","article_published_time":"2025-06-27T17:57:23+00:00","article_modified_time":"2025-06-27T18:01:14+00:00","og_image":[{"width":1100,"height":700,"url":"https:\/\/informante.mx\/wp-content\/uploads\/2025\/06\/LEGISVER-270625-2.jpg","type":"image\/jpeg"}],"author":"InformanteMX","twitter_card":"summary_large_image","twitter_creator":"@mx_informante","twitter_site":"@mx_informante","twitter_misc":{"Escrito por":"InformanteMX","Tiempo de lectura":"5 minutos"},"schema":{"@context":"https:\/\/schema.org","@graph":[{"@type":"NewsArticle","@id":"https:\/\/informante.mx\/?p=50192#article","isPartOf":{"@id":"https:\/\/informante.mx\/?p=50192"},"author":{"name":"InformanteMX","@id":"https:\/\/informante.mx\/#\/schema\/person\/3eff91989d2ea76b0a330b416325946c"},"headline":"Aprueba Congreso nuevas leyes de Transparencia y de Protecci\u00f3n de Datos","datePublished":"2025-06-27T17:57:23+00:00","dateModified":"2025-06-27T18:01:14+00:00","mainEntityOfPage":{"@id":"https:\/\/informante.mx\/?p=50192"},"wordCount":1063,"commentCount":0,"publisher":{"@id":"https:\/\/informante.mx\/#organization"},"image":{"@id":"https:\/\/informante.mx\/?p=50192#primaryimage"},"thumbnailUrl":"https:\/\/informante.mx\/wp-content\/uploads\/2025\/06\/LEGISVER-270625-2.jpg","keywords":["Congreso","Estado","Veracruz"],"articleSection":["Legislatura"],"inLanguage":"es","potentialAction":[{"@type":"CommentAction","name":"Comment","target":["https:\/\/informante.mx\/?p=50192#respond"]}]},{"@type":"WebPage","@id":"https:\/\/informante.mx\/?p=50192","url":"https:\/\/informante.mx\/?p=50192","name":"Aprueba Congreso nuevas leyes de Transparencia y de Protecci\u00f3n de Datos - Informante.mx","isPartOf":{"@id":"https:\/\/informante.mx\/#website"},"primaryImageOfPage":{"@id":"https:\/\/informante.mx\/?p=50192#primaryimage"},"image":{"@id":"https:\/\/informante.mx\/?p=50192#primaryimage"},"thumbnailUrl":"https:\/\/informante.mx\/wp-content\/uploads\/2025\/06\/LEGISVER-270625-2.jpg","datePublished":"2025-06-27T17:57:23+00:00","dateModified":"2025-06-27T18:01:14+00:00","breadcrumb":{"@id":"https:\/\/informante.mx\/?p=50192#breadcrumb"},"inLanguage":"es","potentialAction":[{"@type":"ReadAction","target":["https:\/\/informante.mx\/?p=50192"]}]},{"@type":"ImageObject","inLanguage":"es","@id":"https:\/\/informante.mx\/?p=50192#primaryimage","url":"https:\/\/informante.mx\/wp-content\/uploads\/2025\/06\/LEGISVER-270625-2.jpg","contentUrl":"https:\/\/informante.mx\/wp-content\/uploads\/2025\/06\/LEGISVER-270625-2.jpg","width":1100,"height":700},{"@type":"BreadcrumbList","@id":"https:\/\/informante.mx\/?p=50192#breadcrumb","itemListElement":[{"@type":"ListItem","position":1,"name":"Portada","item":"https:\/\/informante.mx\/"},{"@type":"ListItem","position":2,"name":"Aprueba Congreso nuevas leyes de Transparencia y de Protecci\u00f3n de Datos"}]},{"@type":"WebSite","@id":"https:\/\/informante.mx\/#website","url":"https:\/\/informante.mx\/","name":"Informante.mx","description":"","publisher":{"@id":"https:\/\/informante.mx\/#organization"},"potentialAction":[{"@type":"SearchAction","target":{"@type":"EntryPoint","urlTemplate":"https:\/\/informante.mx\/?s={search_term_string}"},"query-input":{"@type":"PropertyValueSpecification","valueRequired":true,"valueName":"search_term_string"}}],"inLanguage":"es"},{"@type":"Organization","@id":"https:\/\/informante.mx\/#organization","name":"Informante.mx","url":"https:\/\/informante.mx\/","logo":{"@type":"ImageObject","inLanguage":"es","@id":"https:\/\/informante.mx\/#\/schema\/logo\/image\/","url":"https:\/\/informante.mx\/wp-content\/uploads\/2019\/12\/cropped-LOGO-Verde-Apaisado-1024x360O-1.png","contentUrl":"https:\/\/informante.mx\/wp-content\/uploads\/2019\/12\/cropped-LOGO-Verde-Apaisado-1024x360O-1.png","width":923,"height":180,"caption":"Informante.mx"},"image":{"@id":"https:\/\/informante.mx\/#\/schema\/logo\/image\/"},"sameAs":["https:\/\/www.facebook.com\/MX.Informante","https:\/\/x.com\/mx_informante"]},{"@type":"Person","@id":"https:\/\/informante.mx\/#\/schema\/person\/3eff91989d2ea76b0a330b416325946c","name":"InformanteMX","image":{"@type":"ImageObject","inLanguage":"es","@id":"https:\/\/secure.gravatar.com\/avatar\/10d802aa739e832aedd2f3fd8544d878871eb22e6ca86fe9a548573e34a28f0e?s=96&d=mm&r=g","url":"https:\/\/secure.gravatar.com\/avatar\/10d802aa739e832aedd2f3fd8544d878871eb22e6ca86fe9a548573e34a28f0e?s=96&d=mm&r=g","contentUrl":"https:\/\/secure.gravatar.com\/avatar\/10d802aa739e832aedd2f3fd8544d878871eb22e6ca86fe9a548573e34a28f0e?s=96&d=mm&r=g","caption":"InformanteMX"},"url":"https:\/\/informante.mx\/?author=1"}]}},"jetpack_featured_media_url":"https:\/\/informante.mx\/wp-content\/uploads\/2025\/06\/LEGISVER-270625-2.jpg","uagb_featured_image_src":{"full":["https:\/\/informante.mx\/wp-content\/uploads\/2025\/06\/LEGISVER-270625-2.jpg",1100,700,false],"thumbnail":["https:\/\/informante.mx\/wp-content\/uploads\/2025\/06\/LEGISVER-270625-2-150x95.jpg",150,95,true],"medium":["https:\/\/informante.mx\/wp-content\/uploads\/2025\/06\/LEGISVER-270625-2-300x191.jpg",300,191,true],"medium_large":["https:\/\/informante.mx\/wp-content\/uploads\/2025\/06\/LEGISVER-270625-2-768x489.jpg",640,408,true],"large":["https:\/\/informante.mx\/wp-content\/uploads\/2025\/06\/LEGISVER-270625-2-1024x652.jpg",640,408,true],"1536x1536":["https:\/\/informante.mx\/wp-content\/uploads\/2025\/06\/LEGISVER-270625-2.jpg",1100,700,false],"2048x2048":["https:\/\/informante.mx\/wp-content\/uploads\/2025\/06\/LEGISVER-270625-2.jpg",1100,700,false],"td_0x420":["https:\/\/informante.mx\/wp-content\/uploads\/2025\/06\/LEGISVER-270625-2-660x420.jpg",660,420,true],"td_0x420_retina":["https:\/\/informante.mx\/wp-content\/uploads\/2025\/06\/LEGISVER-270625-2.jpg",1100,700,false],"td_80x60":["https:\/\/informante.mx\/wp-content\/uploads\/2025\/06\/LEGISVER-270625-2-80x60.jpg",80,60,true],"td_80x60_retina":["https:\/\/informante.mx\/wp-content\/uploads\/2025\/06\/LEGISVER-270625-2-160x120.jpg",160,120,true],"td_100x75":["https:\/\/informante.mx\/wp-content\/uploads\/2025\/06\/LEGISVER-270625-2-100x75.jpg",100,75,true],"td_100x75_retina":["https:\/\/informante.mx\/wp-content\/uploads\/2025\/06\/LEGISVER-270625-2-200x150.jpg",200,150,true],"td_180x135":["https:\/\/informante.mx\/wp-content\/uploads\/2025\/06\/LEGISVER-270625-2-180x135.jpg",180,135,true],"td_180x135_retina":["https:\/\/informante.mx\/wp-content\/uploads\/2025\/06\/LEGISVER-270625-2-360x270.jpg",360,270,true],"td_238x178":["https:\/\/informante.mx\/wp-content\/uploads\/2025\/06\/LEGISVER-270625-2-238x178.jpg",238,178,true],"td_238x178_retina":["https:\/\/informante.mx\/wp-content\/uploads\/2025\/06\/LEGISVER-270625-2-476x356.jpg",476,356,true],"td_265x198":["https:\/\/informante.mx\/wp-content\/uploads\/2025\/06\/LEGISVER-270625-2-265x198.jpg",265,198,true],"td_265x198_retina":["https:\/\/informante.mx\/wp-content\/uploads\/2025\/06\/LEGISVER-270625-2-530x396.jpg",530,396,true],"td_300x160":["https:\/\/informante.mx\/wp-content\/uploads\/2025\/06\/LEGISVER-270625-2-300x160.jpg",300,160,true],"td_300x160_retina":["https:\/\/informante.mx\/wp-content\/uploads\/2025\/06\/LEGISVER-270625-2-600x320.jpg",600,320,true],"td_300x194":["https:\/\/informante.mx\/wp-content\/uploads\/2025\/06\/LEGISVER-270625-2-300x194.jpg",300,194,true],"td_300x194_retina":["https:\/\/informante.mx\/wp-content\/uploads\/2025\/06\/LEGISVER-270625-2-600x388.jpg",600,388,true],"td_300x350":["https:\/\/informante.mx\/wp-content\/uploads\/2025\/06\/LEGISVER-270625-2-300x350.jpg",300,350,true],"td_300x350_retina":["https:\/\/informante.mx\/wp-content\/uploads\/2025\/06\/LEGISVER-270625-2-600x700.jpg",600,700,true],"td_341x220":["https:\/\/informante.mx\/wp-content\/uploads\/2025\/06\/LEGISVER-270625-2-341x220.jpg",341,220,true],"td_341x220_retina":["https:\/\/informante.mx\/wp-content\/uploads\/2025\/06\/LEGISVER-270625-2-682x440.jpg",682,440,true],"td_341x400":["https:\/\/informante.mx\/wp-content\/uploads\/2025\/06\/LEGISVER-270625-2-341x400.jpg",341,400,true],"td_341x400_retina":["https:\/\/informante.mx\/wp-content\/uploads\/2025\/06\/LEGISVER-270625-2-682x700.jpg",682,700,true],"td_511x400":["https:\/\/informante.mx\/wp-content\/uploads\/2025\/06\/LEGISVER-270625-2-511x400.jpg",511,400,true],"td_511x400_retina":["https:\/\/informante.mx\/wp-content\/uploads\/2025\/06\/LEGISVER-270625-2-1022x700.jpg",1022,700,true],"td_537x360":["https:\/\/informante.mx\/wp-content\/uploads\/2025\/06\/LEGISVER-270625-2-537x360.jpg",537,360,true],"td_537x360_retina":["https:\/\/informante.mx\/wp-content\/uploads\/2025\/06\/LEGISVER-270625-2-1074x700.jpg",1074,700,true],"td_640x0":["https:\/\/informante.mx\/wp-content\/uploads\/2025\/06\/LEGISVER-270625-2-640x407.jpg",640,407,true],"td_640x0_retina":["https:\/\/informante.mx\/wp-content\/uploads\/2025\/06\/LEGISVER-270625-2.jpg",1100,700,false],"td_640x350":["https:\/\/informante.mx\/wp-content\/uploads\/2025\/06\/LEGISVER-270625-2-640x350.jpg",640,350,true],"td_640x350_retina":["https:\/\/informante.mx\/wp-content\/uploads\/2025\/06\/LEGISVER-270625-2.jpg",1100,700,false],"td_681x0":["https:\/\/informante.mx\/wp-content\/uploads\/2025\/06\/LEGISVER-270625-2-681x433.jpg",681,433,true],"td_681x0_retina":["https:\/\/informante.mx\/wp-content\/uploads\/2025\/06\/LEGISVER-270625-2.jpg",1100,700,false],"td_681x400":["https:\/\/informante.mx\/wp-content\/uploads\/2025\/06\/LEGISVER-270625-2-681x400.jpg",681,400,true],"td_681x400_retina":["https:\/\/informante.mx\/wp-content\/uploads\/2025\/06\/LEGISVER-270625-2.jpg",1100,700,false],"td_741x486":["https:\/\/informante.mx\/wp-content\/uploads\/2025\/06\/LEGISVER-270625-2-741x486.jpg",741,486,true],"td_741x486_retina":["https:\/\/informante.mx\/wp-content\/uploads\/2025\/06\/LEGISVER-270625-2.jpg",1100,700,false],"td_1021x580":["https:\/\/informante.mx\/wp-content\/uploads\/2025\/06\/LEGISVER-270625-2-1021x580.jpg",1021,580,true],"td_1021x580_retina":["https:\/\/informante.mx\/wp-content\/uploads\/2025\/06\/LEGISVER-270625-2.jpg",1100,700,false]},"uagb_author_info":{"display_name":"InformanteMX","author_link":"https:\/\/informante.mx\/?author=1"},"uagb_comment_info":0,"uagb_excerpt":"Avalan diputadas y diputados la nueva legislaci\u00f3n, propuestas por la gobernadora de Veracruz, Roc\u00edo Nahle, que dar\u00e1 certeza al derecho de acceso a la informaci\u00f3n y protecci\u00f3n de datos.","_links":{"self":[{"href":"https:\/\/informante.mx\/index.php?rest_route=\/wp\/v2\/posts\/50192","targetHints":{"allow":["GET"]}}],"collection":[{"href":"https:\/\/informante.mx\/index.php?rest_route=\/wp\/v2\/posts"}],"about":[{"href":"https:\/\/informante.mx\/index.php?rest_route=\/wp\/v2\/types\/post"}],"author":[{"embeddable":true,"href":"https:\/\/informante.mx\/index.php?rest_route=\/wp\/v2\/users\/1"}],"replies":[{"embeddable":true,"href":"https:\/\/informante.mx\/index.php?rest_route=%2Fwp%2Fv2%2Fcomments&post=50192"}],"version-history":[{"count":1,"href":"https:\/\/informante.mx\/index.php?rest_route=\/wp\/v2\/posts\/50192\/revisions"}],"predecessor-version":[{"id":50193,"href":"https:\/\/informante.mx\/index.php?rest_route=\/wp\/v2\/posts\/50192\/revisions\/50193"}],"wp:featuredmedia":[{"embeddable":true,"href":"https:\/\/informante.mx\/index.php?rest_route=\/wp\/v2\/media\/50188"}],"wp:attachment":[{"href":"https:\/\/informante.mx\/index.php?rest_route=%2Fwp%2Fv2%2Fmedia&parent=50192"}],"wp:term":[{"taxonomy":"category","embeddable":true,"href":"https:\/\/informante.mx\/index.php?rest_route=%2Fwp%2Fv2%2Fcategories&post=50192"},{"taxonomy":"post_tag","embeddable":true,"href":"https:\/\/informante.mx\/index.php?rest_route=%2Fwp%2Fv2%2Ftags&post=50192"}],"curies":[{"name":"wp","href":"https:\/\/api.w.org\/{rel}","templated":true}]}}