{"id":49713,"date":"2025-06-12T13:36:56","date_gmt":"2025-06-12T19:36:56","guid":{"rendered":"https:\/\/informante.mx\/?p=49713"},"modified":"2025-06-12T13:37:02","modified_gmt":"2025-06-12T19:37:02","slug":"mas-de-300-mil-veracruzanos-deben-de-acudir-a-renovar-su-ine","status":"publish","type":"post","link":"https:\/\/informante.mx\/?p=49713","title":{"rendered":"M\u00e1s de 300 mil veracruzanos deben de acudir a renovar su INE\u00a0"},"content":{"rendered":"\n<p>Xalapa, Ver.- M\u00e1s de 300 mil veracruzanos deben de acudir a renovar su credencial de elector, pues su pl\u00e1stico perdi\u00f3 su vigencia en diciembre de 2024 o lo har\u00e1 el 31 de diciembre del presente a\u00f1o.&nbsp;<\/p>\n\n\n\n<p>El vocal del Registro Federal de Electores de la Junta Local del INE en Veracruz, Sergio Vera Olvera, dijo que al concluir la jornada electoral del pasado 1 de junio se reinicio la afiliaci\u00f3n.&nbsp;<\/p>\n\n\n\n<p>\u201cTen\u00edamos 179 mil personas con corte al 31 de diciembre de 2024, pero hubo un acuerdo para ampliar la vigencia hasta el d\u00eda de las elecciones, ese acuerdo fue respaldado con instituciones como son los bancos, pero tras la jornada electoral se dieron de baja (\u2026) Estamos convocando para que hagan su cambio, las credenciales traen la vigencia y tienen un plazo de diez a\u00f1os\u201d, coment\u00f3.&nbsp;<\/p>\n\n\n\n<p>El tr\u00e1mite, dijo, es r\u00e1pido y se puede acudir con cita o incluso sin ella; en las zonas urbanas la entrega de la identificaci\u00f3n es de 4 a 5 d\u00edas h\u00e1biles y en las rurales las entregas se ajustan a los recorridos del personal del INE.<\/p>\n","protected":false},"excerpt":{"rendered":"<p>El vocal del Registro Federal de Electores de la Junta Local del INE en Veracruz, Sergio Vera Olvera, dijo que al concluir la jornada electoral del pasado 1 de junio se reinicio la afiliaci\u00f3n.\u00a0<\/p>\n","protected":false},"author":1,"featured_media":20419,"comment_status":"open","ping_status":"closed","sticky":false,"template":"","format":"standard","meta":{"_uag_custom_page_level_css":"","jetpack_post_was_ever_published":false,"footnotes":""},"categories":[4],"tags":[33],"class_list":["post-49713","post","type-post","status-publish","format-standard","has-post-thumbnail","hentry","category-estatal","tag-veracruz"],"yoast_head":"<!-- This site is optimized with the Yoast SEO plugin v27.3 - https:\/\/yoast.com\/product\/yoast-seo-wordpress\/ -->\n<title>M\u00e1s de 300 mil veracruzanos deben de acudir a renovar su INE\u00a0 - Informante.mx<\/title>\n<meta name=\"robots\" content=\"index, follow, max-snippet:-1, max-image-preview:large, max-video-preview:-1\" \/>\n<link rel=\"canonical\" href=\"https:\/\/informante.mx\/?p=49713\" \/>\n<meta property=\"og:locale\" content=\"es_ES\" \/>\n<meta property=\"og:type\" content=\"article\" \/>\n<meta property=\"og:title\" content=\"M\u00e1s de 300 mil veracruzanos deben de acudir a renovar su INE\u00a0 - Informante.mx\" \/>\n<meta property=\"og:description\" content=\"El vocal del Registro Federal de Electores de la Junta Local del INE en Veracruz, Sergio Vera Olvera, dijo que al concluir la jornada electoral del pasado 1 de junio se reinicio la afiliaci\u00f3n.\u00a0\" \/>\n<meta property=\"og:url\" content=\"https:\/\/informante.mx\/?p=49713\" \/>\n<meta property=\"og:site_name\" content=\"Informante.mx\" \/>\n<meta property=\"article:publisher\" content=\"https:\/\/www.facebook.com\/MX.Informante\" \/>\n<meta property=\"article:published_time\" content=\"2025-06-12T19:36:56+00:00\" \/>\n<meta property=\"article:modified_time\" content=\"2025-06-12T19:37:02+00:00\" \/>\n<meta property=\"og:image\" content=\"https:\/\/informante.mx\/wp-content\/uploads\/2020\/07\/ne.jpg\" \/>\n\t<meta property=\"og:image:width\" content=\"700\" \/>\n\t<meta property=\"og:image:height\" content=\"466\" \/>\n\t<meta property=\"og:image:type\" content=\"image\/jpeg\" \/>\n<meta name=\"author\" content=\"InformanteMX\" \/>\n<meta name=\"twitter:card\" content=\"summary_large_image\" \/>\n<meta name=\"twitter:creator\" content=\"@mx_informante\" \/>\n<meta name=\"twitter:site\" content=\"@mx_informante\" \/>\n<meta name=\"twitter:label1\" content=\"Escrito por\" \/>\n\t<meta name=\"twitter:data1\" content=\"InformanteMX\" \/>\n\t<meta name=\"twitter:label2\" content=\"Tiempo de lectura\" \/>\n\t<meta name=\"twitter:data2\" content=\"1 minuto\" \/>\n<script type=\"application\/ld+json\" class=\"yoast-schema-graph\">{\"@context\":\"https:\\\/\\\/schema.org\",\"@graph\":[{\"@type\":\"NewsArticle\",\"@id\":\"https:\\\/\\\/informante.mx\\\/?p=49713#article\",\"isPartOf\":{\"@id\":\"https:\\\/\\\/informante.mx\\\/?p=49713\"},\"author\":{\"name\":\"InformanteMX\",\"@id\":\"https:\\\/\\\/informante.mx\\\/#\\\/schema\\\/person\\\/3eff91989d2ea76b0a330b416325946c\"},\"headline\":\"M\u00e1s de 300 mil veracruzanos deben de acudir a renovar su INE\u00a0\",\"datePublished\":\"2025-06-12T19:36:56+00:00\",\"dateModified\":\"2025-06-12T19:37:02+00:00\",\"mainEntityOfPage\":{\"@id\":\"https:\\\/\\\/informante.mx\\\/?p=49713\"},\"wordCount\":200,\"commentCount\":0,\"publisher\":{\"@id\":\"https:\\\/\\\/informante.mx\\\/#organization\"},\"image\":{\"@id\":\"https:\\\/\\\/informante.mx\\\/?p=49713#primaryimage\"},\"thumbnailUrl\":\"https:\\\/\\\/informante.mx\\\/wp-content\\\/uploads\\\/2020\\\/07\\\/ne.jpg\",\"keywords\":[\"Veracruz\"],\"articleSection\":[\"Estatal\"],\"inLanguage\":\"es\",\"potentialAction\":[{\"@type\":\"CommentAction\",\"name\":\"Comment\",\"target\":[\"https:\\\/\\\/informante.mx\\\/?p=49713#respond\"]}]},{\"@type\":\"WebPage\",\"@id\":\"https:\\\/\\\/informante.mx\\\/?p=49713\",\"url\":\"https:\\\/\\\/informante.mx\\\/?p=49713\",\"name\":\"M\u00e1s de 300 mil veracruzanos deben de acudir a renovar su INE\u00a0 - Informante.mx\",\"isPartOf\":{\"@id\":\"https:\\\/\\\/informante.mx\\\/#website\"},\"primaryImageOfPage\":{\"@id\":\"https:\\\/\\\/informante.mx\\\/?p=49713#primaryimage\"},\"image\":{\"@id\":\"https:\\\/\\\/informante.mx\\\/?p=49713#primaryimage\"},\"thumbnailUrl\":\"https:\\\/\\\/informante.mx\\\/wp-content\\\/uploads\\\/2020\\\/07\\\/ne.jpg\",\"datePublished\":\"2025-06-12T19:36:56+00:00\",\"dateModified\":\"2025-06-12T19:37:02+00:00\",\"breadcrumb\":{\"@id\":\"https:\\\/\\\/informante.mx\\\/?p=49713#breadcrumb\"},\"inLanguage\":\"es\",\"potentialAction\":[{\"@type\":\"ReadAction\",\"target\":[\"https:\\\/\\\/informante.mx\\\/?p=49713\"]}]},{\"@type\":\"ImageObject\",\"inLanguage\":\"es\",\"@id\":\"https:\\\/\\\/informante.mx\\\/?p=49713#primaryimage\",\"url\":\"https:\\\/\\\/informante.mx\\\/wp-content\\\/uploads\\\/2020\\\/07\\\/ne.jpg\",\"contentUrl\":\"https:\\\/\\\/informante.mx\\\/wp-content\\\/uploads\\\/2020\\\/07\\\/ne.jpg\",\"width\":700,\"height\":466},{\"@type\":\"BreadcrumbList\",\"@id\":\"https:\\\/\\\/informante.mx\\\/?p=49713#breadcrumb\",\"itemListElement\":[{\"@type\":\"ListItem\",\"position\":1,\"name\":\"Portada\",\"item\":\"https:\\\/\\\/informante.mx\\\/\"},{\"@type\":\"ListItem\",\"position\":2,\"name\":\"M\u00e1s de 300 mil veracruzanos deben de acudir a renovar su INE\u00a0\"}]},{\"@type\":\"WebSite\",\"@id\":\"https:\\\/\\\/informante.mx\\\/#website\",\"url\":\"https:\\\/\\\/informante.mx\\\/\",\"name\":\"Informante.mx\",\"description\":\"\",\"publisher\":{\"@id\":\"https:\\\/\\\/informante.mx\\\/#organization\"},\"potentialAction\":[{\"@type\":\"SearchAction\",\"target\":{\"@type\":\"EntryPoint\",\"urlTemplate\":\"https:\\\/\\\/informante.mx\\\/?s={search_term_string}\"},\"query-input\":{\"@type\":\"PropertyValueSpecification\",\"valueRequired\":true,\"valueName\":\"search_term_string\"}}],\"inLanguage\":\"es\"},{\"@type\":\"Organization\",\"@id\":\"https:\\\/\\\/informante.mx\\\/#organization\",\"name\":\"Informante.mx\",\"url\":\"https:\\\/\\\/informante.mx\\\/\",\"logo\":{\"@type\":\"ImageObject\",\"inLanguage\":\"es\",\"@id\":\"https:\\\/\\\/informante.mx\\\/#\\\/schema\\\/logo\\\/image\\\/\",\"url\":\"https:\\\/\\\/informante.mx\\\/wp-content\\\/uploads\\\/2019\\\/12\\\/cropped-LOGO-Verde-Apaisado-1024x360O-1.png\",\"contentUrl\":\"https:\\\/\\\/informante.mx\\\/wp-content\\\/uploads\\\/2019\\\/12\\\/cropped-LOGO-Verde-Apaisado-1024x360O-1.png\",\"width\":923,\"height\":180,\"caption\":\"Informante.mx\"},\"image\":{\"@id\":\"https:\\\/\\\/informante.mx\\\/#\\\/schema\\\/logo\\\/image\\\/\"},\"sameAs\":[\"https:\\\/\\\/www.facebook.com\\\/MX.Informante\",\"https:\\\/\\\/x.com\\\/mx_informante\"]},{\"@type\":\"Person\",\"@id\":\"https:\\\/\\\/informante.mx\\\/#\\\/schema\\\/person\\\/3eff91989d2ea76b0a330b416325946c\",\"name\":\"InformanteMX\",\"image\":{\"@type\":\"ImageObject\",\"inLanguage\":\"es\",\"@id\":\"https:\\\/\\\/secure.gravatar.com\\\/avatar\\\/10d802aa739e832aedd2f3fd8544d878871eb22e6ca86fe9a548573e34a28f0e?s=96&d=mm&r=g\",\"url\":\"https:\\\/\\\/secure.gravatar.com\\\/avatar\\\/10d802aa739e832aedd2f3fd8544d878871eb22e6ca86fe9a548573e34a28f0e?s=96&d=mm&r=g\",\"contentUrl\":\"https:\\\/\\\/secure.gravatar.com\\\/avatar\\\/10d802aa739e832aedd2f3fd8544d878871eb22e6ca86fe9a548573e34a28f0e?s=96&d=mm&r=g\",\"caption\":\"InformanteMX\"},\"url\":\"https:\\\/\\\/informante.mx\\\/?author=1\"}]}<\/script>\n<!-- \/ Yoast SEO plugin. -->","yoast_head_json":{"title":"M\u00e1s de 300 mil veracruzanos deben de acudir a renovar su INE\u00a0 - Informante.mx","robots":{"index":"index","follow":"follow","max-snippet":"max-snippet:-1","max-image-preview":"max-image-preview:large","max-video-preview":"max-video-preview:-1"},"canonical":"https:\/\/informante.mx\/?p=49713","og_locale":"es_ES","og_type":"article","og_title":"M\u00e1s de 300 mil veracruzanos deben de acudir a renovar su INE\u00a0 - Informante.mx","og_description":"El vocal del Registro Federal de Electores de la Junta Local del INE en Veracruz, Sergio Vera Olvera, dijo que al concluir la jornada electoral del pasado 1 de junio se reinicio la afiliaci\u00f3n.\u00a0","og_url":"https:\/\/informante.mx\/?p=49713","og_site_name":"Informante.mx","article_publisher":"https:\/\/www.facebook.com\/MX.Informante","article_published_time":"2025-06-12T19:36:56+00:00","article_modified_time":"2025-06-12T19:37:02+00:00","og_image":[{"width":700,"height":466,"url":"https:\/\/informante.mx\/wp-content\/uploads\/2020\/07\/ne.jpg","type":"image\/jpeg"}],"author":"InformanteMX","twitter_card":"summary_large_image","twitter_creator":"@mx_informante","twitter_site":"@mx_informante","twitter_misc":{"Escrito por":"InformanteMX","Tiempo de lectura":"1 minuto"},"schema":{"@context":"https:\/\/schema.org","@graph":[{"@type":"NewsArticle","@id":"https:\/\/informante.mx\/?p=49713#article","isPartOf":{"@id":"https:\/\/informante.mx\/?p=49713"},"author":{"name":"InformanteMX","@id":"https:\/\/informante.mx\/#\/schema\/person\/3eff91989d2ea76b0a330b416325946c"},"headline":"M\u00e1s de 300 mil veracruzanos deben de acudir a renovar su INE\u00a0","datePublished":"2025-06-12T19:36:56+00:00","dateModified":"2025-06-12T19:37:02+00:00","mainEntityOfPage":{"@id":"https:\/\/informante.mx\/?p=49713"},"wordCount":200,"commentCount":0,"publisher":{"@id":"https:\/\/informante.mx\/#organization"},"image":{"@id":"https:\/\/informante.mx\/?p=49713#primaryimage"},"thumbnailUrl":"https:\/\/informante.mx\/wp-content\/uploads\/2020\/07\/ne.jpg","keywords":["Veracruz"],"articleSection":["Estatal"],"inLanguage":"es","potentialAction":[{"@type":"CommentAction","name":"Comment","target":["https:\/\/informante.mx\/?p=49713#respond"]}]},{"@type":"WebPage","@id":"https:\/\/informante.mx\/?p=49713","url":"https:\/\/informante.mx\/?p=49713","name":"M\u00e1s de 300 mil veracruzanos deben de acudir a renovar su INE\u00a0 - Informante.mx","isPartOf":{"@id":"https:\/\/informante.mx\/#website"},"primaryImageOfPage":{"@id":"https:\/\/informante.mx\/?p=49713#primaryimage"},"image":{"@id":"https:\/\/informante.mx\/?p=49713#primaryimage"},"thumbnailUrl":"https:\/\/informante.mx\/wp-content\/uploads\/2020\/07\/ne.jpg","datePublished":"2025-06-12T19:36:56+00:00","dateModified":"2025-06-12T19:37:02+00:00","breadcrumb":{"@id":"https:\/\/informante.mx\/?p=49713#breadcrumb"},"inLanguage":"es","potentialAction":[{"@type":"ReadAction","target":["https:\/\/informante.mx\/?p=49713"]}]},{"@type":"ImageObject","inLanguage":"es","@id":"https:\/\/informante.mx\/?p=49713#primaryimage","url":"https:\/\/informante.mx\/wp-content\/uploads\/2020\/07\/ne.jpg","contentUrl":"https:\/\/informante.mx\/wp-content\/uploads\/2020\/07\/ne.jpg","width":700,"height":466},{"@type":"BreadcrumbList","@id":"https:\/\/informante.mx\/?p=49713#breadcrumb","itemListElement":[{"@type":"ListItem","position":1,"name":"Portada","item":"https:\/\/informante.mx\/"},{"@type":"ListItem","position":2,"name":"M\u00e1s de 300 mil veracruzanos deben de acudir a renovar su INE\u00a0"}]},{"@type":"WebSite","@id":"https:\/\/informante.mx\/#website","url":"https:\/\/informante.mx\/","name":"Informante.mx","description":"","publisher":{"@id":"https:\/\/informante.mx\/#organization"},"potentialAction":[{"@type":"SearchAction","target":{"@type":"EntryPoint","urlTemplate":"https:\/\/informante.mx\/?s={search_term_string}"},"query-input":{"@type":"PropertyValueSpecification","valueRequired":true,"valueName":"search_term_string"}}],"inLanguage":"es"},{"@type":"Organization","@id":"https:\/\/informante.mx\/#organization","name":"Informante.mx","url":"https:\/\/informante.mx\/","logo":{"@type":"ImageObject","inLanguage":"es","@id":"https:\/\/informante.mx\/#\/schema\/logo\/image\/","url":"https:\/\/informante.mx\/wp-content\/uploads\/2019\/12\/cropped-LOGO-Verde-Apaisado-1024x360O-1.png","contentUrl":"https:\/\/informante.mx\/wp-content\/uploads\/2019\/12\/cropped-LOGO-Verde-Apaisado-1024x360O-1.png","width":923,"height":180,"caption":"Informante.mx"},"image":{"@id":"https:\/\/informante.mx\/#\/schema\/logo\/image\/"},"sameAs":["https:\/\/www.facebook.com\/MX.Informante","https:\/\/x.com\/mx_informante"]},{"@type":"Person","@id":"https:\/\/informante.mx\/#\/schema\/person\/3eff91989d2ea76b0a330b416325946c","name":"InformanteMX","image":{"@type":"ImageObject","inLanguage":"es","@id":"https:\/\/secure.gravatar.com\/avatar\/10d802aa739e832aedd2f3fd8544d878871eb22e6ca86fe9a548573e34a28f0e?s=96&d=mm&r=g","url":"https:\/\/secure.gravatar.com\/avatar\/10d802aa739e832aedd2f3fd8544d878871eb22e6ca86fe9a548573e34a28f0e?s=96&d=mm&r=g","contentUrl":"https:\/\/secure.gravatar.com\/avatar\/10d802aa739e832aedd2f3fd8544d878871eb22e6ca86fe9a548573e34a28f0e?s=96&d=mm&r=g","caption":"InformanteMX"},"url":"https:\/\/informante.mx\/?author=1"}]}},"jetpack_featured_media_url":"https:\/\/informante.mx\/wp-content\/uploads\/2020\/07\/ne.jpg","uagb_featured_image_src":{"full":["https:\/\/informante.mx\/wp-content\/uploads\/2020\/07\/ne.jpg",700,466,false],"thumbnail":["https:\/\/informante.mx\/wp-content\/uploads\/2020\/07\/ne-150x100.jpg",150,100,true],"medium":["https:\/\/informante.mx\/wp-content\/uploads\/2020\/07\/ne-300x200.jpg",300,200,true],"medium_large":["https:\/\/informante.mx\/wp-content\/uploads\/2020\/07\/ne.jpg",640,426,false],"large":["https:\/\/informante.mx\/wp-content\/uploads\/2020\/07\/ne.jpg",640,426,false],"1536x1536":["https:\/\/informante.mx\/wp-content\/uploads\/2020\/07\/ne.jpg",700,466,false],"2048x2048":["https:\/\/informante.mx\/wp-content\/uploads\/2020\/07\/ne.jpg",700,466,false],"td_0x420":["https:\/\/informante.mx\/wp-content\/uploads\/2020\/07\/ne-631x420.jpg",631,420,true],"td_0x420_retina":["https:\/\/informante.mx\/wp-content\/uploads\/2020\/07\/ne.jpg",700,466,false],"td_80x60":["https:\/\/informante.mx\/wp-content\/uploads\/2020\/07\/ne-80x60.jpg",80,60,true],"td_80x60_retina":["https:\/\/informante.mx\/wp-content\/uploads\/2020\/07\/ne-160x120.jpg",160,120,true],"td_100x75":["https:\/\/informante.mx\/wp-content\/uploads\/2020\/07\/ne-100x75.jpg",100,75,true],"td_100x75_retina":["https:\/\/informante.mx\/wp-content\/uploads\/2020\/07\/ne-200x150.jpg",200,150,true],"td_180x135":["https:\/\/informante.mx\/wp-content\/uploads\/2020\/07\/ne-180x135.jpg",180,135,true],"td_180x135_retina":["https:\/\/informante.mx\/wp-content\/uploads\/2020\/07\/ne-360x270.jpg",360,270,true],"td_238x178":["https:\/\/informante.mx\/wp-content\/uploads\/2020\/07\/ne-238x178.jpg",238,178,true],"td_238x178_retina":["https:\/\/informante.mx\/wp-content\/uploads\/2020\/07\/ne-476x356.jpg",476,356,true],"td_265x198":["https:\/\/informante.mx\/wp-content\/uploads\/2020\/07\/ne-265x198.jpg",265,198,true],"td_265x198_retina":["https:\/\/informante.mx\/wp-content\/uploads\/2020\/07\/ne-530x396.jpg",530,396,true],"td_300x160":["https:\/\/informante.mx\/wp-content\/uploads\/2020\/07\/ne-300x160.jpg",300,160,true],"td_300x160_retina":["https:\/\/informante.mx\/wp-content\/uploads\/2020\/07\/ne-600x320.jpg",600,320,true],"td_300x194":["https:\/\/informante.mx\/wp-content\/uploads\/2020\/07\/ne-300x194.jpg",300,194,true],"td_300x194_retina":["https:\/\/informante.mx\/wp-content\/uploads\/2020\/07\/ne-600x388.jpg",600,388,true],"td_300x350":["https:\/\/informante.mx\/wp-content\/uploads\/2020\/07\/ne-300x350.jpg",300,350,true],"td_300x350_retina":["https:\/\/informante.mx\/wp-content\/uploads\/2020\/07\/ne-600x466.jpg",600,466,true],"td_341x220":["https:\/\/informante.mx\/wp-content\/uploads\/2020\/07\/ne-341x220.jpg",341,220,true],"td_341x220_retina":["https:\/\/informante.mx\/wp-content\/uploads\/2020\/07\/ne-682x440.jpg",682,440,true],"td_341x400":["https:\/\/informante.mx\/wp-content\/uploads\/2020\/07\/ne-341x400.jpg",341,400,true],"td_341x400_retina":["https:\/\/informante.mx\/wp-content\/uploads\/2020\/07\/ne-682x466.jpg",682,466,true],"td_511x400":["https:\/\/informante.mx\/wp-content\/uploads\/2020\/07\/ne-511x400.jpg",511,400,true],"td_511x400_retina":["https:\/\/informante.mx\/wp-content\/uploads\/2020\/07\/ne.jpg",700,466,false],"td_537x360":["https:\/\/informante.mx\/wp-content\/uploads\/2020\/07\/ne-537x360.jpg",537,360,true],"td_537x360_retina":["https:\/\/informante.mx\/wp-content\/uploads\/2020\/07\/ne.jpg",700,466,false],"td_640x0":["https:\/\/informante.mx\/wp-content\/uploads\/2020\/07\/ne-640x426.jpg",640,426,true],"td_640x0_retina":["https:\/\/informante.mx\/wp-content\/uploads\/2020\/07\/ne.jpg",700,466,false],"td_640x350":["https:\/\/informante.mx\/wp-content\/uploads\/2020\/07\/ne-640x350.jpg",640,350,true],"td_640x350_retina":["https:\/\/informante.mx\/wp-content\/uploads\/2020\/07\/ne.jpg",700,466,false],"td_681x0":["https:\/\/informante.mx\/wp-content\/uploads\/2020\/07\/ne-681x453.jpg",681,453,true],"td_681x0_retina":["https:\/\/informante.mx\/wp-content\/uploads\/2020\/07\/ne.jpg",700,466,false],"td_681x400":["https:\/\/informante.mx\/wp-content\/uploads\/2020\/07\/ne-681x400.jpg",681,400,true],"td_681x400_retina":["https:\/\/informante.mx\/wp-content\/uploads\/2020\/07\/ne.jpg",700,466,false],"td_741x486":["https:\/\/informante.mx\/wp-content\/uploads\/2020\/07\/ne.jpg",700,466,false],"td_741x486_retina":["https:\/\/informante.mx\/wp-content\/uploads\/2020\/07\/ne.jpg",700,466,false],"td_1021x580":["https:\/\/informante.mx\/wp-content\/uploads\/2020\/07\/ne.jpg",700,466,false],"td_1021x580_retina":["https:\/\/informante.mx\/wp-content\/uploads\/2020\/07\/ne.jpg",700,466,false]},"uagb_author_info":{"display_name":"InformanteMX","author_link":"https:\/\/informante.mx\/?author=1"},"uagb_comment_info":0,"uagb_excerpt":"El vocal del Registro Federal de Electores de la Junta Local del INE en Veracruz, Sergio Vera Olvera, dijo que al concluir la jornada electoral del pasado 1 de junio se reinicio la afiliaci\u00f3n.\u00a0","_links":{"self":[{"href":"https:\/\/informante.mx\/index.php?rest_route=\/wp\/v2\/posts\/49713","targetHints":{"allow":["GET"]}}],"collection":[{"href":"https:\/\/informante.mx\/index.php?rest_route=\/wp\/v2\/posts"}],"about":[{"href":"https:\/\/informante.mx\/index.php?rest_route=\/wp\/v2\/types\/post"}],"author":[{"embeddable":true,"href":"https:\/\/informante.mx\/index.php?rest_route=\/wp\/v2\/users\/1"}],"replies":[{"embeddable":true,"href":"https:\/\/informante.mx\/index.php?rest_route=%2Fwp%2Fv2%2Fcomments&post=49713"}],"version-history":[{"count":1,"href":"https:\/\/informante.mx\/index.php?rest_route=\/wp\/v2\/posts\/49713\/revisions"}],"predecessor-version":[{"id":49714,"href":"https:\/\/informante.mx\/index.php?rest_route=\/wp\/v2\/posts\/49713\/revisions\/49714"}],"wp:featuredmedia":[{"embeddable":true,"href":"https:\/\/informante.mx\/index.php?rest_route=\/wp\/v2\/media\/20419"}],"wp:attachment":[{"href":"https:\/\/informante.mx\/index.php?rest_route=%2Fwp%2Fv2%2Fmedia&parent=49713"}],"wp:term":[{"taxonomy":"category","embeddable":true,"href":"https:\/\/informante.mx\/index.php?rest_route=%2Fwp%2Fv2%2Fcategories&post=49713"},{"taxonomy":"post_tag","embeddable":true,"href":"https:\/\/informante.mx\/index.php?rest_route=%2Fwp%2Fv2%2Ftags&post=49713"}],"curies":[{"name":"wp","href":"https:\/\/api.w.org\/{rel}","templated":true}]}}