{"id":48503,"date":"2025-05-12T11:56:54","date_gmt":"2025-05-12T17:56:54","guid":{"rendered":"https:\/\/informante.mx\/?p=48503"},"modified":"2025-05-12T11:57:00","modified_gmt":"2025-05-12T17:57:00","slug":"punto-de-vista-nace-fidelidad-por-veracruz","status":"publish","type":"post","link":"https:\/\/informante.mx\/?p=48503","title":{"rendered":"Punto de Vista | Nace \u201cFidelidad por Veracruz\u201d"},"content":{"rendered":"\n<div style=\"height:30px\" aria-hidden=\"true\" class=\"wp-block-spacer\"><\/div>\n\n\n\n<h2 class=\"wp-block-heading has-text-align-center\">Nace \u201cFidelidad por Veracruz\u201d<\/h2>\n\n\n\n<h2 class=\"wp-block-heading has-text-align-center\">Filiberto Vargas Rodr\u00edguez<\/h2>\n\n\n\n<div style=\"height:30px\" aria-hidden=\"true\" class=\"wp-block-spacer\"><\/div>\n\n\n\n<p><strong>Prefacio.<\/strong><\/p>\n\n\n\n<p>En las tareas de combate a la plaga del gusano barrenador de ganado, las cosas en M\u00e9xico no est\u00e1n saliendo como se ten\u00edan planeadas. *** Este domingo, poco despu\u00e9s del mediod\u00eda (12:44 horas) la secretaria de Agricultura de Estados Unidos, Brooke Rollins, subi\u00f3 un anuncio a sus redes sociales: \u201cDebido a la amenaza del gusano barrenador estoy anunciando la suspensi\u00f3n de las importaciones de ganado vivo, caballo y bisontes a trav\u00e9s de los puertos de entrada de la frontera sur de Estados Unidos con efecto inmediato. La \u00faltima vez que esta devastadora plaga invadi\u00f3 Estados Unidos, tard\u00f3 30 a\u00f1os en recuperarse nuestra industria ganadera. Esto no puede volver a pasar\u201d. *** El gobierno de M\u00e9xico, a trav\u00e9s del secretario de Agricultura y Desarrollo Rural (Sader), Julio Verdegu\u00e9, conden\u00f3 la decisi\u00f3n: \u201cNo estamos de acuerdo con esta medida, pero confiamos en que en menor tiempo estaremos llegando a un acuerdo. Seguir\u00e9 informando\u201d, se\u00f1al\u00f3 en su cuenta de X. *** Apenas el pasado 28 de abril, el gobierno mexicano anunci\u00f3 que hab\u00eda abordado \u201csatisfactoriamente\u201d las medidas de Estados Unidos contra el gusano barrenador, para contener y erradicar \u201cjuntos\u201d el brote de esa plaga. *** El pasado 8 de mayo, seg\u00fan la misma Sader, ambas naciones hab\u00edan acordado reforzar la campa\u00f1a contra el gusano barrenador, con la reapertura de pasos fronterizos para la exportaci\u00f3n del ganado, la instalaci\u00f3n de una planta para producir moscas est\u00e9riles y el intercambio de datos de an\u00e1lisis entre instituciones. *** El primer cierre de las fronteras para el paso de ganado mexicano se dio en noviembre del 2024, cuando se confirm\u00f3 la presencia del gusano barrenador en territorio mexicano. *** Para tener una idea del impacto de que Estados Unidos cierre sus fronteras, seg\u00fan datos del Servicio Nacional de Sanidad, Inocuidad y Calidad Agroalimentaria (Senasica) las exportaciones de ganado mexicano hacia Estados Unidos crecieron un 37.8% en el ciclo 2023-2024, alcanzando 1.3 millones de cabezas.\u00a0<\/p>\n\n\n\n<p><strong>* * *<\/strong><\/p>\n\n\n\n<p>Los comentarios se hac\u00edan en voz muy baja, casi al o\u00eddo: \u201clo tenemos todo, es cuesti\u00f3n de que nos reunamos\u201d.<\/p>\n\n\n\n<p>Era el acto luctuoso en memoria del exgobernador Fidel Herrera Beltr\u00e1n. Sus cenizas fueron colocadas en el centro, justo frente a la tribuna del Sal\u00f3n de Plenos del Palacio Legislativo de Xalapa.<\/p>\n\n\n\n<p>Seguramente como un mudo homenaje a su figura como gobernador, el acto luctuoso (autorizado por la Junta de Coordinaci\u00f3n Pol\u00edtica del Congreso) inici\u00f3 con m\u00e1s de una hora de retraso. Los que conocieron a Fidel Herrera lo entendieron: la puntualidad no fue una de las materias que curs\u00f3 en Inglaterra.<\/p>\n\n\n\n<p>Los susurros se multiplicaban, en cada abrazo afectuoso se aprovechaba para sembrar esa inquietud: \u201cdebemos retomar todo este capital pol\u00edtico que nos dej\u00f3 Fidel. Empezaremos como una asociaci\u00f3n pol\u00edtica, pero muy pronto creceremos\u201d, se dec\u00edan de manera discreta.<\/p>\n\n\n\n<p>La respuesta siempre fue la misma: \u201ccuenten conmigo, ustedes me avisan y yo estar\u00e9 ah\u00ed\u201d.<\/p>\n\n\n\n<p>Mientras tanto, Javier Herrera Borunda hac\u00eda uso de la palabra. Repiti\u00f3 una frase que se qued\u00f3 entre los fidelistas que, incluso, la gritaron a todo pulm\u00f3n fuera de protocolo: \u201cYo predico con el ejemplo, le trabajo a Veracruz desde que me levanto hasta que me acuesto\u201d.<\/p>\n\n\n\n<p>Y entre los asistentes corr\u00eda la propuesta: crear una asociaci\u00f3n pol\u00edtica conformada por los \u201cfidelistas\u201d de coraz\u00f3n, definir con claridad los objetivos y, una vez conformados, invitar al \u201cheredero\u201d, al diputado federal Javier Herrera, a que los encabece.<\/p>\n\n\n\n<p>Y el aludido segu\u00eda recordando la trayectoria de su padre: \u201cLleg\u00f3 a la gubernatura en medio de condiciones altamente complejas, donde dos terceras partes del electorado no hab\u00edan elegido esa opci\u00f3n pol\u00edtica. Pero, con una visi\u00f3n de Estado, con apertura, pero sobre todo con trabajo, logr\u00f3 tender puentes en todos los partidos pol\u00edticos\u201d.<\/p>\n\n\n\n<p>Fue hasta que Javier Herrera lleg\u00f3 a ese fragmento de su discurso, cuando muchos de los presentes se dieron cuenta de que en el recinto legislativo no hab\u00eda representaci\u00f3n del Partido Acci\u00f3n Nacional (PAN).<\/p>\n\n\n\n<p>En aquel entonces, diciembre del 2004, cuando Fidel Herrera rindi\u00f3 protesta como gobernador, el coordinador de la bancada panista era, casualmente, el mismo de ahora: Enrique Cambranis Torres, quien -adem\u00e1s- presid\u00eda la Junta de Coordinaci\u00f3n Pol\u00edtica (Jucopo).<\/p>\n\n\n\n<p>La relaci\u00f3n entre ambos, aunque sujeta a las normas que deb\u00edan regir entre los representantes de dos poderes p\u00fablicos, nunca fue buena.<\/p>\n\n\n\n<p>De Morena destac\u00f3 la presencia del presidente de la Jucopo, Esteban Bautista (fue presidente municipal de Tatahuicapan entre 2008 y 2010, por lo que le toc\u00f3 el final del per\u00edodo fidelista).<\/p>\n\n\n\n<p>Al hacer guardia de honor los coordinadores de los grupos legislativos pasaron al frente el propio Esteban Bautista (Morena), Ram\u00f3n D\u00edaz (PT), H\u00e9ctor Yunes (PRI), Marcelo Ruiz (Verde) y Adri\u00e1n \u00c1vila (MC). &nbsp;<\/p>\n\n\n\n<p>En su discurso, Javier Herrera dedic\u00f3 una buena parte a agradecer las muestras de solidaridad de la gobernadora Roc\u00edo Nahle: \u201cEn nombre de mi familia, de los hermanos de mi padre, gracias por este gesto que honra no s\u00f3lo al hombre, sino a todo un pueblo, honra a Veracruz\u201d.<\/p>\n\n\n\n<p>En representaci\u00f3n de la gobernadora asisti\u00f3 el subsecretario de Gobierno, Jos\u00e9 Manuel Pozos Castro. Acudi\u00f3 el actual dirigente nacional de los trabajadores petroleros, Ricardo Aldana Prieto y el Director de Control Interno y Evaluaci\u00f3n T\u00e9cnica de Auditor\u00eda Superior de la Federaci\u00f3n (ASF), Jos\u00e9 Manuel del R\u00edo Virgen.<\/p>\n\n\n\n<p>Alguien que fue muy cercano a Fidel Herrera y estuvo presente, aunque a distancia, fue Joel Arcos Rold\u00e1n.<\/p>\n\n\n\n<p>De su equipo de trabajo en el gobierno estatal acudieron Luis Arturo Ugalde, Jorge Carvallo Delf\u00edn, Am\u00e9rico Z\u00fa\u00f1iga, Salvador S\u00e1nchez, Alfredo G\u00e1ndara, Ranulfo M\u00e1rquez, Clara Luz Prieto Villegas, Manuel Lila de Arce, Luis Fernando Antiga Tinoco, Antonio Ben\u00edtez Lucho, Everardo Souza, Karime aguilera, Antonio Ferrari y Emeterio L\u00f3pez M\u00e1rquez.<\/p>\n\n\n\n<p>Tambi\u00e9n hicieron acto de presencia el exfiscal Luis \u00c1ngel Bravo Contreras; la dirigente del sindicato del sector salud, Luisa \u00c1ngela Soto Maldonado; la exalcaldesa y actual candidata del puerto de Veracruz, Carolina Gudi\u00f1o Corro; en representaci\u00f3n de su padre, Reynaldo Escobar P\u00e9rez, asisti\u00f3 Reynaldo Rafael Escobar Estudillo.<\/p>\n\n\n\n<p>Y llegaron muchos m\u00e1s. Al momento en que fue colocada la urna con las cenizas de Fidel Herrera, se inici\u00f3 un aplauso que dur\u00f3 m\u00e1s de cinco minutos. Fue el reconocimiento de toda una generaci\u00f3n de pol\u00edticos veracruzanos a quien fue su gu\u00eda y el impulsor de sus carreras.<\/p>\n\n\n\n<p>H\u00e9ctor Yunes resumi\u00f3 el sentir de los presentes: \u201cSu vida y legado, la obra de su gobierno y su cercan\u00eda con la gente, trascender\u00e1n ideolog\u00edas y generaciones\u201d.<\/p>\n\n\n\n<p>Y la convocatoria se reg\u00f3 entre los asistentes. Ya tienen hasta un nombre para esa organizaci\u00f3n: \u201cFidelidad por Veracruz\u201d.<\/p>\n\n\n\n<p><strong>* * *<\/strong><\/p>\n\n\n\n<p><strong>Ep\u00edlogo.<\/strong><\/p>\n\n\n\n<p>En Xalapa somos muchos los que conocemos al abogado Mart\u00edn Ortega, especializado en temas electorales, pero -adem\u00e1s- fuerte impulsor del desarrollo de comunidades en la entidad. *** En fechas recientes facilit\u00f3 la participaci\u00f3n de un grupo de obreros en la unidad Minera de Texistepec, en el sur de la entidad. Sin embargo, cuando se dirig\u00edan a su centro de trabajo, un grupo de sujetos armados los desalojaron y amagaban con lincharlos. *** Elementos de la Polic\u00eda Ministerial llegaron hasta el lugar y lograron sacarlos de la zona sanos y salvos, pero su calvario no concluy\u00f3 ah\u00ed. Pasaron de ser \u201crescatados\u201d a ser inculpados de \u201clesiones\u201d y m\u00e1s delante de \u201cterrorismo\u201d. *** La fiscal regional, Karla D\u00edaz Hermosilla; la encargada de la unidad integral de Acayucan, Virginia Carrera Cumplido y la fiscal cuarta, Teresa de Jes\u00fas Pucheta Polito, admitieron que obedec\u00edan \u00f3rdenes de un grupo delictivo que opera en aquella zona y que la instrucci\u00f3n era enviarlos a prisi\u00f3n. *** El juez Jorge Luis M\u00e1pel Mart\u00ednez dijo tener instrucciones de la presidente del Tribunal Superior de Justicia, Lisbeth Aurelia Jim\u00e9nez Aguirre, de mantenerlos en la c\u00e1rcel. *** La colusi\u00f3n entre autoridades y la delincuencia organizada es cada vez m\u00e1s evidente y gente inocente est\u00e1 siendo reprimida. \u00bfEstar\u00e1 enterada de todo esto la gobernadora Roc\u00edo Nahle?<\/p>\n\n\n\n<p><em><strong>filivargas@gmail.com<\/strong><\/em><\/p>\n\n\n\n<hr class=\"wp-block-separator has-alpha-channel-opacity\"\/>\n\n\n\n<p class=\"has-text-align-center\" style=\"font-size:17px\"><strong><i>Toda la informaci\u00f3n que necesitas saber la encuentras en nuestras <\/i><strong style=\"\"><em style=\"font-style: italic;\">redes sociales y canal de <\/em><\/strong><\/strong><a href=\"https:\/\/t.me\/informantemx\" target=\"_blank\" rel=\"noreferrer noopener\"><strong><em>Telegram<\/em><\/strong><\/a>. <\/p>\n\n\n\n<p class=\"has-text-align-center\" style=\"font-size:17px\"><strong><em>!\u00danete!<\/em><\/strong><\/p>\n\n\n\n<div class=\"wp-block-uagb-image aligncenter uagb-block-3acd28e8 wp-block-uagb-image--layout-default wp-block-uagb-image--effect-zoomin wp-block-uagb-image--align-center\"><figure class=\"wp-block-uagb-image__figure\"><a class=\"\" href=\"https:\/\/t.me\/informantemx\" target=\"\" rel=\"noopener\"><img decoding=\"async\" srcset=\"https:\/\/informante.mx\/wp-content\/uploads\/2023\/08\/Banner-Telegram-Verde-800x60-1.png ,https:\/\/informante.mx\/wp-content\/uploads\/2023\/08\/Banner-Telegram-Verde-800x60-1.png 780w, https:\/\/informante.mx\/wp-content\/uploads\/2023\/08\/Banner-Telegram-Verde-800x60-1.png 360w\" sizes=\"auto, (max-width: 480px) 150px\" src=\"https:\/\/informante.mx\/wp-content\/uploads\/2023\/08\/Banner-Telegram-Verde-800x60-1.png\" alt=\"\" class=\"uag-image-23275\" width=\"800\" height=\"60\" title=\"\" loading=\"lazy\" role=\"img\"\/><\/a><\/figure><\/div>\n\n\n\n<div class=\"wp-block-uagb-image aligncenter uagb-block-45ea2b31 wp-block-uagb-image--layout-default wp-block-uagb-image--effect-zoomin wp-block-uagb-image--align-center\"><figure class=\"wp-block-uagb-image__figure\"><a class=\"\" href=\"https:\/\/www.facebook.com\/MX.Informante\" target=\"\" rel=\"noopener\"><img decoding=\"async\" srcset=\"https:\/\/informante.mx\/wp-content\/uploads\/2023\/08\/Banner-Facebook-Verde-800x60-1.png ,https:\/\/informante.mx\/wp-content\/uploads\/2023\/08\/Banner-Facebook-Verde-800x60-1.png 780w, https:\/\/informante.mx\/wp-content\/uploads\/2023\/08\/Banner-Facebook-Verde-800x60-1.png 360w\" sizes=\"auto, (max-width: 480px) 150px\" src=\"https:\/\/informante.mx\/wp-content\/uploads\/2023\/08\/Banner-Facebook-Verde-800x60-1.png\" alt=\"\" class=\"uag-image-23274\" width=\"800\" height=\"60\" title=\"\" loading=\"lazy\" role=\"img\"\/><\/a><\/figure><\/div>\n\n\n\n<div class=\"wp-block-uagb-image aligncenter uagb-block-2ce4c51b wp-block-uagb-image--layout-default wp-block-uagb-image--effect-zoomin wp-block-uagb-image--align-center\"><figure class=\"wp-block-uagb-image__figure\"><a class=\"\" href=\"https:\/\/twitter.com\/mx_informante\" target=\"\" rel=\"noopener\"><img decoding=\"async\" srcset=\"https:\/\/informante.mx\/wp-content\/uploads\/2023\/08\/Banner-Twitter-Verde-800x60-1.png ,https:\/\/informante.mx\/wp-content\/uploads\/2023\/08\/Banner-Twitter-Verde-800x60-1.png 780w, https:\/\/informante.mx\/wp-content\/uploads\/2023\/08\/Banner-Twitter-Verde-800x60-1.png 360w\" sizes=\"auto, (max-width: 480px) 150px\" src=\"https:\/\/informante.mx\/wp-content\/uploads\/2023\/08\/Banner-Twitter-Verde-800x60-1.png\" alt=\"\" class=\"uag-image-23273\" width=\"800\" height=\"60\" title=\"\" loading=\"lazy\" role=\"img\"\/><\/a><\/figure><\/div>\n\n\n\n<div style=\"height:50px\" aria-hidden=\"true\" class=\"wp-block-spacer\"><\/div>\n","protected":false},"excerpt":{"rendered":"<p>Filiberto Vargas Rodr\u00edguez<\/p>\n","protected":false},"author":1,"featured_media":48504,"comment_status":"open","ping_status":"closed","sticky":false,"template":"","format":"standard","meta":{"_uag_custom_page_level_css":"","jetpack_post_was_ever_published":false,"footnotes":""},"categories":[13,100],"tags":[],"class_list":["post-48503","post","type-post","status-publish","format-standard","has-post-thumbnail","hentry","category-columnas","category-punto-de-vista"],"yoast_head":"<!-- This site is optimized with the Yoast SEO plugin v27.3 - https:\/\/yoast.com\/product\/yoast-seo-wordpress\/ -->\n<title>Punto de Vista | Nace \u201cFidelidad por Veracruz\u201d - Informante.mx<\/title>\n<meta name=\"robots\" content=\"index, follow, max-snippet:-1, max-image-preview:large, max-video-preview:-1\" \/>\n<link rel=\"canonical\" href=\"https:\/\/informante.mx\/?p=48503\" \/>\n<meta property=\"og:locale\" content=\"es_ES\" \/>\n<meta property=\"og:type\" content=\"article\" \/>\n<meta property=\"og:title\" content=\"Punto de Vista | Nace \u201cFidelidad por Veracruz\u201d - Informante.mx\" \/>\n<meta property=\"og:description\" content=\"Filiberto Vargas Rodr\u00edguez\" \/>\n<meta property=\"og:url\" content=\"https:\/\/informante.mx\/?p=48503\" \/>\n<meta property=\"og:site_name\" content=\"Informante.mx\" \/>\n<meta property=\"article:publisher\" content=\"https:\/\/www.facebook.com\/MX.Informante\" \/>\n<meta property=\"article:published_time\" content=\"2025-05-12T17:56:54+00:00\" \/>\n<meta property=\"article:modified_time\" content=\"2025-05-12T17:57:00+00:00\" \/>\n<meta property=\"og:image\" content=\"https:\/\/informante.mx\/wp-content\/uploads\/2025\/05\/PUNTO-DE-VISTA-120525.jpg\" \/>\n\t<meta property=\"og:image:width\" content=\"1100\" \/>\n\t<meta property=\"og:image:height\" content=\"700\" \/>\n\t<meta property=\"og:image:type\" content=\"image\/jpeg\" \/>\n<meta name=\"author\" content=\"InformanteMX\" \/>\n<meta name=\"twitter:card\" content=\"summary_large_image\" \/>\n<meta name=\"twitter:creator\" content=\"@mx_informante\" \/>\n<meta name=\"twitter:site\" content=\"@mx_informante\" \/>\n<meta name=\"twitter:label1\" content=\"Escrito por\" \/>\n\t<meta name=\"twitter:data1\" content=\"InformanteMX\" \/>\n\t<meta name=\"twitter:label2\" content=\"Tiempo de lectura\" \/>\n\t<meta name=\"twitter:data2\" content=\"7 minutos\" \/>\n<script type=\"application\/ld+json\" class=\"yoast-schema-graph\">{\"@context\":\"https:\\\/\\\/schema.org\",\"@graph\":[{\"@type\":\"NewsArticle\",\"@id\":\"https:\\\/\\\/informante.mx\\\/?p=48503#article\",\"isPartOf\":{\"@id\":\"https:\\\/\\\/informante.mx\\\/?p=48503\"},\"author\":{\"name\":\"InformanteMX\",\"@id\":\"https:\\\/\\\/informante.mx\\\/#\\\/schema\\\/person\\\/3eff91989d2ea76b0a330b416325946c\"},\"headline\":\"Punto de Vista | Nace \u201cFidelidad por Veracruz\u201d\",\"datePublished\":\"2025-05-12T17:56:54+00:00\",\"dateModified\":\"2025-05-12T17:57:00+00:00\",\"mainEntityOfPage\":{\"@id\":\"https:\\\/\\\/informante.mx\\\/?p=48503\"},\"wordCount\":1395,\"commentCount\":0,\"publisher\":{\"@id\":\"https:\\\/\\\/informante.mx\\\/#organization\"},\"image\":{\"@id\":\"https:\\\/\\\/informante.mx\\\/?p=48503#primaryimage\"},\"thumbnailUrl\":\"https:\\\/\\\/informante.mx\\\/wp-content\\\/uploads\\\/2025\\\/05\\\/PUNTO-DE-VISTA-120525.jpg\",\"articleSection\":[\"Columnas\",\"Punto de Vista\"],\"inLanguage\":\"es\",\"potentialAction\":[{\"@type\":\"CommentAction\",\"name\":\"Comment\",\"target\":[\"https:\\\/\\\/informante.mx\\\/?p=48503#respond\"]}]},{\"@type\":\"WebPage\",\"@id\":\"https:\\\/\\\/informante.mx\\\/?p=48503\",\"url\":\"https:\\\/\\\/informante.mx\\\/?p=48503\",\"name\":\"Punto de Vista | Nace \u201cFidelidad por Veracruz\u201d - Informante.mx\",\"isPartOf\":{\"@id\":\"https:\\\/\\\/informante.mx\\\/#website\"},\"primaryImageOfPage\":{\"@id\":\"https:\\\/\\\/informante.mx\\\/?p=48503#primaryimage\"},\"image\":{\"@id\":\"https:\\\/\\\/informante.mx\\\/?p=48503#primaryimage\"},\"thumbnailUrl\":\"https:\\\/\\\/informante.mx\\\/wp-content\\\/uploads\\\/2025\\\/05\\\/PUNTO-DE-VISTA-120525.jpg\",\"datePublished\":\"2025-05-12T17:56:54+00:00\",\"dateModified\":\"2025-05-12T17:57:00+00:00\",\"breadcrumb\":{\"@id\":\"https:\\\/\\\/informante.mx\\\/?p=48503#breadcrumb\"},\"inLanguage\":\"es\",\"potentialAction\":[{\"@type\":\"ReadAction\",\"target\":[\"https:\\\/\\\/informante.mx\\\/?p=48503\"]}]},{\"@type\":\"ImageObject\",\"inLanguage\":\"es\",\"@id\":\"https:\\\/\\\/informante.mx\\\/?p=48503#primaryimage\",\"url\":\"https:\\\/\\\/informante.mx\\\/wp-content\\\/uploads\\\/2025\\\/05\\\/PUNTO-DE-VISTA-120525.jpg\",\"contentUrl\":\"https:\\\/\\\/informante.mx\\\/wp-content\\\/uploads\\\/2025\\\/05\\\/PUNTO-DE-VISTA-120525.jpg\",\"width\":1100,\"height\":700},{\"@type\":\"BreadcrumbList\",\"@id\":\"https:\\\/\\\/informante.mx\\\/?p=48503#breadcrumb\",\"itemListElement\":[{\"@type\":\"ListItem\",\"position\":1,\"name\":\"Portada\",\"item\":\"https:\\\/\\\/informante.mx\\\/\"},{\"@type\":\"ListItem\",\"position\":2,\"name\":\"Punto de Vista | Nace \u201cFidelidad por Veracruz\u201d\"}]},{\"@type\":\"WebSite\",\"@id\":\"https:\\\/\\\/informante.mx\\\/#website\",\"url\":\"https:\\\/\\\/informante.mx\\\/\",\"name\":\"Informante.mx\",\"description\":\"\",\"publisher\":{\"@id\":\"https:\\\/\\\/informante.mx\\\/#organization\"},\"potentialAction\":[{\"@type\":\"SearchAction\",\"target\":{\"@type\":\"EntryPoint\",\"urlTemplate\":\"https:\\\/\\\/informante.mx\\\/?s={search_term_string}\"},\"query-input\":{\"@type\":\"PropertyValueSpecification\",\"valueRequired\":true,\"valueName\":\"search_term_string\"}}],\"inLanguage\":\"es\"},{\"@type\":\"Organization\",\"@id\":\"https:\\\/\\\/informante.mx\\\/#organization\",\"name\":\"Informante.mx\",\"url\":\"https:\\\/\\\/informante.mx\\\/\",\"logo\":{\"@type\":\"ImageObject\",\"inLanguage\":\"es\",\"@id\":\"https:\\\/\\\/informante.mx\\\/#\\\/schema\\\/logo\\\/image\\\/\",\"url\":\"https:\\\/\\\/informante.mx\\\/wp-content\\\/uploads\\\/2019\\\/12\\\/cropped-LOGO-Verde-Apaisado-1024x360O-1.png\",\"contentUrl\":\"https:\\\/\\\/informante.mx\\\/wp-content\\\/uploads\\\/2019\\\/12\\\/cropped-LOGO-Verde-Apaisado-1024x360O-1.png\",\"width\":923,\"height\":180,\"caption\":\"Informante.mx\"},\"image\":{\"@id\":\"https:\\\/\\\/informante.mx\\\/#\\\/schema\\\/logo\\\/image\\\/\"},\"sameAs\":[\"https:\\\/\\\/www.facebook.com\\\/MX.Informante\",\"https:\\\/\\\/x.com\\\/mx_informante\"]},{\"@type\":\"Person\",\"@id\":\"https:\\\/\\\/informante.mx\\\/#\\\/schema\\\/person\\\/3eff91989d2ea76b0a330b416325946c\",\"name\":\"InformanteMX\",\"image\":{\"@type\":\"ImageObject\",\"inLanguage\":\"es\",\"@id\":\"https:\\\/\\\/secure.gravatar.com\\\/avatar\\\/10d802aa739e832aedd2f3fd8544d878871eb22e6ca86fe9a548573e34a28f0e?s=96&d=mm&r=g\",\"url\":\"https:\\\/\\\/secure.gravatar.com\\\/avatar\\\/10d802aa739e832aedd2f3fd8544d878871eb22e6ca86fe9a548573e34a28f0e?s=96&d=mm&r=g\",\"contentUrl\":\"https:\\\/\\\/secure.gravatar.com\\\/avatar\\\/10d802aa739e832aedd2f3fd8544d878871eb22e6ca86fe9a548573e34a28f0e?s=96&d=mm&r=g\",\"caption\":\"InformanteMX\"},\"url\":\"https:\\\/\\\/informante.mx\\\/?author=1\"}]}<\/script>\n<!-- \/ Yoast SEO plugin. -->","yoast_head_json":{"title":"Punto de Vista | Nace \u201cFidelidad por Veracruz\u201d - Informante.mx","robots":{"index":"index","follow":"follow","max-snippet":"max-snippet:-1","max-image-preview":"max-image-preview:large","max-video-preview":"max-video-preview:-1"},"canonical":"https:\/\/informante.mx\/?p=48503","og_locale":"es_ES","og_type":"article","og_title":"Punto de Vista | Nace \u201cFidelidad por Veracruz\u201d - Informante.mx","og_description":"Filiberto Vargas Rodr\u00edguez","og_url":"https:\/\/informante.mx\/?p=48503","og_site_name":"Informante.mx","article_publisher":"https:\/\/www.facebook.com\/MX.Informante","article_published_time":"2025-05-12T17:56:54+00:00","article_modified_time":"2025-05-12T17:57:00+00:00","og_image":[{"width":1100,"height":700,"url":"https:\/\/informante.mx\/wp-content\/uploads\/2025\/05\/PUNTO-DE-VISTA-120525.jpg","type":"image\/jpeg"}],"author":"InformanteMX","twitter_card":"summary_large_image","twitter_creator":"@mx_informante","twitter_site":"@mx_informante","twitter_misc":{"Escrito por":"InformanteMX","Tiempo de lectura":"7 minutos"},"schema":{"@context":"https:\/\/schema.org","@graph":[{"@type":"NewsArticle","@id":"https:\/\/informante.mx\/?p=48503#article","isPartOf":{"@id":"https:\/\/informante.mx\/?p=48503"},"author":{"name":"InformanteMX","@id":"https:\/\/informante.mx\/#\/schema\/person\/3eff91989d2ea76b0a330b416325946c"},"headline":"Punto de Vista | Nace \u201cFidelidad por Veracruz\u201d","datePublished":"2025-05-12T17:56:54+00:00","dateModified":"2025-05-12T17:57:00+00:00","mainEntityOfPage":{"@id":"https:\/\/informante.mx\/?p=48503"},"wordCount":1395,"commentCount":0,"publisher":{"@id":"https:\/\/informante.mx\/#organization"},"image":{"@id":"https:\/\/informante.mx\/?p=48503#primaryimage"},"thumbnailUrl":"https:\/\/informante.mx\/wp-content\/uploads\/2025\/05\/PUNTO-DE-VISTA-120525.jpg","articleSection":["Columnas","Punto de Vista"],"inLanguage":"es","potentialAction":[{"@type":"CommentAction","name":"Comment","target":["https:\/\/informante.mx\/?p=48503#respond"]}]},{"@type":"WebPage","@id":"https:\/\/informante.mx\/?p=48503","url":"https:\/\/informante.mx\/?p=48503","name":"Punto de Vista | Nace \u201cFidelidad por Veracruz\u201d - Informante.mx","isPartOf":{"@id":"https:\/\/informante.mx\/#website"},"primaryImageOfPage":{"@id":"https:\/\/informante.mx\/?p=48503#primaryimage"},"image":{"@id":"https:\/\/informante.mx\/?p=48503#primaryimage"},"thumbnailUrl":"https:\/\/informante.mx\/wp-content\/uploads\/2025\/05\/PUNTO-DE-VISTA-120525.jpg","datePublished":"2025-05-12T17:56:54+00:00","dateModified":"2025-05-12T17:57:00+00:00","breadcrumb":{"@id":"https:\/\/informante.mx\/?p=48503#breadcrumb"},"inLanguage":"es","potentialAction":[{"@type":"ReadAction","target":["https:\/\/informante.mx\/?p=48503"]}]},{"@type":"ImageObject","inLanguage":"es","@id":"https:\/\/informante.mx\/?p=48503#primaryimage","url":"https:\/\/informante.mx\/wp-content\/uploads\/2025\/05\/PUNTO-DE-VISTA-120525.jpg","contentUrl":"https:\/\/informante.mx\/wp-content\/uploads\/2025\/05\/PUNTO-DE-VISTA-120525.jpg","width":1100,"height":700},{"@type":"BreadcrumbList","@id":"https:\/\/informante.mx\/?p=48503#breadcrumb","itemListElement":[{"@type":"ListItem","position":1,"name":"Portada","item":"https:\/\/informante.mx\/"},{"@type":"ListItem","position":2,"name":"Punto de Vista | Nace \u201cFidelidad por Veracruz\u201d"}]},{"@type":"WebSite","@id":"https:\/\/informante.mx\/#website","url":"https:\/\/informante.mx\/","name":"Informante.mx","description":"","publisher":{"@id":"https:\/\/informante.mx\/#organization"},"potentialAction":[{"@type":"SearchAction","target":{"@type":"EntryPoint","urlTemplate":"https:\/\/informante.mx\/?s={search_term_string}"},"query-input":{"@type":"PropertyValueSpecification","valueRequired":true,"valueName":"search_term_string"}}],"inLanguage":"es"},{"@type":"Organization","@id":"https:\/\/informante.mx\/#organization","name":"Informante.mx","url":"https:\/\/informante.mx\/","logo":{"@type":"ImageObject","inLanguage":"es","@id":"https:\/\/informante.mx\/#\/schema\/logo\/image\/","url":"https:\/\/informante.mx\/wp-content\/uploads\/2019\/12\/cropped-LOGO-Verde-Apaisado-1024x360O-1.png","contentUrl":"https:\/\/informante.mx\/wp-content\/uploads\/2019\/12\/cropped-LOGO-Verde-Apaisado-1024x360O-1.png","width":923,"height":180,"caption":"Informante.mx"},"image":{"@id":"https:\/\/informante.mx\/#\/schema\/logo\/image\/"},"sameAs":["https:\/\/www.facebook.com\/MX.Informante","https:\/\/x.com\/mx_informante"]},{"@type":"Person","@id":"https:\/\/informante.mx\/#\/schema\/person\/3eff91989d2ea76b0a330b416325946c","name":"InformanteMX","image":{"@type":"ImageObject","inLanguage":"es","@id":"https:\/\/secure.gravatar.com\/avatar\/10d802aa739e832aedd2f3fd8544d878871eb22e6ca86fe9a548573e34a28f0e?s=96&d=mm&r=g","url":"https:\/\/secure.gravatar.com\/avatar\/10d802aa739e832aedd2f3fd8544d878871eb22e6ca86fe9a548573e34a28f0e?s=96&d=mm&r=g","contentUrl":"https:\/\/secure.gravatar.com\/avatar\/10d802aa739e832aedd2f3fd8544d878871eb22e6ca86fe9a548573e34a28f0e?s=96&d=mm&r=g","caption":"InformanteMX"},"url":"https:\/\/informante.mx\/?author=1"}]}},"jetpack_featured_media_url":"https:\/\/informante.mx\/wp-content\/uploads\/2025\/05\/PUNTO-DE-VISTA-120525.jpg","uagb_featured_image_src":{"full":["https:\/\/informante.mx\/wp-content\/uploads\/2025\/05\/PUNTO-DE-VISTA-120525.jpg",1100,700,false],"thumbnail":["https:\/\/informante.mx\/wp-content\/uploads\/2025\/05\/PUNTO-DE-VISTA-120525-150x95.jpg",150,95,true],"medium":["https:\/\/informante.mx\/wp-content\/uploads\/2025\/05\/PUNTO-DE-VISTA-120525-300x191.jpg",300,191,true],"medium_large":["https:\/\/informante.mx\/wp-content\/uploads\/2025\/05\/PUNTO-DE-VISTA-120525-768x489.jpg",640,408,true],"large":["https:\/\/informante.mx\/wp-content\/uploads\/2025\/05\/PUNTO-DE-VISTA-120525-1024x652.jpg",640,408,true],"1536x1536":["https:\/\/informante.mx\/wp-content\/uploads\/2025\/05\/PUNTO-DE-VISTA-120525.jpg",1100,700,false],"2048x2048":["https:\/\/informante.mx\/wp-content\/uploads\/2025\/05\/PUNTO-DE-VISTA-120525.jpg",1100,700,false],"td_0x420":["https:\/\/informante.mx\/wp-content\/uploads\/2025\/05\/PUNTO-DE-VISTA-120525-660x420.jpg",660,420,true],"td_0x420_retina":["https:\/\/informante.mx\/wp-content\/uploads\/2025\/05\/PUNTO-DE-VISTA-120525.jpg",1100,700,false],"td_80x60":["https:\/\/informante.mx\/wp-content\/uploads\/2025\/05\/PUNTO-DE-VISTA-120525-80x60.jpg",80,60,true],"td_80x60_retina":["https:\/\/informante.mx\/wp-content\/uploads\/2025\/05\/PUNTO-DE-VISTA-120525-160x120.jpg",160,120,true],"td_100x75":["https:\/\/informante.mx\/wp-content\/uploads\/2025\/05\/PUNTO-DE-VISTA-120525-100x75.jpg",100,75,true],"td_100x75_retina":["https:\/\/informante.mx\/wp-content\/uploads\/2025\/05\/PUNTO-DE-VISTA-120525-200x150.jpg",200,150,true],"td_180x135":["https:\/\/informante.mx\/wp-content\/uploads\/2025\/05\/PUNTO-DE-VISTA-120525-180x135.jpg",180,135,true],"td_180x135_retina":["https:\/\/informante.mx\/wp-content\/uploads\/2025\/05\/PUNTO-DE-VISTA-120525-360x270.jpg",360,270,true],"td_238x178":["https:\/\/informante.mx\/wp-content\/uploads\/2025\/05\/PUNTO-DE-VISTA-120525-238x178.jpg",238,178,true],"td_238x178_retina":["https:\/\/informante.mx\/wp-content\/uploads\/2025\/05\/PUNTO-DE-VISTA-120525-476x356.jpg",476,356,true],"td_265x198":["https:\/\/informante.mx\/wp-content\/uploads\/2025\/05\/PUNTO-DE-VISTA-120525-265x198.jpg",265,198,true],"td_265x198_retina":["https:\/\/informante.mx\/wp-content\/uploads\/2025\/05\/PUNTO-DE-VISTA-120525-530x396.jpg",530,396,true],"td_300x160":["https:\/\/informante.mx\/wp-content\/uploads\/2025\/05\/PUNTO-DE-VISTA-120525-300x160.jpg",300,160,true],"td_300x160_retina":["https:\/\/informante.mx\/wp-content\/uploads\/2025\/05\/PUNTO-DE-VISTA-120525-600x320.jpg",600,320,true],"td_300x194":["https:\/\/informante.mx\/wp-content\/uploads\/2025\/05\/PUNTO-DE-VISTA-120525-300x194.jpg",300,194,true],"td_300x194_retina":["https:\/\/informante.mx\/wp-content\/uploads\/2025\/05\/PUNTO-DE-VISTA-120525-600x388.jpg",600,388,true],"td_300x350":["https:\/\/informante.mx\/wp-content\/uploads\/2025\/05\/PUNTO-DE-VISTA-120525-300x350.jpg",300,350,true],"td_300x350_retina":["https:\/\/informante.mx\/wp-content\/uploads\/2025\/05\/PUNTO-DE-VISTA-120525-600x700.jpg",600,700,true],"td_341x220":["https:\/\/informante.mx\/wp-content\/uploads\/2025\/05\/PUNTO-DE-VISTA-120525-341x220.jpg",341,220,true],"td_341x220_retina":["https:\/\/informante.mx\/wp-content\/uploads\/2025\/05\/PUNTO-DE-VISTA-120525-682x440.jpg",682,440,true],"td_341x400":["https:\/\/informante.mx\/wp-content\/uploads\/2025\/05\/PUNTO-DE-VISTA-120525-341x400.jpg",341,400,true],"td_341x400_retina":["https:\/\/informante.mx\/wp-content\/uploads\/2025\/05\/PUNTO-DE-VISTA-120525-682x700.jpg",682,700,true],"td_511x400":["https:\/\/informante.mx\/wp-content\/uploads\/2025\/05\/PUNTO-DE-VISTA-120525-511x400.jpg",511,400,true],"td_511x400_retina":["https:\/\/informante.mx\/wp-content\/uploads\/2025\/05\/PUNTO-DE-VISTA-120525-1022x700.jpg",1022,700,true],"td_537x360":["https:\/\/informante.mx\/wp-content\/uploads\/2025\/05\/PUNTO-DE-VISTA-120525-537x360.jpg",537,360,true],"td_537x360_retina":["https:\/\/informante.mx\/wp-content\/uploads\/2025\/05\/PUNTO-DE-VISTA-120525-1074x700.jpg",1074,700,true],"td_640x0":["https:\/\/informante.mx\/wp-content\/uploads\/2025\/05\/PUNTO-DE-VISTA-120525-640x407.jpg",640,407,true],"td_640x0_retina":["https:\/\/informante.mx\/wp-content\/uploads\/2025\/05\/PUNTO-DE-VISTA-120525.jpg",1100,700,false],"td_640x350":["https:\/\/informante.mx\/wp-content\/uploads\/2025\/05\/PUNTO-DE-VISTA-120525-640x350.jpg",640,350,true],"td_640x350_retina":["https:\/\/informante.mx\/wp-content\/uploads\/2025\/05\/PUNTO-DE-VISTA-120525.jpg",1100,700,false],"td_681x0":["https:\/\/informante.mx\/wp-content\/uploads\/2025\/05\/PUNTO-DE-VISTA-120525-681x433.jpg",681,433,true],"td_681x0_retina":["https:\/\/informante.mx\/wp-content\/uploads\/2025\/05\/PUNTO-DE-VISTA-120525.jpg",1100,700,false],"td_681x400":["https:\/\/informante.mx\/wp-content\/uploads\/2025\/05\/PUNTO-DE-VISTA-120525-681x400.jpg",681,400,true],"td_681x400_retina":["https:\/\/informante.mx\/wp-content\/uploads\/2025\/05\/PUNTO-DE-VISTA-120525.jpg",1100,700,false],"td_741x486":["https:\/\/informante.mx\/wp-content\/uploads\/2025\/05\/PUNTO-DE-VISTA-120525-741x486.jpg",741,486,true],"td_741x486_retina":["https:\/\/informante.mx\/wp-content\/uploads\/2025\/05\/PUNTO-DE-VISTA-120525.jpg",1100,700,false],"td_1021x580":["https:\/\/informante.mx\/wp-content\/uploads\/2025\/05\/PUNTO-DE-VISTA-120525-1021x580.jpg",1021,580,true],"td_1021x580_retina":["https:\/\/informante.mx\/wp-content\/uploads\/2025\/05\/PUNTO-DE-VISTA-120525.jpg",1100,700,false]},"uagb_author_info":{"display_name":"InformanteMX","author_link":"https:\/\/informante.mx\/?author=1"},"uagb_comment_info":0,"uagb_excerpt":"Filiberto Vargas Rodr\u00edguez","_links":{"self":[{"href":"https:\/\/informante.mx\/index.php?rest_route=\/wp\/v2\/posts\/48503","targetHints":{"allow":["GET"]}}],"collection":[{"href":"https:\/\/informante.mx\/index.php?rest_route=\/wp\/v2\/posts"}],"about":[{"href":"https:\/\/informante.mx\/index.php?rest_route=\/wp\/v2\/types\/post"}],"author":[{"embeddable":true,"href":"https:\/\/informante.mx\/index.php?rest_route=\/wp\/v2\/users\/1"}],"replies":[{"embeddable":true,"href":"https:\/\/informante.mx\/index.php?rest_route=%2Fwp%2Fv2%2Fcomments&post=48503"}],"version-history":[{"count":1,"href":"https:\/\/informante.mx\/index.php?rest_route=\/wp\/v2\/posts\/48503\/revisions"}],"predecessor-version":[{"id":48505,"href":"https:\/\/informante.mx\/index.php?rest_route=\/wp\/v2\/posts\/48503\/revisions\/48505"}],"wp:featuredmedia":[{"embeddable":true,"href":"https:\/\/informante.mx\/index.php?rest_route=\/wp\/v2\/media\/48504"}],"wp:attachment":[{"href":"https:\/\/informante.mx\/index.php?rest_route=%2Fwp%2Fv2%2Fmedia&parent=48503"}],"wp:term":[{"taxonomy":"category","embeddable":true,"href":"https:\/\/informante.mx\/index.php?rest_route=%2Fwp%2Fv2%2Fcategories&post=48503"},{"taxonomy":"post_tag","embeddable":true,"href":"https:\/\/informante.mx\/index.php?rest_route=%2Fwp%2Fv2%2Ftags&post=48503"}],"curies":[{"name":"wp","href":"https:\/\/api.w.org\/{rel}","templated":true}]}}