{"id":47843,"date":"2025-04-24T11:25:18","date_gmt":"2025-04-24T17:25:18","guid":{"rendered":"https:\/\/informante.mx\/?p=47843"},"modified":"2025-04-24T11:25:23","modified_gmt":"2025-04-24T17:25:23","slug":"asesinan-a-madre-buscadora-y-a-su-hijo-en-tlajomulco-jalisco-habian-recibido-amenazas-previas","status":"publish","type":"post","link":"https:\/\/informante.mx\/?p=47843","title":{"rendered":"Asesinan a madre buscadora y a su hijo en Tlajomulco, Jalisco; hab\u00edan recibido amenazas previas"},"content":{"rendered":"\n<h2 class=\"wp-block-heading\">El colectivo Guerreros Buscadores exige justicia; la Fiscal\u00eda afirma que el ataque iba dirigido al joven asesinado<\/h2>\n\n\n\n<p><strong>Redacci\u00f3n Informante<\/strong><\/p>\n\n\n\n<p><strong>Mar\u00eda del Carmen Morales<\/strong>, integrante del\u00a0colectivo Guerreros Buscadores de Jalisco, y su hijo,\u00a0<strong>Jaime Daniel Ram\u00edrez Morales<\/strong>, fueron\u00a0<strong>asesinados<\/strong>\u00a0la noche de este mi\u00e9rcoles en el\u00a0<strong>fraccionamiento Las Villas, en Tlajomulco<\/strong>; sus compa\u00f1eros aseguran que ya\u00a0<strong>hab\u00eda recibido amenazas<\/strong>\u00a0para que dejara de buscar a su otro hijo,\u00a0<strong>Evaristo Juli\u00e1n Ram\u00edrez Morales<\/strong>, desaparecido desde el 24 de febrero de 2024.<\/p>\n\n\n\n<p>El hecho ocurri\u00f3 alrededor de las 23:30 horas en la calle Villa Oriente; seg\u00fan el reporte de la polic\u00eda municipal que atendi\u00f3 el hecho, llegaron dos sujetos a bordo de una motocicleta y dispararon contra la buscadora y su hijo.<\/p>\n\n\n\n<p>Testigos indicaron que Mar\u00eda del Carmen Morales, de 43 a\u00f1os, y su hijo, de 26, salieron de su casa a esa hora para ir a un parque cercano con cubetas y acarrear agua ante la falta de suministro en la zona.<\/p>\n\n\n\n<p>Tras el&nbsp;<strong>atentado<\/strong>, ambos resultaron heridos, por lo que algunos vecinos solicitaron ayuda de una ambulancia, pero cuando los param\u00e9dicos llegaron al sitio constataron que ambos hab\u00edan muerto.<\/p>\n\n\n\n<p>Lee tambi\u00e9n Narcobloqueos en Michoac\u00e1n, Jalisco y Guanajuato fue por conflicto entre dos grupos: Sheinbaum; no hubo detenciones, detalla<\/p>\n\n\n\n<p>A trav\u00e9s de un comunicado la Fiscal\u00eda del estado afirm\u00f3 que el ataque estaba dirigido contra el hijo de la&nbsp;<strong>madre buscadora<\/strong>&nbsp;y ella intent\u00f3 defenderlo, por lo que su principal l\u00ednea de investigaci\u00f3n va en ese sentido, pues \u201cno existen al momento elementos que indiquen que ello tenga relaci\u00f3n con la actividad de su madre como integrante de un colectivo de b\u00fasqueda de personas desaparecidas\u201d.<\/p>\n\n\n\n<p>Por su parte, el&nbsp;<strong>colectivo Guerreros Buscadores de Jalisco<\/strong>, exigi\u00f3 a las autoridades una investigaci\u00f3n exhaustiva para hacer justicia a esta familia.<\/p>\n\n\n\n<p>\u201cPedimos a la presidenta (<strong>Claudia Sheinbaum<\/strong>) que ejerza presi\u00f3n sobre el estado de Jalisco para que se tomen las medidas concretas para&nbsp;<strong>prevenir la violencia y garantizar la justicia<\/strong>&nbsp;para las v\u00edctimas y sus familias\u201d, se\u00f1al\u00f3 el colectivo en un comunicado.<\/p>\n\n\n\n<p>El 5 de marzo el colectivo Guerreros Buscadores de Jalisco puso al descubierto la existencia del\u00a0<strong>Rancho Izaguirre<\/strong>, en el municipio de Teuchitl\u00e1n, sitio donde el\u00a0<strong>C\u00e1rtel de Jalisco Nueva Generaci\u00f3n\u00a0<\/strong>confinaba, adiestraba y asesinaba personas reclutadas por la fuerza.<\/p>\n\n\n\n<hr class=\"wp-block-separator has-alpha-channel-opacity\"\/>\n\n\n\n<p class=\"has-text-align-center\" style=\"font-size:17px\"><strong><i>Toda la informaci\u00f3n que necesitas saber la encuentras en nuestras <\/i><strong style=\"\"><em style=\"font-style: italic;\">redes sociales y canal de <\/em><\/strong><\/strong><a href=\"https:\/\/t.me\/informantemx\" target=\"_blank\" rel=\"noreferrer noopener\"><strong><em>Telegram<\/em><\/strong><\/a>. <\/p>\n\n\n\n<p class=\"has-text-align-center\" style=\"font-size:17px\"><strong><em>!\u00danete!<\/em><\/strong><\/p>\n\n\n\n<div class=\"wp-block-uagb-image aligncenter uagb-block-3acd28e8 wp-block-uagb-image--layout-default wp-block-uagb-image--effect-zoomin wp-block-uagb-image--align-center\"><figure class=\"wp-block-uagb-image__figure\"><a class=\"\" href=\"https:\/\/t.me\/informantemx\" target=\"\" rel=\"noopener\"><img decoding=\"async\" srcset=\"https:\/\/informante.mx\/wp-content\/uploads\/2023\/08\/Banner-Telegram-Verde-800x60-1.png ,https:\/\/informante.mx\/wp-content\/uploads\/2023\/08\/Banner-Telegram-Verde-800x60-1.png 780w, https:\/\/informante.mx\/wp-content\/uploads\/2023\/08\/Banner-Telegram-Verde-800x60-1.png 360w\" sizes=\"auto, (max-width: 480px) 150px\" src=\"https:\/\/informante.mx\/wp-content\/uploads\/2023\/08\/Banner-Telegram-Verde-800x60-1.png\" alt=\"\" class=\"uag-image-23275\" width=\"800\" height=\"60\" title=\"\" loading=\"lazy\" role=\"img\"\/><\/a><\/figure><\/div>\n\n\n\n<div class=\"wp-block-uagb-image aligncenter uagb-block-45ea2b31 wp-block-uagb-image--layout-default wp-block-uagb-image--effect-zoomin wp-block-uagb-image--align-center\"><figure class=\"wp-block-uagb-image__figure\"><a class=\"\" href=\"https:\/\/www.facebook.com\/MX.Informante\" target=\"\" rel=\"noopener\"><img decoding=\"async\" srcset=\"https:\/\/informante.mx\/wp-content\/uploads\/2023\/08\/Banner-Facebook-Verde-800x60-1.png ,https:\/\/informante.mx\/wp-content\/uploads\/2023\/08\/Banner-Facebook-Verde-800x60-1.png 780w, https:\/\/informante.mx\/wp-content\/uploads\/2023\/08\/Banner-Facebook-Verde-800x60-1.png 360w\" sizes=\"auto, (max-width: 480px) 150px\" src=\"https:\/\/informante.mx\/wp-content\/uploads\/2023\/08\/Banner-Facebook-Verde-800x60-1.png\" alt=\"\" class=\"uag-image-23274\" width=\"800\" height=\"60\" title=\"\" loading=\"lazy\" role=\"img\"\/><\/a><\/figure><\/div>\n\n\n\n<div class=\"wp-block-uagb-image aligncenter uagb-block-2ce4c51b wp-block-uagb-image--layout-default wp-block-uagb-image--effect-zoomin wp-block-uagb-image--align-center\"><figure class=\"wp-block-uagb-image__figure\"><a class=\"\" href=\"https:\/\/twitter.com\/mx_informante\" target=\"\" rel=\"noopener\"><img decoding=\"async\" srcset=\"https:\/\/informante.mx\/wp-content\/uploads\/2023\/08\/Banner-Twitter-Verde-800x60-1.png ,https:\/\/informante.mx\/wp-content\/uploads\/2023\/08\/Banner-Twitter-Verde-800x60-1.png 780w, https:\/\/informante.mx\/wp-content\/uploads\/2023\/08\/Banner-Twitter-Verde-800x60-1.png 360w\" sizes=\"auto, (max-width: 480px) 150px\" src=\"https:\/\/informante.mx\/wp-content\/uploads\/2023\/08\/Banner-Twitter-Verde-800x60-1.png\" alt=\"\" class=\"uag-image-23273\" width=\"800\" height=\"60\" title=\"\" loading=\"lazy\" role=\"img\"\/><\/a><\/figure><\/div>\n\n\n\n<div style=\"height:50px\" aria-hidden=\"true\" class=\"wp-block-spacer\"><\/div>\n","protected":false},"excerpt":{"rendered":"<p>El colectivo Guerreros Buscadores exige justicia; la Fiscal\u00eda afirma que el ataque iba dirigido al joven asesinado<\/p>\n","protected":false},"author":1,"featured_media":44786,"comment_status":"open","ping_status":"closed","sticky":false,"template":"","format":"standard","meta":{"_uag_custom_page_level_css":"","jetpack_post_was_ever_published":false,"footnotes":""},"categories":[9],"tags":[31],"class_list":["post-47843","post","type-post","status-publish","format-standard","has-post-thumbnail","hentry","category-nacional","tag-nacional"],"yoast_head":"<!-- This site is optimized with the Yoast SEO plugin v27.3 - https:\/\/yoast.com\/product\/yoast-seo-wordpress\/ -->\n<title>Asesinan a madre buscadora y a su hijo en Tlajomulco, Jalisco; hab\u00edan recibido amenazas previas - Informante.mx<\/title>\n<meta name=\"robots\" content=\"index, follow, max-snippet:-1, max-image-preview:large, max-video-preview:-1\" \/>\n<link rel=\"canonical\" href=\"https:\/\/informante.mx\/?p=47843\" \/>\n<meta property=\"og:locale\" content=\"es_ES\" \/>\n<meta property=\"og:type\" content=\"article\" \/>\n<meta property=\"og:title\" content=\"Asesinan a madre buscadora y a su hijo en Tlajomulco, Jalisco; hab\u00edan recibido amenazas previas - Informante.mx\" \/>\n<meta property=\"og:description\" content=\"El colectivo Guerreros Buscadores exige justicia; la Fiscal\u00eda afirma que el ataque iba dirigido al joven asesinado\" \/>\n<meta property=\"og:url\" content=\"https:\/\/informante.mx\/?p=47843\" \/>\n<meta property=\"og:site_name\" content=\"Informante.mx\" \/>\n<meta property=\"article:publisher\" content=\"https:\/\/www.facebook.com\/MX.Informante\" \/>\n<meta property=\"article:published_time\" content=\"2025-04-24T17:25:18+00:00\" \/>\n<meta property=\"article:modified_time\" content=\"2025-04-24T17:25:23+00:00\" \/>\n<meta property=\"og:image\" content=\"https:\/\/informante.mx\/wp-content\/uploads\/2025\/01\/Cinta-Policiaca-SEMEFO-Fosas-Calndestinas.jpg\" \/>\n\t<meta property=\"og:image:width\" content=\"1200\" \/>\n\t<meta property=\"og:image:height\" content=\"700\" \/>\n\t<meta property=\"og:image:type\" content=\"image\/jpeg\" \/>\n<meta name=\"author\" content=\"InformanteMX\" \/>\n<meta name=\"twitter:card\" content=\"summary_large_image\" \/>\n<meta name=\"twitter:creator\" content=\"@mx_informante\" \/>\n<meta name=\"twitter:site\" content=\"@mx_informante\" \/>\n<meta name=\"twitter:label1\" content=\"Escrito por\" \/>\n\t<meta name=\"twitter:data1\" content=\"InformanteMX\" \/>\n\t<meta name=\"twitter:label2\" content=\"Tiempo de lectura\" \/>\n\t<meta name=\"twitter:data2\" content=\"2 minutos\" \/>\n<script type=\"application\/ld+json\" class=\"yoast-schema-graph\">{\"@context\":\"https:\\\/\\\/schema.org\",\"@graph\":[{\"@type\":\"NewsArticle\",\"@id\":\"https:\\\/\\\/informante.mx\\\/?p=47843#article\",\"isPartOf\":{\"@id\":\"https:\\\/\\\/informante.mx\\\/?p=47843\"},\"author\":{\"name\":\"InformanteMX\",\"@id\":\"https:\\\/\\\/informante.mx\\\/#\\\/schema\\\/person\\\/3eff91989d2ea76b0a330b416325946c\"},\"headline\":\"Asesinan a madre buscadora y a su hijo en Tlajomulco, Jalisco; hab\u00edan recibido amenazas previas\",\"datePublished\":\"2025-04-24T17:25:18+00:00\",\"dateModified\":\"2025-04-24T17:25:23+00:00\",\"mainEntityOfPage\":{\"@id\":\"https:\\\/\\\/informante.mx\\\/?p=47843\"},\"wordCount\":420,\"commentCount\":0,\"publisher\":{\"@id\":\"https:\\\/\\\/informante.mx\\\/#organization\"},\"image\":{\"@id\":\"https:\\\/\\\/informante.mx\\\/?p=47843#primaryimage\"},\"thumbnailUrl\":\"https:\\\/\\\/informante.mx\\\/wp-content\\\/uploads\\\/2025\\\/01\\\/Cinta-Policiaca-SEMEFO-Fosas-Calndestinas.jpg\",\"keywords\":[\"Nacional\"],\"articleSection\":[\"Nacional\"],\"inLanguage\":\"es\",\"potentialAction\":[{\"@type\":\"CommentAction\",\"name\":\"Comment\",\"target\":[\"https:\\\/\\\/informante.mx\\\/?p=47843#respond\"]}]},{\"@type\":\"WebPage\",\"@id\":\"https:\\\/\\\/informante.mx\\\/?p=47843\",\"url\":\"https:\\\/\\\/informante.mx\\\/?p=47843\",\"name\":\"Asesinan a madre buscadora y a su hijo en Tlajomulco, Jalisco; hab\u00edan recibido amenazas previas - Informante.mx\",\"isPartOf\":{\"@id\":\"https:\\\/\\\/informante.mx\\\/#website\"},\"primaryImageOfPage\":{\"@id\":\"https:\\\/\\\/informante.mx\\\/?p=47843#primaryimage\"},\"image\":{\"@id\":\"https:\\\/\\\/informante.mx\\\/?p=47843#primaryimage\"},\"thumbnailUrl\":\"https:\\\/\\\/informante.mx\\\/wp-content\\\/uploads\\\/2025\\\/01\\\/Cinta-Policiaca-SEMEFO-Fosas-Calndestinas.jpg\",\"datePublished\":\"2025-04-24T17:25:18+00:00\",\"dateModified\":\"2025-04-24T17:25:23+00:00\",\"breadcrumb\":{\"@id\":\"https:\\\/\\\/informante.mx\\\/?p=47843#breadcrumb\"},\"inLanguage\":\"es\",\"potentialAction\":[{\"@type\":\"ReadAction\",\"target\":[\"https:\\\/\\\/informante.mx\\\/?p=47843\"]}]},{\"@type\":\"ImageObject\",\"inLanguage\":\"es\",\"@id\":\"https:\\\/\\\/informante.mx\\\/?p=47843#primaryimage\",\"url\":\"https:\\\/\\\/informante.mx\\\/wp-content\\\/uploads\\\/2025\\\/01\\\/Cinta-Policiaca-SEMEFO-Fosas-Calndestinas.jpg\",\"contentUrl\":\"https:\\\/\\\/informante.mx\\\/wp-content\\\/uploads\\\/2025\\\/01\\\/Cinta-Policiaca-SEMEFO-Fosas-Calndestinas.jpg\",\"width\":1200,\"height\":700},{\"@type\":\"BreadcrumbList\",\"@id\":\"https:\\\/\\\/informante.mx\\\/?p=47843#breadcrumb\",\"itemListElement\":[{\"@type\":\"ListItem\",\"position\":1,\"name\":\"Portada\",\"item\":\"https:\\\/\\\/informante.mx\\\/\"},{\"@type\":\"ListItem\",\"position\":2,\"name\":\"Asesinan a madre buscadora y a su hijo en Tlajomulco, Jalisco; hab\u00edan recibido amenazas previas\"}]},{\"@type\":\"WebSite\",\"@id\":\"https:\\\/\\\/informante.mx\\\/#website\",\"url\":\"https:\\\/\\\/informante.mx\\\/\",\"name\":\"Informante.mx\",\"description\":\"\",\"publisher\":{\"@id\":\"https:\\\/\\\/informante.mx\\\/#organization\"},\"potentialAction\":[{\"@type\":\"SearchAction\",\"target\":{\"@type\":\"EntryPoint\",\"urlTemplate\":\"https:\\\/\\\/informante.mx\\\/?s={search_term_string}\"},\"query-input\":{\"@type\":\"PropertyValueSpecification\",\"valueRequired\":true,\"valueName\":\"search_term_string\"}}],\"inLanguage\":\"es\"},{\"@type\":\"Organization\",\"@id\":\"https:\\\/\\\/informante.mx\\\/#organization\",\"name\":\"Informante.mx\",\"url\":\"https:\\\/\\\/informante.mx\\\/\",\"logo\":{\"@type\":\"ImageObject\",\"inLanguage\":\"es\",\"@id\":\"https:\\\/\\\/informante.mx\\\/#\\\/schema\\\/logo\\\/image\\\/\",\"url\":\"https:\\\/\\\/informante.mx\\\/wp-content\\\/uploads\\\/2019\\\/12\\\/cropped-LOGO-Verde-Apaisado-1024x360O-1.png\",\"contentUrl\":\"https:\\\/\\\/informante.mx\\\/wp-content\\\/uploads\\\/2019\\\/12\\\/cropped-LOGO-Verde-Apaisado-1024x360O-1.png\",\"width\":923,\"height\":180,\"caption\":\"Informante.mx\"},\"image\":{\"@id\":\"https:\\\/\\\/informante.mx\\\/#\\\/schema\\\/logo\\\/image\\\/\"},\"sameAs\":[\"https:\\\/\\\/www.facebook.com\\\/MX.Informante\",\"https:\\\/\\\/x.com\\\/mx_informante\"]},{\"@type\":\"Person\",\"@id\":\"https:\\\/\\\/informante.mx\\\/#\\\/schema\\\/person\\\/3eff91989d2ea76b0a330b416325946c\",\"name\":\"InformanteMX\",\"image\":{\"@type\":\"ImageObject\",\"inLanguage\":\"es\",\"@id\":\"https:\\\/\\\/secure.gravatar.com\\\/avatar\\\/10d802aa739e832aedd2f3fd8544d878871eb22e6ca86fe9a548573e34a28f0e?s=96&d=mm&r=g\",\"url\":\"https:\\\/\\\/secure.gravatar.com\\\/avatar\\\/10d802aa739e832aedd2f3fd8544d878871eb22e6ca86fe9a548573e34a28f0e?s=96&d=mm&r=g\",\"contentUrl\":\"https:\\\/\\\/secure.gravatar.com\\\/avatar\\\/10d802aa739e832aedd2f3fd8544d878871eb22e6ca86fe9a548573e34a28f0e?s=96&d=mm&r=g\",\"caption\":\"InformanteMX\"},\"url\":\"https:\\\/\\\/informante.mx\\\/?author=1\"}]}<\/script>\n<!-- \/ Yoast SEO plugin. -->","yoast_head_json":{"title":"Asesinan a madre buscadora y a su hijo en Tlajomulco, Jalisco; hab\u00edan recibido amenazas previas - Informante.mx","robots":{"index":"index","follow":"follow","max-snippet":"max-snippet:-1","max-image-preview":"max-image-preview:large","max-video-preview":"max-video-preview:-1"},"canonical":"https:\/\/informante.mx\/?p=47843","og_locale":"es_ES","og_type":"article","og_title":"Asesinan a madre buscadora y a su hijo en Tlajomulco, Jalisco; hab\u00edan recibido amenazas previas - Informante.mx","og_description":"El colectivo Guerreros Buscadores exige justicia; la Fiscal\u00eda afirma que el ataque iba dirigido al joven asesinado","og_url":"https:\/\/informante.mx\/?p=47843","og_site_name":"Informante.mx","article_publisher":"https:\/\/www.facebook.com\/MX.Informante","article_published_time":"2025-04-24T17:25:18+00:00","article_modified_time":"2025-04-24T17:25:23+00:00","og_image":[{"width":1200,"height":700,"url":"https:\/\/informante.mx\/wp-content\/uploads\/2025\/01\/Cinta-Policiaca-SEMEFO-Fosas-Calndestinas.jpg","type":"image\/jpeg"}],"author":"InformanteMX","twitter_card":"summary_large_image","twitter_creator":"@mx_informante","twitter_site":"@mx_informante","twitter_misc":{"Escrito por":"InformanteMX","Tiempo de lectura":"2 minutos"},"schema":{"@context":"https:\/\/schema.org","@graph":[{"@type":"NewsArticle","@id":"https:\/\/informante.mx\/?p=47843#article","isPartOf":{"@id":"https:\/\/informante.mx\/?p=47843"},"author":{"name":"InformanteMX","@id":"https:\/\/informante.mx\/#\/schema\/person\/3eff91989d2ea76b0a330b416325946c"},"headline":"Asesinan a madre buscadora y a su hijo en Tlajomulco, Jalisco; hab\u00edan recibido amenazas previas","datePublished":"2025-04-24T17:25:18+00:00","dateModified":"2025-04-24T17:25:23+00:00","mainEntityOfPage":{"@id":"https:\/\/informante.mx\/?p=47843"},"wordCount":420,"commentCount":0,"publisher":{"@id":"https:\/\/informante.mx\/#organization"},"image":{"@id":"https:\/\/informante.mx\/?p=47843#primaryimage"},"thumbnailUrl":"https:\/\/informante.mx\/wp-content\/uploads\/2025\/01\/Cinta-Policiaca-SEMEFO-Fosas-Calndestinas.jpg","keywords":["Nacional"],"articleSection":["Nacional"],"inLanguage":"es","potentialAction":[{"@type":"CommentAction","name":"Comment","target":["https:\/\/informante.mx\/?p=47843#respond"]}]},{"@type":"WebPage","@id":"https:\/\/informante.mx\/?p=47843","url":"https:\/\/informante.mx\/?p=47843","name":"Asesinan a madre buscadora y a su hijo en Tlajomulco, Jalisco; hab\u00edan recibido amenazas previas - Informante.mx","isPartOf":{"@id":"https:\/\/informante.mx\/#website"},"primaryImageOfPage":{"@id":"https:\/\/informante.mx\/?p=47843#primaryimage"},"image":{"@id":"https:\/\/informante.mx\/?p=47843#primaryimage"},"thumbnailUrl":"https:\/\/informante.mx\/wp-content\/uploads\/2025\/01\/Cinta-Policiaca-SEMEFO-Fosas-Calndestinas.jpg","datePublished":"2025-04-24T17:25:18+00:00","dateModified":"2025-04-24T17:25:23+00:00","breadcrumb":{"@id":"https:\/\/informante.mx\/?p=47843#breadcrumb"},"inLanguage":"es","potentialAction":[{"@type":"ReadAction","target":["https:\/\/informante.mx\/?p=47843"]}]},{"@type":"ImageObject","inLanguage":"es","@id":"https:\/\/informante.mx\/?p=47843#primaryimage","url":"https:\/\/informante.mx\/wp-content\/uploads\/2025\/01\/Cinta-Policiaca-SEMEFO-Fosas-Calndestinas.jpg","contentUrl":"https:\/\/informante.mx\/wp-content\/uploads\/2025\/01\/Cinta-Policiaca-SEMEFO-Fosas-Calndestinas.jpg","width":1200,"height":700},{"@type":"BreadcrumbList","@id":"https:\/\/informante.mx\/?p=47843#breadcrumb","itemListElement":[{"@type":"ListItem","position":1,"name":"Portada","item":"https:\/\/informante.mx\/"},{"@type":"ListItem","position":2,"name":"Asesinan a madre buscadora y a su hijo en Tlajomulco, Jalisco; hab\u00edan recibido amenazas previas"}]},{"@type":"WebSite","@id":"https:\/\/informante.mx\/#website","url":"https:\/\/informante.mx\/","name":"Informante.mx","description":"","publisher":{"@id":"https:\/\/informante.mx\/#organization"},"potentialAction":[{"@type":"SearchAction","target":{"@type":"EntryPoint","urlTemplate":"https:\/\/informante.mx\/?s={search_term_string}"},"query-input":{"@type":"PropertyValueSpecification","valueRequired":true,"valueName":"search_term_string"}}],"inLanguage":"es"},{"@type":"Organization","@id":"https:\/\/informante.mx\/#organization","name":"Informante.mx","url":"https:\/\/informante.mx\/","logo":{"@type":"ImageObject","inLanguage":"es","@id":"https:\/\/informante.mx\/#\/schema\/logo\/image\/","url":"https:\/\/informante.mx\/wp-content\/uploads\/2019\/12\/cropped-LOGO-Verde-Apaisado-1024x360O-1.png","contentUrl":"https:\/\/informante.mx\/wp-content\/uploads\/2019\/12\/cropped-LOGO-Verde-Apaisado-1024x360O-1.png","width":923,"height":180,"caption":"Informante.mx"},"image":{"@id":"https:\/\/informante.mx\/#\/schema\/logo\/image\/"},"sameAs":["https:\/\/www.facebook.com\/MX.Informante","https:\/\/x.com\/mx_informante"]},{"@type":"Person","@id":"https:\/\/informante.mx\/#\/schema\/person\/3eff91989d2ea76b0a330b416325946c","name":"InformanteMX","image":{"@type":"ImageObject","inLanguage":"es","@id":"https:\/\/secure.gravatar.com\/avatar\/10d802aa739e832aedd2f3fd8544d878871eb22e6ca86fe9a548573e34a28f0e?s=96&d=mm&r=g","url":"https:\/\/secure.gravatar.com\/avatar\/10d802aa739e832aedd2f3fd8544d878871eb22e6ca86fe9a548573e34a28f0e?s=96&d=mm&r=g","contentUrl":"https:\/\/secure.gravatar.com\/avatar\/10d802aa739e832aedd2f3fd8544d878871eb22e6ca86fe9a548573e34a28f0e?s=96&d=mm&r=g","caption":"InformanteMX"},"url":"https:\/\/informante.mx\/?author=1"}]}},"jetpack_featured_media_url":"https:\/\/informante.mx\/wp-content\/uploads\/2025\/01\/Cinta-Policiaca-SEMEFO-Fosas-Calndestinas.jpg","uagb_featured_image_src":{"full":["https:\/\/informante.mx\/wp-content\/uploads\/2025\/01\/Cinta-Policiaca-SEMEFO-Fosas-Calndestinas.jpg",1200,700,false],"thumbnail":["https:\/\/informante.mx\/wp-content\/uploads\/2025\/01\/Cinta-Policiaca-SEMEFO-Fosas-Calndestinas-150x88.jpg",150,88,true],"medium":["https:\/\/informante.mx\/wp-content\/uploads\/2025\/01\/Cinta-Policiaca-SEMEFO-Fosas-Calndestinas-300x175.jpg",300,175,true],"medium_large":["https:\/\/informante.mx\/wp-content\/uploads\/2025\/01\/Cinta-Policiaca-SEMEFO-Fosas-Calndestinas-768x448.jpg",640,373,true],"large":["https:\/\/informante.mx\/wp-content\/uploads\/2025\/01\/Cinta-Policiaca-SEMEFO-Fosas-Calndestinas-1024x597.jpg",640,373,true],"1536x1536":["https:\/\/informante.mx\/wp-content\/uploads\/2025\/01\/Cinta-Policiaca-SEMEFO-Fosas-Calndestinas.jpg",1200,700,false],"2048x2048":["https:\/\/informante.mx\/wp-content\/uploads\/2025\/01\/Cinta-Policiaca-SEMEFO-Fosas-Calndestinas.jpg",1200,700,false],"td_0x420":["https:\/\/informante.mx\/wp-content\/uploads\/2025\/01\/Cinta-Policiaca-SEMEFO-Fosas-Calndestinas-720x420.jpg",720,420,true],"td_0x420_retina":["https:\/\/informante.mx\/wp-content\/uploads\/2025\/01\/Cinta-Policiaca-SEMEFO-Fosas-Calndestinas.jpg",1200,700,false],"td_80x60":["https:\/\/informante.mx\/wp-content\/uploads\/2025\/01\/Cinta-Policiaca-SEMEFO-Fosas-Calndestinas-80x60.jpg",80,60,true],"td_80x60_retina":["https:\/\/informante.mx\/wp-content\/uploads\/2025\/01\/Cinta-Policiaca-SEMEFO-Fosas-Calndestinas-160x120.jpg",160,120,true],"td_100x75":["https:\/\/informante.mx\/wp-content\/uploads\/2025\/01\/Cinta-Policiaca-SEMEFO-Fosas-Calndestinas-100x75.jpg",100,75,true],"td_100x75_retina":["https:\/\/informante.mx\/wp-content\/uploads\/2025\/01\/Cinta-Policiaca-SEMEFO-Fosas-Calndestinas-200x150.jpg",200,150,true],"td_180x135":["https:\/\/informante.mx\/wp-content\/uploads\/2025\/01\/Cinta-Policiaca-SEMEFO-Fosas-Calndestinas-180x135.jpg",180,135,true],"td_180x135_retina":["https:\/\/informante.mx\/wp-content\/uploads\/2025\/01\/Cinta-Policiaca-SEMEFO-Fosas-Calndestinas-360x270.jpg",360,270,true],"td_238x178":["https:\/\/informante.mx\/wp-content\/uploads\/2025\/01\/Cinta-Policiaca-SEMEFO-Fosas-Calndestinas-238x178.jpg",238,178,true],"td_238x178_retina":["https:\/\/informante.mx\/wp-content\/uploads\/2025\/01\/Cinta-Policiaca-SEMEFO-Fosas-Calndestinas-476x356.jpg",476,356,true],"td_265x198":["https:\/\/informante.mx\/wp-content\/uploads\/2025\/01\/Cinta-Policiaca-SEMEFO-Fosas-Calndestinas-265x198.jpg",265,198,true],"td_265x198_retina":["https:\/\/informante.mx\/wp-content\/uploads\/2025\/01\/Cinta-Policiaca-SEMEFO-Fosas-Calndestinas-530x396.jpg",530,396,true],"td_300x160":["https:\/\/informante.mx\/wp-content\/uploads\/2025\/01\/Cinta-Policiaca-SEMEFO-Fosas-Calndestinas-300x160.jpg",300,160,true],"td_300x160_retina":["https:\/\/informante.mx\/wp-content\/uploads\/2025\/01\/Cinta-Policiaca-SEMEFO-Fosas-Calndestinas-600x320.jpg",600,320,true],"td_300x194":["https:\/\/informante.mx\/wp-content\/uploads\/2025\/01\/Cinta-Policiaca-SEMEFO-Fosas-Calndestinas-300x194.jpg",300,194,true],"td_300x194_retina":["https:\/\/informante.mx\/wp-content\/uploads\/2025\/01\/Cinta-Policiaca-SEMEFO-Fosas-Calndestinas-600x388.jpg",600,388,true],"td_300x350":["https:\/\/informante.mx\/wp-content\/uploads\/2025\/01\/Cinta-Policiaca-SEMEFO-Fosas-Calndestinas-300x350.jpg",300,350,true],"td_300x350_retina":["https:\/\/informante.mx\/wp-content\/uploads\/2025\/01\/Cinta-Policiaca-SEMEFO-Fosas-Calndestinas-600x700.jpg",600,700,true],"td_341x220":["https:\/\/informante.mx\/wp-content\/uploads\/2025\/01\/Cinta-Policiaca-SEMEFO-Fosas-Calndestinas-341x220.jpg",341,220,true],"td_341x220_retina":["https:\/\/informante.mx\/wp-content\/uploads\/2025\/01\/Cinta-Policiaca-SEMEFO-Fosas-Calndestinas-682x440.jpg",682,440,true],"td_341x400":["https:\/\/informante.mx\/wp-content\/uploads\/2025\/01\/Cinta-Policiaca-SEMEFO-Fosas-Calndestinas-341x400.jpg",341,400,true],"td_341x400_retina":["https:\/\/informante.mx\/wp-content\/uploads\/2025\/01\/Cinta-Policiaca-SEMEFO-Fosas-Calndestinas-682x700.jpg",682,700,true],"td_511x400":["https:\/\/informante.mx\/wp-content\/uploads\/2025\/01\/Cinta-Policiaca-SEMEFO-Fosas-Calndestinas-511x400.jpg",511,400,true],"td_511x400_retina":["https:\/\/informante.mx\/wp-content\/uploads\/2025\/01\/Cinta-Policiaca-SEMEFO-Fosas-Calndestinas-1022x700.jpg",1022,700,true],"td_537x360":["https:\/\/informante.mx\/wp-content\/uploads\/2025\/01\/Cinta-Policiaca-SEMEFO-Fosas-Calndestinas-537x360.jpg",537,360,true],"td_537x360_retina":["https:\/\/informante.mx\/wp-content\/uploads\/2025\/01\/Cinta-Policiaca-SEMEFO-Fosas-Calndestinas-1074x700.jpg",1074,700,true],"td_640x0":["https:\/\/informante.mx\/wp-content\/uploads\/2025\/01\/Cinta-Policiaca-SEMEFO-Fosas-Calndestinas-640x373.jpg",640,373,true],"td_640x0_retina":["https:\/\/informante.mx\/wp-content\/uploads\/2025\/01\/Cinta-Policiaca-SEMEFO-Fosas-Calndestinas.jpg",1200,700,false],"td_640x350":["https:\/\/informante.mx\/wp-content\/uploads\/2025\/01\/Cinta-Policiaca-SEMEFO-Fosas-Calndestinas-640x350.jpg",640,350,true],"td_640x350_retina":["https:\/\/informante.mx\/wp-content\/uploads\/2025\/01\/Cinta-Policiaca-SEMEFO-Fosas-Calndestinas.jpg",1200,700,false],"td_681x0":["https:\/\/informante.mx\/wp-content\/uploads\/2025\/01\/Cinta-Policiaca-SEMEFO-Fosas-Calndestinas-681x397.jpg",681,397,true],"td_681x0_retina":["https:\/\/informante.mx\/wp-content\/uploads\/2025\/01\/Cinta-Policiaca-SEMEFO-Fosas-Calndestinas.jpg",1200,700,false],"td_681x400":["https:\/\/informante.mx\/wp-content\/uploads\/2025\/01\/Cinta-Policiaca-SEMEFO-Fosas-Calndestinas-681x400.jpg",681,400,true],"td_681x400_retina":["https:\/\/informante.mx\/wp-content\/uploads\/2025\/01\/Cinta-Policiaca-SEMEFO-Fosas-Calndestinas.jpg",1200,700,false],"td_741x486":["https:\/\/informante.mx\/wp-content\/uploads\/2025\/01\/Cinta-Policiaca-SEMEFO-Fosas-Calndestinas-741x486.jpg",741,486,true],"td_741x486_retina":["https:\/\/informante.mx\/wp-content\/uploads\/2025\/01\/Cinta-Policiaca-SEMEFO-Fosas-Calndestinas.jpg",1200,700,false],"td_1021x580":["https:\/\/informante.mx\/wp-content\/uploads\/2025\/01\/Cinta-Policiaca-SEMEFO-Fosas-Calndestinas-1021x580.jpg",1021,580,true],"td_1021x580_retina":["https:\/\/informante.mx\/wp-content\/uploads\/2025\/01\/Cinta-Policiaca-SEMEFO-Fosas-Calndestinas.jpg",1200,700,false]},"uagb_author_info":{"display_name":"InformanteMX","author_link":"https:\/\/informante.mx\/?author=1"},"uagb_comment_info":0,"uagb_excerpt":"El colectivo Guerreros Buscadores exige justicia; la Fiscal\u00eda afirma que el ataque iba dirigido al joven asesinado","_links":{"self":[{"href":"https:\/\/informante.mx\/index.php?rest_route=\/wp\/v2\/posts\/47843","targetHints":{"allow":["GET"]}}],"collection":[{"href":"https:\/\/informante.mx\/index.php?rest_route=\/wp\/v2\/posts"}],"about":[{"href":"https:\/\/informante.mx\/index.php?rest_route=\/wp\/v2\/types\/post"}],"author":[{"embeddable":true,"href":"https:\/\/informante.mx\/index.php?rest_route=\/wp\/v2\/users\/1"}],"replies":[{"embeddable":true,"href":"https:\/\/informante.mx\/index.php?rest_route=%2Fwp%2Fv2%2Fcomments&post=47843"}],"version-history":[{"count":1,"href":"https:\/\/informante.mx\/index.php?rest_route=\/wp\/v2\/posts\/47843\/revisions"}],"predecessor-version":[{"id":47844,"href":"https:\/\/informante.mx\/index.php?rest_route=\/wp\/v2\/posts\/47843\/revisions\/47844"}],"wp:featuredmedia":[{"embeddable":true,"href":"https:\/\/informante.mx\/index.php?rest_route=\/wp\/v2\/media\/44786"}],"wp:attachment":[{"href":"https:\/\/informante.mx\/index.php?rest_route=%2Fwp%2Fv2%2Fmedia&parent=47843"}],"wp:term":[{"taxonomy":"category","embeddable":true,"href":"https:\/\/informante.mx\/index.php?rest_route=%2Fwp%2Fv2%2Fcategories&post=47843"},{"taxonomy":"post_tag","embeddable":true,"href":"https:\/\/informante.mx\/index.php?rest_route=%2Fwp%2Fv2%2Ftags&post=47843"}],"curies":[{"name":"wp","href":"https:\/\/api.w.org\/{rel}","templated":true}]}}