{"id":47158,"date":"2025-04-06T09:44:40","date_gmt":"2025-04-06T15:44:40","guid":{"rendered":"https:\/\/informante.mx\/?p=47158"},"modified":"2025-04-06T09:44:46","modified_gmt":"2025-04-06T15:44:46","slug":"cnte-alista-paro-indefinido-pese-a-decreto-de-sheinbaum-para-congelar-edad-de-jubilacion","status":"publish","type":"post","link":"https:\/\/informante.mx\/?p=47158","title":{"rendered":"CNTE alista paro indefinido pese a decreto de Sheinbaum para congelar edad de jubilaci\u00f3n"},"content":{"rendered":"\n<h2 class=\"wp-block-heading\">La CNTE planea continuar con sus acciones de protesta para exigir la abrogaci\u00f3n de la Ley del ISSSTE de 2007.<\/h2>\n\n\n\n<p><strong>Redacci\u00f3n Informante<\/strong><\/p>\n\n\n\n<p>La\u00a0Coordinadora Nacional de Trabajadores de la Educaci\u00f3n (CNTE)\u00a0expres\u00f3 su rechazo al decreto de la presidenta Claudia Sheinbaum para congelar la edad de jubilaci\u00f3n y anunci\u00f3 que alista un\u00a0<strong>paro indefinido<\/strong>\u00a0para seguir exigiendo la\u00a0<strong>abrogaci\u00f3n de la Ley del ISSSTE de 2007.\u00a0<\/strong><\/p>\n\n\n\n<p>A trav\u00e9s de un\u00a0pronunciamiento, la coordinadora se\u00f1al\u00f3 que la propuesta de Presidencia no retoma sus principales demandas que consisten en retornar a un<strong>\u00a0sistema de pensiones solidario<\/strong>, colectivo e intergeneracional, sin Afores, que no se calcule en\u00a0<strong>Unidades de Medida de Actualizaci\u00f3n<\/strong>\u00a0(UMAS). Tampoco contempla la jubilaci\u00f3n a los 28 a\u00f1os de servicio para mujeres y 30 a\u00f1os para hombres.\u00a0<\/p>\n\n\n\n<p>\u201cNo es el \u2018congelamiento\u2019 de la edad de jubilaci\u00f3n sin quitar totalmente la tabla de edad lo que nos beneficiar\u00e1, se requiere la abrogaci\u00f3n de la Ley del ISSSTE de 2007\u201d, se\u00f1alaron.&nbsp; &nbsp;<\/p>\n\n\n\n<p>El viernes, la CNTE realiz\u00f3 el segundo Foro Nacional por la Defensa de la Seguridad Social de los Trabajadores del Estado en la Ciudad de M\u00e9xico que congreg\u00f3 a representantes de distintos sindicatos y organizaciones de trabajadores, quienes firmaron dicha declaratoria.&nbsp;<\/p>\n\n\n\n<p>Las movilizaciones que llev\u00f3 a cabo el magisterio en varios estados del pa\u00eds a lo largo del mes de marzo orillaron a la presidenta Claudia Sheinbaum a retirar su iniciativa de reforma a la&nbsp;<strong>Ley del ISSSTE<\/strong>&nbsp;que buscaba, entre otras cosas, destinar una parte de la&nbsp;<strong>compensaci\u00f3n&nbsp;<\/strong>que reciben los servidores p\u00fablicos de confianza a los servicios de salud e instalaciones a cargo del instituto.&nbsp;<\/p>\n\n\n\n<figure class=\"wp-block-image\" id=\"attachment_1507556\"><a href=\"https:\/\/ap-cdn.sfo3.cdn.digitaloceanspaces.com\/uploads\/2025\/03\/CNTE-anuncio-paro-nacional-y-convoca-a-marcha-para-este-viernes-estas-vialidades-se-veran-afectadas.jpg\"><img decoding=\"async\" src=\"https:\/\/ap-cdn.sfo3.cdn.digitaloceanspaces.com\/uploads\/2025\/03\/CNTE-anuncio-paro-nacional-y-convoca-a-marcha-para-este-viernes-estas-vialidades-se-veran-afectadas.jpg\" alt=\"CNTE anunci\u00f3 paro nacional y convoca a marcha para este viernes; estas vialidades se ver\u00e1n afectadas\" class=\"wp-image-1507556\"\/><\/a><figcaption class=\"wp-element-caption\">Protesta de la CNTE. Foto: Cuartoscuro<\/figcaption><\/figure>\n\n\n\n<p><br>Luego de sostener una reuni\u00f3n con los inconformes el pasado 18 de marzo, Sheinbaum inform\u00f3 que emitir\u00eda un decreto presidencial para&nbsp;<strong>congelar la edad m\u00ednima de jubilaci\u00f3n&nbsp;<\/strong>-58 a\u00f1os para hombres y 56 para mujeres- y as\u00ed evitar que siguiera aumentando cada dos a\u00f1os como lo establece la ley del instituto aprobada en 2007.&nbsp;<\/p>\n\n\n\n<p>El\u00a0anteproyecto de decreto\u00a0fue enviado a la Comisi\u00f3n Nacional de Mejora Regulatoria (Conamer) el pasado 2 de abril para su an\u00e1lisis y entrar\u00e1 en vigor un d\u00eda despu\u00e9s de su publicaci\u00f3n en el Diario Oficial de la Federaci\u00f3n (DOF).\u00a0<\/p>\n\n\n\n<h2 class=\"wp-block-heading\"><strong>CNTE acusa a gobierno de favorecer empresas<\/strong><\/h2>\n\n\n\n<p>En su pronunciamiento, la CNTE se\u00f1al\u00f3 que la iniciativa presentada por la presidenta Sheinbaum \u201cnaci\u00f3 muerta\u201d al no retomar la abrogaci\u00f3n de la Ley del ISSSTE de 2007 y fue retirada, \u201cno en un acto de bondad\u201d hacia el magisterio, sino como una respuesta a la movilizaci\u00f3n de miles de trabajadores de la Estado.&nbsp;<\/p>\n\n\n\n<p>Tambi\u00e9n acus\u00f3 al gobierno de favorecer a 10 administradoras de fondos para el retiro (<strong>Afores<\/strong>) y las se\u00f1al\u00f3 de controlar casi 7 billones de pesos equivalentes al 20 % del Producto Interno Bruto (PIB).&nbsp;<\/p>\n\n\n\n<p>\u201cEl gobierno es garante de la existencia de estas 10 empresas en el marco del Tratado M\u00e9xico, Estados Unidos, Canad\u00e1 (T-MEC), al mismo tiempo el gobierno tiene que endeudarse con las afores para que \u00e9stas puedan valorizar su capital, el resto de los recursos de los trabajadores se invierte en la bolsa de valores y en las empresas trasnacionales\u201d, indic\u00f3.&nbsp;<\/p>\n\n\n\n<figure class=\"wp-block-image\" id=\"attachment_1512228\"><a href=\"https:\/\/ap-cdn.sfo3.cdn.digitaloceanspaces.com\/uploads\/2025\/03\/cnte-planton.jpg\"><img decoding=\"async\" src=\"https:\/\/ap-cdn.sfo3.cdn.digitaloceanspaces.com\/uploads\/2025\/03\/cnte-planton.jpg\" alt=\"\" class=\"wp-image-1512228\"\/><\/a><figcaption class=\"wp-element-caption\">La CNTE instal\u00f3 un plant\u00f3n en el Z\u00f3calo de la CDMX que levant\u00f3 el pasado 21 de marzo. Foto: Dalila Sarabia<\/figcaption><\/figure>\n\n\n\n<p><br>En cuanto a la propuesta de Sheinbaum para disminuir con quitas o condonar las deudas en el Fondo de la Vivienda del Instituto de Seguridad y Servicios Sociales de los Trabajadores del Estado (Fovissste), se\u00f1al\u00f3 que en realidad se trata de una medida para \u201c<strong>recapitalizar\u201d al fondo<\/strong>\u00a0y beneficiar a un reducido grupo de familias empresariales mexicanas.\u00a0<\/p>\n\n\n\n<p>Esta fue una de las medidas contempladas por Sheinbaum en la iniciativa de reforma que retir\u00f3 y que ahora busca implementar mediante decreto presidencial.<\/p>\n\n\n\n<p>El 21 de marzo, la CNTE dio por concluido su<strong>&nbsp;paro de 72 horas<\/strong>&nbsp;y levant\u00f3 el plant\u00f3n que instal\u00f3 en el Z\u00f3calo; sin embargo, desde entonces amag\u00f3 con un&nbsp;<strong>paro indefinido de labores<\/strong>&nbsp;y con una movilizaci\u00f3n general si no hab\u00eda una respuesta a sus demandas.<\/p>\n\n\n\n<hr class=\"wp-block-separator has-alpha-channel-opacity\"\/>\n\n\n\n<p class=\"has-text-align-center\" style=\"font-size:17px\"><strong><i>Toda la informaci\u00f3n que necesitas saber la encuentras en nuestras <\/i><strong style=\"\"><em style=\"font-style: italic;\">redes sociales y canal de <\/em><\/strong><\/strong><a href=\"https:\/\/t.me\/informantemx\" target=\"_blank\" rel=\"noreferrer noopener\"><strong><em>Telegram<\/em><\/strong><\/a>. <\/p>\n\n\n\n<p class=\"has-text-align-center\" style=\"font-size:17px\"><strong><em>!\u00danete!<\/em><\/strong><\/p>\n\n\n\n<div class=\"wp-block-uagb-image aligncenter uagb-block-3acd28e8 wp-block-uagb-image--layout-default wp-block-uagb-image--effect-zoomin wp-block-uagb-image--align-center\"><figure class=\"wp-block-uagb-image__figure\"><a class=\"\" href=\"https:\/\/t.me\/informantemx\" target=\"\" rel=\"noopener\"><img decoding=\"async\" srcset=\"https:\/\/informante.mx\/wp-content\/uploads\/2023\/08\/Banner-Telegram-Verde-800x60-1.png ,https:\/\/informante.mx\/wp-content\/uploads\/2023\/08\/Banner-Telegram-Verde-800x60-1.png 780w, https:\/\/informante.mx\/wp-content\/uploads\/2023\/08\/Banner-Telegram-Verde-800x60-1.png 360w\" sizes=\"auto, (max-width: 480px) 150px\" src=\"https:\/\/informante.mx\/wp-content\/uploads\/2023\/08\/Banner-Telegram-Verde-800x60-1.png\" alt=\"\" class=\"uag-image-23275\" width=\"800\" height=\"60\" title=\"\" loading=\"lazy\" role=\"img\"\/><\/a><\/figure><\/div>\n\n\n\n<div class=\"wp-block-uagb-image aligncenter uagb-block-45ea2b31 wp-block-uagb-image--layout-default wp-block-uagb-image--effect-zoomin wp-block-uagb-image--align-center\"><figure class=\"wp-block-uagb-image__figure\"><a class=\"\" href=\"https:\/\/www.facebook.com\/MX.Informante\" target=\"\" rel=\"noopener\"><img decoding=\"async\" srcset=\"https:\/\/informante.mx\/wp-content\/uploads\/2023\/08\/Banner-Facebook-Verde-800x60-1.png ,https:\/\/informante.mx\/wp-content\/uploads\/2023\/08\/Banner-Facebook-Verde-800x60-1.png 780w, https:\/\/informante.mx\/wp-content\/uploads\/2023\/08\/Banner-Facebook-Verde-800x60-1.png 360w\" sizes=\"auto, (max-width: 480px) 150px\" src=\"https:\/\/informante.mx\/wp-content\/uploads\/2023\/08\/Banner-Facebook-Verde-800x60-1.png\" alt=\"\" class=\"uag-image-23274\" width=\"800\" height=\"60\" title=\"\" loading=\"lazy\" role=\"img\"\/><\/a><\/figure><\/div>\n\n\n\n<div class=\"wp-block-uagb-image aligncenter uagb-block-2ce4c51b wp-block-uagb-image--layout-default wp-block-uagb-image--effect-zoomin wp-block-uagb-image--align-center\"><figure class=\"wp-block-uagb-image__figure\"><a class=\"\" href=\"https:\/\/twitter.com\/mx_informante\" target=\"\" rel=\"noopener\"><img decoding=\"async\" srcset=\"https:\/\/informante.mx\/wp-content\/uploads\/2023\/08\/Banner-Twitter-Verde-800x60-1.png ,https:\/\/informante.mx\/wp-content\/uploads\/2023\/08\/Banner-Twitter-Verde-800x60-1.png 780w, https:\/\/informante.mx\/wp-content\/uploads\/2023\/08\/Banner-Twitter-Verde-800x60-1.png 360w\" sizes=\"auto, (max-width: 480px) 150px\" src=\"https:\/\/informante.mx\/wp-content\/uploads\/2023\/08\/Banner-Twitter-Verde-800x60-1.png\" alt=\"\" class=\"uag-image-23273\" width=\"800\" height=\"60\" title=\"\" loading=\"lazy\" role=\"img\"\/><\/a><\/figure><\/div>\n\n\n\n<div style=\"height:50px\" aria-hidden=\"true\" class=\"wp-block-spacer\"><\/div>\n","protected":false},"excerpt":{"rendered":"<p>La CNTE planea continuar con sus acciones de protesta para exigir la abrogaci\u00f3n de la Ley del ISSSTE de 2007.<\/p>\n","protected":false},"author":1,"featured_media":31771,"comment_status":"open","ping_status":"closed","sticky":false,"template":"","format":"standard","meta":{"_uag_custom_page_level_css":"","jetpack_post_was_ever_published":false,"footnotes":""},"categories":[9],"tags":[31],"class_list":["post-47158","post","type-post","status-publish","format-standard","has-post-thumbnail","hentry","category-nacional","tag-nacional"],"yoast_head":"<!-- This site is optimized with the Yoast SEO plugin v27.3 - https:\/\/yoast.com\/product\/yoast-seo-wordpress\/ -->\n<title>CNTE alista paro indefinido pese a decreto de Sheinbaum para congelar edad de jubilaci\u00f3n - Informante.mx<\/title>\n<meta name=\"robots\" content=\"index, follow, max-snippet:-1, max-image-preview:large, max-video-preview:-1\" \/>\n<link rel=\"canonical\" href=\"https:\/\/informante.mx\/?p=47158\" \/>\n<meta property=\"og:locale\" content=\"es_ES\" \/>\n<meta property=\"og:type\" content=\"article\" \/>\n<meta property=\"og:title\" content=\"CNTE alista paro indefinido pese a decreto de Sheinbaum para congelar edad de jubilaci\u00f3n - Informante.mx\" \/>\n<meta property=\"og:description\" content=\"La CNTE planea continuar con sus acciones de protesta para exigir la abrogaci\u00f3n de la Ley del ISSSTE de 2007.\" \/>\n<meta property=\"og:url\" content=\"https:\/\/informante.mx\/?p=47158\" \/>\n<meta property=\"og:site_name\" content=\"Informante.mx\" \/>\n<meta property=\"article:publisher\" content=\"https:\/\/www.facebook.com\/MX.Informante\" \/>\n<meta property=\"article:published_time\" content=\"2025-04-06T15:44:40+00:00\" \/>\n<meta property=\"article:modified_time\" content=\"2025-04-06T15:44:46+00:00\" \/>\n<meta property=\"og:image\" content=\"https:\/\/informante.mx\/wp-content\/uploads\/2024\/04\/CNTE-paro-nacional.jpg\" \/>\n\t<meta property=\"og:image:width\" content=\"1200\" \/>\n\t<meta property=\"og:image:height\" content=\"700\" \/>\n\t<meta property=\"og:image:type\" content=\"image\/jpeg\" \/>\n<meta name=\"author\" content=\"InformanteMX\" \/>\n<meta name=\"twitter:card\" content=\"summary_large_image\" \/>\n<meta name=\"twitter:creator\" content=\"@mx_informante\" \/>\n<meta name=\"twitter:site\" content=\"@mx_informante\" \/>\n<meta name=\"twitter:label1\" content=\"Escrito por\" \/>\n\t<meta name=\"twitter:data1\" content=\"InformanteMX\" \/>\n\t<meta name=\"twitter:label2\" content=\"Tiempo de lectura\" \/>\n\t<meta name=\"twitter:data2\" content=\"4 minutos\" \/>\n<script type=\"application\/ld+json\" class=\"yoast-schema-graph\">{\"@context\":\"https:\\\/\\\/schema.org\",\"@graph\":[{\"@type\":\"NewsArticle\",\"@id\":\"https:\\\/\\\/informante.mx\\\/?p=47158#article\",\"isPartOf\":{\"@id\":\"https:\\\/\\\/informante.mx\\\/?p=47158\"},\"author\":{\"name\":\"InformanteMX\",\"@id\":\"https:\\\/\\\/informante.mx\\\/#\\\/schema\\\/person\\\/3eff91989d2ea76b0a330b416325946c\"},\"headline\":\"CNTE alista paro indefinido pese a decreto de Sheinbaum para congelar edad de jubilaci\u00f3n\",\"datePublished\":\"2025-04-06T15:44:40+00:00\",\"dateModified\":\"2025-04-06T15:44:46+00:00\",\"mainEntityOfPage\":{\"@id\":\"https:\\\/\\\/informante.mx\\\/?p=47158\"},\"wordCount\":725,\"commentCount\":0,\"publisher\":{\"@id\":\"https:\\\/\\\/informante.mx\\\/#organization\"},\"image\":{\"@id\":\"https:\\\/\\\/informante.mx\\\/?p=47158#primaryimage\"},\"thumbnailUrl\":\"https:\\\/\\\/informante.mx\\\/wp-content\\\/uploads\\\/2024\\\/04\\\/CNTE-paro-nacional.jpg\",\"keywords\":[\"Nacional\"],\"articleSection\":[\"Nacional\"],\"inLanguage\":\"es\",\"potentialAction\":[{\"@type\":\"CommentAction\",\"name\":\"Comment\",\"target\":[\"https:\\\/\\\/informante.mx\\\/?p=47158#respond\"]}]},{\"@type\":\"WebPage\",\"@id\":\"https:\\\/\\\/informante.mx\\\/?p=47158\",\"url\":\"https:\\\/\\\/informante.mx\\\/?p=47158\",\"name\":\"CNTE alista paro indefinido pese a decreto de Sheinbaum para congelar edad de jubilaci\u00f3n - Informante.mx\",\"isPartOf\":{\"@id\":\"https:\\\/\\\/informante.mx\\\/#website\"},\"primaryImageOfPage\":{\"@id\":\"https:\\\/\\\/informante.mx\\\/?p=47158#primaryimage\"},\"image\":{\"@id\":\"https:\\\/\\\/informante.mx\\\/?p=47158#primaryimage\"},\"thumbnailUrl\":\"https:\\\/\\\/informante.mx\\\/wp-content\\\/uploads\\\/2024\\\/04\\\/CNTE-paro-nacional.jpg\",\"datePublished\":\"2025-04-06T15:44:40+00:00\",\"dateModified\":\"2025-04-06T15:44:46+00:00\",\"breadcrumb\":{\"@id\":\"https:\\\/\\\/informante.mx\\\/?p=47158#breadcrumb\"},\"inLanguage\":\"es\",\"potentialAction\":[{\"@type\":\"ReadAction\",\"target\":[\"https:\\\/\\\/informante.mx\\\/?p=47158\"]}]},{\"@type\":\"ImageObject\",\"inLanguage\":\"es\",\"@id\":\"https:\\\/\\\/informante.mx\\\/?p=47158#primaryimage\",\"url\":\"https:\\\/\\\/informante.mx\\\/wp-content\\\/uploads\\\/2024\\\/04\\\/CNTE-paro-nacional.jpg\",\"contentUrl\":\"https:\\\/\\\/informante.mx\\\/wp-content\\\/uploads\\\/2024\\\/04\\\/CNTE-paro-nacional.jpg\",\"width\":1200,\"height\":700},{\"@type\":\"BreadcrumbList\",\"@id\":\"https:\\\/\\\/informante.mx\\\/?p=47158#breadcrumb\",\"itemListElement\":[{\"@type\":\"ListItem\",\"position\":1,\"name\":\"Portada\",\"item\":\"https:\\\/\\\/informante.mx\\\/\"},{\"@type\":\"ListItem\",\"position\":2,\"name\":\"CNTE alista paro indefinido pese a decreto de Sheinbaum para congelar edad de jubilaci\u00f3n\"}]},{\"@type\":\"WebSite\",\"@id\":\"https:\\\/\\\/informante.mx\\\/#website\",\"url\":\"https:\\\/\\\/informante.mx\\\/\",\"name\":\"Informante.mx\",\"description\":\"\",\"publisher\":{\"@id\":\"https:\\\/\\\/informante.mx\\\/#organization\"},\"potentialAction\":[{\"@type\":\"SearchAction\",\"target\":{\"@type\":\"EntryPoint\",\"urlTemplate\":\"https:\\\/\\\/informante.mx\\\/?s={search_term_string}\"},\"query-input\":{\"@type\":\"PropertyValueSpecification\",\"valueRequired\":true,\"valueName\":\"search_term_string\"}}],\"inLanguage\":\"es\"},{\"@type\":\"Organization\",\"@id\":\"https:\\\/\\\/informante.mx\\\/#organization\",\"name\":\"Informante.mx\",\"url\":\"https:\\\/\\\/informante.mx\\\/\",\"logo\":{\"@type\":\"ImageObject\",\"inLanguage\":\"es\",\"@id\":\"https:\\\/\\\/informante.mx\\\/#\\\/schema\\\/logo\\\/image\\\/\",\"url\":\"https:\\\/\\\/informante.mx\\\/wp-content\\\/uploads\\\/2019\\\/12\\\/cropped-LOGO-Verde-Apaisado-1024x360O-1.png\",\"contentUrl\":\"https:\\\/\\\/informante.mx\\\/wp-content\\\/uploads\\\/2019\\\/12\\\/cropped-LOGO-Verde-Apaisado-1024x360O-1.png\",\"width\":923,\"height\":180,\"caption\":\"Informante.mx\"},\"image\":{\"@id\":\"https:\\\/\\\/informante.mx\\\/#\\\/schema\\\/logo\\\/image\\\/\"},\"sameAs\":[\"https:\\\/\\\/www.facebook.com\\\/MX.Informante\",\"https:\\\/\\\/x.com\\\/mx_informante\"]},{\"@type\":\"Person\",\"@id\":\"https:\\\/\\\/informante.mx\\\/#\\\/schema\\\/person\\\/3eff91989d2ea76b0a330b416325946c\",\"name\":\"InformanteMX\",\"image\":{\"@type\":\"ImageObject\",\"inLanguage\":\"es\",\"@id\":\"https:\\\/\\\/secure.gravatar.com\\\/avatar\\\/10d802aa739e832aedd2f3fd8544d878871eb22e6ca86fe9a548573e34a28f0e?s=96&d=mm&r=g\",\"url\":\"https:\\\/\\\/secure.gravatar.com\\\/avatar\\\/10d802aa739e832aedd2f3fd8544d878871eb22e6ca86fe9a548573e34a28f0e?s=96&d=mm&r=g\",\"contentUrl\":\"https:\\\/\\\/secure.gravatar.com\\\/avatar\\\/10d802aa739e832aedd2f3fd8544d878871eb22e6ca86fe9a548573e34a28f0e?s=96&d=mm&r=g\",\"caption\":\"InformanteMX\"},\"url\":\"https:\\\/\\\/informante.mx\\\/?author=1\"}]}<\/script>\n<!-- \/ Yoast SEO plugin. -->","yoast_head_json":{"title":"CNTE alista paro indefinido pese a decreto de Sheinbaum para congelar edad de jubilaci\u00f3n - Informante.mx","robots":{"index":"index","follow":"follow","max-snippet":"max-snippet:-1","max-image-preview":"max-image-preview:large","max-video-preview":"max-video-preview:-1"},"canonical":"https:\/\/informante.mx\/?p=47158","og_locale":"es_ES","og_type":"article","og_title":"CNTE alista paro indefinido pese a decreto de Sheinbaum para congelar edad de jubilaci\u00f3n - Informante.mx","og_description":"La CNTE planea continuar con sus acciones de protesta para exigir la abrogaci\u00f3n de la Ley del ISSSTE de 2007.","og_url":"https:\/\/informante.mx\/?p=47158","og_site_name":"Informante.mx","article_publisher":"https:\/\/www.facebook.com\/MX.Informante","article_published_time":"2025-04-06T15:44:40+00:00","article_modified_time":"2025-04-06T15:44:46+00:00","og_image":[{"width":1200,"height":700,"url":"https:\/\/informante.mx\/wp-content\/uploads\/2024\/04\/CNTE-paro-nacional.jpg","type":"image\/jpeg"}],"author":"InformanteMX","twitter_card":"summary_large_image","twitter_creator":"@mx_informante","twitter_site":"@mx_informante","twitter_misc":{"Escrito por":"InformanteMX","Tiempo de lectura":"4 minutos"},"schema":{"@context":"https:\/\/schema.org","@graph":[{"@type":"NewsArticle","@id":"https:\/\/informante.mx\/?p=47158#article","isPartOf":{"@id":"https:\/\/informante.mx\/?p=47158"},"author":{"name":"InformanteMX","@id":"https:\/\/informante.mx\/#\/schema\/person\/3eff91989d2ea76b0a330b416325946c"},"headline":"CNTE alista paro indefinido pese a decreto de Sheinbaum para congelar edad de jubilaci\u00f3n","datePublished":"2025-04-06T15:44:40+00:00","dateModified":"2025-04-06T15:44:46+00:00","mainEntityOfPage":{"@id":"https:\/\/informante.mx\/?p=47158"},"wordCount":725,"commentCount":0,"publisher":{"@id":"https:\/\/informante.mx\/#organization"},"image":{"@id":"https:\/\/informante.mx\/?p=47158#primaryimage"},"thumbnailUrl":"https:\/\/informante.mx\/wp-content\/uploads\/2024\/04\/CNTE-paro-nacional.jpg","keywords":["Nacional"],"articleSection":["Nacional"],"inLanguage":"es","potentialAction":[{"@type":"CommentAction","name":"Comment","target":["https:\/\/informante.mx\/?p=47158#respond"]}]},{"@type":"WebPage","@id":"https:\/\/informante.mx\/?p=47158","url":"https:\/\/informante.mx\/?p=47158","name":"CNTE alista paro indefinido pese a decreto de Sheinbaum para congelar edad de jubilaci\u00f3n - Informante.mx","isPartOf":{"@id":"https:\/\/informante.mx\/#website"},"primaryImageOfPage":{"@id":"https:\/\/informante.mx\/?p=47158#primaryimage"},"image":{"@id":"https:\/\/informante.mx\/?p=47158#primaryimage"},"thumbnailUrl":"https:\/\/informante.mx\/wp-content\/uploads\/2024\/04\/CNTE-paro-nacional.jpg","datePublished":"2025-04-06T15:44:40+00:00","dateModified":"2025-04-06T15:44:46+00:00","breadcrumb":{"@id":"https:\/\/informante.mx\/?p=47158#breadcrumb"},"inLanguage":"es","potentialAction":[{"@type":"ReadAction","target":["https:\/\/informante.mx\/?p=47158"]}]},{"@type":"ImageObject","inLanguage":"es","@id":"https:\/\/informante.mx\/?p=47158#primaryimage","url":"https:\/\/informante.mx\/wp-content\/uploads\/2024\/04\/CNTE-paro-nacional.jpg","contentUrl":"https:\/\/informante.mx\/wp-content\/uploads\/2024\/04\/CNTE-paro-nacional.jpg","width":1200,"height":700},{"@type":"BreadcrumbList","@id":"https:\/\/informante.mx\/?p=47158#breadcrumb","itemListElement":[{"@type":"ListItem","position":1,"name":"Portada","item":"https:\/\/informante.mx\/"},{"@type":"ListItem","position":2,"name":"CNTE alista paro indefinido pese a decreto de Sheinbaum para congelar edad de jubilaci\u00f3n"}]},{"@type":"WebSite","@id":"https:\/\/informante.mx\/#website","url":"https:\/\/informante.mx\/","name":"Informante.mx","description":"","publisher":{"@id":"https:\/\/informante.mx\/#organization"},"potentialAction":[{"@type":"SearchAction","target":{"@type":"EntryPoint","urlTemplate":"https:\/\/informante.mx\/?s={search_term_string}"},"query-input":{"@type":"PropertyValueSpecification","valueRequired":true,"valueName":"search_term_string"}}],"inLanguage":"es"},{"@type":"Organization","@id":"https:\/\/informante.mx\/#organization","name":"Informante.mx","url":"https:\/\/informante.mx\/","logo":{"@type":"ImageObject","inLanguage":"es","@id":"https:\/\/informante.mx\/#\/schema\/logo\/image\/","url":"https:\/\/informante.mx\/wp-content\/uploads\/2019\/12\/cropped-LOGO-Verde-Apaisado-1024x360O-1.png","contentUrl":"https:\/\/informante.mx\/wp-content\/uploads\/2019\/12\/cropped-LOGO-Verde-Apaisado-1024x360O-1.png","width":923,"height":180,"caption":"Informante.mx"},"image":{"@id":"https:\/\/informante.mx\/#\/schema\/logo\/image\/"},"sameAs":["https:\/\/www.facebook.com\/MX.Informante","https:\/\/x.com\/mx_informante"]},{"@type":"Person","@id":"https:\/\/informante.mx\/#\/schema\/person\/3eff91989d2ea76b0a330b416325946c","name":"InformanteMX","image":{"@type":"ImageObject","inLanguage":"es","@id":"https:\/\/secure.gravatar.com\/avatar\/10d802aa739e832aedd2f3fd8544d878871eb22e6ca86fe9a548573e34a28f0e?s=96&d=mm&r=g","url":"https:\/\/secure.gravatar.com\/avatar\/10d802aa739e832aedd2f3fd8544d878871eb22e6ca86fe9a548573e34a28f0e?s=96&d=mm&r=g","contentUrl":"https:\/\/secure.gravatar.com\/avatar\/10d802aa739e832aedd2f3fd8544d878871eb22e6ca86fe9a548573e34a28f0e?s=96&d=mm&r=g","caption":"InformanteMX"},"url":"https:\/\/informante.mx\/?author=1"}]}},"jetpack_featured_media_url":"https:\/\/informante.mx\/wp-content\/uploads\/2024\/04\/CNTE-paro-nacional.jpg","uagb_featured_image_src":{"full":["https:\/\/informante.mx\/wp-content\/uploads\/2024\/04\/CNTE-paro-nacional.jpg",1200,700,false],"thumbnail":["https:\/\/informante.mx\/wp-content\/uploads\/2024\/04\/CNTE-paro-nacional-150x88.jpg",150,88,true],"medium":["https:\/\/informante.mx\/wp-content\/uploads\/2024\/04\/CNTE-paro-nacional-300x175.jpg",300,175,true],"medium_large":["https:\/\/informante.mx\/wp-content\/uploads\/2024\/04\/CNTE-paro-nacional-768x448.jpg",640,373,true],"large":["https:\/\/informante.mx\/wp-content\/uploads\/2024\/04\/CNTE-paro-nacional-1024x597.jpg",640,373,true],"1536x1536":["https:\/\/informante.mx\/wp-content\/uploads\/2024\/04\/CNTE-paro-nacional.jpg",1200,700,false],"2048x2048":["https:\/\/informante.mx\/wp-content\/uploads\/2024\/04\/CNTE-paro-nacional.jpg",1200,700,false],"td_0x420":["https:\/\/informante.mx\/wp-content\/uploads\/2024\/04\/CNTE-paro-nacional-720x420.jpg",720,420,true],"td_0x420_retina":["https:\/\/informante.mx\/wp-content\/uploads\/2024\/04\/CNTE-paro-nacional.jpg",1200,700,false],"td_80x60":["https:\/\/informante.mx\/wp-content\/uploads\/2024\/04\/CNTE-paro-nacional-80x60.jpg",80,60,true],"td_80x60_retina":["https:\/\/informante.mx\/wp-content\/uploads\/2024\/04\/CNTE-paro-nacional-160x120.jpg",160,120,true],"td_100x75":["https:\/\/informante.mx\/wp-content\/uploads\/2024\/04\/CNTE-paro-nacional-100x75.jpg",100,75,true],"td_100x75_retina":["https:\/\/informante.mx\/wp-content\/uploads\/2024\/04\/CNTE-paro-nacional-200x150.jpg",200,150,true],"td_180x135":["https:\/\/informante.mx\/wp-content\/uploads\/2024\/04\/CNTE-paro-nacional-180x135.jpg",180,135,true],"td_180x135_retina":["https:\/\/informante.mx\/wp-content\/uploads\/2024\/04\/CNTE-paro-nacional-360x270.jpg",360,270,true],"td_238x178":["https:\/\/informante.mx\/wp-content\/uploads\/2024\/04\/CNTE-paro-nacional-238x178.jpg",238,178,true],"td_238x178_retina":["https:\/\/informante.mx\/wp-content\/uploads\/2024\/04\/CNTE-paro-nacional-476x356.jpg",476,356,true],"td_265x198":["https:\/\/informante.mx\/wp-content\/uploads\/2024\/04\/CNTE-paro-nacional-265x198.jpg",265,198,true],"td_265x198_retina":["https:\/\/informante.mx\/wp-content\/uploads\/2024\/04\/CNTE-paro-nacional-530x396.jpg",530,396,true],"td_300x160":["https:\/\/informante.mx\/wp-content\/uploads\/2024\/04\/CNTE-paro-nacional-300x160.jpg",300,160,true],"td_300x160_retina":["https:\/\/informante.mx\/wp-content\/uploads\/2024\/04\/CNTE-paro-nacional-600x320.jpg",600,320,true],"td_300x194":["https:\/\/informante.mx\/wp-content\/uploads\/2024\/04\/CNTE-paro-nacional-300x194.jpg",300,194,true],"td_300x194_retina":["https:\/\/informante.mx\/wp-content\/uploads\/2024\/04\/CNTE-paro-nacional-600x388.jpg",600,388,true],"td_300x350":["https:\/\/informante.mx\/wp-content\/uploads\/2024\/04\/CNTE-paro-nacional-300x350.jpg",300,350,true],"td_300x350_retina":["https:\/\/informante.mx\/wp-content\/uploads\/2024\/04\/CNTE-paro-nacional-600x700.jpg",600,700,true],"td_341x220":["https:\/\/informante.mx\/wp-content\/uploads\/2024\/04\/CNTE-paro-nacional-341x220.jpg",341,220,true],"td_341x220_retina":["https:\/\/informante.mx\/wp-content\/uploads\/2024\/04\/CNTE-paro-nacional-682x440.jpg",682,440,true],"td_341x400":["https:\/\/informante.mx\/wp-content\/uploads\/2024\/04\/CNTE-paro-nacional-341x400.jpg",341,400,true],"td_341x400_retina":["https:\/\/informante.mx\/wp-content\/uploads\/2024\/04\/CNTE-paro-nacional-682x700.jpg",682,700,true],"td_511x400":["https:\/\/informante.mx\/wp-content\/uploads\/2024\/04\/CNTE-paro-nacional-511x400.jpg",511,400,true],"td_511x400_retina":["https:\/\/informante.mx\/wp-content\/uploads\/2024\/04\/CNTE-paro-nacional-1022x700.jpg",1022,700,true],"td_537x360":["https:\/\/informante.mx\/wp-content\/uploads\/2024\/04\/CNTE-paro-nacional-537x360.jpg",537,360,true],"td_537x360_retina":["https:\/\/informante.mx\/wp-content\/uploads\/2024\/04\/CNTE-paro-nacional-1074x700.jpg",1074,700,true],"td_640x0":["https:\/\/informante.mx\/wp-content\/uploads\/2024\/04\/CNTE-paro-nacional-640x373.jpg",640,373,true],"td_640x0_retina":["https:\/\/informante.mx\/wp-content\/uploads\/2024\/04\/CNTE-paro-nacional.jpg",1200,700,false],"td_640x350":["https:\/\/informante.mx\/wp-content\/uploads\/2024\/04\/CNTE-paro-nacional-640x350.jpg",640,350,true],"td_640x350_retina":["https:\/\/informante.mx\/wp-content\/uploads\/2024\/04\/CNTE-paro-nacional.jpg",1200,700,false],"td_681x0":["https:\/\/informante.mx\/wp-content\/uploads\/2024\/04\/CNTE-paro-nacional-681x397.jpg",681,397,true],"td_681x0_retina":["https:\/\/informante.mx\/wp-content\/uploads\/2024\/04\/CNTE-paro-nacional.jpg",1200,700,false],"td_681x400":["https:\/\/informante.mx\/wp-content\/uploads\/2024\/04\/CNTE-paro-nacional-681x400.jpg",681,400,true],"td_681x400_retina":["https:\/\/informante.mx\/wp-content\/uploads\/2024\/04\/CNTE-paro-nacional.jpg",1200,700,false],"td_741x486":["https:\/\/informante.mx\/wp-content\/uploads\/2024\/04\/CNTE-paro-nacional-741x486.jpg",741,486,true],"td_741x486_retina":["https:\/\/informante.mx\/wp-content\/uploads\/2024\/04\/CNTE-paro-nacional.jpg",1200,700,false],"td_1021x580":["https:\/\/informante.mx\/wp-content\/uploads\/2024\/04\/CNTE-paro-nacional-1021x580.jpg",1021,580,true],"td_1021x580_retina":["https:\/\/informante.mx\/wp-content\/uploads\/2024\/04\/CNTE-paro-nacional.jpg",1200,700,false]},"uagb_author_info":{"display_name":"InformanteMX","author_link":"https:\/\/informante.mx\/?author=1"},"uagb_comment_info":0,"uagb_excerpt":"La CNTE planea continuar con sus acciones de protesta para exigir la abrogaci\u00f3n de la Ley del ISSSTE de 2007.","_links":{"self":[{"href":"https:\/\/informante.mx\/index.php?rest_route=\/wp\/v2\/posts\/47158","targetHints":{"allow":["GET"]}}],"collection":[{"href":"https:\/\/informante.mx\/index.php?rest_route=\/wp\/v2\/posts"}],"about":[{"href":"https:\/\/informante.mx\/index.php?rest_route=\/wp\/v2\/types\/post"}],"author":[{"embeddable":true,"href":"https:\/\/informante.mx\/index.php?rest_route=\/wp\/v2\/users\/1"}],"replies":[{"embeddable":true,"href":"https:\/\/informante.mx\/index.php?rest_route=%2Fwp%2Fv2%2Fcomments&post=47158"}],"version-history":[{"count":1,"href":"https:\/\/informante.mx\/index.php?rest_route=\/wp\/v2\/posts\/47158\/revisions"}],"predecessor-version":[{"id":47159,"href":"https:\/\/informante.mx\/index.php?rest_route=\/wp\/v2\/posts\/47158\/revisions\/47159"}],"wp:featuredmedia":[{"embeddable":true,"href":"https:\/\/informante.mx\/index.php?rest_route=\/wp\/v2\/media\/31771"}],"wp:attachment":[{"href":"https:\/\/informante.mx\/index.php?rest_route=%2Fwp%2Fv2%2Fmedia&parent=47158"}],"wp:term":[{"taxonomy":"category","embeddable":true,"href":"https:\/\/informante.mx\/index.php?rest_route=%2Fwp%2Fv2%2Fcategories&post=47158"},{"taxonomy":"post_tag","embeddable":true,"href":"https:\/\/informante.mx\/index.php?rest_route=%2Fwp%2Fv2%2Ftags&post=47158"}],"curies":[{"name":"wp","href":"https:\/\/api.w.org\/{rel}","templated":true}]}}