{"id":47155,"date":"2025-04-04T14:07:27","date_gmt":"2025-04-04T20:07:27","guid":{"rendered":"https:\/\/informante.mx\/?p=47155"},"modified":"2025-04-04T14:07:36","modified_gmt":"2025-04-04T20:07:36","slug":"denuncia-sitem-anomalias-en-la-sev","status":"publish","type":"post","link":"https:\/\/informante.mx\/?p=47155","title":{"rendered":"Denuncia SITEM anomalias en la SEV\u00a0"},"content":{"rendered":"\n<p><\/p>\n\n\n\n<p>Ada Reyes&nbsp;<\/p>\n\n\n\n<p>Xalapa, Ver.- Integrantes del Sindicato Independiente de Trabajadores de la Educaci\u00f3n de M\u00e9xico (SITEM), salieron a las calle para denunciar diversas anomal\u00edas que sufren algunos docentes por parte de la Secretar\u00eda de Educaci\u00f3n de Veracruz (SEV).<\/p>\n\n\n\n<p>A decir de su secretario general Jer\u00f3nimo Gabriel Polo Navarro, son los mandos medios quienes hacen acciones en contra de sus compa\u00f1eros. Dijo que son espec\u00edficamente directores, supervisores as\u00ed como jefes de sector.&nbsp;<\/p>\n\n\n\n<p>\u201cHa habido acoso laboral, a muchas compa\u00f1eras y compa\u00f1eros les han fincado responsabilidades al vapor, ha habido acusaciones y quejas por parte de nuestros agremiados, los cuales no han sido atendidas, y al contrario, lejos de que las resuelvan como debe de ser, les echan tierra, les dan el carpetazo y no se resuelve\u201d, se\u00f1al\u00f3.<\/p>\n\n\n\n<p>Jer\u00f3nimo Gabriel Polo, dijo que otro de los casos irregulares est\u00e1 en la designaci\u00f3n de plazas, por lo que demandan a la gobernadora Roc\u00edo Nahle una intervenci\u00f3n inmediata.&nbsp;<\/p>\n\n\n\n<p>\u201cLa propia gobernadora, la ingeniera Roc\u00edo, hace 23 d\u00edas que algunos de nuestros compa\u00f1eros se acercaron y dialogaron con ella, pues dio la indicaci\u00f3n que se resolvieran, que se atendieran pero la prueba est\u00e1 que hoy estamos aqu\u00ed, a 40 d\u00edas de haber hecho la manifestaci\u00f3n y tener tomado el sector 05 de escuelas secundarias t\u00e9cnicas federales todo sigue igual\u201d, acus\u00f3.<\/p>\n","protected":false},"excerpt":{"rendered":"<p>Ada Reyes&nbsp; Xalapa, Ver.- Integrantes del Sindicato Independiente de Trabajadores de la Educaci\u00f3n de M\u00e9xico (SITEM), salieron a las calle para denunciar diversas anomal\u00edas que sufren algunos docentes por parte de la Secretar\u00eda de Educaci\u00f3n de Veracruz (SEV). A decir de su secretario general Jer\u00f3nimo Gabriel Polo Navarro, son los mandos medios quienes hacen acciones [&hellip;]<\/p>\n","protected":false},"author":1,"featured_media":47156,"comment_status":"open","ping_status":"closed","sticky":false,"template":"","format":"standard","meta":{"_uag_custom_page_level_css":"","jetpack_post_was_ever_published":false,"footnotes":""},"categories":[4],"tags":[],"class_list":["post-47155","post","type-post","status-publish","format-standard","has-post-thumbnail","hentry","category-estatal"],"yoast_head":"<!-- This site is optimized with the Yoast SEO plugin v27.3 - https:\/\/yoast.com\/product\/yoast-seo-wordpress\/ -->\n<title>Denuncia SITEM anomalias en la SEV\u00a0 - Informante.mx<\/title>\n<meta name=\"robots\" content=\"index, follow, max-snippet:-1, max-image-preview:large, max-video-preview:-1\" \/>\n<link rel=\"canonical\" href=\"https:\/\/informante.mx\/?p=47155\" \/>\n<meta property=\"og:locale\" content=\"es_ES\" \/>\n<meta property=\"og:type\" content=\"article\" \/>\n<meta property=\"og:title\" content=\"Denuncia SITEM anomalias en la SEV\u00a0 - Informante.mx\" \/>\n<meta property=\"og:description\" content=\"Ada Reyes&nbsp; Xalapa, Ver.- Integrantes del Sindicato Independiente de Trabajadores de la Educaci\u00f3n de M\u00e9xico (SITEM), salieron a las calle para denunciar diversas anomal\u00edas que sufren algunos docentes por parte de la Secretar\u00eda de Educaci\u00f3n de Veracruz (SEV). A decir de su secretario general Jer\u00f3nimo Gabriel Polo Navarro, son los mandos medios quienes hacen acciones [&hellip;]\" \/>\n<meta property=\"og:url\" content=\"https:\/\/informante.mx\/?p=47155\" \/>\n<meta property=\"og:site_name\" content=\"Informante.mx\" \/>\n<meta property=\"article:publisher\" content=\"https:\/\/www.facebook.com\/MX.Informante\" \/>\n<meta property=\"article:published_time\" content=\"2025-04-04T20:07:27+00:00\" \/>\n<meta property=\"article:modified_time\" content=\"2025-04-04T20:07:36+00:00\" \/>\n<meta property=\"og:image\" content=\"https:\/\/informante.mx\/wp-content\/uploads\/2025\/04\/WhatsApp-Image-2025-04-04-at-12.05.22-PM.jpeg\" \/>\n\t<meta property=\"og:image:width\" content=\"1600\" \/>\n\t<meta property=\"og:image:height\" content=\"900\" \/>\n\t<meta property=\"og:image:type\" content=\"image\/jpeg\" \/>\n<meta name=\"author\" content=\"InformanteMX\" \/>\n<meta name=\"twitter:card\" content=\"summary_large_image\" \/>\n<meta name=\"twitter:creator\" content=\"@mx_informante\" \/>\n<meta name=\"twitter:site\" content=\"@mx_informante\" \/>\n<meta name=\"twitter:label1\" content=\"Escrito por\" \/>\n\t<meta name=\"twitter:data1\" content=\"InformanteMX\" \/>\n\t<meta name=\"twitter:label2\" content=\"Tiempo de lectura\" \/>\n\t<meta name=\"twitter:data2\" content=\"1 minuto\" \/>\n<script type=\"application\/ld+json\" class=\"yoast-schema-graph\">{\"@context\":\"https:\\\/\\\/schema.org\",\"@graph\":[{\"@type\":\"NewsArticle\",\"@id\":\"https:\\\/\\\/informante.mx\\\/?p=47155#article\",\"isPartOf\":{\"@id\":\"https:\\\/\\\/informante.mx\\\/?p=47155\"},\"author\":{\"name\":\"InformanteMX\",\"@id\":\"https:\\\/\\\/informante.mx\\\/#\\\/schema\\\/person\\\/3eff91989d2ea76b0a330b416325946c\"},\"headline\":\"Denuncia SITEM anomalias en la SEV\u00a0\",\"datePublished\":\"2025-04-04T20:07:27+00:00\",\"dateModified\":\"2025-04-04T20:07:36+00:00\",\"mainEntityOfPage\":{\"@id\":\"https:\\\/\\\/informante.mx\\\/?p=47155\"},\"wordCount\":244,\"commentCount\":0,\"publisher\":{\"@id\":\"https:\\\/\\\/informante.mx\\\/#organization\"},\"image\":{\"@id\":\"https:\\\/\\\/informante.mx\\\/?p=47155#primaryimage\"},\"thumbnailUrl\":\"https:\\\/\\\/informante.mx\\\/wp-content\\\/uploads\\\/2025\\\/04\\\/WhatsApp-Image-2025-04-04-at-12.05.22-PM.jpeg\",\"articleSection\":[\"Estatal\"],\"inLanguage\":\"es\",\"potentialAction\":[{\"@type\":\"CommentAction\",\"name\":\"Comment\",\"target\":[\"https:\\\/\\\/informante.mx\\\/?p=47155#respond\"]}]},{\"@type\":\"WebPage\",\"@id\":\"https:\\\/\\\/informante.mx\\\/?p=47155\",\"url\":\"https:\\\/\\\/informante.mx\\\/?p=47155\",\"name\":\"Denuncia SITEM anomalias en la SEV\u00a0 - Informante.mx\",\"isPartOf\":{\"@id\":\"https:\\\/\\\/informante.mx\\\/#website\"},\"primaryImageOfPage\":{\"@id\":\"https:\\\/\\\/informante.mx\\\/?p=47155#primaryimage\"},\"image\":{\"@id\":\"https:\\\/\\\/informante.mx\\\/?p=47155#primaryimage\"},\"thumbnailUrl\":\"https:\\\/\\\/informante.mx\\\/wp-content\\\/uploads\\\/2025\\\/04\\\/WhatsApp-Image-2025-04-04-at-12.05.22-PM.jpeg\",\"datePublished\":\"2025-04-04T20:07:27+00:00\",\"dateModified\":\"2025-04-04T20:07:36+00:00\",\"breadcrumb\":{\"@id\":\"https:\\\/\\\/informante.mx\\\/?p=47155#breadcrumb\"},\"inLanguage\":\"es\",\"potentialAction\":[{\"@type\":\"ReadAction\",\"target\":[\"https:\\\/\\\/informante.mx\\\/?p=47155\"]}]},{\"@type\":\"ImageObject\",\"inLanguage\":\"es\",\"@id\":\"https:\\\/\\\/informante.mx\\\/?p=47155#primaryimage\",\"url\":\"https:\\\/\\\/informante.mx\\\/wp-content\\\/uploads\\\/2025\\\/04\\\/WhatsApp-Image-2025-04-04-at-12.05.22-PM.jpeg\",\"contentUrl\":\"https:\\\/\\\/informante.mx\\\/wp-content\\\/uploads\\\/2025\\\/04\\\/WhatsApp-Image-2025-04-04-at-12.05.22-PM.jpeg\",\"width\":1600,\"height\":900},{\"@type\":\"BreadcrumbList\",\"@id\":\"https:\\\/\\\/informante.mx\\\/?p=47155#breadcrumb\",\"itemListElement\":[{\"@type\":\"ListItem\",\"position\":1,\"name\":\"Portada\",\"item\":\"https:\\\/\\\/informante.mx\\\/\"},{\"@type\":\"ListItem\",\"position\":2,\"name\":\"Denuncia SITEM anomalias en la SEV\u00a0\"}]},{\"@type\":\"WebSite\",\"@id\":\"https:\\\/\\\/informante.mx\\\/#website\",\"url\":\"https:\\\/\\\/informante.mx\\\/\",\"name\":\"Informante.mx\",\"description\":\"\",\"publisher\":{\"@id\":\"https:\\\/\\\/informante.mx\\\/#organization\"},\"potentialAction\":[{\"@type\":\"SearchAction\",\"target\":{\"@type\":\"EntryPoint\",\"urlTemplate\":\"https:\\\/\\\/informante.mx\\\/?s={search_term_string}\"},\"query-input\":{\"@type\":\"PropertyValueSpecification\",\"valueRequired\":true,\"valueName\":\"search_term_string\"}}],\"inLanguage\":\"es\"},{\"@type\":\"Organization\",\"@id\":\"https:\\\/\\\/informante.mx\\\/#organization\",\"name\":\"Informante.mx\",\"url\":\"https:\\\/\\\/informante.mx\\\/\",\"logo\":{\"@type\":\"ImageObject\",\"inLanguage\":\"es\",\"@id\":\"https:\\\/\\\/informante.mx\\\/#\\\/schema\\\/logo\\\/image\\\/\",\"url\":\"https:\\\/\\\/informante.mx\\\/wp-content\\\/uploads\\\/2019\\\/12\\\/cropped-LOGO-Verde-Apaisado-1024x360O-1.png\",\"contentUrl\":\"https:\\\/\\\/informante.mx\\\/wp-content\\\/uploads\\\/2019\\\/12\\\/cropped-LOGO-Verde-Apaisado-1024x360O-1.png\",\"width\":923,\"height\":180,\"caption\":\"Informante.mx\"},\"image\":{\"@id\":\"https:\\\/\\\/informante.mx\\\/#\\\/schema\\\/logo\\\/image\\\/\"},\"sameAs\":[\"https:\\\/\\\/www.facebook.com\\\/MX.Informante\",\"https:\\\/\\\/x.com\\\/mx_informante\"]},{\"@type\":\"Person\",\"@id\":\"https:\\\/\\\/informante.mx\\\/#\\\/schema\\\/person\\\/3eff91989d2ea76b0a330b416325946c\",\"name\":\"InformanteMX\",\"image\":{\"@type\":\"ImageObject\",\"inLanguage\":\"es\",\"@id\":\"https:\\\/\\\/secure.gravatar.com\\\/avatar\\\/10d802aa739e832aedd2f3fd8544d878871eb22e6ca86fe9a548573e34a28f0e?s=96&d=mm&r=g\",\"url\":\"https:\\\/\\\/secure.gravatar.com\\\/avatar\\\/10d802aa739e832aedd2f3fd8544d878871eb22e6ca86fe9a548573e34a28f0e?s=96&d=mm&r=g\",\"contentUrl\":\"https:\\\/\\\/secure.gravatar.com\\\/avatar\\\/10d802aa739e832aedd2f3fd8544d878871eb22e6ca86fe9a548573e34a28f0e?s=96&d=mm&r=g\",\"caption\":\"InformanteMX\"},\"url\":\"https:\\\/\\\/informante.mx\\\/?author=1\"}]}<\/script>\n<!-- \/ Yoast SEO plugin. -->","yoast_head_json":{"title":"Denuncia SITEM anomalias en la SEV\u00a0 - Informante.mx","robots":{"index":"index","follow":"follow","max-snippet":"max-snippet:-1","max-image-preview":"max-image-preview:large","max-video-preview":"max-video-preview:-1"},"canonical":"https:\/\/informante.mx\/?p=47155","og_locale":"es_ES","og_type":"article","og_title":"Denuncia SITEM anomalias en la SEV\u00a0 - Informante.mx","og_description":"Ada Reyes&nbsp; Xalapa, Ver.- Integrantes del Sindicato Independiente de Trabajadores de la Educaci\u00f3n de M\u00e9xico (SITEM), salieron a las calle para denunciar diversas anomal\u00edas que sufren algunos docentes por parte de la Secretar\u00eda de Educaci\u00f3n de Veracruz (SEV). A decir de su secretario general Jer\u00f3nimo Gabriel Polo Navarro, son los mandos medios quienes hacen acciones [&hellip;]","og_url":"https:\/\/informante.mx\/?p=47155","og_site_name":"Informante.mx","article_publisher":"https:\/\/www.facebook.com\/MX.Informante","article_published_time":"2025-04-04T20:07:27+00:00","article_modified_time":"2025-04-04T20:07:36+00:00","og_image":[{"width":1600,"height":900,"url":"https:\/\/informante.mx\/wp-content\/uploads\/2025\/04\/WhatsApp-Image-2025-04-04-at-12.05.22-PM.jpeg","type":"image\/jpeg"}],"author":"InformanteMX","twitter_card":"summary_large_image","twitter_creator":"@mx_informante","twitter_site":"@mx_informante","twitter_misc":{"Escrito por":"InformanteMX","Tiempo de lectura":"1 minuto"},"schema":{"@context":"https:\/\/schema.org","@graph":[{"@type":"NewsArticle","@id":"https:\/\/informante.mx\/?p=47155#article","isPartOf":{"@id":"https:\/\/informante.mx\/?p=47155"},"author":{"name":"InformanteMX","@id":"https:\/\/informante.mx\/#\/schema\/person\/3eff91989d2ea76b0a330b416325946c"},"headline":"Denuncia SITEM anomalias en la SEV\u00a0","datePublished":"2025-04-04T20:07:27+00:00","dateModified":"2025-04-04T20:07:36+00:00","mainEntityOfPage":{"@id":"https:\/\/informante.mx\/?p=47155"},"wordCount":244,"commentCount":0,"publisher":{"@id":"https:\/\/informante.mx\/#organization"},"image":{"@id":"https:\/\/informante.mx\/?p=47155#primaryimage"},"thumbnailUrl":"https:\/\/informante.mx\/wp-content\/uploads\/2025\/04\/WhatsApp-Image-2025-04-04-at-12.05.22-PM.jpeg","articleSection":["Estatal"],"inLanguage":"es","potentialAction":[{"@type":"CommentAction","name":"Comment","target":["https:\/\/informante.mx\/?p=47155#respond"]}]},{"@type":"WebPage","@id":"https:\/\/informante.mx\/?p=47155","url":"https:\/\/informante.mx\/?p=47155","name":"Denuncia SITEM anomalias en la SEV\u00a0 - Informante.mx","isPartOf":{"@id":"https:\/\/informante.mx\/#website"},"primaryImageOfPage":{"@id":"https:\/\/informante.mx\/?p=47155#primaryimage"},"image":{"@id":"https:\/\/informante.mx\/?p=47155#primaryimage"},"thumbnailUrl":"https:\/\/informante.mx\/wp-content\/uploads\/2025\/04\/WhatsApp-Image-2025-04-04-at-12.05.22-PM.jpeg","datePublished":"2025-04-04T20:07:27+00:00","dateModified":"2025-04-04T20:07:36+00:00","breadcrumb":{"@id":"https:\/\/informante.mx\/?p=47155#breadcrumb"},"inLanguage":"es","potentialAction":[{"@type":"ReadAction","target":["https:\/\/informante.mx\/?p=47155"]}]},{"@type":"ImageObject","inLanguage":"es","@id":"https:\/\/informante.mx\/?p=47155#primaryimage","url":"https:\/\/informante.mx\/wp-content\/uploads\/2025\/04\/WhatsApp-Image-2025-04-04-at-12.05.22-PM.jpeg","contentUrl":"https:\/\/informante.mx\/wp-content\/uploads\/2025\/04\/WhatsApp-Image-2025-04-04-at-12.05.22-PM.jpeg","width":1600,"height":900},{"@type":"BreadcrumbList","@id":"https:\/\/informante.mx\/?p=47155#breadcrumb","itemListElement":[{"@type":"ListItem","position":1,"name":"Portada","item":"https:\/\/informante.mx\/"},{"@type":"ListItem","position":2,"name":"Denuncia SITEM anomalias en la SEV\u00a0"}]},{"@type":"WebSite","@id":"https:\/\/informante.mx\/#website","url":"https:\/\/informante.mx\/","name":"Informante.mx","description":"","publisher":{"@id":"https:\/\/informante.mx\/#organization"},"potentialAction":[{"@type":"SearchAction","target":{"@type":"EntryPoint","urlTemplate":"https:\/\/informante.mx\/?s={search_term_string}"},"query-input":{"@type":"PropertyValueSpecification","valueRequired":true,"valueName":"search_term_string"}}],"inLanguage":"es"},{"@type":"Organization","@id":"https:\/\/informante.mx\/#organization","name":"Informante.mx","url":"https:\/\/informante.mx\/","logo":{"@type":"ImageObject","inLanguage":"es","@id":"https:\/\/informante.mx\/#\/schema\/logo\/image\/","url":"https:\/\/informante.mx\/wp-content\/uploads\/2019\/12\/cropped-LOGO-Verde-Apaisado-1024x360O-1.png","contentUrl":"https:\/\/informante.mx\/wp-content\/uploads\/2019\/12\/cropped-LOGO-Verde-Apaisado-1024x360O-1.png","width":923,"height":180,"caption":"Informante.mx"},"image":{"@id":"https:\/\/informante.mx\/#\/schema\/logo\/image\/"},"sameAs":["https:\/\/www.facebook.com\/MX.Informante","https:\/\/x.com\/mx_informante"]},{"@type":"Person","@id":"https:\/\/informante.mx\/#\/schema\/person\/3eff91989d2ea76b0a330b416325946c","name":"InformanteMX","image":{"@type":"ImageObject","inLanguage":"es","@id":"https:\/\/secure.gravatar.com\/avatar\/10d802aa739e832aedd2f3fd8544d878871eb22e6ca86fe9a548573e34a28f0e?s=96&d=mm&r=g","url":"https:\/\/secure.gravatar.com\/avatar\/10d802aa739e832aedd2f3fd8544d878871eb22e6ca86fe9a548573e34a28f0e?s=96&d=mm&r=g","contentUrl":"https:\/\/secure.gravatar.com\/avatar\/10d802aa739e832aedd2f3fd8544d878871eb22e6ca86fe9a548573e34a28f0e?s=96&d=mm&r=g","caption":"InformanteMX"},"url":"https:\/\/informante.mx\/?author=1"}]}},"jetpack_featured_media_url":"https:\/\/informante.mx\/wp-content\/uploads\/2025\/04\/WhatsApp-Image-2025-04-04-at-12.05.22-PM.jpeg","uagb_featured_image_src":{"full":["https:\/\/informante.mx\/wp-content\/uploads\/2025\/04\/WhatsApp-Image-2025-04-04-at-12.05.22-PM.jpeg",1600,900,false],"thumbnail":["https:\/\/informante.mx\/wp-content\/uploads\/2025\/04\/WhatsApp-Image-2025-04-04-at-12.05.22-PM-150x84.jpeg",150,84,true],"medium":["https:\/\/informante.mx\/wp-content\/uploads\/2025\/04\/WhatsApp-Image-2025-04-04-at-12.05.22-PM-300x169.jpeg",300,169,true],"medium_large":["https:\/\/informante.mx\/wp-content\/uploads\/2025\/04\/WhatsApp-Image-2025-04-04-at-12.05.22-PM-768x432.jpeg",640,360,true],"large":["https:\/\/informante.mx\/wp-content\/uploads\/2025\/04\/WhatsApp-Image-2025-04-04-at-12.05.22-PM-1024x576.jpeg",640,360,true],"1536x1536":["https:\/\/informante.mx\/wp-content\/uploads\/2025\/04\/WhatsApp-Image-2025-04-04-at-12.05.22-PM-1536x864.jpeg",1536,864,true],"2048x2048":["https:\/\/informante.mx\/wp-content\/uploads\/2025\/04\/WhatsApp-Image-2025-04-04-at-12.05.22-PM.jpeg",1600,900,false],"td_0x420":["https:\/\/informante.mx\/wp-content\/uploads\/2025\/04\/WhatsApp-Image-2025-04-04-at-12.05.22-PM-747x420.jpeg",747,420,true],"td_0x420_retina":["https:\/\/informante.mx\/wp-content\/uploads\/2025\/04\/WhatsApp-Image-2025-04-04-at-12.05.22-PM-1493x840.jpeg",1493,840,true],"td_80x60":["https:\/\/informante.mx\/wp-content\/uploads\/2025\/04\/WhatsApp-Image-2025-04-04-at-12.05.22-PM-80x60.jpeg",80,60,true],"td_80x60_retina":["https:\/\/informante.mx\/wp-content\/uploads\/2025\/04\/WhatsApp-Image-2025-04-04-at-12.05.22-PM-160x120.jpeg",160,120,true],"td_100x75":["https:\/\/informante.mx\/wp-content\/uploads\/2025\/04\/WhatsApp-Image-2025-04-04-at-12.05.22-PM-100x75.jpeg",100,75,true],"td_100x75_retina":["https:\/\/informante.mx\/wp-content\/uploads\/2025\/04\/WhatsApp-Image-2025-04-04-at-12.05.22-PM-200x150.jpeg",200,150,true],"td_180x135":["https:\/\/informante.mx\/wp-content\/uploads\/2025\/04\/WhatsApp-Image-2025-04-04-at-12.05.22-PM-180x135.jpeg",180,135,true],"td_180x135_retina":["https:\/\/informante.mx\/wp-content\/uploads\/2025\/04\/WhatsApp-Image-2025-04-04-at-12.05.22-PM-360x270.jpeg",360,270,true],"td_238x178":["https:\/\/informante.mx\/wp-content\/uploads\/2025\/04\/WhatsApp-Image-2025-04-04-at-12.05.22-PM-238x178.jpeg",238,178,true],"td_238x178_retina":["https:\/\/informante.mx\/wp-content\/uploads\/2025\/04\/WhatsApp-Image-2025-04-04-at-12.05.22-PM-476x356.jpeg",476,356,true],"td_265x198":["https:\/\/informante.mx\/wp-content\/uploads\/2025\/04\/WhatsApp-Image-2025-04-04-at-12.05.22-PM-265x198.jpeg",265,198,true],"td_265x198_retina":["https:\/\/informante.mx\/wp-content\/uploads\/2025\/04\/WhatsApp-Image-2025-04-04-at-12.05.22-PM-530x396.jpeg",530,396,true],"td_300x160":["https:\/\/informante.mx\/wp-content\/uploads\/2025\/04\/WhatsApp-Image-2025-04-04-at-12.05.22-PM-300x160.jpeg",300,160,true],"td_300x160_retina":["https:\/\/informante.mx\/wp-content\/uploads\/2025\/04\/WhatsApp-Image-2025-04-04-at-12.05.22-PM-600x320.jpeg",600,320,true],"td_300x194":["https:\/\/informante.mx\/wp-content\/uploads\/2025\/04\/WhatsApp-Image-2025-04-04-at-12.05.22-PM-300x194.jpeg",300,194,true],"td_300x194_retina":["https:\/\/informante.mx\/wp-content\/uploads\/2025\/04\/WhatsApp-Image-2025-04-04-at-12.05.22-PM-600x388.jpeg",600,388,true],"td_300x350":["https:\/\/informante.mx\/wp-content\/uploads\/2025\/04\/WhatsApp-Image-2025-04-04-at-12.05.22-PM-300x350.jpeg",300,350,true],"td_300x350_retina":["https:\/\/informante.mx\/wp-content\/uploads\/2025\/04\/WhatsApp-Image-2025-04-04-at-12.05.22-PM-600x700.jpeg",600,700,true],"td_341x220":["https:\/\/informante.mx\/wp-content\/uploads\/2025\/04\/WhatsApp-Image-2025-04-04-at-12.05.22-PM-341x220.jpeg",341,220,true],"td_341x220_retina":["https:\/\/informante.mx\/wp-content\/uploads\/2025\/04\/WhatsApp-Image-2025-04-04-at-12.05.22-PM-682x440.jpeg",682,440,true],"td_341x400":["https:\/\/informante.mx\/wp-content\/uploads\/2025\/04\/WhatsApp-Image-2025-04-04-at-12.05.22-PM-341x400.jpeg",341,400,true],"td_341x400_retina":["https:\/\/informante.mx\/wp-content\/uploads\/2025\/04\/WhatsApp-Image-2025-04-04-at-12.05.22-PM-682x800.jpeg",682,800,true],"td_511x400":["https:\/\/informante.mx\/wp-content\/uploads\/2025\/04\/WhatsApp-Image-2025-04-04-at-12.05.22-PM-511x400.jpeg",511,400,true],"td_511x400_retina":["https:\/\/informante.mx\/wp-content\/uploads\/2025\/04\/WhatsApp-Image-2025-04-04-at-12.05.22-PM-1022x800.jpeg",1022,800,true],"td_537x360":["https:\/\/informante.mx\/wp-content\/uploads\/2025\/04\/WhatsApp-Image-2025-04-04-at-12.05.22-PM-537x360.jpeg",537,360,true],"td_537x360_retina":["https:\/\/informante.mx\/wp-content\/uploads\/2025\/04\/WhatsApp-Image-2025-04-04-at-12.05.22-PM-1074x720.jpeg",1074,720,true],"td_640x0":["https:\/\/informante.mx\/wp-content\/uploads\/2025\/04\/WhatsApp-Image-2025-04-04-at-12.05.22-PM-640x360.jpeg",640,360,true],"td_640x0_retina":["https:\/\/informante.mx\/wp-content\/uploads\/2025\/04\/WhatsApp-Image-2025-04-04-at-12.05.22-PM-1280x720.jpeg",1280,720,true],"td_640x350":["https:\/\/informante.mx\/wp-content\/uploads\/2025\/04\/WhatsApp-Image-2025-04-04-at-12.05.22-PM-640x350.jpeg",640,350,true],"td_640x350_retina":["https:\/\/informante.mx\/wp-content\/uploads\/2025\/04\/WhatsApp-Image-2025-04-04-at-12.05.22-PM-1280x700.jpeg",1280,700,true],"td_681x0":["https:\/\/informante.mx\/wp-content\/uploads\/2025\/04\/WhatsApp-Image-2025-04-04-at-12.05.22-PM-681x383.jpeg",681,383,true],"td_681x0_retina":["https:\/\/informante.mx\/wp-content\/uploads\/2025\/04\/WhatsApp-Image-2025-04-04-at-12.05.22-PM-1362x766.jpeg",1362,766,true],"td_681x400":["https:\/\/informante.mx\/wp-content\/uploads\/2025\/04\/WhatsApp-Image-2025-04-04-at-12.05.22-PM-681x400.jpeg",681,400,true],"td_681x400_retina":["https:\/\/informante.mx\/wp-content\/uploads\/2025\/04\/WhatsApp-Image-2025-04-04-at-12.05.22-PM-1362x800.jpeg",1362,800,true],"td_741x486":["https:\/\/informante.mx\/wp-content\/uploads\/2025\/04\/WhatsApp-Image-2025-04-04-at-12.05.22-PM-741x486.jpeg",741,486,true],"td_741x486_retina":["https:\/\/informante.mx\/wp-content\/uploads\/2025\/04\/WhatsApp-Image-2025-04-04-at-12.05.22-PM-1482x900.jpeg",1482,900,true],"td_1021x580":["https:\/\/informante.mx\/wp-content\/uploads\/2025\/04\/WhatsApp-Image-2025-04-04-at-12.05.22-PM-1021x580.jpeg",1021,580,true],"td_1021x580_retina":["https:\/\/informante.mx\/wp-content\/uploads\/2025\/04\/WhatsApp-Image-2025-04-04-at-12.05.22-PM.jpeg",1600,900,false]},"uagb_author_info":{"display_name":"InformanteMX","author_link":"https:\/\/informante.mx\/?author=1"},"uagb_comment_info":0,"uagb_excerpt":"Ada Reyes&nbsp; Xalapa, Ver.- Integrantes del Sindicato Independiente de Trabajadores de la Educaci\u00f3n de M\u00e9xico (SITEM), salieron a las calle para denunciar diversas anomal\u00edas que sufren algunos docentes por parte de la Secretar\u00eda de Educaci\u00f3n de Veracruz (SEV). A decir de su secretario general Jer\u00f3nimo Gabriel Polo Navarro, son los mandos medios quienes hacen acciones&hellip;","_links":{"self":[{"href":"https:\/\/informante.mx\/index.php?rest_route=\/wp\/v2\/posts\/47155","targetHints":{"allow":["GET"]}}],"collection":[{"href":"https:\/\/informante.mx\/index.php?rest_route=\/wp\/v2\/posts"}],"about":[{"href":"https:\/\/informante.mx\/index.php?rest_route=\/wp\/v2\/types\/post"}],"author":[{"embeddable":true,"href":"https:\/\/informante.mx\/index.php?rest_route=\/wp\/v2\/users\/1"}],"replies":[{"embeddable":true,"href":"https:\/\/informante.mx\/index.php?rest_route=%2Fwp%2Fv2%2Fcomments&post=47155"}],"version-history":[{"count":1,"href":"https:\/\/informante.mx\/index.php?rest_route=\/wp\/v2\/posts\/47155\/revisions"}],"predecessor-version":[{"id":47157,"href":"https:\/\/informante.mx\/index.php?rest_route=\/wp\/v2\/posts\/47155\/revisions\/47157"}],"wp:featuredmedia":[{"embeddable":true,"href":"https:\/\/informante.mx\/index.php?rest_route=\/wp\/v2\/media\/47156"}],"wp:attachment":[{"href":"https:\/\/informante.mx\/index.php?rest_route=%2Fwp%2Fv2%2Fmedia&parent=47155"}],"wp:term":[{"taxonomy":"category","embeddable":true,"href":"https:\/\/informante.mx\/index.php?rest_route=%2Fwp%2Fv2%2Fcategories&post=47155"},{"taxonomy":"post_tag","embeddable":true,"href":"https:\/\/informante.mx\/index.php?rest_route=%2Fwp%2Fv2%2Ftags&post=47155"}],"curies":[{"name":"wp","href":"https:\/\/api.w.org\/{rel}","templated":true}]}}