{"id":45824,"date":"2025-02-25T21:46:44","date_gmt":"2025-02-26T03:46:44","guid":{"rendered":"https:\/\/informante.mx\/?p=45824"},"modified":"2025-02-25T21:46:52","modified_gmt":"2025-02-26T03:46:52","slug":"punto-de-vista-crisis-en-educacion","status":"publish","type":"post","link":"https:\/\/informante.mx\/?p=45824","title":{"rendered":"Punto de Vista | Crisis en Educaci\u00f3n"},"content":{"rendered":"\n<div style=\"height:30px\" aria-hidden=\"true\" class=\"wp-block-spacer\"><\/div>\n\n\n\n<h2 class=\"wp-block-heading has-text-align-center\">Crisis en Educaci\u00f3n<\/h2>\n\n\n\n<h2 class=\"wp-block-heading has-text-align-center\">Filiberto Vargas Rodr\u00edguez<\/h2>\n\n\n\n<div style=\"height:30px\" aria-hidden=\"true\" class=\"wp-block-spacer\"><\/div>\n\n\n\n<p><strong>Prefacio.<\/strong><\/p>\n\n\n\n<p>Alguien no est\u00e1 haciendo su trabajo en el gobierno estatal, especialmente en el tema pecuario. *** El presidente de la Uni\u00f3n Ganadera del Sur de Veracruz, Isaac Velasco Garc\u00eda tuvo que recurrir al titular de la Secretar\u00eda de Agricultura y Desarrollo Rural (Sader) para solicitarle el apoyo que requiere para hacer frente a la plaga del Gusano Barrenador de Ganado. *** \u201cA nombre de los ganaderos del sur de Veracruz solicito su intervenci\u00f3n para que se considere el reconocimiento federal, as\u00ed como la asignaci\u00f3n de presupuesto para mejorar las medidas de prevenci\u00f3n y vigilancia en nuestra zona de los puntos de vigilancia de \u201cEl Paralelo 18\u201d, municipio de Agua Dulce; \u201cEl Pedregal\u201d, municipio de Las Choapas y en la caseta \u201cNuevo Morelos\u201d, del municipio de Jes\u00fas Carranza\u201d, plantea el dirigente ganadero en una misiva dirigida al titular de Sader. *** \u201cSomos un punto vulnerable por los limites compartidos con los estados Tabasco, Chiapas y Oaxaca, siendo este el motivo principal de reforzar la vigilancia en los puntos de revisi\u00f3n de las casetas habilitadas\u201d, le explica Isaac Velasco. *** Los ganaderos del sur de Veracruz le pidieron al gobierno federal, adem\u00e1s, \u201cgiren instrucciones para que se habilite el punto de Cinco Cerros ubicada en el kil\u00f3metro 35 de la carretera federal 190, en el tramo de Tapanatepec, Oaxaca a Cintalapa, Chiapas, para formar un segundo cord\u00f3n sanitario en beneficio de los ganaderos de M\u00e9xico\u201d. *** \u00bfQui\u00e9n tendr\u00eda que responder en el gobierno de Veracruz por estas peticiones? \u00bfAcaso el titular de la Sedarpa, Rodrigo Calder\u00f3n Salas? \u00bfQuiz\u00e1 el subsecretario de Ganader\u00eda, Carlos Jim\u00e9nez? No creo que se atrevan a culpar al \u201casesor espont\u00e1neo\u201d, Jos\u00e9 Luis Pe\u00f1a. *** Los que saben de estos temas a que la disputa no es por la sanidad de los animales que transitan por territorio veracruzano, sino por las fuertes sumas que se generan con el cobro de servicios del ba\u00f1o por aspersi\u00f3n del ganado. *** Como dicen en mi pueblo: \u201calguien se est\u00e1 yendo yucateco\u201d.<\/p>\n\n\n\n<p><strong>* * *<\/strong><\/p>\n\n\n\n<p>Contrario a lo que muchos pretenden, la crisis educativa en Veracruz no es atribuible a \u201clos gobiernos neoliberales\u201d, ni a \u201cla corrupci\u00f3n de los otros\u201d.<\/p>\n\n\n\n<p>Fue a partir del 2019, cuando ya estaban en funciones los gobiernos de Morena (el estatal, con Cuitl\u00e1huac Garc\u00eda, y el federal con Andr\u00e9s Manuel L\u00f3pez Obrador), que se frenaron las acciones para abatir las cifras negativas con las que lidiaba Veracruz.<\/p>\n\n\n\n<p>En aquel primer a\u00f1o de la administraci\u00f3n de Cuitl\u00e1huac Garc\u00eda, en agosto del 2019, el gobernador se comprometi\u00f3 p\u00fablicamente a abatir el analfabetismo en la entidad, que para ese momento se registraba en 562 mil 781 personas mayores de 15 a\u00f1os.<\/p>\n\n\n\n<p>\u201cLa pol\u00edtica de la actual administraci\u00f3n es atender a los sectores hist\u00f3ricamente olvidados\u201d, presum\u00eda en aquel entonces el gobernador.<\/p>\n\n\n\n<p>En febrero de aquel a\u00f1o, el secretario de Educaci\u00f3n, Zenyazen Escobar, advert\u00eda que Veracruz se ubicaba en la cuarta posici\u00f3n a nivel nacional en materia de analfabetismo.<\/p>\n\n\n\n<p>Dos a\u00f1os despu\u00e9s, para 2021, el propio gobernador informaba: \u201cHoy podemos decir que m\u00e1s de 50 mil personas salieron del rezago educativo; es un avance, pero no suficiente a\u00fan\u201d. En ese momento la cifra de personas mayores de 15 a\u00f1os que no sab\u00edan leer ni escribir era de 517 mil 798.<\/p>\n\n\n\n<p>Apenas hace tres meses, durante su comparecencia para hacer la glosa del \u00faltimo informe de gobierno de Cuitl\u00e1huac Garc\u00eda, el secretario de Educaci\u00f3n, V\u00edctor Vargas Barrientos informaba que en un a\u00f1o (de 2023 a 2024) Veracruz hab\u00eda reducido sus cifras de analfabetismo, al pasar de 8.5% a 7.8%, lo que representaba que 18 mil 919 veracruzanos adquirieran habilidades de lectoescritura.<\/p>\n\n\n\n<p>Olvid\u00f3 decir, sin embargo, que para 2020 el porcentaje de analfabetismo a nivel nacional era de 4.7 por ciento.<\/p>\n\n\n\n<p>Este lunes la gobernadora de Veracruz, Roc\u00edo Nahle, extern\u00f3 su preocupaci\u00f3n por el rezago que padece la entidad en materia educativa: \u201cTenemos escuelas donde no hay maestros y somos el n\u00famero uno en analfabetismo\u201d, dijo.<\/p>\n\n\n\n<p>En el 2020 el INEGI ubicaba a Veracruz en la primera posici\u00f3n entre las entidades con mayor n\u00famero de pobladores que no sab\u00edan leer ni escribir, con 517 mil 798. Le segu\u00eda Chiapas, con 512 mil 720 y el tercero era el Estado de M\u00e9xico, con 372 mil 454 personas en esa condici\u00f3n.<\/p>\n\n\n\n<p>Pasaron seis a\u00f1os y Veracruz no logr\u00f3 salir de ese vergonzoso primer lugar, pero al responsable de la educaci\u00f3n en la entidad se le premi\u00f3 con una curul en el Congreso federal, y al gobernador se le \u201cblind\u00f3\u201d con un cargo menor en la Secretar\u00eda de Energ\u00eda.<\/p>\n\n\n\n<p>\u00bfY eso de \u201cno mentir, no robar y no traicionar al pueblo?<\/p>\n\n\n\n<p><strong>* * *<\/strong><\/p>\n\n\n\n<p><strong>Ep\u00edlogo.<\/strong><\/p>\n\n\n\n<p>Ya se ha dicho hasta la saciedad: los verdaderos enemigos de Morena est\u00e1n adentro. *** Ha trascendido que hay una intensa campa\u00f1a en el gobierno de Veracruz para desacreditar el desempe\u00f1o de la actual titular de la Secretar\u00eda de educaci\u00f3n (SEV). *** Para nadie es un secreto que esa es la dependencia que absorbe el mayor presupuesto del gobierno estatal y que en sus oficinas se realizan turbios negocios con jugosas ganancias. *** Venta de plazas, cobro por cambios de adscripci\u00f3n, \u201cmoches\u201d para asignar claves de descuento en la n\u00f3mina y una intrincada red de corrupci\u00f3n que involucra lo mismo a funcionarios de la SEV, que a dirigentes sindicales. *** De todo eso fue informada la hoy gobernadora (en este mismo espacio presentamos un resumen de la carpeta que se le hizo llegar) y al pretender corregir esos vicios, est\u00e1 encontrando resistencias. *** Pronto veremos cu\u00e1l es el costo de sanear al sector educativo.<\/p>\n\n\n\n<p><a href=\"mailto:filivargas@gmail.com\">filivargas@gmail.com<\/a><\/p>\n\n\n\n<hr class=\"wp-block-separator has-alpha-channel-opacity\"\/>\n\n\n\n<p class=\"has-text-align-center\" style=\"font-size:17px\"><strong><i>Toda la informaci\u00f3n que necesitas saber la encuentras en nuestras <\/i><strong style=\"\"><em style=\"font-style: italic;\">redes sociales y canal de <\/em><\/strong><\/strong><a href=\"https:\/\/t.me\/informantemx\" target=\"_blank\" rel=\"noreferrer noopener\"><strong><em>Telegram<\/em><\/strong><\/a>. <\/p>\n\n\n\n<p class=\"has-text-align-center\" style=\"font-size:17px\"><strong><em>!\u00danete!<\/em><\/strong><\/p>\n\n\n\n<div class=\"wp-block-uagb-image aligncenter uagb-block-3acd28e8 wp-block-uagb-image--layout-default wp-block-uagb-image--effect-zoomin wp-block-uagb-image--align-center\"><figure class=\"wp-block-uagb-image__figure\"><a class=\"\" href=\"https:\/\/t.me\/informantemx\" target=\"\" rel=\"noopener\"><img decoding=\"async\" srcset=\"https:\/\/informante.mx\/wp-content\/uploads\/2023\/08\/Banner-Telegram-Verde-800x60-1.png ,https:\/\/informante.mx\/wp-content\/uploads\/2023\/08\/Banner-Telegram-Verde-800x60-1.png 780w, https:\/\/informante.mx\/wp-content\/uploads\/2023\/08\/Banner-Telegram-Verde-800x60-1.png 360w\" sizes=\"auto, (max-width: 480px) 150px\" src=\"https:\/\/informante.mx\/wp-content\/uploads\/2023\/08\/Banner-Telegram-Verde-800x60-1.png\" alt=\"\" class=\"uag-image-23275\" width=\"800\" height=\"60\" title=\"\" loading=\"lazy\" role=\"img\"\/><\/a><\/figure><\/div>\n\n\n\n<div class=\"wp-block-uagb-image aligncenter uagb-block-45ea2b31 wp-block-uagb-image--layout-default wp-block-uagb-image--effect-zoomin wp-block-uagb-image--align-center\"><figure class=\"wp-block-uagb-image__figure\"><a class=\"\" href=\"https:\/\/www.facebook.com\/MX.Informante\" target=\"\" rel=\"noopener\"><img decoding=\"async\" srcset=\"https:\/\/informante.mx\/wp-content\/uploads\/2023\/08\/Banner-Facebook-Verde-800x60-1.png ,https:\/\/informante.mx\/wp-content\/uploads\/2023\/08\/Banner-Facebook-Verde-800x60-1.png 780w, https:\/\/informante.mx\/wp-content\/uploads\/2023\/08\/Banner-Facebook-Verde-800x60-1.png 360w\" sizes=\"auto, (max-width: 480px) 150px\" src=\"https:\/\/informante.mx\/wp-content\/uploads\/2023\/08\/Banner-Facebook-Verde-800x60-1.png\" alt=\"\" class=\"uag-image-23274\" width=\"800\" height=\"60\" title=\"\" loading=\"lazy\" role=\"img\"\/><\/a><\/figure><\/div>\n\n\n\n<div class=\"wp-block-uagb-image aligncenter uagb-block-2ce4c51b wp-block-uagb-image--layout-default wp-block-uagb-image--effect-zoomin wp-block-uagb-image--align-center\"><figure class=\"wp-block-uagb-image__figure\"><a class=\"\" href=\"https:\/\/twitter.com\/mx_informante\" target=\"\" rel=\"noopener\"><img decoding=\"async\" srcset=\"https:\/\/informante.mx\/wp-content\/uploads\/2023\/08\/Banner-Twitter-Verde-800x60-1.png ,https:\/\/informante.mx\/wp-content\/uploads\/2023\/08\/Banner-Twitter-Verde-800x60-1.png 780w, https:\/\/informante.mx\/wp-content\/uploads\/2023\/08\/Banner-Twitter-Verde-800x60-1.png 360w\" sizes=\"auto, (max-width: 480px) 150px\" src=\"https:\/\/informante.mx\/wp-content\/uploads\/2023\/08\/Banner-Twitter-Verde-800x60-1.png\" alt=\"\" class=\"uag-image-23273\" width=\"800\" height=\"60\" title=\"\" loading=\"lazy\" role=\"img\"\/><\/a><\/figure><\/div>\n\n\n\n<div style=\"height:50px\" aria-hidden=\"true\" class=\"wp-block-spacer\"><\/div>\n","protected":false},"excerpt":{"rendered":"<p>Filiberto Vargas Rodr\u00edguez<\/p>\n","protected":false},"author":1,"featured_media":0,"comment_status":"open","ping_status":"closed","sticky":false,"template":"","format":"standard","meta":{"_uag_custom_page_level_css":"","jetpack_post_was_ever_published":false,"footnotes":""},"categories":[13,100],"tags":[],"class_list":["post-45824","post","type-post","status-publish","format-standard","hentry","category-columnas","category-punto-de-vista"],"yoast_head":"<!-- This site is optimized with the Yoast SEO plugin v27.3 - https:\/\/yoast.com\/product\/yoast-seo-wordpress\/ -->\n<title>Punto de Vista | Crisis en Educaci\u00f3n - Informante.mx<\/title>\n<meta name=\"robots\" content=\"index, follow, max-snippet:-1, max-image-preview:large, max-video-preview:-1\" \/>\n<link rel=\"canonical\" href=\"https:\/\/informante.mx\/?p=45824\" \/>\n<meta property=\"og:locale\" content=\"es_ES\" \/>\n<meta property=\"og:type\" content=\"article\" \/>\n<meta property=\"og:title\" content=\"Punto de Vista | Crisis en Educaci\u00f3n - Informante.mx\" \/>\n<meta property=\"og:description\" content=\"Filiberto Vargas Rodr\u00edguez\" \/>\n<meta property=\"og:url\" content=\"https:\/\/informante.mx\/?p=45824\" \/>\n<meta property=\"og:site_name\" content=\"Informante.mx\" \/>\n<meta property=\"article:publisher\" content=\"https:\/\/www.facebook.com\/MX.Informante\" \/>\n<meta property=\"article:published_time\" content=\"2025-02-26T03:46:44+00:00\" \/>\n<meta property=\"article:modified_time\" content=\"2025-02-26T03:46:52+00:00\" \/>\n<meta property=\"og:image\" content=\"https:\/\/informante.mx\/wp-content\/uploads\/2025\/02\/Cuitlahuac-educacion-ok.jpg\" \/>\n\t<meta property=\"og:image:width\" content=\"713\" \/>\n\t<meta property=\"og:image:height\" content=\"419\" \/>\n\t<meta property=\"og:image:type\" content=\"image\/jpeg\" \/>\n<meta name=\"author\" content=\"InformanteMX\" \/>\n<meta name=\"twitter:card\" content=\"summary_large_image\" \/>\n<meta name=\"twitter:creator\" content=\"@mx_informante\" \/>\n<meta name=\"twitter:site\" content=\"@mx_informante\" \/>\n<meta name=\"twitter:label1\" content=\"Escrito por\" \/>\n\t<meta name=\"twitter:data1\" content=\"InformanteMX\" \/>\n\t<meta name=\"twitter:label2\" content=\"Tiempo de lectura\" \/>\n\t<meta name=\"twitter:data2\" content=\"5 minutos\" \/>\n<script type=\"application\/ld+json\" class=\"yoast-schema-graph\">{\"@context\":\"https:\\\/\\\/schema.org\",\"@graph\":[{\"@type\":\"NewsArticle\",\"@id\":\"https:\\\/\\\/informante.mx\\\/?p=45824#article\",\"isPartOf\":{\"@id\":\"https:\\\/\\\/informante.mx\\\/?p=45824\"},\"author\":{\"name\":\"InformanteMX\",\"@id\":\"https:\\\/\\\/informante.mx\\\/#\\\/schema\\\/person\\\/3eff91989d2ea76b0a330b416325946c\"},\"headline\":\"Punto de Vista | Crisis en Educaci\u00f3n\",\"datePublished\":\"2025-02-26T03:46:44+00:00\",\"dateModified\":\"2025-02-26T03:46:52+00:00\",\"mainEntityOfPage\":{\"@id\":\"https:\\\/\\\/informante.mx\\\/?p=45824\"},\"wordCount\":969,\"commentCount\":0,\"publisher\":{\"@id\":\"https:\\\/\\\/informante.mx\\\/#organization\"},\"articleSection\":[\"Columnas\",\"Punto de Vista\"],\"inLanguage\":\"es\",\"potentialAction\":[{\"@type\":\"CommentAction\",\"name\":\"Comment\",\"target\":[\"https:\\\/\\\/informante.mx\\\/?p=45824#respond\"]}]},{\"@type\":\"WebPage\",\"@id\":\"https:\\\/\\\/informante.mx\\\/?p=45824\",\"url\":\"https:\\\/\\\/informante.mx\\\/?p=45824\",\"name\":\"Punto de Vista | Crisis en Educaci\u00f3n - Informante.mx\",\"isPartOf\":{\"@id\":\"https:\\\/\\\/informante.mx\\\/#website\"},\"datePublished\":\"2025-02-26T03:46:44+00:00\",\"dateModified\":\"2025-02-26T03:46:52+00:00\",\"breadcrumb\":{\"@id\":\"https:\\\/\\\/informante.mx\\\/?p=45824#breadcrumb\"},\"inLanguage\":\"es\",\"potentialAction\":[{\"@type\":\"ReadAction\",\"target\":[\"https:\\\/\\\/informante.mx\\\/?p=45824\"]}]},{\"@type\":\"BreadcrumbList\",\"@id\":\"https:\\\/\\\/informante.mx\\\/?p=45824#breadcrumb\",\"itemListElement\":[{\"@type\":\"ListItem\",\"position\":1,\"name\":\"Portada\",\"item\":\"https:\\\/\\\/informante.mx\\\/\"},{\"@type\":\"ListItem\",\"position\":2,\"name\":\"Punto de Vista | Crisis en Educaci\u00f3n\"}]},{\"@type\":\"WebSite\",\"@id\":\"https:\\\/\\\/informante.mx\\\/#website\",\"url\":\"https:\\\/\\\/informante.mx\\\/\",\"name\":\"Informante.mx\",\"description\":\"\",\"publisher\":{\"@id\":\"https:\\\/\\\/informante.mx\\\/#organization\"},\"potentialAction\":[{\"@type\":\"SearchAction\",\"target\":{\"@type\":\"EntryPoint\",\"urlTemplate\":\"https:\\\/\\\/informante.mx\\\/?s={search_term_string}\"},\"query-input\":{\"@type\":\"PropertyValueSpecification\",\"valueRequired\":true,\"valueName\":\"search_term_string\"}}],\"inLanguage\":\"es\"},{\"@type\":\"Organization\",\"@id\":\"https:\\\/\\\/informante.mx\\\/#organization\",\"name\":\"Informante.mx\",\"url\":\"https:\\\/\\\/informante.mx\\\/\",\"logo\":{\"@type\":\"ImageObject\",\"inLanguage\":\"es\",\"@id\":\"https:\\\/\\\/informante.mx\\\/#\\\/schema\\\/logo\\\/image\\\/\",\"url\":\"https:\\\/\\\/informante.mx\\\/wp-content\\\/uploads\\\/2019\\\/12\\\/cropped-LOGO-Verde-Apaisado-1024x360O-1.png\",\"contentUrl\":\"https:\\\/\\\/informante.mx\\\/wp-content\\\/uploads\\\/2019\\\/12\\\/cropped-LOGO-Verde-Apaisado-1024x360O-1.png\",\"width\":923,\"height\":180,\"caption\":\"Informante.mx\"},\"image\":{\"@id\":\"https:\\\/\\\/informante.mx\\\/#\\\/schema\\\/logo\\\/image\\\/\"},\"sameAs\":[\"https:\\\/\\\/www.facebook.com\\\/MX.Informante\",\"https:\\\/\\\/x.com\\\/mx_informante\"]},{\"@type\":\"Person\",\"@id\":\"https:\\\/\\\/informante.mx\\\/#\\\/schema\\\/person\\\/3eff91989d2ea76b0a330b416325946c\",\"name\":\"InformanteMX\",\"image\":{\"@type\":\"ImageObject\",\"inLanguage\":\"es\",\"@id\":\"https:\\\/\\\/secure.gravatar.com\\\/avatar\\\/10d802aa739e832aedd2f3fd8544d878871eb22e6ca86fe9a548573e34a28f0e?s=96&d=mm&r=g\",\"url\":\"https:\\\/\\\/secure.gravatar.com\\\/avatar\\\/10d802aa739e832aedd2f3fd8544d878871eb22e6ca86fe9a548573e34a28f0e?s=96&d=mm&r=g\",\"contentUrl\":\"https:\\\/\\\/secure.gravatar.com\\\/avatar\\\/10d802aa739e832aedd2f3fd8544d878871eb22e6ca86fe9a548573e34a28f0e?s=96&d=mm&r=g\",\"caption\":\"InformanteMX\"},\"url\":\"https:\\\/\\\/informante.mx\\\/?author=1\"}]}<\/script>\n<!-- \/ Yoast SEO plugin. -->","yoast_head_json":{"title":"Punto de Vista | Crisis en Educaci\u00f3n - Informante.mx","robots":{"index":"index","follow":"follow","max-snippet":"max-snippet:-1","max-image-preview":"max-image-preview:large","max-video-preview":"max-video-preview:-1"},"canonical":"https:\/\/informante.mx\/?p=45824","og_locale":"es_ES","og_type":"article","og_title":"Punto de Vista | Crisis en Educaci\u00f3n - Informante.mx","og_description":"Filiberto Vargas Rodr\u00edguez","og_url":"https:\/\/informante.mx\/?p=45824","og_site_name":"Informante.mx","article_publisher":"https:\/\/www.facebook.com\/MX.Informante","article_published_time":"2025-02-26T03:46:44+00:00","article_modified_time":"2025-02-26T03:46:52+00:00","og_image":[{"width":713,"height":419,"url":"https:\/\/informante.mx\/wp-content\/uploads\/2025\/02\/Cuitlahuac-educacion-ok.jpg","type":"image\/jpeg"}],"author":"InformanteMX","twitter_card":"summary_large_image","twitter_creator":"@mx_informante","twitter_site":"@mx_informante","twitter_misc":{"Escrito por":"InformanteMX","Tiempo de lectura":"5 minutos"},"schema":{"@context":"https:\/\/schema.org","@graph":[{"@type":"NewsArticle","@id":"https:\/\/informante.mx\/?p=45824#article","isPartOf":{"@id":"https:\/\/informante.mx\/?p=45824"},"author":{"name":"InformanteMX","@id":"https:\/\/informante.mx\/#\/schema\/person\/3eff91989d2ea76b0a330b416325946c"},"headline":"Punto de Vista | Crisis en Educaci\u00f3n","datePublished":"2025-02-26T03:46:44+00:00","dateModified":"2025-02-26T03:46:52+00:00","mainEntityOfPage":{"@id":"https:\/\/informante.mx\/?p=45824"},"wordCount":969,"commentCount":0,"publisher":{"@id":"https:\/\/informante.mx\/#organization"},"articleSection":["Columnas","Punto de Vista"],"inLanguage":"es","potentialAction":[{"@type":"CommentAction","name":"Comment","target":["https:\/\/informante.mx\/?p=45824#respond"]}]},{"@type":"WebPage","@id":"https:\/\/informante.mx\/?p=45824","url":"https:\/\/informante.mx\/?p=45824","name":"Punto de Vista | Crisis en Educaci\u00f3n - Informante.mx","isPartOf":{"@id":"https:\/\/informante.mx\/#website"},"datePublished":"2025-02-26T03:46:44+00:00","dateModified":"2025-02-26T03:46:52+00:00","breadcrumb":{"@id":"https:\/\/informante.mx\/?p=45824#breadcrumb"},"inLanguage":"es","potentialAction":[{"@type":"ReadAction","target":["https:\/\/informante.mx\/?p=45824"]}]},{"@type":"BreadcrumbList","@id":"https:\/\/informante.mx\/?p=45824#breadcrumb","itemListElement":[{"@type":"ListItem","position":1,"name":"Portada","item":"https:\/\/informante.mx\/"},{"@type":"ListItem","position":2,"name":"Punto de Vista | Crisis en Educaci\u00f3n"}]},{"@type":"WebSite","@id":"https:\/\/informante.mx\/#website","url":"https:\/\/informante.mx\/","name":"Informante.mx","description":"","publisher":{"@id":"https:\/\/informante.mx\/#organization"},"potentialAction":[{"@type":"SearchAction","target":{"@type":"EntryPoint","urlTemplate":"https:\/\/informante.mx\/?s={search_term_string}"},"query-input":{"@type":"PropertyValueSpecification","valueRequired":true,"valueName":"search_term_string"}}],"inLanguage":"es"},{"@type":"Organization","@id":"https:\/\/informante.mx\/#organization","name":"Informante.mx","url":"https:\/\/informante.mx\/","logo":{"@type":"ImageObject","inLanguage":"es","@id":"https:\/\/informante.mx\/#\/schema\/logo\/image\/","url":"https:\/\/informante.mx\/wp-content\/uploads\/2019\/12\/cropped-LOGO-Verde-Apaisado-1024x360O-1.png","contentUrl":"https:\/\/informante.mx\/wp-content\/uploads\/2019\/12\/cropped-LOGO-Verde-Apaisado-1024x360O-1.png","width":923,"height":180,"caption":"Informante.mx"},"image":{"@id":"https:\/\/informante.mx\/#\/schema\/logo\/image\/"},"sameAs":["https:\/\/www.facebook.com\/MX.Informante","https:\/\/x.com\/mx_informante"]},{"@type":"Person","@id":"https:\/\/informante.mx\/#\/schema\/person\/3eff91989d2ea76b0a330b416325946c","name":"InformanteMX","image":{"@type":"ImageObject","inLanguage":"es","@id":"https:\/\/secure.gravatar.com\/avatar\/10d802aa739e832aedd2f3fd8544d878871eb22e6ca86fe9a548573e34a28f0e?s=96&d=mm&r=g","url":"https:\/\/secure.gravatar.com\/avatar\/10d802aa739e832aedd2f3fd8544d878871eb22e6ca86fe9a548573e34a28f0e?s=96&d=mm&r=g","contentUrl":"https:\/\/secure.gravatar.com\/avatar\/10d802aa739e832aedd2f3fd8544d878871eb22e6ca86fe9a548573e34a28f0e?s=96&d=mm&r=g","caption":"InformanteMX"},"url":"https:\/\/informante.mx\/?author=1"}]}},"jetpack_featured_media_url":"","uagb_featured_image_src":{"full":false,"thumbnail":false,"medium":false,"medium_large":false,"large":false,"1536x1536":false,"2048x2048":false,"td_0x420":false,"td_0x420_retina":false,"td_80x60":false,"td_80x60_retina":false,"td_100x75":false,"td_100x75_retina":false,"td_180x135":false,"td_180x135_retina":false,"td_238x178":false,"td_238x178_retina":false,"td_265x198":false,"td_265x198_retina":false,"td_300x160":false,"td_300x160_retina":false,"td_300x194":false,"td_300x194_retina":false,"td_300x350":false,"td_300x350_retina":false,"td_341x220":false,"td_341x220_retina":false,"td_341x400":false,"td_341x400_retina":false,"td_511x400":false,"td_511x400_retina":false,"td_537x360":false,"td_537x360_retina":false,"td_640x0":false,"td_640x0_retina":false,"td_640x350":false,"td_640x350_retina":false,"td_681x0":false,"td_681x0_retina":false,"td_681x400":false,"td_681x400_retina":false,"td_741x486":false,"td_741x486_retina":false,"td_1021x580":false,"td_1021x580_retina":false},"uagb_author_info":{"display_name":"InformanteMX","author_link":"https:\/\/informante.mx\/?author=1"},"uagb_comment_info":0,"uagb_excerpt":"Filiberto Vargas Rodr\u00edguez","_links":{"self":[{"href":"https:\/\/informante.mx\/index.php?rest_route=\/wp\/v2\/posts\/45824","targetHints":{"allow":["GET"]}}],"collection":[{"href":"https:\/\/informante.mx\/index.php?rest_route=\/wp\/v2\/posts"}],"about":[{"href":"https:\/\/informante.mx\/index.php?rest_route=\/wp\/v2\/types\/post"}],"author":[{"embeddable":true,"href":"https:\/\/informante.mx\/index.php?rest_route=\/wp\/v2\/users\/1"}],"replies":[{"embeddable":true,"href":"https:\/\/informante.mx\/index.php?rest_route=%2Fwp%2Fv2%2Fcomments&post=45824"}],"version-history":[{"count":1,"href":"https:\/\/informante.mx\/index.php?rest_route=\/wp\/v2\/posts\/45824\/revisions"}],"predecessor-version":[{"id":45826,"href":"https:\/\/informante.mx\/index.php?rest_route=\/wp\/v2\/posts\/45824\/revisions\/45826"}],"wp:attachment":[{"href":"https:\/\/informante.mx\/index.php?rest_route=%2Fwp%2Fv2%2Fmedia&parent=45824"}],"wp:term":[{"taxonomy":"category","embeddable":true,"href":"https:\/\/informante.mx\/index.php?rest_route=%2Fwp%2Fv2%2Fcategories&post=45824"},{"taxonomy":"post_tag","embeddable":true,"href":"https:\/\/informante.mx\/index.php?rest_route=%2Fwp%2Fv2%2Ftags&post=45824"}],"curies":[{"name":"wp","href":"https:\/\/api.w.org\/{rel}","templated":true}]}}