{"id":43548,"date":"2024-12-20T10:38:18","date_gmt":"2024-12-20T16:38:18","guid":{"rendered":"https:\/\/informante.mx\/?p=43548"},"modified":"2024-12-20T12:46:38","modified_gmt":"2024-12-20T18:46:38","slug":"mexico-impone-un-arancel-de-35-a-mercancias-confeccionadas-para-proteger-la-industria-textil-nacional","status":"publish","type":"post","link":"https:\/\/informante.mx\/?p=43548","title":{"rendered":"M\u00e9xico impone un arancel de 35% a mercanc\u00edas confeccionadas para proteger la industria textil nacional"},"content":{"rendered":"\n<h2 class=\"wp-block-heading\">\u2022\u00a0El secretario de Econom\u00eda, Marcelo Ebrard, ha explicado que la medida que tiene como objetivo terminar con los abusos de las empresas que generan competencia desleal en el mercado textil dejando en desventaja al comercio nacional<\/h2>\n\n\n\n<p><strong>Redacci\u00f3n Informante<\/strong><\/p>\n\n\n\n<p>El Gobierno de Claudia Sheinbaum ha puesto el pie a la competencia desleal en la industria textil. La mandataria y\u00a0el secretario de Econom\u00eda, Marcelo Ebrard, han anunciado este jueves la imposici\u00f3n temporal de un arancel del 35% a la importaci\u00f3n de mercanc\u00edas textiles, exceptuando aquellos mercados con los que M\u00e9xico tiene tratado de libre comercio. El decreto tiene como objetivo proteger los productos nacionales y ha sido suscrito este jueves durante la conferencia matutina desde Palacio Nacional. La medida, que entra en vigor este mismo jueves,\u00a0ampl\u00eda los candados a empresas como Shein y Temu.<\/p>\n\n\n\n<p>El encargado de la pol\u00edtica econ\u00f3mica mexicana ha hecho una amplia explicaci\u00f3n de los alcances que tendr\u00e1 la medida que significa el incremento temporal al 35% del arancel a 138 fracciones de las mercanc\u00edas confeccionadas, as\u00ed como el 15% a la importaci\u00f3n de mercanc\u00edas textiles, dejando fuera de la ecuaci\u00f3n a los mercados con los que se tiene un acuerdo comercial. La decisi\u00f3n aumenta la lista de productos que no se pueden importar mediante el Programa de la Industria Manufacturera, Maquiladora y de Servicios de Exportaci\u00f3n. Dentro de las sanciones en que pudieran incurrir las empresas est\u00e1 el retiro de las patentes, esto con el fin de frenar la pirater\u00eda, aunque el secretario Ebrard ha dejado la puerta abierta a otro tipo de penalizaci\u00f3n dependiendo del an\u00e1lisis de casos espec\u00edficos.<\/p>\n\n\n\n<p>La decisi\u00f3n ha llegado en medio de las amenazas arancelarias del presidente electo de Estados Unidos, Donald Trump a M\u00e9xico, por el intercambio comercial con China. Adem\u00e1s se suma a un pu\u00f1ado de acciones implementadas por el secretario de Econom\u00eda en las \u00faltimas semanas para golpear el coraz\u00f3n al comercio chino en Ciudad de M\u00e9xico. Con una serie de operativos han resultado en el cierre de grandes plazas comerciales de distribuci\u00f3n de manufactura procedente de China, entre ellas Plaza Mart.<\/p>\n\n\n\n<p>El foco del decreto se ha centrado en terminar con las malas pr\u00e1cticas de empresas\u00a0que con enga\u00f1os importan manufactura no terminada (intermedia), que en teor\u00eda deber\u00eda retornar por lo menos el 80% al pa\u00eds de origen, pero que en los hechos el 48% se venden en el mercado nacional como productos terminados sin pagar impuestos, lo que los hace m\u00e1s baratos que los de empresas mexicanas y las pone en desventaja. \u201cQuiere decir que yo puedo vender en el mercado un producto terminado sin pagar IVA, sin pagar impuesto sobre la renta, aranceles y entonces mi producto es m\u00e1s barato que el de una empresa mexicana establecida\u201d, expuso el secretario.<\/p>\n\n\n\n<p>Con la nueva imposici\u00f3n arancelaria se fomenta el desarrollo de la industria nacional, se promueve condiciones justas de mercado y se privilegia el comercio con mercados con los que M\u00e9xico mantiene acuerdos comerciales, dijo el secretario de Estado mexicano. \u201cVamos a fomentar el desarrollo de nuestra industria nacional porque un objetivo estrat\u00e9gico de la prosperidad compartida es aumentar el contenido nacional de todo lo que consumimos. Entre m\u00e1s contenido mexicano tenga, m\u00e1s empleos habr\u00e1 en M\u00e9xico. Promover condiciones justas de mercado porque no se vale que nos enga\u00f1en\u201d, remat\u00f3 Ebrard.<\/p>\n\n\n\n<hr class=\"wp-block-separator has-alpha-channel-opacity\"\/>\n\n\n\n<p class=\"has-text-align-center\" style=\"font-size:17px\"><strong><i>Toda la informaci\u00f3n que necesitas saber la encuentras en nuestras <\/i><strong style=\"\"><em style=\"font-style: italic;\">redes sociales y canal de <\/em><\/strong><\/strong><a href=\"https:\/\/t.me\/informantemx\" target=\"_blank\" rel=\"noreferrer noopener\"><strong><em>Telegram<\/em><\/strong><\/a>. <\/p>\n\n\n\n<p class=\"has-text-align-center\" style=\"font-size:17px\"><strong><em>!\u00danete!<\/em><\/strong><\/p>\n\n\n\n<div class=\"wp-block-uagb-image aligncenter uagb-block-3acd28e8 wp-block-uagb-image--layout-default wp-block-uagb-image--effect-zoomin wp-block-uagb-image--align-center\"><figure class=\"wp-block-uagb-image__figure\"><a class=\"\" href=\"https:\/\/t.me\/informantemx\" target=\"\" rel=\"noopener\"><img decoding=\"async\" srcset=\"https:\/\/informante.mx\/wp-content\/uploads\/2023\/08\/Banner-Telegram-Verde-800x60-1.png ,https:\/\/informante.mx\/wp-content\/uploads\/2023\/08\/Banner-Telegram-Verde-800x60-1.png 780w, https:\/\/informante.mx\/wp-content\/uploads\/2023\/08\/Banner-Telegram-Verde-800x60-1.png 360w\" sizes=\"auto, (max-width: 480px) 150px\" src=\"https:\/\/informante.mx\/wp-content\/uploads\/2023\/08\/Banner-Telegram-Verde-800x60-1.png\" alt=\"\" class=\"uag-image-23275\" width=\"800\" height=\"60\" title=\"\" loading=\"lazy\" role=\"img\"\/><\/a><\/figure><\/div>\n\n\n\n<div class=\"wp-block-uagb-image aligncenter uagb-block-45ea2b31 wp-block-uagb-image--layout-default wp-block-uagb-image--effect-zoomin wp-block-uagb-image--align-center\"><figure class=\"wp-block-uagb-image__figure\"><a class=\"\" href=\"https:\/\/www.facebook.com\/MX.Informante\" target=\"\" rel=\"noopener\"><img decoding=\"async\" srcset=\"https:\/\/informante.mx\/wp-content\/uploads\/2023\/08\/Banner-Facebook-Verde-800x60-1.png ,https:\/\/informante.mx\/wp-content\/uploads\/2023\/08\/Banner-Facebook-Verde-800x60-1.png 780w, https:\/\/informante.mx\/wp-content\/uploads\/2023\/08\/Banner-Facebook-Verde-800x60-1.png 360w\" sizes=\"auto, (max-width: 480px) 150px\" src=\"https:\/\/informante.mx\/wp-content\/uploads\/2023\/08\/Banner-Facebook-Verde-800x60-1.png\" alt=\"\" class=\"uag-image-23274\" width=\"800\" height=\"60\" title=\"\" loading=\"lazy\" role=\"img\"\/><\/a><\/figure><\/div>\n\n\n\n<div class=\"wp-block-uagb-image aligncenter uagb-block-2ce4c51b wp-block-uagb-image--layout-default wp-block-uagb-image--effect-zoomin wp-block-uagb-image--align-center\"><figure class=\"wp-block-uagb-image__figure\"><a class=\"\" href=\"https:\/\/twitter.com\/mx_informante\" target=\"\" rel=\"noopener\"><img decoding=\"async\" srcset=\"https:\/\/informante.mx\/wp-content\/uploads\/2023\/08\/Banner-Twitter-Verde-800x60-1.png ,https:\/\/informante.mx\/wp-content\/uploads\/2023\/08\/Banner-Twitter-Verde-800x60-1.png 780w, https:\/\/informante.mx\/wp-content\/uploads\/2023\/08\/Banner-Twitter-Verde-800x60-1.png 360w\" sizes=\"auto, (max-width: 480px) 150px\" src=\"https:\/\/informante.mx\/wp-content\/uploads\/2023\/08\/Banner-Twitter-Verde-800x60-1.png\" alt=\"\" class=\"uag-image-23273\" width=\"800\" height=\"60\" title=\"\" loading=\"lazy\" role=\"img\"\/><\/a><\/figure><\/div>\n\n\n\n<div style=\"height:50px\" aria-hidden=\"true\" class=\"wp-block-spacer\"><\/div>\n","protected":false},"excerpt":{"rendered":"<p>Marcelo Ebrard, ha explicado que la medida que tiene como objetivo terminar con los abusos de las empresas que generan competencia desleal en el mercado textil.<\/p>\n","protected":false},"author":1,"featured_media":43549,"comment_status":"open","ping_status":"closed","sticky":false,"template":"","format":"standard","meta":{"_uag_custom_page_level_css":"","jetpack_post_was_ever_published":false,"footnotes":""},"categories":[16,9],"tags":[31],"class_list":["post-43548","post","type-post","status-publish","format-standard","has-post-thumbnail","hentry","category-enterate","category-nacional","tag-nacional"],"yoast_head":"<!-- This site is optimized with the Yoast SEO plugin v27.3 - https:\/\/yoast.com\/product\/yoast-seo-wordpress\/ -->\n<title>M\u00e9xico impone un arancel de 35% a mercanc\u00edas confeccionadas para proteger la industria textil nacional - Informante.mx<\/title>\n<meta name=\"robots\" content=\"index, follow, max-snippet:-1, max-image-preview:large, max-video-preview:-1\" \/>\n<link rel=\"canonical\" href=\"https:\/\/informante.mx\/?p=43548\" \/>\n<meta property=\"og:locale\" content=\"es_ES\" \/>\n<meta property=\"og:type\" content=\"article\" \/>\n<meta property=\"og:title\" content=\"M\u00e9xico impone un arancel de 35% a mercanc\u00edas confeccionadas para proteger la industria textil nacional - Informante.mx\" \/>\n<meta property=\"og:description\" content=\"Marcelo Ebrard, ha explicado que la medida que tiene como objetivo terminar con los abusos de las empresas que generan competencia desleal en el mercado textil.\" \/>\n<meta property=\"og:url\" content=\"https:\/\/informante.mx\/?p=43548\" \/>\n<meta property=\"og:site_name\" content=\"Informante.mx\" \/>\n<meta property=\"article:publisher\" content=\"https:\/\/www.facebook.com\/MX.Informante\" \/>\n<meta property=\"article:published_time\" content=\"2024-12-20T16:38:18+00:00\" \/>\n<meta property=\"article:modified_time\" content=\"2024-12-20T18:46:38+00:00\" \/>\n<meta property=\"og:image\" content=\"https:\/\/informante.mx\/wp-content\/uploads\/2024\/12\/Trabajo-Mujeres-trabajando.jpg\" \/>\n\t<meta property=\"og:image:width\" content=\"1200\" \/>\n\t<meta property=\"og:image:height\" content=\"700\" \/>\n\t<meta property=\"og:image:type\" content=\"image\/jpeg\" \/>\n<meta name=\"author\" content=\"InformanteMX\" \/>\n<meta name=\"twitter:card\" content=\"summary_large_image\" \/>\n<meta name=\"twitter:creator\" content=\"@mx_informante\" \/>\n<meta name=\"twitter:site\" content=\"@mx_informante\" \/>\n<meta name=\"twitter:label1\" content=\"Escrito por\" \/>\n\t<meta name=\"twitter:data1\" content=\"InformanteMX\" \/>\n\t<meta name=\"twitter:label2\" content=\"Tiempo de lectura\" \/>\n\t<meta name=\"twitter:data2\" content=\"3 minutos\" \/>\n<script type=\"application\/ld+json\" class=\"yoast-schema-graph\">{\"@context\":\"https:\\\/\\\/schema.org\",\"@graph\":[{\"@type\":\"NewsArticle\",\"@id\":\"https:\\\/\\\/informante.mx\\\/?p=43548#article\",\"isPartOf\":{\"@id\":\"https:\\\/\\\/informante.mx\\\/?p=43548\"},\"author\":{\"name\":\"InformanteMX\",\"@id\":\"https:\\\/\\\/informante.mx\\\/#\\\/schema\\\/person\\\/3eff91989d2ea76b0a330b416325946c\"},\"headline\":\"M\u00e9xico impone un arancel de 35% a mercanc\u00edas confeccionadas para proteger la industria textil nacional\",\"datePublished\":\"2024-12-20T16:38:18+00:00\",\"dateModified\":\"2024-12-20T18:46:38+00:00\",\"mainEntityOfPage\":{\"@id\":\"https:\\\/\\\/informante.mx\\\/?p=43548\"},\"wordCount\":595,\"commentCount\":0,\"publisher\":{\"@id\":\"https:\\\/\\\/informante.mx\\\/#organization\"},\"image\":{\"@id\":\"https:\\\/\\\/informante.mx\\\/?p=43548#primaryimage\"},\"thumbnailUrl\":\"https:\\\/\\\/informante.mx\\\/wp-content\\\/uploads\\\/2024\\\/12\\\/Trabajo-Mujeres-trabajando.jpg\",\"keywords\":[\"Nacional\"],\"articleSection\":[\"Ent\u00e9rate\",\"Nacional\"],\"inLanguage\":\"es\",\"potentialAction\":[{\"@type\":\"CommentAction\",\"name\":\"Comment\",\"target\":[\"https:\\\/\\\/informante.mx\\\/?p=43548#respond\"]}]},{\"@type\":\"WebPage\",\"@id\":\"https:\\\/\\\/informante.mx\\\/?p=43548\",\"url\":\"https:\\\/\\\/informante.mx\\\/?p=43548\",\"name\":\"M\u00e9xico impone un arancel de 35% a mercanc\u00edas confeccionadas para proteger la industria textil nacional - Informante.mx\",\"isPartOf\":{\"@id\":\"https:\\\/\\\/informante.mx\\\/#website\"},\"primaryImageOfPage\":{\"@id\":\"https:\\\/\\\/informante.mx\\\/?p=43548#primaryimage\"},\"image\":{\"@id\":\"https:\\\/\\\/informante.mx\\\/?p=43548#primaryimage\"},\"thumbnailUrl\":\"https:\\\/\\\/informante.mx\\\/wp-content\\\/uploads\\\/2024\\\/12\\\/Trabajo-Mujeres-trabajando.jpg\",\"datePublished\":\"2024-12-20T16:38:18+00:00\",\"dateModified\":\"2024-12-20T18:46:38+00:00\",\"breadcrumb\":{\"@id\":\"https:\\\/\\\/informante.mx\\\/?p=43548#breadcrumb\"},\"inLanguage\":\"es\",\"potentialAction\":[{\"@type\":\"ReadAction\",\"target\":[\"https:\\\/\\\/informante.mx\\\/?p=43548\"]}]},{\"@type\":\"ImageObject\",\"inLanguage\":\"es\",\"@id\":\"https:\\\/\\\/informante.mx\\\/?p=43548#primaryimage\",\"url\":\"https:\\\/\\\/informante.mx\\\/wp-content\\\/uploads\\\/2024\\\/12\\\/Trabajo-Mujeres-trabajando.jpg\",\"contentUrl\":\"https:\\\/\\\/informante.mx\\\/wp-content\\\/uploads\\\/2024\\\/12\\\/Trabajo-Mujeres-trabajando.jpg\",\"width\":1200,\"height\":700},{\"@type\":\"BreadcrumbList\",\"@id\":\"https:\\\/\\\/informante.mx\\\/?p=43548#breadcrumb\",\"itemListElement\":[{\"@type\":\"ListItem\",\"position\":1,\"name\":\"Portada\",\"item\":\"https:\\\/\\\/informante.mx\\\/\"},{\"@type\":\"ListItem\",\"position\":2,\"name\":\"M\u00e9xico impone un arancel de 35% a mercanc\u00edas confeccionadas para proteger la industria textil nacional\"}]},{\"@type\":\"WebSite\",\"@id\":\"https:\\\/\\\/informante.mx\\\/#website\",\"url\":\"https:\\\/\\\/informante.mx\\\/\",\"name\":\"Informante.mx\",\"description\":\"\",\"publisher\":{\"@id\":\"https:\\\/\\\/informante.mx\\\/#organization\"},\"potentialAction\":[{\"@type\":\"SearchAction\",\"target\":{\"@type\":\"EntryPoint\",\"urlTemplate\":\"https:\\\/\\\/informante.mx\\\/?s={search_term_string}\"},\"query-input\":{\"@type\":\"PropertyValueSpecification\",\"valueRequired\":true,\"valueName\":\"search_term_string\"}}],\"inLanguage\":\"es\"},{\"@type\":\"Organization\",\"@id\":\"https:\\\/\\\/informante.mx\\\/#organization\",\"name\":\"Informante.mx\",\"url\":\"https:\\\/\\\/informante.mx\\\/\",\"logo\":{\"@type\":\"ImageObject\",\"inLanguage\":\"es\",\"@id\":\"https:\\\/\\\/informante.mx\\\/#\\\/schema\\\/logo\\\/image\\\/\",\"url\":\"https:\\\/\\\/informante.mx\\\/wp-content\\\/uploads\\\/2019\\\/12\\\/cropped-LOGO-Verde-Apaisado-1024x360O-1.png\",\"contentUrl\":\"https:\\\/\\\/informante.mx\\\/wp-content\\\/uploads\\\/2019\\\/12\\\/cropped-LOGO-Verde-Apaisado-1024x360O-1.png\",\"width\":923,\"height\":180,\"caption\":\"Informante.mx\"},\"image\":{\"@id\":\"https:\\\/\\\/informante.mx\\\/#\\\/schema\\\/logo\\\/image\\\/\"},\"sameAs\":[\"https:\\\/\\\/www.facebook.com\\\/MX.Informante\",\"https:\\\/\\\/x.com\\\/mx_informante\"]},{\"@type\":\"Person\",\"@id\":\"https:\\\/\\\/informante.mx\\\/#\\\/schema\\\/person\\\/3eff91989d2ea76b0a330b416325946c\",\"name\":\"InformanteMX\",\"image\":{\"@type\":\"ImageObject\",\"inLanguage\":\"es\",\"@id\":\"https:\\\/\\\/secure.gravatar.com\\\/avatar\\\/10d802aa739e832aedd2f3fd8544d878871eb22e6ca86fe9a548573e34a28f0e?s=96&d=mm&r=g\",\"url\":\"https:\\\/\\\/secure.gravatar.com\\\/avatar\\\/10d802aa739e832aedd2f3fd8544d878871eb22e6ca86fe9a548573e34a28f0e?s=96&d=mm&r=g\",\"contentUrl\":\"https:\\\/\\\/secure.gravatar.com\\\/avatar\\\/10d802aa739e832aedd2f3fd8544d878871eb22e6ca86fe9a548573e34a28f0e?s=96&d=mm&r=g\",\"caption\":\"InformanteMX\"},\"url\":\"https:\\\/\\\/informante.mx\\\/?author=1\"}]}<\/script>\n<!-- \/ Yoast SEO plugin. -->","yoast_head_json":{"title":"M\u00e9xico impone un arancel de 35% a mercanc\u00edas confeccionadas para proteger la industria textil nacional - Informante.mx","robots":{"index":"index","follow":"follow","max-snippet":"max-snippet:-1","max-image-preview":"max-image-preview:large","max-video-preview":"max-video-preview:-1"},"canonical":"https:\/\/informante.mx\/?p=43548","og_locale":"es_ES","og_type":"article","og_title":"M\u00e9xico impone un arancel de 35% a mercanc\u00edas confeccionadas para proteger la industria textil nacional - Informante.mx","og_description":"Marcelo Ebrard, ha explicado que la medida que tiene como objetivo terminar con los abusos de las empresas que generan competencia desleal en el mercado textil.","og_url":"https:\/\/informante.mx\/?p=43548","og_site_name":"Informante.mx","article_publisher":"https:\/\/www.facebook.com\/MX.Informante","article_published_time":"2024-12-20T16:38:18+00:00","article_modified_time":"2024-12-20T18:46:38+00:00","og_image":[{"width":1200,"height":700,"url":"https:\/\/informante.mx\/wp-content\/uploads\/2024\/12\/Trabajo-Mujeres-trabajando.jpg","type":"image\/jpeg"}],"author":"InformanteMX","twitter_card":"summary_large_image","twitter_creator":"@mx_informante","twitter_site":"@mx_informante","twitter_misc":{"Escrito por":"InformanteMX","Tiempo de lectura":"3 minutos"},"schema":{"@context":"https:\/\/schema.org","@graph":[{"@type":"NewsArticle","@id":"https:\/\/informante.mx\/?p=43548#article","isPartOf":{"@id":"https:\/\/informante.mx\/?p=43548"},"author":{"name":"InformanteMX","@id":"https:\/\/informante.mx\/#\/schema\/person\/3eff91989d2ea76b0a330b416325946c"},"headline":"M\u00e9xico impone un arancel de 35% a mercanc\u00edas confeccionadas para proteger la industria textil nacional","datePublished":"2024-12-20T16:38:18+00:00","dateModified":"2024-12-20T18:46:38+00:00","mainEntityOfPage":{"@id":"https:\/\/informante.mx\/?p=43548"},"wordCount":595,"commentCount":0,"publisher":{"@id":"https:\/\/informante.mx\/#organization"},"image":{"@id":"https:\/\/informante.mx\/?p=43548#primaryimage"},"thumbnailUrl":"https:\/\/informante.mx\/wp-content\/uploads\/2024\/12\/Trabajo-Mujeres-trabajando.jpg","keywords":["Nacional"],"articleSection":["Ent\u00e9rate","Nacional"],"inLanguage":"es","potentialAction":[{"@type":"CommentAction","name":"Comment","target":["https:\/\/informante.mx\/?p=43548#respond"]}]},{"@type":"WebPage","@id":"https:\/\/informante.mx\/?p=43548","url":"https:\/\/informante.mx\/?p=43548","name":"M\u00e9xico impone un arancel de 35% a mercanc\u00edas confeccionadas para proteger la industria textil nacional - Informante.mx","isPartOf":{"@id":"https:\/\/informante.mx\/#website"},"primaryImageOfPage":{"@id":"https:\/\/informante.mx\/?p=43548#primaryimage"},"image":{"@id":"https:\/\/informante.mx\/?p=43548#primaryimage"},"thumbnailUrl":"https:\/\/informante.mx\/wp-content\/uploads\/2024\/12\/Trabajo-Mujeres-trabajando.jpg","datePublished":"2024-12-20T16:38:18+00:00","dateModified":"2024-12-20T18:46:38+00:00","breadcrumb":{"@id":"https:\/\/informante.mx\/?p=43548#breadcrumb"},"inLanguage":"es","potentialAction":[{"@type":"ReadAction","target":["https:\/\/informante.mx\/?p=43548"]}]},{"@type":"ImageObject","inLanguage":"es","@id":"https:\/\/informante.mx\/?p=43548#primaryimage","url":"https:\/\/informante.mx\/wp-content\/uploads\/2024\/12\/Trabajo-Mujeres-trabajando.jpg","contentUrl":"https:\/\/informante.mx\/wp-content\/uploads\/2024\/12\/Trabajo-Mujeres-trabajando.jpg","width":1200,"height":700},{"@type":"BreadcrumbList","@id":"https:\/\/informante.mx\/?p=43548#breadcrumb","itemListElement":[{"@type":"ListItem","position":1,"name":"Portada","item":"https:\/\/informante.mx\/"},{"@type":"ListItem","position":2,"name":"M\u00e9xico impone un arancel de 35% a mercanc\u00edas confeccionadas para proteger la industria textil nacional"}]},{"@type":"WebSite","@id":"https:\/\/informante.mx\/#website","url":"https:\/\/informante.mx\/","name":"Informante.mx","description":"","publisher":{"@id":"https:\/\/informante.mx\/#organization"},"potentialAction":[{"@type":"SearchAction","target":{"@type":"EntryPoint","urlTemplate":"https:\/\/informante.mx\/?s={search_term_string}"},"query-input":{"@type":"PropertyValueSpecification","valueRequired":true,"valueName":"search_term_string"}}],"inLanguage":"es"},{"@type":"Organization","@id":"https:\/\/informante.mx\/#organization","name":"Informante.mx","url":"https:\/\/informante.mx\/","logo":{"@type":"ImageObject","inLanguage":"es","@id":"https:\/\/informante.mx\/#\/schema\/logo\/image\/","url":"https:\/\/informante.mx\/wp-content\/uploads\/2019\/12\/cropped-LOGO-Verde-Apaisado-1024x360O-1.png","contentUrl":"https:\/\/informante.mx\/wp-content\/uploads\/2019\/12\/cropped-LOGO-Verde-Apaisado-1024x360O-1.png","width":923,"height":180,"caption":"Informante.mx"},"image":{"@id":"https:\/\/informante.mx\/#\/schema\/logo\/image\/"},"sameAs":["https:\/\/www.facebook.com\/MX.Informante","https:\/\/x.com\/mx_informante"]},{"@type":"Person","@id":"https:\/\/informante.mx\/#\/schema\/person\/3eff91989d2ea76b0a330b416325946c","name":"InformanteMX","image":{"@type":"ImageObject","inLanguage":"es","@id":"https:\/\/secure.gravatar.com\/avatar\/10d802aa739e832aedd2f3fd8544d878871eb22e6ca86fe9a548573e34a28f0e?s=96&d=mm&r=g","url":"https:\/\/secure.gravatar.com\/avatar\/10d802aa739e832aedd2f3fd8544d878871eb22e6ca86fe9a548573e34a28f0e?s=96&d=mm&r=g","contentUrl":"https:\/\/secure.gravatar.com\/avatar\/10d802aa739e832aedd2f3fd8544d878871eb22e6ca86fe9a548573e34a28f0e?s=96&d=mm&r=g","caption":"InformanteMX"},"url":"https:\/\/informante.mx\/?author=1"}]}},"jetpack_featured_media_url":"https:\/\/informante.mx\/wp-content\/uploads\/2024\/12\/Trabajo-Mujeres-trabajando.jpg","uagb_featured_image_src":{"full":["https:\/\/informante.mx\/wp-content\/uploads\/2024\/12\/Trabajo-Mujeres-trabajando.jpg",1200,700,false],"thumbnail":["https:\/\/informante.mx\/wp-content\/uploads\/2024\/12\/Trabajo-Mujeres-trabajando-150x88.jpg",150,88,true],"medium":["https:\/\/informante.mx\/wp-content\/uploads\/2024\/12\/Trabajo-Mujeres-trabajando-300x175.jpg",300,175,true],"medium_large":["https:\/\/informante.mx\/wp-content\/uploads\/2024\/12\/Trabajo-Mujeres-trabajando-768x448.jpg",640,373,true],"large":["https:\/\/informante.mx\/wp-content\/uploads\/2024\/12\/Trabajo-Mujeres-trabajando-1024x597.jpg",640,373,true],"1536x1536":["https:\/\/informante.mx\/wp-content\/uploads\/2024\/12\/Trabajo-Mujeres-trabajando.jpg",1200,700,false],"2048x2048":["https:\/\/informante.mx\/wp-content\/uploads\/2024\/12\/Trabajo-Mujeres-trabajando.jpg",1200,700,false],"td_0x420":["https:\/\/informante.mx\/wp-content\/uploads\/2024\/12\/Trabajo-Mujeres-trabajando-720x420.jpg",720,420,true],"td_0x420_retina":["https:\/\/informante.mx\/wp-content\/uploads\/2024\/12\/Trabajo-Mujeres-trabajando.jpg",1200,700,false],"td_80x60":["https:\/\/informante.mx\/wp-content\/uploads\/2024\/12\/Trabajo-Mujeres-trabajando-80x60.jpg",80,60,true],"td_80x60_retina":["https:\/\/informante.mx\/wp-content\/uploads\/2024\/12\/Trabajo-Mujeres-trabajando-160x120.jpg",160,120,true],"td_100x75":["https:\/\/informante.mx\/wp-content\/uploads\/2024\/12\/Trabajo-Mujeres-trabajando-100x75.jpg",100,75,true],"td_100x75_retina":["https:\/\/informante.mx\/wp-content\/uploads\/2024\/12\/Trabajo-Mujeres-trabajando-200x150.jpg",200,150,true],"td_180x135":["https:\/\/informante.mx\/wp-content\/uploads\/2024\/12\/Trabajo-Mujeres-trabajando-180x135.jpg",180,135,true],"td_180x135_retina":["https:\/\/informante.mx\/wp-content\/uploads\/2024\/12\/Trabajo-Mujeres-trabajando-360x270.jpg",360,270,true],"td_238x178":["https:\/\/informante.mx\/wp-content\/uploads\/2024\/12\/Trabajo-Mujeres-trabajando-238x178.jpg",238,178,true],"td_238x178_retina":["https:\/\/informante.mx\/wp-content\/uploads\/2024\/12\/Trabajo-Mujeres-trabajando-476x356.jpg",476,356,true],"td_265x198":["https:\/\/informante.mx\/wp-content\/uploads\/2024\/12\/Trabajo-Mujeres-trabajando-265x198.jpg",265,198,true],"td_265x198_retina":["https:\/\/informante.mx\/wp-content\/uploads\/2024\/12\/Trabajo-Mujeres-trabajando-530x396.jpg",530,396,true],"td_300x160":["https:\/\/informante.mx\/wp-content\/uploads\/2024\/12\/Trabajo-Mujeres-trabajando-300x160.jpg",300,160,true],"td_300x160_retina":["https:\/\/informante.mx\/wp-content\/uploads\/2024\/12\/Trabajo-Mujeres-trabajando-600x320.jpg",600,320,true],"td_300x194":["https:\/\/informante.mx\/wp-content\/uploads\/2024\/12\/Trabajo-Mujeres-trabajando-300x194.jpg",300,194,true],"td_300x194_retina":["https:\/\/informante.mx\/wp-content\/uploads\/2024\/12\/Trabajo-Mujeres-trabajando-600x388.jpg",600,388,true],"td_300x350":["https:\/\/informante.mx\/wp-content\/uploads\/2024\/12\/Trabajo-Mujeres-trabajando-300x350.jpg",300,350,true],"td_300x350_retina":["https:\/\/informante.mx\/wp-content\/uploads\/2024\/12\/Trabajo-Mujeres-trabajando-600x700.jpg",600,700,true],"td_341x220":["https:\/\/informante.mx\/wp-content\/uploads\/2024\/12\/Trabajo-Mujeres-trabajando-341x220.jpg",341,220,true],"td_341x220_retina":["https:\/\/informante.mx\/wp-content\/uploads\/2024\/12\/Trabajo-Mujeres-trabajando-682x440.jpg",682,440,true],"td_341x400":["https:\/\/informante.mx\/wp-content\/uploads\/2024\/12\/Trabajo-Mujeres-trabajando-341x400.jpg",341,400,true],"td_341x400_retina":["https:\/\/informante.mx\/wp-content\/uploads\/2024\/12\/Trabajo-Mujeres-trabajando-682x700.jpg",682,700,true],"td_511x400":["https:\/\/informante.mx\/wp-content\/uploads\/2024\/12\/Trabajo-Mujeres-trabajando-511x400.jpg",511,400,true],"td_511x400_retina":["https:\/\/informante.mx\/wp-content\/uploads\/2024\/12\/Trabajo-Mujeres-trabajando-1022x700.jpg",1022,700,true],"td_537x360":["https:\/\/informante.mx\/wp-content\/uploads\/2024\/12\/Trabajo-Mujeres-trabajando-537x360.jpg",537,360,true],"td_537x360_retina":["https:\/\/informante.mx\/wp-content\/uploads\/2024\/12\/Trabajo-Mujeres-trabajando-1074x700.jpg",1074,700,true],"td_640x0":["https:\/\/informante.mx\/wp-content\/uploads\/2024\/12\/Trabajo-Mujeres-trabajando-640x373.jpg",640,373,true],"td_640x0_retina":["https:\/\/informante.mx\/wp-content\/uploads\/2024\/12\/Trabajo-Mujeres-trabajando.jpg",1200,700,false],"td_640x350":["https:\/\/informante.mx\/wp-content\/uploads\/2024\/12\/Trabajo-Mujeres-trabajando-640x350.jpg",640,350,true],"td_640x350_retina":["https:\/\/informante.mx\/wp-content\/uploads\/2024\/12\/Trabajo-Mujeres-trabajando.jpg",1200,700,false],"td_681x0":["https:\/\/informante.mx\/wp-content\/uploads\/2024\/12\/Trabajo-Mujeres-trabajando-681x397.jpg",681,397,true],"td_681x0_retina":["https:\/\/informante.mx\/wp-content\/uploads\/2024\/12\/Trabajo-Mujeres-trabajando.jpg",1200,700,false],"td_681x400":["https:\/\/informante.mx\/wp-content\/uploads\/2024\/12\/Trabajo-Mujeres-trabajando-681x400.jpg",681,400,true],"td_681x400_retina":["https:\/\/informante.mx\/wp-content\/uploads\/2024\/12\/Trabajo-Mujeres-trabajando.jpg",1200,700,false],"td_741x486":["https:\/\/informante.mx\/wp-content\/uploads\/2024\/12\/Trabajo-Mujeres-trabajando-741x486.jpg",741,486,true],"td_741x486_retina":["https:\/\/informante.mx\/wp-content\/uploads\/2024\/12\/Trabajo-Mujeres-trabajando.jpg",1200,700,false],"td_1021x580":["https:\/\/informante.mx\/wp-content\/uploads\/2024\/12\/Trabajo-Mujeres-trabajando-1021x580.jpg",1021,580,true],"td_1021x580_retina":["https:\/\/informante.mx\/wp-content\/uploads\/2024\/12\/Trabajo-Mujeres-trabajando.jpg",1200,700,false]},"uagb_author_info":{"display_name":"InformanteMX","author_link":"https:\/\/informante.mx\/?author=1"},"uagb_comment_info":0,"uagb_excerpt":"Marcelo Ebrard, ha explicado que la medida que tiene como objetivo terminar con los abusos de las empresas que generan competencia desleal en el mercado textil.","_links":{"self":[{"href":"https:\/\/informante.mx\/index.php?rest_route=\/wp\/v2\/posts\/43548","targetHints":{"allow":["GET"]}}],"collection":[{"href":"https:\/\/informante.mx\/index.php?rest_route=\/wp\/v2\/posts"}],"about":[{"href":"https:\/\/informante.mx\/index.php?rest_route=\/wp\/v2\/types\/post"}],"author":[{"embeddable":true,"href":"https:\/\/informante.mx\/index.php?rest_route=\/wp\/v2\/users\/1"}],"replies":[{"embeddable":true,"href":"https:\/\/informante.mx\/index.php?rest_route=%2Fwp%2Fv2%2Fcomments&post=43548"}],"version-history":[{"count":1,"href":"https:\/\/informante.mx\/index.php?rest_route=\/wp\/v2\/posts\/43548\/revisions"}],"predecessor-version":[{"id":43550,"href":"https:\/\/informante.mx\/index.php?rest_route=\/wp\/v2\/posts\/43548\/revisions\/43550"}],"wp:featuredmedia":[{"embeddable":true,"href":"https:\/\/informante.mx\/index.php?rest_route=\/wp\/v2\/media\/43549"}],"wp:attachment":[{"href":"https:\/\/informante.mx\/index.php?rest_route=%2Fwp%2Fv2%2Fmedia&parent=43548"}],"wp:term":[{"taxonomy":"category","embeddable":true,"href":"https:\/\/informante.mx\/index.php?rest_route=%2Fwp%2Fv2%2Fcategories&post=43548"},{"taxonomy":"post_tag","embeddable":true,"href":"https:\/\/informante.mx\/index.php?rest_route=%2Fwp%2Fv2%2Ftags&post=43548"}],"curies":[{"name":"wp","href":"https:\/\/api.w.org\/{rel}","templated":true}]}}