{"id":43378,"date":"2024-12-12T09:09:58","date_gmt":"2024-12-12T15:09:58","guid":{"rendered":"https:\/\/informante.mx\/?p=43378"},"modified":"2024-12-12T09:13:59","modified_gmt":"2024-12-12T15:13:59","slug":"el-tiempo-en-mexico-este-fin-de-semana-se-va-el-aire-artico-aumentando-temperaturas-pero-un-nuevo-frente-frio-llegara","status":"publish","type":"post","link":"https:\/\/informante.mx\/?p=43378","title":{"rendered":"El tiempo en M\u00e9xico este fin de semana: se va el aire \u00e1rtico aumentando temperaturas, pero un nuevo frente fr\u00edo llegar\u00e1"},"content":{"rendered":"\n<h2 class=\"wp-block-heading\">\u2022 Los remanentes del aire \u00e1rtico estar\u00e1n en el Golfo de M\u00e9xico este fin de semana, habiendo lluvias dispersas, mientras las temperaturas vuelven a incrementarse.<\/h2>\n\n\n\n<h2 class=\"wp-block-heading\">\u2022 Un nuevo frente fr\u00edo llegar\u00eda sobre estados del norte de s\u00e1bado a domingo.<\/h2>\n\n\n\n<p><strong>Redacci\u00f3n Informante<\/strong><\/p>\n\n\n\n<p>E<strong>l fr\u00edo finalmente ha cubierto de forma m\u00e1s extensa en nuestro pa\u00eds&nbsp;<\/strong>durante las \u00faltimas horas, siendo lo relevante entre Chihuahua y Durango donde se registraron m\u00ednimas extremas de<strong>&nbsp;-15.9 \u00b0C<\/strong>&nbsp;en San Juanito, Chihuahua y<strong>&nbsp;-15 \u00b0C<\/strong>&nbsp;La Rosilla en Durango y entorno a los -5 a 5 \u00b0C en las dem\u00e1s entidades del norte, bajo heladas significativas.<\/p>\n\n\n\n<div style=\"position:relative;padding-bottom:56.25%;height:0;overflow:hidden;\">\n  <iframe src=\"https:\/\/geo.dailymotion.com\/player.html?video=x9aln6k\"\n    style=\"width:80%; height:80%; position:absolute; left:100px; top:0px; overflow:hidden; border:none;\"\n    allowfullscreen\n    title=\"Dailymotion Video Player\"\n    allow=\"web-share\">\n  <\/iframe>\n<\/div>\n\n\n\n<h2 class=\"wp-block-heading\">Sistemas variando, aproxim\u00e1ndose m\u00e1s masas fr\u00edas<\/h2>\n\n\n\n<p>Pr\u00e1cticamente,&nbsp;<strong>desde hoy jueves y hasta el domingo<\/strong>, se extender\u00e1 la alta presi\u00f3n fr\u00eda (dorsal) sobre el Golfo de M\u00e9xico hacia estados de la Vertiente y pen\u00ednsula de Yucat\u00e1n, la cual impuls\u00f3 al frente fr\u00edo 14. Este sistema ya est\u00e1 debilitado, pero favorecer\u00e1 que las<strong>&nbsp;temperaturas sigan moduladas y con ingreso de humedad<\/strong>&nbsp;hacia dichas regiones.<\/p>\n\n\n\n<p>Al&nbsp;<strong>norte del pa\u00eds, cambiar\u00e1 la circulaci\u00f3n, extendi\u00e9ndose aire m\u00e1s c\u00e1lido<\/strong>&nbsp;que tambi\u00e9n&nbsp;<strong>abarcar\u00e1 el centro, sur y occidente<\/strong>&nbsp;del pa\u00eds, debido a un anticicl\u00f3n c\u00e1lido sobre el Pac\u00edfico seguir\u00e1 generando<strong>&nbsp;tardes templadas a calurosas y mayormente secas, aunque fr\u00edas las noches&nbsp;<\/strong>en zonas altas. Inestabilidad local favorecer\u00edan esta tarde tormentas aisladas en monta\u00f1as del centro.<\/p>\n\n\n\n<p><em>El ambiente se tornar\u00e1 nuevamente templado a caluroso en general sobre nuestro pa\u00eds este fin de semana, sin ser extremo, mientras el aire \u00e1rtico se aleja. Nuevo frente fr\u00edo llegar\u00eda hacia el domingo-lunes seguido de descenso t\u00e9rmico y algunas lluvias.<\/em><\/p>\n\n\n\n<p>De&nbsp;<strong>jueves a viernes, un frente fr\u00edo en proceso de disipaci\u00f3n rozar\u00eda el noroeste&nbsp;<\/strong>del pa\u00eds, probablemente sin ser numerado ya que no estar\u00eda asociado a aire polar que cambien las condiciones del tiempo; algo<strong>&nbsp;similar se dar\u00eda de viernes a s\u00e1bado en la frontera norte con otro frente rozando y disip\u00e1ndose.<\/strong><\/p>\n\n\n\n<figure class=\"wp-block-image\"><img decoding=\"async\" src=\"https:\/\/services.meteored.com\/img\/article\/el-tiempo-en-mexico-este-fin-de-semana-se-va-el-aire-artico-aumentando-temperaturas-pero-un-nuevo-frente-frio-llegara-invierno-heladas-1733981419058_1024.png\" alt=\"Condiciones de nubosidad, lluvias y viento\" title=\"Condiciones de nubosidad, lluvias y viento\"\/><figcaption class=\"wp-element-caption\">Tendremos un fin de semana de nubes dispersas con aumento de temperaturas, especialmente en municipios de costa\/planicie donde dominar\u00eda calor.<\/figcaption><\/figure>\n\n\n\n<p>Un poco&nbsp;<strong>m\u00e1s relevante, ser\u00eda para la noche del domingo, cuando un nuevo frente fr\u00edo (el 15<\/strong>, si no se numeran los anteriores), ingresar\u00eda a trav\u00e9s del norte de Baja California y Sonora, en direcci\u00f3n a Chihuahua, Coahuila, Nuevo Le\u00f3n y Tamaulipas hacia el lunes-martes interactuando con la humedad del Golfo y aire polar d\u00e9bil generando lluvias aisladas y descenso t\u00e9rmico.<\/p>\n\n\n\n<h2 class=\"wp-block-heading\">Despu\u00e9s del \u201cfriyaso\u201d, algo de calor soportable<\/h2>\n\n\n\n<p>Hoy&nbsp;<strong>jueves<\/strong>, a\u00fan estar\u00e1n muy moduladas las temperaturas en el norte, noreste, centro, oriente y sureste con m\u00e1ximas esta tarde de&nbsp;<strong>15 a 25 \u00b0C<\/strong>, rondando los 8 a 14 \u00b0C en la frontera norte y a lo largo de la Sierra Madre Oriental hasta la de Chiapas y Oaxaca con algunas nieblas.<\/p>\n\n\n\n<p>En estas mismas regiones, de\u00a0<strong>viernes a domingo se incrementar\u00edan a valores de 20-30 \u00b0C\u00a0<\/strong>en promedio, los m\u00e1s bajos en el Altiplano (18-25 \u00b0C) y los m\u00e1s altos en la Vertiente del Golfo y Pen\u00ednsula de Yucat\u00e1n con<strong>\u00a026 a 35 \u00b0C<\/strong>. Los estados del Pac\u00edfico desde\u00a0Sinaloa\u00a0hasta\u00a0Chiapas\u00a0continuar\u00e1n con\u00a0<strong>30 a 40\u00b0C,\u00a0<\/strong>especialmente entre\u00a0Guerrero\u00a0y Michoac\u00e1n<\/p>\n\n\n\n<figure class=\"wp-block-image\"><img decoding=\"async\" src=\"https:\/\/services.meteored.com\/img\/article\/el-tiempo-en-mexico-este-fin-de-semana-se-va-el-aire-artico-aumentando-temperaturas-pero-un-nuevo-frente-frio-llegara-invierno-heladas-1733981435058_1024.png\" alt=\"Pron\u00f3stico de temperaturas en grados Celsius\" title=\"Pron\u00f3stico de temperaturas en grados Celsius\"\/><figcaption class=\"wp-element-caption\">Ambiente muy caluroso continuar\u00e1 en estados del Pac\u00edfico con 30-40 \u00b0C; en norte, noreste, centro, oriente y sureste con 15-30 \u00b0C, siendo muy fresco en zonas monta\u00f1osas.<\/figcaption><\/figure>\n\n\n\n<p>Los<strong>\u00a0amaneceres se mantendr\u00e1n fr\u00edos a lo largo del Altiplano con 0 a 10 \u00b0C,<\/strong>\u00a0estando los m\u00e1s extremos en monta\u00f1as de Baja California,\u00a0Chihuahua,\u00a0Durango\u00a0y valles altos del Estado de M\u00e9xico, Hidalgo, Puebla, Tlaxcala y Veracruz, donde algunas\u00a0<strong>heladas se podr\u00edan presentar.<\/strong><\/p>\n\n\n\n<h2 class=\"wp-block-heading\">\u00bfD\u00f3nde puede llover?<\/h2>\n\n\n\n<p>Para<strong>\u00a0hoy, lluvias de 5-15 mm con locales de 30-50 mm<\/strong>\u00a0concentradas entre\u00a0Tabasco, el sur de\u00a0Veracruz, oriente de Oaxaca, norte de\u00a0Chiapas, siendo mucho menores en costa de Quintana Roo y Tamaulipas, as\u00ed como el sur de Campeche. Tormentas aisladas en monta\u00f1as de Jalisco, Colima, Michoac\u00e1n, Estado de M\u00e9xico, Guerrero y Ciudad de M\u00e9xico.<\/p>\n\n\n\n<figure class=\"wp-block-image\"><img decoding=\"async\" src=\"https:\/\/services.meteored.com\/img\/article\/el-tiempo-en-mexico-este-fin-de-semana-se-va-el-aire-artico-aumentando-temperaturas-pero-un-nuevo-frente-frio-llegara-invierno-heladas-1733981451277_1024.png\" alt=\"Pron\u00f3stico de precipitaciones acumuladas en mil\u00edmetros\" title=\"Pron\u00f3stico de precipitaciones acumuladas en mil\u00edmetros\"\/><figcaption class=\"wp-element-caption\">Lluvias se mantendr\u00e1n, de forma aislada y ocasional en el sureste y oriente con acumulados de 5-10 mm y algunas puntuales de 20 mm o mayores.<\/figcaption><\/figure>\n\n\n\n<p>El\u00a0<strong>viernes se mantendr\u00edan muy aisladas<\/strong>\u00a0en costas de Tamaulipas y Quintana Roo y l\u00edmites de Oaxaca, Veracruz y Chiapas<strong>\u00a0con 5-10 mm y puntuales de 20-30 mm.<\/strong>\u00a0El\u00a0<strong>s\u00e1bado y domingo ser\u00edan condiciones muy similares<\/strong>, extendi\u00e9ndose hacia la regi\u00f3n Huasteca, sur de Campeche, norte de Yucat\u00e1n y el norte de\u00a0Nuevo Le\u00f3n\u00a0y Tamaulipas.<\/p>\n\n\n\n<hr class=\"wp-block-separator has-alpha-channel-opacity\"\/>\n\n\n\n<p class=\"has-text-align-center\" style=\"font-size:17px\"><strong><i>Toda la informaci\u00f3n que necesitas saber la encuentras en nuestras <\/i><strong style=\"\"><em style=\"font-style: italic;\">redes sociales y canal de <\/em><\/strong><\/strong><a href=\"https:\/\/t.me\/informantemx\" target=\"_blank\" rel=\"noreferrer noopener\"><strong><em>Telegram<\/em><\/strong><\/a>. <\/p>\n\n\n\n<p class=\"has-text-align-center\" style=\"font-size:17px\"><strong><em>!\u00danete!<\/em><\/strong><\/p>\n\n\n\n<div class=\"wp-block-uagb-image aligncenter uagb-block-3acd28e8 wp-block-uagb-image--layout-default wp-block-uagb-image--effect-zoomin wp-block-uagb-image--align-center\"><figure class=\"wp-block-uagb-image__figure\"><a class=\"\" href=\"https:\/\/t.me\/informantemx\" target=\"\" rel=\"noopener\"><img decoding=\"async\" srcset=\"https:\/\/informante.mx\/wp-content\/uploads\/2023\/08\/Banner-Telegram-Verde-800x60-1.png ,https:\/\/informante.mx\/wp-content\/uploads\/2023\/08\/Banner-Telegram-Verde-800x60-1.png 780w, https:\/\/informante.mx\/wp-content\/uploads\/2023\/08\/Banner-Telegram-Verde-800x60-1.png 360w\" sizes=\"auto, (max-width: 480px) 150px\" src=\"https:\/\/informante.mx\/wp-content\/uploads\/2023\/08\/Banner-Telegram-Verde-800x60-1.png\" alt=\"\" class=\"uag-image-23275\" width=\"800\" height=\"60\" title=\"\" loading=\"lazy\" role=\"img\"\/><\/a><\/figure><\/div>\n\n\n\n<div class=\"wp-block-uagb-image aligncenter uagb-block-45ea2b31 wp-block-uagb-image--layout-default wp-block-uagb-image--effect-zoomin wp-block-uagb-image--align-center\"><figure class=\"wp-block-uagb-image__figure\"><a class=\"\" href=\"https:\/\/www.facebook.com\/MX.Informante\" target=\"\" rel=\"noopener\"><img decoding=\"async\" srcset=\"https:\/\/informante.mx\/wp-content\/uploads\/2023\/08\/Banner-Facebook-Verde-800x60-1.png ,https:\/\/informante.mx\/wp-content\/uploads\/2023\/08\/Banner-Facebook-Verde-800x60-1.png 780w, https:\/\/informante.mx\/wp-content\/uploads\/2023\/08\/Banner-Facebook-Verde-800x60-1.png 360w\" sizes=\"auto, (max-width: 480px) 150px\" src=\"https:\/\/informante.mx\/wp-content\/uploads\/2023\/08\/Banner-Facebook-Verde-800x60-1.png\" alt=\"\" class=\"uag-image-23274\" width=\"800\" height=\"60\" title=\"\" loading=\"lazy\" role=\"img\"\/><\/a><\/figure><\/div>\n\n\n\n<div class=\"wp-block-uagb-image aligncenter uagb-block-2ce4c51b wp-block-uagb-image--layout-default wp-block-uagb-image--effect-zoomin wp-block-uagb-image--align-center\"><figure class=\"wp-block-uagb-image__figure\"><a class=\"\" href=\"https:\/\/twitter.com\/mx_informante\" target=\"\" rel=\"noopener\"><img decoding=\"async\" srcset=\"https:\/\/informante.mx\/wp-content\/uploads\/2023\/08\/Banner-Twitter-Verde-800x60-1.png ,https:\/\/informante.mx\/wp-content\/uploads\/2023\/08\/Banner-Twitter-Verde-800x60-1.png 780w, https:\/\/informante.mx\/wp-content\/uploads\/2023\/08\/Banner-Twitter-Verde-800x60-1.png 360w\" sizes=\"auto, (max-width: 480px) 150px\" src=\"https:\/\/informante.mx\/wp-content\/uploads\/2023\/08\/Banner-Twitter-Verde-800x60-1.png\" alt=\"\" class=\"uag-image-23273\" width=\"800\" height=\"60\" title=\"\" loading=\"lazy\" role=\"img\"\/><\/a><\/figure><\/div>\n\n\n\n<div style=\"height:50px\" aria-hidden=\"true\" class=\"wp-block-spacer\"><\/div>\n","protected":false},"excerpt":{"rendered":"<p>Los remanentes del aire \u00e1rtico estar\u00e1n en el Golfo de M\u00e9xico este fin de semana, habiendo lluvias dispersas, mientras las temperaturas vuelven a incrementarse<\/p>\n","protected":false},"author":1,"featured_media":0,"comment_status":"open","ping_status":"closed","sticky":false,"template":"","format":"standard","meta":{"_uag_custom_page_level_css":"","jetpack_post_was_ever_published":false,"footnotes":""},"categories":[9],"tags":[31],"class_list":["post-43378","post","type-post","status-publish","format-standard","hentry","category-nacional","tag-nacional"],"yoast_head":"<!-- This site is optimized with the Yoast SEO plugin v27.3 - https:\/\/yoast.com\/product\/yoast-seo-wordpress\/ -->\n<title>El tiempo en M\u00e9xico este fin de semana: se va el aire \u00e1rtico aumentando temperaturas, pero un nuevo frente fr\u00edo llegar\u00e1 - Informante.mx<\/title>\n<meta name=\"robots\" content=\"index, follow, max-snippet:-1, max-image-preview:large, max-video-preview:-1\" \/>\n<link rel=\"canonical\" href=\"https:\/\/informante.mx\/?p=43378\" \/>\n<meta property=\"og:locale\" content=\"es_ES\" \/>\n<meta property=\"og:type\" content=\"article\" \/>\n<meta property=\"og:title\" content=\"El tiempo en M\u00e9xico este fin de semana: se va el aire \u00e1rtico aumentando temperaturas, pero un nuevo frente fr\u00edo llegar\u00e1 - Informante.mx\" \/>\n<meta property=\"og:description\" content=\"Los remanentes del aire \u00e1rtico estar\u00e1n en el Golfo de M\u00e9xico este fin de semana, habiendo lluvias dispersas, mientras las temperaturas vuelven a incrementarse\" \/>\n<meta property=\"og:url\" content=\"https:\/\/informante.mx\/?p=43378\" \/>\n<meta property=\"og:site_name\" content=\"Informante.mx\" \/>\n<meta property=\"article:publisher\" content=\"https:\/\/www.facebook.com\/MX.Informante\" \/>\n<meta property=\"article:published_time\" content=\"2024-12-12T15:09:58+00:00\" \/>\n<meta property=\"article:modified_time\" content=\"2024-12-12T15:13:59+00:00\" \/>\n<meta property=\"og:image\" content=\"https:\/\/informante.mx\/wp-content\/uploads\/2024\/06\/Clima-Lluvias-1.jpg\" \/>\n\t<meta property=\"og:image:width\" content=\"1067\" \/>\n\t<meta property=\"og:image:height\" content=\"667\" \/>\n\t<meta property=\"og:image:type\" content=\"image\/jpeg\" \/>\n<meta name=\"author\" content=\"InformanteMX\" \/>\n<meta name=\"twitter:card\" content=\"summary_large_image\" \/>\n<meta name=\"twitter:creator\" content=\"@mx_informante\" \/>\n<meta name=\"twitter:site\" content=\"@mx_informante\" \/>\n<meta name=\"twitter:label1\" content=\"Escrito por\" \/>\n\t<meta name=\"twitter:data1\" content=\"InformanteMX\" \/>\n\t<meta name=\"twitter:label2\" content=\"Tiempo de lectura\" \/>\n\t<meta name=\"twitter:data2\" content=\"4 minutos\" \/>\n<script type=\"application\/ld+json\" class=\"yoast-schema-graph\">{\"@context\":\"https:\\\/\\\/schema.org\",\"@graph\":[{\"@type\":\"NewsArticle\",\"@id\":\"https:\\\/\\\/informante.mx\\\/?p=43378#article\",\"isPartOf\":{\"@id\":\"https:\\\/\\\/informante.mx\\\/?p=43378\"},\"author\":{\"name\":\"InformanteMX\",\"@id\":\"https:\\\/\\\/informante.mx\\\/#\\\/schema\\\/person\\\/3eff91989d2ea76b0a330b416325946c\"},\"headline\":\"El tiempo en M\u00e9xico este fin de semana: se va el aire \u00e1rtico aumentando temperaturas, pero un nuevo frente fr\u00edo llegar\u00e1\",\"datePublished\":\"2024-12-12T15:09:58+00:00\",\"dateModified\":\"2024-12-12T15:13:59+00:00\",\"mainEntityOfPage\":{\"@id\":\"https:\\\/\\\/informante.mx\\\/?p=43378\"},\"wordCount\":839,\"commentCount\":0,\"publisher\":{\"@id\":\"https:\\\/\\\/informante.mx\\\/#organization\"},\"image\":{\"@id\":\"https:\\\/\\\/informante.mx\\\/?p=43378#primaryimage\"},\"thumbnailUrl\":\"https:\\\/\\\/services.meteored.com\\\/img\\\/article\\\/el-tiempo-en-mexico-este-fin-de-semana-se-va-el-aire-artico-aumentando-temperaturas-pero-un-nuevo-frente-frio-llegara-invierno-heladas-1733981419058_1024.png\",\"keywords\":[\"Nacional\"],\"articleSection\":[\"Nacional\"],\"inLanguage\":\"es\",\"potentialAction\":[{\"@type\":\"CommentAction\",\"name\":\"Comment\",\"target\":[\"https:\\\/\\\/informante.mx\\\/?p=43378#respond\"]}]},{\"@type\":\"WebPage\",\"@id\":\"https:\\\/\\\/informante.mx\\\/?p=43378\",\"url\":\"https:\\\/\\\/informante.mx\\\/?p=43378\",\"name\":\"El tiempo en M\u00e9xico este fin de semana: se va el aire \u00e1rtico aumentando temperaturas, pero un nuevo frente fr\u00edo llegar\u00e1 - Informante.mx\",\"isPartOf\":{\"@id\":\"https:\\\/\\\/informante.mx\\\/#website\"},\"primaryImageOfPage\":{\"@id\":\"https:\\\/\\\/informante.mx\\\/?p=43378#primaryimage\"},\"image\":{\"@id\":\"https:\\\/\\\/informante.mx\\\/?p=43378#primaryimage\"},\"thumbnailUrl\":\"https:\\\/\\\/services.meteored.com\\\/img\\\/article\\\/el-tiempo-en-mexico-este-fin-de-semana-se-va-el-aire-artico-aumentando-temperaturas-pero-un-nuevo-frente-frio-llegara-invierno-heladas-1733981419058_1024.png\",\"datePublished\":\"2024-12-12T15:09:58+00:00\",\"dateModified\":\"2024-12-12T15:13:59+00:00\",\"breadcrumb\":{\"@id\":\"https:\\\/\\\/informante.mx\\\/?p=43378#breadcrumb\"},\"inLanguage\":\"es\",\"potentialAction\":[{\"@type\":\"ReadAction\",\"target\":[\"https:\\\/\\\/informante.mx\\\/?p=43378\"]}]},{\"@type\":\"ImageObject\",\"inLanguage\":\"es\",\"@id\":\"https:\\\/\\\/informante.mx\\\/?p=43378#primaryimage\",\"url\":\"https:\\\/\\\/services.meteored.com\\\/img\\\/article\\\/el-tiempo-en-mexico-este-fin-de-semana-se-va-el-aire-artico-aumentando-temperaturas-pero-un-nuevo-frente-frio-llegara-invierno-heladas-1733981419058_1024.png\",\"contentUrl\":\"https:\\\/\\\/services.meteored.com\\\/img\\\/article\\\/el-tiempo-en-mexico-este-fin-de-semana-se-va-el-aire-artico-aumentando-temperaturas-pero-un-nuevo-frente-frio-llegara-invierno-heladas-1733981419058_1024.png\"},{\"@type\":\"BreadcrumbList\",\"@id\":\"https:\\\/\\\/informante.mx\\\/?p=43378#breadcrumb\",\"itemListElement\":[{\"@type\":\"ListItem\",\"position\":1,\"name\":\"Portada\",\"item\":\"https:\\\/\\\/informante.mx\\\/\"},{\"@type\":\"ListItem\",\"position\":2,\"name\":\"El tiempo en M\u00e9xico este fin de semana: se va el aire \u00e1rtico aumentando temperaturas, pero un nuevo frente fr\u00edo llegar\u00e1\"}]},{\"@type\":\"WebSite\",\"@id\":\"https:\\\/\\\/informante.mx\\\/#website\",\"url\":\"https:\\\/\\\/informante.mx\\\/\",\"name\":\"Informante.mx\",\"description\":\"\",\"publisher\":{\"@id\":\"https:\\\/\\\/informante.mx\\\/#organization\"},\"potentialAction\":[{\"@type\":\"SearchAction\",\"target\":{\"@type\":\"EntryPoint\",\"urlTemplate\":\"https:\\\/\\\/informante.mx\\\/?s={search_term_string}\"},\"query-input\":{\"@type\":\"PropertyValueSpecification\",\"valueRequired\":true,\"valueName\":\"search_term_string\"}}],\"inLanguage\":\"es\"},{\"@type\":\"Organization\",\"@id\":\"https:\\\/\\\/informante.mx\\\/#organization\",\"name\":\"Informante.mx\",\"url\":\"https:\\\/\\\/informante.mx\\\/\",\"logo\":{\"@type\":\"ImageObject\",\"inLanguage\":\"es\",\"@id\":\"https:\\\/\\\/informante.mx\\\/#\\\/schema\\\/logo\\\/image\\\/\",\"url\":\"https:\\\/\\\/informante.mx\\\/wp-content\\\/uploads\\\/2019\\\/12\\\/cropped-LOGO-Verde-Apaisado-1024x360O-1.png\",\"contentUrl\":\"https:\\\/\\\/informante.mx\\\/wp-content\\\/uploads\\\/2019\\\/12\\\/cropped-LOGO-Verde-Apaisado-1024x360O-1.png\",\"width\":923,\"height\":180,\"caption\":\"Informante.mx\"},\"image\":{\"@id\":\"https:\\\/\\\/informante.mx\\\/#\\\/schema\\\/logo\\\/image\\\/\"},\"sameAs\":[\"https:\\\/\\\/www.facebook.com\\\/MX.Informante\",\"https:\\\/\\\/x.com\\\/mx_informante\"]},{\"@type\":\"Person\",\"@id\":\"https:\\\/\\\/informante.mx\\\/#\\\/schema\\\/person\\\/3eff91989d2ea76b0a330b416325946c\",\"name\":\"InformanteMX\",\"image\":{\"@type\":\"ImageObject\",\"inLanguage\":\"es\",\"@id\":\"https:\\\/\\\/secure.gravatar.com\\\/avatar\\\/10d802aa739e832aedd2f3fd8544d878871eb22e6ca86fe9a548573e34a28f0e?s=96&d=mm&r=g\",\"url\":\"https:\\\/\\\/secure.gravatar.com\\\/avatar\\\/10d802aa739e832aedd2f3fd8544d878871eb22e6ca86fe9a548573e34a28f0e?s=96&d=mm&r=g\",\"contentUrl\":\"https:\\\/\\\/secure.gravatar.com\\\/avatar\\\/10d802aa739e832aedd2f3fd8544d878871eb22e6ca86fe9a548573e34a28f0e?s=96&d=mm&r=g\",\"caption\":\"InformanteMX\"},\"url\":\"https:\\\/\\\/informante.mx\\\/?author=1\"}]}<\/script>\n<!-- \/ Yoast SEO plugin. -->","yoast_head_json":{"title":"El tiempo en M\u00e9xico este fin de semana: se va el aire \u00e1rtico aumentando temperaturas, pero un nuevo frente fr\u00edo llegar\u00e1 - Informante.mx","robots":{"index":"index","follow":"follow","max-snippet":"max-snippet:-1","max-image-preview":"max-image-preview:large","max-video-preview":"max-video-preview:-1"},"canonical":"https:\/\/informante.mx\/?p=43378","og_locale":"es_ES","og_type":"article","og_title":"El tiempo en M\u00e9xico este fin de semana: se va el aire \u00e1rtico aumentando temperaturas, pero un nuevo frente fr\u00edo llegar\u00e1 - Informante.mx","og_description":"Los remanentes del aire \u00e1rtico estar\u00e1n en el Golfo de M\u00e9xico este fin de semana, habiendo lluvias dispersas, mientras las temperaturas vuelven a incrementarse","og_url":"https:\/\/informante.mx\/?p=43378","og_site_name":"Informante.mx","article_publisher":"https:\/\/www.facebook.com\/MX.Informante","article_published_time":"2024-12-12T15:09:58+00:00","article_modified_time":"2024-12-12T15:13:59+00:00","og_image":[{"width":1067,"height":667,"url":"https:\/\/informante.mx\/wp-content\/uploads\/2024\/06\/Clima-Lluvias-1.jpg","type":"image\/jpeg"}],"author":"InformanteMX","twitter_card":"summary_large_image","twitter_creator":"@mx_informante","twitter_site":"@mx_informante","twitter_misc":{"Escrito por":"InformanteMX","Tiempo de lectura":"4 minutos"},"schema":{"@context":"https:\/\/schema.org","@graph":[{"@type":"NewsArticle","@id":"https:\/\/informante.mx\/?p=43378#article","isPartOf":{"@id":"https:\/\/informante.mx\/?p=43378"},"author":{"name":"InformanteMX","@id":"https:\/\/informante.mx\/#\/schema\/person\/3eff91989d2ea76b0a330b416325946c"},"headline":"El tiempo en M\u00e9xico este fin de semana: se va el aire \u00e1rtico aumentando temperaturas, pero un nuevo frente fr\u00edo llegar\u00e1","datePublished":"2024-12-12T15:09:58+00:00","dateModified":"2024-12-12T15:13:59+00:00","mainEntityOfPage":{"@id":"https:\/\/informante.mx\/?p=43378"},"wordCount":839,"commentCount":0,"publisher":{"@id":"https:\/\/informante.mx\/#organization"},"image":{"@id":"https:\/\/informante.mx\/?p=43378#primaryimage"},"thumbnailUrl":"https:\/\/services.meteored.com\/img\/article\/el-tiempo-en-mexico-este-fin-de-semana-se-va-el-aire-artico-aumentando-temperaturas-pero-un-nuevo-frente-frio-llegara-invierno-heladas-1733981419058_1024.png","keywords":["Nacional"],"articleSection":["Nacional"],"inLanguage":"es","potentialAction":[{"@type":"CommentAction","name":"Comment","target":["https:\/\/informante.mx\/?p=43378#respond"]}]},{"@type":"WebPage","@id":"https:\/\/informante.mx\/?p=43378","url":"https:\/\/informante.mx\/?p=43378","name":"El tiempo en M\u00e9xico este fin de semana: se va el aire \u00e1rtico aumentando temperaturas, pero un nuevo frente fr\u00edo llegar\u00e1 - Informante.mx","isPartOf":{"@id":"https:\/\/informante.mx\/#website"},"primaryImageOfPage":{"@id":"https:\/\/informante.mx\/?p=43378#primaryimage"},"image":{"@id":"https:\/\/informante.mx\/?p=43378#primaryimage"},"thumbnailUrl":"https:\/\/services.meteored.com\/img\/article\/el-tiempo-en-mexico-este-fin-de-semana-se-va-el-aire-artico-aumentando-temperaturas-pero-un-nuevo-frente-frio-llegara-invierno-heladas-1733981419058_1024.png","datePublished":"2024-12-12T15:09:58+00:00","dateModified":"2024-12-12T15:13:59+00:00","breadcrumb":{"@id":"https:\/\/informante.mx\/?p=43378#breadcrumb"},"inLanguage":"es","potentialAction":[{"@type":"ReadAction","target":["https:\/\/informante.mx\/?p=43378"]}]},{"@type":"ImageObject","inLanguage":"es","@id":"https:\/\/informante.mx\/?p=43378#primaryimage","url":"https:\/\/services.meteored.com\/img\/article\/el-tiempo-en-mexico-este-fin-de-semana-se-va-el-aire-artico-aumentando-temperaturas-pero-un-nuevo-frente-frio-llegara-invierno-heladas-1733981419058_1024.png","contentUrl":"https:\/\/services.meteored.com\/img\/article\/el-tiempo-en-mexico-este-fin-de-semana-se-va-el-aire-artico-aumentando-temperaturas-pero-un-nuevo-frente-frio-llegara-invierno-heladas-1733981419058_1024.png"},{"@type":"BreadcrumbList","@id":"https:\/\/informante.mx\/?p=43378#breadcrumb","itemListElement":[{"@type":"ListItem","position":1,"name":"Portada","item":"https:\/\/informante.mx\/"},{"@type":"ListItem","position":2,"name":"El tiempo en M\u00e9xico este fin de semana: se va el aire \u00e1rtico aumentando temperaturas, pero un nuevo frente fr\u00edo llegar\u00e1"}]},{"@type":"WebSite","@id":"https:\/\/informante.mx\/#website","url":"https:\/\/informante.mx\/","name":"Informante.mx","description":"","publisher":{"@id":"https:\/\/informante.mx\/#organization"},"potentialAction":[{"@type":"SearchAction","target":{"@type":"EntryPoint","urlTemplate":"https:\/\/informante.mx\/?s={search_term_string}"},"query-input":{"@type":"PropertyValueSpecification","valueRequired":true,"valueName":"search_term_string"}}],"inLanguage":"es"},{"@type":"Organization","@id":"https:\/\/informante.mx\/#organization","name":"Informante.mx","url":"https:\/\/informante.mx\/","logo":{"@type":"ImageObject","inLanguage":"es","@id":"https:\/\/informante.mx\/#\/schema\/logo\/image\/","url":"https:\/\/informante.mx\/wp-content\/uploads\/2019\/12\/cropped-LOGO-Verde-Apaisado-1024x360O-1.png","contentUrl":"https:\/\/informante.mx\/wp-content\/uploads\/2019\/12\/cropped-LOGO-Verde-Apaisado-1024x360O-1.png","width":923,"height":180,"caption":"Informante.mx"},"image":{"@id":"https:\/\/informante.mx\/#\/schema\/logo\/image\/"},"sameAs":["https:\/\/www.facebook.com\/MX.Informante","https:\/\/x.com\/mx_informante"]},{"@type":"Person","@id":"https:\/\/informante.mx\/#\/schema\/person\/3eff91989d2ea76b0a330b416325946c","name":"InformanteMX","image":{"@type":"ImageObject","inLanguage":"es","@id":"https:\/\/secure.gravatar.com\/avatar\/10d802aa739e832aedd2f3fd8544d878871eb22e6ca86fe9a548573e34a28f0e?s=96&d=mm&r=g","url":"https:\/\/secure.gravatar.com\/avatar\/10d802aa739e832aedd2f3fd8544d878871eb22e6ca86fe9a548573e34a28f0e?s=96&d=mm&r=g","contentUrl":"https:\/\/secure.gravatar.com\/avatar\/10d802aa739e832aedd2f3fd8544d878871eb22e6ca86fe9a548573e34a28f0e?s=96&d=mm&r=g","caption":"InformanteMX"},"url":"https:\/\/informante.mx\/?author=1"}]}},"jetpack_featured_media_url":"","uagb_featured_image_src":{"full":false,"thumbnail":false,"medium":false,"medium_large":false,"large":false,"1536x1536":false,"2048x2048":false,"td_0x420":false,"td_0x420_retina":false,"td_80x60":false,"td_80x60_retina":false,"td_100x75":false,"td_100x75_retina":false,"td_180x135":false,"td_180x135_retina":false,"td_238x178":false,"td_238x178_retina":false,"td_265x198":false,"td_265x198_retina":false,"td_300x160":false,"td_300x160_retina":false,"td_300x194":false,"td_300x194_retina":false,"td_300x350":false,"td_300x350_retina":false,"td_341x220":false,"td_341x220_retina":false,"td_341x400":false,"td_341x400_retina":false,"td_511x400":false,"td_511x400_retina":false,"td_537x360":false,"td_537x360_retina":false,"td_640x0":false,"td_640x0_retina":false,"td_640x350":false,"td_640x350_retina":false,"td_681x0":false,"td_681x0_retina":false,"td_681x400":false,"td_681x400_retina":false,"td_741x486":false,"td_741x486_retina":false,"td_1021x580":false,"td_1021x580_retina":false},"uagb_author_info":{"display_name":"InformanteMX","author_link":"https:\/\/informante.mx\/?author=1"},"uagb_comment_info":0,"uagb_excerpt":"Los remanentes del aire \u00e1rtico estar\u00e1n en el Golfo de M\u00e9xico este fin de semana, habiendo lluvias dispersas, mientras las temperaturas vuelven a incrementarse","_links":{"self":[{"href":"https:\/\/informante.mx\/index.php?rest_route=\/wp\/v2\/posts\/43378","targetHints":{"allow":["GET"]}}],"collection":[{"href":"https:\/\/informante.mx\/index.php?rest_route=\/wp\/v2\/posts"}],"about":[{"href":"https:\/\/informante.mx\/index.php?rest_route=\/wp\/v2\/types\/post"}],"author":[{"embeddable":true,"href":"https:\/\/informante.mx\/index.php?rest_route=\/wp\/v2\/users\/1"}],"replies":[{"embeddable":true,"href":"https:\/\/informante.mx\/index.php?rest_route=%2Fwp%2Fv2%2Fcomments&post=43378"}],"version-history":[{"count":2,"href":"https:\/\/informante.mx\/index.php?rest_route=\/wp\/v2\/posts\/43378\/revisions"}],"predecessor-version":[{"id":43381,"href":"https:\/\/informante.mx\/index.php?rest_route=\/wp\/v2\/posts\/43378\/revisions\/43381"}],"wp:attachment":[{"href":"https:\/\/informante.mx\/index.php?rest_route=%2Fwp%2Fv2%2Fmedia&parent=43378"}],"wp:term":[{"taxonomy":"category","embeddable":true,"href":"https:\/\/informante.mx\/index.php?rest_route=%2Fwp%2Fv2%2Fcategories&post=43378"},{"taxonomy":"post_tag","embeddable":true,"href":"https:\/\/informante.mx\/index.php?rest_route=%2Fwp%2Fv2%2Ftags&post=43378"}],"curies":[{"name":"wp","href":"https:\/\/api.w.org\/{rel}","templated":true}]}}