{"id":43143,"date":"2024-12-06T12:47:37","date_gmt":"2024-12-06T18:47:37","guid":{"rendered":"https:\/\/informante.mx\/?p=43143"},"modified":"2024-12-06T12:47:44","modified_gmt":"2024-12-06T18:47:44","slug":"atacan-a-policias-estatales-en-culiacan-confirman-cuatro-heridos-y-un-muerto","status":"publish","type":"post","link":"https:\/\/informante.mx\/?p=43143","title":{"rendered":"Atacan a polic\u00edas estatales en Culiac\u00e1n; confirman cuatro heridos y un muerto"},"content":{"rendered":"\n<h2 class=\"wp-block-heading\">\u2022 La agresi\u00f3n se registr\u00f3 en el sector Bachigualato, mientras decenas de personas se dirig\u00edan a sus trabajos y escuelas<\/h2>\n\n\n\n<p><strong>Redacci\u00f3n Informante<\/strong><\/p>\n\n\n\n<p>Sinaloa fue escenario de un nuevo hecho violento la ma\u00f1ana de este 6 de diciembre. En la colonia&nbsp;<strong>Bachigualato<\/strong>, cerca del&nbsp;<strong>Aeropuerto Internacional de Culiac\u00e1n<\/strong>, hombres armados protagonizaron un ataque armado contra agentes de la&nbsp;<strong>Polic\u00eda Estatal Preventiva&nbsp;<\/strong>que dej\u00f3&nbsp;<strong>cuatro heridos y un muerto.<\/strong><\/p>\n\n\n\n<p>De acuerdo con los primeros reportes, la agresi\u00f3n se registr\u00f3 alrededor de las<strong>&nbsp;7:30 horas de este viernes<\/strong>. Los uniformados circulaban a bordo de tres patrullas sobre la Calzada Aeropuerto, cuando comenzaron a ser agredidos con armas de fuego.<\/p>\n\n\n\n<p>El hecho caus\u00f3 que una de las patrullas chocara contra un puente, lugar en el que permanece con<strong>\u00a0impactos de bala y da\u00f1os visibles.<\/strong>\u00a0Un segundo veh\u00edculo oficial se impact\u00f3 contra un autom\u00f3vil particular estacionado.<\/p>\n\n\n\n<p><img loading=\"lazy\" decoding=\"async\" height=\"749\" width=\"1333\" src=\"https:\/\/www.infobae.com\/resizer\/v2\/X4WBR62RAJFVHNX66VRXKLJX4E.jpg?auth=04810d85ca8937f74e4828e959eb86a5ff6d0dfd798322514e1df9c514ce0f5b&amp;smart=true&amp;width=350&amp;height=197&amp;quality=85\" alt=\"Los hechos ocurrieron cerca del Aeropuerto Internacional de Culiac\u00e1n. (@AdrianLopezMX)\">Los hechos ocurrieron cerca del Aeropuerto Internacional de Culiac\u00e1n. (@AdrianLopezMX)<\/p>\n\n\n\n<p>Se report\u00f3 que metros adelante de la escena, en el cruce de la Calzada Aeropuerto con el Bulevar Las Torres, los presuntos responsables abandonaron un<strong>&nbsp;veh\u00edculo tipo sedan, color tinto<\/strong>, con m\u00faltiples impactos de bala. El sitio permanece acordonado por las autoridades estatales y miembros del Ej\u00e9rcito Mexicano.<\/p>\n\n\n\n<p>En la conferencia de prensa de la vocer\u00eda del Estado, encabezada por el Secretario General&nbsp;de Gobierno,&nbsp;<strong>Feliciano Castro&nbsp;Melendrez<\/strong>, se dio a conocer que el saldo del ataque fue de<strong>&nbsp;cinco polic\u00edas heridos<\/strong>, uno de los cuales&nbsp;<strong>falleci\u00f3&nbsp;<\/strong>mientras recib\u00eda atenci\u00f3n m\u00e9dica.<\/p>\n\n\n\n<p>El funcionario tambi\u00e9n detall\u00f3 que, al corte de las 11:00 horas, dos de las v\u00edctimas se encontraban siendo&nbsp;<strong>sometidas a cirug\u00eda.<\/strong><\/p>\n\n\n\n<p>\u201cSin duda\u00a0<strong>es una situaci\u00f3n lamentable<\/strong>\u00a0y aqu\u00ed vale reiterar a la poblaci\u00f3n que de parte de la autoridad se est\u00e1 haciendo todo para combatir la delincuencia e inseguridad.\u00a0<strong>Manifestamos nuestra solidaridad<\/strong>\u00a0con las familias de estos polic\u00edas, particularmente de quien fallece el d\u00eda de hoy\u201d, concluy\u00f3.<\/p>\n\n\n\n<p><img loading=\"lazy\" decoding=\"async\" height=\"1080\" width=\"1920\" src=\"https:\/\/www.infobae.com\/resizer\/v2\/NMVTCHWJQNFAFIEI4UOAVHLETI.jpg?auth=92504aa65fc4b680ba0c2dec1c24d0cf9c87271bec4c951110f03f0c00541a4c&amp;smart=true&amp;width=350&amp;height=197&amp;quality=85\" alt=\"Feliciano Castro Mel\u00e9ndrez, Secretario General de Gobierno ofreci\u00f3 una conferencia para hablar del tema. Foto: Gobierno de Sinaloa.\">Feliciano Castro Mel\u00e9ndrez, Secretario General de Gobierno ofreci\u00f3 una conferencia para hablar del tema. Foto: Gobierno de Sinaloa.<\/p>\n\n\n\n<h2 class=\"wp-block-heading\">Aeropuerto opera con normalidad<\/h2>\n\n\n\n<p>Minutos antes de las 9:00 horas de este viernes, el&nbsp;<strong>Aeropuerto Internacional de Culiac\u00e1n&nbsp;<\/strong>inform\u00f3 que las operaciones contin\u00faan con normalidad.<\/p>\n\n\n\n<p>No obstante, se\u00f1alaron que derivado de la agresi\u00f3n se registra tr\u00e1fico en el acceso del puente de Calzada Aeropuerto, por lo que recomiendan&nbsp;<strong>utilizar v\u00edas alternas<\/strong>.<\/p>\n\n\n\n<p>A trav\u00e9s de X, antes Twitter, se difundi\u00f3 un video que fue grabado al mismo tiempo del ataque. Aunque el material&nbsp;<strong>no muestra ninguna imagen<\/strong>, evidencia que los agresores realizaron m\u00faltiples detonaciones contra los oficiales.<\/p>\n\n\n\n<p>Tambi\u00e9n da cuenta de que los uniformados trataron de repeler la agresi\u00f3n, pues se escuchan disparos de otro tipo de arma.<\/p>\n\n\n\n<p>La situaci\u00f3n fue condenada por decenas de habitantes de Culiac\u00e1n, incluso por aquellos que<strong>&nbsp;presenciaron lo ocurrido en carne y hueso<\/strong>.<\/p>\n\n\n\n<p>\u201c<strong>Llevaba a mi esposa al trabajo<\/strong>&nbsp;y estando en el sem\u00e1foro se desat\u00f3 todo, tuvimos que maniobrar e irnos a refugiar a casa de mis suegros\u201d, comparti\u00f3 un usuario.<\/p>\n\n\n\n<figure class=\"wp-block-video\" style=\"max-width:600px\"><video controls src=\"https:\/\/cdn.jwplayer.com\/videos\/DBQAgKth-b8r0MSub.mp4\"><\/video><\/figure>\n\n\n\n<hr class=\"wp-block-separator has-alpha-channel-opacity\"\/>\n\n\n\n<p class=\"has-text-align-center\" style=\"font-size:17px\"><strong><i>Toda la informaci\u00f3n que necesitas saber la encuentras en nuestras <\/i><strong style=\"\"><em style=\"font-style: italic;\">redes sociales y canal de <\/em><\/strong><\/strong><a href=\"https:\/\/t.me\/informantemx\" target=\"_blank\" rel=\"noreferrer noopener\"><strong><em>Telegram<\/em><\/strong><\/a>. <\/p>\n\n\n\n<p class=\"has-text-align-center\" style=\"font-size:17px\"><strong><em>!\u00danete!<\/em><\/strong><\/p>\n\n\n\n<div class=\"wp-block-uagb-image aligncenter uagb-block-3acd28e8 wp-block-uagb-image--layout-default wp-block-uagb-image--effect-zoomin wp-block-uagb-image--align-center\"><figure class=\"wp-block-uagb-image__figure\"><a class=\"\" href=\"https:\/\/t.me\/informantemx\" target=\"\" rel=\"noopener\"><img decoding=\"async\" srcset=\"https:\/\/informante.mx\/wp-content\/uploads\/2023\/08\/Banner-Telegram-Verde-800x60-1.png ,https:\/\/informante.mx\/wp-content\/uploads\/2023\/08\/Banner-Telegram-Verde-800x60-1.png 780w, https:\/\/informante.mx\/wp-content\/uploads\/2023\/08\/Banner-Telegram-Verde-800x60-1.png 360w\" sizes=\"auto, (max-width: 480px) 150px\" src=\"https:\/\/informante.mx\/wp-content\/uploads\/2023\/08\/Banner-Telegram-Verde-800x60-1.png\" alt=\"\" class=\"uag-image-23275\" width=\"800\" height=\"60\" title=\"\" loading=\"lazy\" role=\"img\"\/><\/a><\/figure><\/div>\n\n\n\n<div class=\"wp-block-uagb-image aligncenter uagb-block-45ea2b31 wp-block-uagb-image--layout-default wp-block-uagb-image--effect-zoomin wp-block-uagb-image--align-center\"><figure class=\"wp-block-uagb-image__figure\"><a class=\"\" href=\"https:\/\/www.facebook.com\/MX.Informante\" target=\"\" rel=\"noopener\"><img decoding=\"async\" srcset=\"https:\/\/informante.mx\/wp-content\/uploads\/2023\/08\/Banner-Facebook-Verde-800x60-1.png ,https:\/\/informante.mx\/wp-content\/uploads\/2023\/08\/Banner-Facebook-Verde-800x60-1.png 780w, https:\/\/informante.mx\/wp-content\/uploads\/2023\/08\/Banner-Facebook-Verde-800x60-1.png 360w\" sizes=\"auto, (max-width: 480px) 150px\" src=\"https:\/\/informante.mx\/wp-content\/uploads\/2023\/08\/Banner-Facebook-Verde-800x60-1.png\" alt=\"\" class=\"uag-image-23274\" width=\"800\" height=\"60\" title=\"\" loading=\"lazy\" role=\"img\"\/><\/a><\/figure><\/div>\n\n\n\n<div class=\"wp-block-uagb-image aligncenter uagb-block-2ce4c51b wp-block-uagb-image--layout-default wp-block-uagb-image--effect-zoomin wp-block-uagb-image--align-center\"><figure class=\"wp-block-uagb-image__figure\"><a class=\"\" href=\"https:\/\/twitter.com\/mx_informante\" target=\"\" rel=\"noopener\"><img decoding=\"async\" srcset=\"https:\/\/informante.mx\/wp-content\/uploads\/2023\/08\/Banner-Twitter-Verde-800x60-1.png ,https:\/\/informante.mx\/wp-content\/uploads\/2023\/08\/Banner-Twitter-Verde-800x60-1.png 780w, https:\/\/informante.mx\/wp-content\/uploads\/2023\/08\/Banner-Twitter-Verde-800x60-1.png 360w\" sizes=\"auto, (max-width: 480px) 150px\" src=\"https:\/\/informante.mx\/wp-content\/uploads\/2023\/08\/Banner-Twitter-Verde-800x60-1.png\" alt=\"\" class=\"uag-image-23273\" width=\"800\" height=\"60\" title=\"\" loading=\"lazy\" role=\"img\"\/><\/a><\/figure><\/div>\n\n\n\n<div style=\"height:50px\" aria-hidden=\"true\" class=\"wp-block-spacer\"><\/div>\n","protected":false},"excerpt":{"rendered":"<p>La agresi\u00f3n se registr\u00f3 en el sector Bachigualato, mientras decenas de personas se dirig\u00edan a sus trabajos y escuelas<\/p>\n","protected":false},"author":1,"featured_media":43144,"comment_status":"open","ping_status":"closed","sticky":false,"template":"","format":"standard","meta":{"_uag_custom_page_level_css":"","jetpack_post_was_ever_published":false,"footnotes":""},"categories":[9],"tags":[31],"class_list":["post-43143","post","type-post","status-publish","format-standard","has-post-thumbnail","hentry","category-nacional","tag-nacional"],"yoast_head":"<!-- This site is optimized with the Yoast SEO plugin v27.3 - https:\/\/yoast.com\/product\/yoast-seo-wordpress\/ -->\n<title>Atacan a polic\u00edas estatales en Culiac\u00e1n; confirman cuatro heridos y un muerto - Informante.mx<\/title>\n<meta name=\"robots\" content=\"index, follow, max-snippet:-1, max-image-preview:large, max-video-preview:-1\" \/>\n<link rel=\"canonical\" href=\"https:\/\/informante.mx\/?p=43143\" \/>\n<meta property=\"og:locale\" content=\"es_ES\" \/>\n<meta property=\"og:type\" content=\"article\" \/>\n<meta property=\"og:title\" content=\"Atacan a polic\u00edas estatales en Culiac\u00e1n; confirman cuatro heridos y un muerto - Informante.mx\" \/>\n<meta property=\"og:description\" content=\"La agresi\u00f3n se registr\u00f3 en el sector Bachigualato, mientras decenas de personas se dirig\u00edan a sus trabajos y escuelas\" \/>\n<meta property=\"og:url\" content=\"https:\/\/informante.mx\/?p=43143\" \/>\n<meta property=\"og:site_name\" content=\"Informante.mx\" \/>\n<meta property=\"article:publisher\" content=\"https:\/\/www.facebook.com\/MX.Informante\" \/>\n<meta property=\"article:published_time\" content=\"2024-12-06T18:47:37+00:00\" \/>\n<meta property=\"article:modified_time\" content=\"2024-12-06T18:47:44+00:00\" \/>\n<meta property=\"og:image\" content=\"https:\/\/informante.mx\/wp-content\/uploads\/2024\/12\/Ataque.jpg\" \/>\n\t<meta property=\"og:image:width\" content=\"1200\" \/>\n\t<meta property=\"og:image:height\" content=\"700\" \/>\n\t<meta property=\"og:image:type\" content=\"image\/jpeg\" \/>\n<meta name=\"author\" content=\"InformanteMX\" \/>\n<meta name=\"twitter:card\" content=\"summary_large_image\" \/>\n<meta name=\"twitter:creator\" content=\"@mx_informante\" \/>\n<meta name=\"twitter:site\" content=\"@mx_informante\" \/>\n<meta name=\"twitter:label1\" content=\"Escrito por\" \/>\n\t<meta name=\"twitter:data1\" content=\"InformanteMX\" \/>\n\t<meta name=\"twitter:label2\" content=\"Tiempo de lectura\" \/>\n\t<meta name=\"twitter:data2\" content=\"3 minutos\" \/>\n<script type=\"application\/ld+json\" class=\"yoast-schema-graph\">{\"@context\":\"https:\\\/\\\/schema.org\",\"@graph\":[{\"@type\":\"NewsArticle\",\"@id\":\"https:\\\/\\\/informante.mx\\\/?p=43143#article\",\"isPartOf\":{\"@id\":\"https:\\\/\\\/informante.mx\\\/?p=43143\"},\"author\":{\"name\":\"InformanteMX\",\"@id\":\"https:\\\/\\\/informante.mx\\\/#\\\/schema\\\/person\\\/3eff91989d2ea76b0a330b416325946c\"},\"headline\":\"Atacan a polic\u00edas estatales en Culiac\u00e1n; confirman cuatro heridos y un muerto\",\"datePublished\":\"2024-12-06T18:47:37+00:00\",\"dateModified\":\"2024-12-06T18:47:44+00:00\",\"mainEntityOfPage\":{\"@id\":\"https:\\\/\\\/informante.mx\\\/?p=43143\"},\"wordCount\":551,\"commentCount\":0,\"publisher\":{\"@id\":\"https:\\\/\\\/informante.mx\\\/#organization\"},\"image\":{\"@id\":\"https:\\\/\\\/informante.mx\\\/?p=43143#primaryimage\"},\"thumbnailUrl\":\"https:\\\/\\\/informante.mx\\\/wp-content\\\/uploads\\\/2024\\\/12\\\/Ataque.jpg\",\"keywords\":[\"Nacional\"],\"articleSection\":[\"Nacional\"],\"inLanguage\":\"es\",\"potentialAction\":[{\"@type\":\"CommentAction\",\"name\":\"Comment\",\"target\":[\"https:\\\/\\\/informante.mx\\\/?p=43143#respond\"]}]},{\"@type\":\"WebPage\",\"@id\":\"https:\\\/\\\/informante.mx\\\/?p=43143\",\"url\":\"https:\\\/\\\/informante.mx\\\/?p=43143\",\"name\":\"Atacan a polic\u00edas estatales en Culiac\u00e1n; confirman cuatro heridos y un muerto - Informante.mx\",\"isPartOf\":{\"@id\":\"https:\\\/\\\/informante.mx\\\/#website\"},\"primaryImageOfPage\":{\"@id\":\"https:\\\/\\\/informante.mx\\\/?p=43143#primaryimage\"},\"image\":{\"@id\":\"https:\\\/\\\/informante.mx\\\/?p=43143#primaryimage\"},\"thumbnailUrl\":\"https:\\\/\\\/informante.mx\\\/wp-content\\\/uploads\\\/2024\\\/12\\\/Ataque.jpg\",\"datePublished\":\"2024-12-06T18:47:37+00:00\",\"dateModified\":\"2024-12-06T18:47:44+00:00\",\"breadcrumb\":{\"@id\":\"https:\\\/\\\/informante.mx\\\/?p=43143#breadcrumb\"},\"inLanguage\":\"es\",\"potentialAction\":[{\"@type\":\"ReadAction\",\"target\":[\"https:\\\/\\\/informante.mx\\\/?p=43143\"]}]},{\"@type\":\"ImageObject\",\"inLanguage\":\"es\",\"@id\":\"https:\\\/\\\/informante.mx\\\/?p=43143#primaryimage\",\"url\":\"https:\\\/\\\/informante.mx\\\/wp-content\\\/uploads\\\/2024\\\/12\\\/Ataque.jpg\",\"contentUrl\":\"https:\\\/\\\/informante.mx\\\/wp-content\\\/uploads\\\/2024\\\/12\\\/Ataque.jpg\",\"width\":1200,\"height\":700},{\"@type\":\"BreadcrumbList\",\"@id\":\"https:\\\/\\\/informante.mx\\\/?p=43143#breadcrumb\",\"itemListElement\":[{\"@type\":\"ListItem\",\"position\":1,\"name\":\"Portada\",\"item\":\"https:\\\/\\\/informante.mx\\\/\"},{\"@type\":\"ListItem\",\"position\":2,\"name\":\"Atacan a polic\u00edas estatales en Culiac\u00e1n; confirman cuatro heridos y un muerto\"}]},{\"@type\":\"WebSite\",\"@id\":\"https:\\\/\\\/informante.mx\\\/#website\",\"url\":\"https:\\\/\\\/informante.mx\\\/\",\"name\":\"Informante.mx\",\"description\":\"\",\"publisher\":{\"@id\":\"https:\\\/\\\/informante.mx\\\/#organization\"},\"potentialAction\":[{\"@type\":\"SearchAction\",\"target\":{\"@type\":\"EntryPoint\",\"urlTemplate\":\"https:\\\/\\\/informante.mx\\\/?s={search_term_string}\"},\"query-input\":{\"@type\":\"PropertyValueSpecification\",\"valueRequired\":true,\"valueName\":\"search_term_string\"}}],\"inLanguage\":\"es\"},{\"@type\":\"Organization\",\"@id\":\"https:\\\/\\\/informante.mx\\\/#organization\",\"name\":\"Informante.mx\",\"url\":\"https:\\\/\\\/informante.mx\\\/\",\"logo\":{\"@type\":\"ImageObject\",\"inLanguage\":\"es\",\"@id\":\"https:\\\/\\\/informante.mx\\\/#\\\/schema\\\/logo\\\/image\\\/\",\"url\":\"https:\\\/\\\/informante.mx\\\/wp-content\\\/uploads\\\/2019\\\/12\\\/cropped-LOGO-Verde-Apaisado-1024x360O-1.png\",\"contentUrl\":\"https:\\\/\\\/informante.mx\\\/wp-content\\\/uploads\\\/2019\\\/12\\\/cropped-LOGO-Verde-Apaisado-1024x360O-1.png\",\"width\":923,\"height\":180,\"caption\":\"Informante.mx\"},\"image\":{\"@id\":\"https:\\\/\\\/informante.mx\\\/#\\\/schema\\\/logo\\\/image\\\/\"},\"sameAs\":[\"https:\\\/\\\/www.facebook.com\\\/MX.Informante\",\"https:\\\/\\\/x.com\\\/mx_informante\"]},{\"@type\":\"Person\",\"@id\":\"https:\\\/\\\/informante.mx\\\/#\\\/schema\\\/person\\\/3eff91989d2ea76b0a330b416325946c\",\"name\":\"InformanteMX\",\"image\":{\"@type\":\"ImageObject\",\"inLanguage\":\"es\",\"@id\":\"https:\\\/\\\/secure.gravatar.com\\\/avatar\\\/10d802aa739e832aedd2f3fd8544d878871eb22e6ca86fe9a548573e34a28f0e?s=96&d=mm&r=g\",\"url\":\"https:\\\/\\\/secure.gravatar.com\\\/avatar\\\/10d802aa739e832aedd2f3fd8544d878871eb22e6ca86fe9a548573e34a28f0e?s=96&d=mm&r=g\",\"contentUrl\":\"https:\\\/\\\/secure.gravatar.com\\\/avatar\\\/10d802aa739e832aedd2f3fd8544d878871eb22e6ca86fe9a548573e34a28f0e?s=96&d=mm&r=g\",\"caption\":\"InformanteMX\"},\"url\":\"https:\\\/\\\/informante.mx\\\/?author=1\"}]}<\/script>\n<!-- \/ Yoast SEO plugin. -->","yoast_head_json":{"title":"Atacan a polic\u00edas estatales en Culiac\u00e1n; confirman cuatro heridos y un muerto - Informante.mx","robots":{"index":"index","follow":"follow","max-snippet":"max-snippet:-1","max-image-preview":"max-image-preview:large","max-video-preview":"max-video-preview:-1"},"canonical":"https:\/\/informante.mx\/?p=43143","og_locale":"es_ES","og_type":"article","og_title":"Atacan a polic\u00edas estatales en Culiac\u00e1n; confirman cuatro heridos y un muerto - Informante.mx","og_description":"La agresi\u00f3n se registr\u00f3 en el sector Bachigualato, mientras decenas de personas se dirig\u00edan a sus trabajos y escuelas","og_url":"https:\/\/informante.mx\/?p=43143","og_site_name":"Informante.mx","article_publisher":"https:\/\/www.facebook.com\/MX.Informante","article_published_time":"2024-12-06T18:47:37+00:00","article_modified_time":"2024-12-06T18:47:44+00:00","og_image":[{"width":1200,"height":700,"url":"https:\/\/informante.mx\/wp-content\/uploads\/2024\/12\/Ataque.jpg","type":"image\/jpeg"}],"author":"InformanteMX","twitter_card":"summary_large_image","twitter_creator":"@mx_informante","twitter_site":"@mx_informante","twitter_misc":{"Escrito por":"InformanteMX","Tiempo de lectura":"3 minutos"},"schema":{"@context":"https:\/\/schema.org","@graph":[{"@type":"NewsArticle","@id":"https:\/\/informante.mx\/?p=43143#article","isPartOf":{"@id":"https:\/\/informante.mx\/?p=43143"},"author":{"name":"InformanteMX","@id":"https:\/\/informante.mx\/#\/schema\/person\/3eff91989d2ea76b0a330b416325946c"},"headline":"Atacan a polic\u00edas estatales en Culiac\u00e1n; confirman cuatro heridos y un muerto","datePublished":"2024-12-06T18:47:37+00:00","dateModified":"2024-12-06T18:47:44+00:00","mainEntityOfPage":{"@id":"https:\/\/informante.mx\/?p=43143"},"wordCount":551,"commentCount":0,"publisher":{"@id":"https:\/\/informante.mx\/#organization"},"image":{"@id":"https:\/\/informante.mx\/?p=43143#primaryimage"},"thumbnailUrl":"https:\/\/informante.mx\/wp-content\/uploads\/2024\/12\/Ataque.jpg","keywords":["Nacional"],"articleSection":["Nacional"],"inLanguage":"es","potentialAction":[{"@type":"CommentAction","name":"Comment","target":["https:\/\/informante.mx\/?p=43143#respond"]}]},{"@type":"WebPage","@id":"https:\/\/informante.mx\/?p=43143","url":"https:\/\/informante.mx\/?p=43143","name":"Atacan a polic\u00edas estatales en Culiac\u00e1n; confirman cuatro heridos y un muerto - Informante.mx","isPartOf":{"@id":"https:\/\/informante.mx\/#website"},"primaryImageOfPage":{"@id":"https:\/\/informante.mx\/?p=43143#primaryimage"},"image":{"@id":"https:\/\/informante.mx\/?p=43143#primaryimage"},"thumbnailUrl":"https:\/\/informante.mx\/wp-content\/uploads\/2024\/12\/Ataque.jpg","datePublished":"2024-12-06T18:47:37+00:00","dateModified":"2024-12-06T18:47:44+00:00","breadcrumb":{"@id":"https:\/\/informante.mx\/?p=43143#breadcrumb"},"inLanguage":"es","potentialAction":[{"@type":"ReadAction","target":["https:\/\/informante.mx\/?p=43143"]}]},{"@type":"ImageObject","inLanguage":"es","@id":"https:\/\/informante.mx\/?p=43143#primaryimage","url":"https:\/\/informante.mx\/wp-content\/uploads\/2024\/12\/Ataque.jpg","contentUrl":"https:\/\/informante.mx\/wp-content\/uploads\/2024\/12\/Ataque.jpg","width":1200,"height":700},{"@type":"BreadcrumbList","@id":"https:\/\/informante.mx\/?p=43143#breadcrumb","itemListElement":[{"@type":"ListItem","position":1,"name":"Portada","item":"https:\/\/informante.mx\/"},{"@type":"ListItem","position":2,"name":"Atacan a polic\u00edas estatales en Culiac\u00e1n; confirman cuatro heridos y un muerto"}]},{"@type":"WebSite","@id":"https:\/\/informante.mx\/#website","url":"https:\/\/informante.mx\/","name":"Informante.mx","description":"","publisher":{"@id":"https:\/\/informante.mx\/#organization"},"potentialAction":[{"@type":"SearchAction","target":{"@type":"EntryPoint","urlTemplate":"https:\/\/informante.mx\/?s={search_term_string}"},"query-input":{"@type":"PropertyValueSpecification","valueRequired":true,"valueName":"search_term_string"}}],"inLanguage":"es"},{"@type":"Organization","@id":"https:\/\/informante.mx\/#organization","name":"Informante.mx","url":"https:\/\/informante.mx\/","logo":{"@type":"ImageObject","inLanguage":"es","@id":"https:\/\/informante.mx\/#\/schema\/logo\/image\/","url":"https:\/\/informante.mx\/wp-content\/uploads\/2019\/12\/cropped-LOGO-Verde-Apaisado-1024x360O-1.png","contentUrl":"https:\/\/informante.mx\/wp-content\/uploads\/2019\/12\/cropped-LOGO-Verde-Apaisado-1024x360O-1.png","width":923,"height":180,"caption":"Informante.mx"},"image":{"@id":"https:\/\/informante.mx\/#\/schema\/logo\/image\/"},"sameAs":["https:\/\/www.facebook.com\/MX.Informante","https:\/\/x.com\/mx_informante"]},{"@type":"Person","@id":"https:\/\/informante.mx\/#\/schema\/person\/3eff91989d2ea76b0a330b416325946c","name":"InformanteMX","image":{"@type":"ImageObject","inLanguage":"es","@id":"https:\/\/secure.gravatar.com\/avatar\/10d802aa739e832aedd2f3fd8544d878871eb22e6ca86fe9a548573e34a28f0e?s=96&d=mm&r=g","url":"https:\/\/secure.gravatar.com\/avatar\/10d802aa739e832aedd2f3fd8544d878871eb22e6ca86fe9a548573e34a28f0e?s=96&d=mm&r=g","contentUrl":"https:\/\/secure.gravatar.com\/avatar\/10d802aa739e832aedd2f3fd8544d878871eb22e6ca86fe9a548573e34a28f0e?s=96&d=mm&r=g","caption":"InformanteMX"},"url":"https:\/\/informante.mx\/?author=1"}]}},"jetpack_featured_media_url":"https:\/\/informante.mx\/wp-content\/uploads\/2024\/12\/Ataque.jpg","uagb_featured_image_src":{"full":["https:\/\/informante.mx\/wp-content\/uploads\/2024\/12\/Ataque.jpg",1200,700,false],"thumbnail":["https:\/\/informante.mx\/wp-content\/uploads\/2024\/12\/Ataque-150x88.jpg",150,88,true],"medium":["https:\/\/informante.mx\/wp-content\/uploads\/2024\/12\/Ataque-300x175.jpg",300,175,true],"medium_large":["https:\/\/informante.mx\/wp-content\/uploads\/2024\/12\/Ataque-768x448.jpg",640,373,true],"large":["https:\/\/informante.mx\/wp-content\/uploads\/2024\/12\/Ataque-1024x597.jpg",640,373,true],"1536x1536":["https:\/\/informante.mx\/wp-content\/uploads\/2024\/12\/Ataque.jpg",1200,700,false],"2048x2048":["https:\/\/informante.mx\/wp-content\/uploads\/2024\/12\/Ataque.jpg",1200,700,false],"td_0x420":["https:\/\/informante.mx\/wp-content\/uploads\/2024\/12\/Ataque-720x420.jpg",720,420,true],"td_0x420_retina":["https:\/\/informante.mx\/wp-content\/uploads\/2024\/12\/Ataque.jpg",1200,700,false],"td_80x60":["https:\/\/informante.mx\/wp-content\/uploads\/2024\/12\/Ataque-80x60.jpg",80,60,true],"td_80x60_retina":["https:\/\/informante.mx\/wp-content\/uploads\/2024\/12\/Ataque-160x120.jpg",160,120,true],"td_100x75":["https:\/\/informante.mx\/wp-content\/uploads\/2024\/12\/Ataque-100x75.jpg",100,75,true],"td_100x75_retina":["https:\/\/informante.mx\/wp-content\/uploads\/2024\/12\/Ataque-200x150.jpg",200,150,true],"td_180x135":["https:\/\/informante.mx\/wp-content\/uploads\/2024\/12\/Ataque-180x135.jpg",180,135,true],"td_180x135_retina":["https:\/\/informante.mx\/wp-content\/uploads\/2024\/12\/Ataque-360x270.jpg",360,270,true],"td_238x178":["https:\/\/informante.mx\/wp-content\/uploads\/2024\/12\/Ataque-238x178.jpg",238,178,true],"td_238x178_retina":["https:\/\/informante.mx\/wp-content\/uploads\/2024\/12\/Ataque-476x356.jpg",476,356,true],"td_265x198":["https:\/\/informante.mx\/wp-content\/uploads\/2024\/12\/Ataque-265x198.jpg",265,198,true],"td_265x198_retina":["https:\/\/informante.mx\/wp-content\/uploads\/2024\/12\/Ataque-530x396.jpg",530,396,true],"td_300x160":["https:\/\/informante.mx\/wp-content\/uploads\/2024\/12\/Ataque-300x160.jpg",300,160,true],"td_300x160_retina":["https:\/\/informante.mx\/wp-content\/uploads\/2024\/12\/Ataque-600x320.jpg",600,320,true],"td_300x194":["https:\/\/informante.mx\/wp-content\/uploads\/2024\/12\/Ataque-300x194.jpg",300,194,true],"td_300x194_retina":["https:\/\/informante.mx\/wp-content\/uploads\/2024\/12\/Ataque-600x388.jpg",600,388,true],"td_300x350":["https:\/\/informante.mx\/wp-content\/uploads\/2024\/12\/Ataque-300x350.jpg",300,350,true],"td_300x350_retina":["https:\/\/informante.mx\/wp-content\/uploads\/2024\/12\/Ataque-600x700.jpg",600,700,true],"td_341x220":["https:\/\/informante.mx\/wp-content\/uploads\/2024\/12\/Ataque-341x220.jpg",341,220,true],"td_341x220_retina":["https:\/\/informante.mx\/wp-content\/uploads\/2024\/12\/Ataque-682x440.jpg",682,440,true],"td_341x400":["https:\/\/informante.mx\/wp-content\/uploads\/2024\/12\/Ataque-341x400.jpg",341,400,true],"td_341x400_retina":["https:\/\/informante.mx\/wp-content\/uploads\/2024\/12\/Ataque-682x700.jpg",682,700,true],"td_511x400":["https:\/\/informante.mx\/wp-content\/uploads\/2024\/12\/Ataque-511x400.jpg",511,400,true],"td_511x400_retina":["https:\/\/informante.mx\/wp-content\/uploads\/2024\/12\/Ataque-1022x700.jpg",1022,700,true],"td_537x360":["https:\/\/informante.mx\/wp-content\/uploads\/2024\/12\/Ataque-537x360.jpg",537,360,true],"td_537x360_retina":["https:\/\/informante.mx\/wp-content\/uploads\/2024\/12\/Ataque-1074x700.jpg",1074,700,true],"td_640x0":["https:\/\/informante.mx\/wp-content\/uploads\/2024\/12\/Ataque-640x373.jpg",640,373,true],"td_640x0_retina":["https:\/\/informante.mx\/wp-content\/uploads\/2024\/12\/Ataque.jpg",1200,700,false],"td_640x350":["https:\/\/informante.mx\/wp-content\/uploads\/2024\/12\/Ataque-640x350.jpg",640,350,true],"td_640x350_retina":["https:\/\/informante.mx\/wp-content\/uploads\/2024\/12\/Ataque.jpg",1200,700,false],"td_681x0":["https:\/\/informante.mx\/wp-content\/uploads\/2024\/12\/Ataque-681x397.jpg",681,397,true],"td_681x0_retina":["https:\/\/informante.mx\/wp-content\/uploads\/2024\/12\/Ataque.jpg",1200,700,false],"td_681x400":["https:\/\/informante.mx\/wp-content\/uploads\/2024\/12\/Ataque-681x400.jpg",681,400,true],"td_681x400_retina":["https:\/\/informante.mx\/wp-content\/uploads\/2024\/12\/Ataque.jpg",1200,700,false],"td_741x486":["https:\/\/informante.mx\/wp-content\/uploads\/2024\/12\/Ataque-741x486.jpg",741,486,true],"td_741x486_retina":["https:\/\/informante.mx\/wp-content\/uploads\/2024\/12\/Ataque.jpg",1200,700,false],"td_1021x580":["https:\/\/informante.mx\/wp-content\/uploads\/2024\/12\/Ataque-1021x580.jpg",1021,580,true],"td_1021x580_retina":["https:\/\/informante.mx\/wp-content\/uploads\/2024\/12\/Ataque.jpg",1200,700,false]},"uagb_author_info":{"display_name":"InformanteMX","author_link":"https:\/\/informante.mx\/?author=1"},"uagb_comment_info":0,"uagb_excerpt":"La agresi\u00f3n se registr\u00f3 en el sector Bachigualato, mientras decenas de personas se dirig\u00edan a sus trabajos y escuelas","_links":{"self":[{"href":"https:\/\/informante.mx\/index.php?rest_route=\/wp\/v2\/posts\/43143","targetHints":{"allow":["GET"]}}],"collection":[{"href":"https:\/\/informante.mx\/index.php?rest_route=\/wp\/v2\/posts"}],"about":[{"href":"https:\/\/informante.mx\/index.php?rest_route=\/wp\/v2\/types\/post"}],"author":[{"embeddable":true,"href":"https:\/\/informante.mx\/index.php?rest_route=\/wp\/v2\/users\/1"}],"replies":[{"embeddable":true,"href":"https:\/\/informante.mx\/index.php?rest_route=%2Fwp%2Fv2%2Fcomments&post=43143"}],"version-history":[{"count":1,"href":"https:\/\/informante.mx\/index.php?rest_route=\/wp\/v2\/posts\/43143\/revisions"}],"predecessor-version":[{"id":43145,"href":"https:\/\/informante.mx\/index.php?rest_route=\/wp\/v2\/posts\/43143\/revisions\/43145"}],"wp:featuredmedia":[{"embeddable":true,"href":"https:\/\/informante.mx\/index.php?rest_route=\/wp\/v2\/media\/43144"}],"wp:attachment":[{"href":"https:\/\/informante.mx\/index.php?rest_route=%2Fwp%2Fv2%2Fmedia&parent=43143"}],"wp:term":[{"taxonomy":"category","embeddable":true,"href":"https:\/\/informante.mx\/index.php?rest_route=%2Fwp%2Fv2%2Fcategories&post=43143"},{"taxonomy":"post_tag","embeddable":true,"href":"https:\/\/informante.mx\/index.php?rest_route=%2Fwp%2Fv2%2Ftags&post=43143"}],"curies":[{"name":"wp","href":"https:\/\/api.w.org\/{rel}","templated":true}]}}