{"id":43140,"date":"2024-12-06T11:39:11","date_gmt":"2024-12-06T17:39:11","guid":{"rendered":"https:\/\/informante.mx\/?p=43140"},"modified":"2024-12-06T11:39:19","modified_gmt":"2024-12-06T17:39:19","slug":"sheinbaum-confirma-suspension-de-empresa-de-alimentos-tras-muerte-de-ninos-por-brote-de-bacteria-klebsiella-es-muy-triste","status":"publish","type":"post","link":"https:\/\/informante.mx\/?p=43140","title":{"rendered":"Sheinbaum confirma suspensi\u00f3n de empresa de alimentos tras muerte de ni\u00f1os por brote de bacteria Klebsiella: \u201cEs muy triste\u201d"},"content":{"rendered":"\n<h2 class=\"wp-block-heading\">\u2022\u00a0La mandataria mexicana inform\u00f3 que se est\u00e1n haciendo los estudios de cultivos para saber cu\u00e1l es la causa<\/h2>\n\n\n\n<p><strong>Redacci\u00f3n Informante<\/strong><\/p>\n\n\n\n<p>Luego de la\u00a0<a href=\"https:\/\/informante.mx\/?p=43118\" target=\"_blank\" rel=\"noreferrer noopener\"><strong>muerte de al menos 13 pacientes\u00a0<\/strong><\/a>a causa de un brote de Infecci\u00f3n del Torrente Sangu\u00edneo<strong>\u00a0(ITS) provocado por la bacteria Klebsiella Oxytoca<\/strong>, la presidenta de M\u00e9xico,\u00a0<strong>Claudia Sheinbaum\u00a0<\/strong>confirm\u00f3 que se suspendi\u00f3 de forma inmediata al\u00a0<strong>proveedor de alimento<\/strong>\u00a0que provoc\u00f3 la presencia de la bacteria en hospitales del pa\u00eds.<\/p>\n\n\n\n<p>\u201cSe pidi\u00f3 que se suspendiera el contrato y registro de este alimento que se le da a los peque\u00f1itos.&nbsp;<strong>La mayor\u00eda son beb\u00e9s prematuros<\/strong>. Se suspendi\u00f3 a la empresa\u201d, explic\u00f3 la mandataria mexicana.<\/p>\n\n\n\n<p>Adem\u00e1s, destac\u00f3 que laComisi\u00f3n Federal para la Protecci\u00f3n contra Riesgos Sanitarios&nbsp;<strong>(Cofepris)&nbsp;<\/strong>mantiene las averiguaciones a fondo sobre los casos, para conocer m\u00e1s sobre los decesos de los menores.<\/p>\n\n\n\n<p>\u201cSe est\u00e1n haciendo los estudios de cultivos para saber cu\u00e1l es la<strong>&nbsp;causa<\/strong>\u201d, expres\u00f3 la Presidenta sobre la situaci\u00f3n que ha generado alerta en M\u00e9xico.<\/p>\n\n\n\n<p>Esto luego de que la Secretar\u00eda de Salud anunci\u00f3 que de acuerdo con algunas investigaciones iniciales, se prevpe una posible\u00a0<strong>contaminaci\u00f3n en las soluciones NPT de la empresa SAFE,\u00a0<\/strong>pero no se descartan otras hip\u00f3tesis. Los an\u00e1lisis en curso buscan identificar la fuente del brote y se mantiene un monitoreo permanente para descartar posibles brotes en otras entidades.<\/p>\n\n\n\n<div data-aos= \"fade\" data-aos-duration=\"400\" data-aos-delay=\"0\" data-aos-easing=\"ease\" data-aos-once=\"true\" class=\"wp-block-uagb-image aligncenter uagb-block-00bbdde4 wp-block-uagb-image--layout-default wp-block-uagb-image--effect-static wp-block-uagb-image--align-center\"><figure class=\"wp-block-uagb-image__figure\"><img decoding=\"async\"  sizes=\"auto, (max-width: 480px) 150px\" src=\"https:\/\/www.infobae.com\/resizer\/v2\/PY5ZRORAXBATDDRMQVCZFI27WU.png?auth=8537f0aa2884d9cbdb95cde5f9a1e6e7f5d51cde981a60422c9c5f5d60c76a6e&amp;smart=true&amp;width=992&amp;height=558&amp;quality=85\" alt=\"\" width=\"700\" height=\"500\" title=\"\" loading=\"lazy\" role=\"img\"\/><figcaption class=\"uagb-image-caption\"><em>Las bacterias transmiten a otras sus genes de resistencia, los cuales son adquiridos por la exposici\u00f3n constante a antibi\u00f3ticos. (CDC)<\/em><\/figcaption><\/figure><\/div>\n\n\n\n<p>Desde el podio de&nbsp;<strong>Palacio Nacional,<\/strong>&nbsp;la mandataria mexicana lament\u00f3 la muerte de todos los casos pedi\u00e1tricos, es decir, pacientes de entre<strong>&nbsp;0 y 14 a\u00f1os.<\/strong><\/p>\n\n\n\n<p><strong>\u201cEs muy triste que haya ocurrido esto<\/strong>.<strong>&nbsp;Se est\u00e1 investigando<\/strong>&nbsp;la causa de estos fallecimiento que se dieron no solo en un hospital sino en varios\u201d, declar\u00f3 la mandataria mexicana.<\/p>\n\n\n\n<p>Claudia Sheinbaum expres\u00f3 que en \u201ctodo momento\u201d el secretario de Salud,<strong>\u00a0David Kershenobich Stalnikowitz,\u00a0<\/strong>ha estado al tanto de las averiguaciones para conocer cu\u00e1l es la causa primordial que provoc\u00f3 el <strong>fallecimiento de los ni\u00f1os.<\/strong><\/p>\n\n\n\n<p>Al respecto, la Secretar\u00eda de Salud (SSa) inform\u00f3 que se han identificado 20 casos pedi\u00e1tricos. De los cuales, 15 de ellos fueron confirmados y 13 han terminado en defunciones.<\/p>\n\n\n\n<p>El pasado jueves 5 de diciembre, la Secretar\u00eda de Salud, a trav\u00e9s de la Direcci\u00f3n General de Epidemiolog\u00eda (DGE), inform\u00f3 sobre la detecci\u00f3n y atenci\u00f3n de un brote de Infecci\u00f3n del Torrente Sangu\u00edneo (ITS) provocado por la bacteria Klebsiella oxytoca multidrogo resistente, relacionado a posible contaminaci\u00f3n de Nutrici\u00f3n Parenteral (NPT) o de los insumos para su aplicaci\u00f3n en cuatro hospitales del&nbsp;<strong>Estado de M\u00e9xico: tres p\u00fablicos y una cl\u00ednica privada.<\/strong><\/p>\n\n\n\n<p>Sobre el brote de la infecci\u00f3n, la SSa explic\u00f3 que est\u00e1 vinculado con la aplicaci\u00f3n de&nbsp;<strong>soluciones intravenosas<\/strong>&nbsp;de nutrici\u00f3n parenteral o con los insumos utilizados para su aplicaci\u00f3n que podr\u00edan estar contaminados.<\/p>\n\n\n\n<hr class=\"wp-block-separator has-alpha-channel-opacity\"\/>\n\n\n\n<p class=\"has-text-align-center\" style=\"font-size:17px\"><strong><i>Toda la informaci\u00f3n que necesitas saber la encuentras en nuestras <\/i><strong style=\"\"><em style=\"font-style: italic;\">redes sociales y canal de <\/em><\/strong><\/strong><a href=\"https:\/\/t.me\/informantemx\" target=\"_blank\" rel=\"noreferrer noopener\"><strong><em>Telegram<\/em><\/strong><\/a>. <\/p>\n\n\n\n<p class=\"has-text-align-center\" style=\"font-size:17px\"><strong><em>!\u00danete!<\/em><\/strong><\/p>\n\n\n\n<div class=\"wp-block-uagb-image aligncenter uagb-block-3acd28e8 wp-block-uagb-image--layout-default wp-block-uagb-image--effect-zoomin wp-block-uagb-image--align-center\"><figure class=\"wp-block-uagb-image__figure\"><a class=\"\" href=\"https:\/\/t.me\/informantemx\" target=\"\" rel=\"noopener\"><img decoding=\"async\" srcset=\"https:\/\/informante.mx\/wp-content\/uploads\/2023\/08\/Banner-Telegram-Verde-800x60-1.png ,https:\/\/informante.mx\/wp-content\/uploads\/2023\/08\/Banner-Telegram-Verde-800x60-1.png 780w, https:\/\/informante.mx\/wp-content\/uploads\/2023\/08\/Banner-Telegram-Verde-800x60-1.png 360w\" sizes=\"auto, (max-width: 480px) 150px\" src=\"https:\/\/informante.mx\/wp-content\/uploads\/2023\/08\/Banner-Telegram-Verde-800x60-1.png\" alt=\"\" class=\"uag-image-23275\" width=\"800\" height=\"60\" title=\"\" loading=\"lazy\" role=\"img\"\/><\/a><\/figure><\/div>\n\n\n\n<div class=\"wp-block-uagb-image aligncenter uagb-block-45ea2b31 wp-block-uagb-image--layout-default wp-block-uagb-image--effect-zoomin wp-block-uagb-image--align-center\"><figure class=\"wp-block-uagb-image__figure\"><a class=\"\" href=\"https:\/\/www.facebook.com\/MX.Informante\" target=\"\" rel=\"noopener\"><img decoding=\"async\" srcset=\"https:\/\/informante.mx\/wp-content\/uploads\/2023\/08\/Banner-Facebook-Verde-800x60-1.png ,https:\/\/informante.mx\/wp-content\/uploads\/2023\/08\/Banner-Facebook-Verde-800x60-1.png 780w, https:\/\/informante.mx\/wp-content\/uploads\/2023\/08\/Banner-Facebook-Verde-800x60-1.png 360w\" sizes=\"auto, (max-width: 480px) 150px\" src=\"https:\/\/informante.mx\/wp-content\/uploads\/2023\/08\/Banner-Facebook-Verde-800x60-1.png\" alt=\"\" class=\"uag-image-23274\" width=\"800\" height=\"60\" title=\"\" loading=\"lazy\" role=\"img\"\/><\/a><\/figure><\/div>\n\n\n\n<div class=\"wp-block-uagb-image aligncenter uagb-block-2ce4c51b wp-block-uagb-image--layout-default wp-block-uagb-image--effect-zoomin wp-block-uagb-image--align-center\"><figure class=\"wp-block-uagb-image__figure\"><a class=\"\" href=\"https:\/\/twitter.com\/mx_informante\" target=\"\" rel=\"noopener\"><img decoding=\"async\" srcset=\"https:\/\/informante.mx\/wp-content\/uploads\/2023\/08\/Banner-Twitter-Verde-800x60-1.png ,https:\/\/informante.mx\/wp-content\/uploads\/2023\/08\/Banner-Twitter-Verde-800x60-1.png 780w, https:\/\/informante.mx\/wp-content\/uploads\/2023\/08\/Banner-Twitter-Verde-800x60-1.png 360w\" sizes=\"auto, (max-width: 480px) 150px\" src=\"https:\/\/informante.mx\/wp-content\/uploads\/2023\/08\/Banner-Twitter-Verde-800x60-1.png\" alt=\"\" class=\"uag-image-23273\" width=\"800\" height=\"60\" title=\"\" loading=\"lazy\" role=\"img\"\/><\/a><\/figure><\/div>\n\n\n\n<div style=\"height:50px\" aria-hidden=\"true\" class=\"wp-block-spacer\"><\/div>\n","protected":false},"excerpt":{"rendered":"<p>La mandataria mexicana inform\u00f3 que se est\u00e1n haciendo los estudios de cultivos para saber cu\u00e1l es la causa<\/p>\n","protected":false},"author":1,"featured_media":0,"comment_status":"open","ping_status":"closed","sticky":false,"template":"","format":"standard","meta":{"_uag_custom_page_level_css":"","jetpack_post_was_ever_published":false,"footnotes":""},"categories":[9],"tags":[31],"class_list":["post-43140","post","type-post","status-publish","format-standard","hentry","category-nacional","tag-nacional"],"yoast_head":"<!-- This site is optimized with the Yoast SEO plugin v27.3 - https:\/\/yoast.com\/product\/yoast-seo-wordpress\/ -->\n<title>Sheinbaum confirma suspensi\u00f3n de empresa de alimentos tras muerte de ni\u00f1os por brote de bacteria Klebsiella: \u201cEs muy triste\u201d - Informante.mx<\/title>\n<meta name=\"robots\" content=\"index, follow, max-snippet:-1, max-image-preview:large, max-video-preview:-1\" \/>\n<link rel=\"canonical\" href=\"https:\/\/informante.mx\/?p=43140\" \/>\n<meta property=\"og:locale\" content=\"es_ES\" \/>\n<meta property=\"og:type\" content=\"article\" \/>\n<meta property=\"og:title\" content=\"Sheinbaum confirma suspensi\u00f3n de empresa de alimentos tras muerte de ni\u00f1os por brote de bacteria Klebsiella: \u201cEs muy triste\u201d - Informante.mx\" \/>\n<meta property=\"og:description\" content=\"La mandataria mexicana inform\u00f3 que se est\u00e1n haciendo los estudios de cultivos para saber cu\u00e1l es la causa\" \/>\n<meta property=\"og:url\" content=\"https:\/\/informante.mx\/?p=43140\" \/>\n<meta property=\"og:site_name\" content=\"Informante.mx\" \/>\n<meta property=\"article:publisher\" content=\"https:\/\/www.facebook.com\/MX.Informante\" \/>\n<meta property=\"article:published_time\" content=\"2024-12-06T17:39:11+00:00\" \/>\n<meta property=\"article:modified_time\" content=\"2024-12-06T17:39:19+00:00\" \/>\n<meta property=\"og:image\" content=\"https:\/\/informante.mx\/wp-content\/uploads\/2024\/12\/MEdicoss.jpg\" \/>\n\t<meta property=\"og:image:width\" content=\"1200\" \/>\n\t<meta property=\"og:image:height\" content=\"700\" \/>\n\t<meta property=\"og:image:type\" content=\"image\/jpeg\" \/>\n<meta name=\"author\" content=\"InformanteMX\" \/>\n<meta name=\"twitter:card\" content=\"summary_large_image\" \/>\n<meta name=\"twitter:creator\" content=\"@mx_informante\" \/>\n<meta name=\"twitter:site\" content=\"@mx_informante\" \/>\n<meta name=\"twitter:label1\" content=\"Escrito por\" \/>\n\t<meta name=\"twitter:data1\" content=\"InformanteMX\" \/>\n\t<meta name=\"twitter:label2\" content=\"Tiempo de lectura\" \/>\n\t<meta name=\"twitter:data2\" content=\"3 minutos\" \/>\n<script type=\"application\/ld+json\" class=\"yoast-schema-graph\">{\"@context\":\"https:\\\/\\\/schema.org\",\"@graph\":[{\"@type\":\"NewsArticle\",\"@id\":\"https:\\\/\\\/informante.mx\\\/?p=43140#article\",\"isPartOf\":{\"@id\":\"https:\\\/\\\/informante.mx\\\/?p=43140\"},\"author\":{\"name\":\"InformanteMX\",\"@id\":\"https:\\\/\\\/informante.mx\\\/#\\\/schema\\\/person\\\/3eff91989d2ea76b0a330b416325946c\"},\"headline\":\"Sheinbaum confirma suspensi\u00f3n de empresa de alimentos tras muerte de ni\u00f1os por brote de bacteria Klebsiella: \u201cEs muy triste\u201d\",\"datePublished\":\"2024-12-06T17:39:11+00:00\",\"dateModified\":\"2024-12-06T17:39:19+00:00\",\"mainEntityOfPage\":{\"@id\":\"https:\\\/\\\/informante.mx\\\/?p=43140\"},\"wordCount\":534,\"commentCount\":0,\"publisher\":{\"@id\":\"https:\\\/\\\/informante.mx\\\/#organization\"},\"image\":{\"@id\":\"https:\\\/\\\/informante.mx\\\/?p=43140#primaryimage\"},\"thumbnailUrl\":\"https:\\\/\\\/www.infobae.com\\\/resizer\\\/v2\\\/PY5ZRORAXBATDDRMQVCZFI27WU.png?auth=8537f0aa2884d9cbdb95cde5f9a1e6e7f5d51cde981a60422c9c5f5d60c76a6e&amp;smart=true&amp;width=992&amp;height=558&amp;quality=85\",\"keywords\":[\"Nacional\"],\"articleSection\":[\"Nacional\"],\"inLanguage\":\"es\",\"potentialAction\":[{\"@type\":\"CommentAction\",\"name\":\"Comment\",\"target\":[\"https:\\\/\\\/informante.mx\\\/?p=43140#respond\"]}]},{\"@type\":\"WebPage\",\"@id\":\"https:\\\/\\\/informante.mx\\\/?p=43140\",\"url\":\"https:\\\/\\\/informante.mx\\\/?p=43140\",\"name\":\"Sheinbaum confirma suspensi\u00f3n de empresa de alimentos tras muerte de ni\u00f1os por brote de bacteria Klebsiella: \u201cEs muy triste\u201d - Informante.mx\",\"isPartOf\":{\"@id\":\"https:\\\/\\\/informante.mx\\\/#website\"},\"primaryImageOfPage\":{\"@id\":\"https:\\\/\\\/informante.mx\\\/?p=43140#primaryimage\"},\"image\":{\"@id\":\"https:\\\/\\\/informante.mx\\\/?p=43140#primaryimage\"},\"thumbnailUrl\":\"https:\\\/\\\/www.infobae.com\\\/resizer\\\/v2\\\/PY5ZRORAXBATDDRMQVCZFI27WU.png?auth=8537f0aa2884d9cbdb95cde5f9a1e6e7f5d51cde981a60422c9c5f5d60c76a6e&amp;smart=true&amp;width=992&amp;height=558&amp;quality=85\",\"datePublished\":\"2024-12-06T17:39:11+00:00\",\"dateModified\":\"2024-12-06T17:39:19+00:00\",\"breadcrumb\":{\"@id\":\"https:\\\/\\\/informante.mx\\\/?p=43140#breadcrumb\"},\"inLanguage\":\"es\",\"potentialAction\":[{\"@type\":\"ReadAction\",\"target\":[\"https:\\\/\\\/informante.mx\\\/?p=43140\"]}]},{\"@type\":\"ImageObject\",\"inLanguage\":\"es\",\"@id\":\"https:\\\/\\\/informante.mx\\\/?p=43140#primaryimage\",\"url\":\"https:\\\/\\\/www.infobae.com\\\/resizer\\\/v2\\\/PY5ZRORAXBATDDRMQVCZFI27WU.png?auth=8537f0aa2884d9cbdb95cde5f9a1e6e7f5d51cde981a60422c9c5f5d60c76a6e&amp;smart=true&amp;width=992&amp;height=558&amp;quality=85\",\"contentUrl\":\"https:\\\/\\\/www.infobae.com\\\/resizer\\\/v2\\\/PY5ZRORAXBATDDRMQVCZFI27WU.png?auth=8537f0aa2884d9cbdb95cde5f9a1e6e7f5d51cde981a60422c9c5f5d60c76a6e&amp;smart=true&amp;width=992&amp;height=558&amp;quality=85\"},{\"@type\":\"BreadcrumbList\",\"@id\":\"https:\\\/\\\/informante.mx\\\/?p=43140#breadcrumb\",\"itemListElement\":[{\"@type\":\"ListItem\",\"position\":1,\"name\":\"Portada\",\"item\":\"https:\\\/\\\/informante.mx\\\/\"},{\"@type\":\"ListItem\",\"position\":2,\"name\":\"Sheinbaum confirma suspensi\u00f3n de empresa de alimentos tras muerte de ni\u00f1os por brote de bacteria Klebsiella: \u201cEs muy triste\u201d\"}]},{\"@type\":\"WebSite\",\"@id\":\"https:\\\/\\\/informante.mx\\\/#website\",\"url\":\"https:\\\/\\\/informante.mx\\\/\",\"name\":\"Informante.mx\",\"description\":\"\",\"publisher\":{\"@id\":\"https:\\\/\\\/informante.mx\\\/#organization\"},\"potentialAction\":[{\"@type\":\"SearchAction\",\"target\":{\"@type\":\"EntryPoint\",\"urlTemplate\":\"https:\\\/\\\/informante.mx\\\/?s={search_term_string}\"},\"query-input\":{\"@type\":\"PropertyValueSpecification\",\"valueRequired\":true,\"valueName\":\"search_term_string\"}}],\"inLanguage\":\"es\"},{\"@type\":\"Organization\",\"@id\":\"https:\\\/\\\/informante.mx\\\/#organization\",\"name\":\"Informante.mx\",\"url\":\"https:\\\/\\\/informante.mx\\\/\",\"logo\":{\"@type\":\"ImageObject\",\"inLanguage\":\"es\",\"@id\":\"https:\\\/\\\/informante.mx\\\/#\\\/schema\\\/logo\\\/image\\\/\",\"url\":\"https:\\\/\\\/informante.mx\\\/wp-content\\\/uploads\\\/2019\\\/12\\\/cropped-LOGO-Verde-Apaisado-1024x360O-1.png\",\"contentUrl\":\"https:\\\/\\\/informante.mx\\\/wp-content\\\/uploads\\\/2019\\\/12\\\/cropped-LOGO-Verde-Apaisado-1024x360O-1.png\",\"width\":923,\"height\":180,\"caption\":\"Informante.mx\"},\"image\":{\"@id\":\"https:\\\/\\\/informante.mx\\\/#\\\/schema\\\/logo\\\/image\\\/\"},\"sameAs\":[\"https:\\\/\\\/www.facebook.com\\\/MX.Informante\",\"https:\\\/\\\/x.com\\\/mx_informante\"]},{\"@type\":\"Person\",\"@id\":\"https:\\\/\\\/informante.mx\\\/#\\\/schema\\\/person\\\/3eff91989d2ea76b0a330b416325946c\",\"name\":\"InformanteMX\",\"image\":{\"@type\":\"ImageObject\",\"inLanguage\":\"es\",\"@id\":\"https:\\\/\\\/secure.gravatar.com\\\/avatar\\\/10d802aa739e832aedd2f3fd8544d878871eb22e6ca86fe9a548573e34a28f0e?s=96&d=mm&r=g\",\"url\":\"https:\\\/\\\/secure.gravatar.com\\\/avatar\\\/10d802aa739e832aedd2f3fd8544d878871eb22e6ca86fe9a548573e34a28f0e?s=96&d=mm&r=g\",\"contentUrl\":\"https:\\\/\\\/secure.gravatar.com\\\/avatar\\\/10d802aa739e832aedd2f3fd8544d878871eb22e6ca86fe9a548573e34a28f0e?s=96&d=mm&r=g\",\"caption\":\"InformanteMX\"},\"url\":\"https:\\\/\\\/informante.mx\\\/?author=1\"}]}<\/script>\n<!-- \/ Yoast SEO plugin. -->","yoast_head_json":{"title":"Sheinbaum confirma suspensi\u00f3n de empresa de alimentos tras muerte de ni\u00f1os por brote de bacteria Klebsiella: \u201cEs muy triste\u201d - Informante.mx","robots":{"index":"index","follow":"follow","max-snippet":"max-snippet:-1","max-image-preview":"max-image-preview:large","max-video-preview":"max-video-preview:-1"},"canonical":"https:\/\/informante.mx\/?p=43140","og_locale":"es_ES","og_type":"article","og_title":"Sheinbaum confirma suspensi\u00f3n de empresa de alimentos tras muerte de ni\u00f1os por brote de bacteria Klebsiella: \u201cEs muy triste\u201d - Informante.mx","og_description":"La mandataria mexicana inform\u00f3 que se est\u00e1n haciendo los estudios de cultivos para saber cu\u00e1l es la causa","og_url":"https:\/\/informante.mx\/?p=43140","og_site_name":"Informante.mx","article_publisher":"https:\/\/www.facebook.com\/MX.Informante","article_published_time":"2024-12-06T17:39:11+00:00","article_modified_time":"2024-12-06T17:39:19+00:00","og_image":[{"width":1200,"height":700,"url":"https:\/\/informante.mx\/wp-content\/uploads\/2024\/12\/MEdicoss.jpg","type":"image\/jpeg"}],"author":"InformanteMX","twitter_card":"summary_large_image","twitter_creator":"@mx_informante","twitter_site":"@mx_informante","twitter_misc":{"Escrito por":"InformanteMX","Tiempo de lectura":"3 minutos"},"schema":{"@context":"https:\/\/schema.org","@graph":[{"@type":"NewsArticle","@id":"https:\/\/informante.mx\/?p=43140#article","isPartOf":{"@id":"https:\/\/informante.mx\/?p=43140"},"author":{"name":"InformanteMX","@id":"https:\/\/informante.mx\/#\/schema\/person\/3eff91989d2ea76b0a330b416325946c"},"headline":"Sheinbaum confirma suspensi\u00f3n de empresa de alimentos tras muerte de ni\u00f1os por brote de bacteria Klebsiella: \u201cEs muy triste\u201d","datePublished":"2024-12-06T17:39:11+00:00","dateModified":"2024-12-06T17:39:19+00:00","mainEntityOfPage":{"@id":"https:\/\/informante.mx\/?p=43140"},"wordCount":534,"commentCount":0,"publisher":{"@id":"https:\/\/informante.mx\/#organization"},"image":{"@id":"https:\/\/informante.mx\/?p=43140#primaryimage"},"thumbnailUrl":"https:\/\/www.infobae.com\/resizer\/v2\/PY5ZRORAXBATDDRMQVCZFI27WU.png?auth=8537f0aa2884d9cbdb95cde5f9a1e6e7f5d51cde981a60422c9c5f5d60c76a6e&amp;smart=true&amp;width=992&amp;height=558&amp;quality=85","keywords":["Nacional"],"articleSection":["Nacional"],"inLanguage":"es","potentialAction":[{"@type":"CommentAction","name":"Comment","target":["https:\/\/informante.mx\/?p=43140#respond"]}]},{"@type":"WebPage","@id":"https:\/\/informante.mx\/?p=43140","url":"https:\/\/informante.mx\/?p=43140","name":"Sheinbaum confirma suspensi\u00f3n de empresa de alimentos tras muerte de ni\u00f1os por brote de bacteria Klebsiella: \u201cEs muy triste\u201d - Informante.mx","isPartOf":{"@id":"https:\/\/informante.mx\/#website"},"primaryImageOfPage":{"@id":"https:\/\/informante.mx\/?p=43140#primaryimage"},"image":{"@id":"https:\/\/informante.mx\/?p=43140#primaryimage"},"thumbnailUrl":"https:\/\/www.infobae.com\/resizer\/v2\/PY5ZRORAXBATDDRMQVCZFI27WU.png?auth=8537f0aa2884d9cbdb95cde5f9a1e6e7f5d51cde981a60422c9c5f5d60c76a6e&amp;smart=true&amp;width=992&amp;height=558&amp;quality=85","datePublished":"2024-12-06T17:39:11+00:00","dateModified":"2024-12-06T17:39:19+00:00","breadcrumb":{"@id":"https:\/\/informante.mx\/?p=43140#breadcrumb"},"inLanguage":"es","potentialAction":[{"@type":"ReadAction","target":["https:\/\/informante.mx\/?p=43140"]}]},{"@type":"ImageObject","inLanguage":"es","@id":"https:\/\/informante.mx\/?p=43140#primaryimage","url":"https:\/\/www.infobae.com\/resizer\/v2\/PY5ZRORAXBATDDRMQVCZFI27WU.png?auth=8537f0aa2884d9cbdb95cde5f9a1e6e7f5d51cde981a60422c9c5f5d60c76a6e&amp;smart=true&amp;width=992&amp;height=558&amp;quality=85","contentUrl":"https:\/\/www.infobae.com\/resizer\/v2\/PY5ZRORAXBATDDRMQVCZFI27WU.png?auth=8537f0aa2884d9cbdb95cde5f9a1e6e7f5d51cde981a60422c9c5f5d60c76a6e&amp;smart=true&amp;width=992&amp;height=558&amp;quality=85"},{"@type":"BreadcrumbList","@id":"https:\/\/informante.mx\/?p=43140#breadcrumb","itemListElement":[{"@type":"ListItem","position":1,"name":"Portada","item":"https:\/\/informante.mx\/"},{"@type":"ListItem","position":2,"name":"Sheinbaum confirma suspensi\u00f3n de empresa de alimentos tras muerte de ni\u00f1os por brote de bacteria Klebsiella: \u201cEs muy triste\u201d"}]},{"@type":"WebSite","@id":"https:\/\/informante.mx\/#website","url":"https:\/\/informante.mx\/","name":"Informante.mx","description":"","publisher":{"@id":"https:\/\/informante.mx\/#organization"},"potentialAction":[{"@type":"SearchAction","target":{"@type":"EntryPoint","urlTemplate":"https:\/\/informante.mx\/?s={search_term_string}"},"query-input":{"@type":"PropertyValueSpecification","valueRequired":true,"valueName":"search_term_string"}}],"inLanguage":"es"},{"@type":"Organization","@id":"https:\/\/informante.mx\/#organization","name":"Informante.mx","url":"https:\/\/informante.mx\/","logo":{"@type":"ImageObject","inLanguage":"es","@id":"https:\/\/informante.mx\/#\/schema\/logo\/image\/","url":"https:\/\/informante.mx\/wp-content\/uploads\/2019\/12\/cropped-LOGO-Verde-Apaisado-1024x360O-1.png","contentUrl":"https:\/\/informante.mx\/wp-content\/uploads\/2019\/12\/cropped-LOGO-Verde-Apaisado-1024x360O-1.png","width":923,"height":180,"caption":"Informante.mx"},"image":{"@id":"https:\/\/informante.mx\/#\/schema\/logo\/image\/"},"sameAs":["https:\/\/www.facebook.com\/MX.Informante","https:\/\/x.com\/mx_informante"]},{"@type":"Person","@id":"https:\/\/informante.mx\/#\/schema\/person\/3eff91989d2ea76b0a330b416325946c","name":"InformanteMX","image":{"@type":"ImageObject","inLanguage":"es","@id":"https:\/\/secure.gravatar.com\/avatar\/10d802aa739e832aedd2f3fd8544d878871eb22e6ca86fe9a548573e34a28f0e?s=96&d=mm&r=g","url":"https:\/\/secure.gravatar.com\/avatar\/10d802aa739e832aedd2f3fd8544d878871eb22e6ca86fe9a548573e34a28f0e?s=96&d=mm&r=g","contentUrl":"https:\/\/secure.gravatar.com\/avatar\/10d802aa739e832aedd2f3fd8544d878871eb22e6ca86fe9a548573e34a28f0e?s=96&d=mm&r=g","caption":"InformanteMX"},"url":"https:\/\/informante.mx\/?author=1"}]}},"jetpack_featured_media_url":"","uagb_featured_image_src":{"full":false,"thumbnail":false,"medium":false,"medium_large":false,"large":false,"1536x1536":false,"2048x2048":false,"td_0x420":false,"td_0x420_retina":false,"td_80x60":false,"td_80x60_retina":false,"td_100x75":false,"td_100x75_retina":false,"td_180x135":false,"td_180x135_retina":false,"td_238x178":false,"td_238x178_retina":false,"td_265x198":false,"td_265x198_retina":false,"td_300x160":false,"td_300x160_retina":false,"td_300x194":false,"td_300x194_retina":false,"td_300x350":false,"td_300x350_retina":false,"td_341x220":false,"td_341x220_retina":false,"td_341x400":false,"td_341x400_retina":false,"td_511x400":false,"td_511x400_retina":false,"td_537x360":false,"td_537x360_retina":false,"td_640x0":false,"td_640x0_retina":false,"td_640x350":false,"td_640x350_retina":false,"td_681x0":false,"td_681x0_retina":false,"td_681x400":false,"td_681x400_retina":false,"td_741x486":false,"td_741x486_retina":false,"td_1021x580":false,"td_1021x580_retina":false},"uagb_author_info":{"display_name":"InformanteMX","author_link":"https:\/\/informante.mx\/?author=1"},"uagb_comment_info":0,"uagb_excerpt":"La mandataria mexicana inform\u00f3 que se est\u00e1n haciendo los estudios de cultivos para saber cu\u00e1l es la causa","_links":{"self":[{"href":"https:\/\/informante.mx\/index.php?rest_route=\/wp\/v2\/posts\/43140","targetHints":{"allow":["GET"]}}],"collection":[{"href":"https:\/\/informante.mx\/index.php?rest_route=\/wp\/v2\/posts"}],"about":[{"href":"https:\/\/informante.mx\/index.php?rest_route=\/wp\/v2\/types\/post"}],"author":[{"embeddable":true,"href":"https:\/\/informante.mx\/index.php?rest_route=\/wp\/v2\/users\/1"}],"replies":[{"embeddable":true,"href":"https:\/\/informante.mx\/index.php?rest_route=%2Fwp%2Fv2%2Fcomments&post=43140"}],"version-history":[{"count":1,"href":"https:\/\/informante.mx\/index.php?rest_route=\/wp\/v2\/posts\/43140\/revisions"}],"predecessor-version":[{"id":43142,"href":"https:\/\/informante.mx\/index.php?rest_route=\/wp\/v2\/posts\/43140\/revisions\/43142"}],"wp:attachment":[{"href":"https:\/\/informante.mx\/index.php?rest_route=%2Fwp%2Fv2%2Fmedia&parent=43140"}],"wp:term":[{"taxonomy":"category","embeddable":true,"href":"https:\/\/informante.mx\/index.php?rest_route=%2Fwp%2Fv2%2Fcategories&post=43140"},{"taxonomy":"post_tag","embeddable":true,"href":"https:\/\/informante.mx\/index.php?rest_route=%2Fwp%2Fv2%2Ftags&post=43140"}],"curies":[{"name":"wp","href":"https:\/\/api.w.org\/{rel}","templated":true}]}}