{"id":43121,"date":"2024-12-05T16:47:22","date_gmt":"2024-12-05T22:47:22","guid":{"rendered":"https:\/\/informante.mx\/?p=43121"},"modified":"2024-12-05T16:47:29","modified_gmt":"2024-12-05T22:47:29","slug":"mi-trabajo-y-mi-lealtad-son-para-el-congreso-y-veracruz-no-para-una-persona-domingo-bahena","status":"publish","type":"post","link":"https:\/\/informante.mx\/?p=43121","title":{"rendered":"Mi trabajo y mi lealtad son para el Congreso y Veracruz, no para una persona: Domingo Bahena"},"content":{"rendered":"\n<p><\/p>\n\n\n\n<p>Tras su nombramiento en el cargo como secretario general de la LXVII Legislatura y ser avalado por unanimidad del Pleno, el licenciado Domingo Bahena Corbal\u00e1 expres\u00f3: \u201cmi trabajo y lealtad siempre ha sido para que a Veracruz le vaya bien, no para una persona. Pondr\u00e9 mi experiencia, empe\u00f1o y dedicaci\u00f3n para conducir adecuadamente los trabajos de la Secretar\u00eda General, que es el \u00f3rgano responsable de la coordinaci\u00f3n y supervisi\u00f3n de los servicios del Congreso\u201d, asever\u00f3.<\/p>\n\n\n\n<p>En oriundo del municipio de J\u00e1ltipan que asume el cargo por tercera ocasi\u00f3n consecutiva, agradeci\u00f3 los 47 votos de las diputadas y los diputados, especialmente del presidente de la Junta de Coordinaci\u00f3n Pol\u00edtica (Jucopo), diputado Esteban Bautista Hern\u00e1ndez, \u201cla confianza que deposita en mi persona me incentiva para mejorar mi desempe\u00f1o, \u00e9l es una persona que viene de la lucha social y estoy seguro que har\u00e1 un gran trabajo en esta Legislatura\u201d.<\/p>\n\n\n\n<p>Por otra parte, anunci\u00f3 que continuar\u00e1 trabajando regido bajo los lineamientos y programa de trabajo del Congreso, coadyuvando al desarrollo de Veracruz y siguiendo las pol\u00edticas p\u00fablicas de la Gobernadora del Estado de Veracruz, ingeniera Roc\u00edo Nahle Garc\u00eda, as\u00ed como de la presidencia de la Rep\u00fablica, a cargo de la doctora Claudia Sheinbaum Pardo.<\/p>\n\n\n\n<p>Con relaci\u00f3n a las notas period\u00edsticas que, con motivo de su ratificaci\u00f3n en el cargo, han sido publicadas por inconformes, Bahena Corbal\u00e1 minimiz\u00f3 el hecho, toda vez que consider\u00f3 son evidentes los tintes pol\u00edticos y la intenci\u00f3n de desacreditar e intentar \u201cmeter ciza\u00f1a\u201d al interior de la administraci\u00f3n legislativa.<\/p>\n\n\n\n<p>Por consiguiente, exhort\u00f3 a hacer caso omiso de este tipo de publicaciones, porque \u201cas\u00ed como yo, hay funcionarios que hemos laborado en diferentes puestos, en los tres niveles de gobierno, durante administraciones diferentes y con siglas y movimientos pol\u00edticos diferentes, pero el trabajo y la \u00e9tica es la misma de todos los a\u00f1os, servir a la instituci\u00f3n\u201d<\/p>\n\n\n\n<p>El funcionario concluy\u00f3 precisando que \u201cpodr\u00e1n cambiar los protagonistas, pero el trabajo para el desarrollo y el bien de los veracruzanos est\u00e1 y estar\u00e1 siempre primero\u201d.<\/p>\n","protected":false},"excerpt":{"rendered":"<p>Agradece el secretario general del Poder Legislativo el respaldo del presidente de la Jucopo, diputado Esteban Bautista Hern\u00e1ndez.<\/p>\n","protected":false},"author":1,"featured_media":43122,"comment_status":"open","ping_status":"closed","sticky":false,"template":"","format":"standard","meta":{"_uag_custom_page_level_css":"","jetpack_post_was_ever_published":false,"footnotes":""},"categories":[4],"tags":[33],"class_list":["post-43121","post","type-post","status-publish","format-standard","has-post-thumbnail","hentry","category-estatal","tag-veracruz"],"yoast_head":"<!-- This site is optimized with the Yoast SEO plugin v27.3 - https:\/\/yoast.com\/product\/yoast-seo-wordpress\/ -->\n<title>Mi trabajo y mi lealtad son para el Congreso y Veracruz, no para una persona: Domingo Bahena - Informante.mx<\/title>\n<meta name=\"robots\" content=\"index, follow, max-snippet:-1, max-image-preview:large, max-video-preview:-1\" \/>\n<link rel=\"canonical\" href=\"https:\/\/informante.mx\/?p=43121\" \/>\n<meta property=\"og:locale\" content=\"es_ES\" \/>\n<meta property=\"og:type\" content=\"article\" \/>\n<meta property=\"og:title\" content=\"Mi trabajo y mi lealtad son para el Congreso y Veracruz, no para una persona: Domingo Bahena - Informante.mx\" \/>\n<meta property=\"og:description\" content=\"Agradece el secretario general del Poder Legislativo el respaldo del presidente de la Jucopo, diputado Esteban Bautista Hern\u00e1ndez.\" \/>\n<meta property=\"og:url\" content=\"https:\/\/informante.mx\/?p=43121\" \/>\n<meta property=\"og:site_name\" content=\"Informante.mx\" \/>\n<meta property=\"article:publisher\" content=\"https:\/\/www.facebook.com\/MX.Informante\" \/>\n<meta property=\"article:published_time\" content=\"2024-12-05T22:47:22+00:00\" \/>\n<meta property=\"article:modified_time\" content=\"2024-12-05T22:47:29+00:00\" \/>\n<meta property=\"og:image\" content=\"https:\/\/informante.mx\/wp-content\/uploads\/2024\/12\/Bahena.jpeg\" \/>\n\t<meta property=\"og:image:width\" content=\"1600\" \/>\n\t<meta property=\"og:image:height\" content=\"1200\" \/>\n\t<meta property=\"og:image:type\" content=\"image\/jpeg\" \/>\n<meta name=\"author\" content=\"InformanteMX\" \/>\n<meta name=\"twitter:card\" content=\"summary_large_image\" \/>\n<meta name=\"twitter:creator\" content=\"@mx_informante\" \/>\n<meta name=\"twitter:site\" content=\"@mx_informante\" \/>\n<meta name=\"twitter:label1\" content=\"Escrito por\" \/>\n\t<meta name=\"twitter:data1\" content=\"InformanteMX\" \/>\n\t<meta name=\"twitter:label2\" content=\"Tiempo de lectura\" \/>\n\t<meta name=\"twitter:data2\" content=\"2 minutos\" \/>\n<script type=\"application\/ld+json\" class=\"yoast-schema-graph\">{\"@context\":\"https:\\\/\\\/schema.org\",\"@graph\":[{\"@type\":\"NewsArticle\",\"@id\":\"https:\\\/\\\/informante.mx\\\/?p=43121#article\",\"isPartOf\":{\"@id\":\"https:\\\/\\\/informante.mx\\\/?p=43121\"},\"author\":{\"name\":\"InformanteMX\",\"@id\":\"https:\\\/\\\/informante.mx\\\/#\\\/schema\\\/person\\\/3eff91989d2ea76b0a330b416325946c\"},\"headline\":\"Mi trabajo y mi lealtad son para el Congreso y Veracruz, no para una persona: Domingo Bahena\",\"datePublished\":\"2024-12-05T22:47:22+00:00\",\"dateModified\":\"2024-12-05T22:47:29+00:00\",\"mainEntityOfPage\":{\"@id\":\"https:\\\/\\\/informante.mx\\\/?p=43121\"},\"wordCount\":376,\"commentCount\":0,\"publisher\":{\"@id\":\"https:\\\/\\\/informante.mx\\\/#organization\"},\"image\":{\"@id\":\"https:\\\/\\\/informante.mx\\\/?p=43121#primaryimage\"},\"thumbnailUrl\":\"https:\\\/\\\/informante.mx\\\/wp-content\\\/uploads\\\/2024\\\/12\\\/Bahena.jpeg\",\"keywords\":[\"Veracruz\"],\"articleSection\":[\"Estatal\"],\"inLanguage\":\"es\",\"potentialAction\":[{\"@type\":\"CommentAction\",\"name\":\"Comment\",\"target\":[\"https:\\\/\\\/informante.mx\\\/?p=43121#respond\"]}]},{\"@type\":\"WebPage\",\"@id\":\"https:\\\/\\\/informante.mx\\\/?p=43121\",\"url\":\"https:\\\/\\\/informante.mx\\\/?p=43121\",\"name\":\"Mi trabajo y mi lealtad son para el Congreso y Veracruz, no para una persona: Domingo Bahena - Informante.mx\",\"isPartOf\":{\"@id\":\"https:\\\/\\\/informante.mx\\\/#website\"},\"primaryImageOfPage\":{\"@id\":\"https:\\\/\\\/informante.mx\\\/?p=43121#primaryimage\"},\"image\":{\"@id\":\"https:\\\/\\\/informante.mx\\\/?p=43121#primaryimage\"},\"thumbnailUrl\":\"https:\\\/\\\/informante.mx\\\/wp-content\\\/uploads\\\/2024\\\/12\\\/Bahena.jpeg\",\"datePublished\":\"2024-12-05T22:47:22+00:00\",\"dateModified\":\"2024-12-05T22:47:29+00:00\",\"breadcrumb\":{\"@id\":\"https:\\\/\\\/informante.mx\\\/?p=43121#breadcrumb\"},\"inLanguage\":\"es\",\"potentialAction\":[{\"@type\":\"ReadAction\",\"target\":[\"https:\\\/\\\/informante.mx\\\/?p=43121\"]}]},{\"@type\":\"ImageObject\",\"inLanguage\":\"es\",\"@id\":\"https:\\\/\\\/informante.mx\\\/?p=43121#primaryimage\",\"url\":\"https:\\\/\\\/informante.mx\\\/wp-content\\\/uploads\\\/2024\\\/12\\\/Bahena.jpeg\",\"contentUrl\":\"https:\\\/\\\/informante.mx\\\/wp-content\\\/uploads\\\/2024\\\/12\\\/Bahena.jpeg\",\"width\":1600,\"height\":1200},{\"@type\":\"BreadcrumbList\",\"@id\":\"https:\\\/\\\/informante.mx\\\/?p=43121#breadcrumb\",\"itemListElement\":[{\"@type\":\"ListItem\",\"position\":1,\"name\":\"Portada\",\"item\":\"https:\\\/\\\/informante.mx\\\/\"},{\"@type\":\"ListItem\",\"position\":2,\"name\":\"Mi trabajo y mi lealtad son para el Congreso y Veracruz, no para una persona: Domingo Bahena\"}]},{\"@type\":\"WebSite\",\"@id\":\"https:\\\/\\\/informante.mx\\\/#website\",\"url\":\"https:\\\/\\\/informante.mx\\\/\",\"name\":\"Informante.mx\",\"description\":\"\",\"publisher\":{\"@id\":\"https:\\\/\\\/informante.mx\\\/#organization\"},\"potentialAction\":[{\"@type\":\"SearchAction\",\"target\":{\"@type\":\"EntryPoint\",\"urlTemplate\":\"https:\\\/\\\/informante.mx\\\/?s={search_term_string}\"},\"query-input\":{\"@type\":\"PropertyValueSpecification\",\"valueRequired\":true,\"valueName\":\"search_term_string\"}}],\"inLanguage\":\"es\"},{\"@type\":\"Organization\",\"@id\":\"https:\\\/\\\/informante.mx\\\/#organization\",\"name\":\"Informante.mx\",\"url\":\"https:\\\/\\\/informante.mx\\\/\",\"logo\":{\"@type\":\"ImageObject\",\"inLanguage\":\"es\",\"@id\":\"https:\\\/\\\/informante.mx\\\/#\\\/schema\\\/logo\\\/image\\\/\",\"url\":\"https:\\\/\\\/informante.mx\\\/wp-content\\\/uploads\\\/2019\\\/12\\\/cropped-LOGO-Verde-Apaisado-1024x360O-1.png\",\"contentUrl\":\"https:\\\/\\\/informante.mx\\\/wp-content\\\/uploads\\\/2019\\\/12\\\/cropped-LOGO-Verde-Apaisado-1024x360O-1.png\",\"width\":923,\"height\":180,\"caption\":\"Informante.mx\"},\"image\":{\"@id\":\"https:\\\/\\\/informante.mx\\\/#\\\/schema\\\/logo\\\/image\\\/\"},\"sameAs\":[\"https:\\\/\\\/www.facebook.com\\\/MX.Informante\",\"https:\\\/\\\/x.com\\\/mx_informante\"]},{\"@type\":\"Person\",\"@id\":\"https:\\\/\\\/informante.mx\\\/#\\\/schema\\\/person\\\/3eff91989d2ea76b0a330b416325946c\",\"name\":\"InformanteMX\",\"image\":{\"@type\":\"ImageObject\",\"inLanguage\":\"es\",\"@id\":\"https:\\\/\\\/secure.gravatar.com\\\/avatar\\\/10d802aa739e832aedd2f3fd8544d878871eb22e6ca86fe9a548573e34a28f0e?s=96&d=mm&r=g\",\"url\":\"https:\\\/\\\/secure.gravatar.com\\\/avatar\\\/10d802aa739e832aedd2f3fd8544d878871eb22e6ca86fe9a548573e34a28f0e?s=96&d=mm&r=g\",\"contentUrl\":\"https:\\\/\\\/secure.gravatar.com\\\/avatar\\\/10d802aa739e832aedd2f3fd8544d878871eb22e6ca86fe9a548573e34a28f0e?s=96&d=mm&r=g\",\"caption\":\"InformanteMX\"},\"url\":\"https:\\\/\\\/informante.mx\\\/?author=1\"}]}<\/script>\n<!-- \/ Yoast SEO plugin. -->","yoast_head_json":{"title":"Mi trabajo y mi lealtad son para el Congreso y Veracruz, no para una persona: Domingo Bahena - Informante.mx","robots":{"index":"index","follow":"follow","max-snippet":"max-snippet:-1","max-image-preview":"max-image-preview:large","max-video-preview":"max-video-preview:-1"},"canonical":"https:\/\/informante.mx\/?p=43121","og_locale":"es_ES","og_type":"article","og_title":"Mi trabajo y mi lealtad son para el Congreso y Veracruz, no para una persona: Domingo Bahena - Informante.mx","og_description":"Agradece el secretario general del Poder Legislativo el respaldo del presidente de la Jucopo, diputado Esteban Bautista Hern\u00e1ndez.","og_url":"https:\/\/informante.mx\/?p=43121","og_site_name":"Informante.mx","article_publisher":"https:\/\/www.facebook.com\/MX.Informante","article_published_time":"2024-12-05T22:47:22+00:00","article_modified_time":"2024-12-05T22:47:29+00:00","og_image":[{"width":1600,"height":1200,"url":"https:\/\/informante.mx\/wp-content\/uploads\/2024\/12\/Bahena.jpeg","type":"image\/jpeg"}],"author":"InformanteMX","twitter_card":"summary_large_image","twitter_creator":"@mx_informante","twitter_site":"@mx_informante","twitter_misc":{"Escrito por":"InformanteMX","Tiempo de lectura":"2 minutos"},"schema":{"@context":"https:\/\/schema.org","@graph":[{"@type":"NewsArticle","@id":"https:\/\/informante.mx\/?p=43121#article","isPartOf":{"@id":"https:\/\/informante.mx\/?p=43121"},"author":{"name":"InformanteMX","@id":"https:\/\/informante.mx\/#\/schema\/person\/3eff91989d2ea76b0a330b416325946c"},"headline":"Mi trabajo y mi lealtad son para el Congreso y Veracruz, no para una persona: Domingo Bahena","datePublished":"2024-12-05T22:47:22+00:00","dateModified":"2024-12-05T22:47:29+00:00","mainEntityOfPage":{"@id":"https:\/\/informante.mx\/?p=43121"},"wordCount":376,"commentCount":0,"publisher":{"@id":"https:\/\/informante.mx\/#organization"},"image":{"@id":"https:\/\/informante.mx\/?p=43121#primaryimage"},"thumbnailUrl":"https:\/\/informante.mx\/wp-content\/uploads\/2024\/12\/Bahena.jpeg","keywords":["Veracruz"],"articleSection":["Estatal"],"inLanguage":"es","potentialAction":[{"@type":"CommentAction","name":"Comment","target":["https:\/\/informante.mx\/?p=43121#respond"]}]},{"@type":"WebPage","@id":"https:\/\/informante.mx\/?p=43121","url":"https:\/\/informante.mx\/?p=43121","name":"Mi trabajo y mi lealtad son para el Congreso y Veracruz, no para una persona: Domingo Bahena - Informante.mx","isPartOf":{"@id":"https:\/\/informante.mx\/#website"},"primaryImageOfPage":{"@id":"https:\/\/informante.mx\/?p=43121#primaryimage"},"image":{"@id":"https:\/\/informante.mx\/?p=43121#primaryimage"},"thumbnailUrl":"https:\/\/informante.mx\/wp-content\/uploads\/2024\/12\/Bahena.jpeg","datePublished":"2024-12-05T22:47:22+00:00","dateModified":"2024-12-05T22:47:29+00:00","breadcrumb":{"@id":"https:\/\/informante.mx\/?p=43121#breadcrumb"},"inLanguage":"es","potentialAction":[{"@type":"ReadAction","target":["https:\/\/informante.mx\/?p=43121"]}]},{"@type":"ImageObject","inLanguage":"es","@id":"https:\/\/informante.mx\/?p=43121#primaryimage","url":"https:\/\/informante.mx\/wp-content\/uploads\/2024\/12\/Bahena.jpeg","contentUrl":"https:\/\/informante.mx\/wp-content\/uploads\/2024\/12\/Bahena.jpeg","width":1600,"height":1200},{"@type":"BreadcrumbList","@id":"https:\/\/informante.mx\/?p=43121#breadcrumb","itemListElement":[{"@type":"ListItem","position":1,"name":"Portada","item":"https:\/\/informante.mx\/"},{"@type":"ListItem","position":2,"name":"Mi trabajo y mi lealtad son para el Congreso y Veracruz, no para una persona: Domingo Bahena"}]},{"@type":"WebSite","@id":"https:\/\/informante.mx\/#website","url":"https:\/\/informante.mx\/","name":"Informante.mx","description":"","publisher":{"@id":"https:\/\/informante.mx\/#organization"},"potentialAction":[{"@type":"SearchAction","target":{"@type":"EntryPoint","urlTemplate":"https:\/\/informante.mx\/?s={search_term_string}"},"query-input":{"@type":"PropertyValueSpecification","valueRequired":true,"valueName":"search_term_string"}}],"inLanguage":"es"},{"@type":"Organization","@id":"https:\/\/informante.mx\/#organization","name":"Informante.mx","url":"https:\/\/informante.mx\/","logo":{"@type":"ImageObject","inLanguage":"es","@id":"https:\/\/informante.mx\/#\/schema\/logo\/image\/","url":"https:\/\/informante.mx\/wp-content\/uploads\/2019\/12\/cropped-LOGO-Verde-Apaisado-1024x360O-1.png","contentUrl":"https:\/\/informante.mx\/wp-content\/uploads\/2019\/12\/cropped-LOGO-Verde-Apaisado-1024x360O-1.png","width":923,"height":180,"caption":"Informante.mx"},"image":{"@id":"https:\/\/informante.mx\/#\/schema\/logo\/image\/"},"sameAs":["https:\/\/www.facebook.com\/MX.Informante","https:\/\/x.com\/mx_informante"]},{"@type":"Person","@id":"https:\/\/informante.mx\/#\/schema\/person\/3eff91989d2ea76b0a330b416325946c","name":"InformanteMX","image":{"@type":"ImageObject","inLanguage":"es","@id":"https:\/\/secure.gravatar.com\/avatar\/10d802aa739e832aedd2f3fd8544d878871eb22e6ca86fe9a548573e34a28f0e?s=96&d=mm&r=g","url":"https:\/\/secure.gravatar.com\/avatar\/10d802aa739e832aedd2f3fd8544d878871eb22e6ca86fe9a548573e34a28f0e?s=96&d=mm&r=g","contentUrl":"https:\/\/secure.gravatar.com\/avatar\/10d802aa739e832aedd2f3fd8544d878871eb22e6ca86fe9a548573e34a28f0e?s=96&d=mm&r=g","caption":"InformanteMX"},"url":"https:\/\/informante.mx\/?author=1"}]}},"jetpack_featured_media_url":"https:\/\/informante.mx\/wp-content\/uploads\/2024\/12\/Bahena.jpeg","uagb_featured_image_src":{"full":["https:\/\/informante.mx\/wp-content\/uploads\/2024\/12\/Bahena.jpeg",1600,1200,false],"thumbnail":["https:\/\/informante.mx\/wp-content\/uploads\/2024\/12\/Bahena-150x113.jpeg",150,113,true],"medium":["https:\/\/informante.mx\/wp-content\/uploads\/2024\/12\/Bahena-300x225.jpeg",300,225,true],"medium_large":["https:\/\/informante.mx\/wp-content\/uploads\/2024\/12\/Bahena-768x576.jpeg",640,480,true],"large":["https:\/\/informante.mx\/wp-content\/uploads\/2024\/12\/Bahena-1024x768.jpeg",640,480,true],"1536x1536":["https:\/\/informante.mx\/wp-content\/uploads\/2024\/12\/Bahena-1536x1152.jpeg",1536,1152,true],"2048x2048":["https:\/\/informante.mx\/wp-content\/uploads\/2024\/12\/Bahena.jpeg",1600,1200,false],"td_0x420":["https:\/\/informante.mx\/wp-content\/uploads\/2024\/12\/Bahena-560x420.jpeg",560,420,true],"td_0x420_retina":["https:\/\/informante.mx\/wp-content\/uploads\/2024\/12\/Bahena-1120x840.jpeg",1120,840,true],"td_80x60":["https:\/\/informante.mx\/wp-content\/uploads\/2024\/12\/Bahena-80x60.jpeg",80,60,true],"td_80x60_retina":["https:\/\/informante.mx\/wp-content\/uploads\/2024\/12\/Bahena-160x120.jpeg",160,120,true],"td_100x75":["https:\/\/informante.mx\/wp-content\/uploads\/2024\/12\/Bahena-100x75.jpeg",100,75,true],"td_100x75_retina":["https:\/\/informante.mx\/wp-content\/uploads\/2024\/12\/Bahena-200x150.jpeg",200,150,true],"td_180x135":["https:\/\/informante.mx\/wp-content\/uploads\/2024\/12\/Bahena-180x135.jpeg",180,135,true],"td_180x135_retina":["https:\/\/informante.mx\/wp-content\/uploads\/2024\/12\/Bahena-360x270.jpeg",360,270,true],"td_238x178":["https:\/\/informante.mx\/wp-content\/uploads\/2024\/12\/Bahena-238x178.jpeg",238,178,true],"td_238x178_retina":["https:\/\/informante.mx\/wp-content\/uploads\/2024\/12\/Bahena-476x356.jpeg",476,356,true],"td_265x198":["https:\/\/informante.mx\/wp-content\/uploads\/2024\/12\/Bahena-265x198.jpeg",265,198,true],"td_265x198_retina":["https:\/\/informante.mx\/wp-content\/uploads\/2024\/12\/Bahena-530x396.jpeg",530,396,true],"td_300x160":["https:\/\/informante.mx\/wp-content\/uploads\/2024\/12\/Bahena-300x160.jpeg",300,160,true],"td_300x160_retina":["https:\/\/informante.mx\/wp-content\/uploads\/2024\/12\/Bahena-600x320.jpeg",600,320,true],"td_300x194":["https:\/\/informante.mx\/wp-content\/uploads\/2024\/12\/Bahena-300x194.jpeg",300,194,true],"td_300x194_retina":["https:\/\/informante.mx\/wp-content\/uploads\/2024\/12\/Bahena-600x388.jpeg",600,388,true],"td_300x350":["https:\/\/informante.mx\/wp-content\/uploads\/2024\/12\/Bahena-300x350.jpeg",300,350,true],"td_300x350_retina":["https:\/\/informante.mx\/wp-content\/uploads\/2024\/12\/Bahena-600x700.jpeg",600,700,true],"td_341x220":["https:\/\/informante.mx\/wp-content\/uploads\/2024\/12\/Bahena-341x220.jpeg",341,220,true],"td_341x220_retina":["https:\/\/informante.mx\/wp-content\/uploads\/2024\/12\/Bahena-682x440.jpeg",682,440,true],"td_341x400":["https:\/\/informante.mx\/wp-content\/uploads\/2024\/12\/Bahena-341x400.jpeg",341,400,true],"td_341x400_retina":["https:\/\/informante.mx\/wp-content\/uploads\/2024\/12\/Bahena-682x800.jpeg",682,800,true],"td_511x400":["https:\/\/informante.mx\/wp-content\/uploads\/2024\/12\/Bahena-511x400.jpeg",511,400,true],"td_511x400_retina":["https:\/\/informante.mx\/wp-content\/uploads\/2024\/12\/Bahena-1022x800.jpeg",1022,800,true],"td_537x360":["https:\/\/informante.mx\/wp-content\/uploads\/2024\/12\/Bahena-537x360.jpeg",537,360,true],"td_537x360_retina":["https:\/\/informante.mx\/wp-content\/uploads\/2024\/12\/Bahena-1074x720.jpeg",1074,720,true],"td_640x0":["https:\/\/informante.mx\/wp-content\/uploads\/2024\/12\/Bahena-640x480.jpeg",640,480,true],"td_640x0_retina":["https:\/\/informante.mx\/wp-content\/uploads\/2024\/12\/Bahena-1280x960.jpeg",1280,960,true],"td_640x350":["https:\/\/informante.mx\/wp-content\/uploads\/2024\/12\/Bahena-640x350.jpeg",640,350,true],"td_640x350_retina":["https:\/\/informante.mx\/wp-content\/uploads\/2024\/12\/Bahena-1280x700.jpeg",1280,700,true],"td_681x0":["https:\/\/informante.mx\/wp-content\/uploads\/2024\/12\/Bahena-681x511.jpeg",681,511,true],"td_681x0_retina":["https:\/\/informante.mx\/wp-content\/uploads\/2024\/12\/Bahena-1362x1022.jpeg",1362,1022,true],"td_681x400":["https:\/\/informante.mx\/wp-content\/uploads\/2024\/12\/Bahena-681x400.jpeg",681,400,true],"td_681x400_retina":["https:\/\/informante.mx\/wp-content\/uploads\/2024\/12\/Bahena-1362x800.jpeg",1362,800,true],"td_741x486":["https:\/\/informante.mx\/wp-content\/uploads\/2024\/12\/Bahena-741x486.jpeg",741,486,true],"td_741x486_retina":["https:\/\/informante.mx\/wp-content\/uploads\/2024\/12\/Bahena-1482x972.jpeg",1482,972,true],"td_1021x580":["https:\/\/informante.mx\/wp-content\/uploads\/2024\/12\/Bahena-1021x580.jpeg",1021,580,true],"td_1021x580_retina":["https:\/\/informante.mx\/wp-content\/uploads\/2024\/12\/Bahena-1600x1160.jpeg",1600,1160,true]},"uagb_author_info":{"display_name":"InformanteMX","author_link":"https:\/\/informante.mx\/?author=1"},"uagb_comment_info":0,"uagb_excerpt":"Agradece el secretario general del Poder Legislativo el respaldo del presidente de la Jucopo, diputado Esteban Bautista Hern\u00e1ndez.","_links":{"self":[{"href":"https:\/\/informante.mx\/index.php?rest_route=\/wp\/v2\/posts\/43121","targetHints":{"allow":["GET"]}}],"collection":[{"href":"https:\/\/informante.mx\/index.php?rest_route=\/wp\/v2\/posts"}],"about":[{"href":"https:\/\/informante.mx\/index.php?rest_route=\/wp\/v2\/types\/post"}],"author":[{"embeddable":true,"href":"https:\/\/informante.mx\/index.php?rest_route=\/wp\/v2\/users\/1"}],"replies":[{"embeddable":true,"href":"https:\/\/informante.mx\/index.php?rest_route=%2Fwp%2Fv2%2Fcomments&post=43121"}],"version-history":[{"count":1,"href":"https:\/\/informante.mx\/index.php?rest_route=\/wp\/v2\/posts\/43121\/revisions"}],"predecessor-version":[{"id":43123,"href":"https:\/\/informante.mx\/index.php?rest_route=\/wp\/v2\/posts\/43121\/revisions\/43123"}],"wp:featuredmedia":[{"embeddable":true,"href":"https:\/\/informante.mx\/index.php?rest_route=\/wp\/v2\/media\/43122"}],"wp:attachment":[{"href":"https:\/\/informante.mx\/index.php?rest_route=%2Fwp%2Fv2%2Fmedia&parent=43121"}],"wp:term":[{"taxonomy":"category","embeddable":true,"href":"https:\/\/informante.mx\/index.php?rest_route=%2Fwp%2Fv2%2Fcategories&post=43121"},{"taxonomy":"post_tag","embeddable":true,"href":"https:\/\/informante.mx\/index.php?rest_route=%2Fwp%2Fv2%2Ftags&post=43121"}],"curies":[{"name":"wp","href":"https:\/\/api.w.org\/{rel}","templated":true}]}}