{"id":43046,"date":"2024-12-05T17:48:23","date_gmt":"2024-12-05T23:48:23","guid":{"rendered":"https:\/\/informante.mx\/?p=43046"},"modified":"2024-12-05T13:28:04","modified_gmt":"2024-12-05T19:28:04","slug":"exhorta-diputado-a-conformar-el-consejo-estatal-para-personas-con-discapacidad","status":"publish","type":"post","link":"https:\/\/informante.mx\/?p=43046","title":{"rendered":"Exhorta diputado a conformar el Consejo Estatal para Personas con Discapacidad"},"content":{"rendered":"\n<h2 class=\"wp-block-heading\">\u2022 Los poderes Ejecutivo y Judicial, as\u00ed como la UV, deben acreditar a los integrantes de dicho \u00f3rgano: H\u00e9ctor Yunes<\/h2>\n\n\n\n<p><strong>Redacci\u00f3n Informante<\/strong><\/p>\n\n\n\n<p>En la octava sesi\u00f3n, el diputado H\u00e9ctor Yunes Landa present\u00f3 un Anteproyecto con Punto de Acuerdo que prev\u00e9 exhortar a las titulares de los Poderes Ejecutivo y Judicial, as\u00ed como a la Universidad Veracruzana (UV), para que acrediten a los integrantes que forman parte del Consejo Estatal para las Personas con Discapacidad.<\/p>\n\n\n\n<p>En consecuencia, el legislador propone solicitar a la Junta de Coordinaci\u00f3n Pol\u00edtica (Jucopo) para que, previa convocatoria y con intervenci\u00f3n de la Comisi\u00f3n Permanente de Derechos Humanos y Atenci\u00f3n a Grupos Vulnerables, sean designadas las personas con discapacidad e integrantes de la sociedad civil, que conformar\u00e1n el Consejo Estatal para las Personas con Discapacidad, en t\u00e9rminos de lo dispuesto por el Art\u00edculo 46 fracciones VIII y IX, de la Ley para la Integraci\u00f3n de las Personas con Discapacidad del Estado.<\/p>\n\n\n\n<p>En su intervenci\u00f3n, el diputado del Partido Revolucionario Institucional (PRI) subray\u00f3 que su anteproyecto tiene como finalidad que los tres poderes del Estado junto con la UV trabajen de manera coordinada con la sociedad civil, \u201crefrendemos nuestro compromiso con las personas con discapacidad tomando acciones e integrando el Consejo Estatal para las Personas con Discapacidad\u201d.<\/p>\n\n\n\n<p>Record\u00f3 que en 2010 fue publicada la Ley para la Integraci\u00f3n de las Personas con Discapacidad del Estado de Veracruz y el reglamento de dicha ley se expidi\u00f3 hasta 2021 y que la citada ley contempla la existencia del Consejo Estatal para las Personas con Discapacidad, el que se conforma por diversos integrantes de la Administraci\u00f3n P\u00fablica Estatal<\/p>\n\n\n\n<p>Se incluye la titularidad del Poder Ejecutivo del Estado, as\u00ed como un integrante del Poder Judicial, uno del Poder Legislativo, uno de la UV, seis personas con discapacidad y un representante de la sociedad civil, indic\u00f3 el diputado, quien agreg\u00f3 que, en t\u00e9rminos de ley, el Congreso local debe designar a seis personas con discapacidad y un representante de la sociedad civil para integrar dicho consejo.<\/p>\n\n\n\n<p>Previamente, el legislador Yunes Landa dijo que el informe mundial sobre la discapacidad emitido por la Organizaci\u00f3n Mundial de la Salud (OMS) y el Banco Mundial, se\u00f1ala como unos de los principales obst\u00e1culos para lograr la integraci\u00f3n y vida digna de las personas con discapacidad la inexistencia de consulta y participaci\u00f3n; la falta de datos y pruebas, puesto que muchas personas con discapacidad est\u00e1n excluidas de la toma de decisiones en cuestiones que afectan directamente a su vida.<\/p>\n\n\n\n<p>Pide diputado respetar normatividad interna<\/p>\n\n\n\n<p>En la misma sesi\u00f3n, el diputado present\u00f3 tambi\u00e9n un Anteproyecto con Punto de Acuerdo, mediante el que exhort\u00f3 a la Mesa Directiva a, en cumplimiento con lo dispuesto en el Art\u00edculo 22 de la Ley Org\u00e1nica del Poder Legislativo, conducir los trabajos de las sesiones bajo los principios de libertad, imparcialidad y objetividad. Tambi\u00e9n, para que las sesiones del Pleno inicien con la puntualidad respectiva.<\/p>\n\n\n\n<p>Tras la lectura de ambos anteproyectos, se instruy\u00f3 turnarlos a la Jucopo para el tr\u00e1mite correspondiente.<\/p>\n\n\n\n<hr class=\"wp-block-separator has-alpha-channel-opacity\"\/>\n\n\n\n<p class=\"has-text-align-center\" style=\"font-size:17px\"><strong><i>Toda la informaci\u00f3n que necesitas saber la encuentras en nuestras <\/i><strong style=\"\"><em style=\"font-style: italic;\">redes sociales y canal de <\/em><\/strong><\/strong><a href=\"https:\/\/t.me\/informantemx\" target=\"_blank\" rel=\"noreferrer noopener\"><strong><em>Telegram<\/em><\/strong><\/a>. <\/p>\n\n\n\n<p class=\"has-text-align-center\" style=\"font-size:17px\"><strong><em>!\u00danete!<\/em><\/strong><\/p>\n\n\n\n<div class=\"wp-block-uagb-image aligncenter uagb-block-3acd28e8 wp-block-uagb-image--layout-default wp-block-uagb-image--effect-zoomin wp-block-uagb-image--align-center\"><figure class=\"wp-block-uagb-image__figure\"><a class=\"\" href=\"https:\/\/t.me\/informantemx\" target=\"\" rel=\"noopener\"><img decoding=\"async\" srcset=\"https:\/\/informante.mx\/wp-content\/uploads\/2023\/08\/Banner-Telegram-Verde-800x60-1.png ,https:\/\/informante.mx\/wp-content\/uploads\/2023\/08\/Banner-Telegram-Verde-800x60-1.png 780w, https:\/\/informante.mx\/wp-content\/uploads\/2023\/08\/Banner-Telegram-Verde-800x60-1.png 360w\" sizes=\"auto, (max-width: 480px) 150px\" src=\"https:\/\/informante.mx\/wp-content\/uploads\/2023\/08\/Banner-Telegram-Verde-800x60-1.png\" alt=\"\" class=\"uag-image-23275\" width=\"800\" height=\"60\" title=\"\" loading=\"lazy\" role=\"img\"\/><\/a><\/figure><\/div>\n\n\n\n<div class=\"wp-block-uagb-image aligncenter uagb-block-45ea2b31 wp-block-uagb-image--layout-default wp-block-uagb-image--effect-zoomin wp-block-uagb-image--align-center\"><figure class=\"wp-block-uagb-image__figure\"><a class=\"\" href=\"https:\/\/www.facebook.com\/MX.Informante\" target=\"\" rel=\"noopener\"><img decoding=\"async\" srcset=\"https:\/\/informante.mx\/wp-content\/uploads\/2023\/08\/Banner-Facebook-Verde-800x60-1.png ,https:\/\/informante.mx\/wp-content\/uploads\/2023\/08\/Banner-Facebook-Verde-800x60-1.png 780w, https:\/\/informante.mx\/wp-content\/uploads\/2023\/08\/Banner-Facebook-Verde-800x60-1.png 360w\" sizes=\"auto, (max-width: 480px) 150px\" src=\"https:\/\/informante.mx\/wp-content\/uploads\/2023\/08\/Banner-Facebook-Verde-800x60-1.png\" alt=\"\" class=\"uag-image-23274\" width=\"800\" height=\"60\" title=\"\" loading=\"lazy\" role=\"img\"\/><\/a><\/figure><\/div>\n\n\n\n<div class=\"wp-block-uagb-image aligncenter uagb-block-2ce4c51b wp-block-uagb-image--layout-default wp-block-uagb-image--effect-zoomin wp-block-uagb-image--align-center\"><figure class=\"wp-block-uagb-image__figure\"><a class=\"\" href=\"https:\/\/twitter.com\/mx_informante\" target=\"\" rel=\"noopener\"><img decoding=\"async\" srcset=\"https:\/\/informante.mx\/wp-content\/uploads\/2023\/08\/Banner-Twitter-Verde-800x60-1.png ,https:\/\/informante.mx\/wp-content\/uploads\/2023\/08\/Banner-Twitter-Verde-800x60-1.png 780w, https:\/\/informante.mx\/wp-content\/uploads\/2023\/08\/Banner-Twitter-Verde-800x60-1.png 360w\" sizes=\"auto, (max-width: 480px) 150px\" src=\"https:\/\/informante.mx\/wp-content\/uploads\/2023\/08\/Banner-Twitter-Verde-800x60-1.png\" alt=\"\" class=\"uag-image-23273\" width=\"800\" height=\"60\" title=\"\" loading=\"lazy\" role=\"img\"\/><\/a><\/figure><\/div>\n\n\n\n<div style=\"height:50px\" aria-hidden=\"true\" class=\"wp-block-spacer\"><\/div>\n","protected":false},"excerpt":{"rendered":"<p>Los poderes Ejecutivo y Judicial, as\u00ed como la UV, deben acreditar a los integrantes de dicho \u00f3rgano: H\u00e9ctor Yunes<\/p>\n","protected":false},"author":1,"featured_media":43047,"comment_status":"open","ping_status":"closed","sticky":false,"template":"","format":"standard","meta":{"_uag_custom_page_level_css":"","jetpack_post_was_ever_published":false,"footnotes":""},"categories":[7],"tags":[42,32,33],"class_list":["post-43046","post","type-post","status-publish","format-standard","has-post-thumbnail","hentry","category-legislatura","tag-congreso","tag-estado","tag-veracruz"],"yoast_head":"<!-- This site is optimized with the Yoast SEO plugin v27.3 - https:\/\/yoast.com\/product\/yoast-seo-wordpress\/ -->\n<title>Exhorta diputado a conformar el Consejo Estatal para Personas con Discapacidad - Informante.mx<\/title>\n<meta name=\"robots\" content=\"index, follow, max-snippet:-1, max-image-preview:large, max-video-preview:-1\" \/>\n<link rel=\"canonical\" href=\"https:\/\/informante.mx\/?p=43046\" \/>\n<meta property=\"og:locale\" content=\"es_ES\" \/>\n<meta property=\"og:type\" content=\"article\" \/>\n<meta property=\"og:title\" content=\"Exhorta diputado a conformar el Consejo Estatal para Personas con Discapacidad - Informante.mx\" \/>\n<meta property=\"og:description\" content=\"Los poderes Ejecutivo y Judicial, as\u00ed como la UV, deben acreditar a los integrantes de dicho \u00f3rgano: H\u00e9ctor Yunes\" \/>\n<meta property=\"og:url\" content=\"https:\/\/informante.mx\/?p=43046\" \/>\n<meta property=\"og:site_name\" content=\"Informante.mx\" \/>\n<meta property=\"article:publisher\" content=\"https:\/\/www.facebook.com\/MX.Informante\" \/>\n<meta property=\"article:published_time\" content=\"2024-12-05T23:48:23+00:00\" \/>\n<meta property=\"og:image\" content=\"https:\/\/i0.wp.com\/informante.mx\/wp-content\/uploads\/2024\/12\/Hector-Yunes-Landa.jpg?fit=1280%2C854&ssl=1\" \/>\n\t<meta property=\"og:image:width\" content=\"1280\" \/>\n\t<meta property=\"og:image:height\" content=\"854\" \/>\n\t<meta property=\"og:image:type\" content=\"image\/jpeg\" \/>\n<meta name=\"author\" content=\"InformanteMX\" \/>\n<meta name=\"twitter:card\" content=\"summary_large_image\" \/>\n<meta name=\"twitter:creator\" content=\"@mx_informante\" \/>\n<meta name=\"twitter:site\" content=\"@mx_informante\" \/>\n<meta name=\"twitter:label1\" content=\"Escrito por\" \/>\n\t<meta name=\"twitter:data1\" content=\"InformanteMX\" \/>\n\t<meta name=\"twitter:label2\" content=\"Tiempo de lectura\" \/>\n\t<meta name=\"twitter:data2\" content=\"3 minutos\" \/>\n<script type=\"application\/ld+json\" class=\"yoast-schema-graph\">{\"@context\":\"https:\\\/\\\/schema.org\",\"@graph\":[{\"@type\":\"NewsArticle\",\"@id\":\"https:\\\/\\\/informante.mx\\\/?p=43046#article\",\"isPartOf\":{\"@id\":\"https:\\\/\\\/informante.mx\\\/?p=43046\"},\"author\":{\"name\":\"InformanteMX\",\"@id\":\"https:\\\/\\\/informante.mx\\\/#\\\/schema\\\/person\\\/3eff91989d2ea76b0a330b416325946c\"},\"headline\":\"Exhorta diputado a conformar el Consejo Estatal para Personas con Discapacidad\",\"datePublished\":\"2024-12-05T23:48:23+00:00\",\"mainEntityOfPage\":{\"@id\":\"https:\\\/\\\/informante.mx\\\/?p=43046\"},\"wordCount\":530,\"commentCount\":0,\"publisher\":{\"@id\":\"https:\\\/\\\/informante.mx\\\/#organization\"},\"image\":{\"@id\":\"https:\\\/\\\/informante.mx\\\/?p=43046#primaryimage\"},\"thumbnailUrl\":\"https:\\\/\\\/informante.mx\\\/wp-content\\\/uploads\\\/2024\\\/12\\\/Hector-Yunes-Landa.jpg\",\"keywords\":[\"Congreso\",\"Estado\",\"Veracruz\"],\"articleSection\":[\"Legislatura\"],\"inLanguage\":\"es\",\"potentialAction\":[{\"@type\":\"CommentAction\",\"name\":\"Comment\",\"target\":[\"https:\\\/\\\/informante.mx\\\/?p=43046#respond\"]}]},{\"@type\":\"WebPage\",\"@id\":\"https:\\\/\\\/informante.mx\\\/?p=43046\",\"url\":\"https:\\\/\\\/informante.mx\\\/?p=43046\",\"name\":\"Exhorta diputado a conformar el Consejo Estatal para Personas con Discapacidad - Informante.mx\",\"isPartOf\":{\"@id\":\"https:\\\/\\\/informante.mx\\\/#website\"},\"primaryImageOfPage\":{\"@id\":\"https:\\\/\\\/informante.mx\\\/?p=43046#primaryimage\"},\"image\":{\"@id\":\"https:\\\/\\\/informante.mx\\\/?p=43046#primaryimage\"},\"thumbnailUrl\":\"https:\\\/\\\/informante.mx\\\/wp-content\\\/uploads\\\/2024\\\/12\\\/Hector-Yunes-Landa.jpg\",\"datePublished\":\"2024-12-05T23:48:23+00:00\",\"breadcrumb\":{\"@id\":\"https:\\\/\\\/informante.mx\\\/?p=43046#breadcrumb\"},\"inLanguage\":\"es\",\"potentialAction\":[{\"@type\":\"ReadAction\",\"target\":[\"https:\\\/\\\/informante.mx\\\/?p=43046\"]}]},{\"@type\":\"ImageObject\",\"inLanguage\":\"es\",\"@id\":\"https:\\\/\\\/informante.mx\\\/?p=43046#primaryimage\",\"url\":\"https:\\\/\\\/informante.mx\\\/wp-content\\\/uploads\\\/2024\\\/12\\\/Hector-Yunes-Landa.jpg\",\"contentUrl\":\"https:\\\/\\\/informante.mx\\\/wp-content\\\/uploads\\\/2024\\\/12\\\/Hector-Yunes-Landa.jpg\",\"width\":1280,\"height\":854},{\"@type\":\"BreadcrumbList\",\"@id\":\"https:\\\/\\\/informante.mx\\\/?p=43046#breadcrumb\",\"itemListElement\":[{\"@type\":\"ListItem\",\"position\":1,\"name\":\"Portada\",\"item\":\"https:\\\/\\\/informante.mx\\\/\"},{\"@type\":\"ListItem\",\"position\":2,\"name\":\"Exhorta diputado a conformar el Consejo Estatal para Personas con Discapacidad\"}]},{\"@type\":\"WebSite\",\"@id\":\"https:\\\/\\\/informante.mx\\\/#website\",\"url\":\"https:\\\/\\\/informante.mx\\\/\",\"name\":\"Informante.mx\",\"description\":\"\",\"publisher\":{\"@id\":\"https:\\\/\\\/informante.mx\\\/#organization\"},\"potentialAction\":[{\"@type\":\"SearchAction\",\"target\":{\"@type\":\"EntryPoint\",\"urlTemplate\":\"https:\\\/\\\/informante.mx\\\/?s={search_term_string}\"},\"query-input\":{\"@type\":\"PropertyValueSpecification\",\"valueRequired\":true,\"valueName\":\"search_term_string\"}}],\"inLanguage\":\"es\"},{\"@type\":\"Organization\",\"@id\":\"https:\\\/\\\/informante.mx\\\/#organization\",\"name\":\"Informante.mx\",\"url\":\"https:\\\/\\\/informante.mx\\\/\",\"logo\":{\"@type\":\"ImageObject\",\"inLanguage\":\"es\",\"@id\":\"https:\\\/\\\/informante.mx\\\/#\\\/schema\\\/logo\\\/image\\\/\",\"url\":\"https:\\\/\\\/informante.mx\\\/wp-content\\\/uploads\\\/2019\\\/12\\\/cropped-LOGO-Verde-Apaisado-1024x360O-1.png\",\"contentUrl\":\"https:\\\/\\\/informante.mx\\\/wp-content\\\/uploads\\\/2019\\\/12\\\/cropped-LOGO-Verde-Apaisado-1024x360O-1.png\",\"width\":923,\"height\":180,\"caption\":\"Informante.mx\"},\"image\":{\"@id\":\"https:\\\/\\\/informante.mx\\\/#\\\/schema\\\/logo\\\/image\\\/\"},\"sameAs\":[\"https:\\\/\\\/www.facebook.com\\\/MX.Informante\",\"https:\\\/\\\/x.com\\\/mx_informante\"]},{\"@type\":\"Person\",\"@id\":\"https:\\\/\\\/informante.mx\\\/#\\\/schema\\\/person\\\/3eff91989d2ea76b0a330b416325946c\",\"name\":\"InformanteMX\",\"image\":{\"@type\":\"ImageObject\",\"inLanguage\":\"es\",\"@id\":\"https:\\\/\\\/secure.gravatar.com\\\/avatar\\\/10d802aa739e832aedd2f3fd8544d878871eb22e6ca86fe9a548573e34a28f0e?s=96&d=mm&r=g\",\"url\":\"https:\\\/\\\/secure.gravatar.com\\\/avatar\\\/10d802aa739e832aedd2f3fd8544d878871eb22e6ca86fe9a548573e34a28f0e?s=96&d=mm&r=g\",\"contentUrl\":\"https:\\\/\\\/secure.gravatar.com\\\/avatar\\\/10d802aa739e832aedd2f3fd8544d878871eb22e6ca86fe9a548573e34a28f0e?s=96&d=mm&r=g\",\"caption\":\"InformanteMX\"},\"url\":\"https:\\\/\\\/informante.mx\\\/?author=1\"}]}<\/script>\n<!-- \/ Yoast SEO plugin. -->","yoast_head_json":{"title":"Exhorta diputado a conformar el Consejo Estatal para Personas con Discapacidad - Informante.mx","robots":{"index":"index","follow":"follow","max-snippet":"max-snippet:-1","max-image-preview":"max-image-preview:large","max-video-preview":"max-video-preview:-1"},"canonical":"https:\/\/informante.mx\/?p=43046","og_locale":"es_ES","og_type":"article","og_title":"Exhorta diputado a conformar el Consejo Estatal para Personas con Discapacidad - Informante.mx","og_description":"Los poderes Ejecutivo y Judicial, as\u00ed como la UV, deben acreditar a los integrantes de dicho \u00f3rgano: H\u00e9ctor Yunes","og_url":"https:\/\/informante.mx\/?p=43046","og_site_name":"Informante.mx","article_publisher":"https:\/\/www.facebook.com\/MX.Informante","article_published_time":"2024-12-05T23:48:23+00:00","og_image":[{"width":1280,"height":854,"url":"https:\/\/i0.wp.com\/informante.mx\/wp-content\/uploads\/2024\/12\/Hector-Yunes-Landa.jpg?fit=1280%2C854&ssl=1","type":"image\/jpeg"}],"author":"InformanteMX","twitter_card":"summary_large_image","twitter_creator":"@mx_informante","twitter_site":"@mx_informante","twitter_misc":{"Escrito por":"InformanteMX","Tiempo de lectura":"3 minutos"},"schema":{"@context":"https:\/\/schema.org","@graph":[{"@type":"NewsArticle","@id":"https:\/\/informante.mx\/?p=43046#article","isPartOf":{"@id":"https:\/\/informante.mx\/?p=43046"},"author":{"name":"InformanteMX","@id":"https:\/\/informante.mx\/#\/schema\/person\/3eff91989d2ea76b0a330b416325946c"},"headline":"Exhorta diputado a conformar el Consejo Estatal para Personas con Discapacidad","datePublished":"2024-12-05T23:48:23+00:00","mainEntityOfPage":{"@id":"https:\/\/informante.mx\/?p=43046"},"wordCount":530,"commentCount":0,"publisher":{"@id":"https:\/\/informante.mx\/#organization"},"image":{"@id":"https:\/\/informante.mx\/?p=43046#primaryimage"},"thumbnailUrl":"https:\/\/informante.mx\/wp-content\/uploads\/2024\/12\/Hector-Yunes-Landa.jpg","keywords":["Congreso","Estado","Veracruz"],"articleSection":["Legislatura"],"inLanguage":"es","potentialAction":[{"@type":"CommentAction","name":"Comment","target":["https:\/\/informante.mx\/?p=43046#respond"]}]},{"@type":"WebPage","@id":"https:\/\/informante.mx\/?p=43046","url":"https:\/\/informante.mx\/?p=43046","name":"Exhorta diputado a conformar el Consejo Estatal para Personas con Discapacidad - Informante.mx","isPartOf":{"@id":"https:\/\/informante.mx\/#website"},"primaryImageOfPage":{"@id":"https:\/\/informante.mx\/?p=43046#primaryimage"},"image":{"@id":"https:\/\/informante.mx\/?p=43046#primaryimage"},"thumbnailUrl":"https:\/\/informante.mx\/wp-content\/uploads\/2024\/12\/Hector-Yunes-Landa.jpg","datePublished":"2024-12-05T23:48:23+00:00","breadcrumb":{"@id":"https:\/\/informante.mx\/?p=43046#breadcrumb"},"inLanguage":"es","potentialAction":[{"@type":"ReadAction","target":["https:\/\/informante.mx\/?p=43046"]}]},{"@type":"ImageObject","inLanguage":"es","@id":"https:\/\/informante.mx\/?p=43046#primaryimage","url":"https:\/\/informante.mx\/wp-content\/uploads\/2024\/12\/Hector-Yunes-Landa.jpg","contentUrl":"https:\/\/informante.mx\/wp-content\/uploads\/2024\/12\/Hector-Yunes-Landa.jpg","width":1280,"height":854},{"@type":"BreadcrumbList","@id":"https:\/\/informante.mx\/?p=43046#breadcrumb","itemListElement":[{"@type":"ListItem","position":1,"name":"Portada","item":"https:\/\/informante.mx\/"},{"@type":"ListItem","position":2,"name":"Exhorta diputado a conformar el Consejo Estatal para Personas con Discapacidad"}]},{"@type":"WebSite","@id":"https:\/\/informante.mx\/#website","url":"https:\/\/informante.mx\/","name":"Informante.mx","description":"","publisher":{"@id":"https:\/\/informante.mx\/#organization"},"potentialAction":[{"@type":"SearchAction","target":{"@type":"EntryPoint","urlTemplate":"https:\/\/informante.mx\/?s={search_term_string}"},"query-input":{"@type":"PropertyValueSpecification","valueRequired":true,"valueName":"search_term_string"}}],"inLanguage":"es"},{"@type":"Organization","@id":"https:\/\/informante.mx\/#organization","name":"Informante.mx","url":"https:\/\/informante.mx\/","logo":{"@type":"ImageObject","inLanguage":"es","@id":"https:\/\/informante.mx\/#\/schema\/logo\/image\/","url":"https:\/\/informante.mx\/wp-content\/uploads\/2019\/12\/cropped-LOGO-Verde-Apaisado-1024x360O-1.png","contentUrl":"https:\/\/informante.mx\/wp-content\/uploads\/2019\/12\/cropped-LOGO-Verde-Apaisado-1024x360O-1.png","width":923,"height":180,"caption":"Informante.mx"},"image":{"@id":"https:\/\/informante.mx\/#\/schema\/logo\/image\/"},"sameAs":["https:\/\/www.facebook.com\/MX.Informante","https:\/\/x.com\/mx_informante"]},{"@type":"Person","@id":"https:\/\/informante.mx\/#\/schema\/person\/3eff91989d2ea76b0a330b416325946c","name":"InformanteMX","image":{"@type":"ImageObject","inLanguage":"es","@id":"https:\/\/secure.gravatar.com\/avatar\/10d802aa739e832aedd2f3fd8544d878871eb22e6ca86fe9a548573e34a28f0e?s=96&d=mm&r=g","url":"https:\/\/secure.gravatar.com\/avatar\/10d802aa739e832aedd2f3fd8544d878871eb22e6ca86fe9a548573e34a28f0e?s=96&d=mm&r=g","contentUrl":"https:\/\/secure.gravatar.com\/avatar\/10d802aa739e832aedd2f3fd8544d878871eb22e6ca86fe9a548573e34a28f0e?s=96&d=mm&r=g","caption":"InformanteMX"},"url":"https:\/\/informante.mx\/?author=1"}]}},"jetpack_featured_media_url":"https:\/\/informante.mx\/wp-content\/uploads\/2024\/12\/Hector-Yunes-Landa.jpg","uagb_featured_image_src":{"full":["https:\/\/informante.mx\/wp-content\/uploads\/2024\/12\/Hector-Yunes-Landa.jpg",1280,854,false],"thumbnail":["https:\/\/informante.mx\/wp-content\/uploads\/2024\/12\/Hector-Yunes-Landa-150x100.jpg",150,100,true],"medium":["https:\/\/informante.mx\/wp-content\/uploads\/2024\/12\/Hector-Yunes-Landa-300x200.jpg",300,200,true],"medium_large":["https:\/\/informante.mx\/wp-content\/uploads\/2024\/12\/Hector-Yunes-Landa-768x512.jpg",640,427,true],"large":["https:\/\/informante.mx\/wp-content\/uploads\/2024\/12\/Hector-Yunes-Landa-1024x683.jpg",640,427,true],"1536x1536":["https:\/\/informante.mx\/wp-content\/uploads\/2024\/12\/Hector-Yunes-Landa.jpg",1280,854,false],"2048x2048":["https:\/\/informante.mx\/wp-content\/uploads\/2024\/12\/Hector-Yunes-Landa.jpg",1280,854,false],"td_0x420":["https:\/\/informante.mx\/wp-content\/uploads\/2024\/12\/Hector-Yunes-Landa-630x420.jpg",630,420,true],"td_0x420_retina":["https:\/\/informante.mx\/wp-content\/uploads\/2024\/12\/Hector-Yunes-Landa-1259x840.jpg",1259,840,true],"td_80x60":["https:\/\/informante.mx\/wp-content\/uploads\/2024\/12\/Hector-Yunes-Landa-80x60.jpg",80,60,true],"td_80x60_retina":["https:\/\/informante.mx\/wp-content\/uploads\/2024\/12\/Hector-Yunes-Landa-160x120.jpg",160,120,true],"td_100x75":["https:\/\/informante.mx\/wp-content\/uploads\/2024\/12\/Hector-Yunes-Landa-100x75.jpg",100,75,true],"td_100x75_retina":["https:\/\/informante.mx\/wp-content\/uploads\/2024\/12\/Hector-Yunes-Landa-200x150.jpg",200,150,true],"td_180x135":["https:\/\/informante.mx\/wp-content\/uploads\/2024\/12\/Hector-Yunes-Landa-180x135.jpg",180,135,true],"td_180x135_retina":["https:\/\/informante.mx\/wp-content\/uploads\/2024\/12\/Hector-Yunes-Landa-360x270.jpg",360,270,true],"td_238x178":["https:\/\/informante.mx\/wp-content\/uploads\/2024\/12\/Hector-Yunes-Landa-238x178.jpg",238,178,true],"td_238x178_retina":["https:\/\/informante.mx\/wp-content\/uploads\/2024\/12\/Hector-Yunes-Landa-476x356.jpg",476,356,true],"td_265x198":["https:\/\/informante.mx\/wp-content\/uploads\/2024\/12\/Hector-Yunes-Landa-265x198.jpg",265,198,true],"td_265x198_retina":["https:\/\/informante.mx\/wp-content\/uploads\/2024\/12\/Hector-Yunes-Landa-530x396.jpg",530,396,true],"td_300x160":["https:\/\/informante.mx\/wp-content\/uploads\/2024\/12\/Hector-Yunes-Landa-300x160.jpg",300,160,true],"td_300x160_retina":["https:\/\/informante.mx\/wp-content\/uploads\/2024\/12\/Hector-Yunes-Landa-600x320.jpg",600,320,true],"td_300x194":["https:\/\/informante.mx\/wp-content\/uploads\/2024\/12\/Hector-Yunes-Landa-300x194.jpg",300,194,true],"td_300x194_retina":["https:\/\/informante.mx\/wp-content\/uploads\/2024\/12\/Hector-Yunes-Landa-600x388.jpg",600,388,true],"td_300x350":["https:\/\/informante.mx\/wp-content\/uploads\/2024\/12\/Hector-Yunes-Landa-300x350.jpg",300,350,true],"td_300x350_retina":["https:\/\/informante.mx\/wp-content\/uploads\/2024\/12\/Hector-Yunes-Landa-600x700.jpg",600,700,true],"td_341x220":["https:\/\/informante.mx\/wp-content\/uploads\/2024\/12\/Hector-Yunes-Landa-341x220.jpg",341,220,true],"td_341x220_retina":["https:\/\/informante.mx\/wp-content\/uploads\/2024\/12\/Hector-Yunes-Landa-682x440.jpg",682,440,true],"td_341x400":["https:\/\/informante.mx\/wp-content\/uploads\/2024\/12\/Hector-Yunes-Landa-341x400.jpg",341,400,true],"td_341x400_retina":["https:\/\/informante.mx\/wp-content\/uploads\/2024\/12\/Hector-Yunes-Landa-682x800.jpg",682,800,true],"td_511x400":["https:\/\/informante.mx\/wp-content\/uploads\/2024\/12\/Hector-Yunes-Landa-511x400.jpg",511,400,true],"td_511x400_retina":["https:\/\/informante.mx\/wp-content\/uploads\/2024\/12\/Hector-Yunes-Landa-1022x800.jpg",1022,800,true],"td_537x360":["https:\/\/informante.mx\/wp-content\/uploads\/2024\/12\/Hector-Yunes-Landa-537x360.jpg",537,360,true],"td_537x360_retina":["https:\/\/informante.mx\/wp-content\/uploads\/2024\/12\/Hector-Yunes-Landa-1074x720.jpg",1074,720,true],"td_640x0":["https:\/\/informante.mx\/wp-content\/uploads\/2024\/12\/Hector-Yunes-Landa-640x427.jpg",640,427,true],"td_640x0_retina":["https:\/\/informante.mx\/wp-content\/uploads\/2024\/12\/Hector-Yunes-Landa.jpg",1280,854,false],"td_640x350":["https:\/\/informante.mx\/wp-content\/uploads\/2024\/12\/Hector-Yunes-Landa-640x350.jpg",640,350,true],"td_640x350_retina":["https:\/\/informante.mx\/wp-content\/uploads\/2024\/12\/Hector-Yunes-Landa-1280x700.jpg",1280,700,true],"td_681x0":["https:\/\/informante.mx\/wp-content\/uploads\/2024\/12\/Hector-Yunes-Landa-681x454.jpg",681,454,true],"td_681x0_retina":["https:\/\/informante.mx\/wp-content\/uploads\/2024\/12\/Hector-Yunes-Landa.jpg",1280,854,false],"td_681x400":["https:\/\/informante.mx\/wp-content\/uploads\/2024\/12\/Hector-Yunes-Landa-681x400.jpg",681,400,true],"td_681x400_retina":["https:\/\/informante.mx\/wp-content\/uploads\/2024\/12\/Hector-Yunes-Landa-1280x800.jpg",1280,800,true],"td_741x486":["https:\/\/informante.mx\/wp-content\/uploads\/2024\/12\/Hector-Yunes-Landa-741x486.jpg",741,486,true],"td_741x486_retina":["https:\/\/informante.mx\/wp-content\/uploads\/2024\/12\/Hector-Yunes-Landa.jpg",1280,854,false],"td_1021x580":["https:\/\/informante.mx\/wp-content\/uploads\/2024\/12\/Hector-Yunes-Landa-1021x580.jpg",1021,580,true],"td_1021x580_retina":["https:\/\/informante.mx\/wp-content\/uploads\/2024\/12\/Hector-Yunes-Landa.jpg",1280,854,false]},"uagb_author_info":{"display_name":"InformanteMX","author_link":"https:\/\/informante.mx\/?author=1"},"uagb_comment_info":0,"uagb_excerpt":"Los poderes Ejecutivo y Judicial, as\u00ed como la UV, deben acreditar a los integrantes de dicho \u00f3rgano: H\u00e9ctor Yunes","_links":{"self":[{"href":"https:\/\/informante.mx\/index.php?rest_route=\/wp\/v2\/posts\/43046","targetHints":{"allow":["GET"]}}],"collection":[{"href":"https:\/\/informante.mx\/index.php?rest_route=\/wp\/v2\/posts"}],"about":[{"href":"https:\/\/informante.mx\/index.php?rest_route=\/wp\/v2\/types\/post"}],"author":[{"embeddable":true,"href":"https:\/\/informante.mx\/index.php?rest_route=\/wp\/v2\/users\/1"}],"replies":[{"embeddable":true,"href":"https:\/\/informante.mx\/index.php?rest_route=%2Fwp%2Fv2%2Fcomments&post=43046"}],"version-history":[{"count":1,"href":"https:\/\/informante.mx\/index.php?rest_route=\/wp\/v2\/posts\/43046\/revisions"}],"predecessor-version":[{"id":43048,"href":"https:\/\/informante.mx\/index.php?rest_route=\/wp\/v2\/posts\/43046\/revisions\/43048"}],"wp:featuredmedia":[{"embeddable":true,"href":"https:\/\/informante.mx\/index.php?rest_route=\/wp\/v2\/media\/43047"}],"wp:attachment":[{"href":"https:\/\/informante.mx\/index.php?rest_route=%2Fwp%2Fv2%2Fmedia&parent=43046"}],"wp:term":[{"taxonomy":"category","embeddable":true,"href":"https:\/\/informante.mx\/index.php?rest_route=%2Fwp%2Fv2%2Fcategories&post=43046"},{"taxonomy":"post_tag","embeddable":true,"href":"https:\/\/informante.mx\/index.php?rest_route=%2Fwp%2Fv2%2Ftags&post=43046"}],"curies":[{"name":"wp","href":"https:\/\/api.w.org\/{rel}","templated":true}]}}