{"id":42597,"date":"2024-11-26T16:25:30","date_gmt":"2024-11-26T22:25:30","guid":{"rendered":"https:\/\/informante.mx\/?p=42597"},"modified":"2024-11-26T16:25:33","modified_gmt":"2024-11-26T22:25:33","slug":"desde-el-cafe-elio-hernandez-el-candidato","status":"publish","type":"post","link":"https:\/\/informante.mx\/?p=42597","title":{"rendered":"Desde el Caf\u00e9 | Elio Hern\u00e1ndez; el candidato"},"content":{"rendered":"\n<div style=\"height:30px\" aria-hidden=\"true\" class=\"wp-block-spacer\"><\/div>\n\n\n\n<h2 class=\"wp-block-heading has-text-align-center\">Elio Hern\u00e1ndez; el candidato<\/h2>\n\n\n\n<h2 class=\"wp-block-heading has-text-align-center\">Bernardo Guti\u00e9rrez Parra<\/h2>\n\n\n\n<div style=\"height:30px\" aria-hidden=\"true\" class=\"wp-block-spacer\"><\/div>\n\n\n\n<p>Con excepci\u00f3n de Jos\u00e9 Luis Lima Franco, titular de la Secretar\u00eda de Finanzas y Planeaci\u00f3n, que ofreci\u00f3 un diagn\u00f3stico claro y puntual de las finanzas estatales, el resto de los secretarios que han pisado el Congreso local para la glosa del Sexto Informe de Gobierno, han llegado cargados de pretextos, excusas, evasivas y haciendo gala de su soberbia e incompetencia.<\/p>\n\n\n\n<p>Este lunes el secretario de Infraestructura y Obras P\u00fablicas, Elio Hern\u00e1ndez Guti\u00e9rrez, lleg\u00f3 tenso, jet\u00f3n y retador a su comparecencia porque sab\u00eda que no tendr\u00eda un d\u00eda de campo y no lo tuvo. De hecho, su presencia ha sido la m\u00e1s \u00e1lgida hasta ahora.<\/p>\n\n\n\n<p>Dijo que su dependencia ejerci\u00f3 en seis a\u00f1os un presupuesto de 14 mil 565 millones de pesos. De esa cifra se utilizaron m\u00e1s de 9 mil millones en 537 obras correspondientes a infraestructura carretera que incluyeron 55 nuevos caminos, pavimentaci\u00f3n de 222 tramos, mantenimiento y rehabilitaci\u00f3n de otros 202 tramos, 23 obras complementarias, 11 puentes nuevos y la rehabilitaci\u00f3n de 24 puentes.<\/p>\n\n\n\n<p>\u00bfTodo eso se hizo con 9 mil millones de pesos? S\u00ed, de acuerdo con el funcionario.<\/p>\n\n\n\n<p>\u00bfD\u00f3nde est\u00e1n esas obras?<\/p>\n\n\n\n<p>En las huastecas alta y baja; en la zona totonaca; en Nautla, en el Sotavento, Los Tuxtlas, la regi\u00f3n Olmeca, en la \u201cregi\u00f3n capital\u201d y en las altas monta\u00f1as, dijo.<\/p>\n\n\n\n<p>Pero de cuates lector, mejor aver\u00edgualo tu y regresa para contarlo.<\/p>\n\n\n\n<p>Hern\u00e1ndez Guti\u00e9rrez agreg\u00f3 que se destinaron 4 mil 800 millones de pesos para 518 proyectos que incluyeron la pavimentaci\u00f3n de 654 calles en 124 municipios; 24 obras de drenaje; 6 de alumbrado p\u00fablico; 10 de guarniciones y banquetas; 3 de agua potable; 46 de construcci\u00f3n de espacios p\u00fablicos y 59 de rehabilitaci\u00f3n de m\u00e1s espacios p\u00fablicos.<\/p>\n\n\n\n<p>\u00bfD\u00f3nde? Pues por ah\u00ed, por ah\u00ed\u2026<\/p>\n\n\n\n<p>Pero en la serie de preguntas y respuestas los diputados Adri\u00e1n \u00c1vila de MC, Monserrat Ortega del PAN y H\u00e9ctor Yunes del PRI, lo volvieron a la realidad y lo hicieron pomada con un tema sustantivo: el p\u00e9simo estado de las carreteras. Y desde ah\u00ed comenz\u00f3 Elio a jabear hacia atr\u00e1s. \u201cEs que no nos alcanz\u00f3 el presupuesto; es que no es nada m\u00e1s tapar un bache y ya; es que existen reportajes sin sustento; es que patat\u00edn, es que patat\u00e1n\u201d.<\/p>\n\n\n\n<p>Cuando H\u00e9ctor le pregunt\u00f3 sobre la acusaci\u00f3n de ratero que le endilg\u00f3 el senador de Morena, Manuel Huerta, Elio dijo que no contestar\u00eda alusiones personales y el priista le revir\u00f3 con un \u201cel que calla otorga\u201d.<\/p>\n\n\n\n<p>La segunda parte de la comparecencia fue con un Elio Hern\u00e1ndez en franca retirada y tratando de quitarse las embestidas. Es falso que haya corrupci\u00f3n y moches en la SIOP, es falso que haya irregularidades en las obras; es falso que el puente Heberto Castillo presente fallas graves como dice el ORFIS. \u201cLa estructura est\u00e1 ah\u00ed\u201d dijo el funcionario y en efecto, la estructura est\u00e1 ah\u00ed, pero de m\u00edrame y no me toques.<\/p>\n\n\n\n<p>Y si el puente de Acontitla se inund\u00f3 24 horas despu\u00e9s de haber sido inaugurado, fue por razones \u201cimprevisibles\u201d y no por falta de estudios previos.<\/p>\n\n\n\n<p>Es decir, pretextos no le faltaron, pero se qued\u00f3 mudo cuando H\u00e9ctor Yunes dijo que los constructores locales han denunciado que los sobornos solicitados por la SIOP var\u00edan seg\u00fan el monto. Adem\u00e1s y en el colmo del cinismo, tienen nombres peculiares como \u201cdiezmo, quincea\u00f1era, ventilador y fifty-fifty\u201d que es el m\u00e1s grueso, ya que los constructores deben pagar la mitad de lo que obtienen por una obra.<\/p>\n\n\n\n<p>Elio lo neg\u00f3 todo, pero sabe (porque se le se\u00f1ala de ser el principal responsable), que en la SIOP hay corrupci\u00f3n, que se reciben moches, que hay desv\u00edo de recursos; sabe que se quedar\u00e1n decenas de obras inconclusas porque alguien se birl\u00f3 el dinero y que hay otras que resultaron un fiasco porque fueron hechas con materiales de p\u00e9sima calidad.<\/p>\n\n\n\n<p>Pero no s\u00f3lo lo sabe \u00e9l. Tambi\u00e9n lo saben los diputados de Morena (su partido) y sus aliados del PVEM y PT, que en esta ocasi\u00f3n no defendieron al se\u00f1or secretario como lo hicieron con los comparecientes anteriores.<\/p>\n\n\n\n<p>Ah, tambi\u00e9n lo sabe la gobernadora Roc\u00edo Nahle que lo tiene en su lista de candidatos.<\/p>\n\n\n\n<p>\u00bfCandidato a qu\u00e9?<\/p>\n\n\n\n<p>Lo sabr\u00e1s en unas semanas o meses lector, cuando ya sin el apoyo del se\u00f1or gobernador su alcahuete protector, Elio Hern\u00e1ndez Guti\u00e9rrez ande a salto de mata.<\/p>\n\n\n\n<p><strong><em>bernardogup@hotmail.com<\/em><\/strong><\/p>\n\n\n\n<hr class=\"wp-block-separator has-alpha-channel-opacity\"\/>\n\n\n\n<p class=\"has-text-align-center\" style=\"font-size:17px\"><strong><i>Toda la informaci\u00f3n que necesitas saber la encuentras en nuestras <\/i><strong style=\"\"><em style=\"font-style: italic;\">redes sociales y canal de <\/em><\/strong><\/strong><a href=\"https:\/\/t.me\/informantemx\" target=\"_blank\" rel=\"noreferrer noopener\"><strong><em>Telegram<\/em><\/strong><\/a>. <\/p>\n\n\n\n<p class=\"has-text-align-center\" style=\"font-size:17px\"><strong><em>!\u00danete!<\/em><\/strong><\/p>\n\n\n\n<div class=\"wp-block-uagb-image aligncenter uagb-block-3acd28e8 wp-block-uagb-image--layout-default wp-block-uagb-image--effect-zoomin wp-block-uagb-image--align-center\"><figure class=\"wp-block-uagb-image__figure\"><a class=\"\" href=\"https:\/\/t.me\/informantemx\" target=\"\" rel=\"noopener\"><img decoding=\"async\" srcset=\"https:\/\/informante.mx\/wp-content\/uploads\/2023\/08\/Banner-Telegram-Verde-800x60-1.png ,https:\/\/informante.mx\/wp-content\/uploads\/2023\/08\/Banner-Telegram-Verde-800x60-1.png 780w, https:\/\/informante.mx\/wp-content\/uploads\/2023\/08\/Banner-Telegram-Verde-800x60-1.png 360w\" sizes=\"auto, (max-width: 480px) 150px\" src=\"https:\/\/informante.mx\/wp-content\/uploads\/2023\/08\/Banner-Telegram-Verde-800x60-1.png\" alt=\"\" class=\"uag-image-23275\" width=\"800\" height=\"60\" title=\"\" loading=\"lazy\" role=\"img\"\/><\/a><\/figure><\/div>\n\n\n\n<div class=\"wp-block-uagb-image aligncenter uagb-block-45ea2b31 wp-block-uagb-image--layout-default wp-block-uagb-image--effect-zoomin wp-block-uagb-image--align-center\"><figure class=\"wp-block-uagb-image__figure\"><a class=\"\" href=\"https:\/\/www.facebook.com\/MX.Informante\" target=\"\" rel=\"noopener\"><img decoding=\"async\" srcset=\"https:\/\/informante.mx\/wp-content\/uploads\/2023\/08\/Banner-Facebook-Verde-800x60-1.png ,https:\/\/informante.mx\/wp-content\/uploads\/2023\/08\/Banner-Facebook-Verde-800x60-1.png 780w, https:\/\/informante.mx\/wp-content\/uploads\/2023\/08\/Banner-Facebook-Verde-800x60-1.png 360w\" sizes=\"auto, (max-width: 480px) 150px\" src=\"https:\/\/informante.mx\/wp-content\/uploads\/2023\/08\/Banner-Facebook-Verde-800x60-1.png\" alt=\"\" class=\"uag-image-23274\" width=\"800\" height=\"60\" title=\"\" loading=\"lazy\" role=\"img\"\/><\/a><\/figure><\/div>\n\n\n\n<div class=\"wp-block-uagb-image aligncenter uagb-block-2ce4c51b wp-block-uagb-image--layout-default wp-block-uagb-image--effect-zoomin wp-block-uagb-image--align-center\"><figure class=\"wp-block-uagb-image__figure\"><a class=\"\" href=\"https:\/\/twitter.com\/mx_informante\" target=\"\" rel=\"noopener\"><img decoding=\"async\" srcset=\"https:\/\/informante.mx\/wp-content\/uploads\/2023\/08\/Banner-Twitter-Verde-800x60-1.png ,https:\/\/informante.mx\/wp-content\/uploads\/2023\/08\/Banner-Twitter-Verde-800x60-1.png 780w, https:\/\/informante.mx\/wp-content\/uploads\/2023\/08\/Banner-Twitter-Verde-800x60-1.png 360w\" sizes=\"auto, (max-width: 480px) 150px\" src=\"https:\/\/informante.mx\/wp-content\/uploads\/2023\/08\/Banner-Twitter-Verde-800x60-1.png\" alt=\"\" class=\"uag-image-23273\" width=\"800\" height=\"60\" title=\"\" loading=\"lazy\" role=\"img\"\/><\/a><\/figure><\/div>\n\n\n\n<div style=\"height:50px\" aria-hidden=\"true\" class=\"wp-block-spacer\"><\/div>\n","protected":false},"excerpt":{"rendered":"<p>Bernardo Guti\u00e9rrez Parra<\/p>\n","protected":false},"author":1,"featured_media":32825,"comment_status":"open","ping_status":"closed","sticky":false,"template":"","format":"standard","meta":{"_uag_custom_page_level_css":"","jetpack_post_was_ever_published":false,"footnotes":""},"categories":[13,106],"tags":[],"class_list":["post-42597","post","type-post","status-publish","format-standard","has-post-thumbnail","hentry","category-columnas","category-desde-el-cafe"],"yoast_head":"<!-- This site is optimized with the Yoast SEO plugin v27.3 - https:\/\/yoast.com\/product\/yoast-seo-wordpress\/ -->\n<title>Desde el Caf\u00e9 | Elio Hern\u00e1ndez; el candidato - Informante.mx<\/title>\n<meta name=\"robots\" content=\"index, follow, max-snippet:-1, max-image-preview:large, max-video-preview:-1\" \/>\n<link rel=\"canonical\" href=\"https:\/\/informante.mx\/?p=42597\" \/>\n<meta property=\"og:locale\" content=\"es_ES\" \/>\n<meta property=\"og:type\" content=\"article\" \/>\n<meta property=\"og:title\" content=\"Desde el Caf\u00e9 | Elio Hern\u00e1ndez; el candidato - Informante.mx\" \/>\n<meta property=\"og:description\" content=\"Bernardo Guti\u00e9rrez Parra\" \/>\n<meta property=\"og:url\" content=\"https:\/\/informante.mx\/?p=42597\" \/>\n<meta property=\"og:site_name\" content=\"Informante.mx\" \/>\n<meta property=\"article:publisher\" content=\"https:\/\/www.facebook.com\/MX.Informante\" \/>\n<meta property=\"article:published_time\" content=\"2024-11-26T22:25:30+00:00\" \/>\n<meta property=\"article:modified_time\" content=\"2024-11-26T22:25:33+00:00\" \/>\n<meta property=\"og:image\" content=\"https:\/\/informante.mx\/wp-content\/uploads\/2024\/04\/Bernardo-Guitierrez-1.jpg\" \/>\n\t<meta property=\"og:image:width\" content=\"1200\" \/>\n\t<meta property=\"og:image:height\" content=\"700\" \/>\n\t<meta property=\"og:image:type\" content=\"image\/jpeg\" \/>\n<meta name=\"author\" content=\"InformanteMX\" \/>\n<meta name=\"twitter:card\" content=\"summary_large_image\" \/>\n<meta name=\"twitter:creator\" content=\"@mx_informante\" \/>\n<meta name=\"twitter:site\" content=\"@mx_informante\" \/>\n<meta name=\"twitter:label1\" content=\"Escrito por\" \/>\n\t<meta name=\"twitter:data1\" content=\"InformanteMX\" \/>\n\t<meta name=\"twitter:label2\" content=\"Tiempo de lectura\" \/>\n\t<meta name=\"twitter:data2\" content=\"4 minutos\" \/>\n<script type=\"application\/ld+json\" class=\"yoast-schema-graph\">{\"@context\":\"https:\\\/\\\/schema.org\",\"@graph\":[{\"@type\":\"NewsArticle\",\"@id\":\"https:\\\/\\\/informante.mx\\\/?p=42597#article\",\"isPartOf\":{\"@id\":\"https:\\\/\\\/informante.mx\\\/?p=42597\"},\"author\":{\"name\":\"InformanteMX\",\"@id\":\"https:\\\/\\\/informante.mx\\\/#\\\/schema\\\/person\\\/3eff91989d2ea76b0a330b416325946c\"},\"headline\":\"Desde el Caf\u00e9 | Elio Hern\u00e1ndez; el candidato\",\"datePublished\":\"2024-11-26T22:25:30+00:00\",\"dateModified\":\"2024-11-26T22:25:33+00:00\",\"mainEntityOfPage\":{\"@id\":\"https:\\\/\\\/informante.mx\\\/?p=42597\"},\"wordCount\":781,\"commentCount\":0,\"publisher\":{\"@id\":\"https:\\\/\\\/informante.mx\\\/#organization\"},\"image\":{\"@id\":\"https:\\\/\\\/informante.mx\\\/?p=42597#primaryimage\"},\"thumbnailUrl\":\"https:\\\/\\\/informante.mx\\\/wp-content\\\/uploads\\\/2024\\\/04\\\/Bernardo-Guitierrez-1.jpg\",\"articleSection\":[\"Columnas\",\"Desde el Caf\u00e9\"],\"inLanguage\":\"es\",\"potentialAction\":[{\"@type\":\"CommentAction\",\"name\":\"Comment\",\"target\":[\"https:\\\/\\\/informante.mx\\\/?p=42597#respond\"]}]},{\"@type\":\"WebPage\",\"@id\":\"https:\\\/\\\/informante.mx\\\/?p=42597\",\"url\":\"https:\\\/\\\/informante.mx\\\/?p=42597\",\"name\":\"Desde el Caf\u00e9 | Elio Hern\u00e1ndez; el candidato - Informante.mx\",\"isPartOf\":{\"@id\":\"https:\\\/\\\/informante.mx\\\/#website\"},\"primaryImageOfPage\":{\"@id\":\"https:\\\/\\\/informante.mx\\\/?p=42597#primaryimage\"},\"image\":{\"@id\":\"https:\\\/\\\/informante.mx\\\/?p=42597#primaryimage\"},\"thumbnailUrl\":\"https:\\\/\\\/informante.mx\\\/wp-content\\\/uploads\\\/2024\\\/04\\\/Bernardo-Guitierrez-1.jpg\",\"datePublished\":\"2024-11-26T22:25:30+00:00\",\"dateModified\":\"2024-11-26T22:25:33+00:00\",\"breadcrumb\":{\"@id\":\"https:\\\/\\\/informante.mx\\\/?p=42597#breadcrumb\"},\"inLanguage\":\"es\",\"potentialAction\":[{\"@type\":\"ReadAction\",\"target\":[\"https:\\\/\\\/informante.mx\\\/?p=42597\"]}]},{\"@type\":\"ImageObject\",\"inLanguage\":\"es\",\"@id\":\"https:\\\/\\\/informante.mx\\\/?p=42597#primaryimage\",\"url\":\"https:\\\/\\\/informante.mx\\\/wp-content\\\/uploads\\\/2024\\\/04\\\/Bernardo-Guitierrez-1.jpg\",\"contentUrl\":\"https:\\\/\\\/informante.mx\\\/wp-content\\\/uploads\\\/2024\\\/04\\\/Bernardo-Guitierrez-1.jpg\",\"width\":1200,\"height\":700},{\"@type\":\"BreadcrumbList\",\"@id\":\"https:\\\/\\\/informante.mx\\\/?p=42597#breadcrumb\",\"itemListElement\":[{\"@type\":\"ListItem\",\"position\":1,\"name\":\"Portada\",\"item\":\"https:\\\/\\\/informante.mx\\\/\"},{\"@type\":\"ListItem\",\"position\":2,\"name\":\"Desde el Caf\u00e9 | Elio Hern\u00e1ndez; el candidato\"}]},{\"@type\":\"WebSite\",\"@id\":\"https:\\\/\\\/informante.mx\\\/#website\",\"url\":\"https:\\\/\\\/informante.mx\\\/\",\"name\":\"Informante.mx\",\"description\":\"\",\"publisher\":{\"@id\":\"https:\\\/\\\/informante.mx\\\/#organization\"},\"potentialAction\":[{\"@type\":\"SearchAction\",\"target\":{\"@type\":\"EntryPoint\",\"urlTemplate\":\"https:\\\/\\\/informante.mx\\\/?s={search_term_string}\"},\"query-input\":{\"@type\":\"PropertyValueSpecification\",\"valueRequired\":true,\"valueName\":\"search_term_string\"}}],\"inLanguage\":\"es\"},{\"@type\":\"Organization\",\"@id\":\"https:\\\/\\\/informante.mx\\\/#organization\",\"name\":\"Informante.mx\",\"url\":\"https:\\\/\\\/informante.mx\\\/\",\"logo\":{\"@type\":\"ImageObject\",\"inLanguage\":\"es\",\"@id\":\"https:\\\/\\\/informante.mx\\\/#\\\/schema\\\/logo\\\/image\\\/\",\"url\":\"https:\\\/\\\/informante.mx\\\/wp-content\\\/uploads\\\/2019\\\/12\\\/cropped-LOGO-Verde-Apaisado-1024x360O-1.png\",\"contentUrl\":\"https:\\\/\\\/informante.mx\\\/wp-content\\\/uploads\\\/2019\\\/12\\\/cropped-LOGO-Verde-Apaisado-1024x360O-1.png\",\"width\":923,\"height\":180,\"caption\":\"Informante.mx\"},\"image\":{\"@id\":\"https:\\\/\\\/informante.mx\\\/#\\\/schema\\\/logo\\\/image\\\/\"},\"sameAs\":[\"https:\\\/\\\/www.facebook.com\\\/MX.Informante\",\"https:\\\/\\\/x.com\\\/mx_informante\"]},{\"@type\":\"Person\",\"@id\":\"https:\\\/\\\/informante.mx\\\/#\\\/schema\\\/person\\\/3eff91989d2ea76b0a330b416325946c\",\"name\":\"InformanteMX\",\"image\":{\"@type\":\"ImageObject\",\"inLanguage\":\"es\",\"@id\":\"https:\\\/\\\/secure.gravatar.com\\\/avatar\\\/10d802aa739e832aedd2f3fd8544d878871eb22e6ca86fe9a548573e34a28f0e?s=96&d=mm&r=g\",\"url\":\"https:\\\/\\\/secure.gravatar.com\\\/avatar\\\/10d802aa739e832aedd2f3fd8544d878871eb22e6ca86fe9a548573e34a28f0e?s=96&d=mm&r=g\",\"contentUrl\":\"https:\\\/\\\/secure.gravatar.com\\\/avatar\\\/10d802aa739e832aedd2f3fd8544d878871eb22e6ca86fe9a548573e34a28f0e?s=96&d=mm&r=g\",\"caption\":\"InformanteMX\"},\"url\":\"https:\\\/\\\/informante.mx\\\/?author=1\"}]}<\/script>\n<!-- \/ Yoast SEO plugin. -->","yoast_head_json":{"title":"Desde el Caf\u00e9 | Elio Hern\u00e1ndez; el candidato - Informante.mx","robots":{"index":"index","follow":"follow","max-snippet":"max-snippet:-1","max-image-preview":"max-image-preview:large","max-video-preview":"max-video-preview:-1"},"canonical":"https:\/\/informante.mx\/?p=42597","og_locale":"es_ES","og_type":"article","og_title":"Desde el Caf\u00e9 | Elio Hern\u00e1ndez; el candidato - Informante.mx","og_description":"Bernardo Guti\u00e9rrez Parra","og_url":"https:\/\/informante.mx\/?p=42597","og_site_name":"Informante.mx","article_publisher":"https:\/\/www.facebook.com\/MX.Informante","article_published_time":"2024-11-26T22:25:30+00:00","article_modified_time":"2024-11-26T22:25:33+00:00","og_image":[{"width":1200,"height":700,"url":"https:\/\/informante.mx\/wp-content\/uploads\/2024\/04\/Bernardo-Guitierrez-1.jpg","type":"image\/jpeg"}],"author":"InformanteMX","twitter_card":"summary_large_image","twitter_creator":"@mx_informante","twitter_site":"@mx_informante","twitter_misc":{"Escrito por":"InformanteMX","Tiempo de lectura":"4 minutos"},"schema":{"@context":"https:\/\/schema.org","@graph":[{"@type":"NewsArticle","@id":"https:\/\/informante.mx\/?p=42597#article","isPartOf":{"@id":"https:\/\/informante.mx\/?p=42597"},"author":{"name":"InformanteMX","@id":"https:\/\/informante.mx\/#\/schema\/person\/3eff91989d2ea76b0a330b416325946c"},"headline":"Desde el Caf\u00e9 | Elio Hern\u00e1ndez; el candidato","datePublished":"2024-11-26T22:25:30+00:00","dateModified":"2024-11-26T22:25:33+00:00","mainEntityOfPage":{"@id":"https:\/\/informante.mx\/?p=42597"},"wordCount":781,"commentCount":0,"publisher":{"@id":"https:\/\/informante.mx\/#organization"},"image":{"@id":"https:\/\/informante.mx\/?p=42597#primaryimage"},"thumbnailUrl":"https:\/\/informante.mx\/wp-content\/uploads\/2024\/04\/Bernardo-Guitierrez-1.jpg","articleSection":["Columnas","Desde el Caf\u00e9"],"inLanguage":"es","potentialAction":[{"@type":"CommentAction","name":"Comment","target":["https:\/\/informante.mx\/?p=42597#respond"]}]},{"@type":"WebPage","@id":"https:\/\/informante.mx\/?p=42597","url":"https:\/\/informante.mx\/?p=42597","name":"Desde el Caf\u00e9 | Elio Hern\u00e1ndez; el candidato - Informante.mx","isPartOf":{"@id":"https:\/\/informante.mx\/#website"},"primaryImageOfPage":{"@id":"https:\/\/informante.mx\/?p=42597#primaryimage"},"image":{"@id":"https:\/\/informante.mx\/?p=42597#primaryimage"},"thumbnailUrl":"https:\/\/informante.mx\/wp-content\/uploads\/2024\/04\/Bernardo-Guitierrez-1.jpg","datePublished":"2024-11-26T22:25:30+00:00","dateModified":"2024-11-26T22:25:33+00:00","breadcrumb":{"@id":"https:\/\/informante.mx\/?p=42597#breadcrumb"},"inLanguage":"es","potentialAction":[{"@type":"ReadAction","target":["https:\/\/informante.mx\/?p=42597"]}]},{"@type":"ImageObject","inLanguage":"es","@id":"https:\/\/informante.mx\/?p=42597#primaryimage","url":"https:\/\/informante.mx\/wp-content\/uploads\/2024\/04\/Bernardo-Guitierrez-1.jpg","contentUrl":"https:\/\/informante.mx\/wp-content\/uploads\/2024\/04\/Bernardo-Guitierrez-1.jpg","width":1200,"height":700},{"@type":"BreadcrumbList","@id":"https:\/\/informante.mx\/?p=42597#breadcrumb","itemListElement":[{"@type":"ListItem","position":1,"name":"Portada","item":"https:\/\/informante.mx\/"},{"@type":"ListItem","position":2,"name":"Desde el Caf\u00e9 | Elio Hern\u00e1ndez; el candidato"}]},{"@type":"WebSite","@id":"https:\/\/informante.mx\/#website","url":"https:\/\/informante.mx\/","name":"Informante.mx","description":"","publisher":{"@id":"https:\/\/informante.mx\/#organization"},"potentialAction":[{"@type":"SearchAction","target":{"@type":"EntryPoint","urlTemplate":"https:\/\/informante.mx\/?s={search_term_string}"},"query-input":{"@type":"PropertyValueSpecification","valueRequired":true,"valueName":"search_term_string"}}],"inLanguage":"es"},{"@type":"Organization","@id":"https:\/\/informante.mx\/#organization","name":"Informante.mx","url":"https:\/\/informante.mx\/","logo":{"@type":"ImageObject","inLanguage":"es","@id":"https:\/\/informante.mx\/#\/schema\/logo\/image\/","url":"https:\/\/informante.mx\/wp-content\/uploads\/2019\/12\/cropped-LOGO-Verde-Apaisado-1024x360O-1.png","contentUrl":"https:\/\/informante.mx\/wp-content\/uploads\/2019\/12\/cropped-LOGO-Verde-Apaisado-1024x360O-1.png","width":923,"height":180,"caption":"Informante.mx"},"image":{"@id":"https:\/\/informante.mx\/#\/schema\/logo\/image\/"},"sameAs":["https:\/\/www.facebook.com\/MX.Informante","https:\/\/x.com\/mx_informante"]},{"@type":"Person","@id":"https:\/\/informante.mx\/#\/schema\/person\/3eff91989d2ea76b0a330b416325946c","name":"InformanteMX","image":{"@type":"ImageObject","inLanguage":"es","@id":"https:\/\/secure.gravatar.com\/avatar\/10d802aa739e832aedd2f3fd8544d878871eb22e6ca86fe9a548573e34a28f0e?s=96&d=mm&r=g","url":"https:\/\/secure.gravatar.com\/avatar\/10d802aa739e832aedd2f3fd8544d878871eb22e6ca86fe9a548573e34a28f0e?s=96&d=mm&r=g","contentUrl":"https:\/\/secure.gravatar.com\/avatar\/10d802aa739e832aedd2f3fd8544d878871eb22e6ca86fe9a548573e34a28f0e?s=96&d=mm&r=g","caption":"InformanteMX"},"url":"https:\/\/informante.mx\/?author=1"}]}},"jetpack_featured_media_url":"https:\/\/informante.mx\/wp-content\/uploads\/2024\/04\/Bernardo-Guitierrez-1.jpg","uagb_featured_image_src":{"full":["https:\/\/informante.mx\/wp-content\/uploads\/2024\/04\/Bernardo-Guitierrez-1.jpg",1200,700,false],"thumbnail":["https:\/\/informante.mx\/wp-content\/uploads\/2024\/04\/Bernardo-Guitierrez-1-150x88.jpg",150,88,true],"medium":["https:\/\/informante.mx\/wp-content\/uploads\/2024\/04\/Bernardo-Guitierrez-1-300x175.jpg",300,175,true],"medium_large":["https:\/\/informante.mx\/wp-content\/uploads\/2024\/04\/Bernardo-Guitierrez-1-768x448.jpg",640,373,true],"large":["https:\/\/informante.mx\/wp-content\/uploads\/2024\/04\/Bernardo-Guitierrez-1-1024x597.jpg",640,373,true],"1536x1536":["https:\/\/informante.mx\/wp-content\/uploads\/2024\/04\/Bernardo-Guitierrez-1.jpg",1200,700,false],"2048x2048":["https:\/\/informante.mx\/wp-content\/uploads\/2024\/04\/Bernardo-Guitierrez-1.jpg",1200,700,false],"td_0x420":["https:\/\/informante.mx\/wp-content\/uploads\/2024\/04\/Bernardo-Guitierrez-1-720x420.jpg",720,420,true],"td_0x420_retina":["https:\/\/informante.mx\/wp-content\/uploads\/2024\/04\/Bernardo-Guitierrez-1.jpg",1200,700,false],"td_80x60":["https:\/\/informante.mx\/wp-content\/uploads\/2024\/04\/Bernardo-Guitierrez-1-80x60.jpg",80,60,true],"td_80x60_retina":["https:\/\/informante.mx\/wp-content\/uploads\/2024\/04\/Bernardo-Guitierrez-1-160x120.jpg",160,120,true],"td_100x75":["https:\/\/informante.mx\/wp-content\/uploads\/2024\/04\/Bernardo-Guitierrez-1-100x75.jpg",100,75,true],"td_100x75_retina":["https:\/\/informante.mx\/wp-content\/uploads\/2024\/04\/Bernardo-Guitierrez-1-200x150.jpg",200,150,true],"td_180x135":["https:\/\/informante.mx\/wp-content\/uploads\/2024\/04\/Bernardo-Guitierrez-1-180x135.jpg",180,135,true],"td_180x135_retina":["https:\/\/informante.mx\/wp-content\/uploads\/2024\/04\/Bernardo-Guitierrez-1-360x270.jpg",360,270,true],"td_238x178":["https:\/\/informante.mx\/wp-content\/uploads\/2024\/04\/Bernardo-Guitierrez-1-238x178.jpg",238,178,true],"td_238x178_retina":["https:\/\/informante.mx\/wp-content\/uploads\/2024\/04\/Bernardo-Guitierrez-1-476x356.jpg",476,356,true],"td_265x198":["https:\/\/informante.mx\/wp-content\/uploads\/2024\/04\/Bernardo-Guitierrez-1-265x198.jpg",265,198,true],"td_265x198_retina":["https:\/\/informante.mx\/wp-content\/uploads\/2024\/04\/Bernardo-Guitierrez-1-530x396.jpg",530,396,true],"td_300x160":["https:\/\/informante.mx\/wp-content\/uploads\/2024\/04\/Bernardo-Guitierrez-1-300x160.jpg",300,160,true],"td_300x160_retina":["https:\/\/informante.mx\/wp-content\/uploads\/2024\/04\/Bernardo-Guitierrez-1-600x320.jpg",600,320,true],"td_300x194":["https:\/\/informante.mx\/wp-content\/uploads\/2024\/04\/Bernardo-Guitierrez-1-300x194.jpg",300,194,true],"td_300x194_retina":["https:\/\/informante.mx\/wp-content\/uploads\/2024\/04\/Bernardo-Guitierrez-1-600x388.jpg",600,388,true],"td_300x350":["https:\/\/informante.mx\/wp-content\/uploads\/2024\/04\/Bernardo-Guitierrez-1-300x350.jpg",300,350,true],"td_300x350_retina":["https:\/\/informante.mx\/wp-content\/uploads\/2024\/04\/Bernardo-Guitierrez-1-600x700.jpg",600,700,true],"td_341x220":["https:\/\/informante.mx\/wp-content\/uploads\/2024\/04\/Bernardo-Guitierrez-1-341x220.jpg",341,220,true],"td_341x220_retina":["https:\/\/informante.mx\/wp-content\/uploads\/2024\/04\/Bernardo-Guitierrez-1-682x440.jpg",682,440,true],"td_341x400":["https:\/\/informante.mx\/wp-content\/uploads\/2024\/04\/Bernardo-Guitierrez-1-341x400.jpg",341,400,true],"td_341x400_retina":["https:\/\/informante.mx\/wp-content\/uploads\/2024\/04\/Bernardo-Guitierrez-1-682x700.jpg",682,700,true],"td_511x400":["https:\/\/informante.mx\/wp-content\/uploads\/2024\/04\/Bernardo-Guitierrez-1-511x400.jpg",511,400,true],"td_511x400_retina":["https:\/\/informante.mx\/wp-content\/uploads\/2024\/04\/Bernardo-Guitierrez-1-1022x700.jpg",1022,700,true],"td_537x360":["https:\/\/informante.mx\/wp-content\/uploads\/2024\/04\/Bernardo-Guitierrez-1-537x360.jpg",537,360,true],"td_537x360_retina":["https:\/\/informante.mx\/wp-content\/uploads\/2024\/04\/Bernardo-Guitierrez-1-1074x700.jpg",1074,700,true],"td_640x0":["https:\/\/informante.mx\/wp-content\/uploads\/2024\/04\/Bernardo-Guitierrez-1-640x373.jpg",640,373,true],"td_640x0_retina":["https:\/\/informante.mx\/wp-content\/uploads\/2024\/04\/Bernardo-Guitierrez-1.jpg",1200,700,false],"td_640x350":["https:\/\/informante.mx\/wp-content\/uploads\/2024\/04\/Bernardo-Guitierrez-1-640x350.jpg",640,350,true],"td_640x350_retina":["https:\/\/informante.mx\/wp-content\/uploads\/2024\/04\/Bernardo-Guitierrez-1.jpg",1200,700,false],"td_681x0":["https:\/\/informante.mx\/wp-content\/uploads\/2024\/04\/Bernardo-Guitierrez-1-681x397.jpg",681,397,true],"td_681x0_retina":["https:\/\/informante.mx\/wp-content\/uploads\/2024\/04\/Bernardo-Guitierrez-1.jpg",1200,700,false],"td_681x400":["https:\/\/informante.mx\/wp-content\/uploads\/2024\/04\/Bernardo-Guitierrez-1-681x400.jpg",681,400,true],"td_681x400_retina":["https:\/\/informante.mx\/wp-content\/uploads\/2024\/04\/Bernardo-Guitierrez-1.jpg",1200,700,false],"td_741x486":["https:\/\/informante.mx\/wp-content\/uploads\/2024\/04\/Bernardo-Guitierrez-1-741x486.jpg",741,486,true],"td_741x486_retina":["https:\/\/informante.mx\/wp-content\/uploads\/2024\/04\/Bernardo-Guitierrez-1.jpg",1200,700,false],"td_1021x580":["https:\/\/informante.mx\/wp-content\/uploads\/2024\/04\/Bernardo-Guitierrez-1-1021x580.jpg",1021,580,true],"td_1021x580_retina":["https:\/\/informante.mx\/wp-content\/uploads\/2024\/04\/Bernardo-Guitierrez-1.jpg",1200,700,false]},"uagb_author_info":{"display_name":"InformanteMX","author_link":"https:\/\/informante.mx\/?author=1"},"uagb_comment_info":0,"uagb_excerpt":"Bernardo Guti\u00e9rrez Parra","_links":{"self":[{"href":"https:\/\/informante.mx\/index.php?rest_route=\/wp\/v2\/posts\/42597","targetHints":{"allow":["GET"]}}],"collection":[{"href":"https:\/\/informante.mx\/index.php?rest_route=\/wp\/v2\/posts"}],"about":[{"href":"https:\/\/informante.mx\/index.php?rest_route=\/wp\/v2\/types\/post"}],"author":[{"embeddable":true,"href":"https:\/\/informante.mx\/index.php?rest_route=\/wp\/v2\/users\/1"}],"replies":[{"embeddable":true,"href":"https:\/\/informante.mx\/index.php?rest_route=%2Fwp%2Fv2%2Fcomments&post=42597"}],"version-history":[{"count":1,"href":"https:\/\/informante.mx\/index.php?rest_route=\/wp\/v2\/posts\/42597\/revisions"}],"predecessor-version":[{"id":42598,"href":"https:\/\/informante.mx\/index.php?rest_route=\/wp\/v2\/posts\/42597\/revisions\/42598"}],"wp:featuredmedia":[{"embeddable":true,"href":"https:\/\/informante.mx\/index.php?rest_route=\/wp\/v2\/media\/32825"}],"wp:attachment":[{"href":"https:\/\/informante.mx\/index.php?rest_route=%2Fwp%2Fv2%2Fmedia&parent=42597"}],"wp:term":[{"taxonomy":"category","embeddable":true,"href":"https:\/\/informante.mx\/index.php?rest_route=%2Fwp%2Fv2%2Fcategories&post=42597"},{"taxonomy":"post_tag","embeddable":true,"href":"https:\/\/informante.mx\/index.php?rest_route=%2Fwp%2Fv2%2Ftags&post=42597"}],"curies":[{"name":"wp","href":"https:\/\/api.w.org\/{rel}","templated":true}]}}