{"id":41111,"date":"2024-10-21T15:20:52","date_gmt":"2024-10-21T21:20:52","guid":{"rendered":"https:\/\/informante.mx\/?p=41111"},"modified":"2024-10-21T15:20:58","modified_gmt":"2024-10-21T21:20:58","slug":"anuncian-quinta-feria-de-servicios-del-cejum","status":"publish","type":"post","link":"https:\/\/informante.mx\/?p=41111","title":{"rendered":"Anuncian quinta Feria de Servicios del CEJUM\u00a0"},"content":{"rendered":"\n<p>Dario Pale&nbsp;<\/p>\n\n\n\n<p>Xalapa, Ver.- El regidor quinto del Ayuntamiento de Xalapa, Diego David Florescano P\u00e9rez, dio a conocer que, el pr\u00f3ximo viernes 25 de octubre se llevar\u00e1 a cabo la Quinta Feria de Servicios del Centro de Justicia para las Mujeres del Estado de Veracruz.<\/p>\n\n\n\n<p>Ser\u00e1 en un horario de 9 a 15 horas, los servicios que se ofrecer\u00e1n son: jornada de vacunaci\u00f3n, mastograf\u00edas, papanicolaou, servicios odontol\u00f3gicos, medicina general, salud sexual y reproductiva, pruebas de VIH.<\/p>\n\n\n\n<p>Asimismo, reflexololog\u00eda de manos, corte de cabello, registro civil, asesor\u00edas en materia civil, penal, registral y notarial, registro del programa de abasto social de leche Liconsa y venta.<\/p>\n\n\n\n<p>Tambi\u00e9n habr\u00e1 talleres de yoga, meditaci\u00f3n, emprendimiento, aplicaci\u00f3n de keratina. Adem\u00e1s habr\u00e1 presentaci\u00f3n art\u00edstica de la Quinta de las Rosas, del Ballet del Estado de Veracruz, del grupo Jazz Folk, as\u00ed como sketch Buza Caperuza.<\/p>\n\n\n\n<p>La sede se ubica en la avenida Colmerillos, sin n\u00famero, colonia Nuevo Xalapa. El cupo ser\u00e1 limitado.<\/p>\n","protected":false},"excerpt":{"rendered":"<p>Dario Pale&nbsp; Xalapa, Ver.- El regidor quinto del Ayuntamiento de Xalapa, Diego David Florescano P\u00e9rez, dio a conocer que, el pr\u00f3ximo viernes 25 de octubre se llevar\u00e1 a cabo la Quinta Feria de Servicios del Centro de Justicia para las Mujeres del Estado de Veracruz. Ser\u00e1 en un horario de 9 a 15 horas, los [&hellip;]<\/p>\n","protected":false},"author":1,"featured_media":41112,"comment_status":"open","ping_status":"closed","sticky":false,"template":"","format":"standard","meta":{"_uag_custom_page_level_css":"","jetpack_post_was_ever_published":false,"footnotes":""},"categories":[8],"tags":[],"class_list":["post-41111","post","type-post","status-publish","format-standard","has-post-thumbnail","hentry","category-local"],"yoast_head":"<!-- This site is optimized with the Yoast SEO plugin v27.3 - https:\/\/yoast.com\/product\/yoast-seo-wordpress\/ -->\n<title>Anuncian quinta Feria de Servicios del CEJUM\u00a0 - Informante.mx<\/title>\n<meta name=\"robots\" content=\"index, follow, max-snippet:-1, max-image-preview:large, max-video-preview:-1\" \/>\n<link rel=\"canonical\" href=\"https:\/\/informante.mx\/?p=41111\" \/>\n<meta property=\"og:locale\" content=\"es_ES\" \/>\n<meta property=\"og:type\" content=\"article\" \/>\n<meta property=\"og:title\" content=\"Anuncian quinta Feria de Servicios del CEJUM\u00a0 - Informante.mx\" \/>\n<meta property=\"og:description\" content=\"Dario Pale&nbsp; Xalapa, Ver.- El regidor quinto del Ayuntamiento de Xalapa, Diego David Florescano P\u00e9rez, dio a conocer que, el pr\u00f3ximo viernes 25 de octubre se llevar\u00e1 a cabo la Quinta Feria de Servicios del Centro de Justicia para las Mujeres del Estado de Veracruz. Ser\u00e1 en un horario de 9 a 15 horas, los [&hellip;]\" \/>\n<meta property=\"og:url\" content=\"https:\/\/informante.mx\/?p=41111\" \/>\n<meta property=\"og:site_name\" content=\"Informante.mx\" \/>\n<meta property=\"article:publisher\" content=\"https:\/\/www.facebook.com\/MX.Informante\" \/>\n<meta property=\"article:published_time\" content=\"2024-10-21T21:20:52+00:00\" \/>\n<meta property=\"article:modified_time\" content=\"2024-10-21T21:20:58+00:00\" \/>\n<meta property=\"og:image\" content=\"https:\/\/informante.mx\/wp-content\/uploads\/2024\/10\/WhatsApp-Image-2024-10-21-at-11.47.43-AM.jpeg\" \/>\n\t<meta property=\"og:image:width\" content=\"1600\" \/>\n\t<meta property=\"og:image:height\" content=\"902\" \/>\n\t<meta property=\"og:image:type\" content=\"image\/jpeg\" \/>\n<meta name=\"author\" content=\"InformanteMX\" \/>\n<meta name=\"twitter:card\" content=\"summary_large_image\" \/>\n<meta name=\"twitter:creator\" content=\"@mx_informante\" \/>\n<meta name=\"twitter:site\" content=\"@mx_informante\" \/>\n<meta name=\"twitter:label1\" content=\"Escrito por\" \/>\n\t<meta name=\"twitter:data1\" content=\"InformanteMX\" \/>\n\t<meta name=\"twitter:label2\" content=\"Tiempo de lectura\" \/>\n\t<meta name=\"twitter:data2\" content=\"1 minuto\" \/>\n<script type=\"application\/ld+json\" class=\"yoast-schema-graph\">{\"@context\":\"https:\\\/\\\/schema.org\",\"@graph\":[{\"@type\":\"NewsArticle\",\"@id\":\"https:\\\/\\\/informante.mx\\\/?p=41111#article\",\"isPartOf\":{\"@id\":\"https:\\\/\\\/informante.mx\\\/?p=41111\"},\"author\":{\"name\":\"InformanteMX\",\"@id\":\"https:\\\/\\\/informante.mx\\\/#\\\/schema\\\/person\\\/3eff91989d2ea76b0a330b416325946c\"},\"headline\":\"Anuncian quinta Feria de Servicios del CEJUM\u00a0\",\"datePublished\":\"2024-10-21T21:20:52+00:00\",\"dateModified\":\"2024-10-21T21:20:58+00:00\",\"mainEntityOfPage\":{\"@id\":\"https:\\\/\\\/informante.mx\\\/?p=41111\"},\"wordCount\":177,\"commentCount\":0,\"publisher\":{\"@id\":\"https:\\\/\\\/informante.mx\\\/#organization\"},\"image\":{\"@id\":\"https:\\\/\\\/informante.mx\\\/?p=41111#primaryimage\"},\"thumbnailUrl\":\"https:\\\/\\\/informante.mx\\\/wp-content\\\/uploads\\\/2024\\\/10\\\/WhatsApp-Image-2024-10-21-at-11.47.43-AM.jpeg\",\"articleSection\":[\"Local\"],\"inLanguage\":\"es\",\"potentialAction\":[{\"@type\":\"CommentAction\",\"name\":\"Comment\",\"target\":[\"https:\\\/\\\/informante.mx\\\/?p=41111#respond\"]}]},{\"@type\":\"WebPage\",\"@id\":\"https:\\\/\\\/informante.mx\\\/?p=41111\",\"url\":\"https:\\\/\\\/informante.mx\\\/?p=41111\",\"name\":\"Anuncian quinta Feria de Servicios del CEJUM\u00a0 - Informante.mx\",\"isPartOf\":{\"@id\":\"https:\\\/\\\/informante.mx\\\/#website\"},\"primaryImageOfPage\":{\"@id\":\"https:\\\/\\\/informante.mx\\\/?p=41111#primaryimage\"},\"image\":{\"@id\":\"https:\\\/\\\/informante.mx\\\/?p=41111#primaryimage\"},\"thumbnailUrl\":\"https:\\\/\\\/informante.mx\\\/wp-content\\\/uploads\\\/2024\\\/10\\\/WhatsApp-Image-2024-10-21-at-11.47.43-AM.jpeg\",\"datePublished\":\"2024-10-21T21:20:52+00:00\",\"dateModified\":\"2024-10-21T21:20:58+00:00\",\"breadcrumb\":{\"@id\":\"https:\\\/\\\/informante.mx\\\/?p=41111#breadcrumb\"},\"inLanguage\":\"es\",\"potentialAction\":[{\"@type\":\"ReadAction\",\"target\":[\"https:\\\/\\\/informante.mx\\\/?p=41111\"]}]},{\"@type\":\"ImageObject\",\"inLanguage\":\"es\",\"@id\":\"https:\\\/\\\/informante.mx\\\/?p=41111#primaryimage\",\"url\":\"https:\\\/\\\/informante.mx\\\/wp-content\\\/uploads\\\/2024\\\/10\\\/WhatsApp-Image-2024-10-21-at-11.47.43-AM.jpeg\",\"contentUrl\":\"https:\\\/\\\/informante.mx\\\/wp-content\\\/uploads\\\/2024\\\/10\\\/WhatsApp-Image-2024-10-21-at-11.47.43-AM.jpeg\",\"width\":1600,\"height\":902},{\"@type\":\"BreadcrumbList\",\"@id\":\"https:\\\/\\\/informante.mx\\\/?p=41111#breadcrumb\",\"itemListElement\":[{\"@type\":\"ListItem\",\"position\":1,\"name\":\"Portada\",\"item\":\"https:\\\/\\\/informante.mx\\\/\"},{\"@type\":\"ListItem\",\"position\":2,\"name\":\"Anuncian quinta Feria de Servicios del CEJUM\u00a0\"}]},{\"@type\":\"WebSite\",\"@id\":\"https:\\\/\\\/informante.mx\\\/#website\",\"url\":\"https:\\\/\\\/informante.mx\\\/\",\"name\":\"Informante.mx\",\"description\":\"\",\"publisher\":{\"@id\":\"https:\\\/\\\/informante.mx\\\/#organization\"},\"potentialAction\":[{\"@type\":\"SearchAction\",\"target\":{\"@type\":\"EntryPoint\",\"urlTemplate\":\"https:\\\/\\\/informante.mx\\\/?s={search_term_string}\"},\"query-input\":{\"@type\":\"PropertyValueSpecification\",\"valueRequired\":true,\"valueName\":\"search_term_string\"}}],\"inLanguage\":\"es\"},{\"@type\":\"Organization\",\"@id\":\"https:\\\/\\\/informante.mx\\\/#organization\",\"name\":\"Informante.mx\",\"url\":\"https:\\\/\\\/informante.mx\\\/\",\"logo\":{\"@type\":\"ImageObject\",\"inLanguage\":\"es\",\"@id\":\"https:\\\/\\\/informante.mx\\\/#\\\/schema\\\/logo\\\/image\\\/\",\"url\":\"https:\\\/\\\/informante.mx\\\/wp-content\\\/uploads\\\/2019\\\/12\\\/cropped-LOGO-Verde-Apaisado-1024x360O-1.png\",\"contentUrl\":\"https:\\\/\\\/informante.mx\\\/wp-content\\\/uploads\\\/2019\\\/12\\\/cropped-LOGO-Verde-Apaisado-1024x360O-1.png\",\"width\":923,\"height\":180,\"caption\":\"Informante.mx\"},\"image\":{\"@id\":\"https:\\\/\\\/informante.mx\\\/#\\\/schema\\\/logo\\\/image\\\/\"},\"sameAs\":[\"https:\\\/\\\/www.facebook.com\\\/MX.Informante\",\"https:\\\/\\\/x.com\\\/mx_informante\"]},{\"@type\":\"Person\",\"@id\":\"https:\\\/\\\/informante.mx\\\/#\\\/schema\\\/person\\\/3eff91989d2ea76b0a330b416325946c\",\"name\":\"InformanteMX\",\"image\":{\"@type\":\"ImageObject\",\"inLanguage\":\"es\",\"@id\":\"https:\\\/\\\/secure.gravatar.com\\\/avatar\\\/10d802aa739e832aedd2f3fd8544d878871eb22e6ca86fe9a548573e34a28f0e?s=96&d=mm&r=g\",\"url\":\"https:\\\/\\\/secure.gravatar.com\\\/avatar\\\/10d802aa739e832aedd2f3fd8544d878871eb22e6ca86fe9a548573e34a28f0e?s=96&d=mm&r=g\",\"contentUrl\":\"https:\\\/\\\/secure.gravatar.com\\\/avatar\\\/10d802aa739e832aedd2f3fd8544d878871eb22e6ca86fe9a548573e34a28f0e?s=96&d=mm&r=g\",\"caption\":\"InformanteMX\"},\"url\":\"https:\\\/\\\/informante.mx\\\/?author=1\"}]}<\/script>\n<!-- \/ Yoast SEO plugin. -->","yoast_head_json":{"title":"Anuncian quinta Feria de Servicios del CEJUM\u00a0 - Informante.mx","robots":{"index":"index","follow":"follow","max-snippet":"max-snippet:-1","max-image-preview":"max-image-preview:large","max-video-preview":"max-video-preview:-1"},"canonical":"https:\/\/informante.mx\/?p=41111","og_locale":"es_ES","og_type":"article","og_title":"Anuncian quinta Feria de Servicios del CEJUM\u00a0 - Informante.mx","og_description":"Dario Pale&nbsp; Xalapa, Ver.- El regidor quinto del Ayuntamiento de Xalapa, Diego David Florescano P\u00e9rez, dio a conocer que, el pr\u00f3ximo viernes 25 de octubre se llevar\u00e1 a cabo la Quinta Feria de Servicios del Centro de Justicia para las Mujeres del Estado de Veracruz. Ser\u00e1 en un horario de 9 a 15 horas, los [&hellip;]","og_url":"https:\/\/informante.mx\/?p=41111","og_site_name":"Informante.mx","article_publisher":"https:\/\/www.facebook.com\/MX.Informante","article_published_time":"2024-10-21T21:20:52+00:00","article_modified_time":"2024-10-21T21:20:58+00:00","og_image":[{"width":1600,"height":902,"url":"https:\/\/informante.mx\/wp-content\/uploads\/2024\/10\/WhatsApp-Image-2024-10-21-at-11.47.43-AM.jpeg","type":"image\/jpeg"}],"author":"InformanteMX","twitter_card":"summary_large_image","twitter_creator":"@mx_informante","twitter_site":"@mx_informante","twitter_misc":{"Escrito por":"InformanteMX","Tiempo de lectura":"1 minuto"},"schema":{"@context":"https:\/\/schema.org","@graph":[{"@type":"NewsArticle","@id":"https:\/\/informante.mx\/?p=41111#article","isPartOf":{"@id":"https:\/\/informante.mx\/?p=41111"},"author":{"name":"InformanteMX","@id":"https:\/\/informante.mx\/#\/schema\/person\/3eff91989d2ea76b0a330b416325946c"},"headline":"Anuncian quinta Feria de Servicios del CEJUM\u00a0","datePublished":"2024-10-21T21:20:52+00:00","dateModified":"2024-10-21T21:20:58+00:00","mainEntityOfPage":{"@id":"https:\/\/informante.mx\/?p=41111"},"wordCount":177,"commentCount":0,"publisher":{"@id":"https:\/\/informante.mx\/#organization"},"image":{"@id":"https:\/\/informante.mx\/?p=41111#primaryimage"},"thumbnailUrl":"https:\/\/informante.mx\/wp-content\/uploads\/2024\/10\/WhatsApp-Image-2024-10-21-at-11.47.43-AM.jpeg","articleSection":["Local"],"inLanguage":"es","potentialAction":[{"@type":"CommentAction","name":"Comment","target":["https:\/\/informante.mx\/?p=41111#respond"]}]},{"@type":"WebPage","@id":"https:\/\/informante.mx\/?p=41111","url":"https:\/\/informante.mx\/?p=41111","name":"Anuncian quinta Feria de Servicios del CEJUM\u00a0 - Informante.mx","isPartOf":{"@id":"https:\/\/informante.mx\/#website"},"primaryImageOfPage":{"@id":"https:\/\/informante.mx\/?p=41111#primaryimage"},"image":{"@id":"https:\/\/informante.mx\/?p=41111#primaryimage"},"thumbnailUrl":"https:\/\/informante.mx\/wp-content\/uploads\/2024\/10\/WhatsApp-Image-2024-10-21-at-11.47.43-AM.jpeg","datePublished":"2024-10-21T21:20:52+00:00","dateModified":"2024-10-21T21:20:58+00:00","breadcrumb":{"@id":"https:\/\/informante.mx\/?p=41111#breadcrumb"},"inLanguage":"es","potentialAction":[{"@type":"ReadAction","target":["https:\/\/informante.mx\/?p=41111"]}]},{"@type":"ImageObject","inLanguage":"es","@id":"https:\/\/informante.mx\/?p=41111#primaryimage","url":"https:\/\/informante.mx\/wp-content\/uploads\/2024\/10\/WhatsApp-Image-2024-10-21-at-11.47.43-AM.jpeg","contentUrl":"https:\/\/informante.mx\/wp-content\/uploads\/2024\/10\/WhatsApp-Image-2024-10-21-at-11.47.43-AM.jpeg","width":1600,"height":902},{"@type":"BreadcrumbList","@id":"https:\/\/informante.mx\/?p=41111#breadcrumb","itemListElement":[{"@type":"ListItem","position":1,"name":"Portada","item":"https:\/\/informante.mx\/"},{"@type":"ListItem","position":2,"name":"Anuncian quinta Feria de Servicios del CEJUM\u00a0"}]},{"@type":"WebSite","@id":"https:\/\/informante.mx\/#website","url":"https:\/\/informante.mx\/","name":"Informante.mx","description":"","publisher":{"@id":"https:\/\/informante.mx\/#organization"},"potentialAction":[{"@type":"SearchAction","target":{"@type":"EntryPoint","urlTemplate":"https:\/\/informante.mx\/?s={search_term_string}"},"query-input":{"@type":"PropertyValueSpecification","valueRequired":true,"valueName":"search_term_string"}}],"inLanguage":"es"},{"@type":"Organization","@id":"https:\/\/informante.mx\/#organization","name":"Informante.mx","url":"https:\/\/informante.mx\/","logo":{"@type":"ImageObject","inLanguage":"es","@id":"https:\/\/informante.mx\/#\/schema\/logo\/image\/","url":"https:\/\/informante.mx\/wp-content\/uploads\/2019\/12\/cropped-LOGO-Verde-Apaisado-1024x360O-1.png","contentUrl":"https:\/\/informante.mx\/wp-content\/uploads\/2019\/12\/cropped-LOGO-Verde-Apaisado-1024x360O-1.png","width":923,"height":180,"caption":"Informante.mx"},"image":{"@id":"https:\/\/informante.mx\/#\/schema\/logo\/image\/"},"sameAs":["https:\/\/www.facebook.com\/MX.Informante","https:\/\/x.com\/mx_informante"]},{"@type":"Person","@id":"https:\/\/informante.mx\/#\/schema\/person\/3eff91989d2ea76b0a330b416325946c","name":"InformanteMX","image":{"@type":"ImageObject","inLanguage":"es","@id":"https:\/\/secure.gravatar.com\/avatar\/10d802aa739e832aedd2f3fd8544d878871eb22e6ca86fe9a548573e34a28f0e?s=96&d=mm&r=g","url":"https:\/\/secure.gravatar.com\/avatar\/10d802aa739e832aedd2f3fd8544d878871eb22e6ca86fe9a548573e34a28f0e?s=96&d=mm&r=g","contentUrl":"https:\/\/secure.gravatar.com\/avatar\/10d802aa739e832aedd2f3fd8544d878871eb22e6ca86fe9a548573e34a28f0e?s=96&d=mm&r=g","caption":"InformanteMX"},"url":"https:\/\/informante.mx\/?author=1"}]}},"jetpack_featured_media_url":"https:\/\/informante.mx\/wp-content\/uploads\/2024\/10\/WhatsApp-Image-2024-10-21-at-11.47.43-AM.jpeg","uagb_featured_image_src":{"full":["https:\/\/informante.mx\/wp-content\/uploads\/2024\/10\/WhatsApp-Image-2024-10-21-at-11.47.43-AM.jpeg",1600,902,false],"thumbnail":["https:\/\/informante.mx\/wp-content\/uploads\/2024\/10\/WhatsApp-Image-2024-10-21-at-11.47.43-AM-150x85.jpeg",150,85,true],"medium":["https:\/\/informante.mx\/wp-content\/uploads\/2024\/10\/WhatsApp-Image-2024-10-21-at-11.47.43-AM-300x169.jpeg",300,169,true],"medium_large":["https:\/\/informante.mx\/wp-content\/uploads\/2024\/10\/WhatsApp-Image-2024-10-21-at-11.47.43-AM-768x433.jpeg",640,361,true],"large":["https:\/\/informante.mx\/wp-content\/uploads\/2024\/10\/WhatsApp-Image-2024-10-21-at-11.47.43-AM-1024x577.jpeg",640,361,true],"1536x1536":["https:\/\/informante.mx\/wp-content\/uploads\/2024\/10\/WhatsApp-Image-2024-10-21-at-11.47.43-AM-1536x866.jpeg",1536,866,true],"2048x2048":["https:\/\/informante.mx\/wp-content\/uploads\/2024\/10\/WhatsApp-Image-2024-10-21-at-11.47.43-AM.jpeg",1600,902,false],"td_0x420":["https:\/\/informante.mx\/wp-content\/uploads\/2024\/10\/WhatsApp-Image-2024-10-21-at-11.47.43-AM-745x420.jpeg",745,420,true],"td_0x420_retina":["https:\/\/informante.mx\/wp-content\/uploads\/2024\/10\/WhatsApp-Image-2024-10-21-at-11.47.43-AM-1490x840.jpeg",1490,840,true],"td_80x60":["https:\/\/informante.mx\/wp-content\/uploads\/2024\/10\/WhatsApp-Image-2024-10-21-at-11.47.43-AM-80x60.jpeg",80,60,true],"td_80x60_retina":["https:\/\/informante.mx\/wp-content\/uploads\/2024\/10\/WhatsApp-Image-2024-10-21-at-11.47.43-AM-160x120.jpeg",160,120,true],"td_100x75":["https:\/\/informante.mx\/wp-content\/uploads\/2024\/10\/WhatsApp-Image-2024-10-21-at-11.47.43-AM-100x75.jpeg",100,75,true],"td_100x75_retina":["https:\/\/informante.mx\/wp-content\/uploads\/2024\/10\/WhatsApp-Image-2024-10-21-at-11.47.43-AM-200x150.jpeg",200,150,true],"td_180x135":["https:\/\/informante.mx\/wp-content\/uploads\/2024\/10\/WhatsApp-Image-2024-10-21-at-11.47.43-AM-180x135.jpeg",180,135,true],"td_180x135_retina":["https:\/\/informante.mx\/wp-content\/uploads\/2024\/10\/WhatsApp-Image-2024-10-21-at-11.47.43-AM-360x270.jpeg",360,270,true],"td_238x178":["https:\/\/informante.mx\/wp-content\/uploads\/2024\/10\/WhatsApp-Image-2024-10-21-at-11.47.43-AM-238x178.jpeg",238,178,true],"td_238x178_retina":["https:\/\/informante.mx\/wp-content\/uploads\/2024\/10\/WhatsApp-Image-2024-10-21-at-11.47.43-AM-476x356.jpeg",476,356,true],"td_265x198":["https:\/\/informante.mx\/wp-content\/uploads\/2024\/10\/WhatsApp-Image-2024-10-21-at-11.47.43-AM-265x198.jpeg",265,198,true],"td_265x198_retina":["https:\/\/informante.mx\/wp-content\/uploads\/2024\/10\/WhatsApp-Image-2024-10-21-at-11.47.43-AM-530x396.jpeg",530,396,true],"td_300x160":["https:\/\/informante.mx\/wp-content\/uploads\/2024\/10\/WhatsApp-Image-2024-10-21-at-11.47.43-AM-300x160.jpeg",300,160,true],"td_300x160_retina":["https:\/\/informante.mx\/wp-content\/uploads\/2024\/10\/WhatsApp-Image-2024-10-21-at-11.47.43-AM-600x320.jpeg",600,320,true],"td_300x194":["https:\/\/informante.mx\/wp-content\/uploads\/2024\/10\/WhatsApp-Image-2024-10-21-at-11.47.43-AM-300x194.jpeg",300,194,true],"td_300x194_retina":["https:\/\/informante.mx\/wp-content\/uploads\/2024\/10\/WhatsApp-Image-2024-10-21-at-11.47.43-AM-600x388.jpeg",600,388,true],"td_300x350":["https:\/\/informante.mx\/wp-content\/uploads\/2024\/10\/WhatsApp-Image-2024-10-21-at-11.47.43-AM-300x350.jpeg",300,350,true],"td_300x350_retina":["https:\/\/informante.mx\/wp-content\/uploads\/2024\/10\/WhatsApp-Image-2024-10-21-at-11.47.43-AM-600x700.jpeg",600,700,true],"td_341x220":["https:\/\/informante.mx\/wp-content\/uploads\/2024\/10\/WhatsApp-Image-2024-10-21-at-11.47.43-AM-341x220.jpeg",341,220,true],"td_341x220_retina":["https:\/\/informante.mx\/wp-content\/uploads\/2024\/10\/WhatsApp-Image-2024-10-21-at-11.47.43-AM-682x440.jpeg",682,440,true],"td_341x400":["https:\/\/informante.mx\/wp-content\/uploads\/2024\/10\/WhatsApp-Image-2024-10-21-at-11.47.43-AM-341x400.jpeg",341,400,true],"td_341x400_retina":["https:\/\/informante.mx\/wp-content\/uploads\/2024\/10\/WhatsApp-Image-2024-10-21-at-11.47.43-AM-682x800.jpeg",682,800,true],"td_511x400":["https:\/\/informante.mx\/wp-content\/uploads\/2024\/10\/WhatsApp-Image-2024-10-21-at-11.47.43-AM-511x400.jpeg",511,400,true],"td_511x400_retina":["https:\/\/informante.mx\/wp-content\/uploads\/2024\/10\/WhatsApp-Image-2024-10-21-at-11.47.43-AM-1022x800.jpeg",1022,800,true],"td_537x360":["https:\/\/informante.mx\/wp-content\/uploads\/2024\/10\/WhatsApp-Image-2024-10-21-at-11.47.43-AM-537x360.jpeg",537,360,true],"td_537x360_retina":["https:\/\/informante.mx\/wp-content\/uploads\/2024\/10\/WhatsApp-Image-2024-10-21-at-11.47.43-AM-1074x720.jpeg",1074,720,true],"td_640x0":["https:\/\/informante.mx\/wp-content\/uploads\/2024\/10\/WhatsApp-Image-2024-10-21-at-11.47.43-AM-640x361.jpeg",640,361,true],"td_640x0_retina":["https:\/\/informante.mx\/wp-content\/uploads\/2024\/10\/WhatsApp-Image-2024-10-21-at-11.47.43-AM-1280x722.jpeg",1280,722,true],"td_640x350":["https:\/\/informante.mx\/wp-content\/uploads\/2024\/10\/WhatsApp-Image-2024-10-21-at-11.47.43-AM-640x350.jpeg",640,350,true],"td_640x350_retina":["https:\/\/informante.mx\/wp-content\/uploads\/2024\/10\/WhatsApp-Image-2024-10-21-at-11.47.43-AM-1280x700.jpeg",1280,700,true],"td_681x0":["https:\/\/informante.mx\/wp-content\/uploads\/2024\/10\/WhatsApp-Image-2024-10-21-at-11.47.43-AM-681x384.jpeg",681,384,true],"td_681x0_retina":["https:\/\/informante.mx\/wp-content\/uploads\/2024\/10\/WhatsApp-Image-2024-10-21-at-11.47.43-AM-1362x768.jpeg",1362,768,true],"td_681x400":["https:\/\/informante.mx\/wp-content\/uploads\/2024\/10\/WhatsApp-Image-2024-10-21-at-11.47.43-AM-681x400.jpeg",681,400,true],"td_681x400_retina":["https:\/\/informante.mx\/wp-content\/uploads\/2024\/10\/WhatsApp-Image-2024-10-21-at-11.47.43-AM-1362x800.jpeg",1362,800,true],"td_741x486":["https:\/\/informante.mx\/wp-content\/uploads\/2024\/10\/WhatsApp-Image-2024-10-21-at-11.47.43-AM-741x486.jpeg",741,486,true],"td_741x486_retina":["https:\/\/informante.mx\/wp-content\/uploads\/2024\/10\/WhatsApp-Image-2024-10-21-at-11.47.43-AM-1482x902.jpeg",1482,902,true],"td_1021x580":["https:\/\/informante.mx\/wp-content\/uploads\/2024\/10\/WhatsApp-Image-2024-10-21-at-11.47.43-AM-1021x580.jpeg",1021,580,true],"td_1021x580_retina":["https:\/\/informante.mx\/wp-content\/uploads\/2024\/10\/WhatsApp-Image-2024-10-21-at-11.47.43-AM.jpeg",1600,902,false]},"uagb_author_info":{"display_name":"InformanteMX","author_link":"https:\/\/informante.mx\/?author=1"},"uagb_comment_info":0,"uagb_excerpt":"Dario Pale&nbsp; Xalapa, Ver.- El regidor quinto del Ayuntamiento de Xalapa, Diego David Florescano P\u00e9rez, dio a conocer que, el pr\u00f3ximo viernes 25 de octubre se llevar\u00e1 a cabo la Quinta Feria de Servicios del Centro de Justicia para las Mujeres del Estado de Veracruz. Ser\u00e1 en un horario de 9 a 15 horas, los&hellip;","_links":{"self":[{"href":"https:\/\/informante.mx\/index.php?rest_route=\/wp\/v2\/posts\/41111","targetHints":{"allow":["GET"]}}],"collection":[{"href":"https:\/\/informante.mx\/index.php?rest_route=\/wp\/v2\/posts"}],"about":[{"href":"https:\/\/informante.mx\/index.php?rest_route=\/wp\/v2\/types\/post"}],"author":[{"embeddable":true,"href":"https:\/\/informante.mx\/index.php?rest_route=\/wp\/v2\/users\/1"}],"replies":[{"embeddable":true,"href":"https:\/\/informante.mx\/index.php?rest_route=%2Fwp%2Fv2%2Fcomments&post=41111"}],"version-history":[{"count":1,"href":"https:\/\/informante.mx\/index.php?rest_route=\/wp\/v2\/posts\/41111\/revisions"}],"predecessor-version":[{"id":41113,"href":"https:\/\/informante.mx\/index.php?rest_route=\/wp\/v2\/posts\/41111\/revisions\/41113"}],"wp:featuredmedia":[{"embeddable":true,"href":"https:\/\/informante.mx\/index.php?rest_route=\/wp\/v2\/media\/41112"}],"wp:attachment":[{"href":"https:\/\/informante.mx\/index.php?rest_route=%2Fwp%2Fv2%2Fmedia&parent=41111"}],"wp:term":[{"taxonomy":"category","embeddable":true,"href":"https:\/\/informante.mx\/index.php?rest_route=%2Fwp%2Fv2%2Fcategories&post=41111"},{"taxonomy":"post_tag","embeddable":true,"href":"https:\/\/informante.mx\/index.php?rest_route=%2Fwp%2Fv2%2Ftags&post=41111"}],"curies":[{"name":"wp","href":"https:\/\/api.w.org\/{rel}","templated":true}]}}