{"id":40543,"date":"2024-10-04T09:51:48","date_gmt":"2024-10-04T15:51:48","guid":{"rendered":"https:\/\/informante.mx\/?p=40543"},"modified":"2024-10-04T09:51:52","modified_gmt":"2024-10-04T15:51:52","slug":"sheinbaum-anuncia-nueva-beca-rita-cetina-para-estudiantes-de-nivel-basico","status":"publish","type":"post","link":"https:\/\/informante.mx\/?p=40543","title":{"rendered":"Sheinbaum anuncia nueva beca \u201cRita Cetina\u201d, para estudiantes de nivel b\u00e1sico"},"content":{"rendered":"\n<h2 class=\"wp-block-heading\">\u2022 La Beca \u00abRita Cetina Guti\u00e9rrez\u00bb se ajustar\u00e1 anualmente por inflaci\u00f3n y se espera que apoye a 5.6 millones de estudiantes de secundaria<\/h2>\n\n\n\n<p><strong>Redacci\u00f3n Informante<\/strong><\/p>\n\n\n\n<p>La presidenta Claudia Sheinbaum anunci\u00f3 la creaci\u00f3n de la nueva Beca Universal \u201cRita Cetina Guti\u00e9rrez\u201d, que beneficiar\u00e1 a estudiantes de nivel b\u00e1sico en M\u00e9xico. Esta iniciativa surge en el marco de la expansi\u00f3n de las becas del bienestar, un programa que apoy\u00f3 a millones de estudiantes durante la administraci\u00f3n del expresidente Andr\u00e9s Manuel L\u00f3pez Obrador.<\/p>\n\n\n\n<p>El secretario de Educaci\u00f3n P\u00fablica, Mario Delgado, destac\u00f3 que 11.2 millones de estudiantes de educaci\u00f3n b\u00e1sica y media superior recibieron becas bajo el gobierno anterior. Con la nueva beca, se espera que, para 2025, 5.6 millones de estudiantes de secundaria puedan acceder a este apoyo econ\u00f3mico.<\/p>\n\n\n\n<p>La Beca \u201cRita Cetina Guti\u00e9rrez\u201d se ajustar\u00e1 anualmente por inflaci\u00f3n, comenzando con un monto de $1,900 pesos por familia. Adem\u00e1s, se otorgar\u00e1n $700 pesos adicionales por cada hijo que se encuentre dentro del programa.<\/p>\n\n\n\n<p>Para informar a la comunidad sobre esta nueva beca, se llevar\u00e1n a cabo asambleas informativas en todas las secundarias p\u00fablicas del pa\u00eds, programadas del 14 de octubre al 17 de enero. Estas asambleas proporcionar\u00e1n detalles sobre los requisitos y el proceso para acceder a esta importante ayuda econ\u00f3mica.<\/p>\n\n\n\n<h2 class=\"wp-block-heading\"><strong>Requisitos para la convocatoria de la Beca Universal \u201cRita Cetina Guti\u00e9rrez\u00bb:<\/strong><\/h2>\n\n\n\n<p><strong>Para estudiantes:<\/strong><\/p>\n\n\n\n<ol class=\"wp-block-list\">\n<li>Acta de nacimiento legible.<\/li>\n\n\n\n<li>CURP (imprenta reciente).<\/li>\n\n\n\n<li>Comprobante de estudios (constancia, credencial, formato de inscripci\u00f3n o boleta de calificaciones).<\/li>\n<\/ol>\n\n\n\n<p><strong>Para padres o tutores:<\/strong><\/p>\n\n\n\n<ol class=\"wp-block-list\">\n<li>Identificaci\u00f3n oficial vigente (credencial de elector, pasaporte, c\u00e9dula profesional, credencial de INAPAM, carta de identidad).<\/li>\n\n\n\n<li>CURP (imprenta reciente).<\/li>\n\n\n\n<li>Comprobante de domicilio (tel\u00e9fono, luz, gas, agua, predial; no mayor a 6 meses).<\/li>\n\n\n\n<li>Acta de nacimiento legible.<\/li>\n\n\n\n<li>Formato de becas debidamente llenado.<\/li>\n<\/ol>\n\n\n\n<h2 class=\"wp-block-heading\"><strong>\u00bfQui\u00e9n fue Rita Cetina Guti\u00e9rrez?<\/strong><\/h2>\n\n\n\n<p>Rita Cetina Guti\u00e9rrez fue una destacada maestra, poeta y gestora literaria, reconocida por sus contribuciones a la educaci\u00f3n femenina en el M\u00e9xico del siglo XIX. Nacida el 22 de mayo de 1846 en M\u00e9rida, Yucat\u00e1n, fund\u00f3 en 1870 la sociedad literaria y de beneficencia \u201cLa Siempreviva\u201d, que dio lugar a la primera revista en M\u00e9xico \u201cescrita por mujeres y para mujeres\u201d.<\/p>\n\n\n\n<p>A lo largo de su vida, Cetina se dedic\u00f3 a ofrecer educaci\u00f3n a ni\u00f1as de escasos recursos y promovi\u00f3 la profesionalizaci\u00f3n de las docentes en la regi\u00f3n. Su legado contin\u00faa siendo una inspiraci\u00f3n en la lucha por la igualdad educativa en M\u00e9xico.<\/p>\n\n\n\n<hr class=\"wp-block-separator has-alpha-channel-opacity\"\/>\n\n\n\n<p class=\"has-text-align-center\" style=\"font-size:17px\"><strong><i>Toda la informaci\u00f3n que necesitas saber la encuentras en nuestras <\/i><strong style=\"\"><em style=\"font-style: italic;\">redes sociales y canal de <\/em><\/strong><\/strong><a href=\"https:\/\/t.me\/informantemx\" target=\"_blank\" rel=\"noreferrer noopener\"><strong><em>Telegram<\/em><\/strong><\/a>. <\/p>\n\n\n\n<p class=\"has-text-align-center\" style=\"font-size:17px\"><strong><em>!\u00danete!<\/em><\/strong><\/p>\n\n\n\n<div class=\"wp-block-uagb-image aligncenter uagb-block-3acd28e8 wp-block-uagb-image--layout-default wp-block-uagb-image--effect-zoomin wp-block-uagb-image--align-center\"><figure class=\"wp-block-uagb-image__figure\"><a class=\"\" href=\"https:\/\/t.me\/informantemx\" target=\"\" rel=\"noopener\"><img decoding=\"async\" srcset=\"https:\/\/informante.mx\/wp-content\/uploads\/2023\/08\/Banner-Telegram-Verde-800x60-1.png ,https:\/\/informante.mx\/wp-content\/uploads\/2023\/08\/Banner-Telegram-Verde-800x60-1.png 780w, https:\/\/informante.mx\/wp-content\/uploads\/2023\/08\/Banner-Telegram-Verde-800x60-1.png 360w\" sizes=\"auto, (max-width: 480px) 150px\" src=\"https:\/\/informante.mx\/wp-content\/uploads\/2023\/08\/Banner-Telegram-Verde-800x60-1.png\" alt=\"\" class=\"uag-image-23275\" width=\"800\" height=\"60\" title=\"\" loading=\"lazy\" role=\"img\"\/><\/a><\/figure><\/div>\n\n\n\n<div class=\"wp-block-uagb-image aligncenter uagb-block-45ea2b31 wp-block-uagb-image--layout-default wp-block-uagb-image--effect-zoomin wp-block-uagb-image--align-center\"><figure class=\"wp-block-uagb-image__figure\"><a class=\"\" href=\"https:\/\/www.facebook.com\/MX.Informante\" target=\"\" rel=\"noopener\"><img decoding=\"async\" srcset=\"https:\/\/informante.mx\/wp-content\/uploads\/2023\/08\/Banner-Facebook-Verde-800x60-1.png ,https:\/\/informante.mx\/wp-content\/uploads\/2023\/08\/Banner-Facebook-Verde-800x60-1.png 780w, https:\/\/informante.mx\/wp-content\/uploads\/2023\/08\/Banner-Facebook-Verde-800x60-1.png 360w\" sizes=\"auto, (max-width: 480px) 150px\" src=\"https:\/\/informante.mx\/wp-content\/uploads\/2023\/08\/Banner-Facebook-Verde-800x60-1.png\" alt=\"\" class=\"uag-image-23274\" width=\"800\" height=\"60\" title=\"\" loading=\"lazy\" role=\"img\"\/><\/a><\/figure><\/div>\n\n\n\n<div class=\"wp-block-uagb-image aligncenter uagb-block-2ce4c51b wp-block-uagb-image--layout-default wp-block-uagb-image--effect-zoomin wp-block-uagb-image--align-center\"><figure class=\"wp-block-uagb-image__figure\"><a class=\"\" href=\"https:\/\/twitter.com\/mx_informante\" target=\"\" rel=\"noopener\"><img decoding=\"async\" srcset=\"https:\/\/informante.mx\/wp-content\/uploads\/2023\/08\/Banner-Twitter-Verde-800x60-1.png ,https:\/\/informante.mx\/wp-content\/uploads\/2023\/08\/Banner-Twitter-Verde-800x60-1.png 780w, https:\/\/informante.mx\/wp-content\/uploads\/2023\/08\/Banner-Twitter-Verde-800x60-1.png 360w\" sizes=\"auto, (max-width: 480px) 150px\" src=\"https:\/\/informante.mx\/wp-content\/uploads\/2023\/08\/Banner-Twitter-Verde-800x60-1.png\" alt=\"\" class=\"uag-image-23273\" width=\"800\" height=\"60\" title=\"\" loading=\"lazy\" role=\"img\"\/><\/a><\/figure><\/div>\n\n\n\n<div style=\"height:50px\" aria-hidden=\"true\" class=\"wp-block-spacer\"><\/div>\n","protected":false},"excerpt":{"rendered":"<p>La Beca \u00abRita Cetina Guti\u00e9rrez\u00bb se ajustar\u00e1 anualmente por inflaci\u00f3n y se espera que apoye a 5.6 millones de estudiantes de secundaria<\/p>\n","protected":false},"author":1,"featured_media":10551,"comment_status":"open","ping_status":"closed","sticky":false,"template":"","format":"standard","meta":{"_uag_custom_page_level_css":"","jetpack_post_was_ever_published":false,"footnotes":""},"categories":[9],"tags":[31],"class_list":["post-40543","post","type-post","status-publish","format-standard","has-post-thumbnail","hentry","category-nacional","tag-nacional"],"yoast_head":"<!-- This site is optimized with the Yoast SEO plugin v27.3 - https:\/\/yoast.com\/product\/yoast-seo-wordpress\/ -->\n<title>Sheinbaum anuncia nueva beca \u201cRita Cetina\u201d, para estudiantes de nivel b\u00e1sico - Informante.mx<\/title>\n<meta name=\"robots\" content=\"index, follow, max-snippet:-1, max-image-preview:large, max-video-preview:-1\" \/>\n<link rel=\"canonical\" href=\"https:\/\/informante.mx\/?p=40543\" \/>\n<meta property=\"og:locale\" content=\"es_ES\" \/>\n<meta property=\"og:type\" content=\"article\" \/>\n<meta property=\"og:title\" content=\"Sheinbaum anuncia nueva beca \u201cRita Cetina\u201d, para estudiantes de nivel b\u00e1sico - Informante.mx\" \/>\n<meta property=\"og:description\" content=\"La Beca &quot;Rita Cetina Guti\u00e9rrez&quot; se ajustar\u00e1 anualmente por inflaci\u00f3n y se espera que apoye a 5.6 millones de estudiantes de secundaria\" \/>\n<meta property=\"og:url\" content=\"https:\/\/informante.mx\/?p=40543\" \/>\n<meta property=\"og:site_name\" content=\"Informante.mx\" \/>\n<meta property=\"article:publisher\" content=\"https:\/\/www.facebook.com\/MX.Informante\" \/>\n<meta property=\"article:published_time\" content=\"2024-10-04T15:51:48+00:00\" \/>\n<meta property=\"article:modified_time\" content=\"2024-10-04T15:51:52+00:00\" \/>\n<meta property=\"og:image\" content=\"https:\/\/informante.mx\/wp-content\/uploads\/2020\/01\/nin\u0303os-2.jpg\" \/>\n\t<meta property=\"og:image:width\" content=\"720\" \/>\n\t<meta property=\"og:image:height\" content=\"414\" \/>\n\t<meta property=\"og:image:type\" content=\"image\/jpeg\" \/>\n<meta name=\"author\" content=\"InformanteMX\" \/>\n<meta name=\"twitter:card\" content=\"summary_large_image\" \/>\n<meta name=\"twitter:creator\" content=\"@mx_informante\" \/>\n<meta name=\"twitter:site\" content=\"@mx_informante\" \/>\n<meta name=\"twitter:label1\" content=\"Escrito por\" \/>\n\t<meta name=\"twitter:data1\" content=\"InformanteMX\" \/>\n\t<meta name=\"twitter:label2\" content=\"Tiempo de lectura\" \/>\n\t<meta name=\"twitter:data2\" content=\"2 minutos\" \/>\n<script type=\"application\/ld+json\" class=\"yoast-schema-graph\">{\"@context\":\"https:\\\/\\\/schema.org\",\"@graph\":[{\"@type\":\"NewsArticle\",\"@id\":\"https:\\\/\\\/informante.mx\\\/?p=40543#article\",\"isPartOf\":{\"@id\":\"https:\\\/\\\/informante.mx\\\/?p=40543\"},\"author\":{\"name\":\"InformanteMX\",\"@id\":\"https:\\\/\\\/informante.mx\\\/#\\\/schema\\\/person\\\/3eff91989d2ea76b0a330b416325946c\"},\"headline\":\"Sheinbaum anuncia nueva beca \u201cRita Cetina\u201d, para estudiantes de nivel b\u00e1sico\",\"datePublished\":\"2024-10-04T15:51:48+00:00\",\"dateModified\":\"2024-10-04T15:51:52+00:00\",\"mainEntityOfPage\":{\"@id\":\"https:\\\/\\\/informante.mx\\\/?p=40543\"},\"wordCount\":433,\"commentCount\":0,\"publisher\":{\"@id\":\"https:\\\/\\\/informante.mx\\\/#organization\"},\"image\":{\"@id\":\"https:\\\/\\\/informante.mx\\\/?p=40543#primaryimage\"},\"thumbnailUrl\":\"https:\\\/\\\/informante.mx\\\/wp-content\\\/uploads\\\/2020\\\/01\\\/nin\u0303os-2.jpg\",\"keywords\":[\"Nacional\"],\"articleSection\":[\"Nacional\"],\"inLanguage\":\"es\",\"potentialAction\":[{\"@type\":\"CommentAction\",\"name\":\"Comment\",\"target\":[\"https:\\\/\\\/informante.mx\\\/?p=40543#respond\"]}]},{\"@type\":\"WebPage\",\"@id\":\"https:\\\/\\\/informante.mx\\\/?p=40543\",\"url\":\"https:\\\/\\\/informante.mx\\\/?p=40543\",\"name\":\"Sheinbaum anuncia nueva beca \u201cRita Cetina\u201d, para estudiantes de nivel b\u00e1sico - Informante.mx\",\"isPartOf\":{\"@id\":\"https:\\\/\\\/informante.mx\\\/#website\"},\"primaryImageOfPage\":{\"@id\":\"https:\\\/\\\/informante.mx\\\/?p=40543#primaryimage\"},\"image\":{\"@id\":\"https:\\\/\\\/informante.mx\\\/?p=40543#primaryimage\"},\"thumbnailUrl\":\"https:\\\/\\\/informante.mx\\\/wp-content\\\/uploads\\\/2020\\\/01\\\/nin\u0303os-2.jpg\",\"datePublished\":\"2024-10-04T15:51:48+00:00\",\"dateModified\":\"2024-10-04T15:51:52+00:00\",\"breadcrumb\":{\"@id\":\"https:\\\/\\\/informante.mx\\\/?p=40543#breadcrumb\"},\"inLanguage\":\"es\",\"potentialAction\":[{\"@type\":\"ReadAction\",\"target\":[\"https:\\\/\\\/informante.mx\\\/?p=40543\"]}]},{\"@type\":\"ImageObject\",\"inLanguage\":\"es\",\"@id\":\"https:\\\/\\\/informante.mx\\\/?p=40543#primaryimage\",\"url\":\"https:\\\/\\\/informante.mx\\\/wp-content\\\/uploads\\\/2020\\\/01\\\/nin\u0303os-2.jpg\",\"contentUrl\":\"https:\\\/\\\/informante.mx\\\/wp-content\\\/uploads\\\/2020\\\/01\\\/nin\u0303os-2.jpg\",\"width\":720,\"height\":414},{\"@type\":\"BreadcrumbList\",\"@id\":\"https:\\\/\\\/informante.mx\\\/?p=40543#breadcrumb\",\"itemListElement\":[{\"@type\":\"ListItem\",\"position\":1,\"name\":\"Portada\",\"item\":\"https:\\\/\\\/informante.mx\\\/\"},{\"@type\":\"ListItem\",\"position\":2,\"name\":\"Sheinbaum anuncia nueva beca \u201cRita Cetina\u201d, para estudiantes de nivel b\u00e1sico\"}]},{\"@type\":\"WebSite\",\"@id\":\"https:\\\/\\\/informante.mx\\\/#website\",\"url\":\"https:\\\/\\\/informante.mx\\\/\",\"name\":\"Informante.mx\",\"description\":\"\",\"publisher\":{\"@id\":\"https:\\\/\\\/informante.mx\\\/#organization\"},\"potentialAction\":[{\"@type\":\"SearchAction\",\"target\":{\"@type\":\"EntryPoint\",\"urlTemplate\":\"https:\\\/\\\/informante.mx\\\/?s={search_term_string}\"},\"query-input\":{\"@type\":\"PropertyValueSpecification\",\"valueRequired\":true,\"valueName\":\"search_term_string\"}}],\"inLanguage\":\"es\"},{\"@type\":\"Organization\",\"@id\":\"https:\\\/\\\/informante.mx\\\/#organization\",\"name\":\"Informante.mx\",\"url\":\"https:\\\/\\\/informante.mx\\\/\",\"logo\":{\"@type\":\"ImageObject\",\"inLanguage\":\"es\",\"@id\":\"https:\\\/\\\/informante.mx\\\/#\\\/schema\\\/logo\\\/image\\\/\",\"url\":\"https:\\\/\\\/informante.mx\\\/wp-content\\\/uploads\\\/2019\\\/12\\\/cropped-LOGO-Verde-Apaisado-1024x360O-1.png\",\"contentUrl\":\"https:\\\/\\\/informante.mx\\\/wp-content\\\/uploads\\\/2019\\\/12\\\/cropped-LOGO-Verde-Apaisado-1024x360O-1.png\",\"width\":923,\"height\":180,\"caption\":\"Informante.mx\"},\"image\":{\"@id\":\"https:\\\/\\\/informante.mx\\\/#\\\/schema\\\/logo\\\/image\\\/\"},\"sameAs\":[\"https:\\\/\\\/www.facebook.com\\\/MX.Informante\",\"https:\\\/\\\/x.com\\\/mx_informante\"]},{\"@type\":\"Person\",\"@id\":\"https:\\\/\\\/informante.mx\\\/#\\\/schema\\\/person\\\/3eff91989d2ea76b0a330b416325946c\",\"name\":\"InformanteMX\",\"image\":{\"@type\":\"ImageObject\",\"inLanguage\":\"es\",\"@id\":\"https:\\\/\\\/secure.gravatar.com\\\/avatar\\\/10d802aa739e832aedd2f3fd8544d878871eb22e6ca86fe9a548573e34a28f0e?s=96&d=mm&r=g\",\"url\":\"https:\\\/\\\/secure.gravatar.com\\\/avatar\\\/10d802aa739e832aedd2f3fd8544d878871eb22e6ca86fe9a548573e34a28f0e?s=96&d=mm&r=g\",\"contentUrl\":\"https:\\\/\\\/secure.gravatar.com\\\/avatar\\\/10d802aa739e832aedd2f3fd8544d878871eb22e6ca86fe9a548573e34a28f0e?s=96&d=mm&r=g\",\"caption\":\"InformanteMX\"},\"url\":\"https:\\\/\\\/informante.mx\\\/?author=1\"}]}<\/script>\n<!-- \/ Yoast SEO plugin. -->","yoast_head_json":{"title":"Sheinbaum anuncia nueva beca \u201cRita Cetina\u201d, para estudiantes de nivel b\u00e1sico - Informante.mx","robots":{"index":"index","follow":"follow","max-snippet":"max-snippet:-1","max-image-preview":"max-image-preview:large","max-video-preview":"max-video-preview:-1"},"canonical":"https:\/\/informante.mx\/?p=40543","og_locale":"es_ES","og_type":"article","og_title":"Sheinbaum anuncia nueva beca \u201cRita Cetina\u201d, para estudiantes de nivel b\u00e1sico - Informante.mx","og_description":"La Beca \"Rita Cetina Guti\u00e9rrez\" se ajustar\u00e1 anualmente por inflaci\u00f3n y se espera que apoye a 5.6 millones de estudiantes de secundaria","og_url":"https:\/\/informante.mx\/?p=40543","og_site_name":"Informante.mx","article_publisher":"https:\/\/www.facebook.com\/MX.Informante","article_published_time":"2024-10-04T15:51:48+00:00","article_modified_time":"2024-10-04T15:51:52+00:00","og_image":[{"width":720,"height":414,"url":"https:\/\/informante.mx\/wp-content\/uploads\/2020\/01\/nin\u0303os-2.jpg","type":"image\/jpeg"}],"author":"InformanteMX","twitter_card":"summary_large_image","twitter_creator":"@mx_informante","twitter_site":"@mx_informante","twitter_misc":{"Escrito por":"InformanteMX","Tiempo de lectura":"2 minutos"},"schema":{"@context":"https:\/\/schema.org","@graph":[{"@type":"NewsArticle","@id":"https:\/\/informante.mx\/?p=40543#article","isPartOf":{"@id":"https:\/\/informante.mx\/?p=40543"},"author":{"name":"InformanteMX","@id":"https:\/\/informante.mx\/#\/schema\/person\/3eff91989d2ea76b0a330b416325946c"},"headline":"Sheinbaum anuncia nueva beca \u201cRita Cetina\u201d, para estudiantes de nivel b\u00e1sico","datePublished":"2024-10-04T15:51:48+00:00","dateModified":"2024-10-04T15:51:52+00:00","mainEntityOfPage":{"@id":"https:\/\/informante.mx\/?p=40543"},"wordCount":433,"commentCount":0,"publisher":{"@id":"https:\/\/informante.mx\/#organization"},"image":{"@id":"https:\/\/informante.mx\/?p=40543#primaryimage"},"thumbnailUrl":"https:\/\/informante.mx\/wp-content\/uploads\/2020\/01\/nin\u0303os-2.jpg","keywords":["Nacional"],"articleSection":["Nacional"],"inLanguage":"es","potentialAction":[{"@type":"CommentAction","name":"Comment","target":["https:\/\/informante.mx\/?p=40543#respond"]}]},{"@type":"WebPage","@id":"https:\/\/informante.mx\/?p=40543","url":"https:\/\/informante.mx\/?p=40543","name":"Sheinbaum anuncia nueva beca \u201cRita Cetina\u201d, para estudiantes de nivel b\u00e1sico - Informante.mx","isPartOf":{"@id":"https:\/\/informante.mx\/#website"},"primaryImageOfPage":{"@id":"https:\/\/informante.mx\/?p=40543#primaryimage"},"image":{"@id":"https:\/\/informante.mx\/?p=40543#primaryimage"},"thumbnailUrl":"https:\/\/informante.mx\/wp-content\/uploads\/2020\/01\/nin\u0303os-2.jpg","datePublished":"2024-10-04T15:51:48+00:00","dateModified":"2024-10-04T15:51:52+00:00","breadcrumb":{"@id":"https:\/\/informante.mx\/?p=40543#breadcrumb"},"inLanguage":"es","potentialAction":[{"@type":"ReadAction","target":["https:\/\/informante.mx\/?p=40543"]}]},{"@type":"ImageObject","inLanguage":"es","@id":"https:\/\/informante.mx\/?p=40543#primaryimage","url":"https:\/\/informante.mx\/wp-content\/uploads\/2020\/01\/nin\u0303os-2.jpg","contentUrl":"https:\/\/informante.mx\/wp-content\/uploads\/2020\/01\/nin\u0303os-2.jpg","width":720,"height":414},{"@type":"BreadcrumbList","@id":"https:\/\/informante.mx\/?p=40543#breadcrumb","itemListElement":[{"@type":"ListItem","position":1,"name":"Portada","item":"https:\/\/informante.mx\/"},{"@type":"ListItem","position":2,"name":"Sheinbaum anuncia nueva beca \u201cRita Cetina\u201d, para estudiantes de nivel b\u00e1sico"}]},{"@type":"WebSite","@id":"https:\/\/informante.mx\/#website","url":"https:\/\/informante.mx\/","name":"Informante.mx","description":"","publisher":{"@id":"https:\/\/informante.mx\/#organization"},"potentialAction":[{"@type":"SearchAction","target":{"@type":"EntryPoint","urlTemplate":"https:\/\/informante.mx\/?s={search_term_string}"},"query-input":{"@type":"PropertyValueSpecification","valueRequired":true,"valueName":"search_term_string"}}],"inLanguage":"es"},{"@type":"Organization","@id":"https:\/\/informante.mx\/#organization","name":"Informante.mx","url":"https:\/\/informante.mx\/","logo":{"@type":"ImageObject","inLanguage":"es","@id":"https:\/\/informante.mx\/#\/schema\/logo\/image\/","url":"https:\/\/informante.mx\/wp-content\/uploads\/2019\/12\/cropped-LOGO-Verde-Apaisado-1024x360O-1.png","contentUrl":"https:\/\/informante.mx\/wp-content\/uploads\/2019\/12\/cropped-LOGO-Verde-Apaisado-1024x360O-1.png","width":923,"height":180,"caption":"Informante.mx"},"image":{"@id":"https:\/\/informante.mx\/#\/schema\/logo\/image\/"},"sameAs":["https:\/\/www.facebook.com\/MX.Informante","https:\/\/x.com\/mx_informante"]},{"@type":"Person","@id":"https:\/\/informante.mx\/#\/schema\/person\/3eff91989d2ea76b0a330b416325946c","name":"InformanteMX","image":{"@type":"ImageObject","inLanguage":"es","@id":"https:\/\/secure.gravatar.com\/avatar\/10d802aa739e832aedd2f3fd8544d878871eb22e6ca86fe9a548573e34a28f0e?s=96&d=mm&r=g","url":"https:\/\/secure.gravatar.com\/avatar\/10d802aa739e832aedd2f3fd8544d878871eb22e6ca86fe9a548573e34a28f0e?s=96&d=mm&r=g","contentUrl":"https:\/\/secure.gravatar.com\/avatar\/10d802aa739e832aedd2f3fd8544d878871eb22e6ca86fe9a548573e34a28f0e?s=96&d=mm&r=g","caption":"InformanteMX"},"url":"https:\/\/informante.mx\/?author=1"}]}},"jetpack_featured_media_url":"https:\/\/informante.mx\/wp-content\/uploads\/2020\/01\/nin\u0303os-2.jpg","uagb_featured_image_src":{"full":["https:\/\/informante.mx\/wp-content\/uploads\/2020\/01\/nin\u0303os-2.jpg",720,414,false],"thumbnail":["https:\/\/informante.mx\/wp-content\/uploads\/2020\/01\/nin\u0303os-2-150x86.jpg",150,86,true],"medium":["https:\/\/informante.mx\/wp-content\/uploads\/2020\/01\/nin\u0303os-2-300x173.jpg",300,173,true],"medium_large":["https:\/\/informante.mx\/wp-content\/uploads\/2020\/01\/nin\u0303os-2.jpg",640,368,false],"large":["https:\/\/informante.mx\/wp-content\/uploads\/2020\/01\/nin\u0303os-2.jpg",640,368,false],"1536x1536":["https:\/\/informante.mx\/wp-content\/uploads\/2020\/01\/nin\u0303os-2.jpg",720,414,false],"2048x2048":["https:\/\/informante.mx\/wp-content\/uploads\/2020\/01\/nin\u0303os-2.jpg",720,414,false],"td_0x420":["https:\/\/informante.mx\/wp-content\/uploads\/2020\/01\/nin\u0303os-2.jpg",720,414,false],"td_0x420_retina":["https:\/\/informante.mx\/wp-content\/uploads\/2020\/01\/nin\u0303os-2.jpg",720,414,false],"td_80x60":["https:\/\/informante.mx\/wp-content\/uploads\/2020\/01\/nin\u0303os-2.jpg",80,46,false],"td_80x60_retina":["https:\/\/informante.mx\/wp-content\/uploads\/2020\/01\/nin\u0303os-2.jpg",160,92,false],"td_100x75":["https:\/\/informante.mx\/wp-content\/uploads\/2020\/01\/nin\u0303os-2.jpg",100,58,false],"td_100x75_retina":["https:\/\/informante.mx\/wp-content\/uploads\/2020\/01\/nin\u0303os-2.jpg",200,115,false],"td_180x135":["https:\/\/informante.mx\/wp-content\/uploads\/2020\/01\/nin\u0303os-2.jpg",180,104,false],"td_180x135_retina":["https:\/\/informante.mx\/wp-content\/uploads\/2020\/01\/nin\u0303os-2.jpg",360,207,false],"td_238x178":["https:\/\/informante.mx\/wp-content\/uploads\/2020\/01\/nin\u0303os-2.jpg",238,137,false],"td_238x178_retina":["https:\/\/informante.mx\/wp-content\/uploads\/2020\/01\/nin\u0303os-2.jpg",476,274,false],"td_265x198":["https:\/\/informante.mx\/wp-content\/uploads\/2020\/01\/nin\u0303os-2.jpg",265,152,false],"td_265x198_retina":["https:\/\/informante.mx\/wp-content\/uploads\/2020\/01\/nin\u0303os-2.jpg",530,305,false],"td_300x160":["https:\/\/informante.mx\/wp-content\/uploads\/2020\/01\/nin\u0303os-2.jpg",278,160,false],"td_300x160_retina":["https:\/\/informante.mx\/wp-content\/uploads\/2020\/01\/nin\u0303os-2.jpg",557,320,false],"td_300x194":["https:\/\/informante.mx\/wp-content\/uploads\/2020\/01\/nin\u0303os-2.jpg",300,173,false],"td_300x194_retina":["https:\/\/informante.mx\/wp-content\/uploads\/2020\/01\/nin\u0303os-2.jpg",600,345,false],"td_300x350":["https:\/\/informante.mx\/wp-content\/uploads\/2020\/01\/nin\u0303os-2.jpg",300,173,false],"td_300x350_retina":["https:\/\/informante.mx\/wp-content\/uploads\/2020\/01\/nin\u0303os-2.jpg",600,345,false],"td_341x220":["https:\/\/informante.mx\/wp-content\/uploads\/2020\/01\/nin\u0303os-2.jpg",341,196,false],"td_341x220_retina":["https:\/\/informante.mx\/wp-content\/uploads\/2020\/01\/nin\u0303os-2.jpg",682,392,false],"td_341x400":["https:\/\/informante.mx\/wp-content\/uploads\/2020\/01\/nin\u0303os-2.jpg",341,196,false],"td_341x400_retina":["https:\/\/informante.mx\/wp-content\/uploads\/2020\/01\/nin\u0303os-2.jpg",682,392,false],"td_511x400":["https:\/\/informante.mx\/wp-content\/uploads\/2020\/01\/nin\u0303os-2.jpg",511,294,false],"td_511x400_retina":["https:\/\/informante.mx\/wp-content\/uploads\/2020\/01\/nin\u0303os-2.jpg",720,414,false],"td_537x360":["https:\/\/informante.mx\/wp-content\/uploads\/2020\/01\/nin\u0303os-2.jpg",537,309,false],"td_537x360_retina":["https:\/\/informante.mx\/wp-content\/uploads\/2020\/01\/nin\u0303os-2.jpg",720,414,false],"td_640x0":["https:\/\/informante.mx\/wp-content\/uploads\/2020\/01\/nin\u0303os-2.jpg",640,368,false],"td_640x0_retina":["https:\/\/informante.mx\/wp-content\/uploads\/2020\/01\/nin\u0303os-2.jpg",720,414,false],"td_640x350":["https:\/\/informante.mx\/wp-content\/uploads\/2020\/01\/nin\u0303os-2.jpg",609,350,false],"td_640x350_retina":["https:\/\/informante.mx\/wp-content\/uploads\/2020\/01\/nin\u0303os-2.jpg",720,414,false],"td_681x0":["https:\/\/informante.mx\/wp-content\/uploads\/2020\/01\/nin\u0303os-2.jpg",681,392,false],"td_681x0_retina":["https:\/\/informante.mx\/wp-content\/uploads\/2020\/01\/nin\u0303os-2.jpg",720,414,false],"td_681x400":["https:\/\/informante.mx\/wp-content\/uploads\/2020\/01\/nin\u0303os-2.jpg",681,392,false],"td_681x400_retina":["https:\/\/informante.mx\/wp-content\/uploads\/2020\/01\/nin\u0303os-2.jpg",720,414,false],"td_741x486":["https:\/\/informante.mx\/wp-content\/uploads\/2020\/01\/nin\u0303os-2.jpg",720,414,false],"td_741x486_retina":["https:\/\/informante.mx\/wp-content\/uploads\/2020\/01\/nin\u0303os-2.jpg",720,414,false],"td_1021x580":["https:\/\/informante.mx\/wp-content\/uploads\/2020\/01\/nin\u0303os-2.jpg",720,414,false],"td_1021x580_retina":["https:\/\/informante.mx\/wp-content\/uploads\/2020\/01\/nin\u0303os-2.jpg",720,414,false]},"uagb_author_info":{"display_name":"InformanteMX","author_link":"https:\/\/informante.mx\/?author=1"},"uagb_comment_info":0,"uagb_excerpt":"La Beca \"Rita Cetina Guti\u00e9rrez\" se ajustar\u00e1 anualmente por inflaci\u00f3n y se espera que apoye a 5.6 millones de estudiantes de secundaria","_links":{"self":[{"href":"https:\/\/informante.mx\/index.php?rest_route=\/wp\/v2\/posts\/40543","targetHints":{"allow":["GET"]}}],"collection":[{"href":"https:\/\/informante.mx\/index.php?rest_route=\/wp\/v2\/posts"}],"about":[{"href":"https:\/\/informante.mx\/index.php?rest_route=\/wp\/v2\/types\/post"}],"author":[{"embeddable":true,"href":"https:\/\/informante.mx\/index.php?rest_route=\/wp\/v2\/users\/1"}],"replies":[{"embeddable":true,"href":"https:\/\/informante.mx\/index.php?rest_route=%2Fwp%2Fv2%2Fcomments&post=40543"}],"version-history":[{"count":1,"href":"https:\/\/informante.mx\/index.php?rest_route=\/wp\/v2\/posts\/40543\/revisions"}],"predecessor-version":[{"id":40544,"href":"https:\/\/informante.mx\/index.php?rest_route=\/wp\/v2\/posts\/40543\/revisions\/40544"}],"wp:featuredmedia":[{"embeddable":true,"href":"https:\/\/informante.mx\/index.php?rest_route=\/wp\/v2\/media\/10551"}],"wp:attachment":[{"href":"https:\/\/informante.mx\/index.php?rest_route=%2Fwp%2Fv2%2Fmedia&parent=40543"}],"wp:term":[{"taxonomy":"category","embeddable":true,"href":"https:\/\/informante.mx\/index.php?rest_route=%2Fwp%2Fv2%2Fcategories&post=40543"},{"taxonomy":"post_tag","embeddable":true,"href":"https:\/\/informante.mx\/index.php?rest_route=%2Fwp%2Fv2%2Ftags&post=40543"}],"curies":[{"name":"wp","href":"https:\/\/api.w.org\/{rel}","templated":true}]}}