{"id":39066,"date":"2024-08-30T07:57:38","date_gmt":"2024-08-30T13:57:38","guid":{"rendered":"https:\/\/informante.mx\/?p=39066"},"modified":"2024-08-30T08:27:53","modified_gmt":"2024-08-30T14:27:53","slug":"autoridades-de-sinaloa-piden-calma-a-la-poblacion-tras-actos-de-violencia-en-culiacan","status":"publish","type":"post","link":"https:\/\/informante.mx\/?p=39066","title":{"rendered":"Autoridades de Sinaloa piden calma a la poblaci\u00f3n tras actos de violencia en Culiac\u00e1n"},"content":{"rendered":"\n<h2 class=\"wp-block-heading\">La Secretar\u00eda de Seguridad de Sinaloa emiti\u00f3 un mensaje en sus redes sociales donde inform\u00f3 que personal militar sufri\u00f3 agresiones<\/h2>\n\n\n\n<p><strong>Redacci\u00f3n Informante<\/strong><\/p>\n\n\n\n<p><strong>Culiac\u00e1n<\/strong>, Sinaloa<strong>,<\/strong>&nbsp;se encuentra en una situaci\u00f3n de alerta tras un incremento en los rumores sobre el supuesto arresto de Iv\u00e1n Archivaldo Guzm\u00e1n, hijo del conocido narcotraficante Joaqu\u00edn Guzm\u00e1n Loera,&nbsp;<em>El Chapo<\/em>. Ante lo cual, laSecretar\u00eda de Seguridad P\u00fablicala entidad emiti\u00f3 un comunicado en sus redes sociales, instando a la ciudadan\u00eda a&nbsp;<strong>mantener la calma&nbsp;<\/strong>y a abstenerse de propagar informaci\u00f3n falsa.<\/p>\n\n\n\n<p>Por medio de un mensaje en X, antes Twitter, la dependencia inform\u00f3 que presuntamente&nbsp;<strong>personal militar sufri\u00f3 una agresi\u00f3n<\/strong>&nbsp;en el ejido Pe\u00f1asco, por lo que las autoridades est\u00e1n trabajando en recabar toda la informaci\u00f3n pertinente para mantener al p\u00fablico debidamente informado.<\/p>\n\n\n\n<p>\u201cLa Secretar\u00eda de Seguridad P\u00fablica de Sinaloa hace el llamado a la ciudadan\u00eda de que se mantenga en calma, ya que las autoridades competentes&nbsp;<strong>se hacen cargo de lo que acontece en #Culiac\u00e1n<\/strong>\u201d, se pudo leer el jueves 29 de agosto.<\/p>\n\n\n\n<p>Asimismo, se notific\u00f3 que equipos de apoyo se han desplazado al \u00e1rea afectada para asistir en las labores de seguridad.<\/p>\n\n\n\n<p><img loading=\"lazy\" decoding=\"async\" alt=\"Este fue el mensaje que se envi\u00f3 v\u00eda redes sociales (X\/@sspsinaloa1)\" height=\"1541\" width=\"1210\" class=\"\" src=\"https:\/\/www.infobae.com\/new-resizer\/oUUwDDiAdy9IVchlamrSEb017r4=\/420x560\/filters:format(webp):quality(85)\/cloudfront-us-east-1.images.arcpublishing.com\/infobae\/B2545CE3DRCFJOEOUPNPI3YMFM.png%20420w\" srcset=\"https:\/\/www.infobae.com\/new-resizer\/oUUwDDiAdy9IVchlamrSEb017r4=\/420x560\/filters:format(webp):quality(85)\/cloudfront-us-east-1.images.arcpublishing.com\/infobae\/B2545CE3DRCFJOEOUPNPI3YMFM.png 420w,https:\/\/www.infobae.com\/new-resizer\/q7asu8advCJq_sX-O6TjVlNDwi8=\/768x1024\/filters:format(webp):quality(85)\/cloudfront-us-east-1.images.arcpublishing.com\/infobae\/B2545CE3DRCFJOEOUPNPI3YMFM.png 768w,https:\/\/www.infobae.com\/new-resizer\/2-zy9Q8y7muz4EK6UdEP6WSk2mg=\/992x1323\/filters:format(webp):quality(85)\/cloudfront-us-east-1.images.arcpublishing.com\/infobae\/B2545CE3DRCFJOEOUPNPI3YMFM.png 992w,https:\/\/www.infobae.com\/new-resizer\/3TNOgy3EfBnbmOvEuq1OXFhKO6E=\/1200x1600\/filters:format(webp):quality(85)\/cloudfront-us-east-1.images.arcpublishing.com\/infobae\/B2545CE3DRCFJOEOUPNPI3YMFM.png 1200w\">Este fue el mensaje que se envi\u00f3 v\u00eda redes sociales (X\/@sspsinaloa1)<\/p>\n\n\n\n<p>Aunado a lo anterior, se han reportado&nbsp;<strong>bloqueos con veh\u00edculos<\/strong>&nbsp;en el \u00e1rea de Lim\u00f3n de Los Ramos sobre la&nbsp;<strong>carretera M\u00e9xico 15<\/strong>, complicando la movilidad en la zona. Las autoridades enfatizaron la importancia de usar responsablemente la l\u00ednea de emergencia 9-1-1 y de evitar la difusi\u00f3n de especulaciones o informaci\u00f3n no verificada para prevenir situaciones de desinformaci\u00f3n.<\/p>\n\n\n\n<p>Finalmente, se inst\u00f3 a la ciudadan\u00eda a estar atentos a los comunicados oficiales para obtener informaci\u00f3n actualizada y precisa sobre los eventos en desarrollo. Es importante mencionar que el mensaje no confirm\u00f3 ni neg\u00f3 la supuesta detenci\u00f3n del l\u00edder criminal.<\/p>\n\n\n\n<h2 class=\"wp-block-heading\">Reportaron arresto de Iv\u00e1n Archivaldo<\/h2>\n\n\n\n<p><img loading=\"lazy\" decoding=\"async\" alt=\"Se presentaron hechos de violencia en Culiac\u00e1n (EFE\/Juan Carlos Cruz)\" height=\"1080\" width=\"1920\" class=\"\" src=\"https:\/\/www.infobae.com\/new-resizer\/Ux-FH6W7nqjNsiV57iPqBSP-r70=\/420x236\/filters:format(webp):quality(85)\/cloudfront-us-east-1.images.arcpublishing.com\/infobae\/ZDE7UW42UVEVPDT37C5ZBKGD3E.jpg%20420w\" srcset=\"https:\/\/www.infobae.com\/new-resizer\/Ux-FH6W7nqjNsiV57iPqBSP-r70=\/420x236\/filters:format(webp):quality(85)\/cloudfront-us-east-1.images.arcpublishing.com\/infobae\/ZDE7UW42UVEVPDT37C5ZBKGD3E.jpg 420w,https:\/\/www.infobae.com\/new-resizer\/g8Cr77tTsqY3zHLEk7FdmFg6f18=\/768x432\/filters:format(webp):quality(85)\/cloudfront-us-east-1.images.arcpublishing.com\/infobae\/ZDE7UW42UVEVPDT37C5ZBKGD3E.jpg 768w,https:\/\/www.infobae.com\/new-resizer\/BrwN6SrdPTG0qLUAaQ2HxowttQA=\/992x558\/filters:format(webp):quality(85)\/cloudfront-us-east-1.images.arcpublishing.com\/infobae\/ZDE7UW42UVEVPDT37C5ZBKGD3E.jpg 992w,https:\/\/www.infobae.com\/new-resizer\/3Xzd01UHyIswHReCnombNjJTN6E=\/1200x675\/filters:format(webp):quality(85)\/cloudfront-us-east-1.images.arcpublishing.com\/infobae\/ZDE7UW42UVEVPDT37C5ZBKGD3E.jpg 1200w,https:\/\/www.infobae.com\/new-resizer\/ZWxD3t0jPiZ_aojq4hkvsNH-Sw8=\/1440x810\/filters:format(webp):quality(85)\/cloudfront-us-east-1.images.arcpublishing.com\/infobae\/ZDE7UW42UVEVPDT37C5ZBKGD3E.jpg 1440w\">Se presentaron hechos de violencia en Culiac\u00e1n (EFE\/Juan Carlos Cruz)<\/p>\n\n\n\n<p>La tarde del 29 de agosto, el alcalde de Culiac\u00e1n, Juan de Dios G\u00e1mez Mend\u00edvil, inform\u00f3 en redes sociales sobre los hechos de inseguridad en la sindicatura de Jes\u00fas Mar\u00eda, al norte del municipio. Esta actualizaci\u00f3n tiene gran importancia porque los reportes sugieren que en esta \u00e1rea se registraron enfrentamientos entre las fuerzas armadas y el C\u00e1rtel del Pac\u00edfico, lo que pudo haber derivado en la captura de&nbsp;<strong>Iv\u00e1n Archivaldo Guzm\u00e1n Salazar<\/strong>, l\u00edder de&nbsp;<em>Los Chapitos.<\/em><\/p>\n\n\n\n<blockquote class=\"wp-block-quote is-layout-flow wp-block-quote-is-layout-flow\">\n<p>\u201cDerivado de acciones de las fuerzas de seguridad del Gobierno Federal, en la sindicatura de Jes\u00fas Mar\u00eda, al norte del municipio de Culiac\u00e1n, se han registrado hecho de inseguridad focalizados en esa zona, sobre la Carretera M\u00e9xico 15\u2033<\/p>\n<\/blockquote>\n\n\n\n<p>Previo a esta informaci\u00f3n, durante la jornada se registraron varios&nbsp;<strong>narcobloqueos<\/strong>&nbsp;y enfrentamientos violentos. Los tiroteos se desencadenaron cuando elementos de la Secretar\u00eda de la Defensa Nacional (Sedena) ingresaron al poblado de&nbsp;<strong>Paredones<\/strong>&nbsp;y fueron atacados por civiles armados.<\/p>\n\n\n\n<p>Estos enfrentamientos se extendieron a otras \u00e1reas de&nbsp;<strong>Badiraguato<\/strong>&nbsp;y&nbsp;<strong>Jes\u00fas Mar\u00eda<\/strong>. En los enfrentamientos se report\u00f3 la quema y volcadura de veh\u00edculos, mientras que los elementos de la Sedena que acudieron en apoyo fueron bloqueados por hombres armados.<\/p>\n\n\n\n<p>El origen de estas operaciones en Jes\u00fas Mar\u00eda no es nuevo, ya que se trata del mismo lugar donde&nbsp;<strong>Ovidio Guzm\u00e1n L\u00f3pez<\/strong>, alias&nbsp;<em>El Rat\u00f3n<\/em>&nbsp;y hermano de Iv\u00e1n Archivaldo, fue capturado en enero de 2023. La importancia estrat\u00e9gica y simb\u00f3lica de este lugar para el c\u00e1rtel parece motivar las frecuentes confrontaciones en la zona.<\/p>\n\n\n\n<hr class=\"wp-block-separator has-alpha-channel-opacity\"\/>\n\n\n\n<p class=\"has-text-align-center\" style=\"font-size:17px\"><strong><i>Toda la informaci\u00f3n que necesitas saber la encuentras en nuestras <\/i><strong style=\"\"><em style=\"font-style: italic;\">redes sociales y canal de <\/em><\/strong><\/strong><a href=\"https:\/\/t.me\/informantemx\" target=\"_blank\" rel=\"noreferrer noopener\"><strong><em>Telegram<\/em><\/strong><\/a>. <\/p>\n\n\n\n<p class=\"has-text-align-center\" style=\"font-size:17px\"><strong><em>!\u00danete!<\/em><\/strong><\/p>\n\n\n\n<div class=\"wp-block-uagb-image aligncenter uagb-block-3acd28e8 wp-block-uagb-image--layout-default wp-block-uagb-image--effect-zoomin wp-block-uagb-image--align-center\"><figure class=\"wp-block-uagb-image__figure\"><a class=\"\" href=\"https:\/\/t.me\/informantemx\" target=\"\" rel=\"noopener\"><img decoding=\"async\" srcset=\"https:\/\/informante.mx\/wp-content\/uploads\/2023\/08\/Banner-Telegram-Verde-800x60-1.png ,https:\/\/informante.mx\/wp-content\/uploads\/2023\/08\/Banner-Telegram-Verde-800x60-1.png 780w, https:\/\/informante.mx\/wp-content\/uploads\/2023\/08\/Banner-Telegram-Verde-800x60-1.png 360w\" sizes=\"auto, (max-width: 480px) 150px\" src=\"https:\/\/informante.mx\/wp-content\/uploads\/2023\/08\/Banner-Telegram-Verde-800x60-1.png\" alt=\"\" class=\"uag-image-23275\" width=\"800\" height=\"60\" title=\"\" loading=\"lazy\" role=\"img\"\/><\/a><\/figure><\/div>\n\n\n\n<div class=\"wp-block-uagb-image aligncenter uagb-block-45ea2b31 wp-block-uagb-image--layout-default wp-block-uagb-image--effect-zoomin wp-block-uagb-image--align-center\"><figure class=\"wp-block-uagb-image__figure\"><a class=\"\" href=\"https:\/\/www.facebook.com\/MX.Informante\" target=\"\" rel=\"noopener\"><img decoding=\"async\" srcset=\"https:\/\/informante.mx\/wp-content\/uploads\/2023\/08\/Banner-Facebook-Verde-800x60-1.png ,https:\/\/informante.mx\/wp-content\/uploads\/2023\/08\/Banner-Facebook-Verde-800x60-1.png 780w, https:\/\/informante.mx\/wp-content\/uploads\/2023\/08\/Banner-Facebook-Verde-800x60-1.png 360w\" sizes=\"auto, (max-width: 480px) 150px\" src=\"https:\/\/informante.mx\/wp-content\/uploads\/2023\/08\/Banner-Facebook-Verde-800x60-1.png\" alt=\"\" class=\"uag-image-23274\" width=\"800\" height=\"60\" title=\"\" loading=\"lazy\" role=\"img\"\/><\/a><\/figure><\/div>\n\n\n\n<div class=\"wp-block-uagb-image aligncenter uagb-block-2ce4c51b wp-block-uagb-image--layout-default wp-block-uagb-image--effect-zoomin wp-block-uagb-image--align-center\"><figure class=\"wp-block-uagb-image__figure\"><a class=\"\" href=\"https:\/\/twitter.com\/mx_informante\" target=\"\" rel=\"noopener\"><img decoding=\"async\" srcset=\"https:\/\/informante.mx\/wp-content\/uploads\/2023\/08\/Banner-Twitter-Verde-800x60-1.png ,https:\/\/informante.mx\/wp-content\/uploads\/2023\/08\/Banner-Twitter-Verde-800x60-1.png 780w, https:\/\/informante.mx\/wp-content\/uploads\/2023\/08\/Banner-Twitter-Verde-800x60-1.png 360w\" sizes=\"auto, (max-width: 480px) 150px\" src=\"https:\/\/informante.mx\/wp-content\/uploads\/2023\/08\/Banner-Twitter-Verde-800x60-1.png\" alt=\"\" class=\"uag-image-23273\" width=\"800\" height=\"60\" title=\"\" loading=\"lazy\" role=\"img\"\/><\/a><\/figure><\/div>\n\n\n\n<div style=\"height:50px\" aria-hidden=\"true\" class=\"wp-block-spacer\"><\/div>\n","protected":false},"excerpt":{"rendered":"<p>La Secretar\u00eda de Seguridad de Sinaloa emiti\u00f3 un mensaje en sus redes sociales donde inform\u00f3 que personal militar sufri\u00f3 agresiones<\/p>\n","protected":false},"author":1,"featured_media":0,"comment_status":"open","ping_status":"closed","sticky":false,"template":"","format":"standard","meta":{"_uag_custom_page_level_css":"","jetpack_post_was_ever_published":false,"footnotes":""},"categories":[16,9],"tags":[31],"class_list":["post-39066","post","type-post","status-publish","format-standard","hentry","category-enterate","category-nacional","tag-nacional"],"yoast_head":"<!-- This site is optimized with the Yoast SEO plugin v27.3 - https:\/\/yoast.com\/product\/yoast-seo-wordpress\/ -->\n<title>Autoridades de Sinaloa piden calma a la poblaci\u00f3n tras actos de violencia en Culiac\u00e1n - Informante.mx<\/title>\n<meta name=\"robots\" content=\"index, follow, max-snippet:-1, max-image-preview:large, max-video-preview:-1\" \/>\n<link rel=\"canonical\" href=\"https:\/\/informante.mx\/?p=39066\" \/>\n<meta property=\"og:locale\" content=\"es_ES\" \/>\n<meta property=\"og:type\" content=\"article\" \/>\n<meta property=\"og:title\" content=\"Autoridades de Sinaloa piden calma a la poblaci\u00f3n tras actos de violencia en Culiac\u00e1n - Informante.mx\" \/>\n<meta property=\"og:description\" content=\"La Secretar\u00eda de Seguridad de Sinaloa emiti\u00f3 un mensaje en sus redes sociales donde inform\u00f3 que personal militar sufri\u00f3 agresiones\" \/>\n<meta property=\"og:url\" content=\"https:\/\/informante.mx\/?p=39066\" \/>\n<meta property=\"og:site_name\" content=\"Informante.mx\" \/>\n<meta property=\"article:publisher\" content=\"https:\/\/www.facebook.com\/MX.Informante\" \/>\n<meta property=\"article:published_time\" content=\"2024-08-30T13:57:38+00:00\" \/>\n<meta property=\"article:modified_time\" content=\"2024-08-30T14:27:53+00:00\" \/>\n<meta property=\"og:image\" content=\"https:\/\/informante.mx\/wp-content\/uploads\/2024\/08\/Culiacan-1.jpg\" \/>\n\t<meta property=\"og:image:width\" content=\"1200\" \/>\n\t<meta property=\"og:image:height\" content=\"700\" \/>\n\t<meta property=\"og:image:type\" content=\"image\/jpeg\" \/>\n<meta name=\"author\" content=\"InformanteMX\" \/>\n<meta name=\"twitter:card\" content=\"summary_large_image\" \/>\n<meta name=\"twitter:creator\" content=\"@mx_informante\" \/>\n<meta name=\"twitter:site\" content=\"@mx_informante\" \/>\n<meta name=\"twitter:label1\" content=\"Escrito por\" \/>\n\t<meta name=\"twitter:data1\" content=\"InformanteMX\" \/>\n\t<meta name=\"twitter:label2\" content=\"Tiempo de lectura\" \/>\n\t<meta name=\"twitter:data2\" content=\"3 minutos\" \/>\n<script type=\"application\/ld+json\" class=\"yoast-schema-graph\">{\"@context\":\"https:\\\/\\\/schema.org\",\"@graph\":[{\"@type\":\"NewsArticle\",\"@id\":\"https:\\\/\\\/informante.mx\\\/?p=39066#article\",\"isPartOf\":{\"@id\":\"https:\\\/\\\/informante.mx\\\/?p=39066\"},\"author\":{\"name\":\"InformanteMX\",\"@id\":\"https:\\\/\\\/informante.mx\\\/#\\\/schema\\\/person\\\/3eff91989d2ea76b0a330b416325946c\"},\"headline\":\"Autoridades de Sinaloa piden calma a la poblaci\u00f3n tras actos de violencia en Culiac\u00e1n\",\"datePublished\":\"2024-08-30T13:57:38+00:00\",\"dateModified\":\"2024-08-30T14:27:53+00:00\",\"mainEntityOfPage\":{\"@id\":\"https:\\\/\\\/informante.mx\\\/?p=39066\"},\"wordCount\":655,\"commentCount\":0,\"publisher\":{\"@id\":\"https:\\\/\\\/informante.mx\\\/#organization\"},\"image\":{\"@id\":\"https:\\\/\\\/informante.mx\\\/?p=39066#primaryimage\"},\"thumbnailUrl\":\"https:\\\/\\\/www.infobae.com\\\/new-resizer\\\/oUUwDDiAdy9IVchlamrSEb017r4=\\\/420x560\\\/filters:format(webp):quality(85)\\\/cloudfront-us-east-1.images.arcpublishing.com\\\/infobae\\\/B2545CE3DRCFJOEOUPNPI3YMFM.png%20420w\",\"keywords\":[\"Nacional\"],\"articleSection\":[\"Ent\u00e9rate\",\"Nacional\"],\"inLanguage\":\"es\",\"potentialAction\":[{\"@type\":\"CommentAction\",\"name\":\"Comment\",\"target\":[\"https:\\\/\\\/informante.mx\\\/?p=39066#respond\"]}]},{\"@type\":\"WebPage\",\"@id\":\"https:\\\/\\\/informante.mx\\\/?p=39066\",\"url\":\"https:\\\/\\\/informante.mx\\\/?p=39066\",\"name\":\"Autoridades de Sinaloa piden calma a la poblaci\u00f3n tras actos de violencia en Culiac\u00e1n - Informante.mx\",\"isPartOf\":{\"@id\":\"https:\\\/\\\/informante.mx\\\/#website\"},\"primaryImageOfPage\":{\"@id\":\"https:\\\/\\\/informante.mx\\\/?p=39066#primaryimage\"},\"image\":{\"@id\":\"https:\\\/\\\/informante.mx\\\/?p=39066#primaryimage\"},\"thumbnailUrl\":\"https:\\\/\\\/www.infobae.com\\\/new-resizer\\\/oUUwDDiAdy9IVchlamrSEb017r4=\\\/420x560\\\/filters:format(webp):quality(85)\\\/cloudfront-us-east-1.images.arcpublishing.com\\\/infobae\\\/B2545CE3DRCFJOEOUPNPI3YMFM.png%20420w\",\"datePublished\":\"2024-08-30T13:57:38+00:00\",\"dateModified\":\"2024-08-30T14:27:53+00:00\",\"breadcrumb\":{\"@id\":\"https:\\\/\\\/informante.mx\\\/?p=39066#breadcrumb\"},\"inLanguage\":\"es\",\"potentialAction\":[{\"@type\":\"ReadAction\",\"target\":[\"https:\\\/\\\/informante.mx\\\/?p=39066\"]}]},{\"@type\":\"ImageObject\",\"inLanguage\":\"es\",\"@id\":\"https:\\\/\\\/informante.mx\\\/?p=39066#primaryimage\",\"url\":\"https:\\\/\\\/www.infobae.com\\\/new-resizer\\\/oUUwDDiAdy9IVchlamrSEb017r4=\\\/420x560\\\/filters:format(webp):quality(85)\\\/cloudfront-us-east-1.images.arcpublishing.com\\\/infobae\\\/B2545CE3DRCFJOEOUPNPI3YMFM.png%20420w\",\"contentUrl\":\"https:\\\/\\\/www.infobae.com\\\/new-resizer\\\/oUUwDDiAdy9IVchlamrSEb017r4=\\\/420x560\\\/filters:format(webp):quality(85)\\\/cloudfront-us-east-1.images.arcpublishing.com\\\/infobae\\\/B2545CE3DRCFJOEOUPNPI3YMFM.png%20420w\"},{\"@type\":\"BreadcrumbList\",\"@id\":\"https:\\\/\\\/informante.mx\\\/?p=39066#breadcrumb\",\"itemListElement\":[{\"@type\":\"ListItem\",\"position\":1,\"name\":\"Portada\",\"item\":\"https:\\\/\\\/informante.mx\\\/\"},{\"@type\":\"ListItem\",\"position\":2,\"name\":\"Autoridades de Sinaloa piden calma a la poblaci\u00f3n tras actos de violencia en Culiac\u00e1n\"}]},{\"@type\":\"WebSite\",\"@id\":\"https:\\\/\\\/informante.mx\\\/#website\",\"url\":\"https:\\\/\\\/informante.mx\\\/\",\"name\":\"Informante.mx\",\"description\":\"\",\"publisher\":{\"@id\":\"https:\\\/\\\/informante.mx\\\/#organization\"},\"potentialAction\":[{\"@type\":\"SearchAction\",\"target\":{\"@type\":\"EntryPoint\",\"urlTemplate\":\"https:\\\/\\\/informante.mx\\\/?s={search_term_string}\"},\"query-input\":{\"@type\":\"PropertyValueSpecification\",\"valueRequired\":true,\"valueName\":\"search_term_string\"}}],\"inLanguage\":\"es\"},{\"@type\":\"Organization\",\"@id\":\"https:\\\/\\\/informante.mx\\\/#organization\",\"name\":\"Informante.mx\",\"url\":\"https:\\\/\\\/informante.mx\\\/\",\"logo\":{\"@type\":\"ImageObject\",\"inLanguage\":\"es\",\"@id\":\"https:\\\/\\\/informante.mx\\\/#\\\/schema\\\/logo\\\/image\\\/\",\"url\":\"https:\\\/\\\/informante.mx\\\/wp-content\\\/uploads\\\/2019\\\/12\\\/cropped-LOGO-Verde-Apaisado-1024x360O-1.png\",\"contentUrl\":\"https:\\\/\\\/informante.mx\\\/wp-content\\\/uploads\\\/2019\\\/12\\\/cropped-LOGO-Verde-Apaisado-1024x360O-1.png\",\"width\":923,\"height\":180,\"caption\":\"Informante.mx\"},\"image\":{\"@id\":\"https:\\\/\\\/informante.mx\\\/#\\\/schema\\\/logo\\\/image\\\/\"},\"sameAs\":[\"https:\\\/\\\/www.facebook.com\\\/MX.Informante\",\"https:\\\/\\\/x.com\\\/mx_informante\"]},{\"@type\":\"Person\",\"@id\":\"https:\\\/\\\/informante.mx\\\/#\\\/schema\\\/person\\\/3eff91989d2ea76b0a330b416325946c\",\"name\":\"InformanteMX\",\"image\":{\"@type\":\"ImageObject\",\"inLanguage\":\"es\",\"@id\":\"https:\\\/\\\/secure.gravatar.com\\\/avatar\\\/10d802aa739e832aedd2f3fd8544d878871eb22e6ca86fe9a548573e34a28f0e?s=96&d=mm&r=g\",\"url\":\"https:\\\/\\\/secure.gravatar.com\\\/avatar\\\/10d802aa739e832aedd2f3fd8544d878871eb22e6ca86fe9a548573e34a28f0e?s=96&d=mm&r=g\",\"contentUrl\":\"https:\\\/\\\/secure.gravatar.com\\\/avatar\\\/10d802aa739e832aedd2f3fd8544d878871eb22e6ca86fe9a548573e34a28f0e?s=96&d=mm&r=g\",\"caption\":\"InformanteMX\"},\"url\":\"https:\\\/\\\/informante.mx\\\/?author=1\"}]}<\/script>\n<!-- \/ Yoast SEO plugin. -->","yoast_head_json":{"title":"Autoridades de Sinaloa piden calma a la poblaci\u00f3n tras actos de violencia en Culiac\u00e1n - Informante.mx","robots":{"index":"index","follow":"follow","max-snippet":"max-snippet:-1","max-image-preview":"max-image-preview:large","max-video-preview":"max-video-preview:-1"},"canonical":"https:\/\/informante.mx\/?p=39066","og_locale":"es_ES","og_type":"article","og_title":"Autoridades de Sinaloa piden calma a la poblaci\u00f3n tras actos de violencia en Culiac\u00e1n - Informante.mx","og_description":"La Secretar\u00eda de Seguridad de Sinaloa emiti\u00f3 un mensaje en sus redes sociales donde inform\u00f3 que personal militar sufri\u00f3 agresiones","og_url":"https:\/\/informante.mx\/?p=39066","og_site_name":"Informante.mx","article_publisher":"https:\/\/www.facebook.com\/MX.Informante","article_published_time":"2024-08-30T13:57:38+00:00","article_modified_time":"2024-08-30T14:27:53+00:00","og_image":[{"width":1200,"height":700,"url":"https:\/\/informante.mx\/wp-content\/uploads\/2024\/08\/Culiacan-1.jpg","type":"image\/jpeg"}],"author":"InformanteMX","twitter_card":"summary_large_image","twitter_creator":"@mx_informante","twitter_site":"@mx_informante","twitter_misc":{"Escrito por":"InformanteMX","Tiempo de lectura":"3 minutos"},"schema":{"@context":"https:\/\/schema.org","@graph":[{"@type":"NewsArticle","@id":"https:\/\/informante.mx\/?p=39066#article","isPartOf":{"@id":"https:\/\/informante.mx\/?p=39066"},"author":{"name":"InformanteMX","@id":"https:\/\/informante.mx\/#\/schema\/person\/3eff91989d2ea76b0a330b416325946c"},"headline":"Autoridades de Sinaloa piden calma a la poblaci\u00f3n tras actos de violencia en Culiac\u00e1n","datePublished":"2024-08-30T13:57:38+00:00","dateModified":"2024-08-30T14:27:53+00:00","mainEntityOfPage":{"@id":"https:\/\/informante.mx\/?p=39066"},"wordCount":655,"commentCount":0,"publisher":{"@id":"https:\/\/informante.mx\/#organization"},"image":{"@id":"https:\/\/informante.mx\/?p=39066#primaryimage"},"thumbnailUrl":"https:\/\/www.infobae.com\/new-resizer\/oUUwDDiAdy9IVchlamrSEb017r4=\/420x560\/filters:format(webp):quality(85)\/cloudfront-us-east-1.images.arcpublishing.com\/infobae\/B2545CE3DRCFJOEOUPNPI3YMFM.png%20420w","keywords":["Nacional"],"articleSection":["Ent\u00e9rate","Nacional"],"inLanguage":"es","potentialAction":[{"@type":"CommentAction","name":"Comment","target":["https:\/\/informante.mx\/?p=39066#respond"]}]},{"@type":"WebPage","@id":"https:\/\/informante.mx\/?p=39066","url":"https:\/\/informante.mx\/?p=39066","name":"Autoridades de Sinaloa piden calma a la poblaci\u00f3n tras actos de violencia en Culiac\u00e1n - Informante.mx","isPartOf":{"@id":"https:\/\/informante.mx\/#website"},"primaryImageOfPage":{"@id":"https:\/\/informante.mx\/?p=39066#primaryimage"},"image":{"@id":"https:\/\/informante.mx\/?p=39066#primaryimage"},"thumbnailUrl":"https:\/\/www.infobae.com\/new-resizer\/oUUwDDiAdy9IVchlamrSEb017r4=\/420x560\/filters:format(webp):quality(85)\/cloudfront-us-east-1.images.arcpublishing.com\/infobae\/B2545CE3DRCFJOEOUPNPI3YMFM.png%20420w","datePublished":"2024-08-30T13:57:38+00:00","dateModified":"2024-08-30T14:27:53+00:00","breadcrumb":{"@id":"https:\/\/informante.mx\/?p=39066#breadcrumb"},"inLanguage":"es","potentialAction":[{"@type":"ReadAction","target":["https:\/\/informante.mx\/?p=39066"]}]},{"@type":"ImageObject","inLanguage":"es","@id":"https:\/\/informante.mx\/?p=39066#primaryimage","url":"https:\/\/www.infobae.com\/new-resizer\/oUUwDDiAdy9IVchlamrSEb017r4=\/420x560\/filters:format(webp):quality(85)\/cloudfront-us-east-1.images.arcpublishing.com\/infobae\/B2545CE3DRCFJOEOUPNPI3YMFM.png%20420w","contentUrl":"https:\/\/www.infobae.com\/new-resizer\/oUUwDDiAdy9IVchlamrSEb017r4=\/420x560\/filters:format(webp):quality(85)\/cloudfront-us-east-1.images.arcpublishing.com\/infobae\/B2545CE3DRCFJOEOUPNPI3YMFM.png%20420w"},{"@type":"BreadcrumbList","@id":"https:\/\/informante.mx\/?p=39066#breadcrumb","itemListElement":[{"@type":"ListItem","position":1,"name":"Portada","item":"https:\/\/informante.mx\/"},{"@type":"ListItem","position":2,"name":"Autoridades de Sinaloa piden calma a la poblaci\u00f3n tras actos de violencia en Culiac\u00e1n"}]},{"@type":"WebSite","@id":"https:\/\/informante.mx\/#website","url":"https:\/\/informante.mx\/","name":"Informante.mx","description":"","publisher":{"@id":"https:\/\/informante.mx\/#organization"},"potentialAction":[{"@type":"SearchAction","target":{"@type":"EntryPoint","urlTemplate":"https:\/\/informante.mx\/?s={search_term_string}"},"query-input":{"@type":"PropertyValueSpecification","valueRequired":true,"valueName":"search_term_string"}}],"inLanguage":"es"},{"@type":"Organization","@id":"https:\/\/informante.mx\/#organization","name":"Informante.mx","url":"https:\/\/informante.mx\/","logo":{"@type":"ImageObject","inLanguage":"es","@id":"https:\/\/informante.mx\/#\/schema\/logo\/image\/","url":"https:\/\/informante.mx\/wp-content\/uploads\/2019\/12\/cropped-LOGO-Verde-Apaisado-1024x360O-1.png","contentUrl":"https:\/\/informante.mx\/wp-content\/uploads\/2019\/12\/cropped-LOGO-Verde-Apaisado-1024x360O-1.png","width":923,"height":180,"caption":"Informante.mx"},"image":{"@id":"https:\/\/informante.mx\/#\/schema\/logo\/image\/"},"sameAs":["https:\/\/www.facebook.com\/MX.Informante","https:\/\/x.com\/mx_informante"]},{"@type":"Person","@id":"https:\/\/informante.mx\/#\/schema\/person\/3eff91989d2ea76b0a330b416325946c","name":"InformanteMX","image":{"@type":"ImageObject","inLanguage":"es","@id":"https:\/\/secure.gravatar.com\/avatar\/10d802aa739e832aedd2f3fd8544d878871eb22e6ca86fe9a548573e34a28f0e?s=96&d=mm&r=g","url":"https:\/\/secure.gravatar.com\/avatar\/10d802aa739e832aedd2f3fd8544d878871eb22e6ca86fe9a548573e34a28f0e?s=96&d=mm&r=g","contentUrl":"https:\/\/secure.gravatar.com\/avatar\/10d802aa739e832aedd2f3fd8544d878871eb22e6ca86fe9a548573e34a28f0e?s=96&d=mm&r=g","caption":"InformanteMX"},"url":"https:\/\/informante.mx\/?author=1"}]}},"jetpack_featured_media_url":"","uagb_featured_image_src":{"full":false,"thumbnail":false,"medium":false,"medium_large":false,"large":false,"1536x1536":false,"2048x2048":false,"td_0x420":false,"td_0x420_retina":false,"td_80x60":false,"td_80x60_retina":false,"td_100x75":false,"td_100x75_retina":false,"td_180x135":false,"td_180x135_retina":false,"td_238x178":false,"td_238x178_retina":false,"td_265x198":false,"td_265x198_retina":false,"td_300x160":false,"td_300x160_retina":false,"td_300x194":false,"td_300x194_retina":false,"td_300x350":false,"td_300x350_retina":false,"td_341x220":false,"td_341x220_retina":false,"td_341x400":false,"td_341x400_retina":false,"td_511x400":false,"td_511x400_retina":false,"td_537x360":false,"td_537x360_retina":false,"td_640x0":false,"td_640x0_retina":false,"td_640x350":false,"td_640x350_retina":false,"td_681x0":false,"td_681x0_retina":false,"td_681x400":false,"td_681x400_retina":false,"td_741x486":false,"td_741x486_retina":false,"td_1021x580":false,"td_1021x580_retina":false},"uagb_author_info":{"display_name":"InformanteMX","author_link":"https:\/\/informante.mx\/?author=1"},"uagb_comment_info":0,"uagb_excerpt":"La Secretar\u00eda de Seguridad de Sinaloa emiti\u00f3 un mensaje en sus redes sociales donde inform\u00f3 que personal militar sufri\u00f3 agresiones","_links":{"self":[{"href":"https:\/\/informante.mx\/index.php?rest_route=\/wp\/v2\/posts\/39066","targetHints":{"allow":["GET"]}}],"collection":[{"href":"https:\/\/informante.mx\/index.php?rest_route=\/wp\/v2\/posts"}],"about":[{"href":"https:\/\/informante.mx\/index.php?rest_route=\/wp\/v2\/types\/post"}],"author":[{"embeddable":true,"href":"https:\/\/informante.mx\/index.php?rest_route=\/wp\/v2\/users\/1"}],"replies":[{"embeddable":true,"href":"https:\/\/informante.mx\/index.php?rest_route=%2Fwp%2Fv2%2Fcomments&post=39066"}],"version-history":[{"count":1,"href":"https:\/\/informante.mx\/index.php?rest_route=\/wp\/v2\/posts\/39066\/revisions"}],"predecessor-version":[{"id":39068,"href":"https:\/\/informante.mx\/index.php?rest_route=\/wp\/v2\/posts\/39066\/revisions\/39068"}],"wp:attachment":[{"href":"https:\/\/informante.mx\/index.php?rest_route=%2Fwp%2Fv2%2Fmedia&parent=39066"}],"wp:term":[{"taxonomy":"category","embeddable":true,"href":"https:\/\/informante.mx\/index.php?rest_route=%2Fwp%2Fv2%2Fcategories&post=39066"},{"taxonomy":"post_tag","embeddable":true,"href":"https:\/\/informante.mx\/index.php?rest_route=%2Fwp%2Fv2%2Ftags&post=39066"}],"curies":[{"name":"wp","href":"https:\/\/api.w.org\/{rel}","templated":true}]}}