{"id":37941,"date":"2024-07-31T19:44:57","date_gmt":"2024-08-01T01:44:57","guid":{"rendered":"https:\/\/informante.mx\/?p=37941"},"modified":"2024-07-31T19:59:09","modified_gmt":"2024-08-01T01:59:09","slug":"tipifica-congreso-local-el-delito-de-violencia-acida","status":"publish","type":"post","link":"https:\/\/informante.mx\/?p=37941","title":{"rendered":"Tipifica Congreso local el delito de Violencia \u00c1cida"},"content":{"rendered":"\n<p><strong>Redacci\u00f3n Informante<\/strong><\/p>\n\n\n\n<p>El Pleno de la LXVI Legislatura aprob\u00f3 el decreto que reforma y adiciona diversas disposiciones a la Ley de Acceso de las Mujeres a una Vida Libre de Violencia y del C\u00f3digo Penal, ambos ordenamientos del estado de Veracruz, para tipificar como delito la Violencia \u00c1cida y sancionar con penas que ir\u00edan de los ocho a los doce a\u00f1os de prisi\u00f3n y multa de 300 a 700 veces el valor diario de la Unidad de Medida y Actualizaci\u00f3n (UMA).<\/p>\n\n\n\n<p>Estas reformas, aprobados con 43 votos a favor, sin abstenciones o votos en contra, son el resultado del an\u00e1lisis realizado por las Comisiones Permanentes Unidas de Justicia y Puntos Constitucionales y Para la Igualdad de G\u00e9nero a dos iniciativas. La primera, presentada el 23 de marzo de 2023 por la diputada del grupo legislativo de Morena, Itzel L\u00f3pez L\u00f3pez, y la segunda, puesta a consideraci\u00f3n del Pleno el 28 de julio de 2022 por la diputada Ver\u00f3nica Pulido Herrera, en coautor\u00eda con los legisladores Enrique Cambranis Torres, Jaime Enrique de la Garza Mart\u00ednez y Miguel David Hermida Copado.<\/p>\n\n\n\n<p>De acuerdo con las reformas aprobadas, se establece en la fracci\u00f3n X del Art\u00edculo 7 de la Ley de Acceso de las Mujeres a una Vida Libre de Violencia que la Violencia \u00c1cida es aquella que pretende causar un da\u00f1o f\u00edsico irreversible que lastime, altere o cause alguna discapacidad, mediante la acci\u00f3n de arrojar \u00e1cido, \u00e1lcalis, sustancias qu\u00edmicas, corrosivas, c\u00e1usticas, irritantes, t\u00f3xicas, inflamables, l\u00edquidos a altas temperaturas o cualquier otra sustancia que pueda provocar o no lesiones en \u00f3rganos internos, externos o en ambos.<\/p>\n\n\n\n<p>En la fracci\u00f3n XXX del Art\u00edculo 19 de la misma Ley, en relaci\u00f3n con las acciones de competencia estatal, se puntualiza que a trav\u00e9s de la Secretar\u00eda de Salud se deber\u00e1 llevar un registro y emitir a las autoridades competentes la informaci\u00f3n y estad\u00edsticas sobre las v\u00edctimas de violencia \u00e1cida, protegiendo en todo momento, sus datos personales.<\/p>\n\n\n\n<p>Adem\u00e1s, se incorpora al C\u00f3digo Penal el Cap\u00edtulo III Bis denominado Lesiones por ataques con \u00e1cido, sustancias qu\u00edmicas o corrosivas y en \u00e9ste se dispone que a quien cometa este delito se le impondr\u00e1n de ocho a doce a\u00f1os de prisi\u00f3n y multa de 300 a 700 veces el valor de la UMA.<\/p>\n\n\n\n<p>Ser\u00e1n agravantes de la pena las siguientes circunstancias: cuando cause deformidad o da\u00f1o permanente, entorpezca o debilite permanentemente una extremidad o cualquier otro \u00f3rgano, en cuyo caso la pena aumentar\u00e1 en un tercio, y cuando la conducta delictiva cause deformidad en el rostro, p\u00e9rdida parcial o total del o\u00eddo, vista, habla o incapacidad permanente para trabajar, cause alteraci\u00f3n o da\u00f1o en el aparato genital, en las funciones de reproducci\u00f3n sexual o atente contra el ejercicio de la autonom\u00eda sexual, la pena se aumentar\u00e1 hasta en una mitad.<\/p>\n\n\n\n<p>Cuando las lesiones por ataques con \u00e1cido, sustancias qu\u00edmicas o corrosivas sean cometidas en contra de una mujer en raz\u00f3n de su g\u00e9nero, la pena establecida en los art\u00edculos anteriores aumentar\u00e1 hasta en una mitad.<\/p>\n\n\n\n<p>Ser\u00e1n consideradas lesiones por ataques con \u00e1cido, sustancias qu\u00edmicas o corrosivas cometidas contra la mujer en raz\u00f3n de su g\u00e9nero, cuando ocurra lo siguiente: si entre el sujeto activo y la v\u00edctima existe o existi\u00f3 una relaci\u00f3n sentimental, sexual, afectiva o de confianza, de parentesco, laboral, docente o de hecho. O que previo a la lesi\u00f3n infligida existan antecedentes de violencia contra las mujeres o delitos de g\u00e9nero, se hayan cometido amenazas, acoso o cualquier tipo de violencia o acto de agresi\u00f3n en el \u00e1mbito familiar, laboral, docente o de hecho, ejercida por parte del sujeto activo contra la mujer.<\/p>\n\n\n\n<p>Se considerar\u00e1 tentativa de feminicidio, cuando las lesiones cometidas contra la mujer provoquen resecci\u00f3n parcial o total en las mamas, alteraci\u00f3n en el aparato genital, en las funciones de reproducci\u00f3n sexual o atente contra el ejercicio de la autonom\u00eda sexual, cause alguna deformidad o da\u00f1o f\u00edsico permanente en alg\u00fan \u00f3rgano interno o externo o en ambos, provoque da\u00f1os en extremidades, entorpezca, debilite u ocasione la p\u00e9rdida parcial o total del o\u00eddo, vista, habla o incapacidad permanente para trabajar.<\/p>\n\n\n\n<p>Las instituciones de Salud deber\u00e1n notificar inmediatamente de que tengan conocimiento al Ministerio P\u00fablico de todos los casos de lesiones provocadas por ataques con \u00e1cido, sustancias qu\u00edmicas o corrosivas.<\/p>\n\n\n\n<p>En los delitos y las conductas se\u00f1aladas, el Ministerio P\u00fablico tiene la obligaci\u00f3n de garantizar la reparaci\u00f3n del da\u00f1o integral, adecuada, eficaz, efectiva y proporcional a la gravedad del da\u00f1o, as\u00ed como decretar las medidas de protecci\u00f3n necesarias para la v\u00edctima.<\/p>\n\n\n\n<p>En nombre del Grupo Legislativo de Morena, la diputada Itzel L\u00f3pez L\u00f3pez puntualiz\u00f3 que en Veracruz se visibilizar\u00e1 la violencia \u00e1cida, replicando los alcances de la denominada Ley Malena y que, con estas adecuaciones legales, se establecer\u00e1n sanciones privativas de libertad ejemplares y agravantes para quienes violenten a una mujer a trav\u00e9s de esta modalidad.<\/p>\n\n\n\n<p>Agreg\u00f3 que desde el Congreso se comparte el sentir de las mujeres que han vivido y est\u00e1n inmersa en cualquier expresi\u00f3n que se traduzca en violencia, \u201cpor supuesto que, de forma respetuosa, hacemos un llamado a las autoridades competentes para que investiguen y sancionen, sin excepciones, todas las conductas que lastiman a las mujeres\u201d.<\/p>\n\n\n\n<p>Por el Grupo Legislativo del Partido Acci\u00f3n Nacional (PAN), la diputada Ver\u00f3nica Pulido Herrera dijo que estas reformas son un paso firme, toda vez que si est\u00e1 en la ley se puede denunciar y exigir a la autoridad correspondiente para que sancione al agresor, \u201cya no debe existir pretexto para que las mujeres accedan a su derecho humano a la justicia\u201d.<\/p>\n\n\n\n<p>En el debate en lo general particip\u00f3 la diputada Maribel Ram\u00edrez Topete.<\/p>\n\n\n\n<hr class=\"wp-block-separator has-alpha-channel-opacity\"\/>\n\n\n\n<p class=\"has-text-align-center\" style=\"font-size:17px\"><strong><i>Toda la informaci\u00f3n que necesitas saber la encuentras en nuestras <\/i><strong style=\"\"><em style=\"font-style: italic;\">redes sociales y canal de <\/em><\/strong><\/strong><a href=\"https:\/\/t.me\/informantemx\" target=\"_blank\" rel=\"noreferrer noopener\"><strong><em>Telegram<\/em><\/strong><\/a>. <\/p>\n\n\n\n<p class=\"has-text-align-center\" style=\"font-size:17px\"><strong><em>!\u00danete!<\/em><\/strong><\/p>\n\n\n\n<div class=\"wp-block-uagb-image aligncenter uagb-block-3acd28e8 wp-block-uagb-image--layout-default wp-block-uagb-image--effect-zoomin wp-block-uagb-image--align-center\"><figure class=\"wp-block-uagb-image__figure\"><a class=\"\" href=\"https:\/\/t.me\/informantemx\" target=\"\" rel=\"noopener\"><img decoding=\"async\" srcset=\"https:\/\/informante.mx\/wp-content\/uploads\/2023\/08\/Banner-Telegram-Verde-800x60-1.png ,https:\/\/informante.mx\/wp-content\/uploads\/2023\/08\/Banner-Telegram-Verde-800x60-1.png 780w, https:\/\/informante.mx\/wp-content\/uploads\/2023\/08\/Banner-Telegram-Verde-800x60-1.png 360w\" sizes=\"auto, (max-width: 480px) 150px\" src=\"https:\/\/informante.mx\/wp-content\/uploads\/2023\/08\/Banner-Telegram-Verde-800x60-1.png\" alt=\"\" class=\"uag-image-23275\" width=\"800\" height=\"60\" title=\"\" loading=\"lazy\" role=\"img\"\/><\/a><\/figure><\/div>\n\n\n\n<div class=\"wp-block-uagb-image aligncenter uagb-block-45ea2b31 wp-block-uagb-image--layout-default wp-block-uagb-image--effect-zoomin wp-block-uagb-image--align-center\"><figure class=\"wp-block-uagb-image__figure\"><a class=\"\" href=\"https:\/\/www.facebook.com\/MX.Informante\" target=\"\" rel=\"noopener\"><img decoding=\"async\" srcset=\"https:\/\/informante.mx\/wp-content\/uploads\/2023\/08\/Banner-Facebook-Verde-800x60-1.png ,https:\/\/informante.mx\/wp-content\/uploads\/2023\/08\/Banner-Facebook-Verde-800x60-1.png 780w, https:\/\/informante.mx\/wp-content\/uploads\/2023\/08\/Banner-Facebook-Verde-800x60-1.png 360w\" sizes=\"auto, (max-width: 480px) 150px\" src=\"https:\/\/informante.mx\/wp-content\/uploads\/2023\/08\/Banner-Facebook-Verde-800x60-1.png\" alt=\"\" class=\"uag-image-23274\" width=\"800\" height=\"60\" title=\"\" loading=\"lazy\" role=\"img\"\/><\/a><\/figure><\/div>\n\n\n\n<div class=\"wp-block-uagb-image aligncenter uagb-block-2ce4c51b wp-block-uagb-image--layout-default wp-block-uagb-image--effect-zoomin wp-block-uagb-image--align-center\"><figure class=\"wp-block-uagb-image__figure\"><a class=\"\" href=\"https:\/\/twitter.com\/mx_informante\" target=\"\" rel=\"noopener\"><img decoding=\"async\" srcset=\"https:\/\/informante.mx\/wp-content\/uploads\/2023\/08\/Banner-Twitter-Verde-800x60-1.png ,https:\/\/informante.mx\/wp-content\/uploads\/2023\/08\/Banner-Twitter-Verde-800x60-1.png 780w, https:\/\/informante.mx\/wp-content\/uploads\/2023\/08\/Banner-Twitter-Verde-800x60-1.png 360w\" sizes=\"auto, (max-width: 480px) 150px\" src=\"https:\/\/informante.mx\/wp-content\/uploads\/2023\/08\/Banner-Twitter-Verde-800x60-1.png\" alt=\"\" class=\"uag-image-23273\" width=\"800\" height=\"60\" title=\"\" loading=\"lazy\" role=\"img\"\/><\/a><\/figure><\/div>\n\n\n\n<div style=\"height:50px\" aria-hidden=\"true\" class=\"wp-block-spacer\"><\/div>\n","protected":false},"excerpt":{"rendered":"<p> Penas que ir\u00edan de los ocho a los doce a\u00f1os de prisi\u00f3n y multas de 300 a 700 veces el valor de la UMA para quien cometa este delito.<\/p>\n","protected":false},"author":1,"featured_media":0,"comment_status":"open","ping_status":"closed","sticky":false,"template":"","format":"standard","meta":{"_uag_custom_page_level_css":"","jetpack_post_was_ever_published":false,"footnotes":""},"categories":[7],"tags":[42,32,33],"class_list":["post-37941","post","type-post","status-publish","format-standard","hentry","category-legislatura","tag-congreso","tag-estado","tag-veracruz"],"yoast_head":"<!-- This site is optimized with the Yoast SEO plugin v27.3 - https:\/\/yoast.com\/product\/yoast-seo-wordpress\/ -->\n<title>Tipifica Congreso local el delito de Violencia \u00c1cida - Informante.mx<\/title>\n<meta name=\"robots\" content=\"index, follow, max-snippet:-1, max-image-preview:large, max-video-preview:-1\" \/>\n<link rel=\"canonical\" href=\"https:\/\/informante.mx\/?p=37941\" \/>\n<meta property=\"og:locale\" content=\"es_ES\" \/>\n<meta property=\"og:type\" content=\"article\" \/>\n<meta property=\"og:title\" content=\"Tipifica Congreso local el delito de Violencia \u00c1cida - Informante.mx\" \/>\n<meta property=\"og:description\" content=\"Penas que ir\u00edan de los ocho a los doce a\u00f1os de prisi\u00f3n y multas de 300 a 700 veces el valor de la UMA para quien cometa este delito.\" \/>\n<meta property=\"og:url\" content=\"https:\/\/informante.mx\/?p=37941\" \/>\n<meta property=\"og:site_name\" content=\"Informante.mx\" \/>\n<meta property=\"article:publisher\" content=\"https:\/\/www.facebook.com\/MX.Informante\" \/>\n<meta property=\"article:published_time\" content=\"2024-08-01T01:44:57+00:00\" \/>\n<meta property=\"article:modified_time\" content=\"2024-08-01T01:59:09+00:00\" \/>\n<meta property=\"og:image\" content=\"https:\/\/informante.mx\/wp-content\/uploads\/2024\/07\/Legisver-3.jpg\" \/>\n\t<meta property=\"og:image:width\" content=\"1200\" \/>\n\t<meta property=\"og:image:height\" content=\"700\" \/>\n\t<meta property=\"og:image:type\" content=\"image\/jpeg\" \/>\n<meta name=\"author\" content=\"InformanteMX\" \/>\n<meta name=\"twitter:card\" content=\"summary_large_image\" \/>\n<meta name=\"twitter:creator\" content=\"@mx_informante\" \/>\n<meta name=\"twitter:site\" content=\"@mx_informante\" \/>\n<meta name=\"twitter:label1\" content=\"Escrito por\" \/>\n\t<meta name=\"twitter:data1\" content=\"InformanteMX\" \/>\n\t<meta name=\"twitter:label2\" content=\"Tiempo de lectura\" \/>\n\t<meta name=\"twitter:data2\" content=\"5 minutos\" \/>\n<script type=\"application\/ld+json\" class=\"yoast-schema-graph\">{\"@context\":\"https:\\\/\\\/schema.org\",\"@graph\":[{\"@type\":\"NewsArticle\",\"@id\":\"https:\\\/\\\/informante.mx\\\/?p=37941#article\",\"isPartOf\":{\"@id\":\"https:\\\/\\\/informante.mx\\\/?p=37941\"},\"author\":{\"name\":\"InformanteMX\",\"@id\":\"https:\\\/\\\/informante.mx\\\/#\\\/schema\\\/person\\\/3eff91989d2ea76b0a330b416325946c\"},\"headline\":\"Tipifica Congreso local el delito de Violencia \u00c1cida\",\"datePublished\":\"2024-08-01T01:44:57+00:00\",\"dateModified\":\"2024-08-01T01:59:09+00:00\",\"mainEntityOfPage\":{\"@id\":\"https:\\\/\\\/informante.mx\\\/?p=37941\"},\"wordCount\":1008,\"commentCount\":0,\"publisher\":{\"@id\":\"https:\\\/\\\/informante.mx\\\/#organization\"},\"keywords\":[\"Congreso\",\"Estado\",\"Veracruz\"],\"articleSection\":[\"Legislatura\"],\"inLanguage\":\"es\",\"potentialAction\":[{\"@type\":\"CommentAction\",\"name\":\"Comment\",\"target\":[\"https:\\\/\\\/informante.mx\\\/?p=37941#respond\"]}]},{\"@type\":\"WebPage\",\"@id\":\"https:\\\/\\\/informante.mx\\\/?p=37941\",\"url\":\"https:\\\/\\\/informante.mx\\\/?p=37941\",\"name\":\"Tipifica Congreso local el delito de Violencia \u00c1cida - Informante.mx\",\"isPartOf\":{\"@id\":\"https:\\\/\\\/informante.mx\\\/#website\"},\"datePublished\":\"2024-08-01T01:44:57+00:00\",\"dateModified\":\"2024-08-01T01:59:09+00:00\",\"breadcrumb\":{\"@id\":\"https:\\\/\\\/informante.mx\\\/?p=37941#breadcrumb\"},\"inLanguage\":\"es\",\"potentialAction\":[{\"@type\":\"ReadAction\",\"target\":[\"https:\\\/\\\/informante.mx\\\/?p=37941\"]}]},{\"@type\":\"BreadcrumbList\",\"@id\":\"https:\\\/\\\/informante.mx\\\/?p=37941#breadcrumb\",\"itemListElement\":[{\"@type\":\"ListItem\",\"position\":1,\"name\":\"Portada\",\"item\":\"https:\\\/\\\/informante.mx\\\/\"},{\"@type\":\"ListItem\",\"position\":2,\"name\":\"Tipifica Congreso local el delito de Violencia \u00c1cida\"}]},{\"@type\":\"WebSite\",\"@id\":\"https:\\\/\\\/informante.mx\\\/#website\",\"url\":\"https:\\\/\\\/informante.mx\\\/\",\"name\":\"Informante.mx\",\"description\":\"\",\"publisher\":{\"@id\":\"https:\\\/\\\/informante.mx\\\/#organization\"},\"potentialAction\":[{\"@type\":\"SearchAction\",\"target\":{\"@type\":\"EntryPoint\",\"urlTemplate\":\"https:\\\/\\\/informante.mx\\\/?s={search_term_string}\"},\"query-input\":{\"@type\":\"PropertyValueSpecification\",\"valueRequired\":true,\"valueName\":\"search_term_string\"}}],\"inLanguage\":\"es\"},{\"@type\":\"Organization\",\"@id\":\"https:\\\/\\\/informante.mx\\\/#organization\",\"name\":\"Informante.mx\",\"url\":\"https:\\\/\\\/informante.mx\\\/\",\"logo\":{\"@type\":\"ImageObject\",\"inLanguage\":\"es\",\"@id\":\"https:\\\/\\\/informante.mx\\\/#\\\/schema\\\/logo\\\/image\\\/\",\"url\":\"https:\\\/\\\/informante.mx\\\/wp-content\\\/uploads\\\/2019\\\/12\\\/cropped-LOGO-Verde-Apaisado-1024x360O-1.png\",\"contentUrl\":\"https:\\\/\\\/informante.mx\\\/wp-content\\\/uploads\\\/2019\\\/12\\\/cropped-LOGO-Verde-Apaisado-1024x360O-1.png\",\"width\":923,\"height\":180,\"caption\":\"Informante.mx\"},\"image\":{\"@id\":\"https:\\\/\\\/informante.mx\\\/#\\\/schema\\\/logo\\\/image\\\/\"},\"sameAs\":[\"https:\\\/\\\/www.facebook.com\\\/MX.Informante\",\"https:\\\/\\\/x.com\\\/mx_informante\"]},{\"@type\":\"Person\",\"@id\":\"https:\\\/\\\/informante.mx\\\/#\\\/schema\\\/person\\\/3eff91989d2ea76b0a330b416325946c\",\"name\":\"InformanteMX\",\"image\":{\"@type\":\"ImageObject\",\"inLanguage\":\"es\",\"@id\":\"https:\\\/\\\/secure.gravatar.com\\\/avatar\\\/10d802aa739e832aedd2f3fd8544d878871eb22e6ca86fe9a548573e34a28f0e?s=96&d=mm&r=g\",\"url\":\"https:\\\/\\\/secure.gravatar.com\\\/avatar\\\/10d802aa739e832aedd2f3fd8544d878871eb22e6ca86fe9a548573e34a28f0e?s=96&d=mm&r=g\",\"contentUrl\":\"https:\\\/\\\/secure.gravatar.com\\\/avatar\\\/10d802aa739e832aedd2f3fd8544d878871eb22e6ca86fe9a548573e34a28f0e?s=96&d=mm&r=g\",\"caption\":\"InformanteMX\"},\"url\":\"https:\\\/\\\/informante.mx\\\/?author=1\"}]}<\/script>\n<!-- \/ Yoast SEO plugin. -->","yoast_head_json":{"title":"Tipifica Congreso local el delito de Violencia \u00c1cida - Informante.mx","robots":{"index":"index","follow":"follow","max-snippet":"max-snippet:-1","max-image-preview":"max-image-preview:large","max-video-preview":"max-video-preview:-1"},"canonical":"https:\/\/informante.mx\/?p=37941","og_locale":"es_ES","og_type":"article","og_title":"Tipifica Congreso local el delito de Violencia \u00c1cida - Informante.mx","og_description":"Penas que ir\u00edan de los ocho a los doce a\u00f1os de prisi\u00f3n y multas de 300 a 700 veces el valor de la UMA para quien cometa este delito.","og_url":"https:\/\/informante.mx\/?p=37941","og_site_name":"Informante.mx","article_publisher":"https:\/\/www.facebook.com\/MX.Informante","article_published_time":"2024-08-01T01:44:57+00:00","article_modified_time":"2024-08-01T01:59:09+00:00","og_image":[{"width":1200,"height":700,"url":"https:\/\/informante.mx\/wp-content\/uploads\/2024\/07\/Legisver-3.jpg","type":"image\/jpeg"}],"author":"InformanteMX","twitter_card":"summary_large_image","twitter_creator":"@mx_informante","twitter_site":"@mx_informante","twitter_misc":{"Escrito por":"InformanteMX","Tiempo de lectura":"5 minutos"},"schema":{"@context":"https:\/\/schema.org","@graph":[{"@type":"NewsArticle","@id":"https:\/\/informante.mx\/?p=37941#article","isPartOf":{"@id":"https:\/\/informante.mx\/?p=37941"},"author":{"name":"InformanteMX","@id":"https:\/\/informante.mx\/#\/schema\/person\/3eff91989d2ea76b0a330b416325946c"},"headline":"Tipifica Congreso local el delito de Violencia \u00c1cida","datePublished":"2024-08-01T01:44:57+00:00","dateModified":"2024-08-01T01:59:09+00:00","mainEntityOfPage":{"@id":"https:\/\/informante.mx\/?p=37941"},"wordCount":1008,"commentCount":0,"publisher":{"@id":"https:\/\/informante.mx\/#organization"},"keywords":["Congreso","Estado","Veracruz"],"articleSection":["Legislatura"],"inLanguage":"es","potentialAction":[{"@type":"CommentAction","name":"Comment","target":["https:\/\/informante.mx\/?p=37941#respond"]}]},{"@type":"WebPage","@id":"https:\/\/informante.mx\/?p=37941","url":"https:\/\/informante.mx\/?p=37941","name":"Tipifica Congreso local el delito de Violencia \u00c1cida - Informante.mx","isPartOf":{"@id":"https:\/\/informante.mx\/#website"},"datePublished":"2024-08-01T01:44:57+00:00","dateModified":"2024-08-01T01:59:09+00:00","breadcrumb":{"@id":"https:\/\/informante.mx\/?p=37941#breadcrumb"},"inLanguage":"es","potentialAction":[{"@type":"ReadAction","target":["https:\/\/informante.mx\/?p=37941"]}]},{"@type":"BreadcrumbList","@id":"https:\/\/informante.mx\/?p=37941#breadcrumb","itemListElement":[{"@type":"ListItem","position":1,"name":"Portada","item":"https:\/\/informante.mx\/"},{"@type":"ListItem","position":2,"name":"Tipifica Congreso local el delito de Violencia \u00c1cida"}]},{"@type":"WebSite","@id":"https:\/\/informante.mx\/#website","url":"https:\/\/informante.mx\/","name":"Informante.mx","description":"","publisher":{"@id":"https:\/\/informante.mx\/#organization"},"potentialAction":[{"@type":"SearchAction","target":{"@type":"EntryPoint","urlTemplate":"https:\/\/informante.mx\/?s={search_term_string}"},"query-input":{"@type":"PropertyValueSpecification","valueRequired":true,"valueName":"search_term_string"}}],"inLanguage":"es"},{"@type":"Organization","@id":"https:\/\/informante.mx\/#organization","name":"Informante.mx","url":"https:\/\/informante.mx\/","logo":{"@type":"ImageObject","inLanguage":"es","@id":"https:\/\/informante.mx\/#\/schema\/logo\/image\/","url":"https:\/\/informante.mx\/wp-content\/uploads\/2019\/12\/cropped-LOGO-Verde-Apaisado-1024x360O-1.png","contentUrl":"https:\/\/informante.mx\/wp-content\/uploads\/2019\/12\/cropped-LOGO-Verde-Apaisado-1024x360O-1.png","width":923,"height":180,"caption":"Informante.mx"},"image":{"@id":"https:\/\/informante.mx\/#\/schema\/logo\/image\/"},"sameAs":["https:\/\/www.facebook.com\/MX.Informante","https:\/\/x.com\/mx_informante"]},{"@type":"Person","@id":"https:\/\/informante.mx\/#\/schema\/person\/3eff91989d2ea76b0a330b416325946c","name":"InformanteMX","image":{"@type":"ImageObject","inLanguage":"es","@id":"https:\/\/secure.gravatar.com\/avatar\/10d802aa739e832aedd2f3fd8544d878871eb22e6ca86fe9a548573e34a28f0e?s=96&d=mm&r=g","url":"https:\/\/secure.gravatar.com\/avatar\/10d802aa739e832aedd2f3fd8544d878871eb22e6ca86fe9a548573e34a28f0e?s=96&d=mm&r=g","contentUrl":"https:\/\/secure.gravatar.com\/avatar\/10d802aa739e832aedd2f3fd8544d878871eb22e6ca86fe9a548573e34a28f0e?s=96&d=mm&r=g","caption":"InformanteMX"},"url":"https:\/\/informante.mx\/?author=1"}]}},"jetpack_featured_media_url":"","uagb_featured_image_src":{"full":false,"thumbnail":false,"medium":false,"medium_large":false,"large":false,"1536x1536":false,"2048x2048":false,"td_0x420":false,"td_0x420_retina":false,"td_80x60":false,"td_80x60_retina":false,"td_100x75":false,"td_100x75_retina":false,"td_180x135":false,"td_180x135_retina":false,"td_238x178":false,"td_238x178_retina":false,"td_265x198":false,"td_265x198_retina":false,"td_300x160":false,"td_300x160_retina":false,"td_300x194":false,"td_300x194_retina":false,"td_300x350":false,"td_300x350_retina":false,"td_341x220":false,"td_341x220_retina":false,"td_341x400":false,"td_341x400_retina":false,"td_511x400":false,"td_511x400_retina":false,"td_537x360":false,"td_537x360_retina":false,"td_640x0":false,"td_640x0_retina":false,"td_640x350":false,"td_640x350_retina":false,"td_681x0":false,"td_681x0_retina":false,"td_681x400":false,"td_681x400_retina":false,"td_741x486":false,"td_741x486_retina":false,"td_1021x580":false,"td_1021x580_retina":false},"uagb_author_info":{"display_name":"InformanteMX","author_link":"https:\/\/informante.mx\/?author=1"},"uagb_comment_info":0,"uagb_excerpt":"Penas que ir\u00edan de los ocho a los doce a\u00f1os de prisi\u00f3n y multas de 300 a 700 veces el valor de la UMA para quien cometa este delito.","_links":{"self":[{"href":"https:\/\/informante.mx\/index.php?rest_route=\/wp\/v2\/posts\/37941","targetHints":{"allow":["GET"]}}],"collection":[{"href":"https:\/\/informante.mx\/index.php?rest_route=\/wp\/v2\/posts"}],"about":[{"href":"https:\/\/informante.mx\/index.php?rest_route=\/wp\/v2\/types\/post"}],"author":[{"embeddable":true,"href":"https:\/\/informante.mx\/index.php?rest_route=\/wp\/v2\/users\/1"}],"replies":[{"embeddable":true,"href":"https:\/\/informante.mx\/index.php?rest_route=%2Fwp%2Fv2%2Fcomments&post=37941"}],"version-history":[{"count":2,"href":"https:\/\/informante.mx\/index.php?rest_route=\/wp\/v2\/posts\/37941\/revisions"}],"predecessor-version":[{"id":37951,"href":"https:\/\/informante.mx\/index.php?rest_route=\/wp\/v2\/posts\/37941\/revisions\/37951"}],"wp:attachment":[{"href":"https:\/\/informante.mx\/index.php?rest_route=%2Fwp%2Fv2%2Fmedia&parent=37941"}],"wp:term":[{"taxonomy":"category","embeddable":true,"href":"https:\/\/informante.mx\/index.php?rest_route=%2Fwp%2Fv2%2Fcategories&post=37941"},{"taxonomy":"post_tag","embeddable":true,"href":"https:\/\/informante.mx\/index.php?rest_route=%2Fwp%2Fv2%2Ftags&post=37941"}],"curies":[{"name":"wp","href":"https:\/\/api.w.org\/{rel}","templated":true}]}}