{"id":37551,"date":"2024-07-23T19:03:08","date_gmt":"2024-07-24T01:03:08","guid":{"rendered":"https:\/\/informante.mx\/?p=37551"},"modified":"2024-07-23T19:03:15","modified_gmt":"2024-07-24T01:03:15","slug":"aumento-a-229-la-cifra-de-muertos-por-deslizamientos-de-tierra-en-el-sur-de-etiopia","status":"publish","type":"post","link":"https:\/\/informante.mx\/?p=37551","title":{"rendered":"Aument\u00f3 a 229 la cifra de muertos por deslizamientos de tierra en el sur de Etiop\u00eda"},"content":{"rendered":"\n<h2 class=\"wp-block-heading\">El n\u00famero de v\u00edctimas subi\u00f3 cuando los rescatistas quedaron atrapados por un segundo deslave<\/h2>\n\n\n\n<p><strong>Redacci\u00f3n Informante<\/strong><\/p>\n\n\n\n<p>El n\u00famero de muertos por\u00a0<strong>dos deslizamientos de tierra en el sur de\u00a0Etiop\u00eda<\/strong>\u00a0subi\u00f3 a 229 y podr\u00eda aumentar a medida que la b\u00fasqueda de sobrevivientes y v\u00edctimas contin\u00fae por segundo d\u00eda, dijo el martes un funcionario del gobierno.<\/p>\n\n\n\n<p>Un\u00a0deslizamiento de tierra el domingo por la noche\u00a0enterr\u00f3 a personas en la zona de Gofa, en el estado regional del sur de Etiop\u00eda, luego un segundo sepult\u00f3 a otras personas que se hab\u00edan reunido para ayudar el lunes por la ma\u00f1ana.<\/p>\n\n\n\n<p><strong>\u201cNo s\u00e9 cu\u00e1ndo parar\u00e1. Todav\u00eda estamos recuperando cad\u00e1veres\u201d<\/strong>, dijo a la agencia&nbsp;<em>Reuters&nbsp;<\/em>por tel\u00e9fono Markos Melese, jefe de la Agencia Nacional de Respuesta a Desastres en la zona de Gofa. \u201cTodav\u00eda estamos cavando\u201d.<\/p>\n\n\n\n<p>Se trata del deslizamiento de tierra m\u00e1s mort\u00edfero registrado hasta ahora en Etiop\u00eda, el segundo pa\u00eds m\u00e1s poblado del continente africano con 120 millones de habitantes.<\/p>\n\n\n\n<p>El lunes, un funcionario dijo que al menos 50 personas hab\u00edan muerto y que&nbsp;<strong>entre los muertos hab\u00eda ni\u00f1os y polic\u00edas.<\/strong><\/p>\n\n\n\n<p class=\"has-text-align-center\"><em><strong><sub><img loading=\"lazy\" decoding=\"async\" height=\"1365\" width=\"2048\" srcset=\"https:\/\/www.infobae.com\/new-resizer\/RBAdxn9r6g0wzsHIaAQ97iD1qEc=\/420x280\/filters:format(webp):quality(85)\/cloudfront-us-east-1.images.arcpublishing.com\/infobae\/KZOWJECZYU7ZNXHM4G7JRGVU34.jpg 420w,https:\/\/www.infobae.com\/new-resizer\/BO1Bf65RPb0wQvzNF9eWUlSF9Iw=\/768x512\/filters:format(webp):quality(85)\/cloudfront-us-east-1.images.arcpublishing.com\/infobae\/KZOWJECZYU7ZNXHM4G7JRGVU34.jpg 768w,https:\/\/www.infobae.com\/new-resizer\/iSB1DYuhJRbnI7dm3cZJ63_Bjdo=\/992x661\/filters:format(webp):quality(85)\/cloudfront-us-east-1.images.arcpublishing.com\/infobae\/KZOWJECZYU7ZNXHM4G7JRGVU34.jpg 992w,https:\/\/www.infobae.com\/new-resizer\/_eAxkgN-nQhgGIi5iB8ub1YCC_Y=\/1200x800\/filters:format(webp):quality(85)\/cloudfront-us-east-1.images.arcpublishing.com\/infobae\/KZOWJECZYU7ZNXHM4G7JRGVU34.jpg 1200w,https:\/\/www.infobae.com\/new-resizer\/s5Yrj9NhKh1tv4p2UQpcTOSBNkM=\/1440x960\/filters:format(webp):quality(85)\/cloudfront-us-east-1.images.arcpublishing.com\/infobae\/KZOWJECZYU7ZNXHM4G7JRGVU34.jpg 1440w\" class=\"\" src=\"https:\/\/www.infobae.com\/new-resizer\/RBAdxn9r6g0wzsHIaAQ97iD1qEc=\/420x280\/filters:format(webp):quality(85)\/cloudfront-us-east-1.images.arcpublishing.com\/infobae\/KZOWJECZYU7ZNXHM4G7JRGVU34.jpg%20420w\" alt=\"Un hombre busca sobrevivientes en el lugar donde se produjo un deslave letal el 22 de julio de 2024 (AP)\">Un hombre busca sobrevivientes en el lugar donde se produjo un deslave letal el 22 de julio de 2024 (AP)<\/sub><\/strong><\/em><\/p>\n\n\n\n<p>Las im\u00e1genes compartidas por la administraci\u00f3n local mostraban a personas desenterrando cad\u00e1veres con palas y con las manos desnudas.<\/p>\n\n\n\n<p>\u201cEl n\u00famero de muertos aument\u00f3 despu\u00e9s de que&nbsp;<strong>las personas que vinieron a rescatar tambi\u00e9n quedaron atrapadas\u201d<\/strong>, dijo el administrador del distrito de Gofa, Misikir Mitiku. \u201cEs un incidente muy triste\u201d.<\/p>\n\n\n\n<p>El primer ministro Abiy Ahmed dijo que estaba profundamente entristecido por la terrible p\u00e9rdida de vidas y que se hab\u00edan desplegado funcionarios federales para reducir el impacto del desastre.<\/p>\n\n\n\n<p>\u201cNos solidarizamos firmemente con el pueblo y el gobierno de Etiop\u00eda mientras contin\u00faan los esfuerzos de rescate para encontrar a los&nbsp;<strong>desaparecidos<\/strong>&nbsp;y ayudar a los desplazados\u201d, escribi\u00f3 el presidente de la Uni\u00f3n Africana, Moussa Faki Mahamat, en la plataforma X.<\/p>\n\n\n\n<p class=\"has-text-align-center\"><strong><em><sub><img loading=\"lazy\" decoding=\"async\" height=\"480\" width=\"720\" srcset=\"https:\/\/www.infobae.com\/new-resizer\/yO3yA7PN9gcTjEZ4mQrkyeElYBc=\/420x280\/filters:format(webp):quality(85)\/cloudfront-us-east-1.images.arcpublishing.com\/infobae\/ZDAYCKRABNGIJM5VEYT3RERMEU.jpg 420w,https:\/\/www.infobae.com\/new-resizer\/hBqWD2zEsTMnMM34EDDv3xaAcR8=\/768x512\/filters:format(webp):quality(85)\/cloudfront-us-east-1.images.arcpublishing.com\/infobae\/ZDAYCKRABNGIJM5VEYT3RERMEU.jpg 768w,https:\/\/www.infobae.com\/new-resizer\/F3H6amIt0-12OF2H9zyn2VpH4Cc=\/992x661\/filters:format(webp):quality(85)\/cloudfront-us-east-1.images.arcpublishing.com\/infobae\/ZDAYCKRABNGIJM5VEYT3RERMEU.jpg 992w,https:\/\/www.infobae.com\/new-resizer\/ZlnaZD2F5yWCc1ekiHanGMFakDc=\/1200x800\/filters:format(webp):quality(85)\/cloudfront-us-east-1.images.arcpublishing.com\/infobae\/ZDAYCKRABNGIJM5VEYT3RERMEU.jpg 1200w,https:\/\/www.infobae.com\/new-resizer\/TwU1yFgFzqcmINotHMkSwN0ll6M=\/1440x960\/filters:format(webp):quality(85)\/cloudfront-us-east-1.images.arcpublishing.com\/infobae\/ZDAYCKRABNGIJM5VEYT3RERMEU.jpg 1440w\" class=\"\" src=\"https:\/\/www.infobae.com\/new-resizer\/yO3yA7PN9gcTjEZ4mQrkyeElYBc=\/420x280\/filters:format(webp):quality(85)\/cloudfront-us-east-1.images.arcpublishing.com\/infobae\/ZDAYCKRABNGIJM5VEYT3RERMEU.jpg%20420w\" alt=\"Entre los muertos hay ni\u00f1os y rescatistas (Foto: Reuters)\"><br>Entre los muertos hay ni\u00f1os y rescatistas (Foto: Reuters)<\/sub><\/em><\/strong><\/p>\n\n\n\n<p>El jefe de la Organizaci\u00f3n Mundial de la Salud, Tedros Adhanom Ghebreyesus, de origen et\u00edope, dijo que estaba pensando en todas las familias afectadas y que se hab\u00eda enviado un equipo de la OMS para apoyar las necesidades sanitarias inmediatas.<\/p>\n\n\n\n<p>\u201cMientras la regi\u00f3n contin\u00faa enfrentando los duros impactos del cambio clim\u00e1tico,<strong>&nbsp;instamos a todos a permanecer alerta y seguir protocolos de seguridad para proteger vidas y evitar m\u00e1s tragedias<\/strong>\u201d, dijo Workneh Gebeyehu, secretario ejecutivo de la Autoridad Intergubernamental para el Desarrollo, un bloque regional.<\/p>\n\n\n\n<p>El siniestro ocurri\u00f3 en la \u2018kebele\u2019 (una divisi\u00f3n administrativa) de Kencho, ubicada en el \u2018woreda\u2019 (distrito) de Geze-Gofa, una zona rural, monta\u00f1osa y de dif\u00edcil acceso, a m\u00e1s de 450 kil\u00f3metros y diez horas en coche de Ad\u00eds Abeba, la capital et\u00edope.<\/p>\n\n\n\n<p class=\"has-text-align-center\"><em><strong><sub><img loading=\"lazy\" decoding=\"async\" height=\"540\" width=\"720\" srcset=\"https:\/\/www.infobae.com\/new-resizer\/j9xARDSjaGsZW6ouGQ8lzPiJ4NY=\/420x315\/filters:format(webp):quality(85)\/cloudfront-us-east-1.images.arcpublishing.com\/infobae\/NLTT6BICKREMDJQSQZWZ6ZQQ2Q.jpg 420w,https:\/\/www.infobae.com\/new-resizer\/XOHMouXbT3ZP1nzyCwqWZpzLwGw=\/768x576\/filters:format(webp):quality(85)\/cloudfront-us-east-1.images.arcpublishing.com\/infobae\/NLTT6BICKREMDJQSQZWZ6ZQQ2Q.jpg 768w,https:\/\/www.infobae.com\/new-resizer\/rNctwOFlDcewVd28-R0cd4YPDbU=\/992x744\/filters:format(webp):quality(85)\/cloudfront-us-east-1.images.arcpublishing.com\/infobae\/NLTT6BICKREMDJQSQZWZ6ZQQ2Q.jpg 992w,https:\/\/www.infobae.com\/new-resizer\/JtiF-IHLq1X-qPTniYEEMUlarWw=\/1200x900\/filters:format(webp):quality(85)\/cloudfront-us-east-1.images.arcpublishing.com\/infobae\/NLTT6BICKREMDJQSQZWZ6ZQQ2Q.jpg 1200w,https:\/\/www.infobae.com\/new-resizer\/3Y0iwTbsPdqV89g7ybO-PcPzzHo=\/1440x1080\/filters:format(webp):quality(85)\/cloudfront-us-east-1.images.arcpublishing.com\/infobae\/NLTT6BICKREMDJQSQZWZ6ZQQ2Q.jpg 1440w\" class=\"\" src=\"https:\/\/www.infobae.com\/new-resizer\/j9xARDSjaGsZW6ouGQ8lzPiJ4NY=\/420x315\/filters:format(webp):quality(85)\/cloudfront-us-east-1.images.arcpublishing.com\/infobae\/NLTT6BICKREMDJQSQZWZ6ZQQ2Q.jpg%20420w\" alt=\"Las autoridades se\u00f1alaron que a\u00fan est\u00e1n en la b\u00fasqueda de supervivientes (Foto: Facebook)\"><br>Las autoridades se\u00f1alaron que a\u00fan est\u00e1n en la b\u00fasqueda de supervivientes (Foto: Facebook)<\/sub><\/strong><\/em><\/p>\n\n\n\n<p>Un et\u00edope que vive en Nairobi originario de la regi\u00f3n describi\u00f3 el \u00e1rea de la tragedia como rural, aislada y monta\u00f1osa y explic\u00f3 a la agencia de noticias<em>&nbsp;AFP<\/em>&nbsp;que&nbsp;<strong>como el suelo no es firme \u201ccuando llueve mucho, se hunde y se cae inmediatamente\u201d.<\/strong><\/p>\n\n\n\n<p>Esta regi\u00f3n del sur de Etiop\u00eda es una de las que se han visto m\u00e1s afectadas por las<strong>&nbsp;inundaciones de abril y mayo,&nbsp;<\/strong>durante la temporada de lluvias corta, seg\u00fan la Oficina de Coordinaci\u00f3n de Asuntos Humanitarios (OCHA) de la ONU.<\/p>\n\n\n\n<p>Seg\u00fan la agencia, en mayo las inundaciones afectaron a m\u00e1s de 19.000 personas en varias zonas y obligaron a otras 1.000 a desplazarse.<\/p>\n\n\n\n<p>El deslizamiento de tierra m\u00e1s mort\u00edfero de \u00c1frica ocurri\u00f3 el 14 de agosto de 2017 en Freetown, la capital de Sierra Leona, y dej\u00f3 1.141 muertos.<\/p>\n\n\n\n<hr class=\"wp-block-separator has-alpha-channel-opacity\"\/>\n\n\n\n<p class=\"has-text-align-center\" style=\"font-size:17px\"><strong><i>Toda la informaci\u00f3n que necesitas saber la encuentras en nuestras <\/i><strong style=\"\"><em style=\"font-style: italic;\">redes sociales y canal de <\/em><\/strong><\/strong><a href=\"https:\/\/t.me\/informantemx\" target=\"_blank\" rel=\"noreferrer noopener\"><strong><em>Telegram<\/em><\/strong><\/a>. <\/p>\n\n\n\n<p class=\"has-text-align-center\" style=\"font-size:17px\"><strong><em>!\u00danete!<\/em><\/strong><\/p>\n\n\n\n<div class=\"wp-block-uagb-image aligncenter uagb-block-3acd28e8 wp-block-uagb-image--layout-default wp-block-uagb-image--effect-zoomin wp-block-uagb-image--align-center\"><figure class=\"wp-block-uagb-image__figure\"><a class=\"\" href=\"https:\/\/t.me\/informantemx\" target=\"\" rel=\"noopener\"><img decoding=\"async\" srcset=\"https:\/\/informante.mx\/wp-content\/uploads\/2023\/08\/Banner-Telegram-Verde-800x60-1.png ,https:\/\/informante.mx\/wp-content\/uploads\/2023\/08\/Banner-Telegram-Verde-800x60-1.png 780w, https:\/\/informante.mx\/wp-content\/uploads\/2023\/08\/Banner-Telegram-Verde-800x60-1.png 360w\" sizes=\"auto, (max-width: 480px) 150px\" src=\"https:\/\/informante.mx\/wp-content\/uploads\/2023\/08\/Banner-Telegram-Verde-800x60-1.png\" alt=\"\" class=\"uag-image-23275\" width=\"800\" height=\"60\" title=\"\" loading=\"lazy\" role=\"img\"\/><\/a><\/figure><\/div>\n\n\n\n<div class=\"wp-block-uagb-image aligncenter uagb-block-45ea2b31 wp-block-uagb-image--layout-default wp-block-uagb-image--effect-zoomin wp-block-uagb-image--align-center\"><figure class=\"wp-block-uagb-image__figure\"><a class=\"\" href=\"https:\/\/www.facebook.com\/MX.Informante\" target=\"\" rel=\"noopener\"><img decoding=\"async\" srcset=\"https:\/\/informante.mx\/wp-content\/uploads\/2023\/08\/Banner-Facebook-Verde-800x60-1.png ,https:\/\/informante.mx\/wp-content\/uploads\/2023\/08\/Banner-Facebook-Verde-800x60-1.png 780w, https:\/\/informante.mx\/wp-content\/uploads\/2023\/08\/Banner-Facebook-Verde-800x60-1.png 360w\" sizes=\"auto, (max-width: 480px) 150px\" src=\"https:\/\/informante.mx\/wp-content\/uploads\/2023\/08\/Banner-Facebook-Verde-800x60-1.png\" alt=\"\" class=\"uag-image-23274\" width=\"800\" height=\"60\" title=\"\" loading=\"lazy\" role=\"img\"\/><\/a><\/figure><\/div>\n\n\n\n<div class=\"wp-block-uagb-image aligncenter uagb-block-2ce4c51b wp-block-uagb-image--layout-default wp-block-uagb-image--effect-zoomin wp-block-uagb-image--align-center\"><figure class=\"wp-block-uagb-image__figure\"><a class=\"\" href=\"https:\/\/twitter.com\/mx_informante\" target=\"\" rel=\"noopener\"><img decoding=\"async\" srcset=\"https:\/\/informante.mx\/wp-content\/uploads\/2023\/08\/Banner-Twitter-Verde-800x60-1.png ,https:\/\/informante.mx\/wp-content\/uploads\/2023\/08\/Banner-Twitter-Verde-800x60-1.png 780w, https:\/\/informante.mx\/wp-content\/uploads\/2023\/08\/Banner-Twitter-Verde-800x60-1.png 360w\" sizes=\"auto, (max-width: 480px) 150px\" src=\"https:\/\/informante.mx\/wp-content\/uploads\/2023\/08\/Banner-Twitter-Verde-800x60-1.png\" alt=\"\" class=\"uag-image-23273\" width=\"800\" height=\"60\" title=\"\" loading=\"lazy\" role=\"img\"\/><\/a><\/figure><\/div>\n\n\n\n<div style=\"height:50px\" aria-hidden=\"true\" class=\"wp-block-spacer\"><\/div>\n","protected":false},"excerpt":{"rendered":"<p>El n\u00famero de v\u00edctimas subi\u00f3 cuando los rescatistas quedaron atrapados por un segundo deslave<\/p>\n","protected":false},"author":1,"featured_media":0,"comment_status":"open","ping_status":"closed","sticky":false,"template":"","format":"standard","meta":{"_uag_custom_page_level_css":"","jetpack_post_was_ever_published":false,"footnotes":""},"categories":[12],"tags":[40],"class_list":["post-37551","post","type-post","status-publish","format-standard","hentry","category-mundo","tag-mundo"],"yoast_head":"<!-- This site is optimized with the Yoast SEO plugin v27.3 - https:\/\/yoast.com\/product\/yoast-seo-wordpress\/ -->\n<title>Aument\u00f3 a 229 la cifra de muertos por deslizamientos de tierra en el sur de Etiop\u00eda - Informante.mx<\/title>\n<meta name=\"robots\" content=\"index, follow, max-snippet:-1, max-image-preview:large, max-video-preview:-1\" \/>\n<link rel=\"canonical\" href=\"https:\/\/informante.mx\/?p=37551\" \/>\n<meta property=\"og:locale\" content=\"es_ES\" \/>\n<meta property=\"og:type\" content=\"article\" \/>\n<meta property=\"og:title\" content=\"Aument\u00f3 a 229 la cifra de muertos por deslizamientos de tierra en el sur de Etiop\u00eda - Informante.mx\" \/>\n<meta property=\"og:description\" content=\"El n\u00famero de v\u00edctimas subi\u00f3 cuando los rescatistas quedaron atrapados por un segundo deslave\" \/>\n<meta property=\"og:url\" content=\"https:\/\/informante.mx\/?p=37551\" \/>\n<meta property=\"og:site_name\" content=\"Informante.mx\" \/>\n<meta property=\"article:publisher\" content=\"https:\/\/www.facebook.com\/MX.Informante\" \/>\n<meta property=\"article:published_time\" content=\"2024-07-24T01:03:08+00:00\" \/>\n<meta property=\"article:modified_time\" content=\"2024-07-24T01:03:15+00:00\" \/>\n<meta property=\"og:image\" content=\"https:\/\/informante.mx\/wp-content\/uploads\/2024\/07\/Etiopia.jpg\" \/>\n\t<meta property=\"og:image:width\" content=\"897\" \/>\n\t<meta property=\"og:image:height\" content=\"580\" \/>\n\t<meta property=\"og:image:type\" content=\"image\/jpeg\" \/>\n<meta name=\"author\" content=\"InformanteMX\" \/>\n<meta name=\"twitter:card\" content=\"summary_large_image\" \/>\n<meta name=\"twitter:creator\" content=\"@mx_informante\" \/>\n<meta name=\"twitter:site\" content=\"@mx_informante\" \/>\n<meta name=\"twitter:label1\" content=\"Escrito por\" \/>\n\t<meta name=\"twitter:data1\" content=\"InformanteMX\" \/>\n\t<meta name=\"twitter:label2\" content=\"Tiempo de lectura\" \/>\n\t<meta name=\"twitter:data2\" content=\"3 minutos\" \/>\n<script type=\"application\/ld+json\" class=\"yoast-schema-graph\">{\"@context\":\"https:\\\/\\\/schema.org\",\"@graph\":[{\"@type\":\"NewsArticle\",\"@id\":\"https:\\\/\\\/informante.mx\\\/?p=37551#article\",\"isPartOf\":{\"@id\":\"https:\\\/\\\/informante.mx\\\/?p=37551\"},\"author\":{\"name\":\"InformanteMX\",\"@id\":\"https:\\\/\\\/informante.mx\\\/#\\\/schema\\\/person\\\/3eff91989d2ea76b0a330b416325946c\"},\"headline\":\"Aument\u00f3 a 229 la cifra de muertos por deslizamientos de tierra en el sur de Etiop\u00eda\",\"datePublished\":\"2024-07-24T01:03:08+00:00\",\"dateModified\":\"2024-07-24T01:03:15+00:00\",\"mainEntityOfPage\":{\"@id\":\"https:\\\/\\\/informante.mx\\\/?p=37551\"},\"wordCount\":686,\"commentCount\":0,\"publisher\":{\"@id\":\"https:\\\/\\\/informante.mx\\\/#organization\"},\"image\":{\"@id\":\"https:\\\/\\\/informante.mx\\\/?p=37551#primaryimage\"},\"thumbnailUrl\":\"https:\\\/\\\/www.infobae.com\\\/new-resizer\\\/RBAdxn9r6g0wzsHIaAQ97iD1qEc=\\\/420x280\\\/filters:format(webp):quality(85)\\\/cloudfront-us-east-1.images.arcpublishing.com\\\/infobae\\\/KZOWJECZYU7ZNXHM4G7JRGVU34.jpg%20420w\",\"keywords\":[\"Mundo\"],\"articleSection\":[\"Mundo\"],\"inLanguage\":\"es\",\"potentialAction\":[{\"@type\":\"CommentAction\",\"name\":\"Comment\",\"target\":[\"https:\\\/\\\/informante.mx\\\/?p=37551#respond\"]}]},{\"@type\":\"WebPage\",\"@id\":\"https:\\\/\\\/informante.mx\\\/?p=37551\",\"url\":\"https:\\\/\\\/informante.mx\\\/?p=37551\",\"name\":\"Aument\u00f3 a 229 la cifra de muertos por deslizamientos de tierra en el sur de Etiop\u00eda - Informante.mx\",\"isPartOf\":{\"@id\":\"https:\\\/\\\/informante.mx\\\/#website\"},\"primaryImageOfPage\":{\"@id\":\"https:\\\/\\\/informante.mx\\\/?p=37551#primaryimage\"},\"image\":{\"@id\":\"https:\\\/\\\/informante.mx\\\/?p=37551#primaryimage\"},\"thumbnailUrl\":\"https:\\\/\\\/www.infobae.com\\\/new-resizer\\\/RBAdxn9r6g0wzsHIaAQ97iD1qEc=\\\/420x280\\\/filters:format(webp):quality(85)\\\/cloudfront-us-east-1.images.arcpublishing.com\\\/infobae\\\/KZOWJECZYU7ZNXHM4G7JRGVU34.jpg%20420w\",\"datePublished\":\"2024-07-24T01:03:08+00:00\",\"dateModified\":\"2024-07-24T01:03:15+00:00\",\"breadcrumb\":{\"@id\":\"https:\\\/\\\/informante.mx\\\/?p=37551#breadcrumb\"},\"inLanguage\":\"es\",\"potentialAction\":[{\"@type\":\"ReadAction\",\"target\":[\"https:\\\/\\\/informante.mx\\\/?p=37551\"]}]},{\"@type\":\"ImageObject\",\"inLanguage\":\"es\",\"@id\":\"https:\\\/\\\/informante.mx\\\/?p=37551#primaryimage\",\"url\":\"https:\\\/\\\/www.infobae.com\\\/new-resizer\\\/RBAdxn9r6g0wzsHIaAQ97iD1qEc=\\\/420x280\\\/filters:format(webp):quality(85)\\\/cloudfront-us-east-1.images.arcpublishing.com\\\/infobae\\\/KZOWJECZYU7ZNXHM4G7JRGVU34.jpg%20420w\",\"contentUrl\":\"https:\\\/\\\/www.infobae.com\\\/new-resizer\\\/RBAdxn9r6g0wzsHIaAQ97iD1qEc=\\\/420x280\\\/filters:format(webp):quality(85)\\\/cloudfront-us-east-1.images.arcpublishing.com\\\/infobae\\\/KZOWJECZYU7ZNXHM4G7JRGVU34.jpg%20420w\"},{\"@type\":\"BreadcrumbList\",\"@id\":\"https:\\\/\\\/informante.mx\\\/?p=37551#breadcrumb\",\"itemListElement\":[{\"@type\":\"ListItem\",\"position\":1,\"name\":\"Portada\",\"item\":\"https:\\\/\\\/informante.mx\\\/\"},{\"@type\":\"ListItem\",\"position\":2,\"name\":\"Aument\u00f3 a 229 la cifra de muertos por deslizamientos de tierra en el sur de Etiop\u00eda\"}]},{\"@type\":\"WebSite\",\"@id\":\"https:\\\/\\\/informante.mx\\\/#website\",\"url\":\"https:\\\/\\\/informante.mx\\\/\",\"name\":\"Informante.mx\",\"description\":\"\",\"publisher\":{\"@id\":\"https:\\\/\\\/informante.mx\\\/#organization\"},\"potentialAction\":[{\"@type\":\"SearchAction\",\"target\":{\"@type\":\"EntryPoint\",\"urlTemplate\":\"https:\\\/\\\/informante.mx\\\/?s={search_term_string}\"},\"query-input\":{\"@type\":\"PropertyValueSpecification\",\"valueRequired\":true,\"valueName\":\"search_term_string\"}}],\"inLanguage\":\"es\"},{\"@type\":\"Organization\",\"@id\":\"https:\\\/\\\/informante.mx\\\/#organization\",\"name\":\"Informante.mx\",\"url\":\"https:\\\/\\\/informante.mx\\\/\",\"logo\":{\"@type\":\"ImageObject\",\"inLanguage\":\"es\",\"@id\":\"https:\\\/\\\/informante.mx\\\/#\\\/schema\\\/logo\\\/image\\\/\",\"url\":\"https:\\\/\\\/informante.mx\\\/wp-content\\\/uploads\\\/2019\\\/12\\\/cropped-LOGO-Verde-Apaisado-1024x360O-1.png\",\"contentUrl\":\"https:\\\/\\\/informante.mx\\\/wp-content\\\/uploads\\\/2019\\\/12\\\/cropped-LOGO-Verde-Apaisado-1024x360O-1.png\",\"width\":923,\"height\":180,\"caption\":\"Informante.mx\"},\"image\":{\"@id\":\"https:\\\/\\\/informante.mx\\\/#\\\/schema\\\/logo\\\/image\\\/\"},\"sameAs\":[\"https:\\\/\\\/www.facebook.com\\\/MX.Informante\",\"https:\\\/\\\/x.com\\\/mx_informante\"]},{\"@type\":\"Person\",\"@id\":\"https:\\\/\\\/informante.mx\\\/#\\\/schema\\\/person\\\/3eff91989d2ea76b0a330b416325946c\",\"name\":\"InformanteMX\",\"image\":{\"@type\":\"ImageObject\",\"inLanguage\":\"es\",\"@id\":\"https:\\\/\\\/secure.gravatar.com\\\/avatar\\\/10d802aa739e832aedd2f3fd8544d878871eb22e6ca86fe9a548573e34a28f0e?s=96&d=mm&r=g\",\"url\":\"https:\\\/\\\/secure.gravatar.com\\\/avatar\\\/10d802aa739e832aedd2f3fd8544d878871eb22e6ca86fe9a548573e34a28f0e?s=96&d=mm&r=g\",\"contentUrl\":\"https:\\\/\\\/secure.gravatar.com\\\/avatar\\\/10d802aa739e832aedd2f3fd8544d878871eb22e6ca86fe9a548573e34a28f0e?s=96&d=mm&r=g\",\"caption\":\"InformanteMX\"},\"url\":\"https:\\\/\\\/informante.mx\\\/?author=1\"}]}<\/script>\n<!-- \/ Yoast SEO plugin. -->","yoast_head_json":{"title":"Aument\u00f3 a 229 la cifra de muertos por deslizamientos de tierra en el sur de Etiop\u00eda - Informante.mx","robots":{"index":"index","follow":"follow","max-snippet":"max-snippet:-1","max-image-preview":"max-image-preview:large","max-video-preview":"max-video-preview:-1"},"canonical":"https:\/\/informante.mx\/?p=37551","og_locale":"es_ES","og_type":"article","og_title":"Aument\u00f3 a 229 la cifra de muertos por deslizamientos de tierra en el sur de Etiop\u00eda - Informante.mx","og_description":"El n\u00famero de v\u00edctimas subi\u00f3 cuando los rescatistas quedaron atrapados por un segundo deslave","og_url":"https:\/\/informante.mx\/?p=37551","og_site_name":"Informante.mx","article_publisher":"https:\/\/www.facebook.com\/MX.Informante","article_published_time":"2024-07-24T01:03:08+00:00","article_modified_time":"2024-07-24T01:03:15+00:00","og_image":[{"width":897,"height":580,"url":"https:\/\/informante.mx\/wp-content\/uploads\/2024\/07\/Etiopia.jpg","type":"image\/jpeg"}],"author":"InformanteMX","twitter_card":"summary_large_image","twitter_creator":"@mx_informante","twitter_site":"@mx_informante","twitter_misc":{"Escrito por":"InformanteMX","Tiempo de lectura":"3 minutos"},"schema":{"@context":"https:\/\/schema.org","@graph":[{"@type":"NewsArticle","@id":"https:\/\/informante.mx\/?p=37551#article","isPartOf":{"@id":"https:\/\/informante.mx\/?p=37551"},"author":{"name":"InformanteMX","@id":"https:\/\/informante.mx\/#\/schema\/person\/3eff91989d2ea76b0a330b416325946c"},"headline":"Aument\u00f3 a 229 la cifra de muertos por deslizamientos de tierra en el sur de Etiop\u00eda","datePublished":"2024-07-24T01:03:08+00:00","dateModified":"2024-07-24T01:03:15+00:00","mainEntityOfPage":{"@id":"https:\/\/informante.mx\/?p=37551"},"wordCount":686,"commentCount":0,"publisher":{"@id":"https:\/\/informante.mx\/#organization"},"image":{"@id":"https:\/\/informante.mx\/?p=37551#primaryimage"},"thumbnailUrl":"https:\/\/www.infobae.com\/new-resizer\/RBAdxn9r6g0wzsHIaAQ97iD1qEc=\/420x280\/filters:format(webp):quality(85)\/cloudfront-us-east-1.images.arcpublishing.com\/infobae\/KZOWJECZYU7ZNXHM4G7JRGVU34.jpg%20420w","keywords":["Mundo"],"articleSection":["Mundo"],"inLanguage":"es","potentialAction":[{"@type":"CommentAction","name":"Comment","target":["https:\/\/informante.mx\/?p=37551#respond"]}]},{"@type":"WebPage","@id":"https:\/\/informante.mx\/?p=37551","url":"https:\/\/informante.mx\/?p=37551","name":"Aument\u00f3 a 229 la cifra de muertos por deslizamientos de tierra en el sur de Etiop\u00eda - Informante.mx","isPartOf":{"@id":"https:\/\/informante.mx\/#website"},"primaryImageOfPage":{"@id":"https:\/\/informante.mx\/?p=37551#primaryimage"},"image":{"@id":"https:\/\/informante.mx\/?p=37551#primaryimage"},"thumbnailUrl":"https:\/\/www.infobae.com\/new-resizer\/RBAdxn9r6g0wzsHIaAQ97iD1qEc=\/420x280\/filters:format(webp):quality(85)\/cloudfront-us-east-1.images.arcpublishing.com\/infobae\/KZOWJECZYU7ZNXHM4G7JRGVU34.jpg%20420w","datePublished":"2024-07-24T01:03:08+00:00","dateModified":"2024-07-24T01:03:15+00:00","breadcrumb":{"@id":"https:\/\/informante.mx\/?p=37551#breadcrumb"},"inLanguage":"es","potentialAction":[{"@type":"ReadAction","target":["https:\/\/informante.mx\/?p=37551"]}]},{"@type":"ImageObject","inLanguage":"es","@id":"https:\/\/informante.mx\/?p=37551#primaryimage","url":"https:\/\/www.infobae.com\/new-resizer\/RBAdxn9r6g0wzsHIaAQ97iD1qEc=\/420x280\/filters:format(webp):quality(85)\/cloudfront-us-east-1.images.arcpublishing.com\/infobae\/KZOWJECZYU7ZNXHM4G7JRGVU34.jpg%20420w","contentUrl":"https:\/\/www.infobae.com\/new-resizer\/RBAdxn9r6g0wzsHIaAQ97iD1qEc=\/420x280\/filters:format(webp):quality(85)\/cloudfront-us-east-1.images.arcpublishing.com\/infobae\/KZOWJECZYU7ZNXHM4G7JRGVU34.jpg%20420w"},{"@type":"BreadcrumbList","@id":"https:\/\/informante.mx\/?p=37551#breadcrumb","itemListElement":[{"@type":"ListItem","position":1,"name":"Portada","item":"https:\/\/informante.mx\/"},{"@type":"ListItem","position":2,"name":"Aument\u00f3 a 229 la cifra de muertos por deslizamientos de tierra en el sur de Etiop\u00eda"}]},{"@type":"WebSite","@id":"https:\/\/informante.mx\/#website","url":"https:\/\/informante.mx\/","name":"Informante.mx","description":"","publisher":{"@id":"https:\/\/informante.mx\/#organization"},"potentialAction":[{"@type":"SearchAction","target":{"@type":"EntryPoint","urlTemplate":"https:\/\/informante.mx\/?s={search_term_string}"},"query-input":{"@type":"PropertyValueSpecification","valueRequired":true,"valueName":"search_term_string"}}],"inLanguage":"es"},{"@type":"Organization","@id":"https:\/\/informante.mx\/#organization","name":"Informante.mx","url":"https:\/\/informante.mx\/","logo":{"@type":"ImageObject","inLanguage":"es","@id":"https:\/\/informante.mx\/#\/schema\/logo\/image\/","url":"https:\/\/informante.mx\/wp-content\/uploads\/2019\/12\/cropped-LOGO-Verde-Apaisado-1024x360O-1.png","contentUrl":"https:\/\/informante.mx\/wp-content\/uploads\/2019\/12\/cropped-LOGO-Verde-Apaisado-1024x360O-1.png","width":923,"height":180,"caption":"Informante.mx"},"image":{"@id":"https:\/\/informante.mx\/#\/schema\/logo\/image\/"},"sameAs":["https:\/\/www.facebook.com\/MX.Informante","https:\/\/x.com\/mx_informante"]},{"@type":"Person","@id":"https:\/\/informante.mx\/#\/schema\/person\/3eff91989d2ea76b0a330b416325946c","name":"InformanteMX","image":{"@type":"ImageObject","inLanguage":"es","@id":"https:\/\/secure.gravatar.com\/avatar\/10d802aa739e832aedd2f3fd8544d878871eb22e6ca86fe9a548573e34a28f0e?s=96&d=mm&r=g","url":"https:\/\/secure.gravatar.com\/avatar\/10d802aa739e832aedd2f3fd8544d878871eb22e6ca86fe9a548573e34a28f0e?s=96&d=mm&r=g","contentUrl":"https:\/\/secure.gravatar.com\/avatar\/10d802aa739e832aedd2f3fd8544d878871eb22e6ca86fe9a548573e34a28f0e?s=96&d=mm&r=g","caption":"InformanteMX"},"url":"https:\/\/informante.mx\/?author=1"}]}},"jetpack_featured_media_url":"","uagb_featured_image_src":{"full":false,"thumbnail":false,"medium":false,"medium_large":false,"large":false,"1536x1536":false,"2048x2048":false,"td_0x420":false,"td_0x420_retina":false,"td_80x60":false,"td_80x60_retina":false,"td_100x75":false,"td_100x75_retina":false,"td_180x135":false,"td_180x135_retina":false,"td_238x178":false,"td_238x178_retina":false,"td_265x198":false,"td_265x198_retina":false,"td_300x160":false,"td_300x160_retina":false,"td_300x194":false,"td_300x194_retina":false,"td_300x350":false,"td_300x350_retina":false,"td_341x220":false,"td_341x220_retina":false,"td_341x400":false,"td_341x400_retina":false,"td_511x400":false,"td_511x400_retina":false,"td_537x360":false,"td_537x360_retina":false,"td_640x0":false,"td_640x0_retina":false,"td_640x350":false,"td_640x350_retina":false,"td_681x0":false,"td_681x0_retina":false,"td_681x400":false,"td_681x400_retina":false,"td_741x486":false,"td_741x486_retina":false,"td_1021x580":false,"td_1021x580_retina":false},"uagb_author_info":{"display_name":"InformanteMX","author_link":"https:\/\/informante.mx\/?author=1"},"uagb_comment_info":0,"uagb_excerpt":"El n\u00famero de v\u00edctimas subi\u00f3 cuando los rescatistas quedaron atrapados por un segundo deslave","_links":{"self":[{"href":"https:\/\/informante.mx\/index.php?rest_route=\/wp\/v2\/posts\/37551","targetHints":{"allow":["GET"]}}],"collection":[{"href":"https:\/\/informante.mx\/index.php?rest_route=\/wp\/v2\/posts"}],"about":[{"href":"https:\/\/informante.mx\/index.php?rest_route=\/wp\/v2\/types\/post"}],"author":[{"embeddable":true,"href":"https:\/\/informante.mx\/index.php?rest_route=\/wp\/v2\/users\/1"}],"replies":[{"embeddable":true,"href":"https:\/\/informante.mx\/index.php?rest_route=%2Fwp%2Fv2%2Fcomments&post=37551"}],"version-history":[{"count":1,"href":"https:\/\/informante.mx\/index.php?rest_route=\/wp\/v2\/posts\/37551\/revisions"}],"predecessor-version":[{"id":37553,"href":"https:\/\/informante.mx\/index.php?rest_route=\/wp\/v2\/posts\/37551\/revisions\/37553"}],"wp:attachment":[{"href":"https:\/\/informante.mx\/index.php?rest_route=%2Fwp%2Fv2%2Fmedia&parent=37551"}],"wp:term":[{"taxonomy":"category","embeddable":true,"href":"https:\/\/informante.mx\/index.php?rest_route=%2Fwp%2Fv2%2Fcategories&post=37551"},{"taxonomy":"post_tag","embeddable":true,"href":"https:\/\/informante.mx\/index.php?rest_route=%2Fwp%2Fv2%2Ftags&post=37551"}],"curies":[{"name":"wp","href":"https:\/\/api.w.org\/{rel}","templated":true}]}}