{"id":36650,"date":"2024-07-03T13:10:24","date_gmt":"2024-07-03T19:10:24","guid":{"rendered":"https:\/\/informante.mx\/?p=36650"},"modified":"2024-07-03T13:10:28","modified_gmt":"2024-07-03T19:10:28","slug":"localizan-al-cuarto-policia-desaparecido-en-tepetlan","status":"publish","type":"post","link":"https:\/\/informante.mx\/?p=36650","title":{"rendered":"Localizan al cuarto polic\u00eda desaparecido en Tepetl\u00e1n\u00a0"},"content":{"rendered":"\n<p>Xalapa, Ver.- El cuerpo del cuarto polic\u00eda desaparecido en Teplet\u00e1n durante el fin de semana ya fue encontrado. Se trata de Isidoro Solano, quien se desempe\u00f1aba como director de la Polic\u00eda Municipal en dicho municipio.&nbsp;<\/p>\n\n\n\n<p>Apenas ayer martes 2 de julio se inform\u00f3 sobre el hallazgo de tres polic\u00edas municipales que fueron reportados como desaparecidos luego de que fueron a ayudar en comunidades afectadas por las lluvias que dej\u00f3 la tormenta tropical Chris.&nbsp;<\/p>\n\n\n\n<p>De acuerdo al reporte, los polic\u00edas hab\u00edan perdido la vida luego del desbordamiento de un r\u00edo de su municipio.&nbsp;<\/p>\n\n\n\n<p>Con esto concluir\u00eda la b\u00fasqueda de los cuatro elementos que lamentablemente perdieron la vida en el cumplimiento de su deber.<\/p>\n","protected":false},"excerpt":{"rendered":"<p>Xalapa, Ver.- El cuerpo del cuarto polic\u00eda desaparecido en Teplet\u00e1n durante el fin de semana ya fue encontrado. Se trata de Isidoro Solano, quien se desempe\u00f1aba como director de la Polic\u00eda Municipal en dicho municipio.&nbsp; Apenas ayer martes 2 de julio se inform\u00f3 sobre el hallazgo de tres polic\u00edas municipales que fueron reportados como desaparecidos [&hellip;]<\/p>\n","protected":false},"author":1,"featured_media":0,"comment_status":"open","ping_status":"closed","sticky":false,"template":"","format":"standard","meta":{"_uag_custom_page_level_css":"","jetpack_post_was_ever_published":false,"footnotes":""},"categories":[4],"tags":[33],"class_list":["post-36650","post","type-post","status-publish","format-standard","hentry","category-estatal","tag-veracruz"],"yoast_head":"<!-- This site is optimized with the Yoast SEO plugin v27.3 - https:\/\/yoast.com\/product\/yoast-seo-wordpress\/ -->\n<title>Localizan al cuarto polic\u00eda desaparecido en Tepetl\u00e1n\u00a0 - Informante.mx<\/title>\n<meta name=\"robots\" content=\"index, follow, max-snippet:-1, max-image-preview:large, max-video-preview:-1\" \/>\n<link rel=\"canonical\" href=\"https:\/\/informante.mx\/?p=36650\" \/>\n<meta property=\"og:locale\" content=\"es_ES\" \/>\n<meta property=\"og:type\" content=\"article\" \/>\n<meta property=\"og:title\" content=\"Localizan al cuarto polic\u00eda desaparecido en Tepetl\u00e1n\u00a0 - Informante.mx\" \/>\n<meta property=\"og:description\" content=\"Xalapa, Ver.- El cuerpo del cuarto polic\u00eda desaparecido en Teplet\u00e1n durante el fin de semana ya fue encontrado. Se trata de Isidoro Solano, quien se desempe\u00f1aba como director de la Polic\u00eda Municipal en dicho municipio.&nbsp; Apenas ayer martes 2 de julio se inform\u00f3 sobre el hallazgo de tres polic\u00edas municipales que fueron reportados como desaparecidos [&hellip;]\" \/>\n<meta property=\"og:url\" content=\"https:\/\/informante.mx\/?p=36650\" \/>\n<meta property=\"og:site_name\" content=\"Informante.mx\" \/>\n<meta property=\"article:publisher\" content=\"https:\/\/www.facebook.com\/MX.Informante\" \/>\n<meta property=\"article:published_time\" content=\"2024-07-03T19:10:24+00:00\" \/>\n<meta property=\"article:modified_time\" content=\"2024-07-03T19:10:28+00:00\" \/>\n<meta property=\"og:image\" content=\"https:\/\/informante.mx\/wp-content\/uploads\/2024\/07\/WhatsApp-Image-2024-07-03-at-11.55.55-AM.jpeg\" \/>\n\t<meta property=\"og:image:width\" content=\"1600\" \/>\n\t<meta property=\"og:image:height\" content=\"1103\" \/>\n\t<meta property=\"og:image:type\" content=\"image\/jpeg\" \/>\n<meta name=\"author\" content=\"InformanteMX\" \/>\n<meta name=\"twitter:card\" content=\"summary_large_image\" \/>\n<meta name=\"twitter:creator\" content=\"@mx_informante\" \/>\n<meta name=\"twitter:site\" content=\"@mx_informante\" \/>\n<meta name=\"twitter:label1\" content=\"Escrito por\" \/>\n\t<meta name=\"twitter:data1\" content=\"InformanteMX\" \/>\n\t<meta name=\"twitter:label2\" content=\"Tiempo de lectura\" \/>\n\t<meta name=\"twitter:data2\" content=\"1 minuto\" \/>\n<script type=\"application\/ld+json\" class=\"yoast-schema-graph\">{\"@context\":\"https:\\\/\\\/schema.org\",\"@graph\":[{\"@type\":\"NewsArticle\",\"@id\":\"https:\\\/\\\/informante.mx\\\/?p=36650#article\",\"isPartOf\":{\"@id\":\"https:\\\/\\\/informante.mx\\\/?p=36650\"},\"author\":{\"name\":\"InformanteMX\",\"@id\":\"https:\\\/\\\/informante.mx\\\/#\\\/schema\\\/person\\\/3eff91989d2ea76b0a330b416325946c\"},\"headline\":\"Localizan al cuarto polic\u00eda desaparecido en Tepetl\u00e1n\u00a0\",\"datePublished\":\"2024-07-03T19:10:24+00:00\",\"dateModified\":\"2024-07-03T19:10:28+00:00\",\"mainEntityOfPage\":{\"@id\":\"https:\\\/\\\/informante.mx\\\/?p=36650\"},\"wordCount\":134,\"commentCount\":0,\"publisher\":{\"@id\":\"https:\\\/\\\/informante.mx\\\/#organization\"},\"keywords\":[\"Veracruz\"],\"articleSection\":[\"Estatal\"],\"inLanguage\":\"es\",\"potentialAction\":[{\"@type\":\"CommentAction\",\"name\":\"Comment\",\"target\":[\"https:\\\/\\\/informante.mx\\\/?p=36650#respond\"]}]},{\"@type\":\"WebPage\",\"@id\":\"https:\\\/\\\/informante.mx\\\/?p=36650\",\"url\":\"https:\\\/\\\/informante.mx\\\/?p=36650\",\"name\":\"Localizan al cuarto polic\u00eda desaparecido en Tepetl\u00e1n\u00a0 - Informante.mx\",\"isPartOf\":{\"@id\":\"https:\\\/\\\/informante.mx\\\/#website\"},\"datePublished\":\"2024-07-03T19:10:24+00:00\",\"dateModified\":\"2024-07-03T19:10:28+00:00\",\"breadcrumb\":{\"@id\":\"https:\\\/\\\/informante.mx\\\/?p=36650#breadcrumb\"},\"inLanguage\":\"es\",\"potentialAction\":[{\"@type\":\"ReadAction\",\"target\":[\"https:\\\/\\\/informante.mx\\\/?p=36650\"]}]},{\"@type\":\"BreadcrumbList\",\"@id\":\"https:\\\/\\\/informante.mx\\\/?p=36650#breadcrumb\",\"itemListElement\":[{\"@type\":\"ListItem\",\"position\":1,\"name\":\"Portada\",\"item\":\"https:\\\/\\\/informante.mx\\\/\"},{\"@type\":\"ListItem\",\"position\":2,\"name\":\"Localizan al cuarto polic\u00eda desaparecido en Tepetl\u00e1n\u00a0\"}]},{\"@type\":\"WebSite\",\"@id\":\"https:\\\/\\\/informante.mx\\\/#website\",\"url\":\"https:\\\/\\\/informante.mx\\\/\",\"name\":\"Informante.mx\",\"description\":\"\",\"publisher\":{\"@id\":\"https:\\\/\\\/informante.mx\\\/#organization\"},\"potentialAction\":[{\"@type\":\"SearchAction\",\"target\":{\"@type\":\"EntryPoint\",\"urlTemplate\":\"https:\\\/\\\/informante.mx\\\/?s={search_term_string}\"},\"query-input\":{\"@type\":\"PropertyValueSpecification\",\"valueRequired\":true,\"valueName\":\"search_term_string\"}}],\"inLanguage\":\"es\"},{\"@type\":\"Organization\",\"@id\":\"https:\\\/\\\/informante.mx\\\/#organization\",\"name\":\"Informante.mx\",\"url\":\"https:\\\/\\\/informante.mx\\\/\",\"logo\":{\"@type\":\"ImageObject\",\"inLanguage\":\"es\",\"@id\":\"https:\\\/\\\/informante.mx\\\/#\\\/schema\\\/logo\\\/image\\\/\",\"url\":\"https:\\\/\\\/informante.mx\\\/wp-content\\\/uploads\\\/2019\\\/12\\\/cropped-LOGO-Verde-Apaisado-1024x360O-1.png\",\"contentUrl\":\"https:\\\/\\\/informante.mx\\\/wp-content\\\/uploads\\\/2019\\\/12\\\/cropped-LOGO-Verde-Apaisado-1024x360O-1.png\",\"width\":923,\"height\":180,\"caption\":\"Informante.mx\"},\"image\":{\"@id\":\"https:\\\/\\\/informante.mx\\\/#\\\/schema\\\/logo\\\/image\\\/\"},\"sameAs\":[\"https:\\\/\\\/www.facebook.com\\\/MX.Informante\",\"https:\\\/\\\/x.com\\\/mx_informante\"]},{\"@type\":\"Person\",\"@id\":\"https:\\\/\\\/informante.mx\\\/#\\\/schema\\\/person\\\/3eff91989d2ea76b0a330b416325946c\",\"name\":\"InformanteMX\",\"image\":{\"@type\":\"ImageObject\",\"inLanguage\":\"es\",\"@id\":\"https:\\\/\\\/secure.gravatar.com\\\/avatar\\\/10d802aa739e832aedd2f3fd8544d878871eb22e6ca86fe9a548573e34a28f0e?s=96&d=mm&r=g\",\"url\":\"https:\\\/\\\/secure.gravatar.com\\\/avatar\\\/10d802aa739e832aedd2f3fd8544d878871eb22e6ca86fe9a548573e34a28f0e?s=96&d=mm&r=g\",\"contentUrl\":\"https:\\\/\\\/secure.gravatar.com\\\/avatar\\\/10d802aa739e832aedd2f3fd8544d878871eb22e6ca86fe9a548573e34a28f0e?s=96&d=mm&r=g\",\"caption\":\"InformanteMX\"},\"url\":\"https:\\\/\\\/informante.mx\\\/?author=1\"}]}<\/script>\n<!-- \/ Yoast SEO plugin. -->","yoast_head_json":{"title":"Localizan al cuarto polic\u00eda desaparecido en Tepetl\u00e1n\u00a0 - Informante.mx","robots":{"index":"index","follow":"follow","max-snippet":"max-snippet:-1","max-image-preview":"max-image-preview:large","max-video-preview":"max-video-preview:-1"},"canonical":"https:\/\/informante.mx\/?p=36650","og_locale":"es_ES","og_type":"article","og_title":"Localizan al cuarto polic\u00eda desaparecido en Tepetl\u00e1n\u00a0 - Informante.mx","og_description":"Xalapa, Ver.- El cuerpo del cuarto polic\u00eda desaparecido en Teplet\u00e1n durante el fin de semana ya fue encontrado. Se trata de Isidoro Solano, quien se desempe\u00f1aba como director de la Polic\u00eda Municipal en dicho municipio.&nbsp; Apenas ayer martes 2 de julio se inform\u00f3 sobre el hallazgo de tres polic\u00edas municipales que fueron reportados como desaparecidos [&hellip;]","og_url":"https:\/\/informante.mx\/?p=36650","og_site_name":"Informante.mx","article_publisher":"https:\/\/www.facebook.com\/MX.Informante","article_published_time":"2024-07-03T19:10:24+00:00","article_modified_time":"2024-07-03T19:10:28+00:00","og_image":[{"width":1600,"height":1103,"url":"https:\/\/informante.mx\/wp-content\/uploads\/2024\/07\/WhatsApp-Image-2024-07-03-at-11.55.55-AM.jpeg","type":"image\/jpeg"}],"author":"InformanteMX","twitter_card":"summary_large_image","twitter_creator":"@mx_informante","twitter_site":"@mx_informante","twitter_misc":{"Escrito por":"InformanteMX","Tiempo de lectura":"1 minuto"},"schema":{"@context":"https:\/\/schema.org","@graph":[{"@type":"NewsArticle","@id":"https:\/\/informante.mx\/?p=36650#article","isPartOf":{"@id":"https:\/\/informante.mx\/?p=36650"},"author":{"name":"InformanteMX","@id":"https:\/\/informante.mx\/#\/schema\/person\/3eff91989d2ea76b0a330b416325946c"},"headline":"Localizan al cuarto polic\u00eda desaparecido en Tepetl\u00e1n\u00a0","datePublished":"2024-07-03T19:10:24+00:00","dateModified":"2024-07-03T19:10:28+00:00","mainEntityOfPage":{"@id":"https:\/\/informante.mx\/?p=36650"},"wordCount":134,"commentCount":0,"publisher":{"@id":"https:\/\/informante.mx\/#organization"},"keywords":["Veracruz"],"articleSection":["Estatal"],"inLanguage":"es","potentialAction":[{"@type":"CommentAction","name":"Comment","target":["https:\/\/informante.mx\/?p=36650#respond"]}]},{"@type":"WebPage","@id":"https:\/\/informante.mx\/?p=36650","url":"https:\/\/informante.mx\/?p=36650","name":"Localizan al cuarto polic\u00eda desaparecido en Tepetl\u00e1n\u00a0 - Informante.mx","isPartOf":{"@id":"https:\/\/informante.mx\/#website"},"datePublished":"2024-07-03T19:10:24+00:00","dateModified":"2024-07-03T19:10:28+00:00","breadcrumb":{"@id":"https:\/\/informante.mx\/?p=36650#breadcrumb"},"inLanguage":"es","potentialAction":[{"@type":"ReadAction","target":["https:\/\/informante.mx\/?p=36650"]}]},{"@type":"BreadcrumbList","@id":"https:\/\/informante.mx\/?p=36650#breadcrumb","itemListElement":[{"@type":"ListItem","position":1,"name":"Portada","item":"https:\/\/informante.mx\/"},{"@type":"ListItem","position":2,"name":"Localizan al cuarto polic\u00eda desaparecido en Tepetl\u00e1n\u00a0"}]},{"@type":"WebSite","@id":"https:\/\/informante.mx\/#website","url":"https:\/\/informante.mx\/","name":"Informante.mx","description":"","publisher":{"@id":"https:\/\/informante.mx\/#organization"},"potentialAction":[{"@type":"SearchAction","target":{"@type":"EntryPoint","urlTemplate":"https:\/\/informante.mx\/?s={search_term_string}"},"query-input":{"@type":"PropertyValueSpecification","valueRequired":true,"valueName":"search_term_string"}}],"inLanguage":"es"},{"@type":"Organization","@id":"https:\/\/informante.mx\/#organization","name":"Informante.mx","url":"https:\/\/informante.mx\/","logo":{"@type":"ImageObject","inLanguage":"es","@id":"https:\/\/informante.mx\/#\/schema\/logo\/image\/","url":"https:\/\/informante.mx\/wp-content\/uploads\/2019\/12\/cropped-LOGO-Verde-Apaisado-1024x360O-1.png","contentUrl":"https:\/\/informante.mx\/wp-content\/uploads\/2019\/12\/cropped-LOGO-Verde-Apaisado-1024x360O-1.png","width":923,"height":180,"caption":"Informante.mx"},"image":{"@id":"https:\/\/informante.mx\/#\/schema\/logo\/image\/"},"sameAs":["https:\/\/www.facebook.com\/MX.Informante","https:\/\/x.com\/mx_informante"]},{"@type":"Person","@id":"https:\/\/informante.mx\/#\/schema\/person\/3eff91989d2ea76b0a330b416325946c","name":"InformanteMX","image":{"@type":"ImageObject","inLanguage":"es","@id":"https:\/\/secure.gravatar.com\/avatar\/10d802aa739e832aedd2f3fd8544d878871eb22e6ca86fe9a548573e34a28f0e?s=96&d=mm&r=g","url":"https:\/\/secure.gravatar.com\/avatar\/10d802aa739e832aedd2f3fd8544d878871eb22e6ca86fe9a548573e34a28f0e?s=96&d=mm&r=g","contentUrl":"https:\/\/secure.gravatar.com\/avatar\/10d802aa739e832aedd2f3fd8544d878871eb22e6ca86fe9a548573e34a28f0e?s=96&d=mm&r=g","caption":"InformanteMX"},"url":"https:\/\/informante.mx\/?author=1"}]}},"jetpack_featured_media_url":"","uagb_featured_image_src":{"full":false,"thumbnail":false,"medium":false,"medium_large":false,"large":false,"1536x1536":false,"2048x2048":false,"td_0x420":false,"td_0x420_retina":false,"td_80x60":false,"td_80x60_retina":false,"td_100x75":false,"td_100x75_retina":false,"td_180x135":false,"td_180x135_retina":false,"td_238x178":false,"td_238x178_retina":false,"td_265x198":false,"td_265x198_retina":false,"td_300x160":false,"td_300x160_retina":false,"td_300x194":false,"td_300x194_retina":false,"td_300x350":false,"td_300x350_retina":false,"td_341x220":false,"td_341x220_retina":false,"td_341x400":false,"td_341x400_retina":false,"td_511x400":false,"td_511x400_retina":false,"td_537x360":false,"td_537x360_retina":false,"td_640x0":false,"td_640x0_retina":false,"td_640x350":false,"td_640x350_retina":false,"td_681x0":false,"td_681x0_retina":false,"td_681x400":false,"td_681x400_retina":false,"td_741x486":false,"td_741x486_retina":false,"td_1021x580":false,"td_1021x580_retina":false},"uagb_author_info":{"display_name":"InformanteMX","author_link":"https:\/\/informante.mx\/?author=1"},"uagb_comment_info":0,"uagb_excerpt":"Xalapa, Ver.- El cuerpo del cuarto polic\u00eda desaparecido en Teplet\u00e1n durante el fin de semana ya fue encontrado. Se trata de Isidoro Solano, quien se desempe\u00f1aba como director de la Polic\u00eda Municipal en dicho municipio.&nbsp; Apenas ayer martes 2 de julio se inform\u00f3 sobre el hallazgo de tres polic\u00edas municipales que fueron reportados como desaparecidos&hellip;","_links":{"self":[{"href":"https:\/\/informante.mx\/index.php?rest_route=\/wp\/v2\/posts\/36650","targetHints":{"allow":["GET"]}}],"collection":[{"href":"https:\/\/informante.mx\/index.php?rest_route=\/wp\/v2\/posts"}],"about":[{"href":"https:\/\/informante.mx\/index.php?rest_route=\/wp\/v2\/types\/post"}],"author":[{"embeddable":true,"href":"https:\/\/informante.mx\/index.php?rest_route=\/wp\/v2\/users\/1"}],"replies":[{"embeddable":true,"href":"https:\/\/informante.mx\/index.php?rest_route=%2Fwp%2Fv2%2Fcomments&post=36650"}],"version-history":[{"count":1,"href":"https:\/\/informante.mx\/index.php?rest_route=\/wp\/v2\/posts\/36650\/revisions"}],"predecessor-version":[{"id":36652,"href":"https:\/\/informante.mx\/index.php?rest_route=\/wp\/v2\/posts\/36650\/revisions\/36652"}],"wp:attachment":[{"href":"https:\/\/informante.mx\/index.php?rest_route=%2Fwp%2Fv2%2Fmedia&parent=36650"}],"wp:term":[{"taxonomy":"category","embeddable":true,"href":"https:\/\/informante.mx\/index.php?rest_route=%2Fwp%2Fv2%2Fcategories&post=36650"},{"taxonomy":"post_tag","embeddable":true,"href":"https:\/\/informante.mx\/index.php?rest_route=%2Fwp%2Fv2%2Ftags&post=36650"}],"curies":[{"name":"wp","href":"https:\/\/api.w.org\/{rel}","templated":true}]}}