{"id":36644,"date":"2024-07-03T11:48:46","date_gmt":"2024-07-03T17:48:46","guid":{"rendered":"https:\/\/informante.mx\/?p=36644"},"modified":"2024-07-03T11:48:49","modified_gmt":"2024-07-03T17:48:49","slug":"veracruz-puebla-campeche-y-quintana-roo-suspenden-clases-por-beryl","status":"publish","type":"post","link":"https:\/\/informante.mx\/?p=36644","title":{"rendered":"Veracruz, Puebla, Campeche y Quintana Roo suspenden clases por \u201cBeryl\u201d"},"content":{"rendered":"\n<h2 class=\"wp-block-heading\">Estos estados suspendieron clases en los niveles b\u00e1sicos ante la llegada del \u00abBeryl\u00bb a M\u00e9xico en las pr\u00f3ximas horas. \u00a1Aqu\u00ed el reporte m\u00e1s actual!<\/h2>\n\n\n\n<p><strong>Redacci\u00f3n Informante<\/strong><\/p>\n\n\n\n<p>Los gobiernos de&nbsp;<strong>Puebla, Veracruz, Campeche y Quintana Roo<\/strong>&nbsp;han decidido suspender las clases ante la pr\u00f3xima llegada del&nbsp;<strong>hurac\u00e1n \u201cBeryl\u201d<\/strong>, hoy categor\u00eda 4, a las costas mexicanas.<\/p>\n\n\n\n<p>Hasta la ma\u00f1ana de este\u00a0<strong>mi\u00e9rcoles 3 de julio<\/strong>, el hurac\u00e1n \u201cBeryl\u201d\u00a0se localiza a mil 400 kil\u00f3metros de Quintana Roo, y se prev\u00e9 que toque tierra entre\u00a0<strong>Tulum y Carrillo Puerto<\/strong>\u00a0el jueves o viernes.<\/p>\n\n\n\n<p>En el caso de&nbsp;<strong>Puebla<\/strong>, las autoridades informaron que&nbsp;<strong>las ni\u00f1as y ni\u00f1os de educaci\u00f3n b\u00e1sica tomar\u00e1n clases v\u00eda remota<\/strong>, esto en 43 municipios.<\/p>\n\n\n\n<p>En el caso de&nbsp;<strong>Veracruz<\/strong>, la suspensi\u00f3n de clases es total, pues se trata de un estado costero en el que el hurac\u00e1n podr\u00eda impactar con m\u00e1s fuerza.<\/p>\n\n\n\n<p>Igualmente, el gobierno del estado de&nbsp;<strong>Campeche&nbsp;<\/strong>decidi\u00f3 suspender clases en el nivel b\u00e1sico, es decir, primarias y secundarias, hasta el pr\u00f3ximo 5 de julio.<\/p>\n\n\n\n<p>El Gobierno de\u00a0<strong>Quintana Roo<\/strong>\u00a0orden\u00f3 la suspensi\u00f3n de clases en todos los niveles educativos la noche del martes 2 de julio, ello ante el trayecto del\u00a0hurac\u00e1n \u201c<strong>Beryl<\/strong>\u201c, que entrar\u00e1 a territorio nacional por esa zona.<\/p>\n\n\n\n<p>La gobernadora hizo un llamado a la ciudadan\u00eda a mantenerse informada a trav\u00e9s de medios oficiales.<\/p>\n\n\n\n<p>El&nbsp;<strong>centro del hurac\u00e1n \u201cBeryl\u201d<\/strong>, de categor\u00eda 4, se localiza en el mar Caribe y mantiene su desplazamiento hacia el oeste-noroeste con trayectoria hacia la Pen\u00ednsula de Yucat\u00e1n.<\/p>\n\n\n\n<p>Por el momento, el sistema no afecta costas nacionales, sin embargo, se prev\u00e9 que a partir del d\u00eda jueves, las bandas nubosas del fen\u00f3meno ocasionen lluvias intensas a puntuales torrenciales, rachas fuertes de viento y oleaje elevado en la Pen\u00ednsula de Yucat\u00e1n.<\/p>\n\n\n\n<figure class=\"wp-block-image is-style-default\"><img decoding=\"async\" src=\"https:\/\/d22jn00zjrk7sl.cloudfront.net\/wp-content\/uploads\/2024\/07\/beryl3-1024x696.jpg\" alt=\"\" class=\"wp-image-370905\"\/><\/figure>\n\n\n\n<h2 class=\"wp-block-heading\">Suman 7 muertos por \u201cBeryl\u201d en el Caribe<\/h2>\n\n\n\n<p>Seg\u00fan los reportes de las autoridades, el fen\u00f3meno meteorol\u00f3gico dej\u00f3 al menos&nbsp;<strong>tres muertos en Granada<\/strong>,&nbsp;<strong>uno en San Vicente<\/strong>&nbsp;y las&nbsp;<strong>Granadinas<\/strong>&nbsp;y&nbsp;<strong>tres en Venezuela<\/strong>.<\/p>\n\n\n\n<p>\u201cBeryl\u201d es el primer hurac\u00e1n de la temporada 2024 en el Atl\u00e1ntico, que va desde principios de junio hasta finales de noviembre.<\/p>\n\n\n\n<p>Los expertos afirman que es inusual que un cicl\u00f3n tan potente se forme tan temprano en la temporada.<\/p>\n\n\n\n<blockquote class=\"wp-block-quote is-layout-flow wp-block-quote-is-layout-flow\">\n<p>\u201cS\u00f3lo se han registrado cinco huracanes importantes (Categor\u00eda 3+) en el Atl\u00e1ntico antes de la primera semana de julio\u201d,<strong>&nbsp;precis\u00f3 en la red X el experto Michael Lowry.<\/strong><\/p>\n<\/blockquote>\n\n\n\n<p>La Administraci\u00f3n Nacional Oce\u00e1nica y Atmosf\u00e9rica (NOAA) estadounidense tambi\u00e9n pronostic\u00f3 a finales de mayo una temporada extraordinaria, con la posibilidad de entre cuatro y siete huracanes de categor\u00eda 3 o m\u00e1s.<\/p>\n\n\n\n<hr class=\"wp-block-separator has-alpha-channel-opacity\"\/>\n\n\n\n<p class=\"has-text-align-center\" style=\"font-size:17px\"><strong><i>Toda la informaci\u00f3n que necesitas saber la encuentras en nuestras <\/i><strong style=\"\"><em style=\"font-style: italic;\">redes sociales y canal de <\/em><\/strong><\/strong><a href=\"https:\/\/t.me\/informantemx\" target=\"_blank\" rel=\"noreferrer noopener\"><strong><em>Telegram<\/em><\/strong><\/a>. <\/p>\n\n\n\n<p class=\"has-text-align-center\" style=\"font-size:17px\"><strong><em>!\u00danete!<\/em><\/strong><\/p>\n\n\n\n<div class=\"wp-block-uagb-image aligncenter uagb-block-3acd28e8 wp-block-uagb-image--layout-default wp-block-uagb-image--effect-zoomin wp-block-uagb-image--align-center\"><figure class=\"wp-block-uagb-image__figure\"><a class=\"\" href=\"https:\/\/t.me\/informantemx\" target=\"\" rel=\"noopener\"><img decoding=\"async\" srcset=\"https:\/\/informante.mx\/wp-content\/uploads\/2023\/08\/Banner-Telegram-Verde-800x60-1.png ,https:\/\/informante.mx\/wp-content\/uploads\/2023\/08\/Banner-Telegram-Verde-800x60-1.png 780w, https:\/\/informante.mx\/wp-content\/uploads\/2023\/08\/Banner-Telegram-Verde-800x60-1.png 360w\" sizes=\"auto, (max-width: 480px) 150px\" src=\"https:\/\/informante.mx\/wp-content\/uploads\/2023\/08\/Banner-Telegram-Verde-800x60-1.png\" alt=\"\" class=\"uag-image-23275\" width=\"800\" height=\"60\" title=\"\" loading=\"lazy\" role=\"img\"\/><\/a><\/figure><\/div>\n\n\n\n<div class=\"wp-block-uagb-image aligncenter uagb-block-45ea2b31 wp-block-uagb-image--layout-default wp-block-uagb-image--effect-zoomin wp-block-uagb-image--align-center\"><figure class=\"wp-block-uagb-image__figure\"><a class=\"\" href=\"https:\/\/www.facebook.com\/MX.Informante\" target=\"\" rel=\"noopener\"><img decoding=\"async\" srcset=\"https:\/\/informante.mx\/wp-content\/uploads\/2023\/08\/Banner-Facebook-Verde-800x60-1.png ,https:\/\/informante.mx\/wp-content\/uploads\/2023\/08\/Banner-Facebook-Verde-800x60-1.png 780w, https:\/\/informante.mx\/wp-content\/uploads\/2023\/08\/Banner-Facebook-Verde-800x60-1.png 360w\" sizes=\"auto, (max-width: 480px) 150px\" src=\"https:\/\/informante.mx\/wp-content\/uploads\/2023\/08\/Banner-Facebook-Verde-800x60-1.png\" alt=\"\" class=\"uag-image-23274\" width=\"800\" height=\"60\" title=\"\" loading=\"lazy\" role=\"img\"\/><\/a><\/figure><\/div>\n\n\n\n<div class=\"wp-block-uagb-image aligncenter uagb-block-2ce4c51b wp-block-uagb-image--layout-default wp-block-uagb-image--effect-zoomin wp-block-uagb-image--align-center\"><figure class=\"wp-block-uagb-image__figure\"><a class=\"\" href=\"https:\/\/twitter.com\/mx_informante\" target=\"\" rel=\"noopener\"><img decoding=\"async\" srcset=\"https:\/\/informante.mx\/wp-content\/uploads\/2023\/08\/Banner-Twitter-Verde-800x60-1.png ,https:\/\/informante.mx\/wp-content\/uploads\/2023\/08\/Banner-Twitter-Verde-800x60-1.png 780w, https:\/\/informante.mx\/wp-content\/uploads\/2023\/08\/Banner-Twitter-Verde-800x60-1.png 360w\" sizes=\"auto, (max-width: 480px) 150px\" src=\"https:\/\/informante.mx\/wp-content\/uploads\/2023\/08\/Banner-Twitter-Verde-800x60-1.png\" alt=\"\" class=\"uag-image-23273\" width=\"800\" height=\"60\" title=\"\" loading=\"lazy\" role=\"img\"\/><\/a><\/figure><\/div>\n\n\n\n<div style=\"height:50px\" aria-hidden=\"true\" class=\"wp-block-spacer\"><\/div>\n","protected":false},"excerpt":{"rendered":"<p>Estos estados suspendieron clases en los niveles b\u00e1sicos ante la llegada del \u00abBeryl\u00bb a M\u00e9xico en las pr\u00f3ximas horas. \u00a1Aqu\u00ed el reporte m\u00e1s actual!<\/p>\n","protected":false},"author":1,"featured_media":0,"comment_status":"open","ping_status":"closed","sticky":false,"template":"","format":"standard","meta":{"_uag_custom_page_level_css":"","jetpack_post_was_ever_published":false,"footnotes":""},"categories":[4],"tags":[32,33],"class_list":["post-36644","post","type-post","status-publish","format-standard","hentry","category-estatal","tag-estado","tag-veracruz"],"yoast_head":"<!-- This site is optimized with the Yoast SEO plugin v27.3 - https:\/\/yoast.com\/product\/yoast-seo-wordpress\/ -->\n<title>Veracruz, Puebla, Campeche y Quintana Roo suspenden clases por \u201cBeryl\u201d - Informante.mx<\/title>\n<meta name=\"robots\" content=\"index, follow, max-snippet:-1, max-image-preview:large, max-video-preview:-1\" \/>\n<link rel=\"canonical\" href=\"https:\/\/informante.mx\/?p=36644\" \/>\n<meta property=\"og:locale\" content=\"es_ES\" \/>\n<meta property=\"og:type\" content=\"article\" \/>\n<meta property=\"og:title\" content=\"Veracruz, Puebla, Campeche y Quintana Roo suspenden clases por \u201cBeryl\u201d - Informante.mx\" \/>\n<meta property=\"og:description\" content=\"Estos estados suspendieron clases en los niveles b\u00e1sicos ante la llegada del &quot;Beryl&quot; a M\u00e9xico en las pr\u00f3ximas horas. \u00a1Aqu\u00ed el reporte m\u00e1s actual!\" \/>\n<meta property=\"og:url\" content=\"https:\/\/informante.mx\/?p=36644\" \/>\n<meta property=\"og:site_name\" content=\"Informante.mx\" \/>\n<meta property=\"article:publisher\" content=\"https:\/\/www.facebook.com\/MX.Informante\" \/>\n<meta property=\"article:published_time\" content=\"2024-07-03T17:48:46+00:00\" \/>\n<meta property=\"article:modified_time\" content=\"2024-07-03T17:48:49+00:00\" \/>\n<meta property=\"og:image\" content=\"https:\/\/informante.mx\/wp-content\/uploads\/2024\/07\/Cancun-Playas-920x554-1.jpg\" \/>\n\t<meta property=\"og:image:width\" content=\"920\" \/>\n\t<meta property=\"og:image:height\" content=\"554\" \/>\n\t<meta property=\"og:image:type\" content=\"image\/jpeg\" \/>\n<meta name=\"author\" content=\"InformanteMX\" \/>\n<meta name=\"twitter:card\" content=\"summary_large_image\" \/>\n<meta name=\"twitter:creator\" content=\"@mx_informante\" \/>\n<meta name=\"twitter:site\" content=\"@mx_informante\" \/>\n<meta name=\"twitter:label1\" content=\"Escrito por\" \/>\n\t<meta name=\"twitter:data1\" content=\"InformanteMX\" \/>\n\t<meta name=\"twitter:label2\" content=\"Tiempo de lectura\" \/>\n\t<meta name=\"twitter:data2\" content=\"2 minutos\" \/>\n<script type=\"application\/ld+json\" class=\"yoast-schema-graph\">{\"@context\":\"https:\\\/\\\/schema.org\",\"@graph\":[{\"@type\":\"NewsArticle\",\"@id\":\"https:\\\/\\\/informante.mx\\\/?p=36644#article\",\"isPartOf\":{\"@id\":\"https:\\\/\\\/informante.mx\\\/?p=36644\"},\"author\":{\"name\":\"InformanteMX\",\"@id\":\"https:\\\/\\\/informante.mx\\\/#\\\/schema\\\/person\\\/3eff91989d2ea76b0a330b416325946c\"},\"headline\":\"Veracruz, Puebla, Campeche y Quintana Roo suspenden clases por \u201cBeryl\u201d\",\"datePublished\":\"2024-07-03T17:48:46+00:00\",\"dateModified\":\"2024-07-03T17:48:49+00:00\",\"mainEntityOfPage\":{\"@id\":\"https:\\\/\\\/informante.mx\\\/?p=36644\"},\"wordCount\":487,\"commentCount\":0,\"publisher\":{\"@id\":\"https:\\\/\\\/informante.mx\\\/#organization\"},\"image\":{\"@id\":\"https:\\\/\\\/informante.mx\\\/?p=36644#primaryimage\"},\"thumbnailUrl\":\"https:\\\/\\\/d22jn00zjrk7sl.cloudfront.net\\\/wp-content\\\/uploads\\\/2024\\\/07\\\/beryl3-1024x696.jpg\",\"keywords\":[\"Estado\",\"Veracruz\"],\"articleSection\":[\"Estatal\"],\"inLanguage\":\"es\",\"potentialAction\":[{\"@type\":\"CommentAction\",\"name\":\"Comment\",\"target\":[\"https:\\\/\\\/informante.mx\\\/?p=36644#respond\"]}]},{\"@type\":\"WebPage\",\"@id\":\"https:\\\/\\\/informante.mx\\\/?p=36644\",\"url\":\"https:\\\/\\\/informante.mx\\\/?p=36644\",\"name\":\"Veracruz, Puebla, Campeche y Quintana Roo suspenden clases por \u201cBeryl\u201d - Informante.mx\",\"isPartOf\":{\"@id\":\"https:\\\/\\\/informante.mx\\\/#website\"},\"primaryImageOfPage\":{\"@id\":\"https:\\\/\\\/informante.mx\\\/?p=36644#primaryimage\"},\"image\":{\"@id\":\"https:\\\/\\\/informante.mx\\\/?p=36644#primaryimage\"},\"thumbnailUrl\":\"https:\\\/\\\/d22jn00zjrk7sl.cloudfront.net\\\/wp-content\\\/uploads\\\/2024\\\/07\\\/beryl3-1024x696.jpg\",\"datePublished\":\"2024-07-03T17:48:46+00:00\",\"dateModified\":\"2024-07-03T17:48:49+00:00\",\"breadcrumb\":{\"@id\":\"https:\\\/\\\/informante.mx\\\/?p=36644#breadcrumb\"},\"inLanguage\":\"es\",\"potentialAction\":[{\"@type\":\"ReadAction\",\"target\":[\"https:\\\/\\\/informante.mx\\\/?p=36644\"]}]},{\"@type\":\"ImageObject\",\"inLanguage\":\"es\",\"@id\":\"https:\\\/\\\/informante.mx\\\/?p=36644#primaryimage\",\"url\":\"https:\\\/\\\/d22jn00zjrk7sl.cloudfront.net\\\/wp-content\\\/uploads\\\/2024\\\/07\\\/beryl3-1024x696.jpg\",\"contentUrl\":\"https:\\\/\\\/d22jn00zjrk7sl.cloudfront.net\\\/wp-content\\\/uploads\\\/2024\\\/07\\\/beryl3-1024x696.jpg\"},{\"@type\":\"BreadcrumbList\",\"@id\":\"https:\\\/\\\/informante.mx\\\/?p=36644#breadcrumb\",\"itemListElement\":[{\"@type\":\"ListItem\",\"position\":1,\"name\":\"Portada\",\"item\":\"https:\\\/\\\/informante.mx\\\/\"},{\"@type\":\"ListItem\",\"position\":2,\"name\":\"Veracruz, Puebla, Campeche y Quintana Roo suspenden clases por \u201cBeryl\u201d\"}]},{\"@type\":\"WebSite\",\"@id\":\"https:\\\/\\\/informante.mx\\\/#website\",\"url\":\"https:\\\/\\\/informante.mx\\\/\",\"name\":\"Informante.mx\",\"description\":\"\",\"publisher\":{\"@id\":\"https:\\\/\\\/informante.mx\\\/#organization\"},\"potentialAction\":[{\"@type\":\"SearchAction\",\"target\":{\"@type\":\"EntryPoint\",\"urlTemplate\":\"https:\\\/\\\/informante.mx\\\/?s={search_term_string}\"},\"query-input\":{\"@type\":\"PropertyValueSpecification\",\"valueRequired\":true,\"valueName\":\"search_term_string\"}}],\"inLanguage\":\"es\"},{\"@type\":\"Organization\",\"@id\":\"https:\\\/\\\/informante.mx\\\/#organization\",\"name\":\"Informante.mx\",\"url\":\"https:\\\/\\\/informante.mx\\\/\",\"logo\":{\"@type\":\"ImageObject\",\"inLanguage\":\"es\",\"@id\":\"https:\\\/\\\/informante.mx\\\/#\\\/schema\\\/logo\\\/image\\\/\",\"url\":\"https:\\\/\\\/informante.mx\\\/wp-content\\\/uploads\\\/2019\\\/12\\\/cropped-LOGO-Verde-Apaisado-1024x360O-1.png\",\"contentUrl\":\"https:\\\/\\\/informante.mx\\\/wp-content\\\/uploads\\\/2019\\\/12\\\/cropped-LOGO-Verde-Apaisado-1024x360O-1.png\",\"width\":923,\"height\":180,\"caption\":\"Informante.mx\"},\"image\":{\"@id\":\"https:\\\/\\\/informante.mx\\\/#\\\/schema\\\/logo\\\/image\\\/\"},\"sameAs\":[\"https:\\\/\\\/www.facebook.com\\\/MX.Informante\",\"https:\\\/\\\/x.com\\\/mx_informante\"]},{\"@type\":\"Person\",\"@id\":\"https:\\\/\\\/informante.mx\\\/#\\\/schema\\\/person\\\/3eff91989d2ea76b0a330b416325946c\",\"name\":\"InformanteMX\",\"image\":{\"@type\":\"ImageObject\",\"inLanguage\":\"es\",\"@id\":\"https:\\\/\\\/secure.gravatar.com\\\/avatar\\\/10d802aa739e832aedd2f3fd8544d878871eb22e6ca86fe9a548573e34a28f0e?s=96&d=mm&r=g\",\"url\":\"https:\\\/\\\/secure.gravatar.com\\\/avatar\\\/10d802aa739e832aedd2f3fd8544d878871eb22e6ca86fe9a548573e34a28f0e?s=96&d=mm&r=g\",\"contentUrl\":\"https:\\\/\\\/secure.gravatar.com\\\/avatar\\\/10d802aa739e832aedd2f3fd8544d878871eb22e6ca86fe9a548573e34a28f0e?s=96&d=mm&r=g\",\"caption\":\"InformanteMX\"},\"url\":\"https:\\\/\\\/informante.mx\\\/?author=1\"}]}<\/script>\n<!-- \/ Yoast SEO plugin. -->","yoast_head_json":{"title":"Veracruz, Puebla, Campeche y Quintana Roo suspenden clases por \u201cBeryl\u201d - Informante.mx","robots":{"index":"index","follow":"follow","max-snippet":"max-snippet:-1","max-image-preview":"max-image-preview:large","max-video-preview":"max-video-preview:-1"},"canonical":"https:\/\/informante.mx\/?p=36644","og_locale":"es_ES","og_type":"article","og_title":"Veracruz, Puebla, Campeche y Quintana Roo suspenden clases por \u201cBeryl\u201d - Informante.mx","og_description":"Estos estados suspendieron clases en los niveles b\u00e1sicos ante la llegada del \"Beryl\" a M\u00e9xico en las pr\u00f3ximas horas. \u00a1Aqu\u00ed el reporte m\u00e1s actual!","og_url":"https:\/\/informante.mx\/?p=36644","og_site_name":"Informante.mx","article_publisher":"https:\/\/www.facebook.com\/MX.Informante","article_published_time":"2024-07-03T17:48:46+00:00","article_modified_time":"2024-07-03T17:48:49+00:00","og_image":[{"width":920,"height":554,"url":"https:\/\/informante.mx\/wp-content\/uploads\/2024\/07\/Cancun-Playas-920x554-1.jpg","type":"image\/jpeg"}],"author":"InformanteMX","twitter_card":"summary_large_image","twitter_creator":"@mx_informante","twitter_site":"@mx_informante","twitter_misc":{"Escrito por":"InformanteMX","Tiempo de lectura":"2 minutos"},"schema":{"@context":"https:\/\/schema.org","@graph":[{"@type":"NewsArticle","@id":"https:\/\/informante.mx\/?p=36644#article","isPartOf":{"@id":"https:\/\/informante.mx\/?p=36644"},"author":{"name":"InformanteMX","@id":"https:\/\/informante.mx\/#\/schema\/person\/3eff91989d2ea76b0a330b416325946c"},"headline":"Veracruz, Puebla, Campeche y Quintana Roo suspenden clases por \u201cBeryl\u201d","datePublished":"2024-07-03T17:48:46+00:00","dateModified":"2024-07-03T17:48:49+00:00","mainEntityOfPage":{"@id":"https:\/\/informante.mx\/?p=36644"},"wordCount":487,"commentCount":0,"publisher":{"@id":"https:\/\/informante.mx\/#organization"},"image":{"@id":"https:\/\/informante.mx\/?p=36644#primaryimage"},"thumbnailUrl":"https:\/\/d22jn00zjrk7sl.cloudfront.net\/wp-content\/uploads\/2024\/07\/beryl3-1024x696.jpg","keywords":["Estado","Veracruz"],"articleSection":["Estatal"],"inLanguage":"es","potentialAction":[{"@type":"CommentAction","name":"Comment","target":["https:\/\/informante.mx\/?p=36644#respond"]}]},{"@type":"WebPage","@id":"https:\/\/informante.mx\/?p=36644","url":"https:\/\/informante.mx\/?p=36644","name":"Veracruz, Puebla, Campeche y Quintana Roo suspenden clases por \u201cBeryl\u201d - Informante.mx","isPartOf":{"@id":"https:\/\/informante.mx\/#website"},"primaryImageOfPage":{"@id":"https:\/\/informante.mx\/?p=36644#primaryimage"},"image":{"@id":"https:\/\/informante.mx\/?p=36644#primaryimage"},"thumbnailUrl":"https:\/\/d22jn00zjrk7sl.cloudfront.net\/wp-content\/uploads\/2024\/07\/beryl3-1024x696.jpg","datePublished":"2024-07-03T17:48:46+00:00","dateModified":"2024-07-03T17:48:49+00:00","breadcrumb":{"@id":"https:\/\/informante.mx\/?p=36644#breadcrumb"},"inLanguage":"es","potentialAction":[{"@type":"ReadAction","target":["https:\/\/informante.mx\/?p=36644"]}]},{"@type":"ImageObject","inLanguage":"es","@id":"https:\/\/informante.mx\/?p=36644#primaryimage","url":"https:\/\/d22jn00zjrk7sl.cloudfront.net\/wp-content\/uploads\/2024\/07\/beryl3-1024x696.jpg","contentUrl":"https:\/\/d22jn00zjrk7sl.cloudfront.net\/wp-content\/uploads\/2024\/07\/beryl3-1024x696.jpg"},{"@type":"BreadcrumbList","@id":"https:\/\/informante.mx\/?p=36644#breadcrumb","itemListElement":[{"@type":"ListItem","position":1,"name":"Portada","item":"https:\/\/informante.mx\/"},{"@type":"ListItem","position":2,"name":"Veracruz, Puebla, Campeche y Quintana Roo suspenden clases por \u201cBeryl\u201d"}]},{"@type":"WebSite","@id":"https:\/\/informante.mx\/#website","url":"https:\/\/informante.mx\/","name":"Informante.mx","description":"","publisher":{"@id":"https:\/\/informante.mx\/#organization"},"potentialAction":[{"@type":"SearchAction","target":{"@type":"EntryPoint","urlTemplate":"https:\/\/informante.mx\/?s={search_term_string}"},"query-input":{"@type":"PropertyValueSpecification","valueRequired":true,"valueName":"search_term_string"}}],"inLanguage":"es"},{"@type":"Organization","@id":"https:\/\/informante.mx\/#organization","name":"Informante.mx","url":"https:\/\/informante.mx\/","logo":{"@type":"ImageObject","inLanguage":"es","@id":"https:\/\/informante.mx\/#\/schema\/logo\/image\/","url":"https:\/\/informante.mx\/wp-content\/uploads\/2019\/12\/cropped-LOGO-Verde-Apaisado-1024x360O-1.png","contentUrl":"https:\/\/informante.mx\/wp-content\/uploads\/2019\/12\/cropped-LOGO-Verde-Apaisado-1024x360O-1.png","width":923,"height":180,"caption":"Informante.mx"},"image":{"@id":"https:\/\/informante.mx\/#\/schema\/logo\/image\/"},"sameAs":["https:\/\/www.facebook.com\/MX.Informante","https:\/\/x.com\/mx_informante"]},{"@type":"Person","@id":"https:\/\/informante.mx\/#\/schema\/person\/3eff91989d2ea76b0a330b416325946c","name":"InformanteMX","image":{"@type":"ImageObject","inLanguage":"es","@id":"https:\/\/secure.gravatar.com\/avatar\/10d802aa739e832aedd2f3fd8544d878871eb22e6ca86fe9a548573e34a28f0e?s=96&d=mm&r=g","url":"https:\/\/secure.gravatar.com\/avatar\/10d802aa739e832aedd2f3fd8544d878871eb22e6ca86fe9a548573e34a28f0e?s=96&d=mm&r=g","contentUrl":"https:\/\/secure.gravatar.com\/avatar\/10d802aa739e832aedd2f3fd8544d878871eb22e6ca86fe9a548573e34a28f0e?s=96&d=mm&r=g","caption":"InformanteMX"},"url":"https:\/\/informante.mx\/?author=1"}]}},"jetpack_featured_media_url":"","uagb_featured_image_src":{"full":false,"thumbnail":false,"medium":false,"medium_large":false,"large":false,"1536x1536":false,"2048x2048":false,"td_0x420":false,"td_0x420_retina":false,"td_80x60":false,"td_80x60_retina":false,"td_100x75":false,"td_100x75_retina":false,"td_180x135":false,"td_180x135_retina":false,"td_238x178":false,"td_238x178_retina":false,"td_265x198":false,"td_265x198_retina":false,"td_300x160":false,"td_300x160_retina":false,"td_300x194":false,"td_300x194_retina":false,"td_300x350":false,"td_300x350_retina":false,"td_341x220":false,"td_341x220_retina":false,"td_341x400":false,"td_341x400_retina":false,"td_511x400":false,"td_511x400_retina":false,"td_537x360":false,"td_537x360_retina":false,"td_640x0":false,"td_640x0_retina":false,"td_640x350":false,"td_640x350_retina":false,"td_681x0":false,"td_681x0_retina":false,"td_681x400":false,"td_681x400_retina":false,"td_741x486":false,"td_741x486_retina":false,"td_1021x580":false,"td_1021x580_retina":false},"uagb_author_info":{"display_name":"InformanteMX","author_link":"https:\/\/informante.mx\/?author=1"},"uagb_comment_info":0,"uagb_excerpt":"Estos estados suspendieron clases en los niveles b\u00e1sicos ante la llegada del \"Beryl\" a M\u00e9xico en las pr\u00f3ximas horas. \u00a1Aqu\u00ed el reporte m\u00e1s actual!","_links":{"self":[{"href":"https:\/\/informante.mx\/index.php?rest_route=\/wp\/v2\/posts\/36644","targetHints":{"allow":["GET"]}}],"collection":[{"href":"https:\/\/informante.mx\/index.php?rest_route=\/wp\/v2\/posts"}],"about":[{"href":"https:\/\/informante.mx\/index.php?rest_route=\/wp\/v2\/types\/post"}],"author":[{"embeddable":true,"href":"https:\/\/informante.mx\/index.php?rest_route=\/wp\/v2\/users\/1"}],"replies":[{"embeddable":true,"href":"https:\/\/informante.mx\/index.php?rest_route=%2Fwp%2Fv2%2Fcomments&post=36644"}],"version-history":[{"count":1,"href":"https:\/\/informante.mx\/index.php?rest_route=\/wp\/v2\/posts\/36644\/revisions"}],"predecessor-version":[{"id":36646,"href":"https:\/\/informante.mx\/index.php?rest_route=\/wp\/v2\/posts\/36644\/revisions\/36646"}],"wp:attachment":[{"href":"https:\/\/informante.mx\/index.php?rest_route=%2Fwp%2Fv2%2Fmedia&parent=36644"}],"wp:term":[{"taxonomy":"category","embeddable":true,"href":"https:\/\/informante.mx\/index.php?rest_route=%2Fwp%2Fv2%2Fcategories&post=36644"},{"taxonomy":"post_tag","embeddable":true,"href":"https:\/\/informante.mx\/index.php?rest_route=%2Fwp%2Fv2%2Ftags&post=36644"}],"curies":[{"name":"wp","href":"https:\/\/api.w.org\/{rel}","templated":true}]}}