{"id":36320,"date":"2024-06-24T16:22:42","date_gmt":"2024-06-24T22:22:42","guid":{"rendered":"https:\/\/informante.mx\/?p=36320"},"modified":"2024-06-24T16:22:51","modified_gmt":"2024-06-24T22:22:51","slug":"pma-sanciono-a-granjas-carroll-por-violacion-a-la-ley-ambiental","status":"publish","type":"post","link":"https:\/\/informante.mx\/?p=36320","title":{"rendered":"PMA sancion\u00f3 a Granjas Carroll por violaci\u00f3n a la ley ambiental"},"content":{"rendered":"\n<h2 class=\"wp-block-heading\">En los pr\u00f3ximos d\u00edas habr\u00e1 visita sorpresa para constatar si ya est\u00e1n en proceso las medidas para evitar la contaminaci\u00f3n del suelo y del agua<\/h2>\n\n\n\n<p><strong>Ana Lilia Vel\u00e1zquez<\/strong><\/p>\n\n\n\n<p><strong>Xalapa, Ver.-<\/strong> El Procurador del Medio Ambiente (PMA), Sergio Rodr\u00edguez Cort\u00e9s, asegur\u00f3 que se sancion\u00f3 a la empresa porcina asentada en la regi\u00f3n de Perote Granjas Carroll de M\u00e9xico.<\/p>\n\n\n\n<p>Record\u00f3 que en el a\u00f1o 2022 se pudo constatar que la transnacional realizaba un. manejo inadecuado de los residuos provenientes de las granjas porcinas, por lo que tras ganar un litigio se determin\u00f3 que Granjas Carroll debe de contar con el manejo adecuado de residuos.<\/p>\n\n\n\n<p>\u00abLo que vamos a hacer ahora que hay este problema en Perote ya con la autorizaci\u00f3n del gobernador es hacer una visita de verificaci\u00f3n, de cumplimiento en cuanto a la materia que le compete al Estado, vamos a visitar Granjas Caroll, vamos a ver que hayan construido sus lagunas de oxidaci\u00f3n, vamos a ver que ya tengan los permisos vigentes en materia del estado y bueno en estos meses vamos a estar trabajando para tranquilidad de los ciudadanos\u201d.<\/p>\n\n\n\n<p>El funcionario estatal dej\u00f3 en claro que se \u00abha actuado con mucha energ\u00eda, mucha firmeza este en este tema, en cuanto a nuestra competencia y que tengan la tranquilidad que nosotros no nos intimidamos con ninguna empresa por muy grande o fuerte que sea y creo que esto lo hemos demostrado y muchas veces incomoda pero es necesario\u201d.<\/p>\n\n\n\n<p>Rodr\u00edguez Cort\u00e9s, fue claro al explicar que el 09 de marzo de 2022 se procedi\u00f3 conforme a la Ley 62 del Medio Ambiente y la Ley 847 que rige el manejo adecuado de Residuos S\u00f3lidos Urbanos y de Manejo Especial del Estado de Veracruz, al realizar una visita de inspecci\u00f3n a la empresa Granjas Carroll de M\u00e9xico S. de R.L. de C.V., esto luego de que fueran detectados diversos expedientes de dicha empresa con numerosas incidencias en materia ambiental acumuladas desde 2014, y que administraciones estatales anteriores pasaron por alto.<\/p>\n\n\n\n<p>En dicha visita, personal de la PMA pudo constatar el manejo inadecuado de residuos especiales con la posibilidad de contaminar los cuerpos de agua.<\/p>\n\n\n\n<p>Tras la inspecci\u00f3n, se observ\u00f3 que los desechos provenientes de la producci\u00f3n porcina, los lodos eran depositados directamente al suelo, generando filtraciones que llegan a contaminar los mantos fre\u00e1ticos.<\/p>\n\n\n\n<p>Por ello, record\u00f3 el funcionario estatal, el 07 de abril de 2022, la PMA realiz\u00f3 un Dictamen T\u00e9cnico sobre la pr\u00e1ctica inadecuada llevada a cabo por Granjas Carroll, lo que posteriormente permiti\u00f3 clausurar la empresa, lo cual les fue notificado en noviembre de 2022, tal y como lo marca el procedimiento administrativo amparado por la ley.<\/p>\n\n\n\n<p>Tras la determinaci\u00f3n de la PMA, Granjas Carroll rechaz\u00f3 la actuaci\u00f3n de la Procuradur\u00eda y se ampar\u00f3 en el hoy extinto Tribunal Estatal de Justicia Administrativa, siendo hasta el 27 de febrero de 2023 que dicho Tribunal reconoci\u00f3 que los procedimientos de la PMA efectivamente fueron en actuaci\u00f3n apegada a derecho, por lo que en marzo de 2023 nuevamente se entabl\u00f3 di\u00e1logo con Granjas Carroll para que atendiera las observaciones que se le realizaron en materia ambiental.<\/p>\n\n\n\n<p>Entre las anomal\u00edas detectadas estuvieron: la falta de documentaci\u00f3n como el Registro de Empresa Generadora de Residuos de Manejo Especial, Licencia de Funcionamiento, C\u00e9dula Estatal de Operaci\u00f3n Anual, entre otros, por lo que se le impuso una multa de 40 mil UMAS, que ascendi\u00f3 a un total de 4 millones 149 mil 600 pesos, as\u00ed como diversas medidas de mitigaci\u00f3n y remediaci\u00f3n al medio ambiente, dentro de las cuales la empresa se comprometi\u00f3 a mejorar su infraestructura con la construcci\u00f3n de lagunas de oxidaci\u00f3n para imposibilitar la filtraci\u00f3n de desechos al subsuelo.<\/p>\n\n\n\n<p>Cabe mencionar que dicha resoluci\u00f3n signada por Granjas Carroll el 01 de marzo de 2023 menciona que la empresa debe cumplir con siete medidas de mitigaci\u00f3n y remediaci\u00f3n al suelo, seis en torno al tema del agua, dos por contaminaci\u00f3n al aire y nueve medidas en el tema de documentos.<\/p>\n\n\n\n<hr class=\"wp-block-separator has-alpha-channel-opacity\"\/>\n\n\n\n<p class=\"has-text-align-center\" style=\"font-size:17px\"><strong><i>Toda la informaci\u00f3n que necesitas saber la encuentras en nuestras <\/i><strong style=\"\"><em style=\"font-style: italic;\">redes sociales y canal de <\/em><\/strong><\/strong><a href=\"https:\/\/t.me\/informantemx\" target=\"_blank\" rel=\"noreferrer noopener\"><strong><em>Telegram<\/em><\/strong><\/a>. <\/p>\n\n\n\n<p class=\"has-text-align-center\" style=\"font-size:17px\"><strong><em>!\u00danete!<\/em><\/strong><\/p>\n\n\n\n<div class=\"wp-block-uagb-image aligncenter uagb-block-3acd28e8 wp-block-uagb-image--layout-default wp-block-uagb-image--effect-zoomin wp-block-uagb-image--align-center\"><figure class=\"wp-block-uagb-image__figure\"><a class=\"\" href=\"https:\/\/t.me\/informantemx\" target=\"\" rel=\"noopener\"><img decoding=\"async\" srcset=\"https:\/\/informante.mx\/wp-content\/uploads\/2023\/08\/Banner-Telegram-Verde-800x60-1.png ,https:\/\/informante.mx\/wp-content\/uploads\/2023\/08\/Banner-Telegram-Verde-800x60-1.png 780w, https:\/\/informante.mx\/wp-content\/uploads\/2023\/08\/Banner-Telegram-Verde-800x60-1.png 360w\" sizes=\"auto, (max-width: 480px) 150px\" src=\"https:\/\/informante.mx\/wp-content\/uploads\/2023\/08\/Banner-Telegram-Verde-800x60-1.png\" alt=\"\" class=\"uag-image-23275\" width=\"800\" height=\"60\" title=\"\" loading=\"lazy\" role=\"img\"\/><\/a><\/figure><\/div>\n\n\n\n<div class=\"wp-block-uagb-image aligncenter uagb-block-45ea2b31 wp-block-uagb-image--layout-default wp-block-uagb-image--effect-zoomin wp-block-uagb-image--align-center\"><figure class=\"wp-block-uagb-image__figure\"><a class=\"\" href=\"https:\/\/www.facebook.com\/MX.Informante\" target=\"\" rel=\"noopener\"><img decoding=\"async\" srcset=\"https:\/\/informante.mx\/wp-content\/uploads\/2023\/08\/Banner-Facebook-Verde-800x60-1.png ,https:\/\/informante.mx\/wp-content\/uploads\/2023\/08\/Banner-Facebook-Verde-800x60-1.png 780w, https:\/\/informante.mx\/wp-content\/uploads\/2023\/08\/Banner-Facebook-Verde-800x60-1.png 360w\" sizes=\"auto, (max-width: 480px) 150px\" src=\"https:\/\/informante.mx\/wp-content\/uploads\/2023\/08\/Banner-Facebook-Verde-800x60-1.png\" alt=\"\" class=\"uag-image-23274\" width=\"800\" height=\"60\" title=\"\" loading=\"lazy\" role=\"img\"\/><\/a><\/figure><\/div>\n\n\n\n<div class=\"wp-block-uagb-image aligncenter uagb-block-2ce4c51b wp-block-uagb-image--layout-default wp-block-uagb-image--effect-zoomin wp-block-uagb-image--align-center\"><figure class=\"wp-block-uagb-image__figure\"><a class=\"\" href=\"https:\/\/twitter.com\/mx_informante\" target=\"\" rel=\"noopener\"><img decoding=\"async\" srcset=\"https:\/\/informante.mx\/wp-content\/uploads\/2023\/08\/Banner-Twitter-Verde-800x60-1.png ,https:\/\/informante.mx\/wp-content\/uploads\/2023\/08\/Banner-Twitter-Verde-800x60-1.png 780w, https:\/\/informante.mx\/wp-content\/uploads\/2023\/08\/Banner-Twitter-Verde-800x60-1.png 360w\" sizes=\"auto, (max-width: 480px) 150px\" src=\"https:\/\/informante.mx\/wp-content\/uploads\/2023\/08\/Banner-Twitter-Verde-800x60-1.png\" alt=\"\" class=\"uag-image-23273\" width=\"800\" height=\"60\" title=\"\" loading=\"lazy\" role=\"img\"\/><\/a><\/figure><\/div>\n\n\n\n<div style=\"height:50px\" aria-hidden=\"true\" class=\"wp-block-spacer\"><\/div>\n","protected":false},"excerpt":{"rendered":"<p>En los pr\u00f3ximos d\u00edas habr\u00e1 visita sorpresa para constatar si ya est\u00e1n en proceso las medidas para evitar la contaminaci\u00f3n del suelo y del agua<\/p>\n","protected":false},"author":1,"featured_media":36321,"comment_status":"open","ping_status":"closed","sticky":false,"template":"","format":"standard","meta":{"_uag_custom_page_level_css":"","jetpack_post_was_ever_published":false,"footnotes":""},"categories":[4],"tags":[32,33],"class_list":["post-36320","post","type-post","status-publish","format-standard","has-post-thumbnail","hentry","category-estatal","tag-estado","tag-veracruz"],"yoast_head":"<!-- This site is optimized with the Yoast SEO plugin v27.3 - https:\/\/yoast.com\/product\/yoast-seo-wordpress\/ -->\n<title>PMA sancion\u00f3 a Granjas Carroll por violaci\u00f3n a la ley ambiental - Informante.mx<\/title>\n<meta name=\"robots\" content=\"index, follow, max-snippet:-1, max-image-preview:large, max-video-preview:-1\" \/>\n<link rel=\"canonical\" href=\"https:\/\/informante.mx\/?p=36320\" \/>\n<meta property=\"og:locale\" content=\"es_ES\" \/>\n<meta property=\"og:type\" content=\"article\" \/>\n<meta property=\"og:title\" content=\"PMA sancion\u00f3 a Granjas Carroll por violaci\u00f3n a la ley ambiental - Informante.mx\" \/>\n<meta property=\"og:description\" content=\"En los pr\u00f3ximos d\u00edas habr\u00e1 visita sorpresa para constatar si ya est\u00e1n en proceso las medidas para evitar la contaminaci\u00f3n del suelo y del agua\" \/>\n<meta property=\"og:url\" content=\"https:\/\/informante.mx\/?p=36320\" \/>\n<meta property=\"og:site_name\" content=\"Informante.mx\" \/>\n<meta property=\"article:publisher\" content=\"https:\/\/www.facebook.com\/MX.Informante\" \/>\n<meta property=\"article:published_time\" content=\"2024-06-24T22:22:42+00:00\" \/>\n<meta property=\"article:modified_time\" content=\"2024-06-24T22:22:51+00:00\" \/>\n<meta property=\"og:image\" content=\"https:\/\/informante.mx\/wp-content\/uploads\/2024\/06\/Granjas-Carrol.jpg\" \/>\n\t<meta property=\"og:image:width\" content=\"1200\" \/>\n\t<meta property=\"og:image:height\" content=\"700\" \/>\n\t<meta property=\"og:image:type\" content=\"image\/jpeg\" \/>\n<meta name=\"author\" content=\"InformanteMX\" \/>\n<meta name=\"twitter:card\" content=\"summary_large_image\" \/>\n<meta name=\"twitter:creator\" content=\"@mx_informante\" \/>\n<meta name=\"twitter:site\" content=\"@mx_informante\" \/>\n<meta name=\"twitter:label1\" content=\"Escrito por\" \/>\n\t<meta name=\"twitter:data1\" content=\"InformanteMX\" \/>\n\t<meta name=\"twitter:label2\" content=\"Tiempo de lectura\" \/>\n\t<meta name=\"twitter:data2\" content=\"3 minutos\" \/>\n<script type=\"application\/ld+json\" class=\"yoast-schema-graph\">{\"@context\":\"https:\\\/\\\/schema.org\",\"@graph\":[{\"@type\":\"NewsArticle\",\"@id\":\"https:\\\/\\\/informante.mx\\\/?p=36320#article\",\"isPartOf\":{\"@id\":\"https:\\\/\\\/informante.mx\\\/?p=36320\"},\"author\":{\"name\":\"InformanteMX\",\"@id\":\"https:\\\/\\\/informante.mx\\\/#\\\/schema\\\/person\\\/3eff91989d2ea76b0a330b416325946c\"},\"headline\":\"PMA sancion\u00f3 a Granjas Carroll por violaci\u00f3n a la ley ambiental\",\"datePublished\":\"2024-06-24T22:22:42+00:00\",\"dateModified\":\"2024-06-24T22:22:51+00:00\",\"mainEntityOfPage\":{\"@id\":\"https:\\\/\\\/informante.mx\\\/?p=36320\"},\"wordCount\":695,\"commentCount\":0,\"publisher\":{\"@id\":\"https:\\\/\\\/informante.mx\\\/#organization\"},\"image\":{\"@id\":\"https:\\\/\\\/informante.mx\\\/?p=36320#primaryimage\"},\"thumbnailUrl\":\"https:\\\/\\\/informante.mx\\\/wp-content\\\/uploads\\\/2024\\\/06\\\/Granjas-Carrol.jpg\",\"keywords\":[\"Estado\",\"Veracruz\"],\"articleSection\":[\"Estatal\"],\"inLanguage\":\"es\",\"potentialAction\":[{\"@type\":\"CommentAction\",\"name\":\"Comment\",\"target\":[\"https:\\\/\\\/informante.mx\\\/?p=36320#respond\"]}]},{\"@type\":\"WebPage\",\"@id\":\"https:\\\/\\\/informante.mx\\\/?p=36320\",\"url\":\"https:\\\/\\\/informante.mx\\\/?p=36320\",\"name\":\"PMA sancion\u00f3 a Granjas Carroll por violaci\u00f3n a la ley ambiental - Informante.mx\",\"isPartOf\":{\"@id\":\"https:\\\/\\\/informante.mx\\\/#website\"},\"primaryImageOfPage\":{\"@id\":\"https:\\\/\\\/informante.mx\\\/?p=36320#primaryimage\"},\"image\":{\"@id\":\"https:\\\/\\\/informante.mx\\\/?p=36320#primaryimage\"},\"thumbnailUrl\":\"https:\\\/\\\/informante.mx\\\/wp-content\\\/uploads\\\/2024\\\/06\\\/Granjas-Carrol.jpg\",\"datePublished\":\"2024-06-24T22:22:42+00:00\",\"dateModified\":\"2024-06-24T22:22:51+00:00\",\"breadcrumb\":{\"@id\":\"https:\\\/\\\/informante.mx\\\/?p=36320#breadcrumb\"},\"inLanguage\":\"es\",\"potentialAction\":[{\"@type\":\"ReadAction\",\"target\":[\"https:\\\/\\\/informante.mx\\\/?p=36320\"]}]},{\"@type\":\"ImageObject\",\"inLanguage\":\"es\",\"@id\":\"https:\\\/\\\/informante.mx\\\/?p=36320#primaryimage\",\"url\":\"https:\\\/\\\/informante.mx\\\/wp-content\\\/uploads\\\/2024\\\/06\\\/Granjas-Carrol.jpg\",\"contentUrl\":\"https:\\\/\\\/informante.mx\\\/wp-content\\\/uploads\\\/2024\\\/06\\\/Granjas-Carrol.jpg\",\"width\":1200,\"height\":700},{\"@type\":\"BreadcrumbList\",\"@id\":\"https:\\\/\\\/informante.mx\\\/?p=36320#breadcrumb\",\"itemListElement\":[{\"@type\":\"ListItem\",\"position\":1,\"name\":\"Portada\",\"item\":\"https:\\\/\\\/informante.mx\\\/\"},{\"@type\":\"ListItem\",\"position\":2,\"name\":\"PMA sancion\u00f3 a Granjas Carroll por violaci\u00f3n a la ley ambiental\"}]},{\"@type\":\"WebSite\",\"@id\":\"https:\\\/\\\/informante.mx\\\/#website\",\"url\":\"https:\\\/\\\/informante.mx\\\/\",\"name\":\"Informante.mx\",\"description\":\"\",\"publisher\":{\"@id\":\"https:\\\/\\\/informante.mx\\\/#organization\"},\"potentialAction\":[{\"@type\":\"SearchAction\",\"target\":{\"@type\":\"EntryPoint\",\"urlTemplate\":\"https:\\\/\\\/informante.mx\\\/?s={search_term_string}\"},\"query-input\":{\"@type\":\"PropertyValueSpecification\",\"valueRequired\":true,\"valueName\":\"search_term_string\"}}],\"inLanguage\":\"es\"},{\"@type\":\"Organization\",\"@id\":\"https:\\\/\\\/informante.mx\\\/#organization\",\"name\":\"Informante.mx\",\"url\":\"https:\\\/\\\/informante.mx\\\/\",\"logo\":{\"@type\":\"ImageObject\",\"inLanguage\":\"es\",\"@id\":\"https:\\\/\\\/informante.mx\\\/#\\\/schema\\\/logo\\\/image\\\/\",\"url\":\"https:\\\/\\\/informante.mx\\\/wp-content\\\/uploads\\\/2019\\\/12\\\/cropped-LOGO-Verde-Apaisado-1024x360O-1.png\",\"contentUrl\":\"https:\\\/\\\/informante.mx\\\/wp-content\\\/uploads\\\/2019\\\/12\\\/cropped-LOGO-Verde-Apaisado-1024x360O-1.png\",\"width\":923,\"height\":180,\"caption\":\"Informante.mx\"},\"image\":{\"@id\":\"https:\\\/\\\/informante.mx\\\/#\\\/schema\\\/logo\\\/image\\\/\"},\"sameAs\":[\"https:\\\/\\\/www.facebook.com\\\/MX.Informante\",\"https:\\\/\\\/x.com\\\/mx_informante\"]},{\"@type\":\"Person\",\"@id\":\"https:\\\/\\\/informante.mx\\\/#\\\/schema\\\/person\\\/3eff91989d2ea76b0a330b416325946c\",\"name\":\"InformanteMX\",\"image\":{\"@type\":\"ImageObject\",\"inLanguage\":\"es\",\"@id\":\"https:\\\/\\\/secure.gravatar.com\\\/avatar\\\/10d802aa739e832aedd2f3fd8544d878871eb22e6ca86fe9a548573e34a28f0e?s=96&d=mm&r=g\",\"url\":\"https:\\\/\\\/secure.gravatar.com\\\/avatar\\\/10d802aa739e832aedd2f3fd8544d878871eb22e6ca86fe9a548573e34a28f0e?s=96&d=mm&r=g\",\"contentUrl\":\"https:\\\/\\\/secure.gravatar.com\\\/avatar\\\/10d802aa739e832aedd2f3fd8544d878871eb22e6ca86fe9a548573e34a28f0e?s=96&d=mm&r=g\",\"caption\":\"InformanteMX\"},\"url\":\"https:\\\/\\\/informante.mx\\\/?author=1\"}]}<\/script>\n<!-- \/ Yoast SEO plugin. -->","yoast_head_json":{"title":"PMA sancion\u00f3 a Granjas Carroll por violaci\u00f3n a la ley ambiental - Informante.mx","robots":{"index":"index","follow":"follow","max-snippet":"max-snippet:-1","max-image-preview":"max-image-preview:large","max-video-preview":"max-video-preview:-1"},"canonical":"https:\/\/informante.mx\/?p=36320","og_locale":"es_ES","og_type":"article","og_title":"PMA sancion\u00f3 a Granjas Carroll por violaci\u00f3n a la ley ambiental - Informante.mx","og_description":"En los pr\u00f3ximos d\u00edas habr\u00e1 visita sorpresa para constatar si ya est\u00e1n en proceso las medidas para evitar la contaminaci\u00f3n del suelo y del agua","og_url":"https:\/\/informante.mx\/?p=36320","og_site_name":"Informante.mx","article_publisher":"https:\/\/www.facebook.com\/MX.Informante","article_published_time":"2024-06-24T22:22:42+00:00","article_modified_time":"2024-06-24T22:22:51+00:00","og_image":[{"width":1200,"height":700,"url":"https:\/\/informante.mx\/wp-content\/uploads\/2024\/06\/Granjas-Carrol.jpg","type":"image\/jpeg"}],"author":"InformanteMX","twitter_card":"summary_large_image","twitter_creator":"@mx_informante","twitter_site":"@mx_informante","twitter_misc":{"Escrito por":"InformanteMX","Tiempo de lectura":"3 minutos"},"schema":{"@context":"https:\/\/schema.org","@graph":[{"@type":"NewsArticle","@id":"https:\/\/informante.mx\/?p=36320#article","isPartOf":{"@id":"https:\/\/informante.mx\/?p=36320"},"author":{"name":"InformanteMX","@id":"https:\/\/informante.mx\/#\/schema\/person\/3eff91989d2ea76b0a330b416325946c"},"headline":"PMA sancion\u00f3 a Granjas Carroll por violaci\u00f3n a la ley ambiental","datePublished":"2024-06-24T22:22:42+00:00","dateModified":"2024-06-24T22:22:51+00:00","mainEntityOfPage":{"@id":"https:\/\/informante.mx\/?p=36320"},"wordCount":695,"commentCount":0,"publisher":{"@id":"https:\/\/informante.mx\/#organization"},"image":{"@id":"https:\/\/informante.mx\/?p=36320#primaryimage"},"thumbnailUrl":"https:\/\/informante.mx\/wp-content\/uploads\/2024\/06\/Granjas-Carrol.jpg","keywords":["Estado","Veracruz"],"articleSection":["Estatal"],"inLanguage":"es","potentialAction":[{"@type":"CommentAction","name":"Comment","target":["https:\/\/informante.mx\/?p=36320#respond"]}]},{"@type":"WebPage","@id":"https:\/\/informante.mx\/?p=36320","url":"https:\/\/informante.mx\/?p=36320","name":"PMA sancion\u00f3 a Granjas Carroll por violaci\u00f3n a la ley ambiental - Informante.mx","isPartOf":{"@id":"https:\/\/informante.mx\/#website"},"primaryImageOfPage":{"@id":"https:\/\/informante.mx\/?p=36320#primaryimage"},"image":{"@id":"https:\/\/informante.mx\/?p=36320#primaryimage"},"thumbnailUrl":"https:\/\/informante.mx\/wp-content\/uploads\/2024\/06\/Granjas-Carrol.jpg","datePublished":"2024-06-24T22:22:42+00:00","dateModified":"2024-06-24T22:22:51+00:00","breadcrumb":{"@id":"https:\/\/informante.mx\/?p=36320#breadcrumb"},"inLanguage":"es","potentialAction":[{"@type":"ReadAction","target":["https:\/\/informante.mx\/?p=36320"]}]},{"@type":"ImageObject","inLanguage":"es","@id":"https:\/\/informante.mx\/?p=36320#primaryimage","url":"https:\/\/informante.mx\/wp-content\/uploads\/2024\/06\/Granjas-Carrol.jpg","contentUrl":"https:\/\/informante.mx\/wp-content\/uploads\/2024\/06\/Granjas-Carrol.jpg","width":1200,"height":700},{"@type":"BreadcrumbList","@id":"https:\/\/informante.mx\/?p=36320#breadcrumb","itemListElement":[{"@type":"ListItem","position":1,"name":"Portada","item":"https:\/\/informante.mx\/"},{"@type":"ListItem","position":2,"name":"PMA sancion\u00f3 a Granjas Carroll por violaci\u00f3n a la ley ambiental"}]},{"@type":"WebSite","@id":"https:\/\/informante.mx\/#website","url":"https:\/\/informante.mx\/","name":"Informante.mx","description":"","publisher":{"@id":"https:\/\/informante.mx\/#organization"},"potentialAction":[{"@type":"SearchAction","target":{"@type":"EntryPoint","urlTemplate":"https:\/\/informante.mx\/?s={search_term_string}"},"query-input":{"@type":"PropertyValueSpecification","valueRequired":true,"valueName":"search_term_string"}}],"inLanguage":"es"},{"@type":"Organization","@id":"https:\/\/informante.mx\/#organization","name":"Informante.mx","url":"https:\/\/informante.mx\/","logo":{"@type":"ImageObject","inLanguage":"es","@id":"https:\/\/informante.mx\/#\/schema\/logo\/image\/","url":"https:\/\/informante.mx\/wp-content\/uploads\/2019\/12\/cropped-LOGO-Verde-Apaisado-1024x360O-1.png","contentUrl":"https:\/\/informante.mx\/wp-content\/uploads\/2019\/12\/cropped-LOGO-Verde-Apaisado-1024x360O-1.png","width":923,"height":180,"caption":"Informante.mx"},"image":{"@id":"https:\/\/informante.mx\/#\/schema\/logo\/image\/"},"sameAs":["https:\/\/www.facebook.com\/MX.Informante","https:\/\/x.com\/mx_informante"]},{"@type":"Person","@id":"https:\/\/informante.mx\/#\/schema\/person\/3eff91989d2ea76b0a330b416325946c","name":"InformanteMX","image":{"@type":"ImageObject","inLanguage":"es","@id":"https:\/\/secure.gravatar.com\/avatar\/10d802aa739e832aedd2f3fd8544d878871eb22e6ca86fe9a548573e34a28f0e?s=96&d=mm&r=g","url":"https:\/\/secure.gravatar.com\/avatar\/10d802aa739e832aedd2f3fd8544d878871eb22e6ca86fe9a548573e34a28f0e?s=96&d=mm&r=g","contentUrl":"https:\/\/secure.gravatar.com\/avatar\/10d802aa739e832aedd2f3fd8544d878871eb22e6ca86fe9a548573e34a28f0e?s=96&d=mm&r=g","caption":"InformanteMX"},"url":"https:\/\/informante.mx\/?author=1"}]}},"jetpack_featured_media_url":"https:\/\/informante.mx\/wp-content\/uploads\/2024\/06\/Granjas-Carrol.jpg","uagb_featured_image_src":{"full":["https:\/\/informante.mx\/wp-content\/uploads\/2024\/06\/Granjas-Carrol.jpg",1200,700,false],"thumbnail":["https:\/\/informante.mx\/wp-content\/uploads\/2024\/06\/Granjas-Carrol-150x88.jpg",150,88,true],"medium":["https:\/\/informante.mx\/wp-content\/uploads\/2024\/06\/Granjas-Carrol-300x175.jpg",300,175,true],"medium_large":["https:\/\/informante.mx\/wp-content\/uploads\/2024\/06\/Granjas-Carrol-768x448.jpg",640,373,true],"large":["https:\/\/informante.mx\/wp-content\/uploads\/2024\/06\/Granjas-Carrol-1024x597.jpg",640,373,true],"1536x1536":["https:\/\/informante.mx\/wp-content\/uploads\/2024\/06\/Granjas-Carrol.jpg",1200,700,false],"2048x2048":["https:\/\/informante.mx\/wp-content\/uploads\/2024\/06\/Granjas-Carrol.jpg",1200,700,false],"td_0x420":["https:\/\/informante.mx\/wp-content\/uploads\/2024\/06\/Granjas-Carrol-720x420.jpg",720,420,true],"td_0x420_retina":["https:\/\/informante.mx\/wp-content\/uploads\/2024\/06\/Granjas-Carrol.jpg",1200,700,false],"td_80x60":["https:\/\/informante.mx\/wp-content\/uploads\/2024\/06\/Granjas-Carrol-80x60.jpg",80,60,true],"td_80x60_retina":["https:\/\/informante.mx\/wp-content\/uploads\/2024\/06\/Granjas-Carrol-160x120.jpg",160,120,true],"td_100x75":["https:\/\/informante.mx\/wp-content\/uploads\/2024\/06\/Granjas-Carrol-100x75.jpg",100,75,true],"td_100x75_retina":["https:\/\/informante.mx\/wp-content\/uploads\/2024\/06\/Granjas-Carrol-200x150.jpg",200,150,true],"td_180x135":["https:\/\/informante.mx\/wp-content\/uploads\/2024\/06\/Granjas-Carrol-180x135.jpg",180,135,true],"td_180x135_retina":["https:\/\/informante.mx\/wp-content\/uploads\/2024\/06\/Granjas-Carrol-360x270.jpg",360,270,true],"td_238x178":["https:\/\/informante.mx\/wp-content\/uploads\/2024\/06\/Granjas-Carrol-238x178.jpg",238,178,true],"td_238x178_retina":["https:\/\/informante.mx\/wp-content\/uploads\/2024\/06\/Granjas-Carrol-476x356.jpg",476,356,true],"td_265x198":["https:\/\/informante.mx\/wp-content\/uploads\/2024\/06\/Granjas-Carrol-265x198.jpg",265,198,true],"td_265x198_retina":["https:\/\/informante.mx\/wp-content\/uploads\/2024\/06\/Granjas-Carrol-530x396.jpg",530,396,true],"td_300x160":["https:\/\/informante.mx\/wp-content\/uploads\/2024\/06\/Granjas-Carrol-300x160.jpg",300,160,true],"td_300x160_retina":["https:\/\/informante.mx\/wp-content\/uploads\/2024\/06\/Granjas-Carrol-600x320.jpg",600,320,true],"td_300x194":["https:\/\/informante.mx\/wp-content\/uploads\/2024\/06\/Granjas-Carrol-300x194.jpg",300,194,true],"td_300x194_retina":["https:\/\/informante.mx\/wp-content\/uploads\/2024\/06\/Granjas-Carrol-600x388.jpg",600,388,true],"td_300x350":["https:\/\/informante.mx\/wp-content\/uploads\/2024\/06\/Granjas-Carrol-300x350.jpg",300,350,true],"td_300x350_retina":["https:\/\/informante.mx\/wp-content\/uploads\/2024\/06\/Granjas-Carrol-600x700.jpg",600,700,true],"td_341x220":["https:\/\/informante.mx\/wp-content\/uploads\/2024\/06\/Granjas-Carrol-341x220.jpg",341,220,true],"td_341x220_retina":["https:\/\/informante.mx\/wp-content\/uploads\/2024\/06\/Granjas-Carrol-682x440.jpg",682,440,true],"td_341x400":["https:\/\/informante.mx\/wp-content\/uploads\/2024\/06\/Granjas-Carrol-341x400.jpg",341,400,true],"td_341x400_retina":["https:\/\/informante.mx\/wp-content\/uploads\/2024\/06\/Granjas-Carrol-682x700.jpg",682,700,true],"td_511x400":["https:\/\/informante.mx\/wp-content\/uploads\/2024\/06\/Granjas-Carrol-511x400.jpg",511,400,true],"td_511x400_retina":["https:\/\/informante.mx\/wp-content\/uploads\/2024\/06\/Granjas-Carrol-1022x700.jpg",1022,700,true],"td_537x360":["https:\/\/informante.mx\/wp-content\/uploads\/2024\/06\/Granjas-Carrol-537x360.jpg",537,360,true],"td_537x360_retina":["https:\/\/informante.mx\/wp-content\/uploads\/2024\/06\/Granjas-Carrol-1074x700.jpg",1074,700,true],"td_640x0":["https:\/\/informante.mx\/wp-content\/uploads\/2024\/06\/Granjas-Carrol-640x373.jpg",640,373,true],"td_640x0_retina":["https:\/\/informante.mx\/wp-content\/uploads\/2024\/06\/Granjas-Carrol.jpg",1200,700,false],"td_640x350":["https:\/\/informante.mx\/wp-content\/uploads\/2024\/06\/Granjas-Carrol-640x350.jpg",640,350,true],"td_640x350_retina":["https:\/\/informante.mx\/wp-content\/uploads\/2024\/06\/Granjas-Carrol.jpg",1200,700,false],"td_681x0":["https:\/\/informante.mx\/wp-content\/uploads\/2024\/06\/Granjas-Carrol-681x397.jpg",681,397,true],"td_681x0_retina":["https:\/\/informante.mx\/wp-content\/uploads\/2024\/06\/Granjas-Carrol.jpg",1200,700,false],"td_681x400":["https:\/\/informante.mx\/wp-content\/uploads\/2024\/06\/Granjas-Carrol-681x400.jpg",681,400,true],"td_681x400_retina":["https:\/\/informante.mx\/wp-content\/uploads\/2024\/06\/Granjas-Carrol.jpg",1200,700,false],"td_741x486":["https:\/\/informante.mx\/wp-content\/uploads\/2024\/06\/Granjas-Carrol-741x486.jpg",741,486,true],"td_741x486_retina":["https:\/\/informante.mx\/wp-content\/uploads\/2024\/06\/Granjas-Carrol.jpg",1200,700,false],"td_1021x580":["https:\/\/informante.mx\/wp-content\/uploads\/2024\/06\/Granjas-Carrol-1021x580.jpg",1021,580,true],"td_1021x580_retina":["https:\/\/informante.mx\/wp-content\/uploads\/2024\/06\/Granjas-Carrol.jpg",1200,700,false]},"uagb_author_info":{"display_name":"InformanteMX","author_link":"https:\/\/informante.mx\/?author=1"},"uagb_comment_info":0,"uagb_excerpt":"En los pr\u00f3ximos d\u00edas habr\u00e1 visita sorpresa para constatar si ya est\u00e1n en proceso las medidas para evitar la contaminaci\u00f3n del suelo y del agua","_links":{"self":[{"href":"https:\/\/informante.mx\/index.php?rest_route=\/wp\/v2\/posts\/36320","targetHints":{"allow":["GET"]}}],"collection":[{"href":"https:\/\/informante.mx\/index.php?rest_route=\/wp\/v2\/posts"}],"about":[{"href":"https:\/\/informante.mx\/index.php?rest_route=\/wp\/v2\/types\/post"}],"author":[{"embeddable":true,"href":"https:\/\/informante.mx\/index.php?rest_route=\/wp\/v2\/users\/1"}],"replies":[{"embeddable":true,"href":"https:\/\/informante.mx\/index.php?rest_route=%2Fwp%2Fv2%2Fcomments&post=36320"}],"version-history":[{"count":1,"href":"https:\/\/informante.mx\/index.php?rest_route=\/wp\/v2\/posts\/36320\/revisions"}],"predecessor-version":[{"id":36322,"href":"https:\/\/informante.mx\/index.php?rest_route=\/wp\/v2\/posts\/36320\/revisions\/36322"}],"wp:featuredmedia":[{"embeddable":true,"href":"https:\/\/informante.mx\/index.php?rest_route=\/wp\/v2\/media\/36321"}],"wp:attachment":[{"href":"https:\/\/informante.mx\/index.php?rest_route=%2Fwp%2Fv2%2Fmedia&parent=36320"}],"wp:term":[{"taxonomy":"category","embeddable":true,"href":"https:\/\/informante.mx\/index.php?rest_route=%2Fwp%2Fv2%2Fcategories&post=36320"},{"taxonomy":"post_tag","embeddable":true,"href":"https:\/\/informante.mx\/index.php?rest_route=%2Fwp%2Fv2%2Ftags&post=36320"}],"curies":[{"name":"wp","href":"https:\/\/api.w.org\/{rel}","templated":true}]}}