{"id":35088,"date":"2024-05-28T11:00:25","date_gmt":"2024-05-28T17:00:25","guid":{"rendered":"https:\/\/informante.mx\/?p=35088"},"modified":"2024-05-28T11:00:32","modified_gmt":"2024-05-28T17:00:32","slug":"indaga-fgr-al-hermano-de-samuel-garcia-por-evasion","status":"publish","type":"post","link":"https:\/\/informante.mx\/?p=35088","title":{"rendered":"Indaga FGR al hermano de Samuel Garc\u00eda por evasi\u00f3n"},"content":{"rendered":"\n<p><strong>Redacci\u00f3n Informante<\/strong><\/p>\n\n\n\n<p>La Fiscal\u00eda Especializada en Materia de Delincuencia Organizada (FEMDO) federal investiga a Samuel Orlando Garc\u00eda Villarreal, medio hermano del Gobernador emecista Samuel Garc\u00eda, por los delitos de defraudaci\u00f3n fiscal y operaciones con recursos de procedencia il\u00edcita.<\/p>\n\n\n\n<p>En documentos a los que tuvo acceso Grupo REFORMA se advierte que la FEMDO de la Fiscal\u00eda General de la Rep\u00fablica solicit\u00f3 el 7 de mayo pasado a un juez de Distrito Especializado en el sistema penal acusatorio del Centro de Justicia Penal federal en Nuevo Le\u00f3n, con sede en Cadereyta, que autorice la obtenci\u00f3n de informaci\u00f3n protegida por el secreto bancario.<\/p>\n\n\n\n<p>La informaci\u00f3n que se solicita al SAT incluye un reporte que contenga la constancia de situaci\u00f3n fiscal, las declaraciones anuales de impuestos federales, provisionales o definitivas, la declaraci\u00f3n informativa m\u00faltiple y las declaraciones informativas de operaciones con terceros de Garc\u00eda Villarreal.<\/p>\n\n\n\n<p>El medio hermano de Samuel es socio del despacho Firma Jur\u00eddica y Fiscal, junto con su padre, Samuel Orlando Garc\u00eda Mascorro, y el Gobernador.<\/p>\n\n\n\n<p>Dentro de la carpeta FED\/FEMDO\/UEIORPIFAM-NL\/0000011\/2021, la informaci\u00f3n solicitada por el secreto bancario abarca del 1 de enero del 2018 al 31 de diciembre del 2019, e incluye tres cuentas bancarias de Banorte, Inbursa y Santander a nombre de Garc\u00eda Villarreal.<\/p>\n\n\n\n<p>La indagatoria se debe por dos querellas presentadas por la Procuradur\u00eda Fiscal de la Federaci\u00f3n desde el 28 de mayo del 2021 ante el incumplimiento en la presentaci\u00f3n anual de las declaraciones del ISR.<\/p>\n\n\n\n<p>En una de las querellas se establece que, en el ejercicio 2018, el medio hermano mayor del Mandatario estatal no pag\u00f3 de ISR unos 598 mil 791 pesos, de acuerdo con sus ingresos acumulables reportados.<\/p>\n\n\n\n<p>Adem\u00e1s, en el ejercicio 2019 tampoco cumpli\u00f3 con el pago de este impuesto por 2 millones 729 mil 995 pesos.<\/p>\n\n\n\n<p>En una segunda carpeta abierta bajo el mismo expediente, la FEMDO indaga a Garc\u00eda Villarreal por la probable comisi\u00f3n del delito de operaciones con recursos de procedencia il\u00edcita, sin detallar el monto investigado.<\/p>\n\n\n\n<p>El 1 de julio del a\u00f1o pasado se public\u00f3 que la FGR manten\u00eda abierta una carpeta de investigaci\u00f3n en contra del Gobernador y miembros de su familia por presunto financiamiento il\u00edcito de su campa\u00f1a en el 2021.<\/p>\n\n\n\n<hr class=\"wp-block-separator has-alpha-channel-opacity\"\/>\n\n\n\n<p class=\"has-text-align-center\" style=\"font-size:17px\"><strong><i>Toda la informaci\u00f3n que necesitas saber la encuentras en nuestras <\/i><strong style=\"\"><em style=\"font-style: italic;\">redes sociales y canal de <\/em><\/strong><\/strong><a href=\"https:\/\/t.me\/informantemx\" target=\"_blank\" rel=\"noreferrer noopener\"><strong><em>Telegram<\/em><\/strong><\/a>. <\/p>\n\n\n\n<p class=\"has-text-align-center\" style=\"font-size:17px\"><strong><em>!\u00danete!<\/em><\/strong><\/p>\n\n\n\n<div class=\"wp-block-uagb-image aligncenter uagb-block-3acd28e8 wp-block-uagb-image--layout-default wp-block-uagb-image--effect-zoomin wp-block-uagb-image--align-center\"><figure class=\"wp-block-uagb-image__figure\"><a class=\"\" href=\"https:\/\/t.me\/informantemx\" target=\"\" rel=\"noopener\"><img decoding=\"async\" srcset=\"https:\/\/informante.mx\/wp-content\/uploads\/2023\/08\/Banner-Telegram-Verde-800x60-1.png ,https:\/\/informante.mx\/wp-content\/uploads\/2023\/08\/Banner-Telegram-Verde-800x60-1.png 780w, https:\/\/informante.mx\/wp-content\/uploads\/2023\/08\/Banner-Telegram-Verde-800x60-1.png 360w\" sizes=\"auto, (max-width: 480px) 150px\" src=\"https:\/\/informante.mx\/wp-content\/uploads\/2023\/08\/Banner-Telegram-Verde-800x60-1.png\" alt=\"\" class=\"uag-image-23275\" width=\"800\" height=\"60\" title=\"\" loading=\"lazy\" role=\"img\"\/><\/a><\/figure><\/div>\n\n\n\n<div class=\"wp-block-uagb-image aligncenter uagb-block-45ea2b31 wp-block-uagb-image--layout-default wp-block-uagb-image--effect-zoomin wp-block-uagb-image--align-center\"><figure class=\"wp-block-uagb-image__figure\"><a class=\"\" href=\"https:\/\/www.facebook.com\/MX.Informante\" target=\"\" rel=\"noopener\"><img decoding=\"async\" srcset=\"https:\/\/informante.mx\/wp-content\/uploads\/2023\/08\/Banner-Facebook-Verde-800x60-1.png ,https:\/\/informante.mx\/wp-content\/uploads\/2023\/08\/Banner-Facebook-Verde-800x60-1.png 780w, https:\/\/informante.mx\/wp-content\/uploads\/2023\/08\/Banner-Facebook-Verde-800x60-1.png 360w\" sizes=\"auto, (max-width: 480px) 150px\" src=\"https:\/\/informante.mx\/wp-content\/uploads\/2023\/08\/Banner-Facebook-Verde-800x60-1.png\" alt=\"\" class=\"uag-image-23274\" width=\"800\" height=\"60\" title=\"\" loading=\"lazy\" role=\"img\"\/><\/a><\/figure><\/div>\n\n\n\n<div class=\"wp-block-uagb-image aligncenter uagb-block-2ce4c51b wp-block-uagb-image--layout-default wp-block-uagb-image--effect-zoomin wp-block-uagb-image--align-center\"><figure class=\"wp-block-uagb-image__figure\"><a class=\"\" href=\"https:\/\/twitter.com\/mx_informante\" target=\"\" rel=\"noopener\"><img decoding=\"async\" srcset=\"https:\/\/informante.mx\/wp-content\/uploads\/2023\/08\/Banner-Twitter-Verde-800x60-1.png ,https:\/\/informante.mx\/wp-content\/uploads\/2023\/08\/Banner-Twitter-Verde-800x60-1.png 780w, https:\/\/informante.mx\/wp-content\/uploads\/2023\/08\/Banner-Twitter-Verde-800x60-1.png 360w\" sizes=\"auto, (max-width: 480px) 150px\" src=\"https:\/\/informante.mx\/wp-content\/uploads\/2023\/08\/Banner-Twitter-Verde-800x60-1.png\" alt=\"\" class=\"uag-image-23273\" width=\"800\" height=\"60\" title=\"\" loading=\"lazy\" role=\"img\"\/><\/a><\/figure><\/div>\n\n\n\n<div style=\"height:50px\" aria-hidden=\"true\" class=\"wp-block-spacer\"><\/div>\n","protected":false},"excerpt":{"rendered":"<p>InformanteMX<\/p>\n","protected":false},"author":1,"featured_media":0,"comment_status":"open","ping_status":"closed","sticky":false,"template":"","format":"standard","meta":{"_uag_custom_page_level_css":"","jetpack_post_was_ever_published":false,"footnotes":""},"categories":[9],"tags":[31],"class_list":["post-35088","post","type-post","status-publish","format-standard","hentry","category-nacional","tag-nacional"],"yoast_head":"<!-- This site is optimized with the Yoast SEO plugin v27.3 - https:\/\/yoast.com\/product\/yoast-seo-wordpress\/ -->\n<title>Indaga FGR al hermano de Samuel Garc\u00eda por evasi\u00f3n - Informante.mx<\/title>\n<meta name=\"robots\" content=\"index, follow, max-snippet:-1, max-image-preview:large, max-video-preview:-1\" \/>\n<link rel=\"canonical\" href=\"https:\/\/informante.mx\/?p=35088\" \/>\n<meta property=\"og:locale\" content=\"es_ES\" \/>\n<meta property=\"og:type\" content=\"article\" \/>\n<meta property=\"og:title\" content=\"Indaga FGR al hermano de Samuel Garc\u00eda por evasi\u00f3n - Informante.mx\" \/>\n<meta property=\"og:description\" content=\"InformanteMX\" \/>\n<meta property=\"og:url\" content=\"https:\/\/informante.mx\/?p=35088\" \/>\n<meta property=\"og:site_name\" content=\"Informante.mx\" \/>\n<meta property=\"article:publisher\" content=\"https:\/\/www.facebook.com\/MX.Informante\" \/>\n<meta property=\"article:published_time\" content=\"2024-05-28T17:00:25+00:00\" \/>\n<meta property=\"article:modified_time\" content=\"2024-05-28T17:00:32+00:00\" \/>\n<meta property=\"og:image\" content=\"https:\/\/informante.mx\/wp-content\/uploads\/2024\/05\/Samuel-Orlando-Garcia-Villarreal.jpg\" \/>\n\t<meta property=\"og:image:width\" content=\"1200\" \/>\n\t<meta property=\"og:image:height\" content=\"700\" \/>\n\t<meta property=\"og:image:type\" content=\"image\/jpeg\" \/>\n<meta name=\"author\" content=\"InformanteMX\" \/>\n<meta name=\"twitter:card\" content=\"summary_large_image\" \/>\n<meta name=\"twitter:creator\" content=\"@mx_informante\" \/>\n<meta name=\"twitter:site\" content=\"@mx_informante\" \/>\n<meta name=\"twitter:label1\" content=\"Escrito por\" \/>\n\t<meta name=\"twitter:data1\" content=\"InformanteMX\" \/>\n\t<meta name=\"twitter:label2\" content=\"Tiempo de lectura\" \/>\n\t<meta name=\"twitter:data2\" content=\"2 minutos\" \/>\n<script type=\"application\/ld+json\" class=\"yoast-schema-graph\">{\"@context\":\"https:\\\/\\\/schema.org\",\"@graph\":[{\"@type\":\"NewsArticle\",\"@id\":\"https:\\\/\\\/informante.mx\\\/?p=35088#article\",\"isPartOf\":{\"@id\":\"https:\\\/\\\/informante.mx\\\/?p=35088\"},\"author\":{\"name\":\"InformanteMX\",\"@id\":\"https:\\\/\\\/informante.mx\\\/#\\\/schema\\\/person\\\/3eff91989d2ea76b0a330b416325946c\"},\"headline\":\"Indaga FGR al hermano de Samuel Garc\u00eda por evasi\u00f3n\",\"datePublished\":\"2024-05-28T17:00:25+00:00\",\"dateModified\":\"2024-05-28T17:00:32+00:00\",\"mainEntityOfPage\":{\"@id\":\"https:\\\/\\\/informante.mx\\\/?p=35088\"},\"wordCount\":390,\"commentCount\":0,\"publisher\":{\"@id\":\"https:\\\/\\\/informante.mx\\\/#organization\"},\"keywords\":[\"Nacional\"],\"articleSection\":[\"Nacional\"],\"inLanguage\":\"es\",\"potentialAction\":[{\"@type\":\"CommentAction\",\"name\":\"Comment\",\"target\":[\"https:\\\/\\\/informante.mx\\\/?p=35088#respond\"]}]},{\"@type\":\"WebPage\",\"@id\":\"https:\\\/\\\/informante.mx\\\/?p=35088\",\"url\":\"https:\\\/\\\/informante.mx\\\/?p=35088\",\"name\":\"Indaga FGR al hermano de Samuel Garc\u00eda por evasi\u00f3n - Informante.mx\",\"isPartOf\":{\"@id\":\"https:\\\/\\\/informante.mx\\\/#website\"},\"datePublished\":\"2024-05-28T17:00:25+00:00\",\"dateModified\":\"2024-05-28T17:00:32+00:00\",\"breadcrumb\":{\"@id\":\"https:\\\/\\\/informante.mx\\\/?p=35088#breadcrumb\"},\"inLanguage\":\"es\",\"potentialAction\":[{\"@type\":\"ReadAction\",\"target\":[\"https:\\\/\\\/informante.mx\\\/?p=35088\"]}]},{\"@type\":\"BreadcrumbList\",\"@id\":\"https:\\\/\\\/informante.mx\\\/?p=35088#breadcrumb\",\"itemListElement\":[{\"@type\":\"ListItem\",\"position\":1,\"name\":\"Portada\",\"item\":\"https:\\\/\\\/informante.mx\\\/\"},{\"@type\":\"ListItem\",\"position\":2,\"name\":\"Indaga FGR al hermano de Samuel Garc\u00eda por evasi\u00f3n\"}]},{\"@type\":\"WebSite\",\"@id\":\"https:\\\/\\\/informante.mx\\\/#website\",\"url\":\"https:\\\/\\\/informante.mx\\\/\",\"name\":\"Informante.mx\",\"description\":\"\",\"publisher\":{\"@id\":\"https:\\\/\\\/informante.mx\\\/#organization\"},\"potentialAction\":[{\"@type\":\"SearchAction\",\"target\":{\"@type\":\"EntryPoint\",\"urlTemplate\":\"https:\\\/\\\/informante.mx\\\/?s={search_term_string}\"},\"query-input\":{\"@type\":\"PropertyValueSpecification\",\"valueRequired\":true,\"valueName\":\"search_term_string\"}}],\"inLanguage\":\"es\"},{\"@type\":\"Organization\",\"@id\":\"https:\\\/\\\/informante.mx\\\/#organization\",\"name\":\"Informante.mx\",\"url\":\"https:\\\/\\\/informante.mx\\\/\",\"logo\":{\"@type\":\"ImageObject\",\"inLanguage\":\"es\",\"@id\":\"https:\\\/\\\/informante.mx\\\/#\\\/schema\\\/logo\\\/image\\\/\",\"url\":\"https:\\\/\\\/informante.mx\\\/wp-content\\\/uploads\\\/2019\\\/12\\\/cropped-LOGO-Verde-Apaisado-1024x360O-1.png\",\"contentUrl\":\"https:\\\/\\\/informante.mx\\\/wp-content\\\/uploads\\\/2019\\\/12\\\/cropped-LOGO-Verde-Apaisado-1024x360O-1.png\",\"width\":923,\"height\":180,\"caption\":\"Informante.mx\"},\"image\":{\"@id\":\"https:\\\/\\\/informante.mx\\\/#\\\/schema\\\/logo\\\/image\\\/\"},\"sameAs\":[\"https:\\\/\\\/www.facebook.com\\\/MX.Informante\",\"https:\\\/\\\/x.com\\\/mx_informante\"]},{\"@type\":\"Person\",\"@id\":\"https:\\\/\\\/informante.mx\\\/#\\\/schema\\\/person\\\/3eff91989d2ea76b0a330b416325946c\",\"name\":\"InformanteMX\",\"image\":{\"@type\":\"ImageObject\",\"inLanguage\":\"es\",\"@id\":\"https:\\\/\\\/secure.gravatar.com\\\/avatar\\\/10d802aa739e832aedd2f3fd8544d878871eb22e6ca86fe9a548573e34a28f0e?s=96&d=mm&r=g\",\"url\":\"https:\\\/\\\/secure.gravatar.com\\\/avatar\\\/10d802aa739e832aedd2f3fd8544d878871eb22e6ca86fe9a548573e34a28f0e?s=96&d=mm&r=g\",\"contentUrl\":\"https:\\\/\\\/secure.gravatar.com\\\/avatar\\\/10d802aa739e832aedd2f3fd8544d878871eb22e6ca86fe9a548573e34a28f0e?s=96&d=mm&r=g\",\"caption\":\"InformanteMX\"},\"url\":\"https:\\\/\\\/informante.mx\\\/?author=1\"}]}<\/script>\n<!-- \/ Yoast SEO plugin. -->","yoast_head_json":{"title":"Indaga FGR al hermano de Samuel Garc\u00eda por evasi\u00f3n - Informante.mx","robots":{"index":"index","follow":"follow","max-snippet":"max-snippet:-1","max-image-preview":"max-image-preview:large","max-video-preview":"max-video-preview:-1"},"canonical":"https:\/\/informante.mx\/?p=35088","og_locale":"es_ES","og_type":"article","og_title":"Indaga FGR al hermano de Samuel Garc\u00eda por evasi\u00f3n - Informante.mx","og_description":"InformanteMX","og_url":"https:\/\/informante.mx\/?p=35088","og_site_name":"Informante.mx","article_publisher":"https:\/\/www.facebook.com\/MX.Informante","article_published_time":"2024-05-28T17:00:25+00:00","article_modified_time":"2024-05-28T17:00:32+00:00","og_image":[{"width":1200,"height":700,"url":"https:\/\/informante.mx\/wp-content\/uploads\/2024\/05\/Samuel-Orlando-Garcia-Villarreal.jpg","type":"image\/jpeg"}],"author":"InformanteMX","twitter_card":"summary_large_image","twitter_creator":"@mx_informante","twitter_site":"@mx_informante","twitter_misc":{"Escrito por":"InformanteMX","Tiempo de lectura":"2 minutos"},"schema":{"@context":"https:\/\/schema.org","@graph":[{"@type":"NewsArticle","@id":"https:\/\/informante.mx\/?p=35088#article","isPartOf":{"@id":"https:\/\/informante.mx\/?p=35088"},"author":{"name":"InformanteMX","@id":"https:\/\/informante.mx\/#\/schema\/person\/3eff91989d2ea76b0a330b416325946c"},"headline":"Indaga FGR al hermano de Samuel Garc\u00eda por evasi\u00f3n","datePublished":"2024-05-28T17:00:25+00:00","dateModified":"2024-05-28T17:00:32+00:00","mainEntityOfPage":{"@id":"https:\/\/informante.mx\/?p=35088"},"wordCount":390,"commentCount":0,"publisher":{"@id":"https:\/\/informante.mx\/#organization"},"keywords":["Nacional"],"articleSection":["Nacional"],"inLanguage":"es","potentialAction":[{"@type":"CommentAction","name":"Comment","target":["https:\/\/informante.mx\/?p=35088#respond"]}]},{"@type":"WebPage","@id":"https:\/\/informante.mx\/?p=35088","url":"https:\/\/informante.mx\/?p=35088","name":"Indaga FGR al hermano de Samuel Garc\u00eda por evasi\u00f3n - Informante.mx","isPartOf":{"@id":"https:\/\/informante.mx\/#website"},"datePublished":"2024-05-28T17:00:25+00:00","dateModified":"2024-05-28T17:00:32+00:00","breadcrumb":{"@id":"https:\/\/informante.mx\/?p=35088#breadcrumb"},"inLanguage":"es","potentialAction":[{"@type":"ReadAction","target":["https:\/\/informante.mx\/?p=35088"]}]},{"@type":"BreadcrumbList","@id":"https:\/\/informante.mx\/?p=35088#breadcrumb","itemListElement":[{"@type":"ListItem","position":1,"name":"Portada","item":"https:\/\/informante.mx\/"},{"@type":"ListItem","position":2,"name":"Indaga FGR al hermano de Samuel Garc\u00eda por evasi\u00f3n"}]},{"@type":"WebSite","@id":"https:\/\/informante.mx\/#website","url":"https:\/\/informante.mx\/","name":"Informante.mx","description":"","publisher":{"@id":"https:\/\/informante.mx\/#organization"},"potentialAction":[{"@type":"SearchAction","target":{"@type":"EntryPoint","urlTemplate":"https:\/\/informante.mx\/?s={search_term_string}"},"query-input":{"@type":"PropertyValueSpecification","valueRequired":true,"valueName":"search_term_string"}}],"inLanguage":"es"},{"@type":"Organization","@id":"https:\/\/informante.mx\/#organization","name":"Informante.mx","url":"https:\/\/informante.mx\/","logo":{"@type":"ImageObject","inLanguage":"es","@id":"https:\/\/informante.mx\/#\/schema\/logo\/image\/","url":"https:\/\/informante.mx\/wp-content\/uploads\/2019\/12\/cropped-LOGO-Verde-Apaisado-1024x360O-1.png","contentUrl":"https:\/\/informante.mx\/wp-content\/uploads\/2019\/12\/cropped-LOGO-Verde-Apaisado-1024x360O-1.png","width":923,"height":180,"caption":"Informante.mx"},"image":{"@id":"https:\/\/informante.mx\/#\/schema\/logo\/image\/"},"sameAs":["https:\/\/www.facebook.com\/MX.Informante","https:\/\/x.com\/mx_informante"]},{"@type":"Person","@id":"https:\/\/informante.mx\/#\/schema\/person\/3eff91989d2ea76b0a330b416325946c","name":"InformanteMX","image":{"@type":"ImageObject","inLanguage":"es","@id":"https:\/\/secure.gravatar.com\/avatar\/10d802aa739e832aedd2f3fd8544d878871eb22e6ca86fe9a548573e34a28f0e?s=96&d=mm&r=g","url":"https:\/\/secure.gravatar.com\/avatar\/10d802aa739e832aedd2f3fd8544d878871eb22e6ca86fe9a548573e34a28f0e?s=96&d=mm&r=g","contentUrl":"https:\/\/secure.gravatar.com\/avatar\/10d802aa739e832aedd2f3fd8544d878871eb22e6ca86fe9a548573e34a28f0e?s=96&d=mm&r=g","caption":"InformanteMX"},"url":"https:\/\/informante.mx\/?author=1"}]}},"jetpack_featured_media_url":"","uagb_featured_image_src":{"full":false,"thumbnail":false,"medium":false,"medium_large":false,"large":false,"1536x1536":false,"2048x2048":false,"td_0x420":false,"td_0x420_retina":false,"td_80x60":false,"td_80x60_retina":false,"td_100x75":false,"td_100x75_retina":false,"td_180x135":false,"td_180x135_retina":false,"td_238x178":false,"td_238x178_retina":false,"td_265x198":false,"td_265x198_retina":false,"td_300x160":false,"td_300x160_retina":false,"td_300x194":false,"td_300x194_retina":false,"td_300x350":false,"td_300x350_retina":false,"td_341x220":false,"td_341x220_retina":false,"td_341x400":false,"td_341x400_retina":false,"td_511x400":false,"td_511x400_retina":false,"td_537x360":false,"td_537x360_retina":false,"td_640x0":false,"td_640x0_retina":false,"td_640x350":false,"td_640x350_retina":false,"td_681x0":false,"td_681x0_retina":false,"td_681x400":false,"td_681x400_retina":false,"td_741x486":false,"td_741x486_retina":false,"td_1021x580":false,"td_1021x580_retina":false},"uagb_author_info":{"display_name":"InformanteMX","author_link":"https:\/\/informante.mx\/?author=1"},"uagb_comment_info":0,"uagb_excerpt":"InformanteMX","_links":{"self":[{"href":"https:\/\/informante.mx\/index.php?rest_route=\/wp\/v2\/posts\/35088","targetHints":{"allow":["GET"]}}],"collection":[{"href":"https:\/\/informante.mx\/index.php?rest_route=\/wp\/v2\/posts"}],"about":[{"href":"https:\/\/informante.mx\/index.php?rest_route=\/wp\/v2\/types\/post"}],"author":[{"embeddable":true,"href":"https:\/\/informante.mx\/index.php?rest_route=\/wp\/v2\/users\/1"}],"replies":[{"embeddable":true,"href":"https:\/\/informante.mx\/index.php?rest_route=%2Fwp%2Fv2%2Fcomments&post=35088"}],"version-history":[{"count":1,"href":"https:\/\/informante.mx\/index.php?rest_route=\/wp\/v2\/posts\/35088\/revisions"}],"predecessor-version":[{"id":35090,"href":"https:\/\/informante.mx\/index.php?rest_route=\/wp\/v2\/posts\/35088\/revisions\/35090"}],"wp:attachment":[{"href":"https:\/\/informante.mx\/index.php?rest_route=%2Fwp%2Fv2%2Fmedia&parent=35088"}],"wp:term":[{"taxonomy":"category","embeddable":true,"href":"https:\/\/informante.mx\/index.php?rest_route=%2Fwp%2Fv2%2Fcategories&post=35088"},{"taxonomy":"post_tag","embeddable":true,"href":"https:\/\/informante.mx\/index.php?rest_route=%2Fwp%2Fv2%2Ftags&post=35088"}],"curies":[{"name":"wp","href":"https:\/\/api.w.org\/{rel}","templated":true}]}}